{"id":164125,"date":"2025-07-14T21:01:04","date_gmt":"2025-07-15T00:01:04","guid":{"rendered":"https:\/\/noticiasmercedinas.com\/site\/?p=164125"},"modified":"2025-07-15T07:56:52","modified_gmt":"2025-07-15T10:56:52","slug":"claudio-cannavo-historico-bajista-de-la-mississippi-sera-entrevistado-en-vivo-en-llegaron-los-blues","status":"publish","type":"post","link":"https:\/\/noticiasmercedinas.com\/site\/2025\/07\/14\/claudio-cannavo-historico-bajista-de-la-mississippi-sera-entrevistado-en-vivo-en-llegaron-los-blues\/","title":{"rendered":"Claudio Cannavo, hist\u00f3rico bajista de La Mississippi, ser\u00e1 entrevistado en vivo en \u201cLlegaron los Blues\u201d"},"content":{"rendered":"<p data-start=\"321\" data-end=\"728\"><img loading=\"lazy\" decoding=\"async\" class=\"alignnone size-full wp-image-164126\" src=\"https:\/\/noticiasmercedinas.com\/site\/wp-content\/uploads\/2025\/07\/CANNAVO.jpg\" alt=\"\" width=\"1600\" height=\"1600\" srcset=\"https:\/\/noticiasmercedinas.com\/site\/wp-content\/uploads\/2025\/07\/CANNAVO.jpg 1600w, https:\/\/noticiasmercedinas.com\/site\/wp-content\/uploads\/2025\/07\/CANNAVO-300x300.jpg 300w, https:\/\/noticiasmercedinas.com\/site\/wp-content\/uploads\/2025\/07\/CANNAVO-1024x1024.jpg 1024w, https:\/\/noticiasmercedinas.com\/site\/wp-content\/uploads\/2025\/07\/CANNAVO-150x150.jpg 150w, https:\/\/noticiasmercedinas.com\/site\/wp-content\/uploads\/2025\/07\/CANNAVO-768x768.jpg 768w, https:\/\/noticiasmercedinas.com\/site\/wp-content\/uploads\/2025\/07\/CANNAVO-1536x1536.jpg 1536w, https:\/\/noticiasmercedinas.com\/site\/wp-content\/uploads\/2025\/07\/CANNAVO-640x640.jpg 640w, https:\/\/noticiasmercedinas.com\/site\/wp-content\/uploads\/2025\/07\/CANNAVO-1280x1280.jpg 1280w, https:\/\/noticiasmercedinas.com\/site\/wp-content\/uploads\/2025\/07\/CANNAVO-681x681.jpg 681w, https:\/\/noticiasmercedinas.com\/site\/wp-content\/uploads\/2025\/07\/CANNAVO-1362x1362.jpg 1362w\" sizes=\"auto, (max-width: 1600px) 100vw, 1600px\" \/><\/p>\n<p data-start=\"321\" data-end=\"728\">El reconocido m\u00fasico <strong data-start=\"342\" data-end=\"361\">Claudio Cannavo<\/strong>, bajista de La Mississippi e integrante del proyecto 50\u00b0 aniversario de la banda, ser\u00e1 el pr\u00f3ximo invitado especial del programa radial <em data-start=\"498\" data-end=\"520\">\u201cLlegaron los Blues\u201d<\/em>, que conduce <strong data-start=\"534\" data-end=\"551\">Hern\u00e1n Rivero<\/strong> por <strong data-start=\"556\" data-end=\"579\">FM Santa Mar\u00eda 88.1<\/strong>. La entrevista se realizar\u00e1 en vivo el <strong data-start=\"619\" data-end=\"660\">viernes 18 de julio a las 18:00 horas<\/strong>, con acceso libre a trav\u00e9s del aire y redes sociales de la emisora.<\/p>\n<p data-start=\"730\" data-end=\"1011\">La presencia de Cannavo representa una nueva oportunidad para los oyentes de la regi\u00f3n de disfrutar del testimonio y la m\u00fasica de uno de los referentes m\u00e1s importantes del blues nacional, en el marco del ciclo especial que desarrolla <em data-start=\"964\" data-end=\"986\">\u201cLlegaron los Blues\u201d<\/em> a lo largo de este 2025.<\/p>\n<p data-start=\"1013\" data-end=\"1059\"><strong data-start=\"1013\" data-end=\"1059\">Una leyenda del bajo en la escena nacional<\/strong><\/p>\n<p data-start=\"1061\" data-end=\"1361\">Claudio Cannavo es parte de la historia grande del blues argentino. Desde hace m\u00e1s de tres d\u00e9cadas forma parte de <strong data-start=\"1175\" data-end=\"1193\">La Mississippi<\/strong>, grupo que ha llevado el g\u00e9nero a los principales escenarios del pa\u00eds y del exterior, combinando influencias del blues tradicional, el rock, el soul y la m\u00fasica negra.<\/p>\n<p data-start=\"1363\" data-end=\"1634\">Con una t\u00e9cnica pulida, groove caracter\u00edstico y un fuerte compromiso con la m\u00fasica en vivo, Cannavo ha participado en la grabaci\u00f3n de los discos m\u00e1s emblem\u00e1ticos del grupo y actualmente integra tambi\u00e9n el proyecto conmemorativo por los 50 a\u00f1os de trayectoria de la banda.<\/p>\n<p data-start=\"1636\" data-end=\"1679\"><strong data-start=\"1636\" data-end=\"1679\">Un programa que sigue haciendo historia<\/strong><\/p>\n<p data-start=\"1681\" data-end=\"2109\">El ciclo radial <em data-start=\"1697\" data-end=\"1719\">\u201cLlegaron los Blues\u201d<\/em>, que se emite los viernes por la tarde en Mercedes, viene consolidando su perfil como uno de los espacios culturales m\u00e1s activos en la difusi\u00f3n del blues y g\u00e9neros afines. Con la conducci\u00f3n de Hern\u00e1n Rivero, ha recibido a figuras como Daniel Raffo, Gabriel Gratzer, Ricardo Tapia, Victor Hamudis, Adrian Flores, Cristina Dall, Carlos Bada, Roberto Porzio, Nestor Bouziguez, J. J . Troche, Ariel Federico, Riqui Mu\u00f1oz, Albertito Garcia, Gustavo Ginoi, Miguel Tallarita y Mariel Fuertes, Joaquin Casas, Pablo Martinoti, Rulo Garcia, Mariano Hernandorena, y Pablo Senna entre otros, apostando al contacto directo con los m\u00fasicos y la difusi\u00f3n de sus trayectorias.<\/p>\n<p data-start=\"2111\" data-end=\"2427\">Rivero destac\u00f3 que \u201cla visita de Claudio es un honor y una gran oportunidad para escuchar a un m\u00fasico que tiene mucho para contar, desde lo art\u00edstico y desde lo humano\u201d. Y a\u00f1adi\u00f3: \u201cEste a\u00f1o el programa se propuso seguir abriendo puertas al g\u00e9nero, y los artistas nos vienen acompa\u00f1ando con generosidad y entusiasmo\u201d.<\/p>\n<p data-start=\"2429\" data-end=\"2461\"><strong data-start=\"2429\" data-end=\"2461\">Un espacio para el encuentro<\/strong><\/p>\n<p data-start=\"2463\" data-end=\"2744\">El programa de este viernes promete ser una charla distendida, con m\u00fasica en vivo, an\u00e9cdotas de gira, reflexiones sobre el camino recorrido y un repaso por el legado de La Mississippi. Adem\u00e1s, el p\u00fablico podr\u00e1 participar con preguntas a trav\u00e9s de redes sociales o mensajes en vivo.<\/p>\n<p data-start=\"2746\" data-end=\"2955\">La cita ser\u00e1 el <strong data-start=\"2762\" data-end=\"2800\">viernes 18 de julio a las 18:00 hs<\/strong> por <strong data-start=\"2805\" data-end=\"2828\">FM Santa Mar\u00eda 88.1<\/strong>, con el auspicio de <strong data-start=\"2849\" data-end=\"2865\">GHM Mercedes<\/strong>, <strong data-start=\"2867\" data-end=\"2891\">1812 Bodega de Vinos<\/strong> y <strong data-start=\"2894\" data-end=\"2914\">Bistr\u00f3 Pizza Bar<\/strong>, quienes acompa\u00f1an esta nueva temporada.<\/p>\n","protected":false},"excerpt":{"rendered":"<p>\u25a0 Ser\u00e1 el pr\u00f3ximo invitado especial del programa radial \u201cLlegaron los Blues\u201d, que conduce Hern\u00e1n Rivero por FM Santa Mar\u00eda 88.1. La entrevista se realizar\u00e1 en vivo el viernes 18 de julio a las 18:00<\/p>\n","protected":false},"author":16,"featured_media":164126,"comment_status":"closed","ping_status":"closed","sticky":false,"template":"","format":"standard","meta":{"footnotes":""},"categories":[4,4210],"tags":[553,2762],"class_list":["post-164125","post","type-post","status-publish","format-standard","has-post-thumbnail","hentry","category-cultura","category-medios","tag-fm-santa-maria","tag-llegaron-los-blues"],"yoast_head":"<!-- This site is optimized with the Yoast SEO plugin v27.5 - https:\/\/yoast.com\/product\/yoast-seo-wordpress\/ -->\n<title>Claudio Cannavo, hist\u00f3rico bajista de La Mississippi, ser\u00e1 entrevistado en vivo en \u201cLlegaron los Blues\u201d<\/title>\n<meta name=\"description\" content=\"Ser\u00e1 el pr\u00f3ximo invitado especial del programa radial \u201cLlegaron los Blues\u201d, que conduce Hern\u00e1n Rivero por FM Santa Mar\u00eda 88.1. La entrevista se realizar\u00e1 en vivo el viernes 18 de julio a las 18:00\" \/>\n<meta name=\"robots\" content=\"index, follow, max-snippet:-1, max-image-preview:large, max-video-preview:-1\" \/>\n<link rel=\"canonical\" href=\"https:\/\/noticiasmercedinas.com\/site\/2025\/07\/14\/claudio-cannavo-historico-bajista-de-la-mississippi-sera-entrevistado-en-vivo-en-llegaron-los-blues\/\" \/>\n<meta property=\"og:locale\" content=\"es_ES\" \/>\n<meta property=\"og:type\" content=\"article\" \/>\n<meta property=\"og:title\" content=\"Claudio Cannavo, hist\u00f3rico bajista de La Mississippi, ser\u00e1 entrevistado en vivo en \u201cLlegaron los Blues\u201d\" \/>\n<meta property=\"og:description\" content=\"Ser\u00e1 el pr\u00f3ximo invitado especial del programa radial \u201cLlegaron los Blues\u201d, que conduce Hern\u00e1n Rivero por FM Santa Mar\u00eda 88.1. La entrevista se realizar\u00e1 en vivo el viernes 18 de julio a las 18:00\" \/>\n<meta property=\"og:url\" content=\"https:\/\/noticiasmercedinas.com\/site\/2025\/07\/14\/claudio-cannavo-historico-bajista-de-la-mississippi-sera-entrevistado-en-vivo-en-llegaron-los-blues\/\" \/>\n<meta property=\"og:site_name\" content=\"NOTICIASMERCEDINAS.COM\" \/>\n<meta property=\"article:publisher\" content=\"https:\/\/www.facebook.com\/noticiasmercedinas\/\" \/>\n<meta property=\"article:published_time\" content=\"2025-07-15T00:01:04+00:00\" \/>\n<meta property=\"article:modified_time\" content=\"2025-07-15T10:56:52+00:00\" \/>\n<meta property=\"og:image\" content=\"https:\/\/noticiasmercedinas.com\/site\/wp-content\/uploads\/2025\/07\/CANNAVO.jpg\" \/>\n\t<meta property=\"og:image:width\" content=\"1600\" \/>\n\t<meta property=\"og:image:height\" content=\"1600\" \/>\n\t<meta property=\"og:image:type\" content=\"image\/jpeg\" \/>\n<meta name=\"author\" content=\"NOTICIASMERCEDINAS.COM\" \/>\n<meta name=\"twitter:card\" content=\"summary_large_image\" \/>\n<meta name=\"twitter:creator\" content=\"@notmercedinas\" \/>\n<meta name=\"twitter:site\" content=\"@notmercedinas\" \/>\n<meta name=\"twitter:label1\" content=\"Escrito por\" \/>\n\t<meta name=\"twitter:data1\" content=\"NOTICIASMERCEDINAS.COM\" \/>\n\t<meta name=\"twitter:label2\" content=\"Tiempo de lectura\" \/>\n\t<meta name=\"twitter:data2\" content=\"3 minutos\" \/>\n<script type=\"application\/ld+json\" class=\"yoast-schema-graph\">{\"@context\":\"https:\\\/\\\/schema.org\",\"@graph\":[{\"@type\":\"Article\",\"@id\":\"https:\\\/\\\/noticiasmercedinas.com\\\/site\\\/2025\\\/07\\\/14\\\/claudio-cannavo-historico-bajista-de-la-mississippi-sera-entrevistado-en-vivo-en-llegaron-los-blues\\\/#article\",\"isPartOf\":{\"@id\":\"https:\\\/\\\/noticiasmercedinas.com\\\/site\\\/2025\\\/07\\\/14\\\/claudio-cannavo-historico-bajista-de-la-mississippi-sera-entrevistado-en-vivo-en-llegaron-los-blues\\\/\"},\"author\":{\"name\":\"NOTICIASMERCEDINAS.COM\",\"@id\":\"https:\\\/\\\/noticiasmercedinas.com\\\/site\\\/#\\\/schema\\\/person\\\/84b59c099c28ff2e8b77d4ceec5d8063\"},\"headline\":\"Claudio Cannavo, hist\u00f3rico bajista de La Mississippi, ser\u00e1 entrevistado en vivo en \u201cLlegaron los Blues\u201d\",\"datePublished\":\"2025-07-15T00:01:04+00:00\",\"dateModified\":\"2025-07-15T10:56:52+00:00\",\"mainEntityOfPage\":{\"@id\":\"https:\\\/\\\/noticiasmercedinas.com\\\/site\\\/2025\\\/07\\\/14\\\/claudio-cannavo-historico-bajista-de-la-mississippi-sera-entrevistado-en-vivo-en-llegaron-los-blues\\\/\"},\"wordCount\":519,\"publisher\":{\"@id\":\"https:\\\/\\\/noticiasmercedinas.com\\\/site\\\/#organization\"},\"image\":{\"@id\":\"https:\\\/\\\/noticiasmercedinas.com\\\/site\\\/2025\\\/07\\\/14\\\/claudio-cannavo-historico-bajista-de-la-mississippi-sera-entrevistado-en-vivo-en-llegaron-los-blues\\\/#primaryimage\"},\"thumbnailUrl\":\"https:\\\/\\\/noticiasmercedinas.com\\\/site\\\/wp-content\\\/uploads\\\/2025\\\/07\\\/CANNAVO.jpg\",\"keywords\":[\"fm santa maria\",\"llegaron los blues\"],\"articleSection\":[\"Cultura\",\"Medios\"],\"inLanguage\":\"es\"},{\"@type\":\"WebPage\",\"@id\":\"https:\\\/\\\/noticiasmercedinas.com\\\/site\\\/2025\\\/07\\\/14\\\/claudio-cannavo-historico-bajista-de-la-mississippi-sera-entrevistado-en-vivo-en-llegaron-los-blues\\\/\",\"url\":\"https:\\\/\\\/noticiasmercedinas.com\\\/site\\\/2025\\\/07\\\/14\\\/claudio-cannavo-historico-bajista-de-la-mississippi-sera-entrevistado-en-vivo-en-llegaron-los-blues\\\/\",\"name\":\"Claudio Cannavo, hist\u00f3rico bajista de La Mississippi, ser\u00e1 entrevistado en vivo en \u201cLlegaron los Blues\u201d\",\"isPartOf\":{\"@id\":\"https:\\\/\\\/noticiasmercedinas.com\\\/site\\\/#website\"},\"primaryImageOfPage\":{\"@id\":\"https:\\\/\\\/noticiasmercedinas.com\\\/site\\\/2025\\\/07\\\/14\\\/claudio-cannavo-historico-bajista-de-la-mississippi-sera-entrevistado-en-vivo-en-llegaron-los-blues\\\/#primaryimage\"},\"image\":{\"@id\":\"https:\\\/\\\/noticiasmercedinas.com\\\/site\\\/2025\\\/07\\\/14\\\/claudio-cannavo-historico-bajista-de-la-mississippi-sera-entrevistado-en-vivo-en-llegaron-los-blues\\\/#primaryimage\"},\"thumbnailUrl\":\"https:\\\/\\\/noticiasmercedinas.com\\\/site\\\/wp-content\\\/uploads\\\/2025\\\/07\\\/CANNAVO.jpg\",\"datePublished\":\"2025-07-15T00:01:04+00:00\",\"dateModified\":\"2025-07-15T10:56:52+00:00\",\"description\":\"Ser\u00e1 el pr\u00f3ximo invitado especial del programa radial \u201cLlegaron los Blues\u201d, que conduce Hern\u00e1n Rivero por FM Santa Mar\u00eda 88.1. La entrevista se realizar\u00e1 en vivo el viernes 18 de julio a las 18:00\",\"breadcrumb\":{\"@id\":\"https:\\\/\\\/noticiasmercedinas.com\\\/site\\\/2025\\\/07\\\/14\\\/claudio-cannavo-historico-bajista-de-la-mississippi-sera-entrevistado-en-vivo-en-llegaron-los-blues\\\/#breadcrumb\"},\"inLanguage\":\"es\",\"potentialAction\":[{\"@type\":\"ReadAction\",\"target\":[\"https:\\\/\\\/noticiasmercedinas.com\\\/site\\\/2025\\\/07\\\/14\\\/claudio-cannavo-historico-bajista-de-la-mississippi-sera-entrevistado-en-vivo-en-llegaron-los-blues\\\/\"]}]},{\"@type\":\"ImageObject\",\"inLanguage\":\"es\",\"@id\":\"https:\\\/\\\/noticiasmercedinas.com\\\/site\\\/2025\\\/07\\\/14\\\/claudio-cannavo-historico-bajista-de-la-mississippi-sera-entrevistado-en-vivo-en-llegaron-los-blues\\\/#primaryimage\",\"url\":\"https:\\\/\\\/noticiasmercedinas.com\\\/site\\\/wp-content\\\/uploads\\\/2025\\\/07\\\/CANNAVO.jpg\",\"contentUrl\":\"https:\\\/\\\/noticiasmercedinas.com\\\/site\\\/wp-content\\\/uploads\\\/2025\\\/07\\\/CANNAVO.jpg\",\"width\":1600,\"height\":1600},{\"@type\":\"BreadcrumbList\",\"@id\":\"https:\\\/\\\/noticiasmercedinas.com\\\/site\\\/2025\\\/07\\\/14\\\/claudio-cannavo-historico-bajista-de-la-mississippi-sera-entrevistado-en-vivo-en-llegaron-los-blues\\\/#breadcrumb\",\"itemListElement\":[{\"@type\":\"ListItem\",\"position\":1,\"name\":\"Portada\",\"item\":\"https:\\\/\\\/noticiasmercedinas.com\\\/site\\\/\"},{\"@type\":\"ListItem\",\"position\":2,\"name\":\"Claudio Cannavo, hist\u00f3rico bajista de La Mississippi, ser\u00e1 entrevistado en vivo en \u201cLlegaron los Blues\u201d\"}]},{\"@type\":\"WebSite\",\"@id\":\"https:\\\/\\\/noticiasmercedinas.com\\\/site\\\/#website\",\"url\":\"https:\\\/\\\/noticiasmercedinas.com\\\/site\\\/\",\"name\":\"NOTICIASMERCEDINAS.COM\",\"description\":\"Mercedes, Buenos Aires, Argentina\",\"publisher\":{\"@id\":\"https:\\\/\\\/noticiasmercedinas.com\\\/site\\\/#organization\"},\"potentialAction\":[{\"@type\":\"SearchAction\",\"target\":{\"@type\":\"EntryPoint\",\"urlTemplate\":\"https:\\\/\\\/noticiasmercedinas.com\\\/site\\\/?s={search_term_string}\"},\"query-input\":{\"@type\":\"PropertyValueSpecification\",\"valueRequired\":true,\"valueName\":\"search_term_string\"}}],\"inLanguage\":\"es\"},{\"@type\":\"Organization\",\"@id\":\"https:\\\/\\\/noticiasmercedinas.com\\\/site\\\/#organization\",\"name\":\"NOTICIASMERCEDINAS.COM\",\"url\":\"https:\\\/\\\/noticiasmercedinas.com\\\/site\\\/\",\"logo\":{\"@type\":\"ImageObject\",\"inLanguage\":\"es\",\"@id\":\"https:\\\/\\\/noticiasmercedinas.com\\\/site\\\/#\\\/schema\\\/logo\\\/image\\\/\",\"url\":\"https:\\\/\\\/noticiasmercedinas.com\\\/site\\\/wp-content\\\/uploads\\\/2020\\\/06\\\/LOGO-512.jpg\",\"contentUrl\":\"https:\\\/\\\/noticiasmercedinas.com\\\/site\\\/wp-content\\\/uploads\\\/2020\\\/06\\\/LOGO-512.jpg\",\"width\":512,\"height\":512,\"caption\":\"NOTICIASMERCEDINAS.COM\"},\"image\":{\"@id\":\"https:\\\/\\\/noticiasmercedinas.com\\\/site\\\/#\\\/schema\\\/logo\\\/image\\\/\"},\"sameAs\":[\"https:\\\/\\\/www.facebook.com\\\/noticiasmercedinas\\\/\",\"https:\\\/\\\/x.com\\\/notmercedinas\",\"https:\\\/\\\/www.instagram.com\\\/noticiasmercedinas\\\/\"]},{\"@type\":\"Person\",\"@id\":\"https:\\\/\\\/noticiasmercedinas.com\\\/site\\\/#\\\/schema\\\/person\\\/84b59c099c28ff2e8b77d4ceec5d8063\",\"name\":\"NOTICIASMERCEDINAS.COM\",\"image\":{\"@type\":\"ImageObject\",\"inLanguage\":\"es\",\"@id\":\"https:\\\/\\\/secure.gravatar.com\\\/avatar\\\/4dfbf16b4d17945bfb6341b2d19043457132fcf478a5ee04f42e959fd8f5df0a?s=96&d=mm&r=g\",\"url\":\"https:\\\/\\\/secure.gravatar.com\\\/avatar\\\/4dfbf16b4d17945bfb6341b2d19043457132fcf478a5ee04f42e959fd8f5df0a?s=96&d=mm&r=g\",\"contentUrl\":\"https:\\\/\\\/secure.gravatar.com\\\/avatar\\\/4dfbf16b4d17945bfb6341b2d19043457132fcf478a5ee04f42e959fd8f5df0a?s=96&d=mm&r=g\",\"caption\":\"NOTICIASMERCEDINAS.COM\"},\"url\":\"https:\\\/\\\/noticiasmercedinas.com\\\/site\\\/author\\\/anonimo\\\/\"}]}<\/script>\n<!-- \/ Yoast SEO plugin. -->","yoast_head_json":{"title":"Claudio Cannavo, hist\u00f3rico bajista de La Mississippi, ser\u00e1 entrevistado en vivo en \u201cLlegaron los Blues\u201d","description":"Ser\u00e1 el pr\u00f3ximo invitado especial del programa radial \u201cLlegaron los Blues\u201d, que conduce Hern\u00e1n Rivero por FM Santa Mar\u00eda 88.1. La entrevista se realizar\u00e1 en vivo el viernes 18 de julio a las 18:00","robots":{"index":"index","follow":"follow","max-snippet":"max-snippet:-1","max-image-preview":"max-image-preview:large","max-video-preview":"max-video-preview:-1"},"canonical":"https:\/\/noticiasmercedinas.com\/site\/2025\/07\/14\/claudio-cannavo-historico-bajista-de-la-mississippi-sera-entrevistado-en-vivo-en-llegaron-los-blues\/","og_locale":"es_ES","og_type":"article","og_title":"Claudio Cannavo, hist\u00f3rico bajista de La Mississippi, ser\u00e1 entrevistado en vivo en \u201cLlegaron los Blues\u201d","og_description":"Ser\u00e1 el pr\u00f3ximo invitado especial del programa radial \u201cLlegaron los Blues\u201d, que conduce Hern\u00e1n Rivero por FM Santa Mar\u00eda 88.1. La entrevista se realizar\u00e1 en vivo el viernes 18 de julio a las 18:00","og_url":"https:\/\/noticiasmercedinas.com\/site\/2025\/07\/14\/claudio-cannavo-historico-bajista-de-la-mississippi-sera-entrevistado-en-vivo-en-llegaron-los-blues\/","og_site_name":"NOTICIASMERCEDINAS.COM","article_publisher":"https:\/\/www.facebook.com\/noticiasmercedinas\/","article_published_time":"2025-07-15T00:01:04+00:00","article_modified_time":"2025-07-15T10:56:52+00:00","og_image":[{"width":1600,"height":1600,"url":"https:\/\/noticiasmercedinas.com\/site\/wp-content\/uploads\/2025\/07\/CANNAVO.jpg","type":"image\/jpeg"}],"author":"NOTICIASMERCEDINAS.COM","twitter_card":"summary_large_image","twitter_creator":"@notmercedinas","twitter_site":"@notmercedinas","twitter_misc":{"Escrito por":"NOTICIASMERCEDINAS.COM","Tiempo de lectura":"3 minutos"},"schema":{"@context":"https:\/\/schema.org","@graph":[{"@type":"Article","@id":"https:\/\/noticiasmercedinas.com\/site\/2025\/07\/14\/claudio-cannavo-historico-bajista-de-la-mississippi-sera-entrevistado-en-vivo-en-llegaron-los-blues\/#article","isPartOf":{"@id":"https:\/\/noticiasmercedinas.com\/site\/2025\/07\/14\/claudio-cannavo-historico-bajista-de-la-mississippi-sera-entrevistado-en-vivo-en-llegaron-los-blues\/"},"author":{"name":"NOTICIASMERCEDINAS.COM","@id":"https:\/\/noticiasmercedinas.com\/site\/#\/schema\/person\/84b59c099c28ff2e8b77d4ceec5d8063"},"headline":"Claudio Cannavo, hist\u00f3rico bajista de La Mississippi, ser\u00e1 entrevistado en vivo en \u201cLlegaron los Blues\u201d","datePublished":"2025-07-15T00:01:04+00:00","dateModified":"2025-07-15T10:56:52+00:00","mainEntityOfPage":{"@id":"https:\/\/noticiasmercedinas.com\/site\/2025\/07\/14\/claudio-cannavo-historico-bajista-de-la-mississippi-sera-entrevistado-en-vivo-en-llegaron-los-blues\/"},"wordCount":519,"publisher":{"@id":"https:\/\/noticiasmercedinas.com\/site\/#organization"},"image":{"@id":"https:\/\/noticiasmercedinas.com\/site\/2025\/07\/14\/claudio-cannavo-historico-bajista-de-la-mississippi-sera-entrevistado-en-vivo-en-llegaron-los-blues\/#primaryimage"},"thumbnailUrl":"https:\/\/noticiasmercedinas.com\/site\/wp-content\/uploads\/2025\/07\/CANNAVO.jpg","keywords":["fm santa maria","llegaron los blues"],"articleSection":["Cultura","Medios"],"inLanguage":"es"},{"@type":"WebPage","@id":"https:\/\/noticiasmercedinas.com\/site\/2025\/07\/14\/claudio-cannavo-historico-bajista-de-la-mississippi-sera-entrevistado-en-vivo-en-llegaron-los-blues\/","url":"https:\/\/noticiasmercedinas.com\/site\/2025\/07\/14\/claudio-cannavo-historico-bajista-de-la-mississippi-sera-entrevistado-en-vivo-en-llegaron-los-blues\/","name":"Claudio Cannavo, hist\u00f3rico bajista de La Mississippi, ser\u00e1 entrevistado en vivo en \u201cLlegaron los Blues\u201d","isPartOf":{"@id":"https:\/\/noticiasmercedinas.com\/site\/#website"},"primaryImageOfPage":{"@id":"https:\/\/noticiasmercedinas.com\/site\/2025\/07\/14\/claudio-cannavo-historico-bajista-de-la-mississippi-sera-entrevistado-en-vivo-en-llegaron-los-blues\/#primaryimage"},"image":{"@id":"https:\/\/noticiasmercedinas.com\/site\/2025\/07\/14\/claudio-cannavo-historico-bajista-de-la-mississippi-sera-entrevistado-en-vivo-en-llegaron-los-blues\/#primaryimage"},"thumbnailUrl":"https:\/\/noticiasmercedinas.com\/site\/wp-content\/uploads\/2025\/07\/CANNAVO.jpg","datePublished":"2025-07-15T00:01:04+00:00","dateModified":"2025-07-15T10:56:52+00:00","description":"Ser\u00e1 el pr\u00f3ximo invitado especial del programa radial \u201cLlegaron los Blues\u201d, que conduce Hern\u00e1n Rivero por FM Santa Mar\u00eda 88.1. La entrevista se realizar\u00e1 en vivo el viernes 18 de julio a las 18:00","breadcrumb":{"@id":"https:\/\/noticiasmercedinas.com\/site\/2025\/07\/14\/claudio-cannavo-historico-bajista-de-la-mississippi-sera-entrevistado-en-vivo-en-llegaron-los-blues\/#breadcrumb"},"inLanguage":"es","potentialAction":[{"@type":"ReadAction","target":["https:\/\/noticiasmercedinas.com\/site\/2025\/07\/14\/claudio-cannavo-historico-bajista-de-la-mississippi-sera-entrevistado-en-vivo-en-llegaron-los-blues\/"]}]},{"@type":"ImageObject","inLanguage":"es","@id":"https:\/\/noticiasmercedinas.com\/site\/2025\/07\/14\/claudio-cannavo-historico-bajista-de-la-mississippi-sera-entrevistado-en-vivo-en-llegaron-los-blues\/#primaryimage","url":"https:\/\/noticiasmercedinas.com\/site\/wp-content\/uploads\/2025\/07\/CANNAVO.jpg","contentUrl":"https:\/\/noticiasmercedinas.com\/site\/wp-content\/uploads\/2025\/07\/CANNAVO.jpg","width":1600,"height":1600},{"@type":"BreadcrumbList","@id":"https:\/\/noticiasmercedinas.com\/site\/2025\/07\/14\/claudio-cannavo-historico-bajista-de-la-mississippi-sera-entrevistado-en-vivo-en-llegaron-los-blues\/#breadcrumb","itemListElement":[{"@type":"ListItem","position":1,"name":"Portada","item":"https:\/\/noticiasmercedinas.com\/site\/"},{"@type":"ListItem","position":2,"name":"Claudio Cannavo, hist\u00f3rico bajista de La Mississippi, ser\u00e1 entrevistado en vivo en \u201cLlegaron los Blues\u201d"}]},{"@type":"WebSite","@id":"https:\/\/noticiasmercedinas.com\/site\/#website","url":"https:\/\/noticiasmercedinas.com\/site\/","name":"NOTICIASMERCEDINAS.COM","description":"Mercedes, Buenos Aires, Argentina","publisher":{"@id":"https:\/\/noticiasmercedinas.com\/site\/#organization"},"potentialAction":[{"@type":"SearchAction","target":{"@type":"EntryPoint","urlTemplate":"https:\/\/noticiasmercedinas.com\/site\/?s={search_term_string}"},"query-input":{"@type":"PropertyValueSpecification","valueRequired":true,"valueName":"search_term_string"}}],"inLanguage":"es"},{"@type":"Organization","@id":"https:\/\/noticiasmercedinas.com\/site\/#organization","name":"NOTICIASMERCEDINAS.COM","url":"https:\/\/noticiasmercedinas.com\/site\/","logo":{"@type":"ImageObject","inLanguage":"es","@id":"https:\/\/noticiasmercedinas.com\/site\/#\/schema\/logo\/image\/","url":"https:\/\/noticiasmercedinas.com\/site\/wp-content\/uploads\/2020\/06\/LOGO-512.jpg","contentUrl":"https:\/\/noticiasmercedinas.com\/site\/wp-content\/uploads\/2020\/06\/LOGO-512.jpg","width":512,"height":512,"caption":"NOTICIASMERCEDINAS.COM"},"image":{"@id":"https:\/\/noticiasmercedinas.com\/site\/#\/schema\/logo\/image\/"},"sameAs":["https:\/\/www.facebook.com\/noticiasmercedinas\/","https:\/\/x.com\/notmercedinas","https:\/\/www.instagram.com\/noticiasmercedinas\/"]},{"@type":"Person","@id":"https:\/\/noticiasmercedinas.com\/site\/#\/schema\/person\/84b59c099c28ff2e8b77d4ceec5d8063","name":"NOTICIASMERCEDINAS.COM","image":{"@type":"ImageObject","inLanguage":"es","@id":"https:\/\/secure.gravatar.com\/avatar\/4dfbf16b4d17945bfb6341b2d19043457132fcf478a5ee04f42e959fd8f5df0a?s=96&d=mm&r=g","url":"https:\/\/secure.gravatar.com\/avatar\/4dfbf16b4d17945bfb6341b2d19043457132fcf478a5ee04f42e959fd8f5df0a?s=96&d=mm&r=g","contentUrl":"https:\/\/secure.gravatar.com\/avatar\/4dfbf16b4d17945bfb6341b2d19043457132fcf478a5ee04f42e959fd8f5df0a?s=96&d=mm&r=g","caption":"NOTICIASMERCEDINAS.COM"},"url":"https:\/\/noticiasmercedinas.com\/site\/author\/anonimo\/"}]}},"amp_enabled":true,"_links":{"self":[{"href":"https:\/\/noticiasmercedinas.com\/site\/wp-json\/wp\/v2\/posts\/164125","targetHints":{"allow":["GET"]}}],"collection":[{"href":"https:\/\/noticiasmercedinas.com\/site\/wp-json\/wp\/v2\/posts"}],"about":[{"href":"https:\/\/noticiasmercedinas.com\/site\/wp-json\/wp\/v2\/types\/post"}],"author":[{"embeddable":true,"href":"https:\/\/noticiasmercedinas.com\/site\/wp-json\/wp\/v2\/users\/16"}],"replies":[{"embeddable":true,"href":"https:\/\/noticiasmercedinas.com\/site\/wp-json\/wp\/v2\/comments?post=164125"}],"version-history":[{"count":2,"href":"https:\/\/noticiasmercedinas.com\/site\/wp-json\/wp\/v2\/posts\/164125\/revisions"}],"predecessor-version":[{"id":164135,"href":"https:\/\/noticiasmercedinas.com\/site\/wp-json\/wp\/v2\/posts\/164125\/revisions\/164135"}],"wp:featuredmedia":[{"embeddable":true,"href":"https:\/\/noticiasmercedinas.com\/site\/wp-json\/wp\/v2\/media\/164126"}],"wp:attachment":[{"href":"https:\/\/noticiasmercedinas.com\/site\/wp-json\/wp\/v2\/media?parent=164125"}],"wp:term":[{"taxonomy":"category","embeddable":true,"href":"https:\/\/noticiasmercedinas.com\/site\/wp-json\/wp\/v2\/categories?post=164125"},{"taxonomy":"post_tag","embeddable":true,"href":"https:\/\/noticiasmercedinas.com\/site\/wp-json\/wp\/v2\/tags?post=164125"}],"curies":[{"name":"wp","href":"https:\/\/api.w.org\/{rel}","templated":true}]}}