{"id":164211,"date":"2025-07-16T05:48:44","date_gmt":"2025-07-16T08:48:44","guid":{"rendered":"https:\/\/noticiasmercedinas.com\/site\/?p=164211"},"modified":"2025-07-16T17:50:00","modified_gmt":"2025-07-16T20:50:00","slug":"deporte-salud-y-encuentro-inauguraron-dos-canchas-de-tejo-en-el-unzue-para-adultos-mayores","status":"publish","type":"post","link":"https:\/\/noticiasmercedinas.com\/site\/2025\/07\/16\/deporte-salud-y-encuentro-inauguraron-dos-canchas-de-tejo-en-el-unzue-para-adultos-mayores\/","title":{"rendered":"Deporte, salud y encuentro: inauguraron dos canchas de tejo en el Unzu\u00e9 para adultos mayores"},"content":{"rendered":"<p><img loading=\"lazy\" decoding=\"async\" class=\"alignnone size-full wp-image-164212\" src=\"https:\/\/noticiasmercedinas.com\/site\/wp-content\/uploads\/2025\/07\/DSC06419.jpg\" alt=\"\" width=\"1319\" height=\"879\" srcset=\"https:\/\/noticiasmercedinas.com\/site\/wp-content\/uploads\/2025\/07\/DSC06419.jpg 1319w, https:\/\/noticiasmercedinas.com\/site\/wp-content\/uploads\/2025\/07\/DSC06419-300x200.jpg 300w, https:\/\/noticiasmercedinas.com\/site\/wp-content\/uploads\/2025\/07\/DSC06419-1024x682.jpg 1024w, https:\/\/noticiasmercedinas.com\/site\/wp-content\/uploads\/2025\/07\/DSC06419-768x512.jpg 768w, https:\/\/noticiasmercedinas.com\/site\/wp-content\/uploads\/2025\/07\/DSC06419-640x427.jpg 640w, https:\/\/noticiasmercedinas.com\/site\/wp-content\/uploads\/2025\/07\/DSC06419-1280x853.jpg 1280w, https:\/\/noticiasmercedinas.com\/site\/wp-content\/uploads\/2025\/07\/DSC06419-681x454.jpg 681w\" sizes=\"auto, (max-width: 1319px) 100vw, 1319px\" \/><\/p>\n<p>La Municipalidad de Mercedes inaugur\u00f3 dos nuevas canchas de tejo en el predio del ex Instituto Unzu\u00e9, ampliando las opciones de esparcimiento y actividad f\u00edsica para las personas mayores de la ciudad. El nuevo espacio, ubicado junto al Centro de Atenci\u00f3n Primaria de la Salud (CAPS), fue pensado para promover el deporte, la socializaci\u00f3n y el bienestar integral, en un entorno cuidado y accesible.<\/p>\n<p>\u201cNos pone muy contentos promover el encuentro, el deporte y el bienestar de los adultos mayores\u201d, expres\u00f3 el intendente Juan Ignacio Ustarroz, durante la apertura. Adem\u00e1s, adelant\u00f3 que ya se proyecta sumar m\u00e1s infraestructura al lugar: \u201cEstamos planificando un espacio que tenga ba\u00f1os, tal vez un Sal\u00f3n de Usos M\u00faltiples\u201d.<\/p>\n<p>El jefe comunal destac\u00f3 que este tipo de iniciativas fortalecen el entramado social de la ciudad: \u201cUna sociedad que cuida a los adultos mayores y a la primera infancia como pilares fundamentales, es una sociedad mejor. Eso es lo que intentamos construir\u201d.<\/p>\n<p>Las canchas ser\u00e1n utilizadas tanto para actividades recreativas como para competencias formales, incluyendo la participaci\u00f3n en los Juegos Bonaerenses. Adem\u00e1s de su funci\u00f3n deportiva, el nuevo espacio es un punto clave para combatir el aislamiento social y mejorar la calidad de vida de quienes asisten.<\/p>\n<p>Desde la Direcci\u00f3n de Adultos Mayores, Victoria Odell se mostr\u00f3 emocionada por la concreci\u00f3n del proyecto: \u201cEs un sue\u00f1o que se fue armando entre todos. El tejo se practica much\u00edsimo en Mercedes, pero ten\u00edamos solo una cancha y mucha demanda, por eso surgi\u00f3 esta idea\u201d.<\/p>\n<p>Por su parte, el secretario de Salud Dr. N\u00e9stor Pisapia, y el subsecretario de Servicios P\u00fablicos Luis Ponce, acompa\u00f1aron el acto y valoraron el trabajo articulado entre diferentes \u00e1reas municipales. \u201cEste tipo de pol\u00edticas p\u00fablicas aportan al encuentro, al hecho de compartir. Estamos muy orgullosos del resultado\u201d, se\u00f1al\u00f3 Ponce, quien tambi\u00e9n agradeci\u00f3 a los trabajadores municipales y al vecino \u201cBeto\u201d, que colabor\u00f3 con recomendaciones durante la obra.<\/p>\n<p>El espacio suma un nuevo cap\u00edtulo al proceso de recuperaci\u00f3n del edificio del Unzu\u00e9, consolid\u00e1ndose como un lugar de cuidado, participaci\u00f3n activa y referencia para las personas mayores de Mercedes.<\/p>\n<p><img loading=\"lazy\" decoding=\"async\" class=\"alignnone size-full wp-image-164213\" src=\"https:\/\/noticiasmercedinas.com\/site\/wp-content\/uploads\/2025\/07\/DSC06412.jpg\" alt=\"\" width=\"1319\" height=\"879\" srcset=\"https:\/\/noticiasmercedinas.com\/site\/wp-content\/uploads\/2025\/07\/DSC06412.jpg 1319w, https:\/\/noticiasmercedinas.com\/site\/wp-content\/uploads\/2025\/07\/DSC06412-300x200.jpg 300w, https:\/\/noticiasmercedinas.com\/site\/wp-content\/uploads\/2025\/07\/DSC06412-1024x682.jpg 1024w, https:\/\/noticiasmercedinas.com\/site\/wp-content\/uploads\/2025\/07\/DSC06412-768x512.jpg 768w, https:\/\/noticiasmercedinas.com\/site\/wp-content\/uploads\/2025\/07\/DSC06412-640x427.jpg 640w, https:\/\/noticiasmercedinas.com\/site\/wp-content\/uploads\/2025\/07\/DSC06412-1280x853.jpg 1280w, https:\/\/noticiasmercedinas.com\/site\/wp-content\/uploads\/2025\/07\/DSC06412-681x454.jpg 681w\" sizes=\"auto, (max-width: 1319px) 100vw, 1319px\" \/><\/p>\n","protected":false},"excerpt":{"rendered":"<p>\u25a0 El nuevo espacio, ubicado junto al Centro de Atenci\u00f3n Primaria de la Salud (CAPS), fue pensado para promover el deporte, la socializaci\u00f3n y el bienestar integral, en un entorno cuidado y accesible.<\/p>\n","protected":false},"author":16,"featured_media":164212,"comment_status":"closed","ping_status":"closed","sticky":false,"template":"","format":"standard","meta":{"footnotes":""},"categories":[5],"tags":[747,942,36,19930,151],"class_list":["post-164211","post","type-post","status-publish","format-standard","has-post-thumbnail","hentry","category-deportes","tag-adultos-mayores","tag-caps","tag-obras","tag-tejo","tag-unzue"],"yoast_head":"<!-- This site is optimized with the Yoast SEO plugin v27.5 - https:\/\/yoast.com\/product\/yoast-seo-wordpress\/ -->\n<title>Deporte, salud y encuentro: inauguraron dos canchas de tejo en el Unzu\u00e9 para adultos mayores<\/title>\n<meta name=\"description\" content=\"El nuevo espacio, ubicado junto al Centro de Atenci\u00f3n Primaria de la Salud (CAPS), fue pensado para promover el deporte, la socializaci\u00f3n y el bienestar integral, en un entorno cuidado y accesible.\" \/>\n<meta name=\"robots\" content=\"index, follow, max-snippet:-1, max-image-preview:large, max-video-preview:-1\" \/>\n<link rel=\"canonical\" href=\"https:\/\/noticiasmercedinas.com\/site\/2025\/07\/16\/deporte-salud-y-encuentro-inauguraron-dos-canchas-de-tejo-en-el-unzue-para-adultos-mayores\/\" \/>\n<meta property=\"og:locale\" content=\"es_ES\" \/>\n<meta property=\"og:type\" content=\"article\" \/>\n<meta property=\"og:title\" content=\"Deporte, salud y encuentro: inauguraron dos canchas de tejo en el Unzu\u00e9 para adultos mayores\" \/>\n<meta property=\"og:description\" content=\"El nuevo espacio, ubicado junto al Centro de Atenci\u00f3n Primaria de la Salud (CAPS), fue pensado para promover el deporte, la socializaci\u00f3n y el bienestar integral, en un entorno cuidado y accesible.\" \/>\n<meta property=\"og:url\" content=\"https:\/\/noticiasmercedinas.com\/site\/2025\/07\/16\/deporte-salud-y-encuentro-inauguraron-dos-canchas-de-tejo-en-el-unzue-para-adultos-mayores\/\" \/>\n<meta property=\"og:site_name\" content=\"NOTICIASMERCEDINAS.COM\" \/>\n<meta property=\"article:publisher\" content=\"https:\/\/www.facebook.com\/noticiasmercedinas\/\" \/>\n<meta property=\"article:published_time\" content=\"2025-07-16T08:48:44+00:00\" \/>\n<meta property=\"article:modified_time\" content=\"2025-07-16T20:50:00+00:00\" \/>\n<meta property=\"og:image\" content=\"https:\/\/noticiasmercedinas.com\/site\/wp-content\/uploads\/2025\/07\/DSC06419.jpg\" \/>\n\t<meta property=\"og:image:width\" content=\"1319\" \/>\n\t<meta property=\"og:image:height\" content=\"879\" \/>\n\t<meta property=\"og:image:type\" content=\"image\/jpeg\" \/>\n<meta name=\"author\" content=\"NOTICIASMERCEDINAS.COM\" \/>\n<meta name=\"twitter:card\" content=\"summary_large_image\" \/>\n<meta name=\"twitter:creator\" content=\"@notmercedinas\" \/>\n<meta name=\"twitter:site\" content=\"@notmercedinas\" \/>\n<meta name=\"twitter:label1\" content=\"Escrito por\" \/>\n\t<meta name=\"twitter:data1\" content=\"NOTICIASMERCEDINAS.COM\" \/>\n\t<meta name=\"twitter:label2\" content=\"Tiempo de lectura\" \/>\n\t<meta name=\"twitter:data2\" content=\"3 minutos\" \/>\n<script type=\"application\/ld+json\" class=\"yoast-schema-graph\">{\"@context\":\"https:\\\/\\\/schema.org\",\"@graph\":[{\"@type\":\"Article\",\"@id\":\"https:\\\/\\\/noticiasmercedinas.com\\\/site\\\/2025\\\/07\\\/16\\\/deporte-salud-y-encuentro-inauguraron-dos-canchas-de-tejo-en-el-unzue-para-adultos-mayores\\\/#article\",\"isPartOf\":{\"@id\":\"https:\\\/\\\/noticiasmercedinas.com\\\/site\\\/2025\\\/07\\\/16\\\/deporte-salud-y-encuentro-inauguraron-dos-canchas-de-tejo-en-el-unzue-para-adultos-mayores\\\/\"},\"author\":{\"name\":\"NOTICIASMERCEDINAS.COM\",\"@id\":\"https:\\\/\\\/noticiasmercedinas.com\\\/site\\\/#\\\/schema\\\/person\\\/84b59c099c28ff2e8b77d4ceec5d8063\"},\"headline\":\"Deporte, salud y encuentro: inauguraron dos canchas de tejo en el Unzu\u00e9 para adultos mayores\",\"datePublished\":\"2025-07-16T08:48:44+00:00\",\"dateModified\":\"2025-07-16T20:50:00+00:00\",\"mainEntityOfPage\":{\"@id\":\"https:\\\/\\\/noticiasmercedinas.com\\\/site\\\/2025\\\/07\\\/16\\\/deporte-salud-y-encuentro-inauguraron-dos-canchas-de-tejo-en-el-unzue-para-adultos-mayores\\\/\"},\"wordCount\":386,\"publisher\":{\"@id\":\"https:\\\/\\\/noticiasmercedinas.com\\\/site\\\/#organization\"},\"image\":{\"@id\":\"https:\\\/\\\/noticiasmercedinas.com\\\/site\\\/2025\\\/07\\\/16\\\/deporte-salud-y-encuentro-inauguraron-dos-canchas-de-tejo-en-el-unzue-para-adultos-mayores\\\/#primaryimage\"},\"thumbnailUrl\":\"https:\\\/\\\/noticiasmercedinas.com\\\/site\\\/wp-content\\\/uploads\\\/2025\\\/07\\\/DSC06419.jpg\",\"keywords\":[\"adultos mayores\",\"caps\",\"obras\",\"Tejo\",\"unzue\"],\"articleSection\":[\"Deportes\"],\"inLanguage\":\"es\"},{\"@type\":\"WebPage\",\"@id\":\"https:\\\/\\\/noticiasmercedinas.com\\\/site\\\/2025\\\/07\\\/16\\\/deporte-salud-y-encuentro-inauguraron-dos-canchas-de-tejo-en-el-unzue-para-adultos-mayores\\\/\",\"url\":\"https:\\\/\\\/noticiasmercedinas.com\\\/site\\\/2025\\\/07\\\/16\\\/deporte-salud-y-encuentro-inauguraron-dos-canchas-de-tejo-en-el-unzue-para-adultos-mayores\\\/\",\"name\":\"Deporte, salud y encuentro: inauguraron dos canchas de tejo en el Unzu\u00e9 para adultos mayores\",\"isPartOf\":{\"@id\":\"https:\\\/\\\/noticiasmercedinas.com\\\/site\\\/#website\"},\"primaryImageOfPage\":{\"@id\":\"https:\\\/\\\/noticiasmercedinas.com\\\/site\\\/2025\\\/07\\\/16\\\/deporte-salud-y-encuentro-inauguraron-dos-canchas-de-tejo-en-el-unzue-para-adultos-mayores\\\/#primaryimage\"},\"image\":{\"@id\":\"https:\\\/\\\/noticiasmercedinas.com\\\/site\\\/2025\\\/07\\\/16\\\/deporte-salud-y-encuentro-inauguraron-dos-canchas-de-tejo-en-el-unzue-para-adultos-mayores\\\/#primaryimage\"},\"thumbnailUrl\":\"https:\\\/\\\/noticiasmercedinas.com\\\/site\\\/wp-content\\\/uploads\\\/2025\\\/07\\\/DSC06419.jpg\",\"datePublished\":\"2025-07-16T08:48:44+00:00\",\"dateModified\":\"2025-07-16T20:50:00+00:00\",\"description\":\"El nuevo espacio, ubicado junto al Centro de Atenci\u00f3n Primaria de la Salud (CAPS), fue pensado para promover el deporte, la socializaci\u00f3n y el bienestar integral, en un entorno cuidado y accesible.\",\"breadcrumb\":{\"@id\":\"https:\\\/\\\/noticiasmercedinas.com\\\/site\\\/2025\\\/07\\\/16\\\/deporte-salud-y-encuentro-inauguraron-dos-canchas-de-tejo-en-el-unzue-para-adultos-mayores\\\/#breadcrumb\"},\"inLanguage\":\"es\",\"potentialAction\":[{\"@type\":\"ReadAction\",\"target\":[\"https:\\\/\\\/noticiasmercedinas.com\\\/site\\\/2025\\\/07\\\/16\\\/deporte-salud-y-encuentro-inauguraron-dos-canchas-de-tejo-en-el-unzue-para-adultos-mayores\\\/\"]}]},{\"@type\":\"ImageObject\",\"inLanguage\":\"es\",\"@id\":\"https:\\\/\\\/noticiasmercedinas.com\\\/site\\\/2025\\\/07\\\/16\\\/deporte-salud-y-encuentro-inauguraron-dos-canchas-de-tejo-en-el-unzue-para-adultos-mayores\\\/#primaryimage\",\"url\":\"https:\\\/\\\/noticiasmercedinas.com\\\/site\\\/wp-content\\\/uploads\\\/2025\\\/07\\\/DSC06419.jpg\",\"contentUrl\":\"https:\\\/\\\/noticiasmercedinas.com\\\/site\\\/wp-content\\\/uploads\\\/2025\\\/07\\\/DSC06419.jpg\",\"width\":1319,\"height\":879},{\"@type\":\"BreadcrumbList\",\"@id\":\"https:\\\/\\\/noticiasmercedinas.com\\\/site\\\/2025\\\/07\\\/16\\\/deporte-salud-y-encuentro-inauguraron-dos-canchas-de-tejo-en-el-unzue-para-adultos-mayores\\\/#breadcrumb\",\"itemListElement\":[{\"@type\":\"ListItem\",\"position\":1,\"name\":\"Portada\",\"item\":\"https:\\\/\\\/noticiasmercedinas.com\\\/site\\\/\"},{\"@type\":\"ListItem\",\"position\":2,\"name\":\"Deporte, salud y encuentro: inauguraron dos canchas de tejo en el Unzu\u00e9 para adultos mayores\"}]},{\"@type\":\"WebSite\",\"@id\":\"https:\\\/\\\/noticiasmercedinas.com\\\/site\\\/#website\",\"url\":\"https:\\\/\\\/noticiasmercedinas.com\\\/site\\\/\",\"name\":\"NOTICIASMERCEDINAS.COM\",\"description\":\"Mercedes, Buenos Aires, Argentina\",\"publisher\":{\"@id\":\"https:\\\/\\\/noticiasmercedinas.com\\\/site\\\/#organization\"},\"potentialAction\":[{\"@type\":\"SearchAction\",\"target\":{\"@type\":\"EntryPoint\",\"urlTemplate\":\"https:\\\/\\\/noticiasmercedinas.com\\\/site\\\/?s={search_term_string}\"},\"query-input\":{\"@type\":\"PropertyValueSpecification\",\"valueRequired\":true,\"valueName\":\"search_term_string\"}}],\"inLanguage\":\"es\"},{\"@type\":\"Organization\",\"@id\":\"https:\\\/\\\/noticiasmercedinas.com\\\/site\\\/#organization\",\"name\":\"NOTICIASMERCEDINAS.COM\",\"url\":\"https:\\\/\\\/noticiasmercedinas.com\\\/site\\\/\",\"logo\":{\"@type\":\"ImageObject\",\"inLanguage\":\"es\",\"@id\":\"https:\\\/\\\/noticiasmercedinas.com\\\/site\\\/#\\\/schema\\\/logo\\\/image\\\/\",\"url\":\"https:\\\/\\\/noticiasmercedinas.com\\\/site\\\/wp-content\\\/uploads\\\/2020\\\/06\\\/LOGO-512.jpg\",\"contentUrl\":\"https:\\\/\\\/noticiasmercedinas.com\\\/site\\\/wp-content\\\/uploads\\\/2020\\\/06\\\/LOGO-512.jpg\",\"width\":512,\"height\":512,\"caption\":\"NOTICIASMERCEDINAS.COM\"},\"image\":{\"@id\":\"https:\\\/\\\/noticiasmercedinas.com\\\/site\\\/#\\\/schema\\\/logo\\\/image\\\/\"},\"sameAs\":[\"https:\\\/\\\/www.facebook.com\\\/noticiasmercedinas\\\/\",\"https:\\\/\\\/x.com\\\/notmercedinas\",\"https:\\\/\\\/www.instagram.com\\\/noticiasmercedinas\\\/\"]},{\"@type\":\"Person\",\"@id\":\"https:\\\/\\\/noticiasmercedinas.com\\\/site\\\/#\\\/schema\\\/person\\\/84b59c099c28ff2e8b77d4ceec5d8063\",\"name\":\"NOTICIASMERCEDINAS.COM\",\"image\":{\"@type\":\"ImageObject\",\"inLanguage\":\"es\",\"@id\":\"https:\\\/\\\/secure.gravatar.com\\\/avatar\\\/4dfbf16b4d17945bfb6341b2d19043457132fcf478a5ee04f42e959fd8f5df0a?s=96&d=mm&r=g\",\"url\":\"https:\\\/\\\/secure.gravatar.com\\\/avatar\\\/4dfbf16b4d17945bfb6341b2d19043457132fcf478a5ee04f42e959fd8f5df0a?s=96&d=mm&r=g\",\"contentUrl\":\"https:\\\/\\\/secure.gravatar.com\\\/avatar\\\/4dfbf16b4d17945bfb6341b2d19043457132fcf478a5ee04f42e959fd8f5df0a?s=96&d=mm&r=g\",\"caption\":\"NOTICIASMERCEDINAS.COM\"},\"url\":\"https:\\\/\\\/noticiasmercedinas.com\\\/site\\\/author\\\/anonimo\\\/\"}]}<\/script>\n<!-- \/ Yoast SEO plugin. -->","yoast_head_json":{"title":"Deporte, salud y encuentro: inauguraron dos canchas de tejo en el Unzu\u00e9 para adultos mayores","description":"El nuevo espacio, ubicado junto al Centro de Atenci\u00f3n Primaria de la Salud (CAPS), fue pensado para promover el deporte, la socializaci\u00f3n y el bienestar integral, en un entorno cuidado y accesible.","robots":{"index":"index","follow":"follow","max-snippet":"max-snippet:-1","max-image-preview":"max-image-preview:large","max-video-preview":"max-video-preview:-1"},"canonical":"https:\/\/noticiasmercedinas.com\/site\/2025\/07\/16\/deporte-salud-y-encuentro-inauguraron-dos-canchas-de-tejo-en-el-unzue-para-adultos-mayores\/","og_locale":"es_ES","og_type":"article","og_title":"Deporte, salud y encuentro: inauguraron dos canchas de tejo en el Unzu\u00e9 para adultos mayores","og_description":"El nuevo espacio, ubicado junto al Centro de Atenci\u00f3n Primaria de la Salud (CAPS), fue pensado para promover el deporte, la socializaci\u00f3n y el bienestar integral, en un entorno cuidado y accesible.","og_url":"https:\/\/noticiasmercedinas.com\/site\/2025\/07\/16\/deporte-salud-y-encuentro-inauguraron-dos-canchas-de-tejo-en-el-unzue-para-adultos-mayores\/","og_site_name":"NOTICIASMERCEDINAS.COM","article_publisher":"https:\/\/www.facebook.com\/noticiasmercedinas\/","article_published_time":"2025-07-16T08:48:44+00:00","article_modified_time":"2025-07-16T20:50:00+00:00","og_image":[{"width":1319,"height":879,"url":"https:\/\/noticiasmercedinas.com\/site\/wp-content\/uploads\/2025\/07\/DSC06419.jpg","type":"image\/jpeg"}],"author":"NOTICIASMERCEDINAS.COM","twitter_card":"summary_large_image","twitter_creator":"@notmercedinas","twitter_site":"@notmercedinas","twitter_misc":{"Escrito por":"NOTICIASMERCEDINAS.COM","Tiempo de lectura":"3 minutos"},"schema":{"@context":"https:\/\/schema.org","@graph":[{"@type":"Article","@id":"https:\/\/noticiasmercedinas.com\/site\/2025\/07\/16\/deporte-salud-y-encuentro-inauguraron-dos-canchas-de-tejo-en-el-unzue-para-adultos-mayores\/#article","isPartOf":{"@id":"https:\/\/noticiasmercedinas.com\/site\/2025\/07\/16\/deporte-salud-y-encuentro-inauguraron-dos-canchas-de-tejo-en-el-unzue-para-adultos-mayores\/"},"author":{"name":"NOTICIASMERCEDINAS.COM","@id":"https:\/\/noticiasmercedinas.com\/site\/#\/schema\/person\/84b59c099c28ff2e8b77d4ceec5d8063"},"headline":"Deporte, salud y encuentro: inauguraron dos canchas de tejo en el Unzu\u00e9 para adultos mayores","datePublished":"2025-07-16T08:48:44+00:00","dateModified":"2025-07-16T20:50:00+00:00","mainEntityOfPage":{"@id":"https:\/\/noticiasmercedinas.com\/site\/2025\/07\/16\/deporte-salud-y-encuentro-inauguraron-dos-canchas-de-tejo-en-el-unzue-para-adultos-mayores\/"},"wordCount":386,"publisher":{"@id":"https:\/\/noticiasmercedinas.com\/site\/#organization"},"image":{"@id":"https:\/\/noticiasmercedinas.com\/site\/2025\/07\/16\/deporte-salud-y-encuentro-inauguraron-dos-canchas-de-tejo-en-el-unzue-para-adultos-mayores\/#primaryimage"},"thumbnailUrl":"https:\/\/noticiasmercedinas.com\/site\/wp-content\/uploads\/2025\/07\/DSC06419.jpg","keywords":["adultos mayores","caps","obras","Tejo","unzue"],"articleSection":["Deportes"],"inLanguage":"es"},{"@type":"WebPage","@id":"https:\/\/noticiasmercedinas.com\/site\/2025\/07\/16\/deporte-salud-y-encuentro-inauguraron-dos-canchas-de-tejo-en-el-unzue-para-adultos-mayores\/","url":"https:\/\/noticiasmercedinas.com\/site\/2025\/07\/16\/deporte-salud-y-encuentro-inauguraron-dos-canchas-de-tejo-en-el-unzue-para-adultos-mayores\/","name":"Deporte, salud y encuentro: inauguraron dos canchas de tejo en el Unzu\u00e9 para adultos mayores","isPartOf":{"@id":"https:\/\/noticiasmercedinas.com\/site\/#website"},"primaryImageOfPage":{"@id":"https:\/\/noticiasmercedinas.com\/site\/2025\/07\/16\/deporte-salud-y-encuentro-inauguraron-dos-canchas-de-tejo-en-el-unzue-para-adultos-mayores\/#primaryimage"},"image":{"@id":"https:\/\/noticiasmercedinas.com\/site\/2025\/07\/16\/deporte-salud-y-encuentro-inauguraron-dos-canchas-de-tejo-en-el-unzue-para-adultos-mayores\/#primaryimage"},"thumbnailUrl":"https:\/\/noticiasmercedinas.com\/site\/wp-content\/uploads\/2025\/07\/DSC06419.jpg","datePublished":"2025-07-16T08:48:44+00:00","dateModified":"2025-07-16T20:50:00+00:00","description":"El nuevo espacio, ubicado junto al Centro de Atenci\u00f3n Primaria de la Salud (CAPS), fue pensado para promover el deporte, la socializaci\u00f3n y el bienestar integral, en un entorno cuidado y accesible.","breadcrumb":{"@id":"https:\/\/noticiasmercedinas.com\/site\/2025\/07\/16\/deporte-salud-y-encuentro-inauguraron-dos-canchas-de-tejo-en-el-unzue-para-adultos-mayores\/#breadcrumb"},"inLanguage":"es","potentialAction":[{"@type":"ReadAction","target":["https:\/\/noticiasmercedinas.com\/site\/2025\/07\/16\/deporte-salud-y-encuentro-inauguraron-dos-canchas-de-tejo-en-el-unzue-para-adultos-mayores\/"]}]},{"@type":"ImageObject","inLanguage":"es","@id":"https:\/\/noticiasmercedinas.com\/site\/2025\/07\/16\/deporte-salud-y-encuentro-inauguraron-dos-canchas-de-tejo-en-el-unzue-para-adultos-mayores\/#primaryimage","url":"https:\/\/noticiasmercedinas.com\/site\/wp-content\/uploads\/2025\/07\/DSC06419.jpg","contentUrl":"https:\/\/noticiasmercedinas.com\/site\/wp-content\/uploads\/2025\/07\/DSC06419.jpg","width":1319,"height":879},{"@type":"BreadcrumbList","@id":"https:\/\/noticiasmercedinas.com\/site\/2025\/07\/16\/deporte-salud-y-encuentro-inauguraron-dos-canchas-de-tejo-en-el-unzue-para-adultos-mayores\/#breadcrumb","itemListElement":[{"@type":"ListItem","position":1,"name":"Portada","item":"https:\/\/noticiasmercedinas.com\/site\/"},{"@type":"ListItem","position":2,"name":"Deporte, salud y encuentro: inauguraron dos canchas de tejo en el Unzu\u00e9 para adultos mayores"}]},{"@type":"WebSite","@id":"https:\/\/noticiasmercedinas.com\/site\/#website","url":"https:\/\/noticiasmercedinas.com\/site\/","name":"NOTICIASMERCEDINAS.COM","description":"Mercedes, Buenos Aires, Argentina","publisher":{"@id":"https:\/\/noticiasmercedinas.com\/site\/#organization"},"potentialAction":[{"@type":"SearchAction","target":{"@type":"EntryPoint","urlTemplate":"https:\/\/noticiasmercedinas.com\/site\/?s={search_term_string}"},"query-input":{"@type":"PropertyValueSpecification","valueRequired":true,"valueName":"search_term_string"}}],"inLanguage":"es"},{"@type":"Organization","@id":"https:\/\/noticiasmercedinas.com\/site\/#organization","name":"NOTICIASMERCEDINAS.COM","url":"https:\/\/noticiasmercedinas.com\/site\/","logo":{"@type":"ImageObject","inLanguage":"es","@id":"https:\/\/noticiasmercedinas.com\/site\/#\/schema\/logo\/image\/","url":"https:\/\/noticiasmercedinas.com\/site\/wp-content\/uploads\/2020\/06\/LOGO-512.jpg","contentUrl":"https:\/\/noticiasmercedinas.com\/site\/wp-content\/uploads\/2020\/06\/LOGO-512.jpg","width":512,"height":512,"caption":"NOTICIASMERCEDINAS.COM"},"image":{"@id":"https:\/\/noticiasmercedinas.com\/site\/#\/schema\/logo\/image\/"},"sameAs":["https:\/\/www.facebook.com\/noticiasmercedinas\/","https:\/\/x.com\/notmercedinas","https:\/\/www.instagram.com\/noticiasmercedinas\/"]},{"@type":"Person","@id":"https:\/\/noticiasmercedinas.com\/site\/#\/schema\/person\/84b59c099c28ff2e8b77d4ceec5d8063","name":"NOTICIASMERCEDINAS.COM","image":{"@type":"ImageObject","inLanguage":"es","@id":"https:\/\/secure.gravatar.com\/avatar\/4dfbf16b4d17945bfb6341b2d19043457132fcf478a5ee04f42e959fd8f5df0a?s=96&d=mm&r=g","url":"https:\/\/secure.gravatar.com\/avatar\/4dfbf16b4d17945bfb6341b2d19043457132fcf478a5ee04f42e959fd8f5df0a?s=96&d=mm&r=g","contentUrl":"https:\/\/secure.gravatar.com\/avatar\/4dfbf16b4d17945bfb6341b2d19043457132fcf478a5ee04f42e959fd8f5df0a?s=96&d=mm&r=g","caption":"NOTICIASMERCEDINAS.COM"},"url":"https:\/\/noticiasmercedinas.com\/site\/author\/anonimo\/"}]}},"amp_enabled":true,"_links":{"self":[{"href":"https:\/\/noticiasmercedinas.com\/site\/wp-json\/wp\/v2\/posts\/164211","targetHints":{"allow":["GET"]}}],"collection":[{"href":"https:\/\/noticiasmercedinas.com\/site\/wp-json\/wp\/v2\/posts"}],"about":[{"href":"https:\/\/noticiasmercedinas.com\/site\/wp-json\/wp\/v2\/types\/post"}],"author":[{"embeddable":true,"href":"https:\/\/noticiasmercedinas.com\/site\/wp-json\/wp\/v2\/users\/16"}],"replies":[{"embeddable":true,"href":"https:\/\/noticiasmercedinas.com\/site\/wp-json\/wp\/v2\/comments?post=164211"}],"version-history":[{"count":2,"href":"https:\/\/noticiasmercedinas.com\/site\/wp-json\/wp\/v2\/posts\/164211\/revisions"}],"predecessor-version":[{"id":164220,"href":"https:\/\/noticiasmercedinas.com\/site\/wp-json\/wp\/v2\/posts\/164211\/revisions\/164220"}],"wp:featuredmedia":[{"embeddable":true,"href":"https:\/\/noticiasmercedinas.com\/site\/wp-json\/wp\/v2\/media\/164212"}],"wp:attachment":[{"href":"https:\/\/noticiasmercedinas.com\/site\/wp-json\/wp\/v2\/media?parent=164211"}],"wp:term":[{"taxonomy":"category","embeddable":true,"href":"https:\/\/noticiasmercedinas.com\/site\/wp-json\/wp\/v2\/categories?post=164211"},{"taxonomy":"post_tag","embeddable":true,"href":"https:\/\/noticiasmercedinas.com\/site\/wp-json\/wp\/v2\/tags?post=164211"}],"curies":[{"name":"wp","href":"https:\/\/api.w.org\/{rel}","templated":true}]}}