{"id":164215,"date":"2025-07-16T08:24:26","date_gmt":"2025-07-16T11:24:26","guid":{"rendered":"https:\/\/noticiasmercedinas.com\/site\/?p=164215"},"modified":"2025-07-16T08:24:26","modified_gmt":"2025-07-16T11:24:26","slug":"vecinos-del-mte-usaron-la-banca-participativa-en-el-concejo-para-reclamar-por-obras-paralizadas","status":"publish","type":"post","link":"https:\/\/noticiasmercedinas.com\/site\/2025\/07\/16\/vecinos-del-mte-usaron-la-banca-participativa-en-el-concejo-para-reclamar-por-obras-paralizadas\/","title":{"rendered":"Vecinos del MTE usaron la banca participativa en el Concejo para reclamar por obras paralizadas"},"content":{"rendered":"<p data-start=\"261\" data-end=\"771\"><img loading=\"lazy\" decoding=\"async\" class=\"alignnone size-full wp-image-164216\" src=\"https:\/\/noticiasmercedinas.com\/site\/wp-content\/uploads\/2025\/07\/VBECINMOS.jpg\" alt=\"\" width=\"802\" height=\"589\" srcset=\"https:\/\/noticiasmercedinas.com\/site\/wp-content\/uploads\/2025\/07\/VBECINMOS.jpg 802w, https:\/\/noticiasmercedinas.com\/site\/wp-content\/uploads\/2025\/07\/VBECINMOS-300x220.jpg 300w, https:\/\/noticiasmercedinas.com\/site\/wp-content\/uploads\/2025\/07\/VBECINMOS-768x564.jpg 768w, https:\/\/noticiasmercedinas.com\/site\/wp-content\/uploads\/2025\/07\/VBECINMOS-80x60.jpg 80w, https:\/\/noticiasmercedinas.com\/site\/wp-content\/uploads\/2025\/07\/VBECINMOS-640x470.jpg 640w, https:\/\/noticiasmercedinas.com\/site\/wp-content\/uploads\/2025\/07\/VBECINMOS-681x500.jpg 681w\" sizes=\"auto, (max-width: 802px) 100vw, 802px\" \/><\/p>\n<p data-start=\"261\" data-end=\"771\">En la sesi\u00f3n del lunes 14 de julio del Honorable Concejo Deliberante de Mercedes, integrantes del <strong data-start=\"359\" data-end=\"405\">Movimiento de Trabajadores Excluidos (MTE)<\/strong> hicieron uso de la <strong data-start=\"425\" data-end=\"448\">Banca Participativa<\/strong>, una herramienta institucional que permite la expresi\u00f3n directa de la ciudadan\u00eda en el \u00e1mbito legislativo.<\/p>\n<p data-start=\"261\" data-end=\"771\">Durante su intervenci\u00f3n, solicitaron un <strong data-start=\"596\" data-end=\"629\">pedido de informe actualizado<\/strong> a la Subsecretar\u00eda de Integraci\u00f3n Social y Urbana sobre el estado de <strong data-start=\"699\" data-end=\"739\">las obras de integraci\u00f3n sociourbana<\/strong> dentro del partido de Mercedes.<\/p>\n<p data-start=\"773\" data-end=\"1133\">El reclamo incluy\u00f3 tanto las <strong data-start=\"802\" data-end=\"858\">obras de urbanizaci\u00f3n y mejoras en barrios populares<\/strong> como los proyectos de <strong data-start=\"881\" data-end=\"904\">lotes con servicios<\/strong>. Seg\u00fan se indic\u00f3, dichas obras se encuentran <strong data-start=\"950\" data-end=\"982\">frenadas desde fines de 2023<\/strong> por disposici\u00f3n del Gobierno Nacional, situaci\u00f3n que, seg\u00fan denunciaron, <strong data-start=\"1056\" data-end=\"1132\">impide que muchas familias puedan acceder al derecho a la vivienda digna<\/strong>.<\/p>\n<blockquote>\n<p data-start=\"773\" data-end=\"1133\">Las obras se encuentran frenadas desde fines de 2023 por disposici\u00f3n del Gobierno Nacional, situaci\u00f3n que, seg\u00fan denunciaron, impide que muchas familias puedan acceder al derecho a la vivienda digna.<\/p>\n<\/blockquote>\n<p data-start=\"1135\" data-end=\"1329\">Adem\u00e1s de esta participaci\u00f3n ciudadana, el Concejo Deliberante abord\u00f3 una <strong data-start=\"1209\" data-end=\"1238\">amplia agenda legislativa<\/strong> con proyectos de alcance local y nacional. Entre los puntos m\u00e1s destacados se presentaron:<\/p>\n<ul>\n<li data-start=\"1135\" data-end=\"1329\"><strong data-start=\"1333\" data-end=\"1378\">Un pedido al Ministerio de Capital Humano<\/strong> para resolver los problemas de inscripci\u00f3n al programa <strong data-start=\"1434\" data-end=\"1453\">Becas Progresar<\/strong> y garantizar su acceso para todos los j\u00f3venes que lo necesiten.<\/li>\n<li data-start=\"1135\" data-end=\"1329\"><strong data-start=\"1520\" data-end=\"1582\">Un reclamo por la actualizaci\u00f3n urgente del Programa Hogar<\/strong>, debido al fuerte incremento del precio de la garrafa, lo cual afecta especialmente a las familias con bajos ingresos.<\/li>\n<li data-start=\"1135\" data-end=\"1329\"><strong data-start=\"1704\" data-end=\"1791\">Una expresi\u00f3n de preocupaci\u00f3n por el posible cierre de la Fundaci\u00f3n de la Hemofilia<\/strong>, entidad de referencia a nivel nacional en el tratamiento de esta enfermedad, debido al retiro del subsidio estatal.<\/li>\n<li data-start=\"1135\" data-end=\"1329\"><strong data-start=\"1911\" data-end=\"2003\">Un rechazo a las nuevas restricciones para la acreditaci\u00f3n de periodistas en Casa Rosada<\/strong>, por considerarlas una vulneraci\u00f3n al derecho a la <strong data-start=\"2055\" data-end=\"2077\">libertad de prensa<\/strong>.<\/li>\n<\/ul>\n<p data-start=\"2080\" data-end=\"2166\">En cuanto a temas de car\u00e1cter local, los ediles acompa\u00f1aron propuestas que contemplan:<\/p>\n<ul>\n<li data-start=\"2170\" data-end=\"2257\">Mejoras en <strong data-start=\"2181\" data-end=\"2223\">calles, luminarias y espacios p\u00fablicos<\/strong> en distintos barrios del partido.<\/li>\n<li data-start=\"2170\" data-end=\"2257\"><strong data-start=\"2260\" data-end=\"2292\">Solicitudes de mantenimiento<\/strong> en infraestructura urbana y <strong data-start=\"2321\" data-end=\"2355\">adecuaciones por accesibilidad<\/strong>.<\/li>\n<li data-start=\"2170\" data-end=\"2257\">Proyectos para dar <strong data-start=\"2378\" data-end=\"2450\">seguimiento y exigir la reactivaci\u00f3n de obras nacionales paralizadas<\/strong>, como la construcci\u00f3n de viviendas para personas mayores y el desarrollo de barrios populares.<\/li>\n<\/ul>\n<p data-start=\"2547\" data-end=\"2852\">Desde el cuerpo legislativo manifestaron su <strong data-start=\"2591\" data-end=\"2657\">compromiso con el trabajo participativo y el acceso a derechos<\/strong>, y destacaron que la pol\u00edtica debe estar \u201cal servicio de las y los vecinos\u201d, reafirmando as\u00ed su rol como <strong data-start=\"2763\" data-end=\"2851\">canal institucional para visibilizar y atender las demandas sociales de la comunidad<\/strong>.<\/p>\n","protected":false},"excerpt":{"rendered":"<p>\u25a0 Solicitaron un pedido de informe actualizado a la Subsecretar\u00eda de Integraci\u00f3n Social y Urbana sobre el estado de las obras de integraci\u00f3n sociourbana dentro del partido<\/p>\n","protected":false},"author":16,"featured_media":164216,"comment_status":"closed","ping_status":"closed","sticky":false,"template":"","format":"standard","meta":{"footnotes":""},"categories":[16],"tags":[455,243,1417,4229,20484,544],"class_list":["post-164215","post","type-post","status-publish","format-standard","has-post-thumbnail","hentry","category-politica","tag-banca-participativa","tag-concejo-deliberante","tag-mte","tag-sesion","tag-sisu","tag-viviendas"],"yoast_head":"<!-- This site is optimized with the Yoast SEO plugin v27.5 - https:\/\/yoast.com\/product\/yoast-seo-wordpress\/ -->\n<title>Vecinos del MTE usaron la banca participativa en el Concejo para reclamar por obras paralizadas<\/title>\n<meta name=\"description\" content=\"Solicitaron un pedido de informe actualizado a la Subsecretar\u00eda de Integraci\u00f3n Social y Urbana sobre el estado de las obras de integraci\u00f3n sociourbana dentro del partido\" \/>\n<meta name=\"robots\" content=\"index, follow, max-snippet:-1, max-image-preview:large, max-video-preview:-1\" \/>\n<link rel=\"canonical\" href=\"https:\/\/noticiasmercedinas.com\/site\/2025\/07\/16\/vecinos-del-mte-usaron-la-banca-participativa-en-el-concejo-para-reclamar-por-obras-paralizadas\/\" \/>\n<meta property=\"og:locale\" content=\"es_ES\" \/>\n<meta property=\"og:type\" content=\"article\" \/>\n<meta property=\"og:title\" content=\"Vecinos del MTE usaron la banca participativa en el Concejo para reclamar por obras paralizadas\" \/>\n<meta property=\"og:description\" content=\"Solicitaron un pedido de informe actualizado a la Subsecretar\u00eda de Integraci\u00f3n Social y Urbana sobre el estado de las obras de integraci\u00f3n sociourbana dentro del partido\" \/>\n<meta property=\"og:url\" content=\"https:\/\/noticiasmercedinas.com\/site\/2025\/07\/16\/vecinos-del-mte-usaron-la-banca-participativa-en-el-concejo-para-reclamar-por-obras-paralizadas\/\" \/>\n<meta property=\"og:site_name\" content=\"NOTICIASMERCEDINAS.COM\" \/>\n<meta property=\"article:publisher\" content=\"https:\/\/www.facebook.com\/noticiasmercedinas\/\" \/>\n<meta property=\"article:published_time\" content=\"2025-07-16T11:24:26+00:00\" \/>\n<meta property=\"og:image\" content=\"https:\/\/noticiasmercedinas.com\/site\/wp-content\/uploads\/2025\/07\/VBECINMOS.jpg\" \/>\n\t<meta property=\"og:image:width\" content=\"802\" \/>\n\t<meta property=\"og:image:height\" content=\"589\" \/>\n\t<meta property=\"og:image:type\" content=\"image\/jpeg\" \/>\n<meta name=\"author\" content=\"NOTICIASMERCEDINAS.COM\" \/>\n<meta name=\"twitter:card\" content=\"summary_large_image\" \/>\n<meta name=\"twitter:creator\" content=\"@notmercedinas\" \/>\n<meta name=\"twitter:site\" content=\"@notmercedinas\" \/>\n<meta name=\"twitter:label1\" content=\"Escrito por\" \/>\n\t<meta name=\"twitter:data1\" content=\"NOTICIASMERCEDINAS.COM\" \/>\n\t<meta name=\"twitter:label2\" content=\"Tiempo de lectura\" \/>\n\t<meta name=\"twitter:data2\" content=\"3 minutos\" \/>\n<script type=\"application\/ld+json\" class=\"yoast-schema-graph\">{\"@context\":\"https:\\\/\\\/schema.org\",\"@graph\":[{\"@type\":\"Article\",\"@id\":\"https:\\\/\\\/noticiasmercedinas.com\\\/site\\\/2025\\\/07\\\/16\\\/vecinos-del-mte-usaron-la-banca-participativa-en-el-concejo-para-reclamar-por-obras-paralizadas\\\/#article\",\"isPartOf\":{\"@id\":\"https:\\\/\\\/noticiasmercedinas.com\\\/site\\\/2025\\\/07\\\/16\\\/vecinos-del-mte-usaron-la-banca-participativa-en-el-concejo-para-reclamar-por-obras-paralizadas\\\/\"},\"author\":{\"name\":\"NOTICIASMERCEDINAS.COM\",\"@id\":\"https:\\\/\\\/noticiasmercedinas.com\\\/site\\\/#\\\/schema\\\/person\\\/84b59c099c28ff2e8b77d4ceec5d8063\"},\"headline\":\"Vecinos del MTE usaron la banca participativa en el Concejo para reclamar por obras paralizadas\",\"datePublished\":\"2025-07-16T11:24:26+00:00\",\"mainEntityOfPage\":{\"@id\":\"https:\\\/\\\/noticiasmercedinas.com\\\/site\\\/2025\\\/07\\\/16\\\/vecinos-del-mte-usaron-la-banca-participativa-en-el-concejo-para-reclamar-por-obras-paralizadas\\\/\"},\"wordCount\":448,\"publisher\":{\"@id\":\"https:\\\/\\\/noticiasmercedinas.com\\\/site\\\/#organization\"},\"image\":{\"@id\":\"https:\\\/\\\/noticiasmercedinas.com\\\/site\\\/2025\\\/07\\\/16\\\/vecinos-del-mte-usaron-la-banca-participativa-en-el-concejo-para-reclamar-por-obras-paralizadas\\\/#primaryimage\"},\"thumbnailUrl\":\"https:\\\/\\\/noticiasmercedinas.com\\\/site\\\/wp-content\\\/uploads\\\/2025\\\/07\\\/VBECINMOS.jpg\",\"keywords\":[\"banca participativa\",\"concejo deliberante\",\"MTE\",\"sesion\",\"sisu\",\"viviendas\"],\"articleSection\":[\"Politica\"],\"inLanguage\":\"es\"},{\"@type\":\"WebPage\",\"@id\":\"https:\\\/\\\/noticiasmercedinas.com\\\/site\\\/2025\\\/07\\\/16\\\/vecinos-del-mte-usaron-la-banca-participativa-en-el-concejo-para-reclamar-por-obras-paralizadas\\\/\",\"url\":\"https:\\\/\\\/noticiasmercedinas.com\\\/site\\\/2025\\\/07\\\/16\\\/vecinos-del-mte-usaron-la-banca-participativa-en-el-concejo-para-reclamar-por-obras-paralizadas\\\/\",\"name\":\"Vecinos del MTE usaron la banca participativa en el Concejo para reclamar por obras paralizadas\",\"isPartOf\":{\"@id\":\"https:\\\/\\\/noticiasmercedinas.com\\\/site\\\/#website\"},\"primaryImageOfPage\":{\"@id\":\"https:\\\/\\\/noticiasmercedinas.com\\\/site\\\/2025\\\/07\\\/16\\\/vecinos-del-mte-usaron-la-banca-participativa-en-el-concejo-para-reclamar-por-obras-paralizadas\\\/#primaryimage\"},\"image\":{\"@id\":\"https:\\\/\\\/noticiasmercedinas.com\\\/site\\\/2025\\\/07\\\/16\\\/vecinos-del-mte-usaron-la-banca-participativa-en-el-concejo-para-reclamar-por-obras-paralizadas\\\/#primaryimage\"},\"thumbnailUrl\":\"https:\\\/\\\/noticiasmercedinas.com\\\/site\\\/wp-content\\\/uploads\\\/2025\\\/07\\\/VBECINMOS.jpg\",\"datePublished\":\"2025-07-16T11:24:26+00:00\",\"description\":\"Solicitaron un pedido de informe actualizado a la Subsecretar\u00eda de Integraci\u00f3n Social y Urbana sobre el estado de las obras de integraci\u00f3n sociourbana dentro del partido\",\"breadcrumb\":{\"@id\":\"https:\\\/\\\/noticiasmercedinas.com\\\/site\\\/2025\\\/07\\\/16\\\/vecinos-del-mte-usaron-la-banca-participativa-en-el-concejo-para-reclamar-por-obras-paralizadas\\\/#breadcrumb\"},\"inLanguage\":\"es\",\"potentialAction\":[{\"@type\":\"ReadAction\",\"target\":[\"https:\\\/\\\/noticiasmercedinas.com\\\/site\\\/2025\\\/07\\\/16\\\/vecinos-del-mte-usaron-la-banca-participativa-en-el-concejo-para-reclamar-por-obras-paralizadas\\\/\"]}]},{\"@type\":\"ImageObject\",\"inLanguage\":\"es\",\"@id\":\"https:\\\/\\\/noticiasmercedinas.com\\\/site\\\/2025\\\/07\\\/16\\\/vecinos-del-mte-usaron-la-banca-participativa-en-el-concejo-para-reclamar-por-obras-paralizadas\\\/#primaryimage\",\"url\":\"https:\\\/\\\/noticiasmercedinas.com\\\/site\\\/wp-content\\\/uploads\\\/2025\\\/07\\\/VBECINMOS.jpg\",\"contentUrl\":\"https:\\\/\\\/noticiasmercedinas.com\\\/site\\\/wp-content\\\/uploads\\\/2025\\\/07\\\/VBECINMOS.jpg\",\"width\":802,\"height\":589},{\"@type\":\"BreadcrumbList\",\"@id\":\"https:\\\/\\\/noticiasmercedinas.com\\\/site\\\/2025\\\/07\\\/16\\\/vecinos-del-mte-usaron-la-banca-participativa-en-el-concejo-para-reclamar-por-obras-paralizadas\\\/#breadcrumb\",\"itemListElement\":[{\"@type\":\"ListItem\",\"position\":1,\"name\":\"Portada\",\"item\":\"https:\\\/\\\/noticiasmercedinas.com\\\/site\\\/\"},{\"@type\":\"ListItem\",\"position\":2,\"name\":\"Vecinos del MTE usaron la banca participativa en el Concejo para reclamar por obras paralizadas\"}]},{\"@type\":\"WebSite\",\"@id\":\"https:\\\/\\\/noticiasmercedinas.com\\\/site\\\/#website\",\"url\":\"https:\\\/\\\/noticiasmercedinas.com\\\/site\\\/\",\"name\":\"NOTICIASMERCEDINAS.COM\",\"description\":\"Mercedes, Buenos Aires, Argentina\",\"publisher\":{\"@id\":\"https:\\\/\\\/noticiasmercedinas.com\\\/site\\\/#organization\"},\"potentialAction\":[{\"@type\":\"SearchAction\",\"target\":{\"@type\":\"EntryPoint\",\"urlTemplate\":\"https:\\\/\\\/noticiasmercedinas.com\\\/site\\\/?s={search_term_string}\"},\"query-input\":{\"@type\":\"PropertyValueSpecification\",\"valueRequired\":true,\"valueName\":\"search_term_string\"}}],\"inLanguage\":\"es\"},{\"@type\":\"Organization\",\"@id\":\"https:\\\/\\\/noticiasmercedinas.com\\\/site\\\/#organization\",\"name\":\"NOTICIASMERCEDINAS.COM\",\"url\":\"https:\\\/\\\/noticiasmercedinas.com\\\/site\\\/\",\"logo\":{\"@type\":\"ImageObject\",\"inLanguage\":\"es\",\"@id\":\"https:\\\/\\\/noticiasmercedinas.com\\\/site\\\/#\\\/schema\\\/logo\\\/image\\\/\",\"url\":\"https:\\\/\\\/noticiasmercedinas.com\\\/site\\\/wp-content\\\/uploads\\\/2020\\\/06\\\/LOGO-512.jpg\",\"contentUrl\":\"https:\\\/\\\/noticiasmercedinas.com\\\/site\\\/wp-content\\\/uploads\\\/2020\\\/06\\\/LOGO-512.jpg\",\"width\":512,\"height\":512,\"caption\":\"NOTICIASMERCEDINAS.COM\"},\"image\":{\"@id\":\"https:\\\/\\\/noticiasmercedinas.com\\\/site\\\/#\\\/schema\\\/logo\\\/image\\\/\"},\"sameAs\":[\"https:\\\/\\\/www.facebook.com\\\/noticiasmercedinas\\\/\",\"https:\\\/\\\/x.com\\\/notmercedinas\",\"https:\\\/\\\/www.instagram.com\\\/noticiasmercedinas\\\/\"]},{\"@type\":\"Person\",\"@id\":\"https:\\\/\\\/noticiasmercedinas.com\\\/site\\\/#\\\/schema\\\/person\\\/84b59c099c28ff2e8b77d4ceec5d8063\",\"name\":\"NOTICIASMERCEDINAS.COM\",\"image\":{\"@type\":\"ImageObject\",\"inLanguage\":\"es\",\"@id\":\"https:\\\/\\\/secure.gravatar.com\\\/avatar\\\/4dfbf16b4d17945bfb6341b2d19043457132fcf478a5ee04f42e959fd8f5df0a?s=96&d=mm&r=g\",\"url\":\"https:\\\/\\\/secure.gravatar.com\\\/avatar\\\/4dfbf16b4d17945bfb6341b2d19043457132fcf478a5ee04f42e959fd8f5df0a?s=96&d=mm&r=g\",\"contentUrl\":\"https:\\\/\\\/secure.gravatar.com\\\/avatar\\\/4dfbf16b4d17945bfb6341b2d19043457132fcf478a5ee04f42e959fd8f5df0a?s=96&d=mm&r=g\",\"caption\":\"NOTICIASMERCEDINAS.COM\"},\"url\":\"https:\\\/\\\/noticiasmercedinas.com\\\/site\\\/author\\\/anonimo\\\/\"}]}<\/script>\n<!-- \/ Yoast SEO plugin. -->","yoast_head_json":{"title":"Vecinos del MTE usaron la banca participativa en el Concejo para reclamar por obras paralizadas","description":"Solicitaron un pedido de informe actualizado a la Subsecretar\u00eda de Integraci\u00f3n Social y Urbana sobre el estado de las obras de integraci\u00f3n sociourbana dentro del partido","robots":{"index":"index","follow":"follow","max-snippet":"max-snippet:-1","max-image-preview":"max-image-preview:large","max-video-preview":"max-video-preview:-1"},"canonical":"https:\/\/noticiasmercedinas.com\/site\/2025\/07\/16\/vecinos-del-mte-usaron-la-banca-participativa-en-el-concejo-para-reclamar-por-obras-paralizadas\/","og_locale":"es_ES","og_type":"article","og_title":"Vecinos del MTE usaron la banca participativa en el Concejo para reclamar por obras paralizadas","og_description":"Solicitaron un pedido de informe actualizado a la Subsecretar\u00eda de Integraci\u00f3n Social y Urbana sobre el estado de las obras de integraci\u00f3n sociourbana dentro del partido","og_url":"https:\/\/noticiasmercedinas.com\/site\/2025\/07\/16\/vecinos-del-mte-usaron-la-banca-participativa-en-el-concejo-para-reclamar-por-obras-paralizadas\/","og_site_name":"NOTICIASMERCEDINAS.COM","article_publisher":"https:\/\/www.facebook.com\/noticiasmercedinas\/","article_published_time":"2025-07-16T11:24:26+00:00","og_image":[{"width":802,"height":589,"url":"https:\/\/noticiasmercedinas.com\/site\/wp-content\/uploads\/2025\/07\/VBECINMOS.jpg","type":"image\/jpeg"}],"author":"NOTICIASMERCEDINAS.COM","twitter_card":"summary_large_image","twitter_creator":"@notmercedinas","twitter_site":"@notmercedinas","twitter_misc":{"Escrito por":"NOTICIASMERCEDINAS.COM","Tiempo de lectura":"3 minutos"},"schema":{"@context":"https:\/\/schema.org","@graph":[{"@type":"Article","@id":"https:\/\/noticiasmercedinas.com\/site\/2025\/07\/16\/vecinos-del-mte-usaron-la-banca-participativa-en-el-concejo-para-reclamar-por-obras-paralizadas\/#article","isPartOf":{"@id":"https:\/\/noticiasmercedinas.com\/site\/2025\/07\/16\/vecinos-del-mte-usaron-la-banca-participativa-en-el-concejo-para-reclamar-por-obras-paralizadas\/"},"author":{"name":"NOTICIASMERCEDINAS.COM","@id":"https:\/\/noticiasmercedinas.com\/site\/#\/schema\/person\/84b59c099c28ff2e8b77d4ceec5d8063"},"headline":"Vecinos del MTE usaron la banca participativa en el Concejo para reclamar por obras paralizadas","datePublished":"2025-07-16T11:24:26+00:00","mainEntityOfPage":{"@id":"https:\/\/noticiasmercedinas.com\/site\/2025\/07\/16\/vecinos-del-mte-usaron-la-banca-participativa-en-el-concejo-para-reclamar-por-obras-paralizadas\/"},"wordCount":448,"publisher":{"@id":"https:\/\/noticiasmercedinas.com\/site\/#organization"},"image":{"@id":"https:\/\/noticiasmercedinas.com\/site\/2025\/07\/16\/vecinos-del-mte-usaron-la-banca-participativa-en-el-concejo-para-reclamar-por-obras-paralizadas\/#primaryimage"},"thumbnailUrl":"https:\/\/noticiasmercedinas.com\/site\/wp-content\/uploads\/2025\/07\/VBECINMOS.jpg","keywords":["banca participativa","concejo deliberante","MTE","sesion","sisu","viviendas"],"articleSection":["Politica"],"inLanguage":"es"},{"@type":"WebPage","@id":"https:\/\/noticiasmercedinas.com\/site\/2025\/07\/16\/vecinos-del-mte-usaron-la-banca-participativa-en-el-concejo-para-reclamar-por-obras-paralizadas\/","url":"https:\/\/noticiasmercedinas.com\/site\/2025\/07\/16\/vecinos-del-mte-usaron-la-banca-participativa-en-el-concejo-para-reclamar-por-obras-paralizadas\/","name":"Vecinos del MTE usaron la banca participativa en el Concejo para reclamar por obras paralizadas","isPartOf":{"@id":"https:\/\/noticiasmercedinas.com\/site\/#website"},"primaryImageOfPage":{"@id":"https:\/\/noticiasmercedinas.com\/site\/2025\/07\/16\/vecinos-del-mte-usaron-la-banca-participativa-en-el-concejo-para-reclamar-por-obras-paralizadas\/#primaryimage"},"image":{"@id":"https:\/\/noticiasmercedinas.com\/site\/2025\/07\/16\/vecinos-del-mte-usaron-la-banca-participativa-en-el-concejo-para-reclamar-por-obras-paralizadas\/#primaryimage"},"thumbnailUrl":"https:\/\/noticiasmercedinas.com\/site\/wp-content\/uploads\/2025\/07\/VBECINMOS.jpg","datePublished":"2025-07-16T11:24:26+00:00","description":"Solicitaron un pedido de informe actualizado a la Subsecretar\u00eda de Integraci\u00f3n Social y Urbana sobre el estado de las obras de integraci\u00f3n sociourbana dentro del partido","breadcrumb":{"@id":"https:\/\/noticiasmercedinas.com\/site\/2025\/07\/16\/vecinos-del-mte-usaron-la-banca-participativa-en-el-concejo-para-reclamar-por-obras-paralizadas\/#breadcrumb"},"inLanguage":"es","potentialAction":[{"@type":"ReadAction","target":["https:\/\/noticiasmercedinas.com\/site\/2025\/07\/16\/vecinos-del-mte-usaron-la-banca-participativa-en-el-concejo-para-reclamar-por-obras-paralizadas\/"]}]},{"@type":"ImageObject","inLanguage":"es","@id":"https:\/\/noticiasmercedinas.com\/site\/2025\/07\/16\/vecinos-del-mte-usaron-la-banca-participativa-en-el-concejo-para-reclamar-por-obras-paralizadas\/#primaryimage","url":"https:\/\/noticiasmercedinas.com\/site\/wp-content\/uploads\/2025\/07\/VBECINMOS.jpg","contentUrl":"https:\/\/noticiasmercedinas.com\/site\/wp-content\/uploads\/2025\/07\/VBECINMOS.jpg","width":802,"height":589},{"@type":"BreadcrumbList","@id":"https:\/\/noticiasmercedinas.com\/site\/2025\/07\/16\/vecinos-del-mte-usaron-la-banca-participativa-en-el-concejo-para-reclamar-por-obras-paralizadas\/#breadcrumb","itemListElement":[{"@type":"ListItem","position":1,"name":"Portada","item":"https:\/\/noticiasmercedinas.com\/site\/"},{"@type":"ListItem","position":2,"name":"Vecinos del MTE usaron la banca participativa en el Concejo para reclamar por obras paralizadas"}]},{"@type":"WebSite","@id":"https:\/\/noticiasmercedinas.com\/site\/#website","url":"https:\/\/noticiasmercedinas.com\/site\/","name":"NOTICIASMERCEDINAS.COM","description":"Mercedes, Buenos Aires, Argentina","publisher":{"@id":"https:\/\/noticiasmercedinas.com\/site\/#organization"},"potentialAction":[{"@type":"SearchAction","target":{"@type":"EntryPoint","urlTemplate":"https:\/\/noticiasmercedinas.com\/site\/?s={search_term_string}"},"query-input":{"@type":"PropertyValueSpecification","valueRequired":true,"valueName":"search_term_string"}}],"inLanguage":"es"},{"@type":"Organization","@id":"https:\/\/noticiasmercedinas.com\/site\/#organization","name":"NOTICIASMERCEDINAS.COM","url":"https:\/\/noticiasmercedinas.com\/site\/","logo":{"@type":"ImageObject","inLanguage":"es","@id":"https:\/\/noticiasmercedinas.com\/site\/#\/schema\/logo\/image\/","url":"https:\/\/noticiasmercedinas.com\/site\/wp-content\/uploads\/2020\/06\/LOGO-512.jpg","contentUrl":"https:\/\/noticiasmercedinas.com\/site\/wp-content\/uploads\/2020\/06\/LOGO-512.jpg","width":512,"height":512,"caption":"NOTICIASMERCEDINAS.COM"},"image":{"@id":"https:\/\/noticiasmercedinas.com\/site\/#\/schema\/logo\/image\/"},"sameAs":["https:\/\/www.facebook.com\/noticiasmercedinas\/","https:\/\/x.com\/notmercedinas","https:\/\/www.instagram.com\/noticiasmercedinas\/"]},{"@type":"Person","@id":"https:\/\/noticiasmercedinas.com\/site\/#\/schema\/person\/84b59c099c28ff2e8b77d4ceec5d8063","name":"NOTICIASMERCEDINAS.COM","image":{"@type":"ImageObject","inLanguage":"es","@id":"https:\/\/secure.gravatar.com\/avatar\/4dfbf16b4d17945bfb6341b2d19043457132fcf478a5ee04f42e959fd8f5df0a?s=96&d=mm&r=g","url":"https:\/\/secure.gravatar.com\/avatar\/4dfbf16b4d17945bfb6341b2d19043457132fcf478a5ee04f42e959fd8f5df0a?s=96&d=mm&r=g","contentUrl":"https:\/\/secure.gravatar.com\/avatar\/4dfbf16b4d17945bfb6341b2d19043457132fcf478a5ee04f42e959fd8f5df0a?s=96&d=mm&r=g","caption":"NOTICIASMERCEDINAS.COM"},"url":"https:\/\/noticiasmercedinas.com\/site\/author\/anonimo\/"}]}},"amp_enabled":true,"_links":{"self":[{"href":"https:\/\/noticiasmercedinas.com\/site\/wp-json\/wp\/v2\/posts\/164215","targetHints":{"allow":["GET"]}}],"collection":[{"href":"https:\/\/noticiasmercedinas.com\/site\/wp-json\/wp\/v2\/posts"}],"about":[{"href":"https:\/\/noticiasmercedinas.com\/site\/wp-json\/wp\/v2\/types\/post"}],"author":[{"embeddable":true,"href":"https:\/\/noticiasmercedinas.com\/site\/wp-json\/wp\/v2\/users\/16"}],"replies":[{"embeddable":true,"href":"https:\/\/noticiasmercedinas.com\/site\/wp-json\/wp\/v2\/comments?post=164215"}],"version-history":[{"count":1,"href":"https:\/\/noticiasmercedinas.com\/site\/wp-json\/wp\/v2\/posts\/164215\/revisions"}],"predecessor-version":[{"id":164217,"href":"https:\/\/noticiasmercedinas.com\/site\/wp-json\/wp\/v2\/posts\/164215\/revisions\/164217"}],"wp:featuredmedia":[{"embeddable":true,"href":"https:\/\/noticiasmercedinas.com\/site\/wp-json\/wp\/v2\/media\/164216"}],"wp:attachment":[{"href":"https:\/\/noticiasmercedinas.com\/site\/wp-json\/wp\/v2\/media?parent=164215"}],"wp:term":[{"taxonomy":"category","embeddable":true,"href":"https:\/\/noticiasmercedinas.com\/site\/wp-json\/wp\/v2\/categories?post=164215"},{"taxonomy":"post_tag","embeddable":true,"href":"https:\/\/noticiasmercedinas.com\/site\/wp-json\/wp\/v2\/tags?post=164215"}],"curies":[{"name":"wp","href":"https:\/\/api.w.org\/{rel}","templated":true}]}}