{"id":164247,"date":"2025-07-16T11:21:20","date_gmt":"2025-07-16T14:21:20","guid":{"rendered":"https:\/\/noticiasmercedinas.com\/site\/?p=164247"},"modified":"2025-07-16T11:21:20","modified_gmt":"2025-07-16T14:21:20","slug":"volco-un-camion-con-aves-vivas-en-la-ruta-5-tras-chocar-contra-un-caballo","status":"publish","type":"post","link":"https:\/\/noticiasmercedinas.com\/site\/2025\/07\/16\/volco-un-camion-con-aves-vivas-en-la-ruta-5-tras-chocar-contra-un-caballo\/","title":{"rendered":"Volc\u00f3 un cami\u00f3n con aves vivas en la Ruta 5 tras chocar contra un caballo"},"content":{"rendered":"<p data-start=\"309\" data-end=\"676\"><img loading=\"lazy\" decoding=\"async\" class=\"alignnone size-full wp-image-18560\" src=\"https:\/\/noticiasmercedinas.com\/site\/wp-content\/uploads\/2019\/05\/policia_luces-1.jpg\" alt=\"\" width=\"640\" height=\"427\" srcset=\"https:\/\/noticiasmercedinas.com\/site\/wp-content\/uploads\/2019\/05\/policia_luces-1.jpg 640w, https:\/\/noticiasmercedinas.com\/site\/wp-content\/uploads\/2019\/05\/policia_luces-1-300x200.jpg 300w\" sizes=\"auto, (max-width: 640px) 100vw, 640px\" \/><\/p>\n<p data-start=\"309\" data-end=\"676\">Un cami\u00f3n que transportaba aves vivas volc\u00f3 en la madrugada de este mi\u00e9rcoles en la Ruta 5, a la altura del barrio Loreto, en la localidad de J\u00e1uregui, tras embestir a un caballo suelto sobre la traza. El siniestro gener\u00f3 importantes demoras y complicaciones para quienes viajaban hacia o desde la ciudad de Mercedes durante la madrugada y las primeras horas del d\u00eda.<\/p>\n<p data-start=\"678\" data-end=\"1056\">Seg\u00fan inform\u00f3 el periodista Gustavo Chiarino del diario <em data-start=\"734\" data-end=\"755\">El Civismo de Luj\u00e1n<\/em>, el hecho ocurri\u00f3 cerca de la 1:30 en el kil\u00f3metro 72 de la autov\u00eda. Un cami\u00f3n Iveco modelo 170E22, perteneciente a la empresa Transporte \u201cLos Viejos\u201d, circulaba en sentido descendente hacia Luj\u00e1n cuando impact\u00f3 de lleno contra el animal, perdi\u00f3 el control y volc\u00f3 parte de su carga sobre la calzada.<\/p>\n<p data-start=\"1058\" data-end=\"1280\">El veh\u00edculo remolcaba un acoplado Helvetica cargado con cajones pl\u00e1sticos que conten\u00edan aves vivas. Afortunadamente, el conductor \u2014Maximiliano Sebasti\u00e1n S\u00e1nchez, de 42 a\u00f1os y oriundo de San Antonio de Areco\u2014 result\u00f3 ileso.<\/p>\n<p data-start=\"1282\" data-end=\"1608\">A ra\u00edz del siniestro, la ruta debi\u00f3 ser cortada por varias horas, obligando a desviar el tr\u00e1nsito por la vieja traza de la Ruta Nacional 5. Esto gener\u00f3 molestias para numerosos usuarios, especialmente trabajadores y transportistas que se dirig\u00edan a Mercedes o sal\u00edan de la ciudad en la madrugada y primeras horas de la ma\u00f1ana.<\/p>\n<p data-start=\"1610\" data-end=\"1892\">En el lugar trabajaron efectivos del Destacamento de Polic\u00eda de Olivera, personal de Corredores Viales y agentes de la Guardia Urbana municipal. Cabe destacar que el sector donde ocurri\u00f3 el hecho no cuenta con iluminaci\u00f3n artificial y presentaba condiciones de visibilidad reducida.<\/p>\n<p data-start=\"1894\" data-end=\"2310\">Por otro lado, casi en simult\u00e1neo, otro incidente tuvo lugar en el Acceso Oeste, en cercan\u00edas del puente Beschtedt. En ese caso, un cami\u00f3n de la empresa Transcur, con remolque identificado con el logo de cerveza Schneider, termin\u00f3 con la cabina aprisionada contra un guardarail. Se presume que el conductor pudo haber perdido el control por una r\u00e1faga de viento o tras realizar una maniobra para evitar un obst\u00e1culo.<\/p>\n<p data-start=\"2312\" data-end=\"2513\">Ambos siniestros, afortunadamente sin heridos, reavivan la preocupaci\u00f3n por la seguridad en las rutas de la regi\u00f3n, especialmente por la presencia de animales sueltos y condiciones de baja visibilidad.<\/p>\n","protected":false},"excerpt":{"rendered":"<p>\u25a0 Hubo complicaciones para quienes ingresaban o sal\u00edan de Mercedes este mi\u00e9rcoles. Fue en el km 72. Afortunadamente, el conductor \u2014Maximiliano Sebasti\u00e1n S\u00e1nchez, 42 a\u00f1os, de San Antonio de Areco\u2014 result\u00f3 ileso<\/p>\n","protected":false},"author":16,"featured_media":9545,"comment_status":"closed","ping_status":"closed","sticky":false,"template":"","format":"standard","meta":{"footnotes":""},"categories":[7],"tags":[502,665],"class_list":["post-164247","post","type-post","status-publish","format-standard","has-post-thumbnail","hentry","category-policiales","tag-accidente","tag-ruta-5"],"yoast_head":"<!-- This site is optimized with the Yoast SEO plugin v27.4 - https:\/\/yoast.com\/product\/yoast-seo-wordpress\/ -->\n<title>Volc\u00f3 un cami\u00f3n con aves vivas en la Ruta 5 tras chocar contra un caballo<\/title>\n<meta name=\"description\" content=\"Hubo complicaciones para quienes ingresaban o sal\u00edan de Mercedes este mi\u00e9rcoles. Fue en el km 72. Afortunadamente, el conductor \u2014Maximiliano Sebasti\u00e1n S\u00e1nchez, de 42 a\u00f1os y oriundo de San Antonio de Areco\u2014 result\u00f3 ileso\" \/>\n<meta name=\"robots\" content=\"index, follow, max-snippet:-1, max-image-preview:large, max-video-preview:-1\" \/>\n<link rel=\"canonical\" href=\"https:\/\/noticiasmercedinas.com\/site\/2025\/07\/16\/volco-un-camion-con-aves-vivas-en-la-ruta-5-tras-chocar-contra-un-caballo\/\" \/>\n<meta property=\"og:locale\" content=\"es_ES\" \/>\n<meta property=\"og:type\" content=\"article\" \/>\n<meta property=\"og:title\" content=\"Volc\u00f3 un cami\u00f3n con aves vivas en la Ruta 5 tras chocar contra un caballo\" \/>\n<meta property=\"og:description\" content=\"Hubo complicaciones para quienes ingresaban o sal\u00edan de Mercedes este mi\u00e9rcoles. Fue en el km 72. Afortunadamente, el conductor \u2014Maximiliano Sebasti\u00e1n S\u00e1nchez, de 42 a\u00f1os y oriundo de San Antonio de Areco\u2014 result\u00f3 ileso\" \/>\n<meta property=\"og:url\" content=\"https:\/\/noticiasmercedinas.com\/site\/2025\/07\/16\/volco-un-camion-con-aves-vivas-en-la-ruta-5-tras-chocar-contra-un-caballo\/\" \/>\n<meta property=\"og:site_name\" content=\"NOTICIASMERCEDINAS.COM\" \/>\n<meta property=\"article:publisher\" content=\"https:\/\/www.facebook.com\/noticiasmercedinas\/\" \/>\n<meta property=\"article:published_time\" content=\"2025-07-16T14:21:20+00:00\" \/>\n<meta property=\"og:image\" content=\"https:\/\/noticiasmercedinas.com\/site\/wp-content\/uploads\/2018\/12\/policia_luces.jpg\" \/>\n\t<meta property=\"og:image:width\" content=\"640\" \/>\n\t<meta property=\"og:image:height\" content=\"427\" \/>\n\t<meta property=\"og:image:type\" content=\"image\/jpeg\" \/>\n<meta name=\"author\" content=\"NOTICIASMERCEDINAS.COM\" \/>\n<meta name=\"twitter:card\" content=\"summary_large_image\" \/>\n<meta name=\"twitter:creator\" content=\"@notmercedinas\" \/>\n<meta name=\"twitter:site\" content=\"@notmercedinas\" \/>\n<meta name=\"twitter:label1\" content=\"Escrito por\" \/>\n\t<meta name=\"twitter:data1\" content=\"NOTICIASMERCEDINAS.COM\" \/>\n\t<meta name=\"twitter:label2\" content=\"Tiempo de lectura\" \/>\n\t<meta name=\"twitter:data2\" content=\"3 minutos\" \/>\n<script type=\"application\/ld+json\" class=\"yoast-schema-graph\">{\"@context\":\"https:\\\/\\\/schema.org\",\"@graph\":[{\"@type\":\"Article\",\"@id\":\"https:\\\/\\\/noticiasmercedinas.com\\\/site\\\/2025\\\/07\\\/16\\\/volco-un-camion-con-aves-vivas-en-la-ruta-5-tras-chocar-contra-un-caballo\\\/#article\",\"isPartOf\":{\"@id\":\"https:\\\/\\\/noticiasmercedinas.com\\\/site\\\/2025\\\/07\\\/16\\\/volco-un-camion-con-aves-vivas-en-la-ruta-5-tras-chocar-contra-un-caballo\\\/\"},\"author\":{\"name\":\"NOTICIASMERCEDINAS.COM\",\"@id\":\"https:\\\/\\\/noticiasmercedinas.com\\\/site\\\/#\\\/schema\\\/person\\\/84b59c099c28ff2e8b77d4ceec5d8063\"},\"headline\":\"Volc\u00f3 un cami\u00f3n con aves vivas en la Ruta 5 tras chocar contra un caballo\",\"datePublished\":\"2025-07-16T14:21:20+00:00\",\"mainEntityOfPage\":{\"@id\":\"https:\\\/\\\/noticiasmercedinas.com\\\/site\\\/2025\\\/07\\\/16\\\/volco-un-camion-con-aves-vivas-en-la-ruta-5-tras-chocar-contra-un-caballo\\\/\"},\"wordCount\":393,\"publisher\":{\"@id\":\"https:\\\/\\\/noticiasmercedinas.com\\\/site\\\/#organization\"},\"image\":{\"@id\":\"https:\\\/\\\/noticiasmercedinas.com\\\/site\\\/2025\\\/07\\\/16\\\/volco-un-camion-con-aves-vivas-en-la-ruta-5-tras-chocar-contra-un-caballo\\\/#primaryimage\"},\"thumbnailUrl\":\"https:\\\/\\\/noticiasmercedinas.com\\\/site\\\/wp-content\\\/uploads\\\/2018\\\/12\\\/policia_luces.jpg\",\"keywords\":[\"accidente\",\"ruta 5\"],\"articleSection\":[\"Seguridad\"],\"inLanguage\":\"es\"},{\"@type\":\"WebPage\",\"@id\":\"https:\\\/\\\/noticiasmercedinas.com\\\/site\\\/2025\\\/07\\\/16\\\/volco-un-camion-con-aves-vivas-en-la-ruta-5-tras-chocar-contra-un-caballo\\\/\",\"url\":\"https:\\\/\\\/noticiasmercedinas.com\\\/site\\\/2025\\\/07\\\/16\\\/volco-un-camion-con-aves-vivas-en-la-ruta-5-tras-chocar-contra-un-caballo\\\/\",\"name\":\"Volc\u00f3 un cami\u00f3n con aves vivas en la Ruta 5 tras chocar contra un caballo\",\"isPartOf\":{\"@id\":\"https:\\\/\\\/noticiasmercedinas.com\\\/site\\\/#website\"},\"primaryImageOfPage\":{\"@id\":\"https:\\\/\\\/noticiasmercedinas.com\\\/site\\\/2025\\\/07\\\/16\\\/volco-un-camion-con-aves-vivas-en-la-ruta-5-tras-chocar-contra-un-caballo\\\/#primaryimage\"},\"image\":{\"@id\":\"https:\\\/\\\/noticiasmercedinas.com\\\/site\\\/2025\\\/07\\\/16\\\/volco-un-camion-con-aves-vivas-en-la-ruta-5-tras-chocar-contra-un-caballo\\\/#primaryimage\"},\"thumbnailUrl\":\"https:\\\/\\\/noticiasmercedinas.com\\\/site\\\/wp-content\\\/uploads\\\/2018\\\/12\\\/policia_luces.jpg\",\"datePublished\":\"2025-07-16T14:21:20+00:00\",\"description\":\"Hubo complicaciones para quienes ingresaban o sal\u00edan de Mercedes este mi\u00e9rcoles. Fue en el km 72. Afortunadamente, el conductor \u2014Maximiliano Sebasti\u00e1n S\u00e1nchez, de 42 a\u00f1os y oriundo de San Antonio de Areco\u2014 result\u00f3 ileso\",\"breadcrumb\":{\"@id\":\"https:\\\/\\\/noticiasmercedinas.com\\\/site\\\/2025\\\/07\\\/16\\\/volco-un-camion-con-aves-vivas-en-la-ruta-5-tras-chocar-contra-un-caballo\\\/#breadcrumb\"},\"inLanguage\":\"es\",\"potentialAction\":[{\"@type\":\"ReadAction\",\"target\":[\"https:\\\/\\\/noticiasmercedinas.com\\\/site\\\/2025\\\/07\\\/16\\\/volco-un-camion-con-aves-vivas-en-la-ruta-5-tras-chocar-contra-un-caballo\\\/\"]}]},{\"@type\":\"ImageObject\",\"inLanguage\":\"es\",\"@id\":\"https:\\\/\\\/noticiasmercedinas.com\\\/site\\\/2025\\\/07\\\/16\\\/volco-un-camion-con-aves-vivas-en-la-ruta-5-tras-chocar-contra-un-caballo\\\/#primaryimage\",\"url\":\"https:\\\/\\\/noticiasmercedinas.com\\\/site\\\/wp-content\\\/uploads\\\/2018\\\/12\\\/policia_luces.jpg\",\"contentUrl\":\"https:\\\/\\\/noticiasmercedinas.com\\\/site\\\/wp-content\\\/uploads\\\/2018\\\/12\\\/policia_luces.jpg\",\"width\":640,\"height\":427},{\"@type\":\"BreadcrumbList\",\"@id\":\"https:\\\/\\\/noticiasmercedinas.com\\\/site\\\/2025\\\/07\\\/16\\\/volco-un-camion-con-aves-vivas-en-la-ruta-5-tras-chocar-contra-un-caballo\\\/#breadcrumb\",\"itemListElement\":[{\"@type\":\"ListItem\",\"position\":1,\"name\":\"Portada\",\"item\":\"https:\\\/\\\/noticiasmercedinas.com\\\/site\\\/\"},{\"@type\":\"ListItem\",\"position\":2,\"name\":\"Volc\u00f3 un cami\u00f3n con aves vivas en la Ruta 5 tras chocar contra un caballo\"}]},{\"@type\":\"WebSite\",\"@id\":\"https:\\\/\\\/noticiasmercedinas.com\\\/site\\\/#website\",\"url\":\"https:\\\/\\\/noticiasmercedinas.com\\\/site\\\/\",\"name\":\"NOTICIASMERCEDINAS.COM\",\"description\":\"Mercedes, Buenos Aires, Argentina\",\"publisher\":{\"@id\":\"https:\\\/\\\/noticiasmercedinas.com\\\/site\\\/#organization\"},\"potentialAction\":[{\"@type\":\"SearchAction\",\"target\":{\"@type\":\"EntryPoint\",\"urlTemplate\":\"https:\\\/\\\/noticiasmercedinas.com\\\/site\\\/?s={search_term_string}\"},\"query-input\":{\"@type\":\"PropertyValueSpecification\",\"valueRequired\":true,\"valueName\":\"search_term_string\"}}],\"inLanguage\":\"es\"},{\"@type\":\"Organization\",\"@id\":\"https:\\\/\\\/noticiasmercedinas.com\\\/site\\\/#organization\",\"name\":\"NOTICIASMERCEDINAS.COM\",\"url\":\"https:\\\/\\\/noticiasmercedinas.com\\\/site\\\/\",\"logo\":{\"@type\":\"ImageObject\",\"inLanguage\":\"es\",\"@id\":\"https:\\\/\\\/noticiasmercedinas.com\\\/site\\\/#\\\/schema\\\/logo\\\/image\\\/\",\"url\":\"https:\\\/\\\/noticiasmercedinas.com\\\/site\\\/wp-content\\\/uploads\\\/2020\\\/06\\\/LOGO-512.jpg\",\"contentUrl\":\"https:\\\/\\\/noticiasmercedinas.com\\\/site\\\/wp-content\\\/uploads\\\/2020\\\/06\\\/LOGO-512.jpg\",\"width\":512,\"height\":512,\"caption\":\"NOTICIASMERCEDINAS.COM\"},\"image\":{\"@id\":\"https:\\\/\\\/noticiasmercedinas.com\\\/site\\\/#\\\/schema\\\/logo\\\/image\\\/\"},\"sameAs\":[\"https:\\\/\\\/www.facebook.com\\\/noticiasmercedinas\\\/\",\"https:\\\/\\\/x.com\\\/notmercedinas\",\"https:\\\/\\\/www.instagram.com\\\/noticiasmercedinas\\\/\"]},{\"@type\":\"Person\",\"@id\":\"https:\\\/\\\/noticiasmercedinas.com\\\/site\\\/#\\\/schema\\\/person\\\/84b59c099c28ff2e8b77d4ceec5d8063\",\"name\":\"NOTICIASMERCEDINAS.COM\",\"image\":{\"@type\":\"ImageObject\",\"inLanguage\":\"es\",\"@id\":\"https:\\\/\\\/secure.gravatar.com\\\/avatar\\\/4dfbf16b4d17945bfb6341b2d19043457132fcf478a5ee04f42e959fd8f5df0a?s=96&d=mm&r=g\",\"url\":\"https:\\\/\\\/secure.gravatar.com\\\/avatar\\\/4dfbf16b4d17945bfb6341b2d19043457132fcf478a5ee04f42e959fd8f5df0a?s=96&d=mm&r=g\",\"contentUrl\":\"https:\\\/\\\/secure.gravatar.com\\\/avatar\\\/4dfbf16b4d17945bfb6341b2d19043457132fcf478a5ee04f42e959fd8f5df0a?s=96&d=mm&r=g\",\"caption\":\"NOTICIASMERCEDINAS.COM\"},\"url\":\"https:\\\/\\\/noticiasmercedinas.com\\\/site\\\/author\\\/anonimo\\\/\"}]}<\/script>\n<!-- \/ Yoast SEO plugin. -->","yoast_head_json":{"title":"Volc\u00f3 un cami\u00f3n con aves vivas en la Ruta 5 tras chocar contra un caballo","description":"Hubo complicaciones para quienes ingresaban o sal\u00edan de Mercedes este mi\u00e9rcoles. Fue en el km 72. Afortunadamente, el conductor \u2014Maximiliano Sebasti\u00e1n S\u00e1nchez, de 42 a\u00f1os y oriundo de San Antonio de Areco\u2014 result\u00f3 ileso","robots":{"index":"index","follow":"follow","max-snippet":"max-snippet:-1","max-image-preview":"max-image-preview:large","max-video-preview":"max-video-preview:-1"},"canonical":"https:\/\/noticiasmercedinas.com\/site\/2025\/07\/16\/volco-un-camion-con-aves-vivas-en-la-ruta-5-tras-chocar-contra-un-caballo\/","og_locale":"es_ES","og_type":"article","og_title":"Volc\u00f3 un cami\u00f3n con aves vivas en la Ruta 5 tras chocar contra un caballo","og_description":"Hubo complicaciones para quienes ingresaban o sal\u00edan de Mercedes este mi\u00e9rcoles. Fue en el km 72. Afortunadamente, el conductor \u2014Maximiliano Sebasti\u00e1n S\u00e1nchez, de 42 a\u00f1os y oriundo de San Antonio de Areco\u2014 result\u00f3 ileso","og_url":"https:\/\/noticiasmercedinas.com\/site\/2025\/07\/16\/volco-un-camion-con-aves-vivas-en-la-ruta-5-tras-chocar-contra-un-caballo\/","og_site_name":"NOTICIASMERCEDINAS.COM","article_publisher":"https:\/\/www.facebook.com\/noticiasmercedinas\/","article_published_time":"2025-07-16T14:21:20+00:00","og_image":[{"width":640,"height":427,"url":"https:\/\/noticiasmercedinas.com\/site\/wp-content\/uploads\/2018\/12\/policia_luces.jpg","type":"image\/jpeg"}],"author":"NOTICIASMERCEDINAS.COM","twitter_card":"summary_large_image","twitter_creator":"@notmercedinas","twitter_site":"@notmercedinas","twitter_misc":{"Escrito por":"NOTICIASMERCEDINAS.COM","Tiempo de lectura":"3 minutos"},"schema":{"@context":"https:\/\/schema.org","@graph":[{"@type":"Article","@id":"https:\/\/noticiasmercedinas.com\/site\/2025\/07\/16\/volco-un-camion-con-aves-vivas-en-la-ruta-5-tras-chocar-contra-un-caballo\/#article","isPartOf":{"@id":"https:\/\/noticiasmercedinas.com\/site\/2025\/07\/16\/volco-un-camion-con-aves-vivas-en-la-ruta-5-tras-chocar-contra-un-caballo\/"},"author":{"name":"NOTICIASMERCEDINAS.COM","@id":"https:\/\/noticiasmercedinas.com\/site\/#\/schema\/person\/84b59c099c28ff2e8b77d4ceec5d8063"},"headline":"Volc\u00f3 un cami\u00f3n con aves vivas en la Ruta 5 tras chocar contra un caballo","datePublished":"2025-07-16T14:21:20+00:00","mainEntityOfPage":{"@id":"https:\/\/noticiasmercedinas.com\/site\/2025\/07\/16\/volco-un-camion-con-aves-vivas-en-la-ruta-5-tras-chocar-contra-un-caballo\/"},"wordCount":393,"publisher":{"@id":"https:\/\/noticiasmercedinas.com\/site\/#organization"},"image":{"@id":"https:\/\/noticiasmercedinas.com\/site\/2025\/07\/16\/volco-un-camion-con-aves-vivas-en-la-ruta-5-tras-chocar-contra-un-caballo\/#primaryimage"},"thumbnailUrl":"https:\/\/noticiasmercedinas.com\/site\/wp-content\/uploads\/2018\/12\/policia_luces.jpg","keywords":["accidente","ruta 5"],"articleSection":["Seguridad"],"inLanguage":"es"},{"@type":"WebPage","@id":"https:\/\/noticiasmercedinas.com\/site\/2025\/07\/16\/volco-un-camion-con-aves-vivas-en-la-ruta-5-tras-chocar-contra-un-caballo\/","url":"https:\/\/noticiasmercedinas.com\/site\/2025\/07\/16\/volco-un-camion-con-aves-vivas-en-la-ruta-5-tras-chocar-contra-un-caballo\/","name":"Volc\u00f3 un cami\u00f3n con aves vivas en la Ruta 5 tras chocar contra un caballo","isPartOf":{"@id":"https:\/\/noticiasmercedinas.com\/site\/#website"},"primaryImageOfPage":{"@id":"https:\/\/noticiasmercedinas.com\/site\/2025\/07\/16\/volco-un-camion-con-aves-vivas-en-la-ruta-5-tras-chocar-contra-un-caballo\/#primaryimage"},"image":{"@id":"https:\/\/noticiasmercedinas.com\/site\/2025\/07\/16\/volco-un-camion-con-aves-vivas-en-la-ruta-5-tras-chocar-contra-un-caballo\/#primaryimage"},"thumbnailUrl":"https:\/\/noticiasmercedinas.com\/site\/wp-content\/uploads\/2018\/12\/policia_luces.jpg","datePublished":"2025-07-16T14:21:20+00:00","description":"Hubo complicaciones para quienes ingresaban o sal\u00edan de Mercedes este mi\u00e9rcoles. Fue en el km 72. Afortunadamente, el conductor \u2014Maximiliano Sebasti\u00e1n S\u00e1nchez, de 42 a\u00f1os y oriundo de San Antonio de Areco\u2014 result\u00f3 ileso","breadcrumb":{"@id":"https:\/\/noticiasmercedinas.com\/site\/2025\/07\/16\/volco-un-camion-con-aves-vivas-en-la-ruta-5-tras-chocar-contra-un-caballo\/#breadcrumb"},"inLanguage":"es","potentialAction":[{"@type":"ReadAction","target":["https:\/\/noticiasmercedinas.com\/site\/2025\/07\/16\/volco-un-camion-con-aves-vivas-en-la-ruta-5-tras-chocar-contra-un-caballo\/"]}]},{"@type":"ImageObject","inLanguage":"es","@id":"https:\/\/noticiasmercedinas.com\/site\/2025\/07\/16\/volco-un-camion-con-aves-vivas-en-la-ruta-5-tras-chocar-contra-un-caballo\/#primaryimage","url":"https:\/\/noticiasmercedinas.com\/site\/wp-content\/uploads\/2018\/12\/policia_luces.jpg","contentUrl":"https:\/\/noticiasmercedinas.com\/site\/wp-content\/uploads\/2018\/12\/policia_luces.jpg","width":640,"height":427},{"@type":"BreadcrumbList","@id":"https:\/\/noticiasmercedinas.com\/site\/2025\/07\/16\/volco-un-camion-con-aves-vivas-en-la-ruta-5-tras-chocar-contra-un-caballo\/#breadcrumb","itemListElement":[{"@type":"ListItem","position":1,"name":"Portada","item":"https:\/\/noticiasmercedinas.com\/site\/"},{"@type":"ListItem","position":2,"name":"Volc\u00f3 un cami\u00f3n con aves vivas en la Ruta 5 tras chocar contra un caballo"}]},{"@type":"WebSite","@id":"https:\/\/noticiasmercedinas.com\/site\/#website","url":"https:\/\/noticiasmercedinas.com\/site\/","name":"NOTICIASMERCEDINAS.COM","description":"Mercedes, Buenos Aires, Argentina","publisher":{"@id":"https:\/\/noticiasmercedinas.com\/site\/#organization"},"potentialAction":[{"@type":"SearchAction","target":{"@type":"EntryPoint","urlTemplate":"https:\/\/noticiasmercedinas.com\/site\/?s={search_term_string}"},"query-input":{"@type":"PropertyValueSpecification","valueRequired":true,"valueName":"search_term_string"}}],"inLanguage":"es"},{"@type":"Organization","@id":"https:\/\/noticiasmercedinas.com\/site\/#organization","name":"NOTICIASMERCEDINAS.COM","url":"https:\/\/noticiasmercedinas.com\/site\/","logo":{"@type":"ImageObject","inLanguage":"es","@id":"https:\/\/noticiasmercedinas.com\/site\/#\/schema\/logo\/image\/","url":"https:\/\/noticiasmercedinas.com\/site\/wp-content\/uploads\/2020\/06\/LOGO-512.jpg","contentUrl":"https:\/\/noticiasmercedinas.com\/site\/wp-content\/uploads\/2020\/06\/LOGO-512.jpg","width":512,"height":512,"caption":"NOTICIASMERCEDINAS.COM"},"image":{"@id":"https:\/\/noticiasmercedinas.com\/site\/#\/schema\/logo\/image\/"},"sameAs":["https:\/\/www.facebook.com\/noticiasmercedinas\/","https:\/\/x.com\/notmercedinas","https:\/\/www.instagram.com\/noticiasmercedinas\/"]},{"@type":"Person","@id":"https:\/\/noticiasmercedinas.com\/site\/#\/schema\/person\/84b59c099c28ff2e8b77d4ceec5d8063","name":"NOTICIASMERCEDINAS.COM","image":{"@type":"ImageObject","inLanguage":"es","@id":"https:\/\/secure.gravatar.com\/avatar\/4dfbf16b4d17945bfb6341b2d19043457132fcf478a5ee04f42e959fd8f5df0a?s=96&d=mm&r=g","url":"https:\/\/secure.gravatar.com\/avatar\/4dfbf16b4d17945bfb6341b2d19043457132fcf478a5ee04f42e959fd8f5df0a?s=96&d=mm&r=g","contentUrl":"https:\/\/secure.gravatar.com\/avatar\/4dfbf16b4d17945bfb6341b2d19043457132fcf478a5ee04f42e959fd8f5df0a?s=96&d=mm&r=g","caption":"NOTICIASMERCEDINAS.COM"},"url":"https:\/\/noticiasmercedinas.com\/site\/author\/anonimo\/"}]}},"amp_enabled":true,"_links":{"self":[{"href":"https:\/\/noticiasmercedinas.com\/site\/wp-json\/wp\/v2\/posts\/164247","targetHints":{"allow":["GET"]}}],"collection":[{"href":"https:\/\/noticiasmercedinas.com\/site\/wp-json\/wp\/v2\/posts"}],"about":[{"href":"https:\/\/noticiasmercedinas.com\/site\/wp-json\/wp\/v2\/types\/post"}],"author":[{"embeddable":true,"href":"https:\/\/noticiasmercedinas.com\/site\/wp-json\/wp\/v2\/users\/16"}],"replies":[{"embeddable":true,"href":"https:\/\/noticiasmercedinas.com\/site\/wp-json\/wp\/v2\/comments?post=164247"}],"version-history":[{"count":1,"href":"https:\/\/noticiasmercedinas.com\/site\/wp-json\/wp\/v2\/posts\/164247\/revisions"}],"predecessor-version":[{"id":164248,"href":"https:\/\/noticiasmercedinas.com\/site\/wp-json\/wp\/v2\/posts\/164247\/revisions\/164248"}],"wp:featuredmedia":[{"embeddable":true,"href":"https:\/\/noticiasmercedinas.com\/site\/wp-json\/wp\/v2\/media\/9545"}],"wp:attachment":[{"href":"https:\/\/noticiasmercedinas.com\/site\/wp-json\/wp\/v2\/media?parent=164247"}],"wp:term":[{"taxonomy":"category","embeddable":true,"href":"https:\/\/noticiasmercedinas.com\/site\/wp-json\/wp\/v2\/categories?post=164247"},{"taxonomy":"post_tag","embeddable":true,"href":"https:\/\/noticiasmercedinas.com\/site\/wp-json\/wp\/v2\/tags?post=164247"}],"curies":[{"name":"wp","href":"https:\/\/api.w.org\/{rel}","templated":true}]}}