{"id":164819,"date":"2025-07-22T17:42:17","date_gmt":"2025-07-22T20:42:17","guid":{"rendered":"https:\/\/noticiasmercedinas.com\/site\/?p=164819"},"modified":"2025-07-22T17:42:17","modified_gmt":"2025-07-22T20:42:17","slug":"reafirman-que-el-partido-principios-y-valores-integra-el-frente-fuerza-patria","status":"publish","type":"post","link":"https:\/\/noticiasmercedinas.com\/site\/2025\/07\/22\/reafirman-que-el-partido-principios-y-valores-integra-el-frente-fuerza-patria\/","title":{"rendered":"Reafirman que el partido \u00abPrincipios y Valores\u00bb integra el frente Fuerza Patria"},"content":{"rendered":"<figure id=\"attachment_164821\" aria-describedby=\"caption-attachment-164821\" style=\"width: 675px\" class=\"wp-caption alignnone\"><img loading=\"lazy\" decoding=\"async\" class=\"wp-image-164821 size-full\" src=\"https:\/\/noticiasmercedinas.com\/site\/wp-content\/uploads\/2025\/07\/PYVortubia1.jpg\" alt=\"\" width=\"675\" height=\"515\" srcset=\"https:\/\/noticiasmercedinas.com\/site\/wp-content\/uploads\/2025\/07\/PYVortubia1.jpg 675w, https:\/\/noticiasmercedinas.com\/site\/wp-content\/uploads\/2025\/07\/PYVortubia1-300x229.jpg 300w, https:\/\/noticiasmercedinas.com\/site\/wp-content\/uploads\/2025\/07\/PYVortubia1-80x60.jpg 80w, https:\/\/noticiasmercedinas.com\/site\/wp-content\/uploads\/2025\/07\/PYVortubia1-100x75.jpg 100w, https:\/\/noticiasmercedinas.com\/site\/wp-content\/uploads\/2025\/07\/PYVortubia1-640x488.jpg 640w\" sizes=\"auto, (max-width: 675px) 100vw, 675px\" \/><figcaption id=\"caption-attachment-164821\" class=\"wp-caption-text\">El profesor Guido Ortubia junto al licenciado Guillermo Moreno<\/figcaption><\/figure>\n<p>Tras la circulaci\u00f3n de publicaciones en medios y redes sociales de Mercedes que daban cuenta de una supuesta presentaci\u00f3n de lista propia vinculada al partido Principios y Valores, autoridades de la fuerza salieron al cruce con un comunicado aclaratorio.<\/p>\n<p>La conducci\u00f3n de la Primera Secci\u00f3n Electoral del partido \u2014referenciado a nivel nacional con el Licenciado <strong>Guillermo Moreno<\/strong>\u2014 desminti\u00f3 categ\u00f3ricamente los contenidos difundidos, y reafirm\u00f3 que la agrupaci\u00f3n participa formalmente en el Frente Fuerza Patria.<\/p>\n<p>Seg\u00fan expresaron, en la ciudad de Mercedes la lista oficial est\u00e1 representada por el Profesor <strong>Guido Ortubia<\/strong>, quien se postula como primer candidato a Consejero Escolar.<\/p>\n<p>\u201cNos ponemos a disposici\u00f3n de los medios y periodistas para aclarar cualquier duda que haya podido generar confusi\u00f3n en el querido pueblo mercedino\u201d, sostuvo Alberto Visconti, autoridad partidaria, al cierre del comunicado.<\/p>\n<p><img loading=\"lazy\" decoding=\"async\" class=\"alignnone size-full wp-image-164820\" src=\"https:\/\/noticiasmercedinas.com\/site\/wp-content\/uploads\/2025\/07\/11f5317b-3a80-4b41-86a3-8be601631249.jpeg\" alt=\"\" width=\"720\" height=\"960\" srcset=\"https:\/\/noticiasmercedinas.com\/site\/wp-content\/uploads\/2025\/07\/11f5317b-3a80-4b41-86a3-8be601631249.jpeg 720w, https:\/\/noticiasmercedinas.com\/site\/wp-content\/uploads\/2025\/07\/11f5317b-3a80-4b41-86a3-8be601631249-225x300.jpeg 225w, https:\/\/noticiasmercedinas.com\/site\/wp-content\/uploads\/2025\/07\/11f5317b-3a80-4b41-86a3-8be601631249-640x853.jpeg 640w, https:\/\/noticiasmercedinas.com\/site\/wp-content\/uploads\/2025\/07\/11f5317b-3a80-4b41-86a3-8be601631249-681x908.jpeg 681w\" sizes=\"auto, (max-width: 720px) 100vw, 720px\" \/><\/p>\n","protected":false},"excerpt":{"rendered":"<p>\u25a0 Referentes mercedinos de la agrupaci\u00f3n desmintieron versiones sobre una supuesta lista local por fuera del armado oficial. La lista de Frente Fuerza Patria est\u00e1 representada por el Profesor Guido Ortubia<\/p>\n","protected":false},"author":16,"featured_media":164821,"comment_status":"closed","ping_status":"closed","sticky":false,"template":"","format":"standard","meta":{"footnotes":""},"categories":[16],"tags":[19953,20494,2871,12780],"class_list":["post-164819","post","type-post","status-publish","format-standard","has-post-thumbnail","hentry","category-politica","tag-elecciones-2025","tag-fuerza-patria","tag-guillermo-moreno","tag-principios-y-valores"],"yoast_head":"<!-- This site is optimized with the Yoast SEO plugin v27.5 - https:\/\/yoast.com\/product\/yoast-seo-wordpress\/ -->\n<title>Reafirman que el partido &quot;Principios y Valores&quot; integra el frente Fuerza Patria<\/title>\n<meta name=\"description\" content=\"\u25a0 Referentes mercedinos de la agrupaci\u00f3n desmintieron versiones sobre una supuesta lista local por fuera del armado oficial.\" \/>\n<meta name=\"robots\" content=\"index, follow, max-snippet:-1, max-image-preview:large, max-video-preview:-1\" \/>\n<link rel=\"canonical\" href=\"https:\/\/noticiasmercedinas.com\/site\/2025\/07\/22\/reafirman-que-el-partido-principios-y-valores-integra-el-frente-fuerza-patria\/\" \/>\n<meta property=\"og:locale\" content=\"es_ES\" \/>\n<meta property=\"og:type\" content=\"article\" \/>\n<meta property=\"og:title\" content=\"Reafirman que el partido &quot;Principios y Valores&quot; integra el frente Fuerza Patria\" \/>\n<meta property=\"og:description\" content=\"\u25a0 Referentes mercedinos de la agrupaci\u00f3n desmintieron versiones sobre una supuesta lista local por fuera del armado oficial.\" \/>\n<meta property=\"og:url\" content=\"https:\/\/noticiasmercedinas.com\/site\/2025\/07\/22\/reafirman-que-el-partido-principios-y-valores-integra-el-frente-fuerza-patria\/\" \/>\n<meta property=\"og:site_name\" content=\"NOTICIASMERCEDINAS.COM\" \/>\n<meta property=\"article:publisher\" content=\"https:\/\/www.facebook.com\/noticiasmercedinas\/\" \/>\n<meta property=\"article:published_time\" content=\"2025-07-22T20:42:17+00:00\" \/>\n<meta property=\"og:image\" content=\"https:\/\/noticiasmercedinas.com\/site\/wp-content\/uploads\/2025\/07\/PYVortubia1.jpg\" \/>\n\t<meta property=\"og:image:width\" content=\"675\" \/>\n\t<meta property=\"og:image:height\" content=\"515\" \/>\n\t<meta property=\"og:image:type\" content=\"image\/jpeg\" \/>\n<meta name=\"author\" content=\"NOTICIASMERCEDINAS.COM\" \/>\n<meta name=\"twitter:card\" content=\"summary_large_image\" \/>\n<meta name=\"twitter:creator\" content=\"@notmercedinas\" \/>\n<meta name=\"twitter:site\" content=\"@notmercedinas\" \/>\n<meta name=\"twitter:label1\" content=\"Escrito por\" \/>\n\t<meta name=\"twitter:data1\" content=\"NOTICIASMERCEDINAS.COM\" \/>\n\t<meta name=\"twitter:label2\" content=\"Tiempo de lectura\" \/>\n\t<meta name=\"twitter:data2\" content=\"2 minutos\" \/>\n<script type=\"application\/ld+json\" class=\"yoast-schema-graph\">{\"@context\":\"https:\\\/\\\/schema.org\",\"@graph\":[{\"@type\":\"Article\",\"@id\":\"https:\\\/\\\/noticiasmercedinas.com\\\/site\\\/2025\\\/07\\\/22\\\/reafirman-que-el-partido-principios-y-valores-integra-el-frente-fuerza-patria\\\/#article\",\"isPartOf\":{\"@id\":\"https:\\\/\\\/noticiasmercedinas.com\\\/site\\\/2025\\\/07\\\/22\\\/reafirman-que-el-partido-principios-y-valores-integra-el-frente-fuerza-patria\\\/\"},\"author\":{\"name\":\"NOTICIASMERCEDINAS.COM\",\"@id\":\"https:\\\/\\\/noticiasmercedinas.com\\\/site\\\/#\\\/schema\\\/person\\\/84b59c099c28ff2e8b77d4ceec5d8063\"},\"headline\":\"Reafirman que el partido \u00abPrincipios y Valores\u00bb integra el frente Fuerza Patria\",\"datePublished\":\"2025-07-22T20:42:17+00:00\",\"mainEntityOfPage\":{\"@id\":\"https:\\\/\\\/noticiasmercedinas.com\\\/site\\\/2025\\\/07\\\/22\\\/reafirman-que-el-partido-principios-y-valores-integra-el-frente-fuerza-patria\\\/\"},\"wordCount\":169,\"publisher\":{\"@id\":\"https:\\\/\\\/noticiasmercedinas.com\\\/site\\\/#organization\"},\"image\":{\"@id\":\"https:\\\/\\\/noticiasmercedinas.com\\\/site\\\/2025\\\/07\\\/22\\\/reafirman-que-el-partido-principios-y-valores-integra-el-frente-fuerza-patria\\\/#primaryimage\"},\"thumbnailUrl\":\"https:\\\/\\\/noticiasmercedinas.com\\\/site\\\/wp-content\\\/uploads\\\/2025\\\/07\\\/PYVortubia1.jpg\",\"keywords\":[\"elecciones 2025\",\"fuerza patria\",\"Guillermo Moreno\",\"principios y valores\"],\"articleSection\":[\"Politica\"],\"inLanguage\":\"es\"},{\"@type\":\"WebPage\",\"@id\":\"https:\\\/\\\/noticiasmercedinas.com\\\/site\\\/2025\\\/07\\\/22\\\/reafirman-que-el-partido-principios-y-valores-integra-el-frente-fuerza-patria\\\/\",\"url\":\"https:\\\/\\\/noticiasmercedinas.com\\\/site\\\/2025\\\/07\\\/22\\\/reafirman-que-el-partido-principios-y-valores-integra-el-frente-fuerza-patria\\\/\",\"name\":\"Reafirman que el partido \\\"Principios y Valores\\\" integra el frente Fuerza Patria\",\"isPartOf\":{\"@id\":\"https:\\\/\\\/noticiasmercedinas.com\\\/site\\\/#website\"},\"primaryImageOfPage\":{\"@id\":\"https:\\\/\\\/noticiasmercedinas.com\\\/site\\\/2025\\\/07\\\/22\\\/reafirman-que-el-partido-principios-y-valores-integra-el-frente-fuerza-patria\\\/#primaryimage\"},\"image\":{\"@id\":\"https:\\\/\\\/noticiasmercedinas.com\\\/site\\\/2025\\\/07\\\/22\\\/reafirman-que-el-partido-principios-y-valores-integra-el-frente-fuerza-patria\\\/#primaryimage\"},\"thumbnailUrl\":\"https:\\\/\\\/noticiasmercedinas.com\\\/site\\\/wp-content\\\/uploads\\\/2025\\\/07\\\/PYVortubia1.jpg\",\"datePublished\":\"2025-07-22T20:42:17+00:00\",\"description\":\"\u25a0 Referentes mercedinos de la agrupaci\u00f3n desmintieron versiones sobre una supuesta lista local por fuera del armado oficial.\",\"breadcrumb\":{\"@id\":\"https:\\\/\\\/noticiasmercedinas.com\\\/site\\\/2025\\\/07\\\/22\\\/reafirman-que-el-partido-principios-y-valores-integra-el-frente-fuerza-patria\\\/#breadcrumb\"},\"inLanguage\":\"es\",\"potentialAction\":[{\"@type\":\"ReadAction\",\"target\":[\"https:\\\/\\\/noticiasmercedinas.com\\\/site\\\/2025\\\/07\\\/22\\\/reafirman-que-el-partido-principios-y-valores-integra-el-frente-fuerza-patria\\\/\"]}]},{\"@type\":\"ImageObject\",\"inLanguage\":\"es\",\"@id\":\"https:\\\/\\\/noticiasmercedinas.com\\\/site\\\/2025\\\/07\\\/22\\\/reafirman-que-el-partido-principios-y-valores-integra-el-frente-fuerza-patria\\\/#primaryimage\",\"url\":\"https:\\\/\\\/noticiasmercedinas.com\\\/site\\\/wp-content\\\/uploads\\\/2025\\\/07\\\/PYVortubia1.jpg\",\"contentUrl\":\"https:\\\/\\\/noticiasmercedinas.com\\\/site\\\/wp-content\\\/uploads\\\/2025\\\/07\\\/PYVortubia1.jpg\",\"width\":675,\"height\":515},{\"@type\":\"BreadcrumbList\",\"@id\":\"https:\\\/\\\/noticiasmercedinas.com\\\/site\\\/2025\\\/07\\\/22\\\/reafirman-que-el-partido-principios-y-valores-integra-el-frente-fuerza-patria\\\/#breadcrumb\",\"itemListElement\":[{\"@type\":\"ListItem\",\"position\":1,\"name\":\"Portada\",\"item\":\"https:\\\/\\\/noticiasmercedinas.com\\\/site\\\/\"},{\"@type\":\"ListItem\",\"position\":2,\"name\":\"Reafirman que el partido \u00abPrincipios y Valores\u00bb integra el frente Fuerza Patria\"}]},{\"@type\":\"WebSite\",\"@id\":\"https:\\\/\\\/noticiasmercedinas.com\\\/site\\\/#website\",\"url\":\"https:\\\/\\\/noticiasmercedinas.com\\\/site\\\/\",\"name\":\"NOTICIASMERCEDINAS.COM\",\"description\":\"Mercedes, Buenos Aires, Argentina\",\"publisher\":{\"@id\":\"https:\\\/\\\/noticiasmercedinas.com\\\/site\\\/#organization\"},\"potentialAction\":[{\"@type\":\"SearchAction\",\"target\":{\"@type\":\"EntryPoint\",\"urlTemplate\":\"https:\\\/\\\/noticiasmercedinas.com\\\/site\\\/?s={search_term_string}\"},\"query-input\":{\"@type\":\"PropertyValueSpecification\",\"valueRequired\":true,\"valueName\":\"search_term_string\"}}],\"inLanguage\":\"es\"},{\"@type\":\"Organization\",\"@id\":\"https:\\\/\\\/noticiasmercedinas.com\\\/site\\\/#organization\",\"name\":\"NOTICIASMERCEDINAS.COM\",\"url\":\"https:\\\/\\\/noticiasmercedinas.com\\\/site\\\/\",\"logo\":{\"@type\":\"ImageObject\",\"inLanguage\":\"es\",\"@id\":\"https:\\\/\\\/noticiasmercedinas.com\\\/site\\\/#\\\/schema\\\/logo\\\/image\\\/\",\"url\":\"https:\\\/\\\/noticiasmercedinas.com\\\/site\\\/wp-content\\\/uploads\\\/2020\\\/06\\\/LOGO-512.jpg\",\"contentUrl\":\"https:\\\/\\\/noticiasmercedinas.com\\\/site\\\/wp-content\\\/uploads\\\/2020\\\/06\\\/LOGO-512.jpg\",\"width\":512,\"height\":512,\"caption\":\"NOTICIASMERCEDINAS.COM\"},\"image\":{\"@id\":\"https:\\\/\\\/noticiasmercedinas.com\\\/site\\\/#\\\/schema\\\/logo\\\/image\\\/\"},\"sameAs\":[\"https:\\\/\\\/www.facebook.com\\\/noticiasmercedinas\\\/\",\"https:\\\/\\\/x.com\\\/notmercedinas\",\"https:\\\/\\\/www.instagram.com\\\/noticiasmercedinas\\\/\"]},{\"@type\":\"Person\",\"@id\":\"https:\\\/\\\/noticiasmercedinas.com\\\/site\\\/#\\\/schema\\\/person\\\/84b59c099c28ff2e8b77d4ceec5d8063\",\"name\":\"NOTICIASMERCEDINAS.COM\",\"image\":{\"@type\":\"ImageObject\",\"inLanguage\":\"es\",\"@id\":\"https:\\\/\\\/secure.gravatar.com\\\/avatar\\\/4dfbf16b4d17945bfb6341b2d19043457132fcf478a5ee04f42e959fd8f5df0a?s=96&d=mm&r=g\",\"url\":\"https:\\\/\\\/secure.gravatar.com\\\/avatar\\\/4dfbf16b4d17945bfb6341b2d19043457132fcf478a5ee04f42e959fd8f5df0a?s=96&d=mm&r=g\",\"contentUrl\":\"https:\\\/\\\/secure.gravatar.com\\\/avatar\\\/4dfbf16b4d17945bfb6341b2d19043457132fcf478a5ee04f42e959fd8f5df0a?s=96&d=mm&r=g\",\"caption\":\"NOTICIASMERCEDINAS.COM\"},\"url\":\"https:\\\/\\\/noticiasmercedinas.com\\\/site\\\/author\\\/anonimo\\\/\"}]}<\/script>\n<!-- \/ Yoast SEO plugin. -->","yoast_head_json":{"title":"Reafirman que el partido \"Principios y Valores\" integra el frente Fuerza Patria","description":"\u25a0 Referentes mercedinos de la agrupaci\u00f3n desmintieron versiones sobre una supuesta lista local por fuera del armado oficial.","robots":{"index":"index","follow":"follow","max-snippet":"max-snippet:-1","max-image-preview":"max-image-preview:large","max-video-preview":"max-video-preview:-1"},"canonical":"https:\/\/noticiasmercedinas.com\/site\/2025\/07\/22\/reafirman-que-el-partido-principios-y-valores-integra-el-frente-fuerza-patria\/","og_locale":"es_ES","og_type":"article","og_title":"Reafirman que el partido \"Principios y Valores\" integra el frente Fuerza Patria","og_description":"\u25a0 Referentes mercedinos de la agrupaci\u00f3n desmintieron versiones sobre una supuesta lista local por fuera del armado oficial.","og_url":"https:\/\/noticiasmercedinas.com\/site\/2025\/07\/22\/reafirman-que-el-partido-principios-y-valores-integra-el-frente-fuerza-patria\/","og_site_name":"NOTICIASMERCEDINAS.COM","article_publisher":"https:\/\/www.facebook.com\/noticiasmercedinas\/","article_published_time":"2025-07-22T20:42:17+00:00","og_image":[{"width":675,"height":515,"url":"https:\/\/noticiasmercedinas.com\/site\/wp-content\/uploads\/2025\/07\/PYVortubia1.jpg","type":"image\/jpeg"}],"author":"NOTICIASMERCEDINAS.COM","twitter_card":"summary_large_image","twitter_creator":"@notmercedinas","twitter_site":"@notmercedinas","twitter_misc":{"Escrito por":"NOTICIASMERCEDINAS.COM","Tiempo de lectura":"2 minutos"},"schema":{"@context":"https:\/\/schema.org","@graph":[{"@type":"Article","@id":"https:\/\/noticiasmercedinas.com\/site\/2025\/07\/22\/reafirman-que-el-partido-principios-y-valores-integra-el-frente-fuerza-patria\/#article","isPartOf":{"@id":"https:\/\/noticiasmercedinas.com\/site\/2025\/07\/22\/reafirman-que-el-partido-principios-y-valores-integra-el-frente-fuerza-patria\/"},"author":{"name":"NOTICIASMERCEDINAS.COM","@id":"https:\/\/noticiasmercedinas.com\/site\/#\/schema\/person\/84b59c099c28ff2e8b77d4ceec5d8063"},"headline":"Reafirman que el partido \u00abPrincipios y Valores\u00bb integra el frente Fuerza Patria","datePublished":"2025-07-22T20:42:17+00:00","mainEntityOfPage":{"@id":"https:\/\/noticiasmercedinas.com\/site\/2025\/07\/22\/reafirman-que-el-partido-principios-y-valores-integra-el-frente-fuerza-patria\/"},"wordCount":169,"publisher":{"@id":"https:\/\/noticiasmercedinas.com\/site\/#organization"},"image":{"@id":"https:\/\/noticiasmercedinas.com\/site\/2025\/07\/22\/reafirman-que-el-partido-principios-y-valores-integra-el-frente-fuerza-patria\/#primaryimage"},"thumbnailUrl":"https:\/\/noticiasmercedinas.com\/site\/wp-content\/uploads\/2025\/07\/PYVortubia1.jpg","keywords":["elecciones 2025","fuerza patria","Guillermo Moreno","principios y valores"],"articleSection":["Politica"],"inLanguage":"es"},{"@type":"WebPage","@id":"https:\/\/noticiasmercedinas.com\/site\/2025\/07\/22\/reafirman-que-el-partido-principios-y-valores-integra-el-frente-fuerza-patria\/","url":"https:\/\/noticiasmercedinas.com\/site\/2025\/07\/22\/reafirman-que-el-partido-principios-y-valores-integra-el-frente-fuerza-patria\/","name":"Reafirman que el partido \"Principios y Valores\" integra el frente Fuerza Patria","isPartOf":{"@id":"https:\/\/noticiasmercedinas.com\/site\/#website"},"primaryImageOfPage":{"@id":"https:\/\/noticiasmercedinas.com\/site\/2025\/07\/22\/reafirman-que-el-partido-principios-y-valores-integra-el-frente-fuerza-patria\/#primaryimage"},"image":{"@id":"https:\/\/noticiasmercedinas.com\/site\/2025\/07\/22\/reafirman-que-el-partido-principios-y-valores-integra-el-frente-fuerza-patria\/#primaryimage"},"thumbnailUrl":"https:\/\/noticiasmercedinas.com\/site\/wp-content\/uploads\/2025\/07\/PYVortubia1.jpg","datePublished":"2025-07-22T20:42:17+00:00","description":"\u25a0 Referentes mercedinos de la agrupaci\u00f3n desmintieron versiones sobre una supuesta lista local por fuera del armado oficial.","breadcrumb":{"@id":"https:\/\/noticiasmercedinas.com\/site\/2025\/07\/22\/reafirman-que-el-partido-principios-y-valores-integra-el-frente-fuerza-patria\/#breadcrumb"},"inLanguage":"es","potentialAction":[{"@type":"ReadAction","target":["https:\/\/noticiasmercedinas.com\/site\/2025\/07\/22\/reafirman-que-el-partido-principios-y-valores-integra-el-frente-fuerza-patria\/"]}]},{"@type":"ImageObject","inLanguage":"es","@id":"https:\/\/noticiasmercedinas.com\/site\/2025\/07\/22\/reafirman-que-el-partido-principios-y-valores-integra-el-frente-fuerza-patria\/#primaryimage","url":"https:\/\/noticiasmercedinas.com\/site\/wp-content\/uploads\/2025\/07\/PYVortubia1.jpg","contentUrl":"https:\/\/noticiasmercedinas.com\/site\/wp-content\/uploads\/2025\/07\/PYVortubia1.jpg","width":675,"height":515},{"@type":"BreadcrumbList","@id":"https:\/\/noticiasmercedinas.com\/site\/2025\/07\/22\/reafirman-que-el-partido-principios-y-valores-integra-el-frente-fuerza-patria\/#breadcrumb","itemListElement":[{"@type":"ListItem","position":1,"name":"Portada","item":"https:\/\/noticiasmercedinas.com\/site\/"},{"@type":"ListItem","position":2,"name":"Reafirman que el partido \u00abPrincipios y Valores\u00bb integra el frente Fuerza Patria"}]},{"@type":"WebSite","@id":"https:\/\/noticiasmercedinas.com\/site\/#website","url":"https:\/\/noticiasmercedinas.com\/site\/","name":"NOTICIASMERCEDINAS.COM","description":"Mercedes, Buenos Aires, Argentina","publisher":{"@id":"https:\/\/noticiasmercedinas.com\/site\/#organization"},"potentialAction":[{"@type":"SearchAction","target":{"@type":"EntryPoint","urlTemplate":"https:\/\/noticiasmercedinas.com\/site\/?s={search_term_string}"},"query-input":{"@type":"PropertyValueSpecification","valueRequired":true,"valueName":"search_term_string"}}],"inLanguage":"es"},{"@type":"Organization","@id":"https:\/\/noticiasmercedinas.com\/site\/#organization","name":"NOTICIASMERCEDINAS.COM","url":"https:\/\/noticiasmercedinas.com\/site\/","logo":{"@type":"ImageObject","inLanguage":"es","@id":"https:\/\/noticiasmercedinas.com\/site\/#\/schema\/logo\/image\/","url":"https:\/\/noticiasmercedinas.com\/site\/wp-content\/uploads\/2020\/06\/LOGO-512.jpg","contentUrl":"https:\/\/noticiasmercedinas.com\/site\/wp-content\/uploads\/2020\/06\/LOGO-512.jpg","width":512,"height":512,"caption":"NOTICIASMERCEDINAS.COM"},"image":{"@id":"https:\/\/noticiasmercedinas.com\/site\/#\/schema\/logo\/image\/"},"sameAs":["https:\/\/www.facebook.com\/noticiasmercedinas\/","https:\/\/x.com\/notmercedinas","https:\/\/www.instagram.com\/noticiasmercedinas\/"]},{"@type":"Person","@id":"https:\/\/noticiasmercedinas.com\/site\/#\/schema\/person\/84b59c099c28ff2e8b77d4ceec5d8063","name":"NOTICIASMERCEDINAS.COM","image":{"@type":"ImageObject","inLanguage":"es","@id":"https:\/\/secure.gravatar.com\/avatar\/4dfbf16b4d17945bfb6341b2d19043457132fcf478a5ee04f42e959fd8f5df0a?s=96&d=mm&r=g","url":"https:\/\/secure.gravatar.com\/avatar\/4dfbf16b4d17945bfb6341b2d19043457132fcf478a5ee04f42e959fd8f5df0a?s=96&d=mm&r=g","contentUrl":"https:\/\/secure.gravatar.com\/avatar\/4dfbf16b4d17945bfb6341b2d19043457132fcf478a5ee04f42e959fd8f5df0a?s=96&d=mm&r=g","caption":"NOTICIASMERCEDINAS.COM"},"url":"https:\/\/noticiasmercedinas.com\/site\/author\/anonimo\/"}]}},"amp_enabled":true,"_links":{"self":[{"href":"https:\/\/noticiasmercedinas.com\/site\/wp-json\/wp\/v2\/posts\/164819","targetHints":{"allow":["GET"]}}],"collection":[{"href":"https:\/\/noticiasmercedinas.com\/site\/wp-json\/wp\/v2\/posts"}],"about":[{"href":"https:\/\/noticiasmercedinas.com\/site\/wp-json\/wp\/v2\/types\/post"}],"author":[{"embeddable":true,"href":"https:\/\/noticiasmercedinas.com\/site\/wp-json\/wp\/v2\/users\/16"}],"replies":[{"embeddable":true,"href":"https:\/\/noticiasmercedinas.com\/site\/wp-json\/wp\/v2\/comments?post=164819"}],"version-history":[{"count":1,"href":"https:\/\/noticiasmercedinas.com\/site\/wp-json\/wp\/v2\/posts\/164819\/revisions"}],"predecessor-version":[{"id":164822,"href":"https:\/\/noticiasmercedinas.com\/site\/wp-json\/wp\/v2\/posts\/164819\/revisions\/164822"}],"wp:featuredmedia":[{"embeddable":true,"href":"https:\/\/noticiasmercedinas.com\/site\/wp-json\/wp\/v2\/media\/164821"}],"wp:attachment":[{"href":"https:\/\/noticiasmercedinas.com\/site\/wp-json\/wp\/v2\/media?parent=164819"}],"wp:term":[{"taxonomy":"category","embeddable":true,"href":"https:\/\/noticiasmercedinas.com\/site\/wp-json\/wp\/v2\/categories?post=164819"},{"taxonomy":"post_tag","embeddable":true,"href":"https:\/\/noticiasmercedinas.com\/site\/wp-json\/wp\/v2\/tags?post=164819"}],"curies":[{"name":"wp","href":"https:\/\/api.w.org\/{rel}","templated":true}]}}