{"id":164845,"date":"2025-07-22T21:56:33","date_gmt":"2025-07-23T00:56:33","guid":{"rendered":"https:\/\/noticiasmercedinas.com\/site\/?p=164845"},"modified":"2025-07-22T21:56:33","modified_gmt":"2025-07-23T00:56:33","slug":"colegio-de-abogados-espera-un-fallo-que-restablezca-el-funcionamiento-de-las-comisiones-medicas","status":"publish","type":"post","link":"https:\/\/noticiasmercedinas.com\/site\/2025\/07\/22\/colegio-de-abogados-espera-un-fallo-que-restablezca-el-funcionamiento-de-las-comisiones-medicas\/","title":{"rendered":"Colegio de Abogados espera un fallo que restablezca el funcionamiento de las Comisiones M\u00e9dicas"},"content":{"rendered":"<p><img loading=\"lazy\" decoding=\"async\" class=\"alignnone size-full wp-image-137814\" src=\"https:\/\/noticiasmercedinas.com\/site\/wp-content\/uploads\/2024\/06\/ABOGADOss.jpg\" alt=\"\" width=\"640\" height=\"457\" srcset=\"https:\/\/noticiasmercedinas.com\/site\/wp-content\/uploads\/2024\/06\/ABOGADOss.jpg 640w, https:\/\/noticiasmercedinas.com\/site\/wp-content\/uploads\/2024\/06\/ABOGADOss-300x214.jpg 300w\" sizes=\"auto, (max-width: 640px) 100vw, 640px\" \/><\/p>\n<p>El Colegio de Abogados del Departamento Judicial de Mercedes inform\u00f3 que la acci\u00f3n de amparo presentada ante el Juzgado Federal de Mercedes por el deficiente funcionamiento de las Comisiones M\u00e9dicas de Mercedes y Luj\u00e1n avanz\u00f3 en su tr\u00e1mite judicial y se encuentra a la espera de una resoluci\u00f3n cautelar que disponga la restituci\u00f3n inmediata del servicio.<\/p>\n<p>Seg\u00fan detallaron, la Fiscal\u00eda Federal ratific\u00f3 la competencia del Juzgado para intervenir en el caso. En consecuencia, el pasado 8 de julio el magistrado interviniente orden\u00f3 al Ministerio de Capital Humano \u2013 Superintendencia de Riesgos del Trabajo evacuar el informe exigido por el art\u00edculo 4 de la Ley 26.854 en un plazo de tres d\u00edas. La notificaci\u00f3n fue cursada de forma inmediata por el sistema DEOX.<\/p>\n<p>El d\u00eda 14 de julio, la parte demandada habr\u00eda presentado la respuesta solicitada, lo que deja al expediente en condiciones de resoluci\u00f3n en lo inmediato.<\/p>\n<p>La causa judicial lleva el nombre \u201cCOLEGIO DE ABOGADOS DEL DEPARTAMENTO JUDICIAL MERCEDES c\/ ESTADO NACIONAL \u2013 MINISTERIO DE CAPITAL HUMANO \u2013 SUPERINTENDENCIA DE RIESGOS DEL TRABAJO s\/ AMPARO LEY 16.986\u201d (Expediente FSM 026754\/2025), es de car\u00e1cter p\u00fablico y puede ser consultada por todos los matriculados.<\/p>\n<p>Desde el Colegio destacaron que se trata de una decisi\u00f3n institucional \u201cfirme y sin precedentes\u201d, al ser la primera vez que esta entidad impulsa un amparo federal contra el Estado Nacional por la interrupci\u00f3n de un servicio p\u00fablico esencial.<\/p>\n<p>La instituci\u00f3n expres\u00f3 su confianza en obtener un pronunciamiento favorable, que permita normalizar el funcionamiento de las comisiones y as\u00ed garantizar los derechos de los profesionales del fuero laboral y de la comunidad que necesita acceder a la justicia.<\/p>\n","protected":false},"excerpt":{"rendered":"<p>\u25a0 La entidad impuls\u00f3 por primera vez una acci\u00f3n de amparo federal contra el Estado Nacional, reclamando la normalizaci\u00f3n del funcionamiento de las Comisiones M\u00e9dicas de Mercedes y Luj\u00e1n. El proceso ya est\u00e1 en manos del Juzgado Federal y se aguarda una cautelar.<\/p>\n","protected":false},"author":16,"featured_media":137814,"comment_status":"closed","ping_status":"closed","sticky":false,"template":"","format":"standard","meta":{"footnotes":""},"categories":[3],"tags":[560,23],"class_list":["post-164845","post","type-post","status-publish","format-standard","has-post-thumbnail","hentry","category-sociedad","tag-colegio-de-abogados","tag-mercedes"],"yoast_head":"<!-- This site is optimized with the Yoast SEO plugin v27.4 - https:\/\/yoast.com\/product\/yoast-seo-wordpress\/ -->\n<title>Colegio de Abogados espera un fallo que restablezca el funcionamiento de las Comisiones M\u00e9dicas<\/title>\n<meta name=\"description\" content=\"La entidad impuls\u00f3 por primera vez una acci\u00f3n de amparo federal contra el Estado Nacional, reclamando la normalizaci\u00f3n del funcionamiento de las Comisiones M\u00e9dicas de Mercedes y Luj\u00e1n. El proceso ya est\u00e1 en manos del Juzgado Federal y se aguarda una cautelar.\" \/>\n<meta name=\"robots\" content=\"index, follow, max-snippet:-1, max-image-preview:large, max-video-preview:-1\" \/>\n<link rel=\"canonical\" href=\"https:\/\/noticiasmercedinas.com\/site\/2025\/07\/22\/colegio-de-abogados-espera-un-fallo-que-restablezca-el-funcionamiento-de-las-comisiones-medicas\/\" \/>\n<meta property=\"og:locale\" content=\"es_ES\" \/>\n<meta property=\"og:type\" content=\"article\" \/>\n<meta property=\"og:title\" content=\"Colegio de Abogados espera un fallo que restablezca el funcionamiento de las Comisiones M\u00e9dicas\" \/>\n<meta property=\"og:description\" content=\"La entidad impuls\u00f3 por primera vez una acci\u00f3n de amparo federal contra el Estado Nacional, reclamando la normalizaci\u00f3n del funcionamiento de las Comisiones M\u00e9dicas de Mercedes y Luj\u00e1n. El proceso ya est\u00e1 en manos del Juzgado Federal y se aguarda una cautelar.\" \/>\n<meta property=\"og:url\" content=\"https:\/\/noticiasmercedinas.com\/site\/2025\/07\/22\/colegio-de-abogados-espera-un-fallo-que-restablezca-el-funcionamiento-de-las-comisiones-medicas\/\" \/>\n<meta property=\"og:site_name\" content=\"NOTICIASMERCEDINAS.COM\" \/>\n<meta property=\"article:publisher\" content=\"https:\/\/www.facebook.com\/noticiasmercedinas\/\" \/>\n<meta property=\"article:published_time\" content=\"2025-07-23T00:56:33+00:00\" \/>\n<meta property=\"og:image\" content=\"https:\/\/noticiasmercedinas.com\/site\/wp-content\/uploads\/2024\/06\/ABOGADOss.jpg\" \/>\n\t<meta property=\"og:image:width\" content=\"640\" \/>\n\t<meta property=\"og:image:height\" content=\"457\" \/>\n\t<meta property=\"og:image:type\" content=\"image\/jpeg\" \/>\n<meta name=\"author\" content=\"NOTICIASMERCEDINAS.COM\" \/>\n<meta name=\"twitter:card\" content=\"summary_large_image\" \/>\n<meta name=\"twitter:creator\" content=\"@notmercedinas\" \/>\n<meta name=\"twitter:site\" content=\"@notmercedinas\" \/>\n<meta name=\"twitter:label1\" content=\"Escrito por\" \/>\n\t<meta name=\"twitter:data1\" content=\"NOTICIASMERCEDINAS.COM\" \/>\n\t<meta name=\"twitter:label2\" content=\"Tiempo de lectura\" \/>\n\t<meta name=\"twitter:data2\" content=\"2 minutos\" \/>\n<script type=\"application\/ld+json\" class=\"yoast-schema-graph\">{\"@context\":\"https:\\\/\\\/schema.org\",\"@graph\":[{\"@type\":\"Article\",\"@id\":\"https:\\\/\\\/noticiasmercedinas.com\\\/site\\\/2025\\\/07\\\/22\\\/colegio-de-abogados-espera-un-fallo-que-restablezca-el-funcionamiento-de-las-comisiones-medicas\\\/#article\",\"isPartOf\":{\"@id\":\"https:\\\/\\\/noticiasmercedinas.com\\\/site\\\/2025\\\/07\\\/22\\\/colegio-de-abogados-espera-un-fallo-que-restablezca-el-funcionamiento-de-las-comisiones-medicas\\\/\"},\"author\":{\"name\":\"NOTICIASMERCEDINAS.COM\",\"@id\":\"https:\\\/\\\/noticiasmercedinas.com\\\/site\\\/#\\\/schema\\\/person\\\/84b59c099c28ff2e8b77d4ceec5d8063\"},\"headline\":\"Colegio de Abogados espera un fallo que restablezca el funcionamiento de las Comisiones M\u00e9dicas\",\"datePublished\":\"2025-07-23T00:56:33+00:00\",\"mainEntityOfPage\":{\"@id\":\"https:\\\/\\\/noticiasmercedinas.com\\\/site\\\/2025\\\/07\\\/22\\\/colegio-de-abogados-espera-un-fallo-que-restablezca-el-funcionamiento-de-las-comisiones-medicas\\\/\"},\"wordCount\":297,\"publisher\":{\"@id\":\"https:\\\/\\\/noticiasmercedinas.com\\\/site\\\/#organization\"},\"image\":{\"@id\":\"https:\\\/\\\/noticiasmercedinas.com\\\/site\\\/2025\\\/07\\\/22\\\/colegio-de-abogados-espera-un-fallo-que-restablezca-el-funcionamiento-de-las-comisiones-medicas\\\/#primaryimage\"},\"thumbnailUrl\":\"https:\\\/\\\/noticiasmercedinas.com\\\/site\\\/wp-content\\\/uploads\\\/2024\\\/06\\\/ABOGADOss.jpg\",\"keywords\":[\"colegio de abogados\",\"mercedes\"],\"articleSection\":[\"Sociedad\"],\"inLanguage\":\"es\"},{\"@type\":\"WebPage\",\"@id\":\"https:\\\/\\\/noticiasmercedinas.com\\\/site\\\/2025\\\/07\\\/22\\\/colegio-de-abogados-espera-un-fallo-que-restablezca-el-funcionamiento-de-las-comisiones-medicas\\\/\",\"url\":\"https:\\\/\\\/noticiasmercedinas.com\\\/site\\\/2025\\\/07\\\/22\\\/colegio-de-abogados-espera-un-fallo-que-restablezca-el-funcionamiento-de-las-comisiones-medicas\\\/\",\"name\":\"Colegio de Abogados espera un fallo que restablezca el funcionamiento de las Comisiones M\u00e9dicas\",\"isPartOf\":{\"@id\":\"https:\\\/\\\/noticiasmercedinas.com\\\/site\\\/#website\"},\"primaryImageOfPage\":{\"@id\":\"https:\\\/\\\/noticiasmercedinas.com\\\/site\\\/2025\\\/07\\\/22\\\/colegio-de-abogados-espera-un-fallo-que-restablezca-el-funcionamiento-de-las-comisiones-medicas\\\/#primaryimage\"},\"image\":{\"@id\":\"https:\\\/\\\/noticiasmercedinas.com\\\/site\\\/2025\\\/07\\\/22\\\/colegio-de-abogados-espera-un-fallo-que-restablezca-el-funcionamiento-de-las-comisiones-medicas\\\/#primaryimage\"},\"thumbnailUrl\":\"https:\\\/\\\/noticiasmercedinas.com\\\/site\\\/wp-content\\\/uploads\\\/2024\\\/06\\\/ABOGADOss.jpg\",\"datePublished\":\"2025-07-23T00:56:33+00:00\",\"description\":\"La entidad impuls\u00f3 por primera vez una acci\u00f3n de amparo federal contra el Estado Nacional, reclamando la normalizaci\u00f3n del funcionamiento de las Comisiones M\u00e9dicas de Mercedes y Luj\u00e1n. El proceso ya est\u00e1 en manos del Juzgado Federal y se aguarda una cautelar.\",\"breadcrumb\":{\"@id\":\"https:\\\/\\\/noticiasmercedinas.com\\\/site\\\/2025\\\/07\\\/22\\\/colegio-de-abogados-espera-un-fallo-que-restablezca-el-funcionamiento-de-las-comisiones-medicas\\\/#breadcrumb\"},\"inLanguage\":\"es\",\"potentialAction\":[{\"@type\":\"ReadAction\",\"target\":[\"https:\\\/\\\/noticiasmercedinas.com\\\/site\\\/2025\\\/07\\\/22\\\/colegio-de-abogados-espera-un-fallo-que-restablezca-el-funcionamiento-de-las-comisiones-medicas\\\/\"]}]},{\"@type\":\"ImageObject\",\"inLanguage\":\"es\",\"@id\":\"https:\\\/\\\/noticiasmercedinas.com\\\/site\\\/2025\\\/07\\\/22\\\/colegio-de-abogados-espera-un-fallo-que-restablezca-el-funcionamiento-de-las-comisiones-medicas\\\/#primaryimage\",\"url\":\"https:\\\/\\\/noticiasmercedinas.com\\\/site\\\/wp-content\\\/uploads\\\/2024\\\/06\\\/ABOGADOss.jpg\",\"contentUrl\":\"https:\\\/\\\/noticiasmercedinas.com\\\/site\\\/wp-content\\\/uploads\\\/2024\\\/06\\\/ABOGADOss.jpg\",\"width\":640,\"height\":457},{\"@type\":\"BreadcrumbList\",\"@id\":\"https:\\\/\\\/noticiasmercedinas.com\\\/site\\\/2025\\\/07\\\/22\\\/colegio-de-abogados-espera-un-fallo-que-restablezca-el-funcionamiento-de-las-comisiones-medicas\\\/#breadcrumb\",\"itemListElement\":[{\"@type\":\"ListItem\",\"position\":1,\"name\":\"Portada\",\"item\":\"https:\\\/\\\/noticiasmercedinas.com\\\/site\\\/\"},{\"@type\":\"ListItem\",\"position\":2,\"name\":\"Colegio de Abogados espera un fallo que restablezca el funcionamiento de las Comisiones M\u00e9dicas\"}]},{\"@type\":\"WebSite\",\"@id\":\"https:\\\/\\\/noticiasmercedinas.com\\\/site\\\/#website\",\"url\":\"https:\\\/\\\/noticiasmercedinas.com\\\/site\\\/\",\"name\":\"NOTICIASMERCEDINAS.COM\",\"description\":\"Mercedes, Buenos Aires, Argentina\",\"publisher\":{\"@id\":\"https:\\\/\\\/noticiasmercedinas.com\\\/site\\\/#organization\"},\"potentialAction\":[{\"@type\":\"SearchAction\",\"target\":{\"@type\":\"EntryPoint\",\"urlTemplate\":\"https:\\\/\\\/noticiasmercedinas.com\\\/site\\\/?s={search_term_string}\"},\"query-input\":{\"@type\":\"PropertyValueSpecification\",\"valueRequired\":true,\"valueName\":\"search_term_string\"}}],\"inLanguage\":\"es\"},{\"@type\":\"Organization\",\"@id\":\"https:\\\/\\\/noticiasmercedinas.com\\\/site\\\/#organization\",\"name\":\"NOTICIASMERCEDINAS.COM\",\"url\":\"https:\\\/\\\/noticiasmercedinas.com\\\/site\\\/\",\"logo\":{\"@type\":\"ImageObject\",\"inLanguage\":\"es\",\"@id\":\"https:\\\/\\\/noticiasmercedinas.com\\\/site\\\/#\\\/schema\\\/logo\\\/image\\\/\",\"url\":\"https:\\\/\\\/noticiasmercedinas.com\\\/site\\\/wp-content\\\/uploads\\\/2020\\\/06\\\/LOGO-512.jpg\",\"contentUrl\":\"https:\\\/\\\/noticiasmercedinas.com\\\/site\\\/wp-content\\\/uploads\\\/2020\\\/06\\\/LOGO-512.jpg\",\"width\":512,\"height\":512,\"caption\":\"NOTICIASMERCEDINAS.COM\"},\"image\":{\"@id\":\"https:\\\/\\\/noticiasmercedinas.com\\\/site\\\/#\\\/schema\\\/logo\\\/image\\\/\"},\"sameAs\":[\"https:\\\/\\\/www.facebook.com\\\/noticiasmercedinas\\\/\",\"https:\\\/\\\/x.com\\\/notmercedinas\",\"https:\\\/\\\/www.instagram.com\\\/noticiasmercedinas\\\/\"]},{\"@type\":\"Person\",\"@id\":\"https:\\\/\\\/noticiasmercedinas.com\\\/site\\\/#\\\/schema\\\/person\\\/84b59c099c28ff2e8b77d4ceec5d8063\",\"name\":\"NOTICIASMERCEDINAS.COM\",\"image\":{\"@type\":\"ImageObject\",\"inLanguage\":\"es\",\"@id\":\"https:\\\/\\\/secure.gravatar.com\\\/avatar\\\/4dfbf16b4d17945bfb6341b2d19043457132fcf478a5ee04f42e959fd8f5df0a?s=96&d=mm&r=g\",\"url\":\"https:\\\/\\\/secure.gravatar.com\\\/avatar\\\/4dfbf16b4d17945bfb6341b2d19043457132fcf478a5ee04f42e959fd8f5df0a?s=96&d=mm&r=g\",\"contentUrl\":\"https:\\\/\\\/secure.gravatar.com\\\/avatar\\\/4dfbf16b4d17945bfb6341b2d19043457132fcf478a5ee04f42e959fd8f5df0a?s=96&d=mm&r=g\",\"caption\":\"NOTICIASMERCEDINAS.COM\"},\"url\":\"https:\\\/\\\/noticiasmercedinas.com\\\/site\\\/author\\\/anonimo\\\/\"}]}<\/script>\n<!-- \/ Yoast SEO plugin. -->","yoast_head_json":{"title":"Colegio de Abogados espera un fallo que restablezca el funcionamiento de las Comisiones M\u00e9dicas","description":"La entidad impuls\u00f3 por primera vez una acci\u00f3n de amparo federal contra el Estado Nacional, reclamando la normalizaci\u00f3n del funcionamiento de las Comisiones M\u00e9dicas de Mercedes y Luj\u00e1n. El proceso ya est\u00e1 en manos del Juzgado Federal y se aguarda una cautelar.","robots":{"index":"index","follow":"follow","max-snippet":"max-snippet:-1","max-image-preview":"max-image-preview:large","max-video-preview":"max-video-preview:-1"},"canonical":"https:\/\/noticiasmercedinas.com\/site\/2025\/07\/22\/colegio-de-abogados-espera-un-fallo-que-restablezca-el-funcionamiento-de-las-comisiones-medicas\/","og_locale":"es_ES","og_type":"article","og_title":"Colegio de Abogados espera un fallo que restablezca el funcionamiento de las Comisiones M\u00e9dicas","og_description":"La entidad impuls\u00f3 por primera vez una acci\u00f3n de amparo federal contra el Estado Nacional, reclamando la normalizaci\u00f3n del funcionamiento de las Comisiones M\u00e9dicas de Mercedes y Luj\u00e1n. El proceso ya est\u00e1 en manos del Juzgado Federal y se aguarda una cautelar.","og_url":"https:\/\/noticiasmercedinas.com\/site\/2025\/07\/22\/colegio-de-abogados-espera-un-fallo-que-restablezca-el-funcionamiento-de-las-comisiones-medicas\/","og_site_name":"NOTICIASMERCEDINAS.COM","article_publisher":"https:\/\/www.facebook.com\/noticiasmercedinas\/","article_published_time":"2025-07-23T00:56:33+00:00","og_image":[{"width":640,"height":457,"url":"https:\/\/noticiasmercedinas.com\/site\/wp-content\/uploads\/2024\/06\/ABOGADOss.jpg","type":"image\/jpeg"}],"author":"NOTICIASMERCEDINAS.COM","twitter_card":"summary_large_image","twitter_creator":"@notmercedinas","twitter_site":"@notmercedinas","twitter_misc":{"Escrito por":"NOTICIASMERCEDINAS.COM","Tiempo de lectura":"2 minutos"},"schema":{"@context":"https:\/\/schema.org","@graph":[{"@type":"Article","@id":"https:\/\/noticiasmercedinas.com\/site\/2025\/07\/22\/colegio-de-abogados-espera-un-fallo-que-restablezca-el-funcionamiento-de-las-comisiones-medicas\/#article","isPartOf":{"@id":"https:\/\/noticiasmercedinas.com\/site\/2025\/07\/22\/colegio-de-abogados-espera-un-fallo-que-restablezca-el-funcionamiento-de-las-comisiones-medicas\/"},"author":{"name":"NOTICIASMERCEDINAS.COM","@id":"https:\/\/noticiasmercedinas.com\/site\/#\/schema\/person\/84b59c099c28ff2e8b77d4ceec5d8063"},"headline":"Colegio de Abogados espera un fallo que restablezca el funcionamiento de las Comisiones M\u00e9dicas","datePublished":"2025-07-23T00:56:33+00:00","mainEntityOfPage":{"@id":"https:\/\/noticiasmercedinas.com\/site\/2025\/07\/22\/colegio-de-abogados-espera-un-fallo-que-restablezca-el-funcionamiento-de-las-comisiones-medicas\/"},"wordCount":297,"publisher":{"@id":"https:\/\/noticiasmercedinas.com\/site\/#organization"},"image":{"@id":"https:\/\/noticiasmercedinas.com\/site\/2025\/07\/22\/colegio-de-abogados-espera-un-fallo-que-restablezca-el-funcionamiento-de-las-comisiones-medicas\/#primaryimage"},"thumbnailUrl":"https:\/\/noticiasmercedinas.com\/site\/wp-content\/uploads\/2024\/06\/ABOGADOss.jpg","keywords":["colegio de abogados","mercedes"],"articleSection":["Sociedad"],"inLanguage":"es"},{"@type":"WebPage","@id":"https:\/\/noticiasmercedinas.com\/site\/2025\/07\/22\/colegio-de-abogados-espera-un-fallo-que-restablezca-el-funcionamiento-de-las-comisiones-medicas\/","url":"https:\/\/noticiasmercedinas.com\/site\/2025\/07\/22\/colegio-de-abogados-espera-un-fallo-que-restablezca-el-funcionamiento-de-las-comisiones-medicas\/","name":"Colegio de Abogados espera un fallo que restablezca el funcionamiento de las Comisiones M\u00e9dicas","isPartOf":{"@id":"https:\/\/noticiasmercedinas.com\/site\/#website"},"primaryImageOfPage":{"@id":"https:\/\/noticiasmercedinas.com\/site\/2025\/07\/22\/colegio-de-abogados-espera-un-fallo-que-restablezca-el-funcionamiento-de-las-comisiones-medicas\/#primaryimage"},"image":{"@id":"https:\/\/noticiasmercedinas.com\/site\/2025\/07\/22\/colegio-de-abogados-espera-un-fallo-que-restablezca-el-funcionamiento-de-las-comisiones-medicas\/#primaryimage"},"thumbnailUrl":"https:\/\/noticiasmercedinas.com\/site\/wp-content\/uploads\/2024\/06\/ABOGADOss.jpg","datePublished":"2025-07-23T00:56:33+00:00","description":"La entidad impuls\u00f3 por primera vez una acci\u00f3n de amparo federal contra el Estado Nacional, reclamando la normalizaci\u00f3n del funcionamiento de las Comisiones M\u00e9dicas de Mercedes y Luj\u00e1n. El proceso ya est\u00e1 en manos del Juzgado Federal y se aguarda una cautelar.","breadcrumb":{"@id":"https:\/\/noticiasmercedinas.com\/site\/2025\/07\/22\/colegio-de-abogados-espera-un-fallo-que-restablezca-el-funcionamiento-de-las-comisiones-medicas\/#breadcrumb"},"inLanguage":"es","potentialAction":[{"@type":"ReadAction","target":["https:\/\/noticiasmercedinas.com\/site\/2025\/07\/22\/colegio-de-abogados-espera-un-fallo-que-restablezca-el-funcionamiento-de-las-comisiones-medicas\/"]}]},{"@type":"ImageObject","inLanguage":"es","@id":"https:\/\/noticiasmercedinas.com\/site\/2025\/07\/22\/colegio-de-abogados-espera-un-fallo-que-restablezca-el-funcionamiento-de-las-comisiones-medicas\/#primaryimage","url":"https:\/\/noticiasmercedinas.com\/site\/wp-content\/uploads\/2024\/06\/ABOGADOss.jpg","contentUrl":"https:\/\/noticiasmercedinas.com\/site\/wp-content\/uploads\/2024\/06\/ABOGADOss.jpg","width":640,"height":457},{"@type":"BreadcrumbList","@id":"https:\/\/noticiasmercedinas.com\/site\/2025\/07\/22\/colegio-de-abogados-espera-un-fallo-que-restablezca-el-funcionamiento-de-las-comisiones-medicas\/#breadcrumb","itemListElement":[{"@type":"ListItem","position":1,"name":"Portada","item":"https:\/\/noticiasmercedinas.com\/site\/"},{"@type":"ListItem","position":2,"name":"Colegio de Abogados espera un fallo que restablezca el funcionamiento de las Comisiones M\u00e9dicas"}]},{"@type":"WebSite","@id":"https:\/\/noticiasmercedinas.com\/site\/#website","url":"https:\/\/noticiasmercedinas.com\/site\/","name":"NOTICIASMERCEDINAS.COM","description":"Mercedes, Buenos Aires, Argentina","publisher":{"@id":"https:\/\/noticiasmercedinas.com\/site\/#organization"},"potentialAction":[{"@type":"SearchAction","target":{"@type":"EntryPoint","urlTemplate":"https:\/\/noticiasmercedinas.com\/site\/?s={search_term_string}"},"query-input":{"@type":"PropertyValueSpecification","valueRequired":true,"valueName":"search_term_string"}}],"inLanguage":"es"},{"@type":"Organization","@id":"https:\/\/noticiasmercedinas.com\/site\/#organization","name":"NOTICIASMERCEDINAS.COM","url":"https:\/\/noticiasmercedinas.com\/site\/","logo":{"@type":"ImageObject","inLanguage":"es","@id":"https:\/\/noticiasmercedinas.com\/site\/#\/schema\/logo\/image\/","url":"https:\/\/noticiasmercedinas.com\/site\/wp-content\/uploads\/2020\/06\/LOGO-512.jpg","contentUrl":"https:\/\/noticiasmercedinas.com\/site\/wp-content\/uploads\/2020\/06\/LOGO-512.jpg","width":512,"height":512,"caption":"NOTICIASMERCEDINAS.COM"},"image":{"@id":"https:\/\/noticiasmercedinas.com\/site\/#\/schema\/logo\/image\/"},"sameAs":["https:\/\/www.facebook.com\/noticiasmercedinas\/","https:\/\/x.com\/notmercedinas","https:\/\/www.instagram.com\/noticiasmercedinas\/"]},{"@type":"Person","@id":"https:\/\/noticiasmercedinas.com\/site\/#\/schema\/person\/84b59c099c28ff2e8b77d4ceec5d8063","name":"NOTICIASMERCEDINAS.COM","image":{"@type":"ImageObject","inLanguage":"es","@id":"https:\/\/secure.gravatar.com\/avatar\/4dfbf16b4d17945bfb6341b2d19043457132fcf478a5ee04f42e959fd8f5df0a?s=96&d=mm&r=g","url":"https:\/\/secure.gravatar.com\/avatar\/4dfbf16b4d17945bfb6341b2d19043457132fcf478a5ee04f42e959fd8f5df0a?s=96&d=mm&r=g","contentUrl":"https:\/\/secure.gravatar.com\/avatar\/4dfbf16b4d17945bfb6341b2d19043457132fcf478a5ee04f42e959fd8f5df0a?s=96&d=mm&r=g","caption":"NOTICIASMERCEDINAS.COM"},"url":"https:\/\/noticiasmercedinas.com\/site\/author\/anonimo\/"}]}},"amp_enabled":true,"_links":{"self":[{"href":"https:\/\/noticiasmercedinas.com\/site\/wp-json\/wp\/v2\/posts\/164845","targetHints":{"allow":["GET"]}}],"collection":[{"href":"https:\/\/noticiasmercedinas.com\/site\/wp-json\/wp\/v2\/posts"}],"about":[{"href":"https:\/\/noticiasmercedinas.com\/site\/wp-json\/wp\/v2\/types\/post"}],"author":[{"embeddable":true,"href":"https:\/\/noticiasmercedinas.com\/site\/wp-json\/wp\/v2\/users\/16"}],"replies":[{"embeddable":true,"href":"https:\/\/noticiasmercedinas.com\/site\/wp-json\/wp\/v2\/comments?post=164845"}],"version-history":[{"count":1,"href":"https:\/\/noticiasmercedinas.com\/site\/wp-json\/wp\/v2\/posts\/164845\/revisions"}],"predecessor-version":[{"id":164846,"href":"https:\/\/noticiasmercedinas.com\/site\/wp-json\/wp\/v2\/posts\/164845\/revisions\/164846"}],"wp:featuredmedia":[{"embeddable":true,"href":"https:\/\/noticiasmercedinas.com\/site\/wp-json\/wp\/v2\/media\/137814"}],"wp:attachment":[{"href":"https:\/\/noticiasmercedinas.com\/site\/wp-json\/wp\/v2\/media?parent=164845"}],"wp:term":[{"taxonomy":"category","embeddable":true,"href":"https:\/\/noticiasmercedinas.com\/site\/wp-json\/wp\/v2\/categories?post=164845"},{"taxonomy":"post_tag","embeddable":true,"href":"https:\/\/noticiasmercedinas.com\/site\/wp-json\/wp\/v2\/tags?post=164845"}],"curies":[{"name":"wp","href":"https:\/\/api.w.org\/{rel}","templated":true}]}}