{"id":164898,"date":"2025-07-23T20:08:51","date_gmt":"2025-07-23T23:08:51","guid":{"rendered":"https:\/\/noticiasmercedinas.com\/site\/?p=164898"},"modified":"2025-07-23T20:09:33","modified_gmt":"2025-07-23T23:09:33","slug":"avanza-la-construccion-del-anfiteatro-municipal-en-la-trocha-ustarroz-y-altube-recorrieron-las-obras","status":"publish","type":"post","link":"https:\/\/noticiasmercedinas.com\/site\/2025\/07\/23\/avanza-la-construccion-del-anfiteatro-municipal-en-la-trocha-ustarroz-y-altube-recorrieron-las-obras\/","title":{"rendered":"Avanza la construcci\u00f3n del Anfiteatro Municipal en La Trocha: Ustarroz y Altube recorrieron las obras"},"content":{"rendered":"<p><img loading=\"lazy\" decoding=\"async\" class=\"alignnone size-full wp-image-164903\" src=\"https:\/\/noticiasmercedinas.com\/site\/wp-content\/uploads\/2025\/07\/520278086_10161996183282252_1725808259318672372_n.jpg\" alt=\"\" width=\"1439\" height=\"959\" srcset=\"https:\/\/noticiasmercedinas.com\/site\/wp-content\/uploads\/2025\/07\/520278086_10161996183282252_1725808259318672372_n.jpg 1439w, https:\/\/noticiasmercedinas.com\/site\/wp-content\/uploads\/2025\/07\/520278086_10161996183282252_1725808259318672372_n-300x200.jpg 300w, https:\/\/noticiasmercedinas.com\/site\/wp-content\/uploads\/2025\/07\/520278086_10161996183282252_1725808259318672372_n-1024x682.jpg 1024w, https:\/\/noticiasmercedinas.com\/site\/wp-content\/uploads\/2025\/07\/520278086_10161996183282252_1725808259318672372_n-768x512.jpg 768w, https:\/\/noticiasmercedinas.com\/site\/wp-content\/uploads\/2025\/07\/520278086_10161996183282252_1725808259318672372_n-640x427.jpg 640w, https:\/\/noticiasmercedinas.com\/site\/wp-content\/uploads\/2025\/07\/520278086_10161996183282252_1725808259318672372_n-1280x853.jpg 1280w, https:\/\/noticiasmercedinas.com\/site\/wp-content\/uploads\/2025\/07\/520278086_10161996183282252_1725808259318672372_n-681x454.jpg 681w, https:\/\/noticiasmercedinas.com\/site\/wp-content\/uploads\/2025\/07\/520278086_10161996183282252_1725808259318672372_n-1362x908.jpg 1362w\" sizes=\"auto, (max-width: 1439px) 100vw, 1439px\" \/><\/p>\n<p>Funcionarios del municipio de Mercedes recorrieron las obras del futuro Anfiteatro Municipal que se construye en el predio del Centro Cultural La Trocha, en el espacio donde anteriormente funcionaban galpones ferroviarios del Ferrocarril Belgrano.<\/p>\n<p>La visita fue encabezada por el intendente <strong>Juan Ignacio Ustarroz<\/strong> y el secretario de Relaciones con la Comunidad, <strong>Santiago Altube<\/strong>, quien adem\u00e1s encabeza la lista de candidatos a concejales por el Frente Fuerza Patria para las elecciones del pr\u00f3ximo 7 de septiembre.<\/p>\n<p><img loading=\"lazy\" decoding=\"async\" class=\"alignnone size-full wp-image-164902\" src=\"https:\/\/noticiasmercedinas.com\/site\/wp-content\/uploads\/2025\/07\/519906275_10161996183307252_8889209553173698704_n.jpg\" alt=\"\" width=\"1439\" height=\"959\" srcset=\"https:\/\/noticiasmercedinas.com\/site\/wp-content\/uploads\/2025\/07\/519906275_10161996183307252_8889209553173698704_n.jpg 1439w, https:\/\/noticiasmercedinas.com\/site\/wp-content\/uploads\/2025\/07\/519906275_10161996183307252_8889209553173698704_n-300x200.jpg 300w, https:\/\/noticiasmercedinas.com\/site\/wp-content\/uploads\/2025\/07\/519906275_10161996183307252_8889209553173698704_n-1024x682.jpg 1024w, https:\/\/noticiasmercedinas.com\/site\/wp-content\/uploads\/2025\/07\/519906275_10161996183307252_8889209553173698704_n-768x512.jpg 768w, https:\/\/noticiasmercedinas.com\/site\/wp-content\/uploads\/2025\/07\/519906275_10161996183307252_8889209553173698704_n-640x427.jpg 640w, https:\/\/noticiasmercedinas.com\/site\/wp-content\/uploads\/2025\/07\/519906275_10161996183307252_8889209553173698704_n-1280x853.jpg 1280w, https:\/\/noticiasmercedinas.com\/site\/wp-content\/uploads\/2025\/07\/519906275_10161996183307252_8889209553173698704_n-681x454.jpg 681w, https:\/\/noticiasmercedinas.com\/site\/wp-content\/uploads\/2025\/07\/519906275_10161996183307252_8889209553173698704_n-1362x908.jpg 1362w\" sizes=\"auto, (max-width: 1439px) 100vw, 1439px\" \/><\/p>\n<p>Tras la recorrida, Altube destac\u00f3: \u201cNos da mucha alegr\u00eda ver c\u00f3mo siguen avanzando las obras planificadas por nuestro municipio. Muchas de ellas fueron propuestas por nuestros vecinos y vecinas, y se est\u00e1n haciendo realidad\u201d.<\/p>\n<p>Del paso para verificar los trabajos que se est\u00e1n haciendo este mi\u00e9rcoles tambi\u00e9n fue parte Luis Ponce, del \u00e1rea de Servicios P\u00fablicos.<\/p>\n<p><img loading=\"lazy\" decoding=\"async\" class=\"alignnone size-full wp-image-164900\" src=\"https:\/\/noticiasmercedinas.com\/site\/wp-content\/uploads\/2025\/07\/524146222_10161996183317252_4387419279832125948_n.jpg\" alt=\"\" width=\"1439\" height=\"959\" srcset=\"https:\/\/noticiasmercedinas.com\/site\/wp-content\/uploads\/2025\/07\/524146222_10161996183317252_4387419279832125948_n.jpg 1439w, https:\/\/noticiasmercedinas.com\/site\/wp-content\/uploads\/2025\/07\/524146222_10161996183317252_4387419279832125948_n-300x200.jpg 300w, https:\/\/noticiasmercedinas.com\/site\/wp-content\/uploads\/2025\/07\/524146222_10161996183317252_4387419279832125948_n-1024x682.jpg 1024w, https:\/\/noticiasmercedinas.com\/site\/wp-content\/uploads\/2025\/07\/524146222_10161996183317252_4387419279832125948_n-768x512.jpg 768w, https:\/\/noticiasmercedinas.com\/site\/wp-content\/uploads\/2025\/07\/524146222_10161996183317252_4387419279832125948_n-640x427.jpg 640w, https:\/\/noticiasmercedinas.com\/site\/wp-content\/uploads\/2025\/07\/524146222_10161996183317252_4387419279832125948_n-1280x853.jpg 1280w, https:\/\/noticiasmercedinas.com\/site\/wp-content\/uploads\/2025\/07\/524146222_10161996183317252_4387419279832125948_n-681x454.jpg 681w, https:\/\/noticiasmercedinas.com\/site\/wp-content\/uploads\/2025\/07\/524146222_10161996183317252_4387419279832125948_n-1362x908.jpg 1362w\" sizes=\"auto, (max-width: 1439px) 100vw, 1439px\" \/><\/p>\n<p>La obra del Anfiteatro Municipal forma parte de una serie de intervenciones urbanas impulsadas por la comuna con participaci\u00f3n de trabajadores municipales y cooperativas locales. Seg\u00fan explicaron desde el Ejecutivo, este nuevo espacio cultural busca convertirse en un punto de encuentro para propuestas art\u00edsticas, educativas y recreativas abiertas a toda la comunidad.<\/p>\n<p>El predio de La Trocha, donde se lleva adelante esta intervenci\u00f3n, es uno de los espacios m\u00e1s significativos en cuanto a recuperaci\u00f3n patrimonial y usos sociales en Mercedes, y contin\u00faa consolid\u00e1ndose como polo cultural gracias a obras como esta.<\/p>\n<p><img loading=\"lazy\" decoding=\"async\" class=\"alignnone size-full wp-image-164899\" src=\"https:\/\/noticiasmercedinas.com\/site\/wp-content\/uploads\/2025\/07\/521314929_10161996183312252_154853526086711180_n.jpg\" alt=\"\" width=\"1439\" height=\"959\" srcset=\"https:\/\/noticiasmercedinas.com\/site\/wp-content\/uploads\/2025\/07\/521314929_10161996183312252_154853526086711180_n.jpg 1439w, https:\/\/noticiasmercedinas.com\/site\/wp-content\/uploads\/2025\/07\/521314929_10161996183312252_154853526086711180_n-300x200.jpg 300w, https:\/\/noticiasmercedinas.com\/site\/wp-content\/uploads\/2025\/07\/521314929_10161996183312252_154853526086711180_n-1024x682.jpg 1024w, https:\/\/noticiasmercedinas.com\/site\/wp-content\/uploads\/2025\/07\/521314929_10161996183312252_154853526086711180_n-768x512.jpg 768w, https:\/\/noticiasmercedinas.com\/site\/wp-content\/uploads\/2025\/07\/521314929_10161996183312252_154853526086711180_n-640x427.jpg 640w, https:\/\/noticiasmercedinas.com\/site\/wp-content\/uploads\/2025\/07\/521314929_10161996183312252_154853526086711180_n-1280x853.jpg 1280w, https:\/\/noticiasmercedinas.com\/site\/wp-content\/uploads\/2025\/07\/521314929_10161996183312252_154853526086711180_n-681x454.jpg 681w, https:\/\/noticiasmercedinas.com\/site\/wp-content\/uploads\/2025\/07\/521314929_10161996183312252_154853526086711180_n-1362x908.jpg 1362w\" sizes=\"auto, (max-width: 1439px) 100vw, 1439px\" \/><\/p>\n","protected":false},"excerpt":{"rendered":"<p>\u25a0 La Trocha, donde se lleva adelante esta intervenci\u00f3n, es uno de los espacios m\u00e1s significativos en cuanto a recuperaci\u00f3n patrimonial y usos sociales, y contin\u00faa consolid\u00e1ndose como polo cultural con obras como esta.<\/p>\n","protected":false},"author":16,"featured_media":164903,"comment_status":"closed","ping_status":"closed","sticky":false,"template":"","format":"standard","meta":{"footnotes":""},"categories":[16],"tags":[15989,1057,1267],"class_list":["post-164898","post","type-post","status-publish","format-standard","has-post-thumbnail","hentry","category-politica","tag-anfiteatro","tag-la-trocha","tag-santiago-altube"],"yoast_head":"<!-- This site is optimized with the Yoast SEO plugin v27.4 - https:\/\/yoast.com\/product\/yoast-seo-wordpress\/ -->\n<title>Avanza la construcci\u00f3n del Anfiteatro Municipal en La Trocha: Ustarroz y Altube recorrieron las obras<\/title>\n<meta name=\"description\" content=\"El predio de La Trocha, donde se lleva adelante esta intervenci\u00f3n, es uno de los espacios m\u00e1s significativos en cuanto a recuperaci\u00f3n patrimonial y usos sociales en Mercedes, y contin\u00faa consolid\u00e1ndose como polo cultural gracias a obras como esta.\" \/>\n<meta name=\"robots\" content=\"index, follow, max-snippet:-1, max-image-preview:large, max-video-preview:-1\" \/>\n<link rel=\"canonical\" href=\"https:\/\/noticiasmercedinas.com\/site\/2025\/07\/23\/avanza-la-construccion-del-anfiteatro-municipal-en-la-trocha-ustarroz-y-altube-recorrieron-las-obras\/\" \/>\n<meta property=\"og:locale\" content=\"es_ES\" \/>\n<meta property=\"og:type\" content=\"article\" \/>\n<meta property=\"og:title\" content=\"Avanza la construcci\u00f3n del Anfiteatro Municipal en La Trocha: Ustarroz y Altube recorrieron las obras\" \/>\n<meta property=\"og:description\" content=\"El predio de La Trocha, donde se lleva adelante esta intervenci\u00f3n, es uno de los espacios m\u00e1s significativos en cuanto a recuperaci\u00f3n patrimonial y usos sociales en Mercedes, y contin\u00faa consolid\u00e1ndose como polo cultural gracias a obras como esta.\" \/>\n<meta property=\"og:url\" content=\"https:\/\/noticiasmercedinas.com\/site\/2025\/07\/23\/avanza-la-construccion-del-anfiteatro-municipal-en-la-trocha-ustarroz-y-altube-recorrieron-las-obras\/\" \/>\n<meta property=\"og:site_name\" content=\"NOTICIASMERCEDINAS.COM\" \/>\n<meta property=\"article:publisher\" content=\"https:\/\/www.facebook.com\/noticiasmercedinas\/\" \/>\n<meta property=\"article:published_time\" content=\"2025-07-23T23:08:51+00:00\" \/>\n<meta property=\"article:modified_time\" content=\"2025-07-23T23:09:33+00:00\" \/>\n<meta property=\"og:image\" content=\"https:\/\/noticiasmercedinas.com\/site\/wp-content\/uploads\/2025\/07\/520278086_10161996183282252_1725808259318672372_n.jpg\" \/>\n\t<meta property=\"og:image:width\" content=\"1439\" \/>\n\t<meta property=\"og:image:height\" content=\"959\" \/>\n\t<meta property=\"og:image:type\" content=\"image\/jpeg\" \/>\n<meta name=\"author\" content=\"NOTICIASMERCEDINAS.COM\" \/>\n<meta name=\"twitter:card\" content=\"summary_large_image\" \/>\n<meta name=\"twitter:creator\" content=\"@notmercedinas\" \/>\n<meta name=\"twitter:site\" content=\"@notmercedinas\" \/>\n<meta name=\"twitter:label1\" content=\"Escrito por\" \/>\n\t<meta name=\"twitter:data1\" content=\"NOTICIASMERCEDINAS.COM\" \/>\n\t<meta name=\"twitter:label2\" content=\"Tiempo de lectura\" \/>\n\t<meta name=\"twitter:data2\" content=\"3 minutos\" \/>\n<script type=\"application\/ld+json\" class=\"yoast-schema-graph\">{\"@context\":\"https:\\\/\\\/schema.org\",\"@graph\":[{\"@type\":\"Article\",\"@id\":\"https:\\\/\\\/noticiasmercedinas.com\\\/site\\\/2025\\\/07\\\/23\\\/avanza-la-construccion-del-anfiteatro-municipal-en-la-trocha-ustarroz-y-altube-recorrieron-las-obras\\\/#article\",\"isPartOf\":{\"@id\":\"https:\\\/\\\/noticiasmercedinas.com\\\/site\\\/2025\\\/07\\\/23\\\/avanza-la-construccion-del-anfiteatro-municipal-en-la-trocha-ustarroz-y-altube-recorrieron-las-obras\\\/\"},\"author\":{\"name\":\"NOTICIASMERCEDINAS.COM\",\"@id\":\"https:\\\/\\\/noticiasmercedinas.com\\\/site\\\/#\\\/schema\\\/person\\\/84b59c099c28ff2e8b77d4ceec5d8063\"},\"headline\":\"Avanza la construcci\u00f3n del Anfiteatro Municipal en La Trocha: Ustarroz y Altube recorrieron las obras\",\"datePublished\":\"2025-07-23T23:08:51+00:00\",\"dateModified\":\"2025-07-23T23:09:33+00:00\",\"mainEntityOfPage\":{\"@id\":\"https:\\\/\\\/noticiasmercedinas.com\\\/site\\\/2025\\\/07\\\/23\\\/avanza-la-construccion-del-anfiteatro-municipal-en-la-trocha-ustarroz-y-altube-recorrieron-las-obras\\\/\"},\"wordCount\":255,\"publisher\":{\"@id\":\"https:\\\/\\\/noticiasmercedinas.com\\\/site\\\/#organization\"},\"image\":{\"@id\":\"https:\\\/\\\/noticiasmercedinas.com\\\/site\\\/2025\\\/07\\\/23\\\/avanza-la-construccion-del-anfiteatro-municipal-en-la-trocha-ustarroz-y-altube-recorrieron-las-obras\\\/#primaryimage\"},\"thumbnailUrl\":\"https:\\\/\\\/noticiasmercedinas.com\\\/site\\\/wp-content\\\/uploads\\\/2025\\\/07\\\/520278086_10161996183282252_1725808259318672372_n.jpg\",\"keywords\":[\"Anfiteatro\",\"la trocha\",\"Santiago Altube\"],\"articleSection\":[\"Politica\"],\"inLanguage\":\"es\"},{\"@type\":\"WebPage\",\"@id\":\"https:\\\/\\\/noticiasmercedinas.com\\\/site\\\/2025\\\/07\\\/23\\\/avanza-la-construccion-del-anfiteatro-municipal-en-la-trocha-ustarroz-y-altube-recorrieron-las-obras\\\/\",\"url\":\"https:\\\/\\\/noticiasmercedinas.com\\\/site\\\/2025\\\/07\\\/23\\\/avanza-la-construccion-del-anfiteatro-municipal-en-la-trocha-ustarroz-y-altube-recorrieron-las-obras\\\/\",\"name\":\"Avanza la construcci\u00f3n del Anfiteatro Municipal en La Trocha: Ustarroz y Altube recorrieron las obras\",\"isPartOf\":{\"@id\":\"https:\\\/\\\/noticiasmercedinas.com\\\/site\\\/#website\"},\"primaryImageOfPage\":{\"@id\":\"https:\\\/\\\/noticiasmercedinas.com\\\/site\\\/2025\\\/07\\\/23\\\/avanza-la-construccion-del-anfiteatro-municipal-en-la-trocha-ustarroz-y-altube-recorrieron-las-obras\\\/#primaryimage\"},\"image\":{\"@id\":\"https:\\\/\\\/noticiasmercedinas.com\\\/site\\\/2025\\\/07\\\/23\\\/avanza-la-construccion-del-anfiteatro-municipal-en-la-trocha-ustarroz-y-altube-recorrieron-las-obras\\\/#primaryimage\"},\"thumbnailUrl\":\"https:\\\/\\\/noticiasmercedinas.com\\\/site\\\/wp-content\\\/uploads\\\/2025\\\/07\\\/520278086_10161996183282252_1725808259318672372_n.jpg\",\"datePublished\":\"2025-07-23T23:08:51+00:00\",\"dateModified\":\"2025-07-23T23:09:33+00:00\",\"description\":\"El predio de La Trocha, donde se lleva adelante esta intervenci\u00f3n, es uno de los espacios m\u00e1s significativos en cuanto a recuperaci\u00f3n patrimonial y usos sociales en Mercedes, y contin\u00faa consolid\u00e1ndose como polo cultural gracias a obras como esta.\",\"breadcrumb\":{\"@id\":\"https:\\\/\\\/noticiasmercedinas.com\\\/site\\\/2025\\\/07\\\/23\\\/avanza-la-construccion-del-anfiteatro-municipal-en-la-trocha-ustarroz-y-altube-recorrieron-las-obras\\\/#breadcrumb\"},\"inLanguage\":\"es\",\"potentialAction\":[{\"@type\":\"ReadAction\",\"target\":[\"https:\\\/\\\/noticiasmercedinas.com\\\/site\\\/2025\\\/07\\\/23\\\/avanza-la-construccion-del-anfiteatro-municipal-en-la-trocha-ustarroz-y-altube-recorrieron-las-obras\\\/\"]}]},{\"@type\":\"ImageObject\",\"inLanguage\":\"es\",\"@id\":\"https:\\\/\\\/noticiasmercedinas.com\\\/site\\\/2025\\\/07\\\/23\\\/avanza-la-construccion-del-anfiteatro-municipal-en-la-trocha-ustarroz-y-altube-recorrieron-las-obras\\\/#primaryimage\",\"url\":\"https:\\\/\\\/noticiasmercedinas.com\\\/site\\\/wp-content\\\/uploads\\\/2025\\\/07\\\/520278086_10161996183282252_1725808259318672372_n.jpg\",\"contentUrl\":\"https:\\\/\\\/noticiasmercedinas.com\\\/site\\\/wp-content\\\/uploads\\\/2025\\\/07\\\/520278086_10161996183282252_1725808259318672372_n.jpg\",\"width\":1439,\"height\":959},{\"@type\":\"BreadcrumbList\",\"@id\":\"https:\\\/\\\/noticiasmercedinas.com\\\/site\\\/2025\\\/07\\\/23\\\/avanza-la-construccion-del-anfiteatro-municipal-en-la-trocha-ustarroz-y-altube-recorrieron-las-obras\\\/#breadcrumb\",\"itemListElement\":[{\"@type\":\"ListItem\",\"position\":1,\"name\":\"Portada\",\"item\":\"https:\\\/\\\/noticiasmercedinas.com\\\/site\\\/\"},{\"@type\":\"ListItem\",\"position\":2,\"name\":\"Avanza la construcci\u00f3n del Anfiteatro Municipal en La Trocha: Ustarroz y Altube recorrieron las obras\"}]},{\"@type\":\"WebSite\",\"@id\":\"https:\\\/\\\/noticiasmercedinas.com\\\/site\\\/#website\",\"url\":\"https:\\\/\\\/noticiasmercedinas.com\\\/site\\\/\",\"name\":\"NOTICIASMERCEDINAS.COM\",\"description\":\"Mercedes, Buenos Aires, Argentina\",\"publisher\":{\"@id\":\"https:\\\/\\\/noticiasmercedinas.com\\\/site\\\/#organization\"},\"potentialAction\":[{\"@type\":\"SearchAction\",\"target\":{\"@type\":\"EntryPoint\",\"urlTemplate\":\"https:\\\/\\\/noticiasmercedinas.com\\\/site\\\/?s={search_term_string}\"},\"query-input\":{\"@type\":\"PropertyValueSpecification\",\"valueRequired\":true,\"valueName\":\"search_term_string\"}}],\"inLanguage\":\"es\"},{\"@type\":\"Organization\",\"@id\":\"https:\\\/\\\/noticiasmercedinas.com\\\/site\\\/#organization\",\"name\":\"NOTICIASMERCEDINAS.COM\",\"url\":\"https:\\\/\\\/noticiasmercedinas.com\\\/site\\\/\",\"logo\":{\"@type\":\"ImageObject\",\"inLanguage\":\"es\",\"@id\":\"https:\\\/\\\/noticiasmercedinas.com\\\/site\\\/#\\\/schema\\\/logo\\\/image\\\/\",\"url\":\"https:\\\/\\\/noticiasmercedinas.com\\\/site\\\/wp-content\\\/uploads\\\/2020\\\/06\\\/LOGO-512.jpg\",\"contentUrl\":\"https:\\\/\\\/noticiasmercedinas.com\\\/site\\\/wp-content\\\/uploads\\\/2020\\\/06\\\/LOGO-512.jpg\",\"width\":512,\"height\":512,\"caption\":\"NOTICIASMERCEDINAS.COM\"},\"image\":{\"@id\":\"https:\\\/\\\/noticiasmercedinas.com\\\/site\\\/#\\\/schema\\\/logo\\\/image\\\/\"},\"sameAs\":[\"https:\\\/\\\/www.facebook.com\\\/noticiasmercedinas\\\/\",\"https:\\\/\\\/x.com\\\/notmercedinas\",\"https:\\\/\\\/www.instagram.com\\\/noticiasmercedinas\\\/\"]},{\"@type\":\"Person\",\"@id\":\"https:\\\/\\\/noticiasmercedinas.com\\\/site\\\/#\\\/schema\\\/person\\\/84b59c099c28ff2e8b77d4ceec5d8063\",\"name\":\"NOTICIASMERCEDINAS.COM\",\"image\":{\"@type\":\"ImageObject\",\"inLanguage\":\"es\",\"@id\":\"https:\\\/\\\/secure.gravatar.com\\\/avatar\\\/4dfbf16b4d17945bfb6341b2d19043457132fcf478a5ee04f42e959fd8f5df0a?s=96&d=mm&r=g\",\"url\":\"https:\\\/\\\/secure.gravatar.com\\\/avatar\\\/4dfbf16b4d17945bfb6341b2d19043457132fcf478a5ee04f42e959fd8f5df0a?s=96&d=mm&r=g\",\"contentUrl\":\"https:\\\/\\\/secure.gravatar.com\\\/avatar\\\/4dfbf16b4d17945bfb6341b2d19043457132fcf478a5ee04f42e959fd8f5df0a?s=96&d=mm&r=g\",\"caption\":\"NOTICIASMERCEDINAS.COM\"},\"url\":\"https:\\\/\\\/noticiasmercedinas.com\\\/site\\\/author\\\/anonimo\\\/\"}]}<\/script>\n<!-- \/ Yoast SEO plugin. -->","yoast_head_json":{"title":"Avanza la construcci\u00f3n del Anfiteatro Municipal en La Trocha: Ustarroz y Altube recorrieron las obras","description":"El predio de La Trocha, donde se lleva adelante esta intervenci\u00f3n, es uno de los espacios m\u00e1s significativos en cuanto a recuperaci\u00f3n patrimonial y usos sociales en Mercedes, y contin\u00faa consolid\u00e1ndose como polo cultural gracias a obras como esta.","robots":{"index":"index","follow":"follow","max-snippet":"max-snippet:-1","max-image-preview":"max-image-preview:large","max-video-preview":"max-video-preview:-1"},"canonical":"https:\/\/noticiasmercedinas.com\/site\/2025\/07\/23\/avanza-la-construccion-del-anfiteatro-municipal-en-la-trocha-ustarroz-y-altube-recorrieron-las-obras\/","og_locale":"es_ES","og_type":"article","og_title":"Avanza la construcci\u00f3n del Anfiteatro Municipal en La Trocha: Ustarroz y Altube recorrieron las obras","og_description":"El predio de La Trocha, donde se lleva adelante esta intervenci\u00f3n, es uno de los espacios m\u00e1s significativos en cuanto a recuperaci\u00f3n patrimonial y usos sociales en Mercedes, y contin\u00faa consolid\u00e1ndose como polo cultural gracias a obras como esta.","og_url":"https:\/\/noticiasmercedinas.com\/site\/2025\/07\/23\/avanza-la-construccion-del-anfiteatro-municipal-en-la-trocha-ustarroz-y-altube-recorrieron-las-obras\/","og_site_name":"NOTICIASMERCEDINAS.COM","article_publisher":"https:\/\/www.facebook.com\/noticiasmercedinas\/","article_published_time":"2025-07-23T23:08:51+00:00","article_modified_time":"2025-07-23T23:09:33+00:00","og_image":[{"width":1439,"height":959,"url":"https:\/\/noticiasmercedinas.com\/site\/wp-content\/uploads\/2025\/07\/520278086_10161996183282252_1725808259318672372_n.jpg","type":"image\/jpeg"}],"author":"NOTICIASMERCEDINAS.COM","twitter_card":"summary_large_image","twitter_creator":"@notmercedinas","twitter_site":"@notmercedinas","twitter_misc":{"Escrito por":"NOTICIASMERCEDINAS.COM","Tiempo de lectura":"3 minutos"},"schema":{"@context":"https:\/\/schema.org","@graph":[{"@type":"Article","@id":"https:\/\/noticiasmercedinas.com\/site\/2025\/07\/23\/avanza-la-construccion-del-anfiteatro-municipal-en-la-trocha-ustarroz-y-altube-recorrieron-las-obras\/#article","isPartOf":{"@id":"https:\/\/noticiasmercedinas.com\/site\/2025\/07\/23\/avanza-la-construccion-del-anfiteatro-municipal-en-la-trocha-ustarroz-y-altube-recorrieron-las-obras\/"},"author":{"name":"NOTICIASMERCEDINAS.COM","@id":"https:\/\/noticiasmercedinas.com\/site\/#\/schema\/person\/84b59c099c28ff2e8b77d4ceec5d8063"},"headline":"Avanza la construcci\u00f3n del Anfiteatro Municipal en La Trocha: Ustarroz y Altube recorrieron las obras","datePublished":"2025-07-23T23:08:51+00:00","dateModified":"2025-07-23T23:09:33+00:00","mainEntityOfPage":{"@id":"https:\/\/noticiasmercedinas.com\/site\/2025\/07\/23\/avanza-la-construccion-del-anfiteatro-municipal-en-la-trocha-ustarroz-y-altube-recorrieron-las-obras\/"},"wordCount":255,"publisher":{"@id":"https:\/\/noticiasmercedinas.com\/site\/#organization"},"image":{"@id":"https:\/\/noticiasmercedinas.com\/site\/2025\/07\/23\/avanza-la-construccion-del-anfiteatro-municipal-en-la-trocha-ustarroz-y-altube-recorrieron-las-obras\/#primaryimage"},"thumbnailUrl":"https:\/\/noticiasmercedinas.com\/site\/wp-content\/uploads\/2025\/07\/520278086_10161996183282252_1725808259318672372_n.jpg","keywords":["Anfiteatro","la trocha","Santiago Altube"],"articleSection":["Politica"],"inLanguage":"es"},{"@type":"WebPage","@id":"https:\/\/noticiasmercedinas.com\/site\/2025\/07\/23\/avanza-la-construccion-del-anfiteatro-municipal-en-la-trocha-ustarroz-y-altube-recorrieron-las-obras\/","url":"https:\/\/noticiasmercedinas.com\/site\/2025\/07\/23\/avanza-la-construccion-del-anfiteatro-municipal-en-la-trocha-ustarroz-y-altube-recorrieron-las-obras\/","name":"Avanza la construcci\u00f3n del Anfiteatro Municipal en La Trocha: Ustarroz y Altube recorrieron las obras","isPartOf":{"@id":"https:\/\/noticiasmercedinas.com\/site\/#website"},"primaryImageOfPage":{"@id":"https:\/\/noticiasmercedinas.com\/site\/2025\/07\/23\/avanza-la-construccion-del-anfiteatro-municipal-en-la-trocha-ustarroz-y-altube-recorrieron-las-obras\/#primaryimage"},"image":{"@id":"https:\/\/noticiasmercedinas.com\/site\/2025\/07\/23\/avanza-la-construccion-del-anfiteatro-municipal-en-la-trocha-ustarroz-y-altube-recorrieron-las-obras\/#primaryimage"},"thumbnailUrl":"https:\/\/noticiasmercedinas.com\/site\/wp-content\/uploads\/2025\/07\/520278086_10161996183282252_1725808259318672372_n.jpg","datePublished":"2025-07-23T23:08:51+00:00","dateModified":"2025-07-23T23:09:33+00:00","description":"El predio de La Trocha, donde se lleva adelante esta intervenci\u00f3n, es uno de los espacios m\u00e1s significativos en cuanto a recuperaci\u00f3n patrimonial y usos sociales en Mercedes, y contin\u00faa consolid\u00e1ndose como polo cultural gracias a obras como esta.","breadcrumb":{"@id":"https:\/\/noticiasmercedinas.com\/site\/2025\/07\/23\/avanza-la-construccion-del-anfiteatro-municipal-en-la-trocha-ustarroz-y-altube-recorrieron-las-obras\/#breadcrumb"},"inLanguage":"es","potentialAction":[{"@type":"ReadAction","target":["https:\/\/noticiasmercedinas.com\/site\/2025\/07\/23\/avanza-la-construccion-del-anfiteatro-municipal-en-la-trocha-ustarroz-y-altube-recorrieron-las-obras\/"]}]},{"@type":"ImageObject","inLanguage":"es","@id":"https:\/\/noticiasmercedinas.com\/site\/2025\/07\/23\/avanza-la-construccion-del-anfiteatro-municipal-en-la-trocha-ustarroz-y-altube-recorrieron-las-obras\/#primaryimage","url":"https:\/\/noticiasmercedinas.com\/site\/wp-content\/uploads\/2025\/07\/520278086_10161996183282252_1725808259318672372_n.jpg","contentUrl":"https:\/\/noticiasmercedinas.com\/site\/wp-content\/uploads\/2025\/07\/520278086_10161996183282252_1725808259318672372_n.jpg","width":1439,"height":959},{"@type":"BreadcrumbList","@id":"https:\/\/noticiasmercedinas.com\/site\/2025\/07\/23\/avanza-la-construccion-del-anfiteatro-municipal-en-la-trocha-ustarroz-y-altube-recorrieron-las-obras\/#breadcrumb","itemListElement":[{"@type":"ListItem","position":1,"name":"Portada","item":"https:\/\/noticiasmercedinas.com\/site\/"},{"@type":"ListItem","position":2,"name":"Avanza la construcci\u00f3n del Anfiteatro Municipal en La Trocha: Ustarroz y Altube recorrieron las obras"}]},{"@type":"WebSite","@id":"https:\/\/noticiasmercedinas.com\/site\/#website","url":"https:\/\/noticiasmercedinas.com\/site\/","name":"NOTICIASMERCEDINAS.COM","description":"Mercedes, Buenos Aires, Argentina","publisher":{"@id":"https:\/\/noticiasmercedinas.com\/site\/#organization"},"potentialAction":[{"@type":"SearchAction","target":{"@type":"EntryPoint","urlTemplate":"https:\/\/noticiasmercedinas.com\/site\/?s={search_term_string}"},"query-input":{"@type":"PropertyValueSpecification","valueRequired":true,"valueName":"search_term_string"}}],"inLanguage":"es"},{"@type":"Organization","@id":"https:\/\/noticiasmercedinas.com\/site\/#organization","name":"NOTICIASMERCEDINAS.COM","url":"https:\/\/noticiasmercedinas.com\/site\/","logo":{"@type":"ImageObject","inLanguage":"es","@id":"https:\/\/noticiasmercedinas.com\/site\/#\/schema\/logo\/image\/","url":"https:\/\/noticiasmercedinas.com\/site\/wp-content\/uploads\/2020\/06\/LOGO-512.jpg","contentUrl":"https:\/\/noticiasmercedinas.com\/site\/wp-content\/uploads\/2020\/06\/LOGO-512.jpg","width":512,"height":512,"caption":"NOTICIASMERCEDINAS.COM"},"image":{"@id":"https:\/\/noticiasmercedinas.com\/site\/#\/schema\/logo\/image\/"},"sameAs":["https:\/\/www.facebook.com\/noticiasmercedinas\/","https:\/\/x.com\/notmercedinas","https:\/\/www.instagram.com\/noticiasmercedinas\/"]},{"@type":"Person","@id":"https:\/\/noticiasmercedinas.com\/site\/#\/schema\/person\/84b59c099c28ff2e8b77d4ceec5d8063","name":"NOTICIASMERCEDINAS.COM","image":{"@type":"ImageObject","inLanguage":"es","@id":"https:\/\/secure.gravatar.com\/avatar\/4dfbf16b4d17945bfb6341b2d19043457132fcf478a5ee04f42e959fd8f5df0a?s=96&d=mm&r=g","url":"https:\/\/secure.gravatar.com\/avatar\/4dfbf16b4d17945bfb6341b2d19043457132fcf478a5ee04f42e959fd8f5df0a?s=96&d=mm&r=g","contentUrl":"https:\/\/secure.gravatar.com\/avatar\/4dfbf16b4d17945bfb6341b2d19043457132fcf478a5ee04f42e959fd8f5df0a?s=96&d=mm&r=g","caption":"NOTICIASMERCEDINAS.COM"},"url":"https:\/\/noticiasmercedinas.com\/site\/author\/anonimo\/"}]}},"amp_enabled":true,"_links":{"self":[{"href":"https:\/\/noticiasmercedinas.com\/site\/wp-json\/wp\/v2\/posts\/164898","targetHints":{"allow":["GET"]}}],"collection":[{"href":"https:\/\/noticiasmercedinas.com\/site\/wp-json\/wp\/v2\/posts"}],"about":[{"href":"https:\/\/noticiasmercedinas.com\/site\/wp-json\/wp\/v2\/types\/post"}],"author":[{"embeddable":true,"href":"https:\/\/noticiasmercedinas.com\/site\/wp-json\/wp\/v2\/users\/16"}],"replies":[{"embeddable":true,"href":"https:\/\/noticiasmercedinas.com\/site\/wp-json\/wp\/v2\/comments?post=164898"}],"version-history":[{"count":2,"href":"https:\/\/noticiasmercedinas.com\/site\/wp-json\/wp\/v2\/posts\/164898\/revisions"}],"predecessor-version":[{"id":164905,"href":"https:\/\/noticiasmercedinas.com\/site\/wp-json\/wp\/v2\/posts\/164898\/revisions\/164905"}],"wp:featuredmedia":[{"embeddable":true,"href":"https:\/\/noticiasmercedinas.com\/site\/wp-json\/wp\/v2\/media\/164903"}],"wp:attachment":[{"href":"https:\/\/noticiasmercedinas.com\/site\/wp-json\/wp\/v2\/media?parent=164898"}],"wp:term":[{"taxonomy":"category","embeddable":true,"href":"https:\/\/noticiasmercedinas.com\/site\/wp-json\/wp\/v2\/categories?post=164898"},{"taxonomy":"post_tag","embeddable":true,"href":"https:\/\/noticiasmercedinas.com\/site\/wp-json\/wp\/v2\/tags?post=164898"}],"curies":[{"name":"wp","href":"https:\/\/api.w.org\/{rel}","templated":true}]}}