{"id":164972,"date":"2025-07-24T10:32:33","date_gmt":"2025-07-24T13:32:33","guid":{"rendered":"https:\/\/noticiasmercedinas.com\/site\/?p=164972"},"modified":"2025-07-24T10:32:33","modified_gmt":"2025-07-24T13:32:33","slug":"nacion-wiphala-inicia-su-gira-internacional-con-fechas-confirmadas-en-argentina-y-chile","status":"publish","type":"post","link":"https:\/\/noticiasmercedinas.com\/site\/2025\/07\/24\/nacion-wiphala-inicia-su-gira-internacional-con-fechas-confirmadas-en-argentina-y-chile\/","title":{"rendered":"Naci\u00f3n Wiphala inicia su gira internacional con fechas confirmadas en Argentina y Chile"},"content":{"rendered":"<p><img loading=\"lazy\" decoding=\"async\" class=\"alignnone size-full wp-image-164973\" src=\"https:\/\/noticiasmercedinas.com\/site\/wp-content\/uploads\/2025\/07\/NACIONWI.jpg\" alt=\"\" width=\"1599\" height=\"1169\" srcset=\"https:\/\/noticiasmercedinas.com\/site\/wp-content\/uploads\/2025\/07\/NACIONWI.jpg 1599w, https:\/\/noticiasmercedinas.com\/site\/wp-content\/uploads\/2025\/07\/NACIONWI-300x219.jpg 300w, https:\/\/noticiasmercedinas.com\/site\/wp-content\/uploads\/2025\/07\/NACIONWI-1024x749.jpg 1024w, https:\/\/noticiasmercedinas.com\/site\/wp-content\/uploads\/2025\/07\/NACIONWI-768x561.jpg 768w, https:\/\/noticiasmercedinas.com\/site\/wp-content\/uploads\/2025\/07\/NACIONWI-1536x1123.jpg 1536w, https:\/\/noticiasmercedinas.com\/site\/wp-content\/uploads\/2025\/07\/NACIONWI-640x468.jpg 640w, https:\/\/noticiasmercedinas.com\/site\/wp-content\/uploads\/2025\/07\/NACIONWI-1280x936.jpg 1280w, https:\/\/noticiasmercedinas.com\/site\/wp-content\/uploads\/2025\/07\/NACIONWI-681x498.jpg 681w, https:\/\/noticiasmercedinas.com\/site\/wp-content\/uploads\/2025\/07\/NACIONWI-1362x996.jpg 1362w\" sizes=\"auto, (max-width: 1599px) 100vw, 1599px\" \/><\/p>\n<p>La banda <strong>Naci\u00f3n Wiphala<\/strong>, exponente de la m\u00fasica independiente latinoamericana con sello propio y ra\u00edces mercedinas, iniciar\u00e1 una gira internacional que la llevar\u00e1 a presentarse en distintas ciudades de Argentina y Chile durante los pr\u00f3ximos meses.<\/p>\n<p>El recorrido comienza el jueves 7 de agosto en el Club Lucille de Palermo, Ciudad de Buenos Aires, en el marco del ciclo \u00abCancionistxs\u00bb, con entradas disponibles en Passline.<\/p>\n<p>Luego, seguir\u00e1n dos fechas m\u00e1s en el pa\u00eds: el viernes 22 de agosto en Cultura Wiphala (Los Polvorines) y el viernes 10 de octubre en La Paila (Palermo).<\/p>\n<p>La etapa internacional de la gira ser\u00e1 en noviembre en Chile, con cuatro presentaciones:<\/p>\n<ul>\n<li>Jueves 6 en Caf\u00e9 Brazil (Santiago)<\/li>\n<li>Viernes 7 en Casa de Salud (Concepci\u00f3n)<\/li>\n<li>S\u00e1bado 8 en Kechu Rewe (Molina)<\/li>\n<li>Domingo 9 en Talca<\/li>\n<\/ul>\n<p>Actualmente, Naci\u00f3n Wiphala est\u00e1 integrada por Franco Ram\u00edrez, Jo Marcel, Franco Dicatarina y Rulo Godar.<\/p>\n<p>La propuesta del grupo fusiona ra\u00edz folkl\u00f3rica y sonoridades contempor\u00e1neas bajo el concepto de \u201cfolklore futurista\u201d, lo que los ha posicionado como una de las propuestas m\u00e1s singulares dentro del circuito de la m\u00fasica latinoamericana.<\/p>\n<p><img loading=\"lazy\" decoding=\"async\" class=\"alignnone size-full wp-image-164974\" src=\"https:\/\/noticiasmercedinas.com\/site\/wp-content\/uploads\/2025\/07\/a90e2e85-2027-4c30-ad4f-aa4191833d25.jpeg\" alt=\"\" width=\"1080\" height=\"1350\" srcset=\"https:\/\/noticiasmercedinas.com\/site\/wp-content\/uploads\/2025\/07\/a90e2e85-2027-4c30-ad4f-aa4191833d25.jpeg 1080w, https:\/\/noticiasmercedinas.com\/site\/wp-content\/uploads\/2025\/07\/a90e2e85-2027-4c30-ad4f-aa4191833d25-240x300.jpeg 240w, https:\/\/noticiasmercedinas.com\/site\/wp-content\/uploads\/2025\/07\/a90e2e85-2027-4c30-ad4f-aa4191833d25-819x1024.jpeg 819w, https:\/\/noticiasmercedinas.com\/site\/wp-content\/uploads\/2025\/07\/a90e2e85-2027-4c30-ad4f-aa4191833d25-768x960.jpeg 768w, https:\/\/noticiasmercedinas.com\/site\/wp-content\/uploads\/2025\/07\/a90e2e85-2027-4c30-ad4f-aa4191833d25-640x800.jpeg 640w, https:\/\/noticiasmercedinas.com\/site\/wp-content\/uploads\/2025\/07\/a90e2e85-2027-4c30-ad4f-aa4191833d25-681x851.jpeg 681w\" sizes=\"auto, (max-width: 1080px) 100vw, 1080px\" \/><\/p>\n","protected":false},"excerpt":{"rendered":"<p>\u25a0 La banda est\u00e1 integrada por Franco Ram\u00edrez, Jo Marcel, Franco Dicatarina y Rulo Godar. En su estilo fusiona ra\u00edz folkl\u00f3rica y sonoridades contempor\u00e1neas bajo el concepto de \u201cfolklore futurista\u201d<\/p>\n","protected":false},"author":16,"featured_media":164973,"comment_status":"closed","ping_status":"closed","sticky":false,"template":"","format":"standard","meta":{"footnotes":""},"categories":[4],"tags":[6618,11810,13795,5926],"class_list":["post-164972","post","type-post","status-publish","format-standard","has-post-thumbnail","hentry","category-cultura","tag-chile","tag-conciertos","tag-gira","tag-nacion-wiphala"],"yoast_head":"<!-- This site is optimized with the Yoast SEO plugin v27.4 - https:\/\/yoast.com\/product\/yoast-seo-wordpress\/ -->\n<title>Naci\u00f3n Wiphala inicia su gira internacional con fechas confirmadas en Argentina y Chile<\/title>\n<meta name=\"description\" content=\"La banda est\u00e1 integrada por Franco Ram\u00edrez, Jo Marcel, Franco Dicatarina y Rulo Godar. En su estilo fusiona ra\u00edz folkl\u00f3rica y sonoridades contempor\u00e1neas bajo el concepto de \u201cfolklore futurista\u201d\" \/>\n<meta name=\"robots\" content=\"index, follow, max-snippet:-1, max-image-preview:large, max-video-preview:-1\" \/>\n<link rel=\"canonical\" href=\"https:\/\/noticiasmercedinas.com\/site\/2025\/07\/24\/nacion-wiphala-inicia-su-gira-internacional-con-fechas-confirmadas-en-argentina-y-chile\/\" \/>\n<meta property=\"og:locale\" content=\"es_ES\" \/>\n<meta property=\"og:type\" content=\"article\" \/>\n<meta property=\"og:title\" content=\"Naci\u00f3n Wiphala inicia su gira internacional con fechas confirmadas en Argentina y Chile\" \/>\n<meta property=\"og:description\" content=\"La banda est\u00e1 integrada por Franco Ram\u00edrez, Jo Marcel, Franco Dicatarina y Rulo Godar. En su estilo fusiona ra\u00edz folkl\u00f3rica y sonoridades contempor\u00e1neas bajo el concepto de \u201cfolklore futurista\u201d\" \/>\n<meta property=\"og:url\" content=\"https:\/\/noticiasmercedinas.com\/site\/2025\/07\/24\/nacion-wiphala-inicia-su-gira-internacional-con-fechas-confirmadas-en-argentina-y-chile\/\" \/>\n<meta property=\"og:site_name\" content=\"NOTICIASMERCEDINAS.COM\" \/>\n<meta property=\"article:publisher\" content=\"https:\/\/www.facebook.com\/noticiasmercedinas\/\" \/>\n<meta property=\"article:published_time\" content=\"2025-07-24T13:32:33+00:00\" \/>\n<meta property=\"og:image\" content=\"https:\/\/noticiasmercedinas.com\/site\/wp-content\/uploads\/2025\/07\/NACIONWI.jpg\" \/>\n\t<meta property=\"og:image:width\" content=\"1599\" \/>\n\t<meta property=\"og:image:height\" content=\"1169\" \/>\n\t<meta property=\"og:image:type\" content=\"image\/jpeg\" \/>\n<meta name=\"author\" content=\"NOTICIASMERCEDINAS.COM\" \/>\n<meta name=\"twitter:card\" content=\"summary_large_image\" \/>\n<meta name=\"twitter:creator\" content=\"@notmercedinas\" \/>\n<meta name=\"twitter:site\" content=\"@notmercedinas\" \/>\n<meta name=\"twitter:label1\" content=\"Escrito por\" \/>\n\t<meta name=\"twitter:data1\" content=\"NOTICIASMERCEDINAS.COM\" \/>\n\t<meta name=\"twitter:label2\" content=\"Tiempo de lectura\" \/>\n\t<meta name=\"twitter:data2\" content=\"2 minutos\" \/>\n<script type=\"application\/ld+json\" class=\"yoast-schema-graph\">{\"@context\":\"https:\\\/\\\/schema.org\",\"@graph\":[{\"@type\":\"Article\",\"@id\":\"https:\\\/\\\/noticiasmercedinas.com\\\/site\\\/2025\\\/07\\\/24\\\/nacion-wiphala-inicia-su-gira-internacional-con-fechas-confirmadas-en-argentina-y-chile\\\/#article\",\"isPartOf\":{\"@id\":\"https:\\\/\\\/noticiasmercedinas.com\\\/site\\\/2025\\\/07\\\/24\\\/nacion-wiphala-inicia-su-gira-internacional-con-fechas-confirmadas-en-argentina-y-chile\\\/\"},\"author\":{\"name\":\"NOTICIASMERCEDINAS.COM\",\"@id\":\"https:\\\/\\\/noticiasmercedinas.com\\\/site\\\/#\\\/schema\\\/person\\\/84b59c099c28ff2e8b77d4ceec5d8063\"},\"headline\":\"Naci\u00f3n Wiphala inicia su gira internacional con fechas confirmadas en Argentina y Chile\",\"datePublished\":\"2025-07-24T13:32:33+00:00\",\"mainEntityOfPage\":{\"@id\":\"https:\\\/\\\/noticiasmercedinas.com\\\/site\\\/2025\\\/07\\\/24\\\/nacion-wiphala-inicia-su-gira-internacional-con-fechas-confirmadas-en-argentina-y-chile\\\/\"},\"wordCount\":203,\"publisher\":{\"@id\":\"https:\\\/\\\/noticiasmercedinas.com\\\/site\\\/#organization\"},\"image\":{\"@id\":\"https:\\\/\\\/noticiasmercedinas.com\\\/site\\\/2025\\\/07\\\/24\\\/nacion-wiphala-inicia-su-gira-internacional-con-fechas-confirmadas-en-argentina-y-chile\\\/#primaryimage\"},\"thumbnailUrl\":\"https:\\\/\\\/noticiasmercedinas.com\\\/site\\\/wp-content\\\/uploads\\\/2025\\\/07\\\/NACIONWI.jpg\",\"keywords\":[\"chile\",\"conciertos\",\"gira\",\"naci\u00f3n wiphala\"],\"articleSection\":[\"Cultura\"],\"inLanguage\":\"es\"},{\"@type\":\"WebPage\",\"@id\":\"https:\\\/\\\/noticiasmercedinas.com\\\/site\\\/2025\\\/07\\\/24\\\/nacion-wiphala-inicia-su-gira-internacional-con-fechas-confirmadas-en-argentina-y-chile\\\/\",\"url\":\"https:\\\/\\\/noticiasmercedinas.com\\\/site\\\/2025\\\/07\\\/24\\\/nacion-wiphala-inicia-su-gira-internacional-con-fechas-confirmadas-en-argentina-y-chile\\\/\",\"name\":\"Naci\u00f3n Wiphala inicia su gira internacional con fechas confirmadas en Argentina y Chile\",\"isPartOf\":{\"@id\":\"https:\\\/\\\/noticiasmercedinas.com\\\/site\\\/#website\"},\"primaryImageOfPage\":{\"@id\":\"https:\\\/\\\/noticiasmercedinas.com\\\/site\\\/2025\\\/07\\\/24\\\/nacion-wiphala-inicia-su-gira-internacional-con-fechas-confirmadas-en-argentina-y-chile\\\/#primaryimage\"},\"image\":{\"@id\":\"https:\\\/\\\/noticiasmercedinas.com\\\/site\\\/2025\\\/07\\\/24\\\/nacion-wiphala-inicia-su-gira-internacional-con-fechas-confirmadas-en-argentina-y-chile\\\/#primaryimage\"},\"thumbnailUrl\":\"https:\\\/\\\/noticiasmercedinas.com\\\/site\\\/wp-content\\\/uploads\\\/2025\\\/07\\\/NACIONWI.jpg\",\"datePublished\":\"2025-07-24T13:32:33+00:00\",\"description\":\"La banda est\u00e1 integrada por Franco Ram\u00edrez, Jo Marcel, Franco Dicatarina y Rulo Godar. En su estilo fusiona ra\u00edz folkl\u00f3rica y sonoridades contempor\u00e1neas bajo el concepto de \u201cfolklore futurista\u201d\",\"breadcrumb\":{\"@id\":\"https:\\\/\\\/noticiasmercedinas.com\\\/site\\\/2025\\\/07\\\/24\\\/nacion-wiphala-inicia-su-gira-internacional-con-fechas-confirmadas-en-argentina-y-chile\\\/#breadcrumb\"},\"inLanguage\":\"es\",\"potentialAction\":[{\"@type\":\"ReadAction\",\"target\":[\"https:\\\/\\\/noticiasmercedinas.com\\\/site\\\/2025\\\/07\\\/24\\\/nacion-wiphala-inicia-su-gira-internacional-con-fechas-confirmadas-en-argentina-y-chile\\\/\"]}]},{\"@type\":\"ImageObject\",\"inLanguage\":\"es\",\"@id\":\"https:\\\/\\\/noticiasmercedinas.com\\\/site\\\/2025\\\/07\\\/24\\\/nacion-wiphala-inicia-su-gira-internacional-con-fechas-confirmadas-en-argentina-y-chile\\\/#primaryimage\",\"url\":\"https:\\\/\\\/noticiasmercedinas.com\\\/site\\\/wp-content\\\/uploads\\\/2025\\\/07\\\/NACIONWI.jpg\",\"contentUrl\":\"https:\\\/\\\/noticiasmercedinas.com\\\/site\\\/wp-content\\\/uploads\\\/2025\\\/07\\\/NACIONWI.jpg\",\"width\":1599,\"height\":1169},{\"@type\":\"BreadcrumbList\",\"@id\":\"https:\\\/\\\/noticiasmercedinas.com\\\/site\\\/2025\\\/07\\\/24\\\/nacion-wiphala-inicia-su-gira-internacional-con-fechas-confirmadas-en-argentina-y-chile\\\/#breadcrumb\",\"itemListElement\":[{\"@type\":\"ListItem\",\"position\":1,\"name\":\"Portada\",\"item\":\"https:\\\/\\\/noticiasmercedinas.com\\\/site\\\/\"},{\"@type\":\"ListItem\",\"position\":2,\"name\":\"Naci\u00f3n Wiphala inicia su gira internacional con fechas confirmadas en Argentina y Chile\"}]},{\"@type\":\"WebSite\",\"@id\":\"https:\\\/\\\/noticiasmercedinas.com\\\/site\\\/#website\",\"url\":\"https:\\\/\\\/noticiasmercedinas.com\\\/site\\\/\",\"name\":\"NOTICIASMERCEDINAS.COM\",\"description\":\"Mercedes, Buenos Aires, Argentina\",\"publisher\":{\"@id\":\"https:\\\/\\\/noticiasmercedinas.com\\\/site\\\/#organization\"},\"potentialAction\":[{\"@type\":\"SearchAction\",\"target\":{\"@type\":\"EntryPoint\",\"urlTemplate\":\"https:\\\/\\\/noticiasmercedinas.com\\\/site\\\/?s={search_term_string}\"},\"query-input\":{\"@type\":\"PropertyValueSpecification\",\"valueRequired\":true,\"valueName\":\"search_term_string\"}}],\"inLanguage\":\"es\"},{\"@type\":\"Organization\",\"@id\":\"https:\\\/\\\/noticiasmercedinas.com\\\/site\\\/#organization\",\"name\":\"NOTICIASMERCEDINAS.COM\",\"url\":\"https:\\\/\\\/noticiasmercedinas.com\\\/site\\\/\",\"logo\":{\"@type\":\"ImageObject\",\"inLanguage\":\"es\",\"@id\":\"https:\\\/\\\/noticiasmercedinas.com\\\/site\\\/#\\\/schema\\\/logo\\\/image\\\/\",\"url\":\"https:\\\/\\\/noticiasmercedinas.com\\\/site\\\/wp-content\\\/uploads\\\/2020\\\/06\\\/LOGO-512.jpg\",\"contentUrl\":\"https:\\\/\\\/noticiasmercedinas.com\\\/site\\\/wp-content\\\/uploads\\\/2020\\\/06\\\/LOGO-512.jpg\",\"width\":512,\"height\":512,\"caption\":\"NOTICIASMERCEDINAS.COM\"},\"image\":{\"@id\":\"https:\\\/\\\/noticiasmercedinas.com\\\/site\\\/#\\\/schema\\\/logo\\\/image\\\/\"},\"sameAs\":[\"https:\\\/\\\/www.facebook.com\\\/noticiasmercedinas\\\/\",\"https:\\\/\\\/x.com\\\/notmercedinas\",\"https:\\\/\\\/www.instagram.com\\\/noticiasmercedinas\\\/\"]},{\"@type\":\"Person\",\"@id\":\"https:\\\/\\\/noticiasmercedinas.com\\\/site\\\/#\\\/schema\\\/person\\\/84b59c099c28ff2e8b77d4ceec5d8063\",\"name\":\"NOTICIASMERCEDINAS.COM\",\"image\":{\"@type\":\"ImageObject\",\"inLanguage\":\"es\",\"@id\":\"https:\\\/\\\/secure.gravatar.com\\\/avatar\\\/4dfbf16b4d17945bfb6341b2d19043457132fcf478a5ee04f42e959fd8f5df0a?s=96&d=mm&r=g\",\"url\":\"https:\\\/\\\/secure.gravatar.com\\\/avatar\\\/4dfbf16b4d17945bfb6341b2d19043457132fcf478a5ee04f42e959fd8f5df0a?s=96&d=mm&r=g\",\"contentUrl\":\"https:\\\/\\\/secure.gravatar.com\\\/avatar\\\/4dfbf16b4d17945bfb6341b2d19043457132fcf478a5ee04f42e959fd8f5df0a?s=96&d=mm&r=g\",\"caption\":\"NOTICIASMERCEDINAS.COM\"},\"url\":\"https:\\\/\\\/noticiasmercedinas.com\\\/site\\\/author\\\/anonimo\\\/\"}]}<\/script>\n<!-- \/ Yoast SEO plugin. -->","yoast_head_json":{"title":"Naci\u00f3n Wiphala inicia su gira internacional con fechas confirmadas en Argentina y Chile","description":"La banda est\u00e1 integrada por Franco Ram\u00edrez, Jo Marcel, Franco Dicatarina y Rulo Godar. En su estilo fusiona ra\u00edz folkl\u00f3rica y sonoridades contempor\u00e1neas bajo el concepto de \u201cfolklore futurista\u201d","robots":{"index":"index","follow":"follow","max-snippet":"max-snippet:-1","max-image-preview":"max-image-preview:large","max-video-preview":"max-video-preview:-1"},"canonical":"https:\/\/noticiasmercedinas.com\/site\/2025\/07\/24\/nacion-wiphala-inicia-su-gira-internacional-con-fechas-confirmadas-en-argentina-y-chile\/","og_locale":"es_ES","og_type":"article","og_title":"Naci\u00f3n Wiphala inicia su gira internacional con fechas confirmadas en Argentina y Chile","og_description":"La banda est\u00e1 integrada por Franco Ram\u00edrez, Jo Marcel, Franco Dicatarina y Rulo Godar. En su estilo fusiona ra\u00edz folkl\u00f3rica y sonoridades contempor\u00e1neas bajo el concepto de \u201cfolklore futurista\u201d","og_url":"https:\/\/noticiasmercedinas.com\/site\/2025\/07\/24\/nacion-wiphala-inicia-su-gira-internacional-con-fechas-confirmadas-en-argentina-y-chile\/","og_site_name":"NOTICIASMERCEDINAS.COM","article_publisher":"https:\/\/www.facebook.com\/noticiasmercedinas\/","article_published_time":"2025-07-24T13:32:33+00:00","og_image":[{"width":1599,"height":1169,"url":"https:\/\/noticiasmercedinas.com\/site\/wp-content\/uploads\/2025\/07\/NACIONWI.jpg","type":"image\/jpeg"}],"author":"NOTICIASMERCEDINAS.COM","twitter_card":"summary_large_image","twitter_creator":"@notmercedinas","twitter_site":"@notmercedinas","twitter_misc":{"Escrito por":"NOTICIASMERCEDINAS.COM","Tiempo de lectura":"2 minutos"},"schema":{"@context":"https:\/\/schema.org","@graph":[{"@type":"Article","@id":"https:\/\/noticiasmercedinas.com\/site\/2025\/07\/24\/nacion-wiphala-inicia-su-gira-internacional-con-fechas-confirmadas-en-argentina-y-chile\/#article","isPartOf":{"@id":"https:\/\/noticiasmercedinas.com\/site\/2025\/07\/24\/nacion-wiphala-inicia-su-gira-internacional-con-fechas-confirmadas-en-argentina-y-chile\/"},"author":{"name":"NOTICIASMERCEDINAS.COM","@id":"https:\/\/noticiasmercedinas.com\/site\/#\/schema\/person\/84b59c099c28ff2e8b77d4ceec5d8063"},"headline":"Naci\u00f3n Wiphala inicia su gira internacional con fechas confirmadas en Argentina y Chile","datePublished":"2025-07-24T13:32:33+00:00","mainEntityOfPage":{"@id":"https:\/\/noticiasmercedinas.com\/site\/2025\/07\/24\/nacion-wiphala-inicia-su-gira-internacional-con-fechas-confirmadas-en-argentina-y-chile\/"},"wordCount":203,"publisher":{"@id":"https:\/\/noticiasmercedinas.com\/site\/#organization"},"image":{"@id":"https:\/\/noticiasmercedinas.com\/site\/2025\/07\/24\/nacion-wiphala-inicia-su-gira-internacional-con-fechas-confirmadas-en-argentina-y-chile\/#primaryimage"},"thumbnailUrl":"https:\/\/noticiasmercedinas.com\/site\/wp-content\/uploads\/2025\/07\/NACIONWI.jpg","keywords":["chile","conciertos","gira","naci\u00f3n wiphala"],"articleSection":["Cultura"],"inLanguage":"es"},{"@type":"WebPage","@id":"https:\/\/noticiasmercedinas.com\/site\/2025\/07\/24\/nacion-wiphala-inicia-su-gira-internacional-con-fechas-confirmadas-en-argentina-y-chile\/","url":"https:\/\/noticiasmercedinas.com\/site\/2025\/07\/24\/nacion-wiphala-inicia-su-gira-internacional-con-fechas-confirmadas-en-argentina-y-chile\/","name":"Naci\u00f3n Wiphala inicia su gira internacional con fechas confirmadas en Argentina y Chile","isPartOf":{"@id":"https:\/\/noticiasmercedinas.com\/site\/#website"},"primaryImageOfPage":{"@id":"https:\/\/noticiasmercedinas.com\/site\/2025\/07\/24\/nacion-wiphala-inicia-su-gira-internacional-con-fechas-confirmadas-en-argentina-y-chile\/#primaryimage"},"image":{"@id":"https:\/\/noticiasmercedinas.com\/site\/2025\/07\/24\/nacion-wiphala-inicia-su-gira-internacional-con-fechas-confirmadas-en-argentina-y-chile\/#primaryimage"},"thumbnailUrl":"https:\/\/noticiasmercedinas.com\/site\/wp-content\/uploads\/2025\/07\/NACIONWI.jpg","datePublished":"2025-07-24T13:32:33+00:00","description":"La banda est\u00e1 integrada por Franco Ram\u00edrez, Jo Marcel, Franco Dicatarina y Rulo Godar. En su estilo fusiona ra\u00edz folkl\u00f3rica y sonoridades contempor\u00e1neas bajo el concepto de \u201cfolklore futurista\u201d","breadcrumb":{"@id":"https:\/\/noticiasmercedinas.com\/site\/2025\/07\/24\/nacion-wiphala-inicia-su-gira-internacional-con-fechas-confirmadas-en-argentina-y-chile\/#breadcrumb"},"inLanguage":"es","potentialAction":[{"@type":"ReadAction","target":["https:\/\/noticiasmercedinas.com\/site\/2025\/07\/24\/nacion-wiphala-inicia-su-gira-internacional-con-fechas-confirmadas-en-argentina-y-chile\/"]}]},{"@type":"ImageObject","inLanguage":"es","@id":"https:\/\/noticiasmercedinas.com\/site\/2025\/07\/24\/nacion-wiphala-inicia-su-gira-internacional-con-fechas-confirmadas-en-argentina-y-chile\/#primaryimage","url":"https:\/\/noticiasmercedinas.com\/site\/wp-content\/uploads\/2025\/07\/NACIONWI.jpg","contentUrl":"https:\/\/noticiasmercedinas.com\/site\/wp-content\/uploads\/2025\/07\/NACIONWI.jpg","width":1599,"height":1169},{"@type":"BreadcrumbList","@id":"https:\/\/noticiasmercedinas.com\/site\/2025\/07\/24\/nacion-wiphala-inicia-su-gira-internacional-con-fechas-confirmadas-en-argentina-y-chile\/#breadcrumb","itemListElement":[{"@type":"ListItem","position":1,"name":"Portada","item":"https:\/\/noticiasmercedinas.com\/site\/"},{"@type":"ListItem","position":2,"name":"Naci\u00f3n Wiphala inicia su gira internacional con fechas confirmadas en Argentina y Chile"}]},{"@type":"WebSite","@id":"https:\/\/noticiasmercedinas.com\/site\/#website","url":"https:\/\/noticiasmercedinas.com\/site\/","name":"NOTICIASMERCEDINAS.COM","description":"Mercedes, Buenos Aires, Argentina","publisher":{"@id":"https:\/\/noticiasmercedinas.com\/site\/#organization"},"potentialAction":[{"@type":"SearchAction","target":{"@type":"EntryPoint","urlTemplate":"https:\/\/noticiasmercedinas.com\/site\/?s={search_term_string}"},"query-input":{"@type":"PropertyValueSpecification","valueRequired":true,"valueName":"search_term_string"}}],"inLanguage":"es"},{"@type":"Organization","@id":"https:\/\/noticiasmercedinas.com\/site\/#organization","name":"NOTICIASMERCEDINAS.COM","url":"https:\/\/noticiasmercedinas.com\/site\/","logo":{"@type":"ImageObject","inLanguage":"es","@id":"https:\/\/noticiasmercedinas.com\/site\/#\/schema\/logo\/image\/","url":"https:\/\/noticiasmercedinas.com\/site\/wp-content\/uploads\/2020\/06\/LOGO-512.jpg","contentUrl":"https:\/\/noticiasmercedinas.com\/site\/wp-content\/uploads\/2020\/06\/LOGO-512.jpg","width":512,"height":512,"caption":"NOTICIASMERCEDINAS.COM"},"image":{"@id":"https:\/\/noticiasmercedinas.com\/site\/#\/schema\/logo\/image\/"},"sameAs":["https:\/\/www.facebook.com\/noticiasmercedinas\/","https:\/\/x.com\/notmercedinas","https:\/\/www.instagram.com\/noticiasmercedinas\/"]},{"@type":"Person","@id":"https:\/\/noticiasmercedinas.com\/site\/#\/schema\/person\/84b59c099c28ff2e8b77d4ceec5d8063","name":"NOTICIASMERCEDINAS.COM","image":{"@type":"ImageObject","inLanguage":"es","@id":"https:\/\/secure.gravatar.com\/avatar\/4dfbf16b4d17945bfb6341b2d19043457132fcf478a5ee04f42e959fd8f5df0a?s=96&d=mm&r=g","url":"https:\/\/secure.gravatar.com\/avatar\/4dfbf16b4d17945bfb6341b2d19043457132fcf478a5ee04f42e959fd8f5df0a?s=96&d=mm&r=g","contentUrl":"https:\/\/secure.gravatar.com\/avatar\/4dfbf16b4d17945bfb6341b2d19043457132fcf478a5ee04f42e959fd8f5df0a?s=96&d=mm&r=g","caption":"NOTICIASMERCEDINAS.COM"},"url":"https:\/\/noticiasmercedinas.com\/site\/author\/anonimo\/"}]}},"amp_enabled":true,"_links":{"self":[{"href":"https:\/\/noticiasmercedinas.com\/site\/wp-json\/wp\/v2\/posts\/164972","targetHints":{"allow":["GET"]}}],"collection":[{"href":"https:\/\/noticiasmercedinas.com\/site\/wp-json\/wp\/v2\/posts"}],"about":[{"href":"https:\/\/noticiasmercedinas.com\/site\/wp-json\/wp\/v2\/types\/post"}],"author":[{"embeddable":true,"href":"https:\/\/noticiasmercedinas.com\/site\/wp-json\/wp\/v2\/users\/16"}],"replies":[{"embeddable":true,"href":"https:\/\/noticiasmercedinas.com\/site\/wp-json\/wp\/v2\/comments?post=164972"}],"version-history":[{"count":1,"href":"https:\/\/noticiasmercedinas.com\/site\/wp-json\/wp\/v2\/posts\/164972\/revisions"}],"predecessor-version":[{"id":164975,"href":"https:\/\/noticiasmercedinas.com\/site\/wp-json\/wp\/v2\/posts\/164972\/revisions\/164975"}],"wp:featuredmedia":[{"embeddable":true,"href":"https:\/\/noticiasmercedinas.com\/site\/wp-json\/wp\/v2\/media\/164973"}],"wp:attachment":[{"href":"https:\/\/noticiasmercedinas.com\/site\/wp-json\/wp\/v2\/media?parent=164972"}],"wp:term":[{"taxonomy":"category","embeddable":true,"href":"https:\/\/noticiasmercedinas.com\/site\/wp-json\/wp\/v2\/categories?post=164972"},{"taxonomy":"post_tag","embeddable":true,"href":"https:\/\/noticiasmercedinas.com\/site\/wp-json\/wp\/v2\/tags?post=164972"}],"curies":[{"name":"wp","href":"https:\/\/api.w.org\/{rel}","templated":true}]}}