{"id":165045,"date":"2025-07-25T07:46:39","date_gmt":"2025-07-25T10:46:39","guid":{"rendered":"https:\/\/noticiasmercedinas.com\/site\/?p=165045"},"modified":"2025-07-25T07:46:39","modified_gmt":"2025-07-25T10:46:39","slug":"katopodis-en-marcos-paz-el-gobierno-de-milei-es-una-desgracia-para-la-argentina","status":"publish","type":"post","link":"https:\/\/noticiasmercedinas.com\/site\/2025\/07\/25\/katopodis-en-marcos-paz-el-gobierno-de-milei-es-una-desgracia-para-la-argentina\/","title":{"rendered":"Katopodis en Marcos Paz: \u201cEl gobierno de Milei es una desgracia para la Argentina\u201d"},"content":{"rendered":"<p><img loading=\"lazy\" decoding=\"async\" class=\"alignnone size-full wp-image-165046\" src=\"https:\/\/noticiasmercedinas.com\/site\/wp-content\/uploads\/2025\/07\/image-1.png\" alt=\"\" width=\"650\" height=\"433\" srcset=\"https:\/\/noticiasmercedinas.com\/site\/wp-content\/uploads\/2025\/07\/image-1.png 650w, https:\/\/noticiasmercedinas.com\/site\/wp-content\/uploads\/2025\/07\/image-1-300x200.png 300w, https:\/\/noticiasmercedinas.com\/site\/wp-content\/uploads\/2025\/07\/image-1-640x426.png 640w\" sizes=\"auto, (max-width: 650px) 100vw, 650px\" \/><\/p>\n<p>El ministro de Infraestructura bonaerense, Gabriel Katopodis, lanz\u00f3 duras cr\u00edticas al presidente Javier Milei durante una recorrida de obras junto al gobernador Axel Kicillof y el intendente Ricardo Curutchet en Marcos Paz.<\/p>\n<p>En ese marco, habilitaron los primeros 2,5 kil\u00f3metros de la repavimentaci\u00f3n y duplicaci\u00f3n de calzada de la Ruta Provincial 40, y supervisaron el avance del entubamiento del Canal Rivadavia Sur.<\/p>\n<p><img loading=\"lazy\" decoding=\"async\" class=\"alignnone size-full wp-image-165047\" src=\"https:\/\/noticiasmercedinas.com\/site\/wp-content\/uploads\/2025\/07\/image-3.png\" alt=\"\" width=\"650\" height=\"433\" srcset=\"https:\/\/noticiasmercedinas.com\/site\/wp-content\/uploads\/2025\/07\/image-3.png 650w, https:\/\/noticiasmercedinas.com\/site\/wp-content\/uploads\/2025\/07\/image-3-300x200.png 300w, https:\/\/noticiasmercedinas.com\/site\/wp-content\/uploads\/2025\/07\/image-3-640x426.png 640w\" sizes=\"auto, (max-width: 650px) 100vw, 650px\" \/><\/p>\n<p>\u201cEl gobierno de Milei es una desgracia para la Argentina y quieren arruinar la Provincia de Buenos Aires\u201d, se\u00f1al\u00f3 Katopodis, quien adem\u00e1s reclam\u00f3 al mandatario nacional \u201cdejar las agresiones en las redes\u201d y \u201cexplicar por qu\u00e9 no quieren que las obras p\u00fablicas lleguen a Marcos Paz y a cada rinc\u00f3n del pa\u00eds\u201d.<\/p>\n<p>Durante el acto, se destac\u00f3 la habilitaci\u00f3n del tramo que va desde el puente Pajarito hasta calle Amoedo. Tambi\u00e9n se inform\u00f3 que contin\u00faan las tareas de repavimentaci\u00f3n y ensanche en Marcos Paz y en 14 kil\u00f3metros entre las calles San Juan y del Bicentenario, en el municipio de Merlo. Las obras abarcan un total de 24,3 km e incluyen instalaci\u00f3n de luminarias, sem\u00e1foros, se\u00f1alizaci\u00f3n, sumideros, nuevas alcantarillas, barandas, d\u00e1rsenas y refugios peatonales.<\/p>\n<p>Kicillof remarc\u00f3 la importancia de este tipo de intervenciones en rutas estrat\u00e9gicas como la 40, utilizada por m\u00e1s de 7.000 veh\u00edculos por d\u00eda, con fuerte circulaci\u00f3n de camiones vinculados al sistema productivo y comercial del noroeste bonaerense.<\/p>\n<p>Adem\u00e1s, las autoridades recorrieron el entubamiento del Canal Rivadavia Sur, una obra hidr\u00e1ulica de 4.900 metros lineales que mejorar\u00e1 el escurrimiento pluvial desde la calle Ag\u00fcero hasta el Arroyo La Paja. Tambi\u00e9n se proyecta la construcci\u00f3n de una bicisenda a lo largo del trazado.<\/p>\n<p>Estas obras buscan reducir el riesgo de inundaciones, mejorar la seguridad vial, cuidar la salud p\u00fablica y elevar la calidad de vida de los vecinos. A la vez, se considera que el impacto ser\u00e1 positivo en lo econ\u00f3mico y social, al preservar la infraestructura urbana y aportar valor a las propiedades.<\/p>\n<p><img loading=\"lazy\" decoding=\"async\" class=\"alignnone size-full wp-image-165048\" src=\"https:\/\/noticiasmercedinas.com\/site\/wp-content\/uploads\/2025\/07\/image-2.png\" alt=\"\" width=\"650\" height=\"366\" srcset=\"https:\/\/noticiasmercedinas.com\/site\/wp-content\/uploads\/2025\/07\/image-2.png 650w, https:\/\/noticiasmercedinas.com\/site\/wp-content\/uploads\/2025\/07\/image-2-300x169.png 300w, https:\/\/noticiasmercedinas.com\/site\/wp-content\/uploads\/2025\/07\/image-2-640x360.png 640w\" sizes=\"auto, (max-width: 650px) 100vw, 650px\" \/><\/p>\n","protected":false},"excerpt":{"rendered":"<p>El ministro de Infraestructura bonaerense, Gabriel Katopodis, lanz\u00f3 duras cr\u00edticas al presidente Javier Milei durante una recorrida de obras junto al gobernador Axel Kicillof y el intendente Ricardo Curutchet en Marcos Paz. En ese marco, habilitaron los primeros 2,5 kil\u00f3metros de la repavimentaci\u00f3n y duplicaci\u00f3n de calzada de la Ruta Provincial 40, y supervisaron el [&hellip;]<\/p>\n","protected":false},"author":16,"featured_media":165046,"comment_status":"closed","ping_status":"closed","sticky":false,"template":"","format":"standard","meta":{"footnotes":""},"categories":[139],"tags":[5728,95,36],"class_list":["post-165045","post","type-post","status-publish","format-standard","has-post-thumbnail","hentry","category-regionales","tag-gabriel-katopodis","tag-marcos-paz","tag-obras"],"yoast_head":"<!-- This site is optimized with the Yoast SEO plugin v27.4 - https:\/\/yoast.com\/product\/yoast-seo-wordpress\/ -->\n<title>Katopodis en Marcos Paz: \u201cEl gobierno de Milei es una desgracia para la Argentina\u201d<\/title>\n<meta name=\"robots\" content=\"index, follow, max-snippet:-1, max-image-preview:large, max-video-preview:-1\" \/>\n<link rel=\"canonical\" href=\"https:\/\/noticiasmercedinas.com\/site\/2025\/07\/25\/katopodis-en-marcos-paz-el-gobierno-de-milei-es-una-desgracia-para-la-argentina\/\" \/>\n<meta property=\"og:locale\" content=\"es_ES\" \/>\n<meta property=\"og:type\" content=\"article\" \/>\n<meta property=\"og:title\" content=\"Katopodis en Marcos Paz: \u201cEl gobierno de Milei es una desgracia para la Argentina\u201d\" \/>\n<meta property=\"og:description\" content=\"El ministro de Infraestructura bonaerense, Gabriel Katopodis, lanz\u00f3 duras cr\u00edticas al presidente Javier Milei durante una recorrida de obras junto al gobernador Axel Kicillof y el intendente Ricardo Curutchet en Marcos Paz. En ese marco, habilitaron los primeros 2,5 kil\u00f3metros de la repavimentaci\u00f3n y duplicaci\u00f3n de calzada de la Ruta Provincial 40, y supervisaron el [&hellip;]\" \/>\n<meta property=\"og:url\" content=\"https:\/\/noticiasmercedinas.com\/site\/2025\/07\/25\/katopodis-en-marcos-paz-el-gobierno-de-milei-es-una-desgracia-para-la-argentina\/\" \/>\n<meta property=\"og:site_name\" content=\"NOTICIASMERCEDINAS.COM\" \/>\n<meta property=\"article:publisher\" content=\"https:\/\/www.facebook.com\/noticiasmercedinas\/\" \/>\n<meta property=\"article:published_time\" content=\"2025-07-25T10:46:39+00:00\" \/>\n<meta property=\"og:image\" content=\"https:\/\/noticiasmercedinas.com\/site\/wp-content\/uploads\/2025\/07\/image-1.png\" \/>\n\t<meta property=\"og:image:width\" content=\"650\" \/>\n\t<meta property=\"og:image:height\" content=\"433\" \/>\n\t<meta property=\"og:image:type\" content=\"image\/png\" \/>\n<meta name=\"author\" content=\"NOTICIASMERCEDINAS.COM\" \/>\n<meta name=\"twitter:card\" content=\"summary_large_image\" \/>\n<meta name=\"twitter:creator\" content=\"@notmercedinas\" \/>\n<meta name=\"twitter:site\" content=\"@notmercedinas\" \/>\n<meta name=\"twitter:label1\" content=\"Escrito por\" \/>\n\t<meta name=\"twitter:data1\" content=\"NOTICIASMERCEDINAS.COM\" \/>\n\t<meta name=\"twitter:label2\" content=\"Tiempo de lectura\" \/>\n\t<meta name=\"twitter:data2\" content=\"3 minutos\" \/>\n<script type=\"application\/ld+json\" class=\"yoast-schema-graph\">{\"@context\":\"https:\\\/\\\/schema.org\",\"@graph\":[{\"@type\":\"Article\",\"@id\":\"https:\\\/\\\/noticiasmercedinas.com\\\/site\\\/2025\\\/07\\\/25\\\/katopodis-en-marcos-paz-el-gobierno-de-milei-es-una-desgracia-para-la-argentina\\\/#article\",\"isPartOf\":{\"@id\":\"https:\\\/\\\/noticiasmercedinas.com\\\/site\\\/2025\\\/07\\\/25\\\/katopodis-en-marcos-paz-el-gobierno-de-milei-es-una-desgracia-para-la-argentina\\\/\"},\"author\":{\"name\":\"NOTICIASMERCEDINAS.COM\",\"@id\":\"https:\\\/\\\/noticiasmercedinas.com\\\/site\\\/#\\\/schema\\\/person\\\/84b59c099c28ff2e8b77d4ceec5d8063\"},\"headline\":\"Katopodis en Marcos Paz: \u201cEl gobierno de Milei es una desgracia para la Argentina\u201d\",\"datePublished\":\"2025-07-25T10:46:39+00:00\",\"mainEntityOfPage\":{\"@id\":\"https:\\\/\\\/noticiasmercedinas.com\\\/site\\\/2025\\\/07\\\/25\\\/katopodis-en-marcos-paz-el-gobierno-de-milei-es-una-desgracia-para-la-argentina\\\/\"},\"wordCount\":356,\"publisher\":{\"@id\":\"https:\\\/\\\/noticiasmercedinas.com\\\/site\\\/#organization\"},\"image\":{\"@id\":\"https:\\\/\\\/noticiasmercedinas.com\\\/site\\\/2025\\\/07\\\/25\\\/katopodis-en-marcos-paz-el-gobierno-de-milei-es-una-desgracia-para-la-argentina\\\/#primaryimage\"},\"thumbnailUrl\":\"https:\\\/\\\/noticiasmercedinas.com\\\/site\\\/wp-content\\\/uploads\\\/2025\\\/07\\\/image-1.png\",\"keywords\":[\"Gabriel katopodis\",\"marcos paz\",\"obras\"],\"articleSection\":[\"Regionales\"],\"inLanguage\":\"es\"},{\"@type\":\"WebPage\",\"@id\":\"https:\\\/\\\/noticiasmercedinas.com\\\/site\\\/2025\\\/07\\\/25\\\/katopodis-en-marcos-paz-el-gobierno-de-milei-es-una-desgracia-para-la-argentina\\\/\",\"url\":\"https:\\\/\\\/noticiasmercedinas.com\\\/site\\\/2025\\\/07\\\/25\\\/katopodis-en-marcos-paz-el-gobierno-de-milei-es-una-desgracia-para-la-argentina\\\/\",\"name\":\"Katopodis en Marcos Paz: \u201cEl gobierno de Milei es una desgracia para la Argentina\u201d\",\"isPartOf\":{\"@id\":\"https:\\\/\\\/noticiasmercedinas.com\\\/site\\\/#website\"},\"primaryImageOfPage\":{\"@id\":\"https:\\\/\\\/noticiasmercedinas.com\\\/site\\\/2025\\\/07\\\/25\\\/katopodis-en-marcos-paz-el-gobierno-de-milei-es-una-desgracia-para-la-argentina\\\/#primaryimage\"},\"image\":{\"@id\":\"https:\\\/\\\/noticiasmercedinas.com\\\/site\\\/2025\\\/07\\\/25\\\/katopodis-en-marcos-paz-el-gobierno-de-milei-es-una-desgracia-para-la-argentina\\\/#primaryimage\"},\"thumbnailUrl\":\"https:\\\/\\\/noticiasmercedinas.com\\\/site\\\/wp-content\\\/uploads\\\/2025\\\/07\\\/image-1.png\",\"datePublished\":\"2025-07-25T10:46:39+00:00\",\"breadcrumb\":{\"@id\":\"https:\\\/\\\/noticiasmercedinas.com\\\/site\\\/2025\\\/07\\\/25\\\/katopodis-en-marcos-paz-el-gobierno-de-milei-es-una-desgracia-para-la-argentina\\\/#breadcrumb\"},\"inLanguage\":\"es\",\"potentialAction\":[{\"@type\":\"ReadAction\",\"target\":[\"https:\\\/\\\/noticiasmercedinas.com\\\/site\\\/2025\\\/07\\\/25\\\/katopodis-en-marcos-paz-el-gobierno-de-milei-es-una-desgracia-para-la-argentina\\\/\"]}]},{\"@type\":\"ImageObject\",\"inLanguage\":\"es\",\"@id\":\"https:\\\/\\\/noticiasmercedinas.com\\\/site\\\/2025\\\/07\\\/25\\\/katopodis-en-marcos-paz-el-gobierno-de-milei-es-una-desgracia-para-la-argentina\\\/#primaryimage\",\"url\":\"https:\\\/\\\/noticiasmercedinas.com\\\/site\\\/wp-content\\\/uploads\\\/2025\\\/07\\\/image-1.png\",\"contentUrl\":\"https:\\\/\\\/noticiasmercedinas.com\\\/site\\\/wp-content\\\/uploads\\\/2025\\\/07\\\/image-1.png\",\"width\":650,\"height\":433},{\"@type\":\"BreadcrumbList\",\"@id\":\"https:\\\/\\\/noticiasmercedinas.com\\\/site\\\/2025\\\/07\\\/25\\\/katopodis-en-marcos-paz-el-gobierno-de-milei-es-una-desgracia-para-la-argentina\\\/#breadcrumb\",\"itemListElement\":[{\"@type\":\"ListItem\",\"position\":1,\"name\":\"Portada\",\"item\":\"https:\\\/\\\/noticiasmercedinas.com\\\/site\\\/\"},{\"@type\":\"ListItem\",\"position\":2,\"name\":\"Katopodis en Marcos Paz: \u201cEl gobierno de Milei es una desgracia para la Argentina\u201d\"}]},{\"@type\":\"WebSite\",\"@id\":\"https:\\\/\\\/noticiasmercedinas.com\\\/site\\\/#website\",\"url\":\"https:\\\/\\\/noticiasmercedinas.com\\\/site\\\/\",\"name\":\"NOTICIASMERCEDINAS.COM\",\"description\":\"Mercedes, Buenos Aires, Argentina\",\"publisher\":{\"@id\":\"https:\\\/\\\/noticiasmercedinas.com\\\/site\\\/#organization\"},\"potentialAction\":[{\"@type\":\"SearchAction\",\"target\":{\"@type\":\"EntryPoint\",\"urlTemplate\":\"https:\\\/\\\/noticiasmercedinas.com\\\/site\\\/?s={search_term_string}\"},\"query-input\":{\"@type\":\"PropertyValueSpecification\",\"valueRequired\":true,\"valueName\":\"search_term_string\"}}],\"inLanguage\":\"es\"},{\"@type\":\"Organization\",\"@id\":\"https:\\\/\\\/noticiasmercedinas.com\\\/site\\\/#organization\",\"name\":\"NOTICIASMERCEDINAS.COM\",\"url\":\"https:\\\/\\\/noticiasmercedinas.com\\\/site\\\/\",\"logo\":{\"@type\":\"ImageObject\",\"inLanguage\":\"es\",\"@id\":\"https:\\\/\\\/noticiasmercedinas.com\\\/site\\\/#\\\/schema\\\/logo\\\/image\\\/\",\"url\":\"https:\\\/\\\/noticiasmercedinas.com\\\/site\\\/wp-content\\\/uploads\\\/2020\\\/06\\\/LOGO-512.jpg\",\"contentUrl\":\"https:\\\/\\\/noticiasmercedinas.com\\\/site\\\/wp-content\\\/uploads\\\/2020\\\/06\\\/LOGO-512.jpg\",\"width\":512,\"height\":512,\"caption\":\"NOTICIASMERCEDINAS.COM\"},\"image\":{\"@id\":\"https:\\\/\\\/noticiasmercedinas.com\\\/site\\\/#\\\/schema\\\/logo\\\/image\\\/\"},\"sameAs\":[\"https:\\\/\\\/www.facebook.com\\\/noticiasmercedinas\\\/\",\"https:\\\/\\\/x.com\\\/notmercedinas\",\"https:\\\/\\\/www.instagram.com\\\/noticiasmercedinas\\\/\"]},{\"@type\":\"Person\",\"@id\":\"https:\\\/\\\/noticiasmercedinas.com\\\/site\\\/#\\\/schema\\\/person\\\/84b59c099c28ff2e8b77d4ceec5d8063\",\"name\":\"NOTICIASMERCEDINAS.COM\",\"image\":{\"@type\":\"ImageObject\",\"inLanguage\":\"es\",\"@id\":\"https:\\\/\\\/secure.gravatar.com\\\/avatar\\\/4dfbf16b4d17945bfb6341b2d19043457132fcf478a5ee04f42e959fd8f5df0a?s=96&d=mm&r=g\",\"url\":\"https:\\\/\\\/secure.gravatar.com\\\/avatar\\\/4dfbf16b4d17945bfb6341b2d19043457132fcf478a5ee04f42e959fd8f5df0a?s=96&d=mm&r=g\",\"contentUrl\":\"https:\\\/\\\/secure.gravatar.com\\\/avatar\\\/4dfbf16b4d17945bfb6341b2d19043457132fcf478a5ee04f42e959fd8f5df0a?s=96&d=mm&r=g\",\"caption\":\"NOTICIASMERCEDINAS.COM\"},\"url\":\"https:\\\/\\\/noticiasmercedinas.com\\\/site\\\/author\\\/anonimo\\\/\"}]}<\/script>\n<!-- \/ Yoast SEO plugin. -->","yoast_head_json":{"title":"Katopodis en Marcos Paz: \u201cEl gobierno de Milei es una desgracia para la Argentina\u201d","robots":{"index":"index","follow":"follow","max-snippet":"max-snippet:-1","max-image-preview":"max-image-preview:large","max-video-preview":"max-video-preview:-1"},"canonical":"https:\/\/noticiasmercedinas.com\/site\/2025\/07\/25\/katopodis-en-marcos-paz-el-gobierno-de-milei-es-una-desgracia-para-la-argentina\/","og_locale":"es_ES","og_type":"article","og_title":"Katopodis en Marcos Paz: \u201cEl gobierno de Milei es una desgracia para la Argentina\u201d","og_description":"El ministro de Infraestructura bonaerense, Gabriel Katopodis, lanz\u00f3 duras cr\u00edticas al presidente Javier Milei durante una recorrida de obras junto al gobernador Axel Kicillof y el intendente Ricardo Curutchet en Marcos Paz. En ese marco, habilitaron los primeros 2,5 kil\u00f3metros de la repavimentaci\u00f3n y duplicaci\u00f3n de calzada de la Ruta Provincial 40, y supervisaron el [&hellip;]","og_url":"https:\/\/noticiasmercedinas.com\/site\/2025\/07\/25\/katopodis-en-marcos-paz-el-gobierno-de-milei-es-una-desgracia-para-la-argentina\/","og_site_name":"NOTICIASMERCEDINAS.COM","article_publisher":"https:\/\/www.facebook.com\/noticiasmercedinas\/","article_published_time":"2025-07-25T10:46:39+00:00","og_image":[{"width":650,"height":433,"url":"https:\/\/noticiasmercedinas.com\/site\/wp-content\/uploads\/2025\/07\/image-1.png","type":"image\/png"}],"author":"NOTICIASMERCEDINAS.COM","twitter_card":"summary_large_image","twitter_creator":"@notmercedinas","twitter_site":"@notmercedinas","twitter_misc":{"Escrito por":"NOTICIASMERCEDINAS.COM","Tiempo de lectura":"3 minutos"},"schema":{"@context":"https:\/\/schema.org","@graph":[{"@type":"Article","@id":"https:\/\/noticiasmercedinas.com\/site\/2025\/07\/25\/katopodis-en-marcos-paz-el-gobierno-de-milei-es-una-desgracia-para-la-argentina\/#article","isPartOf":{"@id":"https:\/\/noticiasmercedinas.com\/site\/2025\/07\/25\/katopodis-en-marcos-paz-el-gobierno-de-milei-es-una-desgracia-para-la-argentina\/"},"author":{"name":"NOTICIASMERCEDINAS.COM","@id":"https:\/\/noticiasmercedinas.com\/site\/#\/schema\/person\/84b59c099c28ff2e8b77d4ceec5d8063"},"headline":"Katopodis en Marcos Paz: \u201cEl gobierno de Milei es una desgracia para la Argentina\u201d","datePublished":"2025-07-25T10:46:39+00:00","mainEntityOfPage":{"@id":"https:\/\/noticiasmercedinas.com\/site\/2025\/07\/25\/katopodis-en-marcos-paz-el-gobierno-de-milei-es-una-desgracia-para-la-argentina\/"},"wordCount":356,"publisher":{"@id":"https:\/\/noticiasmercedinas.com\/site\/#organization"},"image":{"@id":"https:\/\/noticiasmercedinas.com\/site\/2025\/07\/25\/katopodis-en-marcos-paz-el-gobierno-de-milei-es-una-desgracia-para-la-argentina\/#primaryimage"},"thumbnailUrl":"https:\/\/noticiasmercedinas.com\/site\/wp-content\/uploads\/2025\/07\/image-1.png","keywords":["Gabriel katopodis","marcos paz","obras"],"articleSection":["Regionales"],"inLanguage":"es"},{"@type":"WebPage","@id":"https:\/\/noticiasmercedinas.com\/site\/2025\/07\/25\/katopodis-en-marcos-paz-el-gobierno-de-milei-es-una-desgracia-para-la-argentina\/","url":"https:\/\/noticiasmercedinas.com\/site\/2025\/07\/25\/katopodis-en-marcos-paz-el-gobierno-de-milei-es-una-desgracia-para-la-argentina\/","name":"Katopodis en Marcos Paz: \u201cEl gobierno de Milei es una desgracia para la Argentina\u201d","isPartOf":{"@id":"https:\/\/noticiasmercedinas.com\/site\/#website"},"primaryImageOfPage":{"@id":"https:\/\/noticiasmercedinas.com\/site\/2025\/07\/25\/katopodis-en-marcos-paz-el-gobierno-de-milei-es-una-desgracia-para-la-argentina\/#primaryimage"},"image":{"@id":"https:\/\/noticiasmercedinas.com\/site\/2025\/07\/25\/katopodis-en-marcos-paz-el-gobierno-de-milei-es-una-desgracia-para-la-argentina\/#primaryimage"},"thumbnailUrl":"https:\/\/noticiasmercedinas.com\/site\/wp-content\/uploads\/2025\/07\/image-1.png","datePublished":"2025-07-25T10:46:39+00:00","breadcrumb":{"@id":"https:\/\/noticiasmercedinas.com\/site\/2025\/07\/25\/katopodis-en-marcos-paz-el-gobierno-de-milei-es-una-desgracia-para-la-argentina\/#breadcrumb"},"inLanguage":"es","potentialAction":[{"@type":"ReadAction","target":["https:\/\/noticiasmercedinas.com\/site\/2025\/07\/25\/katopodis-en-marcos-paz-el-gobierno-de-milei-es-una-desgracia-para-la-argentina\/"]}]},{"@type":"ImageObject","inLanguage":"es","@id":"https:\/\/noticiasmercedinas.com\/site\/2025\/07\/25\/katopodis-en-marcos-paz-el-gobierno-de-milei-es-una-desgracia-para-la-argentina\/#primaryimage","url":"https:\/\/noticiasmercedinas.com\/site\/wp-content\/uploads\/2025\/07\/image-1.png","contentUrl":"https:\/\/noticiasmercedinas.com\/site\/wp-content\/uploads\/2025\/07\/image-1.png","width":650,"height":433},{"@type":"BreadcrumbList","@id":"https:\/\/noticiasmercedinas.com\/site\/2025\/07\/25\/katopodis-en-marcos-paz-el-gobierno-de-milei-es-una-desgracia-para-la-argentina\/#breadcrumb","itemListElement":[{"@type":"ListItem","position":1,"name":"Portada","item":"https:\/\/noticiasmercedinas.com\/site\/"},{"@type":"ListItem","position":2,"name":"Katopodis en Marcos Paz: \u201cEl gobierno de Milei es una desgracia para la Argentina\u201d"}]},{"@type":"WebSite","@id":"https:\/\/noticiasmercedinas.com\/site\/#website","url":"https:\/\/noticiasmercedinas.com\/site\/","name":"NOTICIASMERCEDINAS.COM","description":"Mercedes, Buenos Aires, Argentina","publisher":{"@id":"https:\/\/noticiasmercedinas.com\/site\/#organization"},"potentialAction":[{"@type":"SearchAction","target":{"@type":"EntryPoint","urlTemplate":"https:\/\/noticiasmercedinas.com\/site\/?s={search_term_string}"},"query-input":{"@type":"PropertyValueSpecification","valueRequired":true,"valueName":"search_term_string"}}],"inLanguage":"es"},{"@type":"Organization","@id":"https:\/\/noticiasmercedinas.com\/site\/#organization","name":"NOTICIASMERCEDINAS.COM","url":"https:\/\/noticiasmercedinas.com\/site\/","logo":{"@type":"ImageObject","inLanguage":"es","@id":"https:\/\/noticiasmercedinas.com\/site\/#\/schema\/logo\/image\/","url":"https:\/\/noticiasmercedinas.com\/site\/wp-content\/uploads\/2020\/06\/LOGO-512.jpg","contentUrl":"https:\/\/noticiasmercedinas.com\/site\/wp-content\/uploads\/2020\/06\/LOGO-512.jpg","width":512,"height":512,"caption":"NOTICIASMERCEDINAS.COM"},"image":{"@id":"https:\/\/noticiasmercedinas.com\/site\/#\/schema\/logo\/image\/"},"sameAs":["https:\/\/www.facebook.com\/noticiasmercedinas\/","https:\/\/x.com\/notmercedinas","https:\/\/www.instagram.com\/noticiasmercedinas\/"]},{"@type":"Person","@id":"https:\/\/noticiasmercedinas.com\/site\/#\/schema\/person\/84b59c099c28ff2e8b77d4ceec5d8063","name":"NOTICIASMERCEDINAS.COM","image":{"@type":"ImageObject","inLanguage":"es","@id":"https:\/\/secure.gravatar.com\/avatar\/4dfbf16b4d17945bfb6341b2d19043457132fcf478a5ee04f42e959fd8f5df0a?s=96&d=mm&r=g","url":"https:\/\/secure.gravatar.com\/avatar\/4dfbf16b4d17945bfb6341b2d19043457132fcf478a5ee04f42e959fd8f5df0a?s=96&d=mm&r=g","contentUrl":"https:\/\/secure.gravatar.com\/avatar\/4dfbf16b4d17945bfb6341b2d19043457132fcf478a5ee04f42e959fd8f5df0a?s=96&d=mm&r=g","caption":"NOTICIASMERCEDINAS.COM"},"url":"https:\/\/noticiasmercedinas.com\/site\/author\/anonimo\/"}]}},"amp_enabled":true,"_links":{"self":[{"href":"https:\/\/noticiasmercedinas.com\/site\/wp-json\/wp\/v2\/posts\/165045","targetHints":{"allow":["GET"]}}],"collection":[{"href":"https:\/\/noticiasmercedinas.com\/site\/wp-json\/wp\/v2\/posts"}],"about":[{"href":"https:\/\/noticiasmercedinas.com\/site\/wp-json\/wp\/v2\/types\/post"}],"author":[{"embeddable":true,"href":"https:\/\/noticiasmercedinas.com\/site\/wp-json\/wp\/v2\/users\/16"}],"replies":[{"embeddable":true,"href":"https:\/\/noticiasmercedinas.com\/site\/wp-json\/wp\/v2\/comments?post=165045"}],"version-history":[{"count":1,"href":"https:\/\/noticiasmercedinas.com\/site\/wp-json\/wp\/v2\/posts\/165045\/revisions"}],"predecessor-version":[{"id":165049,"href":"https:\/\/noticiasmercedinas.com\/site\/wp-json\/wp\/v2\/posts\/165045\/revisions\/165049"}],"wp:featuredmedia":[{"embeddable":true,"href":"https:\/\/noticiasmercedinas.com\/site\/wp-json\/wp\/v2\/media\/165046"}],"wp:attachment":[{"href":"https:\/\/noticiasmercedinas.com\/site\/wp-json\/wp\/v2\/media?parent=165045"}],"wp:term":[{"taxonomy":"category","embeddable":true,"href":"https:\/\/noticiasmercedinas.com\/site\/wp-json\/wp\/v2\/categories?post=165045"},{"taxonomy":"post_tag","embeddable":true,"href":"https:\/\/noticiasmercedinas.com\/site\/wp-json\/wp\/v2\/tags?post=165045"}],"curies":[{"name":"wp","href":"https:\/\/api.w.org\/{rel}","templated":true}]}}