{"id":165059,"date":"2025-07-25T08:32:18","date_gmt":"2025-07-25T11:32:18","guid":{"rendered":"https:\/\/noticiasmercedinas.com\/site\/?p=165059"},"modified":"2025-07-25T08:33:59","modified_gmt":"2025-07-25T11:33:59","slug":"vacaciones-de-invierno-gran-participacion-en-las-actividades-organizadas-por-el-municipio","status":"publish","type":"post","link":"https:\/\/noticiasmercedinas.com\/site\/2025\/07\/25\/vacaciones-de-invierno-gran-participacion-en-las-actividades-organizadas-por-el-municipio\/","title":{"rendered":"Vacaciones de invierno: gran participaci\u00f3n en las actividades organizadas por el Municipio"},"content":{"rendered":"<p><img loading=\"lazy\" decoding=\"async\" class=\"alignnone size-full wp-image-165063\" src=\"https:\/\/noticiasmercedinas.com\/site\/wp-content\/uploads\/2025\/07\/FB_IMG_1753442810827-e1753443098177.jpg\" alt=\"\" width=\"1520\" height=\"1317\" srcset=\"https:\/\/noticiasmercedinas.com\/site\/wp-content\/uploads\/2025\/07\/FB_IMG_1753442810827-e1753443098177.jpg 1520w, https:\/\/noticiasmercedinas.com\/site\/wp-content\/uploads\/2025\/07\/FB_IMG_1753442810827-e1753443098177-300x260.jpg 300w, https:\/\/noticiasmercedinas.com\/site\/wp-content\/uploads\/2025\/07\/FB_IMG_1753442810827-e1753443098177-1024x887.jpg 1024w, https:\/\/noticiasmercedinas.com\/site\/wp-content\/uploads\/2025\/07\/FB_IMG_1753442810827-e1753443098177-768x665.jpg 768w, https:\/\/noticiasmercedinas.com\/site\/wp-content\/uploads\/2025\/07\/FB_IMG_1753442810827-e1753443098177-640x555.jpg 640w, https:\/\/noticiasmercedinas.com\/site\/wp-content\/uploads\/2025\/07\/FB_IMG_1753442810827-e1753443098177-1280x1109.jpg 1280w, https:\/\/noticiasmercedinas.com\/site\/wp-content\/uploads\/2025\/07\/FB_IMG_1753442810827-e1753443098177-681x590.jpg 681w, https:\/\/noticiasmercedinas.com\/site\/wp-content\/uploads\/2025\/07\/FB_IMG_1753442810827-e1753443098177-1362x1180.jpg 1362w\" sizes=\"auto, (max-width: 1520px) 100vw, 1520px\" \/><\/p>\n<p>Con un amplio abanico de propuestas culturales, deportivas y recreativas, la Municipalidad de Mercedes contin\u00faa desplegando con \u00e9xito su agenda de vacaciones de invierno.<\/p>\n<p>A trav\u00e9s de distintas \u00e1reas, se llevan adelante m\u00faltiples actividades pensadas para todas las edades, que han contado con una gran concurrencia durante la primera semana del receso escolar. Este viernes, la programaci\u00f3n incluye talleres, espect\u00e1culos, paseos guiados, funciones de teatro y experiencias al aire libre, consolidando una propuesta diversa y descentralizada.<\/p>\n<p>Entre las principales actividades previstas para este viernes, se destacan los talleres de la Estaci\u00f3n Juego, que incluyen termofusi\u00f3n para mayores de 8 a\u00f1os (de 10 a 12 en calle 23 y 6, con inscripci\u00f3n previa al 11 5938 2906), y yoga para la familia (de 14 a 17 en el mismo espacio). En Ravello (calle 85 y 10), se realizar\u00e1 una matin\u00e9 destinada a ni\u00f1as y ni\u00f1os de entre 8 y 12 a\u00f1os, de 18 a 20 horas. Por su parte, en el barrio San Jos\u00e9 se desarrollar\u00e1 una nueva jornada de Festivalitos, de 14 a 17 horas en calle 54 y 15.<\/p>\n<p>Tambi\u00e9n habr\u00e1 opciones para j\u00f3venes y adultos. La Direcci\u00f3n de Turismo propone un recorrido urbano en bicicleta denominado Rueditas, pensado para mayores de 15 a\u00f1os, entre las 14 y las 16, partiendo desde avenida 40 y calle 21. En paralelo, el Museo de Arte Municipal (MAMM), ubicado en calle 23 entre 16 y 18, ofrecer\u00e1 actividades libres para todas las edades en el marco del ciclo Museos M\u00e1gicos (de 15 a 17), y una b\u00fasqueda del tesoro llamada Descubr\u00ed el museo (de 14 a 15, con inscripci\u00f3n al 435368). El Museo Hist\u00f3rico V\u00edctor M\u00edguez (calle 12 n\u00ba 542) tambi\u00e9n ser\u00e1 parte del programa Museos M\u00e1gicos, de 14 a 17.<\/p>\n<p>En el Centro Cultural La Trocha se presentar\u00e1 M\u00e1gica Estaci\u00f3n, una experiencia de arte, ciencia y tecnolog\u00eda con dos funciones (14:30 y 16), para la que las entradas se retiran media hora antes. Adem\u00e1s, a las 21 horas en el Galp\u00f3n Chico de La Trocha (Av. 40 y 21) se podr\u00e1 disfrutar de la obra Historias de bondi &#8211; Ramal 1, con retiro de entradas una hora antes de la funci\u00f3n.<\/p>\n<p>Para quienes disfrutan del aire libre, el Parque Municipal ser\u00e1 escenario de actividades recreativas de 14 a 18 horas, a cargo de Cemuadra, con propuestas como tirolesas, puentes altos, juegos de madera y deportes. En la Plaza Belgrano (calle 12 y 35), funcionar\u00e1 la tradicional calesita de 10 a 12 y de 14 a 18. En tanto, en el Paseo de la Juventud (calle 4 entre 17 y 29) habr\u00e1 actividades deportivas y recreativas entre las 14 y las 17.<\/p>\n<p>Finalmente, el Observatorio Astron\u00f3mico Municipal (RP 41, km 241) abrir\u00e1 sus puertas a las 19 horas para invitar a chicos y grandes a \u201cmirar el cielo\u201d y disfrutar del conocimiento astron\u00f3mico.<\/p>\n<p>De este modo, el Municipio contin\u00faa promoviendo el acceso libre y gratuito a propuestas de calidad, fomentando el encuentro comunitario en diversos puntos de la ciudad.<\/p>\n<p><img loading=\"lazy\" decoding=\"async\" class=\"alignnone size-full wp-image-165062\" src=\"https:\/\/noticiasmercedinas.com\/site\/wp-content\/uploads\/2025\/07\/FB_IMG_1753442823799.jpg\" alt=\"\" width=\"1536\" height=\"2048\" srcset=\"https:\/\/noticiasmercedinas.com\/site\/wp-content\/uploads\/2025\/07\/FB_IMG_1753442823799.jpg 1536w, https:\/\/noticiasmercedinas.com\/site\/wp-content\/uploads\/2025\/07\/FB_IMG_1753442823799-225x300.jpg 225w, https:\/\/noticiasmercedinas.com\/site\/wp-content\/uploads\/2025\/07\/FB_IMG_1753442823799-768x1024.jpg 768w, https:\/\/noticiasmercedinas.com\/site\/wp-content\/uploads\/2025\/07\/FB_IMG_1753442823799-1152x1536.jpg 1152w, https:\/\/noticiasmercedinas.com\/site\/wp-content\/uploads\/2025\/07\/FB_IMG_1753442823799-640x853.jpg 640w, https:\/\/noticiasmercedinas.com\/site\/wp-content\/uploads\/2025\/07\/FB_IMG_1753442823799-1280x1707.jpg 1280w, https:\/\/noticiasmercedinas.com\/site\/wp-content\/uploads\/2025\/07\/FB_IMG_1753442823799-681x908.jpg 681w, https:\/\/noticiasmercedinas.com\/site\/wp-content\/uploads\/2025\/07\/FB_IMG_1753442823799-1362x1816.jpg 1362w\" sizes=\"auto, (max-width: 1536px) 100vw, 1536px\" \/><\/p>\n<p>&nbsp;<\/p>\n","protected":false},"excerpt":{"rendered":"<p>\u25a0 Este viernes, la programaci\u00f3n incluye talleres, espect\u00e1culos, paseos guiados, funciones de teatro y experiencias al aire libre, consolidando una propuesta diversa y descentralizada.<\/p>\n","protected":false},"author":16,"featured_media":165063,"comment_status":"closed","ping_status":"closed","sticky":false,"template":"","format":"standard","meta":{"footnotes":""},"categories":[3],"tags":[5058],"class_list":["post-165059","post","type-post","status-publish","format-standard","has-post-thumbnail","hentry","category-sociedad","tag-vacaciones-de-invierno"],"yoast_head":"<!-- This site is optimized with the Yoast SEO plugin v27.5 - https:\/\/yoast.com\/product\/yoast-seo-wordpress\/ -->\n<title>Vacaciones de invierno: gran participaci\u00f3n en las actividades organizadas por el Municipio<\/title>\n<meta name=\"description\" content=\"Este viernes, la programaci\u00f3n incluye talleres, espect\u00e1culos, paseos guiados, funciones de teatro y experiencias al aire libre, consolidando una propuesta diversa y descentralizada.\" \/>\n<meta name=\"robots\" content=\"index, follow, max-snippet:-1, max-image-preview:large, max-video-preview:-1\" \/>\n<link rel=\"canonical\" href=\"https:\/\/noticiasmercedinas.com\/site\/2025\/07\/25\/vacaciones-de-invierno-gran-participacion-en-las-actividades-organizadas-por-el-municipio\/\" \/>\n<meta property=\"og:locale\" content=\"es_ES\" \/>\n<meta property=\"og:type\" content=\"article\" \/>\n<meta property=\"og:title\" content=\"Vacaciones de invierno: gran participaci\u00f3n en las actividades organizadas por el Municipio\" \/>\n<meta property=\"og:description\" content=\"Este viernes, la programaci\u00f3n incluye talleres, espect\u00e1culos, paseos guiados, funciones de teatro y experiencias al aire libre, consolidando una propuesta diversa y descentralizada.\" \/>\n<meta property=\"og:url\" content=\"https:\/\/noticiasmercedinas.com\/site\/2025\/07\/25\/vacaciones-de-invierno-gran-participacion-en-las-actividades-organizadas-por-el-municipio\/\" \/>\n<meta property=\"og:site_name\" content=\"NOTICIASMERCEDINAS.COM\" \/>\n<meta property=\"article:publisher\" content=\"https:\/\/www.facebook.com\/noticiasmercedinas\/\" \/>\n<meta property=\"article:published_time\" content=\"2025-07-25T11:32:18+00:00\" \/>\n<meta property=\"article:modified_time\" content=\"2025-07-25T11:33:59+00:00\" \/>\n<meta property=\"og:image\" content=\"https:\/\/noticiasmercedinas.com\/site\/wp-content\/uploads\/2025\/07\/FB_IMG_1753442810827-e1753443098177.jpg\" \/>\n\t<meta property=\"og:image:width\" content=\"1520\" \/>\n\t<meta property=\"og:image:height\" content=\"1317\" \/>\n\t<meta property=\"og:image:type\" content=\"image\/jpeg\" \/>\n<meta name=\"author\" content=\"NOTICIASMERCEDINAS.COM\" \/>\n<meta name=\"twitter:card\" content=\"summary_large_image\" \/>\n<meta name=\"twitter:creator\" content=\"@notmercedinas\" \/>\n<meta name=\"twitter:site\" content=\"@notmercedinas\" \/>\n<meta name=\"twitter:label1\" content=\"Escrito por\" \/>\n\t<meta name=\"twitter:data1\" content=\"NOTICIASMERCEDINAS.COM\" \/>\n\t<meta name=\"twitter:label2\" content=\"Tiempo de lectura\" \/>\n\t<meta name=\"twitter:data2\" content=\"3 minutos\" \/>\n<script type=\"application\/ld+json\" class=\"yoast-schema-graph\">{\"@context\":\"https:\\\/\\\/schema.org\",\"@graph\":[{\"@type\":\"Article\",\"@id\":\"https:\\\/\\\/noticiasmercedinas.com\\\/site\\\/2025\\\/07\\\/25\\\/vacaciones-de-invierno-gran-participacion-en-las-actividades-organizadas-por-el-municipio\\\/#article\",\"isPartOf\":{\"@id\":\"https:\\\/\\\/noticiasmercedinas.com\\\/site\\\/2025\\\/07\\\/25\\\/vacaciones-de-invierno-gran-participacion-en-las-actividades-organizadas-por-el-municipio\\\/\"},\"author\":{\"name\":\"NOTICIASMERCEDINAS.COM\",\"@id\":\"https:\\\/\\\/noticiasmercedinas.com\\\/site\\\/#\\\/schema\\\/person\\\/84b59c099c28ff2e8b77d4ceec5d8063\"},\"headline\":\"Vacaciones de invierno: gran participaci\u00f3n en las actividades organizadas por el Municipio\",\"datePublished\":\"2025-07-25T11:32:18+00:00\",\"dateModified\":\"2025-07-25T11:33:59+00:00\",\"mainEntityOfPage\":{\"@id\":\"https:\\\/\\\/noticiasmercedinas.com\\\/site\\\/2025\\\/07\\\/25\\\/vacaciones-de-invierno-gran-participacion-en-las-actividades-organizadas-por-el-municipio\\\/\"},\"wordCount\":485,\"publisher\":{\"@id\":\"https:\\\/\\\/noticiasmercedinas.com\\\/site\\\/#organization\"},\"image\":{\"@id\":\"https:\\\/\\\/noticiasmercedinas.com\\\/site\\\/2025\\\/07\\\/25\\\/vacaciones-de-invierno-gran-participacion-en-las-actividades-organizadas-por-el-municipio\\\/#primaryimage\"},\"thumbnailUrl\":\"https:\\\/\\\/noticiasmercedinas.com\\\/site\\\/wp-content\\\/uploads\\\/2025\\\/07\\\/FB_IMG_1753442810827-e1753443098177.jpg\",\"keywords\":[\"vacaciones de invierno\"],\"articleSection\":[\"Sociedad\"],\"inLanguage\":\"es\"},{\"@type\":\"WebPage\",\"@id\":\"https:\\\/\\\/noticiasmercedinas.com\\\/site\\\/2025\\\/07\\\/25\\\/vacaciones-de-invierno-gran-participacion-en-las-actividades-organizadas-por-el-municipio\\\/\",\"url\":\"https:\\\/\\\/noticiasmercedinas.com\\\/site\\\/2025\\\/07\\\/25\\\/vacaciones-de-invierno-gran-participacion-en-las-actividades-organizadas-por-el-municipio\\\/\",\"name\":\"Vacaciones de invierno: gran participaci\u00f3n en las actividades organizadas por el Municipio\",\"isPartOf\":{\"@id\":\"https:\\\/\\\/noticiasmercedinas.com\\\/site\\\/#website\"},\"primaryImageOfPage\":{\"@id\":\"https:\\\/\\\/noticiasmercedinas.com\\\/site\\\/2025\\\/07\\\/25\\\/vacaciones-de-invierno-gran-participacion-en-las-actividades-organizadas-por-el-municipio\\\/#primaryimage\"},\"image\":{\"@id\":\"https:\\\/\\\/noticiasmercedinas.com\\\/site\\\/2025\\\/07\\\/25\\\/vacaciones-de-invierno-gran-participacion-en-las-actividades-organizadas-por-el-municipio\\\/#primaryimage\"},\"thumbnailUrl\":\"https:\\\/\\\/noticiasmercedinas.com\\\/site\\\/wp-content\\\/uploads\\\/2025\\\/07\\\/FB_IMG_1753442810827-e1753443098177.jpg\",\"datePublished\":\"2025-07-25T11:32:18+00:00\",\"dateModified\":\"2025-07-25T11:33:59+00:00\",\"description\":\"Este viernes, la programaci\u00f3n incluye talleres, espect\u00e1culos, paseos guiados, funciones de teatro y experiencias al aire libre, consolidando una propuesta diversa y descentralizada.\",\"breadcrumb\":{\"@id\":\"https:\\\/\\\/noticiasmercedinas.com\\\/site\\\/2025\\\/07\\\/25\\\/vacaciones-de-invierno-gran-participacion-en-las-actividades-organizadas-por-el-municipio\\\/#breadcrumb\"},\"inLanguage\":\"es\",\"potentialAction\":[{\"@type\":\"ReadAction\",\"target\":[\"https:\\\/\\\/noticiasmercedinas.com\\\/site\\\/2025\\\/07\\\/25\\\/vacaciones-de-invierno-gran-participacion-en-las-actividades-organizadas-por-el-municipio\\\/\"]}]},{\"@type\":\"ImageObject\",\"inLanguage\":\"es\",\"@id\":\"https:\\\/\\\/noticiasmercedinas.com\\\/site\\\/2025\\\/07\\\/25\\\/vacaciones-de-invierno-gran-participacion-en-las-actividades-organizadas-por-el-municipio\\\/#primaryimage\",\"url\":\"https:\\\/\\\/noticiasmercedinas.com\\\/site\\\/wp-content\\\/uploads\\\/2025\\\/07\\\/FB_IMG_1753442810827-e1753443098177.jpg\",\"contentUrl\":\"https:\\\/\\\/noticiasmercedinas.com\\\/site\\\/wp-content\\\/uploads\\\/2025\\\/07\\\/FB_IMG_1753442810827-e1753443098177.jpg\",\"width\":1520,\"height\":1317},{\"@type\":\"BreadcrumbList\",\"@id\":\"https:\\\/\\\/noticiasmercedinas.com\\\/site\\\/2025\\\/07\\\/25\\\/vacaciones-de-invierno-gran-participacion-en-las-actividades-organizadas-por-el-municipio\\\/#breadcrumb\",\"itemListElement\":[{\"@type\":\"ListItem\",\"position\":1,\"name\":\"Portada\",\"item\":\"https:\\\/\\\/noticiasmercedinas.com\\\/site\\\/\"},{\"@type\":\"ListItem\",\"position\":2,\"name\":\"Vacaciones de invierno: gran participaci\u00f3n en las actividades organizadas por el Municipio\"}]},{\"@type\":\"WebSite\",\"@id\":\"https:\\\/\\\/noticiasmercedinas.com\\\/site\\\/#website\",\"url\":\"https:\\\/\\\/noticiasmercedinas.com\\\/site\\\/\",\"name\":\"NOTICIASMERCEDINAS.COM\",\"description\":\"Mercedes, Buenos Aires, Argentina\",\"publisher\":{\"@id\":\"https:\\\/\\\/noticiasmercedinas.com\\\/site\\\/#organization\"},\"potentialAction\":[{\"@type\":\"SearchAction\",\"target\":{\"@type\":\"EntryPoint\",\"urlTemplate\":\"https:\\\/\\\/noticiasmercedinas.com\\\/site\\\/?s={search_term_string}\"},\"query-input\":{\"@type\":\"PropertyValueSpecification\",\"valueRequired\":true,\"valueName\":\"search_term_string\"}}],\"inLanguage\":\"es\"},{\"@type\":\"Organization\",\"@id\":\"https:\\\/\\\/noticiasmercedinas.com\\\/site\\\/#organization\",\"name\":\"NOTICIASMERCEDINAS.COM\",\"url\":\"https:\\\/\\\/noticiasmercedinas.com\\\/site\\\/\",\"logo\":{\"@type\":\"ImageObject\",\"inLanguage\":\"es\",\"@id\":\"https:\\\/\\\/noticiasmercedinas.com\\\/site\\\/#\\\/schema\\\/logo\\\/image\\\/\",\"url\":\"https:\\\/\\\/noticiasmercedinas.com\\\/site\\\/wp-content\\\/uploads\\\/2020\\\/06\\\/LOGO-512.jpg\",\"contentUrl\":\"https:\\\/\\\/noticiasmercedinas.com\\\/site\\\/wp-content\\\/uploads\\\/2020\\\/06\\\/LOGO-512.jpg\",\"width\":512,\"height\":512,\"caption\":\"NOTICIASMERCEDINAS.COM\"},\"image\":{\"@id\":\"https:\\\/\\\/noticiasmercedinas.com\\\/site\\\/#\\\/schema\\\/logo\\\/image\\\/\"},\"sameAs\":[\"https:\\\/\\\/www.facebook.com\\\/noticiasmercedinas\\\/\",\"https:\\\/\\\/x.com\\\/notmercedinas\",\"https:\\\/\\\/www.instagram.com\\\/noticiasmercedinas\\\/\"]},{\"@type\":\"Person\",\"@id\":\"https:\\\/\\\/noticiasmercedinas.com\\\/site\\\/#\\\/schema\\\/person\\\/84b59c099c28ff2e8b77d4ceec5d8063\",\"name\":\"NOTICIASMERCEDINAS.COM\",\"image\":{\"@type\":\"ImageObject\",\"inLanguage\":\"es\",\"@id\":\"https:\\\/\\\/secure.gravatar.com\\\/avatar\\\/4dfbf16b4d17945bfb6341b2d19043457132fcf478a5ee04f42e959fd8f5df0a?s=96&d=mm&r=g\",\"url\":\"https:\\\/\\\/secure.gravatar.com\\\/avatar\\\/4dfbf16b4d17945bfb6341b2d19043457132fcf478a5ee04f42e959fd8f5df0a?s=96&d=mm&r=g\",\"contentUrl\":\"https:\\\/\\\/secure.gravatar.com\\\/avatar\\\/4dfbf16b4d17945bfb6341b2d19043457132fcf478a5ee04f42e959fd8f5df0a?s=96&d=mm&r=g\",\"caption\":\"NOTICIASMERCEDINAS.COM\"},\"url\":\"https:\\\/\\\/noticiasmercedinas.com\\\/site\\\/author\\\/anonimo\\\/\"}]}<\/script>\n<!-- \/ Yoast SEO plugin. -->","yoast_head_json":{"title":"Vacaciones de invierno: gran participaci\u00f3n en las actividades organizadas por el Municipio","description":"Este viernes, la programaci\u00f3n incluye talleres, espect\u00e1culos, paseos guiados, funciones de teatro y experiencias al aire libre, consolidando una propuesta diversa y descentralizada.","robots":{"index":"index","follow":"follow","max-snippet":"max-snippet:-1","max-image-preview":"max-image-preview:large","max-video-preview":"max-video-preview:-1"},"canonical":"https:\/\/noticiasmercedinas.com\/site\/2025\/07\/25\/vacaciones-de-invierno-gran-participacion-en-las-actividades-organizadas-por-el-municipio\/","og_locale":"es_ES","og_type":"article","og_title":"Vacaciones de invierno: gran participaci\u00f3n en las actividades organizadas por el Municipio","og_description":"Este viernes, la programaci\u00f3n incluye talleres, espect\u00e1culos, paseos guiados, funciones de teatro y experiencias al aire libre, consolidando una propuesta diversa y descentralizada.","og_url":"https:\/\/noticiasmercedinas.com\/site\/2025\/07\/25\/vacaciones-de-invierno-gran-participacion-en-las-actividades-organizadas-por-el-municipio\/","og_site_name":"NOTICIASMERCEDINAS.COM","article_publisher":"https:\/\/www.facebook.com\/noticiasmercedinas\/","article_published_time":"2025-07-25T11:32:18+00:00","article_modified_time":"2025-07-25T11:33:59+00:00","og_image":[{"width":1520,"height":1317,"url":"https:\/\/noticiasmercedinas.com\/site\/wp-content\/uploads\/2025\/07\/FB_IMG_1753442810827-e1753443098177.jpg","type":"image\/jpeg"}],"author":"NOTICIASMERCEDINAS.COM","twitter_card":"summary_large_image","twitter_creator":"@notmercedinas","twitter_site":"@notmercedinas","twitter_misc":{"Escrito por":"NOTICIASMERCEDINAS.COM","Tiempo de lectura":"3 minutos"},"schema":{"@context":"https:\/\/schema.org","@graph":[{"@type":"Article","@id":"https:\/\/noticiasmercedinas.com\/site\/2025\/07\/25\/vacaciones-de-invierno-gran-participacion-en-las-actividades-organizadas-por-el-municipio\/#article","isPartOf":{"@id":"https:\/\/noticiasmercedinas.com\/site\/2025\/07\/25\/vacaciones-de-invierno-gran-participacion-en-las-actividades-organizadas-por-el-municipio\/"},"author":{"name":"NOTICIASMERCEDINAS.COM","@id":"https:\/\/noticiasmercedinas.com\/site\/#\/schema\/person\/84b59c099c28ff2e8b77d4ceec5d8063"},"headline":"Vacaciones de invierno: gran participaci\u00f3n en las actividades organizadas por el Municipio","datePublished":"2025-07-25T11:32:18+00:00","dateModified":"2025-07-25T11:33:59+00:00","mainEntityOfPage":{"@id":"https:\/\/noticiasmercedinas.com\/site\/2025\/07\/25\/vacaciones-de-invierno-gran-participacion-en-las-actividades-organizadas-por-el-municipio\/"},"wordCount":485,"publisher":{"@id":"https:\/\/noticiasmercedinas.com\/site\/#organization"},"image":{"@id":"https:\/\/noticiasmercedinas.com\/site\/2025\/07\/25\/vacaciones-de-invierno-gran-participacion-en-las-actividades-organizadas-por-el-municipio\/#primaryimage"},"thumbnailUrl":"https:\/\/noticiasmercedinas.com\/site\/wp-content\/uploads\/2025\/07\/FB_IMG_1753442810827-e1753443098177.jpg","keywords":["vacaciones de invierno"],"articleSection":["Sociedad"],"inLanguage":"es"},{"@type":"WebPage","@id":"https:\/\/noticiasmercedinas.com\/site\/2025\/07\/25\/vacaciones-de-invierno-gran-participacion-en-las-actividades-organizadas-por-el-municipio\/","url":"https:\/\/noticiasmercedinas.com\/site\/2025\/07\/25\/vacaciones-de-invierno-gran-participacion-en-las-actividades-organizadas-por-el-municipio\/","name":"Vacaciones de invierno: gran participaci\u00f3n en las actividades organizadas por el Municipio","isPartOf":{"@id":"https:\/\/noticiasmercedinas.com\/site\/#website"},"primaryImageOfPage":{"@id":"https:\/\/noticiasmercedinas.com\/site\/2025\/07\/25\/vacaciones-de-invierno-gran-participacion-en-las-actividades-organizadas-por-el-municipio\/#primaryimage"},"image":{"@id":"https:\/\/noticiasmercedinas.com\/site\/2025\/07\/25\/vacaciones-de-invierno-gran-participacion-en-las-actividades-organizadas-por-el-municipio\/#primaryimage"},"thumbnailUrl":"https:\/\/noticiasmercedinas.com\/site\/wp-content\/uploads\/2025\/07\/FB_IMG_1753442810827-e1753443098177.jpg","datePublished":"2025-07-25T11:32:18+00:00","dateModified":"2025-07-25T11:33:59+00:00","description":"Este viernes, la programaci\u00f3n incluye talleres, espect\u00e1culos, paseos guiados, funciones de teatro y experiencias al aire libre, consolidando una propuesta diversa y descentralizada.","breadcrumb":{"@id":"https:\/\/noticiasmercedinas.com\/site\/2025\/07\/25\/vacaciones-de-invierno-gran-participacion-en-las-actividades-organizadas-por-el-municipio\/#breadcrumb"},"inLanguage":"es","potentialAction":[{"@type":"ReadAction","target":["https:\/\/noticiasmercedinas.com\/site\/2025\/07\/25\/vacaciones-de-invierno-gran-participacion-en-las-actividades-organizadas-por-el-municipio\/"]}]},{"@type":"ImageObject","inLanguage":"es","@id":"https:\/\/noticiasmercedinas.com\/site\/2025\/07\/25\/vacaciones-de-invierno-gran-participacion-en-las-actividades-organizadas-por-el-municipio\/#primaryimage","url":"https:\/\/noticiasmercedinas.com\/site\/wp-content\/uploads\/2025\/07\/FB_IMG_1753442810827-e1753443098177.jpg","contentUrl":"https:\/\/noticiasmercedinas.com\/site\/wp-content\/uploads\/2025\/07\/FB_IMG_1753442810827-e1753443098177.jpg","width":1520,"height":1317},{"@type":"BreadcrumbList","@id":"https:\/\/noticiasmercedinas.com\/site\/2025\/07\/25\/vacaciones-de-invierno-gran-participacion-en-las-actividades-organizadas-por-el-municipio\/#breadcrumb","itemListElement":[{"@type":"ListItem","position":1,"name":"Portada","item":"https:\/\/noticiasmercedinas.com\/site\/"},{"@type":"ListItem","position":2,"name":"Vacaciones de invierno: gran participaci\u00f3n en las actividades organizadas por el Municipio"}]},{"@type":"WebSite","@id":"https:\/\/noticiasmercedinas.com\/site\/#website","url":"https:\/\/noticiasmercedinas.com\/site\/","name":"NOTICIASMERCEDINAS.COM","description":"Mercedes, Buenos Aires, Argentina","publisher":{"@id":"https:\/\/noticiasmercedinas.com\/site\/#organization"},"potentialAction":[{"@type":"SearchAction","target":{"@type":"EntryPoint","urlTemplate":"https:\/\/noticiasmercedinas.com\/site\/?s={search_term_string}"},"query-input":{"@type":"PropertyValueSpecification","valueRequired":true,"valueName":"search_term_string"}}],"inLanguage":"es"},{"@type":"Organization","@id":"https:\/\/noticiasmercedinas.com\/site\/#organization","name":"NOTICIASMERCEDINAS.COM","url":"https:\/\/noticiasmercedinas.com\/site\/","logo":{"@type":"ImageObject","inLanguage":"es","@id":"https:\/\/noticiasmercedinas.com\/site\/#\/schema\/logo\/image\/","url":"https:\/\/noticiasmercedinas.com\/site\/wp-content\/uploads\/2020\/06\/LOGO-512.jpg","contentUrl":"https:\/\/noticiasmercedinas.com\/site\/wp-content\/uploads\/2020\/06\/LOGO-512.jpg","width":512,"height":512,"caption":"NOTICIASMERCEDINAS.COM"},"image":{"@id":"https:\/\/noticiasmercedinas.com\/site\/#\/schema\/logo\/image\/"},"sameAs":["https:\/\/www.facebook.com\/noticiasmercedinas\/","https:\/\/x.com\/notmercedinas","https:\/\/www.instagram.com\/noticiasmercedinas\/"]},{"@type":"Person","@id":"https:\/\/noticiasmercedinas.com\/site\/#\/schema\/person\/84b59c099c28ff2e8b77d4ceec5d8063","name":"NOTICIASMERCEDINAS.COM","image":{"@type":"ImageObject","inLanguage":"es","@id":"https:\/\/secure.gravatar.com\/avatar\/4dfbf16b4d17945bfb6341b2d19043457132fcf478a5ee04f42e959fd8f5df0a?s=96&d=mm&r=g","url":"https:\/\/secure.gravatar.com\/avatar\/4dfbf16b4d17945bfb6341b2d19043457132fcf478a5ee04f42e959fd8f5df0a?s=96&d=mm&r=g","contentUrl":"https:\/\/secure.gravatar.com\/avatar\/4dfbf16b4d17945bfb6341b2d19043457132fcf478a5ee04f42e959fd8f5df0a?s=96&d=mm&r=g","caption":"NOTICIASMERCEDINAS.COM"},"url":"https:\/\/noticiasmercedinas.com\/site\/author\/anonimo\/"}]}},"amp_enabled":true,"_links":{"self":[{"href":"https:\/\/noticiasmercedinas.com\/site\/wp-json\/wp\/v2\/posts\/165059","targetHints":{"allow":["GET"]}}],"collection":[{"href":"https:\/\/noticiasmercedinas.com\/site\/wp-json\/wp\/v2\/posts"}],"about":[{"href":"https:\/\/noticiasmercedinas.com\/site\/wp-json\/wp\/v2\/types\/post"}],"author":[{"embeddable":true,"href":"https:\/\/noticiasmercedinas.com\/site\/wp-json\/wp\/v2\/users\/16"}],"replies":[{"embeddable":true,"href":"https:\/\/noticiasmercedinas.com\/site\/wp-json\/wp\/v2\/comments?post=165059"}],"version-history":[{"count":5,"href":"https:\/\/noticiasmercedinas.com\/site\/wp-json\/wp\/v2\/posts\/165059\/revisions"}],"predecessor-version":[{"id":165066,"href":"https:\/\/noticiasmercedinas.com\/site\/wp-json\/wp\/v2\/posts\/165059\/revisions\/165066"}],"wp:featuredmedia":[{"embeddable":true,"href":"https:\/\/noticiasmercedinas.com\/site\/wp-json\/wp\/v2\/media\/165063"}],"wp:attachment":[{"href":"https:\/\/noticiasmercedinas.com\/site\/wp-json\/wp\/v2\/media?parent=165059"}],"wp:term":[{"taxonomy":"category","embeddable":true,"href":"https:\/\/noticiasmercedinas.com\/site\/wp-json\/wp\/v2\/categories?post=165059"},{"taxonomy":"post_tag","embeddable":true,"href":"https:\/\/noticiasmercedinas.com\/site\/wp-json\/wp\/v2\/tags?post=165059"}],"curies":[{"name":"wp","href":"https:\/\/api.w.org\/{rel}","templated":true}]}}