{"id":165089,"date":"2025-07-25T13:12:22","date_gmt":"2025-07-25T16:12:22","guid":{"rendered":"https:\/\/noticiasmercedinas.com\/site\/?p=165089"},"modified":"2025-07-25T13:12:22","modified_gmt":"2025-07-25T16:12:22","slug":"las-ligas-de-la-federacion-norte-se-reunieron-en-carmen-de-areco","status":"publish","type":"post","link":"https:\/\/noticiasmercedinas.com\/site\/2025\/07\/25\/las-ligas-de-la-federacion-norte-se-reunieron-en-carmen-de-areco\/","title":{"rendered":"Las ligas de la Federaci\u00f3n Norte se reunieron en Carmen de Areco"},"content":{"rendered":"<figure id=\"attachment_104673\" aria-describedby=\"caption-attachment-104673\" style=\"width: 640px\" class=\"wp-caption alignnone\"><img loading=\"lazy\" decoding=\"async\" class=\"wp-image-104673 size-full\" src=\"https:\/\/noticiasmercedinas.com\/site\/wp-content\/uploads\/2022\/11\/IMG_2164.jpg\" alt=\"\" width=\"640\" height=\"406\" srcset=\"https:\/\/noticiasmercedinas.com\/site\/wp-content\/uploads\/2022\/11\/IMG_2164.jpg 640w, https:\/\/noticiasmercedinas.com\/site\/wp-content\/uploads\/2022\/11\/IMG_2164-300x190.jpg 300w\" sizes=\"auto, (max-width: 640px) 100vw, 640px\" \/><figcaption id=\"caption-attachment-104673\" class=\"wp-caption-text\">Desde finales de agosto vuelven los torneos de la Federaci\u00f3n Norte.<\/figcaption><\/figure>\n<p>El \u00faltimo jueves 24, por la noche, la Federaci\u00f3n Norte de F\u00fatbol llev\u00f3 adelante su reuni\u00f3n mensual y en la oportunidad se celebr\u00f3 en Carmen de Areco donde recientemente se ha oficializado la vuelta a la vida futbol\u00edstica con Sergio Dinardi como presidente. Del encuentro tomaron parte directivos de la Liga Mercedina como el presidente Esteban Marcelo y el vice Marcelo Mansilla.<\/p>\n<p>Otras ligas como Arrecifes, Baradero, San Pedro, San Nicol\u00e1s, Pergamino, Rojas, Col\u00f3n, San Antonio de Areco, Luj\u00e1n y Salto m\u00e1s los due\u00f1os de casa trataron distintos puntos, Campana fue el ausente con aviso. Uno de ellos fue el torneo de inferiores al que se le puso fecha de comienzo del 27 de agosto, hasta 7 de agosto habr\u00e1 tiempo para la inscripci\u00f3n en las distintas categor\u00edas.<\/p>\n<p>En la Sub 13 masculina al momento estar\u00e1n Cer\u00e1mica y Villarino (Chivilcoy), Juventud de Suipacha, El Front\u00f3n y Villa Manchi (San Andr\u00e9s de Giles), Ateneo de la Juventud, Quilmes, Club Mercedes y Palometas (Mercedes), River (San Antonio de Areco), Defensores (Salto), Mitre y Paran\u00e1 (San Pedro) y Sportivo Baradero.<\/p>\n<p>Por la Sub 15 se alistan: Cer\u00e1mica y Hurac\u00e1n (Chivilcoy), Ateneo de la Juventud, Club Mercedes, Palometas, Defensores Juniors y Quilmes (Mercedes), El Front\u00f3n y Villa Manchi (San Andr\u00e9s de Giles), La Cumparsita, Unidos, River Plate y Los 14 (San Antonio de Areco), Defensores (Salto), Mitre y Paran\u00e1 (San Pedro) y Sportivo Baradero.<\/p>\n<p>Se incorpora este a\u00f1o la Sub 15 femenina en cancha de 11: Defensores Juniors, Club Mercedes y Palometas (Mercedes), Sportivo Baradero, River Plate (San Antonio de Areco), Mitre y Paran\u00e1 (San Pedro). En otro orden de novedades se trat\u00f3 una posible regionalizaci\u00f3n de ligas que reemplazar\u00eda al ya conocido certamen de verano que cada a\u00f1o lleva adelante la Federaci\u00f3n Norte, algo que est\u00e1 en estudio.<\/p>\n","protected":false},"excerpt":{"rendered":"<p>\u25a0 En el encuentro se puso fecha de inicio a los torneos de inferiores. Clubes mercedinos ya anunciaron su participaci\u00f3n en buen n\u00famero.<\/p>\n","protected":false},"author":6,"featured_media":104673,"comment_status":"closed","ping_status":"closed","sticky":false,"template":"","format":"standard","meta":{"footnotes":""},"categories":[5],"tags":[3015,3346],"class_list":["post-165089","post","type-post","status-publish","format-standard","has-post-thumbnail","hentry","category-deportes","tag-federacion-norte","tag-liga-mercedina-de-futbol"],"yoast_head":"<!-- This site is optimized with the Yoast SEO plugin v27.4 - https:\/\/yoast.com\/product\/yoast-seo-wordpress\/ -->\n<title>Las ligas de la Federaci\u00f3n Norte se reunieron en Carmen de Areco<\/title>\n<meta name=\"robots\" content=\"index, follow, max-snippet:-1, max-image-preview:large, max-video-preview:-1\" \/>\n<link rel=\"canonical\" href=\"https:\/\/noticiasmercedinas.com\/site\/2025\/07\/25\/las-ligas-de-la-federacion-norte-se-reunieron-en-carmen-de-areco\/\" \/>\n<meta property=\"og:locale\" content=\"es_ES\" \/>\n<meta property=\"og:type\" content=\"article\" \/>\n<meta property=\"og:title\" content=\"Las ligas de la Federaci\u00f3n Norte se reunieron en Carmen de Areco\" \/>\n<meta property=\"og:description\" content=\"\u25a0 En el encuentro se puso fecha de inicio a los torneos de inferiores. Clubes mercedinos ya anunciaron su participaci\u00f3n en buen n\u00famero.\" \/>\n<meta property=\"og:url\" content=\"https:\/\/noticiasmercedinas.com\/site\/2025\/07\/25\/las-ligas-de-la-federacion-norte-se-reunieron-en-carmen-de-areco\/\" \/>\n<meta property=\"og:site_name\" content=\"NOTICIASMERCEDINAS.COM\" \/>\n<meta property=\"article:publisher\" content=\"https:\/\/www.facebook.com\/noticiasmercedinas\/\" \/>\n<meta property=\"article:published_time\" content=\"2025-07-25T16:12:22+00:00\" \/>\n<meta property=\"og:image\" content=\"https:\/\/noticiasmercedinas.com\/site\/wp-content\/uploads\/2022\/11\/IMG_2164.jpg\" \/>\n\t<meta property=\"og:image:width\" content=\"640\" \/>\n\t<meta property=\"og:image:height\" content=\"406\" \/>\n\t<meta property=\"og:image:type\" content=\"image\/jpeg\" \/>\n<meta name=\"author\" content=\"Juan Dagnino NOTICIASMERCEDINAS.COM\" \/>\n<meta name=\"twitter:card\" content=\"summary_large_image\" \/>\n<meta name=\"twitter:creator\" content=\"@notmercedinas\" \/>\n<meta name=\"twitter:site\" content=\"@notmercedinas\" \/>\n<meta name=\"twitter:label1\" content=\"Escrito por\" \/>\n\t<meta name=\"twitter:data1\" content=\"Juan Dagnino NOTICIASMERCEDINAS.COM\" \/>\n\t<meta name=\"twitter:label2\" content=\"Tiempo de lectura\" \/>\n\t<meta name=\"twitter:data2\" content=\"2 minutos\" \/>\n<script type=\"application\/ld+json\" class=\"yoast-schema-graph\">{\"@context\":\"https:\\\/\\\/schema.org\",\"@graph\":[{\"@type\":\"Article\",\"@id\":\"https:\\\/\\\/noticiasmercedinas.com\\\/site\\\/2025\\\/07\\\/25\\\/las-ligas-de-la-federacion-norte-se-reunieron-en-carmen-de-areco\\\/#article\",\"isPartOf\":{\"@id\":\"https:\\\/\\\/noticiasmercedinas.com\\\/site\\\/2025\\\/07\\\/25\\\/las-ligas-de-la-federacion-norte-se-reunieron-en-carmen-de-areco\\\/\"},\"author\":{\"name\":\"Juan Dagnino NOTICIASMERCEDINAS.COM\",\"@id\":\"https:\\\/\\\/noticiasmercedinas.com\\\/site\\\/#\\\/schema\\\/person\\\/8f2f09d666ef40986eba4a5e6f2a06f9\"},\"headline\":\"Las ligas de la Federaci\u00f3n Norte se reunieron en Carmen de Areco\",\"datePublished\":\"2025-07-25T16:12:22+00:00\",\"mainEntityOfPage\":{\"@id\":\"https:\\\/\\\/noticiasmercedinas.com\\\/site\\\/2025\\\/07\\\/25\\\/las-ligas-de-la-federacion-norte-se-reunieron-en-carmen-de-areco\\\/\"},\"wordCount\":343,\"publisher\":{\"@id\":\"https:\\\/\\\/noticiasmercedinas.com\\\/site\\\/#organization\"},\"image\":{\"@id\":\"https:\\\/\\\/noticiasmercedinas.com\\\/site\\\/2025\\\/07\\\/25\\\/las-ligas-de-la-federacion-norte-se-reunieron-en-carmen-de-areco\\\/#primaryimage\"},\"thumbnailUrl\":\"https:\\\/\\\/noticiasmercedinas.com\\\/site\\\/wp-content\\\/uploads\\\/2022\\\/11\\\/IMG_2164.jpg\",\"keywords\":[\"Federaci\u00f3n Norte\",\"Liga Mercedina de F\u00fatbol\"],\"articleSection\":[\"Deportes\"],\"inLanguage\":\"es\"},{\"@type\":\"WebPage\",\"@id\":\"https:\\\/\\\/noticiasmercedinas.com\\\/site\\\/2025\\\/07\\\/25\\\/las-ligas-de-la-federacion-norte-se-reunieron-en-carmen-de-areco\\\/\",\"url\":\"https:\\\/\\\/noticiasmercedinas.com\\\/site\\\/2025\\\/07\\\/25\\\/las-ligas-de-la-federacion-norte-se-reunieron-en-carmen-de-areco\\\/\",\"name\":\"Las ligas de la Federaci\u00f3n Norte se reunieron en Carmen de Areco\",\"isPartOf\":{\"@id\":\"https:\\\/\\\/noticiasmercedinas.com\\\/site\\\/#website\"},\"primaryImageOfPage\":{\"@id\":\"https:\\\/\\\/noticiasmercedinas.com\\\/site\\\/2025\\\/07\\\/25\\\/las-ligas-de-la-federacion-norte-se-reunieron-en-carmen-de-areco\\\/#primaryimage\"},\"image\":{\"@id\":\"https:\\\/\\\/noticiasmercedinas.com\\\/site\\\/2025\\\/07\\\/25\\\/las-ligas-de-la-federacion-norte-se-reunieron-en-carmen-de-areco\\\/#primaryimage\"},\"thumbnailUrl\":\"https:\\\/\\\/noticiasmercedinas.com\\\/site\\\/wp-content\\\/uploads\\\/2022\\\/11\\\/IMG_2164.jpg\",\"datePublished\":\"2025-07-25T16:12:22+00:00\",\"breadcrumb\":{\"@id\":\"https:\\\/\\\/noticiasmercedinas.com\\\/site\\\/2025\\\/07\\\/25\\\/las-ligas-de-la-federacion-norte-se-reunieron-en-carmen-de-areco\\\/#breadcrumb\"},\"inLanguage\":\"es\",\"potentialAction\":[{\"@type\":\"ReadAction\",\"target\":[\"https:\\\/\\\/noticiasmercedinas.com\\\/site\\\/2025\\\/07\\\/25\\\/las-ligas-de-la-federacion-norte-se-reunieron-en-carmen-de-areco\\\/\"]}]},{\"@type\":\"ImageObject\",\"inLanguage\":\"es\",\"@id\":\"https:\\\/\\\/noticiasmercedinas.com\\\/site\\\/2025\\\/07\\\/25\\\/las-ligas-de-la-federacion-norte-se-reunieron-en-carmen-de-areco\\\/#primaryimage\",\"url\":\"https:\\\/\\\/noticiasmercedinas.com\\\/site\\\/wp-content\\\/uploads\\\/2022\\\/11\\\/IMG_2164.jpg\",\"contentUrl\":\"https:\\\/\\\/noticiasmercedinas.com\\\/site\\\/wp-content\\\/uploads\\\/2022\\\/11\\\/IMG_2164.jpg\",\"width\":640,\"height\":406,\"caption\":\"Sub 13\"},{\"@type\":\"BreadcrumbList\",\"@id\":\"https:\\\/\\\/noticiasmercedinas.com\\\/site\\\/2025\\\/07\\\/25\\\/las-ligas-de-la-federacion-norte-se-reunieron-en-carmen-de-areco\\\/#breadcrumb\",\"itemListElement\":[{\"@type\":\"ListItem\",\"position\":1,\"name\":\"Portada\",\"item\":\"https:\\\/\\\/noticiasmercedinas.com\\\/site\\\/\"},{\"@type\":\"ListItem\",\"position\":2,\"name\":\"Las ligas de la Federaci\u00f3n Norte se reunieron en Carmen de Areco\"}]},{\"@type\":\"WebSite\",\"@id\":\"https:\\\/\\\/noticiasmercedinas.com\\\/site\\\/#website\",\"url\":\"https:\\\/\\\/noticiasmercedinas.com\\\/site\\\/\",\"name\":\"NOTICIASMERCEDINAS.COM\",\"description\":\"Mercedes, Buenos Aires, Argentina\",\"publisher\":{\"@id\":\"https:\\\/\\\/noticiasmercedinas.com\\\/site\\\/#organization\"},\"potentialAction\":[{\"@type\":\"SearchAction\",\"target\":{\"@type\":\"EntryPoint\",\"urlTemplate\":\"https:\\\/\\\/noticiasmercedinas.com\\\/site\\\/?s={search_term_string}\"},\"query-input\":{\"@type\":\"PropertyValueSpecification\",\"valueRequired\":true,\"valueName\":\"search_term_string\"}}],\"inLanguage\":\"es\"},{\"@type\":\"Organization\",\"@id\":\"https:\\\/\\\/noticiasmercedinas.com\\\/site\\\/#organization\",\"name\":\"NOTICIASMERCEDINAS.COM\",\"url\":\"https:\\\/\\\/noticiasmercedinas.com\\\/site\\\/\",\"logo\":{\"@type\":\"ImageObject\",\"inLanguage\":\"es\",\"@id\":\"https:\\\/\\\/noticiasmercedinas.com\\\/site\\\/#\\\/schema\\\/logo\\\/image\\\/\",\"url\":\"https:\\\/\\\/noticiasmercedinas.com\\\/site\\\/wp-content\\\/uploads\\\/2020\\\/06\\\/LOGO-512.jpg\",\"contentUrl\":\"https:\\\/\\\/noticiasmercedinas.com\\\/site\\\/wp-content\\\/uploads\\\/2020\\\/06\\\/LOGO-512.jpg\",\"width\":512,\"height\":512,\"caption\":\"NOTICIASMERCEDINAS.COM\"},\"image\":{\"@id\":\"https:\\\/\\\/noticiasmercedinas.com\\\/site\\\/#\\\/schema\\\/logo\\\/image\\\/\"},\"sameAs\":[\"https:\\\/\\\/www.facebook.com\\\/noticiasmercedinas\\\/\",\"https:\\\/\\\/x.com\\\/notmercedinas\",\"https:\\\/\\\/www.instagram.com\\\/noticiasmercedinas\\\/\"]},{\"@type\":\"Person\",\"@id\":\"https:\\\/\\\/noticiasmercedinas.com\\\/site\\\/#\\\/schema\\\/person\\\/8f2f09d666ef40986eba4a5e6f2a06f9\",\"name\":\"Juan Dagnino NOTICIASMERCEDINAS.COM\",\"image\":{\"@type\":\"ImageObject\",\"inLanguage\":\"es\",\"@id\":\"https:\\\/\\\/secure.gravatar.com\\\/avatar\\\/fc7059a769f5a3cae65fadb228a3e4accf3a64b4b2305020d0a27e6d5333c91b?s=96&d=mm&r=g\",\"url\":\"https:\\\/\\\/secure.gravatar.com\\\/avatar\\\/fc7059a769f5a3cae65fadb228a3e4accf3a64b4b2305020d0a27e6d5333c91b?s=96&d=mm&r=g\",\"contentUrl\":\"https:\\\/\\\/secure.gravatar.com\\\/avatar\\\/fc7059a769f5a3cae65fadb228a3e4accf3a64b4b2305020d0a27e6d5333c91b?s=96&d=mm&r=g\",\"caption\":\"Juan Dagnino NOTICIASMERCEDINAS.COM\"},\"url\":\"https:\\\/\\\/noticiasmercedinas.com\\\/site\\\/author\\\/juandagnino\\\/\"}]}<\/script>\n<!-- \/ Yoast SEO plugin. -->","yoast_head_json":{"title":"Las ligas de la Federaci\u00f3n Norte se reunieron en Carmen de Areco","robots":{"index":"index","follow":"follow","max-snippet":"max-snippet:-1","max-image-preview":"max-image-preview:large","max-video-preview":"max-video-preview:-1"},"canonical":"https:\/\/noticiasmercedinas.com\/site\/2025\/07\/25\/las-ligas-de-la-federacion-norte-se-reunieron-en-carmen-de-areco\/","og_locale":"es_ES","og_type":"article","og_title":"Las ligas de la Federaci\u00f3n Norte se reunieron en Carmen de Areco","og_description":"\u25a0 En el encuentro se puso fecha de inicio a los torneos de inferiores. Clubes mercedinos ya anunciaron su participaci\u00f3n en buen n\u00famero.","og_url":"https:\/\/noticiasmercedinas.com\/site\/2025\/07\/25\/las-ligas-de-la-federacion-norte-se-reunieron-en-carmen-de-areco\/","og_site_name":"NOTICIASMERCEDINAS.COM","article_publisher":"https:\/\/www.facebook.com\/noticiasmercedinas\/","article_published_time":"2025-07-25T16:12:22+00:00","og_image":[{"width":640,"height":406,"url":"https:\/\/noticiasmercedinas.com\/site\/wp-content\/uploads\/2022\/11\/IMG_2164.jpg","type":"image\/jpeg"}],"author":"Juan Dagnino NOTICIASMERCEDINAS.COM","twitter_card":"summary_large_image","twitter_creator":"@notmercedinas","twitter_site":"@notmercedinas","twitter_misc":{"Escrito por":"Juan Dagnino NOTICIASMERCEDINAS.COM","Tiempo de lectura":"2 minutos"},"schema":{"@context":"https:\/\/schema.org","@graph":[{"@type":"Article","@id":"https:\/\/noticiasmercedinas.com\/site\/2025\/07\/25\/las-ligas-de-la-federacion-norte-se-reunieron-en-carmen-de-areco\/#article","isPartOf":{"@id":"https:\/\/noticiasmercedinas.com\/site\/2025\/07\/25\/las-ligas-de-la-federacion-norte-se-reunieron-en-carmen-de-areco\/"},"author":{"name":"Juan Dagnino NOTICIASMERCEDINAS.COM","@id":"https:\/\/noticiasmercedinas.com\/site\/#\/schema\/person\/8f2f09d666ef40986eba4a5e6f2a06f9"},"headline":"Las ligas de la Federaci\u00f3n Norte se reunieron en Carmen de Areco","datePublished":"2025-07-25T16:12:22+00:00","mainEntityOfPage":{"@id":"https:\/\/noticiasmercedinas.com\/site\/2025\/07\/25\/las-ligas-de-la-federacion-norte-se-reunieron-en-carmen-de-areco\/"},"wordCount":343,"publisher":{"@id":"https:\/\/noticiasmercedinas.com\/site\/#organization"},"image":{"@id":"https:\/\/noticiasmercedinas.com\/site\/2025\/07\/25\/las-ligas-de-la-federacion-norte-se-reunieron-en-carmen-de-areco\/#primaryimage"},"thumbnailUrl":"https:\/\/noticiasmercedinas.com\/site\/wp-content\/uploads\/2022\/11\/IMG_2164.jpg","keywords":["Federaci\u00f3n Norte","Liga Mercedina de F\u00fatbol"],"articleSection":["Deportes"],"inLanguage":"es"},{"@type":"WebPage","@id":"https:\/\/noticiasmercedinas.com\/site\/2025\/07\/25\/las-ligas-de-la-federacion-norte-se-reunieron-en-carmen-de-areco\/","url":"https:\/\/noticiasmercedinas.com\/site\/2025\/07\/25\/las-ligas-de-la-federacion-norte-se-reunieron-en-carmen-de-areco\/","name":"Las ligas de la Federaci\u00f3n Norte se reunieron en Carmen de Areco","isPartOf":{"@id":"https:\/\/noticiasmercedinas.com\/site\/#website"},"primaryImageOfPage":{"@id":"https:\/\/noticiasmercedinas.com\/site\/2025\/07\/25\/las-ligas-de-la-federacion-norte-se-reunieron-en-carmen-de-areco\/#primaryimage"},"image":{"@id":"https:\/\/noticiasmercedinas.com\/site\/2025\/07\/25\/las-ligas-de-la-federacion-norte-se-reunieron-en-carmen-de-areco\/#primaryimage"},"thumbnailUrl":"https:\/\/noticiasmercedinas.com\/site\/wp-content\/uploads\/2022\/11\/IMG_2164.jpg","datePublished":"2025-07-25T16:12:22+00:00","breadcrumb":{"@id":"https:\/\/noticiasmercedinas.com\/site\/2025\/07\/25\/las-ligas-de-la-federacion-norte-se-reunieron-en-carmen-de-areco\/#breadcrumb"},"inLanguage":"es","potentialAction":[{"@type":"ReadAction","target":["https:\/\/noticiasmercedinas.com\/site\/2025\/07\/25\/las-ligas-de-la-federacion-norte-se-reunieron-en-carmen-de-areco\/"]}]},{"@type":"ImageObject","inLanguage":"es","@id":"https:\/\/noticiasmercedinas.com\/site\/2025\/07\/25\/las-ligas-de-la-federacion-norte-se-reunieron-en-carmen-de-areco\/#primaryimage","url":"https:\/\/noticiasmercedinas.com\/site\/wp-content\/uploads\/2022\/11\/IMG_2164.jpg","contentUrl":"https:\/\/noticiasmercedinas.com\/site\/wp-content\/uploads\/2022\/11\/IMG_2164.jpg","width":640,"height":406,"caption":"Sub 13"},{"@type":"BreadcrumbList","@id":"https:\/\/noticiasmercedinas.com\/site\/2025\/07\/25\/las-ligas-de-la-federacion-norte-se-reunieron-en-carmen-de-areco\/#breadcrumb","itemListElement":[{"@type":"ListItem","position":1,"name":"Portada","item":"https:\/\/noticiasmercedinas.com\/site\/"},{"@type":"ListItem","position":2,"name":"Las ligas de la Federaci\u00f3n Norte se reunieron en Carmen de Areco"}]},{"@type":"WebSite","@id":"https:\/\/noticiasmercedinas.com\/site\/#website","url":"https:\/\/noticiasmercedinas.com\/site\/","name":"NOTICIASMERCEDINAS.COM","description":"Mercedes, Buenos Aires, Argentina","publisher":{"@id":"https:\/\/noticiasmercedinas.com\/site\/#organization"},"potentialAction":[{"@type":"SearchAction","target":{"@type":"EntryPoint","urlTemplate":"https:\/\/noticiasmercedinas.com\/site\/?s={search_term_string}"},"query-input":{"@type":"PropertyValueSpecification","valueRequired":true,"valueName":"search_term_string"}}],"inLanguage":"es"},{"@type":"Organization","@id":"https:\/\/noticiasmercedinas.com\/site\/#organization","name":"NOTICIASMERCEDINAS.COM","url":"https:\/\/noticiasmercedinas.com\/site\/","logo":{"@type":"ImageObject","inLanguage":"es","@id":"https:\/\/noticiasmercedinas.com\/site\/#\/schema\/logo\/image\/","url":"https:\/\/noticiasmercedinas.com\/site\/wp-content\/uploads\/2020\/06\/LOGO-512.jpg","contentUrl":"https:\/\/noticiasmercedinas.com\/site\/wp-content\/uploads\/2020\/06\/LOGO-512.jpg","width":512,"height":512,"caption":"NOTICIASMERCEDINAS.COM"},"image":{"@id":"https:\/\/noticiasmercedinas.com\/site\/#\/schema\/logo\/image\/"},"sameAs":["https:\/\/www.facebook.com\/noticiasmercedinas\/","https:\/\/x.com\/notmercedinas","https:\/\/www.instagram.com\/noticiasmercedinas\/"]},{"@type":"Person","@id":"https:\/\/noticiasmercedinas.com\/site\/#\/schema\/person\/8f2f09d666ef40986eba4a5e6f2a06f9","name":"Juan Dagnino NOTICIASMERCEDINAS.COM","image":{"@type":"ImageObject","inLanguage":"es","@id":"https:\/\/secure.gravatar.com\/avatar\/fc7059a769f5a3cae65fadb228a3e4accf3a64b4b2305020d0a27e6d5333c91b?s=96&d=mm&r=g","url":"https:\/\/secure.gravatar.com\/avatar\/fc7059a769f5a3cae65fadb228a3e4accf3a64b4b2305020d0a27e6d5333c91b?s=96&d=mm&r=g","contentUrl":"https:\/\/secure.gravatar.com\/avatar\/fc7059a769f5a3cae65fadb228a3e4accf3a64b4b2305020d0a27e6d5333c91b?s=96&d=mm&r=g","caption":"Juan Dagnino NOTICIASMERCEDINAS.COM"},"url":"https:\/\/noticiasmercedinas.com\/site\/author\/juandagnino\/"}]}},"amp_enabled":true,"_links":{"self":[{"href":"https:\/\/noticiasmercedinas.com\/site\/wp-json\/wp\/v2\/posts\/165089","targetHints":{"allow":["GET"]}}],"collection":[{"href":"https:\/\/noticiasmercedinas.com\/site\/wp-json\/wp\/v2\/posts"}],"about":[{"href":"https:\/\/noticiasmercedinas.com\/site\/wp-json\/wp\/v2\/types\/post"}],"author":[{"embeddable":true,"href":"https:\/\/noticiasmercedinas.com\/site\/wp-json\/wp\/v2\/users\/6"}],"replies":[{"embeddable":true,"href":"https:\/\/noticiasmercedinas.com\/site\/wp-json\/wp\/v2\/comments?post=165089"}],"version-history":[{"count":1,"href":"https:\/\/noticiasmercedinas.com\/site\/wp-json\/wp\/v2\/posts\/165089\/revisions"}],"predecessor-version":[{"id":165090,"href":"https:\/\/noticiasmercedinas.com\/site\/wp-json\/wp\/v2\/posts\/165089\/revisions\/165090"}],"wp:featuredmedia":[{"embeddable":true,"href":"https:\/\/noticiasmercedinas.com\/site\/wp-json\/wp\/v2\/media\/104673"}],"wp:attachment":[{"href":"https:\/\/noticiasmercedinas.com\/site\/wp-json\/wp\/v2\/media?parent=165089"}],"wp:term":[{"taxonomy":"category","embeddable":true,"href":"https:\/\/noticiasmercedinas.com\/site\/wp-json\/wp\/v2\/categories?post=165089"},{"taxonomy":"post_tag","embeddable":true,"href":"https:\/\/noticiasmercedinas.com\/site\/wp-json\/wp\/v2\/tags?post=165089"}],"curies":[{"name":"wp","href":"https:\/\/api.w.org\/{rel}","templated":true}]}}