{"id":165105,"date":"2025-07-25T16:11:04","date_gmt":"2025-07-25T19:11:04","guid":{"rendered":"https:\/\/noticiasmercedinas.com\/site\/?p=165105"},"modified":"2025-07-25T16:11:04","modified_gmt":"2025-07-25T19:11:04","slug":"carlos-mosso-y-los-problemas-de-transito-en-seminario-hace-anos-que-venimos-trabajando-con-los-vecinos","status":"publish","type":"post","link":"https:\/\/noticiasmercedinas.com\/site\/2025\/07\/25\/carlos-mosso-y-los-problemas-de-transito-en-seminario-hace-anos-que-venimos-trabajando-con-los-vecinos\/","title":{"rendered":"Carlos Mosso y los problemas de tr\u00e1nsito en Seminario: \u00abHace a\u00f1os que venimos trabajando con los vecinos\u00bb"},"content":{"rendered":"<p><img loading=\"lazy\" decoding=\"async\" class=\"alignnone size-full wp-image-157936\" src=\"https:\/\/noticiasmercedinas.com\/site\/wp-content\/uploads\/2025\/04\/CARLOS_MOSSO.jpg\" alt=\"\" width=\"794\" height=\"543\" srcset=\"https:\/\/noticiasmercedinas.com\/site\/wp-content\/uploads\/2025\/04\/CARLOS_MOSSO.jpg 794w, https:\/\/noticiasmercedinas.com\/site\/wp-content\/uploads\/2025\/04\/CARLOS_MOSSO-300x205.jpg 300w, https:\/\/noticiasmercedinas.com\/site\/wp-content\/uploads\/2025\/04\/CARLOS_MOSSO-768x525.jpg 768w, https:\/\/noticiasmercedinas.com\/site\/wp-content\/uploads\/2025\/04\/CARLOS_MOSSO-640x438.jpg 640w, https:\/\/noticiasmercedinas.com\/site\/wp-content\/uploads\/2025\/04\/CARLOS_MOSSO-681x466.jpg 681w\" sizes=\"auto, (max-width: 794px) 100vw, 794px\" \/><\/p>\n<p>El primer candidato a concejal de Potencia, <strong>Carlos Mosso<\/strong>, expres\u00f3 su molestia ante la reciente politizaci\u00f3n del tema del tr\u00e1nsito en cercan\u00edas de los colegios del Barrio Seminario, una problem\u00e1tica que, asegura, conoce en profundidad por su trayectoria como vecino y exconcejal. En su extensa declaraci\u00f3n, critica con dureza el oportunismo electoral de sectores que, seg\u00fan \u00e9l, abordan el tema con desconocimiento y superficialidad, proponiendo cambios sin sustento t\u00e9cnico ni di\u00e1logo real con la comunidad.<\/p>\n<p>\u201cHace a\u00f1os que venimos trabajando con los vecinos en cuestiones de tr\u00e1nsito. No se trata de salir a hablar por los medios en campa\u00f1a y presentar peticiones sin fundamento. Es una irresponsabilidad que solo expone ignorancia\u201d, remarc\u00f3.<\/p>\n<blockquote><p>\u201cAntes de aprobar la ordenanza, compartimos planos, hablamos con m\u00e1s de 60 vecinos en nuestro grupo de WhatsApp, y entregamos documentaci\u00f3n casa por casa. Hubo reuniones con los colegios Camila Rol\u00f3n, San Luis Gonzaga y Padre Ansaldo. Todo fue estudiado y consensuado\u201d<\/p><\/blockquote>\n<p><strong>Reclamos y realidades<\/strong><br \/>\nEl debate se centra en el sentido de circulaci\u00f3n de varias calles del barrio, especialmente las calles 19, 114 y 110. Algunos vecinos reclaman que vuelvan a ser doble mano, argumentando situaciones de congesti\u00f3n, dificultades con calles de tierra en d\u00edas de lluvia y la seguridad de los estudiantes. Tambi\u00e9n se quejan del supuesto caos vehicular en horarios escolares.<\/p>\n<p>Sin embargo, el candidato record\u00f3 que estos puntos ya fueron abordados y resueltos por la Ordenanza 8940\/22, aprobada por unanimidad en el Concejo Deliberante en 2022, tras amplias consultas con los vecinos, instituciones educativas y autoridades municipales.<\/p>\n<p>\u201cAntes de aprobar la ordenanza, compartimos planos, hablamos con m\u00e1s de 60 vecinos en nuestro grupo de WhatsApp, y entregamos documentaci\u00f3n casa por casa. Hubo reuniones con los colegios Camila Rol\u00f3n, San Luis Gonzaga y Padre Ansaldo. Todo fue estudiado y consensuado\u201d, explic\u00f3.<\/p>\n<p>El exconcejal desminti\u00f3 varios argumentos que circulan en medios y redes sociales:<\/p>\n<ul>\n<li>No circulan m\u00e1s de mil veh\u00edculos por hora pico: los n\u00fameros reales de matr\u00edcula y transporte escolar distan mucho de esa cifra.<\/li>\n<li>La calle 114 fue pavimentada y ensanchada: lo que permiti\u00f3 implementar estacionamiento a 45\u00b0 y mejorar la fluidez.<\/li>\n<li>El ingreso de transportes escolares est\u00e1 controlado: bajan a los alumnos del lado seguro, sobre la vereda de hormig\u00f3n.<\/li>\n<li>El \u201ccaos\u201d se limita a un rango horario muy corto: entre las 07:20 y las 08:15, mientras que el resto del d\u00eda el barrio es tranquilo.<\/li>\n<\/ul>\n<p>Mosso tambi\u00e9n cuestion\u00f3 las cr\u00edticas infundadas hacia instituciones como la Escuela 37, ubicada fuera del sector en discusi\u00f3n, calific\u00e1ndolas de \u201crid\u00edculas\u201d.<\/p>\n<p><strong>\u201cPrevenir no es esperar que pase algo\u201d<\/strong><br \/>\nDesde una mirada basada en la educaci\u00f3n vial, la prevenci\u00f3n y la planificaci\u00f3n urbana, el candidato defendi\u00f3 la ordenanza aprobada y pidi\u00f3 dejar de lado las posturas simplistas:\u00a0\u201cHablar de que no hay que cambiar nada porque \u2018nunca pas\u00f3 nada\u2019 es irresponsable. Prevenir es anticiparse para que nada malo ocurra. Lo otro es esperar el siniestro y lamentarse\u201d.<\/p>\n<p>Y cerr\u00f3 con un mensaje directo:\u00a0\u201cEn Potencia trabajamos con empat\u00eda, respeto, educaci\u00f3n, control y sanci\u00f3n. No hacemos pol\u00edtica vieja ni populismo barato. Estudiamos la zona, no un metro cuadrado. Y lo hicimos con y para los vecinos\u201d.<\/p>\n","protected":false},"excerpt":{"rendered":"<p>\u25a0 El candidato de Potencia y concejal mandato cumplido critic\u00f3 el \u00aboportunismo electoral\u00bb y habl\u00f3 de desconocimiento sobre lo resuelto para las calles 114 y 19. \u00abTodo fue estudiado y consensuado\u201d, explic\u00f3.<\/p>\n","protected":false},"author":16,"featured_media":157936,"comment_status":"closed","ping_status":"closed","sticky":false,"template":"","format":"standard","meta":{"footnotes":""},"categories":[16],"tags":[668,19953,10466],"class_list":["post-165105","post","type-post","status-publish","format-standard","has-post-thumbnail","hentry","category-politica","tag-carlos-mosso","tag-elecciones-2025","tag-potencia"],"yoast_head":"<!-- This site is optimized with the Yoast SEO plugin v27.5 - https:\/\/yoast.com\/product\/yoast-seo-wordpress\/ -->\n<title>Carlos Mosso y los problemas de tr\u00e1nsito en Seminario: &quot;Hace a\u00f1os que venimos trabajando con los vecinos&quot;<\/title>\n<meta name=\"description\" content=\"El candidato de Potencia y concejal mandato cumplido critic\u00f3 el &quot;oportunismo electoral&quot; y habl\u00f3 de desconocimiento sobre lo resuelto para las calles 114 y 19. &quot;Todo fue estudiado y consensuado\u201d, explic\u00f3.\" \/>\n<meta name=\"robots\" content=\"index, follow, max-snippet:-1, max-image-preview:large, max-video-preview:-1\" \/>\n<link rel=\"canonical\" href=\"https:\/\/noticiasmercedinas.com\/site\/2025\/07\/25\/carlos-mosso-y-los-problemas-de-transito-en-seminario-hace-anos-que-venimos-trabajando-con-los-vecinos\/\" \/>\n<meta property=\"og:locale\" content=\"es_ES\" \/>\n<meta property=\"og:type\" content=\"article\" \/>\n<meta property=\"og:title\" content=\"Carlos Mosso y los problemas de tr\u00e1nsito en Seminario: &quot;Hace a\u00f1os que venimos trabajando con los vecinos&quot;\" \/>\n<meta property=\"og:description\" content=\"El candidato de Potencia y concejal mandato cumplido critic\u00f3 el &quot;oportunismo electoral&quot; y habl\u00f3 de desconocimiento sobre lo resuelto para las calles 114 y 19. &quot;Todo fue estudiado y consensuado\u201d, explic\u00f3.\" \/>\n<meta property=\"og:url\" content=\"https:\/\/noticiasmercedinas.com\/site\/2025\/07\/25\/carlos-mosso-y-los-problemas-de-transito-en-seminario-hace-anos-que-venimos-trabajando-con-los-vecinos\/\" \/>\n<meta property=\"og:site_name\" content=\"NOTICIASMERCEDINAS.COM\" \/>\n<meta property=\"article:publisher\" content=\"https:\/\/www.facebook.com\/noticiasmercedinas\/\" \/>\n<meta property=\"article:published_time\" content=\"2025-07-25T19:11:04+00:00\" \/>\n<meta property=\"og:image\" content=\"https:\/\/noticiasmercedinas.com\/site\/wp-content\/uploads\/2025\/04\/CARLOS_MOSSO.jpg\" \/>\n\t<meta property=\"og:image:width\" content=\"794\" \/>\n\t<meta property=\"og:image:height\" content=\"543\" \/>\n\t<meta property=\"og:image:type\" content=\"image\/jpeg\" \/>\n<meta name=\"author\" content=\"NOTICIASMERCEDINAS.COM\" \/>\n<meta name=\"twitter:card\" content=\"summary_large_image\" \/>\n<meta name=\"twitter:creator\" content=\"@notmercedinas\" \/>\n<meta name=\"twitter:site\" content=\"@notmercedinas\" \/>\n<meta name=\"twitter:label1\" content=\"Escrito por\" \/>\n\t<meta name=\"twitter:data1\" content=\"NOTICIASMERCEDINAS.COM\" \/>\n\t<meta name=\"twitter:label2\" content=\"Tiempo de lectura\" \/>\n\t<meta name=\"twitter:data2\" content=\"3 minutos\" \/>\n<script type=\"application\/ld+json\" class=\"yoast-schema-graph\">{\"@context\":\"https:\\\/\\\/schema.org\",\"@graph\":[{\"@type\":\"Article\",\"@id\":\"https:\\\/\\\/noticiasmercedinas.com\\\/site\\\/2025\\\/07\\\/25\\\/carlos-mosso-y-los-problemas-de-transito-en-seminario-hace-anos-que-venimos-trabajando-con-los-vecinos\\\/#article\",\"isPartOf\":{\"@id\":\"https:\\\/\\\/noticiasmercedinas.com\\\/site\\\/2025\\\/07\\\/25\\\/carlos-mosso-y-los-problemas-de-transito-en-seminario-hace-anos-que-venimos-trabajando-con-los-vecinos\\\/\"},\"author\":{\"name\":\"NOTICIASMERCEDINAS.COM\",\"@id\":\"https:\\\/\\\/noticiasmercedinas.com\\\/site\\\/#\\\/schema\\\/person\\\/84b59c099c28ff2e8b77d4ceec5d8063\"},\"headline\":\"Carlos Mosso y los problemas de tr\u00e1nsito en Seminario: \u00abHace a\u00f1os que venimos trabajando con los vecinos\u00bb\",\"datePublished\":\"2025-07-25T19:11:04+00:00\",\"mainEntityOfPage\":{\"@id\":\"https:\\\/\\\/noticiasmercedinas.com\\\/site\\\/2025\\\/07\\\/25\\\/carlos-mosso-y-los-problemas-de-transito-en-seminario-hace-anos-que-venimos-trabajando-con-los-vecinos\\\/\"},\"wordCount\":563,\"publisher\":{\"@id\":\"https:\\\/\\\/noticiasmercedinas.com\\\/site\\\/#organization\"},\"image\":{\"@id\":\"https:\\\/\\\/noticiasmercedinas.com\\\/site\\\/2025\\\/07\\\/25\\\/carlos-mosso-y-los-problemas-de-transito-en-seminario-hace-anos-que-venimos-trabajando-con-los-vecinos\\\/#primaryimage\"},\"thumbnailUrl\":\"https:\\\/\\\/noticiasmercedinas.com\\\/site\\\/wp-content\\\/uploads\\\/2025\\\/04\\\/CARLOS_MOSSO.jpg\",\"keywords\":[\"carlos mosso\",\"elecciones 2025\",\"potencia\"],\"articleSection\":[\"Politica\"],\"inLanguage\":\"es\"},{\"@type\":\"WebPage\",\"@id\":\"https:\\\/\\\/noticiasmercedinas.com\\\/site\\\/2025\\\/07\\\/25\\\/carlos-mosso-y-los-problemas-de-transito-en-seminario-hace-anos-que-venimos-trabajando-con-los-vecinos\\\/\",\"url\":\"https:\\\/\\\/noticiasmercedinas.com\\\/site\\\/2025\\\/07\\\/25\\\/carlos-mosso-y-los-problemas-de-transito-en-seminario-hace-anos-que-venimos-trabajando-con-los-vecinos\\\/\",\"name\":\"Carlos Mosso y los problemas de tr\u00e1nsito en Seminario: \\\"Hace a\u00f1os que venimos trabajando con los vecinos\\\"\",\"isPartOf\":{\"@id\":\"https:\\\/\\\/noticiasmercedinas.com\\\/site\\\/#website\"},\"primaryImageOfPage\":{\"@id\":\"https:\\\/\\\/noticiasmercedinas.com\\\/site\\\/2025\\\/07\\\/25\\\/carlos-mosso-y-los-problemas-de-transito-en-seminario-hace-anos-que-venimos-trabajando-con-los-vecinos\\\/#primaryimage\"},\"image\":{\"@id\":\"https:\\\/\\\/noticiasmercedinas.com\\\/site\\\/2025\\\/07\\\/25\\\/carlos-mosso-y-los-problemas-de-transito-en-seminario-hace-anos-que-venimos-trabajando-con-los-vecinos\\\/#primaryimage\"},\"thumbnailUrl\":\"https:\\\/\\\/noticiasmercedinas.com\\\/site\\\/wp-content\\\/uploads\\\/2025\\\/04\\\/CARLOS_MOSSO.jpg\",\"datePublished\":\"2025-07-25T19:11:04+00:00\",\"description\":\"El candidato de Potencia y concejal mandato cumplido critic\u00f3 el \\\"oportunismo electoral\\\" y habl\u00f3 de desconocimiento sobre lo resuelto para las calles 114 y 19. \\\"Todo fue estudiado y consensuado\u201d, explic\u00f3.\",\"breadcrumb\":{\"@id\":\"https:\\\/\\\/noticiasmercedinas.com\\\/site\\\/2025\\\/07\\\/25\\\/carlos-mosso-y-los-problemas-de-transito-en-seminario-hace-anos-que-venimos-trabajando-con-los-vecinos\\\/#breadcrumb\"},\"inLanguage\":\"es\",\"potentialAction\":[{\"@type\":\"ReadAction\",\"target\":[\"https:\\\/\\\/noticiasmercedinas.com\\\/site\\\/2025\\\/07\\\/25\\\/carlos-mosso-y-los-problemas-de-transito-en-seminario-hace-anos-que-venimos-trabajando-con-los-vecinos\\\/\"]}]},{\"@type\":\"ImageObject\",\"inLanguage\":\"es\",\"@id\":\"https:\\\/\\\/noticiasmercedinas.com\\\/site\\\/2025\\\/07\\\/25\\\/carlos-mosso-y-los-problemas-de-transito-en-seminario-hace-anos-que-venimos-trabajando-con-los-vecinos\\\/#primaryimage\",\"url\":\"https:\\\/\\\/noticiasmercedinas.com\\\/site\\\/wp-content\\\/uploads\\\/2025\\\/04\\\/CARLOS_MOSSO.jpg\",\"contentUrl\":\"https:\\\/\\\/noticiasmercedinas.com\\\/site\\\/wp-content\\\/uploads\\\/2025\\\/04\\\/CARLOS_MOSSO.jpg\",\"width\":794,\"height\":543},{\"@type\":\"BreadcrumbList\",\"@id\":\"https:\\\/\\\/noticiasmercedinas.com\\\/site\\\/2025\\\/07\\\/25\\\/carlos-mosso-y-los-problemas-de-transito-en-seminario-hace-anos-que-venimos-trabajando-con-los-vecinos\\\/#breadcrumb\",\"itemListElement\":[{\"@type\":\"ListItem\",\"position\":1,\"name\":\"Portada\",\"item\":\"https:\\\/\\\/noticiasmercedinas.com\\\/site\\\/\"},{\"@type\":\"ListItem\",\"position\":2,\"name\":\"Carlos Mosso y los problemas de tr\u00e1nsito en Seminario: \u00abHace a\u00f1os que venimos trabajando con los vecinos\u00bb\"}]},{\"@type\":\"WebSite\",\"@id\":\"https:\\\/\\\/noticiasmercedinas.com\\\/site\\\/#website\",\"url\":\"https:\\\/\\\/noticiasmercedinas.com\\\/site\\\/\",\"name\":\"NOTICIASMERCEDINAS.COM\",\"description\":\"Mercedes, Buenos Aires, Argentina\",\"publisher\":{\"@id\":\"https:\\\/\\\/noticiasmercedinas.com\\\/site\\\/#organization\"},\"potentialAction\":[{\"@type\":\"SearchAction\",\"target\":{\"@type\":\"EntryPoint\",\"urlTemplate\":\"https:\\\/\\\/noticiasmercedinas.com\\\/site\\\/?s={search_term_string}\"},\"query-input\":{\"@type\":\"PropertyValueSpecification\",\"valueRequired\":true,\"valueName\":\"search_term_string\"}}],\"inLanguage\":\"es\"},{\"@type\":\"Organization\",\"@id\":\"https:\\\/\\\/noticiasmercedinas.com\\\/site\\\/#organization\",\"name\":\"NOTICIASMERCEDINAS.COM\",\"url\":\"https:\\\/\\\/noticiasmercedinas.com\\\/site\\\/\",\"logo\":{\"@type\":\"ImageObject\",\"inLanguage\":\"es\",\"@id\":\"https:\\\/\\\/noticiasmercedinas.com\\\/site\\\/#\\\/schema\\\/logo\\\/image\\\/\",\"url\":\"https:\\\/\\\/noticiasmercedinas.com\\\/site\\\/wp-content\\\/uploads\\\/2020\\\/06\\\/LOGO-512.jpg\",\"contentUrl\":\"https:\\\/\\\/noticiasmercedinas.com\\\/site\\\/wp-content\\\/uploads\\\/2020\\\/06\\\/LOGO-512.jpg\",\"width\":512,\"height\":512,\"caption\":\"NOTICIASMERCEDINAS.COM\"},\"image\":{\"@id\":\"https:\\\/\\\/noticiasmercedinas.com\\\/site\\\/#\\\/schema\\\/logo\\\/image\\\/\"},\"sameAs\":[\"https:\\\/\\\/www.facebook.com\\\/noticiasmercedinas\\\/\",\"https:\\\/\\\/x.com\\\/notmercedinas\",\"https:\\\/\\\/www.instagram.com\\\/noticiasmercedinas\\\/\"]},{\"@type\":\"Person\",\"@id\":\"https:\\\/\\\/noticiasmercedinas.com\\\/site\\\/#\\\/schema\\\/person\\\/84b59c099c28ff2e8b77d4ceec5d8063\",\"name\":\"NOTICIASMERCEDINAS.COM\",\"image\":{\"@type\":\"ImageObject\",\"inLanguage\":\"es\",\"@id\":\"https:\\\/\\\/secure.gravatar.com\\\/avatar\\\/4dfbf16b4d17945bfb6341b2d19043457132fcf478a5ee04f42e959fd8f5df0a?s=96&d=mm&r=g\",\"url\":\"https:\\\/\\\/secure.gravatar.com\\\/avatar\\\/4dfbf16b4d17945bfb6341b2d19043457132fcf478a5ee04f42e959fd8f5df0a?s=96&d=mm&r=g\",\"contentUrl\":\"https:\\\/\\\/secure.gravatar.com\\\/avatar\\\/4dfbf16b4d17945bfb6341b2d19043457132fcf478a5ee04f42e959fd8f5df0a?s=96&d=mm&r=g\",\"caption\":\"NOTICIASMERCEDINAS.COM\"},\"url\":\"https:\\\/\\\/noticiasmercedinas.com\\\/site\\\/author\\\/anonimo\\\/\"}]}<\/script>\n<!-- \/ Yoast SEO plugin. -->","yoast_head_json":{"title":"Carlos Mosso y los problemas de tr\u00e1nsito en Seminario: \"Hace a\u00f1os que venimos trabajando con los vecinos\"","description":"El candidato de Potencia y concejal mandato cumplido critic\u00f3 el \"oportunismo electoral\" y habl\u00f3 de desconocimiento sobre lo resuelto para las calles 114 y 19. \"Todo fue estudiado y consensuado\u201d, explic\u00f3.","robots":{"index":"index","follow":"follow","max-snippet":"max-snippet:-1","max-image-preview":"max-image-preview:large","max-video-preview":"max-video-preview:-1"},"canonical":"https:\/\/noticiasmercedinas.com\/site\/2025\/07\/25\/carlos-mosso-y-los-problemas-de-transito-en-seminario-hace-anos-que-venimos-trabajando-con-los-vecinos\/","og_locale":"es_ES","og_type":"article","og_title":"Carlos Mosso y los problemas de tr\u00e1nsito en Seminario: \"Hace a\u00f1os que venimos trabajando con los vecinos\"","og_description":"El candidato de Potencia y concejal mandato cumplido critic\u00f3 el \"oportunismo electoral\" y habl\u00f3 de desconocimiento sobre lo resuelto para las calles 114 y 19. \"Todo fue estudiado y consensuado\u201d, explic\u00f3.","og_url":"https:\/\/noticiasmercedinas.com\/site\/2025\/07\/25\/carlos-mosso-y-los-problemas-de-transito-en-seminario-hace-anos-que-venimos-trabajando-con-los-vecinos\/","og_site_name":"NOTICIASMERCEDINAS.COM","article_publisher":"https:\/\/www.facebook.com\/noticiasmercedinas\/","article_published_time":"2025-07-25T19:11:04+00:00","og_image":[{"width":794,"height":543,"url":"https:\/\/noticiasmercedinas.com\/site\/wp-content\/uploads\/2025\/04\/CARLOS_MOSSO.jpg","type":"image\/jpeg"}],"author":"NOTICIASMERCEDINAS.COM","twitter_card":"summary_large_image","twitter_creator":"@notmercedinas","twitter_site":"@notmercedinas","twitter_misc":{"Escrito por":"NOTICIASMERCEDINAS.COM","Tiempo de lectura":"3 minutos"},"schema":{"@context":"https:\/\/schema.org","@graph":[{"@type":"Article","@id":"https:\/\/noticiasmercedinas.com\/site\/2025\/07\/25\/carlos-mosso-y-los-problemas-de-transito-en-seminario-hace-anos-que-venimos-trabajando-con-los-vecinos\/#article","isPartOf":{"@id":"https:\/\/noticiasmercedinas.com\/site\/2025\/07\/25\/carlos-mosso-y-los-problemas-de-transito-en-seminario-hace-anos-que-venimos-trabajando-con-los-vecinos\/"},"author":{"name":"NOTICIASMERCEDINAS.COM","@id":"https:\/\/noticiasmercedinas.com\/site\/#\/schema\/person\/84b59c099c28ff2e8b77d4ceec5d8063"},"headline":"Carlos Mosso y los problemas de tr\u00e1nsito en Seminario: \u00abHace a\u00f1os que venimos trabajando con los vecinos\u00bb","datePublished":"2025-07-25T19:11:04+00:00","mainEntityOfPage":{"@id":"https:\/\/noticiasmercedinas.com\/site\/2025\/07\/25\/carlos-mosso-y-los-problemas-de-transito-en-seminario-hace-anos-que-venimos-trabajando-con-los-vecinos\/"},"wordCount":563,"publisher":{"@id":"https:\/\/noticiasmercedinas.com\/site\/#organization"},"image":{"@id":"https:\/\/noticiasmercedinas.com\/site\/2025\/07\/25\/carlos-mosso-y-los-problemas-de-transito-en-seminario-hace-anos-que-venimos-trabajando-con-los-vecinos\/#primaryimage"},"thumbnailUrl":"https:\/\/noticiasmercedinas.com\/site\/wp-content\/uploads\/2025\/04\/CARLOS_MOSSO.jpg","keywords":["carlos mosso","elecciones 2025","potencia"],"articleSection":["Politica"],"inLanguage":"es"},{"@type":"WebPage","@id":"https:\/\/noticiasmercedinas.com\/site\/2025\/07\/25\/carlos-mosso-y-los-problemas-de-transito-en-seminario-hace-anos-que-venimos-trabajando-con-los-vecinos\/","url":"https:\/\/noticiasmercedinas.com\/site\/2025\/07\/25\/carlos-mosso-y-los-problemas-de-transito-en-seminario-hace-anos-que-venimos-trabajando-con-los-vecinos\/","name":"Carlos Mosso y los problemas de tr\u00e1nsito en Seminario: \"Hace a\u00f1os que venimos trabajando con los vecinos\"","isPartOf":{"@id":"https:\/\/noticiasmercedinas.com\/site\/#website"},"primaryImageOfPage":{"@id":"https:\/\/noticiasmercedinas.com\/site\/2025\/07\/25\/carlos-mosso-y-los-problemas-de-transito-en-seminario-hace-anos-que-venimos-trabajando-con-los-vecinos\/#primaryimage"},"image":{"@id":"https:\/\/noticiasmercedinas.com\/site\/2025\/07\/25\/carlos-mosso-y-los-problemas-de-transito-en-seminario-hace-anos-que-venimos-trabajando-con-los-vecinos\/#primaryimage"},"thumbnailUrl":"https:\/\/noticiasmercedinas.com\/site\/wp-content\/uploads\/2025\/04\/CARLOS_MOSSO.jpg","datePublished":"2025-07-25T19:11:04+00:00","description":"El candidato de Potencia y concejal mandato cumplido critic\u00f3 el \"oportunismo electoral\" y habl\u00f3 de desconocimiento sobre lo resuelto para las calles 114 y 19. \"Todo fue estudiado y consensuado\u201d, explic\u00f3.","breadcrumb":{"@id":"https:\/\/noticiasmercedinas.com\/site\/2025\/07\/25\/carlos-mosso-y-los-problemas-de-transito-en-seminario-hace-anos-que-venimos-trabajando-con-los-vecinos\/#breadcrumb"},"inLanguage":"es","potentialAction":[{"@type":"ReadAction","target":["https:\/\/noticiasmercedinas.com\/site\/2025\/07\/25\/carlos-mosso-y-los-problemas-de-transito-en-seminario-hace-anos-que-venimos-trabajando-con-los-vecinos\/"]}]},{"@type":"ImageObject","inLanguage":"es","@id":"https:\/\/noticiasmercedinas.com\/site\/2025\/07\/25\/carlos-mosso-y-los-problemas-de-transito-en-seminario-hace-anos-que-venimos-trabajando-con-los-vecinos\/#primaryimage","url":"https:\/\/noticiasmercedinas.com\/site\/wp-content\/uploads\/2025\/04\/CARLOS_MOSSO.jpg","contentUrl":"https:\/\/noticiasmercedinas.com\/site\/wp-content\/uploads\/2025\/04\/CARLOS_MOSSO.jpg","width":794,"height":543},{"@type":"BreadcrumbList","@id":"https:\/\/noticiasmercedinas.com\/site\/2025\/07\/25\/carlos-mosso-y-los-problemas-de-transito-en-seminario-hace-anos-que-venimos-trabajando-con-los-vecinos\/#breadcrumb","itemListElement":[{"@type":"ListItem","position":1,"name":"Portada","item":"https:\/\/noticiasmercedinas.com\/site\/"},{"@type":"ListItem","position":2,"name":"Carlos Mosso y los problemas de tr\u00e1nsito en Seminario: \u00abHace a\u00f1os que venimos trabajando con los vecinos\u00bb"}]},{"@type":"WebSite","@id":"https:\/\/noticiasmercedinas.com\/site\/#website","url":"https:\/\/noticiasmercedinas.com\/site\/","name":"NOTICIASMERCEDINAS.COM","description":"Mercedes, Buenos Aires, Argentina","publisher":{"@id":"https:\/\/noticiasmercedinas.com\/site\/#organization"},"potentialAction":[{"@type":"SearchAction","target":{"@type":"EntryPoint","urlTemplate":"https:\/\/noticiasmercedinas.com\/site\/?s={search_term_string}"},"query-input":{"@type":"PropertyValueSpecification","valueRequired":true,"valueName":"search_term_string"}}],"inLanguage":"es"},{"@type":"Organization","@id":"https:\/\/noticiasmercedinas.com\/site\/#organization","name":"NOTICIASMERCEDINAS.COM","url":"https:\/\/noticiasmercedinas.com\/site\/","logo":{"@type":"ImageObject","inLanguage":"es","@id":"https:\/\/noticiasmercedinas.com\/site\/#\/schema\/logo\/image\/","url":"https:\/\/noticiasmercedinas.com\/site\/wp-content\/uploads\/2020\/06\/LOGO-512.jpg","contentUrl":"https:\/\/noticiasmercedinas.com\/site\/wp-content\/uploads\/2020\/06\/LOGO-512.jpg","width":512,"height":512,"caption":"NOTICIASMERCEDINAS.COM"},"image":{"@id":"https:\/\/noticiasmercedinas.com\/site\/#\/schema\/logo\/image\/"},"sameAs":["https:\/\/www.facebook.com\/noticiasmercedinas\/","https:\/\/x.com\/notmercedinas","https:\/\/www.instagram.com\/noticiasmercedinas\/"]},{"@type":"Person","@id":"https:\/\/noticiasmercedinas.com\/site\/#\/schema\/person\/84b59c099c28ff2e8b77d4ceec5d8063","name":"NOTICIASMERCEDINAS.COM","image":{"@type":"ImageObject","inLanguage":"es","@id":"https:\/\/secure.gravatar.com\/avatar\/4dfbf16b4d17945bfb6341b2d19043457132fcf478a5ee04f42e959fd8f5df0a?s=96&d=mm&r=g","url":"https:\/\/secure.gravatar.com\/avatar\/4dfbf16b4d17945bfb6341b2d19043457132fcf478a5ee04f42e959fd8f5df0a?s=96&d=mm&r=g","contentUrl":"https:\/\/secure.gravatar.com\/avatar\/4dfbf16b4d17945bfb6341b2d19043457132fcf478a5ee04f42e959fd8f5df0a?s=96&d=mm&r=g","caption":"NOTICIASMERCEDINAS.COM"},"url":"https:\/\/noticiasmercedinas.com\/site\/author\/anonimo\/"}]}},"amp_enabled":true,"_links":{"self":[{"href":"https:\/\/noticiasmercedinas.com\/site\/wp-json\/wp\/v2\/posts\/165105","targetHints":{"allow":["GET"]}}],"collection":[{"href":"https:\/\/noticiasmercedinas.com\/site\/wp-json\/wp\/v2\/posts"}],"about":[{"href":"https:\/\/noticiasmercedinas.com\/site\/wp-json\/wp\/v2\/types\/post"}],"author":[{"embeddable":true,"href":"https:\/\/noticiasmercedinas.com\/site\/wp-json\/wp\/v2\/users\/16"}],"replies":[{"embeddable":true,"href":"https:\/\/noticiasmercedinas.com\/site\/wp-json\/wp\/v2\/comments?post=165105"}],"version-history":[{"count":1,"href":"https:\/\/noticiasmercedinas.com\/site\/wp-json\/wp\/v2\/posts\/165105\/revisions"}],"predecessor-version":[{"id":165107,"href":"https:\/\/noticiasmercedinas.com\/site\/wp-json\/wp\/v2\/posts\/165105\/revisions\/165107"}],"wp:featuredmedia":[{"embeddable":true,"href":"https:\/\/noticiasmercedinas.com\/site\/wp-json\/wp\/v2\/media\/157936"}],"wp:attachment":[{"href":"https:\/\/noticiasmercedinas.com\/site\/wp-json\/wp\/v2\/media?parent=165105"}],"wp:term":[{"taxonomy":"category","embeddable":true,"href":"https:\/\/noticiasmercedinas.com\/site\/wp-json\/wp\/v2\/categories?post=165105"},{"taxonomy":"post_tag","embeddable":true,"href":"https:\/\/noticiasmercedinas.com\/site\/wp-json\/wp\/v2\/tags?post=165105"}],"curies":[{"name":"wp","href":"https:\/\/api.w.org\/{rel}","templated":true}]}}