{"id":165289,"date":"2025-07-27T19:12:26","date_gmt":"2025-07-27T22:12:26","guid":{"rendered":"https:\/\/noticiasmercedinas.com\/site\/?p=165289"},"modified":"2025-07-27T19:12:26","modified_gmt":"2025-07-27T22:12:26","slug":"chivilcoy-incorporo-una-nueva-ambulancia-y-avanza-en-la-instalacion-del-primer-resonador-magnetico-municipal","status":"publish","type":"post","link":"https:\/\/noticiasmercedinas.com\/site\/2025\/07\/27\/chivilcoy-incorporo-una-nueva-ambulancia-y-avanza-en-la-instalacion-del-primer-resonador-magnetico-municipal\/","title":{"rendered":"Chivilcoy incorpor\u00f3 una nueva ambulancia y avanza en la instalaci\u00f3n del primer resonador magn\u00e9tico municipal"},"content":{"rendered":"<p><img loading=\"lazy\" decoding=\"async\" class=\"alignnone size-full wp-image-165290\" src=\"https:\/\/noticiasmercedinas.com\/site\/wp-content\/uploads\/2025\/07\/presentacion-ambulancia-britos.jpg\" alt=\"\" width=\"1024\" height=\"683\" srcset=\"https:\/\/noticiasmercedinas.com\/site\/wp-content\/uploads\/2025\/07\/presentacion-ambulancia-britos.jpg 1024w, https:\/\/noticiasmercedinas.com\/site\/wp-content\/uploads\/2025\/07\/presentacion-ambulancia-britos-300x200.jpg 300w, https:\/\/noticiasmercedinas.com\/site\/wp-content\/uploads\/2025\/07\/presentacion-ambulancia-britos-768x512.jpg 768w, https:\/\/noticiasmercedinas.com\/site\/wp-content\/uploads\/2025\/07\/presentacion-ambulancia-britos-640x427.jpg 640w, https:\/\/noticiasmercedinas.com\/site\/wp-content\/uploads\/2025\/07\/presentacion-ambulancia-britos-681x454.jpg 681w\" sizes=\"auto, (max-width: 1024px) 100vw, 1024px\" \/><\/p>\n<p>Con una inversi\u00f3n de 88,5 millones de pesos, el Municipio de Chivilcoy incorpor\u00f3 una ambulancia cero kil\u00f3metro destinada a traslados interurbanos. La unidad fue presentada por el intendente Guillermo Britos, quien adem\u00e1s anunci\u00f3 avances significativos en la obra para instalar, antes de fin de a\u00f1o, el primer resonador magn\u00e9tico en el Hospital Municipal.<\/p>\n<p>Durante el acto de presentaci\u00f3n, Britos destac\u00f3 que la adquisici\u00f3n fue posible gracias al aporte de los vecinos y se\u00f1al\u00f3 que muchos de los traslados del hospital responden a emergencias del sistema provincial. En este marco, una de las ambulancias actuales ser\u00e1 asignada al servicio de emergencias 107 como parte de la reorganizaci\u00f3n del sistema.<\/p>\n<p>El secretario de Salud, Jos\u00e9 Luis Neme, sostuvo que la nueva unidad \u00abrepresenta seguridad y calidad en cada derivaci\u00f3n\u00bb, y adelant\u00f3 que el SAME local tambi\u00e9n recibir\u00e1 pr\u00f3ximamente una ambulancia con pocos kil\u00f3metros para reforzar la atenci\u00f3n sanitaria en la ciudad.<\/p>\n<p>En cuanto a la modernizaci\u00f3n del hospital, Britos confirm\u00f3 que ya se encuentra en marcha la obra civil para instalar un resonador magn\u00e9tico, lo cual permitir\u00e1 brindar estudios de alta complejidad a personas sin cobertura m\u00e9dica. \u00abSer\u00e1 una gran alegr\u00eda para quienes hoy no pueden acceder por los altos costos\u00bb, afirm\u00f3.<\/p>\n<p>Por su parte, el secretario de Hacienda, Eduardo De Lillo, detall\u00f3 que el equipamiento ser\u00e1 financiado a trav\u00e9s de un leasing aprobado por el Concejo Deliberante, destacando su impacto en la salud p\u00fablica: \u201cEn medio de la crisis del sistema privado, el hospital municipal es hoy el principal defensor de la salud\u201d, expres\u00f3.<\/p>\n<p>Durante la sesi\u00f3n del Concejo, el financiamiento fue aprobado por 12 concejales, mientras que tres ediles de La C\u00e1mpora se abstuvieron y el concejal Mart\u00edn Echeverr\u00eda vot\u00f3 en contra. Ante las cr\u00edticas del edil opositor, Britos respondi\u00f3 con firmeza, rechazando las acusaciones sobre responsabilidad en siniestros viales y reafirmando su compromiso con el sistema de salud municipal.<\/p>\n","protected":false},"excerpt":{"rendered":"<p>Con una inversi\u00f3n de 88,5 millones de pesos, el Municipio de Chivilcoy incorpor\u00f3 una ambulancia cero kil\u00f3metro destinada a traslados interurbanos. La unidad fue presentada por el intendente Guillermo Britos, quien adem\u00e1s anunci\u00f3 avances significativos en la obra para instalar, antes de fin de a\u00f1o, el primer resonador magn\u00e9tico en el Hospital Municipal. Durante el [&hellip;]<\/p>\n","protected":false},"author":16,"featured_media":165290,"comment_status":"closed","ping_status":"closed","sticky":false,"template":"","format":"standard","meta":{"footnotes":""},"categories":[139],"tags":[6806,203,837],"class_list":["post-165289","post","type-post","status-publish","format-standard","has-post-thumbnail","hentry","category-regionales","tag-ambulancia","tag-chivilcoy","tag-guillermo-britos"],"yoast_head":"<!-- This site is optimized with the Yoast SEO plugin v27.4 - https:\/\/yoast.com\/product\/yoast-seo-wordpress\/ -->\n<title>Chivilcoy incorpor\u00f3 una nueva ambulancia y avanza en la instalaci\u00f3n del primer resonador magn\u00e9tico municipal<\/title>\n<meta name=\"robots\" content=\"index, follow, max-snippet:-1, max-image-preview:large, max-video-preview:-1\" \/>\n<link rel=\"canonical\" href=\"https:\/\/noticiasmercedinas.com\/site\/2025\/07\/27\/chivilcoy-incorporo-una-nueva-ambulancia-y-avanza-en-la-instalacion-del-primer-resonador-magnetico-municipal\/\" \/>\n<meta property=\"og:locale\" content=\"es_ES\" \/>\n<meta property=\"og:type\" content=\"article\" \/>\n<meta property=\"og:title\" content=\"Chivilcoy incorpor\u00f3 una nueva ambulancia y avanza en la instalaci\u00f3n del primer resonador magn\u00e9tico municipal\" \/>\n<meta property=\"og:description\" content=\"Con una inversi\u00f3n de 88,5 millones de pesos, el Municipio de Chivilcoy incorpor\u00f3 una ambulancia cero kil\u00f3metro destinada a traslados interurbanos. La unidad fue presentada por el intendente Guillermo Britos, quien adem\u00e1s anunci\u00f3 avances significativos en la obra para instalar, antes de fin de a\u00f1o, el primer resonador magn\u00e9tico en el Hospital Municipal. Durante el [&hellip;]\" \/>\n<meta property=\"og:url\" content=\"https:\/\/noticiasmercedinas.com\/site\/2025\/07\/27\/chivilcoy-incorporo-una-nueva-ambulancia-y-avanza-en-la-instalacion-del-primer-resonador-magnetico-municipal\/\" \/>\n<meta property=\"og:site_name\" content=\"NOTICIASMERCEDINAS.COM\" \/>\n<meta property=\"article:publisher\" content=\"https:\/\/www.facebook.com\/noticiasmercedinas\/\" \/>\n<meta property=\"article:published_time\" content=\"2025-07-27T22:12:26+00:00\" \/>\n<meta property=\"og:image\" content=\"https:\/\/noticiasmercedinas.com\/site\/wp-content\/uploads\/2025\/07\/presentacion-ambulancia-britos.jpg\" \/>\n\t<meta property=\"og:image:width\" content=\"1024\" \/>\n\t<meta property=\"og:image:height\" content=\"683\" \/>\n\t<meta property=\"og:image:type\" content=\"image\/jpeg\" \/>\n<meta name=\"author\" content=\"NOTICIASMERCEDINAS.COM\" \/>\n<meta name=\"twitter:card\" content=\"summary_large_image\" \/>\n<meta name=\"twitter:creator\" content=\"@notmercedinas\" \/>\n<meta name=\"twitter:site\" content=\"@notmercedinas\" \/>\n<meta name=\"twitter:label1\" content=\"Escrito por\" \/>\n\t<meta name=\"twitter:data1\" content=\"NOTICIASMERCEDINAS.COM\" \/>\n\t<meta name=\"twitter:label2\" content=\"Tiempo de lectura\" \/>\n\t<meta name=\"twitter:data2\" content=\"2 minutos\" \/>\n<script type=\"application\/ld+json\" class=\"yoast-schema-graph\">{\"@context\":\"https:\\\/\\\/schema.org\",\"@graph\":[{\"@type\":\"Article\",\"@id\":\"https:\\\/\\\/noticiasmercedinas.com\\\/site\\\/2025\\\/07\\\/27\\\/chivilcoy-incorporo-una-nueva-ambulancia-y-avanza-en-la-instalacion-del-primer-resonador-magnetico-municipal\\\/#article\",\"isPartOf\":{\"@id\":\"https:\\\/\\\/noticiasmercedinas.com\\\/site\\\/2025\\\/07\\\/27\\\/chivilcoy-incorporo-una-nueva-ambulancia-y-avanza-en-la-instalacion-del-primer-resonador-magnetico-municipal\\\/\"},\"author\":{\"name\":\"NOTICIASMERCEDINAS.COM\",\"@id\":\"https:\\\/\\\/noticiasmercedinas.com\\\/site\\\/#\\\/schema\\\/person\\\/84b59c099c28ff2e8b77d4ceec5d8063\"},\"headline\":\"Chivilcoy incorpor\u00f3 una nueva ambulancia y avanza en la instalaci\u00f3n del primer resonador magn\u00e9tico municipal\",\"datePublished\":\"2025-07-27T22:12:26+00:00\",\"mainEntityOfPage\":{\"@id\":\"https:\\\/\\\/noticiasmercedinas.com\\\/site\\\/2025\\\/07\\\/27\\\/chivilcoy-incorporo-una-nueva-ambulancia-y-avanza-en-la-instalacion-del-primer-resonador-magnetico-municipal\\\/\"},\"wordCount\":349,\"publisher\":{\"@id\":\"https:\\\/\\\/noticiasmercedinas.com\\\/site\\\/#organization\"},\"image\":{\"@id\":\"https:\\\/\\\/noticiasmercedinas.com\\\/site\\\/2025\\\/07\\\/27\\\/chivilcoy-incorporo-una-nueva-ambulancia-y-avanza-en-la-instalacion-del-primer-resonador-magnetico-municipal\\\/#primaryimage\"},\"thumbnailUrl\":\"https:\\\/\\\/noticiasmercedinas.com\\\/site\\\/wp-content\\\/uploads\\\/2025\\\/07\\\/presentacion-ambulancia-britos.jpg\",\"keywords\":[\"ambulancia\",\"chivilcoy\",\"Guillermo Britos\"],\"articleSection\":[\"Regionales\"],\"inLanguage\":\"es\"},{\"@type\":\"WebPage\",\"@id\":\"https:\\\/\\\/noticiasmercedinas.com\\\/site\\\/2025\\\/07\\\/27\\\/chivilcoy-incorporo-una-nueva-ambulancia-y-avanza-en-la-instalacion-del-primer-resonador-magnetico-municipal\\\/\",\"url\":\"https:\\\/\\\/noticiasmercedinas.com\\\/site\\\/2025\\\/07\\\/27\\\/chivilcoy-incorporo-una-nueva-ambulancia-y-avanza-en-la-instalacion-del-primer-resonador-magnetico-municipal\\\/\",\"name\":\"Chivilcoy incorpor\u00f3 una nueva ambulancia y avanza en la instalaci\u00f3n del primer resonador magn\u00e9tico municipal\",\"isPartOf\":{\"@id\":\"https:\\\/\\\/noticiasmercedinas.com\\\/site\\\/#website\"},\"primaryImageOfPage\":{\"@id\":\"https:\\\/\\\/noticiasmercedinas.com\\\/site\\\/2025\\\/07\\\/27\\\/chivilcoy-incorporo-una-nueva-ambulancia-y-avanza-en-la-instalacion-del-primer-resonador-magnetico-municipal\\\/#primaryimage\"},\"image\":{\"@id\":\"https:\\\/\\\/noticiasmercedinas.com\\\/site\\\/2025\\\/07\\\/27\\\/chivilcoy-incorporo-una-nueva-ambulancia-y-avanza-en-la-instalacion-del-primer-resonador-magnetico-municipal\\\/#primaryimage\"},\"thumbnailUrl\":\"https:\\\/\\\/noticiasmercedinas.com\\\/site\\\/wp-content\\\/uploads\\\/2025\\\/07\\\/presentacion-ambulancia-britos.jpg\",\"datePublished\":\"2025-07-27T22:12:26+00:00\",\"breadcrumb\":{\"@id\":\"https:\\\/\\\/noticiasmercedinas.com\\\/site\\\/2025\\\/07\\\/27\\\/chivilcoy-incorporo-una-nueva-ambulancia-y-avanza-en-la-instalacion-del-primer-resonador-magnetico-municipal\\\/#breadcrumb\"},\"inLanguage\":\"es\",\"potentialAction\":[{\"@type\":\"ReadAction\",\"target\":[\"https:\\\/\\\/noticiasmercedinas.com\\\/site\\\/2025\\\/07\\\/27\\\/chivilcoy-incorporo-una-nueva-ambulancia-y-avanza-en-la-instalacion-del-primer-resonador-magnetico-municipal\\\/\"]}]},{\"@type\":\"ImageObject\",\"inLanguage\":\"es\",\"@id\":\"https:\\\/\\\/noticiasmercedinas.com\\\/site\\\/2025\\\/07\\\/27\\\/chivilcoy-incorporo-una-nueva-ambulancia-y-avanza-en-la-instalacion-del-primer-resonador-magnetico-municipal\\\/#primaryimage\",\"url\":\"https:\\\/\\\/noticiasmercedinas.com\\\/site\\\/wp-content\\\/uploads\\\/2025\\\/07\\\/presentacion-ambulancia-britos.jpg\",\"contentUrl\":\"https:\\\/\\\/noticiasmercedinas.com\\\/site\\\/wp-content\\\/uploads\\\/2025\\\/07\\\/presentacion-ambulancia-britos.jpg\",\"width\":1024,\"height\":683},{\"@type\":\"BreadcrumbList\",\"@id\":\"https:\\\/\\\/noticiasmercedinas.com\\\/site\\\/2025\\\/07\\\/27\\\/chivilcoy-incorporo-una-nueva-ambulancia-y-avanza-en-la-instalacion-del-primer-resonador-magnetico-municipal\\\/#breadcrumb\",\"itemListElement\":[{\"@type\":\"ListItem\",\"position\":1,\"name\":\"Portada\",\"item\":\"https:\\\/\\\/noticiasmercedinas.com\\\/site\\\/\"},{\"@type\":\"ListItem\",\"position\":2,\"name\":\"Chivilcoy incorpor\u00f3 una nueva ambulancia y avanza en la instalaci\u00f3n del primer resonador magn\u00e9tico municipal\"}]},{\"@type\":\"WebSite\",\"@id\":\"https:\\\/\\\/noticiasmercedinas.com\\\/site\\\/#website\",\"url\":\"https:\\\/\\\/noticiasmercedinas.com\\\/site\\\/\",\"name\":\"NOTICIASMERCEDINAS.COM\",\"description\":\"Mercedes, Buenos Aires, Argentina\",\"publisher\":{\"@id\":\"https:\\\/\\\/noticiasmercedinas.com\\\/site\\\/#organization\"},\"potentialAction\":[{\"@type\":\"SearchAction\",\"target\":{\"@type\":\"EntryPoint\",\"urlTemplate\":\"https:\\\/\\\/noticiasmercedinas.com\\\/site\\\/?s={search_term_string}\"},\"query-input\":{\"@type\":\"PropertyValueSpecification\",\"valueRequired\":true,\"valueName\":\"search_term_string\"}}],\"inLanguage\":\"es\"},{\"@type\":\"Organization\",\"@id\":\"https:\\\/\\\/noticiasmercedinas.com\\\/site\\\/#organization\",\"name\":\"NOTICIASMERCEDINAS.COM\",\"url\":\"https:\\\/\\\/noticiasmercedinas.com\\\/site\\\/\",\"logo\":{\"@type\":\"ImageObject\",\"inLanguage\":\"es\",\"@id\":\"https:\\\/\\\/noticiasmercedinas.com\\\/site\\\/#\\\/schema\\\/logo\\\/image\\\/\",\"url\":\"https:\\\/\\\/noticiasmercedinas.com\\\/site\\\/wp-content\\\/uploads\\\/2020\\\/06\\\/LOGO-512.jpg\",\"contentUrl\":\"https:\\\/\\\/noticiasmercedinas.com\\\/site\\\/wp-content\\\/uploads\\\/2020\\\/06\\\/LOGO-512.jpg\",\"width\":512,\"height\":512,\"caption\":\"NOTICIASMERCEDINAS.COM\"},\"image\":{\"@id\":\"https:\\\/\\\/noticiasmercedinas.com\\\/site\\\/#\\\/schema\\\/logo\\\/image\\\/\"},\"sameAs\":[\"https:\\\/\\\/www.facebook.com\\\/noticiasmercedinas\\\/\",\"https:\\\/\\\/x.com\\\/notmercedinas\",\"https:\\\/\\\/www.instagram.com\\\/noticiasmercedinas\\\/\"]},{\"@type\":\"Person\",\"@id\":\"https:\\\/\\\/noticiasmercedinas.com\\\/site\\\/#\\\/schema\\\/person\\\/84b59c099c28ff2e8b77d4ceec5d8063\",\"name\":\"NOTICIASMERCEDINAS.COM\",\"image\":{\"@type\":\"ImageObject\",\"inLanguage\":\"es\",\"@id\":\"https:\\\/\\\/secure.gravatar.com\\\/avatar\\\/4dfbf16b4d17945bfb6341b2d19043457132fcf478a5ee04f42e959fd8f5df0a?s=96&d=mm&r=g\",\"url\":\"https:\\\/\\\/secure.gravatar.com\\\/avatar\\\/4dfbf16b4d17945bfb6341b2d19043457132fcf478a5ee04f42e959fd8f5df0a?s=96&d=mm&r=g\",\"contentUrl\":\"https:\\\/\\\/secure.gravatar.com\\\/avatar\\\/4dfbf16b4d17945bfb6341b2d19043457132fcf478a5ee04f42e959fd8f5df0a?s=96&d=mm&r=g\",\"caption\":\"NOTICIASMERCEDINAS.COM\"},\"url\":\"https:\\\/\\\/noticiasmercedinas.com\\\/site\\\/author\\\/anonimo\\\/\"}]}<\/script>\n<!-- \/ Yoast SEO plugin. -->","yoast_head_json":{"title":"Chivilcoy incorpor\u00f3 una nueva ambulancia y avanza en la instalaci\u00f3n del primer resonador magn\u00e9tico municipal","robots":{"index":"index","follow":"follow","max-snippet":"max-snippet:-1","max-image-preview":"max-image-preview:large","max-video-preview":"max-video-preview:-1"},"canonical":"https:\/\/noticiasmercedinas.com\/site\/2025\/07\/27\/chivilcoy-incorporo-una-nueva-ambulancia-y-avanza-en-la-instalacion-del-primer-resonador-magnetico-municipal\/","og_locale":"es_ES","og_type":"article","og_title":"Chivilcoy incorpor\u00f3 una nueva ambulancia y avanza en la instalaci\u00f3n del primer resonador magn\u00e9tico municipal","og_description":"Con una inversi\u00f3n de 88,5 millones de pesos, el Municipio de Chivilcoy incorpor\u00f3 una ambulancia cero kil\u00f3metro destinada a traslados interurbanos. La unidad fue presentada por el intendente Guillermo Britos, quien adem\u00e1s anunci\u00f3 avances significativos en la obra para instalar, antes de fin de a\u00f1o, el primer resonador magn\u00e9tico en el Hospital Municipal. Durante el [&hellip;]","og_url":"https:\/\/noticiasmercedinas.com\/site\/2025\/07\/27\/chivilcoy-incorporo-una-nueva-ambulancia-y-avanza-en-la-instalacion-del-primer-resonador-magnetico-municipal\/","og_site_name":"NOTICIASMERCEDINAS.COM","article_publisher":"https:\/\/www.facebook.com\/noticiasmercedinas\/","article_published_time":"2025-07-27T22:12:26+00:00","og_image":[{"width":1024,"height":683,"url":"https:\/\/noticiasmercedinas.com\/site\/wp-content\/uploads\/2025\/07\/presentacion-ambulancia-britos.jpg","type":"image\/jpeg"}],"author":"NOTICIASMERCEDINAS.COM","twitter_card":"summary_large_image","twitter_creator":"@notmercedinas","twitter_site":"@notmercedinas","twitter_misc":{"Escrito por":"NOTICIASMERCEDINAS.COM","Tiempo de lectura":"2 minutos"},"schema":{"@context":"https:\/\/schema.org","@graph":[{"@type":"Article","@id":"https:\/\/noticiasmercedinas.com\/site\/2025\/07\/27\/chivilcoy-incorporo-una-nueva-ambulancia-y-avanza-en-la-instalacion-del-primer-resonador-magnetico-municipal\/#article","isPartOf":{"@id":"https:\/\/noticiasmercedinas.com\/site\/2025\/07\/27\/chivilcoy-incorporo-una-nueva-ambulancia-y-avanza-en-la-instalacion-del-primer-resonador-magnetico-municipal\/"},"author":{"name":"NOTICIASMERCEDINAS.COM","@id":"https:\/\/noticiasmercedinas.com\/site\/#\/schema\/person\/84b59c099c28ff2e8b77d4ceec5d8063"},"headline":"Chivilcoy incorpor\u00f3 una nueva ambulancia y avanza en la instalaci\u00f3n del primer resonador magn\u00e9tico municipal","datePublished":"2025-07-27T22:12:26+00:00","mainEntityOfPage":{"@id":"https:\/\/noticiasmercedinas.com\/site\/2025\/07\/27\/chivilcoy-incorporo-una-nueva-ambulancia-y-avanza-en-la-instalacion-del-primer-resonador-magnetico-municipal\/"},"wordCount":349,"publisher":{"@id":"https:\/\/noticiasmercedinas.com\/site\/#organization"},"image":{"@id":"https:\/\/noticiasmercedinas.com\/site\/2025\/07\/27\/chivilcoy-incorporo-una-nueva-ambulancia-y-avanza-en-la-instalacion-del-primer-resonador-magnetico-municipal\/#primaryimage"},"thumbnailUrl":"https:\/\/noticiasmercedinas.com\/site\/wp-content\/uploads\/2025\/07\/presentacion-ambulancia-britos.jpg","keywords":["ambulancia","chivilcoy","Guillermo Britos"],"articleSection":["Regionales"],"inLanguage":"es"},{"@type":"WebPage","@id":"https:\/\/noticiasmercedinas.com\/site\/2025\/07\/27\/chivilcoy-incorporo-una-nueva-ambulancia-y-avanza-en-la-instalacion-del-primer-resonador-magnetico-municipal\/","url":"https:\/\/noticiasmercedinas.com\/site\/2025\/07\/27\/chivilcoy-incorporo-una-nueva-ambulancia-y-avanza-en-la-instalacion-del-primer-resonador-magnetico-municipal\/","name":"Chivilcoy incorpor\u00f3 una nueva ambulancia y avanza en la instalaci\u00f3n del primer resonador magn\u00e9tico municipal","isPartOf":{"@id":"https:\/\/noticiasmercedinas.com\/site\/#website"},"primaryImageOfPage":{"@id":"https:\/\/noticiasmercedinas.com\/site\/2025\/07\/27\/chivilcoy-incorporo-una-nueva-ambulancia-y-avanza-en-la-instalacion-del-primer-resonador-magnetico-municipal\/#primaryimage"},"image":{"@id":"https:\/\/noticiasmercedinas.com\/site\/2025\/07\/27\/chivilcoy-incorporo-una-nueva-ambulancia-y-avanza-en-la-instalacion-del-primer-resonador-magnetico-municipal\/#primaryimage"},"thumbnailUrl":"https:\/\/noticiasmercedinas.com\/site\/wp-content\/uploads\/2025\/07\/presentacion-ambulancia-britos.jpg","datePublished":"2025-07-27T22:12:26+00:00","breadcrumb":{"@id":"https:\/\/noticiasmercedinas.com\/site\/2025\/07\/27\/chivilcoy-incorporo-una-nueva-ambulancia-y-avanza-en-la-instalacion-del-primer-resonador-magnetico-municipal\/#breadcrumb"},"inLanguage":"es","potentialAction":[{"@type":"ReadAction","target":["https:\/\/noticiasmercedinas.com\/site\/2025\/07\/27\/chivilcoy-incorporo-una-nueva-ambulancia-y-avanza-en-la-instalacion-del-primer-resonador-magnetico-municipal\/"]}]},{"@type":"ImageObject","inLanguage":"es","@id":"https:\/\/noticiasmercedinas.com\/site\/2025\/07\/27\/chivilcoy-incorporo-una-nueva-ambulancia-y-avanza-en-la-instalacion-del-primer-resonador-magnetico-municipal\/#primaryimage","url":"https:\/\/noticiasmercedinas.com\/site\/wp-content\/uploads\/2025\/07\/presentacion-ambulancia-britos.jpg","contentUrl":"https:\/\/noticiasmercedinas.com\/site\/wp-content\/uploads\/2025\/07\/presentacion-ambulancia-britos.jpg","width":1024,"height":683},{"@type":"BreadcrumbList","@id":"https:\/\/noticiasmercedinas.com\/site\/2025\/07\/27\/chivilcoy-incorporo-una-nueva-ambulancia-y-avanza-en-la-instalacion-del-primer-resonador-magnetico-municipal\/#breadcrumb","itemListElement":[{"@type":"ListItem","position":1,"name":"Portada","item":"https:\/\/noticiasmercedinas.com\/site\/"},{"@type":"ListItem","position":2,"name":"Chivilcoy incorpor\u00f3 una nueva ambulancia y avanza en la instalaci\u00f3n del primer resonador magn\u00e9tico municipal"}]},{"@type":"WebSite","@id":"https:\/\/noticiasmercedinas.com\/site\/#website","url":"https:\/\/noticiasmercedinas.com\/site\/","name":"NOTICIASMERCEDINAS.COM","description":"Mercedes, Buenos Aires, Argentina","publisher":{"@id":"https:\/\/noticiasmercedinas.com\/site\/#organization"},"potentialAction":[{"@type":"SearchAction","target":{"@type":"EntryPoint","urlTemplate":"https:\/\/noticiasmercedinas.com\/site\/?s={search_term_string}"},"query-input":{"@type":"PropertyValueSpecification","valueRequired":true,"valueName":"search_term_string"}}],"inLanguage":"es"},{"@type":"Organization","@id":"https:\/\/noticiasmercedinas.com\/site\/#organization","name":"NOTICIASMERCEDINAS.COM","url":"https:\/\/noticiasmercedinas.com\/site\/","logo":{"@type":"ImageObject","inLanguage":"es","@id":"https:\/\/noticiasmercedinas.com\/site\/#\/schema\/logo\/image\/","url":"https:\/\/noticiasmercedinas.com\/site\/wp-content\/uploads\/2020\/06\/LOGO-512.jpg","contentUrl":"https:\/\/noticiasmercedinas.com\/site\/wp-content\/uploads\/2020\/06\/LOGO-512.jpg","width":512,"height":512,"caption":"NOTICIASMERCEDINAS.COM"},"image":{"@id":"https:\/\/noticiasmercedinas.com\/site\/#\/schema\/logo\/image\/"},"sameAs":["https:\/\/www.facebook.com\/noticiasmercedinas\/","https:\/\/x.com\/notmercedinas","https:\/\/www.instagram.com\/noticiasmercedinas\/"]},{"@type":"Person","@id":"https:\/\/noticiasmercedinas.com\/site\/#\/schema\/person\/84b59c099c28ff2e8b77d4ceec5d8063","name":"NOTICIASMERCEDINAS.COM","image":{"@type":"ImageObject","inLanguage":"es","@id":"https:\/\/secure.gravatar.com\/avatar\/4dfbf16b4d17945bfb6341b2d19043457132fcf478a5ee04f42e959fd8f5df0a?s=96&d=mm&r=g","url":"https:\/\/secure.gravatar.com\/avatar\/4dfbf16b4d17945bfb6341b2d19043457132fcf478a5ee04f42e959fd8f5df0a?s=96&d=mm&r=g","contentUrl":"https:\/\/secure.gravatar.com\/avatar\/4dfbf16b4d17945bfb6341b2d19043457132fcf478a5ee04f42e959fd8f5df0a?s=96&d=mm&r=g","caption":"NOTICIASMERCEDINAS.COM"},"url":"https:\/\/noticiasmercedinas.com\/site\/author\/anonimo\/"}]}},"amp_enabled":true,"_links":{"self":[{"href":"https:\/\/noticiasmercedinas.com\/site\/wp-json\/wp\/v2\/posts\/165289","targetHints":{"allow":["GET"]}}],"collection":[{"href":"https:\/\/noticiasmercedinas.com\/site\/wp-json\/wp\/v2\/posts"}],"about":[{"href":"https:\/\/noticiasmercedinas.com\/site\/wp-json\/wp\/v2\/types\/post"}],"author":[{"embeddable":true,"href":"https:\/\/noticiasmercedinas.com\/site\/wp-json\/wp\/v2\/users\/16"}],"replies":[{"embeddable":true,"href":"https:\/\/noticiasmercedinas.com\/site\/wp-json\/wp\/v2\/comments?post=165289"}],"version-history":[{"count":1,"href":"https:\/\/noticiasmercedinas.com\/site\/wp-json\/wp\/v2\/posts\/165289\/revisions"}],"predecessor-version":[{"id":165291,"href":"https:\/\/noticiasmercedinas.com\/site\/wp-json\/wp\/v2\/posts\/165289\/revisions\/165291"}],"wp:featuredmedia":[{"embeddable":true,"href":"https:\/\/noticiasmercedinas.com\/site\/wp-json\/wp\/v2\/media\/165290"}],"wp:attachment":[{"href":"https:\/\/noticiasmercedinas.com\/site\/wp-json\/wp\/v2\/media?parent=165289"}],"wp:term":[{"taxonomy":"category","embeddable":true,"href":"https:\/\/noticiasmercedinas.com\/site\/wp-json\/wp\/v2\/categories?post=165289"},{"taxonomy":"post_tag","embeddable":true,"href":"https:\/\/noticiasmercedinas.com\/site\/wp-json\/wp\/v2\/tags?post=165289"}],"curies":[{"name":"wp","href":"https:\/\/api.w.org\/{rel}","templated":true}]}}