{"id":165579,"date":"2025-07-31T15:25:19","date_gmt":"2025-07-31T18:25:19","guid":{"rendered":"https:\/\/noticiasmercedinas.com\/site\/?p=165579"},"modified":"2025-07-31T15:25:19","modified_gmt":"2025-07-31T18:25:19","slug":"artistas-mercedinas-llevaron-canciones-y-cuentos-de-maria-elena-walsh-a-san-antonio-de-areco","status":"publish","type":"post","link":"https:\/\/noticiasmercedinas.com\/site\/2025\/07\/31\/artistas-mercedinas-llevaron-canciones-y-cuentos-de-maria-elena-walsh-a-san-antonio-de-areco\/","title":{"rendered":"Artistas mercedinas llevaron canciones y cuentos de Mar\u00eda Elena Walsh a San Antonio de Areco"},"content":{"rendered":"<p data-start=\"0\" data-end=\"96\"><img loading=\"lazy\" decoding=\"async\" class=\"alignnone size-full wp-image-165580\" src=\"https:\/\/noticiasmercedinas.com\/site\/wp-content\/uploads\/2025\/07\/imagen_2025-07-31_152316401.png\" alt=\"\" width=\"774\" height=\"583\" srcset=\"https:\/\/noticiasmercedinas.com\/site\/wp-content\/uploads\/2025\/07\/imagen_2025-07-31_152316401.png 774w, https:\/\/noticiasmercedinas.com\/site\/wp-content\/uploads\/2025\/07\/imagen_2025-07-31_152316401-300x226.png 300w, https:\/\/noticiasmercedinas.com\/site\/wp-content\/uploads\/2025\/07\/imagen_2025-07-31_152316401-768x578.png 768w, https:\/\/noticiasmercedinas.com\/site\/wp-content\/uploads\/2025\/07\/imagen_2025-07-31_152316401-80x60.png 80w, https:\/\/noticiasmercedinas.com\/site\/wp-content\/uploads\/2025\/07\/imagen_2025-07-31_152316401-160x120.png 160w, https:\/\/noticiasmercedinas.com\/site\/wp-content\/uploads\/2025\/07\/imagen_2025-07-31_152316401-100x75.png 100w, https:\/\/noticiasmercedinas.com\/site\/wp-content\/uploads\/2025\/07\/imagen_2025-07-31_152316401-200x150.png 200w, https:\/\/noticiasmercedinas.com\/site\/wp-content\/uploads\/2025\/07\/imagen_2025-07-31_152316401-180x135.png 180w, https:\/\/noticiasmercedinas.com\/site\/wp-content\/uploads\/2025\/07\/imagen_2025-07-31_152316401-360x270.png 360w, https:\/\/noticiasmercedinas.com\/site\/wp-content\/uploads\/2025\/07\/imagen_2025-07-31_152316401-238x178.png 238w, https:\/\/noticiasmercedinas.com\/site\/wp-content\/uploads\/2025\/07\/imagen_2025-07-31_152316401-640x482.png 640w, https:\/\/noticiasmercedinas.com\/site\/wp-content\/uploads\/2025\/07\/imagen_2025-07-31_152316401-681x513.png 681w\" sizes=\"auto, (max-width: 774px) 100vw, 774px\" \/><\/p>\n<p data-start=\"98\" data-end=\"535\">Las artistas de Mercedes, <strong data-start=\"124\" data-end=\"169\">Marilina Erramuspe y Alejandra Marroqu\u00edn<\/strong>, formaron parte del <strong data-start=\"190\" data-end=\"243\">Festival de Vacaciones de Invierno \u00abLaberinteros\u00bb<\/strong> que se desarrolla en el espacio cultural <strong data-start=\"285\" data-end=\"305\">Laberinto Pampas<\/strong> de San Antonio de Areco. El pasado domingo presentaron su espect\u00e1culo de <strong data-start=\"379\" data-end=\"423\">canciones y cuentos de Mar\u00eda Elena Walsh<\/strong>, una propuesta que combin\u00f3 m\u00fasica en vivo y narraci\u00f3n, pensada especialmente para las infancias y las familias.<\/p>\n<p data-start=\"537\" data-end=\"875\">El evento, enmarcado dentro de la programaci\u00f3n de invierno del festival, tuvo una importante convocatoria y ofreci\u00f3 un entorno cuidado y l\u00fadico, con talleres, juegos y espect\u00e1culos programados para d\u00edas determinados. Erramuspe y Marroqu\u00edn agradecieron p\u00fablicamente la invitaci\u00f3n y destacaron la calidez de la organizaci\u00f3n y del p\u00fablico.<\/p>\n<p data-start=\"877\" data-end=\"1205\">\u201cFue un espacio precioso, con propuestas para toda la familia\u201d, expresaron en sus redes sociales. Tambi\u00e9n agradecieron a la gestora cultural <strong data-start=\"1018\" data-end=\"1036\">May Borovinsky<\/strong>, responsable de la curadur\u00eda y anfitriona del evento, por las atenciones recibidas y por la <strong data-start=\"1129\" data-end=\"1159\">visita guiada al laberinto<\/strong>, uno de los principales atractivos del lugar.<\/p>\n<p data-start=\"1207\" data-end=\"1547\">La propuesta art\u00edstica de las mercedinas volvi\u00f3 a poner en valor el legado literario y musical de Mar\u00eda Elena Walsh, generando una experiencia compartida que mezcl\u00f3 la memoria cultural con el juego y la imaginaci\u00f3n.<\/p>\n<p data-start=\"1207\" data-end=\"1547\">El ciclo \u201cLaberinteros\u201d contin\u00faa con una variada grilla de actividades para chicos y chicas durante todo el receso invernal.<\/p>\n","protected":false},"excerpt":{"rendered":"<p>\u25a0 Marilina Erramuspe y Alejandra Marroqu\u00edn, formaron parte del Festival de Vacaciones de Invierno \u00abLaberinteros\u00bb que se desarrolla en el espacio cultural Laberinto Pampas de San Antonio de Areco.<\/p>\n","protected":false},"author":16,"featured_media":165580,"comment_status":"closed","ping_status":"closed","sticky":false,"template":"","format":"standard","meta":{"footnotes":""},"categories":[4],"tags":[16912,20605,3988,460],"class_list":["post-165579","post","type-post","status-publish","format-standard","has-post-thumbnail","hentry","category-cultura","tag-alejandra-marroquin","tag-laberinteros","tag-marilina-erramuspe","tag-san-antonio-de-areco"],"yoast_head":"<!-- This site is optimized with the Yoast SEO plugin v27.4 - https:\/\/yoast.com\/product\/yoast-seo-wordpress\/ -->\n<title>Artistas mercedinas llevaron canciones y cuentos de Mar\u00eda Elena Walsh a San Antonio de Areco<\/title>\n<meta name=\"description\" content=\"Marilina Erramuspe y Alejandra Marroqu\u00edn, formaron parte del Festival de Vacaciones de Invierno &quot;Laberinteros&quot; que se desarrolla en el espacio cultural Laberinto Pampas de San Antonio de Areco.\" \/>\n<meta name=\"robots\" content=\"index, follow, max-snippet:-1, max-image-preview:large, max-video-preview:-1\" \/>\n<link rel=\"canonical\" href=\"https:\/\/noticiasmercedinas.com\/site\/2025\/07\/31\/artistas-mercedinas-llevaron-canciones-y-cuentos-de-maria-elena-walsh-a-san-antonio-de-areco\/\" \/>\n<meta property=\"og:locale\" content=\"es_ES\" \/>\n<meta property=\"og:type\" content=\"article\" \/>\n<meta property=\"og:title\" content=\"Artistas mercedinas llevaron canciones y cuentos de Mar\u00eda Elena Walsh a San Antonio de Areco\" \/>\n<meta property=\"og:description\" content=\"Marilina Erramuspe y Alejandra Marroqu\u00edn, formaron parte del Festival de Vacaciones de Invierno &quot;Laberinteros&quot; que se desarrolla en el espacio cultural Laberinto Pampas de San Antonio de Areco.\" \/>\n<meta property=\"og:url\" content=\"https:\/\/noticiasmercedinas.com\/site\/2025\/07\/31\/artistas-mercedinas-llevaron-canciones-y-cuentos-de-maria-elena-walsh-a-san-antonio-de-areco\/\" \/>\n<meta property=\"og:site_name\" content=\"NOTICIASMERCEDINAS.COM\" \/>\n<meta property=\"article:publisher\" content=\"https:\/\/www.facebook.com\/noticiasmercedinas\/\" \/>\n<meta property=\"article:published_time\" content=\"2025-07-31T18:25:19+00:00\" \/>\n<meta property=\"og:image\" content=\"https:\/\/noticiasmercedinas.com\/site\/wp-content\/uploads\/2025\/07\/imagen_2025-07-31_152316401.png\" \/>\n\t<meta property=\"og:image:width\" content=\"774\" \/>\n\t<meta property=\"og:image:height\" content=\"583\" \/>\n\t<meta property=\"og:image:type\" content=\"image\/png\" \/>\n<meta name=\"author\" content=\"NOTICIASMERCEDINAS.COM\" \/>\n<meta name=\"twitter:card\" content=\"summary_large_image\" \/>\n<meta name=\"twitter:creator\" content=\"@notmercedinas\" \/>\n<meta name=\"twitter:site\" content=\"@notmercedinas\" \/>\n<meta name=\"twitter:label1\" content=\"Escrito por\" \/>\n\t<meta name=\"twitter:data1\" content=\"NOTICIASMERCEDINAS.COM\" \/>\n\t<meta name=\"twitter:label2\" content=\"Tiempo de lectura\" \/>\n\t<meta name=\"twitter:data2\" content=\"2 minutos\" \/>\n<script type=\"application\/ld+json\" class=\"yoast-schema-graph\">{\"@context\":\"https:\\\/\\\/schema.org\",\"@graph\":[{\"@type\":\"Article\",\"@id\":\"https:\\\/\\\/noticiasmercedinas.com\\\/site\\\/2025\\\/07\\\/31\\\/artistas-mercedinas-llevaron-canciones-y-cuentos-de-maria-elena-walsh-a-san-antonio-de-areco\\\/#article\",\"isPartOf\":{\"@id\":\"https:\\\/\\\/noticiasmercedinas.com\\\/site\\\/2025\\\/07\\\/31\\\/artistas-mercedinas-llevaron-canciones-y-cuentos-de-maria-elena-walsh-a-san-antonio-de-areco\\\/\"},\"author\":{\"name\":\"NOTICIASMERCEDINAS.COM\",\"@id\":\"https:\\\/\\\/noticiasmercedinas.com\\\/site\\\/#\\\/schema\\\/person\\\/84b59c099c28ff2e8b77d4ceec5d8063\"},\"headline\":\"Artistas mercedinas llevaron canciones y cuentos de Mar\u00eda Elena Walsh a San Antonio de Areco\",\"datePublished\":\"2025-07-31T18:25:19+00:00\",\"mainEntityOfPage\":{\"@id\":\"https:\\\/\\\/noticiasmercedinas.com\\\/site\\\/2025\\\/07\\\/31\\\/artistas-mercedinas-llevaron-canciones-y-cuentos-de-maria-elena-walsh-a-san-antonio-de-areco\\\/\"},\"wordCount\":250,\"publisher\":{\"@id\":\"https:\\\/\\\/noticiasmercedinas.com\\\/site\\\/#organization\"},\"image\":{\"@id\":\"https:\\\/\\\/noticiasmercedinas.com\\\/site\\\/2025\\\/07\\\/31\\\/artistas-mercedinas-llevaron-canciones-y-cuentos-de-maria-elena-walsh-a-san-antonio-de-areco\\\/#primaryimage\"},\"thumbnailUrl\":\"https:\\\/\\\/noticiasmercedinas.com\\\/site\\\/wp-content\\\/uploads\\\/2025\\\/07\\\/imagen_2025-07-31_152316401.png\",\"keywords\":[\"Alejandra Marroqu\u00edn\",\"laberinteros\",\"Marilina Erramuspe\",\"san antonio de areco\"],\"articleSection\":[\"Cultura\"],\"inLanguage\":\"es\"},{\"@type\":\"WebPage\",\"@id\":\"https:\\\/\\\/noticiasmercedinas.com\\\/site\\\/2025\\\/07\\\/31\\\/artistas-mercedinas-llevaron-canciones-y-cuentos-de-maria-elena-walsh-a-san-antonio-de-areco\\\/\",\"url\":\"https:\\\/\\\/noticiasmercedinas.com\\\/site\\\/2025\\\/07\\\/31\\\/artistas-mercedinas-llevaron-canciones-y-cuentos-de-maria-elena-walsh-a-san-antonio-de-areco\\\/\",\"name\":\"Artistas mercedinas llevaron canciones y cuentos de Mar\u00eda Elena Walsh a San Antonio de Areco\",\"isPartOf\":{\"@id\":\"https:\\\/\\\/noticiasmercedinas.com\\\/site\\\/#website\"},\"primaryImageOfPage\":{\"@id\":\"https:\\\/\\\/noticiasmercedinas.com\\\/site\\\/2025\\\/07\\\/31\\\/artistas-mercedinas-llevaron-canciones-y-cuentos-de-maria-elena-walsh-a-san-antonio-de-areco\\\/#primaryimage\"},\"image\":{\"@id\":\"https:\\\/\\\/noticiasmercedinas.com\\\/site\\\/2025\\\/07\\\/31\\\/artistas-mercedinas-llevaron-canciones-y-cuentos-de-maria-elena-walsh-a-san-antonio-de-areco\\\/#primaryimage\"},\"thumbnailUrl\":\"https:\\\/\\\/noticiasmercedinas.com\\\/site\\\/wp-content\\\/uploads\\\/2025\\\/07\\\/imagen_2025-07-31_152316401.png\",\"datePublished\":\"2025-07-31T18:25:19+00:00\",\"description\":\"Marilina Erramuspe y Alejandra Marroqu\u00edn, formaron parte del Festival de Vacaciones de Invierno \\\"Laberinteros\\\" que se desarrolla en el espacio cultural Laberinto Pampas de San Antonio de Areco.\",\"breadcrumb\":{\"@id\":\"https:\\\/\\\/noticiasmercedinas.com\\\/site\\\/2025\\\/07\\\/31\\\/artistas-mercedinas-llevaron-canciones-y-cuentos-de-maria-elena-walsh-a-san-antonio-de-areco\\\/#breadcrumb\"},\"inLanguage\":\"es\",\"potentialAction\":[{\"@type\":\"ReadAction\",\"target\":[\"https:\\\/\\\/noticiasmercedinas.com\\\/site\\\/2025\\\/07\\\/31\\\/artistas-mercedinas-llevaron-canciones-y-cuentos-de-maria-elena-walsh-a-san-antonio-de-areco\\\/\"]}]},{\"@type\":\"ImageObject\",\"inLanguage\":\"es\",\"@id\":\"https:\\\/\\\/noticiasmercedinas.com\\\/site\\\/2025\\\/07\\\/31\\\/artistas-mercedinas-llevaron-canciones-y-cuentos-de-maria-elena-walsh-a-san-antonio-de-areco\\\/#primaryimage\",\"url\":\"https:\\\/\\\/noticiasmercedinas.com\\\/site\\\/wp-content\\\/uploads\\\/2025\\\/07\\\/imagen_2025-07-31_152316401.png\",\"contentUrl\":\"https:\\\/\\\/noticiasmercedinas.com\\\/site\\\/wp-content\\\/uploads\\\/2025\\\/07\\\/imagen_2025-07-31_152316401.png\",\"width\":774,\"height\":583},{\"@type\":\"BreadcrumbList\",\"@id\":\"https:\\\/\\\/noticiasmercedinas.com\\\/site\\\/2025\\\/07\\\/31\\\/artistas-mercedinas-llevaron-canciones-y-cuentos-de-maria-elena-walsh-a-san-antonio-de-areco\\\/#breadcrumb\",\"itemListElement\":[{\"@type\":\"ListItem\",\"position\":1,\"name\":\"Portada\",\"item\":\"https:\\\/\\\/noticiasmercedinas.com\\\/site\\\/\"},{\"@type\":\"ListItem\",\"position\":2,\"name\":\"Artistas mercedinas llevaron canciones y cuentos de Mar\u00eda Elena Walsh a San Antonio de Areco\"}]},{\"@type\":\"WebSite\",\"@id\":\"https:\\\/\\\/noticiasmercedinas.com\\\/site\\\/#website\",\"url\":\"https:\\\/\\\/noticiasmercedinas.com\\\/site\\\/\",\"name\":\"NOTICIASMERCEDINAS.COM\",\"description\":\"Mercedes, Buenos Aires, Argentina\",\"publisher\":{\"@id\":\"https:\\\/\\\/noticiasmercedinas.com\\\/site\\\/#organization\"},\"potentialAction\":[{\"@type\":\"SearchAction\",\"target\":{\"@type\":\"EntryPoint\",\"urlTemplate\":\"https:\\\/\\\/noticiasmercedinas.com\\\/site\\\/?s={search_term_string}\"},\"query-input\":{\"@type\":\"PropertyValueSpecification\",\"valueRequired\":true,\"valueName\":\"search_term_string\"}}],\"inLanguage\":\"es\"},{\"@type\":\"Organization\",\"@id\":\"https:\\\/\\\/noticiasmercedinas.com\\\/site\\\/#organization\",\"name\":\"NOTICIASMERCEDINAS.COM\",\"url\":\"https:\\\/\\\/noticiasmercedinas.com\\\/site\\\/\",\"logo\":{\"@type\":\"ImageObject\",\"inLanguage\":\"es\",\"@id\":\"https:\\\/\\\/noticiasmercedinas.com\\\/site\\\/#\\\/schema\\\/logo\\\/image\\\/\",\"url\":\"https:\\\/\\\/noticiasmercedinas.com\\\/site\\\/wp-content\\\/uploads\\\/2020\\\/06\\\/LOGO-512.jpg\",\"contentUrl\":\"https:\\\/\\\/noticiasmercedinas.com\\\/site\\\/wp-content\\\/uploads\\\/2020\\\/06\\\/LOGO-512.jpg\",\"width\":512,\"height\":512,\"caption\":\"NOTICIASMERCEDINAS.COM\"},\"image\":{\"@id\":\"https:\\\/\\\/noticiasmercedinas.com\\\/site\\\/#\\\/schema\\\/logo\\\/image\\\/\"},\"sameAs\":[\"https:\\\/\\\/www.facebook.com\\\/noticiasmercedinas\\\/\",\"https:\\\/\\\/x.com\\\/notmercedinas\",\"https:\\\/\\\/www.instagram.com\\\/noticiasmercedinas\\\/\"]},{\"@type\":\"Person\",\"@id\":\"https:\\\/\\\/noticiasmercedinas.com\\\/site\\\/#\\\/schema\\\/person\\\/84b59c099c28ff2e8b77d4ceec5d8063\",\"name\":\"NOTICIASMERCEDINAS.COM\",\"image\":{\"@type\":\"ImageObject\",\"inLanguage\":\"es\",\"@id\":\"https:\\\/\\\/secure.gravatar.com\\\/avatar\\\/4dfbf16b4d17945bfb6341b2d19043457132fcf478a5ee04f42e959fd8f5df0a?s=96&d=mm&r=g\",\"url\":\"https:\\\/\\\/secure.gravatar.com\\\/avatar\\\/4dfbf16b4d17945bfb6341b2d19043457132fcf478a5ee04f42e959fd8f5df0a?s=96&d=mm&r=g\",\"contentUrl\":\"https:\\\/\\\/secure.gravatar.com\\\/avatar\\\/4dfbf16b4d17945bfb6341b2d19043457132fcf478a5ee04f42e959fd8f5df0a?s=96&d=mm&r=g\",\"caption\":\"NOTICIASMERCEDINAS.COM\"},\"url\":\"https:\\\/\\\/noticiasmercedinas.com\\\/site\\\/author\\\/anonimo\\\/\"}]}<\/script>\n<!-- \/ Yoast SEO plugin. -->","yoast_head_json":{"title":"Artistas mercedinas llevaron canciones y cuentos de Mar\u00eda Elena Walsh a San Antonio de Areco","description":"Marilina Erramuspe y Alejandra Marroqu\u00edn, formaron parte del Festival de Vacaciones de Invierno \"Laberinteros\" que se desarrolla en el espacio cultural Laberinto Pampas de San Antonio de Areco.","robots":{"index":"index","follow":"follow","max-snippet":"max-snippet:-1","max-image-preview":"max-image-preview:large","max-video-preview":"max-video-preview:-1"},"canonical":"https:\/\/noticiasmercedinas.com\/site\/2025\/07\/31\/artistas-mercedinas-llevaron-canciones-y-cuentos-de-maria-elena-walsh-a-san-antonio-de-areco\/","og_locale":"es_ES","og_type":"article","og_title":"Artistas mercedinas llevaron canciones y cuentos de Mar\u00eda Elena Walsh a San Antonio de Areco","og_description":"Marilina Erramuspe y Alejandra Marroqu\u00edn, formaron parte del Festival de Vacaciones de Invierno \"Laberinteros\" que se desarrolla en el espacio cultural Laberinto Pampas de San Antonio de Areco.","og_url":"https:\/\/noticiasmercedinas.com\/site\/2025\/07\/31\/artistas-mercedinas-llevaron-canciones-y-cuentos-de-maria-elena-walsh-a-san-antonio-de-areco\/","og_site_name":"NOTICIASMERCEDINAS.COM","article_publisher":"https:\/\/www.facebook.com\/noticiasmercedinas\/","article_published_time":"2025-07-31T18:25:19+00:00","og_image":[{"width":774,"height":583,"url":"https:\/\/noticiasmercedinas.com\/site\/wp-content\/uploads\/2025\/07\/imagen_2025-07-31_152316401.png","type":"image\/png"}],"author":"NOTICIASMERCEDINAS.COM","twitter_card":"summary_large_image","twitter_creator":"@notmercedinas","twitter_site":"@notmercedinas","twitter_misc":{"Escrito por":"NOTICIASMERCEDINAS.COM","Tiempo de lectura":"2 minutos"},"schema":{"@context":"https:\/\/schema.org","@graph":[{"@type":"Article","@id":"https:\/\/noticiasmercedinas.com\/site\/2025\/07\/31\/artistas-mercedinas-llevaron-canciones-y-cuentos-de-maria-elena-walsh-a-san-antonio-de-areco\/#article","isPartOf":{"@id":"https:\/\/noticiasmercedinas.com\/site\/2025\/07\/31\/artistas-mercedinas-llevaron-canciones-y-cuentos-de-maria-elena-walsh-a-san-antonio-de-areco\/"},"author":{"name":"NOTICIASMERCEDINAS.COM","@id":"https:\/\/noticiasmercedinas.com\/site\/#\/schema\/person\/84b59c099c28ff2e8b77d4ceec5d8063"},"headline":"Artistas mercedinas llevaron canciones y cuentos de Mar\u00eda Elena Walsh a San Antonio de Areco","datePublished":"2025-07-31T18:25:19+00:00","mainEntityOfPage":{"@id":"https:\/\/noticiasmercedinas.com\/site\/2025\/07\/31\/artistas-mercedinas-llevaron-canciones-y-cuentos-de-maria-elena-walsh-a-san-antonio-de-areco\/"},"wordCount":250,"publisher":{"@id":"https:\/\/noticiasmercedinas.com\/site\/#organization"},"image":{"@id":"https:\/\/noticiasmercedinas.com\/site\/2025\/07\/31\/artistas-mercedinas-llevaron-canciones-y-cuentos-de-maria-elena-walsh-a-san-antonio-de-areco\/#primaryimage"},"thumbnailUrl":"https:\/\/noticiasmercedinas.com\/site\/wp-content\/uploads\/2025\/07\/imagen_2025-07-31_152316401.png","keywords":["Alejandra Marroqu\u00edn","laberinteros","Marilina Erramuspe","san antonio de areco"],"articleSection":["Cultura"],"inLanguage":"es"},{"@type":"WebPage","@id":"https:\/\/noticiasmercedinas.com\/site\/2025\/07\/31\/artistas-mercedinas-llevaron-canciones-y-cuentos-de-maria-elena-walsh-a-san-antonio-de-areco\/","url":"https:\/\/noticiasmercedinas.com\/site\/2025\/07\/31\/artistas-mercedinas-llevaron-canciones-y-cuentos-de-maria-elena-walsh-a-san-antonio-de-areco\/","name":"Artistas mercedinas llevaron canciones y cuentos de Mar\u00eda Elena Walsh a San Antonio de Areco","isPartOf":{"@id":"https:\/\/noticiasmercedinas.com\/site\/#website"},"primaryImageOfPage":{"@id":"https:\/\/noticiasmercedinas.com\/site\/2025\/07\/31\/artistas-mercedinas-llevaron-canciones-y-cuentos-de-maria-elena-walsh-a-san-antonio-de-areco\/#primaryimage"},"image":{"@id":"https:\/\/noticiasmercedinas.com\/site\/2025\/07\/31\/artistas-mercedinas-llevaron-canciones-y-cuentos-de-maria-elena-walsh-a-san-antonio-de-areco\/#primaryimage"},"thumbnailUrl":"https:\/\/noticiasmercedinas.com\/site\/wp-content\/uploads\/2025\/07\/imagen_2025-07-31_152316401.png","datePublished":"2025-07-31T18:25:19+00:00","description":"Marilina Erramuspe y Alejandra Marroqu\u00edn, formaron parte del Festival de Vacaciones de Invierno \"Laberinteros\" que se desarrolla en el espacio cultural Laberinto Pampas de San Antonio de Areco.","breadcrumb":{"@id":"https:\/\/noticiasmercedinas.com\/site\/2025\/07\/31\/artistas-mercedinas-llevaron-canciones-y-cuentos-de-maria-elena-walsh-a-san-antonio-de-areco\/#breadcrumb"},"inLanguage":"es","potentialAction":[{"@type":"ReadAction","target":["https:\/\/noticiasmercedinas.com\/site\/2025\/07\/31\/artistas-mercedinas-llevaron-canciones-y-cuentos-de-maria-elena-walsh-a-san-antonio-de-areco\/"]}]},{"@type":"ImageObject","inLanguage":"es","@id":"https:\/\/noticiasmercedinas.com\/site\/2025\/07\/31\/artistas-mercedinas-llevaron-canciones-y-cuentos-de-maria-elena-walsh-a-san-antonio-de-areco\/#primaryimage","url":"https:\/\/noticiasmercedinas.com\/site\/wp-content\/uploads\/2025\/07\/imagen_2025-07-31_152316401.png","contentUrl":"https:\/\/noticiasmercedinas.com\/site\/wp-content\/uploads\/2025\/07\/imagen_2025-07-31_152316401.png","width":774,"height":583},{"@type":"BreadcrumbList","@id":"https:\/\/noticiasmercedinas.com\/site\/2025\/07\/31\/artistas-mercedinas-llevaron-canciones-y-cuentos-de-maria-elena-walsh-a-san-antonio-de-areco\/#breadcrumb","itemListElement":[{"@type":"ListItem","position":1,"name":"Portada","item":"https:\/\/noticiasmercedinas.com\/site\/"},{"@type":"ListItem","position":2,"name":"Artistas mercedinas llevaron canciones y cuentos de Mar\u00eda Elena Walsh a San Antonio de Areco"}]},{"@type":"WebSite","@id":"https:\/\/noticiasmercedinas.com\/site\/#website","url":"https:\/\/noticiasmercedinas.com\/site\/","name":"NOTICIASMERCEDINAS.COM","description":"Mercedes, Buenos Aires, Argentina","publisher":{"@id":"https:\/\/noticiasmercedinas.com\/site\/#organization"},"potentialAction":[{"@type":"SearchAction","target":{"@type":"EntryPoint","urlTemplate":"https:\/\/noticiasmercedinas.com\/site\/?s={search_term_string}"},"query-input":{"@type":"PropertyValueSpecification","valueRequired":true,"valueName":"search_term_string"}}],"inLanguage":"es"},{"@type":"Organization","@id":"https:\/\/noticiasmercedinas.com\/site\/#organization","name":"NOTICIASMERCEDINAS.COM","url":"https:\/\/noticiasmercedinas.com\/site\/","logo":{"@type":"ImageObject","inLanguage":"es","@id":"https:\/\/noticiasmercedinas.com\/site\/#\/schema\/logo\/image\/","url":"https:\/\/noticiasmercedinas.com\/site\/wp-content\/uploads\/2020\/06\/LOGO-512.jpg","contentUrl":"https:\/\/noticiasmercedinas.com\/site\/wp-content\/uploads\/2020\/06\/LOGO-512.jpg","width":512,"height":512,"caption":"NOTICIASMERCEDINAS.COM"},"image":{"@id":"https:\/\/noticiasmercedinas.com\/site\/#\/schema\/logo\/image\/"},"sameAs":["https:\/\/www.facebook.com\/noticiasmercedinas\/","https:\/\/x.com\/notmercedinas","https:\/\/www.instagram.com\/noticiasmercedinas\/"]},{"@type":"Person","@id":"https:\/\/noticiasmercedinas.com\/site\/#\/schema\/person\/84b59c099c28ff2e8b77d4ceec5d8063","name":"NOTICIASMERCEDINAS.COM","image":{"@type":"ImageObject","inLanguage":"es","@id":"https:\/\/secure.gravatar.com\/avatar\/4dfbf16b4d17945bfb6341b2d19043457132fcf478a5ee04f42e959fd8f5df0a?s=96&d=mm&r=g","url":"https:\/\/secure.gravatar.com\/avatar\/4dfbf16b4d17945bfb6341b2d19043457132fcf478a5ee04f42e959fd8f5df0a?s=96&d=mm&r=g","contentUrl":"https:\/\/secure.gravatar.com\/avatar\/4dfbf16b4d17945bfb6341b2d19043457132fcf478a5ee04f42e959fd8f5df0a?s=96&d=mm&r=g","caption":"NOTICIASMERCEDINAS.COM"},"url":"https:\/\/noticiasmercedinas.com\/site\/author\/anonimo\/"}]}},"amp_enabled":true,"_links":{"self":[{"href":"https:\/\/noticiasmercedinas.com\/site\/wp-json\/wp\/v2\/posts\/165579","targetHints":{"allow":["GET"]}}],"collection":[{"href":"https:\/\/noticiasmercedinas.com\/site\/wp-json\/wp\/v2\/posts"}],"about":[{"href":"https:\/\/noticiasmercedinas.com\/site\/wp-json\/wp\/v2\/types\/post"}],"author":[{"embeddable":true,"href":"https:\/\/noticiasmercedinas.com\/site\/wp-json\/wp\/v2\/users\/16"}],"replies":[{"embeddable":true,"href":"https:\/\/noticiasmercedinas.com\/site\/wp-json\/wp\/v2\/comments?post=165579"}],"version-history":[{"count":1,"href":"https:\/\/noticiasmercedinas.com\/site\/wp-json\/wp\/v2\/posts\/165579\/revisions"}],"predecessor-version":[{"id":165581,"href":"https:\/\/noticiasmercedinas.com\/site\/wp-json\/wp\/v2\/posts\/165579\/revisions\/165581"}],"wp:featuredmedia":[{"embeddable":true,"href":"https:\/\/noticiasmercedinas.com\/site\/wp-json\/wp\/v2\/media\/165580"}],"wp:attachment":[{"href":"https:\/\/noticiasmercedinas.com\/site\/wp-json\/wp\/v2\/media?parent=165579"}],"wp:term":[{"taxonomy":"category","embeddable":true,"href":"https:\/\/noticiasmercedinas.com\/site\/wp-json\/wp\/v2\/categories?post=165579"},{"taxonomy":"post_tag","embeddable":true,"href":"https:\/\/noticiasmercedinas.com\/site\/wp-json\/wp\/v2\/tags?post=165579"}],"curies":[{"name":"wp","href":"https:\/\/api.w.org\/{rel}","templated":true}]}}