{"id":165604,"date":"2025-07-31T18:29:36","date_gmt":"2025-07-31T21:29:36","guid":{"rendered":"https:\/\/noticiasmercedinas.com\/site\/?p=165604"},"modified":"2025-07-31T18:30:30","modified_gmt":"2025-07-31T21:30:30","slug":"ustarroz-cuestiono-el-abandono-de-obras-nacionales-y-defendio-un-estado-presente-a-la-negacion-se-le-gana-con-ideas","status":"publish","type":"post","link":"https:\/\/noticiasmercedinas.com\/site\/2025\/07\/31\/ustarroz-cuestiono-el-abandono-de-obras-nacionales-y-defendio-un-estado-presente-a-la-negacion-se-le-gana-con-ideas\/","title":{"rendered":"Ustarroz cuestion\u00f3 el abandono de obras nacionales y defendi\u00f3 un Estado presente: \u201cA la negaci\u00f3n se le gana con ideas\u201d"},"content":{"rendered":"<figure id=\"attachment_165606\" aria-describedby=\"caption-attachment-165606\" style=\"width: 1373px\" class=\"wp-caption alignnone\"><img loading=\"lazy\" decoding=\"async\" class=\"wp-image-165606 size-full\" src=\"https:\/\/noticiasmercedinas.com\/site\/wp-content\/uploads\/2025\/07\/516065ff-1277-4570-bd76-d553f47e6ed9-e1753997010579.jpeg\" alt=\"\" width=\"1373\" height=\"944\" srcset=\"https:\/\/noticiasmercedinas.com\/site\/wp-content\/uploads\/2025\/07\/516065ff-1277-4570-bd76-d553f47e6ed9-e1753997010579.jpeg 1373w, https:\/\/noticiasmercedinas.com\/site\/wp-content\/uploads\/2025\/07\/516065ff-1277-4570-bd76-d553f47e6ed9-e1753997010579-300x206.jpeg 300w, https:\/\/noticiasmercedinas.com\/site\/wp-content\/uploads\/2025\/07\/516065ff-1277-4570-bd76-d553f47e6ed9-e1753997010579-1024x704.jpeg 1024w, https:\/\/noticiasmercedinas.com\/site\/wp-content\/uploads\/2025\/07\/516065ff-1277-4570-bd76-d553f47e6ed9-e1753997010579-768x528.jpeg 768w, https:\/\/noticiasmercedinas.com\/site\/wp-content\/uploads\/2025\/07\/516065ff-1277-4570-bd76-d553f47e6ed9-e1753997010579-640x440.jpeg 640w, https:\/\/noticiasmercedinas.com\/site\/wp-content\/uploads\/2025\/07\/516065ff-1277-4570-bd76-d553f47e6ed9-e1753997010579-1280x880.jpeg 1280w, https:\/\/noticiasmercedinas.com\/site\/wp-content\/uploads\/2025\/07\/516065ff-1277-4570-bd76-d553f47e6ed9-e1753997010579-681x468.jpeg 681w, https:\/\/noticiasmercedinas.com\/site\/wp-content\/uploads\/2025\/07\/516065ff-1277-4570-bd76-d553f47e6ed9-e1753997010579-1362x936.jpeg 1362w\" sizes=\"auto, (max-width: 1373px) 100vw, 1373px\" \/><figcaption id=\"caption-attachment-165606\" class=\"wp-caption-text\">Ustarroz, tambi\u00e9n en modo campa\u00f1a, firma un convenio con el candidato a senador Katopodis<\/figcaption><\/figure>\n<p>Durante la visita del ministro de Infraestructura bonaerense <strong>Gabriel Katopodis<\/strong> a Mercedes, el intendente <strong>Juan Ignacio Ustarroz<\/strong> dej\u00f3 definiciones pol\u00edticas clave en defensa de la gesti\u00f3n local, habl\u00f3 de la posibilidad de continuidad de las obras paralizadas por Naci\u00f3n y el rol del Estado. Acompa\u00f1ado tambi\u00e9n por <strong>Santiago Altube<\/strong>, primer candidato a concejal de Fuerza Patria, Ustarroz pidi\u00f3 avanzar en soluciones concretas y critic\u00f3 la falta de respuestas del gobierno nacional respecto al desarrollo urban\u00edstico Procrear de 141 viviendas que permanece inconcluso en la zona del Acceso Sur y 110.<\/p>\n<p>\u201cHay un proyecto de desarrollo urban\u00edstico del Procrear aqu\u00ed de 141 viviendas, verdaderamente se est\u00e1 deteriorando a pasos agigantados, frenado por decisi\u00f3n del Gobierno Nacional\u201d, denunci\u00f3 el jefe comunal. Luego explic\u00f3 que \u201cel municipio de Mercedes le present\u00f3 una propuesta a la Secretar\u00eda de Tierra y H\u00e1bitat de Naci\u00f3n para hacerse cargo de la obra. No con fondos municipales, sino con fondos de los futuros beneficiarios\u201d.<\/p>\n<blockquote><p>\u201cVos te anot\u00e1s, sal\u00eds sorteado, ten\u00e9s la capacidad econ\u00f3mica para hacer un desembolso como cuando sac\u00e1s un plan de auto, y despu\u00e9s pag\u00e1s una cuota. Si los 141 titulares lo hacen, se pone en marcha esa construcci\u00f3n. Ser\u00eda muy f\u00e1cil\u201d.<\/p><\/blockquote>\n<p>Ustarroz detall\u00f3 que el proyecto, que ya cuenta con un 60% de avance, podr\u00eda ser concluido mediante una operatoria directa: \u201cVos te anot\u00e1s, sal\u00eds sorteado, ten\u00e9s la capacidad econ\u00f3mica para hacer un desembolso como cuando sac\u00e1s un plan de auto, y despu\u00e9s pag\u00e1s una cuota. Si los 141 titulares lo hacen, se pone en marcha esa construcci\u00f3n. Ser\u00eda muy f\u00e1cil\u201d. Sin embargo, lament\u00f3: \u201cEn t\u00e9rminos concretos de respuesta administrativa y pol\u00edtica, no hemos tenido hasta ahora nada\u201d.<\/p>\n<p>En ese contexto, el intendente fue m\u00e1s all\u00e1 y reflexion\u00f3 sobre el rol del Estado ante el actual escenario de recortes. \u00abA la negaci\u00f3n y al cierre a toda financiaci\u00f3n, a obra, no hay plata del gobierno nacional, \u00bfse le gana con ideas o con algo m\u00e1s?\u00bb, se le pregunt\u00f3. \u00abYo creo que las ideas son siempre muy importantes y para que las ideas puedan prosperar tienen que ser producto de un espacio colectivo, amplio, diverso, plural, que ponga prioridades. Y la prioridad, para nosotros, siempre ha sido y ser\u00e1 la ciudad de Mercedes\u00bb, dijo.<\/p>\n<p>Como ejemplo de esa pol\u00edtica local activa, Ustarroz destac\u00f3 el caso del transporte p\u00fablico local: \u201cNosotros planteamos la necesidad de comprar dos colectivos para el servicio de transporte p\u00fablico y hubo abstenci\u00f3n o rechazo de los concejales que representan a La Libertad Avanza. Esta concepci\u00f3n de que el Estado se retire de pr\u00e1cticamente todas las \u00e1reas tiene un efecto muy negativo\u201d.<\/p>\n<p>El intendente remarc\u00f3 que el transporte p\u00fablico \u201ces necesario para mejorar la siniestralidad, generar conectividad y permitir que miles de personas se puedan movilizar\u201d. Seg\u00fan sus cifras, hoy el servicio transporta 5.000 pasajeros por mes y es financiado \u201cen parte con el estacionamiento medido y en parte con otras tasas municipales\u201d.<\/p>\n<p>Finalmente, Ustarroz cerr\u00f3 su intervenci\u00f3n con una definici\u00f3n que sintetiza su mirada pol\u00edtica y de gesti\u00f3n: \u201cA todas luces el transporte p\u00fablico es necesario. No hay ninguna empresa privada que venga a Mercedes a dar ese servicio. Por eso, el Estado tiene que estar. Y a quienes apuestan a su retiro total, nosotros les respondemos con ideas y con acciones concretas que mejoren la vida de nuestros vecinos\u201d.<\/p>\n<p><img loading=\"lazy\" decoding=\"async\" class=\"alignnone size-full wp-image-165605\" src=\"https:\/\/noticiasmercedinas.com\/site\/wp-content\/uploads\/2025\/07\/43cb41d9-2c99-4329-8d34-1646d23b2c6b.jpeg\" alt=\"Los vecinos dialogan cara a cara el intendente Juan Ustarroz, este mediod\u00eda\" width=\"1600\" height=\"1204\" srcset=\"https:\/\/noticiasmercedinas.com\/site\/wp-content\/uploads\/2025\/07\/43cb41d9-2c99-4329-8d34-1646d23b2c6b.jpeg 1600w, https:\/\/noticiasmercedinas.com\/site\/wp-content\/uploads\/2025\/07\/43cb41d9-2c99-4329-8d34-1646d23b2c6b-300x226.jpeg 300w, https:\/\/noticiasmercedinas.com\/site\/wp-content\/uploads\/2025\/07\/43cb41d9-2c99-4329-8d34-1646d23b2c6b-1024x771.jpeg 1024w, https:\/\/noticiasmercedinas.com\/site\/wp-content\/uploads\/2025\/07\/43cb41d9-2c99-4329-8d34-1646d23b2c6b-768x578.jpeg 768w, https:\/\/noticiasmercedinas.com\/site\/wp-content\/uploads\/2025\/07\/43cb41d9-2c99-4329-8d34-1646d23b2c6b-1536x1156.jpeg 1536w, https:\/\/noticiasmercedinas.com\/site\/wp-content\/uploads\/2025\/07\/43cb41d9-2c99-4329-8d34-1646d23b2c6b-80x60.jpeg 80w, https:\/\/noticiasmercedinas.com\/site\/wp-content\/uploads\/2025\/07\/43cb41d9-2c99-4329-8d34-1646d23b2c6b-160x120.jpeg 160w, https:\/\/noticiasmercedinas.com\/site\/wp-content\/uploads\/2025\/07\/43cb41d9-2c99-4329-8d34-1646d23b2c6b-100x75.jpeg 100w, https:\/\/noticiasmercedinas.com\/site\/wp-content\/uploads\/2025\/07\/43cb41d9-2c99-4329-8d34-1646d23b2c6b-200x150.jpeg 200w, https:\/\/noticiasmercedinas.com\/site\/wp-content\/uploads\/2025\/07\/43cb41d9-2c99-4329-8d34-1646d23b2c6b-180x135.jpeg 180w, https:\/\/noticiasmercedinas.com\/site\/wp-content\/uploads\/2025\/07\/43cb41d9-2c99-4329-8d34-1646d23b2c6b-360x270.jpeg 360w, https:\/\/noticiasmercedinas.com\/site\/wp-content\/uploads\/2025\/07\/43cb41d9-2c99-4329-8d34-1646d23b2c6b-238x178.jpeg 238w, https:\/\/noticiasmercedinas.com\/site\/wp-content\/uploads\/2025\/07\/43cb41d9-2c99-4329-8d34-1646d23b2c6b-640x482.jpeg 640w, https:\/\/noticiasmercedinas.com\/site\/wp-content\/uploads\/2025\/07\/43cb41d9-2c99-4329-8d34-1646d23b2c6b-1280x963.jpeg 1280w, https:\/\/noticiasmercedinas.com\/site\/wp-content\/uploads\/2025\/07\/43cb41d9-2c99-4329-8d34-1646d23b2c6b-681x512.jpeg 681w, https:\/\/noticiasmercedinas.com\/site\/wp-content\/uploads\/2025\/07\/43cb41d9-2c99-4329-8d34-1646d23b2c6b-1362x1025.jpeg 1362w\" sizes=\"auto, (max-width: 1600px) 100vw, 1600px\" \/><\/p>\n","protected":false},"excerpt":{"rendered":"<p>\u25a0 \u00abA quienes apuestan al retiro total del Estado, nosotros les respondemos con ideas y con acciones concretas que mejoren la vida de nuestros vecinos\u201d, dijo el intendente. Habl\u00f3 de la posibilidad de reactivar construcci\u00f3n de 141 viviendas Procrear.<\/p>\n","protected":false},"author":2,"featured_media":165606,"comment_status":"closed","ping_status":"closed","sticky":false,"template":"","format":"standard","meta":{"footnotes":""},"categories":[16],"tags":[19953,266,5348,544],"class_list":["post-165604","post","type-post","status-publish","format-standard","has-post-thumbnail","hentry","category-politica","tag-elecciones-2025","tag-juan-ignacio-ustarroz","tag-procrear","tag-viviendas"],"yoast_head":"<!-- This site is optimized with the Yoast SEO plugin v27.4 - https:\/\/yoast.com\/product\/yoast-seo-wordpress\/ -->\n<title>Ustarroz cuestion\u00f3 el abandono de obras nacionales y defendi\u00f3 un Estado presente: \u201cA la negaci\u00f3n se le gana con ideas\u201d<\/title>\n<meta name=\"description\" content=\"&quot;A quienes apuestan al retiro total del Estado, nosotros les respondemos con ideas y con acciones concretas que mejoren la vida de nuestros vecinos\u201d, dijo el intendente. Habl\u00f3 de la posibilidad de reactivar construcci\u00f3n de 141 viviendas Procrear.\" \/>\n<meta name=\"robots\" content=\"index, follow, max-snippet:-1, max-image-preview:large, max-video-preview:-1\" \/>\n<link rel=\"canonical\" href=\"https:\/\/noticiasmercedinas.com\/site\/2025\/07\/31\/ustarroz-cuestiono-el-abandono-de-obras-nacionales-y-defendio-un-estado-presente-a-la-negacion-se-le-gana-con-ideas\/\" \/>\n<meta property=\"og:locale\" content=\"es_ES\" \/>\n<meta property=\"og:type\" content=\"article\" \/>\n<meta property=\"og:title\" content=\"Ustarroz cuestion\u00f3 el abandono de obras nacionales y defendi\u00f3 un Estado presente: \u201cA la negaci\u00f3n se le gana con ideas\u201d\" \/>\n<meta property=\"og:description\" content=\"&quot;A quienes apuestan al retiro total del Estado, nosotros les respondemos con ideas y con acciones concretas que mejoren la vida de nuestros vecinos\u201d, dijo el intendente. Habl\u00f3 de la posibilidad de reactivar construcci\u00f3n de 141 viviendas Procrear.\" \/>\n<meta property=\"og:url\" content=\"https:\/\/noticiasmercedinas.com\/site\/2025\/07\/31\/ustarroz-cuestiono-el-abandono-de-obras-nacionales-y-defendio-un-estado-presente-a-la-negacion-se-le-gana-con-ideas\/\" \/>\n<meta property=\"og:site_name\" content=\"NOTICIASMERCEDINAS.COM\" \/>\n<meta property=\"article:publisher\" content=\"https:\/\/www.facebook.com\/noticiasmercedinas\/\" \/>\n<meta property=\"article:author\" content=\"https:\/\/www.facebook.com\/cristian.falabella\" \/>\n<meta property=\"article:published_time\" content=\"2025-07-31T21:29:36+00:00\" \/>\n<meta property=\"article:modified_time\" content=\"2025-07-31T21:30:30+00:00\" \/>\n<meta property=\"og:image\" content=\"https:\/\/noticiasmercedinas.com\/site\/wp-content\/uploads\/2025\/07\/516065ff-1277-4570-bd76-d553f47e6ed9-e1753997010579.jpeg\" \/>\n\t<meta property=\"og:image:width\" content=\"1373\" \/>\n\t<meta property=\"og:image:height\" content=\"944\" \/>\n\t<meta property=\"og:image:type\" content=\"image\/jpeg\" \/>\n<meta name=\"author\" content=\"Cristian Falabella NOTICIASMERCEDINAS.COM\" \/>\n<meta name=\"twitter:card\" content=\"summary_large_image\" \/>\n<meta name=\"twitter:creator\" content=\"@https:\/\/twitter.com\/NOTMERCEDINAS\" \/>\n<meta name=\"twitter:site\" content=\"@notmercedinas\" \/>\n<meta name=\"twitter:label1\" content=\"Escrito por\" \/>\n\t<meta name=\"twitter:data1\" content=\"Cristian Falabella NOTICIASMERCEDINAS.COM\" \/>\n\t<meta name=\"twitter:label2\" content=\"Tiempo de lectura\" \/>\n\t<meta name=\"twitter:data2\" content=\"4 minutos\" \/>\n<script type=\"application\/ld+json\" class=\"yoast-schema-graph\">{\"@context\":\"https:\\\/\\\/schema.org\",\"@graph\":[{\"@type\":\"Article\",\"@id\":\"https:\\\/\\\/noticiasmercedinas.com\\\/site\\\/2025\\\/07\\\/31\\\/ustarroz-cuestiono-el-abandono-de-obras-nacionales-y-defendio-un-estado-presente-a-la-negacion-se-le-gana-con-ideas\\\/#article\",\"isPartOf\":{\"@id\":\"https:\\\/\\\/noticiasmercedinas.com\\\/site\\\/2025\\\/07\\\/31\\\/ustarroz-cuestiono-el-abandono-de-obras-nacionales-y-defendio-un-estado-presente-a-la-negacion-se-le-gana-con-ideas\\\/\"},\"author\":{\"name\":\"Cristian Falabella NOTICIASMERCEDINAS.COM\",\"@id\":\"https:\\\/\\\/noticiasmercedinas.com\\\/site\\\/#\\\/schema\\\/person\\\/d481a9696a5feaec13a60e2bbd991a6a\"},\"headline\":\"Ustarroz cuestion\u00f3 el abandono de obras nacionales y defendi\u00f3 un Estado presente: \u201cA la negaci\u00f3n se le gana con ideas\u201d\",\"datePublished\":\"2025-07-31T21:29:36+00:00\",\"dateModified\":\"2025-07-31T21:30:30+00:00\",\"mainEntityOfPage\":{\"@id\":\"https:\\\/\\\/noticiasmercedinas.com\\\/site\\\/2025\\\/07\\\/31\\\/ustarroz-cuestiono-el-abandono-de-obras-nacionales-y-defendio-un-estado-presente-a-la-negacion-se-le-gana-con-ideas\\\/\"},\"wordCount\":636,\"publisher\":{\"@id\":\"https:\\\/\\\/noticiasmercedinas.com\\\/site\\\/#organization\"},\"image\":{\"@id\":\"https:\\\/\\\/noticiasmercedinas.com\\\/site\\\/2025\\\/07\\\/31\\\/ustarroz-cuestiono-el-abandono-de-obras-nacionales-y-defendio-un-estado-presente-a-la-negacion-se-le-gana-con-ideas\\\/#primaryimage\"},\"thumbnailUrl\":\"https:\\\/\\\/noticiasmercedinas.com\\\/site\\\/wp-content\\\/uploads\\\/2025\\\/07\\\/516065ff-1277-4570-bd76-d553f47e6ed9-e1753997010579.jpeg\",\"keywords\":[\"elecciones 2025\",\"juan ignacio ustarroz\",\"procrear\",\"viviendas\"],\"articleSection\":[\"Politica\"],\"inLanguage\":\"es\"},{\"@type\":\"WebPage\",\"@id\":\"https:\\\/\\\/noticiasmercedinas.com\\\/site\\\/2025\\\/07\\\/31\\\/ustarroz-cuestiono-el-abandono-de-obras-nacionales-y-defendio-un-estado-presente-a-la-negacion-se-le-gana-con-ideas\\\/\",\"url\":\"https:\\\/\\\/noticiasmercedinas.com\\\/site\\\/2025\\\/07\\\/31\\\/ustarroz-cuestiono-el-abandono-de-obras-nacionales-y-defendio-un-estado-presente-a-la-negacion-se-le-gana-con-ideas\\\/\",\"name\":\"Ustarroz cuestion\u00f3 el abandono de obras nacionales y defendi\u00f3 un Estado presente: \u201cA la negaci\u00f3n se le gana con ideas\u201d\",\"isPartOf\":{\"@id\":\"https:\\\/\\\/noticiasmercedinas.com\\\/site\\\/#website\"},\"primaryImageOfPage\":{\"@id\":\"https:\\\/\\\/noticiasmercedinas.com\\\/site\\\/2025\\\/07\\\/31\\\/ustarroz-cuestiono-el-abandono-de-obras-nacionales-y-defendio-un-estado-presente-a-la-negacion-se-le-gana-con-ideas\\\/#primaryimage\"},\"image\":{\"@id\":\"https:\\\/\\\/noticiasmercedinas.com\\\/site\\\/2025\\\/07\\\/31\\\/ustarroz-cuestiono-el-abandono-de-obras-nacionales-y-defendio-un-estado-presente-a-la-negacion-se-le-gana-con-ideas\\\/#primaryimage\"},\"thumbnailUrl\":\"https:\\\/\\\/noticiasmercedinas.com\\\/site\\\/wp-content\\\/uploads\\\/2025\\\/07\\\/516065ff-1277-4570-bd76-d553f47e6ed9-e1753997010579.jpeg\",\"datePublished\":\"2025-07-31T21:29:36+00:00\",\"dateModified\":\"2025-07-31T21:30:30+00:00\",\"description\":\"\\\"A quienes apuestan al retiro total del Estado, nosotros les respondemos con ideas y con acciones concretas que mejoren la vida de nuestros vecinos\u201d, dijo el intendente. Habl\u00f3 de la posibilidad de reactivar construcci\u00f3n de 141 viviendas Procrear.\",\"breadcrumb\":{\"@id\":\"https:\\\/\\\/noticiasmercedinas.com\\\/site\\\/2025\\\/07\\\/31\\\/ustarroz-cuestiono-el-abandono-de-obras-nacionales-y-defendio-un-estado-presente-a-la-negacion-se-le-gana-con-ideas\\\/#breadcrumb\"},\"inLanguage\":\"es\",\"potentialAction\":[{\"@type\":\"ReadAction\",\"target\":[\"https:\\\/\\\/noticiasmercedinas.com\\\/site\\\/2025\\\/07\\\/31\\\/ustarroz-cuestiono-el-abandono-de-obras-nacionales-y-defendio-un-estado-presente-a-la-negacion-se-le-gana-con-ideas\\\/\"]}]},{\"@type\":\"ImageObject\",\"inLanguage\":\"es\",\"@id\":\"https:\\\/\\\/noticiasmercedinas.com\\\/site\\\/2025\\\/07\\\/31\\\/ustarroz-cuestiono-el-abandono-de-obras-nacionales-y-defendio-un-estado-presente-a-la-negacion-se-le-gana-con-ideas\\\/#primaryimage\",\"url\":\"https:\\\/\\\/noticiasmercedinas.com\\\/site\\\/wp-content\\\/uploads\\\/2025\\\/07\\\/516065ff-1277-4570-bd76-d553f47e6ed9-e1753997010579.jpeg\",\"contentUrl\":\"https:\\\/\\\/noticiasmercedinas.com\\\/site\\\/wp-content\\\/uploads\\\/2025\\\/07\\\/516065ff-1277-4570-bd76-d553f47e6ed9-e1753997010579.jpeg\",\"width\":1373,\"height\":944},{\"@type\":\"BreadcrumbList\",\"@id\":\"https:\\\/\\\/noticiasmercedinas.com\\\/site\\\/2025\\\/07\\\/31\\\/ustarroz-cuestiono-el-abandono-de-obras-nacionales-y-defendio-un-estado-presente-a-la-negacion-se-le-gana-con-ideas\\\/#breadcrumb\",\"itemListElement\":[{\"@type\":\"ListItem\",\"position\":1,\"name\":\"Portada\",\"item\":\"https:\\\/\\\/noticiasmercedinas.com\\\/site\\\/\"},{\"@type\":\"ListItem\",\"position\":2,\"name\":\"Ustarroz cuestion\u00f3 el abandono de obras nacionales y defendi\u00f3 un Estado presente: \u201cA la negaci\u00f3n se le gana con ideas\u201d\"}]},{\"@type\":\"WebSite\",\"@id\":\"https:\\\/\\\/noticiasmercedinas.com\\\/site\\\/#website\",\"url\":\"https:\\\/\\\/noticiasmercedinas.com\\\/site\\\/\",\"name\":\"NOTICIASMERCEDINAS.COM\",\"description\":\"Mercedes, Buenos Aires, Argentina\",\"publisher\":{\"@id\":\"https:\\\/\\\/noticiasmercedinas.com\\\/site\\\/#organization\"},\"potentialAction\":[{\"@type\":\"SearchAction\",\"target\":{\"@type\":\"EntryPoint\",\"urlTemplate\":\"https:\\\/\\\/noticiasmercedinas.com\\\/site\\\/?s={search_term_string}\"},\"query-input\":{\"@type\":\"PropertyValueSpecification\",\"valueRequired\":true,\"valueName\":\"search_term_string\"}}],\"inLanguage\":\"es\"},{\"@type\":\"Organization\",\"@id\":\"https:\\\/\\\/noticiasmercedinas.com\\\/site\\\/#organization\",\"name\":\"NOTICIASMERCEDINAS.COM\",\"url\":\"https:\\\/\\\/noticiasmercedinas.com\\\/site\\\/\",\"logo\":{\"@type\":\"ImageObject\",\"inLanguage\":\"es\",\"@id\":\"https:\\\/\\\/noticiasmercedinas.com\\\/site\\\/#\\\/schema\\\/logo\\\/image\\\/\",\"url\":\"https:\\\/\\\/noticiasmercedinas.com\\\/site\\\/wp-content\\\/uploads\\\/2020\\\/06\\\/LOGO-512.jpg\",\"contentUrl\":\"https:\\\/\\\/noticiasmercedinas.com\\\/site\\\/wp-content\\\/uploads\\\/2020\\\/06\\\/LOGO-512.jpg\",\"width\":512,\"height\":512,\"caption\":\"NOTICIASMERCEDINAS.COM\"},\"image\":{\"@id\":\"https:\\\/\\\/noticiasmercedinas.com\\\/site\\\/#\\\/schema\\\/logo\\\/image\\\/\"},\"sameAs\":[\"https:\\\/\\\/www.facebook.com\\\/noticiasmercedinas\\\/\",\"https:\\\/\\\/x.com\\\/notmercedinas\",\"https:\\\/\\\/www.instagram.com\\\/noticiasmercedinas\\\/\"]},{\"@type\":\"Person\",\"@id\":\"https:\\\/\\\/noticiasmercedinas.com\\\/site\\\/#\\\/schema\\\/person\\\/d481a9696a5feaec13a60e2bbd991a6a\",\"name\":\"Cristian Falabella NOTICIASMERCEDINAS.COM\",\"image\":{\"@type\":\"ImageObject\",\"inLanguage\":\"es\",\"@id\":\"https:\\\/\\\/secure.gravatar.com\\\/avatar\\\/0dbbfc45970cc46bcd0e57766228574ff3511d6eed045b182f536f0f478c1f06?s=96&d=mm&r=g\",\"url\":\"https:\\\/\\\/secure.gravatar.com\\\/avatar\\\/0dbbfc45970cc46bcd0e57766228574ff3511d6eed045b182f536f0f478c1f06?s=96&d=mm&r=g\",\"contentUrl\":\"https:\\\/\\\/secure.gravatar.com\\\/avatar\\\/0dbbfc45970cc46bcd0e57766228574ff3511d6eed045b182f536f0f478c1f06?s=96&d=mm&r=g\",\"caption\":\"Cristian Falabella NOTICIASMERCEDINAS.COM\"},\"description\":\"Periodista, editor de Noticias Mercedinas. Pas\u00f3 por varias redacciones y emprendimientos de prensa, en distintos formatos y \u00e9pocas. Se especializ\u00f3 --y sigue haci\u00e9ndolo-- en comunicaci\u00f3n en la web y en junio de 2006 fund\u00f3 este diario digital.\",\"sameAs\":[\"https:\\\/\\\/noticiasmercedinas.com\",\"https:\\\/\\\/www.facebook.com\\\/cristian.falabella\",\"https:\\\/\\\/www.instagram.com\\\/noticiasmercedinas\\\/\",\"https:\\\/\\\/x.com\\\/https:\\\/\\\/twitter.com\\\/NOTMERCEDINAS\"],\"url\":\"https:\\\/\\\/noticiasmercedinas.com\\\/site\\\/author\\\/as000384\\\/\"}]}<\/script>\n<!-- \/ Yoast SEO plugin. -->","yoast_head_json":{"title":"Ustarroz cuestion\u00f3 el abandono de obras nacionales y defendi\u00f3 un Estado presente: \u201cA la negaci\u00f3n se le gana con ideas\u201d","description":"\"A quienes apuestan al retiro total del Estado, nosotros les respondemos con ideas y con acciones concretas que mejoren la vida de nuestros vecinos\u201d, dijo el intendente. Habl\u00f3 de la posibilidad de reactivar construcci\u00f3n de 141 viviendas Procrear.","robots":{"index":"index","follow":"follow","max-snippet":"max-snippet:-1","max-image-preview":"max-image-preview:large","max-video-preview":"max-video-preview:-1"},"canonical":"https:\/\/noticiasmercedinas.com\/site\/2025\/07\/31\/ustarroz-cuestiono-el-abandono-de-obras-nacionales-y-defendio-un-estado-presente-a-la-negacion-se-le-gana-con-ideas\/","og_locale":"es_ES","og_type":"article","og_title":"Ustarroz cuestion\u00f3 el abandono de obras nacionales y defendi\u00f3 un Estado presente: \u201cA la negaci\u00f3n se le gana con ideas\u201d","og_description":"\"A quienes apuestan al retiro total del Estado, nosotros les respondemos con ideas y con acciones concretas que mejoren la vida de nuestros vecinos\u201d, dijo el intendente. Habl\u00f3 de la posibilidad de reactivar construcci\u00f3n de 141 viviendas Procrear.","og_url":"https:\/\/noticiasmercedinas.com\/site\/2025\/07\/31\/ustarroz-cuestiono-el-abandono-de-obras-nacionales-y-defendio-un-estado-presente-a-la-negacion-se-le-gana-con-ideas\/","og_site_name":"NOTICIASMERCEDINAS.COM","article_publisher":"https:\/\/www.facebook.com\/noticiasmercedinas\/","article_author":"https:\/\/www.facebook.com\/cristian.falabella","article_published_time":"2025-07-31T21:29:36+00:00","article_modified_time":"2025-07-31T21:30:30+00:00","og_image":[{"width":1373,"height":944,"url":"https:\/\/noticiasmercedinas.com\/site\/wp-content\/uploads\/2025\/07\/516065ff-1277-4570-bd76-d553f47e6ed9-e1753997010579.jpeg","type":"image\/jpeg"}],"author":"Cristian Falabella NOTICIASMERCEDINAS.COM","twitter_card":"summary_large_image","twitter_creator":"@https:\/\/twitter.com\/NOTMERCEDINAS","twitter_site":"@notmercedinas","twitter_misc":{"Escrito por":"Cristian Falabella NOTICIASMERCEDINAS.COM","Tiempo de lectura":"4 minutos"},"schema":{"@context":"https:\/\/schema.org","@graph":[{"@type":"Article","@id":"https:\/\/noticiasmercedinas.com\/site\/2025\/07\/31\/ustarroz-cuestiono-el-abandono-de-obras-nacionales-y-defendio-un-estado-presente-a-la-negacion-se-le-gana-con-ideas\/#article","isPartOf":{"@id":"https:\/\/noticiasmercedinas.com\/site\/2025\/07\/31\/ustarroz-cuestiono-el-abandono-de-obras-nacionales-y-defendio-un-estado-presente-a-la-negacion-se-le-gana-con-ideas\/"},"author":{"name":"Cristian Falabella NOTICIASMERCEDINAS.COM","@id":"https:\/\/noticiasmercedinas.com\/site\/#\/schema\/person\/d481a9696a5feaec13a60e2bbd991a6a"},"headline":"Ustarroz cuestion\u00f3 el abandono de obras nacionales y defendi\u00f3 un Estado presente: \u201cA la negaci\u00f3n se le gana con ideas\u201d","datePublished":"2025-07-31T21:29:36+00:00","dateModified":"2025-07-31T21:30:30+00:00","mainEntityOfPage":{"@id":"https:\/\/noticiasmercedinas.com\/site\/2025\/07\/31\/ustarroz-cuestiono-el-abandono-de-obras-nacionales-y-defendio-un-estado-presente-a-la-negacion-se-le-gana-con-ideas\/"},"wordCount":636,"publisher":{"@id":"https:\/\/noticiasmercedinas.com\/site\/#organization"},"image":{"@id":"https:\/\/noticiasmercedinas.com\/site\/2025\/07\/31\/ustarroz-cuestiono-el-abandono-de-obras-nacionales-y-defendio-un-estado-presente-a-la-negacion-se-le-gana-con-ideas\/#primaryimage"},"thumbnailUrl":"https:\/\/noticiasmercedinas.com\/site\/wp-content\/uploads\/2025\/07\/516065ff-1277-4570-bd76-d553f47e6ed9-e1753997010579.jpeg","keywords":["elecciones 2025","juan ignacio ustarroz","procrear","viviendas"],"articleSection":["Politica"],"inLanguage":"es"},{"@type":"WebPage","@id":"https:\/\/noticiasmercedinas.com\/site\/2025\/07\/31\/ustarroz-cuestiono-el-abandono-de-obras-nacionales-y-defendio-un-estado-presente-a-la-negacion-se-le-gana-con-ideas\/","url":"https:\/\/noticiasmercedinas.com\/site\/2025\/07\/31\/ustarroz-cuestiono-el-abandono-de-obras-nacionales-y-defendio-un-estado-presente-a-la-negacion-se-le-gana-con-ideas\/","name":"Ustarroz cuestion\u00f3 el abandono de obras nacionales y defendi\u00f3 un Estado presente: \u201cA la negaci\u00f3n se le gana con ideas\u201d","isPartOf":{"@id":"https:\/\/noticiasmercedinas.com\/site\/#website"},"primaryImageOfPage":{"@id":"https:\/\/noticiasmercedinas.com\/site\/2025\/07\/31\/ustarroz-cuestiono-el-abandono-de-obras-nacionales-y-defendio-un-estado-presente-a-la-negacion-se-le-gana-con-ideas\/#primaryimage"},"image":{"@id":"https:\/\/noticiasmercedinas.com\/site\/2025\/07\/31\/ustarroz-cuestiono-el-abandono-de-obras-nacionales-y-defendio-un-estado-presente-a-la-negacion-se-le-gana-con-ideas\/#primaryimage"},"thumbnailUrl":"https:\/\/noticiasmercedinas.com\/site\/wp-content\/uploads\/2025\/07\/516065ff-1277-4570-bd76-d553f47e6ed9-e1753997010579.jpeg","datePublished":"2025-07-31T21:29:36+00:00","dateModified":"2025-07-31T21:30:30+00:00","description":"\"A quienes apuestan al retiro total del Estado, nosotros les respondemos con ideas y con acciones concretas que mejoren la vida de nuestros vecinos\u201d, dijo el intendente. Habl\u00f3 de la posibilidad de reactivar construcci\u00f3n de 141 viviendas Procrear.","breadcrumb":{"@id":"https:\/\/noticiasmercedinas.com\/site\/2025\/07\/31\/ustarroz-cuestiono-el-abandono-de-obras-nacionales-y-defendio-un-estado-presente-a-la-negacion-se-le-gana-con-ideas\/#breadcrumb"},"inLanguage":"es","potentialAction":[{"@type":"ReadAction","target":["https:\/\/noticiasmercedinas.com\/site\/2025\/07\/31\/ustarroz-cuestiono-el-abandono-de-obras-nacionales-y-defendio-un-estado-presente-a-la-negacion-se-le-gana-con-ideas\/"]}]},{"@type":"ImageObject","inLanguage":"es","@id":"https:\/\/noticiasmercedinas.com\/site\/2025\/07\/31\/ustarroz-cuestiono-el-abandono-de-obras-nacionales-y-defendio-un-estado-presente-a-la-negacion-se-le-gana-con-ideas\/#primaryimage","url":"https:\/\/noticiasmercedinas.com\/site\/wp-content\/uploads\/2025\/07\/516065ff-1277-4570-bd76-d553f47e6ed9-e1753997010579.jpeg","contentUrl":"https:\/\/noticiasmercedinas.com\/site\/wp-content\/uploads\/2025\/07\/516065ff-1277-4570-bd76-d553f47e6ed9-e1753997010579.jpeg","width":1373,"height":944},{"@type":"BreadcrumbList","@id":"https:\/\/noticiasmercedinas.com\/site\/2025\/07\/31\/ustarroz-cuestiono-el-abandono-de-obras-nacionales-y-defendio-un-estado-presente-a-la-negacion-se-le-gana-con-ideas\/#breadcrumb","itemListElement":[{"@type":"ListItem","position":1,"name":"Portada","item":"https:\/\/noticiasmercedinas.com\/site\/"},{"@type":"ListItem","position":2,"name":"Ustarroz cuestion\u00f3 el abandono de obras nacionales y defendi\u00f3 un Estado presente: \u201cA la negaci\u00f3n se le gana con ideas\u201d"}]},{"@type":"WebSite","@id":"https:\/\/noticiasmercedinas.com\/site\/#website","url":"https:\/\/noticiasmercedinas.com\/site\/","name":"NOTICIASMERCEDINAS.COM","description":"Mercedes, Buenos Aires, Argentina","publisher":{"@id":"https:\/\/noticiasmercedinas.com\/site\/#organization"},"potentialAction":[{"@type":"SearchAction","target":{"@type":"EntryPoint","urlTemplate":"https:\/\/noticiasmercedinas.com\/site\/?s={search_term_string}"},"query-input":{"@type":"PropertyValueSpecification","valueRequired":true,"valueName":"search_term_string"}}],"inLanguage":"es"},{"@type":"Organization","@id":"https:\/\/noticiasmercedinas.com\/site\/#organization","name":"NOTICIASMERCEDINAS.COM","url":"https:\/\/noticiasmercedinas.com\/site\/","logo":{"@type":"ImageObject","inLanguage":"es","@id":"https:\/\/noticiasmercedinas.com\/site\/#\/schema\/logo\/image\/","url":"https:\/\/noticiasmercedinas.com\/site\/wp-content\/uploads\/2020\/06\/LOGO-512.jpg","contentUrl":"https:\/\/noticiasmercedinas.com\/site\/wp-content\/uploads\/2020\/06\/LOGO-512.jpg","width":512,"height":512,"caption":"NOTICIASMERCEDINAS.COM"},"image":{"@id":"https:\/\/noticiasmercedinas.com\/site\/#\/schema\/logo\/image\/"},"sameAs":["https:\/\/www.facebook.com\/noticiasmercedinas\/","https:\/\/x.com\/notmercedinas","https:\/\/www.instagram.com\/noticiasmercedinas\/"]},{"@type":"Person","@id":"https:\/\/noticiasmercedinas.com\/site\/#\/schema\/person\/d481a9696a5feaec13a60e2bbd991a6a","name":"Cristian Falabella NOTICIASMERCEDINAS.COM","image":{"@type":"ImageObject","inLanguage":"es","@id":"https:\/\/secure.gravatar.com\/avatar\/0dbbfc45970cc46bcd0e57766228574ff3511d6eed045b182f536f0f478c1f06?s=96&d=mm&r=g","url":"https:\/\/secure.gravatar.com\/avatar\/0dbbfc45970cc46bcd0e57766228574ff3511d6eed045b182f536f0f478c1f06?s=96&d=mm&r=g","contentUrl":"https:\/\/secure.gravatar.com\/avatar\/0dbbfc45970cc46bcd0e57766228574ff3511d6eed045b182f536f0f478c1f06?s=96&d=mm&r=g","caption":"Cristian Falabella NOTICIASMERCEDINAS.COM"},"description":"Periodista, editor de Noticias Mercedinas. Pas\u00f3 por varias redacciones y emprendimientos de prensa, en distintos formatos y \u00e9pocas. Se especializ\u00f3 --y sigue haci\u00e9ndolo-- en comunicaci\u00f3n en la web y en junio de 2006 fund\u00f3 este diario digital.","sameAs":["https:\/\/noticiasmercedinas.com","https:\/\/www.facebook.com\/cristian.falabella","https:\/\/www.instagram.com\/noticiasmercedinas\/","https:\/\/x.com\/https:\/\/twitter.com\/NOTMERCEDINAS"],"url":"https:\/\/noticiasmercedinas.com\/site\/author\/as000384\/"}]}},"amp_enabled":true,"_links":{"self":[{"href":"https:\/\/noticiasmercedinas.com\/site\/wp-json\/wp\/v2\/posts\/165604","targetHints":{"allow":["GET"]}}],"collection":[{"href":"https:\/\/noticiasmercedinas.com\/site\/wp-json\/wp\/v2\/posts"}],"about":[{"href":"https:\/\/noticiasmercedinas.com\/site\/wp-json\/wp\/v2\/types\/post"}],"author":[{"embeddable":true,"href":"https:\/\/noticiasmercedinas.com\/site\/wp-json\/wp\/v2\/users\/2"}],"replies":[{"embeddable":true,"href":"https:\/\/noticiasmercedinas.com\/site\/wp-json\/wp\/v2\/comments?post=165604"}],"version-history":[{"count":1,"href":"https:\/\/noticiasmercedinas.com\/site\/wp-json\/wp\/v2\/posts\/165604\/revisions"}],"predecessor-version":[{"id":165607,"href":"https:\/\/noticiasmercedinas.com\/site\/wp-json\/wp\/v2\/posts\/165604\/revisions\/165607"}],"wp:featuredmedia":[{"embeddable":true,"href":"https:\/\/noticiasmercedinas.com\/site\/wp-json\/wp\/v2\/media\/165606"}],"wp:attachment":[{"href":"https:\/\/noticiasmercedinas.com\/site\/wp-json\/wp\/v2\/media?parent=165604"}],"wp:term":[{"taxonomy":"category","embeddable":true,"href":"https:\/\/noticiasmercedinas.com\/site\/wp-json\/wp\/v2\/categories?post=165604"},{"taxonomy":"post_tag","embeddable":true,"href":"https:\/\/noticiasmercedinas.com\/site\/wp-json\/wp\/v2\/tags?post=165604"}],"curies":[{"name":"wp","href":"https:\/\/api.w.org\/{rel}","templated":true}]}}