{"id":165686,"date":"2025-08-02T09:49:33","date_gmt":"2025-08-02T12:49:33","guid":{"rendered":"https:\/\/noticiasmercedinas.com\/site\/?p=165686"},"modified":"2025-08-02T16:01:00","modified_gmt":"2025-08-02T19:01:00","slug":"agustin-castro-se-presento-como-solista-en-el-teatro-argentino-con-un-show-intimo-y-honesto","status":"publish","type":"post","link":"https:\/\/noticiasmercedinas.com\/site\/2025\/08\/02\/agustin-castro-se-presento-como-solista-en-el-teatro-argentino-con-un-show-intimo-y-honesto\/","title":{"rendered":"Agust\u00edn Castro se present\u00f3 como solista en el Teatro Argentino con un show \u00edntimo y honesto"},"content":{"rendered":"<p><img loading=\"lazy\" decoding=\"async\" src=\"https:\/\/noticiasmercedinas.com\/site\/wp-content\/uploads\/2025\/08\/IMG-20250801-WA00742-scaled.jpg\" alt=\"\" width=\"2560\" height=\"1920\" \/><\/p>\n<p>Agust\u00edn Castro vivi\u00f3 este viernes por la noche un momento especial en su carrera musical: se present\u00f3 por primera vez como solista en el escenario del Teatro Argentino de Mercedes, donde ofreci\u00f3 un recital \u00edntimo, honesto y profundamente personal.<\/p>\n<p>Lo acompa\u00f1aron m\u00fasicos invitados como Manuel Maturo en piano, Santiago Bustos Berrondo en guitarra, Nano Esp\u00edndola en percusi\u00f3n y Oscar Rosello en voz. Tambi\u00e9n estuvieron presentes su padre \u00d1eque Castro y sus hijas, en una velada que fue tan familiar como musical.<\/p>\n<p><iframe loading=\"lazy\" title=\"Agust\u00edn Castro en vivo _ Teatro Argentino \" width=\"640\" height=\"360\" src=\"https:\/\/www.youtube.com\/embed\/37LrtThBSkw?feature=oembed\" frameborder=\"0\" allow=\"accelerometer; autoplay; clipboard-write; encrypted-media; gyroscope; picture-in-picture; web-share\" referrerpolicy=\"strict-origin-when-cross-origin\" allowfullscreen><\/iframe><\/p>\n<p>Durante el show, Castro combin\u00f3 composiciones propias con versiones muy celebradas de artistas como Los Piojos, Jaime Roos y La Vela Puerca, todas interpretadas con una impronta \u00fanica, marcada por la improvisaci\u00f3n y la entrega emocional.<\/p>\n<p>En di\u00e1logo posterior al recital, el artista expres\u00f3 su satisfacci\u00f3n y remarc\u00f3 el car\u00e1cter aut\u00e9ntico de su propuesta: \u201cFue algo genuino, leg\u00edtimo y original. Yo soy as\u00ed, resuelvo en el momento, incluso con los m\u00fasicos. Me han dicho que soy temerario, y s\u00ed, lo soy. La m\u00fasica para m\u00ed es explorar, incluso arriba del escenario\u201d.<\/p>\n<p><img loading=\"lazy\" decoding=\"async\" class=\"alignnone size-full wp-image-165693\" src=\"https:\/\/noticiasmercedinas.com\/site\/wp-content\/uploads\/2025\/08\/IMG-20250801-WA00842-scaled.jpg\" alt=\"\" width=\"2560\" height=\"1988\" srcset=\"https:\/\/noticiasmercedinas.com\/site\/wp-content\/uploads\/2025\/08\/IMG-20250801-WA00842-scaled.jpg 2560w, https:\/\/noticiasmercedinas.com\/site\/wp-content\/uploads\/2025\/08\/IMG-20250801-WA00842-300x233.jpg 300w, https:\/\/noticiasmercedinas.com\/site\/wp-content\/uploads\/2025\/08\/IMG-20250801-WA00842-1024x795.jpg 1024w, https:\/\/noticiasmercedinas.com\/site\/wp-content\/uploads\/2025\/08\/IMG-20250801-WA00842-768x596.jpg 768w, https:\/\/noticiasmercedinas.com\/site\/wp-content\/uploads\/2025\/08\/IMG-20250801-WA00842-1536x1193.jpg 1536w, https:\/\/noticiasmercedinas.com\/site\/wp-content\/uploads\/2025\/08\/IMG-20250801-WA00842-2048x1591.jpg 2048w, https:\/\/noticiasmercedinas.com\/site\/wp-content\/uploads\/2025\/08\/IMG-20250801-WA00842-640x497.jpg 640w, https:\/\/noticiasmercedinas.com\/site\/wp-content\/uploads\/2025\/08\/IMG-20250801-WA00842-1280x994.jpg 1280w, https:\/\/noticiasmercedinas.com\/site\/wp-content\/uploads\/2025\/08\/IMG-20250801-WA00842-681x529.jpg 681w, https:\/\/noticiasmercedinas.com\/site\/wp-content\/uploads\/2025\/08\/IMG-20250801-WA00842-1362x1058.jpg 1362w\" sizes=\"auto, (max-width: 2560px) 100vw, 2560px\" \/><\/p>\n<p>Sobre su forma de trabajo, Castro destac\u00f3 la importancia de la improvisaci\u00f3n como parte de su identidad art\u00edstica: \u201cToda mi m\u00fasica, incluso los covers, los improviso en el momento. Eso no quiere decir que no haya ensayo ni t\u00e9cnica. Tengo grandes m\u00fasicos a mi lado, que son m\u00e1s disciplinados, y eso me equilibra. Pero yo voy creando sobre la marcha\u201d.<\/p>\n<p>El espect\u00e1culo tuvo un cierre particular: una improvisaci\u00f3n grupal que no estaba prevista. \u201cEso lo decid\u00ed en el momento, dije \u2018entramos todos y terminamos el show as\u00ed\u2019. Fue hermoso\u201d, se\u00f1al\u00f3 Castro, quien tambi\u00e9n valor\u00f3 la presencia de personas queridas en la sala A del teatro. \u201cNo estaba lleno, pero estaba la gente que ten\u00eda que estar: mis afectos, mis amigos, incluso algunos que no esperaba encontrar. Fue un desaf\u00edo y estoy muy feliz por haberlo hecho\u201d, afirm\u00f3.<\/p>\n<p><img loading=\"lazy\" decoding=\"async\" class=\"alignnone size-full wp-image-165691\" src=\"https:\/\/noticiasmercedinas.com\/site\/wp-content\/uploads\/2025\/08\/IMG-20250801-WA00802-scaled.jpg\" alt=\"\" width=\"1920\" height=\"2560\" srcset=\"https:\/\/noticiasmercedinas.com\/site\/wp-content\/uploads\/2025\/08\/IMG-20250801-WA00802-scaled.jpg 1920w, https:\/\/noticiasmercedinas.com\/site\/wp-content\/uploads\/2025\/08\/IMG-20250801-WA00802-225x300.jpg 225w, https:\/\/noticiasmercedinas.com\/site\/wp-content\/uploads\/2025\/08\/IMG-20250801-WA00802-768x1024.jpg 768w, https:\/\/noticiasmercedinas.com\/site\/wp-content\/uploads\/2025\/08\/IMG-20250801-WA00802-1152x1536.jpg 1152w, https:\/\/noticiasmercedinas.com\/site\/wp-content\/uploads\/2025\/08\/IMG-20250801-WA00802-1536x2048.jpg 1536w, https:\/\/noticiasmercedinas.com\/site\/wp-content\/uploads\/2025\/08\/IMG-20250801-WA00802-640x853.jpg 640w, https:\/\/noticiasmercedinas.com\/site\/wp-content\/uploads\/2025\/08\/IMG-20250801-WA00802-1280x1707.jpg 1280w, https:\/\/noticiasmercedinas.com\/site\/wp-content\/uploads\/2025\/08\/IMG-20250801-WA00802-681x908.jpg 681w, https:\/\/noticiasmercedinas.com\/site\/wp-content\/uploads\/2025\/08\/IMG-20250801-WA00802-1362x1816.jpg 1362w\" sizes=\"auto, (max-width: 1920px) 100vw, 1920px\" \/><\/p>\n<p>Con respecto a lo que viene, adelant\u00f3 que contin\u00faa trabajando en su pr\u00f3ximo disco, una continuaci\u00f3n de Como Loco Malo, aunque aclar\u00f3 que ese nombre ya no lo representa: \u201cEstoy cerrando una etapa con este show. El nuevo disco ya tiene portada y canciones, pero a\u00fan no el t\u00edtulo. Tambi\u00e9n estoy grabando un tema dedicado a Mauricio Capaccio, que se llama El Flaco. Fue una persona que me influenci\u00f3 much\u00edsimo por su forma de interpretar, su lectura del mundo, su esp\u00edritu aventurero\u201d.<\/p>\n<p>Ese tema lo grab\u00f3 junto a Ariel Prat, y el pr\u00f3ximo lo har\u00e1 con Juani de la banda Andando Descalzo. Adem\u00e1s, anunci\u00f3 su intenci\u00f3n de volver al ska con su vieja banda Torta Cruda: \u201cEstoy conversando para volver. Fue una etapa muy linda y creo que es tiempo de retomarla\u201d.<\/p>\n<blockquote><p>\u201cSoy un gran armador y desarmador de bandas, soy muy ciclot\u00edmico. Cuando siento que un ciclo termin\u00f3, cierro y arranco otra cosa. Eso hace que muchos no crean en m\u00ed, pero estos m\u00fasicos que me acompa\u00f1aron s\u00ed creen, y eso me sostiene\u201d<\/p><\/blockquote>\n<p>Castro hizo un repaso de su recorrido musical, nombrando bandas como Los Bambam, La M\u00e1s Negra, Otra Vez Vos, Disritmia y Torta Cruda. \u201cSoy un gran armador y desarmador de bandas, soy muy ciclot\u00edmico. Cuando siento que un ciclo termin\u00f3, cierro y arranco otra cosa. Eso hace que muchos no crean en m\u00ed, pero estos m\u00fasicos que me acompa\u00f1aron s\u00ed creen, y eso me sostiene\u201d.<\/p>\n<p>Uno de los momentos que m\u00e1s conect\u00f3 con el p\u00fablico fue cuando dej\u00f3 un micr\u00f3fono abierto para quien quisiera subir a cantar. \u201cLa m\u00fasica tiene que ser compartida. Si yo estoy ac\u00e1, puede estar cualquiera. Que cante el que tenga ganas, que suba el que quiera. No hay que esperar que venga alguien a darnos permiso\u201d, expres\u00f3.<\/p>\n<p>El show de Agust\u00edn Castro en el Teatro Argentino no solo fue una presentaci\u00f3n musical: fue una declaraci\u00f3n de principios, una celebraci\u00f3n del arte libre, espont\u00e1neo y afectivo, en el que el artista se mostr\u00f3 tal como es, sin artificios.<\/p>\n<p><img loading=\"lazy\" decoding=\"async\" class=\"alignnone size-full wp-image-165694\" src=\"https:\/\/noticiasmercedinas.com\/site\/wp-content\/uploads\/2025\/08\/IMG-20250801-WA00882-scaled.jpg\" alt=\"\" width=\"2432\" height=\"2560\" srcset=\"https:\/\/noticiasmercedinas.com\/site\/wp-content\/uploads\/2025\/08\/IMG-20250801-WA00882-scaled.jpg 2432w, https:\/\/noticiasmercedinas.com\/site\/wp-content\/uploads\/2025\/08\/IMG-20250801-WA00882-285x300.jpg 285w, https:\/\/noticiasmercedinas.com\/site\/wp-content\/uploads\/2025\/08\/IMG-20250801-WA00882-973x1024.jpg 973w, https:\/\/noticiasmercedinas.com\/site\/wp-content\/uploads\/2025\/08\/IMG-20250801-WA00882-768x808.jpg 768w, https:\/\/noticiasmercedinas.com\/site\/wp-content\/uploads\/2025\/08\/IMG-20250801-WA00882-1459x1536.jpg 1459w, https:\/\/noticiasmercedinas.com\/site\/wp-content\/uploads\/2025\/08\/IMG-20250801-WA00882-1946x2048.jpg 1946w, https:\/\/noticiasmercedinas.com\/site\/wp-content\/uploads\/2025\/08\/IMG-20250801-WA00882-640x674.jpg 640w, https:\/\/noticiasmercedinas.com\/site\/wp-content\/uploads\/2025\/08\/IMG-20250801-WA00882-1280x1347.jpg 1280w, https:\/\/noticiasmercedinas.com\/site\/wp-content\/uploads\/2025\/08\/IMG-20250801-WA00882-681x717.jpg 681w, https:\/\/noticiasmercedinas.com\/site\/wp-content\/uploads\/2025\/08\/IMG-20250801-WA00882-1362x1434.jpg 1362w\" sizes=\"auto, (max-width: 2432px) 100vw, 2432px\" \/><\/p>\n","protected":false},"excerpt":{"rendered":"<p>\u25a0 El cantautor mercedino present\u00f3 este viernes por la noche canciones propias y versiones con un enfoque singular, acompa\u00f1ado por m\u00fasicos invitados y su familia<\/p>\n","protected":false},"author":2,"featured_media":165692,"comment_status":"closed","ping_status":"closed","sticky":false,"template":"","format":"standard","meta":{"footnotes":""},"categories":[4,2],"tags":[5855,7745,2453,2908,5430,163],"class_list":["post-165686","post","type-post","status-publish","format-standard","has-post-thumbnail","hentry","category-cultura","category-featured","tag-agustin-castro","tag-manuel-maturo","tag-nano-espindola","tag-oscar-rosello","tag-santiago-bustos-berrondo","tag-teatro-argentino"],"yoast_head":"<!-- This site is optimized with the Yoast SEO plugin v27.4 - https:\/\/yoast.com\/product\/yoast-seo-wordpress\/ -->\n<title>Agust\u00edn Castro se present\u00f3 como solista en el Teatro Argentino con un show \u00edntimo y honesto<\/title>\n<meta name=\"description\" content=\"El cantautor mercedino present\u00f3 canciones propias y versiones con un enfoque singular, acompa\u00f1ado por m\u00fasicos invitados y su familia\" \/>\n<meta name=\"robots\" content=\"index, follow, max-snippet:-1, max-image-preview:large, max-video-preview:-1\" \/>\n<link rel=\"canonical\" href=\"https:\/\/noticiasmercedinas.com\/site\/2025\/08\/02\/agustin-castro-se-presento-como-solista-en-el-teatro-argentino-con-un-show-intimo-y-honesto\/\" \/>\n<meta property=\"og:locale\" content=\"es_ES\" \/>\n<meta property=\"og:type\" content=\"article\" \/>\n<meta property=\"og:title\" content=\"Agust\u00edn Castro se present\u00f3 como solista en el Teatro Argentino con un show \u00edntimo y honesto\" \/>\n<meta property=\"og:description\" content=\"El cantautor mercedino present\u00f3 canciones propias y versiones con un enfoque singular, acompa\u00f1ado por m\u00fasicos invitados y su familia\" \/>\n<meta property=\"og:url\" content=\"https:\/\/noticiasmercedinas.com\/site\/2025\/08\/02\/agustin-castro-se-presento-como-solista-en-el-teatro-argentino-con-un-show-intimo-y-honesto\/\" \/>\n<meta property=\"og:site_name\" content=\"NOTICIASMERCEDINAS.COM\" \/>\n<meta property=\"article:publisher\" content=\"https:\/\/www.facebook.com\/noticiasmercedinas\/\" \/>\n<meta property=\"article:author\" content=\"https:\/\/www.facebook.com\/cristian.falabella\" \/>\n<meta property=\"article:published_time\" content=\"2025-08-02T12:49:33+00:00\" \/>\n<meta property=\"article:modified_time\" content=\"2025-08-02T19:01:00+00:00\" \/>\n<meta property=\"og:image\" content=\"https:\/\/noticiasmercedinas.com\/site\/wp-content\/uploads\/2025\/08\/IMG-20250801-WA00742-scaled.jpg\" \/>\n\t<meta property=\"og:image:width\" content=\"2560\" \/>\n\t<meta property=\"og:image:height\" content=\"1920\" \/>\n\t<meta property=\"og:image:type\" content=\"image\/jpeg\" \/>\n<meta name=\"author\" content=\"Cristian Falabella NOTICIASMERCEDINAS.COM\" \/>\n<meta name=\"twitter:card\" content=\"summary_large_image\" \/>\n<meta name=\"twitter:creator\" content=\"@https:\/\/twitter.com\/NOTMERCEDINAS\" \/>\n<meta name=\"twitter:site\" content=\"@notmercedinas\" \/>\n<meta name=\"twitter:label1\" content=\"Escrito por\" \/>\n\t<meta name=\"twitter:data1\" content=\"Cristian Falabella NOTICIASMERCEDINAS.COM\" \/>\n\t<meta name=\"twitter:label2\" content=\"Tiempo de lectura\" \/>\n\t<meta name=\"twitter:data2\" content=\"4 minutos\" \/>\n<script type=\"application\/ld+json\" class=\"yoast-schema-graph\">{\"@context\":\"https:\\\/\\\/schema.org\",\"@graph\":[{\"@type\":\"Article\",\"@id\":\"https:\\\/\\\/noticiasmercedinas.com\\\/site\\\/2025\\\/08\\\/02\\\/agustin-castro-se-presento-como-solista-en-el-teatro-argentino-con-un-show-intimo-y-honesto\\\/#article\",\"isPartOf\":{\"@id\":\"https:\\\/\\\/noticiasmercedinas.com\\\/site\\\/2025\\\/08\\\/02\\\/agustin-castro-se-presento-como-solista-en-el-teatro-argentino-con-un-show-intimo-y-honesto\\\/\"},\"author\":{\"name\":\"Cristian Falabella NOTICIASMERCEDINAS.COM\",\"@id\":\"https:\\\/\\\/noticiasmercedinas.com\\\/site\\\/#\\\/schema\\\/person\\\/d481a9696a5feaec13a60e2bbd991a6a\"},\"headline\":\"Agust\u00edn Castro se present\u00f3 como solista en el Teatro Argentino con un show \u00edntimo y honesto\",\"datePublished\":\"2025-08-02T12:49:33+00:00\",\"dateModified\":\"2025-08-02T19:01:00+00:00\",\"mainEntityOfPage\":{\"@id\":\"https:\\\/\\\/noticiasmercedinas.com\\\/site\\\/2025\\\/08\\\/02\\\/agustin-castro-se-presento-como-solista-en-el-teatro-argentino-con-un-show-intimo-y-honesto\\\/\"},\"wordCount\":725,\"publisher\":{\"@id\":\"https:\\\/\\\/noticiasmercedinas.com\\\/site\\\/#organization\"},\"image\":{\"@id\":\"https:\\\/\\\/noticiasmercedinas.com\\\/site\\\/2025\\\/08\\\/02\\\/agustin-castro-se-presento-como-solista-en-el-teatro-argentino-con-un-show-intimo-y-honesto\\\/#primaryimage\"},\"thumbnailUrl\":\"https:\\\/\\\/noticiasmercedinas.com\\\/site\\\/wp-content\\\/uploads\\\/2025\\\/08\\\/IMG-20250801-WA00742-scaled.jpg\",\"keywords\":[\"Agustin Castro\",\"Manuel Maturo\",\"nano espindola\",\"Oscar Rosello\",\"Santiago Bustos Berrondo\",\"teatro argentino\"],\"articleSection\":[\"Cultura\",\"Especiales\"],\"inLanguage\":\"es\"},{\"@type\":\"WebPage\",\"@id\":\"https:\\\/\\\/noticiasmercedinas.com\\\/site\\\/2025\\\/08\\\/02\\\/agustin-castro-se-presento-como-solista-en-el-teatro-argentino-con-un-show-intimo-y-honesto\\\/\",\"url\":\"https:\\\/\\\/noticiasmercedinas.com\\\/site\\\/2025\\\/08\\\/02\\\/agustin-castro-se-presento-como-solista-en-el-teatro-argentino-con-un-show-intimo-y-honesto\\\/\",\"name\":\"Agust\u00edn Castro se present\u00f3 como solista en el Teatro Argentino con un show \u00edntimo y honesto\",\"isPartOf\":{\"@id\":\"https:\\\/\\\/noticiasmercedinas.com\\\/site\\\/#website\"},\"primaryImageOfPage\":{\"@id\":\"https:\\\/\\\/noticiasmercedinas.com\\\/site\\\/2025\\\/08\\\/02\\\/agustin-castro-se-presento-como-solista-en-el-teatro-argentino-con-un-show-intimo-y-honesto\\\/#primaryimage\"},\"image\":{\"@id\":\"https:\\\/\\\/noticiasmercedinas.com\\\/site\\\/2025\\\/08\\\/02\\\/agustin-castro-se-presento-como-solista-en-el-teatro-argentino-con-un-show-intimo-y-honesto\\\/#primaryimage\"},\"thumbnailUrl\":\"https:\\\/\\\/noticiasmercedinas.com\\\/site\\\/wp-content\\\/uploads\\\/2025\\\/08\\\/IMG-20250801-WA00742-scaled.jpg\",\"datePublished\":\"2025-08-02T12:49:33+00:00\",\"dateModified\":\"2025-08-02T19:01:00+00:00\",\"description\":\"El cantautor mercedino present\u00f3 canciones propias y versiones con un enfoque singular, acompa\u00f1ado por m\u00fasicos invitados y su familia\",\"breadcrumb\":{\"@id\":\"https:\\\/\\\/noticiasmercedinas.com\\\/site\\\/2025\\\/08\\\/02\\\/agustin-castro-se-presento-como-solista-en-el-teatro-argentino-con-un-show-intimo-y-honesto\\\/#breadcrumb\"},\"inLanguage\":\"es\",\"potentialAction\":[{\"@type\":\"ReadAction\",\"target\":[\"https:\\\/\\\/noticiasmercedinas.com\\\/site\\\/2025\\\/08\\\/02\\\/agustin-castro-se-presento-como-solista-en-el-teatro-argentino-con-un-show-intimo-y-honesto\\\/\"]}]},{\"@type\":\"ImageObject\",\"inLanguage\":\"es\",\"@id\":\"https:\\\/\\\/noticiasmercedinas.com\\\/site\\\/2025\\\/08\\\/02\\\/agustin-castro-se-presento-como-solista-en-el-teatro-argentino-con-un-show-intimo-y-honesto\\\/#primaryimage\",\"url\":\"https:\\\/\\\/noticiasmercedinas.com\\\/site\\\/wp-content\\\/uploads\\\/2025\\\/08\\\/IMG-20250801-WA00742-scaled.jpg\",\"contentUrl\":\"https:\\\/\\\/noticiasmercedinas.com\\\/site\\\/wp-content\\\/uploads\\\/2025\\\/08\\\/IMG-20250801-WA00742-scaled.jpg\",\"width\":2560,\"height\":1920},{\"@type\":\"BreadcrumbList\",\"@id\":\"https:\\\/\\\/noticiasmercedinas.com\\\/site\\\/2025\\\/08\\\/02\\\/agustin-castro-se-presento-como-solista-en-el-teatro-argentino-con-un-show-intimo-y-honesto\\\/#breadcrumb\",\"itemListElement\":[{\"@type\":\"ListItem\",\"position\":1,\"name\":\"Portada\",\"item\":\"https:\\\/\\\/noticiasmercedinas.com\\\/site\\\/\"},{\"@type\":\"ListItem\",\"position\":2,\"name\":\"Agust\u00edn Castro se present\u00f3 como solista en el Teatro Argentino con un show \u00edntimo y honesto\"}]},{\"@type\":\"WebSite\",\"@id\":\"https:\\\/\\\/noticiasmercedinas.com\\\/site\\\/#website\",\"url\":\"https:\\\/\\\/noticiasmercedinas.com\\\/site\\\/\",\"name\":\"NOTICIASMERCEDINAS.COM\",\"description\":\"Mercedes, Buenos Aires, Argentina\",\"publisher\":{\"@id\":\"https:\\\/\\\/noticiasmercedinas.com\\\/site\\\/#organization\"},\"potentialAction\":[{\"@type\":\"SearchAction\",\"target\":{\"@type\":\"EntryPoint\",\"urlTemplate\":\"https:\\\/\\\/noticiasmercedinas.com\\\/site\\\/?s={search_term_string}\"},\"query-input\":{\"@type\":\"PropertyValueSpecification\",\"valueRequired\":true,\"valueName\":\"search_term_string\"}}],\"inLanguage\":\"es\"},{\"@type\":\"Organization\",\"@id\":\"https:\\\/\\\/noticiasmercedinas.com\\\/site\\\/#organization\",\"name\":\"NOTICIASMERCEDINAS.COM\",\"url\":\"https:\\\/\\\/noticiasmercedinas.com\\\/site\\\/\",\"logo\":{\"@type\":\"ImageObject\",\"inLanguage\":\"es\",\"@id\":\"https:\\\/\\\/noticiasmercedinas.com\\\/site\\\/#\\\/schema\\\/logo\\\/image\\\/\",\"url\":\"https:\\\/\\\/noticiasmercedinas.com\\\/site\\\/wp-content\\\/uploads\\\/2020\\\/06\\\/LOGO-512.jpg\",\"contentUrl\":\"https:\\\/\\\/noticiasmercedinas.com\\\/site\\\/wp-content\\\/uploads\\\/2020\\\/06\\\/LOGO-512.jpg\",\"width\":512,\"height\":512,\"caption\":\"NOTICIASMERCEDINAS.COM\"},\"image\":{\"@id\":\"https:\\\/\\\/noticiasmercedinas.com\\\/site\\\/#\\\/schema\\\/logo\\\/image\\\/\"},\"sameAs\":[\"https:\\\/\\\/www.facebook.com\\\/noticiasmercedinas\\\/\",\"https:\\\/\\\/x.com\\\/notmercedinas\",\"https:\\\/\\\/www.instagram.com\\\/noticiasmercedinas\\\/\"]},{\"@type\":\"Person\",\"@id\":\"https:\\\/\\\/noticiasmercedinas.com\\\/site\\\/#\\\/schema\\\/person\\\/d481a9696a5feaec13a60e2bbd991a6a\",\"name\":\"Cristian Falabella NOTICIASMERCEDINAS.COM\",\"image\":{\"@type\":\"ImageObject\",\"inLanguage\":\"es\",\"@id\":\"https:\\\/\\\/secure.gravatar.com\\\/avatar\\\/0dbbfc45970cc46bcd0e57766228574ff3511d6eed045b182f536f0f478c1f06?s=96&d=mm&r=g\",\"url\":\"https:\\\/\\\/secure.gravatar.com\\\/avatar\\\/0dbbfc45970cc46bcd0e57766228574ff3511d6eed045b182f536f0f478c1f06?s=96&d=mm&r=g\",\"contentUrl\":\"https:\\\/\\\/secure.gravatar.com\\\/avatar\\\/0dbbfc45970cc46bcd0e57766228574ff3511d6eed045b182f536f0f478c1f06?s=96&d=mm&r=g\",\"caption\":\"Cristian Falabella NOTICIASMERCEDINAS.COM\"},\"description\":\"Periodista, editor de Noticias Mercedinas. Pas\u00f3 por varias redacciones y emprendimientos de prensa, en distintos formatos y \u00e9pocas. Se especializ\u00f3 --y sigue haci\u00e9ndolo-- en comunicaci\u00f3n en la web y en junio de 2006 fund\u00f3 este diario digital.\",\"sameAs\":[\"https:\\\/\\\/noticiasmercedinas.com\",\"https:\\\/\\\/www.facebook.com\\\/cristian.falabella\",\"https:\\\/\\\/www.instagram.com\\\/noticiasmercedinas\\\/\",\"https:\\\/\\\/x.com\\\/https:\\\/\\\/twitter.com\\\/NOTMERCEDINAS\"],\"url\":\"https:\\\/\\\/noticiasmercedinas.com\\\/site\\\/author\\\/as000384\\\/\"}]}<\/script>\n<!-- \/ Yoast SEO plugin. -->","yoast_head_json":{"title":"Agust\u00edn Castro se present\u00f3 como solista en el Teatro Argentino con un show \u00edntimo y honesto","description":"El cantautor mercedino present\u00f3 canciones propias y versiones con un enfoque singular, acompa\u00f1ado por m\u00fasicos invitados y su familia","robots":{"index":"index","follow":"follow","max-snippet":"max-snippet:-1","max-image-preview":"max-image-preview:large","max-video-preview":"max-video-preview:-1"},"canonical":"https:\/\/noticiasmercedinas.com\/site\/2025\/08\/02\/agustin-castro-se-presento-como-solista-en-el-teatro-argentino-con-un-show-intimo-y-honesto\/","og_locale":"es_ES","og_type":"article","og_title":"Agust\u00edn Castro se present\u00f3 como solista en el Teatro Argentino con un show \u00edntimo y honesto","og_description":"El cantautor mercedino present\u00f3 canciones propias y versiones con un enfoque singular, acompa\u00f1ado por m\u00fasicos invitados y su familia","og_url":"https:\/\/noticiasmercedinas.com\/site\/2025\/08\/02\/agustin-castro-se-presento-como-solista-en-el-teatro-argentino-con-un-show-intimo-y-honesto\/","og_site_name":"NOTICIASMERCEDINAS.COM","article_publisher":"https:\/\/www.facebook.com\/noticiasmercedinas\/","article_author":"https:\/\/www.facebook.com\/cristian.falabella","article_published_time":"2025-08-02T12:49:33+00:00","article_modified_time":"2025-08-02T19:01:00+00:00","og_image":[{"width":2560,"height":1920,"url":"https:\/\/noticiasmercedinas.com\/site\/wp-content\/uploads\/2025\/08\/IMG-20250801-WA00742-scaled.jpg","type":"image\/jpeg"}],"author":"Cristian Falabella NOTICIASMERCEDINAS.COM","twitter_card":"summary_large_image","twitter_creator":"@https:\/\/twitter.com\/NOTMERCEDINAS","twitter_site":"@notmercedinas","twitter_misc":{"Escrito por":"Cristian Falabella NOTICIASMERCEDINAS.COM","Tiempo de lectura":"4 minutos"},"schema":{"@context":"https:\/\/schema.org","@graph":[{"@type":"Article","@id":"https:\/\/noticiasmercedinas.com\/site\/2025\/08\/02\/agustin-castro-se-presento-como-solista-en-el-teatro-argentino-con-un-show-intimo-y-honesto\/#article","isPartOf":{"@id":"https:\/\/noticiasmercedinas.com\/site\/2025\/08\/02\/agustin-castro-se-presento-como-solista-en-el-teatro-argentino-con-un-show-intimo-y-honesto\/"},"author":{"name":"Cristian Falabella NOTICIASMERCEDINAS.COM","@id":"https:\/\/noticiasmercedinas.com\/site\/#\/schema\/person\/d481a9696a5feaec13a60e2bbd991a6a"},"headline":"Agust\u00edn Castro se present\u00f3 como solista en el Teatro Argentino con un show \u00edntimo y honesto","datePublished":"2025-08-02T12:49:33+00:00","dateModified":"2025-08-02T19:01:00+00:00","mainEntityOfPage":{"@id":"https:\/\/noticiasmercedinas.com\/site\/2025\/08\/02\/agustin-castro-se-presento-como-solista-en-el-teatro-argentino-con-un-show-intimo-y-honesto\/"},"wordCount":725,"publisher":{"@id":"https:\/\/noticiasmercedinas.com\/site\/#organization"},"image":{"@id":"https:\/\/noticiasmercedinas.com\/site\/2025\/08\/02\/agustin-castro-se-presento-como-solista-en-el-teatro-argentino-con-un-show-intimo-y-honesto\/#primaryimage"},"thumbnailUrl":"https:\/\/noticiasmercedinas.com\/site\/wp-content\/uploads\/2025\/08\/IMG-20250801-WA00742-scaled.jpg","keywords":["Agustin Castro","Manuel Maturo","nano espindola","Oscar Rosello","Santiago Bustos Berrondo","teatro argentino"],"articleSection":["Cultura","Especiales"],"inLanguage":"es"},{"@type":"WebPage","@id":"https:\/\/noticiasmercedinas.com\/site\/2025\/08\/02\/agustin-castro-se-presento-como-solista-en-el-teatro-argentino-con-un-show-intimo-y-honesto\/","url":"https:\/\/noticiasmercedinas.com\/site\/2025\/08\/02\/agustin-castro-se-presento-como-solista-en-el-teatro-argentino-con-un-show-intimo-y-honesto\/","name":"Agust\u00edn Castro se present\u00f3 como solista en el Teatro Argentino con un show \u00edntimo y honesto","isPartOf":{"@id":"https:\/\/noticiasmercedinas.com\/site\/#website"},"primaryImageOfPage":{"@id":"https:\/\/noticiasmercedinas.com\/site\/2025\/08\/02\/agustin-castro-se-presento-como-solista-en-el-teatro-argentino-con-un-show-intimo-y-honesto\/#primaryimage"},"image":{"@id":"https:\/\/noticiasmercedinas.com\/site\/2025\/08\/02\/agustin-castro-se-presento-como-solista-en-el-teatro-argentino-con-un-show-intimo-y-honesto\/#primaryimage"},"thumbnailUrl":"https:\/\/noticiasmercedinas.com\/site\/wp-content\/uploads\/2025\/08\/IMG-20250801-WA00742-scaled.jpg","datePublished":"2025-08-02T12:49:33+00:00","dateModified":"2025-08-02T19:01:00+00:00","description":"El cantautor mercedino present\u00f3 canciones propias y versiones con un enfoque singular, acompa\u00f1ado por m\u00fasicos invitados y su familia","breadcrumb":{"@id":"https:\/\/noticiasmercedinas.com\/site\/2025\/08\/02\/agustin-castro-se-presento-como-solista-en-el-teatro-argentino-con-un-show-intimo-y-honesto\/#breadcrumb"},"inLanguage":"es","potentialAction":[{"@type":"ReadAction","target":["https:\/\/noticiasmercedinas.com\/site\/2025\/08\/02\/agustin-castro-se-presento-como-solista-en-el-teatro-argentino-con-un-show-intimo-y-honesto\/"]}]},{"@type":"ImageObject","inLanguage":"es","@id":"https:\/\/noticiasmercedinas.com\/site\/2025\/08\/02\/agustin-castro-se-presento-como-solista-en-el-teatro-argentino-con-un-show-intimo-y-honesto\/#primaryimage","url":"https:\/\/noticiasmercedinas.com\/site\/wp-content\/uploads\/2025\/08\/IMG-20250801-WA00742-scaled.jpg","contentUrl":"https:\/\/noticiasmercedinas.com\/site\/wp-content\/uploads\/2025\/08\/IMG-20250801-WA00742-scaled.jpg","width":2560,"height":1920},{"@type":"BreadcrumbList","@id":"https:\/\/noticiasmercedinas.com\/site\/2025\/08\/02\/agustin-castro-se-presento-como-solista-en-el-teatro-argentino-con-un-show-intimo-y-honesto\/#breadcrumb","itemListElement":[{"@type":"ListItem","position":1,"name":"Portada","item":"https:\/\/noticiasmercedinas.com\/site\/"},{"@type":"ListItem","position":2,"name":"Agust\u00edn Castro se present\u00f3 como solista en el Teatro Argentino con un show \u00edntimo y honesto"}]},{"@type":"WebSite","@id":"https:\/\/noticiasmercedinas.com\/site\/#website","url":"https:\/\/noticiasmercedinas.com\/site\/","name":"NOTICIASMERCEDINAS.COM","description":"Mercedes, Buenos Aires, Argentina","publisher":{"@id":"https:\/\/noticiasmercedinas.com\/site\/#organization"},"potentialAction":[{"@type":"SearchAction","target":{"@type":"EntryPoint","urlTemplate":"https:\/\/noticiasmercedinas.com\/site\/?s={search_term_string}"},"query-input":{"@type":"PropertyValueSpecification","valueRequired":true,"valueName":"search_term_string"}}],"inLanguage":"es"},{"@type":"Organization","@id":"https:\/\/noticiasmercedinas.com\/site\/#organization","name":"NOTICIASMERCEDINAS.COM","url":"https:\/\/noticiasmercedinas.com\/site\/","logo":{"@type":"ImageObject","inLanguage":"es","@id":"https:\/\/noticiasmercedinas.com\/site\/#\/schema\/logo\/image\/","url":"https:\/\/noticiasmercedinas.com\/site\/wp-content\/uploads\/2020\/06\/LOGO-512.jpg","contentUrl":"https:\/\/noticiasmercedinas.com\/site\/wp-content\/uploads\/2020\/06\/LOGO-512.jpg","width":512,"height":512,"caption":"NOTICIASMERCEDINAS.COM"},"image":{"@id":"https:\/\/noticiasmercedinas.com\/site\/#\/schema\/logo\/image\/"},"sameAs":["https:\/\/www.facebook.com\/noticiasmercedinas\/","https:\/\/x.com\/notmercedinas","https:\/\/www.instagram.com\/noticiasmercedinas\/"]},{"@type":"Person","@id":"https:\/\/noticiasmercedinas.com\/site\/#\/schema\/person\/d481a9696a5feaec13a60e2bbd991a6a","name":"Cristian Falabella NOTICIASMERCEDINAS.COM","image":{"@type":"ImageObject","inLanguage":"es","@id":"https:\/\/secure.gravatar.com\/avatar\/0dbbfc45970cc46bcd0e57766228574ff3511d6eed045b182f536f0f478c1f06?s=96&d=mm&r=g","url":"https:\/\/secure.gravatar.com\/avatar\/0dbbfc45970cc46bcd0e57766228574ff3511d6eed045b182f536f0f478c1f06?s=96&d=mm&r=g","contentUrl":"https:\/\/secure.gravatar.com\/avatar\/0dbbfc45970cc46bcd0e57766228574ff3511d6eed045b182f536f0f478c1f06?s=96&d=mm&r=g","caption":"Cristian Falabella NOTICIASMERCEDINAS.COM"},"description":"Periodista, editor de Noticias Mercedinas. Pas\u00f3 por varias redacciones y emprendimientos de prensa, en distintos formatos y \u00e9pocas. Se especializ\u00f3 --y sigue haci\u00e9ndolo-- en comunicaci\u00f3n en la web y en junio de 2006 fund\u00f3 este diario digital.","sameAs":["https:\/\/noticiasmercedinas.com","https:\/\/www.facebook.com\/cristian.falabella","https:\/\/www.instagram.com\/noticiasmercedinas\/","https:\/\/x.com\/https:\/\/twitter.com\/NOTMERCEDINAS"],"url":"https:\/\/noticiasmercedinas.com\/site\/author\/as000384\/"}]}},"amp_enabled":true,"_links":{"self":[{"href":"https:\/\/noticiasmercedinas.com\/site\/wp-json\/wp\/v2\/posts\/165686","targetHints":{"allow":["GET"]}}],"collection":[{"href":"https:\/\/noticiasmercedinas.com\/site\/wp-json\/wp\/v2\/posts"}],"about":[{"href":"https:\/\/noticiasmercedinas.com\/site\/wp-json\/wp\/v2\/types\/post"}],"author":[{"embeddable":true,"href":"https:\/\/noticiasmercedinas.com\/site\/wp-json\/wp\/v2\/users\/2"}],"replies":[{"embeddable":true,"href":"https:\/\/noticiasmercedinas.com\/site\/wp-json\/wp\/v2\/comments?post=165686"}],"version-history":[{"count":6,"href":"https:\/\/noticiasmercedinas.com\/site\/wp-json\/wp\/v2\/posts\/165686\/revisions"}],"predecessor-version":[{"id":165747,"href":"https:\/\/noticiasmercedinas.com\/site\/wp-json\/wp\/v2\/posts\/165686\/revisions\/165747"}],"wp:featuredmedia":[{"embeddable":true,"href":"https:\/\/noticiasmercedinas.com\/site\/wp-json\/wp\/v2\/media\/165692"}],"wp:attachment":[{"href":"https:\/\/noticiasmercedinas.com\/site\/wp-json\/wp\/v2\/media?parent=165686"}],"wp:term":[{"taxonomy":"category","embeddable":true,"href":"https:\/\/noticiasmercedinas.com\/site\/wp-json\/wp\/v2\/categories?post=165686"},{"taxonomy":"post_tag","embeddable":true,"href":"https:\/\/noticiasmercedinas.com\/site\/wp-json\/wp\/v2\/tags?post=165686"}],"curies":[{"name":"wp","href":"https:\/\/api.w.org\/{rel}","templated":true}]}}