{"id":165732,"date":"2025-08-02T13:45:31","date_gmt":"2025-08-02T16:45:31","guid":{"rendered":"https:\/\/noticiasmercedinas.com\/site\/?p=165732"},"modified":"2025-08-02T13:51:38","modified_gmt":"2025-08-02T16:51:38","slug":"diputada-vanesa-siley-impulsa-sesion-especial-en-diputados-para-tratar-temas-clave-de-salud-educacion-y-soberania","status":"publish","type":"post","link":"https:\/\/noticiasmercedinas.com\/site\/2025\/08\/02\/diputada-vanesa-siley-impulsa-sesion-especial-en-diputados-para-tratar-temas-clave-de-salud-educacion-y-soberania\/","title":{"rendered":"Diputada Vanesa Siley impulsa sesi\u00f3n especial en Diputados para tratar temas clave de salud, educaci\u00f3n y soberan\u00eda"},"content":{"rendered":"<p><img loading=\"lazy\" decoding=\"async\" class=\"alignnone size-full wp-image-139206\" src=\"https:\/\/noticiasmercedinas.com\/site\/wp-content\/uploads\/2024\/06\/SILEY.jpg\" alt=\"\" width=\"640\" height=\"456\" srcset=\"https:\/\/noticiasmercedinas.com\/site\/wp-content\/uploads\/2024\/06\/SILEY.jpg 640w, https:\/\/noticiasmercedinas.com\/site\/wp-content\/uploads\/2024\/06\/SILEY-300x214.jpg 300w\" sizes=\"auto, (max-width: 640px) 100vw, 640px\" \/><\/p>\n<p>La diputada nacional mercedina <strong>Vanesa Siley<\/strong> (Uni\u00f3n por la Patria) es una de las firmantes del pedido de sesi\u00f3n especial para el mi\u00e9rcoles 6 de agosto a las 12 horas en la C\u00e1mara de Diputados de la Naci\u00f3n.<\/p>\n<p>El pedido, elevado al presidente del cuerpo Mart\u00edn Menem, cuenta con el respaldo de legisladores y legisladoras de distintas fuerzas pol\u00edticas y busca tratar un temario amplio que incluye proyectos sobre salud, financiamiento educativo, emergencia en zonas afectadas por cat\u00e1strofes y el rechazo a decretos del Poder Ejecutivo.<\/p>\n<blockquote><p>\u201c\u00a1Necesitamos lograr qu\u00f3rum!\u201d, remarc\u00f3, en alusi\u00f3n a la necesidad de reunir a la mayor\u00eda del cuerpo legislativo para habilitar el debate.<\/p><\/blockquote>\n<p>Entre los puntos destacados de la solicitud se encuentran el financiamiento de la educaci\u00f3n universitaria y la recomposici\u00f3n del salario docente, la declaraci\u00f3n de emergencia sanitaria en el Hospital Garrahan y en las residencias pedi\u00e1tricas nacionales, y el rechazo a decretos que, seg\u00fan expresan los firmantes, \u201cdisuelven Vialidad Nacional, desguazan el INTA, el INTI, el Instituto Nacional del Teatro, el Banco Nacional de Datos Gen\u00e9ticos y otros organismos fundamentales para la cultura y la soberan\u00eda del pa\u00eds\u201d.<\/p>\n<p>Tambi\u00e9n se pide avanzar con la declaraci\u00f3n de emergencia y situaci\u00f3n de cat\u00e1strofe en la provincia de Buenos Aires, especialmente en Bah\u00eda Blanca y Coronel Rosales, luego de que un proyecto anterior fuera devuelto con observaciones por parte del Poder Ejecutivo.<\/p>\n<p>\u201cPor nuestros laburantes, por nuestro Pueblo, por la defensa de la memoria, la cultura y la soberan\u00eda Argentina\u201d, expres\u00f3 Siley en sus redes sociales al anunciar el pedido de sesi\u00f3n. \u201c\u00a1Necesitamos lograr qu\u00f3rum!\u201d, remarc\u00f3, en alusi\u00f3n a la necesidad de reunir a la mayor\u00eda del cuerpo legislativo para habilitar el debate.<\/p>\n<p>La sesi\u00f3n tambi\u00e9n contempla el tratamiento de proyectos vinculados a la promoci\u00f3n de la salud cerebral, la protecci\u00f3n del sistema cient\u00edfico nacional, y la creaci\u00f3n de una comisi\u00f3n investigadora sobre la criptomoneda Libra. Asimismo, se analizar\u00e1n decretos que disponen la disoluci\u00f3n o transformaci\u00f3n de organismos del Ministerio de Econom\u00eda, de la Secretar\u00eda de Cultura y del \u00e1rea de Transporte.<\/p>\n","protected":false},"excerpt":{"rendered":"<p>\u25a0 El pedido, elevado al presidente del cuerpo Mart\u00edn Menem, cuenta con el respaldo de legisladores y legisladoras de distintas fuerzas pol\u00edticas y busca tratar un temario amplio<\/p>\n","protected":false},"author":16,"featured_media":139206,"comment_status":"closed","ping_status":"closed","sticky":false,"template":"","format":"standard","meta":{"footnotes":""},"categories":[16],"tags":[10340,174,71,657,51],"class_list":["post-165732","post","type-post","status-publish","format-standard","has-post-thumbnail","hentry","category-politica","tag-diputada","tag-diputados","tag-salud","tag-soberania","tag-vanesa-siley"],"yoast_head":"<!-- This site is optimized with the Yoast SEO plugin v27.4 - https:\/\/yoast.com\/product\/yoast-seo-wordpress\/ -->\n<title>Diputada Vanesa Siley impulsa sesi\u00f3n especial en Diputados para tratar temas clave de salud, educaci\u00f3n y soberan\u00eda<\/title>\n<meta name=\"description\" content=\"El pedido, elevado al presidente del cuerpo Mart\u00edn Menem, cuenta con el respaldo de legisladores y legisladoras de distintas fuerzas pol\u00edticas y busca tratar un temario amplio\" \/>\n<meta name=\"robots\" content=\"index, follow, max-snippet:-1, max-image-preview:large, max-video-preview:-1\" \/>\n<link rel=\"canonical\" href=\"https:\/\/noticiasmercedinas.com\/site\/2025\/08\/02\/diputada-vanesa-siley-impulsa-sesion-especial-en-diputados-para-tratar-temas-clave-de-salud-educacion-y-soberania\/\" \/>\n<meta property=\"og:locale\" content=\"es_ES\" \/>\n<meta property=\"og:type\" content=\"article\" \/>\n<meta property=\"og:title\" content=\"Diputada Vanesa Siley impulsa sesi\u00f3n especial en Diputados para tratar temas clave de salud, educaci\u00f3n y soberan\u00eda\" \/>\n<meta property=\"og:description\" content=\"El pedido, elevado al presidente del cuerpo Mart\u00edn Menem, cuenta con el respaldo de legisladores y legisladoras de distintas fuerzas pol\u00edticas y busca tratar un temario amplio\" \/>\n<meta property=\"og:url\" content=\"https:\/\/noticiasmercedinas.com\/site\/2025\/08\/02\/diputada-vanesa-siley-impulsa-sesion-especial-en-diputados-para-tratar-temas-clave-de-salud-educacion-y-soberania\/\" \/>\n<meta property=\"og:site_name\" content=\"NOTICIASMERCEDINAS.COM\" \/>\n<meta property=\"article:publisher\" content=\"https:\/\/www.facebook.com\/noticiasmercedinas\/\" \/>\n<meta property=\"article:published_time\" content=\"2025-08-02T16:45:31+00:00\" \/>\n<meta property=\"article:modified_time\" content=\"2025-08-02T16:51:38+00:00\" \/>\n<meta property=\"og:image\" content=\"https:\/\/noticiasmercedinas.com\/site\/wp-content\/uploads\/2024\/06\/SILEY.jpg\" \/>\n\t<meta property=\"og:image:width\" content=\"640\" \/>\n\t<meta property=\"og:image:height\" content=\"456\" \/>\n\t<meta property=\"og:image:type\" content=\"image\/jpeg\" \/>\n<meta name=\"author\" content=\"NOTICIASMERCEDINAS.COM\" \/>\n<meta name=\"twitter:card\" content=\"summary_large_image\" \/>\n<meta name=\"twitter:creator\" content=\"@notmercedinas\" \/>\n<meta name=\"twitter:site\" content=\"@notmercedinas\" \/>\n<meta name=\"twitter:label1\" content=\"Escrito por\" \/>\n\t<meta name=\"twitter:data1\" content=\"NOTICIASMERCEDINAS.COM\" \/>\n\t<meta name=\"twitter:label2\" content=\"Tiempo de lectura\" \/>\n\t<meta name=\"twitter:data2\" content=\"2 minutos\" \/>\n<script type=\"application\/ld+json\" class=\"yoast-schema-graph\">{\"@context\":\"https:\\\/\\\/schema.org\",\"@graph\":[{\"@type\":\"Article\",\"@id\":\"https:\\\/\\\/noticiasmercedinas.com\\\/site\\\/2025\\\/08\\\/02\\\/diputada-vanesa-siley-impulsa-sesion-especial-en-diputados-para-tratar-temas-clave-de-salud-educacion-y-soberania\\\/#article\",\"isPartOf\":{\"@id\":\"https:\\\/\\\/noticiasmercedinas.com\\\/site\\\/2025\\\/08\\\/02\\\/diputada-vanesa-siley-impulsa-sesion-especial-en-diputados-para-tratar-temas-clave-de-salud-educacion-y-soberania\\\/\"},\"author\":{\"name\":\"NOTICIASMERCEDINAS.COM\",\"@id\":\"https:\\\/\\\/noticiasmercedinas.com\\\/site\\\/#\\\/schema\\\/person\\\/84b59c099c28ff2e8b77d4ceec5d8063\"},\"headline\":\"Diputada Vanesa Siley impulsa sesi\u00f3n especial en Diputados para tratar temas clave de salud, educaci\u00f3n y soberan\u00eda\",\"datePublished\":\"2025-08-02T16:45:31+00:00\",\"dateModified\":\"2025-08-02T16:51:38+00:00\",\"mainEntityOfPage\":{\"@id\":\"https:\\\/\\\/noticiasmercedinas.com\\\/site\\\/2025\\\/08\\\/02\\\/diputada-vanesa-siley-impulsa-sesion-especial-en-diputados-para-tratar-temas-clave-de-salud-educacion-y-soberania\\\/\"},\"wordCount\":394,\"publisher\":{\"@id\":\"https:\\\/\\\/noticiasmercedinas.com\\\/site\\\/#organization\"},\"image\":{\"@id\":\"https:\\\/\\\/noticiasmercedinas.com\\\/site\\\/2025\\\/08\\\/02\\\/diputada-vanesa-siley-impulsa-sesion-especial-en-diputados-para-tratar-temas-clave-de-salud-educacion-y-soberania\\\/#primaryimage\"},\"thumbnailUrl\":\"https:\\\/\\\/noticiasmercedinas.com\\\/site\\\/wp-content\\\/uploads\\\/2024\\\/06\\\/SILEY.jpg\",\"keywords\":[\"diputada\",\"diputados\",\"salud\",\"soberania\",\"vanesa siley\"],\"articleSection\":[\"Politica\"],\"inLanguage\":\"es\"},{\"@type\":\"WebPage\",\"@id\":\"https:\\\/\\\/noticiasmercedinas.com\\\/site\\\/2025\\\/08\\\/02\\\/diputada-vanesa-siley-impulsa-sesion-especial-en-diputados-para-tratar-temas-clave-de-salud-educacion-y-soberania\\\/\",\"url\":\"https:\\\/\\\/noticiasmercedinas.com\\\/site\\\/2025\\\/08\\\/02\\\/diputada-vanesa-siley-impulsa-sesion-especial-en-diputados-para-tratar-temas-clave-de-salud-educacion-y-soberania\\\/\",\"name\":\"Diputada Vanesa Siley impulsa sesi\u00f3n especial en Diputados para tratar temas clave de salud, educaci\u00f3n y soberan\u00eda\",\"isPartOf\":{\"@id\":\"https:\\\/\\\/noticiasmercedinas.com\\\/site\\\/#website\"},\"primaryImageOfPage\":{\"@id\":\"https:\\\/\\\/noticiasmercedinas.com\\\/site\\\/2025\\\/08\\\/02\\\/diputada-vanesa-siley-impulsa-sesion-especial-en-diputados-para-tratar-temas-clave-de-salud-educacion-y-soberania\\\/#primaryimage\"},\"image\":{\"@id\":\"https:\\\/\\\/noticiasmercedinas.com\\\/site\\\/2025\\\/08\\\/02\\\/diputada-vanesa-siley-impulsa-sesion-especial-en-diputados-para-tratar-temas-clave-de-salud-educacion-y-soberania\\\/#primaryimage\"},\"thumbnailUrl\":\"https:\\\/\\\/noticiasmercedinas.com\\\/site\\\/wp-content\\\/uploads\\\/2024\\\/06\\\/SILEY.jpg\",\"datePublished\":\"2025-08-02T16:45:31+00:00\",\"dateModified\":\"2025-08-02T16:51:38+00:00\",\"description\":\"El pedido, elevado al presidente del cuerpo Mart\u00edn Menem, cuenta con el respaldo de legisladores y legisladoras de distintas fuerzas pol\u00edticas y busca tratar un temario amplio\",\"breadcrumb\":{\"@id\":\"https:\\\/\\\/noticiasmercedinas.com\\\/site\\\/2025\\\/08\\\/02\\\/diputada-vanesa-siley-impulsa-sesion-especial-en-diputados-para-tratar-temas-clave-de-salud-educacion-y-soberania\\\/#breadcrumb\"},\"inLanguage\":\"es\",\"potentialAction\":[{\"@type\":\"ReadAction\",\"target\":[\"https:\\\/\\\/noticiasmercedinas.com\\\/site\\\/2025\\\/08\\\/02\\\/diputada-vanesa-siley-impulsa-sesion-especial-en-diputados-para-tratar-temas-clave-de-salud-educacion-y-soberania\\\/\"]}]},{\"@type\":\"ImageObject\",\"inLanguage\":\"es\",\"@id\":\"https:\\\/\\\/noticiasmercedinas.com\\\/site\\\/2025\\\/08\\\/02\\\/diputada-vanesa-siley-impulsa-sesion-especial-en-diputados-para-tratar-temas-clave-de-salud-educacion-y-soberania\\\/#primaryimage\",\"url\":\"https:\\\/\\\/noticiasmercedinas.com\\\/site\\\/wp-content\\\/uploads\\\/2024\\\/06\\\/SILEY.jpg\",\"contentUrl\":\"https:\\\/\\\/noticiasmercedinas.com\\\/site\\\/wp-content\\\/uploads\\\/2024\\\/06\\\/SILEY.jpg\",\"width\":640,\"height\":456},{\"@type\":\"BreadcrumbList\",\"@id\":\"https:\\\/\\\/noticiasmercedinas.com\\\/site\\\/2025\\\/08\\\/02\\\/diputada-vanesa-siley-impulsa-sesion-especial-en-diputados-para-tratar-temas-clave-de-salud-educacion-y-soberania\\\/#breadcrumb\",\"itemListElement\":[{\"@type\":\"ListItem\",\"position\":1,\"name\":\"Portada\",\"item\":\"https:\\\/\\\/noticiasmercedinas.com\\\/site\\\/\"},{\"@type\":\"ListItem\",\"position\":2,\"name\":\"Diputada Vanesa Siley impulsa sesi\u00f3n especial en Diputados para tratar temas clave de salud, educaci\u00f3n y soberan\u00eda\"}]},{\"@type\":\"WebSite\",\"@id\":\"https:\\\/\\\/noticiasmercedinas.com\\\/site\\\/#website\",\"url\":\"https:\\\/\\\/noticiasmercedinas.com\\\/site\\\/\",\"name\":\"NOTICIASMERCEDINAS.COM\",\"description\":\"Mercedes, Buenos Aires, Argentina\",\"publisher\":{\"@id\":\"https:\\\/\\\/noticiasmercedinas.com\\\/site\\\/#organization\"},\"potentialAction\":[{\"@type\":\"SearchAction\",\"target\":{\"@type\":\"EntryPoint\",\"urlTemplate\":\"https:\\\/\\\/noticiasmercedinas.com\\\/site\\\/?s={search_term_string}\"},\"query-input\":{\"@type\":\"PropertyValueSpecification\",\"valueRequired\":true,\"valueName\":\"search_term_string\"}}],\"inLanguage\":\"es\"},{\"@type\":\"Organization\",\"@id\":\"https:\\\/\\\/noticiasmercedinas.com\\\/site\\\/#organization\",\"name\":\"NOTICIASMERCEDINAS.COM\",\"url\":\"https:\\\/\\\/noticiasmercedinas.com\\\/site\\\/\",\"logo\":{\"@type\":\"ImageObject\",\"inLanguage\":\"es\",\"@id\":\"https:\\\/\\\/noticiasmercedinas.com\\\/site\\\/#\\\/schema\\\/logo\\\/image\\\/\",\"url\":\"https:\\\/\\\/noticiasmercedinas.com\\\/site\\\/wp-content\\\/uploads\\\/2020\\\/06\\\/LOGO-512.jpg\",\"contentUrl\":\"https:\\\/\\\/noticiasmercedinas.com\\\/site\\\/wp-content\\\/uploads\\\/2020\\\/06\\\/LOGO-512.jpg\",\"width\":512,\"height\":512,\"caption\":\"NOTICIASMERCEDINAS.COM\"},\"image\":{\"@id\":\"https:\\\/\\\/noticiasmercedinas.com\\\/site\\\/#\\\/schema\\\/logo\\\/image\\\/\"},\"sameAs\":[\"https:\\\/\\\/www.facebook.com\\\/noticiasmercedinas\\\/\",\"https:\\\/\\\/x.com\\\/notmercedinas\",\"https:\\\/\\\/www.instagram.com\\\/noticiasmercedinas\\\/\"]},{\"@type\":\"Person\",\"@id\":\"https:\\\/\\\/noticiasmercedinas.com\\\/site\\\/#\\\/schema\\\/person\\\/84b59c099c28ff2e8b77d4ceec5d8063\",\"name\":\"NOTICIASMERCEDINAS.COM\",\"image\":{\"@type\":\"ImageObject\",\"inLanguage\":\"es\",\"@id\":\"https:\\\/\\\/secure.gravatar.com\\\/avatar\\\/4dfbf16b4d17945bfb6341b2d19043457132fcf478a5ee04f42e959fd8f5df0a?s=96&d=mm&r=g\",\"url\":\"https:\\\/\\\/secure.gravatar.com\\\/avatar\\\/4dfbf16b4d17945bfb6341b2d19043457132fcf478a5ee04f42e959fd8f5df0a?s=96&d=mm&r=g\",\"contentUrl\":\"https:\\\/\\\/secure.gravatar.com\\\/avatar\\\/4dfbf16b4d17945bfb6341b2d19043457132fcf478a5ee04f42e959fd8f5df0a?s=96&d=mm&r=g\",\"caption\":\"NOTICIASMERCEDINAS.COM\"},\"url\":\"https:\\\/\\\/noticiasmercedinas.com\\\/site\\\/author\\\/anonimo\\\/\"}]}<\/script>\n<!-- \/ Yoast SEO plugin. -->","yoast_head_json":{"title":"Diputada Vanesa Siley impulsa sesi\u00f3n especial en Diputados para tratar temas clave de salud, educaci\u00f3n y soberan\u00eda","description":"El pedido, elevado al presidente del cuerpo Mart\u00edn Menem, cuenta con el respaldo de legisladores y legisladoras de distintas fuerzas pol\u00edticas y busca tratar un temario amplio","robots":{"index":"index","follow":"follow","max-snippet":"max-snippet:-1","max-image-preview":"max-image-preview:large","max-video-preview":"max-video-preview:-1"},"canonical":"https:\/\/noticiasmercedinas.com\/site\/2025\/08\/02\/diputada-vanesa-siley-impulsa-sesion-especial-en-diputados-para-tratar-temas-clave-de-salud-educacion-y-soberania\/","og_locale":"es_ES","og_type":"article","og_title":"Diputada Vanesa Siley impulsa sesi\u00f3n especial en Diputados para tratar temas clave de salud, educaci\u00f3n y soberan\u00eda","og_description":"El pedido, elevado al presidente del cuerpo Mart\u00edn Menem, cuenta con el respaldo de legisladores y legisladoras de distintas fuerzas pol\u00edticas y busca tratar un temario amplio","og_url":"https:\/\/noticiasmercedinas.com\/site\/2025\/08\/02\/diputada-vanesa-siley-impulsa-sesion-especial-en-diputados-para-tratar-temas-clave-de-salud-educacion-y-soberania\/","og_site_name":"NOTICIASMERCEDINAS.COM","article_publisher":"https:\/\/www.facebook.com\/noticiasmercedinas\/","article_published_time":"2025-08-02T16:45:31+00:00","article_modified_time":"2025-08-02T16:51:38+00:00","og_image":[{"width":640,"height":456,"url":"https:\/\/noticiasmercedinas.com\/site\/wp-content\/uploads\/2024\/06\/SILEY.jpg","type":"image\/jpeg"}],"author":"NOTICIASMERCEDINAS.COM","twitter_card":"summary_large_image","twitter_creator":"@notmercedinas","twitter_site":"@notmercedinas","twitter_misc":{"Escrito por":"NOTICIASMERCEDINAS.COM","Tiempo de lectura":"2 minutos"},"schema":{"@context":"https:\/\/schema.org","@graph":[{"@type":"Article","@id":"https:\/\/noticiasmercedinas.com\/site\/2025\/08\/02\/diputada-vanesa-siley-impulsa-sesion-especial-en-diputados-para-tratar-temas-clave-de-salud-educacion-y-soberania\/#article","isPartOf":{"@id":"https:\/\/noticiasmercedinas.com\/site\/2025\/08\/02\/diputada-vanesa-siley-impulsa-sesion-especial-en-diputados-para-tratar-temas-clave-de-salud-educacion-y-soberania\/"},"author":{"name":"NOTICIASMERCEDINAS.COM","@id":"https:\/\/noticiasmercedinas.com\/site\/#\/schema\/person\/84b59c099c28ff2e8b77d4ceec5d8063"},"headline":"Diputada Vanesa Siley impulsa sesi\u00f3n especial en Diputados para tratar temas clave de salud, educaci\u00f3n y soberan\u00eda","datePublished":"2025-08-02T16:45:31+00:00","dateModified":"2025-08-02T16:51:38+00:00","mainEntityOfPage":{"@id":"https:\/\/noticiasmercedinas.com\/site\/2025\/08\/02\/diputada-vanesa-siley-impulsa-sesion-especial-en-diputados-para-tratar-temas-clave-de-salud-educacion-y-soberania\/"},"wordCount":394,"publisher":{"@id":"https:\/\/noticiasmercedinas.com\/site\/#organization"},"image":{"@id":"https:\/\/noticiasmercedinas.com\/site\/2025\/08\/02\/diputada-vanesa-siley-impulsa-sesion-especial-en-diputados-para-tratar-temas-clave-de-salud-educacion-y-soberania\/#primaryimage"},"thumbnailUrl":"https:\/\/noticiasmercedinas.com\/site\/wp-content\/uploads\/2024\/06\/SILEY.jpg","keywords":["diputada","diputados","salud","soberania","vanesa siley"],"articleSection":["Politica"],"inLanguage":"es"},{"@type":"WebPage","@id":"https:\/\/noticiasmercedinas.com\/site\/2025\/08\/02\/diputada-vanesa-siley-impulsa-sesion-especial-en-diputados-para-tratar-temas-clave-de-salud-educacion-y-soberania\/","url":"https:\/\/noticiasmercedinas.com\/site\/2025\/08\/02\/diputada-vanesa-siley-impulsa-sesion-especial-en-diputados-para-tratar-temas-clave-de-salud-educacion-y-soberania\/","name":"Diputada Vanesa Siley impulsa sesi\u00f3n especial en Diputados para tratar temas clave de salud, educaci\u00f3n y soberan\u00eda","isPartOf":{"@id":"https:\/\/noticiasmercedinas.com\/site\/#website"},"primaryImageOfPage":{"@id":"https:\/\/noticiasmercedinas.com\/site\/2025\/08\/02\/diputada-vanesa-siley-impulsa-sesion-especial-en-diputados-para-tratar-temas-clave-de-salud-educacion-y-soberania\/#primaryimage"},"image":{"@id":"https:\/\/noticiasmercedinas.com\/site\/2025\/08\/02\/diputada-vanesa-siley-impulsa-sesion-especial-en-diputados-para-tratar-temas-clave-de-salud-educacion-y-soberania\/#primaryimage"},"thumbnailUrl":"https:\/\/noticiasmercedinas.com\/site\/wp-content\/uploads\/2024\/06\/SILEY.jpg","datePublished":"2025-08-02T16:45:31+00:00","dateModified":"2025-08-02T16:51:38+00:00","description":"El pedido, elevado al presidente del cuerpo Mart\u00edn Menem, cuenta con el respaldo de legisladores y legisladoras de distintas fuerzas pol\u00edticas y busca tratar un temario amplio","breadcrumb":{"@id":"https:\/\/noticiasmercedinas.com\/site\/2025\/08\/02\/diputada-vanesa-siley-impulsa-sesion-especial-en-diputados-para-tratar-temas-clave-de-salud-educacion-y-soberania\/#breadcrumb"},"inLanguage":"es","potentialAction":[{"@type":"ReadAction","target":["https:\/\/noticiasmercedinas.com\/site\/2025\/08\/02\/diputada-vanesa-siley-impulsa-sesion-especial-en-diputados-para-tratar-temas-clave-de-salud-educacion-y-soberania\/"]}]},{"@type":"ImageObject","inLanguage":"es","@id":"https:\/\/noticiasmercedinas.com\/site\/2025\/08\/02\/diputada-vanesa-siley-impulsa-sesion-especial-en-diputados-para-tratar-temas-clave-de-salud-educacion-y-soberania\/#primaryimage","url":"https:\/\/noticiasmercedinas.com\/site\/wp-content\/uploads\/2024\/06\/SILEY.jpg","contentUrl":"https:\/\/noticiasmercedinas.com\/site\/wp-content\/uploads\/2024\/06\/SILEY.jpg","width":640,"height":456},{"@type":"BreadcrumbList","@id":"https:\/\/noticiasmercedinas.com\/site\/2025\/08\/02\/diputada-vanesa-siley-impulsa-sesion-especial-en-diputados-para-tratar-temas-clave-de-salud-educacion-y-soberania\/#breadcrumb","itemListElement":[{"@type":"ListItem","position":1,"name":"Portada","item":"https:\/\/noticiasmercedinas.com\/site\/"},{"@type":"ListItem","position":2,"name":"Diputada Vanesa Siley impulsa sesi\u00f3n especial en Diputados para tratar temas clave de salud, educaci\u00f3n y soberan\u00eda"}]},{"@type":"WebSite","@id":"https:\/\/noticiasmercedinas.com\/site\/#website","url":"https:\/\/noticiasmercedinas.com\/site\/","name":"NOTICIASMERCEDINAS.COM","description":"Mercedes, Buenos Aires, Argentina","publisher":{"@id":"https:\/\/noticiasmercedinas.com\/site\/#organization"},"potentialAction":[{"@type":"SearchAction","target":{"@type":"EntryPoint","urlTemplate":"https:\/\/noticiasmercedinas.com\/site\/?s={search_term_string}"},"query-input":{"@type":"PropertyValueSpecification","valueRequired":true,"valueName":"search_term_string"}}],"inLanguage":"es"},{"@type":"Organization","@id":"https:\/\/noticiasmercedinas.com\/site\/#organization","name":"NOTICIASMERCEDINAS.COM","url":"https:\/\/noticiasmercedinas.com\/site\/","logo":{"@type":"ImageObject","inLanguage":"es","@id":"https:\/\/noticiasmercedinas.com\/site\/#\/schema\/logo\/image\/","url":"https:\/\/noticiasmercedinas.com\/site\/wp-content\/uploads\/2020\/06\/LOGO-512.jpg","contentUrl":"https:\/\/noticiasmercedinas.com\/site\/wp-content\/uploads\/2020\/06\/LOGO-512.jpg","width":512,"height":512,"caption":"NOTICIASMERCEDINAS.COM"},"image":{"@id":"https:\/\/noticiasmercedinas.com\/site\/#\/schema\/logo\/image\/"},"sameAs":["https:\/\/www.facebook.com\/noticiasmercedinas\/","https:\/\/x.com\/notmercedinas","https:\/\/www.instagram.com\/noticiasmercedinas\/"]},{"@type":"Person","@id":"https:\/\/noticiasmercedinas.com\/site\/#\/schema\/person\/84b59c099c28ff2e8b77d4ceec5d8063","name":"NOTICIASMERCEDINAS.COM","image":{"@type":"ImageObject","inLanguage":"es","@id":"https:\/\/secure.gravatar.com\/avatar\/4dfbf16b4d17945bfb6341b2d19043457132fcf478a5ee04f42e959fd8f5df0a?s=96&d=mm&r=g","url":"https:\/\/secure.gravatar.com\/avatar\/4dfbf16b4d17945bfb6341b2d19043457132fcf478a5ee04f42e959fd8f5df0a?s=96&d=mm&r=g","contentUrl":"https:\/\/secure.gravatar.com\/avatar\/4dfbf16b4d17945bfb6341b2d19043457132fcf478a5ee04f42e959fd8f5df0a?s=96&d=mm&r=g","caption":"NOTICIASMERCEDINAS.COM"},"url":"https:\/\/noticiasmercedinas.com\/site\/author\/anonimo\/"}]}},"amp_enabled":true,"_links":{"self":[{"href":"https:\/\/noticiasmercedinas.com\/site\/wp-json\/wp\/v2\/posts\/165732","targetHints":{"allow":["GET"]}}],"collection":[{"href":"https:\/\/noticiasmercedinas.com\/site\/wp-json\/wp\/v2\/posts"}],"about":[{"href":"https:\/\/noticiasmercedinas.com\/site\/wp-json\/wp\/v2\/types\/post"}],"author":[{"embeddable":true,"href":"https:\/\/noticiasmercedinas.com\/site\/wp-json\/wp\/v2\/users\/16"}],"replies":[{"embeddable":true,"href":"https:\/\/noticiasmercedinas.com\/site\/wp-json\/wp\/v2\/comments?post=165732"}],"version-history":[{"count":4,"href":"https:\/\/noticiasmercedinas.com\/site\/wp-json\/wp\/v2\/posts\/165732\/revisions"}],"predecessor-version":[{"id":165736,"href":"https:\/\/noticiasmercedinas.com\/site\/wp-json\/wp\/v2\/posts\/165732\/revisions\/165736"}],"wp:featuredmedia":[{"embeddable":true,"href":"https:\/\/noticiasmercedinas.com\/site\/wp-json\/wp\/v2\/media\/139206"}],"wp:attachment":[{"href":"https:\/\/noticiasmercedinas.com\/site\/wp-json\/wp\/v2\/media?parent=165732"}],"wp:term":[{"taxonomy":"category","embeddable":true,"href":"https:\/\/noticiasmercedinas.com\/site\/wp-json\/wp\/v2\/categories?post=165732"},{"taxonomy":"post_tag","embeddable":true,"href":"https:\/\/noticiasmercedinas.com\/site\/wp-json\/wp\/v2\/tags?post=165732"}],"curies":[{"name":"wp","href":"https:\/\/api.w.org\/{rel}","templated":true}]}}