{"id":165905,"date":"2025-08-04T10:09:09","date_gmt":"2025-08-04T13:09:09","guid":{"rendered":"https:\/\/noticiasmercedinas.com\/site\/?p=165905"},"modified":"2025-08-04T10:09:09","modified_gmt":"2025-08-04T13:09:09","slug":"aeroclub-mercedes-se-desvincula-de-paracaidistas-expulsados-por-incumplir-regulaciones","status":"publish","type":"post","link":"https:\/\/noticiasmercedinas.com\/site\/2025\/08\/04\/aeroclub-mercedes-se-desvincula-de-paracaidistas-expulsados-por-incumplir-regulaciones\/","title":{"rendered":"Aeroclub Mercedes se desvincula de paracaidistas expulsados por incumplir regulaciones"},"content":{"rendered":"<p><img loading=\"lazy\" decoding=\"async\" class=\"alignnone size-full wp-image-51151\" src=\"https:\/\/noticiasmercedinas.com\/site\/wp-content\/uploads\/2020\/08\/El-Sol-y-el-clima-acompano-en-el-predio-del-Aeroclub.jpeg\" alt=\"\" width=\"1032\" height=\"581\" srcset=\"https:\/\/noticiasmercedinas.com\/site\/wp-content\/uploads\/2020\/08\/El-Sol-y-el-clima-acompano-en-el-predio-del-Aeroclub.jpeg 1032w, https:\/\/noticiasmercedinas.com\/site\/wp-content\/uploads\/2020\/08\/El-Sol-y-el-clima-acompano-en-el-predio-del-Aeroclub-300x169.jpeg 300w, https:\/\/noticiasmercedinas.com\/site\/wp-content\/uploads\/2020\/08\/El-Sol-y-el-clima-acompano-en-el-predio-del-Aeroclub-1024x576.jpeg 1024w, https:\/\/noticiasmercedinas.com\/site\/wp-content\/uploads\/2020\/08\/El-Sol-y-el-clima-acompano-en-el-predio-del-Aeroclub-768x432.jpeg 768w, https:\/\/noticiasmercedinas.com\/site\/wp-content\/uploads\/2020\/08\/El-Sol-y-el-clima-acompano-en-el-predio-del-Aeroclub-640x360.jpeg 640w, https:\/\/noticiasmercedinas.com\/site\/wp-content\/uploads\/2020\/08\/El-Sol-y-el-clima-acompano-en-el-predio-del-Aeroclub-681x383.jpeg 681w\" sizes=\"auto, (max-width: 1032px) 100vw, 1032px\" \/><\/p>\n<p>El Aeroclub Mercedes emiti\u00f3 un comunicado oficial en el que se desliga de un grupo de paracaidistas que oper\u00f3 temporalmente en el Aer\u00f3dromo Mercedes y que, seg\u00fan informaron, fue expulsado por la Direcci\u00f3n Provincial de Aeron\u00e1utica de la Provincia de Buenos Aires por m\u00faltiples incumplimientos normativos. La instituci\u00f3n local remarc\u00f3 que fue enga\u00f1ada y perjudicada por los responsables del proyecto.<\/p>\n<p>Seg\u00fan indic\u00f3 el Aeroclub, el grupo recibi\u00f3 inicialmente el apoyo de la entidad, con el objetivo de concretar una propuesta que en su momento se consideraba atractiva para la ciudad, orientada a fomentar el paracaidismo como una nueva actividad aerodeportiva. Sin embargo, aseguraron que el emprendimiento oper\u00f3 de forma clandestina y con un prop\u00f3sito diferente al declarado originalmente.<\/p>\n<p><strong>Denuncian operaci\u00f3n irregular y enga\u00f1o institucional<\/strong><br \/>\nDe acuerdo al comunicado, la empresa vinculada a los paracaidistas \u2013Aeromercedes S.A.\u2013 no contaba con habilitaci\u00f3n para realizar actividades de paracaidismo, ni tampoco ten\u00eda esa actividad registrada en su objeto societario. A pesar de ello, comenzaron a operar en el aer\u00f3dromo, incumpliendo las regulaciones vigentes y sin obtener el certificado de trabajo a\u00e9reo requerido por los organismos competentes.<\/p>\n<p>\u201cEl objeto societario de dicha empresa ni siquiera inclu\u00eda la actividad de paracaidismo y nunca lograron obtener la habilitaci\u00f3n\u201d, se\u00f1alaron desde el Aeroclub.<\/p>\n<p>La situaci\u00f3n gener\u00f3 una ruptura entre el Aeroclub y el grupo, al constatarse la verdadera finalidad del proyecto, que buscaba \u2014seg\u00fan el comunicado\u2014 conformar una empresa privada para ofrecer todas las actividades del predio, m\u00e1s all\u00e1 del paracaidismo.<\/p>\n<p><strong>Ocupaci\u00f3n indebida y denuncias cruzadas<\/strong><br \/>\nEl Aeroclub tambi\u00e9n denunci\u00f3 que los responsables del grupo a\u00fan ocupan parte de las instalaciones del predio, espec\u00edficamente sectores destinados a la vivienda del casero y al bar, impidiendo el uso normal de esas dependencias. Esta situaci\u00f3n, explicaron, perjudica el funcionamiento institucional y afecta la experiencia de quienes visitan el lugar.<\/p>\n<p>Asimismo, advirtieron que los responsables del fallido proyecto han realizado denuncias falsas y acciones hostiles contra el Aeroclub con la aparente intenci\u00f3n de causar da\u00f1o institucional.<\/p>\n<p>Para sustentar sus afirmaciones, el Aeroclub difundi\u00f3 dos enlaces:\u00a0El <a href=\"https:\/\/www.boletinoficial.gob.ar\/pdf\/linkQR\/aklSZmlRRjhKc0IreFpJZ1U0d1UwZz09\">Bolet\u00edn Oficial donde se detalla<\/a> el objeto societario de Aeromercedes S.A.\u00a0Un<a href=\"https:\/\/www.youtube.com\/live\/zk73brny6pI?si=4dKN8V1hkgp_Oa4Q\"> video en el que<\/a>, seg\u00fan indicaron, tomaron conocimiento tard\u00edo de los verdaderos objetivos del grupo.<\/p>\n<p>\u201cEl grupo incumpli\u00f3 con la Direcci\u00f3n Provincial de Aeron\u00e1utica, con ANAC y minti\u00f3 al Aeroclub Mercedes\u201d, afirmaron desde la entidad, aclarando que tambi\u00e9n enga\u00f1aron a gran parte de quienes realizaron saltos durante el per\u00edodo en que operaron en el lugar.<\/p>\n<p>La instituci\u00f3n dej\u00f3 en claro su compromiso con el cumplimiento normativo y con el desarrollo responsable de las actividades aeron\u00e1uticas en la ciudad, deslindando toda responsabilidad sobre lo ocurrido.<\/p>\n","protected":false},"excerpt":{"rendered":"<p>\u25a0 \u201cEl grupo incumpli\u00f3 con la Direcci\u00f3n Provincial de Aeron\u00e1utica, con ANAC y minti\u00f3 al Aeroclub Mercedes\u201d, afirmaron desde la entidad, aclarando que tambi\u00e9n enga\u00f1aron a gran parte de quienes realizaron saltos durante el per\u00edodo en que operaron<\/p>\n","protected":false},"author":16,"featured_media":51151,"comment_status":"closed","ping_status":"closed","sticky":false,"template":"","format":"standard","meta":{"footnotes":""},"categories":[7],"tags":[20618,7753],"class_list":["post-165905","post","type-post","status-publish","format-standard","has-post-thumbnail","hentry","category-policiales","tag-aeroclub-mercedes","tag-paracaidismo"],"yoast_head":"<!-- This site is optimized with the Yoast SEO plugin v27.5 - https:\/\/yoast.com\/product\/yoast-seo-wordpress\/ -->\n<title>Aeroclub Mercedes se desvincula de paracaidistas expulsados por incumplir regulaciones<\/title>\n<meta name=\"description\" content=\"\u201cEl grupo incumpli\u00f3 con la Direcci\u00f3n Provincial de Aeron\u00e1utica, con ANAC y minti\u00f3 al Aeroclub Mercedes\u201d, afirmaron desde la entidad, aclarando que tambi\u00e9n enga\u00f1aron a gran parte de quienes realizaron saltos durante el per\u00edodo en que operaron\" \/>\n<meta name=\"robots\" content=\"index, follow, max-snippet:-1, max-image-preview:large, max-video-preview:-1\" \/>\n<link rel=\"canonical\" href=\"https:\/\/noticiasmercedinas.com\/site\/2025\/08\/04\/aeroclub-mercedes-se-desvincula-de-paracaidistas-expulsados-por-incumplir-regulaciones\/\" \/>\n<meta property=\"og:locale\" content=\"es_ES\" \/>\n<meta property=\"og:type\" content=\"article\" \/>\n<meta property=\"og:title\" content=\"Aeroclub Mercedes se desvincula de paracaidistas expulsados por incumplir regulaciones\" \/>\n<meta property=\"og:description\" content=\"\u201cEl grupo incumpli\u00f3 con la Direcci\u00f3n Provincial de Aeron\u00e1utica, con ANAC y minti\u00f3 al Aeroclub Mercedes\u201d, afirmaron desde la entidad, aclarando que tambi\u00e9n enga\u00f1aron a gran parte de quienes realizaron saltos durante el per\u00edodo en que operaron\" \/>\n<meta property=\"og:url\" content=\"https:\/\/noticiasmercedinas.com\/site\/2025\/08\/04\/aeroclub-mercedes-se-desvincula-de-paracaidistas-expulsados-por-incumplir-regulaciones\/\" \/>\n<meta property=\"og:site_name\" content=\"NOTICIASMERCEDINAS.COM\" \/>\n<meta property=\"article:publisher\" content=\"https:\/\/www.facebook.com\/noticiasmercedinas\/\" \/>\n<meta property=\"article:published_time\" content=\"2025-08-04T13:09:09+00:00\" \/>\n<meta property=\"og:image\" content=\"https:\/\/noticiasmercedinas.com\/site\/wp-content\/uploads\/2020\/08\/El-Sol-y-el-clima-acompano-en-el-predio-del-Aeroclub.jpeg\" \/>\n\t<meta property=\"og:image:width\" content=\"1032\" \/>\n\t<meta property=\"og:image:height\" content=\"581\" \/>\n\t<meta property=\"og:image:type\" content=\"image\/jpeg\" \/>\n<meta name=\"author\" content=\"NOTICIASMERCEDINAS.COM\" \/>\n<meta name=\"twitter:card\" content=\"summary_large_image\" \/>\n<meta name=\"twitter:creator\" content=\"@notmercedinas\" \/>\n<meta name=\"twitter:site\" content=\"@notmercedinas\" \/>\n<meta name=\"twitter:label1\" content=\"Escrito por\" \/>\n\t<meta name=\"twitter:data1\" content=\"NOTICIASMERCEDINAS.COM\" \/>\n\t<meta name=\"twitter:label2\" content=\"Tiempo de lectura\" \/>\n\t<meta name=\"twitter:data2\" content=\"3 minutos\" \/>\n<script type=\"application\/ld+json\" class=\"yoast-schema-graph\">{\"@context\":\"https:\\\/\\\/schema.org\",\"@graph\":[{\"@type\":\"Article\",\"@id\":\"https:\\\/\\\/noticiasmercedinas.com\\\/site\\\/2025\\\/08\\\/04\\\/aeroclub-mercedes-se-desvincula-de-paracaidistas-expulsados-por-incumplir-regulaciones\\\/#article\",\"isPartOf\":{\"@id\":\"https:\\\/\\\/noticiasmercedinas.com\\\/site\\\/2025\\\/08\\\/04\\\/aeroclub-mercedes-se-desvincula-de-paracaidistas-expulsados-por-incumplir-regulaciones\\\/\"},\"author\":{\"name\":\"NOTICIASMERCEDINAS.COM\",\"@id\":\"https:\\\/\\\/noticiasmercedinas.com\\\/site\\\/#\\\/schema\\\/person\\\/84b59c099c28ff2e8b77d4ceec5d8063\"},\"headline\":\"Aeroclub Mercedes se desvincula de paracaidistas expulsados por incumplir regulaciones\",\"datePublished\":\"2025-08-04T13:09:09+00:00\",\"mainEntityOfPage\":{\"@id\":\"https:\\\/\\\/noticiasmercedinas.com\\\/site\\\/2025\\\/08\\\/04\\\/aeroclub-mercedes-se-desvincula-de-paracaidistas-expulsados-por-incumplir-regulaciones\\\/\"},\"wordCount\":481,\"publisher\":{\"@id\":\"https:\\\/\\\/noticiasmercedinas.com\\\/site\\\/#organization\"},\"image\":{\"@id\":\"https:\\\/\\\/noticiasmercedinas.com\\\/site\\\/2025\\\/08\\\/04\\\/aeroclub-mercedes-se-desvincula-de-paracaidistas-expulsados-por-incumplir-regulaciones\\\/#primaryimage\"},\"thumbnailUrl\":\"https:\\\/\\\/noticiasmercedinas.com\\\/site\\\/wp-content\\\/uploads\\\/2020\\\/08\\\/El-Sol-y-el-clima-acompano-en-el-predio-del-Aeroclub.jpeg\",\"keywords\":[\"aeroclub mercedes\",\"paracaidismo\"],\"articleSection\":[\"Seguridad\"],\"inLanguage\":\"es\"},{\"@type\":\"WebPage\",\"@id\":\"https:\\\/\\\/noticiasmercedinas.com\\\/site\\\/2025\\\/08\\\/04\\\/aeroclub-mercedes-se-desvincula-de-paracaidistas-expulsados-por-incumplir-regulaciones\\\/\",\"url\":\"https:\\\/\\\/noticiasmercedinas.com\\\/site\\\/2025\\\/08\\\/04\\\/aeroclub-mercedes-se-desvincula-de-paracaidistas-expulsados-por-incumplir-regulaciones\\\/\",\"name\":\"Aeroclub Mercedes se desvincula de paracaidistas expulsados por incumplir regulaciones\",\"isPartOf\":{\"@id\":\"https:\\\/\\\/noticiasmercedinas.com\\\/site\\\/#website\"},\"primaryImageOfPage\":{\"@id\":\"https:\\\/\\\/noticiasmercedinas.com\\\/site\\\/2025\\\/08\\\/04\\\/aeroclub-mercedes-se-desvincula-de-paracaidistas-expulsados-por-incumplir-regulaciones\\\/#primaryimage\"},\"image\":{\"@id\":\"https:\\\/\\\/noticiasmercedinas.com\\\/site\\\/2025\\\/08\\\/04\\\/aeroclub-mercedes-se-desvincula-de-paracaidistas-expulsados-por-incumplir-regulaciones\\\/#primaryimage\"},\"thumbnailUrl\":\"https:\\\/\\\/noticiasmercedinas.com\\\/site\\\/wp-content\\\/uploads\\\/2020\\\/08\\\/El-Sol-y-el-clima-acompano-en-el-predio-del-Aeroclub.jpeg\",\"datePublished\":\"2025-08-04T13:09:09+00:00\",\"description\":\"\u201cEl grupo incumpli\u00f3 con la Direcci\u00f3n Provincial de Aeron\u00e1utica, con ANAC y minti\u00f3 al Aeroclub Mercedes\u201d, afirmaron desde la entidad, aclarando que tambi\u00e9n enga\u00f1aron a gran parte de quienes realizaron saltos durante el per\u00edodo en que operaron\",\"breadcrumb\":{\"@id\":\"https:\\\/\\\/noticiasmercedinas.com\\\/site\\\/2025\\\/08\\\/04\\\/aeroclub-mercedes-se-desvincula-de-paracaidistas-expulsados-por-incumplir-regulaciones\\\/#breadcrumb\"},\"inLanguage\":\"es\",\"potentialAction\":[{\"@type\":\"ReadAction\",\"target\":[\"https:\\\/\\\/noticiasmercedinas.com\\\/site\\\/2025\\\/08\\\/04\\\/aeroclub-mercedes-se-desvincula-de-paracaidistas-expulsados-por-incumplir-regulaciones\\\/\"]}]},{\"@type\":\"ImageObject\",\"inLanguage\":\"es\",\"@id\":\"https:\\\/\\\/noticiasmercedinas.com\\\/site\\\/2025\\\/08\\\/04\\\/aeroclub-mercedes-se-desvincula-de-paracaidistas-expulsados-por-incumplir-regulaciones\\\/#primaryimage\",\"url\":\"https:\\\/\\\/noticiasmercedinas.com\\\/site\\\/wp-content\\\/uploads\\\/2020\\\/08\\\/El-Sol-y-el-clima-acompano-en-el-predio-del-Aeroclub.jpeg\",\"contentUrl\":\"https:\\\/\\\/noticiasmercedinas.com\\\/site\\\/wp-content\\\/uploads\\\/2020\\\/08\\\/El-Sol-y-el-clima-acompano-en-el-predio-del-Aeroclub.jpeg\",\"width\":1032,\"height\":581},{\"@type\":\"BreadcrumbList\",\"@id\":\"https:\\\/\\\/noticiasmercedinas.com\\\/site\\\/2025\\\/08\\\/04\\\/aeroclub-mercedes-se-desvincula-de-paracaidistas-expulsados-por-incumplir-regulaciones\\\/#breadcrumb\",\"itemListElement\":[{\"@type\":\"ListItem\",\"position\":1,\"name\":\"Portada\",\"item\":\"https:\\\/\\\/noticiasmercedinas.com\\\/site\\\/\"},{\"@type\":\"ListItem\",\"position\":2,\"name\":\"Aeroclub Mercedes se desvincula de paracaidistas expulsados por incumplir regulaciones\"}]},{\"@type\":\"WebSite\",\"@id\":\"https:\\\/\\\/noticiasmercedinas.com\\\/site\\\/#website\",\"url\":\"https:\\\/\\\/noticiasmercedinas.com\\\/site\\\/\",\"name\":\"NOTICIASMERCEDINAS.COM\",\"description\":\"Mercedes, Buenos Aires, Argentina\",\"publisher\":{\"@id\":\"https:\\\/\\\/noticiasmercedinas.com\\\/site\\\/#organization\"},\"potentialAction\":[{\"@type\":\"SearchAction\",\"target\":{\"@type\":\"EntryPoint\",\"urlTemplate\":\"https:\\\/\\\/noticiasmercedinas.com\\\/site\\\/?s={search_term_string}\"},\"query-input\":{\"@type\":\"PropertyValueSpecification\",\"valueRequired\":true,\"valueName\":\"search_term_string\"}}],\"inLanguage\":\"es\"},{\"@type\":\"Organization\",\"@id\":\"https:\\\/\\\/noticiasmercedinas.com\\\/site\\\/#organization\",\"name\":\"NOTICIASMERCEDINAS.COM\",\"url\":\"https:\\\/\\\/noticiasmercedinas.com\\\/site\\\/\",\"logo\":{\"@type\":\"ImageObject\",\"inLanguage\":\"es\",\"@id\":\"https:\\\/\\\/noticiasmercedinas.com\\\/site\\\/#\\\/schema\\\/logo\\\/image\\\/\",\"url\":\"https:\\\/\\\/noticiasmercedinas.com\\\/site\\\/wp-content\\\/uploads\\\/2020\\\/06\\\/LOGO-512.jpg\",\"contentUrl\":\"https:\\\/\\\/noticiasmercedinas.com\\\/site\\\/wp-content\\\/uploads\\\/2020\\\/06\\\/LOGO-512.jpg\",\"width\":512,\"height\":512,\"caption\":\"NOTICIASMERCEDINAS.COM\"},\"image\":{\"@id\":\"https:\\\/\\\/noticiasmercedinas.com\\\/site\\\/#\\\/schema\\\/logo\\\/image\\\/\"},\"sameAs\":[\"https:\\\/\\\/www.facebook.com\\\/noticiasmercedinas\\\/\",\"https:\\\/\\\/x.com\\\/notmercedinas\",\"https:\\\/\\\/www.instagram.com\\\/noticiasmercedinas\\\/\"]},{\"@type\":\"Person\",\"@id\":\"https:\\\/\\\/noticiasmercedinas.com\\\/site\\\/#\\\/schema\\\/person\\\/84b59c099c28ff2e8b77d4ceec5d8063\",\"name\":\"NOTICIASMERCEDINAS.COM\",\"image\":{\"@type\":\"ImageObject\",\"inLanguage\":\"es\",\"@id\":\"https:\\\/\\\/secure.gravatar.com\\\/avatar\\\/4dfbf16b4d17945bfb6341b2d19043457132fcf478a5ee04f42e959fd8f5df0a?s=96&d=mm&r=g\",\"url\":\"https:\\\/\\\/secure.gravatar.com\\\/avatar\\\/4dfbf16b4d17945bfb6341b2d19043457132fcf478a5ee04f42e959fd8f5df0a?s=96&d=mm&r=g\",\"contentUrl\":\"https:\\\/\\\/secure.gravatar.com\\\/avatar\\\/4dfbf16b4d17945bfb6341b2d19043457132fcf478a5ee04f42e959fd8f5df0a?s=96&d=mm&r=g\",\"caption\":\"NOTICIASMERCEDINAS.COM\"},\"url\":\"https:\\\/\\\/noticiasmercedinas.com\\\/site\\\/author\\\/anonimo\\\/\"}]}<\/script>\n<!-- \/ Yoast SEO plugin. -->","yoast_head_json":{"title":"Aeroclub Mercedes se desvincula de paracaidistas expulsados por incumplir regulaciones","description":"\u201cEl grupo incumpli\u00f3 con la Direcci\u00f3n Provincial de Aeron\u00e1utica, con ANAC y minti\u00f3 al Aeroclub Mercedes\u201d, afirmaron desde la entidad, aclarando que tambi\u00e9n enga\u00f1aron a gran parte de quienes realizaron saltos durante el per\u00edodo en que operaron","robots":{"index":"index","follow":"follow","max-snippet":"max-snippet:-1","max-image-preview":"max-image-preview:large","max-video-preview":"max-video-preview:-1"},"canonical":"https:\/\/noticiasmercedinas.com\/site\/2025\/08\/04\/aeroclub-mercedes-se-desvincula-de-paracaidistas-expulsados-por-incumplir-regulaciones\/","og_locale":"es_ES","og_type":"article","og_title":"Aeroclub Mercedes se desvincula de paracaidistas expulsados por incumplir regulaciones","og_description":"\u201cEl grupo incumpli\u00f3 con la Direcci\u00f3n Provincial de Aeron\u00e1utica, con ANAC y minti\u00f3 al Aeroclub Mercedes\u201d, afirmaron desde la entidad, aclarando que tambi\u00e9n enga\u00f1aron a gran parte de quienes realizaron saltos durante el per\u00edodo en que operaron","og_url":"https:\/\/noticiasmercedinas.com\/site\/2025\/08\/04\/aeroclub-mercedes-se-desvincula-de-paracaidistas-expulsados-por-incumplir-regulaciones\/","og_site_name":"NOTICIASMERCEDINAS.COM","article_publisher":"https:\/\/www.facebook.com\/noticiasmercedinas\/","article_published_time":"2025-08-04T13:09:09+00:00","og_image":[{"width":1032,"height":581,"url":"https:\/\/noticiasmercedinas.com\/site\/wp-content\/uploads\/2020\/08\/El-Sol-y-el-clima-acompano-en-el-predio-del-Aeroclub.jpeg","type":"image\/jpeg"}],"author":"NOTICIASMERCEDINAS.COM","twitter_card":"summary_large_image","twitter_creator":"@notmercedinas","twitter_site":"@notmercedinas","twitter_misc":{"Escrito por":"NOTICIASMERCEDINAS.COM","Tiempo de lectura":"3 minutos"},"schema":{"@context":"https:\/\/schema.org","@graph":[{"@type":"Article","@id":"https:\/\/noticiasmercedinas.com\/site\/2025\/08\/04\/aeroclub-mercedes-se-desvincula-de-paracaidistas-expulsados-por-incumplir-regulaciones\/#article","isPartOf":{"@id":"https:\/\/noticiasmercedinas.com\/site\/2025\/08\/04\/aeroclub-mercedes-se-desvincula-de-paracaidistas-expulsados-por-incumplir-regulaciones\/"},"author":{"name":"NOTICIASMERCEDINAS.COM","@id":"https:\/\/noticiasmercedinas.com\/site\/#\/schema\/person\/84b59c099c28ff2e8b77d4ceec5d8063"},"headline":"Aeroclub Mercedes se desvincula de paracaidistas expulsados por incumplir regulaciones","datePublished":"2025-08-04T13:09:09+00:00","mainEntityOfPage":{"@id":"https:\/\/noticiasmercedinas.com\/site\/2025\/08\/04\/aeroclub-mercedes-se-desvincula-de-paracaidistas-expulsados-por-incumplir-regulaciones\/"},"wordCount":481,"publisher":{"@id":"https:\/\/noticiasmercedinas.com\/site\/#organization"},"image":{"@id":"https:\/\/noticiasmercedinas.com\/site\/2025\/08\/04\/aeroclub-mercedes-se-desvincula-de-paracaidistas-expulsados-por-incumplir-regulaciones\/#primaryimage"},"thumbnailUrl":"https:\/\/noticiasmercedinas.com\/site\/wp-content\/uploads\/2020\/08\/El-Sol-y-el-clima-acompano-en-el-predio-del-Aeroclub.jpeg","keywords":["aeroclub mercedes","paracaidismo"],"articleSection":["Seguridad"],"inLanguage":"es"},{"@type":"WebPage","@id":"https:\/\/noticiasmercedinas.com\/site\/2025\/08\/04\/aeroclub-mercedes-se-desvincula-de-paracaidistas-expulsados-por-incumplir-regulaciones\/","url":"https:\/\/noticiasmercedinas.com\/site\/2025\/08\/04\/aeroclub-mercedes-se-desvincula-de-paracaidistas-expulsados-por-incumplir-regulaciones\/","name":"Aeroclub Mercedes se desvincula de paracaidistas expulsados por incumplir regulaciones","isPartOf":{"@id":"https:\/\/noticiasmercedinas.com\/site\/#website"},"primaryImageOfPage":{"@id":"https:\/\/noticiasmercedinas.com\/site\/2025\/08\/04\/aeroclub-mercedes-se-desvincula-de-paracaidistas-expulsados-por-incumplir-regulaciones\/#primaryimage"},"image":{"@id":"https:\/\/noticiasmercedinas.com\/site\/2025\/08\/04\/aeroclub-mercedes-se-desvincula-de-paracaidistas-expulsados-por-incumplir-regulaciones\/#primaryimage"},"thumbnailUrl":"https:\/\/noticiasmercedinas.com\/site\/wp-content\/uploads\/2020\/08\/El-Sol-y-el-clima-acompano-en-el-predio-del-Aeroclub.jpeg","datePublished":"2025-08-04T13:09:09+00:00","description":"\u201cEl grupo incumpli\u00f3 con la Direcci\u00f3n Provincial de Aeron\u00e1utica, con ANAC y minti\u00f3 al Aeroclub Mercedes\u201d, afirmaron desde la entidad, aclarando que tambi\u00e9n enga\u00f1aron a gran parte de quienes realizaron saltos durante el per\u00edodo en que operaron","breadcrumb":{"@id":"https:\/\/noticiasmercedinas.com\/site\/2025\/08\/04\/aeroclub-mercedes-se-desvincula-de-paracaidistas-expulsados-por-incumplir-regulaciones\/#breadcrumb"},"inLanguage":"es","potentialAction":[{"@type":"ReadAction","target":["https:\/\/noticiasmercedinas.com\/site\/2025\/08\/04\/aeroclub-mercedes-se-desvincula-de-paracaidistas-expulsados-por-incumplir-regulaciones\/"]}]},{"@type":"ImageObject","inLanguage":"es","@id":"https:\/\/noticiasmercedinas.com\/site\/2025\/08\/04\/aeroclub-mercedes-se-desvincula-de-paracaidistas-expulsados-por-incumplir-regulaciones\/#primaryimage","url":"https:\/\/noticiasmercedinas.com\/site\/wp-content\/uploads\/2020\/08\/El-Sol-y-el-clima-acompano-en-el-predio-del-Aeroclub.jpeg","contentUrl":"https:\/\/noticiasmercedinas.com\/site\/wp-content\/uploads\/2020\/08\/El-Sol-y-el-clima-acompano-en-el-predio-del-Aeroclub.jpeg","width":1032,"height":581},{"@type":"BreadcrumbList","@id":"https:\/\/noticiasmercedinas.com\/site\/2025\/08\/04\/aeroclub-mercedes-se-desvincula-de-paracaidistas-expulsados-por-incumplir-regulaciones\/#breadcrumb","itemListElement":[{"@type":"ListItem","position":1,"name":"Portada","item":"https:\/\/noticiasmercedinas.com\/site\/"},{"@type":"ListItem","position":2,"name":"Aeroclub Mercedes se desvincula de paracaidistas expulsados por incumplir regulaciones"}]},{"@type":"WebSite","@id":"https:\/\/noticiasmercedinas.com\/site\/#website","url":"https:\/\/noticiasmercedinas.com\/site\/","name":"NOTICIASMERCEDINAS.COM","description":"Mercedes, Buenos Aires, Argentina","publisher":{"@id":"https:\/\/noticiasmercedinas.com\/site\/#organization"},"potentialAction":[{"@type":"SearchAction","target":{"@type":"EntryPoint","urlTemplate":"https:\/\/noticiasmercedinas.com\/site\/?s={search_term_string}"},"query-input":{"@type":"PropertyValueSpecification","valueRequired":true,"valueName":"search_term_string"}}],"inLanguage":"es"},{"@type":"Organization","@id":"https:\/\/noticiasmercedinas.com\/site\/#organization","name":"NOTICIASMERCEDINAS.COM","url":"https:\/\/noticiasmercedinas.com\/site\/","logo":{"@type":"ImageObject","inLanguage":"es","@id":"https:\/\/noticiasmercedinas.com\/site\/#\/schema\/logo\/image\/","url":"https:\/\/noticiasmercedinas.com\/site\/wp-content\/uploads\/2020\/06\/LOGO-512.jpg","contentUrl":"https:\/\/noticiasmercedinas.com\/site\/wp-content\/uploads\/2020\/06\/LOGO-512.jpg","width":512,"height":512,"caption":"NOTICIASMERCEDINAS.COM"},"image":{"@id":"https:\/\/noticiasmercedinas.com\/site\/#\/schema\/logo\/image\/"},"sameAs":["https:\/\/www.facebook.com\/noticiasmercedinas\/","https:\/\/x.com\/notmercedinas","https:\/\/www.instagram.com\/noticiasmercedinas\/"]},{"@type":"Person","@id":"https:\/\/noticiasmercedinas.com\/site\/#\/schema\/person\/84b59c099c28ff2e8b77d4ceec5d8063","name":"NOTICIASMERCEDINAS.COM","image":{"@type":"ImageObject","inLanguage":"es","@id":"https:\/\/secure.gravatar.com\/avatar\/4dfbf16b4d17945bfb6341b2d19043457132fcf478a5ee04f42e959fd8f5df0a?s=96&d=mm&r=g","url":"https:\/\/secure.gravatar.com\/avatar\/4dfbf16b4d17945bfb6341b2d19043457132fcf478a5ee04f42e959fd8f5df0a?s=96&d=mm&r=g","contentUrl":"https:\/\/secure.gravatar.com\/avatar\/4dfbf16b4d17945bfb6341b2d19043457132fcf478a5ee04f42e959fd8f5df0a?s=96&d=mm&r=g","caption":"NOTICIASMERCEDINAS.COM"},"url":"https:\/\/noticiasmercedinas.com\/site\/author\/anonimo\/"}]}},"amp_enabled":true,"_links":{"self":[{"href":"https:\/\/noticiasmercedinas.com\/site\/wp-json\/wp\/v2\/posts\/165905","targetHints":{"allow":["GET"]}}],"collection":[{"href":"https:\/\/noticiasmercedinas.com\/site\/wp-json\/wp\/v2\/posts"}],"about":[{"href":"https:\/\/noticiasmercedinas.com\/site\/wp-json\/wp\/v2\/types\/post"}],"author":[{"embeddable":true,"href":"https:\/\/noticiasmercedinas.com\/site\/wp-json\/wp\/v2\/users\/16"}],"replies":[{"embeddable":true,"href":"https:\/\/noticiasmercedinas.com\/site\/wp-json\/wp\/v2\/comments?post=165905"}],"version-history":[{"count":1,"href":"https:\/\/noticiasmercedinas.com\/site\/wp-json\/wp\/v2\/posts\/165905\/revisions"}],"predecessor-version":[{"id":165906,"href":"https:\/\/noticiasmercedinas.com\/site\/wp-json\/wp\/v2\/posts\/165905\/revisions\/165906"}],"wp:featuredmedia":[{"embeddable":true,"href":"https:\/\/noticiasmercedinas.com\/site\/wp-json\/wp\/v2\/media\/51151"}],"wp:attachment":[{"href":"https:\/\/noticiasmercedinas.com\/site\/wp-json\/wp\/v2\/media?parent=165905"}],"wp:term":[{"taxonomy":"category","embeddable":true,"href":"https:\/\/noticiasmercedinas.com\/site\/wp-json\/wp\/v2\/categories?post=165905"},{"taxonomy":"post_tag","embeddable":true,"href":"https:\/\/noticiasmercedinas.com\/site\/wp-json\/wp\/v2\/tags?post=165905"}],"curies":[{"name":"wp","href":"https:\/\/api.w.org\/{rel}","templated":true}]}}