{"id":165928,"date":"2025-08-04T12:51:24","date_gmt":"2025-08-04T15:51:24","guid":{"rendered":"https:\/\/noticiasmercedinas.com\/site\/?p=165928"},"modified":"2025-08-04T12:51:24","modified_gmt":"2025-08-04T15:51:24","slug":"balance-positivo-de-vacaciones-de-invierno-mas-de-15-mil-personas-disfrutaron-de-propuestas-gratuitas","status":"publish","type":"post","link":"https:\/\/noticiasmercedinas.com\/site\/2025\/08\/04\/balance-positivo-de-vacaciones-de-invierno-mas-de-15-mil-personas-disfrutaron-de-propuestas-gratuitas\/","title":{"rendered":"Balance positivo de vacaciones de invierno: m\u00e1s de 15 mil personas disfrutaron de propuestas gratuitas"},"content":{"rendered":"\r\n                <style type=\"text\/css\">\r\n                    \r\n                    #td_uid_1_69f32e63be3da  .td-doubleSlider-2 .td-item1 {\r\n                        background: url(https:\/\/noticiasmercedinas.com\/site\/wp-content\/uploads\/2025\/08\/IMG_2024-160x120.jpg) 0 0 no-repeat;\r\n                    }\r\n                    #td_uid_1_69f32e63be3da  .td-doubleSlider-2 .td-item2 {\r\n                        background: url(https:\/\/noticiasmercedinas.com\/site\/wp-content\/uploads\/2025\/08\/DSC07303-160x120.jpg) 0 0 no-repeat;\r\n                    }\r\n                    #td_uid_1_69f32e63be3da  .td-doubleSlider-2 .td-item3 {\r\n                        background: url(https:\/\/noticiasmercedinas.com\/site\/wp-content\/uploads\/2025\/08\/DSC08100-160x120.jpg) 0 0 no-repeat;\r\n                    }\r\n                    #td_uid_1_69f32e63be3da  .td-doubleSlider-2 .td-item4 {\r\n                        background: url(https:\/\/noticiasmercedinas.com\/site\/wp-content\/uploads\/2025\/08\/IMG_2209-160x120.jpg) 0 0 no-repeat;\r\n                    }\r\n                    #td_uid_1_69f32e63be3da  .td-doubleSlider-2 .td-item5 {\r\n                        background: url(https:\/\/noticiasmercedinas.com\/site\/wp-content\/uploads\/2025\/08\/DSC07332-160x120.jpg) 0 0 no-repeat;\r\n                    }\r\n                    #td_uid_1_69f32e63be3da  .td-doubleSlider-2 .td-item6 {\r\n                        background: url(https:\/\/noticiasmercedinas.com\/site\/wp-content\/uploads\/2025\/08\/0H0A2727-160x120.jpg) 0 0 no-repeat;\r\n                    }\r\n                    #td_uid_1_69f32e63be3da  .td-doubleSlider-2 .td-item7 {\r\n                        background: url(https:\/\/noticiasmercedinas.com\/site\/wp-content\/uploads\/2025\/08\/0H0A2418-160x120.jpg) 0 0 no-repeat;\r\n                    }\r\n                    #td_uid_1_69f32e63be3da  .td-doubleSlider-2 .td-item8 {\r\n                        background: url(https:\/\/noticiasmercedinas.com\/site\/wp-content\/uploads\/2025\/08\/DSC08148-160x120.jpg) 0 0 no-repeat;\r\n                    }\r\n                <\/style>\r\n\r\n                <div id=\"td_uid_1_69f32e63be3da\" class=\"td-gallery td-slide-on-2-columns\">\r\n                    <div class=\"post_td_gallery\">\r\n                        <div class=\"td-gallery-slide-top\">\r\n                           <div class=\"td-gallery-title\"><\/div>\r\n\r\n                            <div class=\"td-gallery-controls-wrapper\">\r\n                                <div class=\"td-gallery-slide-count\"><span class=\"td-gallery-slide-item-focus\">1<\/span> de 8<\/div>\r\n                                <div class=\"td-gallery-slide-prev-next-but\">\r\n                                    <i class = \"td-icon-left doubleSliderPrevButton\"><\/i>\r\n                                    <i class = \"td-icon-right doubleSliderNextButton\"><\/i>\r\n                                <\/div>\r\n                            <\/div>\r\n                        <\/div>\r\n\r\n                        <div class = \"td-doubleSlider-1 \">\r\n                            <div class = \"td-slider\">\r\n                                \r\n                    <div class = \"td-slide-item td-item1\">\r\n                        <figure class=\"td-slide-galery-figure td-slide-popup-gallery\">\r\n                            <a class=\"slide-gallery-image-link\" href=\"https:\/\/noticiasmercedinas.com\/site\/wp-content\/uploads\/2025\/08\/IMG_2024.jpg\" title=\"IMG_2024\"  data-caption=\"\"  data-description=\"\">\r\n                                <img decoding=\"async\" src=\"https:\/\/noticiasmercedinas.com\/site\/wp-content\/uploads\/2025\/08\/IMG_2024.jpg\" srcset=\"https:\/\/noticiasmercedinas.com\/site\/wp-content\/uploads\/2025\/08\/IMG_2024.jpg 1319w, https:\/\/noticiasmercedinas.com\/site\/wp-content\/uploads\/2025\/08\/IMG_2024-300x200.jpg 300w, https:\/\/noticiasmercedinas.com\/site\/wp-content\/uploads\/2025\/08\/IMG_2024-1024x682.jpg 1024w, https:\/\/noticiasmercedinas.com\/site\/wp-content\/uploads\/2025\/08\/IMG_2024-768x512.jpg 768w, https:\/\/noticiasmercedinas.com\/site\/wp-content\/uploads\/2025\/08\/IMG_2024-640x427.jpg 640w, https:\/\/noticiasmercedinas.com\/site\/wp-content\/uploads\/2025\/08\/IMG_2024-1280x853.jpg 1280w, https:\/\/noticiasmercedinas.com\/site\/wp-content\/uploads\/2025\/08\/IMG_2024-681x454.jpg 681w\" sizes=\"(max-width: 1319px) 100vw, 1319px\" alt=\"\">\r\n                            <\/a>\r\n                            \r\n                        <\/figure>\r\n                    <\/div>\r\n                    <div class = \"td-slide-item td-item2\">\r\n                        <figure class=\"td-slide-galery-figure td-slide-popup-gallery\">\r\n                            <a class=\"slide-gallery-image-link\" href=\"https:\/\/noticiasmercedinas.com\/site\/wp-content\/uploads\/2025\/08\/DSC07303.jpg\" title=\"DSC07303\"  data-caption=\"\"  data-description=\"\">\r\n                                <img decoding=\"async\" src=\"https:\/\/noticiasmercedinas.com\/site\/wp-content\/uploads\/2025\/08\/DSC07303.jpg\" srcset=\"https:\/\/noticiasmercedinas.com\/site\/wp-content\/uploads\/2025\/08\/DSC07303.jpg 1319w, https:\/\/noticiasmercedinas.com\/site\/wp-content\/uploads\/2025\/08\/DSC07303-300x200.jpg 300w, https:\/\/noticiasmercedinas.com\/site\/wp-content\/uploads\/2025\/08\/DSC07303-1024x682.jpg 1024w, https:\/\/noticiasmercedinas.com\/site\/wp-content\/uploads\/2025\/08\/DSC07303-768x512.jpg 768w, https:\/\/noticiasmercedinas.com\/site\/wp-content\/uploads\/2025\/08\/DSC07303-640x427.jpg 640w, https:\/\/noticiasmercedinas.com\/site\/wp-content\/uploads\/2025\/08\/DSC07303-1280x853.jpg 1280w, https:\/\/noticiasmercedinas.com\/site\/wp-content\/uploads\/2025\/08\/DSC07303-681x454.jpg 681w\" sizes=\"(max-width: 1319px) 100vw, 1319px\" alt=\"\">\r\n                            <\/a>\r\n                            \r\n                        <\/figure>\r\n                    <\/div>\r\n                    <div class = \"td-slide-item td-item3\">\r\n                        <figure class=\"td-slide-galery-figure td-slide-popup-gallery\">\r\n                            <a class=\"slide-gallery-image-link\" href=\"https:\/\/noticiasmercedinas.com\/site\/wp-content\/uploads\/2025\/08\/DSC08100.jpg\" title=\"DSC08100\"  data-caption=\"\"  data-description=\"\">\r\n                                <img decoding=\"async\" src=\"https:\/\/noticiasmercedinas.com\/site\/wp-content\/uploads\/2025\/08\/DSC08100.jpg\" srcset=\"https:\/\/noticiasmercedinas.com\/site\/wp-content\/uploads\/2025\/08\/DSC08100.jpg 1319w, https:\/\/noticiasmercedinas.com\/site\/wp-content\/uploads\/2025\/08\/DSC08100-300x200.jpg 300w, https:\/\/noticiasmercedinas.com\/site\/wp-content\/uploads\/2025\/08\/DSC08100-1024x682.jpg 1024w, https:\/\/noticiasmercedinas.com\/site\/wp-content\/uploads\/2025\/08\/DSC08100-768x512.jpg 768w, https:\/\/noticiasmercedinas.com\/site\/wp-content\/uploads\/2025\/08\/DSC08100-640x427.jpg 640w, https:\/\/noticiasmercedinas.com\/site\/wp-content\/uploads\/2025\/08\/DSC08100-1280x853.jpg 1280w, https:\/\/noticiasmercedinas.com\/site\/wp-content\/uploads\/2025\/08\/DSC08100-681x454.jpg 681w\" sizes=\"(max-width: 1319px) 100vw, 1319px\" alt=\"\">\r\n                            <\/a>\r\n                            \r\n                        <\/figure>\r\n                    <\/div>\r\n                    <div class = \"td-slide-item td-item4\">\r\n                        <figure class=\"td-slide-galery-figure td-slide-popup-gallery\">\r\n                            <a class=\"slide-gallery-image-link\" href=\"https:\/\/noticiasmercedinas.com\/site\/wp-content\/uploads\/2025\/08\/IMG_2209.jpg\" title=\"IMG_2209\"  data-caption=\"\"  data-description=\"\">\r\n                                <img decoding=\"async\" src=\"https:\/\/noticiasmercedinas.com\/site\/wp-content\/uploads\/2025\/08\/IMG_2209.jpg\" srcset=\"https:\/\/noticiasmercedinas.com\/site\/wp-content\/uploads\/2025\/08\/IMG_2209.jpg 1319w, https:\/\/noticiasmercedinas.com\/site\/wp-content\/uploads\/2025\/08\/IMG_2209-300x200.jpg 300w, https:\/\/noticiasmercedinas.com\/site\/wp-content\/uploads\/2025\/08\/IMG_2209-1024x682.jpg 1024w, https:\/\/noticiasmercedinas.com\/site\/wp-content\/uploads\/2025\/08\/IMG_2209-768x512.jpg 768w, https:\/\/noticiasmercedinas.com\/site\/wp-content\/uploads\/2025\/08\/IMG_2209-640x427.jpg 640w, https:\/\/noticiasmercedinas.com\/site\/wp-content\/uploads\/2025\/08\/IMG_2209-1280x853.jpg 1280w, https:\/\/noticiasmercedinas.com\/site\/wp-content\/uploads\/2025\/08\/IMG_2209-681x454.jpg 681w\" sizes=\"(max-width: 1319px) 100vw, 1319px\" alt=\"\">\r\n                            <\/a>\r\n                            \r\n                        <\/figure>\r\n                    <\/div>\r\n                    <div class = \"td-slide-item td-item5\">\r\n                        <figure class=\"td-slide-galery-figure td-slide-popup-gallery\">\r\n                            <a class=\"slide-gallery-image-link\" href=\"https:\/\/noticiasmercedinas.com\/site\/wp-content\/uploads\/2025\/08\/DSC07332.jpg\" title=\"DSC07332\"  data-caption=\"\"  data-description=\"\">\r\n                                <img decoding=\"async\" src=\"https:\/\/noticiasmercedinas.com\/site\/wp-content\/uploads\/2025\/08\/DSC07332.jpg\" srcset=\"https:\/\/noticiasmercedinas.com\/site\/wp-content\/uploads\/2025\/08\/DSC07332.jpg 1319w, https:\/\/noticiasmercedinas.com\/site\/wp-content\/uploads\/2025\/08\/DSC07332-300x200.jpg 300w, https:\/\/noticiasmercedinas.com\/site\/wp-content\/uploads\/2025\/08\/DSC07332-1024x682.jpg 1024w, https:\/\/noticiasmercedinas.com\/site\/wp-content\/uploads\/2025\/08\/DSC07332-768x512.jpg 768w, https:\/\/noticiasmercedinas.com\/site\/wp-content\/uploads\/2025\/08\/DSC07332-640x427.jpg 640w, https:\/\/noticiasmercedinas.com\/site\/wp-content\/uploads\/2025\/08\/DSC07332-1280x853.jpg 1280w, https:\/\/noticiasmercedinas.com\/site\/wp-content\/uploads\/2025\/08\/DSC07332-681x454.jpg 681w\" sizes=\"(max-width: 1319px) 100vw, 1319px\" alt=\"\">\r\n                            <\/a>\r\n                            \r\n                        <\/figure>\r\n                    <\/div>\r\n                    <div class = \"td-slide-item td-item6\">\r\n                        <figure class=\"td-slide-galery-figure td-slide-popup-gallery\">\r\n                            <a class=\"slide-gallery-image-link\" href=\"https:\/\/noticiasmercedinas.com\/site\/wp-content\/uploads\/2025\/08\/0H0A2727.jpg\" title=\"0H0A2727\"  data-caption=\"\"  data-description=\"\">\r\n                                <img decoding=\"async\" src=\"https:\/\/noticiasmercedinas.com\/site\/wp-content\/uploads\/2025\/08\/0H0A2727.jpg\" srcset=\"https:\/\/noticiasmercedinas.com\/site\/wp-content\/uploads\/2025\/08\/0H0A2727.jpg 1319w, https:\/\/noticiasmercedinas.com\/site\/wp-content\/uploads\/2025\/08\/0H0A2727-300x200.jpg 300w, https:\/\/noticiasmercedinas.com\/site\/wp-content\/uploads\/2025\/08\/0H0A2727-1024x682.jpg 1024w, https:\/\/noticiasmercedinas.com\/site\/wp-content\/uploads\/2025\/08\/0H0A2727-768x512.jpg 768w, https:\/\/noticiasmercedinas.com\/site\/wp-content\/uploads\/2025\/08\/0H0A2727-640x427.jpg 640w, https:\/\/noticiasmercedinas.com\/site\/wp-content\/uploads\/2025\/08\/0H0A2727-1280x853.jpg 1280w, https:\/\/noticiasmercedinas.com\/site\/wp-content\/uploads\/2025\/08\/0H0A2727-681x454.jpg 681w\" sizes=\"(max-width: 1319px) 100vw, 1319px\" alt=\"\">\r\n                            <\/a>\r\n                            \r\n                        <\/figure>\r\n                    <\/div>\r\n                    <div class = \"td-slide-item td-item7\">\r\n                        <figure class=\"td-slide-galery-figure td-slide-popup-gallery\">\r\n                            <a class=\"slide-gallery-image-link\" href=\"https:\/\/noticiasmercedinas.com\/site\/wp-content\/uploads\/2025\/08\/0H0A2418.jpg\" title=\"0H0A2418\"  data-caption=\"\"  data-description=\"\">\r\n                                <img decoding=\"async\" src=\"https:\/\/noticiasmercedinas.com\/site\/wp-content\/uploads\/2025\/08\/0H0A2418.jpg\" srcset=\"https:\/\/noticiasmercedinas.com\/site\/wp-content\/uploads\/2025\/08\/0H0A2418.jpg 1319w, https:\/\/noticiasmercedinas.com\/site\/wp-content\/uploads\/2025\/08\/0H0A2418-300x200.jpg 300w, https:\/\/noticiasmercedinas.com\/site\/wp-content\/uploads\/2025\/08\/0H0A2418-1024x682.jpg 1024w, https:\/\/noticiasmercedinas.com\/site\/wp-content\/uploads\/2025\/08\/0H0A2418-768x512.jpg 768w, https:\/\/noticiasmercedinas.com\/site\/wp-content\/uploads\/2025\/08\/0H0A2418-640x427.jpg 640w, https:\/\/noticiasmercedinas.com\/site\/wp-content\/uploads\/2025\/08\/0H0A2418-1280x853.jpg 1280w, https:\/\/noticiasmercedinas.com\/site\/wp-content\/uploads\/2025\/08\/0H0A2418-681x454.jpg 681w\" sizes=\"(max-width: 1319px) 100vw, 1319px\" alt=\"\">\r\n                            <\/a>\r\n                            \r\n                        <\/figure>\r\n                    <\/div>\r\n                    <div class = \"td-slide-item td-item8\">\r\n                        <figure class=\"td-slide-galery-figure td-slide-popup-gallery\">\r\n                            <a class=\"slide-gallery-image-link\" href=\"https:\/\/noticiasmercedinas.com\/site\/wp-content\/uploads\/2025\/08\/DSC08148.jpg\" title=\"DSC08148\"  data-caption=\"\"  data-description=\"\">\r\n                                <img decoding=\"async\" src=\"https:\/\/noticiasmercedinas.com\/site\/wp-content\/uploads\/2025\/08\/DSC08148.jpg\" srcset=\"https:\/\/noticiasmercedinas.com\/site\/wp-content\/uploads\/2025\/08\/DSC08148.jpg 1319w, https:\/\/noticiasmercedinas.com\/site\/wp-content\/uploads\/2025\/08\/DSC08148-300x200.jpg 300w, https:\/\/noticiasmercedinas.com\/site\/wp-content\/uploads\/2025\/08\/DSC08148-1024x682.jpg 1024w, https:\/\/noticiasmercedinas.com\/site\/wp-content\/uploads\/2025\/08\/DSC08148-768x512.jpg 768w, https:\/\/noticiasmercedinas.com\/site\/wp-content\/uploads\/2025\/08\/DSC08148-640x427.jpg 640w, https:\/\/noticiasmercedinas.com\/site\/wp-content\/uploads\/2025\/08\/DSC08148-1280x853.jpg 1280w, https:\/\/noticiasmercedinas.com\/site\/wp-content\/uploads\/2025\/08\/DSC08148-681x454.jpg 681w\" sizes=\"(max-width: 1319px) 100vw, 1319px\" alt=\"\">\r\n                            <\/a>\r\n                            \r\n                        <\/figure>\r\n                    <\/div>\r\n                            <\/div>\r\n                        <\/div>\r\n\r\n                        <div class = \"td-doubleSlider-2\">\r\n                            <div class = \"td-slider\">\r\n                                \r\n                    <div class = \"td-button td-item1\">\r\n                        <div class = \"td-border\"><\/div>\r\n                    <\/div>\r\n                    <div class = \"td-button td-item2\">\r\n                        <div class = \"td-border\"><\/div>\r\n                    <\/div>\r\n                    <div class = \"td-button td-item3\">\r\n                        <div class = \"td-border\"><\/div>\r\n                    <\/div>\r\n                    <div class = \"td-button td-item4\">\r\n                        <div class = \"td-border\"><\/div>\r\n                    <\/div>\r\n                    <div class = \"td-button td-item5\">\r\n                        <div class = \"td-border\"><\/div>\r\n                    <\/div>\r\n                    <div class = \"td-button td-item6\">\r\n                        <div class = \"td-border\"><\/div>\r\n                    <\/div>\r\n                    <div class = \"td-button td-item7\">\r\n                        <div class = \"td-border\"><\/div>\r\n                    <\/div>\r\n                    <div class = \"td-button td-item8\">\r\n                        <div class = \"td-border\"><\/div>\r\n                    <\/div>\r\n                            <\/div>\r\n                        <\/div>\r\n\r\n                    <\/div>\r\n\r\n                <\/div>\r\n                \n<p>Durante el receso invernal, Mercedes vivi\u00f3 unas vacaciones de invierno colmadas de actividades y una masiva participaci\u00f3n de vecinos y visitantes. Seg\u00fan datos proporcionados por la Direcci\u00f3n de Cultura del Municipio, se estima que unas 15 mil personas formaron parte de las diversas propuestas art\u00edsticas, culturales y recreativas que se desarrollaron en distintos espacios de la ciudad. Todas las actividades fueron de acceso libre y gratuito.<\/p>\n<p>Las jornadas incluyeron una programaci\u00f3n variada y descentralizada, que abarc\u00f3 desde funciones teatrales y espect\u00e1culos musicales hasta actividades al aire libre, visitas guiadas, talleres y juegos. Espacios como la reserva del Arroyo Balta, el Vivero Biotecnol\u00f3gico Municipal, el Museo de Arte, el Teatro Argentino, el Observatorio, la Estaci\u00f3n Juego y el Paseo de la Juventud fueron algunos de los tantos escenarios que albergaron las iniciativas organizadas por el municipio.<\/p>\n<p>Tambi\u00e9n se llevaron adelante propuestas en plazas barriales, sociedades de fomento, EPIs (Espacios Primera Infancia), el Museo Miguez, la Calesita en plaza Belgrano, la Casa de Veteranos, el Centro Comunitario y Deportivo N\u00e9stor Kirchner, y el espacio cultural La Trocha, donde se realizaron ciclos musicales, shows infantiles y ferias.<\/p>\n<p>\u201cContemplamos que han pasado unas 15.000 personas por los distintos lugares. La cifra es f\u00e1cil de calcular por butacas, corte de pases, lugares asignados, capacidad de salas\u2026 todos los espacios estuvieron colmados, con funciones siempre llenas\u201d, explic\u00f3 Jimena Rivas, directora de Cultura. A su vez, agradeci\u00f3 \u201ca cada artista, instituci\u00f3n y docente que fueron parte de las actividades, como as\u00ed tambi\u00e9n a las y los trabajadores municipales, con un enorme trabajo, creatividad y desempe\u00f1o\u201d.<\/p>\n<p>En el mismo sentido, el intendente Juan Ignacio Ustarroz valor\u00f3 el \u00e9xito de la agenda invernal: \u201cEstamos felices y agradecidos. De eso se trata, de encontrarnos, de buscar momentos de felicidad para las y los ni\u00f1os, para las familias\u201d, afirm\u00f3. Tambi\u00e9n destac\u00f3 \u201cel enorme trabajo de quienes lo hicieron posible, uniendo esfuerzo, compromiso y brindando excelentes opciones para las y los mercedinos\u201d.<\/p>\n<p>Tras el cierre de las vacaciones, desde la comuna ya anticiparon la pr\u00f3xima gran celebraci\u00f3n: el D\u00eda de la Ni\u00f1ez, que tendr\u00e1 lugar el viernes 16 de agosto en La Trocha, de 14 a 17 horas, con propuestas y actividades que se anunciar\u00e1n en los pr\u00f3ximos d\u00edas.<\/p>\n","protected":false},"excerpt":{"rendered":"<p>\u25a0\u00a0Hubo gran cantidad de actividades culturales y recreativas en distintos espacios que fueron impulsadas por la Municipalidad a trav\u00e9s de sus distintas \u00e1reas. La pr\u00f3xima gran celebraci\u00f3n ser\u00e1 el D\u00eda de la Ni\u00f1ez<\/p>\n","protected":false},"author":16,"featured_media":165936,"comment_status":"closed","ping_status":"closed","sticky":false,"template":"","format":"standard","meta":{"footnotes":""},"categories":[3],"tags":[10033,20621,5058],"class_list":["post-165928","post","type-post","status-publish","format-standard","has-post-thumbnail","hentry","category-sociedad","tag-infancias","tag-propuestas","tag-vacaciones-de-invierno"],"yoast_head":"<!-- This site is optimized with the Yoast SEO plugin v27.5 - https:\/\/yoast.com\/product\/yoast-seo-wordpress\/ -->\n<title>Balance positivo de vacaciones de invierno: m\u00e1s de 15 mil personas disfrutaron de propuestas gratuitas<\/title>\n<meta name=\"description\" content=\"\u25a0\u00a0Hubo gran cantidad de actividades culturales y recreativas en distintos espacios que fueron impulsadas por la Municipalidad a trav\u00e9s de sus distintas \u00e1reas. La pr\u00f3xima gran celebraci\u00f3n ser\u00e1 el D\u00eda de la Ni\u00f1ez\" \/>\n<meta name=\"robots\" content=\"index, follow, max-snippet:-1, max-image-preview:large, max-video-preview:-1\" \/>\n<link rel=\"canonical\" href=\"https:\/\/noticiasmercedinas.com\/site\/2025\/08\/04\/balance-positivo-de-vacaciones-de-invierno-mas-de-15-mil-personas-disfrutaron-de-propuestas-gratuitas\/\" \/>\n<meta property=\"og:locale\" content=\"es_ES\" \/>\n<meta property=\"og:type\" content=\"article\" \/>\n<meta property=\"og:title\" content=\"Balance positivo de vacaciones de invierno: m\u00e1s de 15 mil personas disfrutaron de propuestas gratuitas\" \/>\n<meta property=\"og:description\" content=\"\u25a0\u00a0Hubo gran cantidad de actividades culturales y recreativas en distintos espacios que fueron impulsadas por la Municipalidad a trav\u00e9s de sus distintas \u00e1reas. La pr\u00f3xima gran celebraci\u00f3n ser\u00e1 el D\u00eda de la Ni\u00f1ez\" \/>\n<meta property=\"og:url\" content=\"https:\/\/noticiasmercedinas.com\/site\/2025\/08\/04\/balance-positivo-de-vacaciones-de-invierno-mas-de-15-mil-personas-disfrutaron-de-propuestas-gratuitas\/\" \/>\n<meta property=\"og:site_name\" content=\"NOTICIASMERCEDINAS.COM\" \/>\n<meta property=\"article:publisher\" content=\"https:\/\/www.facebook.com\/noticiasmercedinas\/\" \/>\n<meta property=\"article:published_time\" content=\"2025-08-04T15:51:24+00:00\" \/>\n<meta property=\"og:image\" content=\"https:\/\/noticiasmercedinas.com\/site\/wp-content\/uploads\/2025\/08\/0H0A2418.jpg\" \/>\n\t<meta property=\"og:image:width\" content=\"1319\" \/>\n\t<meta property=\"og:image:height\" content=\"879\" \/>\n\t<meta property=\"og:image:type\" content=\"image\/jpeg\" \/>\n<meta name=\"author\" content=\"NOTICIASMERCEDINAS.COM\" \/>\n<meta name=\"twitter:card\" content=\"summary_large_image\" \/>\n<meta name=\"twitter:creator\" content=\"@notmercedinas\" \/>\n<meta name=\"twitter:site\" content=\"@notmercedinas\" \/>\n<meta name=\"twitter:label1\" content=\"Escrito por\" \/>\n\t<meta name=\"twitter:data1\" content=\"NOTICIASMERCEDINAS.COM\" \/>\n\t<meta name=\"twitter:label2\" content=\"Tiempo de lectura\" \/>\n\t<meta name=\"twitter:data2\" content=\"2 minutos\" \/>\n<script type=\"application\/ld+json\" class=\"yoast-schema-graph\">{\"@context\":\"https:\\\/\\\/schema.org\",\"@graph\":[{\"@type\":\"Article\",\"@id\":\"https:\\\/\\\/noticiasmercedinas.com\\\/site\\\/2025\\\/08\\\/04\\\/balance-positivo-de-vacaciones-de-invierno-mas-de-15-mil-personas-disfrutaron-de-propuestas-gratuitas\\\/#article\",\"isPartOf\":{\"@id\":\"https:\\\/\\\/noticiasmercedinas.com\\\/site\\\/2025\\\/08\\\/04\\\/balance-positivo-de-vacaciones-de-invierno-mas-de-15-mil-personas-disfrutaron-de-propuestas-gratuitas\\\/\"},\"author\":{\"name\":\"NOTICIASMERCEDINAS.COM\",\"@id\":\"https:\\\/\\\/noticiasmercedinas.com\\\/site\\\/#\\\/schema\\\/person\\\/84b59c099c28ff2e8b77d4ceec5d8063\"},\"headline\":\"Balance positivo de vacaciones de invierno: m\u00e1s de 15 mil personas disfrutaron de propuestas gratuitas\",\"datePublished\":\"2025-08-04T15:51:24+00:00\",\"mainEntityOfPage\":{\"@id\":\"https:\\\/\\\/noticiasmercedinas.com\\\/site\\\/2025\\\/08\\\/04\\\/balance-positivo-de-vacaciones-de-invierno-mas-de-15-mil-personas-disfrutaron-de-propuestas-gratuitas\\\/\"},\"wordCount\":409,\"publisher\":{\"@id\":\"https:\\\/\\\/noticiasmercedinas.com\\\/site\\\/#organization\"},\"image\":{\"@id\":\"https:\\\/\\\/noticiasmercedinas.com\\\/site\\\/2025\\\/08\\\/04\\\/balance-positivo-de-vacaciones-de-invierno-mas-de-15-mil-personas-disfrutaron-de-propuestas-gratuitas\\\/#primaryimage\"},\"thumbnailUrl\":\"https:\\\/\\\/noticiasmercedinas.com\\\/site\\\/wp-content\\\/uploads\\\/2025\\\/08\\\/0H0A2418.jpg\",\"keywords\":[\"infancias\",\"propuestas\",\"vacaciones de invierno\"],\"articleSection\":[\"Sociedad\"],\"inLanguage\":\"es\"},{\"@type\":\"WebPage\",\"@id\":\"https:\\\/\\\/noticiasmercedinas.com\\\/site\\\/2025\\\/08\\\/04\\\/balance-positivo-de-vacaciones-de-invierno-mas-de-15-mil-personas-disfrutaron-de-propuestas-gratuitas\\\/\",\"url\":\"https:\\\/\\\/noticiasmercedinas.com\\\/site\\\/2025\\\/08\\\/04\\\/balance-positivo-de-vacaciones-de-invierno-mas-de-15-mil-personas-disfrutaron-de-propuestas-gratuitas\\\/\",\"name\":\"Balance positivo de vacaciones de invierno: m\u00e1s de 15 mil personas disfrutaron de propuestas gratuitas\",\"isPartOf\":{\"@id\":\"https:\\\/\\\/noticiasmercedinas.com\\\/site\\\/#website\"},\"primaryImageOfPage\":{\"@id\":\"https:\\\/\\\/noticiasmercedinas.com\\\/site\\\/2025\\\/08\\\/04\\\/balance-positivo-de-vacaciones-de-invierno-mas-de-15-mil-personas-disfrutaron-de-propuestas-gratuitas\\\/#primaryimage\"},\"image\":{\"@id\":\"https:\\\/\\\/noticiasmercedinas.com\\\/site\\\/2025\\\/08\\\/04\\\/balance-positivo-de-vacaciones-de-invierno-mas-de-15-mil-personas-disfrutaron-de-propuestas-gratuitas\\\/#primaryimage\"},\"thumbnailUrl\":\"https:\\\/\\\/noticiasmercedinas.com\\\/site\\\/wp-content\\\/uploads\\\/2025\\\/08\\\/0H0A2418.jpg\",\"datePublished\":\"2025-08-04T15:51:24+00:00\",\"description\":\"\u25a0\u00a0Hubo gran cantidad de actividades culturales y recreativas en distintos espacios que fueron impulsadas por la Municipalidad a trav\u00e9s de sus distintas \u00e1reas. La pr\u00f3xima gran celebraci\u00f3n ser\u00e1 el D\u00eda de la Ni\u00f1ez\",\"breadcrumb\":{\"@id\":\"https:\\\/\\\/noticiasmercedinas.com\\\/site\\\/2025\\\/08\\\/04\\\/balance-positivo-de-vacaciones-de-invierno-mas-de-15-mil-personas-disfrutaron-de-propuestas-gratuitas\\\/#breadcrumb\"},\"inLanguage\":\"es\",\"potentialAction\":[{\"@type\":\"ReadAction\",\"target\":[\"https:\\\/\\\/noticiasmercedinas.com\\\/site\\\/2025\\\/08\\\/04\\\/balance-positivo-de-vacaciones-de-invierno-mas-de-15-mil-personas-disfrutaron-de-propuestas-gratuitas\\\/\"]}]},{\"@type\":\"ImageObject\",\"inLanguage\":\"es\",\"@id\":\"https:\\\/\\\/noticiasmercedinas.com\\\/site\\\/2025\\\/08\\\/04\\\/balance-positivo-de-vacaciones-de-invierno-mas-de-15-mil-personas-disfrutaron-de-propuestas-gratuitas\\\/#primaryimage\",\"url\":\"https:\\\/\\\/noticiasmercedinas.com\\\/site\\\/wp-content\\\/uploads\\\/2025\\\/08\\\/0H0A2418.jpg\",\"contentUrl\":\"https:\\\/\\\/noticiasmercedinas.com\\\/site\\\/wp-content\\\/uploads\\\/2025\\\/08\\\/0H0A2418.jpg\",\"width\":1319,\"height\":879},{\"@type\":\"BreadcrumbList\",\"@id\":\"https:\\\/\\\/noticiasmercedinas.com\\\/site\\\/2025\\\/08\\\/04\\\/balance-positivo-de-vacaciones-de-invierno-mas-de-15-mil-personas-disfrutaron-de-propuestas-gratuitas\\\/#breadcrumb\",\"itemListElement\":[{\"@type\":\"ListItem\",\"position\":1,\"name\":\"Portada\",\"item\":\"https:\\\/\\\/noticiasmercedinas.com\\\/site\\\/\"},{\"@type\":\"ListItem\",\"position\":2,\"name\":\"Balance positivo de vacaciones de invierno: m\u00e1s de 15 mil personas disfrutaron de propuestas gratuitas\"}]},{\"@type\":\"WebSite\",\"@id\":\"https:\\\/\\\/noticiasmercedinas.com\\\/site\\\/#website\",\"url\":\"https:\\\/\\\/noticiasmercedinas.com\\\/site\\\/\",\"name\":\"NOTICIASMERCEDINAS.COM\",\"description\":\"Mercedes, Buenos Aires, Argentina\",\"publisher\":{\"@id\":\"https:\\\/\\\/noticiasmercedinas.com\\\/site\\\/#organization\"},\"potentialAction\":[{\"@type\":\"SearchAction\",\"target\":{\"@type\":\"EntryPoint\",\"urlTemplate\":\"https:\\\/\\\/noticiasmercedinas.com\\\/site\\\/?s={search_term_string}\"},\"query-input\":{\"@type\":\"PropertyValueSpecification\",\"valueRequired\":true,\"valueName\":\"search_term_string\"}}],\"inLanguage\":\"es\"},{\"@type\":\"Organization\",\"@id\":\"https:\\\/\\\/noticiasmercedinas.com\\\/site\\\/#organization\",\"name\":\"NOTICIASMERCEDINAS.COM\",\"url\":\"https:\\\/\\\/noticiasmercedinas.com\\\/site\\\/\",\"logo\":{\"@type\":\"ImageObject\",\"inLanguage\":\"es\",\"@id\":\"https:\\\/\\\/noticiasmercedinas.com\\\/site\\\/#\\\/schema\\\/logo\\\/image\\\/\",\"url\":\"https:\\\/\\\/noticiasmercedinas.com\\\/site\\\/wp-content\\\/uploads\\\/2020\\\/06\\\/LOGO-512.jpg\",\"contentUrl\":\"https:\\\/\\\/noticiasmercedinas.com\\\/site\\\/wp-content\\\/uploads\\\/2020\\\/06\\\/LOGO-512.jpg\",\"width\":512,\"height\":512,\"caption\":\"NOTICIASMERCEDINAS.COM\"},\"image\":{\"@id\":\"https:\\\/\\\/noticiasmercedinas.com\\\/site\\\/#\\\/schema\\\/logo\\\/image\\\/\"},\"sameAs\":[\"https:\\\/\\\/www.facebook.com\\\/noticiasmercedinas\\\/\",\"https:\\\/\\\/x.com\\\/notmercedinas\",\"https:\\\/\\\/www.instagram.com\\\/noticiasmercedinas\\\/\"]},{\"@type\":\"Person\",\"@id\":\"https:\\\/\\\/noticiasmercedinas.com\\\/site\\\/#\\\/schema\\\/person\\\/84b59c099c28ff2e8b77d4ceec5d8063\",\"name\":\"NOTICIASMERCEDINAS.COM\",\"image\":{\"@type\":\"ImageObject\",\"inLanguage\":\"es\",\"@id\":\"https:\\\/\\\/secure.gravatar.com\\\/avatar\\\/4dfbf16b4d17945bfb6341b2d19043457132fcf478a5ee04f42e959fd8f5df0a?s=96&d=mm&r=g\",\"url\":\"https:\\\/\\\/secure.gravatar.com\\\/avatar\\\/4dfbf16b4d17945bfb6341b2d19043457132fcf478a5ee04f42e959fd8f5df0a?s=96&d=mm&r=g\",\"contentUrl\":\"https:\\\/\\\/secure.gravatar.com\\\/avatar\\\/4dfbf16b4d17945bfb6341b2d19043457132fcf478a5ee04f42e959fd8f5df0a?s=96&d=mm&r=g\",\"caption\":\"NOTICIASMERCEDINAS.COM\"},\"url\":\"https:\\\/\\\/noticiasmercedinas.com\\\/site\\\/author\\\/anonimo\\\/\"}]}<\/script>\n<!-- \/ Yoast SEO plugin. -->","yoast_head_json":{"title":"Balance positivo de vacaciones de invierno: m\u00e1s de 15 mil personas disfrutaron de propuestas gratuitas","description":"\u25a0\u00a0Hubo gran cantidad de actividades culturales y recreativas en distintos espacios que fueron impulsadas por la Municipalidad a trav\u00e9s de sus distintas \u00e1reas. La pr\u00f3xima gran celebraci\u00f3n ser\u00e1 el D\u00eda de la Ni\u00f1ez","robots":{"index":"index","follow":"follow","max-snippet":"max-snippet:-1","max-image-preview":"max-image-preview:large","max-video-preview":"max-video-preview:-1"},"canonical":"https:\/\/noticiasmercedinas.com\/site\/2025\/08\/04\/balance-positivo-de-vacaciones-de-invierno-mas-de-15-mil-personas-disfrutaron-de-propuestas-gratuitas\/","og_locale":"es_ES","og_type":"article","og_title":"Balance positivo de vacaciones de invierno: m\u00e1s de 15 mil personas disfrutaron de propuestas gratuitas","og_description":"\u25a0\u00a0Hubo gran cantidad de actividades culturales y recreativas en distintos espacios que fueron impulsadas por la Municipalidad a trav\u00e9s de sus distintas \u00e1reas. La pr\u00f3xima gran celebraci\u00f3n ser\u00e1 el D\u00eda de la Ni\u00f1ez","og_url":"https:\/\/noticiasmercedinas.com\/site\/2025\/08\/04\/balance-positivo-de-vacaciones-de-invierno-mas-de-15-mil-personas-disfrutaron-de-propuestas-gratuitas\/","og_site_name":"NOTICIASMERCEDINAS.COM","article_publisher":"https:\/\/www.facebook.com\/noticiasmercedinas\/","article_published_time":"2025-08-04T15:51:24+00:00","og_image":[{"width":1319,"height":879,"url":"https:\/\/noticiasmercedinas.com\/site\/wp-content\/uploads\/2025\/08\/0H0A2418.jpg","type":"image\/jpeg"}],"author":"NOTICIASMERCEDINAS.COM","twitter_card":"summary_large_image","twitter_creator":"@notmercedinas","twitter_site":"@notmercedinas","twitter_misc":{"Escrito por":"NOTICIASMERCEDINAS.COM","Tiempo de lectura":"2 minutos"},"schema":{"@context":"https:\/\/schema.org","@graph":[{"@type":"Article","@id":"https:\/\/noticiasmercedinas.com\/site\/2025\/08\/04\/balance-positivo-de-vacaciones-de-invierno-mas-de-15-mil-personas-disfrutaron-de-propuestas-gratuitas\/#article","isPartOf":{"@id":"https:\/\/noticiasmercedinas.com\/site\/2025\/08\/04\/balance-positivo-de-vacaciones-de-invierno-mas-de-15-mil-personas-disfrutaron-de-propuestas-gratuitas\/"},"author":{"name":"NOTICIASMERCEDINAS.COM","@id":"https:\/\/noticiasmercedinas.com\/site\/#\/schema\/person\/84b59c099c28ff2e8b77d4ceec5d8063"},"headline":"Balance positivo de vacaciones de invierno: m\u00e1s de 15 mil personas disfrutaron de propuestas gratuitas","datePublished":"2025-08-04T15:51:24+00:00","mainEntityOfPage":{"@id":"https:\/\/noticiasmercedinas.com\/site\/2025\/08\/04\/balance-positivo-de-vacaciones-de-invierno-mas-de-15-mil-personas-disfrutaron-de-propuestas-gratuitas\/"},"wordCount":409,"publisher":{"@id":"https:\/\/noticiasmercedinas.com\/site\/#organization"},"image":{"@id":"https:\/\/noticiasmercedinas.com\/site\/2025\/08\/04\/balance-positivo-de-vacaciones-de-invierno-mas-de-15-mil-personas-disfrutaron-de-propuestas-gratuitas\/#primaryimage"},"thumbnailUrl":"https:\/\/noticiasmercedinas.com\/site\/wp-content\/uploads\/2025\/08\/0H0A2418.jpg","keywords":["infancias","propuestas","vacaciones de invierno"],"articleSection":["Sociedad"],"inLanguage":"es"},{"@type":"WebPage","@id":"https:\/\/noticiasmercedinas.com\/site\/2025\/08\/04\/balance-positivo-de-vacaciones-de-invierno-mas-de-15-mil-personas-disfrutaron-de-propuestas-gratuitas\/","url":"https:\/\/noticiasmercedinas.com\/site\/2025\/08\/04\/balance-positivo-de-vacaciones-de-invierno-mas-de-15-mil-personas-disfrutaron-de-propuestas-gratuitas\/","name":"Balance positivo de vacaciones de invierno: m\u00e1s de 15 mil personas disfrutaron de propuestas gratuitas","isPartOf":{"@id":"https:\/\/noticiasmercedinas.com\/site\/#website"},"primaryImageOfPage":{"@id":"https:\/\/noticiasmercedinas.com\/site\/2025\/08\/04\/balance-positivo-de-vacaciones-de-invierno-mas-de-15-mil-personas-disfrutaron-de-propuestas-gratuitas\/#primaryimage"},"image":{"@id":"https:\/\/noticiasmercedinas.com\/site\/2025\/08\/04\/balance-positivo-de-vacaciones-de-invierno-mas-de-15-mil-personas-disfrutaron-de-propuestas-gratuitas\/#primaryimage"},"thumbnailUrl":"https:\/\/noticiasmercedinas.com\/site\/wp-content\/uploads\/2025\/08\/0H0A2418.jpg","datePublished":"2025-08-04T15:51:24+00:00","description":"\u25a0\u00a0Hubo gran cantidad de actividades culturales y recreativas en distintos espacios que fueron impulsadas por la Municipalidad a trav\u00e9s de sus distintas \u00e1reas. La pr\u00f3xima gran celebraci\u00f3n ser\u00e1 el D\u00eda de la Ni\u00f1ez","breadcrumb":{"@id":"https:\/\/noticiasmercedinas.com\/site\/2025\/08\/04\/balance-positivo-de-vacaciones-de-invierno-mas-de-15-mil-personas-disfrutaron-de-propuestas-gratuitas\/#breadcrumb"},"inLanguage":"es","potentialAction":[{"@type":"ReadAction","target":["https:\/\/noticiasmercedinas.com\/site\/2025\/08\/04\/balance-positivo-de-vacaciones-de-invierno-mas-de-15-mil-personas-disfrutaron-de-propuestas-gratuitas\/"]}]},{"@type":"ImageObject","inLanguage":"es","@id":"https:\/\/noticiasmercedinas.com\/site\/2025\/08\/04\/balance-positivo-de-vacaciones-de-invierno-mas-de-15-mil-personas-disfrutaron-de-propuestas-gratuitas\/#primaryimage","url":"https:\/\/noticiasmercedinas.com\/site\/wp-content\/uploads\/2025\/08\/0H0A2418.jpg","contentUrl":"https:\/\/noticiasmercedinas.com\/site\/wp-content\/uploads\/2025\/08\/0H0A2418.jpg","width":1319,"height":879},{"@type":"BreadcrumbList","@id":"https:\/\/noticiasmercedinas.com\/site\/2025\/08\/04\/balance-positivo-de-vacaciones-de-invierno-mas-de-15-mil-personas-disfrutaron-de-propuestas-gratuitas\/#breadcrumb","itemListElement":[{"@type":"ListItem","position":1,"name":"Portada","item":"https:\/\/noticiasmercedinas.com\/site\/"},{"@type":"ListItem","position":2,"name":"Balance positivo de vacaciones de invierno: m\u00e1s de 15 mil personas disfrutaron de propuestas gratuitas"}]},{"@type":"WebSite","@id":"https:\/\/noticiasmercedinas.com\/site\/#website","url":"https:\/\/noticiasmercedinas.com\/site\/","name":"NOTICIASMERCEDINAS.COM","description":"Mercedes, Buenos Aires, Argentina","publisher":{"@id":"https:\/\/noticiasmercedinas.com\/site\/#organization"},"potentialAction":[{"@type":"SearchAction","target":{"@type":"EntryPoint","urlTemplate":"https:\/\/noticiasmercedinas.com\/site\/?s={search_term_string}"},"query-input":{"@type":"PropertyValueSpecification","valueRequired":true,"valueName":"search_term_string"}}],"inLanguage":"es"},{"@type":"Organization","@id":"https:\/\/noticiasmercedinas.com\/site\/#organization","name":"NOTICIASMERCEDINAS.COM","url":"https:\/\/noticiasmercedinas.com\/site\/","logo":{"@type":"ImageObject","inLanguage":"es","@id":"https:\/\/noticiasmercedinas.com\/site\/#\/schema\/logo\/image\/","url":"https:\/\/noticiasmercedinas.com\/site\/wp-content\/uploads\/2020\/06\/LOGO-512.jpg","contentUrl":"https:\/\/noticiasmercedinas.com\/site\/wp-content\/uploads\/2020\/06\/LOGO-512.jpg","width":512,"height":512,"caption":"NOTICIASMERCEDINAS.COM"},"image":{"@id":"https:\/\/noticiasmercedinas.com\/site\/#\/schema\/logo\/image\/"},"sameAs":["https:\/\/www.facebook.com\/noticiasmercedinas\/","https:\/\/x.com\/notmercedinas","https:\/\/www.instagram.com\/noticiasmercedinas\/"]},{"@type":"Person","@id":"https:\/\/noticiasmercedinas.com\/site\/#\/schema\/person\/84b59c099c28ff2e8b77d4ceec5d8063","name":"NOTICIASMERCEDINAS.COM","image":{"@type":"ImageObject","inLanguage":"es","@id":"https:\/\/secure.gravatar.com\/avatar\/4dfbf16b4d17945bfb6341b2d19043457132fcf478a5ee04f42e959fd8f5df0a?s=96&d=mm&r=g","url":"https:\/\/secure.gravatar.com\/avatar\/4dfbf16b4d17945bfb6341b2d19043457132fcf478a5ee04f42e959fd8f5df0a?s=96&d=mm&r=g","contentUrl":"https:\/\/secure.gravatar.com\/avatar\/4dfbf16b4d17945bfb6341b2d19043457132fcf478a5ee04f42e959fd8f5df0a?s=96&d=mm&r=g","caption":"NOTICIASMERCEDINAS.COM"},"url":"https:\/\/noticiasmercedinas.com\/site\/author\/anonimo\/"}]}},"amp_enabled":true,"_links":{"self":[{"href":"https:\/\/noticiasmercedinas.com\/site\/wp-json\/wp\/v2\/posts\/165928","targetHints":{"allow":["GET"]}}],"collection":[{"href":"https:\/\/noticiasmercedinas.com\/site\/wp-json\/wp\/v2\/posts"}],"about":[{"href":"https:\/\/noticiasmercedinas.com\/site\/wp-json\/wp\/v2\/types\/post"}],"author":[{"embeddable":true,"href":"https:\/\/noticiasmercedinas.com\/site\/wp-json\/wp\/v2\/users\/16"}],"replies":[{"embeddable":true,"href":"https:\/\/noticiasmercedinas.com\/site\/wp-json\/wp\/v2\/comments?post=165928"}],"version-history":[{"count":1,"href":"https:\/\/noticiasmercedinas.com\/site\/wp-json\/wp\/v2\/posts\/165928\/revisions"}],"predecessor-version":[{"id":165937,"href":"https:\/\/noticiasmercedinas.com\/site\/wp-json\/wp\/v2\/posts\/165928\/revisions\/165937"}],"wp:featuredmedia":[{"embeddable":true,"href":"https:\/\/noticiasmercedinas.com\/site\/wp-json\/wp\/v2\/media\/165936"}],"wp:attachment":[{"href":"https:\/\/noticiasmercedinas.com\/site\/wp-json\/wp\/v2\/media?parent=165928"}],"wp:term":[{"taxonomy":"category","embeddable":true,"href":"https:\/\/noticiasmercedinas.com\/site\/wp-json\/wp\/v2\/categories?post=165928"},{"taxonomy":"post_tag","embeddable":true,"href":"https:\/\/noticiasmercedinas.com\/site\/wp-json\/wp\/v2\/tags?post=165928"}],"curies":[{"name":"wp","href":"https:\/\/api.w.org\/{rel}","templated":true}]}}