{"id":165940,"date":"2025-08-04T13:01:49","date_gmt":"2025-08-04T16:01:49","guid":{"rendered":"https:\/\/noticiasmercedinas.com\/site\/?p=165940"},"modified":"2025-08-04T13:01:49","modified_gmt":"2025-08-04T16:01:49","slug":"asamblea-de-mujeres-mercedinas-convoca-a-movilizarse-contra-el-veto-presidencial","status":"publish","type":"post","link":"https:\/\/noticiasmercedinas.com\/site\/2025\/08\/04\/asamblea-de-mujeres-mercedinas-convoca-a-movilizarse-contra-el-veto-presidencial\/","title":{"rendered":"Asamblea de Mujeres Mercedinas convoca a movilizarse contra el veto presidencial"},"content":{"rendered":"<p><img loading=\"lazy\" decoding=\"async\" class=\"alignnone size-full wp-image-165941\" src=\"https:\/\/noticiasmercedinas.com\/site\/wp-content\/uploads\/2025\/08\/b390082a-5433-491e-a626-feb4df097cf3-1.jpeg\" alt=\"\" width=\"1080\" height=\"1080\" srcset=\"https:\/\/noticiasmercedinas.com\/site\/wp-content\/uploads\/2025\/08\/b390082a-5433-491e-a626-feb4df097cf3-1.jpeg 1080w, https:\/\/noticiasmercedinas.com\/site\/wp-content\/uploads\/2025\/08\/b390082a-5433-491e-a626-feb4df097cf3-1-300x300.jpeg 300w, https:\/\/noticiasmercedinas.com\/site\/wp-content\/uploads\/2025\/08\/b390082a-5433-491e-a626-feb4df097cf3-1-1024x1024.jpeg 1024w, https:\/\/noticiasmercedinas.com\/site\/wp-content\/uploads\/2025\/08\/b390082a-5433-491e-a626-feb4df097cf3-1-150x150.jpeg 150w, https:\/\/noticiasmercedinas.com\/site\/wp-content\/uploads\/2025\/08\/b390082a-5433-491e-a626-feb4df097cf3-1-768x768.jpeg 768w, https:\/\/noticiasmercedinas.com\/site\/wp-content\/uploads\/2025\/08\/b390082a-5433-491e-a626-feb4df097cf3-1-640x640.jpeg 640w, https:\/\/noticiasmercedinas.com\/site\/wp-content\/uploads\/2025\/08\/b390082a-5433-491e-a626-feb4df097cf3-1-681x681.jpeg 681w\" sizes=\"auto, (max-width: 1080px) 100vw, 1080px\" \/><\/p>\n<p>La Asamblea de Mujeres Mercedinas (AMM) convoc\u00f3 a una manifestaci\u00f3n este mi\u00e9rcoles 6 de agosto a las 16:30 horas en Plaza San Mart\u00edn, en rechazo al veto presidencial a la Ley de Emergencia en Discapacidad y a la ley que establec\u00eda un aumento para jubiladas y jubilados.<\/p>\n<p>La ley vetada inclu\u00eda medidas clave como la actualizaci\u00f3n autom\u00e1tica por inflaci\u00f3n de los aranceles a prestadores, el otorgamiento de pensiones no contributivas al 70\u202f% del haber m\u00ednimo, auditor\u00edas accesibles sin quita inmediata de beneficios, financiamiento para la ANDIS (Agencia Nacional de Discapacidad), y participaci\u00f3n efectiva de las organizaciones del sector en decisiones del Estado.<\/p>\n<blockquote><p>\u201cEsto no es una crisis, es una pol\u00edtica deliberada\u201d, afirmaron desde la organizaci\u00f3n feminista. Adem\u00e1s, cuestionaron el veto a la ley jubilatoria<\/p><\/blockquote>\n<p>Seg\u00fan denuncian desde AMM, la situaci\u00f3n afecta gravemente a los sectores m\u00e1s vulnerables. \u201cDe septiembre a diciembre de 2024 los aumentos fueron solo del 1\u202f%, y de enero a agosto de 2025 directamente no hubo ning\u00fan ajuste\u201d, se\u00f1alaron. Esto provoca que muchos ni\u00f1os y ni\u00f1as se queden sin tratamientos, profesionales del \u00e1rea abandonen sus actividades, y familias enteras queden precarizadas y sin apoyo.<\/p>\n<p>\u201cEsto no es una crisis, es una pol\u00edtica deliberada\u201d, afirmaron desde la organizaci\u00f3n feminista. Adem\u00e1s, cuestionaron el veto a la ley jubilatoria: \u201cEl gobierno pisotea el voto del Congreso y frena una ley que apenas ofrec\u00eda alivio a millones de personas mayores, mientras la jubilaci\u00f3n m\u00ednima sigue por debajo de la l\u00ednea de indigencia\u201d.<\/p>\n<p>En un comunicado difundido en redes y acompa\u00f1ado por una imagen con el lema \u201cNO AL VETO\u201d, la Asamblea llam\u00f3 a la ciudadan\u00eda a ocupar las calles: \u201c\u00a1La pelea sigue en las calles! \u00a1Jubilaci\u00f3n m\u00ednima igual a la canasta b\u00e1sica!\u201d.<\/p>\n","protected":false},"excerpt":{"rendered":"<p>\u25a0 Este mi\u00e9rcoles movilizaci\u00f3n desde las 16.30 en plaza San Mart\u00edn. Cuestionan el veto presidencial a la Ley de Emergencia en Discapacidad y a la ley que establec\u00eda un aumento para jubiladas y jubilados.<\/p>\n","protected":false},"author":16,"featured_media":165941,"comment_status":"closed","ping_status":"closed","sticky":false,"template":"","format":"standard","meta":{"footnotes":""},"categories":[3],"tags":[3474,1045,68,2735,160,71,936],"class_list":["post-165940","post","type-post","status-publish","format-standard","has-post-thumbnail","hentry","category-sociedad","tag-amm","tag-asamblea-de-mujeres-mercedinas","tag-discapacidad","tag-emergencia","tag-jubilados","tag-salud","tag-veto"],"yoast_head":"<!-- This site is optimized with the Yoast SEO plugin v27.4 - https:\/\/yoast.com\/product\/yoast-seo-wordpress\/ -->\n<title>Asamblea de Mujeres Mercedinas convoca a movilizarse contra el veto presidencial<\/title>\n<meta name=\"description\" content=\"\u25a0 Este mi\u00e9rcoles movilizaci\u00f3n desde las 16.30 en plaza San Mart\u00edn. Cuestionan el veto presidencial a la Ley de Emergencia en Discapacidad y a la ley que establec\u00eda un aumento para jubiladas y jubilados.\" \/>\n<meta name=\"robots\" content=\"index, follow, max-snippet:-1, max-image-preview:large, max-video-preview:-1\" \/>\n<link rel=\"canonical\" href=\"https:\/\/noticiasmercedinas.com\/site\/2025\/08\/04\/asamblea-de-mujeres-mercedinas-convoca-a-movilizarse-contra-el-veto-presidencial\/\" \/>\n<meta property=\"og:locale\" content=\"es_ES\" \/>\n<meta property=\"og:type\" content=\"article\" \/>\n<meta property=\"og:title\" content=\"Asamblea de Mujeres Mercedinas convoca a movilizarse contra el veto presidencial\" \/>\n<meta property=\"og:description\" content=\"\u25a0 Este mi\u00e9rcoles movilizaci\u00f3n desde las 16.30 en plaza San Mart\u00edn. Cuestionan el veto presidencial a la Ley de Emergencia en Discapacidad y a la ley que establec\u00eda un aumento para jubiladas y jubilados.\" \/>\n<meta property=\"og:url\" content=\"https:\/\/noticiasmercedinas.com\/site\/2025\/08\/04\/asamblea-de-mujeres-mercedinas-convoca-a-movilizarse-contra-el-veto-presidencial\/\" \/>\n<meta property=\"og:site_name\" content=\"NOTICIASMERCEDINAS.COM\" \/>\n<meta property=\"article:publisher\" content=\"https:\/\/www.facebook.com\/noticiasmercedinas\/\" \/>\n<meta property=\"article:published_time\" content=\"2025-08-04T16:01:49+00:00\" \/>\n<meta property=\"og:image\" content=\"https:\/\/noticiasmercedinas.com\/site\/wp-content\/uploads\/2025\/08\/b390082a-5433-491e-a626-feb4df097cf3-1.jpeg\" \/>\n\t<meta property=\"og:image:width\" content=\"1080\" \/>\n\t<meta property=\"og:image:height\" content=\"1080\" \/>\n\t<meta property=\"og:image:type\" content=\"image\/jpeg\" \/>\n<meta name=\"author\" content=\"NOTICIASMERCEDINAS.COM\" \/>\n<meta name=\"twitter:card\" content=\"summary_large_image\" \/>\n<meta name=\"twitter:creator\" content=\"@notmercedinas\" \/>\n<meta name=\"twitter:site\" content=\"@notmercedinas\" \/>\n<meta name=\"twitter:label1\" content=\"Escrito por\" \/>\n\t<meta name=\"twitter:data1\" content=\"NOTICIASMERCEDINAS.COM\" \/>\n\t<meta name=\"twitter:label2\" content=\"Tiempo de lectura\" \/>\n\t<meta name=\"twitter:data2\" content=\"2 minutos\" \/>\n<script type=\"application\/ld+json\" class=\"yoast-schema-graph\">{\"@context\":\"https:\\\/\\\/schema.org\",\"@graph\":[{\"@type\":\"Article\",\"@id\":\"https:\\\/\\\/noticiasmercedinas.com\\\/site\\\/2025\\\/08\\\/04\\\/asamblea-de-mujeres-mercedinas-convoca-a-movilizarse-contra-el-veto-presidencial\\\/#article\",\"isPartOf\":{\"@id\":\"https:\\\/\\\/noticiasmercedinas.com\\\/site\\\/2025\\\/08\\\/04\\\/asamblea-de-mujeres-mercedinas-convoca-a-movilizarse-contra-el-veto-presidencial\\\/\"},\"author\":{\"name\":\"NOTICIASMERCEDINAS.COM\",\"@id\":\"https:\\\/\\\/noticiasmercedinas.com\\\/site\\\/#\\\/schema\\\/person\\\/84b59c099c28ff2e8b77d4ceec5d8063\"},\"headline\":\"Asamblea de Mujeres Mercedinas convoca a movilizarse contra el veto presidencial\",\"datePublished\":\"2025-08-04T16:01:49+00:00\",\"mainEntityOfPage\":{\"@id\":\"https:\\\/\\\/noticiasmercedinas.com\\\/site\\\/2025\\\/08\\\/04\\\/asamblea-de-mujeres-mercedinas-convoca-a-movilizarse-contra-el-veto-presidencial\\\/\"},\"wordCount\":319,\"publisher\":{\"@id\":\"https:\\\/\\\/noticiasmercedinas.com\\\/site\\\/#organization\"},\"image\":{\"@id\":\"https:\\\/\\\/noticiasmercedinas.com\\\/site\\\/2025\\\/08\\\/04\\\/asamblea-de-mujeres-mercedinas-convoca-a-movilizarse-contra-el-veto-presidencial\\\/#primaryimage\"},\"thumbnailUrl\":\"https:\\\/\\\/noticiasmercedinas.com\\\/site\\\/wp-content\\\/uploads\\\/2025\\\/08\\\/b390082a-5433-491e-a626-feb4df097cf3-1.jpeg\",\"keywords\":[\"amm\",\"asamblea de mujeres mercedinas\",\"discapacidad\",\"emergencia\",\"jubilados\",\"salud\",\"veto\"],\"articleSection\":[\"Sociedad\"],\"inLanguage\":\"es\"},{\"@type\":\"WebPage\",\"@id\":\"https:\\\/\\\/noticiasmercedinas.com\\\/site\\\/2025\\\/08\\\/04\\\/asamblea-de-mujeres-mercedinas-convoca-a-movilizarse-contra-el-veto-presidencial\\\/\",\"url\":\"https:\\\/\\\/noticiasmercedinas.com\\\/site\\\/2025\\\/08\\\/04\\\/asamblea-de-mujeres-mercedinas-convoca-a-movilizarse-contra-el-veto-presidencial\\\/\",\"name\":\"Asamblea de Mujeres Mercedinas convoca a movilizarse contra el veto presidencial\",\"isPartOf\":{\"@id\":\"https:\\\/\\\/noticiasmercedinas.com\\\/site\\\/#website\"},\"primaryImageOfPage\":{\"@id\":\"https:\\\/\\\/noticiasmercedinas.com\\\/site\\\/2025\\\/08\\\/04\\\/asamblea-de-mujeres-mercedinas-convoca-a-movilizarse-contra-el-veto-presidencial\\\/#primaryimage\"},\"image\":{\"@id\":\"https:\\\/\\\/noticiasmercedinas.com\\\/site\\\/2025\\\/08\\\/04\\\/asamblea-de-mujeres-mercedinas-convoca-a-movilizarse-contra-el-veto-presidencial\\\/#primaryimage\"},\"thumbnailUrl\":\"https:\\\/\\\/noticiasmercedinas.com\\\/site\\\/wp-content\\\/uploads\\\/2025\\\/08\\\/b390082a-5433-491e-a626-feb4df097cf3-1.jpeg\",\"datePublished\":\"2025-08-04T16:01:49+00:00\",\"description\":\"\u25a0 Este mi\u00e9rcoles movilizaci\u00f3n desde las 16.30 en plaza San Mart\u00edn. Cuestionan el veto presidencial a la Ley de Emergencia en Discapacidad y a la ley que establec\u00eda un aumento para jubiladas y jubilados.\",\"breadcrumb\":{\"@id\":\"https:\\\/\\\/noticiasmercedinas.com\\\/site\\\/2025\\\/08\\\/04\\\/asamblea-de-mujeres-mercedinas-convoca-a-movilizarse-contra-el-veto-presidencial\\\/#breadcrumb\"},\"inLanguage\":\"es\",\"potentialAction\":[{\"@type\":\"ReadAction\",\"target\":[\"https:\\\/\\\/noticiasmercedinas.com\\\/site\\\/2025\\\/08\\\/04\\\/asamblea-de-mujeres-mercedinas-convoca-a-movilizarse-contra-el-veto-presidencial\\\/\"]}]},{\"@type\":\"ImageObject\",\"inLanguage\":\"es\",\"@id\":\"https:\\\/\\\/noticiasmercedinas.com\\\/site\\\/2025\\\/08\\\/04\\\/asamblea-de-mujeres-mercedinas-convoca-a-movilizarse-contra-el-veto-presidencial\\\/#primaryimage\",\"url\":\"https:\\\/\\\/noticiasmercedinas.com\\\/site\\\/wp-content\\\/uploads\\\/2025\\\/08\\\/b390082a-5433-491e-a626-feb4df097cf3-1.jpeg\",\"contentUrl\":\"https:\\\/\\\/noticiasmercedinas.com\\\/site\\\/wp-content\\\/uploads\\\/2025\\\/08\\\/b390082a-5433-491e-a626-feb4df097cf3-1.jpeg\",\"width\":1080,\"height\":1080},{\"@type\":\"BreadcrumbList\",\"@id\":\"https:\\\/\\\/noticiasmercedinas.com\\\/site\\\/2025\\\/08\\\/04\\\/asamblea-de-mujeres-mercedinas-convoca-a-movilizarse-contra-el-veto-presidencial\\\/#breadcrumb\",\"itemListElement\":[{\"@type\":\"ListItem\",\"position\":1,\"name\":\"Portada\",\"item\":\"https:\\\/\\\/noticiasmercedinas.com\\\/site\\\/\"},{\"@type\":\"ListItem\",\"position\":2,\"name\":\"Asamblea de Mujeres Mercedinas convoca a movilizarse contra el veto presidencial\"}]},{\"@type\":\"WebSite\",\"@id\":\"https:\\\/\\\/noticiasmercedinas.com\\\/site\\\/#website\",\"url\":\"https:\\\/\\\/noticiasmercedinas.com\\\/site\\\/\",\"name\":\"NOTICIASMERCEDINAS.COM\",\"description\":\"Mercedes, Buenos Aires, Argentina\",\"publisher\":{\"@id\":\"https:\\\/\\\/noticiasmercedinas.com\\\/site\\\/#organization\"},\"potentialAction\":[{\"@type\":\"SearchAction\",\"target\":{\"@type\":\"EntryPoint\",\"urlTemplate\":\"https:\\\/\\\/noticiasmercedinas.com\\\/site\\\/?s={search_term_string}\"},\"query-input\":{\"@type\":\"PropertyValueSpecification\",\"valueRequired\":true,\"valueName\":\"search_term_string\"}}],\"inLanguage\":\"es\"},{\"@type\":\"Organization\",\"@id\":\"https:\\\/\\\/noticiasmercedinas.com\\\/site\\\/#organization\",\"name\":\"NOTICIASMERCEDINAS.COM\",\"url\":\"https:\\\/\\\/noticiasmercedinas.com\\\/site\\\/\",\"logo\":{\"@type\":\"ImageObject\",\"inLanguage\":\"es\",\"@id\":\"https:\\\/\\\/noticiasmercedinas.com\\\/site\\\/#\\\/schema\\\/logo\\\/image\\\/\",\"url\":\"https:\\\/\\\/noticiasmercedinas.com\\\/site\\\/wp-content\\\/uploads\\\/2020\\\/06\\\/LOGO-512.jpg\",\"contentUrl\":\"https:\\\/\\\/noticiasmercedinas.com\\\/site\\\/wp-content\\\/uploads\\\/2020\\\/06\\\/LOGO-512.jpg\",\"width\":512,\"height\":512,\"caption\":\"NOTICIASMERCEDINAS.COM\"},\"image\":{\"@id\":\"https:\\\/\\\/noticiasmercedinas.com\\\/site\\\/#\\\/schema\\\/logo\\\/image\\\/\"},\"sameAs\":[\"https:\\\/\\\/www.facebook.com\\\/noticiasmercedinas\\\/\",\"https:\\\/\\\/x.com\\\/notmercedinas\",\"https:\\\/\\\/www.instagram.com\\\/noticiasmercedinas\\\/\"]},{\"@type\":\"Person\",\"@id\":\"https:\\\/\\\/noticiasmercedinas.com\\\/site\\\/#\\\/schema\\\/person\\\/84b59c099c28ff2e8b77d4ceec5d8063\",\"name\":\"NOTICIASMERCEDINAS.COM\",\"image\":{\"@type\":\"ImageObject\",\"inLanguage\":\"es\",\"@id\":\"https:\\\/\\\/secure.gravatar.com\\\/avatar\\\/4dfbf16b4d17945bfb6341b2d19043457132fcf478a5ee04f42e959fd8f5df0a?s=96&d=mm&r=g\",\"url\":\"https:\\\/\\\/secure.gravatar.com\\\/avatar\\\/4dfbf16b4d17945bfb6341b2d19043457132fcf478a5ee04f42e959fd8f5df0a?s=96&d=mm&r=g\",\"contentUrl\":\"https:\\\/\\\/secure.gravatar.com\\\/avatar\\\/4dfbf16b4d17945bfb6341b2d19043457132fcf478a5ee04f42e959fd8f5df0a?s=96&d=mm&r=g\",\"caption\":\"NOTICIASMERCEDINAS.COM\"},\"url\":\"https:\\\/\\\/noticiasmercedinas.com\\\/site\\\/author\\\/anonimo\\\/\"}]}<\/script>\n<!-- \/ Yoast SEO plugin. -->","yoast_head_json":{"title":"Asamblea de Mujeres Mercedinas convoca a movilizarse contra el veto presidencial","description":"\u25a0 Este mi\u00e9rcoles movilizaci\u00f3n desde las 16.30 en plaza San Mart\u00edn. Cuestionan el veto presidencial a la Ley de Emergencia en Discapacidad y a la ley que establec\u00eda un aumento para jubiladas y jubilados.","robots":{"index":"index","follow":"follow","max-snippet":"max-snippet:-1","max-image-preview":"max-image-preview:large","max-video-preview":"max-video-preview:-1"},"canonical":"https:\/\/noticiasmercedinas.com\/site\/2025\/08\/04\/asamblea-de-mujeres-mercedinas-convoca-a-movilizarse-contra-el-veto-presidencial\/","og_locale":"es_ES","og_type":"article","og_title":"Asamblea de Mujeres Mercedinas convoca a movilizarse contra el veto presidencial","og_description":"\u25a0 Este mi\u00e9rcoles movilizaci\u00f3n desde las 16.30 en plaza San Mart\u00edn. Cuestionan el veto presidencial a la Ley de Emergencia en Discapacidad y a la ley que establec\u00eda un aumento para jubiladas y jubilados.","og_url":"https:\/\/noticiasmercedinas.com\/site\/2025\/08\/04\/asamblea-de-mujeres-mercedinas-convoca-a-movilizarse-contra-el-veto-presidencial\/","og_site_name":"NOTICIASMERCEDINAS.COM","article_publisher":"https:\/\/www.facebook.com\/noticiasmercedinas\/","article_published_time":"2025-08-04T16:01:49+00:00","og_image":[{"width":1080,"height":1080,"url":"https:\/\/noticiasmercedinas.com\/site\/wp-content\/uploads\/2025\/08\/b390082a-5433-491e-a626-feb4df097cf3-1.jpeg","type":"image\/jpeg"}],"author":"NOTICIASMERCEDINAS.COM","twitter_card":"summary_large_image","twitter_creator":"@notmercedinas","twitter_site":"@notmercedinas","twitter_misc":{"Escrito por":"NOTICIASMERCEDINAS.COM","Tiempo de lectura":"2 minutos"},"schema":{"@context":"https:\/\/schema.org","@graph":[{"@type":"Article","@id":"https:\/\/noticiasmercedinas.com\/site\/2025\/08\/04\/asamblea-de-mujeres-mercedinas-convoca-a-movilizarse-contra-el-veto-presidencial\/#article","isPartOf":{"@id":"https:\/\/noticiasmercedinas.com\/site\/2025\/08\/04\/asamblea-de-mujeres-mercedinas-convoca-a-movilizarse-contra-el-veto-presidencial\/"},"author":{"name":"NOTICIASMERCEDINAS.COM","@id":"https:\/\/noticiasmercedinas.com\/site\/#\/schema\/person\/84b59c099c28ff2e8b77d4ceec5d8063"},"headline":"Asamblea de Mujeres Mercedinas convoca a movilizarse contra el veto presidencial","datePublished":"2025-08-04T16:01:49+00:00","mainEntityOfPage":{"@id":"https:\/\/noticiasmercedinas.com\/site\/2025\/08\/04\/asamblea-de-mujeres-mercedinas-convoca-a-movilizarse-contra-el-veto-presidencial\/"},"wordCount":319,"publisher":{"@id":"https:\/\/noticiasmercedinas.com\/site\/#organization"},"image":{"@id":"https:\/\/noticiasmercedinas.com\/site\/2025\/08\/04\/asamblea-de-mujeres-mercedinas-convoca-a-movilizarse-contra-el-veto-presidencial\/#primaryimage"},"thumbnailUrl":"https:\/\/noticiasmercedinas.com\/site\/wp-content\/uploads\/2025\/08\/b390082a-5433-491e-a626-feb4df097cf3-1.jpeg","keywords":["amm","asamblea de mujeres mercedinas","discapacidad","emergencia","jubilados","salud","veto"],"articleSection":["Sociedad"],"inLanguage":"es"},{"@type":"WebPage","@id":"https:\/\/noticiasmercedinas.com\/site\/2025\/08\/04\/asamblea-de-mujeres-mercedinas-convoca-a-movilizarse-contra-el-veto-presidencial\/","url":"https:\/\/noticiasmercedinas.com\/site\/2025\/08\/04\/asamblea-de-mujeres-mercedinas-convoca-a-movilizarse-contra-el-veto-presidencial\/","name":"Asamblea de Mujeres Mercedinas convoca a movilizarse contra el veto presidencial","isPartOf":{"@id":"https:\/\/noticiasmercedinas.com\/site\/#website"},"primaryImageOfPage":{"@id":"https:\/\/noticiasmercedinas.com\/site\/2025\/08\/04\/asamblea-de-mujeres-mercedinas-convoca-a-movilizarse-contra-el-veto-presidencial\/#primaryimage"},"image":{"@id":"https:\/\/noticiasmercedinas.com\/site\/2025\/08\/04\/asamblea-de-mujeres-mercedinas-convoca-a-movilizarse-contra-el-veto-presidencial\/#primaryimage"},"thumbnailUrl":"https:\/\/noticiasmercedinas.com\/site\/wp-content\/uploads\/2025\/08\/b390082a-5433-491e-a626-feb4df097cf3-1.jpeg","datePublished":"2025-08-04T16:01:49+00:00","description":"\u25a0 Este mi\u00e9rcoles movilizaci\u00f3n desde las 16.30 en plaza San Mart\u00edn. Cuestionan el veto presidencial a la Ley de Emergencia en Discapacidad y a la ley que establec\u00eda un aumento para jubiladas y jubilados.","breadcrumb":{"@id":"https:\/\/noticiasmercedinas.com\/site\/2025\/08\/04\/asamblea-de-mujeres-mercedinas-convoca-a-movilizarse-contra-el-veto-presidencial\/#breadcrumb"},"inLanguage":"es","potentialAction":[{"@type":"ReadAction","target":["https:\/\/noticiasmercedinas.com\/site\/2025\/08\/04\/asamblea-de-mujeres-mercedinas-convoca-a-movilizarse-contra-el-veto-presidencial\/"]}]},{"@type":"ImageObject","inLanguage":"es","@id":"https:\/\/noticiasmercedinas.com\/site\/2025\/08\/04\/asamblea-de-mujeres-mercedinas-convoca-a-movilizarse-contra-el-veto-presidencial\/#primaryimage","url":"https:\/\/noticiasmercedinas.com\/site\/wp-content\/uploads\/2025\/08\/b390082a-5433-491e-a626-feb4df097cf3-1.jpeg","contentUrl":"https:\/\/noticiasmercedinas.com\/site\/wp-content\/uploads\/2025\/08\/b390082a-5433-491e-a626-feb4df097cf3-1.jpeg","width":1080,"height":1080},{"@type":"BreadcrumbList","@id":"https:\/\/noticiasmercedinas.com\/site\/2025\/08\/04\/asamblea-de-mujeres-mercedinas-convoca-a-movilizarse-contra-el-veto-presidencial\/#breadcrumb","itemListElement":[{"@type":"ListItem","position":1,"name":"Portada","item":"https:\/\/noticiasmercedinas.com\/site\/"},{"@type":"ListItem","position":2,"name":"Asamblea de Mujeres Mercedinas convoca a movilizarse contra el veto presidencial"}]},{"@type":"WebSite","@id":"https:\/\/noticiasmercedinas.com\/site\/#website","url":"https:\/\/noticiasmercedinas.com\/site\/","name":"NOTICIASMERCEDINAS.COM","description":"Mercedes, Buenos Aires, Argentina","publisher":{"@id":"https:\/\/noticiasmercedinas.com\/site\/#organization"},"potentialAction":[{"@type":"SearchAction","target":{"@type":"EntryPoint","urlTemplate":"https:\/\/noticiasmercedinas.com\/site\/?s={search_term_string}"},"query-input":{"@type":"PropertyValueSpecification","valueRequired":true,"valueName":"search_term_string"}}],"inLanguage":"es"},{"@type":"Organization","@id":"https:\/\/noticiasmercedinas.com\/site\/#organization","name":"NOTICIASMERCEDINAS.COM","url":"https:\/\/noticiasmercedinas.com\/site\/","logo":{"@type":"ImageObject","inLanguage":"es","@id":"https:\/\/noticiasmercedinas.com\/site\/#\/schema\/logo\/image\/","url":"https:\/\/noticiasmercedinas.com\/site\/wp-content\/uploads\/2020\/06\/LOGO-512.jpg","contentUrl":"https:\/\/noticiasmercedinas.com\/site\/wp-content\/uploads\/2020\/06\/LOGO-512.jpg","width":512,"height":512,"caption":"NOTICIASMERCEDINAS.COM"},"image":{"@id":"https:\/\/noticiasmercedinas.com\/site\/#\/schema\/logo\/image\/"},"sameAs":["https:\/\/www.facebook.com\/noticiasmercedinas\/","https:\/\/x.com\/notmercedinas","https:\/\/www.instagram.com\/noticiasmercedinas\/"]},{"@type":"Person","@id":"https:\/\/noticiasmercedinas.com\/site\/#\/schema\/person\/84b59c099c28ff2e8b77d4ceec5d8063","name":"NOTICIASMERCEDINAS.COM","image":{"@type":"ImageObject","inLanguage":"es","@id":"https:\/\/secure.gravatar.com\/avatar\/4dfbf16b4d17945bfb6341b2d19043457132fcf478a5ee04f42e959fd8f5df0a?s=96&d=mm&r=g","url":"https:\/\/secure.gravatar.com\/avatar\/4dfbf16b4d17945bfb6341b2d19043457132fcf478a5ee04f42e959fd8f5df0a?s=96&d=mm&r=g","contentUrl":"https:\/\/secure.gravatar.com\/avatar\/4dfbf16b4d17945bfb6341b2d19043457132fcf478a5ee04f42e959fd8f5df0a?s=96&d=mm&r=g","caption":"NOTICIASMERCEDINAS.COM"},"url":"https:\/\/noticiasmercedinas.com\/site\/author\/anonimo\/"}]}},"amp_enabled":true,"_links":{"self":[{"href":"https:\/\/noticiasmercedinas.com\/site\/wp-json\/wp\/v2\/posts\/165940","targetHints":{"allow":["GET"]}}],"collection":[{"href":"https:\/\/noticiasmercedinas.com\/site\/wp-json\/wp\/v2\/posts"}],"about":[{"href":"https:\/\/noticiasmercedinas.com\/site\/wp-json\/wp\/v2\/types\/post"}],"author":[{"embeddable":true,"href":"https:\/\/noticiasmercedinas.com\/site\/wp-json\/wp\/v2\/users\/16"}],"replies":[{"embeddable":true,"href":"https:\/\/noticiasmercedinas.com\/site\/wp-json\/wp\/v2\/comments?post=165940"}],"version-history":[{"count":1,"href":"https:\/\/noticiasmercedinas.com\/site\/wp-json\/wp\/v2\/posts\/165940\/revisions"}],"predecessor-version":[{"id":165942,"href":"https:\/\/noticiasmercedinas.com\/site\/wp-json\/wp\/v2\/posts\/165940\/revisions\/165942"}],"wp:featuredmedia":[{"embeddable":true,"href":"https:\/\/noticiasmercedinas.com\/site\/wp-json\/wp\/v2\/media\/165941"}],"wp:attachment":[{"href":"https:\/\/noticiasmercedinas.com\/site\/wp-json\/wp\/v2\/media?parent=165940"}],"wp:term":[{"taxonomy":"category","embeddable":true,"href":"https:\/\/noticiasmercedinas.com\/site\/wp-json\/wp\/v2\/categories?post=165940"},{"taxonomy":"post_tag","embeddable":true,"href":"https:\/\/noticiasmercedinas.com\/site\/wp-json\/wp\/v2\/tags?post=165940"}],"curies":[{"name":"wp","href":"https:\/\/api.w.org\/{rel}","templated":true}]}}