{"id":165952,"date":"2025-08-04T15:00:47","date_gmt":"2025-08-04T18:00:47","guid":{"rendered":"https:\/\/noticiasmercedinas.com\/site\/?p=165952"},"modified":"2025-08-04T15:00:47","modified_gmt":"2025-08-04T18:00:47","slug":"otro-podio-para-el-mercedes-pro-bike","status":"publish","type":"post","link":"https:\/\/noticiasmercedinas.com\/site\/2025\/08\/04\/otro-podio-para-el-mercedes-pro-bike\/","title":{"rendered":"Otro podio para el Mercedes Pro Bike"},"content":{"rendered":"<figure id=\"attachment_165953\" aria-describedby=\"caption-attachment-165953\" style=\"width: 2048px\" class=\"wp-caption alignnone\"><img loading=\"lazy\" decoding=\"async\" class=\"wp-image-165953 size-full\" src=\"https:\/\/noticiasmercedinas.com\/site\/wp-content\/uploads\/2025\/08\/527635877_10234790384814372_7357163379290160424_n.jpg\" alt=\"\" width=\"2048\" height=\"1841\" srcset=\"https:\/\/noticiasmercedinas.com\/site\/wp-content\/uploads\/2025\/08\/527635877_10234790384814372_7357163379290160424_n.jpg 2048w, https:\/\/noticiasmercedinas.com\/site\/wp-content\/uploads\/2025\/08\/527635877_10234790384814372_7357163379290160424_n-300x270.jpg 300w, https:\/\/noticiasmercedinas.com\/site\/wp-content\/uploads\/2025\/08\/527635877_10234790384814372_7357163379290160424_n-1024x921.jpg 1024w, https:\/\/noticiasmercedinas.com\/site\/wp-content\/uploads\/2025\/08\/527635877_10234790384814372_7357163379290160424_n-768x690.jpg 768w, https:\/\/noticiasmercedinas.com\/site\/wp-content\/uploads\/2025\/08\/527635877_10234790384814372_7357163379290160424_n-1536x1381.jpg 1536w, https:\/\/noticiasmercedinas.com\/site\/wp-content\/uploads\/2025\/08\/527635877_10234790384814372_7357163379290160424_n-640x575.jpg 640w, https:\/\/noticiasmercedinas.com\/site\/wp-content\/uploads\/2025\/08\/527635877_10234790384814372_7357163379290160424_n-1280x1151.jpg 1280w, https:\/\/noticiasmercedinas.com\/site\/wp-content\/uploads\/2025\/08\/527635877_10234790384814372_7357163379290160424_n-681x612.jpg 681w, https:\/\/noticiasmercedinas.com\/site\/wp-content\/uploads\/2025\/08\/527635877_10234790384814372_7357163379290160424_n-1362x1224.jpg 1362w\" sizes=\"auto, (max-width: 2048px) 100vw, 2048px\" \/><figcaption id=\"caption-attachment-165953\" class=\"wp-caption-text\">Leandro Lippi, tercero.<\/figcaption><\/figure>\n<p>Durante los \u00faltimos fines de semana el ciclismo mercedino viene teniendo presencia en circuitos de la zona y puntos m\u00e1s lejanos, como el de Remedios es Escalada (Lan\u00fas) donde el \u00faltimo s\u00e1bado 2 hubo un programa de carreras organizadas por el Lan\u00fas Cicles Club.<\/p>\n<p>Del equipo Mercedes Pro Bike tomaron parte Leonardo Videla, Sebasti\u00e1n Olivieri y Jes\u00fas Farola, m\u00e1s Leandro Lippi que lleg\u00f3 a estar en la definici\u00f3n de la categor\u00eda Aficionados, al sprint fue tercero alcanzando un podio m\u00e1s para la escuadra.<\/p>\n<p><strong>Aficionados<\/strong><br \/>\n1\u00b0 M\u00e1ximo Gonz\u00e1lez (Alborcen).<br \/>\n2\u00b0 Nahuel Herrera (Merlo).<br \/>\n<strong>3\u00b0 Leandro Lippi (Mercedes Pro Bike).<\/strong><br \/>\n4\u00b0 Silvio Manzilo (Villa Ballester).<br \/>\n5\u00b0 Mat\u00edas Lobosco (Tranque Lauquen).<\/p>\n","protected":false},"excerpt":{"rendered":"<p>\u25a0 Entre los Aficionados de Remedio de Escalada fue tercero Leandro Lippi. La carrera se desarroll\u00f3 en el circuito de zona sur el \u00faltimo s\u00e1bado 2 de agosto. El logro se suma al de Farola y Videla en anteriores pruebas.<\/p>\n","protected":false},"author":6,"featured_media":165953,"comment_status":"closed","ping_status":"closed","sticky":false,"template":"","format":"standard","meta":{"footnotes":""},"categories":[5],"tags":[108,20625,20624],"class_list":["post-165952","post","type-post","status-publish","format-standard","has-post-thumbnail","hentry","category-deportes","tag-ciclismo","tag-leandro-lippi","tag-mercedes-pro-bike"],"yoast_head":"<!-- This site is optimized with the Yoast SEO plugin v27.5 - https:\/\/yoast.com\/product\/yoast-seo-wordpress\/ -->\n<title>Otro podio para el Mercedes Pro Bike<\/title>\n<meta name=\"robots\" content=\"index, follow, max-snippet:-1, max-image-preview:large, max-video-preview:-1\" \/>\n<link rel=\"canonical\" href=\"https:\/\/noticiasmercedinas.com\/site\/2025\/08\/04\/otro-podio-para-el-mercedes-pro-bike\/\" \/>\n<meta property=\"og:locale\" content=\"es_ES\" \/>\n<meta property=\"og:type\" content=\"article\" \/>\n<meta property=\"og:title\" content=\"Otro podio para el Mercedes Pro Bike\" \/>\n<meta property=\"og:description\" content=\"\u25a0 Entre los Aficionados de Remedio de Escalada fue tercero Leandro Lippi. La carrera se desarroll\u00f3 en el circuito de zona sur el \u00faltimo s\u00e1bado 2 de agosto. El logro se suma al de Farola y Videla en anteriores pruebas.\" \/>\n<meta property=\"og:url\" content=\"https:\/\/noticiasmercedinas.com\/site\/2025\/08\/04\/otro-podio-para-el-mercedes-pro-bike\/\" \/>\n<meta property=\"og:site_name\" content=\"NOTICIASMERCEDINAS.COM\" \/>\n<meta property=\"article:publisher\" content=\"https:\/\/www.facebook.com\/noticiasmercedinas\/\" \/>\n<meta property=\"article:published_time\" content=\"2025-08-04T18:00:47+00:00\" \/>\n<meta property=\"og:image\" content=\"https:\/\/noticiasmercedinas.com\/site\/wp-content\/uploads\/2025\/08\/527635877_10234790384814372_7357163379290160424_n.jpg\" \/>\n\t<meta property=\"og:image:width\" content=\"2048\" \/>\n\t<meta property=\"og:image:height\" content=\"1841\" \/>\n\t<meta property=\"og:image:type\" content=\"image\/jpeg\" \/>\n<meta name=\"author\" content=\"Juan Dagnino NOTICIASMERCEDINAS.COM\" \/>\n<meta name=\"twitter:card\" content=\"summary_large_image\" \/>\n<meta name=\"twitter:creator\" content=\"@notmercedinas\" \/>\n<meta name=\"twitter:site\" content=\"@notmercedinas\" \/>\n<meta name=\"twitter:label1\" content=\"Escrito por\" \/>\n\t<meta name=\"twitter:data1\" content=\"Juan Dagnino NOTICIASMERCEDINAS.COM\" \/>\n\t<meta name=\"twitter:label2\" content=\"Tiempo de lectura\" \/>\n\t<meta name=\"twitter:data2\" content=\"1 minuto\" \/>\n<script type=\"application\/ld+json\" class=\"yoast-schema-graph\">{\"@context\":\"https:\\\/\\\/schema.org\",\"@graph\":[{\"@type\":\"Article\",\"@id\":\"https:\\\/\\\/noticiasmercedinas.com\\\/site\\\/2025\\\/08\\\/04\\\/otro-podio-para-el-mercedes-pro-bike\\\/#article\",\"isPartOf\":{\"@id\":\"https:\\\/\\\/noticiasmercedinas.com\\\/site\\\/2025\\\/08\\\/04\\\/otro-podio-para-el-mercedes-pro-bike\\\/\"},\"author\":{\"name\":\"Juan Dagnino NOTICIASMERCEDINAS.COM\",\"@id\":\"https:\\\/\\\/noticiasmercedinas.com\\\/site\\\/#\\\/schema\\\/person\\\/8f2f09d666ef40986eba4a5e6f2a06f9\"},\"headline\":\"Otro podio para el Mercedes Pro Bike\",\"datePublished\":\"2025-08-04T18:00:47+00:00\",\"mainEntityOfPage\":{\"@id\":\"https:\\\/\\\/noticiasmercedinas.com\\\/site\\\/2025\\\/08\\\/04\\\/otro-podio-para-el-mercedes-pro-bike\\\/\"},\"wordCount\":132,\"publisher\":{\"@id\":\"https:\\\/\\\/noticiasmercedinas.com\\\/site\\\/#organization\"},\"image\":{\"@id\":\"https:\\\/\\\/noticiasmercedinas.com\\\/site\\\/2025\\\/08\\\/04\\\/otro-podio-para-el-mercedes-pro-bike\\\/#primaryimage\"},\"thumbnailUrl\":\"https:\\\/\\\/noticiasmercedinas.com\\\/site\\\/wp-content\\\/uploads\\\/2025\\\/08\\\/527635877_10234790384814372_7357163379290160424_n.jpg\",\"keywords\":[\"ciclismo\",\"leandro lippi\",\"Mercedes pro bike\"],\"articleSection\":[\"Deportes\"],\"inLanguage\":\"es\"},{\"@type\":\"WebPage\",\"@id\":\"https:\\\/\\\/noticiasmercedinas.com\\\/site\\\/2025\\\/08\\\/04\\\/otro-podio-para-el-mercedes-pro-bike\\\/\",\"url\":\"https:\\\/\\\/noticiasmercedinas.com\\\/site\\\/2025\\\/08\\\/04\\\/otro-podio-para-el-mercedes-pro-bike\\\/\",\"name\":\"Otro podio para el Mercedes Pro Bike\",\"isPartOf\":{\"@id\":\"https:\\\/\\\/noticiasmercedinas.com\\\/site\\\/#website\"},\"primaryImageOfPage\":{\"@id\":\"https:\\\/\\\/noticiasmercedinas.com\\\/site\\\/2025\\\/08\\\/04\\\/otro-podio-para-el-mercedes-pro-bike\\\/#primaryimage\"},\"image\":{\"@id\":\"https:\\\/\\\/noticiasmercedinas.com\\\/site\\\/2025\\\/08\\\/04\\\/otro-podio-para-el-mercedes-pro-bike\\\/#primaryimage\"},\"thumbnailUrl\":\"https:\\\/\\\/noticiasmercedinas.com\\\/site\\\/wp-content\\\/uploads\\\/2025\\\/08\\\/527635877_10234790384814372_7357163379290160424_n.jpg\",\"datePublished\":\"2025-08-04T18:00:47+00:00\",\"breadcrumb\":{\"@id\":\"https:\\\/\\\/noticiasmercedinas.com\\\/site\\\/2025\\\/08\\\/04\\\/otro-podio-para-el-mercedes-pro-bike\\\/#breadcrumb\"},\"inLanguage\":\"es\",\"potentialAction\":[{\"@type\":\"ReadAction\",\"target\":[\"https:\\\/\\\/noticiasmercedinas.com\\\/site\\\/2025\\\/08\\\/04\\\/otro-podio-para-el-mercedes-pro-bike\\\/\"]}]},{\"@type\":\"ImageObject\",\"inLanguage\":\"es\",\"@id\":\"https:\\\/\\\/noticiasmercedinas.com\\\/site\\\/2025\\\/08\\\/04\\\/otro-podio-para-el-mercedes-pro-bike\\\/#primaryimage\",\"url\":\"https:\\\/\\\/noticiasmercedinas.com\\\/site\\\/wp-content\\\/uploads\\\/2025\\\/08\\\/527635877_10234790384814372_7357163379290160424_n.jpg\",\"contentUrl\":\"https:\\\/\\\/noticiasmercedinas.com\\\/site\\\/wp-content\\\/uploads\\\/2025\\\/08\\\/527635877_10234790384814372_7357163379290160424_n.jpg\",\"width\":2048,\"height\":1841},{\"@type\":\"BreadcrumbList\",\"@id\":\"https:\\\/\\\/noticiasmercedinas.com\\\/site\\\/2025\\\/08\\\/04\\\/otro-podio-para-el-mercedes-pro-bike\\\/#breadcrumb\",\"itemListElement\":[{\"@type\":\"ListItem\",\"position\":1,\"name\":\"Portada\",\"item\":\"https:\\\/\\\/noticiasmercedinas.com\\\/site\\\/\"},{\"@type\":\"ListItem\",\"position\":2,\"name\":\"Otro podio para el Mercedes Pro Bike\"}]},{\"@type\":\"WebSite\",\"@id\":\"https:\\\/\\\/noticiasmercedinas.com\\\/site\\\/#website\",\"url\":\"https:\\\/\\\/noticiasmercedinas.com\\\/site\\\/\",\"name\":\"NOTICIASMERCEDINAS.COM\",\"description\":\"Mercedes, Buenos Aires, Argentina\",\"publisher\":{\"@id\":\"https:\\\/\\\/noticiasmercedinas.com\\\/site\\\/#organization\"},\"potentialAction\":[{\"@type\":\"SearchAction\",\"target\":{\"@type\":\"EntryPoint\",\"urlTemplate\":\"https:\\\/\\\/noticiasmercedinas.com\\\/site\\\/?s={search_term_string}\"},\"query-input\":{\"@type\":\"PropertyValueSpecification\",\"valueRequired\":true,\"valueName\":\"search_term_string\"}}],\"inLanguage\":\"es\"},{\"@type\":\"Organization\",\"@id\":\"https:\\\/\\\/noticiasmercedinas.com\\\/site\\\/#organization\",\"name\":\"NOTICIASMERCEDINAS.COM\",\"url\":\"https:\\\/\\\/noticiasmercedinas.com\\\/site\\\/\",\"logo\":{\"@type\":\"ImageObject\",\"inLanguage\":\"es\",\"@id\":\"https:\\\/\\\/noticiasmercedinas.com\\\/site\\\/#\\\/schema\\\/logo\\\/image\\\/\",\"url\":\"https:\\\/\\\/noticiasmercedinas.com\\\/site\\\/wp-content\\\/uploads\\\/2020\\\/06\\\/LOGO-512.jpg\",\"contentUrl\":\"https:\\\/\\\/noticiasmercedinas.com\\\/site\\\/wp-content\\\/uploads\\\/2020\\\/06\\\/LOGO-512.jpg\",\"width\":512,\"height\":512,\"caption\":\"NOTICIASMERCEDINAS.COM\"},\"image\":{\"@id\":\"https:\\\/\\\/noticiasmercedinas.com\\\/site\\\/#\\\/schema\\\/logo\\\/image\\\/\"},\"sameAs\":[\"https:\\\/\\\/www.facebook.com\\\/noticiasmercedinas\\\/\",\"https:\\\/\\\/x.com\\\/notmercedinas\",\"https:\\\/\\\/www.instagram.com\\\/noticiasmercedinas\\\/\"]},{\"@type\":\"Person\",\"@id\":\"https:\\\/\\\/noticiasmercedinas.com\\\/site\\\/#\\\/schema\\\/person\\\/8f2f09d666ef40986eba4a5e6f2a06f9\",\"name\":\"Juan Dagnino NOTICIASMERCEDINAS.COM\",\"image\":{\"@type\":\"ImageObject\",\"inLanguage\":\"es\",\"@id\":\"https:\\\/\\\/secure.gravatar.com\\\/avatar\\\/fc7059a769f5a3cae65fadb228a3e4accf3a64b4b2305020d0a27e6d5333c91b?s=96&d=mm&r=g\",\"url\":\"https:\\\/\\\/secure.gravatar.com\\\/avatar\\\/fc7059a769f5a3cae65fadb228a3e4accf3a64b4b2305020d0a27e6d5333c91b?s=96&d=mm&r=g\",\"contentUrl\":\"https:\\\/\\\/secure.gravatar.com\\\/avatar\\\/fc7059a769f5a3cae65fadb228a3e4accf3a64b4b2305020d0a27e6d5333c91b?s=96&d=mm&r=g\",\"caption\":\"Juan Dagnino NOTICIASMERCEDINAS.COM\"},\"url\":\"https:\\\/\\\/noticiasmercedinas.com\\\/site\\\/author\\\/juandagnino\\\/\"}]}<\/script>\n<!-- \/ Yoast SEO plugin. -->","yoast_head_json":{"title":"Otro podio para el Mercedes Pro Bike","robots":{"index":"index","follow":"follow","max-snippet":"max-snippet:-1","max-image-preview":"max-image-preview:large","max-video-preview":"max-video-preview:-1"},"canonical":"https:\/\/noticiasmercedinas.com\/site\/2025\/08\/04\/otro-podio-para-el-mercedes-pro-bike\/","og_locale":"es_ES","og_type":"article","og_title":"Otro podio para el Mercedes Pro Bike","og_description":"\u25a0 Entre los Aficionados de Remedio de Escalada fue tercero Leandro Lippi. La carrera se desarroll\u00f3 en el circuito de zona sur el \u00faltimo s\u00e1bado 2 de agosto. El logro se suma al de Farola y Videla en anteriores pruebas.","og_url":"https:\/\/noticiasmercedinas.com\/site\/2025\/08\/04\/otro-podio-para-el-mercedes-pro-bike\/","og_site_name":"NOTICIASMERCEDINAS.COM","article_publisher":"https:\/\/www.facebook.com\/noticiasmercedinas\/","article_published_time":"2025-08-04T18:00:47+00:00","og_image":[{"width":2048,"height":1841,"url":"https:\/\/noticiasmercedinas.com\/site\/wp-content\/uploads\/2025\/08\/527635877_10234790384814372_7357163379290160424_n.jpg","type":"image\/jpeg"}],"author":"Juan Dagnino NOTICIASMERCEDINAS.COM","twitter_card":"summary_large_image","twitter_creator":"@notmercedinas","twitter_site":"@notmercedinas","twitter_misc":{"Escrito por":"Juan Dagnino NOTICIASMERCEDINAS.COM","Tiempo de lectura":"1 minuto"},"schema":{"@context":"https:\/\/schema.org","@graph":[{"@type":"Article","@id":"https:\/\/noticiasmercedinas.com\/site\/2025\/08\/04\/otro-podio-para-el-mercedes-pro-bike\/#article","isPartOf":{"@id":"https:\/\/noticiasmercedinas.com\/site\/2025\/08\/04\/otro-podio-para-el-mercedes-pro-bike\/"},"author":{"name":"Juan Dagnino NOTICIASMERCEDINAS.COM","@id":"https:\/\/noticiasmercedinas.com\/site\/#\/schema\/person\/8f2f09d666ef40986eba4a5e6f2a06f9"},"headline":"Otro podio para el Mercedes Pro Bike","datePublished":"2025-08-04T18:00:47+00:00","mainEntityOfPage":{"@id":"https:\/\/noticiasmercedinas.com\/site\/2025\/08\/04\/otro-podio-para-el-mercedes-pro-bike\/"},"wordCount":132,"publisher":{"@id":"https:\/\/noticiasmercedinas.com\/site\/#organization"},"image":{"@id":"https:\/\/noticiasmercedinas.com\/site\/2025\/08\/04\/otro-podio-para-el-mercedes-pro-bike\/#primaryimage"},"thumbnailUrl":"https:\/\/noticiasmercedinas.com\/site\/wp-content\/uploads\/2025\/08\/527635877_10234790384814372_7357163379290160424_n.jpg","keywords":["ciclismo","leandro lippi","Mercedes pro bike"],"articleSection":["Deportes"],"inLanguage":"es"},{"@type":"WebPage","@id":"https:\/\/noticiasmercedinas.com\/site\/2025\/08\/04\/otro-podio-para-el-mercedes-pro-bike\/","url":"https:\/\/noticiasmercedinas.com\/site\/2025\/08\/04\/otro-podio-para-el-mercedes-pro-bike\/","name":"Otro podio para el Mercedes Pro Bike","isPartOf":{"@id":"https:\/\/noticiasmercedinas.com\/site\/#website"},"primaryImageOfPage":{"@id":"https:\/\/noticiasmercedinas.com\/site\/2025\/08\/04\/otro-podio-para-el-mercedes-pro-bike\/#primaryimage"},"image":{"@id":"https:\/\/noticiasmercedinas.com\/site\/2025\/08\/04\/otro-podio-para-el-mercedes-pro-bike\/#primaryimage"},"thumbnailUrl":"https:\/\/noticiasmercedinas.com\/site\/wp-content\/uploads\/2025\/08\/527635877_10234790384814372_7357163379290160424_n.jpg","datePublished":"2025-08-04T18:00:47+00:00","breadcrumb":{"@id":"https:\/\/noticiasmercedinas.com\/site\/2025\/08\/04\/otro-podio-para-el-mercedes-pro-bike\/#breadcrumb"},"inLanguage":"es","potentialAction":[{"@type":"ReadAction","target":["https:\/\/noticiasmercedinas.com\/site\/2025\/08\/04\/otro-podio-para-el-mercedes-pro-bike\/"]}]},{"@type":"ImageObject","inLanguage":"es","@id":"https:\/\/noticiasmercedinas.com\/site\/2025\/08\/04\/otro-podio-para-el-mercedes-pro-bike\/#primaryimage","url":"https:\/\/noticiasmercedinas.com\/site\/wp-content\/uploads\/2025\/08\/527635877_10234790384814372_7357163379290160424_n.jpg","contentUrl":"https:\/\/noticiasmercedinas.com\/site\/wp-content\/uploads\/2025\/08\/527635877_10234790384814372_7357163379290160424_n.jpg","width":2048,"height":1841},{"@type":"BreadcrumbList","@id":"https:\/\/noticiasmercedinas.com\/site\/2025\/08\/04\/otro-podio-para-el-mercedes-pro-bike\/#breadcrumb","itemListElement":[{"@type":"ListItem","position":1,"name":"Portada","item":"https:\/\/noticiasmercedinas.com\/site\/"},{"@type":"ListItem","position":2,"name":"Otro podio para el Mercedes Pro Bike"}]},{"@type":"WebSite","@id":"https:\/\/noticiasmercedinas.com\/site\/#website","url":"https:\/\/noticiasmercedinas.com\/site\/","name":"NOTICIASMERCEDINAS.COM","description":"Mercedes, Buenos Aires, Argentina","publisher":{"@id":"https:\/\/noticiasmercedinas.com\/site\/#organization"},"potentialAction":[{"@type":"SearchAction","target":{"@type":"EntryPoint","urlTemplate":"https:\/\/noticiasmercedinas.com\/site\/?s={search_term_string}"},"query-input":{"@type":"PropertyValueSpecification","valueRequired":true,"valueName":"search_term_string"}}],"inLanguage":"es"},{"@type":"Organization","@id":"https:\/\/noticiasmercedinas.com\/site\/#organization","name":"NOTICIASMERCEDINAS.COM","url":"https:\/\/noticiasmercedinas.com\/site\/","logo":{"@type":"ImageObject","inLanguage":"es","@id":"https:\/\/noticiasmercedinas.com\/site\/#\/schema\/logo\/image\/","url":"https:\/\/noticiasmercedinas.com\/site\/wp-content\/uploads\/2020\/06\/LOGO-512.jpg","contentUrl":"https:\/\/noticiasmercedinas.com\/site\/wp-content\/uploads\/2020\/06\/LOGO-512.jpg","width":512,"height":512,"caption":"NOTICIASMERCEDINAS.COM"},"image":{"@id":"https:\/\/noticiasmercedinas.com\/site\/#\/schema\/logo\/image\/"},"sameAs":["https:\/\/www.facebook.com\/noticiasmercedinas\/","https:\/\/x.com\/notmercedinas","https:\/\/www.instagram.com\/noticiasmercedinas\/"]},{"@type":"Person","@id":"https:\/\/noticiasmercedinas.com\/site\/#\/schema\/person\/8f2f09d666ef40986eba4a5e6f2a06f9","name":"Juan Dagnino NOTICIASMERCEDINAS.COM","image":{"@type":"ImageObject","inLanguage":"es","@id":"https:\/\/secure.gravatar.com\/avatar\/fc7059a769f5a3cae65fadb228a3e4accf3a64b4b2305020d0a27e6d5333c91b?s=96&d=mm&r=g","url":"https:\/\/secure.gravatar.com\/avatar\/fc7059a769f5a3cae65fadb228a3e4accf3a64b4b2305020d0a27e6d5333c91b?s=96&d=mm&r=g","contentUrl":"https:\/\/secure.gravatar.com\/avatar\/fc7059a769f5a3cae65fadb228a3e4accf3a64b4b2305020d0a27e6d5333c91b?s=96&d=mm&r=g","caption":"Juan Dagnino NOTICIASMERCEDINAS.COM"},"url":"https:\/\/noticiasmercedinas.com\/site\/author\/juandagnino\/"}]}},"amp_enabled":true,"_links":{"self":[{"href":"https:\/\/noticiasmercedinas.com\/site\/wp-json\/wp\/v2\/posts\/165952","targetHints":{"allow":["GET"]}}],"collection":[{"href":"https:\/\/noticiasmercedinas.com\/site\/wp-json\/wp\/v2\/posts"}],"about":[{"href":"https:\/\/noticiasmercedinas.com\/site\/wp-json\/wp\/v2\/types\/post"}],"author":[{"embeddable":true,"href":"https:\/\/noticiasmercedinas.com\/site\/wp-json\/wp\/v2\/users\/6"}],"replies":[{"embeddable":true,"href":"https:\/\/noticiasmercedinas.com\/site\/wp-json\/wp\/v2\/comments?post=165952"}],"version-history":[{"count":1,"href":"https:\/\/noticiasmercedinas.com\/site\/wp-json\/wp\/v2\/posts\/165952\/revisions"}],"predecessor-version":[{"id":165954,"href":"https:\/\/noticiasmercedinas.com\/site\/wp-json\/wp\/v2\/posts\/165952\/revisions\/165954"}],"wp:featuredmedia":[{"embeddable":true,"href":"https:\/\/noticiasmercedinas.com\/site\/wp-json\/wp\/v2\/media\/165953"}],"wp:attachment":[{"href":"https:\/\/noticiasmercedinas.com\/site\/wp-json\/wp\/v2\/media?parent=165952"}],"wp:term":[{"taxonomy":"category","embeddable":true,"href":"https:\/\/noticiasmercedinas.com\/site\/wp-json\/wp\/v2\/categories?post=165952"},{"taxonomy":"post_tag","embeddable":true,"href":"https:\/\/noticiasmercedinas.com\/site\/wp-json\/wp\/v2\/tags?post=165952"}],"curies":[{"name":"wp","href":"https:\/\/api.w.org\/{rel}","templated":true}]}}