{"id":165966,"date":"2025-08-04T16:48:45","date_gmt":"2025-08-04T19:48:45","guid":{"rendered":"https:\/\/noticiasmercedinas.com\/site\/?p=165966"},"modified":"2025-08-04T16:49:38","modified_gmt":"2025-08-04T19:49:38","slug":"wado-de-pedro-llamo-a-ponerle-un-limite-al-gobierno-en-las-urnas","status":"publish","type":"post","link":"https:\/\/noticiasmercedinas.com\/site\/2025\/08\/04\/wado-de-pedro-llamo-a-ponerle-un-limite-al-gobierno-en-las-urnas\/","title":{"rendered":"Wado De Pedro llam\u00f3 a ponerle un l\u00edmite al gobierno \u201cen las urnas\u201d"},"content":{"rendered":"<p data-start=\"122\" data-end=\"192\"><img loading=\"lazy\" decoding=\"async\" class=\"alignnone size-full wp-image-120792\" src=\"https:\/\/noticiasmercedinas.com\/site\/wp-content\/uploads\/2023\/08\/wado1.jpg\" alt=\"\" width=\"640\" height=\"431\" srcset=\"https:\/\/noticiasmercedinas.com\/site\/wp-content\/uploads\/2023\/08\/wado1.jpg 640w, https:\/\/noticiasmercedinas.com\/site\/wp-content\/uploads\/2023\/08\/wado1-300x202.jpg 300w\" sizes=\"auto, (max-width: 640px) 100vw, 640px\" \/><\/p>\n<p data-start=\"194\" data-end=\"423\">El senador nacional por la provincia de Buenos Aires, <strong data-start=\"248\" data-end=\"275\">Eduardo \u201cWado\u201d De Pedro<\/strong>, inst\u00f3 a la ciudadan\u00eda a <strong data-start=\"301\" data-end=\"367\">ponerle un freno al gobierno de Javier Milei a trav\u00e9s del voto<\/strong>, en vistas a las pr\u00f3ximas elecciones.<\/p>\n<p data-start=\"425\" data-end=\"641\">El dirigente peronista mercedino hizo p\u00fablicas sus declaraciones luego de que el Ejecutivo <strong data-start=\"516\" data-end=\"594\">vetara las leyes de aumento para jubilados y de emergencia en discapacidad<\/strong>, ambas aprobadas por el Congreso de la Naci\u00f3n.<\/p>\n<p data-start=\"643\" data-end=\"1043\">\u201cMilei le neg\u00f3 el aumento a nuestros abuelos y abuelas, y anul\u00f3 la emergencia en discapacidad\u201d, expres\u00f3 De Pedro en una publicaci\u00f3n difundida este lunes 4 de agosto a trav\u00e9s de sus redes sociales.<\/p>\n<p data-start=\"643\" data-end=\"1043\">En ese marco, tambi\u00e9n cuestion\u00f3 el rumbo econ\u00f3mico del gobierno nacional: \u201cMientras tanto, nos sigue endeudando con el FMI para mantener el modelo de especulaci\u00f3n y fuga que solo beneficia a sus amigos\u201d.<\/p>\n<blockquote class=\"instagram-media\" style=\"background: #FFF; border: 0; border-radius: 3px; box-shadow: 0 0 1px 0 rgba(0,0,0,0.5),0 1px 10px 0 rgba(0,0,0,0.15); margin: 1px; max-width: 540px; min-width: 326px; padding: 0; width: calc(100% - 2px);\" data-instgrm-permalink=\"https:\/\/www.instagram.com\/p\/DM8NZtNxxdo\/?utm_source=ig_embed&amp;utm_campaign=loading\" data-instgrm-version=\"14\">\n<div style=\"padding: 16px;\">\n<p>&nbsp;<\/p>\n<div style=\"display: flex; flex-direction: row; align-items: center;\">\n<div style=\"background-color: #f4f4f4; border-radius: 50%; flex-grow: 0; height: 40px; margin-right: 14px; width: 40px;\"><\/div>\n<div style=\"display: flex; flex-direction: column; flex-grow: 1; justify-content: center;\">\n<div style=\"background-color: #f4f4f4; border-radius: 4px; flex-grow: 0; height: 14px; margin-bottom: 6px; width: 100px;\"><\/div>\n<div style=\"background-color: #f4f4f4; border-radius: 4px; flex-grow: 0; height: 14px; width: 60px;\"><\/div>\n<\/div>\n<\/div>\n<div style=\"padding: 19% 0;\"><\/div>\n<div style=\"display: block; height: 50px; margin: 0 auto 12px; width: 50px;\"><\/div>\n<div style=\"padding-top: 8px;\">\n<div style=\"color: #3897f0; font-family: Arial,sans-serif; font-size: 14px; font-style: normal; font-weight: 550; line-height: 18px;\">Ver esta publicaci\u00f3n en Instagram<\/div>\n<\/div>\n<div style=\"padding: 12.5% 0;\"><\/div>\n<div style=\"display: flex; flex-direction: row; margin-bottom: 14px; align-items: center;\">\n<div>\n<div style=\"background-color: #f4f4f4; border-radius: 50%; height: 12.5px; width: 12.5px; transform: translateX(0px) translateY(7px);\"><\/div>\n<div style=\"background-color: #f4f4f4; height: 12.5px; transform: rotate(-45deg) translateX(3px) translateY(1px); width: 12.5px; flex-grow: 0; margin-right: 14px; margin-left: 2px;\"><\/div>\n<div style=\"background-color: #f4f4f4; border-radius: 50%; height: 12.5px; width: 12.5px; transform: translateX(9px) translateY(-18px);\"><\/div>\n<\/div>\n<div style=\"margin-left: 8px;\">\n<div style=\"background-color: #f4f4f4; border-radius: 50%; flex-grow: 0; height: 20px; width: 20px;\"><\/div>\n<div style=\"width: 0; height: 0; border-top: 2px solid transparent; border-left: 6px solid #f4f4f4; border-bottom: 2px solid transparent; transform: translateX(16px) translateY(-4px) rotate(30deg);\"><\/div>\n<\/div>\n<div style=\"margin-left: auto;\">\n<div style=\"width: 0px; border-top: 8px solid #F4F4F4; border-right: 8px solid transparent; transform: translateY(16px);\"><\/div>\n<div style=\"background-color: #f4f4f4; flex-grow: 0; height: 12px; width: 16px; transform: translateY(-4px);\"><\/div>\n<div style=\"width: 0; height: 0; border-top: 8px solid #F4F4F4; border-left: 8px solid transparent; transform: translateY(-4px) translateX(8px);\"><\/div>\n<\/div>\n<\/div>\n<div style=\"display: flex; flex-direction: column; flex-grow: 1; justify-content: center; margin-bottom: 24px;\">\n<div style=\"background-color: #f4f4f4; border-radius: 4px; flex-grow: 0; height: 14px; margin-bottom: 6px; width: 224px;\"><\/div>\n<div style=\"background-color: #f4f4f4; border-radius: 4px; flex-grow: 0; height: 14px; width: 144px;\"><\/div>\n<\/div>\n<p>&nbsp;<\/p>\n<p style=\"color: #c9c8cd; font-family: Arial,sans-serif; font-size: 14px; line-height: 17px; margin-bottom: 0; margin-top: 8px; overflow: hidden; padding: 8px 0 7px; text-align: center; text-overflow: ellipsis; white-space: nowrap;\"><a style=\"color: #c9c8cd; font-family: Arial,sans-serif; font-size: 14px; font-style: normal; font-weight: normal; line-height: 17px; text-decoration: none;\" href=\"https:\/\/www.instagram.com\/p\/DM8NZtNxxdo\/?utm_source=ig_embed&amp;utm_campaign=loading\" target=\"_blank\" rel=\"noopener\">Una publicaci\u00f3n compartida por Wado de Pedro (@wadodecorrido)<\/a><\/p>\n<\/div>\n<\/blockquote>\n<p><script async src=\"\/\/www.instagram.com\/embed.js\"><\/script><\/p>\n<p data-start=\"1045\" data-end=\"1257\">De Pedro advirti\u00f3 que en el orden de prioridades del actual gobierno, \u201cel pueblo queda \u00faltimo en la fila\u201d, y cerr\u00f3 su mensaje con una consigna electoral: \u201cEl 27 de octubre hay que ponerle un l\u00edmite en las urnas\u201d.<\/p>\n<p data-start=\"1259\" data-end=\"1541\">Las declaraciones del senador se dan en un contexto de fuerte debate pol\u00edtico y econ\u00f3mico, con un <strong data-start=\"1357\" data-end=\"1417\">nuevo desembolso de USD 2.000 millones por parte del FMI<\/strong> previsto para las pr\u00f3ximas horas y crecientes cr\u00edticas a las pol\u00edticas de ajuste impulsadas por la administraci\u00f3n de Milei.<\/p>\n","protected":false},"excerpt":{"rendered":"<p>\u25a0 El dirigente peronista mercedino hizo p\u00fablicas sus declaraciones luego de que el Ejecutivo vetara las leyes de aumento para jubilados y de emergencia en discapacidad, ambas aprobadas por el Congreso de la Naci\u00f3n.<\/p>\n","protected":false},"author":16,"featured_media":120792,"comment_status":"closed","ping_status":"closed","sticky":false,"template":"","format":"standard","meta":{"footnotes":""},"categories":[2,16],"tags":[68,19953,14331,160,4963],"class_list":["post-165966","post","type-post","status-publish","format-standard","has-post-thumbnail","hentry","category-featured","category-politica","tag-discapacidad","tag-elecciones-2025","tag-javier-milei","tag-jubilados","tag-wado-de-pedro"],"yoast_head":"<!-- This site is optimized with the Yoast SEO plugin v27.4 - https:\/\/yoast.com\/product\/yoast-seo-wordpress\/ -->\n<title>Wado De Pedro llam\u00f3 a ponerle un l\u00edmite al gobierno \u201cen las urnas\u201d<\/title>\n<meta name=\"description\" content=\"El dirigente peronista mercedino hizo p\u00fablicas sus declaraciones luego de que el Ejecutivo vetara las leyes de aumento para jubilados y de emergencia en discapacidad, ambas aprobadas por el Congreso de la Naci\u00f3n.\" \/>\n<meta name=\"robots\" content=\"index, follow, max-snippet:-1, max-image-preview:large, max-video-preview:-1\" \/>\n<link rel=\"canonical\" href=\"https:\/\/noticiasmercedinas.com\/site\/2025\/08\/04\/wado-de-pedro-llamo-a-ponerle-un-limite-al-gobierno-en-las-urnas\/\" \/>\n<meta property=\"og:locale\" content=\"es_ES\" \/>\n<meta property=\"og:type\" content=\"article\" \/>\n<meta property=\"og:title\" content=\"Wado De Pedro llam\u00f3 a ponerle un l\u00edmite al gobierno \u201cen las urnas\u201d\" \/>\n<meta property=\"og:description\" content=\"El dirigente peronista mercedino hizo p\u00fablicas sus declaraciones luego de que el Ejecutivo vetara las leyes de aumento para jubilados y de emergencia en discapacidad, ambas aprobadas por el Congreso de la Naci\u00f3n.\" \/>\n<meta property=\"og:url\" content=\"https:\/\/noticiasmercedinas.com\/site\/2025\/08\/04\/wado-de-pedro-llamo-a-ponerle-un-limite-al-gobierno-en-las-urnas\/\" \/>\n<meta property=\"og:site_name\" content=\"NOTICIASMERCEDINAS.COM\" \/>\n<meta property=\"article:publisher\" content=\"https:\/\/www.facebook.com\/noticiasmercedinas\/\" \/>\n<meta property=\"article:published_time\" content=\"2025-08-04T19:48:45+00:00\" \/>\n<meta property=\"article:modified_time\" content=\"2025-08-04T19:49:38+00:00\" \/>\n<meta property=\"og:image\" content=\"https:\/\/noticiasmercedinas.com\/site\/wp-content\/uploads\/2023\/08\/wado1.jpg\" \/>\n\t<meta property=\"og:image:width\" content=\"640\" \/>\n\t<meta property=\"og:image:height\" content=\"431\" \/>\n\t<meta property=\"og:image:type\" content=\"image\/jpeg\" \/>\n<meta name=\"author\" content=\"NOTICIASMERCEDINAS.COM\" \/>\n<meta name=\"twitter:card\" content=\"summary_large_image\" \/>\n<meta name=\"twitter:creator\" content=\"@notmercedinas\" \/>\n<meta name=\"twitter:site\" content=\"@notmercedinas\" \/>\n<meta name=\"twitter:label1\" content=\"Escrito por\" \/>\n\t<meta name=\"twitter:data1\" content=\"NOTICIASMERCEDINAS.COM\" \/>\n\t<meta name=\"twitter:label2\" content=\"Tiempo de lectura\" \/>\n\t<meta name=\"twitter:data2\" content=\"2 minutos\" \/>\n<script type=\"application\/ld+json\" class=\"yoast-schema-graph\">{\"@context\":\"https:\\\/\\\/schema.org\",\"@graph\":[{\"@type\":\"Article\",\"@id\":\"https:\\\/\\\/noticiasmercedinas.com\\\/site\\\/2025\\\/08\\\/04\\\/wado-de-pedro-llamo-a-ponerle-un-limite-al-gobierno-en-las-urnas\\\/#article\",\"isPartOf\":{\"@id\":\"https:\\\/\\\/noticiasmercedinas.com\\\/site\\\/2025\\\/08\\\/04\\\/wado-de-pedro-llamo-a-ponerle-un-limite-al-gobierno-en-las-urnas\\\/\"},\"author\":{\"name\":\"NOTICIASMERCEDINAS.COM\",\"@id\":\"https:\\\/\\\/noticiasmercedinas.com\\\/site\\\/#\\\/schema\\\/person\\\/84b59c099c28ff2e8b77d4ceec5d8063\"},\"headline\":\"Wado De Pedro llam\u00f3 a ponerle un l\u00edmite al gobierno \u201cen las urnas\u201d\",\"datePublished\":\"2025-08-04T19:48:45+00:00\",\"dateModified\":\"2025-08-04T19:49:38+00:00\",\"mainEntityOfPage\":{\"@id\":\"https:\\\/\\\/noticiasmercedinas.com\\\/site\\\/2025\\\/08\\\/04\\\/wado-de-pedro-llamo-a-ponerle-un-limite-al-gobierno-en-las-urnas\\\/\"},\"wordCount\":266,\"publisher\":{\"@id\":\"https:\\\/\\\/noticiasmercedinas.com\\\/site\\\/#organization\"},\"image\":{\"@id\":\"https:\\\/\\\/noticiasmercedinas.com\\\/site\\\/2025\\\/08\\\/04\\\/wado-de-pedro-llamo-a-ponerle-un-limite-al-gobierno-en-las-urnas\\\/#primaryimage\"},\"thumbnailUrl\":\"https:\\\/\\\/noticiasmercedinas.com\\\/site\\\/wp-content\\\/uploads\\\/2023\\\/08\\\/wado1.jpg\",\"keywords\":[\"discapacidad\",\"elecciones 2025\",\"Javier Milei\",\"jubilados\",\"wado de pedro\"],\"articleSection\":[\"Especiales\",\"Politica\"],\"inLanguage\":\"es\"},{\"@type\":\"WebPage\",\"@id\":\"https:\\\/\\\/noticiasmercedinas.com\\\/site\\\/2025\\\/08\\\/04\\\/wado-de-pedro-llamo-a-ponerle-un-limite-al-gobierno-en-las-urnas\\\/\",\"url\":\"https:\\\/\\\/noticiasmercedinas.com\\\/site\\\/2025\\\/08\\\/04\\\/wado-de-pedro-llamo-a-ponerle-un-limite-al-gobierno-en-las-urnas\\\/\",\"name\":\"Wado De Pedro llam\u00f3 a ponerle un l\u00edmite al gobierno \u201cen las urnas\u201d\",\"isPartOf\":{\"@id\":\"https:\\\/\\\/noticiasmercedinas.com\\\/site\\\/#website\"},\"primaryImageOfPage\":{\"@id\":\"https:\\\/\\\/noticiasmercedinas.com\\\/site\\\/2025\\\/08\\\/04\\\/wado-de-pedro-llamo-a-ponerle-un-limite-al-gobierno-en-las-urnas\\\/#primaryimage\"},\"image\":{\"@id\":\"https:\\\/\\\/noticiasmercedinas.com\\\/site\\\/2025\\\/08\\\/04\\\/wado-de-pedro-llamo-a-ponerle-un-limite-al-gobierno-en-las-urnas\\\/#primaryimage\"},\"thumbnailUrl\":\"https:\\\/\\\/noticiasmercedinas.com\\\/site\\\/wp-content\\\/uploads\\\/2023\\\/08\\\/wado1.jpg\",\"datePublished\":\"2025-08-04T19:48:45+00:00\",\"dateModified\":\"2025-08-04T19:49:38+00:00\",\"description\":\"El dirigente peronista mercedino hizo p\u00fablicas sus declaraciones luego de que el Ejecutivo vetara las leyes de aumento para jubilados y de emergencia en discapacidad, ambas aprobadas por el Congreso de la Naci\u00f3n.\",\"breadcrumb\":{\"@id\":\"https:\\\/\\\/noticiasmercedinas.com\\\/site\\\/2025\\\/08\\\/04\\\/wado-de-pedro-llamo-a-ponerle-un-limite-al-gobierno-en-las-urnas\\\/#breadcrumb\"},\"inLanguage\":\"es\",\"potentialAction\":[{\"@type\":\"ReadAction\",\"target\":[\"https:\\\/\\\/noticiasmercedinas.com\\\/site\\\/2025\\\/08\\\/04\\\/wado-de-pedro-llamo-a-ponerle-un-limite-al-gobierno-en-las-urnas\\\/\"]}]},{\"@type\":\"ImageObject\",\"inLanguage\":\"es\",\"@id\":\"https:\\\/\\\/noticiasmercedinas.com\\\/site\\\/2025\\\/08\\\/04\\\/wado-de-pedro-llamo-a-ponerle-un-limite-al-gobierno-en-las-urnas\\\/#primaryimage\",\"url\":\"https:\\\/\\\/noticiasmercedinas.com\\\/site\\\/wp-content\\\/uploads\\\/2023\\\/08\\\/wado1.jpg\",\"contentUrl\":\"https:\\\/\\\/noticiasmercedinas.com\\\/site\\\/wp-content\\\/uploads\\\/2023\\\/08\\\/wado1.jpg\",\"width\":640,\"height\":431},{\"@type\":\"BreadcrumbList\",\"@id\":\"https:\\\/\\\/noticiasmercedinas.com\\\/site\\\/2025\\\/08\\\/04\\\/wado-de-pedro-llamo-a-ponerle-un-limite-al-gobierno-en-las-urnas\\\/#breadcrumb\",\"itemListElement\":[{\"@type\":\"ListItem\",\"position\":1,\"name\":\"Portada\",\"item\":\"https:\\\/\\\/noticiasmercedinas.com\\\/site\\\/\"},{\"@type\":\"ListItem\",\"position\":2,\"name\":\"Wado De Pedro llam\u00f3 a ponerle un l\u00edmite al gobierno \u201cen las urnas\u201d\"}]},{\"@type\":\"WebSite\",\"@id\":\"https:\\\/\\\/noticiasmercedinas.com\\\/site\\\/#website\",\"url\":\"https:\\\/\\\/noticiasmercedinas.com\\\/site\\\/\",\"name\":\"NOTICIASMERCEDINAS.COM\",\"description\":\"Mercedes, Buenos Aires, Argentina\",\"publisher\":{\"@id\":\"https:\\\/\\\/noticiasmercedinas.com\\\/site\\\/#organization\"},\"potentialAction\":[{\"@type\":\"SearchAction\",\"target\":{\"@type\":\"EntryPoint\",\"urlTemplate\":\"https:\\\/\\\/noticiasmercedinas.com\\\/site\\\/?s={search_term_string}\"},\"query-input\":{\"@type\":\"PropertyValueSpecification\",\"valueRequired\":true,\"valueName\":\"search_term_string\"}}],\"inLanguage\":\"es\"},{\"@type\":\"Organization\",\"@id\":\"https:\\\/\\\/noticiasmercedinas.com\\\/site\\\/#organization\",\"name\":\"NOTICIASMERCEDINAS.COM\",\"url\":\"https:\\\/\\\/noticiasmercedinas.com\\\/site\\\/\",\"logo\":{\"@type\":\"ImageObject\",\"inLanguage\":\"es\",\"@id\":\"https:\\\/\\\/noticiasmercedinas.com\\\/site\\\/#\\\/schema\\\/logo\\\/image\\\/\",\"url\":\"https:\\\/\\\/noticiasmercedinas.com\\\/site\\\/wp-content\\\/uploads\\\/2020\\\/06\\\/LOGO-512.jpg\",\"contentUrl\":\"https:\\\/\\\/noticiasmercedinas.com\\\/site\\\/wp-content\\\/uploads\\\/2020\\\/06\\\/LOGO-512.jpg\",\"width\":512,\"height\":512,\"caption\":\"NOTICIASMERCEDINAS.COM\"},\"image\":{\"@id\":\"https:\\\/\\\/noticiasmercedinas.com\\\/site\\\/#\\\/schema\\\/logo\\\/image\\\/\"},\"sameAs\":[\"https:\\\/\\\/www.facebook.com\\\/noticiasmercedinas\\\/\",\"https:\\\/\\\/x.com\\\/notmercedinas\",\"https:\\\/\\\/www.instagram.com\\\/noticiasmercedinas\\\/\"]},{\"@type\":\"Person\",\"@id\":\"https:\\\/\\\/noticiasmercedinas.com\\\/site\\\/#\\\/schema\\\/person\\\/84b59c099c28ff2e8b77d4ceec5d8063\",\"name\":\"NOTICIASMERCEDINAS.COM\",\"image\":{\"@type\":\"ImageObject\",\"inLanguage\":\"es\",\"@id\":\"https:\\\/\\\/secure.gravatar.com\\\/avatar\\\/4dfbf16b4d17945bfb6341b2d19043457132fcf478a5ee04f42e959fd8f5df0a?s=96&d=mm&r=g\",\"url\":\"https:\\\/\\\/secure.gravatar.com\\\/avatar\\\/4dfbf16b4d17945bfb6341b2d19043457132fcf478a5ee04f42e959fd8f5df0a?s=96&d=mm&r=g\",\"contentUrl\":\"https:\\\/\\\/secure.gravatar.com\\\/avatar\\\/4dfbf16b4d17945bfb6341b2d19043457132fcf478a5ee04f42e959fd8f5df0a?s=96&d=mm&r=g\",\"caption\":\"NOTICIASMERCEDINAS.COM\"},\"url\":\"https:\\\/\\\/noticiasmercedinas.com\\\/site\\\/author\\\/anonimo\\\/\"}]}<\/script>\n<!-- \/ Yoast SEO plugin. -->","yoast_head_json":{"title":"Wado De Pedro llam\u00f3 a ponerle un l\u00edmite al gobierno \u201cen las urnas\u201d","description":"El dirigente peronista mercedino hizo p\u00fablicas sus declaraciones luego de que el Ejecutivo vetara las leyes de aumento para jubilados y de emergencia en discapacidad, ambas aprobadas por el Congreso de la Naci\u00f3n.","robots":{"index":"index","follow":"follow","max-snippet":"max-snippet:-1","max-image-preview":"max-image-preview:large","max-video-preview":"max-video-preview:-1"},"canonical":"https:\/\/noticiasmercedinas.com\/site\/2025\/08\/04\/wado-de-pedro-llamo-a-ponerle-un-limite-al-gobierno-en-las-urnas\/","og_locale":"es_ES","og_type":"article","og_title":"Wado De Pedro llam\u00f3 a ponerle un l\u00edmite al gobierno \u201cen las urnas\u201d","og_description":"El dirigente peronista mercedino hizo p\u00fablicas sus declaraciones luego de que el Ejecutivo vetara las leyes de aumento para jubilados y de emergencia en discapacidad, ambas aprobadas por el Congreso de la Naci\u00f3n.","og_url":"https:\/\/noticiasmercedinas.com\/site\/2025\/08\/04\/wado-de-pedro-llamo-a-ponerle-un-limite-al-gobierno-en-las-urnas\/","og_site_name":"NOTICIASMERCEDINAS.COM","article_publisher":"https:\/\/www.facebook.com\/noticiasmercedinas\/","article_published_time":"2025-08-04T19:48:45+00:00","article_modified_time":"2025-08-04T19:49:38+00:00","og_image":[{"width":640,"height":431,"url":"https:\/\/noticiasmercedinas.com\/site\/wp-content\/uploads\/2023\/08\/wado1.jpg","type":"image\/jpeg"}],"author":"NOTICIASMERCEDINAS.COM","twitter_card":"summary_large_image","twitter_creator":"@notmercedinas","twitter_site":"@notmercedinas","twitter_misc":{"Escrito por":"NOTICIASMERCEDINAS.COM","Tiempo de lectura":"2 minutos"},"schema":{"@context":"https:\/\/schema.org","@graph":[{"@type":"Article","@id":"https:\/\/noticiasmercedinas.com\/site\/2025\/08\/04\/wado-de-pedro-llamo-a-ponerle-un-limite-al-gobierno-en-las-urnas\/#article","isPartOf":{"@id":"https:\/\/noticiasmercedinas.com\/site\/2025\/08\/04\/wado-de-pedro-llamo-a-ponerle-un-limite-al-gobierno-en-las-urnas\/"},"author":{"name":"NOTICIASMERCEDINAS.COM","@id":"https:\/\/noticiasmercedinas.com\/site\/#\/schema\/person\/84b59c099c28ff2e8b77d4ceec5d8063"},"headline":"Wado De Pedro llam\u00f3 a ponerle un l\u00edmite al gobierno \u201cen las urnas\u201d","datePublished":"2025-08-04T19:48:45+00:00","dateModified":"2025-08-04T19:49:38+00:00","mainEntityOfPage":{"@id":"https:\/\/noticiasmercedinas.com\/site\/2025\/08\/04\/wado-de-pedro-llamo-a-ponerle-un-limite-al-gobierno-en-las-urnas\/"},"wordCount":266,"publisher":{"@id":"https:\/\/noticiasmercedinas.com\/site\/#organization"},"image":{"@id":"https:\/\/noticiasmercedinas.com\/site\/2025\/08\/04\/wado-de-pedro-llamo-a-ponerle-un-limite-al-gobierno-en-las-urnas\/#primaryimage"},"thumbnailUrl":"https:\/\/noticiasmercedinas.com\/site\/wp-content\/uploads\/2023\/08\/wado1.jpg","keywords":["discapacidad","elecciones 2025","Javier Milei","jubilados","wado de pedro"],"articleSection":["Especiales","Politica"],"inLanguage":"es"},{"@type":"WebPage","@id":"https:\/\/noticiasmercedinas.com\/site\/2025\/08\/04\/wado-de-pedro-llamo-a-ponerle-un-limite-al-gobierno-en-las-urnas\/","url":"https:\/\/noticiasmercedinas.com\/site\/2025\/08\/04\/wado-de-pedro-llamo-a-ponerle-un-limite-al-gobierno-en-las-urnas\/","name":"Wado De Pedro llam\u00f3 a ponerle un l\u00edmite al gobierno \u201cen las urnas\u201d","isPartOf":{"@id":"https:\/\/noticiasmercedinas.com\/site\/#website"},"primaryImageOfPage":{"@id":"https:\/\/noticiasmercedinas.com\/site\/2025\/08\/04\/wado-de-pedro-llamo-a-ponerle-un-limite-al-gobierno-en-las-urnas\/#primaryimage"},"image":{"@id":"https:\/\/noticiasmercedinas.com\/site\/2025\/08\/04\/wado-de-pedro-llamo-a-ponerle-un-limite-al-gobierno-en-las-urnas\/#primaryimage"},"thumbnailUrl":"https:\/\/noticiasmercedinas.com\/site\/wp-content\/uploads\/2023\/08\/wado1.jpg","datePublished":"2025-08-04T19:48:45+00:00","dateModified":"2025-08-04T19:49:38+00:00","description":"El dirigente peronista mercedino hizo p\u00fablicas sus declaraciones luego de que el Ejecutivo vetara las leyes de aumento para jubilados y de emergencia en discapacidad, ambas aprobadas por el Congreso de la Naci\u00f3n.","breadcrumb":{"@id":"https:\/\/noticiasmercedinas.com\/site\/2025\/08\/04\/wado-de-pedro-llamo-a-ponerle-un-limite-al-gobierno-en-las-urnas\/#breadcrumb"},"inLanguage":"es","potentialAction":[{"@type":"ReadAction","target":["https:\/\/noticiasmercedinas.com\/site\/2025\/08\/04\/wado-de-pedro-llamo-a-ponerle-un-limite-al-gobierno-en-las-urnas\/"]}]},{"@type":"ImageObject","inLanguage":"es","@id":"https:\/\/noticiasmercedinas.com\/site\/2025\/08\/04\/wado-de-pedro-llamo-a-ponerle-un-limite-al-gobierno-en-las-urnas\/#primaryimage","url":"https:\/\/noticiasmercedinas.com\/site\/wp-content\/uploads\/2023\/08\/wado1.jpg","contentUrl":"https:\/\/noticiasmercedinas.com\/site\/wp-content\/uploads\/2023\/08\/wado1.jpg","width":640,"height":431},{"@type":"BreadcrumbList","@id":"https:\/\/noticiasmercedinas.com\/site\/2025\/08\/04\/wado-de-pedro-llamo-a-ponerle-un-limite-al-gobierno-en-las-urnas\/#breadcrumb","itemListElement":[{"@type":"ListItem","position":1,"name":"Portada","item":"https:\/\/noticiasmercedinas.com\/site\/"},{"@type":"ListItem","position":2,"name":"Wado De Pedro llam\u00f3 a ponerle un l\u00edmite al gobierno \u201cen las urnas\u201d"}]},{"@type":"WebSite","@id":"https:\/\/noticiasmercedinas.com\/site\/#website","url":"https:\/\/noticiasmercedinas.com\/site\/","name":"NOTICIASMERCEDINAS.COM","description":"Mercedes, Buenos Aires, Argentina","publisher":{"@id":"https:\/\/noticiasmercedinas.com\/site\/#organization"},"potentialAction":[{"@type":"SearchAction","target":{"@type":"EntryPoint","urlTemplate":"https:\/\/noticiasmercedinas.com\/site\/?s={search_term_string}"},"query-input":{"@type":"PropertyValueSpecification","valueRequired":true,"valueName":"search_term_string"}}],"inLanguage":"es"},{"@type":"Organization","@id":"https:\/\/noticiasmercedinas.com\/site\/#organization","name":"NOTICIASMERCEDINAS.COM","url":"https:\/\/noticiasmercedinas.com\/site\/","logo":{"@type":"ImageObject","inLanguage":"es","@id":"https:\/\/noticiasmercedinas.com\/site\/#\/schema\/logo\/image\/","url":"https:\/\/noticiasmercedinas.com\/site\/wp-content\/uploads\/2020\/06\/LOGO-512.jpg","contentUrl":"https:\/\/noticiasmercedinas.com\/site\/wp-content\/uploads\/2020\/06\/LOGO-512.jpg","width":512,"height":512,"caption":"NOTICIASMERCEDINAS.COM"},"image":{"@id":"https:\/\/noticiasmercedinas.com\/site\/#\/schema\/logo\/image\/"},"sameAs":["https:\/\/www.facebook.com\/noticiasmercedinas\/","https:\/\/x.com\/notmercedinas","https:\/\/www.instagram.com\/noticiasmercedinas\/"]},{"@type":"Person","@id":"https:\/\/noticiasmercedinas.com\/site\/#\/schema\/person\/84b59c099c28ff2e8b77d4ceec5d8063","name":"NOTICIASMERCEDINAS.COM","image":{"@type":"ImageObject","inLanguage":"es","@id":"https:\/\/secure.gravatar.com\/avatar\/4dfbf16b4d17945bfb6341b2d19043457132fcf478a5ee04f42e959fd8f5df0a?s=96&d=mm&r=g","url":"https:\/\/secure.gravatar.com\/avatar\/4dfbf16b4d17945bfb6341b2d19043457132fcf478a5ee04f42e959fd8f5df0a?s=96&d=mm&r=g","contentUrl":"https:\/\/secure.gravatar.com\/avatar\/4dfbf16b4d17945bfb6341b2d19043457132fcf478a5ee04f42e959fd8f5df0a?s=96&d=mm&r=g","caption":"NOTICIASMERCEDINAS.COM"},"url":"https:\/\/noticiasmercedinas.com\/site\/author\/anonimo\/"}]}},"amp_enabled":true,"_links":{"self":[{"href":"https:\/\/noticiasmercedinas.com\/site\/wp-json\/wp\/v2\/posts\/165966","targetHints":{"allow":["GET"]}}],"collection":[{"href":"https:\/\/noticiasmercedinas.com\/site\/wp-json\/wp\/v2\/posts"}],"about":[{"href":"https:\/\/noticiasmercedinas.com\/site\/wp-json\/wp\/v2\/types\/post"}],"author":[{"embeddable":true,"href":"https:\/\/noticiasmercedinas.com\/site\/wp-json\/wp\/v2\/users\/16"}],"replies":[{"embeddable":true,"href":"https:\/\/noticiasmercedinas.com\/site\/wp-json\/wp\/v2\/comments?post=165966"}],"version-history":[{"count":1,"href":"https:\/\/noticiasmercedinas.com\/site\/wp-json\/wp\/v2\/posts\/165966\/revisions"}],"predecessor-version":[{"id":165967,"href":"https:\/\/noticiasmercedinas.com\/site\/wp-json\/wp\/v2\/posts\/165966\/revisions\/165967"}],"wp:featuredmedia":[{"embeddable":true,"href":"https:\/\/noticiasmercedinas.com\/site\/wp-json\/wp\/v2\/media\/120792"}],"wp:attachment":[{"href":"https:\/\/noticiasmercedinas.com\/site\/wp-json\/wp\/v2\/media?parent=165966"}],"wp:term":[{"taxonomy":"category","embeddable":true,"href":"https:\/\/noticiasmercedinas.com\/site\/wp-json\/wp\/v2\/categories?post=165966"},{"taxonomy":"post_tag","embeddable":true,"href":"https:\/\/noticiasmercedinas.com\/site\/wp-json\/wp\/v2\/tags?post=165966"}],"curies":[{"name":"wp","href":"https:\/\/api.w.org\/{rel}","templated":true}]}}