{"id":165975,"date":"2025-08-04T17:36:25","date_gmt":"2025-08-04T20:36:25","guid":{"rendered":"https:\/\/noticiasmercedinas.com\/site\/?p=165975"},"modified":"2025-08-04T17:36:25","modified_gmt":"2025-08-04T20:36:25","slug":"mercedinos-en-el-torneo-de-ajedrez-blitz-en-homenaje-a-oscar-sarkis","status":"publish","type":"post","link":"https:\/\/noticiasmercedinas.com\/site\/2025\/08\/04\/mercedinos-en-el-torneo-de-ajedrez-blitz-en-homenaje-a-oscar-sarkis\/","title":{"rendered":"Mercedinos en el torneo de Ajedrez Blitz en homenaje a Oscar Sarkis"},"content":{"rendered":"<figure id=\"attachment_165976\" aria-describedby=\"caption-attachment-165976\" style=\"width: 640px\" class=\"wp-caption alignnone\"><img loading=\"lazy\" decoding=\"async\" class=\"wp-image-165976 size-full\" src=\"https:\/\/noticiasmercedinas.com\/site\/wp-content\/uploads\/2025\/08\/bb6c83e5-eea3-4de0-a48c-7fb637690271.jpeg\" alt=\"\" width=\"640\" height=\"543\" srcset=\"https:\/\/noticiasmercedinas.com\/site\/wp-content\/uploads\/2025\/08\/bb6c83e5-eea3-4de0-a48c-7fb637690271.jpeg 640w, https:\/\/noticiasmercedinas.com\/site\/wp-content\/uploads\/2025\/08\/bb6c83e5-eea3-4de0-a48c-7fb637690271-300x255.jpeg 300w\" sizes=\"auto, (max-width: 640px) 100vw, 640px\" \/><figcaption id=\"caption-attachment-165976\" class=\"wp-caption-text\">Ajedrez en Chivilcoy.<\/figcaption><\/figure>\n<p>El pasado s\u00e1bado 2 se llev\u00f3 a cabo el torneo Blitz Homenaje a Oscar Sarkis en las instalaciones del legendario Club Social y Atl\u00e9tico La Pampa de Chivilcoy, estando todo bajo la organizaci\u00f3n de la subcomisi\u00f3n de ajedrez y el arbitraje del Internacional Ramiro Troilo.<\/p>\n<p>El evento se dividi\u00f3 en dos partes, desde las 15 a las 16 hubo una cl\u00ednica de ajedrez a cargo del Maestro Internacional Hern\u00e1n Filgueira, el cual expuso dos partidas de su propiedad jugadas por la plataforma chess.com con el actual N 2 del mundo, el GM Hikaru Nakamura dejando un marcador de 1-1 contra uno de los jugadores m\u00e1s importantes de la Elite.<\/p>\n<p>Promediando las 16.15 se llev\u00f3 adelante el torneo ritmo Blitz\u00a0 de siete minutos m\u00e1s tres segundos de incremento por jugada bajo el Sistema Suizo a siete rondas el cual cont\u00f3 con la participaci\u00f3n del maestro alcanzando un total de 30 jugadores.<\/p>\n<p>La delegaci\u00f3n mercedina estuvo integrada por: Ezequiel Sanz, Alejandro Altieri, Emanuel G\u00f3mez Padula y Francisco Viola. A continuaci\u00f3n los premios a las categor\u00edas:<\/p>\n<p>Mejor Sub 18 (puesto 12 en la tabla general) para Thiago Herrera con 4\/7 (Chacabuco).<br \/>\nMejor Sub 1900 (puesto 10 en la tabla general) para Emanuel G\u00f3mez Padula\u00a0 con 4\/7 (Mercedes).<\/p>\n<p>3\u00b0 Para el MI Hern\u00e1n Filgueira con 5 \u00bd sobre 7 (Ramos Mej\u00eda).<br \/>\n2\u00b0 Rafael Stefano con 5 \u00bd sobre 7 (Chacabuco).<br \/>\n1\u00b0 Claudio Geloso con 6\/7 (Chacabuco).<\/p>\n","protected":false},"excerpt":{"rendered":"<p>\u25a0 Viajaron hasta Chivilcoy para presenciar primer una cl\u00ednica y luego afrontar el certamen. Emanuel G\u00f3mez Padula fue el destacado entre unos30 participantes.<\/p>\n","protected":false},"author":16,"featured_media":165976,"comment_status":"closed","ping_status":"closed","sticky":false,"template":"","format":"standard","meta":{"footnotes":""},"categories":[5],"tags":[5747,203,20631],"class_list":["post-165975","post","type-post","status-publish","format-standard","has-post-thumbnail","hentry","category-deportes","tag-ajedrez","tag-chivilcoy","tag-club-pampa"],"yoast_head":"<!-- This site is optimized with the Yoast SEO plugin v27.4 - https:\/\/yoast.com\/product\/yoast-seo-wordpress\/ -->\n<title>Mercedinos en el torneo de Ajedrez Blitz en homenaje a Oscar Sarkis<\/title>\n<meta name=\"robots\" content=\"index, follow, max-snippet:-1, max-image-preview:large, max-video-preview:-1\" \/>\n<link rel=\"canonical\" href=\"https:\/\/noticiasmercedinas.com\/site\/2025\/08\/04\/mercedinos-en-el-torneo-de-ajedrez-blitz-en-homenaje-a-oscar-sarkis\/\" \/>\n<meta property=\"og:locale\" content=\"es_ES\" \/>\n<meta property=\"og:type\" content=\"article\" \/>\n<meta property=\"og:title\" content=\"Mercedinos en el torneo de Ajedrez Blitz en homenaje a Oscar Sarkis\" \/>\n<meta property=\"og:description\" content=\"\u25a0 Viajaron hasta Chivilcoy para presenciar primer una cl\u00ednica y luego afrontar el certamen. Emanuel G\u00f3mez Padula fue el destacado entre unos30 participantes.\" \/>\n<meta property=\"og:url\" content=\"https:\/\/noticiasmercedinas.com\/site\/2025\/08\/04\/mercedinos-en-el-torneo-de-ajedrez-blitz-en-homenaje-a-oscar-sarkis\/\" \/>\n<meta property=\"og:site_name\" content=\"NOTICIASMERCEDINAS.COM\" \/>\n<meta property=\"article:publisher\" content=\"https:\/\/www.facebook.com\/noticiasmercedinas\/\" \/>\n<meta property=\"article:published_time\" content=\"2025-08-04T20:36:25+00:00\" \/>\n<meta property=\"og:image\" content=\"https:\/\/noticiasmercedinas.com\/site\/wp-content\/uploads\/2025\/08\/bb6c83e5-eea3-4de0-a48c-7fb637690271.jpeg\" \/>\n\t<meta property=\"og:image:width\" content=\"640\" \/>\n\t<meta property=\"og:image:height\" content=\"543\" \/>\n\t<meta property=\"og:image:type\" content=\"image\/jpeg\" \/>\n<meta name=\"author\" content=\"NOTICIASMERCEDINAS.COM\" \/>\n<meta name=\"twitter:card\" content=\"summary_large_image\" \/>\n<meta name=\"twitter:creator\" content=\"@notmercedinas\" \/>\n<meta name=\"twitter:site\" content=\"@notmercedinas\" \/>\n<meta name=\"twitter:label1\" content=\"Escrito por\" \/>\n\t<meta name=\"twitter:data1\" content=\"NOTICIASMERCEDINAS.COM\" \/>\n\t<meta name=\"twitter:label2\" content=\"Tiempo de lectura\" \/>\n\t<meta name=\"twitter:data2\" content=\"2 minutos\" \/>\n<script type=\"application\/ld+json\" class=\"yoast-schema-graph\">{\"@context\":\"https:\\\/\\\/schema.org\",\"@graph\":[{\"@type\":\"Article\",\"@id\":\"https:\\\/\\\/noticiasmercedinas.com\\\/site\\\/2025\\\/08\\\/04\\\/mercedinos-en-el-torneo-de-ajedrez-blitz-en-homenaje-a-oscar-sarkis\\\/#article\",\"isPartOf\":{\"@id\":\"https:\\\/\\\/noticiasmercedinas.com\\\/site\\\/2025\\\/08\\\/04\\\/mercedinos-en-el-torneo-de-ajedrez-blitz-en-homenaje-a-oscar-sarkis\\\/\"},\"author\":{\"name\":\"NOTICIASMERCEDINAS.COM\",\"@id\":\"https:\\\/\\\/noticiasmercedinas.com\\\/site\\\/#\\\/schema\\\/person\\\/84b59c099c28ff2e8b77d4ceec5d8063\"},\"headline\":\"Mercedinos en el torneo de Ajedrez Blitz en homenaje a Oscar Sarkis\",\"datePublished\":\"2025-08-04T20:36:25+00:00\",\"mainEntityOfPage\":{\"@id\":\"https:\\\/\\\/noticiasmercedinas.com\\\/site\\\/2025\\\/08\\\/04\\\/mercedinos-en-el-torneo-de-ajedrez-blitz-en-homenaje-a-oscar-sarkis\\\/\"},\"wordCount\":249,\"publisher\":{\"@id\":\"https:\\\/\\\/noticiasmercedinas.com\\\/site\\\/#organization\"},\"image\":{\"@id\":\"https:\\\/\\\/noticiasmercedinas.com\\\/site\\\/2025\\\/08\\\/04\\\/mercedinos-en-el-torneo-de-ajedrez-blitz-en-homenaje-a-oscar-sarkis\\\/#primaryimage\"},\"thumbnailUrl\":\"https:\\\/\\\/noticiasmercedinas.com\\\/site\\\/wp-content\\\/uploads\\\/2025\\\/08\\\/bb6c83e5-eea3-4de0-a48c-7fb637690271.jpeg\",\"keywords\":[\"ajedrez\",\"chivilcoy\",\"club pampa\"],\"articleSection\":[\"Deportes\"],\"inLanguage\":\"es\"},{\"@type\":\"WebPage\",\"@id\":\"https:\\\/\\\/noticiasmercedinas.com\\\/site\\\/2025\\\/08\\\/04\\\/mercedinos-en-el-torneo-de-ajedrez-blitz-en-homenaje-a-oscar-sarkis\\\/\",\"url\":\"https:\\\/\\\/noticiasmercedinas.com\\\/site\\\/2025\\\/08\\\/04\\\/mercedinos-en-el-torneo-de-ajedrez-blitz-en-homenaje-a-oscar-sarkis\\\/\",\"name\":\"Mercedinos en el torneo de Ajedrez Blitz en homenaje a Oscar Sarkis\",\"isPartOf\":{\"@id\":\"https:\\\/\\\/noticiasmercedinas.com\\\/site\\\/#website\"},\"primaryImageOfPage\":{\"@id\":\"https:\\\/\\\/noticiasmercedinas.com\\\/site\\\/2025\\\/08\\\/04\\\/mercedinos-en-el-torneo-de-ajedrez-blitz-en-homenaje-a-oscar-sarkis\\\/#primaryimage\"},\"image\":{\"@id\":\"https:\\\/\\\/noticiasmercedinas.com\\\/site\\\/2025\\\/08\\\/04\\\/mercedinos-en-el-torneo-de-ajedrez-blitz-en-homenaje-a-oscar-sarkis\\\/#primaryimage\"},\"thumbnailUrl\":\"https:\\\/\\\/noticiasmercedinas.com\\\/site\\\/wp-content\\\/uploads\\\/2025\\\/08\\\/bb6c83e5-eea3-4de0-a48c-7fb637690271.jpeg\",\"datePublished\":\"2025-08-04T20:36:25+00:00\",\"breadcrumb\":{\"@id\":\"https:\\\/\\\/noticiasmercedinas.com\\\/site\\\/2025\\\/08\\\/04\\\/mercedinos-en-el-torneo-de-ajedrez-blitz-en-homenaje-a-oscar-sarkis\\\/#breadcrumb\"},\"inLanguage\":\"es\",\"potentialAction\":[{\"@type\":\"ReadAction\",\"target\":[\"https:\\\/\\\/noticiasmercedinas.com\\\/site\\\/2025\\\/08\\\/04\\\/mercedinos-en-el-torneo-de-ajedrez-blitz-en-homenaje-a-oscar-sarkis\\\/\"]}]},{\"@type\":\"ImageObject\",\"inLanguage\":\"es\",\"@id\":\"https:\\\/\\\/noticiasmercedinas.com\\\/site\\\/2025\\\/08\\\/04\\\/mercedinos-en-el-torneo-de-ajedrez-blitz-en-homenaje-a-oscar-sarkis\\\/#primaryimage\",\"url\":\"https:\\\/\\\/noticiasmercedinas.com\\\/site\\\/wp-content\\\/uploads\\\/2025\\\/08\\\/bb6c83e5-eea3-4de0-a48c-7fb637690271.jpeg\",\"contentUrl\":\"https:\\\/\\\/noticiasmercedinas.com\\\/site\\\/wp-content\\\/uploads\\\/2025\\\/08\\\/bb6c83e5-eea3-4de0-a48c-7fb637690271.jpeg\",\"width\":640,\"height\":543},{\"@type\":\"BreadcrumbList\",\"@id\":\"https:\\\/\\\/noticiasmercedinas.com\\\/site\\\/2025\\\/08\\\/04\\\/mercedinos-en-el-torneo-de-ajedrez-blitz-en-homenaje-a-oscar-sarkis\\\/#breadcrumb\",\"itemListElement\":[{\"@type\":\"ListItem\",\"position\":1,\"name\":\"Portada\",\"item\":\"https:\\\/\\\/noticiasmercedinas.com\\\/site\\\/\"},{\"@type\":\"ListItem\",\"position\":2,\"name\":\"Mercedinos en el torneo de Ajedrez Blitz en homenaje a Oscar Sarkis\"}]},{\"@type\":\"WebSite\",\"@id\":\"https:\\\/\\\/noticiasmercedinas.com\\\/site\\\/#website\",\"url\":\"https:\\\/\\\/noticiasmercedinas.com\\\/site\\\/\",\"name\":\"NOTICIASMERCEDINAS.COM\",\"description\":\"Mercedes, Buenos Aires, Argentina\",\"publisher\":{\"@id\":\"https:\\\/\\\/noticiasmercedinas.com\\\/site\\\/#organization\"},\"potentialAction\":[{\"@type\":\"SearchAction\",\"target\":{\"@type\":\"EntryPoint\",\"urlTemplate\":\"https:\\\/\\\/noticiasmercedinas.com\\\/site\\\/?s={search_term_string}\"},\"query-input\":{\"@type\":\"PropertyValueSpecification\",\"valueRequired\":true,\"valueName\":\"search_term_string\"}}],\"inLanguage\":\"es\"},{\"@type\":\"Organization\",\"@id\":\"https:\\\/\\\/noticiasmercedinas.com\\\/site\\\/#organization\",\"name\":\"NOTICIASMERCEDINAS.COM\",\"url\":\"https:\\\/\\\/noticiasmercedinas.com\\\/site\\\/\",\"logo\":{\"@type\":\"ImageObject\",\"inLanguage\":\"es\",\"@id\":\"https:\\\/\\\/noticiasmercedinas.com\\\/site\\\/#\\\/schema\\\/logo\\\/image\\\/\",\"url\":\"https:\\\/\\\/noticiasmercedinas.com\\\/site\\\/wp-content\\\/uploads\\\/2020\\\/06\\\/LOGO-512.jpg\",\"contentUrl\":\"https:\\\/\\\/noticiasmercedinas.com\\\/site\\\/wp-content\\\/uploads\\\/2020\\\/06\\\/LOGO-512.jpg\",\"width\":512,\"height\":512,\"caption\":\"NOTICIASMERCEDINAS.COM\"},\"image\":{\"@id\":\"https:\\\/\\\/noticiasmercedinas.com\\\/site\\\/#\\\/schema\\\/logo\\\/image\\\/\"},\"sameAs\":[\"https:\\\/\\\/www.facebook.com\\\/noticiasmercedinas\\\/\",\"https:\\\/\\\/x.com\\\/notmercedinas\",\"https:\\\/\\\/www.instagram.com\\\/noticiasmercedinas\\\/\"]},{\"@type\":\"Person\",\"@id\":\"https:\\\/\\\/noticiasmercedinas.com\\\/site\\\/#\\\/schema\\\/person\\\/84b59c099c28ff2e8b77d4ceec5d8063\",\"name\":\"NOTICIASMERCEDINAS.COM\",\"image\":{\"@type\":\"ImageObject\",\"inLanguage\":\"es\",\"@id\":\"https:\\\/\\\/secure.gravatar.com\\\/avatar\\\/4dfbf16b4d17945bfb6341b2d19043457132fcf478a5ee04f42e959fd8f5df0a?s=96&d=mm&r=g\",\"url\":\"https:\\\/\\\/secure.gravatar.com\\\/avatar\\\/4dfbf16b4d17945bfb6341b2d19043457132fcf478a5ee04f42e959fd8f5df0a?s=96&d=mm&r=g\",\"contentUrl\":\"https:\\\/\\\/secure.gravatar.com\\\/avatar\\\/4dfbf16b4d17945bfb6341b2d19043457132fcf478a5ee04f42e959fd8f5df0a?s=96&d=mm&r=g\",\"caption\":\"NOTICIASMERCEDINAS.COM\"},\"url\":\"https:\\\/\\\/noticiasmercedinas.com\\\/site\\\/author\\\/anonimo\\\/\"}]}<\/script>\n<!-- \/ Yoast SEO plugin. -->","yoast_head_json":{"title":"Mercedinos en el torneo de Ajedrez Blitz en homenaje a Oscar Sarkis","robots":{"index":"index","follow":"follow","max-snippet":"max-snippet:-1","max-image-preview":"max-image-preview:large","max-video-preview":"max-video-preview:-1"},"canonical":"https:\/\/noticiasmercedinas.com\/site\/2025\/08\/04\/mercedinos-en-el-torneo-de-ajedrez-blitz-en-homenaje-a-oscar-sarkis\/","og_locale":"es_ES","og_type":"article","og_title":"Mercedinos en el torneo de Ajedrez Blitz en homenaje a Oscar Sarkis","og_description":"\u25a0 Viajaron hasta Chivilcoy para presenciar primer una cl\u00ednica y luego afrontar el certamen. Emanuel G\u00f3mez Padula fue el destacado entre unos30 participantes.","og_url":"https:\/\/noticiasmercedinas.com\/site\/2025\/08\/04\/mercedinos-en-el-torneo-de-ajedrez-blitz-en-homenaje-a-oscar-sarkis\/","og_site_name":"NOTICIASMERCEDINAS.COM","article_publisher":"https:\/\/www.facebook.com\/noticiasmercedinas\/","article_published_time":"2025-08-04T20:36:25+00:00","og_image":[{"width":640,"height":543,"url":"https:\/\/noticiasmercedinas.com\/site\/wp-content\/uploads\/2025\/08\/bb6c83e5-eea3-4de0-a48c-7fb637690271.jpeg","type":"image\/jpeg"}],"author":"NOTICIASMERCEDINAS.COM","twitter_card":"summary_large_image","twitter_creator":"@notmercedinas","twitter_site":"@notmercedinas","twitter_misc":{"Escrito por":"NOTICIASMERCEDINAS.COM","Tiempo de lectura":"2 minutos"},"schema":{"@context":"https:\/\/schema.org","@graph":[{"@type":"Article","@id":"https:\/\/noticiasmercedinas.com\/site\/2025\/08\/04\/mercedinos-en-el-torneo-de-ajedrez-blitz-en-homenaje-a-oscar-sarkis\/#article","isPartOf":{"@id":"https:\/\/noticiasmercedinas.com\/site\/2025\/08\/04\/mercedinos-en-el-torneo-de-ajedrez-blitz-en-homenaje-a-oscar-sarkis\/"},"author":{"name":"NOTICIASMERCEDINAS.COM","@id":"https:\/\/noticiasmercedinas.com\/site\/#\/schema\/person\/84b59c099c28ff2e8b77d4ceec5d8063"},"headline":"Mercedinos en el torneo de Ajedrez Blitz en homenaje a Oscar Sarkis","datePublished":"2025-08-04T20:36:25+00:00","mainEntityOfPage":{"@id":"https:\/\/noticiasmercedinas.com\/site\/2025\/08\/04\/mercedinos-en-el-torneo-de-ajedrez-blitz-en-homenaje-a-oscar-sarkis\/"},"wordCount":249,"publisher":{"@id":"https:\/\/noticiasmercedinas.com\/site\/#organization"},"image":{"@id":"https:\/\/noticiasmercedinas.com\/site\/2025\/08\/04\/mercedinos-en-el-torneo-de-ajedrez-blitz-en-homenaje-a-oscar-sarkis\/#primaryimage"},"thumbnailUrl":"https:\/\/noticiasmercedinas.com\/site\/wp-content\/uploads\/2025\/08\/bb6c83e5-eea3-4de0-a48c-7fb637690271.jpeg","keywords":["ajedrez","chivilcoy","club pampa"],"articleSection":["Deportes"],"inLanguage":"es"},{"@type":"WebPage","@id":"https:\/\/noticiasmercedinas.com\/site\/2025\/08\/04\/mercedinos-en-el-torneo-de-ajedrez-blitz-en-homenaje-a-oscar-sarkis\/","url":"https:\/\/noticiasmercedinas.com\/site\/2025\/08\/04\/mercedinos-en-el-torneo-de-ajedrez-blitz-en-homenaje-a-oscar-sarkis\/","name":"Mercedinos en el torneo de Ajedrez Blitz en homenaje a Oscar Sarkis","isPartOf":{"@id":"https:\/\/noticiasmercedinas.com\/site\/#website"},"primaryImageOfPage":{"@id":"https:\/\/noticiasmercedinas.com\/site\/2025\/08\/04\/mercedinos-en-el-torneo-de-ajedrez-blitz-en-homenaje-a-oscar-sarkis\/#primaryimage"},"image":{"@id":"https:\/\/noticiasmercedinas.com\/site\/2025\/08\/04\/mercedinos-en-el-torneo-de-ajedrez-blitz-en-homenaje-a-oscar-sarkis\/#primaryimage"},"thumbnailUrl":"https:\/\/noticiasmercedinas.com\/site\/wp-content\/uploads\/2025\/08\/bb6c83e5-eea3-4de0-a48c-7fb637690271.jpeg","datePublished":"2025-08-04T20:36:25+00:00","breadcrumb":{"@id":"https:\/\/noticiasmercedinas.com\/site\/2025\/08\/04\/mercedinos-en-el-torneo-de-ajedrez-blitz-en-homenaje-a-oscar-sarkis\/#breadcrumb"},"inLanguage":"es","potentialAction":[{"@type":"ReadAction","target":["https:\/\/noticiasmercedinas.com\/site\/2025\/08\/04\/mercedinos-en-el-torneo-de-ajedrez-blitz-en-homenaje-a-oscar-sarkis\/"]}]},{"@type":"ImageObject","inLanguage":"es","@id":"https:\/\/noticiasmercedinas.com\/site\/2025\/08\/04\/mercedinos-en-el-torneo-de-ajedrez-blitz-en-homenaje-a-oscar-sarkis\/#primaryimage","url":"https:\/\/noticiasmercedinas.com\/site\/wp-content\/uploads\/2025\/08\/bb6c83e5-eea3-4de0-a48c-7fb637690271.jpeg","contentUrl":"https:\/\/noticiasmercedinas.com\/site\/wp-content\/uploads\/2025\/08\/bb6c83e5-eea3-4de0-a48c-7fb637690271.jpeg","width":640,"height":543},{"@type":"BreadcrumbList","@id":"https:\/\/noticiasmercedinas.com\/site\/2025\/08\/04\/mercedinos-en-el-torneo-de-ajedrez-blitz-en-homenaje-a-oscar-sarkis\/#breadcrumb","itemListElement":[{"@type":"ListItem","position":1,"name":"Portada","item":"https:\/\/noticiasmercedinas.com\/site\/"},{"@type":"ListItem","position":2,"name":"Mercedinos en el torneo de Ajedrez Blitz en homenaje a Oscar Sarkis"}]},{"@type":"WebSite","@id":"https:\/\/noticiasmercedinas.com\/site\/#website","url":"https:\/\/noticiasmercedinas.com\/site\/","name":"NOTICIASMERCEDINAS.COM","description":"Mercedes, Buenos Aires, Argentina","publisher":{"@id":"https:\/\/noticiasmercedinas.com\/site\/#organization"},"potentialAction":[{"@type":"SearchAction","target":{"@type":"EntryPoint","urlTemplate":"https:\/\/noticiasmercedinas.com\/site\/?s={search_term_string}"},"query-input":{"@type":"PropertyValueSpecification","valueRequired":true,"valueName":"search_term_string"}}],"inLanguage":"es"},{"@type":"Organization","@id":"https:\/\/noticiasmercedinas.com\/site\/#organization","name":"NOTICIASMERCEDINAS.COM","url":"https:\/\/noticiasmercedinas.com\/site\/","logo":{"@type":"ImageObject","inLanguage":"es","@id":"https:\/\/noticiasmercedinas.com\/site\/#\/schema\/logo\/image\/","url":"https:\/\/noticiasmercedinas.com\/site\/wp-content\/uploads\/2020\/06\/LOGO-512.jpg","contentUrl":"https:\/\/noticiasmercedinas.com\/site\/wp-content\/uploads\/2020\/06\/LOGO-512.jpg","width":512,"height":512,"caption":"NOTICIASMERCEDINAS.COM"},"image":{"@id":"https:\/\/noticiasmercedinas.com\/site\/#\/schema\/logo\/image\/"},"sameAs":["https:\/\/www.facebook.com\/noticiasmercedinas\/","https:\/\/x.com\/notmercedinas","https:\/\/www.instagram.com\/noticiasmercedinas\/"]},{"@type":"Person","@id":"https:\/\/noticiasmercedinas.com\/site\/#\/schema\/person\/84b59c099c28ff2e8b77d4ceec5d8063","name":"NOTICIASMERCEDINAS.COM","image":{"@type":"ImageObject","inLanguage":"es","@id":"https:\/\/secure.gravatar.com\/avatar\/4dfbf16b4d17945bfb6341b2d19043457132fcf478a5ee04f42e959fd8f5df0a?s=96&d=mm&r=g","url":"https:\/\/secure.gravatar.com\/avatar\/4dfbf16b4d17945bfb6341b2d19043457132fcf478a5ee04f42e959fd8f5df0a?s=96&d=mm&r=g","contentUrl":"https:\/\/secure.gravatar.com\/avatar\/4dfbf16b4d17945bfb6341b2d19043457132fcf478a5ee04f42e959fd8f5df0a?s=96&d=mm&r=g","caption":"NOTICIASMERCEDINAS.COM"},"url":"https:\/\/noticiasmercedinas.com\/site\/author\/anonimo\/"}]}},"amp_enabled":true,"_links":{"self":[{"href":"https:\/\/noticiasmercedinas.com\/site\/wp-json\/wp\/v2\/posts\/165975","targetHints":{"allow":["GET"]}}],"collection":[{"href":"https:\/\/noticiasmercedinas.com\/site\/wp-json\/wp\/v2\/posts"}],"about":[{"href":"https:\/\/noticiasmercedinas.com\/site\/wp-json\/wp\/v2\/types\/post"}],"author":[{"embeddable":true,"href":"https:\/\/noticiasmercedinas.com\/site\/wp-json\/wp\/v2\/users\/16"}],"replies":[{"embeddable":true,"href":"https:\/\/noticiasmercedinas.com\/site\/wp-json\/wp\/v2\/comments?post=165975"}],"version-history":[{"count":1,"href":"https:\/\/noticiasmercedinas.com\/site\/wp-json\/wp\/v2\/posts\/165975\/revisions"}],"predecessor-version":[{"id":165977,"href":"https:\/\/noticiasmercedinas.com\/site\/wp-json\/wp\/v2\/posts\/165975\/revisions\/165977"}],"wp:featuredmedia":[{"embeddable":true,"href":"https:\/\/noticiasmercedinas.com\/site\/wp-json\/wp\/v2\/media\/165976"}],"wp:attachment":[{"href":"https:\/\/noticiasmercedinas.com\/site\/wp-json\/wp\/v2\/media?parent=165975"}],"wp:term":[{"taxonomy":"category","embeddable":true,"href":"https:\/\/noticiasmercedinas.com\/site\/wp-json\/wp\/v2\/categories?post=165975"},{"taxonomy":"post_tag","embeddable":true,"href":"https:\/\/noticiasmercedinas.com\/site\/wp-json\/wp\/v2\/tags?post=165975"}],"curies":[{"name":"wp","href":"https:\/\/api.w.org\/{rel}","templated":true}]}}