{"id":166007,"date":"2025-08-05T08:58:18","date_gmt":"2025-08-05T11:58:18","guid":{"rendered":"https:\/\/noticiasmercedinas.com\/site\/?p=166007"},"modified":"2025-08-05T10:01:10","modified_gmt":"2025-08-05T13:01:10","slug":"potencia-mercedes-propone-un-modelo-de-gestion-centrado-en-seguridad-servicios-publicos-y-acceso-a-derechos","status":"publish","type":"post","link":"https:\/\/noticiasmercedinas.com\/site\/2025\/08\/05\/potencia-mercedes-propone-un-modelo-de-gestion-centrado-en-seguridad-servicios-publicos-y-acceso-a-derechos\/","title":{"rendered":"Potencia Mercedes propone un modelo de gesti\u00f3n centrado en seguridad, servicios p\u00fablicos y acceso a derechos"},"content":{"rendered":"<p><img loading=\"lazy\" decoding=\"async\" class=\"alignnone size-full wp-image-166008\" src=\"https:\/\/noticiasmercedinas.com\/site\/wp-content\/uploads\/2025\/08\/POTENCIA.jpg\" alt=\"\" width=\"1065\" height=\"692\" srcset=\"https:\/\/noticiasmercedinas.com\/site\/wp-content\/uploads\/2025\/08\/POTENCIA.jpg 1065w, https:\/\/noticiasmercedinas.com\/site\/wp-content\/uploads\/2025\/08\/POTENCIA-300x194.jpg 300w, https:\/\/noticiasmercedinas.com\/site\/wp-content\/uploads\/2025\/08\/POTENCIA-1024x665.jpg 1024w, https:\/\/noticiasmercedinas.com\/site\/wp-content\/uploads\/2025\/08\/POTENCIA-768x499.jpg 768w, https:\/\/noticiasmercedinas.com\/site\/wp-content\/uploads\/2025\/08\/POTENCIA-640x416.jpg 640w, https:\/\/noticiasmercedinas.com\/site\/wp-content\/uploads\/2025\/08\/POTENCIA-681x442.jpg 681w\" sizes=\"auto, (max-width: 1065px) 100vw, 1065px\" \/><\/p>\n<p>La candidata a concejal <strong>Sandra In\u00e9s Guti\u00e9rrez<\/strong>, integrante de la lista de la alianza Potencia en Mercedes, expres\u00f3 su visi\u00f3n de cara a las elecciones municipales del pr\u00f3ximo 7 de septiembre, donde el espacio busca representaci\u00f3n tanto en el Concejo Deliberante como en el Consejo Escolar. En un mensaje a la ciudadan\u00eda, Guti\u00e9rrez afirm\u00f3: \u201cSi ganan los extremos, ganan ellos. Si vot\u00e1s a Potencia, ganamos todos\u201d.<\/p>\n<p>Desde el espacio remarcan su intenci\u00f3n de representar la voz de los vecinos con propuestas centradas en mejorar la seguridad para las familias, garantizar oportunidades de progreso y fortalecer el acceso al deporte, la educaci\u00f3n y la cultura. \u201cDecimos s\u00ed a la educaci\u00f3n y la cultura, y no a la droga que enferma a nuestros j\u00f3venes\u201d, sostuvo la candidata.<\/p>\n<blockquote><p>\u201cQueremos un municipio donde los reclamos se escuchen, donde las respuestas lleguen y donde cada vecino se sienta atendido\u201d<\/p><\/blockquote>\n<p>Potencia tambi\u00e9n plantea como ejes de su plataforma la mejora de los Centros de Atenci\u00f3n Primaria de la Salud (CAPS) y del sistema de salud p\u00fablica, la priorizaci\u00f3n de obras esenciales como agua potable, cloacas, bacheo, limpieza de zanjas y mejoras en caminos rurales. A esto suman la necesidad de avanzar en soluciones habitacionales concretas y eficaces.<\/p>\n<p>\u201cQueremos un municipio donde los reclamos se escuchen, donde las respuestas lleguen y donde cada vecino se sienta atendido\u201d, se\u00f1alaron desde el espacio, al que definieron como una alternativa a las estructuras tradicionales.<\/p>\n<p>La lista de concejales titulares de Potencia est\u00e1 encabezada por Carlos Alberto Mosso, seguido por Sandra In\u00e9s Guti\u00e9rrez y Daniel Omar Lucero. Para el Consejo Escolar se postulan Carolina Deprati Garay, Bautista Dellepiane Carossino y Karina Noem\u00ed Galluzzo.<\/p>\n","protected":false},"excerpt":{"rendered":"<p>\u25a0 \u201cDecimos s\u00ed a la educaci\u00f3n y la cultura, y no a la droga que enferma a nuestros j\u00f3venes\u201d, sostuvo la candidata Sandra Guti\u00e9rrez. Adem\u00e1s plantean la necesidad de avanzar en soluciones habitacionales concretas y eficaces.<\/p>\n","protected":false},"author":16,"featured_media":166008,"comment_status":"closed","ping_status":"closed","sticky":false,"template":"","format":"standard","meta":{"footnotes":""},"categories":[16],"tags":[668,19953,16999,10466,11094],"class_list":["post-166007","post","type-post","status-publish","format-standard","has-post-thumbnail","hentry","category-politica","tag-carlos-mosso","tag-elecciones-2025","tag-maria-eugenia-talerico","tag-potencia","tag-sandra-gutierrez"],"yoast_head":"<!-- This site is optimized with the Yoast SEO plugin v27.5 - https:\/\/yoast.com\/product\/yoast-seo-wordpress\/ -->\n<title>Potencia Mercedes propone un modelo de gesti\u00f3n centrado en seguridad, servicios p\u00fablicos y acceso a derechos<\/title>\n<meta name=\"description\" content=\"\u201cDecimos s\u00ed a la educaci\u00f3n y la cultura, y no a la droga que enferma a nuestros j\u00f3venes\u201d, sostuvo la candidata Sandra Guti\u00e9rrez. Adem\u00e1s plantean la necesidad de avanzar en soluciones habitacionales concretas y eficaces.\" \/>\n<meta name=\"robots\" content=\"index, follow, max-snippet:-1, max-image-preview:large, max-video-preview:-1\" \/>\n<link rel=\"canonical\" href=\"https:\/\/noticiasmercedinas.com\/site\/2025\/08\/05\/potencia-mercedes-propone-un-modelo-de-gestion-centrado-en-seguridad-servicios-publicos-y-acceso-a-derechos\/\" \/>\n<meta property=\"og:locale\" content=\"es_ES\" \/>\n<meta property=\"og:type\" content=\"article\" \/>\n<meta property=\"og:title\" content=\"Potencia Mercedes propone un modelo de gesti\u00f3n centrado en seguridad, servicios p\u00fablicos y acceso a derechos\" \/>\n<meta property=\"og:description\" content=\"\u201cDecimos s\u00ed a la educaci\u00f3n y la cultura, y no a la droga que enferma a nuestros j\u00f3venes\u201d, sostuvo la candidata Sandra Guti\u00e9rrez. Adem\u00e1s plantean la necesidad de avanzar en soluciones habitacionales concretas y eficaces.\" \/>\n<meta property=\"og:url\" content=\"https:\/\/noticiasmercedinas.com\/site\/2025\/08\/05\/potencia-mercedes-propone-un-modelo-de-gestion-centrado-en-seguridad-servicios-publicos-y-acceso-a-derechos\/\" \/>\n<meta property=\"og:site_name\" content=\"NOTICIASMERCEDINAS.COM\" \/>\n<meta property=\"article:publisher\" content=\"https:\/\/www.facebook.com\/noticiasmercedinas\/\" \/>\n<meta property=\"article:published_time\" content=\"2025-08-05T11:58:18+00:00\" \/>\n<meta property=\"article:modified_time\" content=\"2025-08-05T13:01:10+00:00\" \/>\n<meta property=\"og:image\" content=\"https:\/\/noticiasmercedinas.com\/site\/wp-content\/uploads\/2025\/08\/POTENCIA.jpg\" \/>\n\t<meta property=\"og:image:width\" content=\"1065\" \/>\n\t<meta property=\"og:image:height\" content=\"692\" \/>\n\t<meta property=\"og:image:type\" content=\"image\/jpeg\" \/>\n<meta name=\"author\" content=\"NOTICIASMERCEDINAS.COM\" \/>\n<meta name=\"twitter:card\" content=\"summary_large_image\" \/>\n<meta name=\"twitter:creator\" content=\"@notmercedinas\" \/>\n<meta name=\"twitter:site\" content=\"@notmercedinas\" \/>\n<meta name=\"twitter:label1\" content=\"Escrito por\" \/>\n\t<meta name=\"twitter:data1\" content=\"NOTICIASMERCEDINAS.COM\" \/>\n\t<meta name=\"twitter:label2\" content=\"Tiempo de lectura\" \/>\n\t<meta name=\"twitter:data2\" content=\"2 minutos\" \/>\n<script type=\"application\/ld+json\" class=\"yoast-schema-graph\">{\"@context\":\"https:\\\/\\\/schema.org\",\"@graph\":[{\"@type\":\"Article\",\"@id\":\"https:\\\/\\\/noticiasmercedinas.com\\\/site\\\/2025\\\/08\\\/05\\\/potencia-mercedes-propone-un-modelo-de-gestion-centrado-en-seguridad-servicios-publicos-y-acceso-a-derechos\\\/#article\",\"isPartOf\":{\"@id\":\"https:\\\/\\\/noticiasmercedinas.com\\\/site\\\/2025\\\/08\\\/05\\\/potencia-mercedes-propone-un-modelo-de-gestion-centrado-en-seguridad-servicios-publicos-y-acceso-a-derechos\\\/\"},\"author\":{\"name\":\"NOTICIASMERCEDINAS.COM\",\"@id\":\"https:\\\/\\\/noticiasmercedinas.com\\\/site\\\/#\\\/schema\\\/person\\\/84b59c099c28ff2e8b77d4ceec5d8063\"},\"headline\":\"Potencia Mercedes propone un modelo de gesti\u00f3n centrado en seguridad, servicios p\u00fablicos y acceso a derechos\",\"datePublished\":\"2025-08-05T11:58:18+00:00\",\"dateModified\":\"2025-08-05T13:01:10+00:00\",\"mainEntityOfPage\":{\"@id\":\"https:\\\/\\\/noticiasmercedinas.com\\\/site\\\/2025\\\/08\\\/05\\\/potencia-mercedes-propone-un-modelo-de-gestion-centrado-en-seguridad-servicios-publicos-y-acceso-a-derechos\\\/\"},\"wordCount\":308,\"publisher\":{\"@id\":\"https:\\\/\\\/noticiasmercedinas.com\\\/site\\\/#organization\"},\"image\":{\"@id\":\"https:\\\/\\\/noticiasmercedinas.com\\\/site\\\/2025\\\/08\\\/05\\\/potencia-mercedes-propone-un-modelo-de-gestion-centrado-en-seguridad-servicios-publicos-y-acceso-a-derechos\\\/#primaryimage\"},\"thumbnailUrl\":\"https:\\\/\\\/noticiasmercedinas.com\\\/site\\\/wp-content\\\/uploads\\\/2025\\\/08\\\/POTENCIA.jpg\",\"keywords\":[\"carlos mosso\",\"elecciones 2025\",\"maria eugenia talerico\",\"potencia\",\"sandra gutierrez\"],\"articleSection\":[\"Politica\"],\"inLanguage\":\"es\"},{\"@type\":\"WebPage\",\"@id\":\"https:\\\/\\\/noticiasmercedinas.com\\\/site\\\/2025\\\/08\\\/05\\\/potencia-mercedes-propone-un-modelo-de-gestion-centrado-en-seguridad-servicios-publicos-y-acceso-a-derechos\\\/\",\"url\":\"https:\\\/\\\/noticiasmercedinas.com\\\/site\\\/2025\\\/08\\\/05\\\/potencia-mercedes-propone-un-modelo-de-gestion-centrado-en-seguridad-servicios-publicos-y-acceso-a-derechos\\\/\",\"name\":\"Potencia Mercedes propone un modelo de gesti\u00f3n centrado en seguridad, servicios p\u00fablicos y acceso a derechos\",\"isPartOf\":{\"@id\":\"https:\\\/\\\/noticiasmercedinas.com\\\/site\\\/#website\"},\"primaryImageOfPage\":{\"@id\":\"https:\\\/\\\/noticiasmercedinas.com\\\/site\\\/2025\\\/08\\\/05\\\/potencia-mercedes-propone-un-modelo-de-gestion-centrado-en-seguridad-servicios-publicos-y-acceso-a-derechos\\\/#primaryimage\"},\"image\":{\"@id\":\"https:\\\/\\\/noticiasmercedinas.com\\\/site\\\/2025\\\/08\\\/05\\\/potencia-mercedes-propone-un-modelo-de-gestion-centrado-en-seguridad-servicios-publicos-y-acceso-a-derechos\\\/#primaryimage\"},\"thumbnailUrl\":\"https:\\\/\\\/noticiasmercedinas.com\\\/site\\\/wp-content\\\/uploads\\\/2025\\\/08\\\/POTENCIA.jpg\",\"datePublished\":\"2025-08-05T11:58:18+00:00\",\"dateModified\":\"2025-08-05T13:01:10+00:00\",\"description\":\"\u201cDecimos s\u00ed a la educaci\u00f3n y la cultura, y no a la droga que enferma a nuestros j\u00f3venes\u201d, sostuvo la candidata Sandra Guti\u00e9rrez. Adem\u00e1s plantean la necesidad de avanzar en soluciones habitacionales concretas y eficaces.\",\"breadcrumb\":{\"@id\":\"https:\\\/\\\/noticiasmercedinas.com\\\/site\\\/2025\\\/08\\\/05\\\/potencia-mercedes-propone-un-modelo-de-gestion-centrado-en-seguridad-servicios-publicos-y-acceso-a-derechos\\\/#breadcrumb\"},\"inLanguage\":\"es\",\"potentialAction\":[{\"@type\":\"ReadAction\",\"target\":[\"https:\\\/\\\/noticiasmercedinas.com\\\/site\\\/2025\\\/08\\\/05\\\/potencia-mercedes-propone-un-modelo-de-gestion-centrado-en-seguridad-servicios-publicos-y-acceso-a-derechos\\\/\"]}]},{\"@type\":\"ImageObject\",\"inLanguage\":\"es\",\"@id\":\"https:\\\/\\\/noticiasmercedinas.com\\\/site\\\/2025\\\/08\\\/05\\\/potencia-mercedes-propone-un-modelo-de-gestion-centrado-en-seguridad-servicios-publicos-y-acceso-a-derechos\\\/#primaryimage\",\"url\":\"https:\\\/\\\/noticiasmercedinas.com\\\/site\\\/wp-content\\\/uploads\\\/2025\\\/08\\\/POTENCIA.jpg\",\"contentUrl\":\"https:\\\/\\\/noticiasmercedinas.com\\\/site\\\/wp-content\\\/uploads\\\/2025\\\/08\\\/POTENCIA.jpg\",\"width\":1065,\"height\":692},{\"@type\":\"BreadcrumbList\",\"@id\":\"https:\\\/\\\/noticiasmercedinas.com\\\/site\\\/2025\\\/08\\\/05\\\/potencia-mercedes-propone-un-modelo-de-gestion-centrado-en-seguridad-servicios-publicos-y-acceso-a-derechos\\\/#breadcrumb\",\"itemListElement\":[{\"@type\":\"ListItem\",\"position\":1,\"name\":\"Portada\",\"item\":\"https:\\\/\\\/noticiasmercedinas.com\\\/site\\\/\"},{\"@type\":\"ListItem\",\"position\":2,\"name\":\"Potencia Mercedes propone un modelo de gesti\u00f3n centrado en seguridad, servicios p\u00fablicos y acceso a derechos\"}]},{\"@type\":\"WebSite\",\"@id\":\"https:\\\/\\\/noticiasmercedinas.com\\\/site\\\/#website\",\"url\":\"https:\\\/\\\/noticiasmercedinas.com\\\/site\\\/\",\"name\":\"NOTICIASMERCEDINAS.COM\",\"description\":\"Mercedes, Buenos Aires, Argentina\",\"publisher\":{\"@id\":\"https:\\\/\\\/noticiasmercedinas.com\\\/site\\\/#organization\"},\"potentialAction\":[{\"@type\":\"SearchAction\",\"target\":{\"@type\":\"EntryPoint\",\"urlTemplate\":\"https:\\\/\\\/noticiasmercedinas.com\\\/site\\\/?s={search_term_string}\"},\"query-input\":{\"@type\":\"PropertyValueSpecification\",\"valueRequired\":true,\"valueName\":\"search_term_string\"}}],\"inLanguage\":\"es\"},{\"@type\":\"Organization\",\"@id\":\"https:\\\/\\\/noticiasmercedinas.com\\\/site\\\/#organization\",\"name\":\"NOTICIASMERCEDINAS.COM\",\"url\":\"https:\\\/\\\/noticiasmercedinas.com\\\/site\\\/\",\"logo\":{\"@type\":\"ImageObject\",\"inLanguage\":\"es\",\"@id\":\"https:\\\/\\\/noticiasmercedinas.com\\\/site\\\/#\\\/schema\\\/logo\\\/image\\\/\",\"url\":\"https:\\\/\\\/noticiasmercedinas.com\\\/site\\\/wp-content\\\/uploads\\\/2020\\\/06\\\/LOGO-512.jpg\",\"contentUrl\":\"https:\\\/\\\/noticiasmercedinas.com\\\/site\\\/wp-content\\\/uploads\\\/2020\\\/06\\\/LOGO-512.jpg\",\"width\":512,\"height\":512,\"caption\":\"NOTICIASMERCEDINAS.COM\"},\"image\":{\"@id\":\"https:\\\/\\\/noticiasmercedinas.com\\\/site\\\/#\\\/schema\\\/logo\\\/image\\\/\"},\"sameAs\":[\"https:\\\/\\\/www.facebook.com\\\/noticiasmercedinas\\\/\",\"https:\\\/\\\/x.com\\\/notmercedinas\",\"https:\\\/\\\/www.instagram.com\\\/noticiasmercedinas\\\/\"]},{\"@type\":\"Person\",\"@id\":\"https:\\\/\\\/noticiasmercedinas.com\\\/site\\\/#\\\/schema\\\/person\\\/84b59c099c28ff2e8b77d4ceec5d8063\",\"name\":\"NOTICIASMERCEDINAS.COM\",\"image\":{\"@type\":\"ImageObject\",\"inLanguage\":\"es\",\"@id\":\"https:\\\/\\\/secure.gravatar.com\\\/avatar\\\/4dfbf16b4d17945bfb6341b2d19043457132fcf478a5ee04f42e959fd8f5df0a?s=96&d=mm&r=g\",\"url\":\"https:\\\/\\\/secure.gravatar.com\\\/avatar\\\/4dfbf16b4d17945bfb6341b2d19043457132fcf478a5ee04f42e959fd8f5df0a?s=96&d=mm&r=g\",\"contentUrl\":\"https:\\\/\\\/secure.gravatar.com\\\/avatar\\\/4dfbf16b4d17945bfb6341b2d19043457132fcf478a5ee04f42e959fd8f5df0a?s=96&d=mm&r=g\",\"caption\":\"NOTICIASMERCEDINAS.COM\"},\"url\":\"https:\\\/\\\/noticiasmercedinas.com\\\/site\\\/author\\\/anonimo\\\/\"}]}<\/script>\n<!-- \/ Yoast SEO plugin. -->","yoast_head_json":{"title":"Potencia Mercedes propone un modelo de gesti\u00f3n centrado en seguridad, servicios p\u00fablicos y acceso a derechos","description":"\u201cDecimos s\u00ed a la educaci\u00f3n y la cultura, y no a la droga que enferma a nuestros j\u00f3venes\u201d, sostuvo la candidata Sandra Guti\u00e9rrez. Adem\u00e1s plantean la necesidad de avanzar en soluciones habitacionales concretas y eficaces.","robots":{"index":"index","follow":"follow","max-snippet":"max-snippet:-1","max-image-preview":"max-image-preview:large","max-video-preview":"max-video-preview:-1"},"canonical":"https:\/\/noticiasmercedinas.com\/site\/2025\/08\/05\/potencia-mercedes-propone-un-modelo-de-gestion-centrado-en-seguridad-servicios-publicos-y-acceso-a-derechos\/","og_locale":"es_ES","og_type":"article","og_title":"Potencia Mercedes propone un modelo de gesti\u00f3n centrado en seguridad, servicios p\u00fablicos y acceso a derechos","og_description":"\u201cDecimos s\u00ed a la educaci\u00f3n y la cultura, y no a la droga que enferma a nuestros j\u00f3venes\u201d, sostuvo la candidata Sandra Guti\u00e9rrez. Adem\u00e1s plantean la necesidad de avanzar en soluciones habitacionales concretas y eficaces.","og_url":"https:\/\/noticiasmercedinas.com\/site\/2025\/08\/05\/potencia-mercedes-propone-un-modelo-de-gestion-centrado-en-seguridad-servicios-publicos-y-acceso-a-derechos\/","og_site_name":"NOTICIASMERCEDINAS.COM","article_publisher":"https:\/\/www.facebook.com\/noticiasmercedinas\/","article_published_time":"2025-08-05T11:58:18+00:00","article_modified_time":"2025-08-05T13:01:10+00:00","og_image":[{"width":1065,"height":692,"url":"https:\/\/noticiasmercedinas.com\/site\/wp-content\/uploads\/2025\/08\/POTENCIA.jpg","type":"image\/jpeg"}],"author":"NOTICIASMERCEDINAS.COM","twitter_card":"summary_large_image","twitter_creator":"@notmercedinas","twitter_site":"@notmercedinas","twitter_misc":{"Escrito por":"NOTICIASMERCEDINAS.COM","Tiempo de lectura":"2 minutos"},"schema":{"@context":"https:\/\/schema.org","@graph":[{"@type":"Article","@id":"https:\/\/noticiasmercedinas.com\/site\/2025\/08\/05\/potencia-mercedes-propone-un-modelo-de-gestion-centrado-en-seguridad-servicios-publicos-y-acceso-a-derechos\/#article","isPartOf":{"@id":"https:\/\/noticiasmercedinas.com\/site\/2025\/08\/05\/potencia-mercedes-propone-un-modelo-de-gestion-centrado-en-seguridad-servicios-publicos-y-acceso-a-derechos\/"},"author":{"name":"NOTICIASMERCEDINAS.COM","@id":"https:\/\/noticiasmercedinas.com\/site\/#\/schema\/person\/84b59c099c28ff2e8b77d4ceec5d8063"},"headline":"Potencia Mercedes propone un modelo de gesti\u00f3n centrado en seguridad, servicios p\u00fablicos y acceso a derechos","datePublished":"2025-08-05T11:58:18+00:00","dateModified":"2025-08-05T13:01:10+00:00","mainEntityOfPage":{"@id":"https:\/\/noticiasmercedinas.com\/site\/2025\/08\/05\/potencia-mercedes-propone-un-modelo-de-gestion-centrado-en-seguridad-servicios-publicos-y-acceso-a-derechos\/"},"wordCount":308,"publisher":{"@id":"https:\/\/noticiasmercedinas.com\/site\/#organization"},"image":{"@id":"https:\/\/noticiasmercedinas.com\/site\/2025\/08\/05\/potencia-mercedes-propone-un-modelo-de-gestion-centrado-en-seguridad-servicios-publicos-y-acceso-a-derechos\/#primaryimage"},"thumbnailUrl":"https:\/\/noticiasmercedinas.com\/site\/wp-content\/uploads\/2025\/08\/POTENCIA.jpg","keywords":["carlos mosso","elecciones 2025","maria eugenia talerico","potencia","sandra gutierrez"],"articleSection":["Politica"],"inLanguage":"es"},{"@type":"WebPage","@id":"https:\/\/noticiasmercedinas.com\/site\/2025\/08\/05\/potencia-mercedes-propone-un-modelo-de-gestion-centrado-en-seguridad-servicios-publicos-y-acceso-a-derechos\/","url":"https:\/\/noticiasmercedinas.com\/site\/2025\/08\/05\/potencia-mercedes-propone-un-modelo-de-gestion-centrado-en-seguridad-servicios-publicos-y-acceso-a-derechos\/","name":"Potencia Mercedes propone un modelo de gesti\u00f3n centrado en seguridad, servicios p\u00fablicos y acceso a derechos","isPartOf":{"@id":"https:\/\/noticiasmercedinas.com\/site\/#website"},"primaryImageOfPage":{"@id":"https:\/\/noticiasmercedinas.com\/site\/2025\/08\/05\/potencia-mercedes-propone-un-modelo-de-gestion-centrado-en-seguridad-servicios-publicos-y-acceso-a-derechos\/#primaryimage"},"image":{"@id":"https:\/\/noticiasmercedinas.com\/site\/2025\/08\/05\/potencia-mercedes-propone-un-modelo-de-gestion-centrado-en-seguridad-servicios-publicos-y-acceso-a-derechos\/#primaryimage"},"thumbnailUrl":"https:\/\/noticiasmercedinas.com\/site\/wp-content\/uploads\/2025\/08\/POTENCIA.jpg","datePublished":"2025-08-05T11:58:18+00:00","dateModified":"2025-08-05T13:01:10+00:00","description":"\u201cDecimos s\u00ed a la educaci\u00f3n y la cultura, y no a la droga que enferma a nuestros j\u00f3venes\u201d, sostuvo la candidata Sandra Guti\u00e9rrez. Adem\u00e1s plantean la necesidad de avanzar en soluciones habitacionales concretas y eficaces.","breadcrumb":{"@id":"https:\/\/noticiasmercedinas.com\/site\/2025\/08\/05\/potencia-mercedes-propone-un-modelo-de-gestion-centrado-en-seguridad-servicios-publicos-y-acceso-a-derechos\/#breadcrumb"},"inLanguage":"es","potentialAction":[{"@type":"ReadAction","target":["https:\/\/noticiasmercedinas.com\/site\/2025\/08\/05\/potencia-mercedes-propone-un-modelo-de-gestion-centrado-en-seguridad-servicios-publicos-y-acceso-a-derechos\/"]}]},{"@type":"ImageObject","inLanguage":"es","@id":"https:\/\/noticiasmercedinas.com\/site\/2025\/08\/05\/potencia-mercedes-propone-un-modelo-de-gestion-centrado-en-seguridad-servicios-publicos-y-acceso-a-derechos\/#primaryimage","url":"https:\/\/noticiasmercedinas.com\/site\/wp-content\/uploads\/2025\/08\/POTENCIA.jpg","contentUrl":"https:\/\/noticiasmercedinas.com\/site\/wp-content\/uploads\/2025\/08\/POTENCIA.jpg","width":1065,"height":692},{"@type":"BreadcrumbList","@id":"https:\/\/noticiasmercedinas.com\/site\/2025\/08\/05\/potencia-mercedes-propone-un-modelo-de-gestion-centrado-en-seguridad-servicios-publicos-y-acceso-a-derechos\/#breadcrumb","itemListElement":[{"@type":"ListItem","position":1,"name":"Portada","item":"https:\/\/noticiasmercedinas.com\/site\/"},{"@type":"ListItem","position":2,"name":"Potencia Mercedes propone un modelo de gesti\u00f3n centrado en seguridad, servicios p\u00fablicos y acceso a derechos"}]},{"@type":"WebSite","@id":"https:\/\/noticiasmercedinas.com\/site\/#website","url":"https:\/\/noticiasmercedinas.com\/site\/","name":"NOTICIASMERCEDINAS.COM","description":"Mercedes, Buenos Aires, Argentina","publisher":{"@id":"https:\/\/noticiasmercedinas.com\/site\/#organization"},"potentialAction":[{"@type":"SearchAction","target":{"@type":"EntryPoint","urlTemplate":"https:\/\/noticiasmercedinas.com\/site\/?s={search_term_string}"},"query-input":{"@type":"PropertyValueSpecification","valueRequired":true,"valueName":"search_term_string"}}],"inLanguage":"es"},{"@type":"Organization","@id":"https:\/\/noticiasmercedinas.com\/site\/#organization","name":"NOTICIASMERCEDINAS.COM","url":"https:\/\/noticiasmercedinas.com\/site\/","logo":{"@type":"ImageObject","inLanguage":"es","@id":"https:\/\/noticiasmercedinas.com\/site\/#\/schema\/logo\/image\/","url":"https:\/\/noticiasmercedinas.com\/site\/wp-content\/uploads\/2020\/06\/LOGO-512.jpg","contentUrl":"https:\/\/noticiasmercedinas.com\/site\/wp-content\/uploads\/2020\/06\/LOGO-512.jpg","width":512,"height":512,"caption":"NOTICIASMERCEDINAS.COM"},"image":{"@id":"https:\/\/noticiasmercedinas.com\/site\/#\/schema\/logo\/image\/"},"sameAs":["https:\/\/www.facebook.com\/noticiasmercedinas\/","https:\/\/x.com\/notmercedinas","https:\/\/www.instagram.com\/noticiasmercedinas\/"]},{"@type":"Person","@id":"https:\/\/noticiasmercedinas.com\/site\/#\/schema\/person\/84b59c099c28ff2e8b77d4ceec5d8063","name":"NOTICIASMERCEDINAS.COM","image":{"@type":"ImageObject","inLanguage":"es","@id":"https:\/\/secure.gravatar.com\/avatar\/4dfbf16b4d17945bfb6341b2d19043457132fcf478a5ee04f42e959fd8f5df0a?s=96&d=mm&r=g","url":"https:\/\/secure.gravatar.com\/avatar\/4dfbf16b4d17945bfb6341b2d19043457132fcf478a5ee04f42e959fd8f5df0a?s=96&d=mm&r=g","contentUrl":"https:\/\/secure.gravatar.com\/avatar\/4dfbf16b4d17945bfb6341b2d19043457132fcf478a5ee04f42e959fd8f5df0a?s=96&d=mm&r=g","caption":"NOTICIASMERCEDINAS.COM"},"url":"https:\/\/noticiasmercedinas.com\/site\/author\/anonimo\/"}]}},"amp_enabled":true,"_links":{"self":[{"href":"https:\/\/noticiasmercedinas.com\/site\/wp-json\/wp\/v2\/posts\/166007","targetHints":{"allow":["GET"]}}],"collection":[{"href":"https:\/\/noticiasmercedinas.com\/site\/wp-json\/wp\/v2\/posts"}],"about":[{"href":"https:\/\/noticiasmercedinas.com\/site\/wp-json\/wp\/v2\/types\/post"}],"author":[{"embeddable":true,"href":"https:\/\/noticiasmercedinas.com\/site\/wp-json\/wp\/v2\/users\/16"}],"replies":[{"embeddable":true,"href":"https:\/\/noticiasmercedinas.com\/site\/wp-json\/wp\/v2\/comments?post=166007"}],"version-history":[{"count":1,"href":"https:\/\/noticiasmercedinas.com\/site\/wp-json\/wp\/v2\/posts\/166007\/revisions"}],"predecessor-version":[{"id":166009,"href":"https:\/\/noticiasmercedinas.com\/site\/wp-json\/wp\/v2\/posts\/166007\/revisions\/166009"}],"wp:featuredmedia":[{"embeddable":true,"href":"https:\/\/noticiasmercedinas.com\/site\/wp-json\/wp\/v2\/media\/166008"}],"wp:attachment":[{"href":"https:\/\/noticiasmercedinas.com\/site\/wp-json\/wp\/v2\/media?parent=166007"}],"wp:term":[{"taxonomy":"category","embeddable":true,"href":"https:\/\/noticiasmercedinas.com\/site\/wp-json\/wp\/v2\/categories?post=166007"},{"taxonomy":"post_tag","embeddable":true,"href":"https:\/\/noticiasmercedinas.com\/site\/wp-json\/wp\/v2\/tags?post=166007"}],"curies":[{"name":"wp","href":"https:\/\/api.w.org\/{rel}","templated":true}]}}