{"id":166041,"date":"2025-08-05T15:09:16","date_gmt":"2025-08-05T18:09:16","guid":{"rendered":"https:\/\/noticiasmercedinas.com\/site\/?p=166041"},"modified":"2025-08-05T15:43:50","modified_gmt":"2025-08-05T18:43:50","slug":"centro-radical-1983-expreso-su-apoyo-a-somos-buenos-aires-y-cuestiono-a-los-discursos-extremos","status":"publish","type":"post","link":"https:\/\/noticiasmercedinas.com\/site\/2025\/08\/05\/centro-radical-1983-expreso-su-apoyo-a-somos-buenos-aires-y-cuestiono-a-los-discursos-extremos\/","title":{"rendered":"Centro Radical 1983 expres\u00f3 su apoyo a \u00abSomos Buenos Aires\u00bb y cuestion\u00f3 a los discursos extremos"},"content":{"rendered":"<p><img loading=\"lazy\" decoding=\"async\" class=\"alignnone size-full wp-image-163299\" src=\"https:\/\/noticiasmercedinas.com\/site\/wp-content\/uploads\/2025\/07\/1983.jpg\" alt=\"\" width=\"927\" height=\"595\" srcset=\"https:\/\/noticiasmercedinas.com\/site\/wp-content\/uploads\/2025\/07\/1983.jpg 927w, https:\/\/noticiasmercedinas.com\/site\/wp-content\/uploads\/2025\/07\/1983-300x194.jpg 300w, https:\/\/noticiasmercedinas.com\/site\/wp-content\/uploads\/2025\/07\/1983-768x493.jpg 768w, https:\/\/noticiasmercedinas.com\/site\/wp-content\/uploads\/2025\/07\/1983-640x411.jpg 640w, https:\/\/noticiasmercedinas.com\/site\/wp-content\/uploads\/2025\/07\/1983-681x437.jpg 681w\" sizes=\"auto, (max-width: 927px) 100vw, 927px\" \/><\/p>\n<p>El Centro Radical 1983 difundi\u00f3 un comunicado en el que manifest\u00f3 su respaldo a la construcci\u00f3n pol\u00edtica de \u201cSomos Buenos Aires\u201d, a la que considera una alternativa democr\u00e1tica frente a la polarizaci\u00f3n actual. En el texto, el espacio expres\u00f3 su rechazo tanto al populismo clientelar del kirchnerismo como al individualismo antiestatista del modelo libertario.<\/p>\n<p>La agrupaci\u00f3n sostuvo que la iniciativa busca representar un camino de equilibrio, lejos de los extremos que, seg\u00fan indicaron, \u00abempobrecen el debate p\u00fablico\u00bb y alimentan el enojo social sin ofrecer propuestas s\u00f3lidas. En ese sentido, apuntaron contra \u201cla l\u00f3gica antiproductivista\u201d del discurso libertario y la fragmentaci\u00f3n del sistema pol\u00edtico.<\/p>\n<p>Desde el Centro Radical 1983 reafirmaron la necesidad de una nueva expresi\u00f3n pol\u00edtica que convoque desde el compromiso democr\u00e1tico, con valores como el republicanismo, el respeto institucional, la igualdad de oportunidades y el desarrollo con justicia social, pero sin caer en dogmatismos ni medidas regresivas.<\/p>\n<p>Adem\u00e1s, el comunicado incluye un rechazo expl\u00edcito a las candidaturas testimoniales presentadas en la provincia de Buenos Aires, a las que califican como una \u201cforma de enga\u00f1o a la ciudadan\u00eda\u201d que profundiza el descreimiento social y debilita la representaci\u00f3n democr\u00e1tica.<\/p>\n<p>Con esta posici\u00f3n, el Centro Radical 1983 se suma a los sectores que buscan reconfigurar el espacio pol\u00edtico bonaerense con propuestas superadoras, en un contexto de creciente fragmentaci\u00f3n y desgaste de las formas tradicionales de representaci\u00f3n.<\/p>\n","protected":false},"excerpt":{"rendered":"<p>\u25a0 El espacio expres\u00f3 su rechazo tanto al populismo clientelar del kirchnerismo como al individualismo antiestatista del modelo libertario. Y llama a  votar a la lista local de Somoss <\/p>\n","protected":false},"author":16,"featured_media":163299,"comment_status":"closed","ping_status":"closed","sticky":false,"template":"","format":"standard","meta":{"footnotes":""},"categories":[2,16],"tags":[20254,19953,20510,1002],"class_list":["post-166041","post","type-post","status-publish","format-standard","has-post-thumbnail","hentry","category-featured","category-politica","tag-centro-radical-1983","tag-elecciones-2025","tag-somos-buenos-aires","tag-ucr"],"yoast_head":"<!-- This site is optimized with the Yoast SEO plugin v27.5 - https:\/\/yoast.com\/product\/yoast-seo-wordpress\/ -->\n<title>Centro Radical 1983 expres\u00f3 su apoyo a &quot;Somos Buenos Aires&quot; y cuestion\u00f3 a los discursos extremos<\/title>\n<meta name=\"description\" content=\"El espacio expres\u00f3 su rechazo tanto al populismo clientelar del kirchnerismo como al individualismo antiestatista del modelo libertario\" \/>\n<meta name=\"robots\" content=\"index, follow, max-snippet:-1, max-image-preview:large, max-video-preview:-1\" \/>\n<link rel=\"canonical\" href=\"https:\/\/noticiasmercedinas.com\/site\/2025\/08\/05\/centro-radical-1983-expreso-su-apoyo-a-somos-buenos-aires-y-cuestiono-a-los-discursos-extremos\/\" \/>\n<meta property=\"og:locale\" content=\"es_ES\" \/>\n<meta property=\"og:type\" content=\"article\" \/>\n<meta property=\"og:title\" content=\"Centro Radical 1983 expres\u00f3 su apoyo a &quot;Somos Buenos Aires&quot; y cuestion\u00f3 a los discursos extremos\" \/>\n<meta property=\"og:description\" content=\"El espacio expres\u00f3 su rechazo tanto al populismo clientelar del kirchnerismo como al individualismo antiestatista del modelo libertario\" \/>\n<meta property=\"og:url\" content=\"https:\/\/noticiasmercedinas.com\/site\/2025\/08\/05\/centro-radical-1983-expreso-su-apoyo-a-somos-buenos-aires-y-cuestiono-a-los-discursos-extremos\/\" \/>\n<meta property=\"og:site_name\" content=\"NOTICIASMERCEDINAS.COM\" \/>\n<meta property=\"article:publisher\" content=\"https:\/\/www.facebook.com\/noticiasmercedinas\/\" \/>\n<meta property=\"article:published_time\" content=\"2025-08-05T18:09:16+00:00\" \/>\n<meta property=\"article:modified_time\" content=\"2025-08-05T18:43:50+00:00\" \/>\n<meta property=\"og:image\" content=\"https:\/\/noticiasmercedinas.com\/site\/wp-content\/uploads\/2025\/07\/1983.jpg\" \/>\n\t<meta property=\"og:image:width\" content=\"927\" \/>\n\t<meta property=\"og:image:height\" content=\"595\" \/>\n\t<meta property=\"og:image:type\" content=\"image\/jpeg\" \/>\n<meta name=\"author\" content=\"NOTICIASMERCEDINAS.COM\" \/>\n<meta name=\"twitter:card\" content=\"summary_large_image\" \/>\n<meta name=\"twitter:creator\" content=\"@notmercedinas\" \/>\n<meta name=\"twitter:site\" content=\"@notmercedinas\" \/>\n<meta name=\"twitter:label1\" content=\"Escrito por\" \/>\n\t<meta name=\"twitter:data1\" content=\"NOTICIASMERCEDINAS.COM\" \/>\n\t<meta name=\"twitter:label2\" content=\"Tiempo de lectura\" \/>\n\t<meta name=\"twitter:data2\" content=\"2 minutos\" \/>\n<script type=\"application\/ld+json\" class=\"yoast-schema-graph\">{\"@context\":\"https:\\\/\\\/schema.org\",\"@graph\":[{\"@type\":\"Article\",\"@id\":\"https:\\\/\\\/noticiasmercedinas.com\\\/site\\\/2025\\\/08\\\/05\\\/centro-radical-1983-expreso-su-apoyo-a-somos-buenos-aires-y-cuestiono-a-los-discursos-extremos\\\/#article\",\"isPartOf\":{\"@id\":\"https:\\\/\\\/noticiasmercedinas.com\\\/site\\\/2025\\\/08\\\/05\\\/centro-radical-1983-expreso-su-apoyo-a-somos-buenos-aires-y-cuestiono-a-los-discursos-extremos\\\/\"},\"author\":{\"name\":\"NOTICIASMERCEDINAS.COM\",\"@id\":\"https:\\\/\\\/noticiasmercedinas.com\\\/site\\\/#\\\/schema\\\/person\\\/84b59c099c28ff2e8b77d4ceec5d8063\"},\"headline\":\"Centro Radical 1983 expres\u00f3 su apoyo a \u00abSomos Buenos Aires\u00bb y cuestion\u00f3 a los discursos extremos\",\"datePublished\":\"2025-08-05T18:09:16+00:00\",\"dateModified\":\"2025-08-05T18:43:50+00:00\",\"mainEntityOfPage\":{\"@id\":\"https:\\\/\\\/noticiasmercedinas.com\\\/site\\\/2025\\\/08\\\/05\\\/centro-radical-1983-expreso-su-apoyo-a-somos-buenos-aires-y-cuestiono-a-los-discursos-extremos\\\/\"},\"wordCount\":260,\"publisher\":{\"@id\":\"https:\\\/\\\/noticiasmercedinas.com\\\/site\\\/#organization\"},\"image\":{\"@id\":\"https:\\\/\\\/noticiasmercedinas.com\\\/site\\\/2025\\\/08\\\/05\\\/centro-radical-1983-expreso-su-apoyo-a-somos-buenos-aires-y-cuestiono-a-los-discursos-extremos\\\/#primaryimage\"},\"thumbnailUrl\":\"https:\\\/\\\/noticiasmercedinas.com\\\/site\\\/wp-content\\\/uploads\\\/2025\\\/07\\\/1983.jpg\",\"keywords\":[\"centro radical 1983\",\"elecciones 2025\",\"somos buenos aires\",\"Ucr\"],\"articleSection\":[\"Especiales\",\"Politica\"],\"inLanguage\":\"es\"},{\"@type\":\"WebPage\",\"@id\":\"https:\\\/\\\/noticiasmercedinas.com\\\/site\\\/2025\\\/08\\\/05\\\/centro-radical-1983-expreso-su-apoyo-a-somos-buenos-aires-y-cuestiono-a-los-discursos-extremos\\\/\",\"url\":\"https:\\\/\\\/noticiasmercedinas.com\\\/site\\\/2025\\\/08\\\/05\\\/centro-radical-1983-expreso-su-apoyo-a-somos-buenos-aires-y-cuestiono-a-los-discursos-extremos\\\/\",\"name\":\"Centro Radical 1983 expres\u00f3 su apoyo a \\\"Somos Buenos Aires\\\" y cuestion\u00f3 a los discursos extremos\",\"isPartOf\":{\"@id\":\"https:\\\/\\\/noticiasmercedinas.com\\\/site\\\/#website\"},\"primaryImageOfPage\":{\"@id\":\"https:\\\/\\\/noticiasmercedinas.com\\\/site\\\/2025\\\/08\\\/05\\\/centro-radical-1983-expreso-su-apoyo-a-somos-buenos-aires-y-cuestiono-a-los-discursos-extremos\\\/#primaryimage\"},\"image\":{\"@id\":\"https:\\\/\\\/noticiasmercedinas.com\\\/site\\\/2025\\\/08\\\/05\\\/centro-radical-1983-expreso-su-apoyo-a-somos-buenos-aires-y-cuestiono-a-los-discursos-extremos\\\/#primaryimage\"},\"thumbnailUrl\":\"https:\\\/\\\/noticiasmercedinas.com\\\/site\\\/wp-content\\\/uploads\\\/2025\\\/07\\\/1983.jpg\",\"datePublished\":\"2025-08-05T18:09:16+00:00\",\"dateModified\":\"2025-08-05T18:43:50+00:00\",\"description\":\"El espacio expres\u00f3 su rechazo tanto al populismo clientelar del kirchnerismo como al individualismo antiestatista del modelo libertario\",\"breadcrumb\":{\"@id\":\"https:\\\/\\\/noticiasmercedinas.com\\\/site\\\/2025\\\/08\\\/05\\\/centro-radical-1983-expreso-su-apoyo-a-somos-buenos-aires-y-cuestiono-a-los-discursos-extremos\\\/#breadcrumb\"},\"inLanguage\":\"es\",\"potentialAction\":[{\"@type\":\"ReadAction\",\"target\":[\"https:\\\/\\\/noticiasmercedinas.com\\\/site\\\/2025\\\/08\\\/05\\\/centro-radical-1983-expreso-su-apoyo-a-somos-buenos-aires-y-cuestiono-a-los-discursos-extremos\\\/\"]}]},{\"@type\":\"ImageObject\",\"inLanguage\":\"es\",\"@id\":\"https:\\\/\\\/noticiasmercedinas.com\\\/site\\\/2025\\\/08\\\/05\\\/centro-radical-1983-expreso-su-apoyo-a-somos-buenos-aires-y-cuestiono-a-los-discursos-extremos\\\/#primaryimage\",\"url\":\"https:\\\/\\\/noticiasmercedinas.com\\\/site\\\/wp-content\\\/uploads\\\/2025\\\/07\\\/1983.jpg\",\"contentUrl\":\"https:\\\/\\\/noticiasmercedinas.com\\\/site\\\/wp-content\\\/uploads\\\/2025\\\/07\\\/1983.jpg\",\"width\":927,\"height\":595},{\"@type\":\"BreadcrumbList\",\"@id\":\"https:\\\/\\\/noticiasmercedinas.com\\\/site\\\/2025\\\/08\\\/05\\\/centro-radical-1983-expreso-su-apoyo-a-somos-buenos-aires-y-cuestiono-a-los-discursos-extremos\\\/#breadcrumb\",\"itemListElement\":[{\"@type\":\"ListItem\",\"position\":1,\"name\":\"Portada\",\"item\":\"https:\\\/\\\/noticiasmercedinas.com\\\/site\\\/\"},{\"@type\":\"ListItem\",\"position\":2,\"name\":\"Centro Radical 1983 expres\u00f3 su apoyo a \u00abSomos Buenos Aires\u00bb y cuestion\u00f3 a los discursos extremos\"}]},{\"@type\":\"WebSite\",\"@id\":\"https:\\\/\\\/noticiasmercedinas.com\\\/site\\\/#website\",\"url\":\"https:\\\/\\\/noticiasmercedinas.com\\\/site\\\/\",\"name\":\"NOTICIASMERCEDINAS.COM\",\"description\":\"Mercedes, Buenos Aires, Argentina\",\"publisher\":{\"@id\":\"https:\\\/\\\/noticiasmercedinas.com\\\/site\\\/#organization\"},\"potentialAction\":[{\"@type\":\"SearchAction\",\"target\":{\"@type\":\"EntryPoint\",\"urlTemplate\":\"https:\\\/\\\/noticiasmercedinas.com\\\/site\\\/?s={search_term_string}\"},\"query-input\":{\"@type\":\"PropertyValueSpecification\",\"valueRequired\":true,\"valueName\":\"search_term_string\"}}],\"inLanguage\":\"es\"},{\"@type\":\"Organization\",\"@id\":\"https:\\\/\\\/noticiasmercedinas.com\\\/site\\\/#organization\",\"name\":\"NOTICIASMERCEDINAS.COM\",\"url\":\"https:\\\/\\\/noticiasmercedinas.com\\\/site\\\/\",\"logo\":{\"@type\":\"ImageObject\",\"inLanguage\":\"es\",\"@id\":\"https:\\\/\\\/noticiasmercedinas.com\\\/site\\\/#\\\/schema\\\/logo\\\/image\\\/\",\"url\":\"https:\\\/\\\/noticiasmercedinas.com\\\/site\\\/wp-content\\\/uploads\\\/2020\\\/06\\\/LOGO-512.jpg\",\"contentUrl\":\"https:\\\/\\\/noticiasmercedinas.com\\\/site\\\/wp-content\\\/uploads\\\/2020\\\/06\\\/LOGO-512.jpg\",\"width\":512,\"height\":512,\"caption\":\"NOTICIASMERCEDINAS.COM\"},\"image\":{\"@id\":\"https:\\\/\\\/noticiasmercedinas.com\\\/site\\\/#\\\/schema\\\/logo\\\/image\\\/\"},\"sameAs\":[\"https:\\\/\\\/www.facebook.com\\\/noticiasmercedinas\\\/\",\"https:\\\/\\\/x.com\\\/notmercedinas\",\"https:\\\/\\\/www.instagram.com\\\/noticiasmercedinas\\\/\"]},{\"@type\":\"Person\",\"@id\":\"https:\\\/\\\/noticiasmercedinas.com\\\/site\\\/#\\\/schema\\\/person\\\/84b59c099c28ff2e8b77d4ceec5d8063\",\"name\":\"NOTICIASMERCEDINAS.COM\",\"image\":{\"@type\":\"ImageObject\",\"inLanguage\":\"es\",\"@id\":\"https:\\\/\\\/secure.gravatar.com\\\/avatar\\\/4dfbf16b4d17945bfb6341b2d19043457132fcf478a5ee04f42e959fd8f5df0a?s=96&d=mm&r=g\",\"url\":\"https:\\\/\\\/secure.gravatar.com\\\/avatar\\\/4dfbf16b4d17945bfb6341b2d19043457132fcf478a5ee04f42e959fd8f5df0a?s=96&d=mm&r=g\",\"contentUrl\":\"https:\\\/\\\/secure.gravatar.com\\\/avatar\\\/4dfbf16b4d17945bfb6341b2d19043457132fcf478a5ee04f42e959fd8f5df0a?s=96&d=mm&r=g\",\"caption\":\"NOTICIASMERCEDINAS.COM\"},\"url\":\"https:\\\/\\\/noticiasmercedinas.com\\\/site\\\/author\\\/anonimo\\\/\"}]}<\/script>\n<!-- \/ Yoast SEO plugin. -->","yoast_head_json":{"title":"Centro Radical 1983 expres\u00f3 su apoyo a \"Somos Buenos Aires\" y cuestion\u00f3 a los discursos extremos","description":"El espacio expres\u00f3 su rechazo tanto al populismo clientelar del kirchnerismo como al individualismo antiestatista del modelo libertario","robots":{"index":"index","follow":"follow","max-snippet":"max-snippet:-1","max-image-preview":"max-image-preview:large","max-video-preview":"max-video-preview:-1"},"canonical":"https:\/\/noticiasmercedinas.com\/site\/2025\/08\/05\/centro-radical-1983-expreso-su-apoyo-a-somos-buenos-aires-y-cuestiono-a-los-discursos-extremos\/","og_locale":"es_ES","og_type":"article","og_title":"Centro Radical 1983 expres\u00f3 su apoyo a \"Somos Buenos Aires\" y cuestion\u00f3 a los discursos extremos","og_description":"El espacio expres\u00f3 su rechazo tanto al populismo clientelar del kirchnerismo como al individualismo antiestatista del modelo libertario","og_url":"https:\/\/noticiasmercedinas.com\/site\/2025\/08\/05\/centro-radical-1983-expreso-su-apoyo-a-somos-buenos-aires-y-cuestiono-a-los-discursos-extremos\/","og_site_name":"NOTICIASMERCEDINAS.COM","article_publisher":"https:\/\/www.facebook.com\/noticiasmercedinas\/","article_published_time":"2025-08-05T18:09:16+00:00","article_modified_time":"2025-08-05T18:43:50+00:00","og_image":[{"width":927,"height":595,"url":"https:\/\/noticiasmercedinas.com\/site\/wp-content\/uploads\/2025\/07\/1983.jpg","type":"image\/jpeg"}],"author":"NOTICIASMERCEDINAS.COM","twitter_card":"summary_large_image","twitter_creator":"@notmercedinas","twitter_site":"@notmercedinas","twitter_misc":{"Escrito por":"NOTICIASMERCEDINAS.COM","Tiempo de lectura":"2 minutos"},"schema":{"@context":"https:\/\/schema.org","@graph":[{"@type":"Article","@id":"https:\/\/noticiasmercedinas.com\/site\/2025\/08\/05\/centro-radical-1983-expreso-su-apoyo-a-somos-buenos-aires-y-cuestiono-a-los-discursos-extremos\/#article","isPartOf":{"@id":"https:\/\/noticiasmercedinas.com\/site\/2025\/08\/05\/centro-radical-1983-expreso-su-apoyo-a-somos-buenos-aires-y-cuestiono-a-los-discursos-extremos\/"},"author":{"name":"NOTICIASMERCEDINAS.COM","@id":"https:\/\/noticiasmercedinas.com\/site\/#\/schema\/person\/84b59c099c28ff2e8b77d4ceec5d8063"},"headline":"Centro Radical 1983 expres\u00f3 su apoyo a \u00abSomos Buenos Aires\u00bb y cuestion\u00f3 a los discursos extremos","datePublished":"2025-08-05T18:09:16+00:00","dateModified":"2025-08-05T18:43:50+00:00","mainEntityOfPage":{"@id":"https:\/\/noticiasmercedinas.com\/site\/2025\/08\/05\/centro-radical-1983-expreso-su-apoyo-a-somos-buenos-aires-y-cuestiono-a-los-discursos-extremos\/"},"wordCount":260,"publisher":{"@id":"https:\/\/noticiasmercedinas.com\/site\/#organization"},"image":{"@id":"https:\/\/noticiasmercedinas.com\/site\/2025\/08\/05\/centro-radical-1983-expreso-su-apoyo-a-somos-buenos-aires-y-cuestiono-a-los-discursos-extremos\/#primaryimage"},"thumbnailUrl":"https:\/\/noticiasmercedinas.com\/site\/wp-content\/uploads\/2025\/07\/1983.jpg","keywords":["centro radical 1983","elecciones 2025","somos buenos aires","Ucr"],"articleSection":["Especiales","Politica"],"inLanguage":"es"},{"@type":"WebPage","@id":"https:\/\/noticiasmercedinas.com\/site\/2025\/08\/05\/centro-radical-1983-expreso-su-apoyo-a-somos-buenos-aires-y-cuestiono-a-los-discursos-extremos\/","url":"https:\/\/noticiasmercedinas.com\/site\/2025\/08\/05\/centro-radical-1983-expreso-su-apoyo-a-somos-buenos-aires-y-cuestiono-a-los-discursos-extremos\/","name":"Centro Radical 1983 expres\u00f3 su apoyo a \"Somos Buenos Aires\" y cuestion\u00f3 a los discursos extremos","isPartOf":{"@id":"https:\/\/noticiasmercedinas.com\/site\/#website"},"primaryImageOfPage":{"@id":"https:\/\/noticiasmercedinas.com\/site\/2025\/08\/05\/centro-radical-1983-expreso-su-apoyo-a-somos-buenos-aires-y-cuestiono-a-los-discursos-extremos\/#primaryimage"},"image":{"@id":"https:\/\/noticiasmercedinas.com\/site\/2025\/08\/05\/centro-radical-1983-expreso-su-apoyo-a-somos-buenos-aires-y-cuestiono-a-los-discursos-extremos\/#primaryimage"},"thumbnailUrl":"https:\/\/noticiasmercedinas.com\/site\/wp-content\/uploads\/2025\/07\/1983.jpg","datePublished":"2025-08-05T18:09:16+00:00","dateModified":"2025-08-05T18:43:50+00:00","description":"El espacio expres\u00f3 su rechazo tanto al populismo clientelar del kirchnerismo como al individualismo antiestatista del modelo libertario","breadcrumb":{"@id":"https:\/\/noticiasmercedinas.com\/site\/2025\/08\/05\/centro-radical-1983-expreso-su-apoyo-a-somos-buenos-aires-y-cuestiono-a-los-discursos-extremos\/#breadcrumb"},"inLanguage":"es","potentialAction":[{"@type":"ReadAction","target":["https:\/\/noticiasmercedinas.com\/site\/2025\/08\/05\/centro-radical-1983-expreso-su-apoyo-a-somos-buenos-aires-y-cuestiono-a-los-discursos-extremos\/"]}]},{"@type":"ImageObject","inLanguage":"es","@id":"https:\/\/noticiasmercedinas.com\/site\/2025\/08\/05\/centro-radical-1983-expreso-su-apoyo-a-somos-buenos-aires-y-cuestiono-a-los-discursos-extremos\/#primaryimage","url":"https:\/\/noticiasmercedinas.com\/site\/wp-content\/uploads\/2025\/07\/1983.jpg","contentUrl":"https:\/\/noticiasmercedinas.com\/site\/wp-content\/uploads\/2025\/07\/1983.jpg","width":927,"height":595},{"@type":"BreadcrumbList","@id":"https:\/\/noticiasmercedinas.com\/site\/2025\/08\/05\/centro-radical-1983-expreso-su-apoyo-a-somos-buenos-aires-y-cuestiono-a-los-discursos-extremos\/#breadcrumb","itemListElement":[{"@type":"ListItem","position":1,"name":"Portada","item":"https:\/\/noticiasmercedinas.com\/site\/"},{"@type":"ListItem","position":2,"name":"Centro Radical 1983 expres\u00f3 su apoyo a \u00abSomos Buenos Aires\u00bb y cuestion\u00f3 a los discursos extremos"}]},{"@type":"WebSite","@id":"https:\/\/noticiasmercedinas.com\/site\/#website","url":"https:\/\/noticiasmercedinas.com\/site\/","name":"NOTICIASMERCEDINAS.COM","description":"Mercedes, Buenos Aires, Argentina","publisher":{"@id":"https:\/\/noticiasmercedinas.com\/site\/#organization"},"potentialAction":[{"@type":"SearchAction","target":{"@type":"EntryPoint","urlTemplate":"https:\/\/noticiasmercedinas.com\/site\/?s={search_term_string}"},"query-input":{"@type":"PropertyValueSpecification","valueRequired":true,"valueName":"search_term_string"}}],"inLanguage":"es"},{"@type":"Organization","@id":"https:\/\/noticiasmercedinas.com\/site\/#organization","name":"NOTICIASMERCEDINAS.COM","url":"https:\/\/noticiasmercedinas.com\/site\/","logo":{"@type":"ImageObject","inLanguage":"es","@id":"https:\/\/noticiasmercedinas.com\/site\/#\/schema\/logo\/image\/","url":"https:\/\/noticiasmercedinas.com\/site\/wp-content\/uploads\/2020\/06\/LOGO-512.jpg","contentUrl":"https:\/\/noticiasmercedinas.com\/site\/wp-content\/uploads\/2020\/06\/LOGO-512.jpg","width":512,"height":512,"caption":"NOTICIASMERCEDINAS.COM"},"image":{"@id":"https:\/\/noticiasmercedinas.com\/site\/#\/schema\/logo\/image\/"},"sameAs":["https:\/\/www.facebook.com\/noticiasmercedinas\/","https:\/\/x.com\/notmercedinas","https:\/\/www.instagram.com\/noticiasmercedinas\/"]},{"@type":"Person","@id":"https:\/\/noticiasmercedinas.com\/site\/#\/schema\/person\/84b59c099c28ff2e8b77d4ceec5d8063","name":"NOTICIASMERCEDINAS.COM","image":{"@type":"ImageObject","inLanguage":"es","@id":"https:\/\/secure.gravatar.com\/avatar\/4dfbf16b4d17945bfb6341b2d19043457132fcf478a5ee04f42e959fd8f5df0a?s=96&d=mm&r=g","url":"https:\/\/secure.gravatar.com\/avatar\/4dfbf16b4d17945bfb6341b2d19043457132fcf478a5ee04f42e959fd8f5df0a?s=96&d=mm&r=g","contentUrl":"https:\/\/secure.gravatar.com\/avatar\/4dfbf16b4d17945bfb6341b2d19043457132fcf478a5ee04f42e959fd8f5df0a?s=96&d=mm&r=g","caption":"NOTICIASMERCEDINAS.COM"},"url":"https:\/\/noticiasmercedinas.com\/site\/author\/anonimo\/"}]}},"amp_enabled":true,"_links":{"self":[{"href":"https:\/\/noticiasmercedinas.com\/site\/wp-json\/wp\/v2\/posts\/166041","targetHints":{"allow":["GET"]}}],"collection":[{"href":"https:\/\/noticiasmercedinas.com\/site\/wp-json\/wp\/v2\/posts"}],"about":[{"href":"https:\/\/noticiasmercedinas.com\/site\/wp-json\/wp\/v2\/types\/post"}],"author":[{"embeddable":true,"href":"https:\/\/noticiasmercedinas.com\/site\/wp-json\/wp\/v2\/users\/16"}],"replies":[{"embeddable":true,"href":"https:\/\/noticiasmercedinas.com\/site\/wp-json\/wp\/v2\/comments?post=166041"}],"version-history":[{"count":2,"href":"https:\/\/noticiasmercedinas.com\/site\/wp-json\/wp\/v2\/posts\/166041\/revisions"}],"predecessor-version":[{"id":166043,"href":"https:\/\/noticiasmercedinas.com\/site\/wp-json\/wp\/v2\/posts\/166041\/revisions\/166043"}],"wp:featuredmedia":[{"embeddable":true,"href":"https:\/\/noticiasmercedinas.com\/site\/wp-json\/wp\/v2\/media\/163299"}],"wp:attachment":[{"href":"https:\/\/noticiasmercedinas.com\/site\/wp-json\/wp\/v2\/media?parent=166041"}],"wp:term":[{"taxonomy":"category","embeddable":true,"href":"https:\/\/noticiasmercedinas.com\/site\/wp-json\/wp\/v2\/categories?post=166041"},{"taxonomy":"post_tag","embeddable":true,"href":"https:\/\/noticiasmercedinas.com\/site\/wp-json\/wp\/v2\/tags?post=166041"}],"curies":[{"name":"wp","href":"https:\/\/api.w.org\/{rel}","templated":true}]}}