{"id":166081,"date":"2025-08-06T08:11:34","date_gmt":"2025-08-06T11:11:34","guid":{"rendered":"https:\/\/noticiasmercedinas.com\/site\/?p=166081"},"modified":"2025-08-06T08:11:34","modified_gmt":"2025-08-06T11:11:34","slug":"los-torero-se-presentan-este-viernes-en-la-unlu-y-el-sabado-en-el-caff-junto-a-karamelo-santo","status":"publish","type":"post","link":"https:\/\/noticiasmercedinas.com\/site\/2025\/08\/06\/los-torero-se-presentan-este-viernes-en-la-unlu-y-el-sabado-en-el-caff-junto-a-karamelo-santo\/","title":{"rendered":"Los Torero se presentan este viernes en la UNLu y el s\u00e1bado en el CAFF junto a Karamelo Santo"},"content":{"rendered":"<p data-start=\"154\" data-end=\"251\"><img loading=\"lazy\" decoding=\"async\" class=\"alignnone size-full wp-image-166082\" src=\"https:\/\/noticiasmercedinas.com\/site\/wp-content\/uploads\/2025\/08\/FLAMENCO.jpg\" alt=\"\" width=\"640\" height=\"359\" srcset=\"https:\/\/noticiasmercedinas.com\/site\/wp-content\/uploads\/2025\/08\/FLAMENCO.jpg 640w, https:\/\/noticiasmercedinas.com\/site\/wp-content\/uploads\/2025\/08\/FLAMENCO-300x168.jpg 300w\" sizes=\"auto, (max-width: 640px) 100vw, 640px\" \/><\/p>\n<p data-start=\"253\" data-end=\"672\">El d\u00fao mercedino <strong data-start=\"270\" data-end=\"284\">Los Torero<\/strong>, integrado por Mat\u00edas \u201cMochi\u201d Ruiz (guitarra y voz) y Esteban \u201cPity\u201d Ismael (caj\u00f3n flamenco y coros), tendr\u00e1 un fin de semana con dos presentaciones destacadas: el <strong data-start=\"449\" data-end=\"472\">viernes 8 de agosto<\/strong> tocar\u00e1n en la Universidad Nacional de Luj\u00e1n (UNLu) y el <strong data-start=\"529\" data-end=\"541\">s\u00e1bado 9<\/strong> ser\u00e1n parte de <strong data-start=\"557\" data-end=\"586\">La Bailanta Ac\u00fastica N\u00ba 3<\/strong> en el <strong data-start=\"593\" data-end=\"635\">CAFF (S\u00e1nchez de Bustamante 772, CABA)<\/strong>, como soporte de <strong data-start=\"653\" data-end=\"671\">Karamelo Santo<\/strong>.<\/p>\n<p data-start=\"674\" data-end=\"942\">La presentaci\u00f3n del viernes ser\u00e1 a las 11 de la ma\u00f1ana en la <strong data-start=\"735\" data-end=\"765\">radio de la UNLu (FM 88.9)<\/strong>, donde adem\u00e1s de tocar en vivo, compartir\u00e1n una entrevista en formato \u00abcharlotteo\u00bb. Se podr\u00e1 asistir presencialmente o seguir la transmisi\u00f3n online desde <a class=\"\" href=\"http:\/\/www.radio.unlu.edu.ar\" target=\"_new\" rel=\"noopener\" data-start=\"920\" data-end=\"941\">www.radio.unlu.edu.ar<\/a>.<\/p>\n<p data-start=\"944\" data-end=\"1324\">En tanto, el s\u00e1bado participar\u00e1n de una noche especial en el Club Atl\u00e9tico Fern\u00e1ndez Fierro, donde tambi\u00e9n se presentar\u00e1n <strong data-start=\"1066\" data-end=\"1091\">\u00c1ngel Ortega (Ra\u00edces)<\/strong> y <strong data-start=\"1094\" data-end=\"1105\">La Rusa<\/strong>. Las entradas anticipadas est\u00e1n disponibles en <strong data-start=\"1153\" data-end=\"1167\">Ticket Hoy<\/strong> a trav\u00e9s del siguiente enlace:<br data-start=\"1198\" data-end=\"1201\" \/><a class=\"\" href=\"https:\/\/bue.tickethoy.com\/entradas-musica\/karamelo-santo_2\" target=\"_new\" rel=\"noopener\" data-start=\"1204\" data-end=\"1324\">https:\/\/bue.tickethoy.com\/entradas-musica\/karamelo-santo_2<\/a><\/p>\n<p data-start=\"1326\" data-end=\"1421\">Adem\u00e1s, las bandas realizar\u00e1n <strong data-start=\"1356\" data-end=\"1389\">sorteos de entradas gratuitas<\/strong> a trav\u00e9s de sus redes sociales.<\/p>\n<p data-start=\"1423\" data-end=\"1604\">Con una propuesta musical que fusiona <strong data-start=\"1461\" data-end=\"1489\">flamenco, rumba y reggae<\/strong>, Los Torero vienen construyendo un s\u00f3lido camino art\u00edstico que cosecha ovaciones y convoca cada vez a m\u00e1s p\u00fablico.<\/p>\n","protected":false},"excerpt":{"rendered":"<p>\u25a0 El d\u00fao integrado por Mat\u00edas \u201cMochi\u201d Ruiz (guitarra y voz) y Esteban \u201cPity\u201d Ismael (caj\u00f3n flamenco y coros), tendr\u00e1 un fin de semana con dos presentaciones destacadas<\/p>\n","protected":false},"author":16,"featured_media":166082,"comment_status":"closed","ping_status":"closed","sticky":false,"template":"","format":"standard","meta":{"footnotes":""},"categories":[4],"tags":[1268,9655,16224,16678,554,116],"class_list":["post-166081","post","type-post","status-publish","format-standard","has-post-thumbnail","hentry","category-cultura","tag-esteban-ismael","tag-karamelo-santo","tag-los-torero","tag-matias-ruiz","tag-radio","tag-unlu"],"yoast_head":"<!-- This site is optimized with the Yoast SEO plugin v27.5 - https:\/\/yoast.com\/product\/yoast-seo-wordpress\/ -->\n<title>Los Torero se presentan este viernes en la UNLu y el s\u00e1bado en el CAFF junto a Karamelo Santo<\/title>\n<meta name=\"description\" content=\"\u25a0 El d\u00fao integrado por Mat\u00edas \u201cMochi\u201d Ruiz (guitarra y voz) y Esteban \u201cPity\u201d Ismael (caj\u00f3n flamenco y coros), tendr\u00e1 un fin de semana con dos presentaciones destacadas\" \/>\n<meta name=\"robots\" content=\"index, follow, max-snippet:-1, max-image-preview:large, max-video-preview:-1\" \/>\n<link rel=\"canonical\" href=\"https:\/\/noticiasmercedinas.com\/site\/2025\/08\/06\/los-torero-se-presentan-este-viernes-en-la-unlu-y-el-sabado-en-el-caff-junto-a-karamelo-santo\/\" \/>\n<meta property=\"og:locale\" content=\"es_ES\" \/>\n<meta property=\"og:type\" content=\"article\" \/>\n<meta property=\"og:title\" content=\"Los Torero se presentan este viernes en la UNLu y el s\u00e1bado en el CAFF junto a Karamelo Santo\" \/>\n<meta property=\"og:description\" content=\"\u25a0 El d\u00fao integrado por Mat\u00edas \u201cMochi\u201d Ruiz (guitarra y voz) y Esteban \u201cPity\u201d Ismael (caj\u00f3n flamenco y coros), tendr\u00e1 un fin de semana con dos presentaciones destacadas\" \/>\n<meta property=\"og:url\" content=\"https:\/\/noticiasmercedinas.com\/site\/2025\/08\/06\/los-torero-se-presentan-este-viernes-en-la-unlu-y-el-sabado-en-el-caff-junto-a-karamelo-santo\/\" \/>\n<meta property=\"og:site_name\" content=\"NOTICIASMERCEDINAS.COM\" \/>\n<meta property=\"article:publisher\" content=\"https:\/\/www.facebook.com\/noticiasmercedinas\/\" \/>\n<meta property=\"article:published_time\" content=\"2025-08-06T11:11:34+00:00\" \/>\n<meta property=\"og:image\" content=\"https:\/\/noticiasmercedinas.com\/site\/wp-content\/uploads\/2025\/08\/FLAMENCO.jpg\" \/>\n\t<meta property=\"og:image:width\" content=\"640\" \/>\n\t<meta property=\"og:image:height\" content=\"359\" \/>\n\t<meta property=\"og:image:type\" content=\"image\/jpeg\" \/>\n<meta name=\"author\" content=\"NOTICIASMERCEDINAS.COM\" \/>\n<meta name=\"twitter:card\" content=\"summary_large_image\" \/>\n<meta name=\"twitter:creator\" content=\"@notmercedinas\" \/>\n<meta name=\"twitter:site\" content=\"@notmercedinas\" \/>\n<meta name=\"twitter:label1\" content=\"Escrito por\" \/>\n\t<meta name=\"twitter:data1\" content=\"NOTICIASMERCEDINAS.COM\" \/>\n\t<meta name=\"twitter:label2\" content=\"Tiempo de lectura\" \/>\n\t<meta name=\"twitter:data2\" content=\"2 minutos\" \/>\n<script type=\"application\/ld+json\" class=\"yoast-schema-graph\">{\"@context\":\"https:\\\/\\\/schema.org\",\"@graph\":[{\"@type\":\"Article\",\"@id\":\"https:\\\/\\\/noticiasmercedinas.com\\\/site\\\/2025\\\/08\\\/06\\\/los-torero-se-presentan-este-viernes-en-la-unlu-y-el-sabado-en-el-caff-junto-a-karamelo-santo\\\/#article\",\"isPartOf\":{\"@id\":\"https:\\\/\\\/noticiasmercedinas.com\\\/site\\\/2025\\\/08\\\/06\\\/los-torero-se-presentan-este-viernes-en-la-unlu-y-el-sabado-en-el-caff-junto-a-karamelo-santo\\\/\"},\"author\":{\"name\":\"NOTICIASMERCEDINAS.COM\",\"@id\":\"https:\\\/\\\/noticiasmercedinas.com\\\/site\\\/#\\\/schema\\\/person\\\/84b59c099c28ff2e8b77d4ceec5d8063\"},\"headline\":\"Los Torero se presentan este viernes en la UNLu y el s\u00e1bado en el CAFF junto a Karamelo Santo\",\"datePublished\":\"2025-08-06T11:11:34+00:00\",\"mainEntityOfPage\":{\"@id\":\"https:\\\/\\\/noticiasmercedinas.com\\\/site\\\/2025\\\/08\\\/06\\\/los-torero-se-presentan-este-viernes-en-la-unlu-y-el-sabado-en-el-caff-junto-a-karamelo-santo\\\/\"},\"wordCount\":244,\"publisher\":{\"@id\":\"https:\\\/\\\/noticiasmercedinas.com\\\/site\\\/#organization\"},\"image\":{\"@id\":\"https:\\\/\\\/noticiasmercedinas.com\\\/site\\\/2025\\\/08\\\/06\\\/los-torero-se-presentan-este-viernes-en-la-unlu-y-el-sabado-en-el-caff-junto-a-karamelo-santo\\\/#primaryimage\"},\"thumbnailUrl\":\"https:\\\/\\\/noticiasmercedinas.com\\\/site\\\/wp-content\\\/uploads\\\/2025\\\/08\\\/FLAMENCO.jpg\",\"keywords\":[\"Esteban Ismael\",\"karamelo santo\",\"los torero\",\"matias ruiz\",\"radio\",\"unlu\"],\"articleSection\":[\"Cultura\"],\"inLanguage\":\"es\"},{\"@type\":\"WebPage\",\"@id\":\"https:\\\/\\\/noticiasmercedinas.com\\\/site\\\/2025\\\/08\\\/06\\\/los-torero-se-presentan-este-viernes-en-la-unlu-y-el-sabado-en-el-caff-junto-a-karamelo-santo\\\/\",\"url\":\"https:\\\/\\\/noticiasmercedinas.com\\\/site\\\/2025\\\/08\\\/06\\\/los-torero-se-presentan-este-viernes-en-la-unlu-y-el-sabado-en-el-caff-junto-a-karamelo-santo\\\/\",\"name\":\"Los Torero se presentan este viernes en la UNLu y el s\u00e1bado en el CAFF junto a Karamelo Santo\",\"isPartOf\":{\"@id\":\"https:\\\/\\\/noticiasmercedinas.com\\\/site\\\/#website\"},\"primaryImageOfPage\":{\"@id\":\"https:\\\/\\\/noticiasmercedinas.com\\\/site\\\/2025\\\/08\\\/06\\\/los-torero-se-presentan-este-viernes-en-la-unlu-y-el-sabado-en-el-caff-junto-a-karamelo-santo\\\/#primaryimage\"},\"image\":{\"@id\":\"https:\\\/\\\/noticiasmercedinas.com\\\/site\\\/2025\\\/08\\\/06\\\/los-torero-se-presentan-este-viernes-en-la-unlu-y-el-sabado-en-el-caff-junto-a-karamelo-santo\\\/#primaryimage\"},\"thumbnailUrl\":\"https:\\\/\\\/noticiasmercedinas.com\\\/site\\\/wp-content\\\/uploads\\\/2025\\\/08\\\/FLAMENCO.jpg\",\"datePublished\":\"2025-08-06T11:11:34+00:00\",\"description\":\"\u25a0 El d\u00fao integrado por Mat\u00edas \u201cMochi\u201d Ruiz (guitarra y voz) y Esteban \u201cPity\u201d Ismael (caj\u00f3n flamenco y coros), tendr\u00e1 un fin de semana con dos presentaciones destacadas\",\"breadcrumb\":{\"@id\":\"https:\\\/\\\/noticiasmercedinas.com\\\/site\\\/2025\\\/08\\\/06\\\/los-torero-se-presentan-este-viernes-en-la-unlu-y-el-sabado-en-el-caff-junto-a-karamelo-santo\\\/#breadcrumb\"},\"inLanguage\":\"es\",\"potentialAction\":[{\"@type\":\"ReadAction\",\"target\":[\"https:\\\/\\\/noticiasmercedinas.com\\\/site\\\/2025\\\/08\\\/06\\\/los-torero-se-presentan-este-viernes-en-la-unlu-y-el-sabado-en-el-caff-junto-a-karamelo-santo\\\/\"]}]},{\"@type\":\"ImageObject\",\"inLanguage\":\"es\",\"@id\":\"https:\\\/\\\/noticiasmercedinas.com\\\/site\\\/2025\\\/08\\\/06\\\/los-torero-se-presentan-este-viernes-en-la-unlu-y-el-sabado-en-el-caff-junto-a-karamelo-santo\\\/#primaryimage\",\"url\":\"https:\\\/\\\/noticiasmercedinas.com\\\/site\\\/wp-content\\\/uploads\\\/2025\\\/08\\\/FLAMENCO.jpg\",\"contentUrl\":\"https:\\\/\\\/noticiasmercedinas.com\\\/site\\\/wp-content\\\/uploads\\\/2025\\\/08\\\/FLAMENCO.jpg\",\"width\":640,\"height\":359},{\"@type\":\"BreadcrumbList\",\"@id\":\"https:\\\/\\\/noticiasmercedinas.com\\\/site\\\/2025\\\/08\\\/06\\\/los-torero-se-presentan-este-viernes-en-la-unlu-y-el-sabado-en-el-caff-junto-a-karamelo-santo\\\/#breadcrumb\",\"itemListElement\":[{\"@type\":\"ListItem\",\"position\":1,\"name\":\"Portada\",\"item\":\"https:\\\/\\\/noticiasmercedinas.com\\\/site\\\/\"},{\"@type\":\"ListItem\",\"position\":2,\"name\":\"Los Torero se presentan este viernes en la UNLu y el s\u00e1bado en el CAFF junto a Karamelo Santo\"}]},{\"@type\":\"WebSite\",\"@id\":\"https:\\\/\\\/noticiasmercedinas.com\\\/site\\\/#website\",\"url\":\"https:\\\/\\\/noticiasmercedinas.com\\\/site\\\/\",\"name\":\"NOTICIASMERCEDINAS.COM\",\"description\":\"Mercedes, Buenos Aires, Argentina\",\"publisher\":{\"@id\":\"https:\\\/\\\/noticiasmercedinas.com\\\/site\\\/#organization\"},\"potentialAction\":[{\"@type\":\"SearchAction\",\"target\":{\"@type\":\"EntryPoint\",\"urlTemplate\":\"https:\\\/\\\/noticiasmercedinas.com\\\/site\\\/?s={search_term_string}\"},\"query-input\":{\"@type\":\"PropertyValueSpecification\",\"valueRequired\":true,\"valueName\":\"search_term_string\"}}],\"inLanguage\":\"es\"},{\"@type\":\"Organization\",\"@id\":\"https:\\\/\\\/noticiasmercedinas.com\\\/site\\\/#organization\",\"name\":\"NOTICIASMERCEDINAS.COM\",\"url\":\"https:\\\/\\\/noticiasmercedinas.com\\\/site\\\/\",\"logo\":{\"@type\":\"ImageObject\",\"inLanguage\":\"es\",\"@id\":\"https:\\\/\\\/noticiasmercedinas.com\\\/site\\\/#\\\/schema\\\/logo\\\/image\\\/\",\"url\":\"https:\\\/\\\/noticiasmercedinas.com\\\/site\\\/wp-content\\\/uploads\\\/2020\\\/06\\\/LOGO-512.jpg\",\"contentUrl\":\"https:\\\/\\\/noticiasmercedinas.com\\\/site\\\/wp-content\\\/uploads\\\/2020\\\/06\\\/LOGO-512.jpg\",\"width\":512,\"height\":512,\"caption\":\"NOTICIASMERCEDINAS.COM\"},\"image\":{\"@id\":\"https:\\\/\\\/noticiasmercedinas.com\\\/site\\\/#\\\/schema\\\/logo\\\/image\\\/\"},\"sameAs\":[\"https:\\\/\\\/www.facebook.com\\\/noticiasmercedinas\\\/\",\"https:\\\/\\\/x.com\\\/notmercedinas\",\"https:\\\/\\\/www.instagram.com\\\/noticiasmercedinas\\\/\"]},{\"@type\":\"Person\",\"@id\":\"https:\\\/\\\/noticiasmercedinas.com\\\/site\\\/#\\\/schema\\\/person\\\/84b59c099c28ff2e8b77d4ceec5d8063\",\"name\":\"NOTICIASMERCEDINAS.COM\",\"image\":{\"@type\":\"ImageObject\",\"inLanguage\":\"es\",\"@id\":\"https:\\\/\\\/secure.gravatar.com\\\/avatar\\\/4dfbf16b4d17945bfb6341b2d19043457132fcf478a5ee04f42e959fd8f5df0a?s=96&d=mm&r=g\",\"url\":\"https:\\\/\\\/secure.gravatar.com\\\/avatar\\\/4dfbf16b4d17945bfb6341b2d19043457132fcf478a5ee04f42e959fd8f5df0a?s=96&d=mm&r=g\",\"contentUrl\":\"https:\\\/\\\/secure.gravatar.com\\\/avatar\\\/4dfbf16b4d17945bfb6341b2d19043457132fcf478a5ee04f42e959fd8f5df0a?s=96&d=mm&r=g\",\"caption\":\"NOTICIASMERCEDINAS.COM\"},\"url\":\"https:\\\/\\\/noticiasmercedinas.com\\\/site\\\/author\\\/anonimo\\\/\"}]}<\/script>\n<!-- \/ Yoast SEO plugin. -->","yoast_head_json":{"title":"Los Torero se presentan este viernes en la UNLu y el s\u00e1bado en el CAFF junto a Karamelo Santo","description":"\u25a0 El d\u00fao integrado por Mat\u00edas \u201cMochi\u201d Ruiz (guitarra y voz) y Esteban \u201cPity\u201d Ismael (caj\u00f3n flamenco y coros), tendr\u00e1 un fin de semana con dos presentaciones destacadas","robots":{"index":"index","follow":"follow","max-snippet":"max-snippet:-1","max-image-preview":"max-image-preview:large","max-video-preview":"max-video-preview:-1"},"canonical":"https:\/\/noticiasmercedinas.com\/site\/2025\/08\/06\/los-torero-se-presentan-este-viernes-en-la-unlu-y-el-sabado-en-el-caff-junto-a-karamelo-santo\/","og_locale":"es_ES","og_type":"article","og_title":"Los Torero se presentan este viernes en la UNLu y el s\u00e1bado en el CAFF junto a Karamelo Santo","og_description":"\u25a0 El d\u00fao integrado por Mat\u00edas \u201cMochi\u201d Ruiz (guitarra y voz) y Esteban \u201cPity\u201d Ismael (caj\u00f3n flamenco y coros), tendr\u00e1 un fin de semana con dos presentaciones destacadas","og_url":"https:\/\/noticiasmercedinas.com\/site\/2025\/08\/06\/los-torero-se-presentan-este-viernes-en-la-unlu-y-el-sabado-en-el-caff-junto-a-karamelo-santo\/","og_site_name":"NOTICIASMERCEDINAS.COM","article_publisher":"https:\/\/www.facebook.com\/noticiasmercedinas\/","article_published_time":"2025-08-06T11:11:34+00:00","og_image":[{"width":640,"height":359,"url":"https:\/\/noticiasmercedinas.com\/site\/wp-content\/uploads\/2025\/08\/FLAMENCO.jpg","type":"image\/jpeg"}],"author":"NOTICIASMERCEDINAS.COM","twitter_card":"summary_large_image","twitter_creator":"@notmercedinas","twitter_site":"@notmercedinas","twitter_misc":{"Escrito por":"NOTICIASMERCEDINAS.COM","Tiempo de lectura":"2 minutos"},"schema":{"@context":"https:\/\/schema.org","@graph":[{"@type":"Article","@id":"https:\/\/noticiasmercedinas.com\/site\/2025\/08\/06\/los-torero-se-presentan-este-viernes-en-la-unlu-y-el-sabado-en-el-caff-junto-a-karamelo-santo\/#article","isPartOf":{"@id":"https:\/\/noticiasmercedinas.com\/site\/2025\/08\/06\/los-torero-se-presentan-este-viernes-en-la-unlu-y-el-sabado-en-el-caff-junto-a-karamelo-santo\/"},"author":{"name":"NOTICIASMERCEDINAS.COM","@id":"https:\/\/noticiasmercedinas.com\/site\/#\/schema\/person\/84b59c099c28ff2e8b77d4ceec5d8063"},"headline":"Los Torero se presentan este viernes en la UNLu y el s\u00e1bado en el CAFF junto a Karamelo Santo","datePublished":"2025-08-06T11:11:34+00:00","mainEntityOfPage":{"@id":"https:\/\/noticiasmercedinas.com\/site\/2025\/08\/06\/los-torero-se-presentan-este-viernes-en-la-unlu-y-el-sabado-en-el-caff-junto-a-karamelo-santo\/"},"wordCount":244,"publisher":{"@id":"https:\/\/noticiasmercedinas.com\/site\/#organization"},"image":{"@id":"https:\/\/noticiasmercedinas.com\/site\/2025\/08\/06\/los-torero-se-presentan-este-viernes-en-la-unlu-y-el-sabado-en-el-caff-junto-a-karamelo-santo\/#primaryimage"},"thumbnailUrl":"https:\/\/noticiasmercedinas.com\/site\/wp-content\/uploads\/2025\/08\/FLAMENCO.jpg","keywords":["Esteban Ismael","karamelo santo","los torero","matias ruiz","radio","unlu"],"articleSection":["Cultura"],"inLanguage":"es"},{"@type":"WebPage","@id":"https:\/\/noticiasmercedinas.com\/site\/2025\/08\/06\/los-torero-se-presentan-este-viernes-en-la-unlu-y-el-sabado-en-el-caff-junto-a-karamelo-santo\/","url":"https:\/\/noticiasmercedinas.com\/site\/2025\/08\/06\/los-torero-se-presentan-este-viernes-en-la-unlu-y-el-sabado-en-el-caff-junto-a-karamelo-santo\/","name":"Los Torero se presentan este viernes en la UNLu y el s\u00e1bado en el CAFF junto a Karamelo Santo","isPartOf":{"@id":"https:\/\/noticiasmercedinas.com\/site\/#website"},"primaryImageOfPage":{"@id":"https:\/\/noticiasmercedinas.com\/site\/2025\/08\/06\/los-torero-se-presentan-este-viernes-en-la-unlu-y-el-sabado-en-el-caff-junto-a-karamelo-santo\/#primaryimage"},"image":{"@id":"https:\/\/noticiasmercedinas.com\/site\/2025\/08\/06\/los-torero-se-presentan-este-viernes-en-la-unlu-y-el-sabado-en-el-caff-junto-a-karamelo-santo\/#primaryimage"},"thumbnailUrl":"https:\/\/noticiasmercedinas.com\/site\/wp-content\/uploads\/2025\/08\/FLAMENCO.jpg","datePublished":"2025-08-06T11:11:34+00:00","description":"\u25a0 El d\u00fao integrado por Mat\u00edas \u201cMochi\u201d Ruiz (guitarra y voz) y Esteban \u201cPity\u201d Ismael (caj\u00f3n flamenco y coros), tendr\u00e1 un fin de semana con dos presentaciones destacadas","breadcrumb":{"@id":"https:\/\/noticiasmercedinas.com\/site\/2025\/08\/06\/los-torero-se-presentan-este-viernes-en-la-unlu-y-el-sabado-en-el-caff-junto-a-karamelo-santo\/#breadcrumb"},"inLanguage":"es","potentialAction":[{"@type":"ReadAction","target":["https:\/\/noticiasmercedinas.com\/site\/2025\/08\/06\/los-torero-se-presentan-este-viernes-en-la-unlu-y-el-sabado-en-el-caff-junto-a-karamelo-santo\/"]}]},{"@type":"ImageObject","inLanguage":"es","@id":"https:\/\/noticiasmercedinas.com\/site\/2025\/08\/06\/los-torero-se-presentan-este-viernes-en-la-unlu-y-el-sabado-en-el-caff-junto-a-karamelo-santo\/#primaryimage","url":"https:\/\/noticiasmercedinas.com\/site\/wp-content\/uploads\/2025\/08\/FLAMENCO.jpg","contentUrl":"https:\/\/noticiasmercedinas.com\/site\/wp-content\/uploads\/2025\/08\/FLAMENCO.jpg","width":640,"height":359},{"@type":"BreadcrumbList","@id":"https:\/\/noticiasmercedinas.com\/site\/2025\/08\/06\/los-torero-se-presentan-este-viernes-en-la-unlu-y-el-sabado-en-el-caff-junto-a-karamelo-santo\/#breadcrumb","itemListElement":[{"@type":"ListItem","position":1,"name":"Portada","item":"https:\/\/noticiasmercedinas.com\/site\/"},{"@type":"ListItem","position":2,"name":"Los Torero se presentan este viernes en la UNLu y el s\u00e1bado en el CAFF junto a Karamelo Santo"}]},{"@type":"WebSite","@id":"https:\/\/noticiasmercedinas.com\/site\/#website","url":"https:\/\/noticiasmercedinas.com\/site\/","name":"NOTICIASMERCEDINAS.COM","description":"Mercedes, Buenos Aires, Argentina","publisher":{"@id":"https:\/\/noticiasmercedinas.com\/site\/#organization"},"potentialAction":[{"@type":"SearchAction","target":{"@type":"EntryPoint","urlTemplate":"https:\/\/noticiasmercedinas.com\/site\/?s={search_term_string}"},"query-input":{"@type":"PropertyValueSpecification","valueRequired":true,"valueName":"search_term_string"}}],"inLanguage":"es"},{"@type":"Organization","@id":"https:\/\/noticiasmercedinas.com\/site\/#organization","name":"NOTICIASMERCEDINAS.COM","url":"https:\/\/noticiasmercedinas.com\/site\/","logo":{"@type":"ImageObject","inLanguage":"es","@id":"https:\/\/noticiasmercedinas.com\/site\/#\/schema\/logo\/image\/","url":"https:\/\/noticiasmercedinas.com\/site\/wp-content\/uploads\/2020\/06\/LOGO-512.jpg","contentUrl":"https:\/\/noticiasmercedinas.com\/site\/wp-content\/uploads\/2020\/06\/LOGO-512.jpg","width":512,"height":512,"caption":"NOTICIASMERCEDINAS.COM"},"image":{"@id":"https:\/\/noticiasmercedinas.com\/site\/#\/schema\/logo\/image\/"},"sameAs":["https:\/\/www.facebook.com\/noticiasmercedinas\/","https:\/\/x.com\/notmercedinas","https:\/\/www.instagram.com\/noticiasmercedinas\/"]},{"@type":"Person","@id":"https:\/\/noticiasmercedinas.com\/site\/#\/schema\/person\/84b59c099c28ff2e8b77d4ceec5d8063","name":"NOTICIASMERCEDINAS.COM","image":{"@type":"ImageObject","inLanguage":"es","@id":"https:\/\/secure.gravatar.com\/avatar\/4dfbf16b4d17945bfb6341b2d19043457132fcf478a5ee04f42e959fd8f5df0a?s=96&d=mm&r=g","url":"https:\/\/secure.gravatar.com\/avatar\/4dfbf16b4d17945bfb6341b2d19043457132fcf478a5ee04f42e959fd8f5df0a?s=96&d=mm&r=g","contentUrl":"https:\/\/secure.gravatar.com\/avatar\/4dfbf16b4d17945bfb6341b2d19043457132fcf478a5ee04f42e959fd8f5df0a?s=96&d=mm&r=g","caption":"NOTICIASMERCEDINAS.COM"},"url":"https:\/\/noticiasmercedinas.com\/site\/author\/anonimo\/"}]}},"amp_enabled":true,"_links":{"self":[{"href":"https:\/\/noticiasmercedinas.com\/site\/wp-json\/wp\/v2\/posts\/166081","targetHints":{"allow":["GET"]}}],"collection":[{"href":"https:\/\/noticiasmercedinas.com\/site\/wp-json\/wp\/v2\/posts"}],"about":[{"href":"https:\/\/noticiasmercedinas.com\/site\/wp-json\/wp\/v2\/types\/post"}],"author":[{"embeddable":true,"href":"https:\/\/noticiasmercedinas.com\/site\/wp-json\/wp\/v2\/users\/16"}],"replies":[{"embeddable":true,"href":"https:\/\/noticiasmercedinas.com\/site\/wp-json\/wp\/v2\/comments?post=166081"}],"version-history":[{"count":1,"href":"https:\/\/noticiasmercedinas.com\/site\/wp-json\/wp\/v2\/posts\/166081\/revisions"}],"predecessor-version":[{"id":166083,"href":"https:\/\/noticiasmercedinas.com\/site\/wp-json\/wp\/v2\/posts\/166081\/revisions\/166083"}],"wp:featuredmedia":[{"embeddable":true,"href":"https:\/\/noticiasmercedinas.com\/site\/wp-json\/wp\/v2\/media\/166082"}],"wp:attachment":[{"href":"https:\/\/noticiasmercedinas.com\/site\/wp-json\/wp\/v2\/media?parent=166081"}],"wp:term":[{"taxonomy":"category","embeddable":true,"href":"https:\/\/noticiasmercedinas.com\/site\/wp-json\/wp\/v2\/categories?post=166081"},{"taxonomy":"post_tag","embeddable":true,"href":"https:\/\/noticiasmercedinas.com\/site\/wp-json\/wp\/v2\/tags?post=166081"}],"curies":[{"name":"wp","href":"https:\/\/api.w.org\/{rel}","templated":true}]}}