{"id":166459,"date":"2025-08-10T21:44:08","date_gmt":"2025-08-11T00:44:08","guid":{"rendered":"https:\/\/noticiasmercedinas.com\/site\/?p=166459"},"modified":"2025-08-10T21:44:08","modified_gmt":"2025-08-11T00:44:08","slug":"el-femenino-de-primera-inicio-el-clausura","status":"publish","type":"post","link":"https:\/\/noticiasmercedinas.com\/site\/2025\/08\/10\/el-femenino-de-primera-inicio-el-clausura\/","title":{"rendered":"El Femenino de Primera inici\u00f3 el Clausura"},"content":{"rendered":"<p>Comenz\u00f3 la segunda parte del a\u00f1o para el F\u00fatbol Femenino de Primera, que afronta un torneo ya sin Ateneo de la Juventud y en la primera jornada tuvo fecha libre Pabell\u00f3n Argentino de Marcos Paz, las campeonas invictas del Apertura.<\/p>\n<p>El Clausura ser\u00e1 distinto, en una mima tabla y con s\u00f3lo encuentros de ida, <a href=\"https:\/\/ligamercedina.com\/web\/fixture-clausura-femenino-de-primera-division\/\">ya conoci\u00e9ndose el fixture<\/a>. En la fecha inaugural Palometas gan\u00f3 en su casa a Trocha, Cer\u00e1mica super\u00f3 a Front\u00f3n en Chivilcoy, Tim\u00f3n se impuso a Mercedes en J\u00e1uregui y empataron Defensores y Nicol\u00e1s en el Jorge Adorno.<\/p>\n<p><strong>Palometas 3:<\/strong>\u00a0Evelin Culio, Tamara Ortubia y Matilda S\u00e1nchez.<br \/>\n<strong style=\"font-style: inherit;\">Trocha 0<\/strong>.<\/p>\n<p><strong style=\"font-style: inherit;\">Cer\u00e1mica 3:<\/strong>\u00a0Bianca Garibotti 2 y Francesca Gatti.<br \/>\n<strong style=\"font-style: inherit;\">El Front\u00f3n 2:<\/strong>\u00a0Danila Cano y Virginia Mart\u00ednez.<\/p>\n<p><strong style=\"font-style: inherit;\">El Tim\u00f3n 2:<\/strong>\u00a0Mu\u00f1oz y Jazm\u00edn Ruiz.<br \/>\n<strong style=\"font-style: inherit;\">Club Mercedes 1:<\/strong>\u00a0Lucrecia Gamarra.<\/p>\n<p><strong style=\"font-style: inherit;\">Defensores 2:<\/strong>\u00a0Cintia Aranda y Morena Garc\u00eda.<br \/>\n<strong style=\"font-style: inherit;\">Social Nicol\u00e1s 2: <\/strong>Antonella Cruzate y Sof\u00eda Ivachich.<br \/>\n<strong><br \/>\nPr\u00f3xima fecha<\/strong><br \/>\nSocial y Deportivo Nicol\u00e1s vs. Palometas.<br \/>\nTrocha vs. El Tim\u00f3n.<br \/>\nClub Mercedes vs. Cer\u00e1mica.<br \/>\nEl Front\u00f3n vs. Pabell\u00f3n Argentino.<br \/>\n<strong>Libre:<\/strong> Defensores Juniors.<\/p>\n","protected":false},"excerpt":{"rendered":"<p>\u25a0 Con s\u00f3lo nueve equipos, unos menos que en el Apertura, se puso en marcha el Clausura. Ser\u00e1 bajo un sistema de disputa distinto en \u00fanica tabla de posiciones.<\/p>\n","protected":false},"author":6,"featured_media":22410,"comment_status":"closed","ping_status":"closed","sticky":false,"template":"","format":"standard","meta":{"footnotes":""},"categories":[5],"tags":[751,3346,14177],"class_list":["post-166459","post","type-post","status-publish","format-standard","has-post-thumbnail","hentry","category-deportes","tag-futbol-femenino","tag-liga-mercedina-de-futbol","tag-primera-division"],"yoast_head":"<!-- This site is optimized with the Yoast SEO plugin v27.4 - https:\/\/yoast.com\/product\/yoast-seo-wordpress\/ -->\n<title>El Femenino de Primera inici\u00f3 el Clausura<\/title>\n<meta name=\"robots\" content=\"index, follow, max-snippet:-1, max-image-preview:large, max-video-preview:-1\" \/>\n<link rel=\"canonical\" href=\"https:\/\/noticiasmercedinas.com\/site\/2025\/08\/10\/el-femenino-de-primera-inicio-el-clausura\/\" \/>\n<meta property=\"og:locale\" content=\"es_ES\" \/>\n<meta property=\"og:type\" content=\"article\" \/>\n<meta property=\"og:title\" content=\"El Femenino de Primera inici\u00f3 el Clausura\" \/>\n<meta property=\"og:description\" content=\"\u25a0 Con s\u00f3lo nueve equipos, unos menos que en el Apertura, se puso en marcha el Clausura. Ser\u00e1 bajo un sistema de disputa distinto en \u00fanica tabla de posiciones.\" \/>\n<meta property=\"og:url\" content=\"https:\/\/noticiasmercedinas.com\/site\/2025\/08\/10\/el-femenino-de-primera-inicio-el-clausura\/\" \/>\n<meta property=\"og:site_name\" content=\"NOTICIASMERCEDINAS.COM\" \/>\n<meta property=\"article:publisher\" content=\"https:\/\/www.facebook.com\/noticiasmercedinas\/\" \/>\n<meta property=\"article:published_time\" content=\"2025-08-11T00:44:08+00:00\" \/>\n<meta property=\"og:image\" content=\"https:\/\/noticiasmercedinas.com\/site\/wp-content\/uploads\/2019\/06\/FUTBOL-LOCAL-08.jpg\" \/>\n\t<meta property=\"og:image:width\" content=\"650\" \/>\n\t<meta property=\"og:image:height\" content=\"431\" \/>\n\t<meta property=\"og:image:type\" content=\"image\/jpeg\" \/>\n<meta name=\"author\" content=\"Juan Dagnino NOTICIASMERCEDINAS.COM\" \/>\n<meta name=\"twitter:card\" content=\"summary_large_image\" \/>\n<meta name=\"twitter:creator\" content=\"@notmercedinas\" \/>\n<meta name=\"twitter:site\" content=\"@notmercedinas\" \/>\n<meta name=\"twitter:label1\" content=\"Escrito por\" \/>\n\t<meta name=\"twitter:data1\" content=\"Juan Dagnino NOTICIASMERCEDINAS.COM\" \/>\n\t<meta name=\"twitter:label2\" content=\"Tiempo de lectura\" \/>\n\t<meta name=\"twitter:data2\" content=\"1 minuto\" \/>\n<script type=\"application\/ld+json\" class=\"yoast-schema-graph\">{\"@context\":\"https:\\\/\\\/schema.org\",\"@graph\":[{\"@type\":\"Article\",\"@id\":\"https:\\\/\\\/noticiasmercedinas.com\\\/site\\\/2025\\\/08\\\/10\\\/el-femenino-de-primera-inicio-el-clausura\\\/#article\",\"isPartOf\":{\"@id\":\"https:\\\/\\\/noticiasmercedinas.com\\\/site\\\/2025\\\/08\\\/10\\\/el-femenino-de-primera-inicio-el-clausura\\\/\"},\"author\":{\"name\":\"Juan Dagnino NOTICIASMERCEDINAS.COM\",\"@id\":\"https:\\\/\\\/noticiasmercedinas.com\\\/site\\\/#\\\/schema\\\/person\\\/8f2f09d666ef40986eba4a5e6f2a06f9\"},\"headline\":\"El Femenino de Primera inici\u00f3 el Clausura\",\"datePublished\":\"2025-08-11T00:44:08+00:00\",\"mainEntityOfPage\":{\"@id\":\"https:\\\/\\\/noticiasmercedinas.com\\\/site\\\/2025\\\/08\\\/10\\\/el-femenino-de-primera-inicio-el-clausura\\\/\"},\"wordCount\":193,\"publisher\":{\"@id\":\"https:\\\/\\\/noticiasmercedinas.com\\\/site\\\/#organization\"},\"image\":{\"@id\":\"https:\\\/\\\/noticiasmercedinas.com\\\/site\\\/2025\\\/08\\\/10\\\/el-femenino-de-primera-inicio-el-clausura\\\/#primaryimage\"},\"thumbnailUrl\":\"https:\\\/\\\/noticiasmercedinas.com\\\/site\\\/wp-content\\\/uploads\\\/2019\\\/06\\\/FUTBOL-LOCAL-08.jpg\",\"keywords\":[\"f\u00fatbol femenino\",\"Liga Mercedina de F\u00fatbol\",\"primera divisi\u00f3n\"],\"articleSection\":[\"Deportes\"],\"inLanguage\":\"es\"},{\"@type\":\"WebPage\",\"@id\":\"https:\\\/\\\/noticiasmercedinas.com\\\/site\\\/2025\\\/08\\\/10\\\/el-femenino-de-primera-inicio-el-clausura\\\/\",\"url\":\"https:\\\/\\\/noticiasmercedinas.com\\\/site\\\/2025\\\/08\\\/10\\\/el-femenino-de-primera-inicio-el-clausura\\\/\",\"name\":\"El Femenino de Primera inici\u00f3 el Clausura\",\"isPartOf\":{\"@id\":\"https:\\\/\\\/noticiasmercedinas.com\\\/site\\\/#website\"},\"primaryImageOfPage\":{\"@id\":\"https:\\\/\\\/noticiasmercedinas.com\\\/site\\\/2025\\\/08\\\/10\\\/el-femenino-de-primera-inicio-el-clausura\\\/#primaryimage\"},\"image\":{\"@id\":\"https:\\\/\\\/noticiasmercedinas.com\\\/site\\\/2025\\\/08\\\/10\\\/el-femenino-de-primera-inicio-el-clausura\\\/#primaryimage\"},\"thumbnailUrl\":\"https:\\\/\\\/noticiasmercedinas.com\\\/site\\\/wp-content\\\/uploads\\\/2019\\\/06\\\/FUTBOL-LOCAL-08.jpg\",\"datePublished\":\"2025-08-11T00:44:08+00:00\",\"breadcrumb\":{\"@id\":\"https:\\\/\\\/noticiasmercedinas.com\\\/site\\\/2025\\\/08\\\/10\\\/el-femenino-de-primera-inicio-el-clausura\\\/#breadcrumb\"},\"inLanguage\":\"es\",\"potentialAction\":[{\"@type\":\"ReadAction\",\"target\":[\"https:\\\/\\\/noticiasmercedinas.com\\\/site\\\/2025\\\/08\\\/10\\\/el-femenino-de-primera-inicio-el-clausura\\\/\"]}]},{\"@type\":\"ImageObject\",\"inLanguage\":\"es\",\"@id\":\"https:\\\/\\\/noticiasmercedinas.com\\\/site\\\/2025\\\/08\\\/10\\\/el-femenino-de-primera-inicio-el-clausura\\\/#primaryimage\",\"url\":\"https:\\\/\\\/noticiasmercedinas.com\\\/site\\\/wp-content\\\/uploads\\\/2019\\\/06\\\/FUTBOL-LOCAL-08.jpg\",\"contentUrl\":\"https:\\\/\\\/noticiasmercedinas.com\\\/site\\\/wp-content\\\/uploads\\\/2019\\\/06\\\/FUTBOL-LOCAL-08.jpg\",\"width\":650,\"height\":431},{\"@type\":\"BreadcrumbList\",\"@id\":\"https:\\\/\\\/noticiasmercedinas.com\\\/site\\\/2025\\\/08\\\/10\\\/el-femenino-de-primera-inicio-el-clausura\\\/#breadcrumb\",\"itemListElement\":[{\"@type\":\"ListItem\",\"position\":1,\"name\":\"Portada\",\"item\":\"https:\\\/\\\/noticiasmercedinas.com\\\/site\\\/\"},{\"@type\":\"ListItem\",\"position\":2,\"name\":\"El Femenino de Primera inici\u00f3 el Clausura\"}]},{\"@type\":\"WebSite\",\"@id\":\"https:\\\/\\\/noticiasmercedinas.com\\\/site\\\/#website\",\"url\":\"https:\\\/\\\/noticiasmercedinas.com\\\/site\\\/\",\"name\":\"NOTICIASMERCEDINAS.COM\",\"description\":\"Mercedes, Buenos Aires, Argentina\",\"publisher\":{\"@id\":\"https:\\\/\\\/noticiasmercedinas.com\\\/site\\\/#organization\"},\"potentialAction\":[{\"@type\":\"SearchAction\",\"target\":{\"@type\":\"EntryPoint\",\"urlTemplate\":\"https:\\\/\\\/noticiasmercedinas.com\\\/site\\\/?s={search_term_string}\"},\"query-input\":{\"@type\":\"PropertyValueSpecification\",\"valueRequired\":true,\"valueName\":\"search_term_string\"}}],\"inLanguage\":\"es\"},{\"@type\":\"Organization\",\"@id\":\"https:\\\/\\\/noticiasmercedinas.com\\\/site\\\/#organization\",\"name\":\"NOTICIASMERCEDINAS.COM\",\"url\":\"https:\\\/\\\/noticiasmercedinas.com\\\/site\\\/\",\"logo\":{\"@type\":\"ImageObject\",\"inLanguage\":\"es\",\"@id\":\"https:\\\/\\\/noticiasmercedinas.com\\\/site\\\/#\\\/schema\\\/logo\\\/image\\\/\",\"url\":\"https:\\\/\\\/noticiasmercedinas.com\\\/site\\\/wp-content\\\/uploads\\\/2020\\\/06\\\/LOGO-512.jpg\",\"contentUrl\":\"https:\\\/\\\/noticiasmercedinas.com\\\/site\\\/wp-content\\\/uploads\\\/2020\\\/06\\\/LOGO-512.jpg\",\"width\":512,\"height\":512,\"caption\":\"NOTICIASMERCEDINAS.COM\"},\"image\":{\"@id\":\"https:\\\/\\\/noticiasmercedinas.com\\\/site\\\/#\\\/schema\\\/logo\\\/image\\\/\"},\"sameAs\":[\"https:\\\/\\\/www.facebook.com\\\/noticiasmercedinas\\\/\",\"https:\\\/\\\/x.com\\\/notmercedinas\",\"https:\\\/\\\/www.instagram.com\\\/noticiasmercedinas\\\/\"]},{\"@type\":\"Person\",\"@id\":\"https:\\\/\\\/noticiasmercedinas.com\\\/site\\\/#\\\/schema\\\/person\\\/8f2f09d666ef40986eba4a5e6f2a06f9\",\"name\":\"Juan Dagnino NOTICIASMERCEDINAS.COM\",\"image\":{\"@type\":\"ImageObject\",\"inLanguage\":\"es\",\"@id\":\"https:\\\/\\\/secure.gravatar.com\\\/avatar\\\/fc7059a769f5a3cae65fadb228a3e4accf3a64b4b2305020d0a27e6d5333c91b?s=96&d=mm&r=g\",\"url\":\"https:\\\/\\\/secure.gravatar.com\\\/avatar\\\/fc7059a769f5a3cae65fadb228a3e4accf3a64b4b2305020d0a27e6d5333c91b?s=96&d=mm&r=g\",\"contentUrl\":\"https:\\\/\\\/secure.gravatar.com\\\/avatar\\\/fc7059a769f5a3cae65fadb228a3e4accf3a64b4b2305020d0a27e6d5333c91b?s=96&d=mm&r=g\",\"caption\":\"Juan Dagnino NOTICIASMERCEDINAS.COM\"},\"url\":\"https:\\\/\\\/noticiasmercedinas.com\\\/site\\\/author\\\/juandagnino\\\/\"}]}<\/script>\n<!-- \/ Yoast SEO plugin. -->","yoast_head_json":{"title":"El Femenino de Primera inici\u00f3 el Clausura","robots":{"index":"index","follow":"follow","max-snippet":"max-snippet:-1","max-image-preview":"max-image-preview:large","max-video-preview":"max-video-preview:-1"},"canonical":"https:\/\/noticiasmercedinas.com\/site\/2025\/08\/10\/el-femenino-de-primera-inicio-el-clausura\/","og_locale":"es_ES","og_type":"article","og_title":"El Femenino de Primera inici\u00f3 el Clausura","og_description":"\u25a0 Con s\u00f3lo nueve equipos, unos menos que en el Apertura, se puso en marcha el Clausura. Ser\u00e1 bajo un sistema de disputa distinto en \u00fanica tabla de posiciones.","og_url":"https:\/\/noticiasmercedinas.com\/site\/2025\/08\/10\/el-femenino-de-primera-inicio-el-clausura\/","og_site_name":"NOTICIASMERCEDINAS.COM","article_publisher":"https:\/\/www.facebook.com\/noticiasmercedinas\/","article_published_time":"2025-08-11T00:44:08+00:00","og_image":[{"width":650,"height":431,"url":"https:\/\/noticiasmercedinas.com\/site\/wp-content\/uploads\/2019\/06\/FUTBOL-LOCAL-08.jpg","type":"image\/jpeg"}],"author":"Juan Dagnino NOTICIASMERCEDINAS.COM","twitter_card":"summary_large_image","twitter_creator":"@notmercedinas","twitter_site":"@notmercedinas","twitter_misc":{"Escrito por":"Juan Dagnino NOTICIASMERCEDINAS.COM","Tiempo de lectura":"1 minuto"},"schema":{"@context":"https:\/\/schema.org","@graph":[{"@type":"Article","@id":"https:\/\/noticiasmercedinas.com\/site\/2025\/08\/10\/el-femenino-de-primera-inicio-el-clausura\/#article","isPartOf":{"@id":"https:\/\/noticiasmercedinas.com\/site\/2025\/08\/10\/el-femenino-de-primera-inicio-el-clausura\/"},"author":{"name":"Juan Dagnino NOTICIASMERCEDINAS.COM","@id":"https:\/\/noticiasmercedinas.com\/site\/#\/schema\/person\/8f2f09d666ef40986eba4a5e6f2a06f9"},"headline":"El Femenino de Primera inici\u00f3 el Clausura","datePublished":"2025-08-11T00:44:08+00:00","mainEntityOfPage":{"@id":"https:\/\/noticiasmercedinas.com\/site\/2025\/08\/10\/el-femenino-de-primera-inicio-el-clausura\/"},"wordCount":193,"publisher":{"@id":"https:\/\/noticiasmercedinas.com\/site\/#organization"},"image":{"@id":"https:\/\/noticiasmercedinas.com\/site\/2025\/08\/10\/el-femenino-de-primera-inicio-el-clausura\/#primaryimage"},"thumbnailUrl":"https:\/\/noticiasmercedinas.com\/site\/wp-content\/uploads\/2019\/06\/FUTBOL-LOCAL-08.jpg","keywords":["f\u00fatbol femenino","Liga Mercedina de F\u00fatbol","primera divisi\u00f3n"],"articleSection":["Deportes"],"inLanguage":"es"},{"@type":"WebPage","@id":"https:\/\/noticiasmercedinas.com\/site\/2025\/08\/10\/el-femenino-de-primera-inicio-el-clausura\/","url":"https:\/\/noticiasmercedinas.com\/site\/2025\/08\/10\/el-femenino-de-primera-inicio-el-clausura\/","name":"El Femenino de Primera inici\u00f3 el Clausura","isPartOf":{"@id":"https:\/\/noticiasmercedinas.com\/site\/#website"},"primaryImageOfPage":{"@id":"https:\/\/noticiasmercedinas.com\/site\/2025\/08\/10\/el-femenino-de-primera-inicio-el-clausura\/#primaryimage"},"image":{"@id":"https:\/\/noticiasmercedinas.com\/site\/2025\/08\/10\/el-femenino-de-primera-inicio-el-clausura\/#primaryimage"},"thumbnailUrl":"https:\/\/noticiasmercedinas.com\/site\/wp-content\/uploads\/2019\/06\/FUTBOL-LOCAL-08.jpg","datePublished":"2025-08-11T00:44:08+00:00","breadcrumb":{"@id":"https:\/\/noticiasmercedinas.com\/site\/2025\/08\/10\/el-femenino-de-primera-inicio-el-clausura\/#breadcrumb"},"inLanguage":"es","potentialAction":[{"@type":"ReadAction","target":["https:\/\/noticiasmercedinas.com\/site\/2025\/08\/10\/el-femenino-de-primera-inicio-el-clausura\/"]}]},{"@type":"ImageObject","inLanguage":"es","@id":"https:\/\/noticiasmercedinas.com\/site\/2025\/08\/10\/el-femenino-de-primera-inicio-el-clausura\/#primaryimage","url":"https:\/\/noticiasmercedinas.com\/site\/wp-content\/uploads\/2019\/06\/FUTBOL-LOCAL-08.jpg","contentUrl":"https:\/\/noticiasmercedinas.com\/site\/wp-content\/uploads\/2019\/06\/FUTBOL-LOCAL-08.jpg","width":650,"height":431},{"@type":"BreadcrumbList","@id":"https:\/\/noticiasmercedinas.com\/site\/2025\/08\/10\/el-femenino-de-primera-inicio-el-clausura\/#breadcrumb","itemListElement":[{"@type":"ListItem","position":1,"name":"Portada","item":"https:\/\/noticiasmercedinas.com\/site\/"},{"@type":"ListItem","position":2,"name":"El Femenino de Primera inici\u00f3 el Clausura"}]},{"@type":"WebSite","@id":"https:\/\/noticiasmercedinas.com\/site\/#website","url":"https:\/\/noticiasmercedinas.com\/site\/","name":"NOTICIASMERCEDINAS.COM","description":"Mercedes, Buenos Aires, Argentina","publisher":{"@id":"https:\/\/noticiasmercedinas.com\/site\/#organization"},"potentialAction":[{"@type":"SearchAction","target":{"@type":"EntryPoint","urlTemplate":"https:\/\/noticiasmercedinas.com\/site\/?s={search_term_string}"},"query-input":{"@type":"PropertyValueSpecification","valueRequired":true,"valueName":"search_term_string"}}],"inLanguage":"es"},{"@type":"Organization","@id":"https:\/\/noticiasmercedinas.com\/site\/#organization","name":"NOTICIASMERCEDINAS.COM","url":"https:\/\/noticiasmercedinas.com\/site\/","logo":{"@type":"ImageObject","inLanguage":"es","@id":"https:\/\/noticiasmercedinas.com\/site\/#\/schema\/logo\/image\/","url":"https:\/\/noticiasmercedinas.com\/site\/wp-content\/uploads\/2020\/06\/LOGO-512.jpg","contentUrl":"https:\/\/noticiasmercedinas.com\/site\/wp-content\/uploads\/2020\/06\/LOGO-512.jpg","width":512,"height":512,"caption":"NOTICIASMERCEDINAS.COM"},"image":{"@id":"https:\/\/noticiasmercedinas.com\/site\/#\/schema\/logo\/image\/"},"sameAs":["https:\/\/www.facebook.com\/noticiasmercedinas\/","https:\/\/x.com\/notmercedinas","https:\/\/www.instagram.com\/noticiasmercedinas\/"]},{"@type":"Person","@id":"https:\/\/noticiasmercedinas.com\/site\/#\/schema\/person\/8f2f09d666ef40986eba4a5e6f2a06f9","name":"Juan Dagnino NOTICIASMERCEDINAS.COM","image":{"@type":"ImageObject","inLanguage":"es","@id":"https:\/\/secure.gravatar.com\/avatar\/fc7059a769f5a3cae65fadb228a3e4accf3a64b4b2305020d0a27e6d5333c91b?s=96&d=mm&r=g","url":"https:\/\/secure.gravatar.com\/avatar\/fc7059a769f5a3cae65fadb228a3e4accf3a64b4b2305020d0a27e6d5333c91b?s=96&d=mm&r=g","contentUrl":"https:\/\/secure.gravatar.com\/avatar\/fc7059a769f5a3cae65fadb228a3e4accf3a64b4b2305020d0a27e6d5333c91b?s=96&d=mm&r=g","caption":"Juan Dagnino NOTICIASMERCEDINAS.COM"},"url":"https:\/\/noticiasmercedinas.com\/site\/author\/juandagnino\/"}]}},"amp_enabled":true,"_links":{"self":[{"href":"https:\/\/noticiasmercedinas.com\/site\/wp-json\/wp\/v2\/posts\/166459","targetHints":{"allow":["GET"]}}],"collection":[{"href":"https:\/\/noticiasmercedinas.com\/site\/wp-json\/wp\/v2\/posts"}],"about":[{"href":"https:\/\/noticiasmercedinas.com\/site\/wp-json\/wp\/v2\/types\/post"}],"author":[{"embeddable":true,"href":"https:\/\/noticiasmercedinas.com\/site\/wp-json\/wp\/v2\/users\/6"}],"replies":[{"embeddable":true,"href":"https:\/\/noticiasmercedinas.com\/site\/wp-json\/wp\/v2\/comments?post=166459"}],"version-history":[{"count":1,"href":"https:\/\/noticiasmercedinas.com\/site\/wp-json\/wp\/v2\/posts\/166459\/revisions"}],"predecessor-version":[{"id":166460,"href":"https:\/\/noticiasmercedinas.com\/site\/wp-json\/wp\/v2\/posts\/166459\/revisions\/166460"}],"wp:featuredmedia":[{"embeddable":true,"href":"https:\/\/noticiasmercedinas.com\/site\/wp-json\/wp\/v2\/media\/22410"}],"wp:attachment":[{"href":"https:\/\/noticiasmercedinas.com\/site\/wp-json\/wp\/v2\/media?parent=166459"}],"wp:term":[{"taxonomy":"category","embeddable":true,"href":"https:\/\/noticiasmercedinas.com\/site\/wp-json\/wp\/v2\/categories?post=166459"},{"taxonomy":"post_tag","embeddable":true,"href":"https:\/\/noticiasmercedinas.com\/site\/wp-json\/wp\/v2\/tags?post=166459"}],"curies":[{"name":"wp","href":"https:\/\/api.w.org\/{rel}","templated":true}]}}