{"id":166519,"date":"2025-08-11T10:25:45","date_gmt":"2025-08-11T13:25:45","guid":{"rendered":"https:\/\/noticiasmercedinas.com\/site\/?p=166519"},"modified":"2025-08-11T10:25:45","modified_gmt":"2025-08-11T13:25:45","slug":"tomas-jofre-celebro-la-8-fiesta-de-la-galleta-de-campo-con-record-de-publico-y-triunfo-de-la-dulce-anita","status":"publish","type":"post","link":"https:\/\/noticiasmercedinas.com\/site\/2025\/08\/11\/tomas-jofre-celebro-la-8-fiesta-de-la-galleta-de-campo-con-record-de-publico-y-triunfo-de-la-dulce-anita\/","title":{"rendered":"Tom\u00e1s Jofr\u00e9 celebr\u00f3 la 8\u00b0 Fiesta de la Galleta de Campo con r\u00e9cord de p\u00fablico y triunfo de \u201cLa Dulce Anita\u201d"},"content":{"rendered":"<p><img loading=\"lazy\" decoding=\"async\" class=\"alignnone size-full wp-image-166524\" src=\"https:\/\/noticiasmercedinas.com\/site\/wp-content\/uploads\/2025\/08\/IMG-20250811-WA0035.jpg\" alt=\"\" width=\"1319\" height=\"879\" srcset=\"https:\/\/noticiasmercedinas.com\/site\/wp-content\/uploads\/2025\/08\/IMG-20250811-WA0035.jpg 1319w, https:\/\/noticiasmercedinas.com\/site\/wp-content\/uploads\/2025\/08\/IMG-20250811-WA0035-300x200.jpg 300w, https:\/\/noticiasmercedinas.com\/site\/wp-content\/uploads\/2025\/08\/IMG-20250811-WA0035-1024x682.jpg 1024w, https:\/\/noticiasmercedinas.com\/site\/wp-content\/uploads\/2025\/08\/IMG-20250811-WA0035-768x512.jpg 768w, https:\/\/noticiasmercedinas.com\/site\/wp-content\/uploads\/2025\/08\/IMG-20250811-WA0035-640x427.jpg 640w, https:\/\/noticiasmercedinas.com\/site\/wp-content\/uploads\/2025\/08\/IMG-20250811-WA0035-1280x853.jpg 1280w, https:\/\/noticiasmercedinas.com\/site\/wp-content\/uploads\/2025\/08\/IMG-20250811-WA0035-681x454.jpg 681w\" sizes=\"auto, (max-width: 1319px) 100vw, 1319px\" \/><\/p>\n<p>Con un marco multitudinario de turistas y vecinos, Tom\u00e1s Jofr\u00e9 vivi\u00f3 este fin de semana la 8\u00b0 edici\u00f3n de la Fiesta de la Galleta de Campo, que consagr\u00f3 como ganadora a la panader\u00eda La Dulce Anita, de Miguel Huici.<\/p>\n<p>El evento, que se desarroll\u00f3 en la plaza Domingo Silvano, cont\u00f3 con la presencia del intendente Juan Ignacio Ustarroz, el ministro de Infraestructura bonaerense Gabriel Katopodis y una destacada delegaci\u00f3n de panaderos artesanales del Partido de Mercedes.<\/p>\n<p><img loading=\"lazy\" decoding=\"async\" class=\"alignnone size-full wp-image-166525\" src=\"https:\/\/noticiasmercedinas.com\/site\/wp-content\/uploads\/2025\/08\/IMG-20250811-WA0030.jpg\" alt=\"\" width=\"1319\" height=\"879\" srcset=\"https:\/\/noticiasmercedinas.com\/site\/wp-content\/uploads\/2025\/08\/IMG-20250811-WA0030.jpg 1319w, https:\/\/noticiasmercedinas.com\/site\/wp-content\/uploads\/2025\/08\/IMG-20250811-WA0030-300x200.jpg 300w, https:\/\/noticiasmercedinas.com\/site\/wp-content\/uploads\/2025\/08\/IMG-20250811-WA0030-1024x682.jpg 1024w, https:\/\/noticiasmercedinas.com\/site\/wp-content\/uploads\/2025\/08\/IMG-20250811-WA0030-768x512.jpg 768w, https:\/\/noticiasmercedinas.com\/site\/wp-content\/uploads\/2025\/08\/IMG-20250811-WA0030-640x427.jpg 640w, https:\/\/noticiasmercedinas.com\/site\/wp-content\/uploads\/2025\/08\/IMG-20250811-WA0030-1280x853.jpg 1280w, https:\/\/noticiasmercedinas.com\/site\/wp-content\/uploads\/2025\/08\/IMG-20250811-WA0030-681x454.jpg 681w\" sizes=\"auto, (max-width: 1319px) 100vw, 1319px\" \/><\/p>\n<p>Desde temprano, el p\u00fablico disfrut\u00f3 de puestos de panader\u00edas locales, artesan\u00edas, gastronom\u00eda y m\u00fasica en vivo, en un predio especialmente acondicionado para el encuentro. El tradicional concurso de la mejor galleta de campo tuvo como jurado a representantes de fiestas y entidades gastron\u00f3micas de la regi\u00f3n, que otorgaron el tercer puesto a Panader\u00eda San Luis, el segundo a La Espiga de Oro y el primero a La Dulce Anita, con 1.800 puntos.<\/p>\n<p>Ustarroz agradeci\u00f3 \u201ca cada panadero y panadera, porque esta es su fiesta\u201d y subray\u00f3 que \u201cen estos tiempos es muy valioso el turismo, la cultura y el encuentro\u201d. Adem\u00e1s, destac\u00f3 el acompa\u00f1amiento de Katopodis, \u201cque adem\u00e1s de obras de infraestructura apoya propuestas culturales y de identidad\u201d.<\/p>\n<p>Tambi\u00e9n se pronunciaron Francisco Dinova, quien resalt\u00f3 la labor de los panaderos y convoc\u00f3 a la pr\u00f3xima Fiesta Nacional del Salame Quintero, y Domingo \u201cMinino\u201d Silvano, impulsor del evento en sus inicios, quien agradeci\u00f3 el respaldo municipal y la masiva presencia de visitantes. Por su parte, Huici, flamante campe\u00f3n, dedic\u00f3 el premio a su equipo y a las familias panaderas \u201cque trabajan madrugada tras madrugada\u201d.<\/p>\n<p>El escenario central tuvo shows de Milli Vallejos, Escuela Municipal de Tango, La \u00daltima Junta, Escuela Estrella del Sur y Hermanos del Camino, generando una pista de baile improvisada en la plaza. Seg\u00fan la Direcci\u00f3n de Producci\u00f3n, el impacto tur\u00edstico fue notable: los restaurantes trabajaron a plena capacidad con renovaciones constantes de comensales, y los feriantes y panaderos registraron ventas excepcionales.<\/p>\n<p><img loading=\"lazy\" decoding=\"async\" class=\"alignnone size-full wp-image-166523\" src=\"https:\/\/noticiasmercedinas.com\/site\/wp-content\/uploads\/2025\/08\/IMG-20250811-WA0039.jpg\" alt=\"\" width=\"1600\" height=\"1066\" srcset=\"https:\/\/noticiasmercedinas.com\/site\/wp-content\/uploads\/2025\/08\/IMG-20250811-WA0039.jpg 1600w, https:\/\/noticiasmercedinas.com\/site\/wp-content\/uploads\/2025\/08\/IMG-20250811-WA0039-300x200.jpg 300w, https:\/\/noticiasmercedinas.com\/site\/wp-content\/uploads\/2025\/08\/IMG-20250811-WA0039-1024x682.jpg 1024w, https:\/\/noticiasmercedinas.com\/site\/wp-content\/uploads\/2025\/08\/IMG-20250811-WA0039-768x512.jpg 768w, https:\/\/noticiasmercedinas.com\/site\/wp-content\/uploads\/2025\/08\/IMG-20250811-WA0039-1536x1023.jpg 1536w, https:\/\/noticiasmercedinas.com\/site\/wp-content\/uploads\/2025\/08\/IMG-20250811-WA0039-640x426.jpg 640w, https:\/\/noticiasmercedinas.com\/site\/wp-content\/uploads\/2025\/08\/IMG-20250811-WA0039-1280x853.jpg 1280w, https:\/\/noticiasmercedinas.com\/site\/wp-content\/uploads\/2025\/08\/IMG-20250811-WA0039-681x454.jpg 681w, https:\/\/noticiasmercedinas.com\/site\/wp-content\/uploads\/2025\/08\/IMG-20250811-WA0039-1362x907.jpg 1362w\" sizes=\"auto, (max-width: 1600px) 100vw, 1600px\" \/><\/p>\n","protected":false},"excerpt":{"rendered":"<p>El evento, que se desarroll\u00f3 en la plaza Domingo Silvano, cont\u00f3 con la presencia del intendente Juan Ignacio Ustarroz, el ministro de Infraestructura bonaerense Gabriel Katopodis y una destacada delegaci\u00f3n de panaderos artesanales del Partido de Mercedes<\/p>\n","protected":false},"author":16,"featured_media":166526,"comment_status":"closed","ping_status":"closed","sticky":false,"template":"","format":"standard","meta":{"footnotes":""},"categories":[3],"tags":[5902,199,33],"class_list":["post-166519","post","type-post","status-publish","format-standard","has-post-thumbnail","hentry","category-sociedad","tag-fiesta-de-la-galleta-de-campo","tag-tomas-jofre","tag-turismo"],"yoast_head":"<!-- This site is optimized with the Yoast SEO plugin v27.4 - https:\/\/yoast.com\/product\/yoast-seo-wordpress\/ -->\n<title>Tom\u00e1s Jofr\u00e9 celebr\u00f3 la 8\u00b0 Fiesta de la Galleta de Campo con r\u00e9cord de p\u00fablico y triunfo de \u201cLa Dulce Anita\u201d<\/title>\n<meta name=\"description\" content=\"El evento, que se desarroll\u00f3 en la plaza Domingo Silvano, cont\u00f3 con la presencia del intendente Juan Ignacio Ustarroz, el ministro de Infraestructura bonaerense Gabriel Katopodis y una destacada delegaci\u00f3n de panaderos artesanales del Partido de Mercedes\" \/>\n<meta name=\"robots\" content=\"index, follow, max-snippet:-1, max-image-preview:large, max-video-preview:-1\" \/>\n<link rel=\"canonical\" href=\"https:\/\/noticiasmercedinas.com\/site\/2025\/08\/11\/tomas-jofre-celebro-la-8-fiesta-de-la-galleta-de-campo-con-record-de-publico-y-triunfo-de-la-dulce-anita\/\" \/>\n<meta property=\"og:locale\" content=\"es_ES\" \/>\n<meta property=\"og:type\" content=\"article\" \/>\n<meta property=\"og:title\" content=\"Tom\u00e1s Jofr\u00e9 celebr\u00f3 la 8\u00b0 Fiesta de la Galleta de Campo con r\u00e9cord de p\u00fablico y triunfo de \u201cLa Dulce Anita\u201d\" \/>\n<meta property=\"og:description\" content=\"El evento, que se desarroll\u00f3 en la plaza Domingo Silvano, cont\u00f3 con la presencia del intendente Juan Ignacio Ustarroz, el ministro de Infraestructura bonaerense Gabriel Katopodis y una destacada delegaci\u00f3n de panaderos artesanales del Partido de Mercedes\" \/>\n<meta property=\"og:url\" content=\"https:\/\/noticiasmercedinas.com\/site\/2025\/08\/11\/tomas-jofre-celebro-la-8-fiesta-de-la-galleta-de-campo-con-record-de-publico-y-triunfo-de-la-dulce-anita\/\" \/>\n<meta property=\"og:site_name\" content=\"NOTICIASMERCEDINAS.COM\" \/>\n<meta property=\"article:publisher\" content=\"https:\/\/www.facebook.com\/noticiasmercedinas\/\" \/>\n<meta property=\"article:published_time\" content=\"2025-08-11T13:25:45+00:00\" \/>\n<meta property=\"og:image\" content=\"https:\/\/noticiasmercedinas.com\/site\/wp-content\/uploads\/2025\/08\/IMG-20250811-WA0027.jpg\" \/>\n\t<meta property=\"og:image:width\" content=\"1319\" \/>\n\t<meta property=\"og:image:height\" content=\"879\" \/>\n\t<meta property=\"og:image:type\" content=\"image\/jpeg\" \/>\n<meta name=\"author\" content=\"NOTICIASMERCEDINAS.COM\" \/>\n<meta name=\"twitter:card\" content=\"summary_large_image\" \/>\n<meta name=\"twitter:creator\" content=\"@notmercedinas\" \/>\n<meta name=\"twitter:site\" content=\"@notmercedinas\" \/>\n<meta name=\"twitter:label1\" content=\"Escrito por\" \/>\n\t<meta name=\"twitter:data1\" content=\"NOTICIASMERCEDINAS.COM\" \/>\n\t<meta name=\"twitter:label2\" content=\"Tiempo de lectura\" \/>\n\t<meta name=\"twitter:data2\" content=\"3 minutos\" \/>\n<script type=\"application\/ld+json\" class=\"yoast-schema-graph\">{\"@context\":\"https:\\\/\\\/schema.org\",\"@graph\":[{\"@type\":\"Article\",\"@id\":\"https:\\\/\\\/noticiasmercedinas.com\\\/site\\\/2025\\\/08\\\/11\\\/tomas-jofre-celebro-la-8-fiesta-de-la-galleta-de-campo-con-record-de-publico-y-triunfo-de-la-dulce-anita\\\/#article\",\"isPartOf\":{\"@id\":\"https:\\\/\\\/noticiasmercedinas.com\\\/site\\\/2025\\\/08\\\/11\\\/tomas-jofre-celebro-la-8-fiesta-de-la-galleta-de-campo-con-record-de-publico-y-triunfo-de-la-dulce-anita\\\/\"},\"author\":{\"name\":\"NOTICIASMERCEDINAS.COM\",\"@id\":\"https:\\\/\\\/noticiasmercedinas.com\\\/site\\\/#\\\/schema\\\/person\\\/84b59c099c28ff2e8b77d4ceec5d8063\"},\"headline\":\"Tom\u00e1s Jofr\u00e9 celebr\u00f3 la 8\u00b0 Fiesta de la Galleta de Campo con r\u00e9cord de p\u00fablico y triunfo de \u201cLa Dulce Anita\u201d\",\"datePublished\":\"2025-08-11T13:25:45+00:00\",\"mainEntityOfPage\":{\"@id\":\"https:\\\/\\\/noticiasmercedinas.com\\\/site\\\/2025\\\/08\\\/11\\\/tomas-jofre-celebro-la-8-fiesta-de-la-galleta-de-campo-con-record-de-publico-y-triunfo-de-la-dulce-anita\\\/\"},\"wordCount\":363,\"publisher\":{\"@id\":\"https:\\\/\\\/noticiasmercedinas.com\\\/site\\\/#organization\"},\"image\":{\"@id\":\"https:\\\/\\\/noticiasmercedinas.com\\\/site\\\/2025\\\/08\\\/11\\\/tomas-jofre-celebro-la-8-fiesta-de-la-galleta-de-campo-con-record-de-publico-y-triunfo-de-la-dulce-anita\\\/#primaryimage\"},\"thumbnailUrl\":\"https:\\\/\\\/noticiasmercedinas.com\\\/site\\\/wp-content\\\/uploads\\\/2025\\\/08\\\/IMG-20250811-WA0027.jpg\",\"keywords\":[\"Fiesta de la Galleta de Campo\",\"tomas jofre\",\"turismo\"],\"articleSection\":[\"Sociedad\"],\"inLanguage\":\"es\"},{\"@type\":\"WebPage\",\"@id\":\"https:\\\/\\\/noticiasmercedinas.com\\\/site\\\/2025\\\/08\\\/11\\\/tomas-jofre-celebro-la-8-fiesta-de-la-galleta-de-campo-con-record-de-publico-y-triunfo-de-la-dulce-anita\\\/\",\"url\":\"https:\\\/\\\/noticiasmercedinas.com\\\/site\\\/2025\\\/08\\\/11\\\/tomas-jofre-celebro-la-8-fiesta-de-la-galleta-de-campo-con-record-de-publico-y-triunfo-de-la-dulce-anita\\\/\",\"name\":\"Tom\u00e1s Jofr\u00e9 celebr\u00f3 la 8\u00b0 Fiesta de la Galleta de Campo con r\u00e9cord de p\u00fablico y triunfo de \u201cLa Dulce Anita\u201d\",\"isPartOf\":{\"@id\":\"https:\\\/\\\/noticiasmercedinas.com\\\/site\\\/#website\"},\"primaryImageOfPage\":{\"@id\":\"https:\\\/\\\/noticiasmercedinas.com\\\/site\\\/2025\\\/08\\\/11\\\/tomas-jofre-celebro-la-8-fiesta-de-la-galleta-de-campo-con-record-de-publico-y-triunfo-de-la-dulce-anita\\\/#primaryimage\"},\"image\":{\"@id\":\"https:\\\/\\\/noticiasmercedinas.com\\\/site\\\/2025\\\/08\\\/11\\\/tomas-jofre-celebro-la-8-fiesta-de-la-galleta-de-campo-con-record-de-publico-y-triunfo-de-la-dulce-anita\\\/#primaryimage\"},\"thumbnailUrl\":\"https:\\\/\\\/noticiasmercedinas.com\\\/site\\\/wp-content\\\/uploads\\\/2025\\\/08\\\/IMG-20250811-WA0027.jpg\",\"datePublished\":\"2025-08-11T13:25:45+00:00\",\"description\":\"El evento, que se desarroll\u00f3 en la plaza Domingo Silvano, cont\u00f3 con la presencia del intendente Juan Ignacio Ustarroz, el ministro de Infraestructura bonaerense Gabriel Katopodis y una destacada delegaci\u00f3n de panaderos artesanales del Partido de Mercedes\",\"breadcrumb\":{\"@id\":\"https:\\\/\\\/noticiasmercedinas.com\\\/site\\\/2025\\\/08\\\/11\\\/tomas-jofre-celebro-la-8-fiesta-de-la-galleta-de-campo-con-record-de-publico-y-triunfo-de-la-dulce-anita\\\/#breadcrumb\"},\"inLanguage\":\"es\",\"potentialAction\":[{\"@type\":\"ReadAction\",\"target\":[\"https:\\\/\\\/noticiasmercedinas.com\\\/site\\\/2025\\\/08\\\/11\\\/tomas-jofre-celebro-la-8-fiesta-de-la-galleta-de-campo-con-record-de-publico-y-triunfo-de-la-dulce-anita\\\/\"]}]},{\"@type\":\"ImageObject\",\"inLanguage\":\"es\",\"@id\":\"https:\\\/\\\/noticiasmercedinas.com\\\/site\\\/2025\\\/08\\\/11\\\/tomas-jofre-celebro-la-8-fiesta-de-la-galleta-de-campo-con-record-de-publico-y-triunfo-de-la-dulce-anita\\\/#primaryimage\",\"url\":\"https:\\\/\\\/noticiasmercedinas.com\\\/site\\\/wp-content\\\/uploads\\\/2025\\\/08\\\/IMG-20250811-WA0027.jpg\",\"contentUrl\":\"https:\\\/\\\/noticiasmercedinas.com\\\/site\\\/wp-content\\\/uploads\\\/2025\\\/08\\\/IMG-20250811-WA0027.jpg\",\"width\":1319,\"height\":879},{\"@type\":\"BreadcrumbList\",\"@id\":\"https:\\\/\\\/noticiasmercedinas.com\\\/site\\\/2025\\\/08\\\/11\\\/tomas-jofre-celebro-la-8-fiesta-de-la-galleta-de-campo-con-record-de-publico-y-triunfo-de-la-dulce-anita\\\/#breadcrumb\",\"itemListElement\":[{\"@type\":\"ListItem\",\"position\":1,\"name\":\"Portada\",\"item\":\"https:\\\/\\\/noticiasmercedinas.com\\\/site\\\/\"},{\"@type\":\"ListItem\",\"position\":2,\"name\":\"Tom\u00e1s Jofr\u00e9 celebr\u00f3 la 8\u00b0 Fiesta de la Galleta de Campo con r\u00e9cord de p\u00fablico y triunfo de \u201cLa Dulce Anita\u201d\"}]},{\"@type\":\"WebSite\",\"@id\":\"https:\\\/\\\/noticiasmercedinas.com\\\/site\\\/#website\",\"url\":\"https:\\\/\\\/noticiasmercedinas.com\\\/site\\\/\",\"name\":\"NOTICIASMERCEDINAS.COM\",\"description\":\"Mercedes, Buenos Aires, Argentina\",\"publisher\":{\"@id\":\"https:\\\/\\\/noticiasmercedinas.com\\\/site\\\/#organization\"},\"potentialAction\":[{\"@type\":\"SearchAction\",\"target\":{\"@type\":\"EntryPoint\",\"urlTemplate\":\"https:\\\/\\\/noticiasmercedinas.com\\\/site\\\/?s={search_term_string}\"},\"query-input\":{\"@type\":\"PropertyValueSpecification\",\"valueRequired\":true,\"valueName\":\"search_term_string\"}}],\"inLanguage\":\"es\"},{\"@type\":\"Organization\",\"@id\":\"https:\\\/\\\/noticiasmercedinas.com\\\/site\\\/#organization\",\"name\":\"NOTICIASMERCEDINAS.COM\",\"url\":\"https:\\\/\\\/noticiasmercedinas.com\\\/site\\\/\",\"logo\":{\"@type\":\"ImageObject\",\"inLanguage\":\"es\",\"@id\":\"https:\\\/\\\/noticiasmercedinas.com\\\/site\\\/#\\\/schema\\\/logo\\\/image\\\/\",\"url\":\"https:\\\/\\\/noticiasmercedinas.com\\\/site\\\/wp-content\\\/uploads\\\/2020\\\/06\\\/LOGO-512.jpg\",\"contentUrl\":\"https:\\\/\\\/noticiasmercedinas.com\\\/site\\\/wp-content\\\/uploads\\\/2020\\\/06\\\/LOGO-512.jpg\",\"width\":512,\"height\":512,\"caption\":\"NOTICIASMERCEDINAS.COM\"},\"image\":{\"@id\":\"https:\\\/\\\/noticiasmercedinas.com\\\/site\\\/#\\\/schema\\\/logo\\\/image\\\/\"},\"sameAs\":[\"https:\\\/\\\/www.facebook.com\\\/noticiasmercedinas\\\/\",\"https:\\\/\\\/x.com\\\/notmercedinas\",\"https:\\\/\\\/www.instagram.com\\\/noticiasmercedinas\\\/\"]},{\"@type\":\"Person\",\"@id\":\"https:\\\/\\\/noticiasmercedinas.com\\\/site\\\/#\\\/schema\\\/person\\\/84b59c099c28ff2e8b77d4ceec5d8063\",\"name\":\"NOTICIASMERCEDINAS.COM\",\"image\":{\"@type\":\"ImageObject\",\"inLanguage\":\"es\",\"@id\":\"https:\\\/\\\/secure.gravatar.com\\\/avatar\\\/4dfbf16b4d17945bfb6341b2d19043457132fcf478a5ee04f42e959fd8f5df0a?s=96&d=mm&r=g\",\"url\":\"https:\\\/\\\/secure.gravatar.com\\\/avatar\\\/4dfbf16b4d17945bfb6341b2d19043457132fcf478a5ee04f42e959fd8f5df0a?s=96&d=mm&r=g\",\"contentUrl\":\"https:\\\/\\\/secure.gravatar.com\\\/avatar\\\/4dfbf16b4d17945bfb6341b2d19043457132fcf478a5ee04f42e959fd8f5df0a?s=96&d=mm&r=g\",\"caption\":\"NOTICIASMERCEDINAS.COM\"},\"url\":\"https:\\\/\\\/noticiasmercedinas.com\\\/site\\\/author\\\/anonimo\\\/\"}]}<\/script>\n<!-- \/ Yoast SEO plugin. -->","yoast_head_json":{"title":"Tom\u00e1s Jofr\u00e9 celebr\u00f3 la 8\u00b0 Fiesta de la Galleta de Campo con r\u00e9cord de p\u00fablico y triunfo de \u201cLa Dulce Anita\u201d","description":"El evento, que se desarroll\u00f3 en la plaza Domingo Silvano, cont\u00f3 con la presencia del intendente Juan Ignacio Ustarroz, el ministro de Infraestructura bonaerense Gabriel Katopodis y una destacada delegaci\u00f3n de panaderos artesanales del Partido de Mercedes","robots":{"index":"index","follow":"follow","max-snippet":"max-snippet:-1","max-image-preview":"max-image-preview:large","max-video-preview":"max-video-preview:-1"},"canonical":"https:\/\/noticiasmercedinas.com\/site\/2025\/08\/11\/tomas-jofre-celebro-la-8-fiesta-de-la-galleta-de-campo-con-record-de-publico-y-triunfo-de-la-dulce-anita\/","og_locale":"es_ES","og_type":"article","og_title":"Tom\u00e1s Jofr\u00e9 celebr\u00f3 la 8\u00b0 Fiesta de la Galleta de Campo con r\u00e9cord de p\u00fablico y triunfo de \u201cLa Dulce Anita\u201d","og_description":"El evento, que se desarroll\u00f3 en la plaza Domingo Silvano, cont\u00f3 con la presencia del intendente Juan Ignacio Ustarroz, el ministro de Infraestructura bonaerense Gabriel Katopodis y una destacada delegaci\u00f3n de panaderos artesanales del Partido de Mercedes","og_url":"https:\/\/noticiasmercedinas.com\/site\/2025\/08\/11\/tomas-jofre-celebro-la-8-fiesta-de-la-galleta-de-campo-con-record-de-publico-y-triunfo-de-la-dulce-anita\/","og_site_name":"NOTICIASMERCEDINAS.COM","article_publisher":"https:\/\/www.facebook.com\/noticiasmercedinas\/","article_published_time":"2025-08-11T13:25:45+00:00","og_image":[{"width":1319,"height":879,"url":"https:\/\/noticiasmercedinas.com\/site\/wp-content\/uploads\/2025\/08\/IMG-20250811-WA0027.jpg","type":"image\/jpeg"}],"author":"NOTICIASMERCEDINAS.COM","twitter_card":"summary_large_image","twitter_creator":"@notmercedinas","twitter_site":"@notmercedinas","twitter_misc":{"Escrito por":"NOTICIASMERCEDINAS.COM","Tiempo de lectura":"3 minutos"},"schema":{"@context":"https:\/\/schema.org","@graph":[{"@type":"Article","@id":"https:\/\/noticiasmercedinas.com\/site\/2025\/08\/11\/tomas-jofre-celebro-la-8-fiesta-de-la-galleta-de-campo-con-record-de-publico-y-triunfo-de-la-dulce-anita\/#article","isPartOf":{"@id":"https:\/\/noticiasmercedinas.com\/site\/2025\/08\/11\/tomas-jofre-celebro-la-8-fiesta-de-la-galleta-de-campo-con-record-de-publico-y-triunfo-de-la-dulce-anita\/"},"author":{"name":"NOTICIASMERCEDINAS.COM","@id":"https:\/\/noticiasmercedinas.com\/site\/#\/schema\/person\/84b59c099c28ff2e8b77d4ceec5d8063"},"headline":"Tom\u00e1s Jofr\u00e9 celebr\u00f3 la 8\u00b0 Fiesta de la Galleta de Campo con r\u00e9cord de p\u00fablico y triunfo de \u201cLa Dulce Anita\u201d","datePublished":"2025-08-11T13:25:45+00:00","mainEntityOfPage":{"@id":"https:\/\/noticiasmercedinas.com\/site\/2025\/08\/11\/tomas-jofre-celebro-la-8-fiesta-de-la-galleta-de-campo-con-record-de-publico-y-triunfo-de-la-dulce-anita\/"},"wordCount":363,"publisher":{"@id":"https:\/\/noticiasmercedinas.com\/site\/#organization"},"image":{"@id":"https:\/\/noticiasmercedinas.com\/site\/2025\/08\/11\/tomas-jofre-celebro-la-8-fiesta-de-la-galleta-de-campo-con-record-de-publico-y-triunfo-de-la-dulce-anita\/#primaryimage"},"thumbnailUrl":"https:\/\/noticiasmercedinas.com\/site\/wp-content\/uploads\/2025\/08\/IMG-20250811-WA0027.jpg","keywords":["Fiesta de la Galleta de Campo","tomas jofre","turismo"],"articleSection":["Sociedad"],"inLanguage":"es"},{"@type":"WebPage","@id":"https:\/\/noticiasmercedinas.com\/site\/2025\/08\/11\/tomas-jofre-celebro-la-8-fiesta-de-la-galleta-de-campo-con-record-de-publico-y-triunfo-de-la-dulce-anita\/","url":"https:\/\/noticiasmercedinas.com\/site\/2025\/08\/11\/tomas-jofre-celebro-la-8-fiesta-de-la-galleta-de-campo-con-record-de-publico-y-triunfo-de-la-dulce-anita\/","name":"Tom\u00e1s Jofr\u00e9 celebr\u00f3 la 8\u00b0 Fiesta de la Galleta de Campo con r\u00e9cord de p\u00fablico y triunfo de \u201cLa Dulce Anita\u201d","isPartOf":{"@id":"https:\/\/noticiasmercedinas.com\/site\/#website"},"primaryImageOfPage":{"@id":"https:\/\/noticiasmercedinas.com\/site\/2025\/08\/11\/tomas-jofre-celebro-la-8-fiesta-de-la-galleta-de-campo-con-record-de-publico-y-triunfo-de-la-dulce-anita\/#primaryimage"},"image":{"@id":"https:\/\/noticiasmercedinas.com\/site\/2025\/08\/11\/tomas-jofre-celebro-la-8-fiesta-de-la-galleta-de-campo-con-record-de-publico-y-triunfo-de-la-dulce-anita\/#primaryimage"},"thumbnailUrl":"https:\/\/noticiasmercedinas.com\/site\/wp-content\/uploads\/2025\/08\/IMG-20250811-WA0027.jpg","datePublished":"2025-08-11T13:25:45+00:00","description":"El evento, que se desarroll\u00f3 en la plaza Domingo Silvano, cont\u00f3 con la presencia del intendente Juan Ignacio Ustarroz, el ministro de Infraestructura bonaerense Gabriel Katopodis y una destacada delegaci\u00f3n de panaderos artesanales del Partido de Mercedes","breadcrumb":{"@id":"https:\/\/noticiasmercedinas.com\/site\/2025\/08\/11\/tomas-jofre-celebro-la-8-fiesta-de-la-galleta-de-campo-con-record-de-publico-y-triunfo-de-la-dulce-anita\/#breadcrumb"},"inLanguage":"es","potentialAction":[{"@type":"ReadAction","target":["https:\/\/noticiasmercedinas.com\/site\/2025\/08\/11\/tomas-jofre-celebro-la-8-fiesta-de-la-galleta-de-campo-con-record-de-publico-y-triunfo-de-la-dulce-anita\/"]}]},{"@type":"ImageObject","inLanguage":"es","@id":"https:\/\/noticiasmercedinas.com\/site\/2025\/08\/11\/tomas-jofre-celebro-la-8-fiesta-de-la-galleta-de-campo-con-record-de-publico-y-triunfo-de-la-dulce-anita\/#primaryimage","url":"https:\/\/noticiasmercedinas.com\/site\/wp-content\/uploads\/2025\/08\/IMG-20250811-WA0027.jpg","contentUrl":"https:\/\/noticiasmercedinas.com\/site\/wp-content\/uploads\/2025\/08\/IMG-20250811-WA0027.jpg","width":1319,"height":879},{"@type":"BreadcrumbList","@id":"https:\/\/noticiasmercedinas.com\/site\/2025\/08\/11\/tomas-jofre-celebro-la-8-fiesta-de-la-galleta-de-campo-con-record-de-publico-y-triunfo-de-la-dulce-anita\/#breadcrumb","itemListElement":[{"@type":"ListItem","position":1,"name":"Portada","item":"https:\/\/noticiasmercedinas.com\/site\/"},{"@type":"ListItem","position":2,"name":"Tom\u00e1s Jofr\u00e9 celebr\u00f3 la 8\u00b0 Fiesta de la Galleta de Campo con r\u00e9cord de p\u00fablico y triunfo de \u201cLa Dulce Anita\u201d"}]},{"@type":"WebSite","@id":"https:\/\/noticiasmercedinas.com\/site\/#website","url":"https:\/\/noticiasmercedinas.com\/site\/","name":"NOTICIASMERCEDINAS.COM","description":"Mercedes, Buenos Aires, Argentina","publisher":{"@id":"https:\/\/noticiasmercedinas.com\/site\/#organization"},"potentialAction":[{"@type":"SearchAction","target":{"@type":"EntryPoint","urlTemplate":"https:\/\/noticiasmercedinas.com\/site\/?s={search_term_string}"},"query-input":{"@type":"PropertyValueSpecification","valueRequired":true,"valueName":"search_term_string"}}],"inLanguage":"es"},{"@type":"Organization","@id":"https:\/\/noticiasmercedinas.com\/site\/#organization","name":"NOTICIASMERCEDINAS.COM","url":"https:\/\/noticiasmercedinas.com\/site\/","logo":{"@type":"ImageObject","inLanguage":"es","@id":"https:\/\/noticiasmercedinas.com\/site\/#\/schema\/logo\/image\/","url":"https:\/\/noticiasmercedinas.com\/site\/wp-content\/uploads\/2020\/06\/LOGO-512.jpg","contentUrl":"https:\/\/noticiasmercedinas.com\/site\/wp-content\/uploads\/2020\/06\/LOGO-512.jpg","width":512,"height":512,"caption":"NOTICIASMERCEDINAS.COM"},"image":{"@id":"https:\/\/noticiasmercedinas.com\/site\/#\/schema\/logo\/image\/"},"sameAs":["https:\/\/www.facebook.com\/noticiasmercedinas\/","https:\/\/x.com\/notmercedinas","https:\/\/www.instagram.com\/noticiasmercedinas\/"]},{"@type":"Person","@id":"https:\/\/noticiasmercedinas.com\/site\/#\/schema\/person\/84b59c099c28ff2e8b77d4ceec5d8063","name":"NOTICIASMERCEDINAS.COM","image":{"@type":"ImageObject","inLanguage":"es","@id":"https:\/\/secure.gravatar.com\/avatar\/4dfbf16b4d17945bfb6341b2d19043457132fcf478a5ee04f42e959fd8f5df0a?s=96&d=mm&r=g","url":"https:\/\/secure.gravatar.com\/avatar\/4dfbf16b4d17945bfb6341b2d19043457132fcf478a5ee04f42e959fd8f5df0a?s=96&d=mm&r=g","contentUrl":"https:\/\/secure.gravatar.com\/avatar\/4dfbf16b4d17945bfb6341b2d19043457132fcf478a5ee04f42e959fd8f5df0a?s=96&d=mm&r=g","caption":"NOTICIASMERCEDINAS.COM"},"url":"https:\/\/noticiasmercedinas.com\/site\/author\/anonimo\/"}]}},"amp_enabled":true,"_links":{"self":[{"href":"https:\/\/noticiasmercedinas.com\/site\/wp-json\/wp\/v2\/posts\/166519","targetHints":{"allow":["GET"]}}],"collection":[{"href":"https:\/\/noticiasmercedinas.com\/site\/wp-json\/wp\/v2\/posts"}],"about":[{"href":"https:\/\/noticiasmercedinas.com\/site\/wp-json\/wp\/v2\/types\/post"}],"author":[{"embeddable":true,"href":"https:\/\/noticiasmercedinas.com\/site\/wp-json\/wp\/v2\/users\/16"}],"replies":[{"embeddable":true,"href":"https:\/\/noticiasmercedinas.com\/site\/wp-json\/wp\/v2\/comments?post=166519"}],"version-history":[{"count":4,"href":"https:\/\/noticiasmercedinas.com\/site\/wp-json\/wp\/v2\/posts\/166519\/revisions"}],"predecessor-version":[{"id":166527,"href":"https:\/\/noticiasmercedinas.com\/site\/wp-json\/wp\/v2\/posts\/166519\/revisions\/166527"}],"wp:featuredmedia":[{"embeddable":true,"href":"https:\/\/noticiasmercedinas.com\/site\/wp-json\/wp\/v2\/media\/166526"}],"wp:attachment":[{"href":"https:\/\/noticiasmercedinas.com\/site\/wp-json\/wp\/v2\/media?parent=166519"}],"wp:term":[{"taxonomy":"category","embeddable":true,"href":"https:\/\/noticiasmercedinas.com\/site\/wp-json\/wp\/v2\/categories?post=166519"},{"taxonomy":"post_tag","embeddable":true,"href":"https:\/\/noticiasmercedinas.com\/site\/wp-json\/wp\/v2\/tags?post=166519"}],"curies":[{"name":"wp","href":"https:\/\/api.w.org\/{rel}","templated":true}]}}