{"id":166543,"date":"2025-08-11T13:47:20","date_gmt":"2025-08-11T16:47:20","guid":{"rendered":"https:\/\/noticiasmercedinas.com\/site\/?p=166543"},"modified":"2025-08-11T13:47:20","modified_gmt":"2025-08-11T16:47:20","slug":"el-frente-de-izquierda-de-mercedes-participo-en-la-masiva-movilizacion-por-palestina-en-plaza-de-mayo","status":"publish","type":"post","link":"https:\/\/noticiasmercedinas.com\/site\/2025\/08\/11\/el-frente-de-izquierda-de-mercedes-participo-en-la-masiva-movilizacion-por-palestina-en-plaza-de-mayo\/","title":{"rendered":"El Frente de Izquierda de Mercedes particip\u00f3 en la masiva movilizaci\u00f3n por Palestina en Plaza de Mayo"},"content":{"rendered":"<p data-start=\"145\" data-end=\"252\"><img loading=\"lazy\" decoding=\"async\" class=\"alignnone size-full wp-image-166544\" src=\"https:\/\/noticiasmercedinas.com\/site\/wp-content\/uploads\/2025\/08\/34cda7ba-6617-4c30-8495-8218dbe13c19-e1754930751715.jpg\" alt=\"\" width=\"888\" height=\"536\" srcset=\"https:\/\/noticiasmercedinas.com\/site\/wp-content\/uploads\/2025\/08\/34cda7ba-6617-4c30-8495-8218dbe13c19-e1754930751715.jpg 888w, https:\/\/noticiasmercedinas.com\/site\/wp-content\/uploads\/2025\/08\/34cda7ba-6617-4c30-8495-8218dbe13c19-e1754930751715-300x181.jpg 300w, https:\/\/noticiasmercedinas.com\/site\/wp-content\/uploads\/2025\/08\/34cda7ba-6617-4c30-8495-8218dbe13c19-e1754930751715-768x464.jpg 768w, https:\/\/noticiasmercedinas.com\/site\/wp-content\/uploads\/2025\/08\/34cda7ba-6617-4c30-8495-8218dbe13c19-e1754930751715-640x386.jpg 640w, https:\/\/noticiasmercedinas.com\/site\/wp-content\/uploads\/2025\/08\/34cda7ba-6617-4c30-8495-8218dbe13c19-e1754930751715-681x411.jpg 681w\" sizes=\"auto, (max-width: 888px) 100vw, 888px\" \/><\/p>\n<p data-start=\"254\" data-end=\"497\">El Frente de Izquierda de Mercedes form\u00f3 parte este s\u00e1bado de la multitudinaria marcha en Plaza de Mayo convocada por el Comit\u00e9 de Solidaridad con el Pueblo Palestino, en el marco de una jornada internacional de repudio al genocidio en Gaza.<\/p>\n<p data-start=\"499\" data-end=\"1005\">La movilizaci\u00f3n denunci\u00f3 el agravamiento de la hambruna y los cr\u00edmenes cometidos por el Estado de Israel, y rechaz\u00f3 los planes del gobierno argentino de recibir al primer ministro Benjamin Netanyahu.<\/p>\n<p data-start=\"499\" data-end=\"1005\">La protesta se desarroll\u00f3 en simult\u00e1neo con la aprobaci\u00f3n, por parte del gabinete de seguridad israel\u00ed, de un plan de ocupaci\u00f3n total de la Franja de Gaza, que implicar\u00eda un endurecimiento del bloqueo y el desplazamiento forzado de la poblaci\u00f3n hacia campos de concentraci\u00f3n, como el proyectado en Rafah.<\/p>\n<p data-start=\"1007\" data-end=\"1213\">\u201cEstamos cumpliendo un deber internacionalista brindando nuestro apoyo al pueblo palestino. \u00a1Palestina libre del r\u00edo al mar! Abajo el genocidio y el colonialismo\u201d, expresaron desde el Frente de Izquierda.<\/p>\n<p data-start=\"1215\" data-end=\"1512\">Miles de personas, entre organizaciones de derechos humanos, sindicatos, agrupaciones estudiantiles y partidos pol\u00edticos, marcharon con banderas y pancartas para exigir el cese inmediato de los ataques, el levantamiento del bloqueo y el reconocimiento pleno de los derechos del pueblo palestino.<\/p>\n","protected":false},"excerpt":{"rendered":"<p>\u25a0 \u201cEstamos cumpliendo un deber internacionalista brindando nuestro apoyo al pueblo palestino. \u00a1Palestina libre del r\u00edo al mar! Abajo el genocidio y el colonialismo\u201d, expresaron<\/p>\n","protected":false},"author":16,"featured_media":166544,"comment_status":"closed","ping_status":"closed","sticky":false,"template":"","format":"standard","meta":{"footnotes":""},"categories":[2,16],"tags":[19953,1156,228,20675,20674],"class_list":["post-166543","post","type-post","status-publish","format-standard","has-post-thumbnail","hentry","category-featured","category-politica","tag-elecciones-2025","tag-fit","tag-frente-de-izquierda","tag-gaza","tag-palestina"],"yoast_head":"<!-- This site is optimized with the Yoast SEO plugin v27.5 - https:\/\/yoast.com\/product\/yoast-seo-wordpress\/ -->\n<title>El Frente de Izquierda de Mercedes particip\u00f3 en la masiva movilizaci\u00f3n por Palestina en Plaza de Mayo<\/title>\n<meta name=\"description\" content=\"\u25a0 \u201cEstamos cumpliendo un deber internacionalista brindando nuestro apoyo al pueblo palestino. \u00a1Palestina libre del r\u00edo al mar! Abajo el genocidio y el colonialismo\u201d, expresaron\" \/>\n<meta name=\"robots\" content=\"index, follow, max-snippet:-1, max-image-preview:large, max-video-preview:-1\" \/>\n<link rel=\"canonical\" href=\"https:\/\/noticiasmercedinas.com\/site\/2025\/08\/11\/el-frente-de-izquierda-de-mercedes-participo-en-la-masiva-movilizacion-por-palestina-en-plaza-de-mayo\/\" \/>\n<meta property=\"og:locale\" content=\"es_ES\" \/>\n<meta property=\"og:type\" content=\"article\" \/>\n<meta property=\"og:title\" content=\"El Frente de Izquierda de Mercedes particip\u00f3 en la masiva movilizaci\u00f3n por Palestina en Plaza de Mayo\" \/>\n<meta property=\"og:description\" content=\"\u25a0 \u201cEstamos cumpliendo un deber internacionalista brindando nuestro apoyo al pueblo palestino. \u00a1Palestina libre del r\u00edo al mar! Abajo el genocidio y el colonialismo\u201d, expresaron\" \/>\n<meta property=\"og:url\" content=\"https:\/\/noticiasmercedinas.com\/site\/2025\/08\/11\/el-frente-de-izquierda-de-mercedes-participo-en-la-masiva-movilizacion-por-palestina-en-plaza-de-mayo\/\" \/>\n<meta property=\"og:site_name\" content=\"NOTICIASMERCEDINAS.COM\" \/>\n<meta property=\"article:publisher\" content=\"https:\/\/www.facebook.com\/noticiasmercedinas\/\" \/>\n<meta property=\"article:published_time\" content=\"2025-08-11T16:47:20+00:00\" \/>\n<meta property=\"og:image\" content=\"https:\/\/noticiasmercedinas.com\/site\/wp-content\/uploads\/2025\/08\/34cda7ba-6617-4c30-8495-8218dbe13c19-e1754930751715.jpg\" \/>\n\t<meta property=\"og:image:width\" content=\"888\" \/>\n\t<meta property=\"og:image:height\" content=\"536\" \/>\n\t<meta property=\"og:image:type\" content=\"image\/jpeg\" \/>\n<meta name=\"author\" content=\"NOTICIASMERCEDINAS.COM\" \/>\n<meta name=\"twitter:card\" content=\"summary_large_image\" \/>\n<meta name=\"twitter:creator\" content=\"@notmercedinas\" \/>\n<meta name=\"twitter:site\" content=\"@notmercedinas\" \/>\n<meta name=\"twitter:label1\" content=\"Escrito por\" \/>\n\t<meta name=\"twitter:data1\" content=\"NOTICIASMERCEDINAS.COM\" \/>\n\t<meta name=\"twitter:label2\" content=\"Tiempo de lectura\" \/>\n\t<meta name=\"twitter:data2\" content=\"2 minutos\" \/>\n<script type=\"application\/ld+json\" class=\"yoast-schema-graph\">{\"@context\":\"https:\\\/\\\/schema.org\",\"@graph\":[{\"@type\":\"Article\",\"@id\":\"https:\\\/\\\/noticiasmercedinas.com\\\/site\\\/2025\\\/08\\\/11\\\/el-frente-de-izquierda-de-mercedes-participo-en-la-masiva-movilizacion-por-palestina-en-plaza-de-mayo\\\/#article\",\"isPartOf\":{\"@id\":\"https:\\\/\\\/noticiasmercedinas.com\\\/site\\\/2025\\\/08\\\/11\\\/el-frente-de-izquierda-de-mercedes-participo-en-la-masiva-movilizacion-por-palestina-en-plaza-de-mayo\\\/\"},\"author\":{\"name\":\"NOTICIASMERCEDINAS.COM\",\"@id\":\"https:\\\/\\\/noticiasmercedinas.com\\\/site\\\/#\\\/schema\\\/person\\\/84b59c099c28ff2e8b77d4ceec5d8063\"},\"headline\":\"El Frente de Izquierda de Mercedes particip\u00f3 en la masiva movilizaci\u00f3n por Palestina en Plaza de Mayo\",\"datePublished\":\"2025-08-11T16:47:20+00:00\",\"mainEntityOfPage\":{\"@id\":\"https:\\\/\\\/noticiasmercedinas.com\\\/site\\\/2025\\\/08\\\/11\\\/el-frente-de-izquierda-de-mercedes-participo-en-la-masiva-movilizacion-por-palestina-en-plaza-de-mayo\\\/\"},\"wordCount\":220,\"publisher\":{\"@id\":\"https:\\\/\\\/noticiasmercedinas.com\\\/site\\\/#organization\"},\"image\":{\"@id\":\"https:\\\/\\\/noticiasmercedinas.com\\\/site\\\/2025\\\/08\\\/11\\\/el-frente-de-izquierda-de-mercedes-participo-en-la-masiva-movilizacion-por-palestina-en-plaza-de-mayo\\\/#primaryimage\"},\"thumbnailUrl\":\"https:\\\/\\\/noticiasmercedinas.com\\\/site\\\/wp-content\\\/uploads\\\/2025\\\/08\\\/34cda7ba-6617-4c30-8495-8218dbe13c19-e1754930751715.jpg\",\"keywords\":[\"elecciones 2025\",\"FIT\",\"frente de izquierda\",\"gaza\",\"palestina\"],\"articleSection\":[\"Especiales\",\"Politica\"],\"inLanguage\":\"es\"},{\"@type\":\"WebPage\",\"@id\":\"https:\\\/\\\/noticiasmercedinas.com\\\/site\\\/2025\\\/08\\\/11\\\/el-frente-de-izquierda-de-mercedes-participo-en-la-masiva-movilizacion-por-palestina-en-plaza-de-mayo\\\/\",\"url\":\"https:\\\/\\\/noticiasmercedinas.com\\\/site\\\/2025\\\/08\\\/11\\\/el-frente-de-izquierda-de-mercedes-participo-en-la-masiva-movilizacion-por-palestina-en-plaza-de-mayo\\\/\",\"name\":\"El Frente de Izquierda de Mercedes particip\u00f3 en la masiva movilizaci\u00f3n por Palestina en Plaza de Mayo\",\"isPartOf\":{\"@id\":\"https:\\\/\\\/noticiasmercedinas.com\\\/site\\\/#website\"},\"primaryImageOfPage\":{\"@id\":\"https:\\\/\\\/noticiasmercedinas.com\\\/site\\\/2025\\\/08\\\/11\\\/el-frente-de-izquierda-de-mercedes-participo-en-la-masiva-movilizacion-por-palestina-en-plaza-de-mayo\\\/#primaryimage\"},\"image\":{\"@id\":\"https:\\\/\\\/noticiasmercedinas.com\\\/site\\\/2025\\\/08\\\/11\\\/el-frente-de-izquierda-de-mercedes-participo-en-la-masiva-movilizacion-por-palestina-en-plaza-de-mayo\\\/#primaryimage\"},\"thumbnailUrl\":\"https:\\\/\\\/noticiasmercedinas.com\\\/site\\\/wp-content\\\/uploads\\\/2025\\\/08\\\/34cda7ba-6617-4c30-8495-8218dbe13c19-e1754930751715.jpg\",\"datePublished\":\"2025-08-11T16:47:20+00:00\",\"description\":\"\u25a0 \u201cEstamos cumpliendo un deber internacionalista brindando nuestro apoyo al pueblo palestino. \u00a1Palestina libre del r\u00edo al mar! Abajo el genocidio y el colonialismo\u201d, expresaron\",\"breadcrumb\":{\"@id\":\"https:\\\/\\\/noticiasmercedinas.com\\\/site\\\/2025\\\/08\\\/11\\\/el-frente-de-izquierda-de-mercedes-participo-en-la-masiva-movilizacion-por-palestina-en-plaza-de-mayo\\\/#breadcrumb\"},\"inLanguage\":\"es\",\"potentialAction\":[{\"@type\":\"ReadAction\",\"target\":[\"https:\\\/\\\/noticiasmercedinas.com\\\/site\\\/2025\\\/08\\\/11\\\/el-frente-de-izquierda-de-mercedes-participo-en-la-masiva-movilizacion-por-palestina-en-plaza-de-mayo\\\/\"]}]},{\"@type\":\"ImageObject\",\"inLanguage\":\"es\",\"@id\":\"https:\\\/\\\/noticiasmercedinas.com\\\/site\\\/2025\\\/08\\\/11\\\/el-frente-de-izquierda-de-mercedes-participo-en-la-masiva-movilizacion-por-palestina-en-plaza-de-mayo\\\/#primaryimage\",\"url\":\"https:\\\/\\\/noticiasmercedinas.com\\\/site\\\/wp-content\\\/uploads\\\/2025\\\/08\\\/34cda7ba-6617-4c30-8495-8218dbe13c19-e1754930751715.jpg\",\"contentUrl\":\"https:\\\/\\\/noticiasmercedinas.com\\\/site\\\/wp-content\\\/uploads\\\/2025\\\/08\\\/34cda7ba-6617-4c30-8495-8218dbe13c19-e1754930751715.jpg\",\"width\":888,\"height\":536},{\"@type\":\"BreadcrumbList\",\"@id\":\"https:\\\/\\\/noticiasmercedinas.com\\\/site\\\/2025\\\/08\\\/11\\\/el-frente-de-izquierda-de-mercedes-participo-en-la-masiva-movilizacion-por-palestina-en-plaza-de-mayo\\\/#breadcrumb\",\"itemListElement\":[{\"@type\":\"ListItem\",\"position\":1,\"name\":\"Portada\",\"item\":\"https:\\\/\\\/noticiasmercedinas.com\\\/site\\\/\"},{\"@type\":\"ListItem\",\"position\":2,\"name\":\"El Frente de Izquierda de Mercedes particip\u00f3 en la masiva movilizaci\u00f3n por Palestina en Plaza de Mayo\"}]},{\"@type\":\"WebSite\",\"@id\":\"https:\\\/\\\/noticiasmercedinas.com\\\/site\\\/#website\",\"url\":\"https:\\\/\\\/noticiasmercedinas.com\\\/site\\\/\",\"name\":\"NOTICIASMERCEDINAS.COM\",\"description\":\"Mercedes, Buenos Aires, Argentina\",\"publisher\":{\"@id\":\"https:\\\/\\\/noticiasmercedinas.com\\\/site\\\/#organization\"},\"potentialAction\":[{\"@type\":\"SearchAction\",\"target\":{\"@type\":\"EntryPoint\",\"urlTemplate\":\"https:\\\/\\\/noticiasmercedinas.com\\\/site\\\/?s={search_term_string}\"},\"query-input\":{\"@type\":\"PropertyValueSpecification\",\"valueRequired\":true,\"valueName\":\"search_term_string\"}}],\"inLanguage\":\"es\"},{\"@type\":\"Organization\",\"@id\":\"https:\\\/\\\/noticiasmercedinas.com\\\/site\\\/#organization\",\"name\":\"NOTICIASMERCEDINAS.COM\",\"url\":\"https:\\\/\\\/noticiasmercedinas.com\\\/site\\\/\",\"logo\":{\"@type\":\"ImageObject\",\"inLanguage\":\"es\",\"@id\":\"https:\\\/\\\/noticiasmercedinas.com\\\/site\\\/#\\\/schema\\\/logo\\\/image\\\/\",\"url\":\"https:\\\/\\\/noticiasmercedinas.com\\\/site\\\/wp-content\\\/uploads\\\/2020\\\/06\\\/LOGO-512.jpg\",\"contentUrl\":\"https:\\\/\\\/noticiasmercedinas.com\\\/site\\\/wp-content\\\/uploads\\\/2020\\\/06\\\/LOGO-512.jpg\",\"width\":512,\"height\":512,\"caption\":\"NOTICIASMERCEDINAS.COM\"},\"image\":{\"@id\":\"https:\\\/\\\/noticiasmercedinas.com\\\/site\\\/#\\\/schema\\\/logo\\\/image\\\/\"},\"sameAs\":[\"https:\\\/\\\/www.facebook.com\\\/noticiasmercedinas\\\/\",\"https:\\\/\\\/x.com\\\/notmercedinas\",\"https:\\\/\\\/www.instagram.com\\\/noticiasmercedinas\\\/\"]},{\"@type\":\"Person\",\"@id\":\"https:\\\/\\\/noticiasmercedinas.com\\\/site\\\/#\\\/schema\\\/person\\\/84b59c099c28ff2e8b77d4ceec5d8063\",\"name\":\"NOTICIASMERCEDINAS.COM\",\"image\":{\"@type\":\"ImageObject\",\"inLanguage\":\"es\",\"@id\":\"https:\\\/\\\/secure.gravatar.com\\\/avatar\\\/4dfbf16b4d17945bfb6341b2d19043457132fcf478a5ee04f42e959fd8f5df0a?s=96&d=mm&r=g\",\"url\":\"https:\\\/\\\/secure.gravatar.com\\\/avatar\\\/4dfbf16b4d17945bfb6341b2d19043457132fcf478a5ee04f42e959fd8f5df0a?s=96&d=mm&r=g\",\"contentUrl\":\"https:\\\/\\\/secure.gravatar.com\\\/avatar\\\/4dfbf16b4d17945bfb6341b2d19043457132fcf478a5ee04f42e959fd8f5df0a?s=96&d=mm&r=g\",\"caption\":\"NOTICIASMERCEDINAS.COM\"},\"url\":\"https:\\\/\\\/noticiasmercedinas.com\\\/site\\\/author\\\/anonimo\\\/\"}]}<\/script>\n<!-- \/ Yoast SEO plugin. -->","yoast_head_json":{"title":"El Frente de Izquierda de Mercedes particip\u00f3 en la masiva movilizaci\u00f3n por Palestina en Plaza de Mayo","description":"\u25a0 \u201cEstamos cumpliendo un deber internacionalista brindando nuestro apoyo al pueblo palestino. \u00a1Palestina libre del r\u00edo al mar! Abajo el genocidio y el colonialismo\u201d, expresaron","robots":{"index":"index","follow":"follow","max-snippet":"max-snippet:-1","max-image-preview":"max-image-preview:large","max-video-preview":"max-video-preview:-1"},"canonical":"https:\/\/noticiasmercedinas.com\/site\/2025\/08\/11\/el-frente-de-izquierda-de-mercedes-participo-en-la-masiva-movilizacion-por-palestina-en-plaza-de-mayo\/","og_locale":"es_ES","og_type":"article","og_title":"El Frente de Izquierda de Mercedes particip\u00f3 en la masiva movilizaci\u00f3n por Palestina en Plaza de Mayo","og_description":"\u25a0 \u201cEstamos cumpliendo un deber internacionalista brindando nuestro apoyo al pueblo palestino. \u00a1Palestina libre del r\u00edo al mar! Abajo el genocidio y el colonialismo\u201d, expresaron","og_url":"https:\/\/noticiasmercedinas.com\/site\/2025\/08\/11\/el-frente-de-izquierda-de-mercedes-participo-en-la-masiva-movilizacion-por-palestina-en-plaza-de-mayo\/","og_site_name":"NOTICIASMERCEDINAS.COM","article_publisher":"https:\/\/www.facebook.com\/noticiasmercedinas\/","article_published_time":"2025-08-11T16:47:20+00:00","og_image":[{"width":888,"height":536,"url":"https:\/\/noticiasmercedinas.com\/site\/wp-content\/uploads\/2025\/08\/34cda7ba-6617-4c30-8495-8218dbe13c19-e1754930751715.jpg","type":"image\/jpeg"}],"author":"NOTICIASMERCEDINAS.COM","twitter_card":"summary_large_image","twitter_creator":"@notmercedinas","twitter_site":"@notmercedinas","twitter_misc":{"Escrito por":"NOTICIASMERCEDINAS.COM","Tiempo de lectura":"2 minutos"},"schema":{"@context":"https:\/\/schema.org","@graph":[{"@type":"Article","@id":"https:\/\/noticiasmercedinas.com\/site\/2025\/08\/11\/el-frente-de-izquierda-de-mercedes-participo-en-la-masiva-movilizacion-por-palestina-en-plaza-de-mayo\/#article","isPartOf":{"@id":"https:\/\/noticiasmercedinas.com\/site\/2025\/08\/11\/el-frente-de-izquierda-de-mercedes-participo-en-la-masiva-movilizacion-por-palestina-en-plaza-de-mayo\/"},"author":{"name":"NOTICIASMERCEDINAS.COM","@id":"https:\/\/noticiasmercedinas.com\/site\/#\/schema\/person\/84b59c099c28ff2e8b77d4ceec5d8063"},"headline":"El Frente de Izquierda de Mercedes particip\u00f3 en la masiva movilizaci\u00f3n por Palestina en Plaza de Mayo","datePublished":"2025-08-11T16:47:20+00:00","mainEntityOfPage":{"@id":"https:\/\/noticiasmercedinas.com\/site\/2025\/08\/11\/el-frente-de-izquierda-de-mercedes-participo-en-la-masiva-movilizacion-por-palestina-en-plaza-de-mayo\/"},"wordCount":220,"publisher":{"@id":"https:\/\/noticiasmercedinas.com\/site\/#organization"},"image":{"@id":"https:\/\/noticiasmercedinas.com\/site\/2025\/08\/11\/el-frente-de-izquierda-de-mercedes-participo-en-la-masiva-movilizacion-por-palestina-en-plaza-de-mayo\/#primaryimage"},"thumbnailUrl":"https:\/\/noticiasmercedinas.com\/site\/wp-content\/uploads\/2025\/08\/34cda7ba-6617-4c30-8495-8218dbe13c19-e1754930751715.jpg","keywords":["elecciones 2025","FIT","frente de izquierda","gaza","palestina"],"articleSection":["Especiales","Politica"],"inLanguage":"es"},{"@type":"WebPage","@id":"https:\/\/noticiasmercedinas.com\/site\/2025\/08\/11\/el-frente-de-izquierda-de-mercedes-participo-en-la-masiva-movilizacion-por-palestina-en-plaza-de-mayo\/","url":"https:\/\/noticiasmercedinas.com\/site\/2025\/08\/11\/el-frente-de-izquierda-de-mercedes-participo-en-la-masiva-movilizacion-por-palestina-en-plaza-de-mayo\/","name":"El Frente de Izquierda de Mercedes particip\u00f3 en la masiva movilizaci\u00f3n por Palestina en Plaza de Mayo","isPartOf":{"@id":"https:\/\/noticiasmercedinas.com\/site\/#website"},"primaryImageOfPage":{"@id":"https:\/\/noticiasmercedinas.com\/site\/2025\/08\/11\/el-frente-de-izquierda-de-mercedes-participo-en-la-masiva-movilizacion-por-palestina-en-plaza-de-mayo\/#primaryimage"},"image":{"@id":"https:\/\/noticiasmercedinas.com\/site\/2025\/08\/11\/el-frente-de-izquierda-de-mercedes-participo-en-la-masiva-movilizacion-por-palestina-en-plaza-de-mayo\/#primaryimage"},"thumbnailUrl":"https:\/\/noticiasmercedinas.com\/site\/wp-content\/uploads\/2025\/08\/34cda7ba-6617-4c30-8495-8218dbe13c19-e1754930751715.jpg","datePublished":"2025-08-11T16:47:20+00:00","description":"\u25a0 \u201cEstamos cumpliendo un deber internacionalista brindando nuestro apoyo al pueblo palestino. \u00a1Palestina libre del r\u00edo al mar! Abajo el genocidio y el colonialismo\u201d, expresaron","breadcrumb":{"@id":"https:\/\/noticiasmercedinas.com\/site\/2025\/08\/11\/el-frente-de-izquierda-de-mercedes-participo-en-la-masiva-movilizacion-por-palestina-en-plaza-de-mayo\/#breadcrumb"},"inLanguage":"es","potentialAction":[{"@type":"ReadAction","target":["https:\/\/noticiasmercedinas.com\/site\/2025\/08\/11\/el-frente-de-izquierda-de-mercedes-participo-en-la-masiva-movilizacion-por-palestina-en-plaza-de-mayo\/"]}]},{"@type":"ImageObject","inLanguage":"es","@id":"https:\/\/noticiasmercedinas.com\/site\/2025\/08\/11\/el-frente-de-izquierda-de-mercedes-participo-en-la-masiva-movilizacion-por-palestina-en-plaza-de-mayo\/#primaryimage","url":"https:\/\/noticiasmercedinas.com\/site\/wp-content\/uploads\/2025\/08\/34cda7ba-6617-4c30-8495-8218dbe13c19-e1754930751715.jpg","contentUrl":"https:\/\/noticiasmercedinas.com\/site\/wp-content\/uploads\/2025\/08\/34cda7ba-6617-4c30-8495-8218dbe13c19-e1754930751715.jpg","width":888,"height":536},{"@type":"BreadcrumbList","@id":"https:\/\/noticiasmercedinas.com\/site\/2025\/08\/11\/el-frente-de-izquierda-de-mercedes-participo-en-la-masiva-movilizacion-por-palestina-en-plaza-de-mayo\/#breadcrumb","itemListElement":[{"@type":"ListItem","position":1,"name":"Portada","item":"https:\/\/noticiasmercedinas.com\/site\/"},{"@type":"ListItem","position":2,"name":"El Frente de Izquierda de Mercedes particip\u00f3 en la masiva movilizaci\u00f3n por Palestina en Plaza de Mayo"}]},{"@type":"WebSite","@id":"https:\/\/noticiasmercedinas.com\/site\/#website","url":"https:\/\/noticiasmercedinas.com\/site\/","name":"NOTICIASMERCEDINAS.COM","description":"Mercedes, Buenos Aires, Argentina","publisher":{"@id":"https:\/\/noticiasmercedinas.com\/site\/#organization"},"potentialAction":[{"@type":"SearchAction","target":{"@type":"EntryPoint","urlTemplate":"https:\/\/noticiasmercedinas.com\/site\/?s={search_term_string}"},"query-input":{"@type":"PropertyValueSpecification","valueRequired":true,"valueName":"search_term_string"}}],"inLanguage":"es"},{"@type":"Organization","@id":"https:\/\/noticiasmercedinas.com\/site\/#organization","name":"NOTICIASMERCEDINAS.COM","url":"https:\/\/noticiasmercedinas.com\/site\/","logo":{"@type":"ImageObject","inLanguage":"es","@id":"https:\/\/noticiasmercedinas.com\/site\/#\/schema\/logo\/image\/","url":"https:\/\/noticiasmercedinas.com\/site\/wp-content\/uploads\/2020\/06\/LOGO-512.jpg","contentUrl":"https:\/\/noticiasmercedinas.com\/site\/wp-content\/uploads\/2020\/06\/LOGO-512.jpg","width":512,"height":512,"caption":"NOTICIASMERCEDINAS.COM"},"image":{"@id":"https:\/\/noticiasmercedinas.com\/site\/#\/schema\/logo\/image\/"},"sameAs":["https:\/\/www.facebook.com\/noticiasmercedinas\/","https:\/\/x.com\/notmercedinas","https:\/\/www.instagram.com\/noticiasmercedinas\/"]},{"@type":"Person","@id":"https:\/\/noticiasmercedinas.com\/site\/#\/schema\/person\/84b59c099c28ff2e8b77d4ceec5d8063","name":"NOTICIASMERCEDINAS.COM","image":{"@type":"ImageObject","inLanguage":"es","@id":"https:\/\/secure.gravatar.com\/avatar\/4dfbf16b4d17945bfb6341b2d19043457132fcf478a5ee04f42e959fd8f5df0a?s=96&d=mm&r=g","url":"https:\/\/secure.gravatar.com\/avatar\/4dfbf16b4d17945bfb6341b2d19043457132fcf478a5ee04f42e959fd8f5df0a?s=96&d=mm&r=g","contentUrl":"https:\/\/secure.gravatar.com\/avatar\/4dfbf16b4d17945bfb6341b2d19043457132fcf478a5ee04f42e959fd8f5df0a?s=96&d=mm&r=g","caption":"NOTICIASMERCEDINAS.COM"},"url":"https:\/\/noticiasmercedinas.com\/site\/author\/anonimo\/"}]}},"amp_enabled":true,"_links":{"self":[{"href":"https:\/\/noticiasmercedinas.com\/site\/wp-json\/wp\/v2\/posts\/166543","targetHints":{"allow":["GET"]}}],"collection":[{"href":"https:\/\/noticiasmercedinas.com\/site\/wp-json\/wp\/v2\/posts"}],"about":[{"href":"https:\/\/noticiasmercedinas.com\/site\/wp-json\/wp\/v2\/types\/post"}],"author":[{"embeddable":true,"href":"https:\/\/noticiasmercedinas.com\/site\/wp-json\/wp\/v2\/users\/16"}],"replies":[{"embeddable":true,"href":"https:\/\/noticiasmercedinas.com\/site\/wp-json\/wp\/v2\/comments?post=166543"}],"version-history":[{"count":1,"href":"https:\/\/noticiasmercedinas.com\/site\/wp-json\/wp\/v2\/posts\/166543\/revisions"}],"predecessor-version":[{"id":166545,"href":"https:\/\/noticiasmercedinas.com\/site\/wp-json\/wp\/v2\/posts\/166543\/revisions\/166545"}],"wp:featuredmedia":[{"embeddable":true,"href":"https:\/\/noticiasmercedinas.com\/site\/wp-json\/wp\/v2\/media\/166544"}],"wp:attachment":[{"href":"https:\/\/noticiasmercedinas.com\/site\/wp-json\/wp\/v2\/media?parent=166543"}],"wp:term":[{"taxonomy":"category","embeddable":true,"href":"https:\/\/noticiasmercedinas.com\/site\/wp-json\/wp\/v2\/categories?post=166543"},{"taxonomy":"post_tag","embeddable":true,"href":"https:\/\/noticiasmercedinas.com\/site\/wp-json\/wp\/v2\/tags?post=166543"}],"curies":[{"name":"wp","href":"https:\/\/api.w.org\/{rel}","templated":true}]}}