{"id":166677,"date":"2025-08-13T09:16:39","date_gmt":"2025-08-13T12:16:39","guid":{"rendered":"https:\/\/noticiasmercedinas.com\/site\/?p=166677"},"modified":"2025-08-13T09:16:39","modified_gmt":"2025-08-13T12:16:39","slug":"microcerveceria-6600-participo-de-la-8a-fiesta-de-la-galleta-de-campo-en-tomas-jofre","status":"publish","type":"post","link":"https:\/\/noticiasmercedinas.com\/site\/2025\/08\/13\/microcerveceria-6600-participo-de-la-8a-fiesta-de-la-galleta-de-campo-en-tomas-jofre\/","title":{"rendered":"Microcervecer\u00eda 6600 particip\u00f3 de la 8\u00aa Fiesta de la Galleta de Campo en Tom\u00e1s Jofr\u00e9"},"content":{"rendered":"<p data-start=\"64\" data-end=\"154\"><img loading=\"lazy\" decoding=\"async\" class=\"alignnone size-full wp-image-166679\" src=\"https:\/\/noticiasmercedinas.com\/site\/wp-content\/uploads\/2025\/08\/531825482_1334039692063131_7366781901602548788_n-e1755087257277.jpg\" alt=\"\" width=\"1080\" height=\"860\" srcset=\"https:\/\/noticiasmercedinas.com\/site\/wp-content\/uploads\/2025\/08\/531825482_1334039692063131_7366781901602548788_n-e1755087257277.jpg 1080w, https:\/\/noticiasmercedinas.com\/site\/wp-content\/uploads\/2025\/08\/531825482_1334039692063131_7366781901602548788_n-e1755087257277-300x239.jpg 300w, https:\/\/noticiasmercedinas.com\/site\/wp-content\/uploads\/2025\/08\/531825482_1334039692063131_7366781901602548788_n-e1755087257277-1024x815.jpg 1024w, https:\/\/noticiasmercedinas.com\/site\/wp-content\/uploads\/2025\/08\/531825482_1334039692063131_7366781901602548788_n-e1755087257277-768x612.jpg 768w, https:\/\/noticiasmercedinas.com\/site\/wp-content\/uploads\/2025\/08\/531825482_1334039692063131_7366781901602548788_n-e1755087257277-640x510.jpg 640w, https:\/\/noticiasmercedinas.com\/site\/wp-content\/uploads\/2025\/08\/531825482_1334039692063131_7366781901602548788_n-e1755087257277-681x542.jpg 681w\" sizes=\"auto, (max-width: 1080px) 100vw, 1080px\" \/><\/p>\n<p data-start=\"156\" data-end=\"406\">La Microcervecer\u00eda 6600 fue parte de la octava edici\u00f3n de la Fiesta de la Galleta de Campo, realizada este domingo en la localidad de Tom\u00e1s Jofr\u00e9, donde vecinos y visitantes disfrutaron de m\u00fasica, baile y gastronom\u00eda t\u00edpica bajo el sol de invierno.<\/p>\n<p data-start=\"408\" data-end=\"651\">La firma record\u00f3 que su v\u00ednculo con este evento comenz\u00f3 hace ocho a\u00f1os, en la primera edici\u00f3n de la fiesta, y que desde entonces ha participado de manera ininterrumpida, consider\u00e1ndolo parte de una tradici\u00f3n que fortalece la identidad local.<\/p>\n<p data-start=\"653\" data-end=\"820\">En esta ocasi\u00f3n, 6600 ofreci\u00f3 sus cervezas artesanales frescas para acompa\u00f1ar la jornada, que reuni\u00f3 a p\u00fablico de todas las edades en un ambiente festivo y familiar.<\/p>\n<p data-start=\"653\" data-end=\"820\">El espacio de la Microcervecer\u00eda 6600 se encuentra en Colectora de Ruta 5, kil\u00f3metro 95, Mercedes, y se consolida como uno de los lugares m\u00e1s convocantes de la regi\u00f3n para quienes buscan buena cerveza artesanal, gastronom\u00eda y un ambiente distendido.<\/p>\n<p data-start=\"653\" data-end=\"820\"><img loading=\"lazy\" decoding=\"async\" class=\"alignnone size-full wp-image-166678\" src=\"https:\/\/noticiasmercedinas.com\/site\/wp-content\/uploads\/2025\/08\/531199088_1334039702063130_6312364225704332536_n.jpg\" alt=\"\" width=\"1080\" height=\"1080\" srcset=\"https:\/\/noticiasmercedinas.com\/site\/wp-content\/uploads\/2025\/08\/531199088_1334039702063130_6312364225704332536_n.jpg 1080w, https:\/\/noticiasmercedinas.com\/site\/wp-content\/uploads\/2025\/08\/531199088_1334039702063130_6312364225704332536_n-300x300.jpg 300w, https:\/\/noticiasmercedinas.com\/site\/wp-content\/uploads\/2025\/08\/531199088_1334039702063130_6312364225704332536_n-1024x1024.jpg 1024w, https:\/\/noticiasmercedinas.com\/site\/wp-content\/uploads\/2025\/08\/531199088_1334039702063130_6312364225704332536_n-150x150.jpg 150w, https:\/\/noticiasmercedinas.com\/site\/wp-content\/uploads\/2025\/08\/531199088_1334039702063130_6312364225704332536_n-768x768.jpg 768w, https:\/\/noticiasmercedinas.com\/site\/wp-content\/uploads\/2025\/08\/531199088_1334039702063130_6312364225704332536_n-640x640.jpg 640w, https:\/\/noticiasmercedinas.com\/site\/wp-content\/uploads\/2025\/08\/531199088_1334039702063130_6312364225704332536_n-681x681.jpg 681w\" sizes=\"auto, (max-width: 1080px) 100vw, 1080px\" \/><\/p>\n","protected":false},"excerpt":{"rendered":"<p>La Microcervecer\u00eda 6600 fue parte de la octava edici\u00f3n de la Fiesta de la Galleta de Campo, realizada este domingo en la localidad de Tom\u00e1s Jofr\u00e9, donde vecinos y visitantes disfrutaron de m\u00fasica, baile y gastronom\u00eda t\u00edpica bajo el sol de invierno. La firma record\u00f3 que su v\u00ednculo con este evento comenz\u00f3 hace ocho a\u00f1os, [&hellip;]<\/p>\n","protected":false},"author":16,"featured_media":166679,"comment_status":"closed","ping_status":"closed","sticky":false,"template":"","format":"standard","meta":{"footnotes":""},"categories":[74],"tags":[999,6339,5902,20684],"class_list":["post-166677","post","type-post","status-publish","format-standard","has-post-thumbnail","hentry","category-emprendimientos","tag-999","tag-arturo-puga","tag-fiesta-de-la-galleta-de-campo","tag-microcerveceria"],"yoast_head":"<!-- This site is optimized with the Yoast SEO plugin v27.5 - https:\/\/yoast.com\/product\/yoast-seo-wordpress\/ -->\n<title>Microcervecer\u00eda 6600 particip\u00f3 de la 8\u00aa Fiesta de la Galleta de Campo en Tom\u00e1s Jofr\u00e9<\/title>\n<meta name=\"robots\" content=\"index, follow, max-snippet:-1, max-image-preview:large, max-video-preview:-1\" \/>\n<link rel=\"canonical\" href=\"https:\/\/noticiasmercedinas.com\/site\/2025\/08\/13\/microcerveceria-6600-participo-de-la-8a-fiesta-de-la-galleta-de-campo-en-tomas-jofre\/\" \/>\n<meta property=\"og:locale\" content=\"es_ES\" \/>\n<meta property=\"og:type\" content=\"article\" \/>\n<meta property=\"og:title\" content=\"Microcervecer\u00eda 6600 particip\u00f3 de la 8\u00aa Fiesta de la Galleta de Campo en Tom\u00e1s Jofr\u00e9\" \/>\n<meta property=\"og:description\" content=\"La Microcervecer\u00eda 6600 fue parte de la octava edici\u00f3n de la Fiesta de la Galleta de Campo, realizada este domingo en la localidad de Tom\u00e1s Jofr\u00e9, donde vecinos y visitantes disfrutaron de m\u00fasica, baile y gastronom\u00eda t\u00edpica bajo el sol de invierno. La firma record\u00f3 que su v\u00ednculo con este evento comenz\u00f3 hace ocho a\u00f1os, [&hellip;]\" \/>\n<meta property=\"og:url\" content=\"https:\/\/noticiasmercedinas.com\/site\/2025\/08\/13\/microcerveceria-6600-participo-de-la-8a-fiesta-de-la-galleta-de-campo-en-tomas-jofre\/\" \/>\n<meta property=\"og:site_name\" content=\"NOTICIASMERCEDINAS.COM\" \/>\n<meta property=\"article:publisher\" content=\"https:\/\/www.facebook.com\/noticiasmercedinas\/\" \/>\n<meta property=\"article:published_time\" content=\"2025-08-13T12:16:39+00:00\" \/>\n<meta property=\"og:image\" content=\"https:\/\/noticiasmercedinas.com\/site\/wp-content\/uploads\/2025\/08\/531825482_1334039692063131_7366781901602548788_n-e1755087257277.jpg\" \/>\n\t<meta property=\"og:image:width\" content=\"1080\" \/>\n\t<meta property=\"og:image:height\" content=\"860\" \/>\n\t<meta property=\"og:image:type\" content=\"image\/jpeg\" \/>\n<meta name=\"author\" content=\"NOTICIASMERCEDINAS.COM\" \/>\n<meta name=\"twitter:card\" content=\"summary_large_image\" \/>\n<meta name=\"twitter:creator\" content=\"@notmercedinas\" \/>\n<meta name=\"twitter:site\" content=\"@notmercedinas\" \/>\n<meta name=\"twitter:label1\" content=\"Escrito por\" \/>\n\t<meta name=\"twitter:data1\" content=\"NOTICIASMERCEDINAS.COM\" \/>\n\t<meta name=\"twitter:label2\" content=\"Tiempo de lectura\" \/>\n\t<meta name=\"twitter:data2\" content=\"2 minutos\" \/>\n<script type=\"application\/ld+json\" class=\"yoast-schema-graph\">{\"@context\":\"https:\\\/\\\/schema.org\",\"@graph\":[{\"@type\":\"Article\",\"@id\":\"https:\\\/\\\/noticiasmercedinas.com\\\/site\\\/2025\\\/08\\\/13\\\/microcerveceria-6600-participo-de-la-8a-fiesta-de-la-galleta-de-campo-en-tomas-jofre\\\/#article\",\"isPartOf\":{\"@id\":\"https:\\\/\\\/noticiasmercedinas.com\\\/site\\\/2025\\\/08\\\/13\\\/microcerveceria-6600-participo-de-la-8a-fiesta-de-la-galleta-de-campo-en-tomas-jofre\\\/\"},\"author\":{\"name\":\"NOTICIASMERCEDINAS.COM\",\"@id\":\"https:\\\/\\\/noticiasmercedinas.com\\\/site\\\/#\\\/schema\\\/person\\\/84b59c099c28ff2e8b77d4ceec5d8063\"},\"headline\":\"Microcervecer\u00eda 6600 particip\u00f3 de la 8\u00aa Fiesta de la Galleta de Campo en Tom\u00e1s Jofr\u00e9\",\"datePublished\":\"2025-08-13T12:16:39+00:00\",\"mainEntityOfPage\":{\"@id\":\"https:\\\/\\\/noticiasmercedinas.com\\\/site\\\/2025\\\/08\\\/13\\\/microcerveceria-6600-participo-de-la-8a-fiesta-de-la-galleta-de-campo-en-tomas-jofre\\\/\"},\"wordCount\":177,\"publisher\":{\"@id\":\"https:\\\/\\\/noticiasmercedinas.com\\\/site\\\/#organization\"},\"image\":{\"@id\":\"https:\\\/\\\/noticiasmercedinas.com\\\/site\\\/2025\\\/08\\\/13\\\/microcerveceria-6600-participo-de-la-8a-fiesta-de-la-galleta-de-campo-en-tomas-jofre\\\/#primaryimage\"},\"thumbnailUrl\":\"https:\\\/\\\/noticiasmercedinas.com\\\/site\\\/wp-content\\\/uploads\\\/2025\\\/08\\\/531825482_1334039692063131_7366781901602548788_n-e1755087257277.jpg\",\"keywords\":[\"6600\",\"arturo puga\",\"Fiesta de la Galleta de Campo\",\"microcerveceria\"],\"articleSection\":[\"Emprendimientos\"],\"inLanguage\":\"es\"},{\"@type\":\"WebPage\",\"@id\":\"https:\\\/\\\/noticiasmercedinas.com\\\/site\\\/2025\\\/08\\\/13\\\/microcerveceria-6600-participo-de-la-8a-fiesta-de-la-galleta-de-campo-en-tomas-jofre\\\/\",\"url\":\"https:\\\/\\\/noticiasmercedinas.com\\\/site\\\/2025\\\/08\\\/13\\\/microcerveceria-6600-participo-de-la-8a-fiesta-de-la-galleta-de-campo-en-tomas-jofre\\\/\",\"name\":\"Microcervecer\u00eda 6600 particip\u00f3 de la 8\u00aa Fiesta de la Galleta de Campo en Tom\u00e1s Jofr\u00e9\",\"isPartOf\":{\"@id\":\"https:\\\/\\\/noticiasmercedinas.com\\\/site\\\/#website\"},\"primaryImageOfPage\":{\"@id\":\"https:\\\/\\\/noticiasmercedinas.com\\\/site\\\/2025\\\/08\\\/13\\\/microcerveceria-6600-participo-de-la-8a-fiesta-de-la-galleta-de-campo-en-tomas-jofre\\\/#primaryimage\"},\"image\":{\"@id\":\"https:\\\/\\\/noticiasmercedinas.com\\\/site\\\/2025\\\/08\\\/13\\\/microcerveceria-6600-participo-de-la-8a-fiesta-de-la-galleta-de-campo-en-tomas-jofre\\\/#primaryimage\"},\"thumbnailUrl\":\"https:\\\/\\\/noticiasmercedinas.com\\\/site\\\/wp-content\\\/uploads\\\/2025\\\/08\\\/531825482_1334039692063131_7366781901602548788_n-e1755087257277.jpg\",\"datePublished\":\"2025-08-13T12:16:39+00:00\",\"breadcrumb\":{\"@id\":\"https:\\\/\\\/noticiasmercedinas.com\\\/site\\\/2025\\\/08\\\/13\\\/microcerveceria-6600-participo-de-la-8a-fiesta-de-la-galleta-de-campo-en-tomas-jofre\\\/#breadcrumb\"},\"inLanguage\":\"es\",\"potentialAction\":[{\"@type\":\"ReadAction\",\"target\":[\"https:\\\/\\\/noticiasmercedinas.com\\\/site\\\/2025\\\/08\\\/13\\\/microcerveceria-6600-participo-de-la-8a-fiesta-de-la-galleta-de-campo-en-tomas-jofre\\\/\"]}]},{\"@type\":\"ImageObject\",\"inLanguage\":\"es\",\"@id\":\"https:\\\/\\\/noticiasmercedinas.com\\\/site\\\/2025\\\/08\\\/13\\\/microcerveceria-6600-participo-de-la-8a-fiesta-de-la-galleta-de-campo-en-tomas-jofre\\\/#primaryimage\",\"url\":\"https:\\\/\\\/noticiasmercedinas.com\\\/site\\\/wp-content\\\/uploads\\\/2025\\\/08\\\/531825482_1334039692063131_7366781901602548788_n-e1755087257277.jpg\",\"contentUrl\":\"https:\\\/\\\/noticiasmercedinas.com\\\/site\\\/wp-content\\\/uploads\\\/2025\\\/08\\\/531825482_1334039692063131_7366781901602548788_n-e1755087257277.jpg\",\"width\":1080,\"height\":860},{\"@type\":\"BreadcrumbList\",\"@id\":\"https:\\\/\\\/noticiasmercedinas.com\\\/site\\\/2025\\\/08\\\/13\\\/microcerveceria-6600-participo-de-la-8a-fiesta-de-la-galleta-de-campo-en-tomas-jofre\\\/#breadcrumb\",\"itemListElement\":[{\"@type\":\"ListItem\",\"position\":1,\"name\":\"Portada\",\"item\":\"https:\\\/\\\/noticiasmercedinas.com\\\/site\\\/\"},{\"@type\":\"ListItem\",\"position\":2,\"name\":\"Microcervecer\u00eda 6600 particip\u00f3 de la 8\u00aa Fiesta de la Galleta de Campo en Tom\u00e1s Jofr\u00e9\"}]},{\"@type\":\"WebSite\",\"@id\":\"https:\\\/\\\/noticiasmercedinas.com\\\/site\\\/#website\",\"url\":\"https:\\\/\\\/noticiasmercedinas.com\\\/site\\\/\",\"name\":\"NOTICIASMERCEDINAS.COM\",\"description\":\"Mercedes, Buenos Aires, Argentina\",\"publisher\":{\"@id\":\"https:\\\/\\\/noticiasmercedinas.com\\\/site\\\/#organization\"},\"potentialAction\":[{\"@type\":\"SearchAction\",\"target\":{\"@type\":\"EntryPoint\",\"urlTemplate\":\"https:\\\/\\\/noticiasmercedinas.com\\\/site\\\/?s={search_term_string}\"},\"query-input\":{\"@type\":\"PropertyValueSpecification\",\"valueRequired\":true,\"valueName\":\"search_term_string\"}}],\"inLanguage\":\"es\"},{\"@type\":\"Organization\",\"@id\":\"https:\\\/\\\/noticiasmercedinas.com\\\/site\\\/#organization\",\"name\":\"NOTICIASMERCEDINAS.COM\",\"url\":\"https:\\\/\\\/noticiasmercedinas.com\\\/site\\\/\",\"logo\":{\"@type\":\"ImageObject\",\"inLanguage\":\"es\",\"@id\":\"https:\\\/\\\/noticiasmercedinas.com\\\/site\\\/#\\\/schema\\\/logo\\\/image\\\/\",\"url\":\"https:\\\/\\\/noticiasmercedinas.com\\\/site\\\/wp-content\\\/uploads\\\/2020\\\/06\\\/LOGO-512.jpg\",\"contentUrl\":\"https:\\\/\\\/noticiasmercedinas.com\\\/site\\\/wp-content\\\/uploads\\\/2020\\\/06\\\/LOGO-512.jpg\",\"width\":512,\"height\":512,\"caption\":\"NOTICIASMERCEDINAS.COM\"},\"image\":{\"@id\":\"https:\\\/\\\/noticiasmercedinas.com\\\/site\\\/#\\\/schema\\\/logo\\\/image\\\/\"},\"sameAs\":[\"https:\\\/\\\/www.facebook.com\\\/noticiasmercedinas\\\/\",\"https:\\\/\\\/x.com\\\/notmercedinas\",\"https:\\\/\\\/www.instagram.com\\\/noticiasmercedinas\\\/\"]},{\"@type\":\"Person\",\"@id\":\"https:\\\/\\\/noticiasmercedinas.com\\\/site\\\/#\\\/schema\\\/person\\\/84b59c099c28ff2e8b77d4ceec5d8063\",\"name\":\"NOTICIASMERCEDINAS.COM\",\"image\":{\"@type\":\"ImageObject\",\"inLanguage\":\"es\",\"@id\":\"https:\\\/\\\/secure.gravatar.com\\\/avatar\\\/4dfbf16b4d17945bfb6341b2d19043457132fcf478a5ee04f42e959fd8f5df0a?s=96&d=mm&r=g\",\"url\":\"https:\\\/\\\/secure.gravatar.com\\\/avatar\\\/4dfbf16b4d17945bfb6341b2d19043457132fcf478a5ee04f42e959fd8f5df0a?s=96&d=mm&r=g\",\"contentUrl\":\"https:\\\/\\\/secure.gravatar.com\\\/avatar\\\/4dfbf16b4d17945bfb6341b2d19043457132fcf478a5ee04f42e959fd8f5df0a?s=96&d=mm&r=g\",\"caption\":\"NOTICIASMERCEDINAS.COM\"},\"url\":\"https:\\\/\\\/noticiasmercedinas.com\\\/site\\\/author\\\/anonimo\\\/\"}]}<\/script>\n<!-- \/ Yoast SEO plugin. -->","yoast_head_json":{"title":"Microcervecer\u00eda 6600 particip\u00f3 de la 8\u00aa Fiesta de la Galleta de Campo en Tom\u00e1s Jofr\u00e9","robots":{"index":"index","follow":"follow","max-snippet":"max-snippet:-1","max-image-preview":"max-image-preview:large","max-video-preview":"max-video-preview:-1"},"canonical":"https:\/\/noticiasmercedinas.com\/site\/2025\/08\/13\/microcerveceria-6600-participo-de-la-8a-fiesta-de-la-galleta-de-campo-en-tomas-jofre\/","og_locale":"es_ES","og_type":"article","og_title":"Microcervecer\u00eda 6600 particip\u00f3 de la 8\u00aa Fiesta de la Galleta de Campo en Tom\u00e1s Jofr\u00e9","og_description":"La Microcervecer\u00eda 6600 fue parte de la octava edici\u00f3n de la Fiesta de la Galleta de Campo, realizada este domingo en la localidad de Tom\u00e1s Jofr\u00e9, donde vecinos y visitantes disfrutaron de m\u00fasica, baile y gastronom\u00eda t\u00edpica bajo el sol de invierno. La firma record\u00f3 que su v\u00ednculo con este evento comenz\u00f3 hace ocho a\u00f1os, [&hellip;]","og_url":"https:\/\/noticiasmercedinas.com\/site\/2025\/08\/13\/microcerveceria-6600-participo-de-la-8a-fiesta-de-la-galleta-de-campo-en-tomas-jofre\/","og_site_name":"NOTICIASMERCEDINAS.COM","article_publisher":"https:\/\/www.facebook.com\/noticiasmercedinas\/","article_published_time":"2025-08-13T12:16:39+00:00","og_image":[{"width":1080,"height":860,"url":"https:\/\/noticiasmercedinas.com\/site\/wp-content\/uploads\/2025\/08\/531825482_1334039692063131_7366781901602548788_n-e1755087257277.jpg","type":"image\/jpeg"}],"author":"NOTICIASMERCEDINAS.COM","twitter_card":"summary_large_image","twitter_creator":"@notmercedinas","twitter_site":"@notmercedinas","twitter_misc":{"Escrito por":"NOTICIASMERCEDINAS.COM","Tiempo de lectura":"2 minutos"},"schema":{"@context":"https:\/\/schema.org","@graph":[{"@type":"Article","@id":"https:\/\/noticiasmercedinas.com\/site\/2025\/08\/13\/microcerveceria-6600-participo-de-la-8a-fiesta-de-la-galleta-de-campo-en-tomas-jofre\/#article","isPartOf":{"@id":"https:\/\/noticiasmercedinas.com\/site\/2025\/08\/13\/microcerveceria-6600-participo-de-la-8a-fiesta-de-la-galleta-de-campo-en-tomas-jofre\/"},"author":{"name":"NOTICIASMERCEDINAS.COM","@id":"https:\/\/noticiasmercedinas.com\/site\/#\/schema\/person\/84b59c099c28ff2e8b77d4ceec5d8063"},"headline":"Microcervecer\u00eda 6600 particip\u00f3 de la 8\u00aa Fiesta de la Galleta de Campo en Tom\u00e1s Jofr\u00e9","datePublished":"2025-08-13T12:16:39+00:00","mainEntityOfPage":{"@id":"https:\/\/noticiasmercedinas.com\/site\/2025\/08\/13\/microcerveceria-6600-participo-de-la-8a-fiesta-de-la-galleta-de-campo-en-tomas-jofre\/"},"wordCount":177,"publisher":{"@id":"https:\/\/noticiasmercedinas.com\/site\/#organization"},"image":{"@id":"https:\/\/noticiasmercedinas.com\/site\/2025\/08\/13\/microcerveceria-6600-participo-de-la-8a-fiesta-de-la-galleta-de-campo-en-tomas-jofre\/#primaryimage"},"thumbnailUrl":"https:\/\/noticiasmercedinas.com\/site\/wp-content\/uploads\/2025\/08\/531825482_1334039692063131_7366781901602548788_n-e1755087257277.jpg","keywords":["6600","arturo puga","Fiesta de la Galleta de Campo","microcerveceria"],"articleSection":["Emprendimientos"],"inLanguage":"es"},{"@type":"WebPage","@id":"https:\/\/noticiasmercedinas.com\/site\/2025\/08\/13\/microcerveceria-6600-participo-de-la-8a-fiesta-de-la-galleta-de-campo-en-tomas-jofre\/","url":"https:\/\/noticiasmercedinas.com\/site\/2025\/08\/13\/microcerveceria-6600-participo-de-la-8a-fiesta-de-la-galleta-de-campo-en-tomas-jofre\/","name":"Microcervecer\u00eda 6600 particip\u00f3 de la 8\u00aa Fiesta de la Galleta de Campo en Tom\u00e1s Jofr\u00e9","isPartOf":{"@id":"https:\/\/noticiasmercedinas.com\/site\/#website"},"primaryImageOfPage":{"@id":"https:\/\/noticiasmercedinas.com\/site\/2025\/08\/13\/microcerveceria-6600-participo-de-la-8a-fiesta-de-la-galleta-de-campo-en-tomas-jofre\/#primaryimage"},"image":{"@id":"https:\/\/noticiasmercedinas.com\/site\/2025\/08\/13\/microcerveceria-6600-participo-de-la-8a-fiesta-de-la-galleta-de-campo-en-tomas-jofre\/#primaryimage"},"thumbnailUrl":"https:\/\/noticiasmercedinas.com\/site\/wp-content\/uploads\/2025\/08\/531825482_1334039692063131_7366781901602548788_n-e1755087257277.jpg","datePublished":"2025-08-13T12:16:39+00:00","breadcrumb":{"@id":"https:\/\/noticiasmercedinas.com\/site\/2025\/08\/13\/microcerveceria-6600-participo-de-la-8a-fiesta-de-la-galleta-de-campo-en-tomas-jofre\/#breadcrumb"},"inLanguage":"es","potentialAction":[{"@type":"ReadAction","target":["https:\/\/noticiasmercedinas.com\/site\/2025\/08\/13\/microcerveceria-6600-participo-de-la-8a-fiesta-de-la-galleta-de-campo-en-tomas-jofre\/"]}]},{"@type":"ImageObject","inLanguage":"es","@id":"https:\/\/noticiasmercedinas.com\/site\/2025\/08\/13\/microcerveceria-6600-participo-de-la-8a-fiesta-de-la-galleta-de-campo-en-tomas-jofre\/#primaryimage","url":"https:\/\/noticiasmercedinas.com\/site\/wp-content\/uploads\/2025\/08\/531825482_1334039692063131_7366781901602548788_n-e1755087257277.jpg","contentUrl":"https:\/\/noticiasmercedinas.com\/site\/wp-content\/uploads\/2025\/08\/531825482_1334039692063131_7366781901602548788_n-e1755087257277.jpg","width":1080,"height":860},{"@type":"BreadcrumbList","@id":"https:\/\/noticiasmercedinas.com\/site\/2025\/08\/13\/microcerveceria-6600-participo-de-la-8a-fiesta-de-la-galleta-de-campo-en-tomas-jofre\/#breadcrumb","itemListElement":[{"@type":"ListItem","position":1,"name":"Portada","item":"https:\/\/noticiasmercedinas.com\/site\/"},{"@type":"ListItem","position":2,"name":"Microcervecer\u00eda 6600 particip\u00f3 de la 8\u00aa Fiesta de la Galleta de Campo en Tom\u00e1s Jofr\u00e9"}]},{"@type":"WebSite","@id":"https:\/\/noticiasmercedinas.com\/site\/#website","url":"https:\/\/noticiasmercedinas.com\/site\/","name":"NOTICIASMERCEDINAS.COM","description":"Mercedes, Buenos Aires, Argentina","publisher":{"@id":"https:\/\/noticiasmercedinas.com\/site\/#organization"},"potentialAction":[{"@type":"SearchAction","target":{"@type":"EntryPoint","urlTemplate":"https:\/\/noticiasmercedinas.com\/site\/?s={search_term_string}"},"query-input":{"@type":"PropertyValueSpecification","valueRequired":true,"valueName":"search_term_string"}}],"inLanguage":"es"},{"@type":"Organization","@id":"https:\/\/noticiasmercedinas.com\/site\/#organization","name":"NOTICIASMERCEDINAS.COM","url":"https:\/\/noticiasmercedinas.com\/site\/","logo":{"@type":"ImageObject","inLanguage":"es","@id":"https:\/\/noticiasmercedinas.com\/site\/#\/schema\/logo\/image\/","url":"https:\/\/noticiasmercedinas.com\/site\/wp-content\/uploads\/2020\/06\/LOGO-512.jpg","contentUrl":"https:\/\/noticiasmercedinas.com\/site\/wp-content\/uploads\/2020\/06\/LOGO-512.jpg","width":512,"height":512,"caption":"NOTICIASMERCEDINAS.COM"},"image":{"@id":"https:\/\/noticiasmercedinas.com\/site\/#\/schema\/logo\/image\/"},"sameAs":["https:\/\/www.facebook.com\/noticiasmercedinas\/","https:\/\/x.com\/notmercedinas","https:\/\/www.instagram.com\/noticiasmercedinas\/"]},{"@type":"Person","@id":"https:\/\/noticiasmercedinas.com\/site\/#\/schema\/person\/84b59c099c28ff2e8b77d4ceec5d8063","name":"NOTICIASMERCEDINAS.COM","image":{"@type":"ImageObject","inLanguage":"es","@id":"https:\/\/secure.gravatar.com\/avatar\/4dfbf16b4d17945bfb6341b2d19043457132fcf478a5ee04f42e959fd8f5df0a?s=96&d=mm&r=g","url":"https:\/\/secure.gravatar.com\/avatar\/4dfbf16b4d17945bfb6341b2d19043457132fcf478a5ee04f42e959fd8f5df0a?s=96&d=mm&r=g","contentUrl":"https:\/\/secure.gravatar.com\/avatar\/4dfbf16b4d17945bfb6341b2d19043457132fcf478a5ee04f42e959fd8f5df0a?s=96&d=mm&r=g","caption":"NOTICIASMERCEDINAS.COM"},"url":"https:\/\/noticiasmercedinas.com\/site\/author\/anonimo\/"}]}},"amp_enabled":true,"_links":{"self":[{"href":"https:\/\/noticiasmercedinas.com\/site\/wp-json\/wp\/v2\/posts\/166677","targetHints":{"allow":["GET"]}}],"collection":[{"href":"https:\/\/noticiasmercedinas.com\/site\/wp-json\/wp\/v2\/posts"}],"about":[{"href":"https:\/\/noticiasmercedinas.com\/site\/wp-json\/wp\/v2\/types\/post"}],"author":[{"embeddable":true,"href":"https:\/\/noticiasmercedinas.com\/site\/wp-json\/wp\/v2\/users\/16"}],"replies":[{"embeddable":true,"href":"https:\/\/noticiasmercedinas.com\/site\/wp-json\/wp\/v2\/comments?post=166677"}],"version-history":[{"count":1,"href":"https:\/\/noticiasmercedinas.com\/site\/wp-json\/wp\/v2\/posts\/166677\/revisions"}],"predecessor-version":[{"id":166680,"href":"https:\/\/noticiasmercedinas.com\/site\/wp-json\/wp\/v2\/posts\/166677\/revisions\/166680"}],"wp:featuredmedia":[{"embeddable":true,"href":"https:\/\/noticiasmercedinas.com\/site\/wp-json\/wp\/v2\/media\/166679"}],"wp:attachment":[{"href":"https:\/\/noticiasmercedinas.com\/site\/wp-json\/wp\/v2\/media?parent=166677"}],"wp:term":[{"taxonomy":"category","embeddable":true,"href":"https:\/\/noticiasmercedinas.com\/site\/wp-json\/wp\/v2\/categories?post=166677"},{"taxonomy":"post_tag","embeddable":true,"href":"https:\/\/noticiasmercedinas.com\/site\/wp-json\/wp\/v2\/tags?post=166677"}],"curies":[{"name":"wp","href":"https:\/\/api.w.org\/{rel}","templated":true}]}}