{"id":166692,"date":"2025-08-13T10:16:42","date_gmt":"2025-08-13T13:16:42","guid":{"rendered":"https:\/\/noticiasmercedinas.com\/site\/?p=166692"},"modified":"2025-08-13T10:16:42","modified_gmt":"2025-08-13T13:16:42","slug":"hospital-blas-l-dubarry-participo-en-moreno-de-la-feria-de-residencias-de-la-region-sanitaria-vii","status":"publish","type":"post","link":"https:\/\/noticiasmercedinas.com\/site\/2025\/08\/13\/hospital-blas-l-dubarry-participo-en-moreno-de-la-feria-de-residencias-de-la-region-sanitaria-vii\/","title":{"rendered":"Hospital Blas L. Dubarry particip\u00f3 en Moreno de la Feria de Residencias de la Regi\u00f3n Sanitaria VII"},"content":{"rendered":"<p data-start=\"91\" data-end=\"188\"><img loading=\"lazy\" decoding=\"async\" class=\"alignnone size-full wp-image-166693\" src=\"https:\/\/noticiasmercedinas.com\/site\/wp-content\/uploads\/2025\/08\/582576fa-bb59-4b6a-be81-60f2089e4a13-scaled.jpg\" alt=\"\" width=\"2560\" height=\"1401\" srcset=\"https:\/\/noticiasmercedinas.com\/site\/wp-content\/uploads\/2025\/08\/582576fa-bb59-4b6a-be81-60f2089e4a13-scaled.jpg 2560w, https:\/\/noticiasmercedinas.com\/site\/wp-content\/uploads\/2025\/08\/582576fa-bb59-4b6a-be81-60f2089e4a13-300x164.jpg 300w, https:\/\/noticiasmercedinas.com\/site\/wp-content\/uploads\/2025\/08\/582576fa-bb59-4b6a-be81-60f2089e4a13-1024x560.jpg 1024w, https:\/\/noticiasmercedinas.com\/site\/wp-content\/uploads\/2025\/08\/582576fa-bb59-4b6a-be81-60f2089e4a13-768x420.jpg 768w, https:\/\/noticiasmercedinas.com\/site\/wp-content\/uploads\/2025\/08\/582576fa-bb59-4b6a-be81-60f2089e4a13-1536x840.jpg 1536w, https:\/\/noticiasmercedinas.com\/site\/wp-content\/uploads\/2025\/08\/582576fa-bb59-4b6a-be81-60f2089e4a13-2048x1121.jpg 2048w, https:\/\/noticiasmercedinas.com\/site\/wp-content\/uploads\/2025\/08\/582576fa-bb59-4b6a-be81-60f2089e4a13-640x350.jpg 640w, https:\/\/noticiasmercedinas.com\/site\/wp-content\/uploads\/2025\/08\/582576fa-bb59-4b6a-be81-60f2089e4a13-1280x700.jpg 1280w, https:\/\/noticiasmercedinas.com\/site\/wp-content\/uploads\/2025\/08\/582576fa-bb59-4b6a-be81-60f2089e4a13-681x373.jpg 681w, https:\/\/noticiasmercedinas.com\/site\/wp-content\/uploads\/2025\/08\/582576fa-bb59-4b6a-be81-60f2089e4a13-1362x745.jpg 1362w\" sizes=\"auto, (max-width: 2560px) 100vw, 2560px\" \/><\/p>\n<p data-start=\"190\" data-end=\"555\">El Hospital Blas L. Dubarry estuvo presente en la Feria de Residencias de la Regi\u00f3n Sanitaria VII, que fuera realizada en el Hospital Mariano y Luciano de la Vega, en Moreno, un evento que reuni\u00f3 a instituciones de salud de toda la regi\u00f3n para difundir su oferta formativa y acercar oportunidades de capacitaci\u00f3n a profesionales y aspirantes a residencias.<\/p>\n<p data-start=\"557\" data-end=\"792\">Durante la jornada, el \u00e1rea de Docencia e Investigaci\u00f3n del hospital acompa\u00f1\u00f3 a residentes y jefaturas de residencias para compartir experiencias y dar a conocer las distintas especialidades y oportunidades que ofrece la instituci\u00f3n.<\/p>\n<p data-start=\"557\" data-end=\"792\"><img loading=\"lazy\" decoding=\"async\" class=\"alignnone size-full wp-image-166694\" src=\"https:\/\/noticiasmercedinas.com\/site\/wp-content\/uploads\/2025\/08\/4fec49e1-dbf9-4103-b3b4-ae66c34dd061.jpg\" alt=\"\" width=\"1600\" height=\"1200\" srcset=\"https:\/\/noticiasmercedinas.com\/site\/wp-content\/uploads\/2025\/08\/4fec49e1-dbf9-4103-b3b4-ae66c34dd061.jpg 1600w, https:\/\/noticiasmercedinas.com\/site\/wp-content\/uploads\/2025\/08\/4fec49e1-dbf9-4103-b3b4-ae66c34dd061-300x225.jpg 300w, https:\/\/noticiasmercedinas.com\/site\/wp-content\/uploads\/2025\/08\/4fec49e1-dbf9-4103-b3b4-ae66c34dd061-1024x768.jpg 1024w, https:\/\/noticiasmercedinas.com\/site\/wp-content\/uploads\/2025\/08\/4fec49e1-dbf9-4103-b3b4-ae66c34dd061-768x576.jpg 768w, https:\/\/noticiasmercedinas.com\/site\/wp-content\/uploads\/2025\/08\/4fec49e1-dbf9-4103-b3b4-ae66c34dd061-1536x1152.jpg 1536w, https:\/\/noticiasmercedinas.com\/site\/wp-content\/uploads\/2025\/08\/4fec49e1-dbf9-4103-b3b4-ae66c34dd061-80x60.jpg 80w, https:\/\/noticiasmercedinas.com\/site\/wp-content\/uploads\/2025\/08\/4fec49e1-dbf9-4103-b3b4-ae66c34dd061-160x120.jpg 160w, https:\/\/noticiasmercedinas.com\/site\/wp-content\/uploads\/2025\/08\/4fec49e1-dbf9-4103-b3b4-ae66c34dd061-100x75.jpg 100w, https:\/\/noticiasmercedinas.com\/site\/wp-content\/uploads\/2025\/08\/4fec49e1-dbf9-4103-b3b4-ae66c34dd061-200x150.jpg 200w, https:\/\/noticiasmercedinas.com\/site\/wp-content\/uploads\/2025\/08\/4fec49e1-dbf9-4103-b3b4-ae66c34dd061-180x135.jpg 180w, https:\/\/noticiasmercedinas.com\/site\/wp-content\/uploads\/2025\/08\/4fec49e1-dbf9-4103-b3b4-ae66c34dd061-360x270.jpg 360w, https:\/\/noticiasmercedinas.com\/site\/wp-content\/uploads\/2025\/08\/4fec49e1-dbf9-4103-b3b4-ae66c34dd061-238x178.jpg 238w, https:\/\/noticiasmercedinas.com\/site\/wp-content\/uploads\/2025\/08\/4fec49e1-dbf9-4103-b3b4-ae66c34dd061-476x356.jpg 476w, https:\/\/noticiasmercedinas.com\/site\/wp-content\/uploads\/2025\/08\/4fec49e1-dbf9-4103-b3b4-ae66c34dd061-640x480.jpg 640w, https:\/\/noticiasmercedinas.com\/site\/wp-content\/uploads\/2025\/08\/4fec49e1-dbf9-4103-b3b4-ae66c34dd061-1280x960.jpg 1280w, https:\/\/noticiasmercedinas.com\/site\/wp-content\/uploads\/2025\/08\/4fec49e1-dbf9-4103-b3b4-ae66c34dd061-681x511.jpg 681w, https:\/\/noticiasmercedinas.com\/site\/wp-content\/uploads\/2025\/08\/4fec49e1-dbf9-4103-b3b4-ae66c34dd061-1362x1022.jpg 1362w\" sizes=\"auto, (max-width: 1600px) 100vw, 1600px\" \/><\/p>\n<p data-start=\"794\" data-end=\"1049\">La feria congreg\u00f3 a profesionales en formaci\u00f3n, aspirantes a residencias y equipos de salud de instituciones p\u00fablicas de la regi\u00f3n, favoreciendo el intercambio, la creaci\u00f3n de redes y la promoci\u00f3n de la formaci\u00f3n continua en el sistema de salud p\u00fablica.<\/p>\n<p data-start=\"1051\" data-end=\"1246\">Este tipo de actividades se considera clave para fortalecer el desarrollo profesional del personal sanitario y fomentar la colaboraci\u00f3n entre distintas instituciones de la Regi\u00f3n Sanitaria VII.<\/p>\n<p data-start=\"1051\" data-end=\"1246\"><img loading=\"lazy\" decoding=\"async\" class=\"alignnone size-full wp-image-166695\" src=\"https:\/\/noticiasmercedinas.com\/site\/wp-content\/uploads\/2025\/08\/216d4903-ee90-4ce1-980a-92db1b30e7db.jpg\" alt=\"\" width=\"1600\" height=\"1066\" srcset=\"https:\/\/noticiasmercedinas.com\/site\/wp-content\/uploads\/2025\/08\/216d4903-ee90-4ce1-980a-92db1b30e7db.jpg 1600w, https:\/\/noticiasmercedinas.com\/site\/wp-content\/uploads\/2025\/08\/216d4903-ee90-4ce1-980a-92db1b30e7db-300x200.jpg 300w, https:\/\/noticiasmercedinas.com\/site\/wp-content\/uploads\/2025\/08\/216d4903-ee90-4ce1-980a-92db1b30e7db-1024x682.jpg 1024w, https:\/\/noticiasmercedinas.com\/site\/wp-content\/uploads\/2025\/08\/216d4903-ee90-4ce1-980a-92db1b30e7db-768x512.jpg 768w, https:\/\/noticiasmercedinas.com\/site\/wp-content\/uploads\/2025\/08\/216d4903-ee90-4ce1-980a-92db1b30e7db-1536x1023.jpg 1536w, https:\/\/noticiasmercedinas.com\/site\/wp-content\/uploads\/2025\/08\/216d4903-ee90-4ce1-980a-92db1b30e7db-640x426.jpg 640w, https:\/\/noticiasmercedinas.com\/site\/wp-content\/uploads\/2025\/08\/216d4903-ee90-4ce1-980a-92db1b30e7db-1280x853.jpg 1280w, https:\/\/noticiasmercedinas.com\/site\/wp-content\/uploads\/2025\/08\/216d4903-ee90-4ce1-980a-92db1b30e7db-681x454.jpg 681w, https:\/\/noticiasmercedinas.com\/site\/wp-content\/uploads\/2025\/08\/216d4903-ee90-4ce1-980a-92db1b30e7db-1362x907.jpg 1362w\" sizes=\"auto, (max-width: 1600px) 100vw, 1600px\" \/><\/p>\n","protected":false},"excerpt":{"rendered":"<p>\u25a0 Varios mercedinos trabajadores de la Salud estuvieron en un evento que reuni\u00f3 a instituciones de salud de toda la regi\u00f3n para difundir su oferta formativa y acercar oportunidades de capacitaci\u00f3n a profesionales y aspirantes a residencias.<\/p>\n","protected":false},"author":16,"featured_media":166693,"comment_status":"closed","ping_status":"closed","sticky":false,"template":"","format":"standard","meta":{"footnotes":""},"categories":[2,3],"tags":[20686,255,23,71],"class_list":["post-166692","post","type-post","status-publish","format-standard","has-post-thumbnail","hentry","category-featured","category-sociedad","tag-andres-cartelli","tag-hospital-dubarry","tag-mercedes","tag-salud"],"yoast_head":"<!-- This site is optimized with the Yoast SEO plugin v27.5 - https:\/\/yoast.com\/product\/yoast-seo-wordpress\/ -->\n<title>Hospital Blas L. Dubarry particip\u00f3 en Moreno de la Feria de Residencias de la Regi\u00f3n Sanitaria VII<\/title>\n<meta name=\"description\" content=\"Varios mercedinos trabajadores de la Salud estuvieron en un evento que reuni\u00f3 a instituciones de salud de toda la regi\u00f3n para difundir su oferta formativa y acercar oportunidades de capacitaci\u00f3n a profesionales y aspirantes a residencias.\" \/>\n<meta name=\"robots\" content=\"index, follow, max-snippet:-1, max-image-preview:large, max-video-preview:-1\" \/>\n<link rel=\"canonical\" href=\"https:\/\/noticiasmercedinas.com\/site\/2025\/08\/13\/hospital-blas-l-dubarry-participo-en-moreno-de-la-feria-de-residencias-de-la-region-sanitaria-vii\/\" \/>\n<meta property=\"og:locale\" content=\"es_ES\" \/>\n<meta property=\"og:type\" content=\"article\" \/>\n<meta property=\"og:title\" content=\"Hospital Blas L. Dubarry particip\u00f3 en Moreno de la Feria de Residencias de la Regi\u00f3n Sanitaria VII\" \/>\n<meta property=\"og:description\" content=\"Varios mercedinos trabajadores de la Salud estuvieron en un evento que reuni\u00f3 a instituciones de salud de toda la regi\u00f3n para difundir su oferta formativa y acercar oportunidades de capacitaci\u00f3n a profesionales y aspirantes a residencias.\" \/>\n<meta property=\"og:url\" content=\"https:\/\/noticiasmercedinas.com\/site\/2025\/08\/13\/hospital-blas-l-dubarry-participo-en-moreno-de-la-feria-de-residencias-de-la-region-sanitaria-vii\/\" \/>\n<meta property=\"og:site_name\" content=\"NOTICIASMERCEDINAS.COM\" \/>\n<meta property=\"article:publisher\" content=\"https:\/\/www.facebook.com\/noticiasmercedinas\/\" \/>\n<meta property=\"article:published_time\" content=\"2025-08-13T13:16:42+00:00\" \/>\n<meta property=\"og:image\" content=\"https:\/\/noticiasmercedinas.com\/site\/wp-content\/uploads\/2025\/08\/582576fa-bb59-4b6a-be81-60f2089e4a13-scaled.jpg\" \/>\n\t<meta property=\"og:image:width\" content=\"2560\" \/>\n\t<meta property=\"og:image:height\" content=\"1401\" \/>\n\t<meta property=\"og:image:type\" content=\"image\/jpeg\" \/>\n<meta name=\"author\" content=\"NOTICIASMERCEDINAS.COM\" \/>\n<meta name=\"twitter:card\" content=\"summary_large_image\" \/>\n<meta name=\"twitter:creator\" content=\"@notmercedinas\" \/>\n<meta name=\"twitter:site\" content=\"@notmercedinas\" \/>\n<meta name=\"twitter:label1\" content=\"Escrito por\" \/>\n\t<meta name=\"twitter:data1\" content=\"NOTICIASMERCEDINAS.COM\" \/>\n\t<meta name=\"twitter:label2\" content=\"Tiempo de lectura\" \/>\n\t<meta name=\"twitter:data2\" content=\"2 minutos\" \/>\n<script type=\"application\/ld+json\" class=\"yoast-schema-graph\">{\"@context\":\"https:\\\/\\\/schema.org\",\"@graph\":[{\"@type\":\"Article\",\"@id\":\"https:\\\/\\\/noticiasmercedinas.com\\\/site\\\/2025\\\/08\\\/13\\\/hospital-blas-l-dubarry-participo-en-moreno-de-la-feria-de-residencias-de-la-region-sanitaria-vii\\\/#article\",\"isPartOf\":{\"@id\":\"https:\\\/\\\/noticiasmercedinas.com\\\/site\\\/2025\\\/08\\\/13\\\/hospital-blas-l-dubarry-participo-en-moreno-de-la-feria-de-residencias-de-la-region-sanitaria-vii\\\/\"},\"author\":{\"name\":\"NOTICIASMERCEDINAS.COM\",\"@id\":\"https:\\\/\\\/noticiasmercedinas.com\\\/site\\\/#\\\/schema\\\/person\\\/84b59c099c28ff2e8b77d4ceec5d8063\"},\"headline\":\"Hospital Blas L. Dubarry particip\u00f3 en Moreno de la Feria de Residencias de la Regi\u00f3n Sanitaria VII\",\"datePublished\":\"2025-08-13T13:16:42+00:00\",\"mainEntityOfPage\":{\"@id\":\"https:\\\/\\\/noticiasmercedinas.com\\\/site\\\/2025\\\/08\\\/13\\\/hospital-blas-l-dubarry-participo-en-moreno-de-la-feria-de-residencias-de-la-region-sanitaria-vii\\\/\"},\"wordCount\":192,\"publisher\":{\"@id\":\"https:\\\/\\\/noticiasmercedinas.com\\\/site\\\/#organization\"},\"image\":{\"@id\":\"https:\\\/\\\/noticiasmercedinas.com\\\/site\\\/2025\\\/08\\\/13\\\/hospital-blas-l-dubarry-participo-en-moreno-de-la-feria-de-residencias-de-la-region-sanitaria-vii\\\/#primaryimage\"},\"thumbnailUrl\":\"https:\\\/\\\/noticiasmercedinas.com\\\/site\\\/wp-content\\\/uploads\\\/2025\\\/08\\\/582576fa-bb59-4b6a-be81-60f2089e4a13-scaled.jpg\",\"keywords\":[\"andres cartelli\",\"hospital dubarry\",\"mercedes\",\"salud\"],\"articleSection\":[\"Especiales\",\"Sociedad\"],\"inLanguage\":\"es\"},{\"@type\":\"WebPage\",\"@id\":\"https:\\\/\\\/noticiasmercedinas.com\\\/site\\\/2025\\\/08\\\/13\\\/hospital-blas-l-dubarry-participo-en-moreno-de-la-feria-de-residencias-de-la-region-sanitaria-vii\\\/\",\"url\":\"https:\\\/\\\/noticiasmercedinas.com\\\/site\\\/2025\\\/08\\\/13\\\/hospital-blas-l-dubarry-participo-en-moreno-de-la-feria-de-residencias-de-la-region-sanitaria-vii\\\/\",\"name\":\"Hospital Blas L. Dubarry particip\u00f3 en Moreno de la Feria de Residencias de la Regi\u00f3n Sanitaria VII\",\"isPartOf\":{\"@id\":\"https:\\\/\\\/noticiasmercedinas.com\\\/site\\\/#website\"},\"primaryImageOfPage\":{\"@id\":\"https:\\\/\\\/noticiasmercedinas.com\\\/site\\\/2025\\\/08\\\/13\\\/hospital-blas-l-dubarry-participo-en-moreno-de-la-feria-de-residencias-de-la-region-sanitaria-vii\\\/#primaryimage\"},\"image\":{\"@id\":\"https:\\\/\\\/noticiasmercedinas.com\\\/site\\\/2025\\\/08\\\/13\\\/hospital-blas-l-dubarry-participo-en-moreno-de-la-feria-de-residencias-de-la-region-sanitaria-vii\\\/#primaryimage\"},\"thumbnailUrl\":\"https:\\\/\\\/noticiasmercedinas.com\\\/site\\\/wp-content\\\/uploads\\\/2025\\\/08\\\/582576fa-bb59-4b6a-be81-60f2089e4a13-scaled.jpg\",\"datePublished\":\"2025-08-13T13:16:42+00:00\",\"description\":\"Varios mercedinos trabajadores de la Salud estuvieron en un evento que reuni\u00f3 a instituciones de salud de toda la regi\u00f3n para difundir su oferta formativa y acercar oportunidades de capacitaci\u00f3n a profesionales y aspirantes a residencias.\",\"breadcrumb\":{\"@id\":\"https:\\\/\\\/noticiasmercedinas.com\\\/site\\\/2025\\\/08\\\/13\\\/hospital-blas-l-dubarry-participo-en-moreno-de-la-feria-de-residencias-de-la-region-sanitaria-vii\\\/#breadcrumb\"},\"inLanguage\":\"es\",\"potentialAction\":[{\"@type\":\"ReadAction\",\"target\":[\"https:\\\/\\\/noticiasmercedinas.com\\\/site\\\/2025\\\/08\\\/13\\\/hospital-blas-l-dubarry-participo-en-moreno-de-la-feria-de-residencias-de-la-region-sanitaria-vii\\\/\"]}]},{\"@type\":\"ImageObject\",\"inLanguage\":\"es\",\"@id\":\"https:\\\/\\\/noticiasmercedinas.com\\\/site\\\/2025\\\/08\\\/13\\\/hospital-blas-l-dubarry-participo-en-moreno-de-la-feria-de-residencias-de-la-region-sanitaria-vii\\\/#primaryimage\",\"url\":\"https:\\\/\\\/noticiasmercedinas.com\\\/site\\\/wp-content\\\/uploads\\\/2025\\\/08\\\/582576fa-bb59-4b6a-be81-60f2089e4a13-scaled.jpg\",\"contentUrl\":\"https:\\\/\\\/noticiasmercedinas.com\\\/site\\\/wp-content\\\/uploads\\\/2025\\\/08\\\/582576fa-bb59-4b6a-be81-60f2089e4a13-scaled.jpg\",\"width\":2560,\"height\":1401},{\"@type\":\"BreadcrumbList\",\"@id\":\"https:\\\/\\\/noticiasmercedinas.com\\\/site\\\/2025\\\/08\\\/13\\\/hospital-blas-l-dubarry-participo-en-moreno-de-la-feria-de-residencias-de-la-region-sanitaria-vii\\\/#breadcrumb\",\"itemListElement\":[{\"@type\":\"ListItem\",\"position\":1,\"name\":\"Portada\",\"item\":\"https:\\\/\\\/noticiasmercedinas.com\\\/site\\\/\"},{\"@type\":\"ListItem\",\"position\":2,\"name\":\"Hospital Blas L. Dubarry particip\u00f3 en Moreno de la Feria de Residencias de la Regi\u00f3n Sanitaria VII\"}]},{\"@type\":\"WebSite\",\"@id\":\"https:\\\/\\\/noticiasmercedinas.com\\\/site\\\/#website\",\"url\":\"https:\\\/\\\/noticiasmercedinas.com\\\/site\\\/\",\"name\":\"NOTICIASMERCEDINAS.COM\",\"description\":\"Mercedes, Buenos Aires, Argentina\",\"publisher\":{\"@id\":\"https:\\\/\\\/noticiasmercedinas.com\\\/site\\\/#organization\"},\"potentialAction\":[{\"@type\":\"SearchAction\",\"target\":{\"@type\":\"EntryPoint\",\"urlTemplate\":\"https:\\\/\\\/noticiasmercedinas.com\\\/site\\\/?s={search_term_string}\"},\"query-input\":{\"@type\":\"PropertyValueSpecification\",\"valueRequired\":true,\"valueName\":\"search_term_string\"}}],\"inLanguage\":\"es\"},{\"@type\":\"Organization\",\"@id\":\"https:\\\/\\\/noticiasmercedinas.com\\\/site\\\/#organization\",\"name\":\"NOTICIASMERCEDINAS.COM\",\"url\":\"https:\\\/\\\/noticiasmercedinas.com\\\/site\\\/\",\"logo\":{\"@type\":\"ImageObject\",\"inLanguage\":\"es\",\"@id\":\"https:\\\/\\\/noticiasmercedinas.com\\\/site\\\/#\\\/schema\\\/logo\\\/image\\\/\",\"url\":\"https:\\\/\\\/noticiasmercedinas.com\\\/site\\\/wp-content\\\/uploads\\\/2020\\\/06\\\/LOGO-512.jpg\",\"contentUrl\":\"https:\\\/\\\/noticiasmercedinas.com\\\/site\\\/wp-content\\\/uploads\\\/2020\\\/06\\\/LOGO-512.jpg\",\"width\":512,\"height\":512,\"caption\":\"NOTICIASMERCEDINAS.COM\"},\"image\":{\"@id\":\"https:\\\/\\\/noticiasmercedinas.com\\\/site\\\/#\\\/schema\\\/logo\\\/image\\\/\"},\"sameAs\":[\"https:\\\/\\\/www.facebook.com\\\/noticiasmercedinas\\\/\",\"https:\\\/\\\/x.com\\\/notmercedinas\",\"https:\\\/\\\/www.instagram.com\\\/noticiasmercedinas\\\/\"]},{\"@type\":\"Person\",\"@id\":\"https:\\\/\\\/noticiasmercedinas.com\\\/site\\\/#\\\/schema\\\/person\\\/84b59c099c28ff2e8b77d4ceec5d8063\",\"name\":\"NOTICIASMERCEDINAS.COM\",\"image\":{\"@type\":\"ImageObject\",\"inLanguage\":\"es\",\"@id\":\"https:\\\/\\\/secure.gravatar.com\\\/avatar\\\/4dfbf16b4d17945bfb6341b2d19043457132fcf478a5ee04f42e959fd8f5df0a?s=96&d=mm&r=g\",\"url\":\"https:\\\/\\\/secure.gravatar.com\\\/avatar\\\/4dfbf16b4d17945bfb6341b2d19043457132fcf478a5ee04f42e959fd8f5df0a?s=96&d=mm&r=g\",\"contentUrl\":\"https:\\\/\\\/secure.gravatar.com\\\/avatar\\\/4dfbf16b4d17945bfb6341b2d19043457132fcf478a5ee04f42e959fd8f5df0a?s=96&d=mm&r=g\",\"caption\":\"NOTICIASMERCEDINAS.COM\"},\"url\":\"https:\\\/\\\/noticiasmercedinas.com\\\/site\\\/author\\\/anonimo\\\/\"}]}<\/script>\n<!-- \/ Yoast SEO plugin. -->","yoast_head_json":{"title":"Hospital Blas L. Dubarry particip\u00f3 en Moreno de la Feria de Residencias de la Regi\u00f3n Sanitaria VII","description":"Varios mercedinos trabajadores de la Salud estuvieron en un evento que reuni\u00f3 a instituciones de salud de toda la regi\u00f3n para difundir su oferta formativa y acercar oportunidades de capacitaci\u00f3n a profesionales y aspirantes a residencias.","robots":{"index":"index","follow":"follow","max-snippet":"max-snippet:-1","max-image-preview":"max-image-preview:large","max-video-preview":"max-video-preview:-1"},"canonical":"https:\/\/noticiasmercedinas.com\/site\/2025\/08\/13\/hospital-blas-l-dubarry-participo-en-moreno-de-la-feria-de-residencias-de-la-region-sanitaria-vii\/","og_locale":"es_ES","og_type":"article","og_title":"Hospital Blas L. Dubarry particip\u00f3 en Moreno de la Feria de Residencias de la Regi\u00f3n Sanitaria VII","og_description":"Varios mercedinos trabajadores de la Salud estuvieron en un evento que reuni\u00f3 a instituciones de salud de toda la regi\u00f3n para difundir su oferta formativa y acercar oportunidades de capacitaci\u00f3n a profesionales y aspirantes a residencias.","og_url":"https:\/\/noticiasmercedinas.com\/site\/2025\/08\/13\/hospital-blas-l-dubarry-participo-en-moreno-de-la-feria-de-residencias-de-la-region-sanitaria-vii\/","og_site_name":"NOTICIASMERCEDINAS.COM","article_publisher":"https:\/\/www.facebook.com\/noticiasmercedinas\/","article_published_time":"2025-08-13T13:16:42+00:00","og_image":[{"width":2560,"height":1401,"url":"https:\/\/noticiasmercedinas.com\/site\/wp-content\/uploads\/2025\/08\/582576fa-bb59-4b6a-be81-60f2089e4a13-scaled.jpg","type":"image\/jpeg"}],"author":"NOTICIASMERCEDINAS.COM","twitter_card":"summary_large_image","twitter_creator":"@notmercedinas","twitter_site":"@notmercedinas","twitter_misc":{"Escrito por":"NOTICIASMERCEDINAS.COM","Tiempo de lectura":"2 minutos"},"schema":{"@context":"https:\/\/schema.org","@graph":[{"@type":"Article","@id":"https:\/\/noticiasmercedinas.com\/site\/2025\/08\/13\/hospital-blas-l-dubarry-participo-en-moreno-de-la-feria-de-residencias-de-la-region-sanitaria-vii\/#article","isPartOf":{"@id":"https:\/\/noticiasmercedinas.com\/site\/2025\/08\/13\/hospital-blas-l-dubarry-participo-en-moreno-de-la-feria-de-residencias-de-la-region-sanitaria-vii\/"},"author":{"name":"NOTICIASMERCEDINAS.COM","@id":"https:\/\/noticiasmercedinas.com\/site\/#\/schema\/person\/84b59c099c28ff2e8b77d4ceec5d8063"},"headline":"Hospital Blas L. Dubarry particip\u00f3 en Moreno de la Feria de Residencias de la Regi\u00f3n Sanitaria VII","datePublished":"2025-08-13T13:16:42+00:00","mainEntityOfPage":{"@id":"https:\/\/noticiasmercedinas.com\/site\/2025\/08\/13\/hospital-blas-l-dubarry-participo-en-moreno-de-la-feria-de-residencias-de-la-region-sanitaria-vii\/"},"wordCount":192,"publisher":{"@id":"https:\/\/noticiasmercedinas.com\/site\/#organization"},"image":{"@id":"https:\/\/noticiasmercedinas.com\/site\/2025\/08\/13\/hospital-blas-l-dubarry-participo-en-moreno-de-la-feria-de-residencias-de-la-region-sanitaria-vii\/#primaryimage"},"thumbnailUrl":"https:\/\/noticiasmercedinas.com\/site\/wp-content\/uploads\/2025\/08\/582576fa-bb59-4b6a-be81-60f2089e4a13-scaled.jpg","keywords":["andres cartelli","hospital dubarry","mercedes","salud"],"articleSection":["Especiales","Sociedad"],"inLanguage":"es"},{"@type":"WebPage","@id":"https:\/\/noticiasmercedinas.com\/site\/2025\/08\/13\/hospital-blas-l-dubarry-participo-en-moreno-de-la-feria-de-residencias-de-la-region-sanitaria-vii\/","url":"https:\/\/noticiasmercedinas.com\/site\/2025\/08\/13\/hospital-blas-l-dubarry-participo-en-moreno-de-la-feria-de-residencias-de-la-region-sanitaria-vii\/","name":"Hospital Blas L. Dubarry particip\u00f3 en Moreno de la Feria de Residencias de la Regi\u00f3n Sanitaria VII","isPartOf":{"@id":"https:\/\/noticiasmercedinas.com\/site\/#website"},"primaryImageOfPage":{"@id":"https:\/\/noticiasmercedinas.com\/site\/2025\/08\/13\/hospital-blas-l-dubarry-participo-en-moreno-de-la-feria-de-residencias-de-la-region-sanitaria-vii\/#primaryimage"},"image":{"@id":"https:\/\/noticiasmercedinas.com\/site\/2025\/08\/13\/hospital-blas-l-dubarry-participo-en-moreno-de-la-feria-de-residencias-de-la-region-sanitaria-vii\/#primaryimage"},"thumbnailUrl":"https:\/\/noticiasmercedinas.com\/site\/wp-content\/uploads\/2025\/08\/582576fa-bb59-4b6a-be81-60f2089e4a13-scaled.jpg","datePublished":"2025-08-13T13:16:42+00:00","description":"Varios mercedinos trabajadores de la Salud estuvieron en un evento que reuni\u00f3 a instituciones de salud de toda la regi\u00f3n para difundir su oferta formativa y acercar oportunidades de capacitaci\u00f3n a profesionales y aspirantes a residencias.","breadcrumb":{"@id":"https:\/\/noticiasmercedinas.com\/site\/2025\/08\/13\/hospital-blas-l-dubarry-participo-en-moreno-de-la-feria-de-residencias-de-la-region-sanitaria-vii\/#breadcrumb"},"inLanguage":"es","potentialAction":[{"@type":"ReadAction","target":["https:\/\/noticiasmercedinas.com\/site\/2025\/08\/13\/hospital-blas-l-dubarry-participo-en-moreno-de-la-feria-de-residencias-de-la-region-sanitaria-vii\/"]}]},{"@type":"ImageObject","inLanguage":"es","@id":"https:\/\/noticiasmercedinas.com\/site\/2025\/08\/13\/hospital-blas-l-dubarry-participo-en-moreno-de-la-feria-de-residencias-de-la-region-sanitaria-vii\/#primaryimage","url":"https:\/\/noticiasmercedinas.com\/site\/wp-content\/uploads\/2025\/08\/582576fa-bb59-4b6a-be81-60f2089e4a13-scaled.jpg","contentUrl":"https:\/\/noticiasmercedinas.com\/site\/wp-content\/uploads\/2025\/08\/582576fa-bb59-4b6a-be81-60f2089e4a13-scaled.jpg","width":2560,"height":1401},{"@type":"BreadcrumbList","@id":"https:\/\/noticiasmercedinas.com\/site\/2025\/08\/13\/hospital-blas-l-dubarry-participo-en-moreno-de-la-feria-de-residencias-de-la-region-sanitaria-vii\/#breadcrumb","itemListElement":[{"@type":"ListItem","position":1,"name":"Portada","item":"https:\/\/noticiasmercedinas.com\/site\/"},{"@type":"ListItem","position":2,"name":"Hospital Blas L. Dubarry particip\u00f3 en Moreno de la Feria de Residencias de la Regi\u00f3n Sanitaria VII"}]},{"@type":"WebSite","@id":"https:\/\/noticiasmercedinas.com\/site\/#website","url":"https:\/\/noticiasmercedinas.com\/site\/","name":"NOTICIASMERCEDINAS.COM","description":"Mercedes, Buenos Aires, Argentina","publisher":{"@id":"https:\/\/noticiasmercedinas.com\/site\/#organization"},"potentialAction":[{"@type":"SearchAction","target":{"@type":"EntryPoint","urlTemplate":"https:\/\/noticiasmercedinas.com\/site\/?s={search_term_string}"},"query-input":{"@type":"PropertyValueSpecification","valueRequired":true,"valueName":"search_term_string"}}],"inLanguage":"es"},{"@type":"Organization","@id":"https:\/\/noticiasmercedinas.com\/site\/#organization","name":"NOTICIASMERCEDINAS.COM","url":"https:\/\/noticiasmercedinas.com\/site\/","logo":{"@type":"ImageObject","inLanguage":"es","@id":"https:\/\/noticiasmercedinas.com\/site\/#\/schema\/logo\/image\/","url":"https:\/\/noticiasmercedinas.com\/site\/wp-content\/uploads\/2020\/06\/LOGO-512.jpg","contentUrl":"https:\/\/noticiasmercedinas.com\/site\/wp-content\/uploads\/2020\/06\/LOGO-512.jpg","width":512,"height":512,"caption":"NOTICIASMERCEDINAS.COM"},"image":{"@id":"https:\/\/noticiasmercedinas.com\/site\/#\/schema\/logo\/image\/"},"sameAs":["https:\/\/www.facebook.com\/noticiasmercedinas\/","https:\/\/x.com\/notmercedinas","https:\/\/www.instagram.com\/noticiasmercedinas\/"]},{"@type":"Person","@id":"https:\/\/noticiasmercedinas.com\/site\/#\/schema\/person\/84b59c099c28ff2e8b77d4ceec5d8063","name":"NOTICIASMERCEDINAS.COM","image":{"@type":"ImageObject","inLanguage":"es","@id":"https:\/\/secure.gravatar.com\/avatar\/4dfbf16b4d17945bfb6341b2d19043457132fcf478a5ee04f42e959fd8f5df0a?s=96&d=mm&r=g","url":"https:\/\/secure.gravatar.com\/avatar\/4dfbf16b4d17945bfb6341b2d19043457132fcf478a5ee04f42e959fd8f5df0a?s=96&d=mm&r=g","contentUrl":"https:\/\/secure.gravatar.com\/avatar\/4dfbf16b4d17945bfb6341b2d19043457132fcf478a5ee04f42e959fd8f5df0a?s=96&d=mm&r=g","caption":"NOTICIASMERCEDINAS.COM"},"url":"https:\/\/noticiasmercedinas.com\/site\/author\/anonimo\/"}]}},"amp_enabled":true,"_links":{"self":[{"href":"https:\/\/noticiasmercedinas.com\/site\/wp-json\/wp\/v2\/posts\/166692","targetHints":{"allow":["GET"]}}],"collection":[{"href":"https:\/\/noticiasmercedinas.com\/site\/wp-json\/wp\/v2\/posts"}],"about":[{"href":"https:\/\/noticiasmercedinas.com\/site\/wp-json\/wp\/v2\/types\/post"}],"author":[{"embeddable":true,"href":"https:\/\/noticiasmercedinas.com\/site\/wp-json\/wp\/v2\/users\/16"}],"replies":[{"embeddable":true,"href":"https:\/\/noticiasmercedinas.com\/site\/wp-json\/wp\/v2\/comments?post=166692"}],"version-history":[{"count":1,"href":"https:\/\/noticiasmercedinas.com\/site\/wp-json\/wp\/v2\/posts\/166692\/revisions"}],"predecessor-version":[{"id":166697,"href":"https:\/\/noticiasmercedinas.com\/site\/wp-json\/wp\/v2\/posts\/166692\/revisions\/166697"}],"wp:featuredmedia":[{"embeddable":true,"href":"https:\/\/noticiasmercedinas.com\/site\/wp-json\/wp\/v2\/media\/166693"}],"wp:attachment":[{"href":"https:\/\/noticiasmercedinas.com\/site\/wp-json\/wp\/v2\/media?parent=166692"}],"wp:term":[{"taxonomy":"category","embeddable":true,"href":"https:\/\/noticiasmercedinas.com\/site\/wp-json\/wp\/v2\/categories?post=166692"},{"taxonomy":"post_tag","embeddable":true,"href":"https:\/\/noticiasmercedinas.com\/site\/wp-json\/wp\/v2\/tags?post=166692"}],"curies":[{"name":"wp","href":"https:\/\/api.w.org\/{rel}","templated":true}]}}