{"id":166738,"date":"2025-08-13T18:32:20","date_gmt":"2025-08-13T21:32:20","guid":{"rendered":"https:\/\/noticiasmercedinas.com\/site\/?p=166738"},"modified":"2025-08-13T18:32:37","modified_gmt":"2025-08-13T21:32:37","slug":"el-mamm-invita-a-su-tercer-encuentro-de-debate-y-esto-es-arte","status":"publish","type":"post","link":"https:\/\/noticiasmercedinas.com\/site\/2025\/08\/13\/el-mamm-invita-a-su-tercer-encuentro-de-debate-y-esto-es-arte\/","title":{"rendered":"El MAMM invita a su tercer encuentro de debate: \u201c\u00bfY esto\u2026 es arte?\u201d"},"content":{"rendered":"<p data-start=\"162\" data-end=\"235\"><img loading=\"lazy\" decoding=\"async\" class=\"alignnone size-full wp-image-122238\" src=\"https:\/\/noticiasmercedinas.com\/site\/wp-content\/uploads\/2023\/09\/MAMM.jpg\" alt=\"\" width=\"640\" height=\"420\" srcset=\"https:\/\/noticiasmercedinas.com\/site\/wp-content\/uploads\/2023\/09\/MAMM.jpg 640w, https:\/\/noticiasmercedinas.com\/site\/wp-content\/uploads\/2023\/09\/MAMM-300x197.jpg 300w\" sizes=\"auto, (max-width: 640px) 100vw, 640px\" \/><\/p>\n<p data-start=\"237\" data-end=\"536\">Este s\u00e1bado 16 de agosto, el Museo de Arte de Mercedes (MAMM) ser\u00e1 escenario del <strong data-start=\"318\" data-end=\"401\">tercer encuentro abierto \u201cMeditaciones en torno al arte a la hora del desayuno\u201d<\/strong>, una propuesta que combina exposiciones, proyecciones y un espacio de charla y debate para reflexionar colectivamente sobre el arte.<\/p>\n<p data-start=\"538\" data-end=\"742\">Coordinada por la licenciada <strong data-start=\"567\" data-end=\"585\">Patricia Boffi<\/strong>, la jornada tendr\u00e1 como eje el <strong data-start=\"617\" data-end=\"634\">arte pol\u00edtico<\/strong>, abordando c\u00f3mo a lo largo de la historia el poder ha influido en la creaci\u00f3n y circulaci\u00f3n de las obras.<\/p>\n<p data-start=\"744\" data-end=\"964\">La actividad, destinada a j\u00f3venes y adultos, <strong data-start=\"789\" data-end=\"823\">no requiere inscripci\u00f3n previa<\/strong> y es <strong data-start=\"829\" data-end=\"843\">a la gorra<\/strong>. Comenzar\u00e1 a las 9:30 y se extender\u00e1 hasta las 12:30 en el Aula Taller del MAMM, ubicado en calle 23 N\u00ba 383, Mercedes.<\/p>\n<p data-start=\"966\" data-end=\"1121\">\u201cVamos a reflexionar sobre c\u00f3mo, en todas las \u00e9pocas, el que tiene el poder tiene la sart\u00e9n por el mango, y c\u00f3mo eso condiciona el arte\u201d, adelant\u00f3 Boffi.<\/p>\n<p data-start=\"1123\" data-end=\"1269\">&#x1f4cc; <strong data-start=\"1126\" data-end=\"1137\">Cu\u00e1ndo:<\/strong> S\u00e1bado 16 de agosto \u2013 9:30 a 12:30 hs<br data-start=\"1175\" data-end=\"1178\" \/>&#x1f4cd; <strong data-start=\"1181\" data-end=\"1191\">D\u00f3nde:<\/strong> MAMM \u2013 Aula Taller (Calle 23 N\u00ba 383)<br data-start=\"1228\" data-end=\"1231\" \/>&#x1f4b5; <strong data-start=\"1234\" data-end=\"1246\">Entrada:<\/strong> Actividad a la gorra<\/p>\n<p data-start=\"1123\" data-end=\"1269\"><img loading=\"lazy\" decoding=\"async\" class=\"alignnone size-full wp-image-166739\" src=\"https:\/\/noticiasmercedinas.com\/site\/wp-content\/uploads\/2025\/08\/620290e5-6d64-46b3-86bb-c44e7d85193b.jpg\" alt=\"\" width=\"1024\" height=\"1280\" srcset=\"https:\/\/noticiasmercedinas.com\/site\/wp-content\/uploads\/2025\/08\/620290e5-6d64-46b3-86bb-c44e7d85193b.jpg 1024w, https:\/\/noticiasmercedinas.com\/site\/wp-content\/uploads\/2025\/08\/620290e5-6d64-46b3-86bb-c44e7d85193b-240x300.jpg 240w, https:\/\/noticiasmercedinas.com\/site\/wp-content\/uploads\/2025\/08\/620290e5-6d64-46b3-86bb-c44e7d85193b-819x1024.jpg 819w, https:\/\/noticiasmercedinas.com\/site\/wp-content\/uploads\/2025\/08\/620290e5-6d64-46b3-86bb-c44e7d85193b-768x960.jpg 768w, https:\/\/noticiasmercedinas.com\/site\/wp-content\/uploads\/2025\/08\/620290e5-6d64-46b3-86bb-c44e7d85193b-640x800.jpg 640w, https:\/\/noticiasmercedinas.com\/site\/wp-content\/uploads\/2025\/08\/620290e5-6d64-46b3-86bb-c44e7d85193b-681x851.jpg 681w\" sizes=\"auto, (max-width: 1024px) 100vw, 1024px\" \/><\/p>\n","protected":false},"excerpt":{"rendered":"<p>\u25a0 Coordinada por la licenciada Patricia Boffi, la jornada tendr\u00e1 como eje el arte pol\u00edtico, abordando c\u00f3mo a lo largo de la historia el poder ha influido en la creaci\u00f3n y circulaci\u00f3n de las obras. Este s\u00e1bado por la ma\u00f1ana<\/p>\n","protected":false},"author":16,"featured_media":122238,"comment_status":"closed","ping_status":"closed","sticky":false,"template":"","format":"standard","meta":{"footnotes":""},"categories":[4],"tags":[20691,190,192,3391],"class_list":["post-166738","post","type-post","status-publish","format-standard","has-post-thumbnail","hentry","category-cultura","tag-a-la-gorra","tag-arte","tag-mamm","tag-patricia-boffi"],"yoast_head":"<!-- This site is optimized with the Yoast SEO plugin v27.5 - https:\/\/yoast.com\/product\/yoast-seo-wordpress\/ -->\n<title>El MAMM invita a su tercer encuentro de debate: \u201c\u00bfY esto\u2026 es arte?\u201d<\/title>\n<meta name=\"description\" content=\"Coordinada por la licenciada Patricia Boffi, la jornada tendr\u00e1 como eje el arte pol\u00edtico, abordando c\u00f3mo a lo largo de la historia el poder ha influido en la creaci\u00f3n y circulaci\u00f3n de las obras. Este s\u00e1bado por la ma\u00f1ana\" \/>\n<meta name=\"robots\" content=\"index, follow, max-snippet:-1, max-image-preview:large, max-video-preview:-1\" \/>\n<link rel=\"canonical\" href=\"https:\/\/noticiasmercedinas.com\/site\/2025\/08\/13\/el-mamm-invita-a-su-tercer-encuentro-de-debate-y-esto-es-arte\/\" \/>\n<meta property=\"og:locale\" content=\"es_ES\" \/>\n<meta property=\"og:type\" content=\"article\" \/>\n<meta property=\"og:title\" content=\"El MAMM invita a su tercer encuentro de debate: \u201c\u00bfY esto\u2026 es arte?\u201d\" \/>\n<meta property=\"og:description\" content=\"Coordinada por la licenciada Patricia Boffi, la jornada tendr\u00e1 como eje el arte pol\u00edtico, abordando c\u00f3mo a lo largo de la historia el poder ha influido en la creaci\u00f3n y circulaci\u00f3n de las obras. Este s\u00e1bado por la ma\u00f1ana\" \/>\n<meta property=\"og:url\" content=\"https:\/\/noticiasmercedinas.com\/site\/2025\/08\/13\/el-mamm-invita-a-su-tercer-encuentro-de-debate-y-esto-es-arte\/\" \/>\n<meta property=\"og:site_name\" content=\"NOTICIASMERCEDINAS.COM\" \/>\n<meta property=\"article:publisher\" content=\"https:\/\/www.facebook.com\/noticiasmercedinas\/\" \/>\n<meta property=\"article:published_time\" content=\"2025-08-13T21:32:20+00:00\" \/>\n<meta property=\"article:modified_time\" content=\"2025-08-13T21:32:37+00:00\" \/>\n<meta property=\"og:image\" content=\"https:\/\/noticiasmercedinas.com\/site\/wp-content\/uploads\/2023\/09\/MAMM.jpg\" \/>\n\t<meta property=\"og:image:width\" content=\"640\" \/>\n\t<meta property=\"og:image:height\" content=\"420\" \/>\n\t<meta property=\"og:image:type\" content=\"image\/jpeg\" \/>\n<meta name=\"author\" content=\"NOTICIASMERCEDINAS.COM\" \/>\n<meta name=\"twitter:card\" content=\"summary_large_image\" \/>\n<meta name=\"twitter:creator\" content=\"@notmercedinas\" \/>\n<meta name=\"twitter:site\" content=\"@notmercedinas\" \/>\n<meta name=\"twitter:label1\" content=\"Escrito por\" \/>\n\t<meta name=\"twitter:data1\" content=\"NOTICIASMERCEDINAS.COM\" \/>\n\t<meta name=\"twitter:label2\" content=\"Tiempo de lectura\" \/>\n\t<meta name=\"twitter:data2\" content=\"2 minutos\" \/>\n<script type=\"application\/ld+json\" class=\"yoast-schema-graph\">{\"@context\":\"https:\\\/\\\/schema.org\",\"@graph\":[{\"@type\":\"Article\",\"@id\":\"https:\\\/\\\/noticiasmercedinas.com\\\/site\\\/2025\\\/08\\\/13\\\/el-mamm-invita-a-su-tercer-encuentro-de-debate-y-esto-es-arte\\\/#article\",\"isPartOf\":{\"@id\":\"https:\\\/\\\/noticiasmercedinas.com\\\/site\\\/2025\\\/08\\\/13\\\/el-mamm-invita-a-su-tercer-encuentro-de-debate-y-esto-es-arte\\\/\"},\"author\":{\"name\":\"NOTICIASMERCEDINAS.COM\",\"@id\":\"https:\\\/\\\/noticiasmercedinas.com\\\/site\\\/#\\\/schema\\\/person\\\/84b59c099c28ff2e8b77d4ceec5d8063\"},\"headline\":\"El MAMM invita a su tercer encuentro de debate: \u201c\u00bfY esto\u2026 es arte?\u201d\",\"datePublished\":\"2025-08-13T21:32:20+00:00\",\"dateModified\":\"2025-08-13T21:32:37+00:00\",\"mainEntityOfPage\":{\"@id\":\"https:\\\/\\\/noticiasmercedinas.com\\\/site\\\/2025\\\/08\\\/13\\\/el-mamm-invita-a-su-tercer-encuentro-de-debate-y-esto-es-arte\\\/\"},\"wordCount\":195,\"publisher\":{\"@id\":\"https:\\\/\\\/noticiasmercedinas.com\\\/site\\\/#organization\"},\"image\":{\"@id\":\"https:\\\/\\\/noticiasmercedinas.com\\\/site\\\/2025\\\/08\\\/13\\\/el-mamm-invita-a-su-tercer-encuentro-de-debate-y-esto-es-arte\\\/#primaryimage\"},\"thumbnailUrl\":\"https:\\\/\\\/noticiasmercedinas.com\\\/site\\\/wp-content\\\/uploads\\\/2023\\\/09\\\/MAMM.jpg\",\"keywords\":[\"a la gorra\",\"arte\",\"mamm\",\"patricia boffi\"],\"articleSection\":[\"Cultura\"],\"inLanguage\":\"es\"},{\"@type\":\"WebPage\",\"@id\":\"https:\\\/\\\/noticiasmercedinas.com\\\/site\\\/2025\\\/08\\\/13\\\/el-mamm-invita-a-su-tercer-encuentro-de-debate-y-esto-es-arte\\\/\",\"url\":\"https:\\\/\\\/noticiasmercedinas.com\\\/site\\\/2025\\\/08\\\/13\\\/el-mamm-invita-a-su-tercer-encuentro-de-debate-y-esto-es-arte\\\/\",\"name\":\"El MAMM invita a su tercer encuentro de debate: \u201c\u00bfY esto\u2026 es arte?\u201d\",\"isPartOf\":{\"@id\":\"https:\\\/\\\/noticiasmercedinas.com\\\/site\\\/#website\"},\"primaryImageOfPage\":{\"@id\":\"https:\\\/\\\/noticiasmercedinas.com\\\/site\\\/2025\\\/08\\\/13\\\/el-mamm-invita-a-su-tercer-encuentro-de-debate-y-esto-es-arte\\\/#primaryimage\"},\"image\":{\"@id\":\"https:\\\/\\\/noticiasmercedinas.com\\\/site\\\/2025\\\/08\\\/13\\\/el-mamm-invita-a-su-tercer-encuentro-de-debate-y-esto-es-arte\\\/#primaryimage\"},\"thumbnailUrl\":\"https:\\\/\\\/noticiasmercedinas.com\\\/site\\\/wp-content\\\/uploads\\\/2023\\\/09\\\/MAMM.jpg\",\"datePublished\":\"2025-08-13T21:32:20+00:00\",\"dateModified\":\"2025-08-13T21:32:37+00:00\",\"description\":\"Coordinada por la licenciada Patricia Boffi, la jornada tendr\u00e1 como eje el arte pol\u00edtico, abordando c\u00f3mo a lo largo de la historia el poder ha influido en la creaci\u00f3n y circulaci\u00f3n de las obras. Este s\u00e1bado por la ma\u00f1ana\",\"breadcrumb\":{\"@id\":\"https:\\\/\\\/noticiasmercedinas.com\\\/site\\\/2025\\\/08\\\/13\\\/el-mamm-invita-a-su-tercer-encuentro-de-debate-y-esto-es-arte\\\/#breadcrumb\"},\"inLanguage\":\"es\",\"potentialAction\":[{\"@type\":\"ReadAction\",\"target\":[\"https:\\\/\\\/noticiasmercedinas.com\\\/site\\\/2025\\\/08\\\/13\\\/el-mamm-invita-a-su-tercer-encuentro-de-debate-y-esto-es-arte\\\/\"]}]},{\"@type\":\"ImageObject\",\"inLanguage\":\"es\",\"@id\":\"https:\\\/\\\/noticiasmercedinas.com\\\/site\\\/2025\\\/08\\\/13\\\/el-mamm-invita-a-su-tercer-encuentro-de-debate-y-esto-es-arte\\\/#primaryimage\",\"url\":\"https:\\\/\\\/noticiasmercedinas.com\\\/site\\\/wp-content\\\/uploads\\\/2023\\\/09\\\/MAMM.jpg\",\"contentUrl\":\"https:\\\/\\\/noticiasmercedinas.com\\\/site\\\/wp-content\\\/uploads\\\/2023\\\/09\\\/MAMM.jpg\",\"width\":640,\"height\":420},{\"@type\":\"BreadcrumbList\",\"@id\":\"https:\\\/\\\/noticiasmercedinas.com\\\/site\\\/2025\\\/08\\\/13\\\/el-mamm-invita-a-su-tercer-encuentro-de-debate-y-esto-es-arte\\\/#breadcrumb\",\"itemListElement\":[{\"@type\":\"ListItem\",\"position\":1,\"name\":\"Portada\",\"item\":\"https:\\\/\\\/noticiasmercedinas.com\\\/site\\\/\"},{\"@type\":\"ListItem\",\"position\":2,\"name\":\"El MAMM invita a su tercer encuentro de debate: \u201c\u00bfY esto\u2026 es arte?\u201d\"}]},{\"@type\":\"WebSite\",\"@id\":\"https:\\\/\\\/noticiasmercedinas.com\\\/site\\\/#website\",\"url\":\"https:\\\/\\\/noticiasmercedinas.com\\\/site\\\/\",\"name\":\"NOTICIASMERCEDINAS.COM\",\"description\":\"Mercedes, Buenos Aires, Argentina\",\"publisher\":{\"@id\":\"https:\\\/\\\/noticiasmercedinas.com\\\/site\\\/#organization\"},\"potentialAction\":[{\"@type\":\"SearchAction\",\"target\":{\"@type\":\"EntryPoint\",\"urlTemplate\":\"https:\\\/\\\/noticiasmercedinas.com\\\/site\\\/?s={search_term_string}\"},\"query-input\":{\"@type\":\"PropertyValueSpecification\",\"valueRequired\":true,\"valueName\":\"search_term_string\"}}],\"inLanguage\":\"es\"},{\"@type\":\"Organization\",\"@id\":\"https:\\\/\\\/noticiasmercedinas.com\\\/site\\\/#organization\",\"name\":\"NOTICIASMERCEDINAS.COM\",\"url\":\"https:\\\/\\\/noticiasmercedinas.com\\\/site\\\/\",\"logo\":{\"@type\":\"ImageObject\",\"inLanguage\":\"es\",\"@id\":\"https:\\\/\\\/noticiasmercedinas.com\\\/site\\\/#\\\/schema\\\/logo\\\/image\\\/\",\"url\":\"https:\\\/\\\/noticiasmercedinas.com\\\/site\\\/wp-content\\\/uploads\\\/2020\\\/06\\\/LOGO-512.jpg\",\"contentUrl\":\"https:\\\/\\\/noticiasmercedinas.com\\\/site\\\/wp-content\\\/uploads\\\/2020\\\/06\\\/LOGO-512.jpg\",\"width\":512,\"height\":512,\"caption\":\"NOTICIASMERCEDINAS.COM\"},\"image\":{\"@id\":\"https:\\\/\\\/noticiasmercedinas.com\\\/site\\\/#\\\/schema\\\/logo\\\/image\\\/\"},\"sameAs\":[\"https:\\\/\\\/www.facebook.com\\\/noticiasmercedinas\\\/\",\"https:\\\/\\\/x.com\\\/notmercedinas\",\"https:\\\/\\\/www.instagram.com\\\/noticiasmercedinas\\\/\"]},{\"@type\":\"Person\",\"@id\":\"https:\\\/\\\/noticiasmercedinas.com\\\/site\\\/#\\\/schema\\\/person\\\/84b59c099c28ff2e8b77d4ceec5d8063\",\"name\":\"NOTICIASMERCEDINAS.COM\",\"image\":{\"@type\":\"ImageObject\",\"inLanguage\":\"es\",\"@id\":\"https:\\\/\\\/secure.gravatar.com\\\/avatar\\\/4dfbf16b4d17945bfb6341b2d19043457132fcf478a5ee04f42e959fd8f5df0a?s=96&d=mm&r=g\",\"url\":\"https:\\\/\\\/secure.gravatar.com\\\/avatar\\\/4dfbf16b4d17945bfb6341b2d19043457132fcf478a5ee04f42e959fd8f5df0a?s=96&d=mm&r=g\",\"contentUrl\":\"https:\\\/\\\/secure.gravatar.com\\\/avatar\\\/4dfbf16b4d17945bfb6341b2d19043457132fcf478a5ee04f42e959fd8f5df0a?s=96&d=mm&r=g\",\"caption\":\"NOTICIASMERCEDINAS.COM\"},\"url\":\"https:\\\/\\\/noticiasmercedinas.com\\\/site\\\/author\\\/anonimo\\\/\"}]}<\/script>\n<!-- \/ Yoast SEO plugin. -->","yoast_head_json":{"title":"El MAMM invita a su tercer encuentro de debate: \u201c\u00bfY esto\u2026 es arte?\u201d","description":"Coordinada por la licenciada Patricia Boffi, la jornada tendr\u00e1 como eje el arte pol\u00edtico, abordando c\u00f3mo a lo largo de la historia el poder ha influido en la creaci\u00f3n y circulaci\u00f3n de las obras. Este s\u00e1bado por la ma\u00f1ana","robots":{"index":"index","follow":"follow","max-snippet":"max-snippet:-1","max-image-preview":"max-image-preview:large","max-video-preview":"max-video-preview:-1"},"canonical":"https:\/\/noticiasmercedinas.com\/site\/2025\/08\/13\/el-mamm-invita-a-su-tercer-encuentro-de-debate-y-esto-es-arte\/","og_locale":"es_ES","og_type":"article","og_title":"El MAMM invita a su tercer encuentro de debate: \u201c\u00bfY esto\u2026 es arte?\u201d","og_description":"Coordinada por la licenciada Patricia Boffi, la jornada tendr\u00e1 como eje el arte pol\u00edtico, abordando c\u00f3mo a lo largo de la historia el poder ha influido en la creaci\u00f3n y circulaci\u00f3n de las obras. Este s\u00e1bado por la ma\u00f1ana","og_url":"https:\/\/noticiasmercedinas.com\/site\/2025\/08\/13\/el-mamm-invita-a-su-tercer-encuentro-de-debate-y-esto-es-arte\/","og_site_name":"NOTICIASMERCEDINAS.COM","article_publisher":"https:\/\/www.facebook.com\/noticiasmercedinas\/","article_published_time":"2025-08-13T21:32:20+00:00","article_modified_time":"2025-08-13T21:32:37+00:00","og_image":[{"width":640,"height":420,"url":"https:\/\/noticiasmercedinas.com\/site\/wp-content\/uploads\/2023\/09\/MAMM.jpg","type":"image\/jpeg"}],"author":"NOTICIASMERCEDINAS.COM","twitter_card":"summary_large_image","twitter_creator":"@notmercedinas","twitter_site":"@notmercedinas","twitter_misc":{"Escrito por":"NOTICIASMERCEDINAS.COM","Tiempo de lectura":"2 minutos"},"schema":{"@context":"https:\/\/schema.org","@graph":[{"@type":"Article","@id":"https:\/\/noticiasmercedinas.com\/site\/2025\/08\/13\/el-mamm-invita-a-su-tercer-encuentro-de-debate-y-esto-es-arte\/#article","isPartOf":{"@id":"https:\/\/noticiasmercedinas.com\/site\/2025\/08\/13\/el-mamm-invita-a-su-tercer-encuentro-de-debate-y-esto-es-arte\/"},"author":{"name":"NOTICIASMERCEDINAS.COM","@id":"https:\/\/noticiasmercedinas.com\/site\/#\/schema\/person\/84b59c099c28ff2e8b77d4ceec5d8063"},"headline":"El MAMM invita a su tercer encuentro de debate: \u201c\u00bfY esto\u2026 es arte?\u201d","datePublished":"2025-08-13T21:32:20+00:00","dateModified":"2025-08-13T21:32:37+00:00","mainEntityOfPage":{"@id":"https:\/\/noticiasmercedinas.com\/site\/2025\/08\/13\/el-mamm-invita-a-su-tercer-encuentro-de-debate-y-esto-es-arte\/"},"wordCount":195,"publisher":{"@id":"https:\/\/noticiasmercedinas.com\/site\/#organization"},"image":{"@id":"https:\/\/noticiasmercedinas.com\/site\/2025\/08\/13\/el-mamm-invita-a-su-tercer-encuentro-de-debate-y-esto-es-arte\/#primaryimage"},"thumbnailUrl":"https:\/\/noticiasmercedinas.com\/site\/wp-content\/uploads\/2023\/09\/MAMM.jpg","keywords":["a la gorra","arte","mamm","patricia boffi"],"articleSection":["Cultura"],"inLanguage":"es"},{"@type":"WebPage","@id":"https:\/\/noticiasmercedinas.com\/site\/2025\/08\/13\/el-mamm-invita-a-su-tercer-encuentro-de-debate-y-esto-es-arte\/","url":"https:\/\/noticiasmercedinas.com\/site\/2025\/08\/13\/el-mamm-invita-a-su-tercer-encuentro-de-debate-y-esto-es-arte\/","name":"El MAMM invita a su tercer encuentro de debate: \u201c\u00bfY esto\u2026 es arte?\u201d","isPartOf":{"@id":"https:\/\/noticiasmercedinas.com\/site\/#website"},"primaryImageOfPage":{"@id":"https:\/\/noticiasmercedinas.com\/site\/2025\/08\/13\/el-mamm-invita-a-su-tercer-encuentro-de-debate-y-esto-es-arte\/#primaryimage"},"image":{"@id":"https:\/\/noticiasmercedinas.com\/site\/2025\/08\/13\/el-mamm-invita-a-su-tercer-encuentro-de-debate-y-esto-es-arte\/#primaryimage"},"thumbnailUrl":"https:\/\/noticiasmercedinas.com\/site\/wp-content\/uploads\/2023\/09\/MAMM.jpg","datePublished":"2025-08-13T21:32:20+00:00","dateModified":"2025-08-13T21:32:37+00:00","description":"Coordinada por la licenciada Patricia Boffi, la jornada tendr\u00e1 como eje el arte pol\u00edtico, abordando c\u00f3mo a lo largo de la historia el poder ha influido en la creaci\u00f3n y circulaci\u00f3n de las obras. Este s\u00e1bado por la ma\u00f1ana","breadcrumb":{"@id":"https:\/\/noticiasmercedinas.com\/site\/2025\/08\/13\/el-mamm-invita-a-su-tercer-encuentro-de-debate-y-esto-es-arte\/#breadcrumb"},"inLanguage":"es","potentialAction":[{"@type":"ReadAction","target":["https:\/\/noticiasmercedinas.com\/site\/2025\/08\/13\/el-mamm-invita-a-su-tercer-encuentro-de-debate-y-esto-es-arte\/"]}]},{"@type":"ImageObject","inLanguage":"es","@id":"https:\/\/noticiasmercedinas.com\/site\/2025\/08\/13\/el-mamm-invita-a-su-tercer-encuentro-de-debate-y-esto-es-arte\/#primaryimage","url":"https:\/\/noticiasmercedinas.com\/site\/wp-content\/uploads\/2023\/09\/MAMM.jpg","contentUrl":"https:\/\/noticiasmercedinas.com\/site\/wp-content\/uploads\/2023\/09\/MAMM.jpg","width":640,"height":420},{"@type":"BreadcrumbList","@id":"https:\/\/noticiasmercedinas.com\/site\/2025\/08\/13\/el-mamm-invita-a-su-tercer-encuentro-de-debate-y-esto-es-arte\/#breadcrumb","itemListElement":[{"@type":"ListItem","position":1,"name":"Portada","item":"https:\/\/noticiasmercedinas.com\/site\/"},{"@type":"ListItem","position":2,"name":"El MAMM invita a su tercer encuentro de debate: \u201c\u00bfY esto\u2026 es arte?\u201d"}]},{"@type":"WebSite","@id":"https:\/\/noticiasmercedinas.com\/site\/#website","url":"https:\/\/noticiasmercedinas.com\/site\/","name":"NOTICIASMERCEDINAS.COM","description":"Mercedes, Buenos Aires, Argentina","publisher":{"@id":"https:\/\/noticiasmercedinas.com\/site\/#organization"},"potentialAction":[{"@type":"SearchAction","target":{"@type":"EntryPoint","urlTemplate":"https:\/\/noticiasmercedinas.com\/site\/?s={search_term_string}"},"query-input":{"@type":"PropertyValueSpecification","valueRequired":true,"valueName":"search_term_string"}}],"inLanguage":"es"},{"@type":"Organization","@id":"https:\/\/noticiasmercedinas.com\/site\/#organization","name":"NOTICIASMERCEDINAS.COM","url":"https:\/\/noticiasmercedinas.com\/site\/","logo":{"@type":"ImageObject","inLanguage":"es","@id":"https:\/\/noticiasmercedinas.com\/site\/#\/schema\/logo\/image\/","url":"https:\/\/noticiasmercedinas.com\/site\/wp-content\/uploads\/2020\/06\/LOGO-512.jpg","contentUrl":"https:\/\/noticiasmercedinas.com\/site\/wp-content\/uploads\/2020\/06\/LOGO-512.jpg","width":512,"height":512,"caption":"NOTICIASMERCEDINAS.COM"},"image":{"@id":"https:\/\/noticiasmercedinas.com\/site\/#\/schema\/logo\/image\/"},"sameAs":["https:\/\/www.facebook.com\/noticiasmercedinas\/","https:\/\/x.com\/notmercedinas","https:\/\/www.instagram.com\/noticiasmercedinas\/"]},{"@type":"Person","@id":"https:\/\/noticiasmercedinas.com\/site\/#\/schema\/person\/84b59c099c28ff2e8b77d4ceec5d8063","name":"NOTICIASMERCEDINAS.COM","image":{"@type":"ImageObject","inLanguage":"es","@id":"https:\/\/secure.gravatar.com\/avatar\/4dfbf16b4d17945bfb6341b2d19043457132fcf478a5ee04f42e959fd8f5df0a?s=96&d=mm&r=g","url":"https:\/\/secure.gravatar.com\/avatar\/4dfbf16b4d17945bfb6341b2d19043457132fcf478a5ee04f42e959fd8f5df0a?s=96&d=mm&r=g","contentUrl":"https:\/\/secure.gravatar.com\/avatar\/4dfbf16b4d17945bfb6341b2d19043457132fcf478a5ee04f42e959fd8f5df0a?s=96&d=mm&r=g","caption":"NOTICIASMERCEDINAS.COM"},"url":"https:\/\/noticiasmercedinas.com\/site\/author\/anonimo\/"}]}},"amp_enabled":true,"_links":{"self":[{"href":"https:\/\/noticiasmercedinas.com\/site\/wp-json\/wp\/v2\/posts\/166738","targetHints":{"allow":["GET"]}}],"collection":[{"href":"https:\/\/noticiasmercedinas.com\/site\/wp-json\/wp\/v2\/posts"}],"about":[{"href":"https:\/\/noticiasmercedinas.com\/site\/wp-json\/wp\/v2\/types\/post"}],"author":[{"embeddable":true,"href":"https:\/\/noticiasmercedinas.com\/site\/wp-json\/wp\/v2\/users\/16"}],"replies":[{"embeddable":true,"href":"https:\/\/noticiasmercedinas.com\/site\/wp-json\/wp\/v2\/comments?post=166738"}],"version-history":[{"count":1,"href":"https:\/\/noticiasmercedinas.com\/site\/wp-json\/wp\/v2\/posts\/166738\/revisions"}],"predecessor-version":[{"id":166740,"href":"https:\/\/noticiasmercedinas.com\/site\/wp-json\/wp\/v2\/posts\/166738\/revisions\/166740"}],"wp:featuredmedia":[{"embeddable":true,"href":"https:\/\/noticiasmercedinas.com\/site\/wp-json\/wp\/v2\/media\/122238"}],"wp:attachment":[{"href":"https:\/\/noticiasmercedinas.com\/site\/wp-json\/wp\/v2\/media?parent=166738"}],"wp:term":[{"taxonomy":"category","embeddable":true,"href":"https:\/\/noticiasmercedinas.com\/site\/wp-json\/wp\/v2\/categories?post=166738"},{"taxonomy":"post_tag","embeddable":true,"href":"https:\/\/noticiasmercedinas.com\/site\/wp-json\/wp\/v2\/tags?post=166738"}],"curies":[{"name":"wp","href":"https:\/\/api.w.org\/{rel}","templated":true}]}}