{"id":166830,"date":"2025-08-15T09:32:41","date_gmt":"2025-08-15T12:32:41","guid":{"rendered":"https:\/\/noticiasmercedinas.com\/site\/?p=166830"},"modified":"2025-08-15T09:59:17","modified_gmt":"2025-08-15T12:59:17","slug":"pro-arte-mercedes-presenta-a-marcelo-balat-y-leila-balat-paiva-en-concierto","status":"publish","type":"post","link":"https:\/\/noticiasmercedinas.com\/site\/2025\/08\/15\/pro-arte-mercedes-presenta-a-marcelo-balat-y-leila-balat-paiva-en-concierto\/","title":{"rendered":"Pro Arte Mercedes presenta a Marcelo Balat y Leila Balat Paiva en concierto"},"content":{"rendered":"<p><img loading=\"lazy\" decoding=\"async\" class=\"alignnone size-full wp-image-166832\" src=\"https:\/\/noticiasmercedinas.com\/site\/wp-content\/uploads\/2025\/08\/FB_IMG_1755261012503.jpg\" alt=\"\" width=\"720\" height=\"720\" srcset=\"https:\/\/noticiasmercedinas.com\/site\/wp-content\/uploads\/2025\/08\/FB_IMG_1755261012503.jpg 720w, https:\/\/noticiasmercedinas.com\/site\/wp-content\/uploads\/2025\/08\/FB_IMG_1755261012503-300x300.jpg 300w, https:\/\/noticiasmercedinas.com\/site\/wp-content\/uploads\/2025\/08\/FB_IMG_1755261012503-150x150.jpg 150w, https:\/\/noticiasmercedinas.com\/site\/wp-content\/uploads\/2025\/08\/FB_IMG_1755261012503-640x640.jpg 640w, https:\/\/noticiasmercedinas.com\/site\/wp-content\/uploads\/2025\/08\/FB_IMG_1755261012503-681x681.jpg 681w\" sizes=\"auto, (max-width: 720px) 100vw, 720px\" \/><\/p>\n<p>El pr\u00f3ximo s\u00e1bado 16 de agosto a las 20:00, en el ciclo Pro Arte Mercedes \u2013Centro de Egresados del Colegio Nacional \u201cFlorentino Ameghino\u201d &#8211; se presenta el destacado pianista Marcelo Balat, acompa\u00f1ado por su hija, la talentosa violinista de 11 a\u00f1os, Leila Balat Paiva.<\/p>\n<p><strong>Marcelo Balat<\/strong>\u00a0 naci\u00f3 el 22\/06\/1983. Comenz\u00f3 sus estudios musicales con su madre, se perfeccion\u00f3 en Argentina con P\u00eda Sebastiani y en la Escuela Superior de M\u00fasica Reina Sof\u00eda con Galina Egyazarova. Es uno de los m\u00e1s destacados pianistas argentinos del momento, profesor de la c\u00e1tedra de piano de la UCA y Solista Titular de la Orquesta Sinf\u00f3nica Nacional Argentina.<\/p>\n<p>Entre sus actuaciones cabe destacar la interpretaci\u00f3n del Concierto para cuatro teclados de Bach junto a Martha Argerich, P\u00eda Sebastiani y Mauricio Vallina en el Teatro Col\u00f3n, sus colaboraciones con la WEDO bajo la batuta de Daniel Barenboim, sus presentaciones en el Auditorio Nacional de M\u00fasica de Espa\u00f1a, en el Museo del Prado y el Konzerthaus de Berl\u00edn, y el estreno mundial de una obra para dos pianos de Sof\u00eda Gubaidulina, junto a Luis Gran\u00e9 para Radio Nacional de Espa\u00f1a. Recibi\u00f3 la Menci\u00f3n de Honor en el II Concurso Internacional de Piano \u201cMartha Argerich\u201d, el 1er Premio del Concurso Latinoamericano de Piano (Florian\u00f3polis) y el Premio Konex 2019: Revelaci\u00f3n.<\/p>\n<p>Ofrece conciertos regularmente en las salas m\u00e1s importantes de Argentina, Espa\u00f1a y Alemania y se present\u00f3 junto a las Orquestas Sinf\u00f3nicas m\u00e1s renombradas de nuestro pa\u00eds, bajo importantes batutas: Pedro Calder\u00f3n, Yoav Talmi, Francisco Rettig y G\u00fcnter Neuhold. Colabor\u00f3 con la West Eastern Divan Orchestra, bajo la batuta de Daniel Barenboim. Es miembro del Tr\u00edo Ginastera, junto a Xavier Inchausti y Jos\u00e9 Araujo, recientemente premiado por la Asociaci\u00f3n de Cr\u00edticos Musicales de la Argentina.<\/p>\n<p><strong>Leila Balat Paiva<\/strong> naci\u00f3 en Buenos Aires en 2014, estudia viol\u00edn desde los cuatro a\u00f1os bajo la gu\u00eda de su maestro, Xavier Inchausti.<\/p>\n<p>Ha sido parte de la Orquesta Escuela Juvenil de San Telmo entre 2019 y 2023 con la cual tuvo oportunidad de debutar como solista en la Usina del Arte a sus nueve a\u00f1os bajo la direcci\u00f3n de Clara Ackerman.<\/p>\n<p>Ha actuado en diversas salas de Buenos Aires incluidas Fundaci\u00f3n Beethoven, Iglesia Ortodoxa Rusa, Auditorio de Belgrano, Usina del Arte. Se present\u00f3, adem\u00e1s, en el programa Planeta 9, de Canal 9.<\/p>\n<p>El programa que podr\u00e1 escucharse, abarca piezas de gran exigencia t\u00e9cnica y expresiva, con obras tanto para d\u00fao como para viol\u00edn solo, que recorren estilos y \u00e9pocas del repertorio acad\u00e9mico.<\/p>\n<p>P.I. Tchaikovsky: Melod\u00eda; Sonata en Re mayor, Op 12 N\u00b0 1 L.V. Beethoven; Partita para viol\u00edn solo N\u00b03, BWV 1006, Tchaikovsky; Preludium y Allegro, al estilo de Pugnani, F. Kreisler y Polonaise Brillante, Op.21, N\u00b02.<\/p>\n<p>El concierto, ser\u00e1 una ocasi\u00f3n especial para disfrutar de la m\u00fasica de c\u00e1mara y solista de viol\u00edn, en su forma m\u00e1s \u00edntima y expresiva, con int\u00e9rpretes de excelencia y un repertorio de gran riqueza art\u00edstica.<\/p>\n<p><iframe loading=\"lazy\" title=\"Entrevista exclusiva al maestro Marcelo Balat\" width=\"640\" height=\"480\" src=\"https:\/\/www.youtube.com\/embed\/waqWCuda0mI?feature=oembed\" frameborder=\"0\" allow=\"accelerometer; autoplay; clipboard-write; encrypted-media; gyroscope; picture-in-picture; web-share\" referrerpolicy=\"strict-origin-when-cross-origin\" allowfullscreen><\/iframe><\/p>\n<p>&nbsp;<\/p>\n","protected":false},"excerpt":{"rendered":"<p>Padre e hija se presentar\u00e1n el s\u00e1bado 16 de agosto a las 20 en el ciclo del ex Colegio Nacional. Ser\u00e1 una ocasi\u00f3n especial para disfrutar de la m\u00fasica de c\u00e1mara y solista de viol\u00edn<\/p>\n","protected":false},"author":24,"featured_media":166832,"comment_status":"closed","ping_status":"closed","sticky":false,"template":"","format":"standard","meta":{"footnotes":""},"categories":[4],"tags":[4594,88,614],"class_list":["post-166830","post","type-post","status-publish","format-standard","has-post-thumbnail","hentry","category-cultura","tag-concierto","tag-musica","tag-pro-arte"],"yoast_head":"<!-- This site is optimized with the Yoast SEO plugin v27.4 - https:\/\/yoast.com\/product\/yoast-seo-wordpress\/ -->\n<title>Pro Arte Mercedes presenta a Marcelo Balat y Leila Balat Paiva en concierto<\/title>\n<meta name=\"robots\" content=\"index, follow, max-snippet:-1, max-image-preview:large, max-video-preview:-1\" \/>\n<link rel=\"canonical\" href=\"https:\/\/noticiasmercedinas.com\/site\/2025\/08\/15\/pro-arte-mercedes-presenta-a-marcelo-balat-y-leila-balat-paiva-en-concierto\/\" \/>\n<meta property=\"og:locale\" content=\"es_ES\" \/>\n<meta property=\"og:type\" content=\"article\" \/>\n<meta property=\"og:title\" content=\"Pro Arte Mercedes presenta a Marcelo Balat y Leila Balat Paiva en concierto\" \/>\n<meta property=\"og:description\" content=\"Padre e hija se presentar\u00e1n el s\u00e1bado 16 de agosto a las 20 en el ciclo del ex Colegio Nacional. Ser\u00e1 una ocasi\u00f3n especial para disfrutar de la m\u00fasica de c\u00e1mara y solista de viol\u00edn\" \/>\n<meta property=\"og:url\" content=\"https:\/\/noticiasmercedinas.com\/site\/2025\/08\/15\/pro-arte-mercedes-presenta-a-marcelo-balat-y-leila-balat-paiva-en-concierto\/\" \/>\n<meta property=\"og:site_name\" content=\"NOTICIASMERCEDINAS.COM\" \/>\n<meta property=\"article:publisher\" content=\"https:\/\/www.facebook.com\/noticiasmercedinas\/\" \/>\n<meta property=\"article:published_time\" content=\"2025-08-15T12:32:41+00:00\" \/>\n<meta property=\"article:modified_time\" content=\"2025-08-15T12:59:17+00:00\" \/>\n<meta property=\"og:image\" content=\"https:\/\/noticiasmercedinas.com\/site\/wp-content\/uploads\/2025\/08\/FB_IMG_1755261012503.jpg\" \/>\n\t<meta property=\"og:image:width\" content=\"720\" \/>\n\t<meta property=\"og:image:height\" content=\"720\" \/>\n\t<meta property=\"og:image:type\" content=\"image\/jpeg\" \/>\n<meta name=\"author\" content=\"Susana Spano\" \/>\n<meta name=\"twitter:card\" content=\"summary_large_image\" \/>\n<meta name=\"twitter:creator\" content=\"@notmercedinas\" \/>\n<meta name=\"twitter:site\" content=\"@notmercedinas\" \/>\n<meta name=\"twitter:label1\" content=\"Escrito por\" \/>\n\t<meta name=\"twitter:data1\" content=\"Susana Spano\" \/>\n\t<meta name=\"twitter:label2\" content=\"Tiempo de lectura\" \/>\n\t<meta name=\"twitter:data2\" content=\"3 minutos\" \/>\n<script type=\"application\/ld+json\" class=\"yoast-schema-graph\">{\"@context\":\"https:\\\/\\\/schema.org\",\"@graph\":[{\"@type\":\"Article\",\"@id\":\"https:\\\/\\\/noticiasmercedinas.com\\\/site\\\/2025\\\/08\\\/15\\\/pro-arte-mercedes-presenta-a-marcelo-balat-y-leila-balat-paiva-en-concierto\\\/#article\",\"isPartOf\":{\"@id\":\"https:\\\/\\\/noticiasmercedinas.com\\\/site\\\/2025\\\/08\\\/15\\\/pro-arte-mercedes-presenta-a-marcelo-balat-y-leila-balat-paiva-en-concierto\\\/\"},\"author\":{\"name\":\"Susana Spano\",\"@id\":\"https:\\\/\\\/noticiasmercedinas.com\\\/site\\\/#\\\/schema\\\/person\\\/6c6decb6bf2ace51790c3ae1860466d7\"},\"headline\":\"Pro Arte Mercedes presenta a Marcelo Balat y Leila Balat Paiva en concierto\",\"datePublished\":\"2025-08-15T12:32:41+00:00\",\"dateModified\":\"2025-08-15T12:59:17+00:00\",\"mainEntityOfPage\":{\"@id\":\"https:\\\/\\\/noticiasmercedinas.com\\\/site\\\/2025\\\/08\\\/15\\\/pro-arte-mercedes-presenta-a-marcelo-balat-y-leila-balat-paiva-en-concierto\\\/\"},\"wordCount\":538,\"publisher\":{\"@id\":\"https:\\\/\\\/noticiasmercedinas.com\\\/site\\\/#organization\"},\"image\":{\"@id\":\"https:\\\/\\\/noticiasmercedinas.com\\\/site\\\/2025\\\/08\\\/15\\\/pro-arte-mercedes-presenta-a-marcelo-balat-y-leila-balat-paiva-en-concierto\\\/#primaryimage\"},\"thumbnailUrl\":\"https:\\\/\\\/noticiasmercedinas.com\\\/site\\\/wp-content\\\/uploads\\\/2025\\\/08\\\/FB_IMG_1755261012503.jpg\",\"keywords\":[\"concierto\",\"musica\",\"pro arte\"],\"articleSection\":[\"Cultura\"],\"inLanguage\":\"es\"},{\"@type\":\"WebPage\",\"@id\":\"https:\\\/\\\/noticiasmercedinas.com\\\/site\\\/2025\\\/08\\\/15\\\/pro-arte-mercedes-presenta-a-marcelo-balat-y-leila-balat-paiva-en-concierto\\\/\",\"url\":\"https:\\\/\\\/noticiasmercedinas.com\\\/site\\\/2025\\\/08\\\/15\\\/pro-arte-mercedes-presenta-a-marcelo-balat-y-leila-balat-paiva-en-concierto\\\/\",\"name\":\"Pro Arte Mercedes presenta a Marcelo Balat y Leila Balat Paiva en concierto\",\"isPartOf\":{\"@id\":\"https:\\\/\\\/noticiasmercedinas.com\\\/site\\\/#website\"},\"primaryImageOfPage\":{\"@id\":\"https:\\\/\\\/noticiasmercedinas.com\\\/site\\\/2025\\\/08\\\/15\\\/pro-arte-mercedes-presenta-a-marcelo-balat-y-leila-balat-paiva-en-concierto\\\/#primaryimage\"},\"image\":{\"@id\":\"https:\\\/\\\/noticiasmercedinas.com\\\/site\\\/2025\\\/08\\\/15\\\/pro-arte-mercedes-presenta-a-marcelo-balat-y-leila-balat-paiva-en-concierto\\\/#primaryimage\"},\"thumbnailUrl\":\"https:\\\/\\\/noticiasmercedinas.com\\\/site\\\/wp-content\\\/uploads\\\/2025\\\/08\\\/FB_IMG_1755261012503.jpg\",\"datePublished\":\"2025-08-15T12:32:41+00:00\",\"dateModified\":\"2025-08-15T12:59:17+00:00\",\"breadcrumb\":{\"@id\":\"https:\\\/\\\/noticiasmercedinas.com\\\/site\\\/2025\\\/08\\\/15\\\/pro-arte-mercedes-presenta-a-marcelo-balat-y-leila-balat-paiva-en-concierto\\\/#breadcrumb\"},\"inLanguage\":\"es\",\"potentialAction\":[{\"@type\":\"ReadAction\",\"target\":[\"https:\\\/\\\/noticiasmercedinas.com\\\/site\\\/2025\\\/08\\\/15\\\/pro-arte-mercedes-presenta-a-marcelo-balat-y-leila-balat-paiva-en-concierto\\\/\"]}]},{\"@type\":\"ImageObject\",\"inLanguage\":\"es\",\"@id\":\"https:\\\/\\\/noticiasmercedinas.com\\\/site\\\/2025\\\/08\\\/15\\\/pro-arte-mercedes-presenta-a-marcelo-balat-y-leila-balat-paiva-en-concierto\\\/#primaryimage\",\"url\":\"https:\\\/\\\/noticiasmercedinas.com\\\/site\\\/wp-content\\\/uploads\\\/2025\\\/08\\\/FB_IMG_1755261012503.jpg\",\"contentUrl\":\"https:\\\/\\\/noticiasmercedinas.com\\\/site\\\/wp-content\\\/uploads\\\/2025\\\/08\\\/FB_IMG_1755261012503.jpg\",\"width\":720,\"height\":720},{\"@type\":\"BreadcrumbList\",\"@id\":\"https:\\\/\\\/noticiasmercedinas.com\\\/site\\\/2025\\\/08\\\/15\\\/pro-arte-mercedes-presenta-a-marcelo-balat-y-leila-balat-paiva-en-concierto\\\/#breadcrumb\",\"itemListElement\":[{\"@type\":\"ListItem\",\"position\":1,\"name\":\"Portada\",\"item\":\"https:\\\/\\\/noticiasmercedinas.com\\\/site\\\/\"},{\"@type\":\"ListItem\",\"position\":2,\"name\":\"Pro Arte Mercedes presenta a Marcelo Balat y Leila Balat Paiva en concierto\"}]},{\"@type\":\"WebSite\",\"@id\":\"https:\\\/\\\/noticiasmercedinas.com\\\/site\\\/#website\",\"url\":\"https:\\\/\\\/noticiasmercedinas.com\\\/site\\\/\",\"name\":\"NOTICIASMERCEDINAS.COM\",\"description\":\"Mercedes, Buenos Aires, Argentina\",\"publisher\":{\"@id\":\"https:\\\/\\\/noticiasmercedinas.com\\\/site\\\/#organization\"},\"potentialAction\":[{\"@type\":\"SearchAction\",\"target\":{\"@type\":\"EntryPoint\",\"urlTemplate\":\"https:\\\/\\\/noticiasmercedinas.com\\\/site\\\/?s={search_term_string}\"},\"query-input\":{\"@type\":\"PropertyValueSpecification\",\"valueRequired\":true,\"valueName\":\"search_term_string\"}}],\"inLanguage\":\"es\"},{\"@type\":\"Organization\",\"@id\":\"https:\\\/\\\/noticiasmercedinas.com\\\/site\\\/#organization\",\"name\":\"NOTICIASMERCEDINAS.COM\",\"url\":\"https:\\\/\\\/noticiasmercedinas.com\\\/site\\\/\",\"logo\":{\"@type\":\"ImageObject\",\"inLanguage\":\"es\",\"@id\":\"https:\\\/\\\/noticiasmercedinas.com\\\/site\\\/#\\\/schema\\\/logo\\\/image\\\/\",\"url\":\"https:\\\/\\\/noticiasmercedinas.com\\\/site\\\/wp-content\\\/uploads\\\/2020\\\/06\\\/LOGO-512.jpg\",\"contentUrl\":\"https:\\\/\\\/noticiasmercedinas.com\\\/site\\\/wp-content\\\/uploads\\\/2020\\\/06\\\/LOGO-512.jpg\",\"width\":512,\"height\":512,\"caption\":\"NOTICIASMERCEDINAS.COM\"},\"image\":{\"@id\":\"https:\\\/\\\/noticiasmercedinas.com\\\/site\\\/#\\\/schema\\\/logo\\\/image\\\/\"},\"sameAs\":[\"https:\\\/\\\/www.facebook.com\\\/noticiasmercedinas\\\/\",\"https:\\\/\\\/x.com\\\/notmercedinas\",\"https:\\\/\\\/www.instagram.com\\\/noticiasmercedinas\\\/\"]},{\"@type\":\"Person\",\"@id\":\"https:\\\/\\\/noticiasmercedinas.com\\\/site\\\/#\\\/schema\\\/person\\\/6c6decb6bf2ace51790c3ae1860466d7\",\"name\":\"Susana Spano\",\"image\":{\"@type\":\"ImageObject\",\"inLanguage\":\"es\",\"@id\":\"https:\\\/\\\/secure.gravatar.com\\\/avatar\\\/8b943981637969c1ccbbca2f9b95cbe5dac8e434c0c759eef9552e95d86c38f4?s=96&d=mm&r=g\",\"url\":\"https:\\\/\\\/secure.gravatar.com\\\/avatar\\\/8b943981637969c1ccbbca2f9b95cbe5dac8e434c0c759eef9552e95d86c38f4?s=96&d=mm&r=g\",\"contentUrl\":\"https:\\\/\\\/secure.gravatar.com\\\/avatar\\\/8b943981637969c1ccbbca2f9b95cbe5dac8e434c0c759eef9552e95d86c38f4?s=96&d=mm&r=g\",\"caption\":\"Susana Spano\"},\"url\":\"https:\\\/\\\/noticiasmercedinas.com\\\/site\\\/author\\\/susana-spano\\\/\"}]}<\/script>\n<!-- \/ Yoast SEO plugin. -->","yoast_head_json":{"title":"Pro Arte Mercedes presenta a Marcelo Balat y Leila Balat Paiva en concierto","robots":{"index":"index","follow":"follow","max-snippet":"max-snippet:-1","max-image-preview":"max-image-preview:large","max-video-preview":"max-video-preview:-1"},"canonical":"https:\/\/noticiasmercedinas.com\/site\/2025\/08\/15\/pro-arte-mercedes-presenta-a-marcelo-balat-y-leila-balat-paiva-en-concierto\/","og_locale":"es_ES","og_type":"article","og_title":"Pro Arte Mercedes presenta a Marcelo Balat y Leila Balat Paiva en concierto","og_description":"Padre e hija se presentar\u00e1n el s\u00e1bado 16 de agosto a las 20 en el ciclo del ex Colegio Nacional. Ser\u00e1 una ocasi\u00f3n especial para disfrutar de la m\u00fasica de c\u00e1mara y solista de viol\u00edn","og_url":"https:\/\/noticiasmercedinas.com\/site\/2025\/08\/15\/pro-arte-mercedes-presenta-a-marcelo-balat-y-leila-balat-paiva-en-concierto\/","og_site_name":"NOTICIASMERCEDINAS.COM","article_publisher":"https:\/\/www.facebook.com\/noticiasmercedinas\/","article_published_time":"2025-08-15T12:32:41+00:00","article_modified_time":"2025-08-15T12:59:17+00:00","og_image":[{"width":720,"height":720,"url":"https:\/\/noticiasmercedinas.com\/site\/wp-content\/uploads\/2025\/08\/FB_IMG_1755261012503.jpg","type":"image\/jpeg"}],"author":"Susana Spano","twitter_card":"summary_large_image","twitter_creator":"@notmercedinas","twitter_site":"@notmercedinas","twitter_misc":{"Escrito por":"Susana Spano","Tiempo de lectura":"3 minutos"},"schema":{"@context":"https:\/\/schema.org","@graph":[{"@type":"Article","@id":"https:\/\/noticiasmercedinas.com\/site\/2025\/08\/15\/pro-arte-mercedes-presenta-a-marcelo-balat-y-leila-balat-paiva-en-concierto\/#article","isPartOf":{"@id":"https:\/\/noticiasmercedinas.com\/site\/2025\/08\/15\/pro-arte-mercedes-presenta-a-marcelo-balat-y-leila-balat-paiva-en-concierto\/"},"author":{"name":"Susana Spano","@id":"https:\/\/noticiasmercedinas.com\/site\/#\/schema\/person\/6c6decb6bf2ace51790c3ae1860466d7"},"headline":"Pro Arte Mercedes presenta a Marcelo Balat y Leila Balat Paiva en concierto","datePublished":"2025-08-15T12:32:41+00:00","dateModified":"2025-08-15T12:59:17+00:00","mainEntityOfPage":{"@id":"https:\/\/noticiasmercedinas.com\/site\/2025\/08\/15\/pro-arte-mercedes-presenta-a-marcelo-balat-y-leila-balat-paiva-en-concierto\/"},"wordCount":538,"publisher":{"@id":"https:\/\/noticiasmercedinas.com\/site\/#organization"},"image":{"@id":"https:\/\/noticiasmercedinas.com\/site\/2025\/08\/15\/pro-arte-mercedes-presenta-a-marcelo-balat-y-leila-balat-paiva-en-concierto\/#primaryimage"},"thumbnailUrl":"https:\/\/noticiasmercedinas.com\/site\/wp-content\/uploads\/2025\/08\/FB_IMG_1755261012503.jpg","keywords":["concierto","musica","pro arte"],"articleSection":["Cultura"],"inLanguage":"es"},{"@type":"WebPage","@id":"https:\/\/noticiasmercedinas.com\/site\/2025\/08\/15\/pro-arte-mercedes-presenta-a-marcelo-balat-y-leila-balat-paiva-en-concierto\/","url":"https:\/\/noticiasmercedinas.com\/site\/2025\/08\/15\/pro-arte-mercedes-presenta-a-marcelo-balat-y-leila-balat-paiva-en-concierto\/","name":"Pro Arte Mercedes presenta a Marcelo Balat y Leila Balat Paiva en concierto","isPartOf":{"@id":"https:\/\/noticiasmercedinas.com\/site\/#website"},"primaryImageOfPage":{"@id":"https:\/\/noticiasmercedinas.com\/site\/2025\/08\/15\/pro-arte-mercedes-presenta-a-marcelo-balat-y-leila-balat-paiva-en-concierto\/#primaryimage"},"image":{"@id":"https:\/\/noticiasmercedinas.com\/site\/2025\/08\/15\/pro-arte-mercedes-presenta-a-marcelo-balat-y-leila-balat-paiva-en-concierto\/#primaryimage"},"thumbnailUrl":"https:\/\/noticiasmercedinas.com\/site\/wp-content\/uploads\/2025\/08\/FB_IMG_1755261012503.jpg","datePublished":"2025-08-15T12:32:41+00:00","dateModified":"2025-08-15T12:59:17+00:00","breadcrumb":{"@id":"https:\/\/noticiasmercedinas.com\/site\/2025\/08\/15\/pro-arte-mercedes-presenta-a-marcelo-balat-y-leila-balat-paiva-en-concierto\/#breadcrumb"},"inLanguage":"es","potentialAction":[{"@type":"ReadAction","target":["https:\/\/noticiasmercedinas.com\/site\/2025\/08\/15\/pro-arte-mercedes-presenta-a-marcelo-balat-y-leila-balat-paiva-en-concierto\/"]}]},{"@type":"ImageObject","inLanguage":"es","@id":"https:\/\/noticiasmercedinas.com\/site\/2025\/08\/15\/pro-arte-mercedes-presenta-a-marcelo-balat-y-leila-balat-paiva-en-concierto\/#primaryimage","url":"https:\/\/noticiasmercedinas.com\/site\/wp-content\/uploads\/2025\/08\/FB_IMG_1755261012503.jpg","contentUrl":"https:\/\/noticiasmercedinas.com\/site\/wp-content\/uploads\/2025\/08\/FB_IMG_1755261012503.jpg","width":720,"height":720},{"@type":"BreadcrumbList","@id":"https:\/\/noticiasmercedinas.com\/site\/2025\/08\/15\/pro-arte-mercedes-presenta-a-marcelo-balat-y-leila-balat-paiva-en-concierto\/#breadcrumb","itemListElement":[{"@type":"ListItem","position":1,"name":"Portada","item":"https:\/\/noticiasmercedinas.com\/site\/"},{"@type":"ListItem","position":2,"name":"Pro Arte Mercedes presenta a Marcelo Balat y Leila Balat Paiva en concierto"}]},{"@type":"WebSite","@id":"https:\/\/noticiasmercedinas.com\/site\/#website","url":"https:\/\/noticiasmercedinas.com\/site\/","name":"NOTICIASMERCEDINAS.COM","description":"Mercedes, Buenos Aires, Argentina","publisher":{"@id":"https:\/\/noticiasmercedinas.com\/site\/#organization"},"potentialAction":[{"@type":"SearchAction","target":{"@type":"EntryPoint","urlTemplate":"https:\/\/noticiasmercedinas.com\/site\/?s={search_term_string}"},"query-input":{"@type":"PropertyValueSpecification","valueRequired":true,"valueName":"search_term_string"}}],"inLanguage":"es"},{"@type":"Organization","@id":"https:\/\/noticiasmercedinas.com\/site\/#organization","name":"NOTICIASMERCEDINAS.COM","url":"https:\/\/noticiasmercedinas.com\/site\/","logo":{"@type":"ImageObject","inLanguage":"es","@id":"https:\/\/noticiasmercedinas.com\/site\/#\/schema\/logo\/image\/","url":"https:\/\/noticiasmercedinas.com\/site\/wp-content\/uploads\/2020\/06\/LOGO-512.jpg","contentUrl":"https:\/\/noticiasmercedinas.com\/site\/wp-content\/uploads\/2020\/06\/LOGO-512.jpg","width":512,"height":512,"caption":"NOTICIASMERCEDINAS.COM"},"image":{"@id":"https:\/\/noticiasmercedinas.com\/site\/#\/schema\/logo\/image\/"},"sameAs":["https:\/\/www.facebook.com\/noticiasmercedinas\/","https:\/\/x.com\/notmercedinas","https:\/\/www.instagram.com\/noticiasmercedinas\/"]},{"@type":"Person","@id":"https:\/\/noticiasmercedinas.com\/site\/#\/schema\/person\/6c6decb6bf2ace51790c3ae1860466d7","name":"Susana Spano","image":{"@type":"ImageObject","inLanguage":"es","@id":"https:\/\/secure.gravatar.com\/avatar\/8b943981637969c1ccbbca2f9b95cbe5dac8e434c0c759eef9552e95d86c38f4?s=96&d=mm&r=g","url":"https:\/\/secure.gravatar.com\/avatar\/8b943981637969c1ccbbca2f9b95cbe5dac8e434c0c759eef9552e95d86c38f4?s=96&d=mm&r=g","contentUrl":"https:\/\/secure.gravatar.com\/avatar\/8b943981637969c1ccbbca2f9b95cbe5dac8e434c0c759eef9552e95d86c38f4?s=96&d=mm&r=g","caption":"Susana Spano"},"url":"https:\/\/noticiasmercedinas.com\/site\/author\/susana-spano\/"}]}},"amp_enabled":true,"_links":{"self":[{"href":"https:\/\/noticiasmercedinas.com\/site\/wp-json\/wp\/v2\/posts\/166830","targetHints":{"allow":["GET"]}}],"collection":[{"href":"https:\/\/noticiasmercedinas.com\/site\/wp-json\/wp\/v2\/posts"}],"about":[{"href":"https:\/\/noticiasmercedinas.com\/site\/wp-json\/wp\/v2\/types\/post"}],"author":[{"embeddable":true,"href":"https:\/\/noticiasmercedinas.com\/site\/wp-json\/wp\/v2\/users\/24"}],"replies":[{"embeddable":true,"href":"https:\/\/noticiasmercedinas.com\/site\/wp-json\/wp\/v2\/comments?post=166830"}],"version-history":[{"count":4,"href":"https:\/\/noticiasmercedinas.com\/site\/wp-json\/wp\/v2\/posts\/166830\/revisions"}],"predecessor-version":[{"id":166836,"href":"https:\/\/noticiasmercedinas.com\/site\/wp-json\/wp\/v2\/posts\/166830\/revisions\/166836"}],"wp:featuredmedia":[{"embeddable":true,"href":"https:\/\/noticiasmercedinas.com\/site\/wp-json\/wp\/v2\/media\/166832"}],"wp:attachment":[{"href":"https:\/\/noticiasmercedinas.com\/site\/wp-json\/wp\/v2\/media?parent=166830"}],"wp:term":[{"taxonomy":"category","embeddable":true,"href":"https:\/\/noticiasmercedinas.com\/site\/wp-json\/wp\/v2\/categories?post=166830"},{"taxonomy":"post_tag","embeddable":true,"href":"https:\/\/noticiasmercedinas.com\/site\/wp-json\/wp\/v2\/tags?post=166830"}],"curies":[{"name":"wp","href":"https:\/\/api.w.org\/{rel}","templated":true}]}}