{"id":167013,"date":"2025-08-17T11:45:16","date_gmt":"2025-08-17T14:45:16","guid":{"rendered":"https:\/\/noticiasmercedinas.com\/site\/?p=167013"},"modified":"2025-08-17T11:52:33","modified_gmt":"2025-08-17T14:52:33","slug":"contaminacion-industrial-en-mercedes-un-canal-a-cielo-abierto-que-envenena-aire-agua-y-suelo","status":"publish","type":"post","link":"https:\/\/noticiasmercedinas.com\/site\/2025\/08\/17\/contaminacion-industrial-en-mercedes-un-canal-a-cielo-abierto-que-envenena-aire-agua-y-suelo\/","title":{"rendered":"Contaminaci\u00f3n industrial en Mercedes: un canal a cielo abierto que envenena aire, agua y suelo"},"content":{"rendered":"<p><img loading=\"lazy\" decoding=\"async\" class=\"alignnone size-full wp-image-167015\" src=\"https:\/\/noticiasmercedinas.com\/site\/wp-content\/uploads\/2025\/08\/Canal11.jpg\" alt=\"\" width=\"640\" height=\"395\" srcset=\"https:\/\/noticiasmercedinas.com\/site\/wp-content\/uploads\/2025\/08\/Canal11.jpg 640w, https:\/\/noticiasmercedinas.com\/site\/wp-content\/uploads\/2025\/08\/Canal11-300x185.jpg 300w\" sizes=\"auto, (max-width: 640px) 100vw, 640px\" \/><\/p>\n<p>\u201cBienvenidos al barrio Malvinas Argentinas\u201d, se lee en el pared\u00f3n donde nace a cielo abierto el canal de calle 16.<\/p>\n<p>Sin embargo, lo que deber\u00eda ser un cauce de desag\u00fce natural se ha convertido desde hace much\u00edsimos a\u00f1os en una v\u00eda de transporte de residuos l\u00edquidos industriales y cloacales que terminan en el r\u00edo Luj\u00e1n.<\/p>\n<p>En su trayecto atraviesa barrios populares como Malvinas Argentinas y Redes, exponiendo a cientos de familias a la contaminaci\u00f3n y la toxicidad extrema.<\/p>\n<p>Es as\u00ed que los vecinos conviven a diario con olores insoportables, riesgos de enfermedades respiratorias y d\u00e9rmicas, y la amenaza constante de vivir junto a un foco de contaminaci\u00f3n que se acumula en el aire, el suelo y el agua. Todo esto sin hablar de los basurales clandestinos que crecen en las m\u00e1rgenes del canal.<\/p>\n<p><img loading=\"lazy\" decoding=\"async\" class=\"alignnone size-full wp-image-167014\" src=\"https:\/\/noticiasmercedinas.com\/site\/wp-content\/uploads\/2025\/08\/MAPS1.jpg\" alt=\"\" width=\"640\" height=\"395\" srcset=\"https:\/\/noticiasmercedinas.com\/site\/wp-content\/uploads\/2025\/08\/MAPS1.jpg 640w, https:\/\/noticiasmercedinas.com\/site\/wp-content\/uploads\/2025\/08\/MAPS1-300x185.jpg 300w\" sizes=\"auto, (max-width: 640px) 100vw, 640px\" \/><\/p>\n<blockquote><p>Sin trabajar antes en la soluci\u00f3n del problema de contaminaci\u00f3n, se siguen planificando barrios junto al canal de calle 16<\/p><\/blockquote>\n<p>Entre los elementos m\u00e1s peligrosos que circulan por este cauce se encuentra el cromo, un metal pesado altamente t\u00f3xico liberado por procesos de curtido de cuero de industrias como Magromer, cuya actividad ha sido se\u00f1alada desde hace d\u00e9cadas como una de las principales responsables del deterioro ambiental en la zona.<\/p>\n<p>La contaminaci\u00f3n no solo afecta a los habitantes de los barrios cercanos, sino tambi\u00e9n a la diversidad biol\u00f3gica del r\u00edo Luj\u00e1n, que recibe estos desechos sin ning\u00fan tipo de tratamiento previo.<\/p>\n<p>La descarga directa de efluentes industriales, sumada a la falta de controles y a la ausencia de defensas ambientales, constituye una problem\u00e1tica hist\u00f3rica que sigue sin resolverse y que hoy se traduce en enfermedades evitables y p\u00e9rdida irreparable de ecosistemas.<\/p>\n<p>Organizaciones ambientales y vecinos reclaman desde hace m\u00e1s de 30 a\u00f1os que las autoridades municipales, provinciales y nacionales adopten medidas urgentes para frenar esta situaci\u00f3n que atenta contra el derecho humano a un ambiente sano y seguro.<\/p>\n<p><img loading=\"lazy\" decoding=\"async\" class=\"alignnone size-full wp-image-167019\" src=\"https:\/\/noticiasmercedinas.com\/site\/wp-content\/uploads\/2025\/08\/4c253893-1aee-4d2f-824a-da94fb1bd569.jpg\" alt=\"\" width=\"899\" height=\"1599\" srcset=\"https:\/\/noticiasmercedinas.com\/site\/wp-content\/uploads\/2025\/08\/4c253893-1aee-4d2f-824a-da94fb1bd569.jpg 899w, https:\/\/noticiasmercedinas.com\/site\/wp-content\/uploads\/2025\/08\/4c253893-1aee-4d2f-824a-da94fb1bd569-169x300.jpg 169w, https:\/\/noticiasmercedinas.com\/site\/wp-content\/uploads\/2025\/08\/4c253893-1aee-4d2f-824a-da94fb1bd569-576x1024.jpg 576w, https:\/\/noticiasmercedinas.com\/site\/wp-content\/uploads\/2025\/08\/4c253893-1aee-4d2f-824a-da94fb1bd569-768x1366.jpg 768w, https:\/\/noticiasmercedinas.com\/site\/wp-content\/uploads\/2025\/08\/4c253893-1aee-4d2f-824a-da94fb1bd569-864x1536.jpg 864w, https:\/\/noticiasmercedinas.com\/site\/wp-content\/uploads\/2025\/08\/4c253893-1aee-4d2f-824a-da94fb1bd569-640x1138.jpg 640w, https:\/\/noticiasmercedinas.com\/site\/wp-content\/uploads\/2025\/08\/4c253893-1aee-4d2f-824a-da94fb1bd569-681x1211.jpg 681w\" sizes=\"auto, (max-width: 899px) 100vw, 899px\" \/> <img loading=\"lazy\" decoding=\"async\" class=\"alignnone wp-image-167018 size-full\" src=\"https:\/\/noticiasmercedinas.com\/site\/wp-content\/uploads\/2025\/08\/421207eb-f2fc-4613-8a8f-100b922a0f5b-e1755441772703.jpg\" alt=\"\" width=\"898\" height=\"1380\" srcset=\"https:\/\/noticiasmercedinas.com\/site\/wp-content\/uploads\/2025\/08\/421207eb-f2fc-4613-8a8f-100b922a0f5b-e1755441772703.jpg 898w, https:\/\/noticiasmercedinas.com\/site\/wp-content\/uploads\/2025\/08\/421207eb-f2fc-4613-8a8f-100b922a0f5b-e1755441772703-195x300.jpg 195w, https:\/\/noticiasmercedinas.com\/site\/wp-content\/uploads\/2025\/08\/421207eb-f2fc-4613-8a8f-100b922a0f5b-e1755441772703-666x1024.jpg 666w, https:\/\/noticiasmercedinas.com\/site\/wp-content\/uploads\/2025\/08\/421207eb-f2fc-4613-8a8f-100b922a0f5b-e1755441772703-768x1180.jpg 768w, https:\/\/noticiasmercedinas.com\/site\/wp-content\/uploads\/2025\/08\/421207eb-f2fc-4613-8a8f-100b922a0f5b-e1755441772703-640x984.jpg 640w, https:\/\/noticiasmercedinas.com\/site\/wp-content\/uploads\/2025\/08\/421207eb-f2fc-4613-8a8f-100b922a0f5b-e1755441772703-681x1047.jpg 681w\" sizes=\"auto, (max-width: 898px) 100vw, 898px\" \/> <img loading=\"lazy\" decoding=\"async\" class=\"alignnone wp-image-167017 size-full\" src=\"https:\/\/noticiasmercedinas.com\/site\/wp-content\/uploads\/2025\/08\/5aa36ead-c020-442c-9087-23edb4ae6d1b-e1755441798469.jpg\" alt=\"\" width=\"898\" height=\"1053\" srcset=\"https:\/\/noticiasmercedinas.com\/site\/wp-content\/uploads\/2025\/08\/5aa36ead-c020-442c-9087-23edb4ae6d1b-e1755441798469.jpg 898w, https:\/\/noticiasmercedinas.com\/site\/wp-content\/uploads\/2025\/08\/5aa36ead-c020-442c-9087-23edb4ae6d1b-e1755441798469-256x300.jpg 256w, https:\/\/noticiasmercedinas.com\/site\/wp-content\/uploads\/2025\/08\/5aa36ead-c020-442c-9087-23edb4ae6d1b-e1755441798469-873x1024.jpg 873w, https:\/\/noticiasmercedinas.com\/site\/wp-content\/uploads\/2025\/08\/5aa36ead-c020-442c-9087-23edb4ae6d1b-e1755441798469-768x901.jpg 768w, https:\/\/noticiasmercedinas.com\/site\/wp-content\/uploads\/2025\/08\/5aa36ead-c020-442c-9087-23edb4ae6d1b-e1755441798469-640x750.jpg 640w, https:\/\/noticiasmercedinas.com\/site\/wp-content\/uploads\/2025\/08\/5aa36ead-c020-442c-9087-23edb4ae6d1b-e1755441798469-681x799.jpg 681w\" sizes=\"auto, (max-width: 898px) 100vw, 898px\" \/> <img loading=\"lazy\" decoding=\"async\" class=\"alignnone size-full wp-image-167016\" src=\"https:\/\/noticiasmercedinas.com\/site\/wp-content\/uploads\/2025\/08\/b12275c0-48c9-42d2-b84d-ba315e71a323.jpg\" alt=\"\" width=\"1600\" height=\"1018\" srcset=\"https:\/\/noticiasmercedinas.com\/site\/wp-content\/uploads\/2025\/08\/b12275c0-48c9-42d2-b84d-ba315e71a323.jpg 1600w, https:\/\/noticiasmercedinas.com\/site\/wp-content\/uploads\/2025\/08\/b12275c0-48c9-42d2-b84d-ba315e71a323-300x191.jpg 300w, https:\/\/noticiasmercedinas.com\/site\/wp-content\/uploads\/2025\/08\/b12275c0-48c9-42d2-b84d-ba315e71a323-1024x652.jpg 1024w, https:\/\/noticiasmercedinas.com\/site\/wp-content\/uploads\/2025\/08\/b12275c0-48c9-42d2-b84d-ba315e71a323-768x489.jpg 768w, https:\/\/noticiasmercedinas.com\/site\/wp-content\/uploads\/2025\/08\/b12275c0-48c9-42d2-b84d-ba315e71a323-1536x977.jpg 1536w, https:\/\/noticiasmercedinas.com\/site\/wp-content\/uploads\/2025\/08\/b12275c0-48c9-42d2-b84d-ba315e71a323-640x407.jpg 640w, https:\/\/noticiasmercedinas.com\/site\/wp-content\/uploads\/2025\/08\/b12275c0-48c9-42d2-b84d-ba315e71a323-1280x814.jpg 1280w, https:\/\/noticiasmercedinas.com\/site\/wp-content\/uploads\/2025\/08\/b12275c0-48c9-42d2-b84d-ba315e71a323-681x433.jpg 681w, https:\/\/noticiasmercedinas.com\/site\/wp-content\/uploads\/2025\/08\/b12275c0-48c9-42d2-b84d-ba315e71a323-1362x867.jpg 1362w\" sizes=\"auto, (max-width: 1600px) 100vw, 1600px\" \/><\/p>\n<p>&nbsp;<\/p>\n","protected":false},"excerpt":{"rendered":"<p>\u25a0 El canal de calle 16, que atraviesa barrios como Malvinas Argentinas y Redes, transporta desde hace d\u00e9cadas desechos cloacales e industriales con metales pesados como el cromo. Vecinos conviven a diario con olores irrespirables y riesgos sanitarios que afectan la biodiversidad del r\u00edo Luj\u00e1n y la salud humana.<\/p>\n","protected":false},"author":2,"featured_media":167015,"comment_status":"closed","ping_status":"closed","sticky":false,"template":"","format":"standard","meta":{"footnotes":""},"categories":[5754,2,3],"tags":[798,14533,4627,4944],"class_list":["post-167013","post","type-post","status-publish","format-standard","has-post-thumbnail","hentry","category-medio-ambiente","category-featured","category-sociedad","tag-barrio-malvinas","tag-barrio-redes","tag-canal-calle-16","tag-contaminacion"],"yoast_head":"<!-- This site is optimized with the Yoast SEO plugin v27.4 - https:\/\/yoast.com\/product\/yoast-seo-wordpress\/ -->\n<title>Contaminaci\u00f3n industrial en Mercedes: un canal a cielo abierto que envenena aire, agua y suelo<\/title>\n<meta name=\"description\" content=\"\u25a0 El canal de calle 16, que atraviesa barrios como Malvinas Argentinas y Redes, transporta desde hace d\u00e9cadas desechos cloacales e industriales con metales pesados como el cromo. Vecinos conviven a diario con olores irrespirables y riesgos sanitarios que afectan la biodiversidad del r\u00edo Luj\u00e1n y la salud humana.\" \/>\n<meta name=\"robots\" content=\"index, follow, max-snippet:-1, max-image-preview:large, max-video-preview:-1\" \/>\n<link rel=\"canonical\" href=\"https:\/\/noticiasmercedinas.com\/site\/2025\/08\/17\/contaminacion-industrial-en-mercedes-un-canal-a-cielo-abierto-que-envenena-aire-agua-y-suelo\/\" \/>\n<meta property=\"og:locale\" content=\"es_ES\" \/>\n<meta property=\"og:type\" content=\"article\" \/>\n<meta property=\"og:title\" content=\"Contaminaci\u00f3n industrial en Mercedes: un canal a cielo abierto que envenena aire, agua y suelo\" \/>\n<meta property=\"og:description\" content=\"\u25a0 El canal de calle 16, que atraviesa barrios como Malvinas Argentinas y Redes, transporta desde hace d\u00e9cadas desechos cloacales e industriales con metales pesados como el cromo. Vecinos conviven a diario con olores irrespirables y riesgos sanitarios que afectan la biodiversidad del r\u00edo Luj\u00e1n y la salud humana.\" \/>\n<meta property=\"og:url\" content=\"https:\/\/noticiasmercedinas.com\/site\/2025\/08\/17\/contaminacion-industrial-en-mercedes-un-canal-a-cielo-abierto-que-envenena-aire-agua-y-suelo\/\" \/>\n<meta property=\"og:site_name\" content=\"NOTICIASMERCEDINAS.COM\" \/>\n<meta property=\"article:publisher\" content=\"https:\/\/www.facebook.com\/noticiasmercedinas\/\" \/>\n<meta property=\"article:author\" content=\"https:\/\/www.facebook.com\/cristian.falabella\" \/>\n<meta property=\"article:published_time\" content=\"2025-08-17T14:45:16+00:00\" \/>\n<meta property=\"article:modified_time\" content=\"2025-08-17T14:52:33+00:00\" \/>\n<meta property=\"og:image\" content=\"https:\/\/noticiasmercedinas.com\/site\/wp-content\/uploads\/2025\/08\/Canal11.jpg\" \/>\n\t<meta property=\"og:image:width\" content=\"640\" \/>\n\t<meta property=\"og:image:height\" content=\"395\" \/>\n\t<meta property=\"og:image:type\" content=\"image\/jpeg\" \/>\n<meta name=\"author\" content=\"Cristian Falabella NOTICIASMERCEDINAS.COM\" \/>\n<meta name=\"twitter:card\" content=\"summary_large_image\" \/>\n<meta name=\"twitter:creator\" content=\"@https:\/\/twitter.com\/NOTMERCEDINAS\" \/>\n<meta name=\"twitter:site\" content=\"@notmercedinas\" \/>\n<meta name=\"twitter:label1\" content=\"Escrito por\" \/>\n\t<meta name=\"twitter:data1\" content=\"Cristian Falabella NOTICIASMERCEDINAS.COM\" \/>\n\t<meta name=\"twitter:label2\" content=\"Tiempo de lectura\" \/>\n\t<meta name=\"twitter:data2\" content=\"3 minutos\" \/>\n<script type=\"application\/ld+json\" class=\"yoast-schema-graph\">{\"@context\":\"https:\\\/\\\/schema.org\",\"@graph\":[{\"@type\":\"Article\",\"@id\":\"https:\\\/\\\/noticiasmercedinas.com\\\/site\\\/2025\\\/08\\\/17\\\/contaminacion-industrial-en-mercedes-un-canal-a-cielo-abierto-que-envenena-aire-agua-y-suelo\\\/#article\",\"isPartOf\":{\"@id\":\"https:\\\/\\\/noticiasmercedinas.com\\\/site\\\/2025\\\/08\\\/17\\\/contaminacion-industrial-en-mercedes-un-canal-a-cielo-abierto-que-envenena-aire-agua-y-suelo\\\/\"},\"author\":{\"name\":\"Cristian Falabella NOTICIASMERCEDINAS.COM\",\"@id\":\"https:\\\/\\\/noticiasmercedinas.com\\\/site\\\/#\\\/schema\\\/person\\\/d481a9696a5feaec13a60e2bbd991a6a\"},\"headline\":\"Contaminaci\u00f3n industrial en Mercedes: un canal a cielo abierto que envenena aire, agua y suelo\",\"datePublished\":\"2025-08-17T14:45:16+00:00\",\"dateModified\":\"2025-08-17T14:52:33+00:00\",\"mainEntityOfPage\":{\"@id\":\"https:\\\/\\\/noticiasmercedinas.com\\\/site\\\/2025\\\/08\\\/17\\\/contaminacion-industrial-en-mercedes-un-canal-a-cielo-abierto-que-envenena-aire-agua-y-suelo\\\/\"},\"wordCount\":356,\"publisher\":{\"@id\":\"https:\\\/\\\/noticiasmercedinas.com\\\/site\\\/#organization\"},\"image\":{\"@id\":\"https:\\\/\\\/noticiasmercedinas.com\\\/site\\\/2025\\\/08\\\/17\\\/contaminacion-industrial-en-mercedes-un-canal-a-cielo-abierto-que-envenena-aire-agua-y-suelo\\\/#primaryimage\"},\"thumbnailUrl\":\"https:\\\/\\\/noticiasmercedinas.com\\\/site\\\/wp-content\\\/uploads\\\/2025\\\/08\\\/Canal11.jpg\",\"keywords\":[\"barrio Malvinas\",\"barrio redes\",\"canal calle 16\",\"contaminacion\"],\"articleSection\":[\"Ambiente\",\"Especiales\",\"Sociedad\"],\"inLanguage\":\"es\"},{\"@type\":\"WebPage\",\"@id\":\"https:\\\/\\\/noticiasmercedinas.com\\\/site\\\/2025\\\/08\\\/17\\\/contaminacion-industrial-en-mercedes-un-canal-a-cielo-abierto-que-envenena-aire-agua-y-suelo\\\/\",\"url\":\"https:\\\/\\\/noticiasmercedinas.com\\\/site\\\/2025\\\/08\\\/17\\\/contaminacion-industrial-en-mercedes-un-canal-a-cielo-abierto-que-envenena-aire-agua-y-suelo\\\/\",\"name\":\"Contaminaci\u00f3n industrial en Mercedes: un canal a cielo abierto que envenena aire, agua y suelo\",\"isPartOf\":{\"@id\":\"https:\\\/\\\/noticiasmercedinas.com\\\/site\\\/#website\"},\"primaryImageOfPage\":{\"@id\":\"https:\\\/\\\/noticiasmercedinas.com\\\/site\\\/2025\\\/08\\\/17\\\/contaminacion-industrial-en-mercedes-un-canal-a-cielo-abierto-que-envenena-aire-agua-y-suelo\\\/#primaryimage\"},\"image\":{\"@id\":\"https:\\\/\\\/noticiasmercedinas.com\\\/site\\\/2025\\\/08\\\/17\\\/contaminacion-industrial-en-mercedes-un-canal-a-cielo-abierto-que-envenena-aire-agua-y-suelo\\\/#primaryimage\"},\"thumbnailUrl\":\"https:\\\/\\\/noticiasmercedinas.com\\\/site\\\/wp-content\\\/uploads\\\/2025\\\/08\\\/Canal11.jpg\",\"datePublished\":\"2025-08-17T14:45:16+00:00\",\"dateModified\":\"2025-08-17T14:52:33+00:00\",\"description\":\"\u25a0 El canal de calle 16, que atraviesa barrios como Malvinas Argentinas y Redes, transporta desde hace d\u00e9cadas desechos cloacales e industriales con metales pesados como el cromo. Vecinos conviven a diario con olores irrespirables y riesgos sanitarios que afectan la biodiversidad del r\u00edo Luj\u00e1n y la salud humana.\",\"breadcrumb\":{\"@id\":\"https:\\\/\\\/noticiasmercedinas.com\\\/site\\\/2025\\\/08\\\/17\\\/contaminacion-industrial-en-mercedes-un-canal-a-cielo-abierto-que-envenena-aire-agua-y-suelo\\\/#breadcrumb\"},\"inLanguage\":\"es\",\"potentialAction\":[{\"@type\":\"ReadAction\",\"target\":[\"https:\\\/\\\/noticiasmercedinas.com\\\/site\\\/2025\\\/08\\\/17\\\/contaminacion-industrial-en-mercedes-un-canal-a-cielo-abierto-que-envenena-aire-agua-y-suelo\\\/\"]}]},{\"@type\":\"ImageObject\",\"inLanguage\":\"es\",\"@id\":\"https:\\\/\\\/noticiasmercedinas.com\\\/site\\\/2025\\\/08\\\/17\\\/contaminacion-industrial-en-mercedes-un-canal-a-cielo-abierto-que-envenena-aire-agua-y-suelo\\\/#primaryimage\",\"url\":\"https:\\\/\\\/noticiasmercedinas.com\\\/site\\\/wp-content\\\/uploads\\\/2025\\\/08\\\/Canal11.jpg\",\"contentUrl\":\"https:\\\/\\\/noticiasmercedinas.com\\\/site\\\/wp-content\\\/uploads\\\/2025\\\/08\\\/Canal11.jpg\",\"width\":640,\"height\":395},{\"@type\":\"BreadcrumbList\",\"@id\":\"https:\\\/\\\/noticiasmercedinas.com\\\/site\\\/2025\\\/08\\\/17\\\/contaminacion-industrial-en-mercedes-un-canal-a-cielo-abierto-que-envenena-aire-agua-y-suelo\\\/#breadcrumb\",\"itemListElement\":[{\"@type\":\"ListItem\",\"position\":1,\"name\":\"Portada\",\"item\":\"https:\\\/\\\/noticiasmercedinas.com\\\/site\\\/\"},{\"@type\":\"ListItem\",\"position\":2,\"name\":\"Contaminaci\u00f3n industrial en Mercedes: un canal a cielo abierto que envenena aire, agua y suelo\"}]},{\"@type\":\"WebSite\",\"@id\":\"https:\\\/\\\/noticiasmercedinas.com\\\/site\\\/#website\",\"url\":\"https:\\\/\\\/noticiasmercedinas.com\\\/site\\\/\",\"name\":\"NOTICIASMERCEDINAS.COM\",\"description\":\"Mercedes, Buenos Aires, Argentina\",\"publisher\":{\"@id\":\"https:\\\/\\\/noticiasmercedinas.com\\\/site\\\/#organization\"},\"potentialAction\":[{\"@type\":\"SearchAction\",\"target\":{\"@type\":\"EntryPoint\",\"urlTemplate\":\"https:\\\/\\\/noticiasmercedinas.com\\\/site\\\/?s={search_term_string}\"},\"query-input\":{\"@type\":\"PropertyValueSpecification\",\"valueRequired\":true,\"valueName\":\"search_term_string\"}}],\"inLanguage\":\"es\"},{\"@type\":\"Organization\",\"@id\":\"https:\\\/\\\/noticiasmercedinas.com\\\/site\\\/#organization\",\"name\":\"NOTICIASMERCEDINAS.COM\",\"url\":\"https:\\\/\\\/noticiasmercedinas.com\\\/site\\\/\",\"logo\":{\"@type\":\"ImageObject\",\"inLanguage\":\"es\",\"@id\":\"https:\\\/\\\/noticiasmercedinas.com\\\/site\\\/#\\\/schema\\\/logo\\\/image\\\/\",\"url\":\"https:\\\/\\\/noticiasmercedinas.com\\\/site\\\/wp-content\\\/uploads\\\/2020\\\/06\\\/LOGO-512.jpg\",\"contentUrl\":\"https:\\\/\\\/noticiasmercedinas.com\\\/site\\\/wp-content\\\/uploads\\\/2020\\\/06\\\/LOGO-512.jpg\",\"width\":512,\"height\":512,\"caption\":\"NOTICIASMERCEDINAS.COM\"},\"image\":{\"@id\":\"https:\\\/\\\/noticiasmercedinas.com\\\/site\\\/#\\\/schema\\\/logo\\\/image\\\/\"},\"sameAs\":[\"https:\\\/\\\/www.facebook.com\\\/noticiasmercedinas\\\/\",\"https:\\\/\\\/x.com\\\/notmercedinas\",\"https:\\\/\\\/www.instagram.com\\\/noticiasmercedinas\\\/\"]},{\"@type\":\"Person\",\"@id\":\"https:\\\/\\\/noticiasmercedinas.com\\\/site\\\/#\\\/schema\\\/person\\\/d481a9696a5feaec13a60e2bbd991a6a\",\"name\":\"Cristian Falabella NOTICIASMERCEDINAS.COM\",\"image\":{\"@type\":\"ImageObject\",\"inLanguage\":\"es\",\"@id\":\"https:\\\/\\\/secure.gravatar.com\\\/avatar\\\/0dbbfc45970cc46bcd0e57766228574ff3511d6eed045b182f536f0f478c1f06?s=96&d=mm&r=g\",\"url\":\"https:\\\/\\\/secure.gravatar.com\\\/avatar\\\/0dbbfc45970cc46bcd0e57766228574ff3511d6eed045b182f536f0f478c1f06?s=96&d=mm&r=g\",\"contentUrl\":\"https:\\\/\\\/secure.gravatar.com\\\/avatar\\\/0dbbfc45970cc46bcd0e57766228574ff3511d6eed045b182f536f0f478c1f06?s=96&d=mm&r=g\",\"caption\":\"Cristian Falabella NOTICIASMERCEDINAS.COM\"},\"description\":\"Periodista, editor de Noticias Mercedinas. Pas\u00f3 por varias redacciones y emprendimientos de prensa, en distintos formatos y \u00e9pocas. Se especializ\u00f3 --y sigue haci\u00e9ndolo-- en comunicaci\u00f3n en la web y en junio de 2006 fund\u00f3 este diario digital.\",\"sameAs\":[\"https:\\\/\\\/noticiasmercedinas.com\",\"https:\\\/\\\/www.facebook.com\\\/cristian.falabella\",\"https:\\\/\\\/www.instagram.com\\\/noticiasmercedinas\\\/\",\"https:\\\/\\\/x.com\\\/https:\\\/\\\/twitter.com\\\/NOTMERCEDINAS\"],\"url\":\"https:\\\/\\\/noticiasmercedinas.com\\\/site\\\/author\\\/as000384\\\/\"}]}<\/script>\n<!-- \/ Yoast SEO plugin. -->","yoast_head_json":{"title":"Contaminaci\u00f3n industrial en Mercedes: un canal a cielo abierto que envenena aire, agua y suelo","description":"\u25a0 El canal de calle 16, que atraviesa barrios como Malvinas Argentinas y Redes, transporta desde hace d\u00e9cadas desechos cloacales e industriales con metales pesados como el cromo. Vecinos conviven a diario con olores irrespirables y riesgos sanitarios que afectan la biodiversidad del r\u00edo Luj\u00e1n y la salud humana.","robots":{"index":"index","follow":"follow","max-snippet":"max-snippet:-1","max-image-preview":"max-image-preview:large","max-video-preview":"max-video-preview:-1"},"canonical":"https:\/\/noticiasmercedinas.com\/site\/2025\/08\/17\/contaminacion-industrial-en-mercedes-un-canal-a-cielo-abierto-que-envenena-aire-agua-y-suelo\/","og_locale":"es_ES","og_type":"article","og_title":"Contaminaci\u00f3n industrial en Mercedes: un canal a cielo abierto que envenena aire, agua y suelo","og_description":"\u25a0 El canal de calle 16, que atraviesa barrios como Malvinas Argentinas y Redes, transporta desde hace d\u00e9cadas desechos cloacales e industriales con metales pesados como el cromo. Vecinos conviven a diario con olores irrespirables y riesgos sanitarios que afectan la biodiversidad del r\u00edo Luj\u00e1n y la salud humana.","og_url":"https:\/\/noticiasmercedinas.com\/site\/2025\/08\/17\/contaminacion-industrial-en-mercedes-un-canal-a-cielo-abierto-que-envenena-aire-agua-y-suelo\/","og_site_name":"NOTICIASMERCEDINAS.COM","article_publisher":"https:\/\/www.facebook.com\/noticiasmercedinas\/","article_author":"https:\/\/www.facebook.com\/cristian.falabella","article_published_time":"2025-08-17T14:45:16+00:00","article_modified_time":"2025-08-17T14:52:33+00:00","og_image":[{"width":640,"height":395,"url":"https:\/\/noticiasmercedinas.com\/site\/wp-content\/uploads\/2025\/08\/Canal11.jpg","type":"image\/jpeg"}],"author":"Cristian Falabella NOTICIASMERCEDINAS.COM","twitter_card":"summary_large_image","twitter_creator":"@https:\/\/twitter.com\/NOTMERCEDINAS","twitter_site":"@notmercedinas","twitter_misc":{"Escrito por":"Cristian Falabella NOTICIASMERCEDINAS.COM","Tiempo de lectura":"3 minutos"},"schema":{"@context":"https:\/\/schema.org","@graph":[{"@type":"Article","@id":"https:\/\/noticiasmercedinas.com\/site\/2025\/08\/17\/contaminacion-industrial-en-mercedes-un-canal-a-cielo-abierto-que-envenena-aire-agua-y-suelo\/#article","isPartOf":{"@id":"https:\/\/noticiasmercedinas.com\/site\/2025\/08\/17\/contaminacion-industrial-en-mercedes-un-canal-a-cielo-abierto-que-envenena-aire-agua-y-suelo\/"},"author":{"name":"Cristian Falabella NOTICIASMERCEDINAS.COM","@id":"https:\/\/noticiasmercedinas.com\/site\/#\/schema\/person\/d481a9696a5feaec13a60e2bbd991a6a"},"headline":"Contaminaci\u00f3n industrial en Mercedes: un canal a cielo abierto que envenena aire, agua y suelo","datePublished":"2025-08-17T14:45:16+00:00","dateModified":"2025-08-17T14:52:33+00:00","mainEntityOfPage":{"@id":"https:\/\/noticiasmercedinas.com\/site\/2025\/08\/17\/contaminacion-industrial-en-mercedes-un-canal-a-cielo-abierto-que-envenena-aire-agua-y-suelo\/"},"wordCount":356,"publisher":{"@id":"https:\/\/noticiasmercedinas.com\/site\/#organization"},"image":{"@id":"https:\/\/noticiasmercedinas.com\/site\/2025\/08\/17\/contaminacion-industrial-en-mercedes-un-canal-a-cielo-abierto-que-envenena-aire-agua-y-suelo\/#primaryimage"},"thumbnailUrl":"https:\/\/noticiasmercedinas.com\/site\/wp-content\/uploads\/2025\/08\/Canal11.jpg","keywords":["barrio Malvinas","barrio redes","canal calle 16","contaminacion"],"articleSection":["Ambiente","Especiales","Sociedad"],"inLanguage":"es"},{"@type":"WebPage","@id":"https:\/\/noticiasmercedinas.com\/site\/2025\/08\/17\/contaminacion-industrial-en-mercedes-un-canal-a-cielo-abierto-que-envenena-aire-agua-y-suelo\/","url":"https:\/\/noticiasmercedinas.com\/site\/2025\/08\/17\/contaminacion-industrial-en-mercedes-un-canal-a-cielo-abierto-que-envenena-aire-agua-y-suelo\/","name":"Contaminaci\u00f3n industrial en Mercedes: un canal a cielo abierto que envenena aire, agua y suelo","isPartOf":{"@id":"https:\/\/noticiasmercedinas.com\/site\/#website"},"primaryImageOfPage":{"@id":"https:\/\/noticiasmercedinas.com\/site\/2025\/08\/17\/contaminacion-industrial-en-mercedes-un-canal-a-cielo-abierto-que-envenena-aire-agua-y-suelo\/#primaryimage"},"image":{"@id":"https:\/\/noticiasmercedinas.com\/site\/2025\/08\/17\/contaminacion-industrial-en-mercedes-un-canal-a-cielo-abierto-que-envenena-aire-agua-y-suelo\/#primaryimage"},"thumbnailUrl":"https:\/\/noticiasmercedinas.com\/site\/wp-content\/uploads\/2025\/08\/Canal11.jpg","datePublished":"2025-08-17T14:45:16+00:00","dateModified":"2025-08-17T14:52:33+00:00","description":"\u25a0 El canal de calle 16, que atraviesa barrios como Malvinas Argentinas y Redes, transporta desde hace d\u00e9cadas desechos cloacales e industriales con metales pesados como el cromo. Vecinos conviven a diario con olores irrespirables y riesgos sanitarios que afectan la biodiversidad del r\u00edo Luj\u00e1n y la salud humana.","breadcrumb":{"@id":"https:\/\/noticiasmercedinas.com\/site\/2025\/08\/17\/contaminacion-industrial-en-mercedes-un-canal-a-cielo-abierto-que-envenena-aire-agua-y-suelo\/#breadcrumb"},"inLanguage":"es","potentialAction":[{"@type":"ReadAction","target":["https:\/\/noticiasmercedinas.com\/site\/2025\/08\/17\/contaminacion-industrial-en-mercedes-un-canal-a-cielo-abierto-que-envenena-aire-agua-y-suelo\/"]}]},{"@type":"ImageObject","inLanguage":"es","@id":"https:\/\/noticiasmercedinas.com\/site\/2025\/08\/17\/contaminacion-industrial-en-mercedes-un-canal-a-cielo-abierto-que-envenena-aire-agua-y-suelo\/#primaryimage","url":"https:\/\/noticiasmercedinas.com\/site\/wp-content\/uploads\/2025\/08\/Canal11.jpg","contentUrl":"https:\/\/noticiasmercedinas.com\/site\/wp-content\/uploads\/2025\/08\/Canal11.jpg","width":640,"height":395},{"@type":"BreadcrumbList","@id":"https:\/\/noticiasmercedinas.com\/site\/2025\/08\/17\/contaminacion-industrial-en-mercedes-un-canal-a-cielo-abierto-que-envenena-aire-agua-y-suelo\/#breadcrumb","itemListElement":[{"@type":"ListItem","position":1,"name":"Portada","item":"https:\/\/noticiasmercedinas.com\/site\/"},{"@type":"ListItem","position":2,"name":"Contaminaci\u00f3n industrial en Mercedes: un canal a cielo abierto que envenena aire, agua y suelo"}]},{"@type":"WebSite","@id":"https:\/\/noticiasmercedinas.com\/site\/#website","url":"https:\/\/noticiasmercedinas.com\/site\/","name":"NOTICIASMERCEDINAS.COM","description":"Mercedes, Buenos Aires, Argentina","publisher":{"@id":"https:\/\/noticiasmercedinas.com\/site\/#organization"},"potentialAction":[{"@type":"SearchAction","target":{"@type":"EntryPoint","urlTemplate":"https:\/\/noticiasmercedinas.com\/site\/?s={search_term_string}"},"query-input":{"@type":"PropertyValueSpecification","valueRequired":true,"valueName":"search_term_string"}}],"inLanguage":"es"},{"@type":"Organization","@id":"https:\/\/noticiasmercedinas.com\/site\/#organization","name":"NOTICIASMERCEDINAS.COM","url":"https:\/\/noticiasmercedinas.com\/site\/","logo":{"@type":"ImageObject","inLanguage":"es","@id":"https:\/\/noticiasmercedinas.com\/site\/#\/schema\/logo\/image\/","url":"https:\/\/noticiasmercedinas.com\/site\/wp-content\/uploads\/2020\/06\/LOGO-512.jpg","contentUrl":"https:\/\/noticiasmercedinas.com\/site\/wp-content\/uploads\/2020\/06\/LOGO-512.jpg","width":512,"height":512,"caption":"NOTICIASMERCEDINAS.COM"},"image":{"@id":"https:\/\/noticiasmercedinas.com\/site\/#\/schema\/logo\/image\/"},"sameAs":["https:\/\/www.facebook.com\/noticiasmercedinas\/","https:\/\/x.com\/notmercedinas","https:\/\/www.instagram.com\/noticiasmercedinas\/"]},{"@type":"Person","@id":"https:\/\/noticiasmercedinas.com\/site\/#\/schema\/person\/d481a9696a5feaec13a60e2bbd991a6a","name":"Cristian Falabella NOTICIASMERCEDINAS.COM","image":{"@type":"ImageObject","inLanguage":"es","@id":"https:\/\/secure.gravatar.com\/avatar\/0dbbfc45970cc46bcd0e57766228574ff3511d6eed045b182f536f0f478c1f06?s=96&d=mm&r=g","url":"https:\/\/secure.gravatar.com\/avatar\/0dbbfc45970cc46bcd0e57766228574ff3511d6eed045b182f536f0f478c1f06?s=96&d=mm&r=g","contentUrl":"https:\/\/secure.gravatar.com\/avatar\/0dbbfc45970cc46bcd0e57766228574ff3511d6eed045b182f536f0f478c1f06?s=96&d=mm&r=g","caption":"Cristian Falabella NOTICIASMERCEDINAS.COM"},"description":"Periodista, editor de Noticias Mercedinas. Pas\u00f3 por varias redacciones y emprendimientos de prensa, en distintos formatos y \u00e9pocas. Se especializ\u00f3 --y sigue haci\u00e9ndolo-- en comunicaci\u00f3n en la web y en junio de 2006 fund\u00f3 este diario digital.","sameAs":["https:\/\/noticiasmercedinas.com","https:\/\/www.facebook.com\/cristian.falabella","https:\/\/www.instagram.com\/noticiasmercedinas\/","https:\/\/x.com\/https:\/\/twitter.com\/NOTMERCEDINAS"],"url":"https:\/\/noticiasmercedinas.com\/site\/author\/as000384\/"}]}},"amp_enabled":true,"_links":{"self":[{"href":"https:\/\/noticiasmercedinas.com\/site\/wp-json\/wp\/v2\/posts\/167013","targetHints":{"allow":["GET"]}}],"collection":[{"href":"https:\/\/noticiasmercedinas.com\/site\/wp-json\/wp\/v2\/posts"}],"about":[{"href":"https:\/\/noticiasmercedinas.com\/site\/wp-json\/wp\/v2\/types\/post"}],"author":[{"embeddable":true,"href":"https:\/\/noticiasmercedinas.com\/site\/wp-json\/wp\/v2\/users\/2"}],"replies":[{"embeddable":true,"href":"https:\/\/noticiasmercedinas.com\/site\/wp-json\/wp\/v2\/comments?post=167013"}],"version-history":[{"count":1,"href":"https:\/\/noticiasmercedinas.com\/site\/wp-json\/wp\/v2\/posts\/167013\/revisions"}],"predecessor-version":[{"id":167021,"href":"https:\/\/noticiasmercedinas.com\/site\/wp-json\/wp\/v2\/posts\/167013\/revisions\/167021"}],"wp:featuredmedia":[{"embeddable":true,"href":"https:\/\/noticiasmercedinas.com\/site\/wp-json\/wp\/v2\/media\/167015"}],"wp:attachment":[{"href":"https:\/\/noticiasmercedinas.com\/site\/wp-json\/wp\/v2\/media?parent=167013"}],"wp:term":[{"taxonomy":"category","embeddable":true,"href":"https:\/\/noticiasmercedinas.com\/site\/wp-json\/wp\/v2\/categories?post=167013"},{"taxonomy":"post_tag","embeddable":true,"href":"https:\/\/noticiasmercedinas.com\/site\/wp-json\/wp\/v2\/tags?post=167013"}],"curies":[{"name":"wp","href":"https:\/\/api.w.org\/{rel}","templated":true}]}}