{"id":167132,"date":"2025-08-18T10:49:58","date_gmt":"2025-08-18T13:49:58","guid":{"rendered":"https:\/\/noticiasmercedinas.com\/site\/?p=167132"},"modified":"2025-08-18T10:49:58","modified_gmt":"2025-08-18T13:49:58","slug":"en-el-colegio-de-arquitectos-se-inaugurara-la-muestra-sinestesia-de-ruth-rojas-jalley","status":"publish","type":"post","link":"https:\/\/noticiasmercedinas.com\/site\/2025\/08\/18\/en-el-colegio-de-arquitectos-se-inaugurara-la-muestra-sinestesia-de-ruth-rojas-jalley\/","title":{"rendered":"En el Colegio de Arquitectos se inaugurar\u00e1 la muestra \u201cSinestesia\u201d de Ruth Rojas Jalley"},"content":{"rendered":"<p><img loading=\"lazy\" decoding=\"async\" class=\"alignnone size-full wp-image-167133\" src=\"https:\/\/noticiasmercedinas.com\/site\/wp-content\/uploads\/2025\/08\/ARTE.jpg\" alt=\"\" width=\"834\" height=\"569\" srcset=\"https:\/\/noticiasmercedinas.com\/site\/wp-content\/uploads\/2025\/08\/ARTE.jpg 834w, https:\/\/noticiasmercedinas.com\/site\/wp-content\/uploads\/2025\/08\/ARTE-300x205.jpg 300w, https:\/\/noticiasmercedinas.com\/site\/wp-content\/uploads\/2025\/08\/ARTE-768x524.jpg 768w, https:\/\/noticiasmercedinas.com\/site\/wp-content\/uploads\/2025\/08\/ARTE-640x437.jpg 640w, https:\/\/noticiasmercedinas.com\/site\/wp-content\/uploads\/2025\/08\/ARTE-681x465.jpg 681w\" sizes=\"auto, (max-width: 834px) 100vw, 834px\" \/><\/p>\n<p>Este s\u00e1bado 23 de agosto a las 20:30 horas, en la sede distrital del Colegio de Arquitectos de Mercedes (Av. 30 N\u00b0 564), quedar\u00e1 inaugurada la muestra \u201cSinestesia\u201d, de la artista <strong>Ruth Rojas Jalley<\/strong>. La propuesta re\u00fane pintura y fotograf\u00eda, y podr\u00e1 visitarse de manera libre y gratuita.<\/p>\n<p>\u201cSinestesia\u201d invita a recorrer la intersecci\u00f3n de percepciones y creaciones de la autora, quien transforma sensaciones, sonidos y emociones en colores, formas y texturas. Cada obra es, seg\u00fan explic\u00f3 Rojas Jalley, un homenaje a los paisajes, culturas y escenarios naturales que nutrieron su vida y su arte, con especial inspiraci\u00f3n en el mar y el mundo subacu\u00e1tico.<\/p>\n<blockquote><p>Ruth Rojas Jalley propone una experiencia sensorial donde colores, sonidos y emociones se entrelazan.<\/p><\/blockquote>\n<p>La artista plantea que su trabajo no busca ser una simple representaci\u00f3n, sino una experiencia sensorial: \u201cDeseo que puedan sentir el murmullo del oc\u00e9ano, el bullicio de una ciudad lejana o la tranquilidad de un arrecife\u201d, expres\u00f3.<\/p>\n<p>La actividad forma parte del Ciclo de Arte del Colegio de Arquitectos de la Provincia de Buenos Aires, Distrito 5, bajo la coordinaci\u00f3n del arquitecto Sebasti\u00e1n Bocca.<\/p>\n<p>La muestra podr\u00e1 visitarse hasta el 5 de septiembre, de lunes a viernes de 8 a 13 y de 14 a 16 horas.<\/p>\n<p><img loading=\"lazy\" decoding=\"async\" class=\"alignnone size-full wp-image-167134\" src=\"https:\/\/noticiasmercedinas.com\/site\/wp-content\/uploads\/2025\/08\/JALLEY.jpg\" alt=\"\" width=\"1133\" height=\"1586\" srcset=\"https:\/\/noticiasmercedinas.com\/site\/wp-content\/uploads\/2025\/08\/JALLEY.jpg 1133w, https:\/\/noticiasmercedinas.com\/site\/wp-content\/uploads\/2025\/08\/JALLEY-214x300.jpg 214w, https:\/\/noticiasmercedinas.com\/site\/wp-content\/uploads\/2025\/08\/JALLEY-732x1024.jpg 732w, https:\/\/noticiasmercedinas.com\/site\/wp-content\/uploads\/2025\/08\/JALLEY-768x1075.jpg 768w, https:\/\/noticiasmercedinas.com\/site\/wp-content\/uploads\/2025\/08\/JALLEY-1097x1536.jpg 1097w, https:\/\/noticiasmercedinas.com\/site\/wp-content\/uploads\/2025\/08\/JALLEY-640x896.jpg 640w, https:\/\/noticiasmercedinas.com\/site\/wp-content\/uploads\/2025\/08\/JALLEY-681x953.jpg 681w\" sizes=\"auto, (max-width: 1133px) 100vw, 1133px\" \/><\/p>\n","protected":false},"excerpt":{"rendered":"<p>\u25a0 La artista presenta una propuesta de pintura y fotograf\u00eda que invita a explorar la fusi\u00f3n de los sentidos. La inauguraci\u00f3n ser\u00e1 el s\u00e1bado 23 de agosto a las 20:30 horas en la sede del CAPBA5 en Mercedes, con entrada libre y gratuita.<\/p>\n","protected":false},"author":16,"featured_media":167133,"comment_status":"closed","ping_status":"closed","sticky":false,"template":"","format":"standard","meta":{"footnotes":""},"categories":[4],"tags":[190,249,15929],"class_list":["post-167132","post","type-post","status-publish","format-standard","has-post-thumbnail","hentry","category-cultura","tag-arte","tag-capba-5","tag-ruth-rojas-jalley"],"yoast_head":"<!-- This site is optimized with the Yoast SEO plugin v27.4 - https:\/\/yoast.com\/product\/yoast-seo-wordpress\/ -->\n<title>En el Colegio de Arquitectos se inaugurar\u00e1 la muestra \u201cSinestesia\u201d de Ruth Rojas Jalley<\/title>\n<meta name=\"description\" content=\"La artista presenta una propuesta de pintura y fotograf\u00eda que invita a explorar la fusi\u00f3n de los sentidos. La inauguraci\u00f3n ser\u00e1 el s\u00e1bado 23 de agosto a las 20:30 horas en la sede del CAPBA5 en Mercedes, con entrada libre y gratuita.\" \/>\n<meta name=\"robots\" content=\"index, follow, max-snippet:-1, max-image-preview:large, max-video-preview:-1\" \/>\n<link rel=\"canonical\" href=\"https:\/\/noticiasmercedinas.com\/site\/2025\/08\/18\/en-el-colegio-de-arquitectos-se-inaugurara-la-muestra-sinestesia-de-ruth-rojas-jalley\/\" \/>\n<meta property=\"og:locale\" content=\"es_ES\" \/>\n<meta property=\"og:type\" content=\"article\" \/>\n<meta property=\"og:title\" content=\"En el Colegio de Arquitectos se inaugurar\u00e1 la muestra \u201cSinestesia\u201d de Ruth Rojas Jalley\" \/>\n<meta property=\"og:description\" content=\"La artista presenta una propuesta de pintura y fotograf\u00eda que invita a explorar la fusi\u00f3n de los sentidos. La inauguraci\u00f3n ser\u00e1 el s\u00e1bado 23 de agosto a las 20:30 horas en la sede del CAPBA5 en Mercedes, con entrada libre y gratuita.\" \/>\n<meta property=\"og:url\" content=\"https:\/\/noticiasmercedinas.com\/site\/2025\/08\/18\/en-el-colegio-de-arquitectos-se-inaugurara-la-muestra-sinestesia-de-ruth-rojas-jalley\/\" \/>\n<meta property=\"og:site_name\" content=\"NOTICIASMERCEDINAS.COM\" \/>\n<meta property=\"article:publisher\" content=\"https:\/\/www.facebook.com\/noticiasmercedinas\/\" \/>\n<meta property=\"article:published_time\" content=\"2025-08-18T13:49:58+00:00\" \/>\n<meta property=\"og:image\" content=\"https:\/\/noticiasmercedinas.com\/site\/wp-content\/uploads\/2025\/08\/ARTE.jpg\" \/>\n\t<meta property=\"og:image:width\" content=\"834\" \/>\n\t<meta property=\"og:image:height\" content=\"569\" \/>\n\t<meta property=\"og:image:type\" content=\"image\/jpeg\" \/>\n<meta name=\"author\" content=\"NOTICIASMERCEDINAS.COM\" \/>\n<meta name=\"twitter:card\" content=\"summary_large_image\" \/>\n<meta name=\"twitter:creator\" content=\"@notmercedinas\" \/>\n<meta name=\"twitter:site\" content=\"@notmercedinas\" \/>\n<meta name=\"twitter:label1\" content=\"Escrito por\" \/>\n\t<meta name=\"twitter:data1\" content=\"NOTICIASMERCEDINAS.COM\" \/>\n\t<meta name=\"twitter:label2\" content=\"Tiempo de lectura\" \/>\n\t<meta name=\"twitter:data2\" content=\"2 minutos\" \/>\n<script type=\"application\/ld+json\" class=\"yoast-schema-graph\">{\"@context\":\"https:\\\/\\\/schema.org\",\"@graph\":[{\"@type\":\"Article\",\"@id\":\"https:\\\/\\\/noticiasmercedinas.com\\\/site\\\/2025\\\/08\\\/18\\\/en-el-colegio-de-arquitectos-se-inaugurara-la-muestra-sinestesia-de-ruth-rojas-jalley\\\/#article\",\"isPartOf\":{\"@id\":\"https:\\\/\\\/noticiasmercedinas.com\\\/site\\\/2025\\\/08\\\/18\\\/en-el-colegio-de-arquitectos-se-inaugurara-la-muestra-sinestesia-de-ruth-rojas-jalley\\\/\"},\"author\":{\"name\":\"NOTICIASMERCEDINAS.COM\",\"@id\":\"https:\\\/\\\/noticiasmercedinas.com\\\/site\\\/#\\\/schema\\\/person\\\/84b59c099c28ff2e8b77d4ceec5d8063\"},\"headline\":\"En el Colegio de Arquitectos se inaugurar\u00e1 la muestra \u201cSinestesia\u201d de Ruth Rojas Jalley\",\"datePublished\":\"2025-08-18T13:49:58+00:00\",\"mainEntityOfPage\":{\"@id\":\"https:\\\/\\\/noticiasmercedinas.com\\\/site\\\/2025\\\/08\\\/18\\\/en-el-colegio-de-arquitectos-se-inaugurara-la-muestra-sinestesia-de-ruth-rojas-jalley\\\/\"},\"wordCount\":221,\"publisher\":{\"@id\":\"https:\\\/\\\/noticiasmercedinas.com\\\/site\\\/#organization\"},\"image\":{\"@id\":\"https:\\\/\\\/noticiasmercedinas.com\\\/site\\\/2025\\\/08\\\/18\\\/en-el-colegio-de-arquitectos-se-inaugurara-la-muestra-sinestesia-de-ruth-rojas-jalley\\\/#primaryimage\"},\"thumbnailUrl\":\"https:\\\/\\\/noticiasmercedinas.com\\\/site\\\/wp-content\\\/uploads\\\/2025\\\/08\\\/ARTE.jpg\",\"keywords\":[\"arte\",\"capba 5\",\"Ruth Rojas Jalley\"],\"articleSection\":[\"Cultura\"],\"inLanguage\":\"es\"},{\"@type\":\"WebPage\",\"@id\":\"https:\\\/\\\/noticiasmercedinas.com\\\/site\\\/2025\\\/08\\\/18\\\/en-el-colegio-de-arquitectos-se-inaugurara-la-muestra-sinestesia-de-ruth-rojas-jalley\\\/\",\"url\":\"https:\\\/\\\/noticiasmercedinas.com\\\/site\\\/2025\\\/08\\\/18\\\/en-el-colegio-de-arquitectos-se-inaugurara-la-muestra-sinestesia-de-ruth-rojas-jalley\\\/\",\"name\":\"En el Colegio de Arquitectos se inaugurar\u00e1 la muestra \u201cSinestesia\u201d de Ruth Rojas Jalley\",\"isPartOf\":{\"@id\":\"https:\\\/\\\/noticiasmercedinas.com\\\/site\\\/#website\"},\"primaryImageOfPage\":{\"@id\":\"https:\\\/\\\/noticiasmercedinas.com\\\/site\\\/2025\\\/08\\\/18\\\/en-el-colegio-de-arquitectos-se-inaugurara-la-muestra-sinestesia-de-ruth-rojas-jalley\\\/#primaryimage\"},\"image\":{\"@id\":\"https:\\\/\\\/noticiasmercedinas.com\\\/site\\\/2025\\\/08\\\/18\\\/en-el-colegio-de-arquitectos-se-inaugurara-la-muestra-sinestesia-de-ruth-rojas-jalley\\\/#primaryimage\"},\"thumbnailUrl\":\"https:\\\/\\\/noticiasmercedinas.com\\\/site\\\/wp-content\\\/uploads\\\/2025\\\/08\\\/ARTE.jpg\",\"datePublished\":\"2025-08-18T13:49:58+00:00\",\"description\":\"La artista presenta una propuesta de pintura y fotograf\u00eda que invita a explorar la fusi\u00f3n de los sentidos. La inauguraci\u00f3n ser\u00e1 el s\u00e1bado 23 de agosto a las 20:30 horas en la sede del CAPBA5 en Mercedes, con entrada libre y gratuita.\",\"breadcrumb\":{\"@id\":\"https:\\\/\\\/noticiasmercedinas.com\\\/site\\\/2025\\\/08\\\/18\\\/en-el-colegio-de-arquitectos-se-inaugurara-la-muestra-sinestesia-de-ruth-rojas-jalley\\\/#breadcrumb\"},\"inLanguage\":\"es\",\"potentialAction\":[{\"@type\":\"ReadAction\",\"target\":[\"https:\\\/\\\/noticiasmercedinas.com\\\/site\\\/2025\\\/08\\\/18\\\/en-el-colegio-de-arquitectos-se-inaugurara-la-muestra-sinestesia-de-ruth-rojas-jalley\\\/\"]}]},{\"@type\":\"ImageObject\",\"inLanguage\":\"es\",\"@id\":\"https:\\\/\\\/noticiasmercedinas.com\\\/site\\\/2025\\\/08\\\/18\\\/en-el-colegio-de-arquitectos-se-inaugurara-la-muestra-sinestesia-de-ruth-rojas-jalley\\\/#primaryimage\",\"url\":\"https:\\\/\\\/noticiasmercedinas.com\\\/site\\\/wp-content\\\/uploads\\\/2025\\\/08\\\/ARTE.jpg\",\"contentUrl\":\"https:\\\/\\\/noticiasmercedinas.com\\\/site\\\/wp-content\\\/uploads\\\/2025\\\/08\\\/ARTE.jpg\",\"width\":834,\"height\":569},{\"@type\":\"BreadcrumbList\",\"@id\":\"https:\\\/\\\/noticiasmercedinas.com\\\/site\\\/2025\\\/08\\\/18\\\/en-el-colegio-de-arquitectos-se-inaugurara-la-muestra-sinestesia-de-ruth-rojas-jalley\\\/#breadcrumb\",\"itemListElement\":[{\"@type\":\"ListItem\",\"position\":1,\"name\":\"Portada\",\"item\":\"https:\\\/\\\/noticiasmercedinas.com\\\/site\\\/\"},{\"@type\":\"ListItem\",\"position\":2,\"name\":\"En el Colegio de Arquitectos se inaugurar\u00e1 la muestra \u201cSinestesia\u201d de Ruth Rojas Jalley\"}]},{\"@type\":\"WebSite\",\"@id\":\"https:\\\/\\\/noticiasmercedinas.com\\\/site\\\/#website\",\"url\":\"https:\\\/\\\/noticiasmercedinas.com\\\/site\\\/\",\"name\":\"NOTICIASMERCEDINAS.COM\",\"description\":\"Mercedes, Buenos Aires, Argentina\",\"publisher\":{\"@id\":\"https:\\\/\\\/noticiasmercedinas.com\\\/site\\\/#organization\"},\"potentialAction\":[{\"@type\":\"SearchAction\",\"target\":{\"@type\":\"EntryPoint\",\"urlTemplate\":\"https:\\\/\\\/noticiasmercedinas.com\\\/site\\\/?s={search_term_string}\"},\"query-input\":{\"@type\":\"PropertyValueSpecification\",\"valueRequired\":true,\"valueName\":\"search_term_string\"}}],\"inLanguage\":\"es\"},{\"@type\":\"Organization\",\"@id\":\"https:\\\/\\\/noticiasmercedinas.com\\\/site\\\/#organization\",\"name\":\"NOTICIASMERCEDINAS.COM\",\"url\":\"https:\\\/\\\/noticiasmercedinas.com\\\/site\\\/\",\"logo\":{\"@type\":\"ImageObject\",\"inLanguage\":\"es\",\"@id\":\"https:\\\/\\\/noticiasmercedinas.com\\\/site\\\/#\\\/schema\\\/logo\\\/image\\\/\",\"url\":\"https:\\\/\\\/noticiasmercedinas.com\\\/site\\\/wp-content\\\/uploads\\\/2020\\\/06\\\/LOGO-512.jpg\",\"contentUrl\":\"https:\\\/\\\/noticiasmercedinas.com\\\/site\\\/wp-content\\\/uploads\\\/2020\\\/06\\\/LOGO-512.jpg\",\"width\":512,\"height\":512,\"caption\":\"NOTICIASMERCEDINAS.COM\"},\"image\":{\"@id\":\"https:\\\/\\\/noticiasmercedinas.com\\\/site\\\/#\\\/schema\\\/logo\\\/image\\\/\"},\"sameAs\":[\"https:\\\/\\\/www.facebook.com\\\/noticiasmercedinas\\\/\",\"https:\\\/\\\/x.com\\\/notmercedinas\",\"https:\\\/\\\/www.instagram.com\\\/noticiasmercedinas\\\/\"]},{\"@type\":\"Person\",\"@id\":\"https:\\\/\\\/noticiasmercedinas.com\\\/site\\\/#\\\/schema\\\/person\\\/84b59c099c28ff2e8b77d4ceec5d8063\",\"name\":\"NOTICIASMERCEDINAS.COM\",\"image\":{\"@type\":\"ImageObject\",\"inLanguage\":\"es\",\"@id\":\"https:\\\/\\\/secure.gravatar.com\\\/avatar\\\/4dfbf16b4d17945bfb6341b2d19043457132fcf478a5ee04f42e959fd8f5df0a?s=96&d=mm&r=g\",\"url\":\"https:\\\/\\\/secure.gravatar.com\\\/avatar\\\/4dfbf16b4d17945bfb6341b2d19043457132fcf478a5ee04f42e959fd8f5df0a?s=96&d=mm&r=g\",\"contentUrl\":\"https:\\\/\\\/secure.gravatar.com\\\/avatar\\\/4dfbf16b4d17945bfb6341b2d19043457132fcf478a5ee04f42e959fd8f5df0a?s=96&d=mm&r=g\",\"caption\":\"NOTICIASMERCEDINAS.COM\"},\"url\":\"https:\\\/\\\/noticiasmercedinas.com\\\/site\\\/author\\\/anonimo\\\/\"}]}<\/script>\n<!-- \/ Yoast SEO plugin. -->","yoast_head_json":{"title":"En el Colegio de Arquitectos se inaugurar\u00e1 la muestra \u201cSinestesia\u201d de Ruth Rojas Jalley","description":"La artista presenta una propuesta de pintura y fotograf\u00eda que invita a explorar la fusi\u00f3n de los sentidos. La inauguraci\u00f3n ser\u00e1 el s\u00e1bado 23 de agosto a las 20:30 horas en la sede del CAPBA5 en Mercedes, con entrada libre y gratuita.","robots":{"index":"index","follow":"follow","max-snippet":"max-snippet:-1","max-image-preview":"max-image-preview:large","max-video-preview":"max-video-preview:-1"},"canonical":"https:\/\/noticiasmercedinas.com\/site\/2025\/08\/18\/en-el-colegio-de-arquitectos-se-inaugurara-la-muestra-sinestesia-de-ruth-rojas-jalley\/","og_locale":"es_ES","og_type":"article","og_title":"En el Colegio de Arquitectos se inaugurar\u00e1 la muestra \u201cSinestesia\u201d de Ruth Rojas Jalley","og_description":"La artista presenta una propuesta de pintura y fotograf\u00eda que invita a explorar la fusi\u00f3n de los sentidos. La inauguraci\u00f3n ser\u00e1 el s\u00e1bado 23 de agosto a las 20:30 horas en la sede del CAPBA5 en Mercedes, con entrada libre y gratuita.","og_url":"https:\/\/noticiasmercedinas.com\/site\/2025\/08\/18\/en-el-colegio-de-arquitectos-se-inaugurara-la-muestra-sinestesia-de-ruth-rojas-jalley\/","og_site_name":"NOTICIASMERCEDINAS.COM","article_publisher":"https:\/\/www.facebook.com\/noticiasmercedinas\/","article_published_time":"2025-08-18T13:49:58+00:00","og_image":[{"width":834,"height":569,"url":"https:\/\/noticiasmercedinas.com\/site\/wp-content\/uploads\/2025\/08\/ARTE.jpg","type":"image\/jpeg"}],"author":"NOTICIASMERCEDINAS.COM","twitter_card":"summary_large_image","twitter_creator":"@notmercedinas","twitter_site":"@notmercedinas","twitter_misc":{"Escrito por":"NOTICIASMERCEDINAS.COM","Tiempo de lectura":"2 minutos"},"schema":{"@context":"https:\/\/schema.org","@graph":[{"@type":"Article","@id":"https:\/\/noticiasmercedinas.com\/site\/2025\/08\/18\/en-el-colegio-de-arquitectos-se-inaugurara-la-muestra-sinestesia-de-ruth-rojas-jalley\/#article","isPartOf":{"@id":"https:\/\/noticiasmercedinas.com\/site\/2025\/08\/18\/en-el-colegio-de-arquitectos-se-inaugurara-la-muestra-sinestesia-de-ruth-rojas-jalley\/"},"author":{"name":"NOTICIASMERCEDINAS.COM","@id":"https:\/\/noticiasmercedinas.com\/site\/#\/schema\/person\/84b59c099c28ff2e8b77d4ceec5d8063"},"headline":"En el Colegio de Arquitectos se inaugurar\u00e1 la muestra \u201cSinestesia\u201d de Ruth Rojas Jalley","datePublished":"2025-08-18T13:49:58+00:00","mainEntityOfPage":{"@id":"https:\/\/noticiasmercedinas.com\/site\/2025\/08\/18\/en-el-colegio-de-arquitectos-se-inaugurara-la-muestra-sinestesia-de-ruth-rojas-jalley\/"},"wordCount":221,"publisher":{"@id":"https:\/\/noticiasmercedinas.com\/site\/#organization"},"image":{"@id":"https:\/\/noticiasmercedinas.com\/site\/2025\/08\/18\/en-el-colegio-de-arquitectos-se-inaugurara-la-muestra-sinestesia-de-ruth-rojas-jalley\/#primaryimage"},"thumbnailUrl":"https:\/\/noticiasmercedinas.com\/site\/wp-content\/uploads\/2025\/08\/ARTE.jpg","keywords":["arte","capba 5","Ruth Rojas Jalley"],"articleSection":["Cultura"],"inLanguage":"es"},{"@type":"WebPage","@id":"https:\/\/noticiasmercedinas.com\/site\/2025\/08\/18\/en-el-colegio-de-arquitectos-se-inaugurara-la-muestra-sinestesia-de-ruth-rojas-jalley\/","url":"https:\/\/noticiasmercedinas.com\/site\/2025\/08\/18\/en-el-colegio-de-arquitectos-se-inaugurara-la-muestra-sinestesia-de-ruth-rojas-jalley\/","name":"En el Colegio de Arquitectos se inaugurar\u00e1 la muestra \u201cSinestesia\u201d de Ruth Rojas Jalley","isPartOf":{"@id":"https:\/\/noticiasmercedinas.com\/site\/#website"},"primaryImageOfPage":{"@id":"https:\/\/noticiasmercedinas.com\/site\/2025\/08\/18\/en-el-colegio-de-arquitectos-se-inaugurara-la-muestra-sinestesia-de-ruth-rojas-jalley\/#primaryimage"},"image":{"@id":"https:\/\/noticiasmercedinas.com\/site\/2025\/08\/18\/en-el-colegio-de-arquitectos-se-inaugurara-la-muestra-sinestesia-de-ruth-rojas-jalley\/#primaryimage"},"thumbnailUrl":"https:\/\/noticiasmercedinas.com\/site\/wp-content\/uploads\/2025\/08\/ARTE.jpg","datePublished":"2025-08-18T13:49:58+00:00","description":"La artista presenta una propuesta de pintura y fotograf\u00eda que invita a explorar la fusi\u00f3n de los sentidos. La inauguraci\u00f3n ser\u00e1 el s\u00e1bado 23 de agosto a las 20:30 horas en la sede del CAPBA5 en Mercedes, con entrada libre y gratuita.","breadcrumb":{"@id":"https:\/\/noticiasmercedinas.com\/site\/2025\/08\/18\/en-el-colegio-de-arquitectos-se-inaugurara-la-muestra-sinestesia-de-ruth-rojas-jalley\/#breadcrumb"},"inLanguage":"es","potentialAction":[{"@type":"ReadAction","target":["https:\/\/noticiasmercedinas.com\/site\/2025\/08\/18\/en-el-colegio-de-arquitectos-se-inaugurara-la-muestra-sinestesia-de-ruth-rojas-jalley\/"]}]},{"@type":"ImageObject","inLanguage":"es","@id":"https:\/\/noticiasmercedinas.com\/site\/2025\/08\/18\/en-el-colegio-de-arquitectos-se-inaugurara-la-muestra-sinestesia-de-ruth-rojas-jalley\/#primaryimage","url":"https:\/\/noticiasmercedinas.com\/site\/wp-content\/uploads\/2025\/08\/ARTE.jpg","contentUrl":"https:\/\/noticiasmercedinas.com\/site\/wp-content\/uploads\/2025\/08\/ARTE.jpg","width":834,"height":569},{"@type":"BreadcrumbList","@id":"https:\/\/noticiasmercedinas.com\/site\/2025\/08\/18\/en-el-colegio-de-arquitectos-se-inaugurara-la-muestra-sinestesia-de-ruth-rojas-jalley\/#breadcrumb","itemListElement":[{"@type":"ListItem","position":1,"name":"Portada","item":"https:\/\/noticiasmercedinas.com\/site\/"},{"@type":"ListItem","position":2,"name":"En el Colegio de Arquitectos se inaugurar\u00e1 la muestra \u201cSinestesia\u201d de Ruth Rojas Jalley"}]},{"@type":"WebSite","@id":"https:\/\/noticiasmercedinas.com\/site\/#website","url":"https:\/\/noticiasmercedinas.com\/site\/","name":"NOTICIASMERCEDINAS.COM","description":"Mercedes, Buenos Aires, Argentina","publisher":{"@id":"https:\/\/noticiasmercedinas.com\/site\/#organization"},"potentialAction":[{"@type":"SearchAction","target":{"@type":"EntryPoint","urlTemplate":"https:\/\/noticiasmercedinas.com\/site\/?s={search_term_string}"},"query-input":{"@type":"PropertyValueSpecification","valueRequired":true,"valueName":"search_term_string"}}],"inLanguage":"es"},{"@type":"Organization","@id":"https:\/\/noticiasmercedinas.com\/site\/#organization","name":"NOTICIASMERCEDINAS.COM","url":"https:\/\/noticiasmercedinas.com\/site\/","logo":{"@type":"ImageObject","inLanguage":"es","@id":"https:\/\/noticiasmercedinas.com\/site\/#\/schema\/logo\/image\/","url":"https:\/\/noticiasmercedinas.com\/site\/wp-content\/uploads\/2020\/06\/LOGO-512.jpg","contentUrl":"https:\/\/noticiasmercedinas.com\/site\/wp-content\/uploads\/2020\/06\/LOGO-512.jpg","width":512,"height":512,"caption":"NOTICIASMERCEDINAS.COM"},"image":{"@id":"https:\/\/noticiasmercedinas.com\/site\/#\/schema\/logo\/image\/"},"sameAs":["https:\/\/www.facebook.com\/noticiasmercedinas\/","https:\/\/x.com\/notmercedinas","https:\/\/www.instagram.com\/noticiasmercedinas\/"]},{"@type":"Person","@id":"https:\/\/noticiasmercedinas.com\/site\/#\/schema\/person\/84b59c099c28ff2e8b77d4ceec5d8063","name":"NOTICIASMERCEDINAS.COM","image":{"@type":"ImageObject","inLanguage":"es","@id":"https:\/\/secure.gravatar.com\/avatar\/4dfbf16b4d17945bfb6341b2d19043457132fcf478a5ee04f42e959fd8f5df0a?s=96&d=mm&r=g","url":"https:\/\/secure.gravatar.com\/avatar\/4dfbf16b4d17945bfb6341b2d19043457132fcf478a5ee04f42e959fd8f5df0a?s=96&d=mm&r=g","contentUrl":"https:\/\/secure.gravatar.com\/avatar\/4dfbf16b4d17945bfb6341b2d19043457132fcf478a5ee04f42e959fd8f5df0a?s=96&d=mm&r=g","caption":"NOTICIASMERCEDINAS.COM"},"url":"https:\/\/noticiasmercedinas.com\/site\/author\/anonimo\/"}]}},"amp_enabled":true,"_links":{"self":[{"href":"https:\/\/noticiasmercedinas.com\/site\/wp-json\/wp\/v2\/posts\/167132","targetHints":{"allow":["GET"]}}],"collection":[{"href":"https:\/\/noticiasmercedinas.com\/site\/wp-json\/wp\/v2\/posts"}],"about":[{"href":"https:\/\/noticiasmercedinas.com\/site\/wp-json\/wp\/v2\/types\/post"}],"author":[{"embeddable":true,"href":"https:\/\/noticiasmercedinas.com\/site\/wp-json\/wp\/v2\/users\/16"}],"replies":[{"embeddable":true,"href":"https:\/\/noticiasmercedinas.com\/site\/wp-json\/wp\/v2\/comments?post=167132"}],"version-history":[{"count":1,"href":"https:\/\/noticiasmercedinas.com\/site\/wp-json\/wp\/v2\/posts\/167132\/revisions"}],"predecessor-version":[{"id":167135,"href":"https:\/\/noticiasmercedinas.com\/site\/wp-json\/wp\/v2\/posts\/167132\/revisions\/167135"}],"wp:featuredmedia":[{"embeddable":true,"href":"https:\/\/noticiasmercedinas.com\/site\/wp-json\/wp\/v2\/media\/167133"}],"wp:attachment":[{"href":"https:\/\/noticiasmercedinas.com\/site\/wp-json\/wp\/v2\/media?parent=167132"}],"wp:term":[{"taxonomy":"category","embeddable":true,"href":"https:\/\/noticiasmercedinas.com\/site\/wp-json\/wp\/v2\/categories?post=167132"},{"taxonomy":"post_tag","embeddable":true,"href":"https:\/\/noticiasmercedinas.com\/site\/wp-json\/wp\/v2\/tags?post=167132"}],"curies":[{"name":"wp","href":"https:\/\/api.w.org\/{rel}","templated":true}]}}