{"id":167231,"date":"2025-08-19T19:58:56","date_gmt":"2025-08-19T22:58:56","guid":{"rendered":"https:\/\/noticiasmercedinas.com\/site\/?p=167231"},"modified":"2025-08-19T19:58:56","modified_gmt":"2025-08-19T22:58:56","slug":"programa-bonaerense-ii-solidaridad-se-entregaron-las-llaves-de-seis-nuevas-viviendas","status":"publish","type":"post","link":"https:\/\/noticiasmercedinas.com\/site\/2025\/08\/19\/programa-bonaerense-ii-solidaridad-se-entregaron-las-llaves-de-seis-nuevas-viviendas\/","title":{"rendered":"Programa Bonaerense II \u2013 Solidaridad: se entregaron las llaves de seis nuevas viviendas"},"content":{"rendered":"<p><img loading=\"lazy\" decoding=\"async\" class=\"alignnone size-full wp-image-167232\" src=\"https:\/\/noticiasmercedinas.com\/site\/wp-content\/uploads\/2025\/08\/WhatsApp-Image-2025-08-19-at-18.52.11.jpeg\" alt=\"\" width=\"700\" height=\"418\" srcset=\"https:\/\/noticiasmercedinas.com\/site\/wp-content\/uploads\/2025\/08\/WhatsApp-Image-2025-08-19-at-18.52.11.jpeg 700w, https:\/\/noticiasmercedinas.com\/site\/wp-content\/uploads\/2025\/08\/WhatsApp-Image-2025-08-19-at-18.52.11-300x179.jpeg 300w, https:\/\/noticiasmercedinas.com\/site\/wp-content\/uploads\/2025\/08\/WhatsApp-Image-2025-08-19-at-18.52.11-640x382.jpeg 640w, https:\/\/noticiasmercedinas.com\/site\/wp-content\/uploads\/2025\/08\/WhatsApp-Image-2025-08-19-at-18.52.11-681x407.jpeg 681w\" sizes=\"auto, (max-width: 700px) 100vw, 700px\" \/><\/p>\n<p>La ministra de H\u00e1bitat y Desarrollo Urbano, Silvina Batakis, junto al intendente de Mercedes, Juan Ignacio Ustarroz, entreg\u00f3 este martes 19 de agosto las llaves de seis nuevas viviendas a familias de la ciudad, en el marco del programa Bonaerense II \u2013 Solidaridad con entidades.<\/p>\n<p>Las unidades habitacionales forman parte de un proyecto mayor que prev\u00e9 la construcci\u00f3n de 40 casas en el barrio Favaloro, ejecutadas por la Cooperativa de Trabajo Evita 4 Limitada.<\/p>\n<p>Durante el acto, Batakis destac\u00f3 el esfuerzo de la Provincia para cumplir con los compromisos asumidos: \u201cEs el compromiso que asumi\u00f3 Axel con los vecinos y despu\u00e9s de un gran trabajo coordinado por fin tenemos una primera etapa terminada y seis familias logran acceder al sue\u00f1o de la casa propia\u201d, se\u00f1al\u00f3.<\/p>\n<p>Actualmente, el Ministerio de H\u00e1bitat contin\u00faa con la ejecuci\u00f3n de otras 18 viviendas en el barrio Favaloro y 16 en el barrio Ravello, todas ellas con acceso a servicios de agua y electricidad.<\/p>\n<p>Las casas entregadas tienen entre 57 y 58 metros cuadrados, distribuidos en dos habitaciones, cocina-comedor y ba\u00f1o. Con esta entrega, el distrito avanza en el objetivo de garantizar el derecho al hogar a m\u00e1s de 70.000 habitantes.<\/p>\n<p><img loading=\"lazy\" decoding=\"async\" class=\"alignnone size-full wp-image-167233\" src=\"https:\/\/noticiasmercedinas.com\/site\/wp-content\/uploads\/2025\/08\/WhatsApp-Image-2025-08-19-at-18.52.12-1.jpeg\" alt=\"\" width=\"650\" height=\"435\" srcset=\"https:\/\/noticiasmercedinas.com\/site\/wp-content\/uploads\/2025\/08\/WhatsApp-Image-2025-08-19-at-18.52.12-1.jpeg 650w, https:\/\/noticiasmercedinas.com\/site\/wp-content\/uploads\/2025\/08\/WhatsApp-Image-2025-08-19-at-18.52.12-1-300x201.jpeg 300w, https:\/\/noticiasmercedinas.com\/site\/wp-content\/uploads\/2025\/08\/WhatsApp-Image-2025-08-19-at-18.52.12-1-537x360.jpeg 537w, https:\/\/noticiasmercedinas.com\/site\/wp-content\/uploads\/2025\/08\/WhatsApp-Image-2025-08-19-at-18.52.12-1-640x428.jpeg 640w\" sizes=\"auto, (max-width: 650px) 100vw, 650px\" \/><\/p>\n","protected":false},"excerpt":{"rendered":"<p>\u25a0 En Mercedes m\u00e1s familias estrenan viviendas de la Provincia. Las unidades habitacionales forman parte de un proyecto mayor que prev\u00e9 la construcci\u00f3n de 40 casas en el barrio Favaloro, ejecutadas por la Cooperativa de Trabajo Evita 4 Limitada.<\/p>\n","protected":false},"author":16,"featured_media":167232,"comment_status":"closed","ping_status":"closed","sticky":false,"template":"","format":"standard","meta":{"footnotes":""},"categories":[3,20734],"tags":[8169,12393,544],"class_list":["post-167231","post","type-post","status-publish","format-standard","has-post-thumbnail","hentry","category-sociedad","category-ultimo-momento","tag-habitat","tag-silvina-batakis","tag-viviendas"],"yoast_head":"<!-- This site is optimized with the Yoast SEO plugin v27.4 - https:\/\/yoast.com\/product\/yoast-seo-wordpress\/ -->\n<title>Programa Bonaerense II \u2013 Solidaridad: se entregaron las llaves de seis nuevas viviendas<\/title>\n<meta name=\"description\" content=\"En Mercedes m\u00e1s familias estrenan viviendas de la Provincia. Las unidades habitacionales forman parte de un proyecto mayor que prev\u00e9 la construcci\u00f3n de 40 casas en el barrio Favaloro, ejecutadas por la Cooperativa de Trabajo Evita 4 Limitada.\" \/>\n<meta name=\"robots\" content=\"index, follow, max-snippet:-1, max-image-preview:large, max-video-preview:-1\" \/>\n<link rel=\"canonical\" href=\"https:\/\/noticiasmercedinas.com\/site\/2025\/08\/19\/programa-bonaerense-ii-solidaridad-se-entregaron-las-llaves-de-seis-nuevas-viviendas\/\" \/>\n<meta property=\"og:locale\" content=\"es_ES\" \/>\n<meta property=\"og:type\" content=\"article\" \/>\n<meta property=\"og:title\" content=\"Programa Bonaerense II \u2013 Solidaridad: se entregaron las llaves de seis nuevas viviendas\" \/>\n<meta property=\"og:description\" content=\"En Mercedes m\u00e1s familias estrenan viviendas de la Provincia. Las unidades habitacionales forman parte de un proyecto mayor que prev\u00e9 la construcci\u00f3n de 40 casas en el barrio Favaloro, ejecutadas por la Cooperativa de Trabajo Evita 4 Limitada.\" \/>\n<meta property=\"og:url\" content=\"https:\/\/noticiasmercedinas.com\/site\/2025\/08\/19\/programa-bonaerense-ii-solidaridad-se-entregaron-las-llaves-de-seis-nuevas-viviendas\/\" \/>\n<meta property=\"og:site_name\" content=\"NOTICIASMERCEDINAS.COM\" \/>\n<meta property=\"article:publisher\" content=\"https:\/\/www.facebook.com\/noticiasmercedinas\/\" \/>\n<meta property=\"article:published_time\" content=\"2025-08-19T22:58:56+00:00\" \/>\n<meta property=\"og:image\" content=\"https:\/\/noticiasmercedinas.com\/site\/wp-content\/uploads\/2025\/08\/WhatsApp-Image-2025-08-19-at-18.52.11.jpeg\" \/>\n\t<meta property=\"og:image:width\" content=\"700\" \/>\n\t<meta property=\"og:image:height\" content=\"418\" \/>\n\t<meta property=\"og:image:type\" content=\"image\/jpeg\" \/>\n<meta name=\"author\" content=\"NOTICIASMERCEDINAS.COM\" \/>\n<meta name=\"twitter:card\" content=\"summary_large_image\" \/>\n<meta name=\"twitter:creator\" content=\"@notmercedinas\" \/>\n<meta name=\"twitter:site\" content=\"@notmercedinas\" \/>\n<meta name=\"twitter:label1\" content=\"Escrito por\" \/>\n\t<meta name=\"twitter:data1\" content=\"NOTICIASMERCEDINAS.COM\" \/>\n\t<meta name=\"twitter:label2\" content=\"Tiempo de lectura\" \/>\n\t<meta name=\"twitter:data2\" content=\"2 minutos\" \/>\n<script type=\"application\/ld+json\" class=\"yoast-schema-graph\">{\"@context\":\"https:\\\/\\\/schema.org\",\"@graph\":[{\"@type\":\"Article\",\"@id\":\"https:\\\/\\\/noticiasmercedinas.com\\\/site\\\/2025\\\/08\\\/19\\\/programa-bonaerense-ii-solidaridad-se-entregaron-las-llaves-de-seis-nuevas-viviendas\\\/#article\",\"isPartOf\":{\"@id\":\"https:\\\/\\\/noticiasmercedinas.com\\\/site\\\/2025\\\/08\\\/19\\\/programa-bonaerense-ii-solidaridad-se-entregaron-las-llaves-de-seis-nuevas-viviendas\\\/\"},\"author\":{\"name\":\"NOTICIASMERCEDINAS.COM\",\"@id\":\"https:\\\/\\\/noticiasmercedinas.com\\\/site\\\/#\\\/schema\\\/person\\\/84b59c099c28ff2e8b77d4ceec5d8063\"},\"headline\":\"Programa Bonaerense II \u2013 Solidaridad: se entregaron las llaves de seis nuevas viviendas\",\"datePublished\":\"2025-08-19T22:58:56+00:00\",\"mainEntityOfPage\":{\"@id\":\"https:\\\/\\\/noticiasmercedinas.com\\\/site\\\/2025\\\/08\\\/19\\\/programa-bonaerense-ii-solidaridad-se-entregaron-las-llaves-de-seis-nuevas-viviendas\\\/\"},\"wordCount\":208,\"publisher\":{\"@id\":\"https:\\\/\\\/noticiasmercedinas.com\\\/site\\\/#organization\"},\"image\":{\"@id\":\"https:\\\/\\\/noticiasmercedinas.com\\\/site\\\/2025\\\/08\\\/19\\\/programa-bonaerense-ii-solidaridad-se-entregaron-las-llaves-de-seis-nuevas-viviendas\\\/#primaryimage\"},\"thumbnailUrl\":\"https:\\\/\\\/noticiasmercedinas.com\\\/site\\\/wp-content\\\/uploads\\\/2025\\\/08\\\/WhatsApp-Image-2025-08-19-at-18.52.11.jpeg\",\"keywords\":[\"h\u00e1bitat\",\"Silvina Batakis\",\"viviendas\"],\"articleSection\":[\"Sociedad\",\"Ultimo momento\"],\"inLanguage\":\"es\"},{\"@type\":\"WebPage\",\"@id\":\"https:\\\/\\\/noticiasmercedinas.com\\\/site\\\/2025\\\/08\\\/19\\\/programa-bonaerense-ii-solidaridad-se-entregaron-las-llaves-de-seis-nuevas-viviendas\\\/\",\"url\":\"https:\\\/\\\/noticiasmercedinas.com\\\/site\\\/2025\\\/08\\\/19\\\/programa-bonaerense-ii-solidaridad-se-entregaron-las-llaves-de-seis-nuevas-viviendas\\\/\",\"name\":\"Programa Bonaerense II \u2013 Solidaridad: se entregaron las llaves de seis nuevas viviendas\",\"isPartOf\":{\"@id\":\"https:\\\/\\\/noticiasmercedinas.com\\\/site\\\/#website\"},\"primaryImageOfPage\":{\"@id\":\"https:\\\/\\\/noticiasmercedinas.com\\\/site\\\/2025\\\/08\\\/19\\\/programa-bonaerense-ii-solidaridad-se-entregaron-las-llaves-de-seis-nuevas-viviendas\\\/#primaryimage\"},\"image\":{\"@id\":\"https:\\\/\\\/noticiasmercedinas.com\\\/site\\\/2025\\\/08\\\/19\\\/programa-bonaerense-ii-solidaridad-se-entregaron-las-llaves-de-seis-nuevas-viviendas\\\/#primaryimage\"},\"thumbnailUrl\":\"https:\\\/\\\/noticiasmercedinas.com\\\/site\\\/wp-content\\\/uploads\\\/2025\\\/08\\\/WhatsApp-Image-2025-08-19-at-18.52.11.jpeg\",\"datePublished\":\"2025-08-19T22:58:56+00:00\",\"description\":\"En Mercedes m\u00e1s familias estrenan viviendas de la Provincia. Las unidades habitacionales forman parte de un proyecto mayor que prev\u00e9 la construcci\u00f3n de 40 casas en el barrio Favaloro, ejecutadas por la Cooperativa de Trabajo Evita 4 Limitada.\",\"breadcrumb\":{\"@id\":\"https:\\\/\\\/noticiasmercedinas.com\\\/site\\\/2025\\\/08\\\/19\\\/programa-bonaerense-ii-solidaridad-se-entregaron-las-llaves-de-seis-nuevas-viviendas\\\/#breadcrumb\"},\"inLanguage\":\"es\",\"potentialAction\":[{\"@type\":\"ReadAction\",\"target\":[\"https:\\\/\\\/noticiasmercedinas.com\\\/site\\\/2025\\\/08\\\/19\\\/programa-bonaerense-ii-solidaridad-se-entregaron-las-llaves-de-seis-nuevas-viviendas\\\/\"]}]},{\"@type\":\"ImageObject\",\"inLanguage\":\"es\",\"@id\":\"https:\\\/\\\/noticiasmercedinas.com\\\/site\\\/2025\\\/08\\\/19\\\/programa-bonaerense-ii-solidaridad-se-entregaron-las-llaves-de-seis-nuevas-viviendas\\\/#primaryimage\",\"url\":\"https:\\\/\\\/noticiasmercedinas.com\\\/site\\\/wp-content\\\/uploads\\\/2025\\\/08\\\/WhatsApp-Image-2025-08-19-at-18.52.11.jpeg\",\"contentUrl\":\"https:\\\/\\\/noticiasmercedinas.com\\\/site\\\/wp-content\\\/uploads\\\/2025\\\/08\\\/WhatsApp-Image-2025-08-19-at-18.52.11.jpeg\",\"width\":700,\"height\":418},{\"@type\":\"BreadcrumbList\",\"@id\":\"https:\\\/\\\/noticiasmercedinas.com\\\/site\\\/2025\\\/08\\\/19\\\/programa-bonaerense-ii-solidaridad-se-entregaron-las-llaves-de-seis-nuevas-viviendas\\\/#breadcrumb\",\"itemListElement\":[{\"@type\":\"ListItem\",\"position\":1,\"name\":\"Portada\",\"item\":\"https:\\\/\\\/noticiasmercedinas.com\\\/site\\\/\"},{\"@type\":\"ListItem\",\"position\":2,\"name\":\"Programa Bonaerense II \u2013 Solidaridad: se entregaron las llaves de seis nuevas viviendas\"}]},{\"@type\":\"WebSite\",\"@id\":\"https:\\\/\\\/noticiasmercedinas.com\\\/site\\\/#website\",\"url\":\"https:\\\/\\\/noticiasmercedinas.com\\\/site\\\/\",\"name\":\"NOTICIASMERCEDINAS.COM\",\"description\":\"Mercedes, Buenos Aires, Argentina\",\"publisher\":{\"@id\":\"https:\\\/\\\/noticiasmercedinas.com\\\/site\\\/#organization\"},\"potentialAction\":[{\"@type\":\"SearchAction\",\"target\":{\"@type\":\"EntryPoint\",\"urlTemplate\":\"https:\\\/\\\/noticiasmercedinas.com\\\/site\\\/?s={search_term_string}\"},\"query-input\":{\"@type\":\"PropertyValueSpecification\",\"valueRequired\":true,\"valueName\":\"search_term_string\"}}],\"inLanguage\":\"es\"},{\"@type\":\"Organization\",\"@id\":\"https:\\\/\\\/noticiasmercedinas.com\\\/site\\\/#organization\",\"name\":\"NOTICIASMERCEDINAS.COM\",\"url\":\"https:\\\/\\\/noticiasmercedinas.com\\\/site\\\/\",\"logo\":{\"@type\":\"ImageObject\",\"inLanguage\":\"es\",\"@id\":\"https:\\\/\\\/noticiasmercedinas.com\\\/site\\\/#\\\/schema\\\/logo\\\/image\\\/\",\"url\":\"https:\\\/\\\/noticiasmercedinas.com\\\/site\\\/wp-content\\\/uploads\\\/2020\\\/06\\\/LOGO-512.jpg\",\"contentUrl\":\"https:\\\/\\\/noticiasmercedinas.com\\\/site\\\/wp-content\\\/uploads\\\/2020\\\/06\\\/LOGO-512.jpg\",\"width\":512,\"height\":512,\"caption\":\"NOTICIASMERCEDINAS.COM\"},\"image\":{\"@id\":\"https:\\\/\\\/noticiasmercedinas.com\\\/site\\\/#\\\/schema\\\/logo\\\/image\\\/\"},\"sameAs\":[\"https:\\\/\\\/www.facebook.com\\\/noticiasmercedinas\\\/\",\"https:\\\/\\\/x.com\\\/notmercedinas\",\"https:\\\/\\\/www.instagram.com\\\/noticiasmercedinas\\\/\"]},{\"@type\":\"Person\",\"@id\":\"https:\\\/\\\/noticiasmercedinas.com\\\/site\\\/#\\\/schema\\\/person\\\/84b59c099c28ff2e8b77d4ceec5d8063\",\"name\":\"NOTICIASMERCEDINAS.COM\",\"image\":{\"@type\":\"ImageObject\",\"inLanguage\":\"es\",\"@id\":\"https:\\\/\\\/secure.gravatar.com\\\/avatar\\\/4dfbf16b4d17945bfb6341b2d19043457132fcf478a5ee04f42e959fd8f5df0a?s=96&d=mm&r=g\",\"url\":\"https:\\\/\\\/secure.gravatar.com\\\/avatar\\\/4dfbf16b4d17945bfb6341b2d19043457132fcf478a5ee04f42e959fd8f5df0a?s=96&d=mm&r=g\",\"contentUrl\":\"https:\\\/\\\/secure.gravatar.com\\\/avatar\\\/4dfbf16b4d17945bfb6341b2d19043457132fcf478a5ee04f42e959fd8f5df0a?s=96&d=mm&r=g\",\"caption\":\"NOTICIASMERCEDINAS.COM\"},\"url\":\"https:\\\/\\\/noticiasmercedinas.com\\\/site\\\/author\\\/anonimo\\\/\"}]}<\/script>\n<!-- \/ Yoast SEO plugin. -->","yoast_head_json":{"title":"Programa Bonaerense II \u2013 Solidaridad: se entregaron las llaves de seis nuevas viviendas","description":"En Mercedes m\u00e1s familias estrenan viviendas de la Provincia. Las unidades habitacionales forman parte de un proyecto mayor que prev\u00e9 la construcci\u00f3n de 40 casas en el barrio Favaloro, ejecutadas por la Cooperativa de Trabajo Evita 4 Limitada.","robots":{"index":"index","follow":"follow","max-snippet":"max-snippet:-1","max-image-preview":"max-image-preview:large","max-video-preview":"max-video-preview:-1"},"canonical":"https:\/\/noticiasmercedinas.com\/site\/2025\/08\/19\/programa-bonaerense-ii-solidaridad-se-entregaron-las-llaves-de-seis-nuevas-viviendas\/","og_locale":"es_ES","og_type":"article","og_title":"Programa Bonaerense II \u2013 Solidaridad: se entregaron las llaves de seis nuevas viviendas","og_description":"En Mercedes m\u00e1s familias estrenan viviendas de la Provincia. Las unidades habitacionales forman parte de un proyecto mayor que prev\u00e9 la construcci\u00f3n de 40 casas en el barrio Favaloro, ejecutadas por la Cooperativa de Trabajo Evita 4 Limitada.","og_url":"https:\/\/noticiasmercedinas.com\/site\/2025\/08\/19\/programa-bonaerense-ii-solidaridad-se-entregaron-las-llaves-de-seis-nuevas-viviendas\/","og_site_name":"NOTICIASMERCEDINAS.COM","article_publisher":"https:\/\/www.facebook.com\/noticiasmercedinas\/","article_published_time":"2025-08-19T22:58:56+00:00","og_image":[{"width":700,"height":418,"url":"https:\/\/noticiasmercedinas.com\/site\/wp-content\/uploads\/2025\/08\/WhatsApp-Image-2025-08-19-at-18.52.11.jpeg","type":"image\/jpeg"}],"author":"NOTICIASMERCEDINAS.COM","twitter_card":"summary_large_image","twitter_creator":"@notmercedinas","twitter_site":"@notmercedinas","twitter_misc":{"Escrito por":"NOTICIASMERCEDINAS.COM","Tiempo de lectura":"2 minutos"},"schema":{"@context":"https:\/\/schema.org","@graph":[{"@type":"Article","@id":"https:\/\/noticiasmercedinas.com\/site\/2025\/08\/19\/programa-bonaerense-ii-solidaridad-se-entregaron-las-llaves-de-seis-nuevas-viviendas\/#article","isPartOf":{"@id":"https:\/\/noticiasmercedinas.com\/site\/2025\/08\/19\/programa-bonaerense-ii-solidaridad-se-entregaron-las-llaves-de-seis-nuevas-viviendas\/"},"author":{"name":"NOTICIASMERCEDINAS.COM","@id":"https:\/\/noticiasmercedinas.com\/site\/#\/schema\/person\/84b59c099c28ff2e8b77d4ceec5d8063"},"headline":"Programa Bonaerense II \u2013 Solidaridad: se entregaron las llaves de seis nuevas viviendas","datePublished":"2025-08-19T22:58:56+00:00","mainEntityOfPage":{"@id":"https:\/\/noticiasmercedinas.com\/site\/2025\/08\/19\/programa-bonaerense-ii-solidaridad-se-entregaron-las-llaves-de-seis-nuevas-viviendas\/"},"wordCount":208,"publisher":{"@id":"https:\/\/noticiasmercedinas.com\/site\/#organization"},"image":{"@id":"https:\/\/noticiasmercedinas.com\/site\/2025\/08\/19\/programa-bonaerense-ii-solidaridad-se-entregaron-las-llaves-de-seis-nuevas-viviendas\/#primaryimage"},"thumbnailUrl":"https:\/\/noticiasmercedinas.com\/site\/wp-content\/uploads\/2025\/08\/WhatsApp-Image-2025-08-19-at-18.52.11.jpeg","keywords":["h\u00e1bitat","Silvina Batakis","viviendas"],"articleSection":["Sociedad","Ultimo momento"],"inLanguage":"es"},{"@type":"WebPage","@id":"https:\/\/noticiasmercedinas.com\/site\/2025\/08\/19\/programa-bonaerense-ii-solidaridad-se-entregaron-las-llaves-de-seis-nuevas-viviendas\/","url":"https:\/\/noticiasmercedinas.com\/site\/2025\/08\/19\/programa-bonaerense-ii-solidaridad-se-entregaron-las-llaves-de-seis-nuevas-viviendas\/","name":"Programa Bonaerense II \u2013 Solidaridad: se entregaron las llaves de seis nuevas viviendas","isPartOf":{"@id":"https:\/\/noticiasmercedinas.com\/site\/#website"},"primaryImageOfPage":{"@id":"https:\/\/noticiasmercedinas.com\/site\/2025\/08\/19\/programa-bonaerense-ii-solidaridad-se-entregaron-las-llaves-de-seis-nuevas-viviendas\/#primaryimage"},"image":{"@id":"https:\/\/noticiasmercedinas.com\/site\/2025\/08\/19\/programa-bonaerense-ii-solidaridad-se-entregaron-las-llaves-de-seis-nuevas-viviendas\/#primaryimage"},"thumbnailUrl":"https:\/\/noticiasmercedinas.com\/site\/wp-content\/uploads\/2025\/08\/WhatsApp-Image-2025-08-19-at-18.52.11.jpeg","datePublished":"2025-08-19T22:58:56+00:00","description":"En Mercedes m\u00e1s familias estrenan viviendas de la Provincia. Las unidades habitacionales forman parte de un proyecto mayor que prev\u00e9 la construcci\u00f3n de 40 casas en el barrio Favaloro, ejecutadas por la Cooperativa de Trabajo Evita 4 Limitada.","breadcrumb":{"@id":"https:\/\/noticiasmercedinas.com\/site\/2025\/08\/19\/programa-bonaerense-ii-solidaridad-se-entregaron-las-llaves-de-seis-nuevas-viviendas\/#breadcrumb"},"inLanguage":"es","potentialAction":[{"@type":"ReadAction","target":["https:\/\/noticiasmercedinas.com\/site\/2025\/08\/19\/programa-bonaerense-ii-solidaridad-se-entregaron-las-llaves-de-seis-nuevas-viviendas\/"]}]},{"@type":"ImageObject","inLanguage":"es","@id":"https:\/\/noticiasmercedinas.com\/site\/2025\/08\/19\/programa-bonaerense-ii-solidaridad-se-entregaron-las-llaves-de-seis-nuevas-viviendas\/#primaryimage","url":"https:\/\/noticiasmercedinas.com\/site\/wp-content\/uploads\/2025\/08\/WhatsApp-Image-2025-08-19-at-18.52.11.jpeg","contentUrl":"https:\/\/noticiasmercedinas.com\/site\/wp-content\/uploads\/2025\/08\/WhatsApp-Image-2025-08-19-at-18.52.11.jpeg","width":700,"height":418},{"@type":"BreadcrumbList","@id":"https:\/\/noticiasmercedinas.com\/site\/2025\/08\/19\/programa-bonaerense-ii-solidaridad-se-entregaron-las-llaves-de-seis-nuevas-viviendas\/#breadcrumb","itemListElement":[{"@type":"ListItem","position":1,"name":"Portada","item":"https:\/\/noticiasmercedinas.com\/site\/"},{"@type":"ListItem","position":2,"name":"Programa Bonaerense II \u2013 Solidaridad: se entregaron las llaves de seis nuevas viviendas"}]},{"@type":"WebSite","@id":"https:\/\/noticiasmercedinas.com\/site\/#website","url":"https:\/\/noticiasmercedinas.com\/site\/","name":"NOTICIASMERCEDINAS.COM","description":"Mercedes, Buenos Aires, Argentina","publisher":{"@id":"https:\/\/noticiasmercedinas.com\/site\/#organization"},"potentialAction":[{"@type":"SearchAction","target":{"@type":"EntryPoint","urlTemplate":"https:\/\/noticiasmercedinas.com\/site\/?s={search_term_string}"},"query-input":{"@type":"PropertyValueSpecification","valueRequired":true,"valueName":"search_term_string"}}],"inLanguage":"es"},{"@type":"Organization","@id":"https:\/\/noticiasmercedinas.com\/site\/#organization","name":"NOTICIASMERCEDINAS.COM","url":"https:\/\/noticiasmercedinas.com\/site\/","logo":{"@type":"ImageObject","inLanguage":"es","@id":"https:\/\/noticiasmercedinas.com\/site\/#\/schema\/logo\/image\/","url":"https:\/\/noticiasmercedinas.com\/site\/wp-content\/uploads\/2020\/06\/LOGO-512.jpg","contentUrl":"https:\/\/noticiasmercedinas.com\/site\/wp-content\/uploads\/2020\/06\/LOGO-512.jpg","width":512,"height":512,"caption":"NOTICIASMERCEDINAS.COM"},"image":{"@id":"https:\/\/noticiasmercedinas.com\/site\/#\/schema\/logo\/image\/"},"sameAs":["https:\/\/www.facebook.com\/noticiasmercedinas\/","https:\/\/x.com\/notmercedinas","https:\/\/www.instagram.com\/noticiasmercedinas\/"]},{"@type":"Person","@id":"https:\/\/noticiasmercedinas.com\/site\/#\/schema\/person\/84b59c099c28ff2e8b77d4ceec5d8063","name":"NOTICIASMERCEDINAS.COM","image":{"@type":"ImageObject","inLanguage":"es","@id":"https:\/\/secure.gravatar.com\/avatar\/4dfbf16b4d17945bfb6341b2d19043457132fcf478a5ee04f42e959fd8f5df0a?s=96&d=mm&r=g","url":"https:\/\/secure.gravatar.com\/avatar\/4dfbf16b4d17945bfb6341b2d19043457132fcf478a5ee04f42e959fd8f5df0a?s=96&d=mm&r=g","contentUrl":"https:\/\/secure.gravatar.com\/avatar\/4dfbf16b4d17945bfb6341b2d19043457132fcf478a5ee04f42e959fd8f5df0a?s=96&d=mm&r=g","caption":"NOTICIASMERCEDINAS.COM"},"url":"https:\/\/noticiasmercedinas.com\/site\/author\/anonimo\/"}]}},"amp_enabled":true,"_links":{"self":[{"href":"https:\/\/noticiasmercedinas.com\/site\/wp-json\/wp\/v2\/posts\/167231","targetHints":{"allow":["GET"]}}],"collection":[{"href":"https:\/\/noticiasmercedinas.com\/site\/wp-json\/wp\/v2\/posts"}],"about":[{"href":"https:\/\/noticiasmercedinas.com\/site\/wp-json\/wp\/v2\/types\/post"}],"author":[{"embeddable":true,"href":"https:\/\/noticiasmercedinas.com\/site\/wp-json\/wp\/v2\/users\/16"}],"replies":[{"embeddable":true,"href":"https:\/\/noticiasmercedinas.com\/site\/wp-json\/wp\/v2\/comments?post=167231"}],"version-history":[{"count":1,"href":"https:\/\/noticiasmercedinas.com\/site\/wp-json\/wp\/v2\/posts\/167231\/revisions"}],"predecessor-version":[{"id":167234,"href":"https:\/\/noticiasmercedinas.com\/site\/wp-json\/wp\/v2\/posts\/167231\/revisions\/167234"}],"wp:featuredmedia":[{"embeddable":true,"href":"https:\/\/noticiasmercedinas.com\/site\/wp-json\/wp\/v2\/media\/167232"}],"wp:attachment":[{"href":"https:\/\/noticiasmercedinas.com\/site\/wp-json\/wp\/v2\/media?parent=167231"}],"wp:term":[{"taxonomy":"category","embeddable":true,"href":"https:\/\/noticiasmercedinas.com\/site\/wp-json\/wp\/v2\/categories?post=167231"},{"taxonomy":"post_tag","embeddable":true,"href":"https:\/\/noticiasmercedinas.com\/site\/wp-json\/wp\/v2\/tags?post=167231"}],"curies":[{"name":"wp","href":"https:\/\/api.w.org\/{rel}","templated":true}]}}