{"id":167344,"date":"2025-08-20T20:14:57","date_gmt":"2025-08-20T23:14:57","guid":{"rendered":"https:\/\/noticiasmercedinas.com\/site\/?p=167344"},"modified":"2025-08-20T20:14:57","modified_gmt":"2025-08-20T23:14:57","slug":"potencia-mercedes-llama-a-vecinos-a-sumarse-como-fiscales-en-las-elecciones-del-7-de-septiembre","status":"publish","type":"post","link":"https:\/\/noticiasmercedinas.com\/site\/2025\/08\/20\/potencia-mercedes-llama-a-vecinos-a-sumarse-como-fiscales-en-las-elecciones-del-7-de-septiembre\/","title":{"rendered":"Potencia Mercedes llama a vecinos a sumarse como fiscales en las elecciones del 7 de septiembre"},"content":{"rendered":"<p data-start=\"241\" data-end=\"583\"><img loading=\"lazy\" decoding=\"async\" class=\"alignnone size-full wp-image-157936\" src=\"https:\/\/noticiasmercedinas.com\/site\/wp-content\/uploads\/2025\/04\/CARLOS_MOSSO.jpg\" alt=\"\" width=\"794\" height=\"543\" srcset=\"https:\/\/noticiasmercedinas.com\/site\/wp-content\/uploads\/2025\/04\/CARLOS_MOSSO.jpg 794w, https:\/\/noticiasmercedinas.com\/site\/wp-content\/uploads\/2025\/04\/CARLOS_MOSSO-300x205.jpg 300w, https:\/\/noticiasmercedinas.com\/site\/wp-content\/uploads\/2025\/04\/CARLOS_MOSSO-768x525.jpg 768w, https:\/\/noticiasmercedinas.com\/site\/wp-content\/uploads\/2025\/04\/CARLOS_MOSSO-640x438.jpg 640w, https:\/\/noticiasmercedinas.com\/site\/wp-content\/uploads\/2025\/04\/CARLOS_MOSSO-681x466.jpg 681w\" sizes=\"auto, (max-width: 794px) 100vw, 794px\" \/><\/p>\n<p data-start=\"241\" data-end=\"583\">La agrupaci\u00f3n pol\u00edtica <strong data-start=\"291\" data-end=\"312\">Potencia Mercedes<\/strong> hizo un llamado a los vecinos para participar activamente como fiscales en las pr\u00f3ximas elecciones del 7 de septiembre, destacando que esta participaci\u00f3n es clave para <strong data-start=\"481\" data-end=\"580\">cuidar la democracia y garantizar que cada voto sea contado correctamente y sin irregularidades<\/strong>.<\/p>\n<p data-start=\"585\" data-end=\"872\">La campa\u00f1a remarca que con <strong data-start=\"612\" data-end=\"701\">fiscales comprometidos se reducen los riesgos de fallas humanas o situaciones dudosas<\/strong>, y que su presencia asegura la transparencia del proceso electoral. \u201cHoy m\u00e1s que nunca, te invitamos a cuidar tu derecho y el de muchos\u201d, afirmaron desde la agrupaci\u00f3n.<\/p>\n<p data-start=\"874\" data-end=\"1044\">Quienes deseen sumarse pueden completar un formulario disponible en el perfil de la organizaci\u00f3n, desde donde se coordinar\u00e1 su incorporaci\u00f3n al equipo de fiscalizaci\u00f3n.<\/p>\n<p data-start=\"1046\" data-end=\"1333\">La lista de concejales titulares de <strong data-start=\"1082\" data-end=\"1094\">Potencia<\/strong> est\u00e1 encabezada por <strong data-start=\"1115\" data-end=\"1139\">Carlos Alberto Mosso<\/strong>, seguido por <strong data-start=\"1153\" data-end=\"1178\">Sandra In\u00e9s Guti\u00e9rrez<\/strong> y <strong data-start=\"1181\" data-end=\"1203\">Daniel Omar Lucero<\/strong>. Para el Consejo Escolar se postulan <strong data-start=\"1241\" data-end=\"1267\">Carolina Deprati Garay<\/strong>, <strong data-start=\"1269\" data-end=\"1302\">Bautista Dellepiane Carossino<\/strong> y <strong data-start=\"1305\" data-end=\"1330\">Karina Noem\u00ed Galluzzo<\/strong>.<\/p>\n<p data-start=\"1335\" data-end=\"1551\">La agrupaci\u00f3n enfatiz\u00f3 que la fiscalizaci\u00f3n ciudadana es <strong data-start=\"1392\" data-end=\"1441\">la manera m\u00e1s valiosa de cuidar la democracia<\/strong> y una oportunidad concreta para que los vecinos se involucren en la protecci\u00f3n de sus derechos electorales.<\/p>\n","protected":false},"excerpt":{"rendered":"<p>\u25a0 En su campa\u00f1a remarcan que con fiscales comprometidos se reducen los riesgos de fallas humanas o situaciones dudosas, y que su presencia asegura la transparencia del proceso electoral<\/p>\n","protected":false},"author":16,"featured_media":157936,"comment_status":"closed","ping_status":"closed","sticky":false,"template":"","format":"standard","meta":{"footnotes":""},"categories":[16],"tags":[668,19953,10466],"class_list":["post-167344","post","type-post","status-publish","format-standard","has-post-thumbnail","hentry","category-politica","tag-carlos-mosso","tag-elecciones-2025","tag-potencia"],"yoast_head":"<!-- This site is optimized with the Yoast SEO plugin v27.5 - https:\/\/yoast.com\/product\/yoast-seo-wordpress\/ -->\n<title>Potencia Mercedes llama a vecinos a sumarse como fiscales en las elecciones del 7 de septiembre<\/title>\n<meta name=\"description\" content=\"En su campa\u00f1a remarcan que con fiscales comprometidos se reducen los riesgos de fallas humanas o situaciones dudosas, y que su presencia asegura la transparencia del proceso electoral\" \/>\n<meta name=\"robots\" content=\"index, follow, max-snippet:-1, max-image-preview:large, max-video-preview:-1\" \/>\n<link rel=\"canonical\" href=\"https:\/\/noticiasmercedinas.com\/site\/2025\/08\/20\/potencia-mercedes-llama-a-vecinos-a-sumarse-como-fiscales-en-las-elecciones-del-7-de-septiembre\/\" \/>\n<meta property=\"og:locale\" content=\"es_ES\" \/>\n<meta property=\"og:type\" content=\"article\" \/>\n<meta property=\"og:title\" content=\"Potencia Mercedes llama a vecinos a sumarse como fiscales en las elecciones del 7 de septiembre\" \/>\n<meta property=\"og:description\" content=\"En su campa\u00f1a remarcan que con fiscales comprometidos se reducen los riesgos de fallas humanas o situaciones dudosas, y que su presencia asegura la transparencia del proceso electoral\" \/>\n<meta property=\"og:url\" content=\"https:\/\/noticiasmercedinas.com\/site\/2025\/08\/20\/potencia-mercedes-llama-a-vecinos-a-sumarse-como-fiscales-en-las-elecciones-del-7-de-septiembre\/\" \/>\n<meta property=\"og:site_name\" content=\"NOTICIASMERCEDINAS.COM\" \/>\n<meta property=\"article:publisher\" content=\"https:\/\/www.facebook.com\/noticiasmercedinas\/\" \/>\n<meta property=\"article:published_time\" content=\"2025-08-20T23:14:57+00:00\" \/>\n<meta property=\"og:image\" content=\"https:\/\/noticiasmercedinas.com\/site\/wp-content\/uploads\/2025\/04\/CARLOS_MOSSO.jpg\" \/>\n\t<meta property=\"og:image:width\" content=\"794\" \/>\n\t<meta property=\"og:image:height\" content=\"543\" \/>\n\t<meta property=\"og:image:type\" content=\"image\/jpeg\" \/>\n<meta name=\"author\" content=\"NOTICIASMERCEDINAS.COM\" \/>\n<meta name=\"twitter:card\" content=\"summary_large_image\" \/>\n<meta name=\"twitter:creator\" content=\"@notmercedinas\" \/>\n<meta name=\"twitter:site\" content=\"@notmercedinas\" \/>\n<meta name=\"twitter:label1\" content=\"Escrito por\" \/>\n\t<meta name=\"twitter:data1\" content=\"NOTICIASMERCEDINAS.COM\" \/>\n\t<meta name=\"twitter:label2\" content=\"Tiempo de lectura\" \/>\n\t<meta name=\"twitter:data2\" content=\"2 minutos\" \/>\n<script type=\"application\/ld+json\" class=\"yoast-schema-graph\">{\"@context\":\"https:\\\/\\\/schema.org\",\"@graph\":[{\"@type\":\"Article\",\"@id\":\"https:\\\/\\\/noticiasmercedinas.com\\\/site\\\/2025\\\/08\\\/20\\\/potencia-mercedes-llama-a-vecinos-a-sumarse-como-fiscales-en-las-elecciones-del-7-de-septiembre\\\/#article\",\"isPartOf\":{\"@id\":\"https:\\\/\\\/noticiasmercedinas.com\\\/site\\\/2025\\\/08\\\/20\\\/potencia-mercedes-llama-a-vecinos-a-sumarse-como-fiscales-en-las-elecciones-del-7-de-septiembre\\\/\"},\"author\":{\"name\":\"NOTICIASMERCEDINAS.COM\",\"@id\":\"https:\\\/\\\/noticiasmercedinas.com\\\/site\\\/#\\\/schema\\\/person\\\/84b59c099c28ff2e8b77d4ceec5d8063\"},\"headline\":\"Potencia Mercedes llama a vecinos a sumarse como fiscales en las elecciones del 7 de septiembre\",\"datePublished\":\"2025-08-20T23:14:57+00:00\",\"mainEntityOfPage\":{\"@id\":\"https:\\\/\\\/noticiasmercedinas.com\\\/site\\\/2025\\\/08\\\/20\\\/potencia-mercedes-llama-a-vecinos-a-sumarse-como-fiscales-en-las-elecciones-del-7-de-septiembre\\\/\"},\"wordCount\":215,\"publisher\":{\"@id\":\"https:\\\/\\\/noticiasmercedinas.com\\\/site\\\/#organization\"},\"image\":{\"@id\":\"https:\\\/\\\/noticiasmercedinas.com\\\/site\\\/2025\\\/08\\\/20\\\/potencia-mercedes-llama-a-vecinos-a-sumarse-como-fiscales-en-las-elecciones-del-7-de-septiembre\\\/#primaryimage\"},\"thumbnailUrl\":\"https:\\\/\\\/noticiasmercedinas.com\\\/site\\\/wp-content\\\/uploads\\\/2025\\\/04\\\/CARLOS_MOSSO.jpg\",\"keywords\":[\"carlos mosso\",\"elecciones 2025\",\"potencia\"],\"articleSection\":[\"Politica\"],\"inLanguage\":\"es\"},{\"@type\":\"WebPage\",\"@id\":\"https:\\\/\\\/noticiasmercedinas.com\\\/site\\\/2025\\\/08\\\/20\\\/potencia-mercedes-llama-a-vecinos-a-sumarse-como-fiscales-en-las-elecciones-del-7-de-septiembre\\\/\",\"url\":\"https:\\\/\\\/noticiasmercedinas.com\\\/site\\\/2025\\\/08\\\/20\\\/potencia-mercedes-llama-a-vecinos-a-sumarse-como-fiscales-en-las-elecciones-del-7-de-septiembre\\\/\",\"name\":\"Potencia Mercedes llama a vecinos a sumarse como fiscales en las elecciones del 7 de septiembre\",\"isPartOf\":{\"@id\":\"https:\\\/\\\/noticiasmercedinas.com\\\/site\\\/#website\"},\"primaryImageOfPage\":{\"@id\":\"https:\\\/\\\/noticiasmercedinas.com\\\/site\\\/2025\\\/08\\\/20\\\/potencia-mercedes-llama-a-vecinos-a-sumarse-como-fiscales-en-las-elecciones-del-7-de-septiembre\\\/#primaryimage\"},\"image\":{\"@id\":\"https:\\\/\\\/noticiasmercedinas.com\\\/site\\\/2025\\\/08\\\/20\\\/potencia-mercedes-llama-a-vecinos-a-sumarse-como-fiscales-en-las-elecciones-del-7-de-septiembre\\\/#primaryimage\"},\"thumbnailUrl\":\"https:\\\/\\\/noticiasmercedinas.com\\\/site\\\/wp-content\\\/uploads\\\/2025\\\/04\\\/CARLOS_MOSSO.jpg\",\"datePublished\":\"2025-08-20T23:14:57+00:00\",\"description\":\"En su campa\u00f1a remarcan que con fiscales comprometidos se reducen los riesgos de fallas humanas o situaciones dudosas, y que su presencia asegura la transparencia del proceso electoral\",\"breadcrumb\":{\"@id\":\"https:\\\/\\\/noticiasmercedinas.com\\\/site\\\/2025\\\/08\\\/20\\\/potencia-mercedes-llama-a-vecinos-a-sumarse-como-fiscales-en-las-elecciones-del-7-de-septiembre\\\/#breadcrumb\"},\"inLanguage\":\"es\",\"potentialAction\":[{\"@type\":\"ReadAction\",\"target\":[\"https:\\\/\\\/noticiasmercedinas.com\\\/site\\\/2025\\\/08\\\/20\\\/potencia-mercedes-llama-a-vecinos-a-sumarse-como-fiscales-en-las-elecciones-del-7-de-septiembre\\\/\"]}]},{\"@type\":\"ImageObject\",\"inLanguage\":\"es\",\"@id\":\"https:\\\/\\\/noticiasmercedinas.com\\\/site\\\/2025\\\/08\\\/20\\\/potencia-mercedes-llama-a-vecinos-a-sumarse-como-fiscales-en-las-elecciones-del-7-de-septiembre\\\/#primaryimage\",\"url\":\"https:\\\/\\\/noticiasmercedinas.com\\\/site\\\/wp-content\\\/uploads\\\/2025\\\/04\\\/CARLOS_MOSSO.jpg\",\"contentUrl\":\"https:\\\/\\\/noticiasmercedinas.com\\\/site\\\/wp-content\\\/uploads\\\/2025\\\/04\\\/CARLOS_MOSSO.jpg\",\"width\":794,\"height\":543},{\"@type\":\"BreadcrumbList\",\"@id\":\"https:\\\/\\\/noticiasmercedinas.com\\\/site\\\/2025\\\/08\\\/20\\\/potencia-mercedes-llama-a-vecinos-a-sumarse-como-fiscales-en-las-elecciones-del-7-de-septiembre\\\/#breadcrumb\",\"itemListElement\":[{\"@type\":\"ListItem\",\"position\":1,\"name\":\"Portada\",\"item\":\"https:\\\/\\\/noticiasmercedinas.com\\\/site\\\/\"},{\"@type\":\"ListItem\",\"position\":2,\"name\":\"Potencia Mercedes llama a vecinos a sumarse como fiscales en las elecciones del 7 de septiembre\"}]},{\"@type\":\"WebSite\",\"@id\":\"https:\\\/\\\/noticiasmercedinas.com\\\/site\\\/#website\",\"url\":\"https:\\\/\\\/noticiasmercedinas.com\\\/site\\\/\",\"name\":\"NOTICIASMERCEDINAS.COM\",\"description\":\"Mercedes, Buenos Aires, Argentina\",\"publisher\":{\"@id\":\"https:\\\/\\\/noticiasmercedinas.com\\\/site\\\/#organization\"},\"potentialAction\":[{\"@type\":\"SearchAction\",\"target\":{\"@type\":\"EntryPoint\",\"urlTemplate\":\"https:\\\/\\\/noticiasmercedinas.com\\\/site\\\/?s={search_term_string}\"},\"query-input\":{\"@type\":\"PropertyValueSpecification\",\"valueRequired\":true,\"valueName\":\"search_term_string\"}}],\"inLanguage\":\"es\"},{\"@type\":\"Organization\",\"@id\":\"https:\\\/\\\/noticiasmercedinas.com\\\/site\\\/#organization\",\"name\":\"NOTICIASMERCEDINAS.COM\",\"url\":\"https:\\\/\\\/noticiasmercedinas.com\\\/site\\\/\",\"logo\":{\"@type\":\"ImageObject\",\"inLanguage\":\"es\",\"@id\":\"https:\\\/\\\/noticiasmercedinas.com\\\/site\\\/#\\\/schema\\\/logo\\\/image\\\/\",\"url\":\"https:\\\/\\\/noticiasmercedinas.com\\\/site\\\/wp-content\\\/uploads\\\/2020\\\/06\\\/LOGO-512.jpg\",\"contentUrl\":\"https:\\\/\\\/noticiasmercedinas.com\\\/site\\\/wp-content\\\/uploads\\\/2020\\\/06\\\/LOGO-512.jpg\",\"width\":512,\"height\":512,\"caption\":\"NOTICIASMERCEDINAS.COM\"},\"image\":{\"@id\":\"https:\\\/\\\/noticiasmercedinas.com\\\/site\\\/#\\\/schema\\\/logo\\\/image\\\/\"},\"sameAs\":[\"https:\\\/\\\/www.facebook.com\\\/noticiasmercedinas\\\/\",\"https:\\\/\\\/x.com\\\/notmercedinas\",\"https:\\\/\\\/www.instagram.com\\\/noticiasmercedinas\\\/\"]},{\"@type\":\"Person\",\"@id\":\"https:\\\/\\\/noticiasmercedinas.com\\\/site\\\/#\\\/schema\\\/person\\\/84b59c099c28ff2e8b77d4ceec5d8063\",\"name\":\"NOTICIASMERCEDINAS.COM\",\"image\":{\"@type\":\"ImageObject\",\"inLanguage\":\"es\",\"@id\":\"https:\\\/\\\/secure.gravatar.com\\\/avatar\\\/4dfbf16b4d17945bfb6341b2d19043457132fcf478a5ee04f42e959fd8f5df0a?s=96&d=mm&r=g\",\"url\":\"https:\\\/\\\/secure.gravatar.com\\\/avatar\\\/4dfbf16b4d17945bfb6341b2d19043457132fcf478a5ee04f42e959fd8f5df0a?s=96&d=mm&r=g\",\"contentUrl\":\"https:\\\/\\\/secure.gravatar.com\\\/avatar\\\/4dfbf16b4d17945bfb6341b2d19043457132fcf478a5ee04f42e959fd8f5df0a?s=96&d=mm&r=g\",\"caption\":\"NOTICIASMERCEDINAS.COM\"},\"url\":\"https:\\\/\\\/noticiasmercedinas.com\\\/site\\\/author\\\/anonimo\\\/\"}]}<\/script>\n<!-- \/ Yoast SEO plugin. -->","yoast_head_json":{"title":"Potencia Mercedes llama a vecinos a sumarse como fiscales en las elecciones del 7 de septiembre","description":"En su campa\u00f1a remarcan que con fiscales comprometidos se reducen los riesgos de fallas humanas o situaciones dudosas, y que su presencia asegura la transparencia del proceso electoral","robots":{"index":"index","follow":"follow","max-snippet":"max-snippet:-1","max-image-preview":"max-image-preview:large","max-video-preview":"max-video-preview:-1"},"canonical":"https:\/\/noticiasmercedinas.com\/site\/2025\/08\/20\/potencia-mercedes-llama-a-vecinos-a-sumarse-como-fiscales-en-las-elecciones-del-7-de-septiembre\/","og_locale":"es_ES","og_type":"article","og_title":"Potencia Mercedes llama a vecinos a sumarse como fiscales en las elecciones del 7 de septiembre","og_description":"En su campa\u00f1a remarcan que con fiscales comprometidos se reducen los riesgos de fallas humanas o situaciones dudosas, y que su presencia asegura la transparencia del proceso electoral","og_url":"https:\/\/noticiasmercedinas.com\/site\/2025\/08\/20\/potencia-mercedes-llama-a-vecinos-a-sumarse-como-fiscales-en-las-elecciones-del-7-de-septiembre\/","og_site_name":"NOTICIASMERCEDINAS.COM","article_publisher":"https:\/\/www.facebook.com\/noticiasmercedinas\/","article_published_time":"2025-08-20T23:14:57+00:00","og_image":[{"width":794,"height":543,"url":"https:\/\/noticiasmercedinas.com\/site\/wp-content\/uploads\/2025\/04\/CARLOS_MOSSO.jpg","type":"image\/jpeg"}],"author":"NOTICIASMERCEDINAS.COM","twitter_card":"summary_large_image","twitter_creator":"@notmercedinas","twitter_site":"@notmercedinas","twitter_misc":{"Escrito por":"NOTICIASMERCEDINAS.COM","Tiempo de lectura":"2 minutos"},"schema":{"@context":"https:\/\/schema.org","@graph":[{"@type":"Article","@id":"https:\/\/noticiasmercedinas.com\/site\/2025\/08\/20\/potencia-mercedes-llama-a-vecinos-a-sumarse-como-fiscales-en-las-elecciones-del-7-de-septiembre\/#article","isPartOf":{"@id":"https:\/\/noticiasmercedinas.com\/site\/2025\/08\/20\/potencia-mercedes-llama-a-vecinos-a-sumarse-como-fiscales-en-las-elecciones-del-7-de-septiembre\/"},"author":{"name":"NOTICIASMERCEDINAS.COM","@id":"https:\/\/noticiasmercedinas.com\/site\/#\/schema\/person\/84b59c099c28ff2e8b77d4ceec5d8063"},"headline":"Potencia Mercedes llama a vecinos a sumarse como fiscales en las elecciones del 7 de septiembre","datePublished":"2025-08-20T23:14:57+00:00","mainEntityOfPage":{"@id":"https:\/\/noticiasmercedinas.com\/site\/2025\/08\/20\/potencia-mercedes-llama-a-vecinos-a-sumarse-como-fiscales-en-las-elecciones-del-7-de-septiembre\/"},"wordCount":215,"publisher":{"@id":"https:\/\/noticiasmercedinas.com\/site\/#organization"},"image":{"@id":"https:\/\/noticiasmercedinas.com\/site\/2025\/08\/20\/potencia-mercedes-llama-a-vecinos-a-sumarse-como-fiscales-en-las-elecciones-del-7-de-septiembre\/#primaryimage"},"thumbnailUrl":"https:\/\/noticiasmercedinas.com\/site\/wp-content\/uploads\/2025\/04\/CARLOS_MOSSO.jpg","keywords":["carlos mosso","elecciones 2025","potencia"],"articleSection":["Politica"],"inLanguage":"es"},{"@type":"WebPage","@id":"https:\/\/noticiasmercedinas.com\/site\/2025\/08\/20\/potencia-mercedes-llama-a-vecinos-a-sumarse-como-fiscales-en-las-elecciones-del-7-de-septiembre\/","url":"https:\/\/noticiasmercedinas.com\/site\/2025\/08\/20\/potencia-mercedes-llama-a-vecinos-a-sumarse-como-fiscales-en-las-elecciones-del-7-de-septiembre\/","name":"Potencia Mercedes llama a vecinos a sumarse como fiscales en las elecciones del 7 de septiembre","isPartOf":{"@id":"https:\/\/noticiasmercedinas.com\/site\/#website"},"primaryImageOfPage":{"@id":"https:\/\/noticiasmercedinas.com\/site\/2025\/08\/20\/potencia-mercedes-llama-a-vecinos-a-sumarse-como-fiscales-en-las-elecciones-del-7-de-septiembre\/#primaryimage"},"image":{"@id":"https:\/\/noticiasmercedinas.com\/site\/2025\/08\/20\/potencia-mercedes-llama-a-vecinos-a-sumarse-como-fiscales-en-las-elecciones-del-7-de-septiembre\/#primaryimage"},"thumbnailUrl":"https:\/\/noticiasmercedinas.com\/site\/wp-content\/uploads\/2025\/04\/CARLOS_MOSSO.jpg","datePublished":"2025-08-20T23:14:57+00:00","description":"En su campa\u00f1a remarcan que con fiscales comprometidos se reducen los riesgos de fallas humanas o situaciones dudosas, y que su presencia asegura la transparencia del proceso electoral","breadcrumb":{"@id":"https:\/\/noticiasmercedinas.com\/site\/2025\/08\/20\/potencia-mercedes-llama-a-vecinos-a-sumarse-como-fiscales-en-las-elecciones-del-7-de-septiembre\/#breadcrumb"},"inLanguage":"es","potentialAction":[{"@type":"ReadAction","target":["https:\/\/noticiasmercedinas.com\/site\/2025\/08\/20\/potencia-mercedes-llama-a-vecinos-a-sumarse-como-fiscales-en-las-elecciones-del-7-de-septiembre\/"]}]},{"@type":"ImageObject","inLanguage":"es","@id":"https:\/\/noticiasmercedinas.com\/site\/2025\/08\/20\/potencia-mercedes-llama-a-vecinos-a-sumarse-como-fiscales-en-las-elecciones-del-7-de-septiembre\/#primaryimage","url":"https:\/\/noticiasmercedinas.com\/site\/wp-content\/uploads\/2025\/04\/CARLOS_MOSSO.jpg","contentUrl":"https:\/\/noticiasmercedinas.com\/site\/wp-content\/uploads\/2025\/04\/CARLOS_MOSSO.jpg","width":794,"height":543},{"@type":"BreadcrumbList","@id":"https:\/\/noticiasmercedinas.com\/site\/2025\/08\/20\/potencia-mercedes-llama-a-vecinos-a-sumarse-como-fiscales-en-las-elecciones-del-7-de-septiembre\/#breadcrumb","itemListElement":[{"@type":"ListItem","position":1,"name":"Portada","item":"https:\/\/noticiasmercedinas.com\/site\/"},{"@type":"ListItem","position":2,"name":"Potencia Mercedes llama a vecinos a sumarse como fiscales en las elecciones del 7 de septiembre"}]},{"@type":"WebSite","@id":"https:\/\/noticiasmercedinas.com\/site\/#website","url":"https:\/\/noticiasmercedinas.com\/site\/","name":"NOTICIASMERCEDINAS.COM","description":"Mercedes, Buenos Aires, Argentina","publisher":{"@id":"https:\/\/noticiasmercedinas.com\/site\/#organization"},"potentialAction":[{"@type":"SearchAction","target":{"@type":"EntryPoint","urlTemplate":"https:\/\/noticiasmercedinas.com\/site\/?s={search_term_string}"},"query-input":{"@type":"PropertyValueSpecification","valueRequired":true,"valueName":"search_term_string"}}],"inLanguage":"es"},{"@type":"Organization","@id":"https:\/\/noticiasmercedinas.com\/site\/#organization","name":"NOTICIASMERCEDINAS.COM","url":"https:\/\/noticiasmercedinas.com\/site\/","logo":{"@type":"ImageObject","inLanguage":"es","@id":"https:\/\/noticiasmercedinas.com\/site\/#\/schema\/logo\/image\/","url":"https:\/\/noticiasmercedinas.com\/site\/wp-content\/uploads\/2020\/06\/LOGO-512.jpg","contentUrl":"https:\/\/noticiasmercedinas.com\/site\/wp-content\/uploads\/2020\/06\/LOGO-512.jpg","width":512,"height":512,"caption":"NOTICIASMERCEDINAS.COM"},"image":{"@id":"https:\/\/noticiasmercedinas.com\/site\/#\/schema\/logo\/image\/"},"sameAs":["https:\/\/www.facebook.com\/noticiasmercedinas\/","https:\/\/x.com\/notmercedinas","https:\/\/www.instagram.com\/noticiasmercedinas\/"]},{"@type":"Person","@id":"https:\/\/noticiasmercedinas.com\/site\/#\/schema\/person\/84b59c099c28ff2e8b77d4ceec5d8063","name":"NOTICIASMERCEDINAS.COM","image":{"@type":"ImageObject","inLanguage":"es","@id":"https:\/\/secure.gravatar.com\/avatar\/4dfbf16b4d17945bfb6341b2d19043457132fcf478a5ee04f42e959fd8f5df0a?s=96&d=mm&r=g","url":"https:\/\/secure.gravatar.com\/avatar\/4dfbf16b4d17945bfb6341b2d19043457132fcf478a5ee04f42e959fd8f5df0a?s=96&d=mm&r=g","contentUrl":"https:\/\/secure.gravatar.com\/avatar\/4dfbf16b4d17945bfb6341b2d19043457132fcf478a5ee04f42e959fd8f5df0a?s=96&d=mm&r=g","caption":"NOTICIASMERCEDINAS.COM"},"url":"https:\/\/noticiasmercedinas.com\/site\/author\/anonimo\/"}]}},"amp_enabled":true,"_links":{"self":[{"href":"https:\/\/noticiasmercedinas.com\/site\/wp-json\/wp\/v2\/posts\/167344","targetHints":{"allow":["GET"]}}],"collection":[{"href":"https:\/\/noticiasmercedinas.com\/site\/wp-json\/wp\/v2\/posts"}],"about":[{"href":"https:\/\/noticiasmercedinas.com\/site\/wp-json\/wp\/v2\/types\/post"}],"author":[{"embeddable":true,"href":"https:\/\/noticiasmercedinas.com\/site\/wp-json\/wp\/v2\/users\/16"}],"replies":[{"embeddable":true,"href":"https:\/\/noticiasmercedinas.com\/site\/wp-json\/wp\/v2\/comments?post=167344"}],"version-history":[{"count":1,"href":"https:\/\/noticiasmercedinas.com\/site\/wp-json\/wp\/v2\/posts\/167344\/revisions"}],"predecessor-version":[{"id":167345,"href":"https:\/\/noticiasmercedinas.com\/site\/wp-json\/wp\/v2\/posts\/167344\/revisions\/167345"}],"wp:featuredmedia":[{"embeddable":true,"href":"https:\/\/noticiasmercedinas.com\/site\/wp-json\/wp\/v2\/media\/157936"}],"wp:attachment":[{"href":"https:\/\/noticiasmercedinas.com\/site\/wp-json\/wp\/v2\/media?parent=167344"}],"wp:term":[{"taxonomy":"category","embeddable":true,"href":"https:\/\/noticiasmercedinas.com\/site\/wp-json\/wp\/v2\/categories?post=167344"},{"taxonomy":"post_tag","embeddable":true,"href":"https:\/\/noticiasmercedinas.com\/site\/wp-json\/wp\/v2\/tags?post=167344"}],"curies":[{"name":"wp","href":"https:\/\/api.w.org\/{rel}","templated":true}]}}