{"id":167373,"date":"2025-08-21T10:30:46","date_gmt":"2025-08-21T13:30:46","guid":{"rendered":"https:\/\/noticiasmercedinas.com\/site\/?p=167373"},"modified":"2025-08-21T10:30:46","modified_gmt":"2025-08-21T13:30:46","slug":"con-presencia-de-katopodis-y-kreplak-se-inaugura-el-caps-de-avenida-2","status":"publish","type":"post","link":"https:\/\/noticiasmercedinas.com\/site\/2025\/08\/21\/con-presencia-de-katopodis-y-kreplak-se-inaugura-el-caps-de-avenida-2\/","title":{"rendered":"Con presencia de Katopodis y Kreplak, se inaugura el CAPS de avenida 2"},"content":{"rendered":"<p data-start=\"106\" data-end=\"182\"><img loading=\"lazy\" decoding=\"async\" class=\"alignnone size-full wp-image-164306\" src=\"https:\/\/noticiasmercedinas.com\/site\/wp-content\/uploads\/2025\/07\/CAPS2.jpg\" alt=\"\" width=\"821\" height=\"495\" srcset=\"https:\/\/noticiasmercedinas.com\/site\/wp-content\/uploads\/2025\/07\/CAPS2.jpg 821w, https:\/\/noticiasmercedinas.com\/site\/wp-content\/uploads\/2025\/07\/CAPS2-300x181.jpg 300w, https:\/\/noticiasmercedinas.com\/site\/wp-content\/uploads\/2025\/07\/CAPS2-768x463.jpg 768w, https:\/\/noticiasmercedinas.com\/site\/wp-content\/uploads\/2025\/07\/CAPS2-640x386.jpg 640w, https:\/\/noticiasmercedinas.com\/site\/wp-content\/uploads\/2025\/07\/CAPS2-681x411.jpg 681w\" sizes=\"auto, (max-width: 821px) 100vw, 821px\" \/><\/p>\n<p data-start=\"184\" data-end=\"478\">Este <strong data-start=\"189\" data-end=\"227\">jueves 21 de agosto a las 14 horas<\/strong> quedar\u00e1 inaugurado el nuevo <strong data-start=\"256\" data-end=\"306\">Centro de Atenci\u00f3n Primaria de la Salud (CAPS)<\/strong> en la intersecci\u00f3n de avenida 2 y 5, en el predio del ex Mart\u00edn Rodr\u00edguez, una obra que forma parte del plan de fortalecimiento del primer nivel de atenci\u00f3n en Mercedes.<\/p>\n<p data-start=\"480\" data-end=\"772\">El acto contar\u00e1 con la presencia del <strong data-start=\"517\" data-end=\"566\">ministro de Salud bonaerense, Nicol\u00e1s Kreplak<\/strong>, y del <strong data-start=\"574\" data-end=\"645\">ministro de Infraestructura y Servicios P\u00fablicos, Gabriel Katopodis<\/strong>, quienes acompa\u00f1ar\u00e1n al intendente <strong data-start=\"681\" data-end=\"706\">Juan Ignacio Ustarroz<\/strong> en la apertura oficial de este espacio clave para la comunidad.<\/p>\n<p data-start=\"774\" data-end=\"1034\">El CAPS, de unos 350 metros cuadrados, brindar\u00e1 servicios de atenci\u00f3n cl\u00ednica, odontol\u00f3gica y ginecol\u00f3gica, entre otros, buscando descentralizar la atenci\u00f3n y garantizar el acceso a la salud p\u00fablica gratuita y de calidad en una zona estrat\u00e9gica de la ciudad.<\/p>\n<p data-start=\"1036\" data-end=\"1260\">La obra se enmarca en un trabajo conjunto entre la <strong data-start=\"1087\" data-end=\"1116\">Provincia de Buenos Aires<\/strong> y el <strong data-start=\"1122\" data-end=\"1147\">Municipio de Mercedes<\/strong>, y responde a la necesidad de reforzar la infraestructura sanitaria en barrios que demandaban mejor cobertura.<\/p>\n","protected":false},"excerpt":{"rendered":"<p>\u25a0 La obra se enmarca en un trabajo conjunto entre la Provincia de Buenos Aires y el Municipio de Mercedes, y responde a la necesidad de reforzar la infraestructura sanitaria. Este jueves a las 14 quedar\u00e1 inaugurada.<\/p>\n","protected":false},"author":16,"featured_media":164306,"comment_status":"closed","ping_status":"closed","sticky":false,"template":"","format":"standard","meta":{"footnotes":""},"categories":[3],"tags":[942,5728,71],"class_list":["post-167373","post","type-post","status-publish","format-standard","has-post-thumbnail","hentry","category-sociedad","tag-caps","tag-gabriel-katopodis","tag-salud"],"yoast_head":"<!-- This site is optimized with the Yoast SEO plugin v27.5 - https:\/\/yoast.com\/product\/yoast-seo-wordpress\/ -->\n<title>Con presencia de Katopodis y Kreplak, se inaugura el CAPS de avenida 2<\/title>\n<meta name=\"description\" content=\"La obra se enmarca en un trabajo conjunto entre la Provincia de Buenos Aires y el Municipio de Mercedes, y responde a la necesidad de reforzar la infraestructura sanitaria. Este jueves a las 14 quedar\u00e1 inaugurada.\" \/>\n<meta name=\"robots\" content=\"index, follow, max-snippet:-1, max-image-preview:large, max-video-preview:-1\" \/>\n<link rel=\"canonical\" href=\"https:\/\/noticiasmercedinas.com\/site\/2025\/08\/21\/con-presencia-de-katopodis-y-kreplak-se-inaugura-el-caps-de-avenida-2\/\" \/>\n<meta property=\"og:locale\" content=\"es_ES\" \/>\n<meta property=\"og:type\" content=\"article\" \/>\n<meta property=\"og:title\" content=\"Con presencia de Katopodis y Kreplak, se inaugura el CAPS de avenida 2\" \/>\n<meta property=\"og:description\" content=\"La obra se enmarca en un trabajo conjunto entre la Provincia de Buenos Aires y el Municipio de Mercedes, y responde a la necesidad de reforzar la infraestructura sanitaria. Este jueves a las 14 quedar\u00e1 inaugurada.\" \/>\n<meta property=\"og:url\" content=\"https:\/\/noticiasmercedinas.com\/site\/2025\/08\/21\/con-presencia-de-katopodis-y-kreplak-se-inaugura-el-caps-de-avenida-2\/\" \/>\n<meta property=\"og:site_name\" content=\"NOTICIASMERCEDINAS.COM\" \/>\n<meta property=\"article:publisher\" content=\"https:\/\/www.facebook.com\/noticiasmercedinas\/\" \/>\n<meta property=\"article:published_time\" content=\"2025-08-21T13:30:46+00:00\" \/>\n<meta property=\"og:image\" content=\"https:\/\/noticiasmercedinas.com\/site\/wp-content\/uploads\/2025\/07\/CAPS2.jpg\" \/>\n\t<meta property=\"og:image:width\" content=\"821\" \/>\n\t<meta property=\"og:image:height\" content=\"495\" \/>\n\t<meta property=\"og:image:type\" content=\"image\/jpeg\" \/>\n<meta name=\"author\" content=\"NOTICIASMERCEDINAS.COM\" \/>\n<meta name=\"twitter:card\" content=\"summary_large_image\" \/>\n<meta name=\"twitter:creator\" content=\"@notmercedinas\" \/>\n<meta name=\"twitter:site\" content=\"@notmercedinas\" \/>\n<meta name=\"twitter:label1\" content=\"Escrito por\" \/>\n\t<meta name=\"twitter:data1\" content=\"NOTICIASMERCEDINAS.COM\" \/>\n\t<meta name=\"twitter:label2\" content=\"Tiempo de lectura\" \/>\n\t<meta name=\"twitter:data2\" content=\"2 minutos\" \/>\n<script type=\"application\/ld+json\" class=\"yoast-schema-graph\">{\"@context\":\"https:\\\/\\\/schema.org\",\"@graph\":[{\"@type\":\"Article\",\"@id\":\"https:\\\/\\\/noticiasmercedinas.com\\\/site\\\/2025\\\/08\\\/21\\\/con-presencia-de-katopodis-y-kreplak-se-inaugura-el-caps-de-avenida-2\\\/#article\",\"isPartOf\":{\"@id\":\"https:\\\/\\\/noticiasmercedinas.com\\\/site\\\/2025\\\/08\\\/21\\\/con-presencia-de-katopodis-y-kreplak-se-inaugura-el-caps-de-avenida-2\\\/\"},\"author\":{\"name\":\"NOTICIASMERCEDINAS.COM\",\"@id\":\"https:\\\/\\\/noticiasmercedinas.com\\\/site\\\/#\\\/schema\\\/person\\\/84b59c099c28ff2e8b77d4ceec5d8063\"},\"headline\":\"Con presencia de Katopodis y Kreplak, se inaugura el CAPS de avenida 2\",\"datePublished\":\"2025-08-21T13:30:46+00:00\",\"mainEntityOfPage\":{\"@id\":\"https:\\\/\\\/noticiasmercedinas.com\\\/site\\\/2025\\\/08\\\/21\\\/con-presencia-de-katopodis-y-kreplak-se-inaugura-el-caps-de-avenida-2\\\/\"},\"wordCount\":191,\"publisher\":{\"@id\":\"https:\\\/\\\/noticiasmercedinas.com\\\/site\\\/#organization\"},\"image\":{\"@id\":\"https:\\\/\\\/noticiasmercedinas.com\\\/site\\\/2025\\\/08\\\/21\\\/con-presencia-de-katopodis-y-kreplak-se-inaugura-el-caps-de-avenida-2\\\/#primaryimage\"},\"thumbnailUrl\":\"https:\\\/\\\/noticiasmercedinas.com\\\/site\\\/wp-content\\\/uploads\\\/2025\\\/07\\\/CAPS2.jpg\",\"keywords\":[\"caps\",\"Gabriel katopodis\",\"salud\"],\"articleSection\":[\"Sociedad\"],\"inLanguage\":\"es\"},{\"@type\":\"WebPage\",\"@id\":\"https:\\\/\\\/noticiasmercedinas.com\\\/site\\\/2025\\\/08\\\/21\\\/con-presencia-de-katopodis-y-kreplak-se-inaugura-el-caps-de-avenida-2\\\/\",\"url\":\"https:\\\/\\\/noticiasmercedinas.com\\\/site\\\/2025\\\/08\\\/21\\\/con-presencia-de-katopodis-y-kreplak-se-inaugura-el-caps-de-avenida-2\\\/\",\"name\":\"Con presencia de Katopodis y Kreplak, se inaugura el CAPS de avenida 2\",\"isPartOf\":{\"@id\":\"https:\\\/\\\/noticiasmercedinas.com\\\/site\\\/#website\"},\"primaryImageOfPage\":{\"@id\":\"https:\\\/\\\/noticiasmercedinas.com\\\/site\\\/2025\\\/08\\\/21\\\/con-presencia-de-katopodis-y-kreplak-se-inaugura-el-caps-de-avenida-2\\\/#primaryimage\"},\"image\":{\"@id\":\"https:\\\/\\\/noticiasmercedinas.com\\\/site\\\/2025\\\/08\\\/21\\\/con-presencia-de-katopodis-y-kreplak-se-inaugura-el-caps-de-avenida-2\\\/#primaryimage\"},\"thumbnailUrl\":\"https:\\\/\\\/noticiasmercedinas.com\\\/site\\\/wp-content\\\/uploads\\\/2025\\\/07\\\/CAPS2.jpg\",\"datePublished\":\"2025-08-21T13:30:46+00:00\",\"description\":\"La obra se enmarca en un trabajo conjunto entre la Provincia de Buenos Aires y el Municipio de Mercedes, y responde a la necesidad de reforzar la infraestructura sanitaria. Este jueves a las 14 quedar\u00e1 inaugurada.\",\"breadcrumb\":{\"@id\":\"https:\\\/\\\/noticiasmercedinas.com\\\/site\\\/2025\\\/08\\\/21\\\/con-presencia-de-katopodis-y-kreplak-se-inaugura-el-caps-de-avenida-2\\\/#breadcrumb\"},\"inLanguage\":\"es\",\"potentialAction\":[{\"@type\":\"ReadAction\",\"target\":[\"https:\\\/\\\/noticiasmercedinas.com\\\/site\\\/2025\\\/08\\\/21\\\/con-presencia-de-katopodis-y-kreplak-se-inaugura-el-caps-de-avenida-2\\\/\"]}]},{\"@type\":\"ImageObject\",\"inLanguage\":\"es\",\"@id\":\"https:\\\/\\\/noticiasmercedinas.com\\\/site\\\/2025\\\/08\\\/21\\\/con-presencia-de-katopodis-y-kreplak-se-inaugura-el-caps-de-avenida-2\\\/#primaryimage\",\"url\":\"https:\\\/\\\/noticiasmercedinas.com\\\/site\\\/wp-content\\\/uploads\\\/2025\\\/07\\\/CAPS2.jpg\",\"contentUrl\":\"https:\\\/\\\/noticiasmercedinas.com\\\/site\\\/wp-content\\\/uploads\\\/2025\\\/07\\\/CAPS2.jpg\",\"width\":821,\"height\":495},{\"@type\":\"BreadcrumbList\",\"@id\":\"https:\\\/\\\/noticiasmercedinas.com\\\/site\\\/2025\\\/08\\\/21\\\/con-presencia-de-katopodis-y-kreplak-se-inaugura-el-caps-de-avenida-2\\\/#breadcrumb\",\"itemListElement\":[{\"@type\":\"ListItem\",\"position\":1,\"name\":\"Portada\",\"item\":\"https:\\\/\\\/noticiasmercedinas.com\\\/site\\\/\"},{\"@type\":\"ListItem\",\"position\":2,\"name\":\"Con presencia de Katopodis y Kreplak, se inaugura el CAPS de avenida 2\"}]},{\"@type\":\"WebSite\",\"@id\":\"https:\\\/\\\/noticiasmercedinas.com\\\/site\\\/#website\",\"url\":\"https:\\\/\\\/noticiasmercedinas.com\\\/site\\\/\",\"name\":\"NOTICIASMERCEDINAS.COM\",\"description\":\"Mercedes, Buenos Aires, Argentina\",\"publisher\":{\"@id\":\"https:\\\/\\\/noticiasmercedinas.com\\\/site\\\/#organization\"},\"potentialAction\":[{\"@type\":\"SearchAction\",\"target\":{\"@type\":\"EntryPoint\",\"urlTemplate\":\"https:\\\/\\\/noticiasmercedinas.com\\\/site\\\/?s={search_term_string}\"},\"query-input\":{\"@type\":\"PropertyValueSpecification\",\"valueRequired\":true,\"valueName\":\"search_term_string\"}}],\"inLanguage\":\"es\"},{\"@type\":\"Organization\",\"@id\":\"https:\\\/\\\/noticiasmercedinas.com\\\/site\\\/#organization\",\"name\":\"NOTICIASMERCEDINAS.COM\",\"url\":\"https:\\\/\\\/noticiasmercedinas.com\\\/site\\\/\",\"logo\":{\"@type\":\"ImageObject\",\"inLanguage\":\"es\",\"@id\":\"https:\\\/\\\/noticiasmercedinas.com\\\/site\\\/#\\\/schema\\\/logo\\\/image\\\/\",\"url\":\"https:\\\/\\\/noticiasmercedinas.com\\\/site\\\/wp-content\\\/uploads\\\/2020\\\/06\\\/LOGO-512.jpg\",\"contentUrl\":\"https:\\\/\\\/noticiasmercedinas.com\\\/site\\\/wp-content\\\/uploads\\\/2020\\\/06\\\/LOGO-512.jpg\",\"width\":512,\"height\":512,\"caption\":\"NOTICIASMERCEDINAS.COM\"},\"image\":{\"@id\":\"https:\\\/\\\/noticiasmercedinas.com\\\/site\\\/#\\\/schema\\\/logo\\\/image\\\/\"},\"sameAs\":[\"https:\\\/\\\/www.facebook.com\\\/noticiasmercedinas\\\/\",\"https:\\\/\\\/x.com\\\/notmercedinas\",\"https:\\\/\\\/www.instagram.com\\\/noticiasmercedinas\\\/\"]},{\"@type\":\"Person\",\"@id\":\"https:\\\/\\\/noticiasmercedinas.com\\\/site\\\/#\\\/schema\\\/person\\\/84b59c099c28ff2e8b77d4ceec5d8063\",\"name\":\"NOTICIASMERCEDINAS.COM\",\"image\":{\"@type\":\"ImageObject\",\"inLanguage\":\"es\",\"@id\":\"https:\\\/\\\/secure.gravatar.com\\\/avatar\\\/4dfbf16b4d17945bfb6341b2d19043457132fcf478a5ee04f42e959fd8f5df0a?s=96&d=mm&r=g\",\"url\":\"https:\\\/\\\/secure.gravatar.com\\\/avatar\\\/4dfbf16b4d17945bfb6341b2d19043457132fcf478a5ee04f42e959fd8f5df0a?s=96&d=mm&r=g\",\"contentUrl\":\"https:\\\/\\\/secure.gravatar.com\\\/avatar\\\/4dfbf16b4d17945bfb6341b2d19043457132fcf478a5ee04f42e959fd8f5df0a?s=96&d=mm&r=g\",\"caption\":\"NOTICIASMERCEDINAS.COM\"},\"url\":\"https:\\\/\\\/noticiasmercedinas.com\\\/site\\\/author\\\/anonimo\\\/\"}]}<\/script>\n<!-- \/ Yoast SEO plugin. -->","yoast_head_json":{"title":"Con presencia de Katopodis y Kreplak, se inaugura el CAPS de avenida 2","description":"La obra se enmarca en un trabajo conjunto entre la Provincia de Buenos Aires y el Municipio de Mercedes, y responde a la necesidad de reforzar la infraestructura sanitaria. Este jueves a las 14 quedar\u00e1 inaugurada.","robots":{"index":"index","follow":"follow","max-snippet":"max-snippet:-1","max-image-preview":"max-image-preview:large","max-video-preview":"max-video-preview:-1"},"canonical":"https:\/\/noticiasmercedinas.com\/site\/2025\/08\/21\/con-presencia-de-katopodis-y-kreplak-se-inaugura-el-caps-de-avenida-2\/","og_locale":"es_ES","og_type":"article","og_title":"Con presencia de Katopodis y Kreplak, se inaugura el CAPS de avenida 2","og_description":"La obra se enmarca en un trabajo conjunto entre la Provincia de Buenos Aires y el Municipio de Mercedes, y responde a la necesidad de reforzar la infraestructura sanitaria. Este jueves a las 14 quedar\u00e1 inaugurada.","og_url":"https:\/\/noticiasmercedinas.com\/site\/2025\/08\/21\/con-presencia-de-katopodis-y-kreplak-se-inaugura-el-caps-de-avenida-2\/","og_site_name":"NOTICIASMERCEDINAS.COM","article_publisher":"https:\/\/www.facebook.com\/noticiasmercedinas\/","article_published_time":"2025-08-21T13:30:46+00:00","og_image":[{"width":821,"height":495,"url":"https:\/\/noticiasmercedinas.com\/site\/wp-content\/uploads\/2025\/07\/CAPS2.jpg","type":"image\/jpeg"}],"author":"NOTICIASMERCEDINAS.COM","twitter_card":"summary_large_image","twitter_creator":"@notmercedinas","twitter_site":"@notmercedinas","twitter_misc":{"Escrito por":"NOTICIASMERCEDINAS.COM","Tiempo de lectura":"2 minutos"},"schema":{"@context":"https:\/\/schema.org","@graph":[{"@type":"Article","@id":"https:\/\/noticiasmercedinas.com\/site\/2025\/08\/21\/con-presencia-de-katopodis-y-kreplak-se-inaugura-el-caps-de-avenida-2\/#article","isPartOf":{"@id":"https:\/\/noticiasmercedinas.com\/site\/2025\/08\/21\/con-presencia-de-katopodis-y-kreplak-se-inaugura-el-caps-de-avenida-2\/"},"author":{"name":"NOTICIASMERCEDINAS.COM","@id":"https:\/\/noticiasmercedinas.com\/site\/#\/schema\/person\/84b59c099c28ff2e8b77d4ceec5d8063"},"headline":"Con presencia de Katopodis y Kreplak, se inaugura el CAPS de avenida 2","datePublished":"2025-08-21T13:30:46+00:00","mainEntityOfPage":{"@id":"https:\/\/noticiasmercedinas.com\/site\/2025\/08\/21\/con-presencia-de-katopodis-y-kreplak-se-inaugura-el-caps-de-avenida-2\/"},"wordCount":191,"publisher":{"@id":"https:\/\/noticiasmercedinas.com\/site\/#organization"},"image":{"@id":"https:\/\/noticiasmercedinas.com\/site\/2025\/08\/21\/con-presencia-de-katopodis-y-kreplak-se-inaugura-el-caps-de-avenida-2\/#primaryimage"},"thumbnailUrl":"https:\/\/noticiasmercedinas.com\/site\/wp-content\/uploads\/2025\/07\/CAPS2.jpg","keywords":["caps","Gabriel katopodis","salud"],"articleSection":["Sociedad"],"inLanguage":"es"},{"@type":"WebPage","@id":"https:\/\/noticiasmercedinas.com\/site\/2025\/08\/21\/con-presencia-de-katopodis-y-kreplak-se-inaugura-el-caps-de-avenida-2\/","url":"https:\/\/noticiasmercedinas.com\/site\/2025\/08\/21\/con-presencia-de-katopodis-y-kreplak-se-inaugura-el-caps-de-avenida-2\/","name":"Con presencia de Katopodis y Kreplak, se inaugura el CAPS de avenida 2","isPartOf":{"@id":"https:\/\/noticiasmercedinas.com\/site\/#website"},"primaryImageOfPage":{"@id":"https:\/\/noticiasmercedinas.com\/site\/2025\/08\/21\/con-presencia-de-katopodis-y-kreplak-se-inaugura-el-caps-de-avenida-2\/#primaryimage"},"image":{"@id":"https:\/\/noticiasmercedinas.com\/site\/2025\/08\/21\/con-presencia-de-katopodis-y-kreplak-se-inaugura-el-caps-de-avenida-2\/#primaryimage"},"thumbnailUrl":"https:\/\/noticiasmercedinas.com\/site\/wp-content\/uploads\/2025\/07\/CAPS2.jpg","datePublished":"2025-08-21T13:30:46+00:00","description":"La obra se enmarca en un trabajo conjunto entre la Provincia de Buenos Aires y el Municipio de Mercedes, y responde a la necesidad de reforzar la infraestructura sanitaria. Este jueves a las 14 quedar\u00e1 inaugurada.","breadcrumb":{"@id":"https:\/\/noticiasmercedinas.com\/site\/2025\/08\/21\/con-presencia-de-katopodis-y-kreplak-se-inaugura-el-caps-de-avenida-2\/#breadcrumb"},"inLanguage":"es","potentialAction":[{"@type":"ReadAction","target":["https:\/\/noticiasmercedinas.com\/site\/2025\/08\/21\/con-presencia-de-katopodis-y-kreplak-se-inaugura-el-caps-de-avenida-2\/"]}]},{"@type":"ImageObject","inLanguage":"es","@id":"https:\/\/noticiasmercedinas.com\/site\/2025\/08\/21\/con-presencia-de-katopodis-y-kreplak-se-inaugura-el-caps-de-avenida-2\/#primaryimage","url":"https:\/\/noticiasmercedinas.com\/site\/wp-content\/uploads\/2025\/07\/CAPS2.jpg","contentUrl":"https:\/\/noticiasmercedinas.com\/site\/wp-content\/uploads\/2025\/07\/CAPS2.jpg","width":821,"height":495},{"@type":"BreadcrumbList","@id":"https:\/\/noticiasmercedinas.com\/site\/2025\/08\/21\/con-presencia-de-katopodis-y-kreplak-se-inaugura-el-caps-de-avenida-2\/#breadcrumb","itemListElement":[{"@type":"ListItem","position":1,"name":"Portada","item":"https:\/\/noticiasmercedinas.com\/site\/"},{"@type":"ListItem","position":2,"name":"Con presencia de Katopodis y Kreplak, se inaugura el CAPS de avenida 2"}]},{"@type":"WebSite","@id":"https:\/\/noticiasmercedinas.com\/site\/#website","url":"https:\/\/noticiasmercedinas.com\/site\/","name":"NOTICIASMERCEDINAS.COM","description":"Mercedes, Buenos Aires, Argentina","publisher":{"@id":"https:\/\/noticiasmercedinas.com\/site\/#organization"},"potentialAction":[{"@type":"SearchAction","target":{"@type":"EntryPoint","urlTemplate":"https:\/\/noticiasmercedinas.com\/site\/?s={search_term_string}"},"query-input":{"@type":"PropertyValueSpecification","valueRequired":true,"valueName":"search_term_string"}}],"inLanguage":"es"},{"@type":"Organization","@id":"https:\/\/noticiasmercedinas.com\/site\/#organization","name":"NOTICIASMERCEDINAS.COM","url":"https:\/\/noticiasmercedinas.com\/site\/","logo":{"@type":"ImageObject","inLanguage":"es","@id":"https:\/\/noticiasmercedinas.com\/site\/#\/schema\/logo\/image\/","url":"https:\/\/noticiasmercedinas.com\/site\/wp-content\/uploads\/2020\/06\/LOGO-512.jpg","contentUrl":"https:\/\/noticiasmercedinas.com\/site\/wp-content\/uploads\/2020\/06\/LOGO-512.jpg","width":512,"height":512,"caption":"NOTICIASMERCEDINAS.COM"},"image":{"@id":"https:\/\/noticiasmercedinas.com\/site\/#\/schema\/logo\/image\/"},"sameAs":["https:\/\/www.facebook.com\/noticiasmercedinas\/","https:\/\/x.com\/notmercedinas","https:\/\/www.instagram.com\/noticiasmercedinas\/"]},{"@type":"Person","@id":"https:\/\/noticiasmercedinas.com\/site\/#\/schema\/person\/84b59c099c28ff2e8b77d4ceec5d8063","name":"NOTICIASMERCEDINAS.COM","image":{"@type":"ImageObject","inLanguage":"es","@id":"https:\/\/secure.gravatar.com\/avatar\/4dfbf16b4d17945bfb6341b2d19043457132fcf478a5ee04f42e959fd8f5df0a?s=96&d=mm&r=g","url":"https:\/\/secure.gravatar.com\/avatar\/4dfbf16b4d17945bfb6341b2d19043457132fcf478a5ee04f42e959fd8f5df0a?s=96&d=mm&r=g","contentUrl":"https:\/\/secure.gravatar.com\/avatar\/4dfbf16b4d17945bfb6341b2d19043457132fcf478a5ee04f42e959fd8f5df0a?s=96&d=mm&r=g","caption":"NOTICIASMERCEDINAS.COM"},"url":"https:\/\/noticiasmercedinas.com\/site\/author\/anonimo\/"}]}},"amp_enabled":true,"_links":{"self":[{"href":"https:\/\/noticiasmercedinas.com\/site\/wp-json\/wp\/v2\/posts\/167373","targetHints":{"allow":["GET"]}}],"collection":[{"href":"https:\/\/noticiasmercedinas.com\/site\/wp-json\/wp\/v2\/posts"}],"about":[{"href":"https:\/\/noticiasmercedinas.com\/site\/wp-json\/wp\/v2\/types\/post"}],"author":[{"embeddable":true,"href":"https:\/\/noticiasmercedinas.com\/site\/wp-json\/wp\/v2\/users\/16"}],"replies":[{"embeddable":true,"href":"https:\/\/noticiasmercedinas.com\/site\/wp-json\/wp\/v2\/comments?post=167373"}],"version-history":[{"count":1,"href":"https:\/\/noticiasmercedinas.com\/site\/wp-json\/wp\/v2\/posts\/167373\/revisions"}],"predecessor-version":[{"id":167374,"href":"https:\/\/noticiasmercedinas.com\/site\/wp-json\/wp\/v2\/posts\/167373\/revisions\/167374"}],"wp:featuredmedia":[{"embeddable":true,"href":"https:\/\/noticiasmercedinas.com\/site\/wp-json\/wp\/v2\/media\/164306"}],"wp:attachment":[{"href":"https:\/\/noticiasmercedinas.com\/site\/wp-json\/wp\/v2\/media?parent=167373"}],"wp:term":[{"taxonomy":"category","embeddable":true,"href":"https:\/\/noticiasmercedinas.com\/site\/wp-json\/wp\/v2\/categories?post=167373"},{"taxonomy":"post_tag","embeddable":true,"href":"https:\/\/noticiasmercedinas.com\/site\/wp-json\/wp\/v2\/tags?post=167373"}],"curies":[{"name":"wp","href":"https:\/\/api.w.org\/{rel}","templated":true}]}}