{"id":167386,"date":"2025-08-21T15:06:07","date_gmt":"2025-08-21T18:06:07","guid":{"rendered":"https:\/\/noticiasmercedinas.com\/site\/?p=167386"},"modified":"2025-08-21T15:06:07","modified_gmt":"2025-08-21T18:06:07","slug":"escuela-secundaria-n3-de-chivilcoy-inauguro-mejoras-edilicias-en-cuatro-aulas","status":"publish","type":"post","link":"https:\/\/noticiasmercedinas.com\/site\/2025\/08\/21\/escuela-secundaria-n3-de-chivilcoy-inauguro-mejoras-edilicias-en-cuatro-aulas\/","title":{"rendered":"Escuela Secundaria N\u00b03 de Chivilcoy inaugur\u00f3 mejoras edilicias en cuatro aulas"},"content":{"rendered":"<p><img loading=\"lazy\" decoding=\"async\" class=\"alignnone size-full wp-image-167387\" src=\"https:\/\/noticiasmercedinas.com\/site\/wp-content\/uploads\/2025\/08\/b6ae450f-87d0-4ad7-a64c-293dd1d6ae1b.jpeg\" alt=\"\" width=\"1599\" height=\"1066\" srcset=\"https:\/\/noticiasmercedinas.com\/site\/wp-content\/uploads\/2025\/08\/b6ae450f-87d0-4ad7-a64c-293dd1d6ae1b.jpeg 1599w, https:\/\/noticiasmercedinas.com\/site\/wp-content\/uploads\/2025\/08\/b6ae450f-87d0-4ad7-a64c-293dd1d6ae1b-300x200.jpeg 300w, https:\/\/noticiasmercedinas.com\/site\/wp-content\/uploads\/2025\/08\/b6ae450f-87d0-4ad7-a64c-293dd1d6ae1b-1024x683.jpeg 1024w, https:\/\/noticiasmercedinas.com\/site\/wp-content\/uploads\/2025\/08\/b6ae450f-87d0-4ad7-a64c-293dd1d6ae1b-768x512.jpeg 768w, https:\/\/noticiasmercedinas.com\/site\/wp-content\/uploads\/2025\/08\/b6ae450f-87d0-4ad7-a64c-293dd1d6ae1b-1536x1024.jpeg 1536w, https:\/\/noticiasmercedinas.com\/site\/wp-content\/uploads\/2025\/08\/b6ae450f-87d0-4ad7-a64c-293dd1d6ae1b-640x427.jpeg 640w, https:\/\/noticiasmercedinas.com\/site\/wp-content\/uploads\/2025\/08\/b6ae450f-87d0-4ad7-a64c-293dd1d6ae1b-1280x853.jpeg 1280w, https:\/\/noticiasmercedinas.com\/site\/wp-content\/uploads\/2025\/08\/b6ae450f-87d0-4ad7-a64c-293dd1d6ae1b-681x454.jpeg 681w, https:\/\/noticiasmercedinas.com\/site\/wp-content\/uploads\/2025\/08\/b6ae450f-87d0-4ad7-a64c-293dd1d6ae1b-1362x908.jpeg 1362w\" sizes=\"auto, (max-width: 1599px) 100vw, 1599px\" \/><\/p>\n<p>La Escuela Secundaria N\u00b03 de Chivilcoy sum\u00f3 nuevas obras de infraestructura con la renovaci\u00f3n del piso en cuatro aulas, una mejora que impactar\u00e1 directamente en las condiciones de ense\u00f1anza y aprendizaje de sus estudiantes.<\/p>\n<p>El acto de presentaci\u00f3n se realiz\u00f3 este mi\u00e9rcoles 20 de agosto y cont\u00f3 con la presencia del intendente de esa ciudad, <strong>Guillermo Britos<\/strong>, autoridades municipales, provinciales y del Consejo Escolar.<\/p>\n<p><strong>Compromiso conjunto<br \/>\n<\/strong>El intendente destac\u00f3 el trabajo articulado entre la Provincia de Buenos Aires, el Municipio y el Consejo Escolar, que hizo posible la obra.<\/p>\n<p>\u201cEs la tercera vez que venimos a inaugurar obras ac\u00e1 en nueve a\u00f1os y medio de gesti\u00f3n\u201d, remarc\u00f3 Britos, al tiempo que agradeci\u00f3 la labor de los consejeros escolares, \u201cque, a pesar de pertenecer a seis espacios pol\u00edticos distintos, trabajan unidos por todas las escuelas de Chivilcoy\u201d.<\/p>\n<p>Asimismo, asegur\u00f3 que el compromiso de su gesti\u00f3n seguir\u00e1 firme: \u201cVamos a continuar trabajando para que esta instituci\u00f3n y todas las dem\u00e1s tengan las obras que necesitan\u201d.<\/p>\n<p><strong>La voz de la comunidad educativa<br \/>\n<\/strong>La directora de la instituci\u00f3n, Alejandra Distasio, quien asumi\u00f3 en febrero, celebr\u00f3 el avance: \u201cCon cuatro aulas en obra se pudo sostener el ciclo lectivo de igual manera. Una vez que uno ingresa a esta escuela comienza a amarla desde el principio\u201d, expres\u00f3.<\/p>\n<p>Tambi\u00e9n record\u00f3 que estas mejoras se suman a otras relevantes, como la inauguraci\u00f3n de la salita maternal, que permite a los estudiantes dejar all\u00ed a sus hijos o hermanos peque\u00f1os mientras asisten a clases.<\/p>\n<p>Por su parte, la jefa Distrital de Educaci\u00f3n, Liliana Varela, resalt\u00f3 la importancia del trabajo conjunto: \u201cEs fundamental destacar esta mejora que impacta en la trayectoria educativa de los estudiantes. Agradecemos al gobierno provincial y municipal, como tambi\u00e9n al Consejo Escolar, por este esfuerzo sostenido para fortalecer la calidad educativa\u201d.<\/p>\n<p><strong>Una jornada especial<br \/>\n<\/strong>El encuentro tambi\u00e9n incluy\u00f3 la proyecci\u00f3n del cortometraje \u201cHacelo corto\u201d, realizado por estudiantes de la orientaci\u00f3n en arte y teatro, que se llev\u00f3 los aplausos de toda la comunidad educativa.<\/p>\n","protected":false},"excerpt":{"rendered":"<p>La Escuela Secundaria N\u00b03 de Chivilcoy sum\u00f3 nuevas obras de infraestructura con la renovaci\u00f3n del piso en cuatro aulas, una mejora que impactar\u00e1 directamente en las condiciones de ense\u00f1anza y aprendizaje de sus estudiantes. El acto de presentaci\u00f3n se realiz\u00f3 este mi\u00e9rcoles 20 de agosto y cont\u00f3 con la presencia del intendente de esa ciudad, [&hellip;]<\/p>\n","protected":false},"author":16,"featured_media":167387,"comment_status":"closed","ping_status":"closed","sticky":false,"template":"","format":"standard","meta":{"footnotes":""},"categories":[139],"tags":[203,18,837],"class_list":["post-167386","post","type-post","status-publish","format-standard","has-post-thumbnail","hentry","category-regionales","tag-chivilcoy","tag-escuelas","tag-guillermo-britos"],"yoast_head":"<!-- This site is optimized with the Yoast SEO plugin v27.4 - https:\/\/yoast.com\/product\/yoast-seo-wordpress\/ -->\n<title>Escuela Secundaria N\u00b03 de Chivilcoy inaugur\u00f3 mejoras edilicias en cuatro aulas<\/title>\n<meta name=\"robots\" content=\"index, follow, max-snippet:-1, max-image-preview:large, max-video-preview:-1\" \/>\n<link rel=\"canonical\" href=\"https:\/\/noticiasmercedinas.com\/site\/2025\/08\/21\/escuela-secundaria-n3-de-chivilcoy-inauguro-mejoras-edilicias-en-cuatro-aulas\/\" \/>\n<meta property=\"og:locale\" content=\"es_ES\" \/>\n<meta property=\"og:type\" content=\"article\" \/>\n<meta property=\"og:title\" content=\"Escuela Secundaria N\u00b03 de Chivilcoy inaugur\u00f3 mejoras edilicias en cuatro aulas\" \/>\n<meta property=\"og:description\" content=\"La Escuela Secundaria N\u00b03 de Chivilcoy sum\u00f3 nuevas obras de infraestructura con la renovaci\u00f3n del piso en cuatro aulas, una mejora que impactar\u00e1 directamente en las condiciones de ense\u00f1anza y aprendizaje de sus estudiantes. El acto de presentaci\u00f3n se realiz\u00f3 este mi\u00e9rcoles 20 de agosto y cont\u00f3 con la presencia del intendente de esa ciudad, [&hellip;]\" \/>\n<meta property=\"og:url\" content=\"https:\/\/noticiasmercedinas.com\/site\/2025\/08\/21\/escuela-secundaria-n3-de-chivilcoy-inauguro-mejoras-edilicias-en-cuatro-aulas\/\" \/>\n<meta property=\"og:site_name\" content=\"NOTICIASMERCEDINAS.COM\" \/>\n<meta property=\"article:publisher\" content=\"https:\/\/www.facebook.com\/noticiasmercedinas\/\" \/>\n<meta property=\"article:published_time\" content=\"2025-08-21T18:06:07+00:00\" \/>\n<meta property=\"og:image\" content=\"https:\/\/noticiasmercedinas.com\/site\/wp-content\/uploads\/2025\/08\/b6ae450f-87d0-4ad7-a64c-293dd1d6ae1b.jpeg\" \/>\n\t<meta property=\"og:image:width\" content=\"1599\" \/>\n\t<meta property=\"og:image:height\" content=\"1066\" \/>\n\t<meta property=\"og:image:type\" content=\"image\/jpeg\" \/>\n<meta name=\"author\" content=\"NOTICIASMERCEDINAS.COM\" \/>\n<meta name=\"twitter:card\" content=\"summary_large_image\" \/>\n<meta name=\"twitter:creator\" content=\"@notmercedinas\" \/>\n<meta name=\"twitter:site\" content=\"@notmercedinas\" \/>\n<meta name=\"twitter:label1\" content=\"Escrito por\" \/>\n\t<meta name=\"twitter:data1\" content=\"NOTICIASMERCEDINAS.COM\" \/>\n\t<meta name=\"twitter:label2\" content=\"Tiempo de lectura\" \/>\n\t<meta name=\"twitter:data2\" content=\"2 minutos\" \/>\n<script type=\"application\/ld+json\" class=\"yoast-schema-graph\">{\"@context\":\"https:\\\/\\\/schema.org\",\"@graph\":[{\"@type\":\"Article\",\"@id\":\"https:\\\/\\\/noticiasmercedinas.com\\\/site\\\/2025\\\/08\\\/21\\\/escuela-secundaria-n3-de-chivilcoy-inauguro-mejoras-edilicias-en-cuatro-aulas\\\/#article\",\"isPartOf\":{\"@id\":\"https:\\\/\\\/noticiasmercedinas.com\\\/site\\\/2025\\\/08\\\/21\\\/escuela-secundaria-n3-de-chivilcoy-inauguro-mejoras-edilicias-en-cuatro-aulas\\\/\"},\"author\":{\"name\":\"NOTICIASMERCEDINAS.COM\",\"@id\":\"https:\\\/\\\/noticiasmercedinas.com\\\/site\\\/#\\\/schema\\\/person\\\/84b59c099c28ff2e8b77d4ceec5d8063\"},\"headline\":\"Escuela Secundaria N\u00b03 de Chivilcoy inaugur\u00f3 mejoras edilicias en cuatro aulas\",\"datePublished\":\"2025-08-21T18:06:07+00:00\",\"mainEntityOfPage\":{\"@id\":\"https:\\\/\\\/noticiasmercedinas.com\\\/site\\\/2025\\\/08\\\/21\\\/escuela-secundaria-n3-de-chivilcoy-inauguro-mejoras-edilicias-en-cuatro-aulas\\\/\"},\"wordCount\":358,\"publisher\":{\"@id\":\"https:\\\/\\\/noticiasmercedinas.com\\\/site\\\/#organization\"},\"image\":{\"@id\":\"https:\\\/\\\/noticiasmercedinas.com\\\/site\\\/2025\\\/08\\\/21\\\/escuela-secundaria-n3-de-chivilcoy-inauguro-mejoras-edilicias-en-cuatro-aulas\\\/#primaryimage\"},\"thumbnailUrl\":\"https:\\\/\\\/noticiasmercedinas.com\\\/site\\\/wp-content\\\/uploads\\\/2025\\\/08\\\/b6ae450f-87d0-4ad7-a64c-293dd1d6ae1b.jpeg\",\"keywords\":[\"chivilcoy\",\"escuelas\",\"Guillermo Britos\"],\"articleSection\":[\"Regionales\"],\"inLanguage\":\"es\"},{\"@type\":\"WebPage\",\"@id\":\"https:\\\/\\\/noticiasmercedinas.com\\\/site\\\/2025\\\/08\\\/21\\\/escuela-secundaria-n3-de-chivilcoy-inauguro-mejoras-edilicias-en-cuatro-aulas\\\/\",\"url\":\"https:\\\/\\\/noticiasmercedinas.com\\\/site\\\/2025\\\/08\\\/21\\\/escuela-secundaria-n3-de-chivilcoy-inauguro-mejoras-edilicias-en-cuatro-aulas\\\/\",\"name\":\"Escuela Secundaria N\u00b03 de Chivilcoy inaugur\u00f3 mejoras edilicias en cuatro aulas\",\"isPartOf\":{\"@id\":\"https:\\\/\\\/noticiasmercedinas.com\\\/site\\\/#website\"},\"primaryImageOfPage\":{\"@id\":\"https:\\\/\\\/noticiasmercedinas.com\\\/site\\\/2025\\\/08\\\/21\\\/escuela-secundaria-n3-de-chivilcoy-inauguro-mejoras-edilicias-en-cuatro-aulas\\\/#primaryimage\"},\"image\":{\"@id\":\"https:\\\/\\\/noticiasmercedinas.com\\\/site\\\/2025\\\/08\\\/21\\\/escuela-secundaria-n3-de-chivilcoy-inauguro-mejoras-edilicias-en-cuatro-aulas\\\/#primaryimage\"},\"thumbnailUrl\":\"https:\\\/\\\/noticiasmercedinas.com\\\/site\\\/wp-content\\\/uploads\\\/2025\\\/08\\\/b6ae450f-87d0-4ad7-a64c-293dd1d6ae1b.jpeg\",\"datePublished\":\"2025-08-21T18:06:07+00:00\",\"breadcrumb\":{\"@id\":\"https:\\\/\\\/noticiasmercedinas.com\\\/site\\\/2025\\\/08\\\/21\\\/escuela-secundaria-n3-de-chivilcoy-inauguro-mejoras-edilicias-en-cuatro-aulas\\\/#breadcrumb\"},\"inLanguage\":\"es\",\"potentialAction\":[{\"@type\":\"ReadAction\",\"target\":[\"https:\\\/\\\/noticiasmercedinas.com\\\/site\\\/2025\\\/08\\\/21\\\/escuela-secundaria-n3-de-chivilcoy-inauguro-mejoras-edilicias-en-cuatro-aulas\\\/\"]}]},{\"@type\":\"ImageObject\",\"inLanguage\":\"es\",\"@id\":\"https:\\\/\\\/noticiasmercedinas.com\\\/site\\\/2025\\\/08\\\/21\\\/escuela-secundaria-n3-de-chivilcoy-inauguro-mejoras-edilicias-en-cuatro-aulas\\\/#primaryimage\",\"url\":\"https:\\\/\\\/noticiasmercedinas.com\\\/site\\\/wp-content\\\/uploads\\\/2025\\\/08\\\/b6ae450f-87d0-4ad7-a64c-293dd1d6ae1b.jpeg\",\"contentUrl\":\"https:\\\/\\\/noticiasmercedinas.com\\\/site\\\/wp-content\\\/uploads\\\/2025\\\/08\\\/b6ae450f-87d0-4ad7-a64c-293dd1d6ae1b.jpeg\",\"width\":1599,\"height\":1066},{\"@type\":\"BreadcrumbList\",\"@id\":\"https:\\\/\\\/noticiasmercedinas.com\\\/site\\\/2025\\\/08\\\/21\\\/escuela-secundaria-n3-de-chivilcoy-inauguro-mejoras-edilicias-en-cuatro-aulas\\\/#breadcrumb\",\"itemListElement\":[{\"@type\":\"ListItem\",\"position\":1,\"name\":\"Portada\",\"item\":\"https:\\\/\\\/noticiasmercedinas.com\\\/site\\\/\"},{\"@type\":\"ListItem\",\"position\":2,\"name\":\"Escuela Secundaria N\u00b03 de Chivilcoy inaugur\u00f3 mejoras edilicias en cuatro aulas\"}]},{\"@type\":\"WebSite\",\"@id\":\"https:\\\/\\\/noticiasmercedinas.com\\\/site\\\/#website\",\"url\":\"https:\\\/\\\/noticiasmercedinas.com\\\/site\\\/\",\"name\":\"NOTICIASMERCEDINAS.COM\",\"description\":\"Mercedes, Buenos Aires, Argentina\",\"publisher\":{\"@id\":\"https:\\\/\\\/noticiasmercedinas.com\\\/site\\\/#organization\"},\"potentialAction\":[{\"@type\":\"SearchAction\",\"target\":{\"@type\":\"EntryPoint\",\"urlTemplate\":\"https:\\\/\\\/noticiasmercedinas.com\\\/site\\\/?s={search_term_string}\"},\"query-input\":{\"@type\":\"PropertyValueSpecification\",\"valueRequired\":true,\"valueName\":\"search_term_string\"}}],\"inLanguage\":\"es\"},{\"@type\":\"Organization\",\"@id\":\"https:\\\/\\\/noticiasmercedinas.com\\\/site\\\/#organization\",\"name\":\"NOTICIASMERCEDINAS.COM\",\"url\":\"https:\\\/\\\/noticiasmercedinas.com\\\/site\\\/\",\"logo\":{\"@type\":\"ImageObject\",\"inLanguage\":\"es\",\"@id\":\"https:\\\/\\\/noticiasmercedinas.com\\\/site\\\/#\\\/schema\\\/logo\\\/image\\\/\",\"url\":\"https:\\\/\\\/noticiasmercedinas.com\\\/site\\\/wp-content\\\/uploads\\\/2020\\\/06\\\/LOGO-512.jpg\",\"contentUrl\":\"https:\\\/\\\/noticiasmercedinas.com\\\/site\\\/wp-content\\\/uploads\\\/2020\\\/06\\\/LOGO-512.jpg\",\"width\":512,\"height\":512,\"caption\":\"NOTICIASMERCEDINAS.COM\"},\"image\":{\"@id\":\"https:\\\/\\\/noticiasmercedinas.com\\\/site\\\/#\\\/schema\\\/logo\\\/image\\\/\"},\"sameAs\":[\"https:\\\/\\\/www.facebook.com\\\/noticiasmercedinas\\\/\",\"https:\\\/\\\/x.com\\\/notmercedinas\",\"https:\\\/\\\/www.instagram.com\\\/noticiasmercedinas\\\/\"]},{\"@type\":\"Person\",\"@id\":\"https:\\\/\\\/noticiasmercedinas.com\\\/site\\\/#\\\/schema\\\/person\\\/84b59c099c28ff2e8b77d4ceec5d8063\",\"name\":\"NOTICIASMERCEDINAS.COM\",\"image\":{\"@type\":\"ImageObject\",\"inLanguage\":\"es\",\"@id\":\"https:\\\/\\\/secure.gravatar.com\\\/avatar\\\/4dfbf16b4d17945bfb6341b2d19043457132fcf478a5ee04f42e959fd8f5df0a?s=96&d=mm&r=g\",\"url\":\"https:\\\/\\\/secure.gravatar.com\\\/avatar\\\/4dfbf16b4d17945bfb6341b2d19043457132fcf478a5ee04f42e959fd8f5df0a?s=96&d=mm&r=g\",\"contentUrl\":\"https:\\\/\\\/secure.gravatar.com\\\/avatar\\\/4dfbf16b4d17945bfb6341b2d19043457132fcf478a5ee04f42e959fd8f5df0a?s=96&d=mm&r=g\",\"caption\":\"NOTICIASMERCEDINAS.COM\"},\"url\":\"https:\\\/\\\/noticiasmercedinas.com\\\/site\\\/author\\\/anonimo\\\/\"}]}<\/script>\n<!-- \/ Yoast SEO plugin. -->","yoast_head_json":{"title":"Escuela Secundaria N\u00b03 de Chivilcoy inaugur\u00f3 mejoras edilicias en cuatro aulas","robots":{"index":"index","follow":"follow","max-snippet":"max-snippet:-1","max-image-preview":"max-image-preview:large","max-video-preview":"max-video-preview:-1"},"canonical":"https:\/\/noticiasmercedinas.com\/site\/2025\/08\/21\/escuela-secundaria-n3-de-chivilcoy-inauguro-mejoras-edilicias-en-cuatro-aulas\/","og_locale":"es_ES","og_type":"article","og_title":"Escuela Secundaria N\u00b03 de Chivilcoy inaugur\u00f3 mejoras edilicias en cuatro aulas","og_description":"La Escuela Secundaria N\u00b03 de Chivilcoy sum\u00f3 nuevas obras de infraestructura con la renovaci\u00f3n del piso en cuatro aulas, una mejora que impactar\u00e1 directamente en las condiciones de ense\u00f1anza y aprendizaje de sus estudiantes. El acto de presentaci\u00f3n se realiz\u00f3 este mi\u00e9rcoles 20 de agosto y cont\u00f3 con la presencia del intendente de esa ciudad, [&hellip;]","og_url":"https:\/\/noticiasmercedinas.com\/site\/2025\/08\/21\/escuela-secundaria-n3-de-chivilcoy-inauguro-mejoras-edilicias-en-cuatro-aulas\/","og_site_name":"NOTICIASMERCEDINAS.COM","article_publisher":"https:\/\/www.facebook.com\/noticiasmercedinas\/","article_published_time":"2025-08-21T18:06:07+00:00","og_image":[{"width":1599,"height":1066,"url":"https:\/\/noticiasmercedinas.com\/site\/wp-content\/uploads\/2025\/08\/b6ae450f-87d0-4ad7-a64c-293dd1d6ae1b.jpeg","type":"image\/jpeg"}],"author":"NOTICIASMERCEDINAS.COM","twitter_card":"summary_large_image","twitter_creator":"@notmercedinas","twitter_site":"@notmercedinas","twitter_misc":{"Escrito por":"NOTICIASMERCEDINAS.COM","Tiempo de lectura":"2 minutos"},"schema":{"@context":"https:\/\/schema.org","@graph":[{"@type":"Article","@id":"https:\/\/noticiasmercedinas.com\/site\/2025\/08\/21\/escuela-secundaria-n3-de-chivilcoy-inauguro-mejoras-edilicias-en-cuatro-aulas\/#article","isPartOf":{"@id":"https:\/\/noticiasmercedinas.com\/site\/2025\/08\/21\/escuela-secundaria-n3-de-chivilcoy-inauguro-mejoras-edilicias-en-cuatro-aulas\/"},"author":{"name":"NOTICIASMERCEDINAS.COM","@id":"https:\/\/noticiasmercedinas.com\/site\/#\/schema\/person\/84b59c099c28ff2e8b77d4ceec5d8063"},"headline":"Escuela Secundaria N\u00b03 de Chivilcoy inaugur\u00f3 mejoras edilicias en cuatro aulas","datePublished":"2025-08-21T18:06:07+00:00","mainEntityOfPage":{"@id":"https:\/\/noticiasmercedinas.com\/site\/2025\/08\/21\/escuela-secundaria-n3-de-chivilcoy-inauguro-mejoras-edilicias-en-cuatro-aulas\/"},"wordCount":358,"publisher":{"@id":"https:\/\/noticiasmercedinas.com\/site\/#organization"},"image":{"@id":"https:\/\/noticiasmercedinas.com\/site\/2025\/08\/21\/escuela-secundaria-n3-de-chivilcoy-inauguro-mejoras-edilicias-en-cuatro-aulas\/#primaryimage"},"thumbnailUrl":"https:\/\/noticiasmercedinas.com\/site\/wp-content\/uploads\/2025\/08\/b6ae450f-87d0-4ad7-a64c-293dd1d6ae1b.jpeg","keywords":["chivilcoy","escuelas","Guillermo Britos"],"articleSection":["Regionales"],"inLanguage":"es"},{"@type":"WebPage","@id":"https:\/\/noticiasmercedinas.com\/site\/2025\/08\/21\/escuela-secundaria-n3-de-chivilcoy-inauguro-mejoras-edilicias-en-cuatro-aulas\/","url":"https:\/\/noticiasmercedinas.com\/site\/2025\/08\/21\/escuela-secundaria-n3-de-chivilcoy-inauguro-mejoras-edilicias-en-cuatro-aulas\/","name":"Escuela Secundaria N\u00b03 de Chivilcoy inaugur\u00f3 mejoras edilicias en cuatro aulas","isPartOf":{"@id":"https:\/\/noticiasmercedinas.com\/site\/#website"},"primaryImageOfPage":{"@id":"https:\/\/noticiasmercedinas.com\/site\/2025\/08\/21\/escuela-secundaria-n3-de-chivilcoy-inauguro-mejoras-edilicias-en-cuatro-aulas\/#primaryimage"},"image":{"@id":"https:\/\/noticiasmercedinas.com\/site\/2025\/08\/21\/escuela-secundaria-n3-de-chivilcoy-inauguro-mejoras-edilicias-en-cuatro-aulas\/#primaryimage"},"thumbnailUrl":"https:\/\/noticiasmercedinas.com\/site\/wp-content\/uploads\/2025\/08\/b6ae450f-87d0-4ad7-a64c-293dd1d6ae1b.jpeg","datePublished":"2025-08-21T18:06:07+00:00","breadcrumb":{"@id":"https:\/\/noticiasmercedinas.com\/site\/2025\/08\/21\/escuela-secundaria-n3-de-chivilcoy-inauguro-mejoras-edilicias-en-cuatro-aulas\/#breadcrumb"},"inLanguage":"es","potentialAction":[{"@type":"ReadAction","target":["https:\/\/noticiasmercedinas.com\/site\/2025\/08\/21\/escuela-secundaria-n3-de-chivilcoy-inauguro-mejoras-edilicias-en-cuatro-aulas\/"]}]},{"@type":"ImageObject","inLanguage":"es","@id":"https:\/\/noticiasmercedinas.com\/site\/2025\/08\/21\/escuela-secundaria-n3-de-chivilcoy-inauguro-mejoras-edilicias-en-cuatro-aulas\/#primaryimage","url":"https:\/\/noticiasmercedinas.com\/site\/wp-content\/uploads\/2025\/08\/b6ae450f-87d0-4ad7-a64c-293dd1d6ae1b.jpeg","contentUrl":"https:\/\/noticiasmercedinas.com\/site\/wp-content\/uploads\/2025\/08\/b6ae450f-87d0-4ad7-a64c-293dd1d6ae1b.jpeg","width":1599,"height":1066},{"@type":"BreadcrumbList","@id":"https:\/\/noticiasmercedinas.com\/site\/2025\/08\/21\/escuela-secundaria-n3-de-chivilcoy-inauguro-mejoras-edilicias-en-cuatro-aulas\/#breadcrumb","itemListElement":[{"@type":"ListItem","position":1,"name":"Portada","item":"https:\/\/noticiasmercedinas.com\/site\/"},{"@type":"ListItem","position":2,"name":"Escuela Secundaria N\u00b03 de Chivilcoy inaugur\u00f3 mejoras edilicias en cuatro aulas"}]},{"@type":"WebSite","@id":"https:\/\/noticiasmercedinas.com\/site\/#website","url":"https:\/\/noticiasmercedinas.com\/site\/","name":"NOTICIASMERCEDINAS.COM","description":"Mercedes, Buenos Aires, Argentina","publisher":{"@id":"https:\/\/noticiasmercedinas.com\/site\/#organization"},"potentialAction":[{"@type":"SearchAction","target":{"@type":"EntryPoint","urlTemplate":"https:\/\/noticiasmercedinas.com\/site\/?s={search_term_string}"},"query-input":{"@type":"PropertyValueSpecification","valueRequired":true,"valueName":"search_term_string"}}],"inLanguage":"es"},{"@type":"Organization","@id":"https:\/\/noticiasmercedinas.com\/site\/#organization","name":"NOTICIASMERCEDINAS.COM","url":"https:\/\/noticiasmercedinas.com\/site\/","logo":{"@type":"ImageObject","inLanguage":"es","@id":"https:\/\/noticiasmercedinas.com\/site\/#\/schema\/logo\/image\/","url":"https:\/\/noticiasmercedinas.com\/site\/wp-content\/uploads\/2020\/06\/LOGO-512.jpg","contentUrl":"https:\/\/noticiasmercedinas.com\/site\/wp-content\/uploads\/2020\/06\/LOGO-512.jpg","width":512,"height":512,"caption":"NOTICIASMERCEDINAS.COM"},"image":{"@id":"https:\/\/noticiasmercedinas.com\/site\/#\/schema\/logo\/image\/"},"sameAs":["https:\/\/www.facebook.com\/noticiasmercedinas\/","https:\/\/x.com\/notmercedinas","https:\/\/www.instagram.com\/noticiasmercedinas\/"]},{"@type":"Person","@id":"https:\/\/noticiasmercedinas.com\/site\/#\/schema\/person\/84b59c099c28ff2e8b77d4ceec5d8063","name":"NOTICIASMERCEDINAS.COM","image":{"@type":"ImageObject","inLanguage":"es","@id":"https:\/\/secure.gravatar.com\/avatar\/4dfbf16b4d17945bfb6341b2d19043457132fcf478a5ee04f42e959fd8f5df0a?s=96&d=mm&r=g","url":"https:\/\/secure.gravatar.com\/avatar\/4dfbf16b4d17945bfb6341b2d19043457132fcf478a5ee04f42e959fd8f5df0a?s=96&d=mm&r=g","contentUrl":"https:\/\/secure.gravatar.com\/avatar\/4dfbf16b4d17945bfb6341b2d19043457132fcf478a5ee04f42e959fd8f5df0a?s=96&d=mm&r=g","caption":"NOTICIASMERCEDINAS.COM"},"url":"https:\/\/noticiasmercedinas.com\/site\/author\/anonimo\/"}]}},"amp_enabled":true,"_links":{"self":[{"href":"https:\/\/noticiasmercedinas.com\/site\/wp-json\/wp\/v2\/posts\/167386","targetHints":{"allow":["GET"]}}],"collection":[{"href":"https:\/\/noticiasmercedinas.com\/site\/wp-json\/wp\/v2\/posts"}],"about":[{"href":"https:\/\/noticiasmercedinas.com\/site\/wp-json\/wp\/v2\/types\/post"}],"author":[{"embeddable":true,"href":"https:\/\/noticiasmercedinas.com\/site\/wp-json\/wp\/v2\/users\/16"}],"replies":[{"embeddable":true,"href":"https:\/\/noticiasmercedinas.com\/site\/wp-json\/wp\/v2\/comments?post=167386"}],"version-history":[{"count":1,"href":"https:\/\/noticiasmercedinas.com\/site\/wp-json\/wp\/v2\/posts\/167386\/revisions"}],"predecessor-version":[{"id":167388,"href":"https:\/\/noticiasmercedinas.com\/site\/wp-json\/wp\/v2\/posts\/167386\/revisions\/167388"}],"wp:featuredmedia":[{"embeddable":true,"href":"https:\/\/noticiasmercedinas.com\/site\/wp-json\/wp\/v2\/media\/167387"}],"wp:attachment":[{"href":"https:\/\/noticiasmercedinas.com\/site\/wp-json\/wp\/v2\/media?parent=167386"}],"wp:term":[{"taxonomy":"category","embeddable":true,"href":"https:\/\/noticiasmercedinas.com\/site\/wp-json\/wp\/v2\/categories?post=167386"},{"taxonomy":"post_tag","embeddable":true,"href":"https:\/\/noticiasmercedinas.com\/site\/wp-json\/wp\/v2\/tags?post=167386"}],"curies":[{"name":"wp","href":"https:\/\/api.w.org\/{rel}","templated":true}]}}