{"id":167404,"date":"2025-08-21T17:48:47","date_gmt":"2025-08-21T20:48:47","guid":{"rendered":"https:\/\/noticiasmercedinas.com\/site\/?p=167404"},"modified":"2025-08-22T08:38:31","modified_gmt":"2025-08-22T11:38:31","slug":"inauguraron-el-nuevo-caps-de-avenida-2-con-la-presencia-de-gabriel-katopodis-y-nicolas-kreplak","status":"publish","type":"post","link":"https:\/\/noticiasmercedinas.com\/site\/2025\/08\/21\/inauguraron-el-nuevo-caps-de-avenida-2-con-la-presencia-de-gabriel-katopodis-y-nicolas-kreplak\/","title":{"rendered":"Inauguraron el nuevo CAPS de Avenida 2 con la presencia de Gabriel Katopodis y Nicol\u00e1s Kreplak"},"content":{"rendered":"<p data-start=\"197\" data-end=\"727\"><img loading=\"lazy\" decoding=\"async\" class=\"alignnone size-full wp-image-167408\" src=\"https:\/\/noticiasmercedinas.com\/site\/wp-content\/uploads\/2025\/08\/Gy5nxRxXsAA0g02.jpg\" alt=\"\" width=\"1497\" height=\"998\" srcset=\"https:\/\/noticiasmercedinas.com\/site\/wp-content\/uploads\/2025\/08\/Gy5nxRxXsAA0g02.jpg 1497w, https:\/\/noticiasmercedinas.com\/site\/wp-content\/uploads\/2025\/08\/Gy5nxRxXsAA0g02-300x200.jpg 300w, https:\/\/noticiasmercedinas.com\/site\/wp-content\/uploads\/2025\/08\/Gy5nxRxXsAA0g02-1024x683.jpg 1024w, https:\/\/noticiasmercedinas.com\/site\/wp-content\/uploads\/2025\/08\/Gy5nxRxXsAA0g02-768x512.jpg 768w, https:\/\/noticiasmercedinas.com\/site\/wp-content\/uploads\/2025\/08\/Gy5nxRxXsAA0g02-640x427.jpg 640w, https:\/\/noticiasmercedinas.com\/site\/wp-content\/uploads\/2025\/08\/Gy5nxRxXsAA0g02-1280x853.jpg 1280w, https:\/\/noticiasmercedinas.com\/site\/wp-content\/uploads\/2025\/08\/Gy5nxRxXsAA0g02-681x454.jpg 681w, https:\/\/noticiasmercedinas.com\/site\/wp-content\/uploads\/2025\/08\/Gy5nxRxXsAA0g02-1362x908.jpg 1362w\" sizes=\"auto, (max-width: 1497px) 100vw, 1497px\" \/><\/p>\n<p data-start=\"197\" data-end=\"727\">Qued\u00f3 inaugurado este jueves por la tarde el <strong data-start=\"287\" data-end=\"343\">nuevo Centro de Atenci\u00f3n Primaria de la Salud (CAPS)<\/strong> en la intersecci\u00f3n de avenida 2 y 5, en el predio del ex Mart\u00edn Rodr\u00edguez.<\/p>\n<p data-start=\"197\" data-end=\"727\">El acto oficial cont\u00f3 con la presencia del ministro de Salud bonaerense, <strong data-start=\"492\" data-end=\"511\">Nicol\u00e1s Kreplak<\/strong>, el ministro de Infraestructura y Servicios P\u00fablicos de la Provincia, <strong data-start=\"582\" data-end=\"603\">Gabriel Katopodis<\/strong>, y el intendente <strong data-start=\"621\" data-end=\"646\">Juan Ignacio Ustarroz<\/strong>, adem\u00e1s de autoridades municipales, regionales y referentes del \u00e1rea de salud.<\/p>\n<p data-start=\"197\" data-end=\"727\">Durante la inauguraci\u00f3n, Katopodis asegur\u00f3: \u201cSiempre inaugurar un Centro de Salud nos afirma como sociedad en este momento donde los cuidados est\u00e1n siendo muy atacados. Hoy con toda esta querida comunidad abrimos las puertas de este nuevo espacio destinado sobre todo a la salud materno-infantil y el cuidado de la primera infancia\u201d. Y concluy\u00f3: \u201cMilei decidi\u00f3 castigar a los m\u00e1s d\u00e9biles y eso lo tenemos que frenar. Necesitamos que el 7 de septiembre haya una expresi\u00f3n contundente y muy fuerte que es el voto\u201d.<\/p>\n<p data-start=\"197\" data-end=\"727\">El intendente Ustarroz, al tomar la palabra, agradeci\u00f3 al \u201cgobernador Kicillof por seguir realizando obras en Mercedes, y en particular para el cuidado de la salud de las y los mercedinos\u201d, como as\u00ed tambi\u00e9n \u201ca los ministros Kreplak y Katopodis, siempre presentes y acompa\u00f1ando a nuestra comunidad\u201d.<\/p>\n<p data-start=\"197\" data-end=\"727\">\u201cEstamos muy agradecidos con esta importante obra, estrat\u00e9gica, en un lugar central de la ciudad, para toda la comunidad\u201d, dijo y tambi\u00e9n agradeci\u00f3 al \u201cCATDI que, en la pandemia, ten\u00eda un lugar en el Hospital y debimos usarlo ante la emergencia; luego pas\u00f3 por distintos espacios hasta ahora, que aqu\u00ed tendr\u00e1 una sede\u201d. Resalt\u00f3 que son \u201cun gran ejemplo y orgullo, que inspir\u00f3, por ejemplo, otro dispositivo que nos enorgullece, como es el CETIM\u201d siendo \u00abun grupo de profesionales muy reconocidos y destacados\u00bb. Adem\u00e1s record\u00f3 que la ciudad viene recibiendo un fuerte apoyo en educaci\u00f3n, obras h\u00eddricas \u2014como el canal Santa Mar\u00eda, que permite que miles de familias sean beneficiadas\u2014, cloacas, agua, ampliaci\u00f3n de la planta depuradora, jardines, centros deportivos y m\u00e1s. Y record\u00f3 tambi\u00e9n que esa misma semana estuvieron de visita Sileoni (Educaci\u00f3n) y Batakis (Vivienda).<\/p>\n<p>El nuevo centro est\u00e1 ubicado en la intersecci\u00f3n de las calles 2 y 5 del distrito y cuenta con un edificio de 500 m\u00b2 con el equipamiento y el mobiliario necesario para su funcionamiento. En el interior tiene siete consultorios para la atenci\u00f3n cl\u00ednica general, ginecolog\u00eda y odontolog\u00eda, as\u00ed como tambi\u00e9n una sala de enfermer\u00eda, sala de administraci\u00f3n, \u00e1rea de direcci\u00f3n, vacunatorio, farmacia con dep\u00f3sito y sanitarios.<\/p>\n<p>La intervenci\u00f3n se complet\u00f3 con la construcci\u00f3n de un gabinete destinado a la colocaci\u00f3n de tubos de ox\u00edgeno y grupos electr\u00f3genos, adem\u00e1s de la ejecuci\u00f3n de un amplio Sal\u00f3n de Usos M\u00faltiples.<\/p>\n<p data-start=\"197\" data-end=\"727\"><img loading=\"lazy\" decoding=\"async\" class=\"alignnone size-full wp-image-167405\" src=\"https:\/\/noticiasmercedinas.com\/site\/wp-content\/uploads\/2025\/08\/Gy5nxR2WQAAPkzg.jpg\" alt=\"\" width=\"1595\" height=\"1064\" srcset=\"https:\/\/noticiasmercedinas.com\/site\/wp-content\/uploads\/2025\/08\/Gy5nxR2WQAAPkzg.jpg 1595w, https:\/\/noticiasmercedinas.com\/site\/wp-content\/uploads\/2025\/08\/Gy5nxR2WQAAPkzg-300x200.jpg 300w, https:\/\/noticiasmercedinas.com\/site\/wp-content\/uploads\/2025\/08\/Gy5nxR2WQAAPkzg-1024x683.jpg 1024w, https:\/\/noticiasmercedinas.com\/site\/wp-content\/uploads\/2025\/08\/Gy5nxR2WQAAPkzg-768x512.jpg 768w, https:\/\/noticiasmercedinas.com\/site\/wp-content\/uploads\/2025\/08\/Gy5nxR2WQAAPkzg-1536x1025.jpg 1536w, https:\/\/noticiasmercedinas.com\/site\/wp-content\/uploads\/2025\/08\/Gy5nxR2WQAAPkzg-640x427.jpg 640w, https:\/\/noticiasmercedinas.com\/site\/wp-content\/uploads\/2025\/08\/Gy5nxR2WQAAPkzg-1280x854.jpg 1280w, https:\/\/noticiasmercedinas.com\/site\/wp-content\/uploads\/2025\/08\/Gy5nxR2WQAAPkzg-681x454.jpg 681w, https:\/\/noticiasmercedinas.com\/site\/wp-content\/uploads\/2025\/08\/Gy5nxR2WQAAPkzg-1362x909.jpg 1362w\" sizes=\"auto, (max-width: 1595px) 100vw, 1595px\" \/><\/p>\n<p data-start=\"729\" data-end=\"1124\">El nuevo CAPS, de aproximadamente <strong data-start=\"763\" data-end=\"787\">350 metros cuadrados<\/strong>, est\u00e1 destinado especialmente a la <strong data-start=\"823\" data-end=\"885\">salud materno-infantil y al cuidado de la primera infancia<\/strong>, aunque tambi\u00e9n brindar\u00e1 atenci\u00f3n cl\u00ednica, odontol\u00f3gica, ginecol\u00f3gica y otros servicios. Su puesta en marcha busca <strong data-start=\"1001\" data-end=\"1040\">descentralizar el sistema sanitario<\/strong> y fortalecer el acceso gratuito y de calidad en una zona estrat\u00e9gica de Mercedes.<\/p>\n<p data-start=\"1126\" data-end=\"1454\">Durante el acto, Katopodis destac\u00f3 la importancia de seguir inaugurando centros de salud en la Provincia y se\u00f1al\u00f3 que ya son <strong data-start=\"1251\" data-end=\"1311\">198 los CAPS finalizados por la gesti\u00f3n de Axel Kicillof<\/strong>. Kreplak, por su parte, subray\u00f3 el valor del trabajo conjunto entre Provincia y Municipio para garantizar derechos esenciales como la salud.<\/p>\n<p data-start=\"1456\" data-end=\"1692\">El intendente Ustarroz agradeci\u00f3 la inversi\u00f3n y el acompa\u00f1amiento provincial, remarcando que este nuevo espacio responde a una <strong data-start=\"1583\" data-end=\"1628\">demanda hist\u00f3rica de los barrios cercanos<\/strong> y representa un avance significativo en la atenci\u00f3n primaria.<\/p>\n<p data-start=\"1694\" data-end=\"1903\">La obra forma parte del <strong data-start=\"1718\" data-end=\"1785\">plan provincial de fortalecimiento del primer nivel de atenci\u00f3n<\/strong>, que busca ampliar la cobertura en todo el territorio bonaerense y acercar los servicios sanitarios a la comunidad.<\/p>\n<p data-start=\"1694\" data-end=\"1903\"><img loading=\"lazy\" decoding=\"async\" class=\"alignnone size-full wp-image-167406\" src=\"https:\/\/noticiasmercedinas.com\/site\/wp-content\/uploads\/2025\/08\/Gy5nxR0WAAATYst.jpg\" alt=\"\" width=\"1486\" height=\"991\" srcset=\"https:\/\/noticiasmercedinas.com\/site\/wp-content\/uploads\/2025\/08\/Gy5nxR0WAAATYst.jpg 1486w, https:\/\/noticiasmercedinas.com\/site\/wp-content\/uploads\/2025\/08\/Gy5nxR0WAAATYst-300x200.jpg 300w, https:\/\/noticiasmercedinas.com\/site\/wp-content\/uploads\/2025\/08\/Gy5nxR0WAAATYst-1024x683.jpg 1024w, https:\/\/noticiasmercedinas.com\/site\/wp-content\/uploads\/2025\/08\/Gy5nxR0WAAATYst-768x512.jpg 768w, https:\/\/noticiasmercedinas.com\/site\/wp-content\/uploads\/2025\/08\/Gy5nxR0WAAATYst-640x427.jpg 640w, https:\/\/noticiasmercedinas.com\/site\/wp-content\/uploads\/2025\/08\/Gy5nxR0WAAATYst-1280x854.jpg 1280w, https:\/\/noticiasmercedinas.com\/site\/wp-content\/uploads\/2025\/08\/Gy5nxR0WAAATYst-681x454.jpg 681w, https:\/\/noticiasmercedinas.com\/site\/wp-content\/uploads\/2025\/08\/Gy5nxR0WAAATYst-1362x908.jpg 1362w\" sizes=\"auto, (max-width: 1486px) 100vw, 1486px\" \/> <img loading=\"lazy\" decoding=\"async\" class=\"alignnone size-full wp-image-167407\" src=\"https:\/\/noticiasmercedinas.com\/site\/wp-content\/uploads\/2025\/08\/Gy5nxRuXsAAzXrs.jpg\" alt=\"\" width=\"1620\" height=\"1080\" srcset=\"https:\/\/noticiasmercedinas.com\/site\/wp-content\/uploads\/2025\/08\/Gy5nxRuXsAAzXrs.jpg 1620w, https:\/\/noticiasmercedinas.com\/site\/wp-content\/uploads\/2025\/08\/Gy5nxRuXsAAzXrs-300x200.jpg 300w, https:\/\/noticiasmercedinas.com\/site\/wp-content\/uploads\/2025\/08\/Gy5nxRuXsAAzXrs-1024x683.jpg 1024w, https:\/\/noticiasmercedinas.com\/site\/wp-content\/uploads\/2025\/08\/Gy5nxRuXsAAzXrs-768x512.jpg 768w, https:\/\/noticiasmercedinas.com\/site\/wp-content\/uploads\/2025\/08\/Gy5nxRuXsAAzXrs-1536x1024.jpg 1536w, https:\/\/noticiasmercedinas.com\/site\/wp-content\/uploads\/2025\/08\/Gy5nxRuXsAAzXrs-640x427.jpg 640w, https:\/\/noticiasmercedinas.com\/site\/wp-content\/uploads\/2025\/08\/Gy5nxRuXsAAzXrs-1280x853.jpg 1280w, https:\/\/noticiasmercedinas.com\/site\/wp-content\/uploads\/2025\/08\/Gy5nxRuXsAAzXrs-681x454.jpg 681w, https:\/\/noticiasmercedinas.com\/site\/wp-content\/uploads\/2025\/08\/Gy5nxRuXsAAzXrs-1362x908.jpg 1362w\" sizes=\"auto, (max-width: 1620px) 100vw, 1620px\" \/><\/p>\n","protected":false},"excerpt":{"rendered":"<p>\u25a0 Katopodis destac\u00f3 la importancia de seguir inaugurando centros de salud en la Provincia y se\u00f1al\u00f3 que ya son 198 los CAPS finalizados por la gesti\u00f3n de Axel Kicillof. Kreplak, por su parte, subray\u00f3 el valor del trabajo conjunto entre Provincia y Municipio para garantizar derechos esenciales como la salud.<\/p>\n","protected":false},"author":16,"featured_media":167408,"comment_status":"closed","ping_status":"closed","sticky":false,"template":"","format":"standard","meta":{"footnotes":""},"categories":[3,20734],"tags":[942,5728,1077,8138,71],"class_list":["post-167404","post","type-post","status-publish","format-standard","has-post-thumbnail","hentry","category-sociedad","category-ultimo-momento","tag-caps","tag-gabriel-katopodis","tag-juan-ustarroz","tag-nicolas-kreplak","tag-salud"],"yoast_head":"<!-- This site is optimized with the Yoast SEO plugin v27.4 - https:\/\/yoast.com\/product\/yoast-seo-wordpress\/ -->\n<title>Inauguraron el nuevo CAPS de Avenida 2 con la presencia de Gabriel Katopodis y Nicol\u00e1s Kreplak<\/title>\n<meta name=\"description\" content=\"Katopodis destac\u00f3 la importancia de seguir inaugurando centros de salud en la Provincia y se\u00f1al\u00f3 que ya son 198 los CAPS finalizados por la gesti\u00f3n de Axel Kicillof. Kreplak, por su parte, subray\u00f3 el valor del trabajo conjunto entre Provincia y Municipio para garantizar derechos esenciales como la salud.\" \/>\n<meta name=\"robots\" content=\"index, follow, max-snippet:-1, max-image-preview:large, max-video-preview:-1\" \/>\n<link rel=\"canonical\" href=\"https:\/\/noticiasmercedinas.com\/site\/2025\/08\/21\/inauguraron-el-nuevo-caps-de-avenida-2-con-la-presencia-de-gabriel-katopodis-y-nicolas-kreplak\/\" \/>\n<meta property=\"og:locale\" content=\"es_ES\" \/>\n<meta property=\"og:type\" content=\"article\" \/>\n<meta property=\"og:title\" content=\"Inauguraron el nuevo CAPS de Avenida 2 con la presencia de Gabriel Katopodis y Nicol\u00e1s Kreplak\" \/>\n<meta property=\"og:description\" content=\"Katopodis destac\u00f3 la importancia de seguir inaugurando centros de salud en la Provincia y se\u00f1al\u00f3 que ya son 198 los CAPS finalizados por la gesti\u00f3n de Axel Kicillof. Kreplak, por su parte, subray\u00f3 el valor del trabajo conjunto entre Provincia y Municipio para garantizar derechos esenciales como la salud.\" \/>\n<meta property=\"og:url\" content=\"https:\/\/noticiasmercedinas.com\/site\/2025\/08\/21\/inauguraron-el-nuevo-caps-de-avenida-2-con-la-presencia-de-gabriel-katopodis-y-nicolas-kreplak\/\" \/>\n<meta property=\"og:site_name\" content=\"NOTICIASMERCEDINAS.COM\" \/>\n<meta property=\"article:publisher\" content=\"https:\/\/www.facebook.com\/noticiasmercedinas\/\" \/>\n<meta property=\"article:published_time\" content=\"2025-08-21T20:48:47+00:00\" \/>\n<meta property=\"article:modified_time\" content=\"2025-08-22T11:38:31+00:00\" \/>\n<meta property=\"og:image\" content=\"https:\/\/noticiasmercedinas.com\/site\/wp-content\/uploads\/2025\/08\/Gy5nxRxXsAA0g02.jpg\" \/>\n\t<meta property=\"og:image:width\" content=\"1497\" \/>\n\t<meta property=\"og:image:height\" content=\"998\" \/>\n\t<meta property=\"og:image:type\" content=\"image\/jpeg\" \/>\n<meta name=\"author\" content=\"NOTICIASMERCEDINAS.COM\" \/>\n<meta name=\"twitter:card\" content=\"summary_large_image\" \/>\n<meta name=\"twitter:creator\" content=\"@notmercedinas\" \/>\n<meta name=\"twitter:site\" content=\"@notmercedinas\" \/>\n<meta name=\"twitter:label1\" content=\"Escrito por\" \/>\n\t<meta name=\"twitter:data1\" content=\"NOTICIASMERCEDINAS.COM\" \/>\n\t<meta name=\"twitter:label2\" content=\"Tiempo de lectura\" \/>\n\t<meta name=\"twitter:data2\" content=\"4 minutos\" \/>\n<script type=\"application\/ld+json\" class=\"yoast-schema-graph\">{\"@context\":\"https:\\\/\\\/schema.org\",\"@graph\":[{\"@type\":\"Article\",\"@id\":\"https:\\\/\\\/noticiasmercedinas.com\\\/site\\\/2025\\\/08\\\/21\\\/inauguraron-el-nuevo-caps-de-avenida-2-con-la-presencia-de-gabriel-katopodis-y-nicolas-kreplak\\\/#article\",\"isPartOf\":{\"@id\":\"https:\\\/\\\/noticiasmercedinas.com\\\/site\\\/2025\\\/08\\\/21\\\/inauguraron-el-nuevo-caps-de-avenida-2-con-la-presencia-de-gabriel-katopodis-y-nicolas-kreplak\\\/\"},\"author\":{\"name\":\"NOTICIASMERCEDINAS.COM\",\"@id\":\"https:\\\/\\\/noticiasmercedinas.com\\\/site\\\/#\\\/schema\\\/person\\\/84b59c099c28ff2e8b77d4ceec5d8063\"},\"headline\":\"Inauguraron el nuevo CAPS de Avenida 2 con la presencia de Gabriel Katopodis y Nicol\u00e1s Kreplak\",\"datePublished\":\"2025-08-21T20:48:47+00:00\",\"dateModified\":\"2025-08-22T11:38:31+00:00\",\"mainEntityOfPage\":{\"@id\":\"https:\\\/\\\/noticiasmercedinas.com\\\/site\\\/2025\\\/08\\\/21\\\/inauguraron-el-nuevo-caps-de-avenida-2-con-la-presencia-de-gabriel-katopodis-y-nicolas-kreplak\\\/\"},\"wordCount\":679,\"publisher\":{\"@id\":\"https:\\\/\\\/noticiasmercedinas.com\\\/site\\\/#organization\"},\"image\":{\"@id\":\"https:\\\/\\\/noticiasmercedinas.com\\\/site\\\/2025\\\/08\\\/21\\\/inauguraron-el-nuevo-caps-de-avenida-2-con-la-presencia-de-gabriel-katopodis-y-nicolas-kreplak\\\/#primaryimage\"},\"thumbnailUrl\":\"https:\\\/\\\/noticiasmercedinas.com\\\/site\\\/wp-content\\\/uploads\\\/2025\\\/08\\\/Gy5nxRxXsAA0g02.jpg\",\"keywords\":[\"caps\",\"Gabriel katopodis\",\"Juan Ustarroz\",\"Nicol\u00e1s Kreplak\",\"salud\"],\"articleSection\":[\"Sociedad\",\"Ultimo momento\"],\"inLanguage\":\"es\"},{\"@type\":\"WebPage\",\"@id\":\"https:\\\/\\\/noticiasmercedinas.com\\\/site\\\/2025\\\/08\\\/21\\\/inauguraron-el-nuevo-caps-de-avenida-2-con-la-presencia-de-gabriel-katopodis-y-nicolas-kreplak\\\/\",\"url\":\"https:\\\/\\\/noticiasmercedinas.com\\\/site\\\/2025\\\/08\\\/21\\\/inauguraron-el-nuevo-caps-de-avenida-2-con-la-presencia-de-gabriel-katopodis-y-nicolas-kreplak\\\/\",\"name\":\"Inauguraron el nuevo CAPS de Avenida 2 con la presencia de Gabriel Katopodis y Nicol\u00e1s Kreplak\",\"isPartOf\":{\"@id\":\"https:\\\/\\\/noticiasmercedinas.com\\\/site\\\/#website\"},\"primaryImageOfPage\":{\"@id\":\"https:\\\/\\\/noticiasmercedinas.com\\\/site\\\/2025\\\/08\\\/21\\\/inauguraron-el-nuevo-caps-de-avenida-2-con-la-presencia-de-gabriel-katopodis-y-nicolas-kreplak\\\/#primaryimage\"},\"image\":{\"@id\":\"https:\\\/\\\/noticiasmercedinas.com\\\/site\\\/2025\\\/08\\\/21\\\/inauguraron-el-nuevo-caps-de-avenida-2-con-la-presencia-de-gabriel-katopodis-y-nicolas-kreplak\\\/#primaryimage\"},\"thumbnailUrl\":\"https:\\\/\\\/noticiasmercedinas.com\\\/site\\\/wp-content\\\/uploads\\\/2025\\\/08\\\/Gy5nxRxXsAA0g02.jpg\",\"datePublished\":\"2025-08-21T20:48:47+00:00\",\"dateModified\":\"2025-08-22T11:38:31+00:00\",\"description\":\"Katopodis destac\u00f3 la importancia de seguir inaugurando centros de salud en la Provincia y se\u00f1al\u00f3 que ya son 198 los CAPS finalizados por la gesti\u00f3n de Axel Kicillof. Kreplak, por su parte, subray\u00f3 el valor del trabajo conjunto entre Provincia y Municipio para garantizar derechos esenciales como la salud.\",\"breadcrumb\":{\"@id\":\"https:\\\/\\\/noticiasmercedinas.com\\\/site\\\/2025\\\/08\\\/21\\\/inauguraron-el-nuevo-caps-de-avenida-2-con-la-presencia-de-gabriel-katopodis-y-nicolas-kreplak\\\/#breadcrumb\"},\"inLanguage\":\"es\",\"potentialAction\":[{\"@type\":\"ReadAction\",\"target\":[\"https:\\\/\\\/noticiasmercedinas.com\\\/site\\\/2025\\\/08\\\/21\\\/inauguraron-el-nuevo-caps-de-avenida-2-con-la-presencia-de-gabriel-katopodis-y-nicolas-kreplak\\\/\"]}]},{\"@type\":\"ImageObject\",\"inLanguage\":\"es\",\"@id\":\"https:\\\/\\\/noticiasmercedinas.com\\\/site\\\/2025\\\/08\\\/21\\\/inauguraron-el-nuevo-caps-de-avenida-2-con-la-presencia-de-gabriel-katopodis-y-nicolas-kreplak\\\/#primaryimage\",\"url\":\"https:\\\/\\\/noticiasmercedinas.com\\\/site\\\/wp-content\\\/uploads\\\/2025\\\/08\\\/Gy5nxRxXsAA0g02.jpg\",\"contentUrl\":\"https:\\\/\\\/noticiasmercedinas.com\\\/site\\\/wp-content\\\/uploads\\\/2025\\\/08\\\/Gy5nxRxXsAA0g02.jpg\",\"width\":1497,\"height\":998},{\"@type\":\"BreadcrumbList\",\"@id\":\"https:\\\/\\\/noticiasmercedinas.com\\\/site\\\/2025\\\/08\\\/21\\\/inauguraron-el-nuevo-caps-de-avenida-2-con-la-presencia-de-gabriel-katopodis-y-nicolas-kreplak\\\/#breadcrumb\",\"itemListElement\":[{\"@type\":\"ListItem\",\"position\":1,\"name\":\"Portada\",\"item\":\"https:\\\/\\\/noticiasmercedinas.com\\\/site\\\/\"},{\"@type\":\"ListItem\",\"position\":2,\"name\":\"Inauguraron el nuevo CAPS de Avenida 2 con la presencia de Gabriel Katopodis y Nicol\u00e1s Kreplak\"}]},{\"@type\":\"WebSite\",\"@id\":\"https:\\\/\\\/noticiasmercedinas.com\\\/site\\\/#website\",\"url\":\"https:\\\/\\\/noticiasmercedinas.com\\\/site\\\/\",\"name\":\"NOTICIASMERCEDINAS.COM\",\"description\":\"Mercedes, Buenos Aires, Argentina\",\"publisher\":{\"@id\":\"https:\\\/\\\/noticiasmercedinas.com\\\/site\\\/#organization\"},\"potentialAction\":[{\"@type\":\"SearchAction\",\"target\":{\"@type\":\"EntryPoint\",\"urlTemplate\":\"https:\\\/\\\/noticiasmercedinas.com\\\/site\\\/?s={search_term_string}\"},\"query-input\":{\"@type\":\"PropertyValueSpecification\",\"valueRequired\":true,\"valueName\":\"search_term_string\"}}],\"inLanguage\":\"es\"},{\"@type\":\"Organization\",\"@id\":\"https:\\\/\\\/noticiasmercedinas.com\\\/site\\\/#organization\",\"name\":\"NOTICIASMERCEDINAS.COM\",\"url\":\"https:\\\/\\\/noticiasmercedinas.com\\\/site\\\/\",\"logo\":{\"@type\":\"ImageObject\",\"inLanguage\":\"es\",\"@id\":\"https:\\\/\\\/noticiasmercedinas.com\\\/site\\\/#\\\/schema\\\/logo\\\/image\\\/\",\"url\":\"https:\\\/\\\/noticiasmercedinas.com\\\/site\\\/wp-content\\\/uploads\\\/2020\\\/06\\\/LOGO-512.jpg\",\"contentUrl\":\"https:\\\/\\\/noticiasmercedinas.com\\\/site\\\/wp-content\\\/uploads\\\/2020\\\/06\\\/LOGO-512.jpg\",\"width\":512,\"height\":512,\"caption\":\"NOTICIASMERCEDINAS.COM\"},\"image\":{\"@id\":\"https:\\\/\\\/noticiasmercedinas.com\\\/site\\\/#\\\/schema\\\/logo\\\/image\\\/\"},\"sameAs\":[\"https:\\\/\\\/www.facebook.com\\\/noticiasmercedinas\\\/\",\"https:\\\/\\\/x.com\\\/notmercedinas\",\"https:\\\/\\\/www.instagram.com\\\/noticiasmercedinas\\\/\"]},{\"@type\":\"Person\",\"@id\":\"https:\\\/\\\/noticiasmercedinas.com\\\/site\\\/#\\\/schema\\\/person\\\/84b59c099c28ff2e8b77d4ceec5d8063\",\"name\":\"NOTICIASMERCEDINAS.COM\",\"image\":{\"@type\":\"ImageObject\",\"inLanguage\":\"es\",\"@id\":\"https:\\\/\\\/secure.gravatar.com\\\/avatar\\\/4dfbf16b4d17945bfb6341b2d19043457132fcf478a5ee04f42e959fd8f5df0a?s=96&d=mm&r=g\",\"url\":\"https:\\\/\\\/secure.gravatar.com\\\/avatar\\\/4dfbf16b4d17945bfb6341b2d19043457132fcf478a5ee04f42e959fd8f5df0a?s=96&d=mm&r=g\",\"contentUrl\":\"https:\\\/\\\/secure.gravatar.com\\\/avatar\\\/4dfbf16b4d17945bfb6341b2d19043457132fcf478a5ee04f42e959fd8f5df0a?s=96&d=mm&r=g\",\"caption\":\"NOTICIASMERCEDINAS.COM\"},\"url\":\"https:\\\/\\\/noticiasmercedinas.com\\\/site\\\/author\\\/anonimo\\\/\"}]}<\/script>\n<!-- \/ Yoast SEO plugin. -->","yoast_head_json":{"title":"Inauguraron el nuevo CAPS de Avenida 2 con la presencia de Gabriel Katopodis y Nicol\u00e1s Kreplak","description":"Katopodis destac\u00f3 la importancia de seguir inaugurando centros de salud en la Provincia y se\u00f1al\u00f3 que ya son 198 los CAPS finalizados por la gesti\u00f3n de Axel Kicillof. Kreplak, por su parte, subray\u00f3 el valor del trabajo conjunto entre Provincia y Municipio para garantizar derechos esenciales como la salud.","robots":{"index":"index","follow":"follow","max-snippet":"max-snippet:-1","max-image-preview":"max-image-preview:large","max-video-preview":"max-video-preview:-1"},"canonical":"https:\/\/noticiasmercedinas.com\/site\/2025\/08\/21\/inauguraron-el-nuevo-caps-de-avenida-2-con-la-presencia-de-gabriel-katopodis-y-nicolas-kreplak\/","og_locale":"es_ES","og_type":"article","og_title":"Inauguraron el nuevo CAPS de Avenida 2 con la presencia de Gabriel Katopodis y Nicol\u00e1s Kreplak","og_description":"Katopodis destac\u00f3 la importancia de seguir inaugurando centros de salud en la Provincia y se\u00f1al\u00f3 que ya son 198 los CAPS finalizados por la gesti\u00f3n de Axel Kicillof. Kreplak, por su parte, subray\u00f3 el valor del trabajo conjunto entre Provincia y Municipio para garantizar derechos esenciales como la salud.","og_url":"https:\/\/noticiasmercedinas.com\/site\/2025\/08\/21\/inauguraron-el-nuevo-caps-de-avenida-2-con-la-presencia-de-gabriel-katopodis-y-nicolas-kreplak\/","og_site_name":"NOTICIASMERCEDINAS.COM","article_publisher":"https:\/\/www.facebook.com\/noticiasmercedinas\/","article_published_time":"2025-08-21T20:48:47+00:00","article_modified_time":"2025-08-22T11:38:31+00:00","og_image":[{"width":1497,"height":998,"url":"https:\/\/noticiasmercedinas.com\/site\/wp-content\/uploads\/2025\/08\/Gy5nxRxXsAA0g02.jpg","type":"image\/jpeg"}],"author":"NOTICIASMERCEDINAS.COM","twitter_card":"summary_large_image","twitter_creator":"@notmercedinas","twitter_site":"@notmercedinas","twitter_misc":{"Escrito por":"NOTICIASMERCEDINAS.COM","Tiempo de lectura":"4 minutos"},"schema":{"@context":"https:\/\/schema.org","@graph":[{"@type":"Article","@id":"https:\/\/noticiasmercedinas.com\/site\/2025\/08\/21\/inauguraron-el-nuevo-caps-de-avenida-2-con-la-presencia-de-gabriel-katopodis-y-nicolas-kreplak\/#article","isPartOf":{"@id":"https:\/\/noticiasmercedinas.com\/site\/2025\/08\/21\/inauguraron-el-nuevo-caps-de-avenida-2-con-la-presencia-de-gabriel-katopodis-y-nicolas-kreplak\/"},"author":{"name":"NOTICIASMERCEDINAS.COM","@id":"https:\/\/noticiasmercedinas.com\/site\/#\/schema\/person\/84b59c099c28ff2e8b77d4ceec5d8063"},"headline":"Inauguraron el nuevo CAPS de Avenida 2 con la presencia de Gabriel Katopodis y Nicol\u00e1s Kreplak","datePublished":"2025-08-21T20:48:47+00:00","dateModified":"2025-08-22T11:38:31+00:00","mainEntityOfPage":{"@id":"https:\/\/noticiasmercedinas.com\/site\/2025\/08\/21\/inauguraron-el-nuevo-caps-de-avenida-2-con-la-presencia-de-gabriel-katopodis-y-nicolas-kreplak\/"},"wordCount":679,"publisher":{"@id":"https:\/\/noticiasmercedinas.com\/site\/#organization"},"image":{"@id":"https:\/\/noticiasmercedinas.com\/site\/2025\/08\/21\/inauguraron-el-nuevo-caps-de-avenida-2-con-la-presencia-de-gabriel-katopodis-y-nicolas-kreplak\/#primaryimage"},"thumbnailUrl":"https:\/\/noticiasmercedinas.com\/site\/wp-content\/uploads\/2025\/08\/Gy5nxRxXsAA0g02.jpg","keywords":["caps","Gabriel katopodis","Juan Ustarroz","Nicol\u00e1s Kreplak","salud"],"articleSection":["Sociedad","Ultimo momento"],"inLanguage":"es"},{"@type":"WebPage","@id":"https:\/\/noticiasmercedinas.com\/site\/2025\/08\/21\/inauguraron-el-nuevo-caps-de-avenida-2-con-la-presencia-de-gabriel-katopodis-y-nicolas-kreplak\/","url":"https:\/\/noticiasmercedinas.com\/site\/2025\/08\/21\/inauguraron-el-nuevo-caps-de-avenida-2-con-la-presencia-de-gabriel-katopodis-y-nicolas-kreplak\/","name":"Inauguraron el nuevo CAPS de Avenida 2 con la presencia de Gabriel Katopodis y Nicol\u00e1s Kreplak","isPartOf":{"@id":"https:\/\/noticiasmercedinas.com\/site\/#website"},"primaryImageOfPage":{"@id":"https:\/\/noticiasmercedinas.com\/site\/2025\/08\/21\/inauguraron-el-nuevo-caps-de-avenida-2-con-la-presencia-de-gabriel-katopodis-y-nicolas-kreplak\/#primaryimage"},"image":{"@id":"https:\/\/noticiasmercedinas.com\/site\/2025\/08\/21\/inauguraron-el-nuevo-caps-de-avenida-2-con-la-presencia-de-gabriel-katopodis-y-nicolas-kreplak\/#primaryimage"},"thumbnailUrl":"https:\/\/noticiasmercedinas.com\/site\/wp-content\/uploads\/2025\/08\/Gy5nxRxXsAA0g02.jpg","datePublished":"2025-08-21T20:48:47+00:00","dateModified":"2025-08-22T11:38:31+00:00","description":"Katopodis destac\u00f3 la importancia de seguir inaugurando centros de salud en la Provincia y se\u00f1al\u00f3 que ya son 198 los CAPS finalizados por la gesti\u00f3n de Axel Kicillof. Kreplak, por su parte, subray\u00f3 el valor del trabajo conjunto entre Provincia y Municipio para garantizar derechos esenciales como la salud.","breadcrumb":{"@id":"https:\/\/noticiasmercedinas.com\/site\/2025\/08\/21\/inauguraron-el-nuevo-caps-de-avenida-2-con-la-presencia-de-gabriel-katopodis-y-nicolas-kreplak\/#breadcrumb"},"inLanguage":"es","potentialAction":[{"@type":"ReadAction","target":["https:\/\/noticiasmercedinas.com\/site\/2025\/08\/21\/inauguraron-el-nuevo-caps-de-avenida-2-con-la-presencia-de-gabriel-katopodis-y-nicolas-kreplak\/"]}]},{"@type":"ImageObject","inLanguage":"es","@id":"https:\/\/noticiasmercedinas.com\/site\/2025\/08\/21\/inauguraron-el-nuevo-caps-de-avenida-2-con-la-presencia-de-gabriel-katopodis-y-nicolas-kreplak\/#primaryimage","url":"https:\/\/noticiasmercedinas.com\/site\/wp-content\/uploads\/2025\/08\/Gy5nxRxXsAA0g02.jpg","contentUrl":"https:\/\/noticiasmercedinas.com\/site\/wp-content\/uploads\/2025\/08\/Gy5nxRxXsAA0g02.jpg","width":1497,"height":998},{"@type":"BreadcrumbList","@id":"https:\/\/noticiasmercedinas.com\/site\/2025\/08\/21\/inauguraron-el-nuevo-caps-de-avenida-2-con-la-presencia-de-gabriel-katopodis-y-nicolas-kreplak\/#breadcrumb","itemListElement":[{"@type":"ListItem","position":1,"name":"Portada","item":"https:\/\/noticiasmercedinas.com\/site\/"},{"@type":"ListItem","position":2,"name":"Inauguraron el nuevo CAPS de Avenida 2 con la presencia de Gabriel Katopodis y Nicol\u00e1s Kreplak"}]},{"@type":"WebSite","@id":"https:\/\/noticiasmercedinas.com\/site\/#website","url":"https:\/\/noticiasmercedinas.com\/site\/","name":"NOTICIASMERCEDINAS.COM","description":"Mercedes, Buenos Aires, Argentina","publisher":{"@id":"https:\/\/noticiasmercedinas.com\/site\/#organization"},"potentialAction":[{"@type":"SearchAction","target":{"@type":"EntryPoint","urlTemplate":"https:\/\/noticiasmercedinas.com\/site\/?s={search_term_string}"},"query-input":{"@type":"PropertyValueSpecification","valueRequired":true,"valueName":"search_term_string"}}],"inLanguage":"es"},{"@type":"Organization","@id":"https:\/\/noticiasmercedinas.com\/site\/#organization","name":"NOTICIASMERCEDINAS.COM","url":"https:\/\/noticiasmercedinas.com\/site\/","logo":{"@type":"ImageObject","inLanguage":"es","@id":"https:\/\/noticiasmercedinas.com\/site\/#\/schema\/logo\/image\/","url":"https:\/\/noticiasmercedinas.com\/site\/wp-content\/uploads\/2020\/06\/LOGO-512.jpg","contentUrl":"https:\/\/noticiasmercedinas.com\/site\/wp-content\/uploads\/2020\/06\/LOGO-512.jpg","width":512,"height":512,"caption":"NOTICIASMERCEDINAS.COM"},"image":{"@id":"https:\/\/noticiasmercedinas.com\/site\/#\/schema\/logo\/image\/"},"sameAs":["https:\/\/www.facebook.com\/noticiasmercedinas\/","https:\/\/x.com\/notmercedinas","https:\/\/www.instagram.com\/noticiasmercedinas\/"]},{"@type":"Person","@id":"https:\/\/noticiasmercedinas.com\/site\/#\/schema\/person\/84b59c099c28ff2e8b77d4ceec5d8063","name":"NOTICIASMERCEDINAS.COM","image":{"@type":"ImageObject","inLanguage":"es","@id":"https:\/\/secure.gravatar.com\/avatar\/4dfbf16b4d17945bfb6341b2d19043457132fcf478a5ee04f42e959fd8f5df0a?s=96&d=mm&r=g","url":"https:\/\/secure.gravatar.com\/avatar\/4dfbf16b4d17945bfb6341b2d19043457132fcf478a5ee04f42e959fd8f5df0a?s=96&d=mm&r=g","contentUrl":"https:\/\/secure.gravatar.com\/avatar\/4dfbf16b4d17945bfb6341b2d19043457132fcf478a5ee04f42e959fd8f5df0a?s=96&d=mm&r=g","caption":"NOTICIASMERCEDINAS.COM"},"url":"https:\/\/noticiasmercedinas.com\/site\/author\/anonimo\/"}]}},"amp_enabled":true,"_links":{"self":[{"href":"https:\/\/noticiasmercedinas.com\/site\/wp-json\/wp\/v2\/posts\/167404","targetHints":{"allow":["GET"]}}],"collection":[{"href":"https:\/\/noticiasmercedinas.com\/site\/wp-json\/wp\/v2\/posts"}],"about":[{"href":"https:\/\/noticiasmercedinas.com\/site\/wp-json\/wp\/v2\/types\/post"}],"author":[{"embeddable":true,"href":"https:\/\/noticiasmercedinas.com\/site\/wp-json\/wp\/v2\/users\/16"}],"replies":[{"embeddable":true,"href":"https:\/\/noticiasmercedinas.com\/site\/wp-json\/wp\/v2\/comments?post=167404"}],"version-history":[{"count":4,"href":"https:\/\/noticiasmercedinas.com\/site\/wp-json\/wp\/v2\/posts\/167404\/revisions"}],"predecessor-version":[{"id":167440,"href":"https:\/\/noticiasmercedinas.com\/site\/wp-json\/wp\/v2\/posts\/167404\/revisions\/167440"}],"wp:featuredmedia":[{"embeddable":true,"href":"https:\/\/noticiasmercedinas.com\/site\/wp-json\/wp\/v2\/media\/167408"}],"wp:attachment":[{"href":"https:\/\/noticiasmercedinas.com\/site\/wp-json\/wp\/v2\/media?parent=167404"}],"wp:term":[{"taxonomy":"category","embeddable":true,"href":"https:\/\/noticiasmercedinas.com\/site\/wp-json\/wp\/v2\/categories?post=167404"},{"taxonomy":"post_tag","embeddable":true,"href":"https:\/\/noticiasmercedinas.com\/site\/wp-json\/wp\/v2\/tags?post=167404"}],"curies":[{"name":"wp","href":"https:\/\/api.w.org\/{rel}","templated":true}]}}