{"id":167453,"date":"2025-08-22T11:10:29","date_gmt":"2025-08-22T14:10:29","guid":{"rendered":"https:\/\/noticiasmercedinas.com\/site\/?p=167453"},"modified":"2025-08-22T11:10:29","modified_gmt":"2025-08-22T14:10:29","slug":"bernardo-zubeldia-presento-en-la-plata-una-carta-al-ministro-kreplak-por-la-critica-situacion-del-hospital-dubarry","status":"publish","type":"post","link":"https:\/\/noticiasmercedinas.com\/site\/2025\/08\/22\/bernardo-zubeldia-presento-en-la-plata-una-carta-al-ministro-kreplak-por-la-critica-situacion-del-hospital-dubarry\/","title":{"rendered":"Bernardo Zubeld\u00eda present\u00f3 en La Plata una carta al ministro Kreplak por la cr\u00edtica situaci\u00f3n del Hospital Dubarry"},"content":{"rendered":"<p><img loading=\"lazy\" decoding=\"async\" class=\"alignnone size-full wp-image-167454\" src=\"https:\/\/noticiasmercedinas.com\/site\/wp-content\/uploads\/2025\/08\/9e3e376c-8977-4cd9-92b5-15558c42c146.jpg\" alt=\"\" width=\"640\" height=\"366\" srcset=\"https:\/\/noticiasmercedinas.com\/site\/wp-content\/uploads\/2025\/08\/9e3e376c-8977-4cd9-92b5-15558c42c146.jpg 640w, https:\/\/noticiasmercedinas.com\/site\/wp-content\/uploads\/2025\/08\/9e3e376c-8977-4cd9-92b5-15558c42c146-300x172.jpg 300w\" sizes=\"auto, (max-width: 640px) 100vw, 640px\" \/><\/p>\n<p>El candidato a concejal por Vecinos por Mercedes y m\u00e9dico veterinario, Bernardo Zubeld\u00eda, viaj\u00f3 este jueves a la ciudad de La Plata para entregar personalmente en el Ministerio de Salud bonaerense una carta dirigida al ministro Nicol\u00e1s Kreplak, en la que expone la grave situaci\u00f3n que atraviesa el Hospital Zonal General de Agudos \u00abBlas L. Dubarry\u00bb de Mercedes.<\/p>\n<p>La presentaci\u00f3n de Zubeld\u00eda, realizada como vecino de la ciudad y no en representaci\u00f3n partidaria, coincidi\u00f3 con la reciente visita del propio Kreplak a Mercedes, ocurrida un d\u00eda antes, <a href=\"https:\/\/noticiasmercedinas.com\/site\/2025\/08\/21\/inauguraron-el-nuevo-caps-de-avenida-2-con-la-presencia-de-gabriel-katopodis-y-nicolas-kreplak\/\">en el marco de la inauguraci\u00f3n de un nuevo CAPS<\/a>.<\/p>\n<blockquote><p>Solicit\u00f3 que el Ministerio \u201ctome cartas urgentes en el asunto para garantizar que la salud p\u00fablica en Mercedes est\u00e9 a la altura de lo que todos merecemos\u201d, reclamando adem\u00e1s justicia, dignidad y respeto por el trabajo de los profesionales de la salud<\/p><\/blockquote>\n<p>En la misiva, el dirigente expres\u00f3 su \u201cenorme preocupaci\u00f3n por el deterioro de la salud p\u00fablica en el hospital\u201d, se\u00f1alando falta de insumos, servicios colapsados, infraestructura deteriorada y condiciones cada vez peores de atenci\u00f3n. Tambi\u00e9n advirti\u00f3 sobre la situaci\u00f3n del SAME, con ambulancias fuera de servicio o en mal estado, y la precarizaci\u00f3n laboral del personal de salud, lo que \u201cimpacta directamente en la calidad del sistema\u201d.<\/p>\n<p>\u201cVenimos a La Plata, al Ministerio de Salud, a dejarle una carta a nuestro ministro Nicol\u00e1s Kreplak por la situaci\u00f3n actual que padece nuestro hospital de Mercedes. El hospital es provincial, pero quienes realmente quieren representar a los mercedinos se tienen que tomar este trabajo de venir y contar lo que estamos padeciendo. Ese es el compromiso que tenemos desde Vecinos por Mercedes\u201d, sostuvo Zubeld\u00eda tras la presentaci\u00f3n.<\/p>\n<p>Tras dejar el texto a la secretaria de Kreplak, el candidato solicit\u00f3 que el Ministerio \u201ctome cartas urgentes en el asunto para garantizar que la salud p\u00fablica en Mercedes est\u00e9 a la altura de lo que todos merecemos\u201d, reclamando adem\u00e1s justicia, dignidad y respeto por el trabajo de los profesionales de la salud.<\/p>\n","protected":false},"excerpt":{"rendered":"<p>\u25a0 Expres\u00f3 su \u201cenorme preocupaci\u00f3n por el deterioro de la salud p\u00fablica en el hospital\u201d, se\u00f1alando falta de insumos, servicios colapsados, infraestructura deteriorada y condiciones cada vez peores de atenci\u00f3n. Tambi\u00e9n advirti\u00f3 sobre la situaci\u00f3n del SAME y la precarizaci\u00f3n laboral del personal de salud<\/p>\n","protected":false},"author":16,"featured_media":167454,"comment_status":"closed","ping_status":"closed","sticky":false,"template":"","format":"standard","meta":{"footnotes":""},"categories":[16,20734],"tags":[20758,19953,255,71,2261,18672],"class_list":["post-167453","post","type-post","status-publish","format-standard","has-post-thumbnail","hentry","category-politica","category-ultimo-momento","tag-bernardo-zubelda","tag-elecciones-2025","tag-hospital-dubarry","tag-salud","tag-same","tag-vecinos-por-mercedes"],"yoast_head":"<!-- This site is optimized with the Yoast SEO plugin v27.5 - https:\/\/yoast.com\/product\/yoast-seo-wordpress\/ -->\n<title>Bernardo Zubeld\u00eda present\u00f3 en La Plata una carta al ministro Kreplak por la cr\u00edtica situaci\u00f3n del Hospital Dubarry<\/title>\n<meta name=\"description\" content=\"El dirigente expres\u00f3 su \u201cenorme preocupaci\u00f3n por el deterioro de la salud p\u00fablica en el hospital\u201d, se\u00f1alando falta de insumos, servicios colapsados, infraestructura deteriorada y condiciones cada vez peores de atenci\u00f3n. Tambi\u00e9n advirti\u00f3 sobre la situaci\u00f3n del SAME y la precarizaci\u00f3n laboral del personal de salud\" \/>\n<meta name=\"robots\" content=\"index, follow, max-snippet:-1, max-image-preview:large, max-video-preview:-1\" \/>\n<link rel=\"canonical\" href=\"https:\/\/noticiasmercedinas.com\/site\/2025\/08\/22\/bernardo-zubeldia-presento-en-la-plata-una-carta-al-ministro-kreplak-por-la-critica-situacion-del-hospital-dubarry\/\" \/>\n<meta property=\"og:locale\" content=\"es_ES\" \/>\n<meta property=\"og:type\" content=\"article\" \/>\n<meta property=\"og:title\" content=\"Bernardo Zubeld\u00eda present\u00f3 en La Plata una carta al ministro Kreplak por la cr\u00edtica situaci\u00f3n del Hospital Dubarry\" \/>\n<meta property=\"og:description\" content=\"El dirigente expres\u00f3 su \u201cenorme preocupaci\u00f3n por el deterioro de la salud p\u00fablica en el hospital\u201d, se\u00f1alando falta de insumos, servicios colapsados, infraestructura deteriorada y condiciones cada vez peores de atenci\u00f3n. Tambi\u00e9n advirti\u00f3 sobre la situaci\u00f3n del SAME y la precarizaci\u00f3n laboral del personal de salud\" \/>\n<meta property=\"og:url\" content=\"https:\/\/noticiasmercedinas.com\/site\/2025\/08\/22\/bernardo-zubeldia-presento-en-la-plata-una-carta-al-ministro-kreplak-por-la-critica-situacion-del-hospital-dubarry\/\" \/>\n<meta property=\"og:site_name\" content=\"NOTICIASMERCEDINAS.COM\" \/>\n<meta property=\"article:publisher\" content=\"https:\/\/www.facebook.com\/noticiasmercedinas\/\" \/>\n<meta property=\"article:published_time\" content=\"2025-08-22T14:10:29+00:00\" \/>\n<meta property=\"og:image\" content=\"https:\/\/noticiasmercedinas.com\/site\/wp-content\/uploads\/2025\/08\/9e3e376c-8977-4cd9-92b5-15558c42c146.jpg\" \/>\n\t<meta property=\"og:image:width\" content=\"640\" \/>\n\t<meta property=\"og:image:height\" content=\"366\" \/>\n\t<meta property=\"og:image:type\" content=\"image\/jpeg\" \/>\n<meta name=\"author\" content=\"NOTICIASMERCEDINAS.COM\" \/>\n<meta name=\"twitter:card\" content=\"summary_large_image\" \/>\n<meta name=\"twitter:creator\" content=\"@notmercedinas\" \/>\n<meta name=\"twitter:site\" content=\"@notmercedinas\" \/>\n<meta name=\"twitter:label1\" content=\"Escrito por\" \/>\n\t<meta name=\"twitter:data1\" content=\"NOTICIASMERCEDINAS.COM\" \/>\n\t<meta name=\"twitter:label2\" content=\"Tiempo de lectura\" \/>\n\t<meta name=\"twitter:data2\" content=\"2 minutos\" \/>\n<script type=\"application\/ld+json\" class=\"yoast-schema-graph\">{\"@context\":\"https:\\\/\\\/schema.org\",\"@graph\":[{\"@type\":\"Article\",\"@id\":\"https:\\\/\\\/noticiasmercedinas.com\\\/site\\\/2025\\\/08\\\/22\\\/bernardo-zubeldia-presento-en-la-plata-una-carta-al-ministro-kreplak-por-la-critica-situacion-del-hospital-dubarry\\\/#article\",\"isPartOf\":{\"@id\":\"https:\\\/\\\/noticiasmercedinas.com\\\/site\\\/2025\\\/08\\\/22\\\/bernardo-zubeldia-presento-en-la-plata-una-carta-al-ministro-kreplak-por-la-critica-situacion-del-hospital-dubarry\\\/\"},\"author\":{\"name\":\"NOTICIASMERCEDINAS.COM\",\"@id\":\"https:\\\/\\\/noticiasmercedinas.com\\\/site\\\/#\\\/schema\\\/person\\\/84b59c099c28ff2e8b77d4ceec5d8063\"},\"headline\":\"Bernardo Zubeld\u00eda present\u00f3 en La Plata una carta al ministro Kreplak por la cr\u00edtica situaci\u00f3n del Hospital Dubarry\",\"datePublished\":\"2025-08-22T14:10:29+00:00\",\"mainEntityOfPage\":{\"@id\":\"https:\\\/\\\/noticiasmercedinas.com\\\/site\\\/2025\\\/08\\\/22\\\/bernardo-zubeldia-presento-en-la-plata-una-carta-al-ministro-kreplak-por-la-critica-situacion-del-hospital-dubarry\\\/\"},\"wordCount\":372,\"publisher\":{\"@id\":\"https:\\\/\\\/noticiasmercedinas.com\\\/site\\\/#organization\"},\"image\":{\"@id\":\"https:\\\/\\\/noticiasmercedinas.com\\\/site\\\/2025\\\/08\\\/22\\\/bernardo-zubeldia-presento-en-la-plata-una-carta-al-ministro-kreplak-por-la-critica-situacion-del-hospital-dubarry\\\/#primaryimage\"},\"thumbnailUrl\":\"https:\\\/\\\/noticiasmercedinas.com\\\/site\\\/wp-content\\\/uploads\\\/2025\\\/08\\\/9e3e376c-8977-4cd9-92b5-15558c42c146.jpg\",\"keywords\":[\"bernardo zubelda\",\"elecciones 2025\",\"hospital dubarry\",\"salud\",\"same\",\"vecinos por mercedes\"],\"articleSection\":[\"Politica\",\"Ultimo momento\"],\"inLanguage\":\"es\"},{\"@type\":\"WebPage\",\"@id\":\"https:\\\/\\\/noticiasmercedinas.com\\\/site\\\/2025\\\/08\\\/22\\\/bernardo-zubeldia-presento-en-la-plata-una-carta-al-ministro-kreplak-por-la-critica-situacion-del-hospital-dubarry\\\/\",\"url\":\"https:\\\/\\\/noticiasmercedinas.com\\\/site\\\/2025\\\/08\\\/22\\\/bernardo-zubeldia-presento-en-la-plata-una-carta-al-ministro-kreplak-por-la-critica-situacion-del-hospital-dubarry\\\/\",\"name\":\"Bernardo Zubeld\u00eda present\u00f3 en La Plata una carta al ministro Kreplak por la cr\u00edtica situaci\u00f3n del Hospital Dubarry\",\"isPartOf\":{\"@id\":\"https:\\\/\\\/noticiasmercedinas.com\\\/site\\\/#website\"},\"primaryImageOfPage\":{\"@id\":\"https:\\\/\\\/noticiasmercedinas.com\\\/site\\\/2025\\\/08\\\/22\\\/bernardo-zubeldia-presento-en-la-plata-una-carta-al-ministro-kreplak-por-la-critica-situacion-del-hospital-dubarry\\\/#primaryimage\"},\"image\":{\"@id\":\"https:\\\/\\\/noticiasmercedinas.com\\\/site\\\/2025\\\/08\\\/22\\\/bernardo-zubeldia-presento-en-la-plata-una-carta-al-ministro-kreplak-por-la-critica-situacion-del-hospital-dubarry\\\/#primaryimage\"},\"thumbnailUrl\":\"https:\\\/\\\/noticiasmercedinas.com\\\/site\\\/wp-content\\\/uploads\\\/2025\\\/08\\\/9e3e376c-8977-4cd9-92b5-15558c42c146.jpg\",\"datePublished\":\"2025-08-22T14:10:29+00:00\",\"description\":\"El dirigente expres\u00f3 su \u201cenorme preocupaci\u00f3n por el deterioro de la salud p\u00fablica en el hospital\u201d, se\u00f1alando falta de insumos, servicios colapsados, infraestructura deteriorada y condiciones cada vez peores de atenci\u00f3n. Tambi\u00e9n advirti\u00f3 sobre la situaci\u00f3n del SAME y la precarizaci\u00f3n laboral del personal de salud\",\"breadcrumb\":{\"@id\":\"https:\\\/\\\/noticiasmercedinas.com\\\/site\\\/2025\\\/08\\\/22\\\/bernardo-zubeldia-presento-en-la-plata-una-carta-al-ministro-kreplak-por-la-critica-situacion-del-hospital-dubarry\\\/#breadcrumb\"},\"inLanguage\":\"es\",\"potentialAction\":[{\"@type\":\"ReadAction\",\"target\":[\"https:\\\/\\\/noticiasmercedinas.com\\\/site\\\/2025\\\/08\\\/22\\\/bernardo-zubeldia-presento-en-la-plata-una-carta-al-ministro-kreplak-por-la-critica-situacion-del-hospital-dubarry\\\/\"]}]},{\"@type\":\"ImageObject\",\"inLanguage\":\"es\",\"@id\":\"https:\\\/\\\/noticiasmercedinas.com\\\/site\\\/2025\\\/08\\\/22\\\/bernardo-zubeldia-presento-en-la-plata-una-carta-al-ministro-kreplak-por-la-critica-situacion-del-hospital-dubarry\\\/#primaryimage\",\"url\":\"https:\\\/\\\/noticiasmercedinas.com\\\/site\\\/wp-content\\\/uploads\\\/2025\\\/08\\\/9e3e376c-8977-4cd9-92b5-15558c42c146.jpg\",\"contentUrl\":\"https:\\\/\\\/noticiasmercedinas.com\\\/site\\\/wp-content\\\/uploads\\\/2025\\\/08\\\/9e3e376c-8977-4cd9-92b5-15558c42c146.jpg\",\"width\":640,\"height\":366},{\"@type\":\"BreadcrumbList\",\"@id\":\"https:\\\/\\\/noticiasmercedinas.com\\\/site\\\/2025\\\/08\\\/22\\\/bernardo-zubeldia-presento-en-la-plata-una-carta-al-ministro-kreplak-por-la-critica-situacion-del-hospital-dubarry\\\/#breadcrumb\",\"itemListElement\":[{\"@type\":\"ListItem\",\"position\":1,\"name\":\"Portada\",\"item\":\"https:\\\/\\\/noticiasmercedinas.com\\\/site\\\/\"},{\"@type\":\"ListItem\",\"position\":2,\"name\":\"Bernardo Zubeld\u00eda present\u00f3 en La Plata una carta al ministro Kreplak por la cr\u00edtica situaci\u00f3n del Hospital Dubarry\"}]},{\"@type\":\"WebSite\",\"@id\":\"https:\\\/\\\/noticiasmercedinas.com\\\/site\\\/#website\",\"url\":\"https:\\\/\\\/noticiasmercedinas.com\\\/site\\\/\",\"name\":\"NOTICIASMERCEDINAS.COM\",\"description\":\"Mercedes, Buenos Aires, Argentina\",\"publisher\":{\"@id\":\"https:\\\/\\\/noticiasmercedinas.com\\\/site\\\/#organization\"},\"potentialAction\":[{\"@type\":\"SearchAction\",\"target\":{\"@type\":\"EntryPoint\",\"urlTemplate\":\"https:\\\/\\\/noticiasmercedinas.com\\\/site\\\/?s={search_term_string}\"},\"query-input\":{\"@type\":\"PropertyValueSpecification\",\"valueRequired\":true,\"valueName\":\"search_term_string\"}}],\"inLanguage\":\"es\"},{\"@type\":\"Organization\",\"@id\":\"https:\\\/\\\/noticiasmercedinas.com\\\/site\\\/#organization\",\"name\":\"NOTICIASMERCEDINAS.COM\",\"url\":\"https:\\\/\\\/noticiasmercedinas.com\\\/site\\\/\",\"logo\":{\"@type\":\"ImageObject\",\"inLanguage\":\"es\",\"@id\":\"https:\\\/\\\/noticiasmercedinas.com\\\/site\\\/#\\\/schema\\\/logo\\\/image\\\/\",\"url\":\"https:\\\/\\\/noticiasmercedinas.com\\\/site\\\/wp-content\\\/uploads\\\/2020\\\/06\\\/LOGO-512.jpg\",\"contentUrl\":\"https:\\\/\\\/noticiasmercedinas.com\\\/site\\\/wp-content\\\/uploads\\\/2020\\\/06\\\/LOGO-512.jpg\",\"width\":512,\"height\":512,\"caption\":\"NOTICIASMERCEDINAS.COM\"},\"image\":{\"@id\":\"https:\\\/\\\/noticiasmercedinas.com\\\/site\\\/#\\\/schema\\\/logo\\\/image\\\/\"},\"sameAs\":[\"https:\\\/\\\/www.facebook.com\\\/noticiasmercedinas\\\/\",\"https:\\\/\\\/x.com\\\/notmercedinas\",\"https:\\\/\\\/www.instagram.com\\\/noticiasmercedinas\\\/\"]},{\"@type\":\"Person\",\"@id\":\"https:\\\/\\\/noticiasmercedinas.com\\\/site\\\/#\\\/schema\\\/person\\\/84b59c099c28ff2e8b77d4ceec5d8063\",\"name\":\"NOTICIASMERCEDINAS.COM\",\"image\":{\"@type\":\"ImageObject\",\"inLanguage\":\"es\",\"@id\":\"https:\\\/\\\/secure.gravatar.com\\\/avatar\\\/4dfbf16b4d17945bfb6341b2d19043457132fcf478a5ee04f42e959fd8f5df0a?s=96&d=mm&r=g\",\"url\":\"https:\\\/\\\/secure.gravatar.com\\\/avatar\\\/4dfbf16b4d17945bfb6341b2d19043457132fcf478a5ee04f42e959fd8f5df0a?s=96&d=mm&r=g\",\"contentUrl\":\"https:\\\/\\\/secure.gravatar.com\\\/avatar\\\/4dfbf16b4d17945bfb6341b2d19043457132fcf478a5ee04f42e959fd8f5df0a?s=96&d=mm&r=g\",\"caption\":\"NOTICIASMERCEDINAS.COM\"},\"url\":\"https:\\\/\\\/noticiasmercedinas.com\\\/site\\\/author\\\/anonimo\\\/\"}]}<\/script>\n<!-- \/ Yoast SEO plugin. -->","yoast_head_json":{"title":"Bernardo Zubeld\u00eda present\u00f3 en La Plata una carta al ministro Kreplak por la cr\u00edtica situaci\u00f3n del Hospital Dubarry","description":"El dirigente expres\u00f3 su \u201cenorme preocupaci\u00f3n por el deterioro de la salud p\u00fablica en el hospital\u201d, se\u00f1alando falta de insumos, servicios colapsados, infraestructura deteriorada y condiciones cada vez peores de atenci\u00f3n. Tambi\u00e9n advirti\u00f3 sobre la situaci\u00f3n del SAME y la precarizaci\u00f3n laboral del personal de salud","robots":{"index":"index","follow":"follow","max-snippet":"max-snippet:-1","max-image-preview":"max-image-preview:large","max-video-preview":"max-video-preview:-1"},"canonical":"https:\/\/noticiasmercedinas.com\/site\/2025\/08\/22\/bernardo-zubeldia-presento-en-la-plata-una-carta-al-ministro-kreplak-por-la-critica-situacion-del-hospital-dubarry\/","og_locale":"es_ES","og_type":"article","og_title":"Bernardo Zubeld\u00eda present\u00f3 en La Plata una carta al ministro Kreplak por la cr\u00edtica situaci\u00f3n del Hospital Dubarry","og_description":"El dirigente expres\u00f3 su \u201cenorme preocupaci\u00f3n por el deterioro de la salud p\u00fablica en el hospital\u201d, se\u00f1alando falta de insumos, servicios colapsados, infraestructura deteriorada y condiciones cada vez peores de atenci\u00f3n. Tambi\u00e9n advirti\u00f3 sobre la situaci\u00f3n del SAME y la precarizaci\u00f3n laboral del personal de salud","og_url":"https:\/\/noticiasmercedinas.com\/site\/2025\/08\/22\/bernardo-zubeldia-presento-en-la-plata-una-carta-al-ministro-kreplak-por-la-critica-situacion-del-hospital-dubarry\/","og_site_name":"NOTICIASMERCEDINAS.COM","article_publisher":"https:\/\/www.facebook.com\/noticiasmercedinas\/","article_published_time":"2025-08-22T14:10:29+00:00","og_image":[{"width":640,"height":366,"url":"https:\/\/noticiasmercedinas.com\/site\/wp-content\/uploads\/2025\/08\/9e3e376c-8977-4cd9-92b5-15558c42c146.jpg","type":"image\/jpeg"}],"author":"NOTICIASMERCEDINAS.COM","twitter_card":"summary_large_image","twitter_creator":"@notmercedinas","twitter_site":"@notmercedinas","twitter_misc":{"Escrito por":"NOTICIASMERCEDINAS.COM","Tiempo de lectura":"2 minutos"},"schema":{"@context":"https:\/\/schema.org","@graph":[{"@type":"Article","@id":"https:\/\/noticiasmercedinas.com\/site\/2025\/08\/22\/bernardo-zubeldia-presento-en-la-plata-una-carta-al-ministro-kreplak-por-la-critica-situacion-del-hospital-dubarry\/#article","isPartOf":{"@id":"https:\/\/noticiasmercedinas.com\/site\/2025\/08\/22\/bernardo-zubeldia-presento-en-la-plata-una-carta-al-ministro-kreplak-por-la-critica-situacion-del-hospital-dubarry\/"},"author":{"name":"NOTICIASMERCEDINAS.COM","@id":"https:\/\/noticiasmercedinas.com\/site\/#\/schema\/person\/84b59c099c28ff2e8b77d4ceec5d8063"},"headline":"Bernardo Zubeld\u00eda present\u00f3 en La Plata una carta al ministro Kreplak por la cr\u00edtica situaci\u00f3n del Hospital Dubarry","datePublished":"2025-08-22T14:10:29+00:00","mainEntityOfPage":{"@id":"https:\/\/noticiasmercedinas.com\/site\/2025\/08\/22\/bernardo-zubeldia-presento-en-la-plata-una-carta-al-ministro-kreplak-por-la-critica-situacion-del-hospital-dubarry\/"},"wordCount":372,"publisher":{"@id":"https:\/\/noticiasmercedinas.com\/site\/#organization"},"image":{"@id":"https:\/\/noticiasmercedinas.com\/site\/2025\/08\/22\/bernardo-zubeldia-presento-en-la-plata-una-carta-al-ministro-kreplak-por-la-critica-situacion-del-hospital-dubarry\/#primaryimage"},"thumbnailUrl":"https:\/\/noticiasmercedinas.com\/site\/wp-content\/uploads\/2025\/08\/9e3e376c-8977-4cd9-92b5-15558c42c146.jpg","keywords":["bernardo zubelda","elecciones 2025","hospital dubarry","salud","same","vecinos por mercedes"],"articleSection":["Politica","Ultimo momento"],"inLanguage":"es"},{"@type":"WebPage","@id":"https:\/\/noticiasmercedinas.com\/site\/2025\/08\/22\/bernardo-zubeldia-presento-en-la-plata-una-carta-al-ministro-kreplak-por-la-critica-situacion-del-hospital-dubarry\/","url":"https:\/\/noticiasmercedinas.com\/site\/2025\/08\/22\/bernardo-zubeldia-presento-en-la-plata-una-carta-al-ministro-kreplak-por-la-critica-situacion-del-hospital-dubarry\/","name":"Bernardo Zubeld\u00eda present\u00f3 en La Plata una carta al ministro Kreplak por la cr\u00edtica situaci\u00f3n del Hospital Dubarry","isPartOf":{"@id":"https:\/\/noticiasmercedinas.com\/site\/#website"},"primaryImageOfPage":{"@id":"https:\/\/noticiasmercedinas.com\/site\/2025\/08\/22\/bernardo-zubeldia-presento-en-la-plata-una-carta-al-ministro-kreplak-por-la-critica-situacion-del-hospital-dubarry\/#primaryimage"},"image":{"@id":"https:\/\/noticiasmercedinas.com\/site\/2025\/08\/22\/bernardo-zubeldia-presento-en-la-plata-una-carta-al-ministro-kreplak-por-la-critica-situacion-del-hospital-dubarry\/#primaryimage"},"thumbnailUrl":"https:\/\/noticiasmercedinas.com\/site\/wp-content\/uploads\/2025\/08\/9e3e376c-8977-4cd9-92b5-15558c42c146.jpg","datePublished":"2025-08-22T14:10:29+00:00","description":"El dirigente expres\u00f3 su \u201cenorme preocupaci\u00f3n por el deterioro de la salud p\u00fablica en el hospital\u201d, se\u00f1alando falta de insumos, servicios colapsados, infraestructura deteriorada y condiciones cada vez peores de atenci\u00f3n. Tambi\u00e9n advirti\u00f3 sobre la situaci\u00f3n del SAME y la precarizaci\u00f3n laboral del personal de salud","breadcrumb":{"@id":"https:\/\/noticiasmercedinas.com\/site\/2025\/08\/22\/bernardo-zubeldia-presento-en-la-plata-una-carta-al-ministro-kreplak-por-la-critica-situacion-del-hospital-dubarry\/#breadcrumb"},"inLanguage":"es","potentialAction":[{"@type":"ReadAction","target":["https:\/\/noticiasmercedinas.com\/site\/2025\/08\/22\/bernardo-zubeldia-presento-en-la-plata-una-carta-al-ministro-kreplak-por-la-critica-situacion-del-hospital-dubarry\/"]}]},{"@type":"ImageObject","inLanguage":"es","@id":"https:\/\/noticiasmercedinas.com\/site\/2025\/08\/22\/bernardo-zubeldia-presento-en-la-plata-una-carta-al-ministro-kreplak-por-la-critica-situacion-del-hospital-dubarry\/#primaryimage","url":"https:\/\/noticiasmercedinas.com\/site\/wp-content\/uploads\/2025\/08\/9e3e376c-8977-4cd9-92b5-15558c42c146.jpg","contentUrl":"https:\/\/noticiasmercedinas.com\/site\/wp-content\/uploads\/2025\/08\/9e3e376c-8977-4cd9-92b5-15558c42c146.jpg","width":640,"height":366},{"@type":"BreadcrumbList","@id":"https:\/\/noticiasmercedinas.com\/site\/2025\/08\/22\/bernardo-zubeldia-presento-en-la-plata-una-carta-al-ministro-kreplak-por-la-critica-situacion-del-hospital-dubarry\/#breadcrumb","itemListElement":[{"@type":"ListItem","position":1,"name":"Portada","item":"https:\/\/noticiasmercedinas.com\/site\/"},{"@type":"ListItem","position":2,"name":"Bernardo Zubeld\u00eda present\u00f3 en La Plata una carta al ministro Kreplak por la cr\u00edtica situaci\u00f3n del Hospital Dubarry"}]},{"@type":"WebSite","@id":"https:\/\/noticiasmercedinas.com\/site\/#website","url":"https:\/\/noticiasmercedinas.com\/site\/","name":"NOTICIASMERCEDINAS.COM","description":"Mercedes, Buenos Aires, Argentina","publisher":{"@id":"https:\/\/noticiasmercedinas.com\/site\/#organization"},"potentialAction":[{"@type":"SearchAction","target":{"@type":"EntryPoint","urlTemplate":"https:\/\/noticiasmercedinas.com\/site\/?s={search_term_string}"},"query-input":{"@type":"PropertyValueSpecification","valueRequired":true,"valueName":"search_term_string"}}],"inLanguage":"es"},{"@type":"Organization","@id":"https:\/\/noticiasmercedinas.com\/site\/#organization","name":"NOTICIASMERCEDINAS.COM","url":"https:\/\/noticiasmercedinas.com\/site\/","logo":{"@type":"ImageObject","inLanguage":"es","@id":"https:\/\/noticiasmercedinas.com\/site\/#\/schema\/logo\/image\/","url":"https:\/\/noticiasmercedinas.com\/site\/wp-content\/uploads\/2020\/06\/LOGO-512.jpg","contentUrl":"https:\/\/noticiasmercedinas.com\/site\/wp-content\/uploads\/2020\/06\/LOGO-512.jpg","width":512,"height":512,"caption":"NOTICIASMERCEDINAS.COM"},"image":{"@id":"https:\/\/noticiasmercedinas.com\/site\/#\/schema\/logo\/image\/"},"sameAs":["https:\/\/www.facebook.com\/noticiasmercedinas\/","https:\/\/x.com\/notmercedinas","https:\/\/www.instagram.com\/noticiasmercedinas\/"]},{"@type":"Person","@id":"https:\/\/noticiasmercedinas.com\/site\/#\/schema\/person\/84b59c099c28ff2e8b77d4ceec5d8063","name":"NOTICIASMERCEDINAS.COM","image":{"@type":"ImageObject","inLanguage":"es","@id":"https:\/\/secure.gravatar.com\/avatar\/4dfbf16b4d17945bfb6341b2d19043457132fcf478a5ee04f42e959fd8f5df0a?s=96&d=mm&r=g","url":"https:\/\/secure.gravatar.com\/avatar\/4dfbf16b4d17945bfb6341b2d19043457132fcf478a5ee04f42e959fd8f5df0a?s=96&d=mm&r=g","contentUrl":"https:\/\/secure.gravatar.com\/avatar\/4dfbf16b4d17945bfb6341b2d19043457132fcf478a5ee04f42e959fd8f5df0a?s=96&d=mm&r=g","caption":"NOTICIASMERCEDINAS.COM"},"url":"https:\/\/noticiasmercedinas.com\/site\/author\/anonimo\/"}]}},"amp_enabled":true,"_links":{"self":[{"href":"https:\/\/noticiasmercedinas.com\/site\/wp-json\/wp\/v2\/posts\/167453","targetHints":{"allow":["GET"]}}],"collection":[{"href":"https:\/\/noticiasmercedinas.com\/site\/wp-json\/wp\/v2\/posts"}],"about":[{"href":"https:\/\/noticiasmercedinas.com\/site\/wp-json\/wp\/v2\/types\/post"}],"author":[{"embeddable":true,"href":"https:\/\/noticiasmercedinas.com\/site\/wp-json\/wp\/v2\/users\/16"}],"replies":[{"embeddable":true,"href":"https:\/\/noticiasmercedinas.com\/site\/wp-json\/wp\/v2\/comments?post=167453"}],"version-history":[{"count":1,"href":"https:\/\/noticiasmercedinas.com\/site\/wp-json\/wp\/v2\/posts\/167453\/revisions"}],"predecessor-version":[{"id":167455,"href":"https:\/\/noticiasmercedinas.com\/site\/wp-json\/wp\/v2\/posts\/167453\/revisions\/167455"}],"wp:featuredmedia":[{"embeddable":true,"href":"https:\/\/noticiasmercedinas.com\/site\/wp-json\/wp\/v2\/media\/167454"}],"wp:attachment":[{"href":"https:\/\/noticiasmercedinas.com\/site\/wp-json\/wp\/v2\/media?parent=167453"}],"wp:term":[{"taxonomy":"category","embeddable":true,"href":"https:\/\/noticiasmercedinas.com\/site\/wp-json\/wp\/v2\/categories?post=167453"},{"taxonomy":"post_tag","embeddable":true,"href":"https:\/\/noticiasmercedinas.com\/site\/wp-json\/wp\/v2\/tags?post=167453"}],"curies":[{"name":"wp","href":"https:\/\/api.w.org\/{rel}","templated":true}]}}