{"id":167468,"date":"2025-08-22T15:25:26","date_gmt":"2025-08-22T18:25:26","guid":{"rendered":"https:\/\/noticiasmercedinas.com\/site\/?p=167468"},"modified":"2025-08-22T15:25:26","modified_gmt":"2025-08-22T18:25:26","slug":"fue-reinaugurado-el-camion-de-atencion-odontologica-en-el-cic-del-barrio-san-martin","status":"publish","type":"post","link":"https:\/\/noticiasmercedinas.com\/site\/2025\/08\/22\/fue-reinaugurado-el-camion-de-atencion-odontologica-en-el-cic-del-barrio-san-martin\/","title":{"rendered":"Fue reinaugurado el Cami\u00f3n de Atenci\u00f3n Odontol\u00f3gica en el CIC del barrio San Mart\u00edn"},"content":{"rendered":"<p><img loading=\"lazy\" decoding=\"async\" class=\"alignnone size-full wp-image-167469\" src=\"https:\/\/noticiasmercedinas.com\/site\/wp-content\/uploads\/2025\/08\/Camion-Odontologico-I-scaled.jpg\" alt=\"\" width=\"2560\" height=\"1707\" srcset=\"https:\/\/noticiasmercedinas.com\/site\/wp-content\/uploads\/2025\/08\/Camion-Odontologico-I-scaled.jpg 2560w, https:\/\/noticiasmercedinas.com\/site\/wp-content\/uploads\/2025\/08\/Camion-Odontologico-I-300x200.jpg 300w, https:\/\/noticiasmercedinas.com\/site\/wp-content\/uploads\/2025\/08\/Camion-Odontologico-I-1024x683.jpg 1024w, https:\/\/noticiasmercedinas.com\/site\/wp-content\/uploads\/2025\/08\/Camion-Odontologico-I-768x512.jpg 768w, https:\/\/noticiasmercedinas.com\/site\/wp-content\/uploads\/2025\/08\/Camion-Odontologico-I-1536x1024.jpg 1536w, https:\/\/noticiasmercedinas.com\/site\/wp-content\/uploads\/2025\/08\/Camion-Odontologico-I-2048x1365.jpg 2048w, https:\/\/noticiasmercedinas.com\/site\/wp-content\/uploads\/2025\/08\/Camion-Odontologico-I-640x427.jpg 640w, https:\/\/noticiasmercedinas.com\/site\/wp-content\/uploads\/2025\/08\/Camion-Odontologico-I-1280x853.jpg 1280w, https:\/\/noticiasmercedinas.com\/site\/wp-content\/uploads\/2025\/08\/Camion-Odontologico-I-681x454.jpg 681w, https:\/\/noticiasmercedinas.com\/site\/wp-content\/uploads\/2025\/08\/Camion-Odontologico-I-1362x908.jpg 1362w\" sizes=\"auto, (max-width: 2560px) 100vw, 2560px\" \/><\/p>\n<p>El Municipio de Mercedes reinaugur\u00f3 este jueves el <strong>Cami\u00f3n de Atenci\u00f3n Odontol\u00f3gica<\/strong> en el Centro Integrador Comunitario (CIC) del barrio San Mart\u00edn, un dispositivo que originalmente hab\u00eda formado parte del programa nacional \u00abArgentina Sonr\u00ede\u00bb, hoy discontinuado, y que desde ahora tendr\u00e1 continuidad a nivel local como parte de las pol\u00edticas de salud integral impulsadas por el intendente <strong>Juan Ignacio Ustarroz<\/strong>.<\/p>\n<p>Durante el acto, el jefe comunal destac\u00f3 que la reapertura del servicio representa un paso clave en el acceso a la salud bucal de los vecinos y en la defensa de un Estado presente. \u201cTenemos much\u00edsimas razones para unirnos y pedirle al pueblo de Mercedes que nos acompa\u00f1e. La reapertura de este cami\u00f3n odontol\u00f3gico es una de esas razones. A trav\u00e9s del trabajo, el amor y el compromiso tratamos de hacer las cosas cada d\u00eda mejor\u201d, expres\u00f3 frente a las puertas del CIC, en calles 10 y 65.<\/p>\n<blockquote><p>\u201cTenemos much\u00edsimas razones para unirnos y pedirle al pueblo de Mercedes que nos acompa\u00f1e. La reapertura de este cami\u00f3n odontol\u00f3gico es una de esas razones. A trav\u00e9s del trabajo, el amor y el compromiso tratamos de hacer las cosas cada d\u00eda mejor\u201d, expres\u00f3 Ustarroz<\/p><\/blockquote>\n<p>La ceremonia cont\u00f3 con la presencia de funcionarios municipales, profesionales de la salud y vecinos. Participaron la coordinadora del CIC, Eugenia C\u00f3dega; el secretario de Salud, N\u00e9stor Pisapia; el subsecretario de Participaci\u00f3n Ciudadana y Relaciones con la Comunidad, Santiago Altube; y la coordinadora del Hospital Universitario Odontol\u00f3gico Municipal, Cecilia \u00c1lvarez.<\/p>\n<p><strong>Pol\u00edticas de salud y continuidad estatal<br \/>\n<\/strong>En su discurso, Ustarroz subray\u00f3 que la reapertura es parte de una estrategia sanitaria que ya tuvo un hito con la inauguraci\u00f3n del Hospital Universitario Odontol\u00f3gico Municipal. Tambi\u00e9n vincul\u00f3 la decisi\u00f3n con una concepci\u00f3n m\u00e1s amplia del rol del Estado: \u201cHay proyectos que proponen cada vez \u2018menos Estado\u2019, sin decir que \u2018menos Estado\u2019 son menos cloacas, menos agua, menos pavimento, menos salud, menos educaci\u00f3n, menos obras, menos deporte. Este acto es un testimonio real y concreto en sentido contrario\u201d.<\/p>\n<p>El intendente adem\u00e1s record\u00f3 el impacto de pol\u00edticas locales como el programa 1000 D\u00edas, que acompa\u00f1a a madres y ni\u00f1os en sus primeros a\u00f1os de vida, y precis\u00f3 que de los 571 nacimientos registrados desde el a\u00f1o pasado en Mercedes, 530 estuvieron alcanzados por esta iniciativa.<\/p>\n<p><img loading=\"lazy\" decoding=\"async\" class=\"alignnone size-full wp-image-167471\" src=\"https:\/\/noticiasmercedinas.com\/site\/wp-content\/uploads\/2025\/08\/Camion-Odontologico-II-scaled.jpg\" alt=\"\" width=\"2560\" height=\"1707\" srcset=\"https:\/\/noticiasmercedinas.com\/site\/wp-content\/uploads\/2025\/08\/Camion-Odontologico-II-scaled.jpg 2560w, https:\/\/noticiasmercedinas.com\/site\/wp-content\/uploads\/2025\/08\/Camion-Odontologico-II-300x200.jpg 300w, https:\/\/noticiasmercedinas.com\/site\/wp-content\/uploads\/2025\/08\/Camion-Odontologico-II-1024x683.jpg 1024w, https:\/\/noticiasmercedinas.com\/site\/wp-content\/uploads\/2025\/08\/Camion-Odontologico-II-768x512.jpg 768w, https:\/\/noticiasmercedinas.com\/site\/wp-content\/uploads\/2025\/08\/Camion-Odontologico-II-1536x1024.jpg 1536w, https:\/\/noticiasmercedinas.com\/site\/wp-content\/uploads\/2025\/08\/Camion-Odontologico-II-2048x1366.jpg 2048w, https:\/\/noticiasmercedinas.com\/site\/wp-content\/uploads\/2025\/08\/Camion-Odontologico-II-640x427.jpg 640w, https:\/\/noticiasmercedinas.com\/site\/wp-content\/uploads\/2025\/08\/Camion-Odontologico-II-1280x853.jpg 1280w, https:\/\/noticiasmercedinas.com\/site\/wp-content\/uploads\/2025\/08\/Camion-Odontologico-II-681x454.jpg 681w, https:\/\/noticiasmercedinas.com\/site\/wp-content\/uploads\/2025\/08\/Camion-Odontologico-II-1362x908.jpg 1362w\" sizes=\"auto, (max-width: 2560px) 100vw, 2560px\" \/><\/p>\n<p><strong>Voces de apoyo y testimonios<br \/>\n<\/strong>La coordinadora del CIC, Eugenia C\u00f3dega, celebr\u00f3 la reapertura como una respuesta concreta a la alta demanda de atenci\u00f3n odontol\u00f3gica en los barrios. \u201cEn momentos en que los programas de salud vienen sufriendo un tremendo recorte, que en Mercedes sigamos apostando a su continuidad nos da mucha fuerza y orgullo\u201d, se\u00f1al\u00f3.<\/p>\n<p>Por su parte, el secretario de Salud, N\u00e9stor Pisapia, valor\u00f3 el trabajo de los equipos municipales y remarc\u00f3 que la salud bucal es tambi\u00e9n un asunto preventivo: \u201cPerder la salud dental puede derivar en enfermedades m\u00e1s graves y tambi\u00e9n impacta en lo social. Recuperar este espacio nos llena de orgullo\u201d.<\/p>\n<p>Finalmente, Cecilia \u00c1lvarez, coordinadora del Hospital Universitario Odontol\u00f3gico, sostuvo que el cami\u00f3n \u201cno es s\u00f3lo un espacio de atenci\u00f3n, sino tambi\u00e9n un s\u00edmbolo de nuestra historia\u201d. Y agreg\u00f3: \u201cEl acceso a la salud es un derecho, no un privilegio. Formar parte de este equipo que pone el cuerpo todos los d\u00edas me da mucho orgullo\u201d.<\/p>\n<p><strong>Contexto hist\u00f3rico y simb\u00f3lico<br \/>\n<\/strong>El dispositivo reinaugurado hab\u00eda sido creado en el marco del programa nacional Argentina Sonr\u00ede, impulsado durante el gobierno de Cristina Fern\u00e1ndez de Kirchner con el objetivo de garantizar atenci\u00f3n odontol\u00f3gica gratuita en todo el pa\u00eds. Su retorno en Mercedes se inscribe, seg\u00fan las autoridades, en una pol\u00edtica de reconstrucci\u00f3n social y comunitaria, que busca contrarrestar la l\u00f3gica del individualismo y el \u201cs\u00e1lvese quien pueda\u201d.<\/p>\n<p>Con esta reapertura, el Municipio suma un nuevo recurso a su red sanitaria local, fortaleciendo la oferta de servicios gratuitos y de cercan\u00eda en materia de salud bucal para los vecinos de la ciudad.<\/p>\n<p><img loading=\"lazy\" decoding=\"async\" class=\"alignnone size-full wp-image-167470\" src=\"https:\/\/noticiasmercedinas.com\/site\/wp-content\/uploads\/2025\/08\/23f6b481-9619-4853-a9c0-c8500fd26e06.jpg\" alt=\"\" width=\"1079\" height=\"593\" srcset=\"https:\/\/noticiasmercedinas.com\/site\/wp-content\/uploads\/2025\/08\/23f6b481-9619-4853-a9c0-c8500fd26e06.jpg 1079w, https:\/\/noticiasmercedinas.com\/site\/wp-content\/uploads\/2025\/08\/23f6b481-9619-4853-a9c0-c8500fd26e06-300x165.jpg 300w, https:\/\/noticiasmercedinas.com\/site\/wp-content\/uploads\/2025\/08\/23f6b481-9619-4853-a9c0-c8500fd26e06-1024x563.jpg 1024w, https:\/\/noticiasmercedinas.com\/site\/wp-content\/uploads\/2025\/08\/23f6b481-9619-4853-a9c0-c8500fd26e06-768x422.jpg 768w, https:\/\/noticiasmercedinas.com\/site\/wp-content\/uploads\/2025\/08\/23f6b481-9619-4853-a9c0-c8500fd26e06-640x352.jpg 640w, https:\/\/noticiasmercedinas.com\/site\/wp-content\/uploads\/2025\/08\/23f6b481-9619-4853-a9c0-c8500fd26e06-681x374.jpg 681w\" sizes=\"auto, (max-width: 1079px) 100vw, 1079px\" \/><\/p>\n","protected":false},"excerpt":{"rendered":"<p>\u25a0 El Municipio suma un nuevo recurso a su red sanitaria local, fortaleciendo la oferta de servicios gratuitos y de cercan\u00eda en materia de salud bucal para los vecinos de la ciudad. Funciona en el Centro Integrador Comunitario de 10 y 65<\/p>\n","protected":false},"author":16,"featured_media":167469,"comment_status":"closed","ping_status":"closed","sticky":false,"template":"","format":"standard","meta":{"footnotes":""},"categories":[3],"tags":[20759,1677,6342,71],"class_list":["post-167468","post","type-post","status-publish","format-standard","has-post-thumbnail","hentry","category-sociedad","tag-camion-odontologico","tag-cic","tag-inauguracion","tag-salud"],"yoast_head":"<!-- This site is optimized with the Yoast SEO plugin v27.5 - https:\/\/yoast.com\/product\/yoast-seo-wordpress\/ -->\n<title>Fue reinaugurado el Cami\u00f3n de Atenci\u00f3n Odontol\u00f3gica en el CIC del barrio San Mart\u00edn<\/title>\n<meta name=\"description\" content=\"El Municipio suma un nuevo recurso a su red sanitaria local, fortaleciendo la oferta de servicios gratuitos y de cercan\u00eda en materia de salud bucal para los vecinos de la ciudad. Funciona en el Centro Integrador Comunitario de 10 y 65\" \/>\n<meta name=\"robots\" content=\"index, follow, max-snippet:-1, max-image-preview:large, max-video-preview:-1\" \/>\n<link rel=\"canonical\" href=\"https:\/\/noticiasmercedinas.com\/site\/2025\/08\/22\/fue-reinaugurado-el-camion-de-atencion-odontologica-en-el-cic-del-barrio-san-martin\/\" \/>\n<meta property=\"og:locale\" content=\"es_ES\" \/>\n<meta property=\"og:type\" content=\"article\" \/>\n<meta property=\"og:title\" content=\"Fue reinaugurado el Cami\u00f3n de Atenci\u00f3n Odontol\u00f3gica en el CIC del barrio San Mart\u00edn\" \/>\n<meta property=\"og:description\" content=\"El Municipio suma un nuevo recurso a su red sanitaria local, fortaleciendo la oferta de servicios gratuitos y de cercan\u00eda en materia de salud bucal para los vecinos de la ciudad. Funciona en el Centro Integrador Comunitario de 10 y 65\" \/>\n<meta property=\"og:url\" content=\"https:\/\/noticiasmercedinas.com\/site\/2025\/08\/22\/fue-reinaugurado-el-camion-de-atencion-odontologica-en-el-cic-del-barrio-san-martin\/\" \/>\n<meta property=\"og:site_name\" content=\"NOTICIASMERCEDINAS.COM\" \/>\n<meta property=\"article:publisher\" content=\"https:\/\/www.facebook.com\/noticiasmercedinas\/\" \/>\n<meta property=\"article:published_time\" content=\"2025-08-22T18:25:26+00:00\" \/>\n<meta property=\"og:image\" content=\"https:\/\/noticiasmercedinas.com\/site\/wp-content\/uploads\/2025\/08\/Camion-Odontologico-I-scaled.jpg\" \/>\n\t<meta property=\"og:image:width\" content=\"2560\" \/>\n\t<meta property=\"og:image:height\" content=\"1707\" \/>\n\t<meta property=\"og:image:type\" content=\"image\/jpeg\" \/>\n<meta name=\"author\" content=\"NOTICIASMERCEDINAS.COM\" \/>\n<meta name=\"twitter:card\" content=\"summary_large_image\" \/>\n<meta name=\"twitter:creator\" content=\"@notmercedinas\" \/>\n<meta name=\"twitter:site\" content=\"@notmercedinas\" \/>\n<meta name=\"twitter:label1\" content=\"Escrito por\" \/>\n\t<meta name=\"twitter:data1\" content=\"NOTICIASMERCEDINAS.COM\" \/>\n\t<meta name=\"twitter:label2\" content=\"Tiempo de lectura\" \/>\n\t<meta name=\"twitter:data2\" content=\"4 minutos\" \/>\n<script type=\"application\/ld+json\" class=\"yoast-schema-graph\">{\"@context\":\"https:\\\/\\\/schema.org\",\"@graph\":[{\"@type\":\"Article\",\"@id\":\"https:\\\/\\\/noticiasmercedinas.com\\\/site\\\/2025\\\/08\\\/22\\\/fue-reinaugurado-el-camion-de-atencion-odontologica-en-el-cic-del-barrio-san-martin\\\/#article\",\"isPartOf\":{\"@id\":\"https:\\\/\\\/noticiasmercedinas.com\\\/site\\\/2025\\\/08\\\/22\\\/fue-reinaugurado-el-camion-de-atencion-odontologica-en-el-cic-del-barrio-san-martin\\\/\"},\"author\":{\"name\":\"NOTICIASMERCEDINAS.COM\",\"@id\":\"https:\\\/\\\/noticiasmercedinas.com\\\/site\\\/#\\\/schema\\\/person\\\/84b59c099c28ff2e8b77d4ceec5d8063\"},\"headline\":\"Fue reinaugurado el Cami\u00f3n de Atenci\u00f3n Odontol\u00f3gica en el CIC del barrio San Mart\u00edn\",\"datePublished\":\"2025-08-22T18:25:26+00:00\",\"mainEntityOfPage\":{\"@id\":\"https:\\\/\\\/noticiasmercedinas.com\\\/site\\\/2025\\\/08\\\/22\\\/fue-reinaugurado-el-camion-de-atencion-odontologica-en-el-cic-del-barrio-san-martin\\\/\"},\"wordCount\":716,\"publisher\":{\"@id\":\"https:\\\/\\\/noticiasmercedinas.com\\\/site\\\/#organization\"},\"image\":{\"@id\":\"https:\\\/\\\/noticiasmercedinas.com\\\/site\\\/2025\\\/08\\\/22\\\/fue-reinaugurado-el-camion-de-atencion-odontologica-en-el-cic-del-barrio-san-martin\\\/#primaryimage\"},\"thumbnailUrl\":\"https:\\\/\\\/noticiasmercedinas.com\\\/site\\\/wp-content\\\/uploads\\\/2025\\\/08\\\/Camion-Odontologico-I-scaled.jpg\",\"keywords\":[\"camion odontologico\",\"cic\",\"inauguraci\u00f3n\",\"salud\"],\"articleSection\":[\"Sociedad\"],\"inLanguage\":\"es\"},{\"@type\":\"WebPage\",\"@id\":\"https:\\\/\\\/noticiasmercedinas.com\\\/site\\\/2025\\\/08\\\/22\\\/fue-reinaugurado-el-camion-de-atencion-odontologica-en-el-cic-del-barrio-san-martin\\\/\",\"url\":\"https:\\\/\\\/noticiasmercedinas.com\\\/site\\\/2025\\\/08\\\/22\\\/fue-reinaugurado-el-camion-de-atencion-odontologica-en-el-cic-del-barrio-san-martin\\\/\",\"name\":\"Fue reinaugurado el Cami\u00f3n de Atenci\u00f3n Odontol\u00f3gica en el CIC del barrio San Mart\u00edn\",\"isPartOf\":{\"@id\":\"https:\\\/\\\/noticiasmercedinas.com\\\/site\\\/#website\"},\"primaryImageOfPage\":{\"@id\":\"https:\\\/\\\/noticiasmercedinas.com\\\/site\\\/2025\\\/08\\\/22\\\/fue-reinaugurado-el-camion-de-atencion-odontologica-en-el-cic-del-barrio-san-martin\\\/#primaryimage\"},\"image\":{\"@id\":\"https:\\\/\\\/noticiasmercedinas.com\\\/site\\\/2025\\\/08\\\/22\\\/fue-reinaugurado-el-camion-de-atencion-odontologica-en-el-cic-del-barrio-san-martin\\\/#primaryimage\"},\"thumbnailUrl\":\"https:\\\/\\\/noticiasmercedinas.com\\\/site\\\/wp-content\\\/uploads\\\/2025\\\/08\\\/Camion-Odontologico-I-scaled.jpg\",\"datePublished\":\"2025-08-22T18:25:26+00:00\",\"description\":\"El Municipio suma un nuevo recurso a su red sanitaria local, fortaleciendo la oferta de servicios gratuitos y de cercan\u00eda en materia de salud bucal para los vecinos de la ciudad. Funciona en el Centro Integrador Comunitario de 10 y 65\",\"breadcrumb\":{\"@id\":\"https:\\\/\\\/noticiasmercedinas.com\\\/site\\\/2025\\\/08\\\/22\\\/fue-reinaugurado-el-camion-de-atencion-odontologica-en-el-cic-del-barrio-san-martin\\\/#breadcrumb\"},\"inLanguage\":\"es\",\"potentialAction\":[{\"@type\":\"ReadAction\",\"target\":[\"https:\\\/\\\/noticiasmercedinas.com\\\/site\\\/2025\\\/08\\\/22\\\/fue-reinaugurado-el-camion-de-atencion-odontologica-en-el-cic-del-barrio-san-martin\\\/\"]}]},{\"@type\":\"ImageObject\",\"inLanguage\":\"es\",\"@id\":\"https:\\\/\\\/noticiasmercedinas.com\\\/site\\\/2025\\\/08\\\/22\\\/fue-reinaugurado-el-camion-de-atencion-odontologica-en-el-cic-del-barrio-san-martin\\\/#primaryimage\",\"url\":\"https:\\\/\\\/noticiasmercedinas.com\\\/site\\\/wp-content\\\/uploads\\\/2025\\\/08\\\/Camion-Odontologico-I-scaled.jpg\",\"contentUrl\":\"https:\\\/\\\/noticiasmercedinas.com\\\/site\\\/wp-content\\\/uploads\\\/2025\\\/08\\\/Camion-Odontologico-I-scaled.jpg\",\"width\":2560,\"height\":1707},{\"@type\":\"BreadcrumbList\",\"@id\":\"https:\\\/\\\/noticiasmercedinas.com\\\/site\\\/2025\\\/08\\\/22\\\/fue-reinaugurado-el-camion-de-atencion-odontologica-en-el-cic-del-barrio-san-martin\\\/#breadcrumb\",\"itemListElement\":[{\"@type\":\"ListItem\",\"position\":1,\"name\":\"Portada\",\"item\":\"https:\\\/\\\/noticiasmercedinas.com\\\/site\\\/\"},{\"@type\":\"ListItem\",\"position\":2,\"name\":\"Fue reinaugurado el Cami\u00f3n de Atenci\u00f3n Odontol\u00f3gica en el CIC del barrio San Mart\u00edn\"}]},{\"@type\":\"WebSite\",\"@id\":\"https:\\\/\\\/noticiasmercedinas.com\\\/site\\\/#website\",\"url\":\"https:\\\/\\\/noticiasmercedinas.com\\\/site\\\/\",\"name\":\"NOTICIASMERCEDINAS.COM\",\"description\":\"Mercedes, Buenos Aires, Argentina\",\"publisher\":{\"@id\":\"https:\\\/\\\/noticiasmercedinas.com\\\/site\\\/#organization\"},\"potentialAction\":[{\"@type\":\"SearchAction\",\"target\":{\"@type\":\"EntryPoint\",\"urlTemplate\":\"https:\\\/\\\/noticiasmercedinas.com\\\/site\\\/?s={search_term_string}\"},\"query-input\":{\"@type\":\"PropertyValueSpecification\",\"valueRequired\":true,\"valueName\":\"search_term_string\"}}],\"inLanguage\":\"es\"},{\"@type\":\"Organization\",\"@id\":\"https:\\\/\\\/noticiasmercedinas.com\\\/site\\\/#organization\",\"name\":\"NOTICIASMERCEDINAS.COM\",\"url\":\"https:\\\/\\\/noticiasmercedinas.com\\\/site\\\/\",\"logo\":{\"@type\":\"ImageObject\",\"inLanguage\":\"es\",\"@id\":\"https:\\\/\\\/noticiasmercedinas.com\\\/site\\\/#\\\/schema\\\/logo\\\/image\\\/\",\"url\":\"https:\\\/\\\/noticiasmercedinas.com\\\/site\\\/wp-content\\\/uploads\\\/2020\\\/06\\\/LOGO-512.jpg\",\"contentUrl\":\"https:\\\/\\\/noticiasmercedinas.com\\\/site\\\/wp-content\\\/uploads\\\/2020\\\/06\\\/LOGO-512.jpg\",\"width\":512,\"height\":512,\"caption\":\"NOTICIASMERCEDINAS.COM\"},\"image\":{\"@id\":\"https:\\\/\\\/noticiasmercedinas.com\\\/site\\\/#\\\/schema\\\/logo\\\/image\\\/\"},\"sameAs\":[\"https:\\\/\\\/www.facebook.com\\\/noticiasmercedinas\\\/\",\"https:\\\/\\\/x.com\\\/notmercedinas\",\"https:\\\/\\\/www.instagram.com\\\/noticiasmercedinas\\\/\"]},{\"@type\":\"Person\",\"@id\":\"https:\\\/\\\/noticiasmercedinas.com\\\/site\\\/#\\\/schema\\\/person\\\/84b59c099c28ff2e8b77d4ceec5d8063\",\"name\":\"NOTICIASMERCEDINAS.COM\",\"image\":{\"@type\":\"ImageObject\",\"inLanguage\":\"es\",\"@id\":\"https:\\\/\\\/secure.gravatar.com\\\/avatar\\\/4dfbf16b4d17945bfb6341b2d19043457132fcf478a5ee04f42e959fd8f5df0a?s=96&d=mm&r=g\",\"url\":\"https:\\\/\\\/secure.gravatar.com\\\/avatar\\\/4dfbf16b4d17945bfb6341b2d19043457132fcf478a5ee04f42e959fd8f5df0a?s=96&d=mm&r=g\",\"contentUrl\":\"https:\\\/\\\/secure.gravatar.com\\\/avatar\\\/4dfbf16b4d17945bfb6341b2d19043457132fcf478a5ee04f42e959fd8f5df0a?s=96&d=mm&r=g\",\"caption\":\"NOTICIASMERCEDINAS.COM\"},\"url\":\"https:\\\/\\\/noticiasmercedinas.com\\\/site\\\/author\\\/anonimo\\\/\"}]}<\/script>\n<!-- \/ Yoast SEO plugin. -->","yoast_head_json":{"title":"Fue reinaugurado el Cami\u00f3n de Atenci\u00f3n Odontol\u00f3gica en el CIC del barrio San Mart\u00edn","description":"El Municipio suma un nuevo recurso a su red sanitaria local, fortaleciendo la oferta de servicios gratuitos y de cercan\u00eda en materia de salud bucal para los vecinos de la ciudad. Funciona en el Centro Integrador Comunitario de 10 y 65","robots":{"index":"index","follow":"follow","max-snippet":"max-snippet:-1","max-image-preview":"max-image-preview:large","max-video-preview":"max-video-preview:-1"},"canonical":"https:\/\/noticiasmercedinas.com\/site\/2025\/08\/22\/fue-reinaugurado-el-camion-de-atencion-odontologica-en-el-cic-del-barrio-san-martin\/","og_locale":"es_ES","og_type":"article","og_title":"Fue reinaugurado el Cami\u00f3n de Atenci\u00f3n Odontol\u00f3gica en el CIC del barrio San Mart\u00edn","og_description":"El Municipio suma un nuevo recurso a su red sanitaria local, fortaleciendo la oferta de servicios gratuitos y de cercan\u00eda en materia de salud bucal para los vecinos de la ciudad. Funciona en el Centro Integrador Comunitario de 10 y 65","og_url":"https:\/\/noticiasmercedinas.com\/site\/2025\/08\/22\/fue-reinaugurado-el-camion-de-atencion-odontologica-en-el-cic-del-barrio-san-martin\/","og_site_name":"NOTICIASMERCEDINAS.COM","article_publisher":"https:\/\/www.facebook.com\/noticiasmercedinas\/","article_published_time":"2025-08-22T18:25:26+00:00","og_image":[{"width":2560,"height":1707,"url":"https:\/\/noticiasmercedinas.com\/site\/wp-content\/uploads\/2025\/08\/Camion-Odontologico-I-scaled.jpg","type":"image\/jpeg"}],"author":"NOTICIASMERCEDINAS.COM","twitter_card":"summary_large_image","twitter_creator":"@notmercedinas","twitter_site":"@notmercedinas","twitter_misc":{"Escrito por":"NOTICIASMERCEDINAS.COM","Tiempo de lectura":"4 minutos"},"schema":{"@context":"https:\/\/schema.org","@graph":[{"@type":"Article","@id":"https:\/\/noticiasmercedinas.com\/site\/2025\/08\/22\/fue-reinaugurado-el-camion-de-atencion-odontologica-en-el-cic-del-barrio-san-martin\/#article","isPartOf":{"@id":"https:\/\/noticiasmercedinas.com\/site\/2025\/08\/22\/fue-reinaugurado-el-camion-de-atencion-odontologica-en-el-cic-del-barrio-san-martin\/"},"author":{"name":"NOTICIASMERCEDINAS.COM","@id":"https:\/\/noticiasmercedinas.com\/site\/#\/schema\/person\/84b59c099c28ff2e8b77d4ceec5d8063"},"headline":"Fue reinaugurado el Cami\u00f3n de Atenci\u00f3n Odontol\u00f3gica en el CIC del barrio San Mart\u00edn","datePublished":"2025-08-22T18:25:26+00:00","mainEntityOfPage":{"@id":"https:\/\/noticiasmercedinas.com\/site\/2025\/08\/22\/fue-reinaugurado-el-camion-de-atencion-odontologica-en-el-cic-del-barrio-san-martin\/"},"wordCount":716,"publisher":{"@id":"https:\/\/noticiasmercedinas.com\/site\/#organization"},"image":{"@id":"https:\/\/noticiasmercedinas.com\/site\/2025\/08\/22\/fue-reinaugurado-el-camion-de-atencion-odontologica-en-el-cic-del-barrio-san-martin\/#primaryimage"},"thumbnailUrl":"https:\/\/noticiasmercedinas.com\/site\/wp-content\/uploads\/2025\/08\/Camion-Odontologico-I-scaled.jpg","keywords":["camion odontologico","cic","inauguraci\u00f3n","salud"],"articleSection":["Sociedad"],"inLanguage":"es"},{"@type":"WebPage","@id":"https:\/\/noticiasmercedinas.com\/site\/2025\/08\/22\/fue-reinaugurado-el-camion-de-atencion-odontologica-en-el-cic-del-barrio-san-martin\/","url":"https:\/\/noticiasmercedinas.com\/site\/2025\/08\/22\/fue-reinaugurado-el-camion-de-atencion-odontologica-en-el-cic-del-barrio-san-martin\/","name":"Fue reinaugurado el Cami\u00f3n de Atenci\u00f3n Odontol\u00f3gica en el CIC del barrio San Mart\u00edn","isPartOf":{"@id":"https:\/\/noticiasmercedinas.com\/site\/#website"},"primaryImageOfPage":{"@id":"https:\/\/noticiasmercedinas.com\/site\/2025\/08\/22\/fue-reinaugurado-el-camion-de-atencion-odontologica-en-el-cic-del-barrio-san-martin\/#primaryimage"},"image":{"@id":"https:\/\/noticiasmercedinas.com\/site\/2025\/08\/22\/fue-reinaugurado-el-camion-de-atencion-odontologica-en-el-cic-del-barrio-san-martin\/#primaryimage"},"thumbnailUrl":"https:\/\/noticiasmercedinas.com\/site\/wp-content\/uploads\/2025\/08\/Camion-Odontologico-I-scaled.jpg","datePublished":"2025-08-22T18:25:26+00:00","description":"El Municipio suma un nuevo recurso a su red sanitaria local, fortaleciendo la oferta de servicios gratuitos y de cercan\u00eda en materia de salud bucal para los vecinos de la ciudad. Funciona en el Centro Integrador Comunitario de 10 y 65","breadcrumb":{"@id":"https:\/\/noticiasmercedinas.com\/site\/2025\/08\/22\/fue-reinaugurado-el-camion-de-atencion-odontologica-en-el-cic-del-barrio-san-martin\/#breadcrumb"},"inLanguage":"es","potentialAction":[{"@type":"ReadAction","target":["https:\/\/noticiasmercedinas.com\/site\/2025\/08\/22\/fue-reinaugurado-el-camion-de-atencion-odontologica-en-el-cic-del-barrio-san-martin\/"]}]},{"@type":"ImageObject","inLanguage":"es","@id":"https:\/\/noticiasmercedinas.com\/site\/2025\/08\/22\/fue-reinaugurado-el-camion-de-atencion-odontologica-en-el-cic-del-barrio-san-martin\/#primaryimage","url":"https:\/\/noticiasmercedinas.com\/site\/wp-content\/uploads\/2025\/08\/Camion-Odontologico-I-scaled.jpg","contentUrl":"https:\/\/noticiasmercedinas.com\/site\/wp-content\/uploads\/2025\/08\/Camion-Odontologico-I-scaled.jpg","width":2560,"height":1707},{"@type":"BreadcrumbList","@id":"https:\/\/noticiasmercedinas.com\/site\/2025\/08\/22\/fue-reinaugurado-el-camion-de-atencion-odontologica-en-el-cic-del-barrio-san-martin\/#breadcrumb","itemListElement":[{"@type":"ListItem","position":1,"name":"Portada","item":"https:\/\/noticiasmercedinas.com\/site\/"},{"@type":"ListItem","position":2,"name":"Fue reinaugurado el Cami\u00f3n de Atenci\u00f3n Odontol\u00f3gica en el CIC del barrio San Mart\u00edn"}]},{"@type":"WebSite","@id":"https:\/\/noticiasmercedinas.com\/site\/#website","url":"https:\/\/noticiasmercedinas.com\/site\/","name":"NOTICIASMERCEDINAS.COM","description":"Mercedes, Buenos Aires, Argentina","publisher":{"@id":"https:\/\/noticiasmercedinas.com\/site\/#organization"},"potentialAction":[{"@type":"SearchAction","target":{"@type":"EntryPoint","urlTemplate":"https:\/\/noticiasmercedinas.com\/site\/?s={search_term_string}"},"query-input":{"@type":"PropertyValueSpecification","valueRequired":true,"valueName":"search_term_string"}}],"inLanguage":"es"},{"@type":"Organization","@id":"https:\/\/noticiasmercedinas.com\/site\/#organization","name":"NOTICIASMERCEDINAS.COM","url":"https:\/\/noticiasmercedinas.com\/site\/","logo":{"@type":"ImageObject","inLanguage":"es","@id":"https:\/\/noticiasmercedinas.com\/site\/#\/schema\/logo\/image\/","url":"https:\/\/noticiasmercedinas.com\/site\/wp-content\/uploads\/2020\/06\/LOGO-512.jpg","contentUrl":"https:\/\/noticiasmercedinas.com\/site\/wp-content\/uploads\/2020\/06\/LOGO-512.jpg","width":512,"height":512,"caption":"NOTICIASMERCEDINAS.COM"},"image":{"@id":"https:\/\/noticiasmercedinas.com\/site\/#\/schema\/logo\/image\/"},"sameAs":["https:\/\/www.facebook.com\/noticiasmercedinas\/","https:\/\/x.com\/notmercedinas","https:\/\/www.instagram.com\/noticiasmercedinas\/"]},{"@type":"Person","@id":"https:\/\/noticiasmercedinas.com\/site\/#\/schema\/person\/84b59c099c28ff2e8b77d4ceec5d8063","name":"NOTICIASMERCEDINAS.COM","image":{"@type":"ImageObject","inLanguage":"es","@id":"https:\/\/secure.gravatar.com\/avatar\/4dfbf16b4d17945bfb6341b2d19043457132fcf478a5ee04f42e959fd8f5df0a?s=96&d=mm&r=g","url":"https:\/\/secure.gravatar.com\/avatar\/4dfbf16b4d17945bfb6341b2d19043457132fcf478a5ee04f42e959fd8f5df0a?s=96&d=mm&r=g","contentUrl":"https:\/\/secure.gravatar.com\/avatar\/4dfbf16b4d17945bfb6341b2d19043457132fcf478a5ee04f42e959fd8f5df0a?s=96&d=mm&r=g","caption":"NOTICIASMERCEDINAS.COM"},"url":"https:\/\/noticiasmercedinas.com\/site\/author\/anonimo\/"}]}},"amp_enabled":true,"_links":{"self":[{"href":"https:\/\/noticiasmercedinas.com\/site\/wp-json\/wp\/v2\/posts\/167468","targetHints":{"allow":["GET"]}}],"collection":[{"href":"https:\/\/noticiasmercedinas.com\/site\/wp-json\/wp\/v2\/posts"}],"about":[{"href":"https:\/\/noticiasmercedinas.com\/site\/wp-json\/wp\/v2\/types\/post"}],"author":[{"embeddable":true,"href":"https:\/\/noticiasmercedinas.com\/site\/wp-json\/wp\/v2\/users\/16"}],"replies":[{"embeddable":true,"href":"https:\/\/noticiasmercedinas.com\/site\/wp-json\/wp\/v2\/comments?post=167468"}],"version-history":[{"count":1,"href":"https:\/\/noticiasmercedinas.com\/site\/wp-json\/wp\/v2\/posts\/167468\/revisions"}],"predecessor-version":[{"id":167472,"href":"https:\/\/noticiasmercedinas.com\/site\/wp-json\/wp\/v2\/posts\/167468\/revisions\/167472"}],"wp:featuredmedia":[{"embeddable":true,"href":"https:\/\/noticiasmercedinas.com\/site\/wp-json\/wp\/v2\/media\/167469"}],"wp:attachment":[{"href":"https:\/\/noticiasmercedinas.com\/site\/wp-json\/wp\/v2\/media?parent=167468"}],"wp:term":[{"taxonomy":"category","embeddable":true,"href":"https:\/\/noticiasmercedinas.com\/site\/wp-json\/wp\/v2\/categories?post=167468"},{"taxonomy":"post_tag","embeddable":true,"href":"https:\/\/noticiasmercedinas.com\/site\/wp-json\/wp\/v2\/tags?post=167468"}],"curies":[{"name":"wp","href":"https:\/\/api.w.org\/{rel}","templated":true}]}}