{"id":167478,"date":"2025-08-22T15:55:20","date_gmt":"2025-08-22T18:55:20","guid":{"rendered":"https:\/\/noticiasmercedinas.com\/site\/?p=167478"},"modified":"2025-08-22T15:58:47","modified_gmt":"2025-08-22T18:58:47","slug":"inauguraron-el-undecimo-espacio-de-primera-infancia-en-la-ciudad-en-el-barrio-12-de-octubre","status":"publish","type":"post","link":"https:\/\/noticiasmercedinas.com\/site\/2025\/08\/22\/inauguraron-el-undecimo-espacio-de-primera-infancia-en-la-ciudad-en-el-barrio-12-de-octubre\/","title":{"rendered":"Inauguraron el und\u00e9cimo Espacio de Primera Infancia en la ciudad, en el barrio 12 de Octubre"},"content":{"rendered":"<p data-start=\"243\" data-end=\"755\"><img loading=\"lazy\" decoding=\"async\" class=\"alignnone size-full wp-image-167481\" src=\"https:\/\/noticiasmercedinas.com\/site\/wp-content\/uploads\/2025\/08\/DSC01736.jpg\" alt=\"\" width=\"1319\" height=\"879\" srcset=\"https:\/\/noticiasmercedinas.com\/site\/wp-content\/uploads\/2025\/08\/DSC01736.jpg 1319w, https:\/\/noticiasmercedinas.com\/site\/wp-content\/uploads\/2025\/08\/DSC01736-300x200.jpg 300w, https:\/\/noticiasmercedinas.com\/site\/wp-content\/uploads\/2025\/08\/DSC01736-1024x682.jpg 1024w, https:\/\/noticiasmercedinas.com\/site\/wp-content\/uploads\/2025\/08\/DSC01736-768x512.jpg 768w, https:\/\/noticiasmercedinas.com\/site\/wp-content\/uploads\/2025\/08\/DSC01736-640x427.jpg 640w, https:\/\/noticiasmercedinas.com\/site\/wp-content\/uploads\/2025\/08\/DSC01736-1280x853.jpg 1280w, https:\/\/noticiasmercedinas.com\/site\/wp-content\/uploads\/2025\/08\/DSC01736-681x454.jpg 681w\" sizes=\"auto, (max-width: 1319px) 100vw, 1319px\" \/><\/p>\n<p data-start=\"243\" data-end=\"755\">La ciudad de Mercedes inaugur\u00f3 este viernes su <strong data-start=\"290\" data-end=\"336\">und\u00e9cimo Espacio de Primera Infancia (EPI)<\/strong>, ubicado en el barrio 12 de Octubre, en el marco de un acto encabezado por el intendente <strong data-start=\"426\" data-end=\"444\">Juani Ustarroz<\/strong> y con el respaldo del gobierno bonaerense a trav\u00e9s del <strong data-start=\"500\" data-end=\"560\">Organismo Provincial de Integraci\u00f3n Socio Urbana (OPISU)<\/strong>. El nuevo edificio, de 150 metros cuadrados, cuenta con dos aulas, sal\u00f3n de usos m\u00faltiples y patio, y se suma a la red local de dispositivos destinados al cuidado y acompa\u00f1amiento de la ni\u00f1ez.<\/p>\n<p data-start=\"757\" data-end=\"1129\">Ustarroz destac\u00f3 la importancia de la apertura, recordando que el primer EPI se cre\u00f3 en el barrio San Mart\u00edn con resistencia inicial y hoy se convirti\u00f3 en pol\u00edtica p\u00fablica consolidada: \u201cFuncion\u00f3 tan bien que hoy estamos abriendo el und\u00e9cimo. No somos el pueblo que dicen en las redes sociales. Cuando nos unimos y trabajamos con amor y compromiso, las cosas salen bien\u201d.<\/p>\n<p data-start=\"757\" data-end=\"1129\"><img loading=\"lazy\" decoding=\"async\" class=\"alignnone size-full wp-image-167480\" src=\"https:\/\/noticiasmercedinas.com\/site\/wp-content\/uploads\/2025\/08\/Gy9-VmoWUAA65Ku-scaled.jpg\" alt=\"\" width=\"2560\" height=\"1707\" srcset=\"https:\/\/noticiasmercedinas.com\/site\/wp-content\/uploads\/2025\/08\/Gy9-VmoWUAA65Ku-scaled.jpg 2560w, https:\/\/noticiasmercedinas.com\/site\/wp-content\/uploads\/2025\/08\/Gy9-VmoWUAA65Ku-300x200.jpg 300w, https:\/\/noticiasmercedinas.com\/site\/wp-content\/uploads\/2025\/08\/Gy9-VmoWUAA65Ku-1024x683.jpg 1024w, https:\/\/noticiasmercedinas.com\/site\/wp-content\/uploads\/2025\/08\/Gy9-VmoWUAA65Ku-768x512.jpg 768w, https:\/\/noticiasmercedinas.com\/site\/wp-content\/uploads\/2025\/08\/Gy9-VmoWUAA65Ku-1536x1024.jpg 1536w, https:\/\/noticiasmercedinas.com\/site\/wp-content\/uploads\/2025\/08\/Gy9-VmoWUAA65Ku-2048x1366.jpg 2048w, https:\/\/noticiasmercedinas.com\/site\/wp-content\/uploads\/2025\/08\/Gy9-VmoWUAA65Ku-640x427.jpg 640w, https:\/\/noticiasmercedinas.com\/site\/wp-content\/uploads\/2025\/08\/Gy9-VmoWUAA65Ku-1280x853.jpg 1280w, https:\/\/noticiasmercedinas.com\/site\/wp-content\/uploads\/2025\/08\/Gy9-VmoWUAA65Ku-681x454.jpg 681w, https:\/\/noticiasmercedinas.com\/site\/wp-content\/uploads\/2025\/08\/Gy9-VmoWUAA65Ku-1362x908.jpg 1362w\" sizes=\"auto, (max-width: 2560px) 100vw, 2560px\" \/><\/p>\n<h3 data-start=\"1131\" data-end=\"1176\">Un Estado presente en tiempos dif\u00edciles<\/h3>\n<p data-start=\"1177\" data-end=\"1613\">El intendente remarc\u00f3 que la iniciativa no ser\u00eda posible sin el acompa\u00f1amiento de la Provincia, dado que \u201cun municipio no tiene capacidad econ\u00f3mica para afrontar algunas demandas de esta magnitud\u201d.<\/p>\n<p data-start=\"1177\" data-end=\"1613\">En ese sentido, defendi\u00f3 la obra p\u00fablica y se\u00f1al\u00f3: \u201cEl Estado somos todos. Muchas veces falla, pero nunca afloja. Por eso estos logros nos llenan de orgullo, sobre todo en momentos en que el Estado nacional le saca recursos a la gente\u201d.<\/p>\n<p data-start=\"1615\" data-end=\"2030\">Tambi\u00e9n enumer\u00f3 otras obras recientes como cloacas, pavimento, el Centro de Atenci\u00f3n Primaria de la Salud (CAPS) inaugurado ayer, la planta depuradora y la nueva escuela secundaria profesional que funcionar\u00e1 en el centro N\u00e9stor Kirchner. \u201cEn tiempos de tanta crueldad, si el gobierno nacional no quiere hacer las obras, que devuelva los recursos al pueblo, porque todos aportamos con nuestros impuestos\u201d, subray\u00f3.<\/p>\n<p data-start=\"2032\" data-end=\"2301\">Asimismo, agradeci\u00f3 al gobernador <strong data-start=\"2066\" data-end=\"2083\">Axel Kicillof<\/strong> y pidi\u00f3 reflexionar de cara a las elecciones de septiembre: \u201cQue no nos saquen los espacios para la primera infancia, para los clubes, para la educaci\u00f3n y para todo lo que falta para que esta ciudad siga creciendo\u201d.<\/p>\n<p data-start=\"2032\" data-end=\"2301\"><img loading=\"lazy\" decoding=\"async\" class=\"alignnone size-full wp-image-167479\" src=\"https:\/\/noticiasmercedinas.com\/site\/wp-content\/uploads\/2025\/08\/0H0A5794.jpg\" alt=\"\" width=\"1319\" height=\"879\" srcset=\"https:\/\/noticiasmercedinas.com\/site\/wp-content\/uploads\/2025\/08\/0H0A5794.jpg 1319w, https:\/\/noticiasmercedinas.com\/site\/wp-content\/uploads\/2025\/08\/0H0A5794-300x200.jpg 300w, https:\/\/noticiasmercedinas.com\/site\/wp-content\/uploads\/2025\/08\/0H0A5794-1024x682.jpg 1024w, https:\/\/noticiasmercedinas.com\/site\/wp-content\/uploads\/2025\/08\/0H0A5794-768x512.jpg 768w, https:\/\/noticiasmercedinas.com\/site\/wp-content\/uploads\/2025\/08\/0H0A5794-640x427.jpg 640w, https:\/\/noticiasmercedinas.com\/site\/wp-content\/uploads\/2025\/08\/0H0A5794-1280x853.jpg 1280w, https:\/\/noticiasmercedinas.com\/site\/wp-content\/uploads\/2025\/08\/0H0A5794-681x454.jpg 681w\" sizes=\"auto, (max-width: 1319px) 100vw, 1319px\" \/><\/p>\n<h3 data-start=\"2303\" data-end=\"2334\">Acompa\u00f1amiento provincial<\/h3>\n<p data-start=\"2335\" data-end=\"2812\">En representaci\u00f3n de OPISU, <strong data-start=\"2363\" data-end=\"2379\">Clara Alem\u00e1n<\/strong> se\u00f1al\u00f3 que el nuevo EPI \u201cno es s\u00f3lo un edificio, sino un espacio de contenci\u00f3n y de futuro para que los chicos y chicas tengan acompa\u00f1amiento educativo, de salud, de alimentaci\u00f3n y de juegos\u201d. Tambi\u00e9n remarc\u00f3 que la Provincia sigue avanzando en estos proyectos \u201cen momentos en que el gobierno nacional decidi\u00f3 dar la espalda a la obra p\u00fablica\u201d, y que su objetivo central es <strong data-start=\"2754\" data-end=\"2809\">fortalecer la crianza y el cuidado de las infancias<\/strong>.<\/p>\n<p data-start=\"2814\" data-end=\"2932\">Por su parte, <strong data-start=\"2828\" data-end=\"2851\">Valentina Hern\u00e1ndez<\/strong> acompa\u00f1\u00f3 la presentaci\u00f3n y valor\u00f3 la articulaci\u00f3n entre Provincia y municipio.<\/p>\n<h3 data-start=\"2934\" data-end=\"2953\">Voces locales<\/h3>\n<p data-start=\"2954\" data-end=\"3144\">La directora de Ni\u00f1ez, <strong data-start=\"2977\" data-end=\"2998\">Gabriela Olivella<\/strong>, record\u00f3 que el camino comenz\u00f3 en el barrio San Mart\u00edn y resalt\u00f3 que \u201ctodos los barrios merecen un espacio de estas caracter\u00edsticas y calidad\u201d.<\/p>\n<p data-start=\"3146\" data-end=\"3487\">La coordinadora de los EPIs, <strong data-start=\"3175\" data-end=\"3192\">Bel\u00e9n Cirillo<\/strong>, agradeci\u00f3 a las familias y equipos de trabajo, y convoc\u00f3 a \u201casumir un compromiso comunitario con la educaci\u00f3n\u201d, al tiempo que afirm\u00f3: \u201cInvertir en las infancias es invertir en el futuro. Estos espacios est\u00e1n pensados para acompa\u00f1ar los primeros pasos, palabras y juegos de cada ni\u00f1o y ni\u00f1a\u201d.<\/p>\n<p data-start=\"3489\" data-end=\"3677\">Finalmente, la coordinadora del CIC, <strong data-start=\"3526\" data-end=\"3544\">Eugenia C\u00f3dega<\/strong>, y el subsecretario de Participaci\u00f3n Ciudadana, <strong data-start=\"3593\" data-end=\"3612\">Santiago Altube<\/strong>, acompa\u00f1aron la jornada junto a vecinos y autoridades locales.<\/p>\n<h3 data-start=\"3679\" data-end=\"3720\">Un paso m\u00e1s en la red de contenci\u00f3n<\/h3>\n<p data-start=\"3721\" data-end=\"4097\">Con esta apertura, Mercedes suma once Espacios de Primera Infancia distribuidos en distintos barrios, consolidando una pol\u00edtica p\u00fablica que busca <strong data-start=\"3867\" data-end=\"3939\">garantizar igualdad de oportunidades desde los primeros a\u00f1os de vida<\/strong>. Para el municipio, se trata de una herramienta clave en la construcci\u00f3n de comunidad y en la defensa del rol del Estado en materia de educaci\u00f3n y cuidado.<\/p>\n","protected":false},"excerpt":{"rendered":"<p>\u25a0 Consolidan pol\u00edtica p\u00fablica que busca garantizar igualdad de oportunidades desde los primeros a\u00f1os de vida. Para el municipio, se trata de una herramienta clave en la construcci\u00f3n de comunidad y en la defensa del rol del Estado en materia de educaci\u00f3n y cuidado.<\/p>\n","protected":false},"author":16,"featured_media":167480,"comment_status":"closed","ping_status":"closed","sticky":false,"template":"","format":"standard","meta":{"footnotes":""},"categories":[3,20734],"tags":[16795,1579,2951],"class_list":["post-167478","post","type-post","status-publish","format-standard","has-post-thumbnail","hentry","category-sociedad","category-ultimo-momento","tag-barrio-12-de-octubre","tag-epi","tag-primera-infancia"],"yoast_head":"<!-- This site is optimized with the Yoast SEO plugin v27.5 - https:\/\/yoast.com\/product\/yoast-seo-wordpress\/ -->\n<title>Inauguraron el und\u00e9cimo Espacio de Primera Infancia en la ciudad, en el barrio 12 de Octubre<\/title>\n<meta name=\"description\" content=\"Consolidan pol\u00edtica p\u00fablica que busca garantizar igualdad de oportunidades desde los primeros a\u00f1os de vida. Para el municipio, se trata de una herramienta clave en la construcci\u00f3n de comunidad y en la defensa del rol del Estado en materia de educaci\u00f3n y cuidado.\" \/>\n<meta name=\"robots\" content=\"index, follow, max-snippet:-1, max-image-preview:large, max-video-preview:-1\" \/>\n<link rel=\"canonical\" href=\"https:\/\/noticiasmercedinas.com\/site\/2025\/08\/22\/inauguraron-el-undecimo-espacio-de-primera-infancia-en-la-ciudad-en-el-barrio-12-de-octubre\/\" \/>\n<meta property=\"og:locale\" content=\"es_ES\" \/>\n<meta property=\"og:type\" content=\"article\" \/>\n<meta property=\"og:title\" content=\"Inauguraron el und\u00e9cimo Espacio de Primera Infancia en la ciudad, en el barrio 12 de Octubre\" \/>\n<meta property=\"og:description\" content=\"Consolidan pol\u00edtica p\u00fablica que busca garantizar igualdad de oportunidades desde los primeros a\u00f1os de vida. Para el municipio, se trata de una herramienta clave en la construcci\u00f3n de comunidad y en la defensa del rol del Estado en materia de educaci\u00f3n y cuidado.\" \/>\n<meta property=\"og:url\" content=\"https:\/\/noticiasmercedinas.com\/site\/2025\/08\/22\/inauguraron-el-undecimo-espacio-de-primera-infancia-en-la-ciudad-en-el-barrio-12-de-octubre\/\" \/>\n<meta property=\"og:site_name\" content=\"NOTICIASMERCEDINAS.COM\" \/>\n<meta property=\"article:publisher\" content=\"https:\/\/www.facebook.com\/noticiasmercedinas\/\" \/>\n<meta property=\"article:published_time\" content=\"2025-08-22T18:55:20+00:00\" \/>\n<meta property=\"article:modified_time\" content=\"2025-08-22T18:58:47+00:00\" \/>\n<meta property=\"og:image\" content=\"https:\/\/noticiasmercedinas.com\/site\/wp-content\/uploads\/2025\/08\/Gy9-VmoWUAA65Ku-scaled.jpg\" \/>\n\t<meta property=\"og:image:width\" content=\"2560\" \/>\n\t<meta property=\"og:image:height\" content=\"1707\" \/>\n\t<meta property=\"og:image:type\" content=\"image\/jpeg\" \/>\n<meta name=\"author\" content=\"NOTICIASMERCEDINAS.COM\" \/>\n<meta name=\"twitter:card\" content=\"summary_large_image\" \/>\n<meta name=\"twitter:creator\" content=\"@notmercedinas\" \/>\n<meta name=\"twitter:site\" content=\"@notmercedinas\" \/>\n<meta name=\"twitter:label1\" content=\"Escrito por\" \/>\n\t<meta name=\"twitter:data1\" content=\"NOTICIASMERCEDINAS.COM\" \/>\n\t<meta name=\"twitter:label2\" content=\"Tiempo de lectura\" \/>\n\t<meta name=\"twitter:data2\" content=\"4 minutos\" \/>\n<script type=\"application\/ld+json\" class=\"yoast-schema-graph\">{\"@context\":\"https:\\\/\\\/schema.org\",\"@graph\":[{\"@type\":\"Article\",\"@id\":\"https:\\\/\\\/noticiasmercedinas.com\\\/site\\\/2025\\\/08\\\/22\\\/inauguraron-el-undecimo-espacio-de-primera-infancia-en-la-ciudad-en-el-barrio-12-de-octubre\\\/#article\",\"isPartOf\":{\"@id\":\"https:\\\/\\\/noticiasmercedinas.com\\\/site\\\/2025\\\/08\\\/22\\\/inauguraron-el-undecimo-espacio-de-primera-infancia-en-la-ciudad-en-el-barrio-12-de-octubre\\\/\"},\"author\":{\"name\":\"NOTICIASMERCEDINAS.COM\",\"@id\":\"https:\\\/\\\/noticiasmercedinas.com\\\/site\\\/#\\\/schema\\\/person\\\/84b59c099c28ff2e8b77d4ceec5d8063\"},\"headline\":\"Inauguraron el und\u00e9cimo Espacio de Primera Infancia en la ciudad, en el barrio 12 de Octubre\",\"datePublished\":\"2025-08-22T18:55:20+00:00\",\"dateModified\":\"2025-08-22T18:58:47+00:00\",\"mainEntityOfPage\":{\"@id\":\"https:\\\/\\\/noticiasmercedinas.com\\\/site\\\/2025\\\/08\\\/22\\\/inauguraron-el-undecimo-espacio-de-primera-infancia-en-la-ciudad-en-el-barrio-12-de-octubre\\\/\"},\"wordCount\":672,\"publisher\":{\"@id\":\"https:\\\/\\\/noticiasmercedinas.com\\\/site\\\/#organization\"},\"image\":{\"@id\":\"https:\\\/\\\/noticiasmercedinas.com\\\/site\\\/2025\\\/08\\\/22\\\/inauguraron-el-undecimo-espacio-de-primera-infancia-en-la-ciudad-en-el-barrio-12-de-octubre\\\/#primaryimage\"},\"thumbnailUrl\":\"https:\\\/\\\/noticiasmercedinas.com\\\/site\\\/wp-content\\\/uploads\\\/2025\\\/08\\\/Gy9-VmoWUAA65Ku-scaled.jpg\",\"keywords\":[\"barrio 12 de octubre\",\"epi\",\"primera infancia\"],\"articleSection\":[\"Sociedad\",\"Ultimo momento\"],\"inLanguage\":\"es\"},{\"@type\":\"WebPage\",\"@id\":\"https:\\\/\\\/noticiasmercedinas.com\\\/site\\\/2025\\\/08\\\/22\\\/inauguraron-el-undecimo-espacio-de-primera-infancia-en-la-ciudad-en-el-barrio-12-de-octubre\\\/\",\"url\":\"https:\\\/\\\/noticiasmercedinas.com\\\/site\\\/2025\\\/08\\\/22\\\/inauguraron-el-undecimo-espacio-de-primera-infancia-en-la-ciudad-en-el-barrio-12-de-octubre\\\/\",\"name\":\"Inauguraron el und\u00e9cimo Espacio de Primera Infancia en la ciudad, en el barrio 12 de Octubre\",\"isPartOf\":{\"@id\":\"https:\\\/\\\/noticiasmercedinas.com\\\/site\\\/#website\"},\"primaryImageOfPage\":{\"@id\":\"https:\\\/\\\/noticiasmercedinas.com\\\/site\\\/2025\\\/08\\\/22\\\/inauguraron-el-undecimo-espacio-de-primera-infancia-en-la-ciudad-en-el-barrio-12-de-octubre\\\/#primaryimage\"},\"image\":{\"@id\":\"https:\\\/\\\/noticiasmercedinas.com\\\/site\\\/2025\\\/08\\\/22\\\/inauguraron-el-undecimo-espacio-de-primera-infancia-en-la-ciudad-en-el-barrio-12-de-octubre\\\/#primaryimage\"},\"thumbnailUrl\":\"https:\\\/\\\/noticiasmercedinas.com\\\/site\\\/wp-content\\\/uploads\\\/2025\\\/08\\\/Gy9-VmoWUAA65Ku-scaled.jpg\",\"datePublished\":\"2025-08-22T18:55:20+00:00\",\"dateModified\":\"2025-08-22T18:58:47+00:00\",\"description\":\"Consolidan pol\u00edtica p\u00fablica que busca garantizar igualdad de oportunidades desde los primeros a\u00f1os de vida. Para el municipio, se trata de una herramienta clave en la construcci\u00f3n de comunidad y en la defensa del rol del Estado en materia de educaci\u00f3n y cuidado.\",\"breadcrumb\":{\"@id\":\"https:\\\/\\\/noticiasmercedinas.com\\\/site\\\/2025\\\/08\\\/22\\\/inauguraron-el-undecimo-espacio-de-primera-infancia-en-la-ciudad-en-el-barrio-12-de-octubre\\\/#breadcrumb\"},\"inLanguage\":\"es\",\"potentialAction\":[{\"@type\":\"ReadAction\",\"target\":[\"https:\\\/\\\/noticiasmercedinas.com\\\/site\\\/2025\\\/08\\\/22\\\/inauguraron-el-undecimo-espacio-de-primera-infancia-en-la-ciudad-en-el-barrio-12-de-octubre\\\/\"]}]},{\"@type\":\"ImageObject\",\"inLanguage\":\"es\",\"@id\":\"https:\\\/\\\/noticiasmercedinas.com\\\/site\\\/2025\\\/08\\\/22\\\/inauguraron-el-undecimo-espacio-de-primera-infancia-en-la-ciudad-en-el-barrio-12-de-octubre\\\/#primaryimage\",\"url\":\"https:\\\/\\\/noticiasmercedinas.com\\\/site\\\/wp-content\\\/uploads\\\/2025\\\/08\\\/Gy9-VmoWUAA65Ku-scaled.jpg\",\"contentUrl\":\"https:\\\/\\\/noticiasmercedinas.com\\\/site\\\/wp-content\\\/uploads\\\/2025\\\/08\\\/Gy9-VmoWUAA65Ku-scaled.jpg\",\"width\":2560,\"height\":1707},{\"@type\":\"BreadcrumbList\",\"@id\":\"https:\\\/\\\/noticiasmercedinas.com\\\/site\\\/2025\\\/08\\\/22\\\/inauguraron-el-undecimo-espacio-de-primera-infancia-en-la-ciudad-en-el-barrio-12-de-octubre\\\/#breadcrumb\",\"itemListElement\":[{\"@type\":\"ListItem\",\"position\":1,\"name\":\"Portada\",\"item\":\"https:\\\/\\\/noticiasmercedinas.com\\\/site\\\/\"},{\"@type\":\"ListItem\",\"position\":2,\"name\":\"Inauguraron el und\u00e9cimo Espacio de Primera Infancia en la ciudad, en el barrio 12 de Octubre\"}]},{\"@type\":\"WebSite\",\"@id\":\"https:\\\/\\\/noticiasmercedinas.com\\\/site\\\/#website\",\"url\":\"https:\\\/\\\/noticiasmercedinas.com\\\/site\\\/\",\"name\":\"NOTICIASMERCEDINAS.COM\",\"description\":\"Mercedes, Buenos Aires, Argentina\",\"publisher\":{\"@id\":\"https:\\\/\\\/noticiasmercedinas.com\\\/site\\\/#organization\"},\"potentialAction\":[{\"@type\":\"SearchAction\",\"target\":{\"@type\":\"EntryPoint\",\"urlTemplate\":\"https:\\\/\\\/noticiasmercedinas.com\\\/site\\\/?s={search_term_string}\"},\"query-input\":{\"@type\":\"PropertyValueSpecification\",\"valueRequired\":true,\"valueName\":\"search_term_string\"}}],\"inLanguage\":\"es\"},{\"@type\":\"Organization\",\"@id\":\"https:\\\/\\\/noticiasmercedinas.com\\\/site\\\/#organization\",\"name\":\"NOTICIASMERCEDINAS.COM\",\"url\":\"https:\\\/\\\/noticiasmercedinas.com\\\/site\\\/\",\"logo\":{\"@type\":\"ImageObject\",\"inLanguage\":\"es\",\"@id\":\"https:\\\/\\\/noticiasmercedinas.com\\\/site\\\/#\\\/schema\\\/logo\\\/image\\\/\",\"url\":\"https:\\\/\\\/noticiasmercedinas.com\\\/site\\\/wp-content\\\/uploads\\\/2020\\\/06\\\/LOGO-512.jpg\",\"contentUrl\":\"https:\\\/\\\/noticiasmercedinas.com\\\/site\\\/wp-content\\\/uploads\\\/2020\\\/06\\\/LOGO-512.jpg\",\"width\":512,\"height\":512,\"caption\":\"NOTICIASMERCEDINAS.COM\"},\"image\":{\"@id\":\"https:\\\/\\\/noticiasmercedinas.com\\\/site\\\/#\\\/schema\\\/logo\\\/image\\\/\"},\"sameAs\":[\"https:\\\/\\\/www.facebook.com\\\/noticiasmercedinas\\\/\",\"https:\\\/\\\/x.com\\\/notmercedinas\",\"https:\\\/\\\/www.instagram.com\\\/noticiasmercedinas\\\/\"]},{\"@type\":\"Person\",\"@id\":\"https:\\\/\\\/noticiasmercedinas.com\\\/site\\\/#\\\/schema\\\/person\\\/84b59c099c28ff2e8b77d4ceec5d8063\",\"name\":\"NOTICIASMERCEDINAS.COM\",\"image\":{\"@type\":\"ImageObject\",\"inLanguage\":\"es\",\"@id\":\"https:\\\/\\\/secure.gravatar.com\\\/avatar\\\/4dfbf16b4d17945bfb6341b2d19043457132fcf478a5ee04f42e959fd8f5df0a?s=96&d=mm&r=g\",\"url\":\"https:\\\/\\\/secure.gravatar.com\\\/avatar\\\/4dfbf16b4d17945bfb6341b2d19043457132fcf478a5ee04f42e959fd8f5df0a?s=96&d=mm&r=g\",\"contentUrl\":\"https:\\\/\\\/secure.gravatar.com\\\/avatar\\\/4dfbf16b4d17945bfb6341b2d19043457132fcf478a5ee04f42e959fd8f5df0a?s=96&d=mm&r=g\",\"caption\":\"NOTICIASMERCEDINAS.COM\"},\"url\":\"https:\\\/\\\/noticiasmercedinas.com\\\/site\\\/author\\\/anonimo\\\/\"}]}<\/script>\n<!-- \/ Yoast SEO plugin. -->","yoast_head_json":{"title":"Inauguraron el und\u00e9cimo Espacio de Primera Infancia en la ciudad, en el barrio 12 de Octubre","description":"Consolidan pol\u00edtica p\u00fablica que busca garantizar igualdad de oportunidades desde los primeros a\u00f1os de vida. Para el municipio, se trata de una herramienta clave en la construcci\u00f3n de comunidad y en la defensa del rol del Estado en materia de educaci\u00f3n y cuidado.","robots":{"index":"index","follow":"follow","max-snippet":"max-snippet:-1","max-image-preview":"max-image-preview:large","max-video-preview":"max-video-preview:-1"},"canonical":"https:\/\/noticiasmercedinas.com\/site\/2025\/08\/22\/inauguraron-el-undecimo-espacio-de-primera-infancia-en-la-ciudad-en-el-barrio-12-de-octubre\/","og_locale":"es_ES","og_type":"article","og_title":"Inauguraron el und\u00e9cimo Espacio de Primera Infancia en la ciudad, en el barrio 12 de Octubre","og_description":"Consolidan pol\u00edtica p\u00fablica que busca garantizar igualdad de oportunidades desde los primeros a\u00f1os de vida. Para el municipio, se trata de una herramienta clave en la construcci\u00f3n de comunidad y en la defensa del rol del Estado en materia de educaci\u00f3n y cuidado.","og_url":"https:\/\/noticiasmercedinas.com\/site\/2025\/08\/22\/inauguraron-el-undecimo-espacio-de-primera-infancia-en-la-ciudad-en-el-barrio-12-de-octubre\/","og_site_name":"NOTICIASMERCEDINAS.COM","article_publisher":"https:\/\/www.facebook.com\/noticiasmercedinas\/","article_published_time":"2025-08-22T18:55:20+00:00","article_modified_time":"2025-08-22T18:58:47+00:00","og_image":[{"width":2560,"height":1707,"url":"https:\/\/noticiasmercedinas.com\/site\/wp-content\/uploads\/2025\/08\/Gy9-VmoWUAA65Ku-scaled.jpg","type":"image\/jpeg"}],"author":"NOTICIASMERCEDINAS.COM","twitter_card":"summary_large_image","twitter_creator":"@notmercedinas","twitter_site":"@notmercedinas","twitter_misc":{"Escrito por":"NOTICIASMERCEDINAS.COM","Tiempo de lectura":"4 minutos"},"schema":{"@context":"https:\/\/schema.org","@graph":[{"@type":"Article","@id":"https:\/\/noticiasmercedinas.com\/site\/2025\/08\/22\/inauguraron-el-undecimo-espacio-de-primera-infancia-en-la-ciudad-en-el-barrio-12-de-octubre\/#article","isPartOf":{"@id":"https:\/\/noticiasmercedinas.com\/site\/2025\/08\/22\/inauguraron-el-undecimo-espacio-de-primera-infancia-en-la-ciudad-en-el-barrio-12-de-octubre\/"},"author":{"name":"NOTICIASMERCEDINAS.COM","@id":"https:\/\/noticiasmercedinas.com\/site\/#\/schema\/person\/84b59c099c28ff2e8b77d4ceec5d8063"},"headline":"Inauguraron el und\u00e9cimo Espacio de Primera Infancia en la ciudad, en el barrio 12 de Octubre","datePublished":"2025-08-22T18:55:20+00:00","dateModified":"2025-08-22T18:58:47+00:00","mainEntityOfPage":{"@id":"https:\/\/noticiasmercedinas.com\/site\/2025\/08\/22\/inauguraron-el-undecimo-espacio-de-primera-infancia-en-la-ciudad-en-el-barrio-12-de-octubre\/"},"wordCount":672,"publisher":{"@id":"https:\/\/noticiasmercedinas.com\/site\/#organization"},"image":{"@id":"https:\/\/noticiasmercedinas.com\/site\/2025\/08\/22\/inauguraron-el-undecimo-espacio-de-primera-infancia-en-la-ciudad-en-el-barrio-12-de-octubre\/#primaryimage"},"thumbnailUrl":"https:\/\/noticiasmercedinas.com\/site\/wp-content\/uploads\/2025\/08\/Gy9-VmoWUAA65Ku-scaled.jpg","keywords":["barrio 12 de octubre","epi","primera infancia"],"articleSection":["Sociedad","Ultimo momento"],"inLanguage":"es"},{"@type":"WebPage","@id":"https:\/\/noticiasmercedinas.com\/site\/2025\/08\/22\/inauguraron-el-undecimo-espacio-de-primera-infancia-en-la-ciudad-en-el-barrio-12-de-octubre\/","url":"https:\/\/noticiasmercedinas.com\/site\/2025\/08\/22\/inauguraron-el-undecimo-espacio-de-primera-infancia-en-la-ciudad-en-el-barrio-12-de-octubre\/","name":"Inauguraron el und\u00e9cimo Espacio de Primera Infancia en la ciudad, en el barrio 12 de Octubre","isPartOf":{"@id":"https:\/\/noticiasmercedinas.com\/site\/#website"},"primaryImageOfPage":{"@id":"https:\/\/noticiasmercedinas.com\/site\/2025\/08\/22\/inauguraron-el-undecimo-espacio-de-primera-infancia-en-la-ciudad-en-el-barrio-12-de-octubre\/#primaryimage"},"image":{"@id":"https:\/\/noticiasmercedinas.com\/site\/2025\/08\/22\/inauguraron-el-undecimo-espacio-de-primera-infancia-en-la-ciudad-en-el-barrio-12-de-octubre\/#primaryimage"},"thumbnailUrl":"https:\/\/noticiasmercedinas.com\/site\/wp-content\/uploads\/2025\/08\/Gy9-VmoWUAA65Ku-scaled.jpg","datePublished":"2025-08-22T18:55:20+00:00","dateModified":"2025-08-22T18:58:47+00:00","description":"Consolidan pol\u00edtica p\u00fablica que busca garantizar igualdad de oportunidades desde los primeros a\u00f1os de vida. Para el municipio, se trata de una herramienta clave en la construcci\u00f3n de comunidad y en la defensa del rol del Estado en materia de educaci\u00f3n y cuidado.","breadcrumb":{"@id":"https:\/\/noticiasmercedinas.com\/site\/2025\/08\/22\/inauguraron-el-undecimo-espacio-de-primera-infancia-en-la-ciudad-en-el-barrio-12-de-octubre\/#breadcrumb"},"inLanguage":"es","potentialAction":[{"@type":"ReadAction","target":["https:\/\/noticiasmercedinas.com\/site\/2025\/08\/22\/inauguraron-el-undecimo-espacio-de-primera-infancia-en-la-ciudad-en-el-barrio-12-de-octubre\/"]}]},{"@type":"ImageObject","inLanguage":"es","@id":"https:\/\/noticiasmercedinas.com\/site\/2025\/08\/22\/inauguraron-el-undecimo-espacio-de-primera-infancia-en-la-ciudad-en-el-barrio-12-de-octubre\/#primaryimage","url":"https:\/\/noticiasmercedinas.com\/site\/wp-content\/uploads\/2025\/08\/Gy9-VmoWUAA65Ku-scaled.jpg","contentUrl":"https:\/\/noticiasmercedinas.com\/site\/wp-content\/uploads\/2025\/08\/Gy9-VmoWUAA65Ku-scaled.jpg","width":2560,"height":1707},{"@type":"BreadcrumbList","@id":"https:\/\/noticiasmercedinas.com\/site\/2025\/08\/22\/inauguraron-el-undecimo-espacio-de-primera-infancia-en-la-ciudad-en-el-barrio-12-de-octubre\/#breadcrumb","itemListElement":[{"@type":"ListItem","position":1,"name":"Portada","item":"https:\/\/noticiasmercedinas.com\/site\/"},{"@type":"ListItem","position":2,"name":"Inauguraron el und\u00e9cimo Espacio de Primera Infancia en la ciudad, en el barrio 12 de Octubre"}]},{"@type":"WebSite","@id":"https:\/\/noticiasmercedinas.com\/site\/#website","url":"https:\/\/noticiasmercedinas.com\/site\/","name":"NOTICIASMERCEDINAS.COM","description":"Mercedes, Buenos Aires, Argentina","publisher":{"@id":"https:\/\/noticiasmercedinas.com\/site\/#organization"},"potentialAction":[{"@type":"SearchAction","target":{"@type":"EntryPoint","urlTemplate":"https:\/\/noticiasmercedinas.com\/site\/?s={search_term_string}"},"query-input":{"@type":"PropertyValueSpecification","valueRequired":true,"valueName":"search_term_string"}}],"inLanguage":"es"},{"@type":"Organization","@id":"https:\/\/noticiasmercedinas.com\/site\/#organization","name":"NOTICIASMERCEDINAS.COM","url":"https:\/\/noticiasmercedinas.com\/site\/","logo":{"@type":"ImageObject","inLanguage":"es","@id":"https:\/\/noticiasmercedinas.com\/site\/#\/schema\/logo\/image\/","url":"https:\/\/noticiasmercedinas.com\/site\/wp-content\/uploads\/2020\/06\/LOGO-512.jpg","contentUrl":"https:\/\/noticiasmercedinas.com\/site\/wp-content\/uploads\/2020\/06\/LOGO-512.jpg","width":512,"height":512,"caption":"NOTICIASMERCEDINAS.COM"},"image":{"@id":"https:\/\/noticiasmercedinas.com\/site\/#\/schema\/logo\/image\/"},"sameAs":["https:\/\/www.facebook.com\/noticiasmercedinas\/","https:\/\/x.com\/notmercedinas","https:\/\/www.instagram.com\/noticiasmercedinas\/"]},{"@type":"Person","@id":"https:\/\/noticiasmercedinas.com\/site\/#\/schema\/person\/84b59c099c28ff2e8b77d4ceec5d8063","name":"NOTICIASMERCEDINAS.COM","image":{"@type":"ImageObject","inLanguage":"es","@id":"https:\/\/secure.gravatar.com\/avatar\/4dfbf16b4d17945bfb6341b2d19043457132fcf478a5ee04f42e959fd8f5df0a?s=96&d=mm&r=g","url":"https:\/\/secure.gravatar.com\/avatar\/4dfbf16b4d17945bfb6341b2d19043457132fcf478a5ee04f42e959fd8f5df0a?s=96&d=mm&r=g","contentUrl":"https:\/\/secure.gravatar.com\/avatar\/4dfbf16b4d17945bfb6341b2d19043457132fcf478a5ee04f42e959fd8f5df0a?s=96&d=mm&r=g","caption":"NOTICIASMERCEDINAS.COM"},"url":"https:\/\/noticiasmercedinas.com\/site\/author\/anonimo\/"}]}},"amp_enabled":true,"_links":{"self":[{"href":"https:\/\/noticiasmercedinas.com\/site\/wp-json\/wp\/v2\/posts\/167478","targetHints":{"allow":["GET"]}}],"collection":[{"href":"https:\/\/noticiasmercedinas.com\/site\/wp-json\/wp\/v2\/posts"}],"about":[{"href":"https:\/\/noticiasmercedinas.com\/site\/wp-json\/wp\/v2\/types\/post"}],"author":[{"embeddable":true,"href":"https:\/\/noticiasmercedinas.com\/site\/wp-json\/wp\/v2\/users\/16"}],"replies":[{"embeddable":true,"href":"https:\/\/noticiasmercedinas.com\/site\/wp-json\/wp\/v2\/comments?post=167478"}],"version-history":[{"count":1,"href":"https:\/\/noticiasmercedinas.com\/site\/wp-json\/wp\/v2\/posts\/167478\/revisions"}],"predecessor-version":[{"id":167482,"href":"https:\/\/noticiasmercedinas.com\/site\/wp-json\/wp\/v2\/posts\/167478\/revisions\/167482"}],"wp:featuredmedia":[{"embeddable":true,"href":"https:\/\/noticiasmercedinas.com\/site\/wp-json\/wp\/v2\/media\/167480"}],"wp:attachment":[{"href":"https:\/\/noticiasmercedinas.com\/site\/wp-json\/wp\/v2\/media?parent=167478"}],"wp:term":[{"taxonomy":"category","embeddable":true,"href":"https:\/\/noticiasmercedinas.com\/site\/wp-json\/wp\/v2\/categories?post=167478"},{"taxonomy":"post_tag","embeddable":true,"href":"https:\/\/noticiasmercedinas.com\/site\/wp-json\/wp\/v2\/tags?post=167478"}],"curies":[{"name":"wp","href":"https:\/\/api.w.org\/{rel}","templated":true}]}}