{"id":167783,"date":"2025-08-25T12:39:14","date_gmt":"2025-08-25T15:39:14","guid":{"rendered":"https:\/\/noticiasmercedinas.com\/site\/?p=167783"},"modified":"2025-08-25T12:40:09","modified_gmt":"2025-08-25T15:40:09","slug":"maria-eugenia-talerico-en-mercedes-dura-critica-a-la-casta-corrupta-y-al-desinteres-electoral","status":"publish","type":"post","link":"https:\/\/noticiasmercedinas.com\/site\/2025\/08\/25\/maria-eugenia-talerico-en-mercedes-dura-critica-a-la-casta-corrupta-y-al-desinteres-electoral\/","title":{"rendered":"Mar\u00eda Eugenia Talerico en Mercedes: dura cr\u00edtica a la \u00abcasta corrupta\u00bb y al desinter\u00e9s electoral"},"content":{"rendered":"<p><img loading=\"lazy\" decoding=\"async\" class=\"alignnone size-full wp-image-167785\" src=\"https:\/\/noticiasmercedinas.com\/site\/wp-content\/uploads\/2025\/08\/TALLER-1.jpg\" alt=\"\" width=\"1599\" height=\"867\" srcset=\"https:\/\/noticiasmercedinas.com\/site\/wp-content\/uploads\/2025\/08\/TALLER-1.jpg 1599w, https:\/\/noticiasmercedinas.com\/site\/wp-content\/uploads\/2025\/08\/TALLER-1-300x163.jpg 300w, https:\/\/noticiasmercedinas.com\/site\/wp-content\/uploads\/2025\/08\/TALLER-1-1024x555.jpg 1024w, https:\/\/noticiasmercedinas.com\/site\/wp-content\/uploads\/2025\/08\/TALLER-1-768x416.jpg 768w, https:\/\/noticiasmercedinas.com\/site\/wp-content\/uploads\/2025\/08\/TALLER-1-1536x833.jpg 1536w, https:\/\/noticiasmercedinas.com\/site\/wp-content\/uploads\/2025\/08\/TALLER-1-640x347.jpg 640w, https:\/\/noticiasmercedinas.com\/site\/wp-content\/uploads\/2025\/08\/TALLER-1-1280x694.jpg 1280w, https:\/\/noticiasmercedinas.com\/site\/wp-content\/uploads\/2025\/08\/TALLER-1-681x369.jpg 681w, https:\/\/noticiasmercedinas.com\/site\/wp-content\/uploads\/2025\/08\/TALLER-1-1362x738.jpg 1362w\" sizes=\"auto, (max-width: 1599px) 100vw, 1599px\" \/><\/p>\n<p>En su visita a la ciudad de Mercedes, la candidata a diputada nacional por la provincia de Buenos Aires, <b>Mar\u00eda Eugenia Talerico<\/b>, encabez\u00f3 una conferencia de prensa en el Hotel Mercedes, donde no dud\u00f3 en arremeter contra lo que denomin\u00f3 la \u00abcasta corrupta\u00bb del sistema pol\u00edtico y la falta de \u00abcoherencia\u00bb en la sucesi\u00f3n del poder. Adem\u00e1s estuvo en la ciudad el candidato a senador por la primera secci\u00f3n, doctor <strong>F\u00e9lix Vicente Lonigro<\/strong>.<\/p>\n<p>Talerico fue acompa\u00f1ada en su presentaci\u00f3n por los candidatos locales de la lista <b>Potencia<\/b>, con <b>Carlos Mosso<\/b> a la cabeza entre los que buscan llegar al Concejo Deliberante. Y manifest\u00f3 su \u00abhartazgo\u00bb con la \u00absucesi\u00f3n pol\u00edtica que se da en el poder\u00bb y la \u00abdecadencia espeluznante\u00bb que percibe en los \u00edndices de pobreza.<\/p>\n<p>\u00abTodos fingen demencia, pero tenemos que ser coherentes. Yo estoy re podrida de la sucesi\u00f3n pol\u00edtica que se da en el poder. No hay que hacer descendencia y ser siempre parientes. Los \u00edndices de pobreza y la decadencia es espeluznantes. Es un sistema que nos hunde a todos y eso nos tiene que rebelar\u00bb, sentenci\u00f3 Talerico, quien encabeza la lista de senadores provinciales por la Primera Secci\u00f3n Electoral.<\/p>\n<blockquote><p>Talerico manifest\u00f3 su \u00abhartazgo\u00bb con la \u00absucesi\u00f3n pol\u00edtica que se da en el poder\u00bb y la \u00abdecadencia espeluznante\u00bb que percibe en los \u00edndices de pobreza.<\/p><\/blockquote>\n<p><b>Confusi\u00f3n y des\u00e1nimo electoral<br \/>\n<\/b>Respecto al clima electoral, la candidata admiti\u00f3 que el desdoblamiento de las elecciones ha generado confusi\u00f3n entre los ciudadanos. \u00abA veces la gente no sabe qu\u00e9 es lo que est\u00e1 votando en esta oportunidad\u00bb, indic\u00f3, explicando que el 7 de septiembre se eligen concejales y legisladores provinciales, mientras que el 26 de octubre se votar\u00e1 para el Congreso Nacional.<\/p>\n<p>Talerico lament\u00f3 percibir \u00abmenos ganas de ir a votar\u00bb, una situaci\u00f3n que considera preocupante en un momento en el que, a su juicio, se necesitan \u00abpersonas que se comprometan con la reconstrucci\u00f3n\u00bb. Sin embargo, se mostr\u00f3 optimista en que su espacio pueda \u00abdevolver confianza y entusiasmo para votar\u00bb en los \u00faltimos d\u00edas de campa\u00f1a.<\/p>\n<blockquote><p>Talerico critic\u00f3 el \u00abentorno\u00bb que ha comenzado a rodear al presidente Milei y la frustraci\u00f3n que le causa que algunos componentes de la \u00abcasta corrupta\u00bb hayan vuelto a los c\u00edrculos de poder<\/p><\/blockquote>\n<p>Consultada sobre las denuncias de corrupci\u00f3n que se asocian al gobierno actual, Talerico fue tajante al diferenciarlo del kirchnerismo. Si bien expres\u00f3 su \u00abalarma y angustia\u00bb por lo que est\u00e1 sucediendo, aclar\u00f3 que \u00abno hay corrupci\u00f3n que se pueda asimilar a lo que nos pas\u00f3 en los a\u00f1os del kirchnerismo, donde se hab\u00eda organizado durante demasiados a\u00f1os un sistema que se llev\u00f3 demasiado dinero\u00bb.<\/p>\n<p>No obstante, critic\u00f3 el \u00abentorno\u00bb que ha comenzado a rodear al presidente Milei y la frustraci\u00f3n que le causa que algunos componentes de la \u00abcasta corrupta\u00bb hayan vuelto a los c\u00edrculos de poder. En este sentido, record\u00f3 su lucha para evitar que el juez Lijo llegara a la Corte Suprema, un caso que, seg\u00fan ella, ahora \u00abse explican algunas cosas\u00bb.<\/p>\n<p>Talerico se refiri\u00f3 al caso Vialidad y la condena de la expresidenta Cristina Fern\u00e1ndez de Kirchner, un proceso del que fue parte en la reconstrucci\u00f3n de pruebas. Para ella, la condena es un \u00abtriunfo de la justicia por sobre la cantidad de obst\u00e1culos que pone la pol\u00edtica para buscar impunidad\u00bb. Si bien reconoci\u00f3 que el proceso es \u00abdemasiado lento\u00bb, celebr\u00f3 que signifique \u00abel fin de la impunidad de la corrupci\u00f3n\u00bb.<\/p>\n<p><b>\u00abPotencia\u00bb como una alternativa para romper la polarizaci\u00f3n<br \/>\n<\/b>Al ser consultada sobre c\u00f3mo su espacio busca convencer a los votantes esc\u00e9pticos, Talerico defini\u00f3 a Potencia como un espacio nuevo, surgido ante lo que consider\u00f3 un amontonamiento de pol\u00edticos en otros frentes. \u00abSalimos a ponerle el hombro a la construcci\u00f3n de un espacio nuevo&#8230; donde nos conocen\u00bb, dijo, afirmando que su espacio es una opci\u00f3n para aquellos que no quieren votar \u00abni por oposici\u00f3n, ni por descarte\u00bb.<\/p>\n<p>Finalmente, al referirse al PRO y a Mauricio Macri, Talerico consider\u00f3 que el expresidente \u00abha tomado la decisi\u00f3n pol\u00edtica, desde mi punto de vista equivocada, de subirse a una ola violeta\u00bb, lo que, en su opini\u00f3n, los aleja de los valores y conceptos del republicanismo.<\/p>\n<p><img loading=\"lazy\" decoding=\"async\" class=\"alignnone size-full wp-image-167787\" src=\"https:\/\/noticiasmercedinas.com\/site\/wp-content\/uploads\/2025\/08\/TALERICO.jpg\" alt=\"\" width=\"1600\" height=\"964\" srcset=\"https:\/\/noticiasmercedinas.com\/site\/wp-content\/uploads\/2025\/08\/TALERICO.jpg 1600w, https:\/\/noticiasmercedinas.com\/site\/wp-content\/uploads\/2025\/08\/TALERICO-300x181.jpg 300w, https:\/\/noticiasmercedinas.com\/site\/wp-content\/uploads\/2025\/08\/TALERICO-1024x617.jpg 1024w, https:\/\/noticiasmercedinas.com\/site\/wp-content\/uploads\/2025\/08\/TALERICO-768x463.jpg 768w, https:\/\/noticiasmercedinas.com\/site\/wp-content\/uploads\/2025\/08\/TALERICO-1536x925.jpg 1536w, https:\/\/noticiasmercedinas.com\/site\/wp-content\/uploads\/2025\/08\/TALERICO-640x386.jpg 640w, https:\/\/noticiasmercedinas.com\/site\/wp-content\/uploads\/2025\/08\/TALERICO-1280x771.jpg 1280w, https:\/\/noticiasmercedinas.com\/site\/wp-content\/uploads\/2025\/08\/TALERICO-681x410.jpg 681w, https:\/\/noticiasmercedinas.com\/site\/wp-content\/uploads\/2025\/08\/TALERICO-1362x821.jpg 1362w\" sizes=\"auto, (max-width: 1600px) 100vw, 1600px\" \/><\/p>\n","protected":false},"excerpt":{"rendered":"<p>\u25a0\u00a0La candidata de Potencia estuvo junto a Carlos Mosso e integrantes de la lista local y denunci\u00f3 que el sistema pol\u00edtico actual \u00abnos hunde a todos\u00bb y lament\u00f3 la confusi\u00f3n y el desgano de los votantes de cara a los comicios de septiembre y octubre. \u00abFingen demencia\u00bb, dijo sobre la clase dirigente.<\/p>\n","protected":false},"author":2,"featured_media":167785,"comment_status":"closed","ping_status":"closed","sticky":false,"template":"","format":"standard","meta":{"footnotes":""},"categories":[16,20734],"tags":[668,19953,16999,10466],"class_list":["post-167783","post","type-post","status-publish","format-standard","has-post-thumbnail","hentry","category-politica","category-ultimo-momento","tag-carlos-mosso","tag-elecciones-2025","tag-maria-eugenia-talerico","tag-potencia"],"yoast_head":"<!-- This site is optimized with the Yoast SEO plugin v27.5 - https:\/\/yoast.com\/product\/yoast-seo-wordpress\/ -->\n<title>Mar\u00eda Eugenia Talerico en Mercedes: dura cr\u00edtica a la &quot;casta corrupta&quot; y al desinter\u00e9s electoral<\/title>\n<meta name=\"description\" content=\"\u25a0\u00a0La candidata de Potencia estuvo junto a Carlos Mosso e integrantes de la lista local y denunci\u00f3 que el sistema pol\u00edtico actual &quot;nos hunde a todos&quot; y lament\u00f3 la confusi\u00f3n y el desgano de los votantes de cara a los comicios de septiembre y octubre. &quot;Fingen demencia&quot;, dijo sobre la clase dirigente.\" \/>\n<meta name=\"robots\" content=\"index, follow, max-snippet:-1, max-image-preview:large, max-video-preview:-1\" \/>\n<link rel=\"canonical\" href=\"https:\/\/noticiasmercedinas.com\/site\/2025\/08\/25\/maria-eugenia-talerico-en-mercedes-dura-critica-a-la-casta-corrupta-y-al-desinteres-electoral\/\" \/>\n<meta property=\"og:locale\" content=\"es_ES\" \/>\n<meta property=\"og:type\" content=\"article\" \/>\n<meta property=\"og:title\" content=\"Mar\u00eda Eugenia Talerico en Mercedes: dura cr\u00edtica a la &quot;casta corrupta&quot; y al desinter\u00e9s electoral\" \/>\n<meta property=\"og:description\" content=\"\u25a0\u00a0La candidata de Potencia estuvo junto a Carlos Mosso e integrantes de la lista local y denunci\u00f3 que el sistema pol\u00edtico actual &quot;nos hunde a todos&quot; y lament\u00f3 la confusi\u00f3n y el desgano de los votantes de cara a los comicios de septiembre y octubre. &quot;Fingen demencia&quot;, dijo sobre la clase dirigente.\" \/>\n<meta property=\"og:url\" content=\"https:\/\/noticiasmercedinas.com\/site\/2025\/08\/25\/maria-eugenia-talerico-en-mercedes-dura-critica-a-la-casta-corrupta-y-al-desinteres-electoral\/\" \/>\n<meta property=\"og:site_name\" content=\"NOTICIASMERCEDINAS.COM\" \/>\n<meta property=\"article:publisher\" content=\"https:\/\/www.facebook.com\/noticiasmercedinas\/\" \/>\n<meta property=\"article:author\" content=\"https:\/\/www.facebook.com\/cristian.falabella\" \/>\n<meta property=\"article:published_time\" content=\"2025-08-25T15:39:14+00:00\" \/>\n<meta property=\"article:modified_time\" content=\"2025-08-25T15:40:09+00:00\" \/>\n<meta property=\"og:image\" content=\"https:\/\/noticiasmercedinas.com\/site\/wp-content\/uploads\/2025\/08\/TALLER-1.jpg\" \/>\n\t<meta property=\"og:image:width\" content=\"1599\" \/>\n\t<meta property=\"og:image:height\" content=\"867\" \/>\n\t<meta property=\"og:image:type\" content=\"image\/jpeg\" \/>\n<meta name=\"author\" content=\"Cristian Falabella NOTICIASMERCEDINAS.COM\" \/>\n<meta name=\"twitter:card\" content=\"summary_large_image\" \/>\n<meta name=\"twitter:creator\" content=\"@https:\/\/twitter.com\/NOTMERCEDINAS\" \/>\n<meta name=\"twitter:site\" content=\"@notmercedinas\" \/>\n<meta name=\"twitter:label1\" content=\"Escrito por\" \/>\n\t<meta name=\"twitter:data1\" content=\"Cristian Falabella NOTICIASMERCEDINAS.COM\" \/>\n\t<meta name=\"twitter:label2\" content=\"Tiempo de lectura\" \/>\n\t<meta name=\"twitter:data2\" content=\"4 minutos\" \/>\n<script type=\"application\/ld+json\" class=\"yoast-schema-graph\">{\"@context\":\"https:\\\/\\\/schema.org\",\"@graph\":[{\"@type\":\"Article\",\"@id\":\"https:\\\/\\\/noticiasmercedinas.com\\\/site\\\/2025\\\/08\\\/25\\\/maria-eugenia-talerico-en-mercedes-dura-critica-a-la-casta-corrupta-y-al-desinteres-electoral\\\/#article\",\"isPartOf\":{\"@id\":\"https:\\\/\\\/noticiasmercedinas.com\\\/site\\\/2025\\\/08\\\/25\\\/maria-eugenia-talerico-en-mercedes-dura-critica-a-la-casta-corrupta-y-al-desinteres-electoral\\\/\"},\"author\":{\"name\":\"Cristian Falabella NOTICIASMERCEDINAS.COM\",\"@id\":\"https:\\\/\\\/noticiasmercedinas.com\\\/site\\\/#\\\/schema\\\/person\\\/d481a9696a5feaec13a60e2bbd991a6a\"},\"headline\":\"Mar\u00eda Eugenia Talerico en Mercedes: dura cr\u00edtica a la \u00abcasta corrupta\u00bb y al desinter\u00e9s electoral\",\"datePublished\":\"2025-08-25T15:39:14+00:00\",\"dateModified\":\"2025-08-25T15:40:09+00:00\",\"mainEntityOfPage\":{\"@id\":\"https:\\\/\\\/noticiasmercedinas.com\\\/site\\\/2025\\\/08\\\/25\\\/maria-eugenia-talerico-en-mercedes-dura-critica-a-la-casta-corrupta-y-al-desinteres-electoral\\\/\"},\"wordCount\":746,\"publisher\":{\"@id\":\"https:\\\/\\\/noticiasmercedinas.com\\\/site\\\/#organization\"},\"image\":{\"@id\":\"https:\\\/\\\/noticiasmercedinas.com\\\/site\\\/2025\\\/08\\\/25\\\/maria-eugenia-talerico-en-mercedes-dura-critica-a-la-casta-corrupta-y-al-desinteres-electoral\\\/#primaryimage\"},\"thumbnailUrl\":\"https:\\\/\\\/noticiasmercedinas.com\\\/site\\\/wp-content\\\/uploads\\\/2025\\\/08\\\/TALLER-1.jpg\",\"keywords\":[\"carlos mosso\",\"elecciones 2025\",\"maria eugenia talerico\",\"potencia\"],\"articleSection\":[\"Politica\",\"Ultimo momento\"],\"inLanguage\":\"es\"},{\"@type\":\"WebPage\",\"@id\":\"https:\\\/\\\/noticiasmercedinas.com\\\/site\\\/2025\\\/08\\\/25\\\/maria-eugenia-talerico-en-mercedes-dura-critica-a-la-casta-corrupta-y-al-desinteres-electoral\\\/\",\"url\":\"https:\\\/\\\/noticiasmercedinas.com\\\/site\\\/2025\\\/08\\\/25\\\/maria-eugenia-talerico-en-mercedes-dura-critica-a-la-casta-corrupta-y-al-desinteres-electoral\\\/\",\"name\":\"Mar\u00eda Eugenia Talerico en Mercedes: dura cr\u00edtica a la \\\"casta corrupta\\\" y al desinter\u00e9s electoral\",\"isPartOf\":{\"@id\":\"https:\\\/\\\/noticiasmercedinas.com\\\/site\\\/#website\"},\"primaryImageOfPage\":{\"@id\":\"https:\\\/\\\/noticiasmercedinas.com\\\/site\\\/2025\\\/08\\\/25\\\/maria-eugenia-talerico-en-mercedes-dura-critica-a-la-casta-corrupta-y-al-desinteres-electoral\\\/#primaryimage\"},\"image\":{\"@id\":\"https:\\\/\\\/noticiasmercedinas.com\\\/site\\\/2025\\\/08\\\/25\\\/maria-eugenia-talerico-en-mercedes-dura-critica-a-la-casta-corrupta-y-al-desinteres-electoral\\\/#primaryimage\"},\"thumbnailUrl\":\"https:\\\/\\\/noticiasmercedinas.com\\\/site\\\/wp-content\\\/uploads\\\/2025\\\/08\\\/TALLER-1.jpg\",\"datePublished\":\"2025-08-25T15:39:14+00:00\",\"dateModified\":\"2025-08-25T15:40:09+00:00\",\"description\":\"\u25a0\u00a0La candidata de Potencia estuvo junto a Carlos Mosso e integrantes de la lista local y denunci\u00f3 que el sistema pol\u00edtico actual \\\"nos hunde a todos\\\" y lament\u00f3 la confusi\u00f3n y el desgano de los votantes de cara a los comicios de septiembre y octubre. \\\"Fingen demencia\\\", dijo sobre la clase dirigente.\",\"breadcrumb\":{\"@id\":\"https:\\\/\\\/noticiasmercedinas.com\\\/site\\\/2025\\\/08\\\/25\\\/maria-eugenia-talerico-en-mercedes-dura-critica-a-la-casta-corrupta-y-al-desinteres-electoral\\\/#breadcrumb\"},\"inLanguage\":\"es\",\"potentialAction\":[{\"@type\":\"ReadAction\",\"target\":[\"https:\\\/\\\/noticiasmercedinas.com\\\/site\\\/2025\\\/08\\\/25\\\/maria-eugenia-talerico-en-mercedes-dura-critica-a-la-casta-corrupta-y-al-desinteres-electoral\\\/\"]}]},{\"@type\":\"ImageObject\",\"inLanguage\":\"es\",\"@id\":\"https:\\\/\\\/noticiasmercedinas.com\\\/site\\\/2025\\\/08\\\/25\\\/maria-eugenia-talerico-en-mercedes-dura-critica-a-la-casta-corrupta-y-al-desinteres-electoral\\\/#primaryimage\",\"url\":\"https:\\\/\\\/noticiasmercedinas.com\\\/site\\\/wp-content\\\/uploads\\\/2025\\\/08\\\/TALLER-1.jpg\",\"contentUrl\":\"https:\\\/\\\/noticiasmercedinas.com\\\/site\\\/wp-content\\\/uploads\\\/2025\\\/08\\\/TALLER-1.jpg\",\"width\":1599,\"height\":867},{\"@type\":\"BreadcrumbList\",\"@id\":\"https:\\\/\\\/noticiasmercedinas.com\\\/site\\\/2025\\\/08\\\/25\\\/maria-eugenia-talerico-en-mercedes-dura-critica-a-la-casta-corrupta-y-al-desinteres-electoral\\\/#breadcrumb\",\"itemListElement\":[{\"@type\":\"ListItem\",\"position\":1,\"name\":\"Portada\",\"item\":\"https:\\\/\\\/noticiasmercedinas.com\\\/site\\\/\"},{\"@type\":\"ListItem\",\"position\":2,\"name\":\"Mar\u00eda Eugenia Talerico en Mercedes: dura cr\u00edtica a la \u00abcasta corrupta\u00bb y al desinter\u00e9s electoral\"}]},{\"@type\":\"WebSite\",\"@id\":\"https:\\\/\\\/noticiasmercedinas.com\\\/site\\\/#website\",\"url\":\"https:\\\/\\\/noticiasmercedinas.com\\\/site\\\/\",\"name\":\"NOTICIASMERCEDINAS.COM\",\"description\":\"Mercedes, Buenos Aires, Argentina\",\"publisher\":{\"@id\":\"https:\\\/\\\/noticiasmercedinas.com\\\/site\\\/#organization\"},\"potentialAction\":[{\"@type\":\"SearchAction\",\"target\":{\"@type\":\"EntryPoint\",\"urlTemplate\":\"https:\\\/\\\/noticiasmercedinas.com\\\/site\\\/?s={search_term_string}\"},\"query-input\":{\"@type\":\"PropertyValueSpecification\",\"valueRequired\":true,\"valueName\":\"search_term_string\"}}],\"inLanguage\":\"es\"},{\"@type\":\"Organization\",\"@id\":\"https:\\\/\\\/noticiasmercedinas.com\\\/site\\\/#organization\",\"name\":\"NOTICIASMERCEDINAS.COM\",\"url\":\"https:\\\/\\\/noticiasmercedinas.com\\\/site\\\/\",\"logo\":{\"@type\":\"ImageObject\",\"inLanguage\":\"es\",\"@id\":\"https:\\\/\\\/noticiasmercedinas.com\\\/site\\\/#\\\/schema\\\/logo\\\/image\\\/\",\"url\":\"https:\\\/\\\/noticiasmercedinas.com\\\/site\\\/wp-content\\\/uploads\\\/2020\\\/06\\\/LOGO-512.jpg\",\"contentUrl\":\"https:\\\/\\\/noticiasmercedinas.com\\\/site\\\/wp-content\\\/uploads\\\/2020\\\/06\\\/LOGO-512.jpg\",\"width\":512,\"height\":512,\"caption\":\"NOTICIASMERCEDINAS.COM\"},\"image\":{\"@id\":\"https:\\\/\\\/noticiasmercedinas.com\\\/site\\\/#\\\/schema\\\/logo\\\/image\\\/\"},\"sameAs\":[\"https:\\\/\\\/www.facebook.com\\\/noticiasmercedinas\\\/\",\"https:\\\/\\\/x.com\\\/notmercedinas\",\"https:\\\/\\\/www.instagram.com\\\/noticiasmercedinas\\\/\"]},{\"@type\":\"Person\",\"@id\":\"https:\\\/\\\/noticiasmercedinas.com\\\/site\\\/#\\\/schema\\\/person\\\/d481a9696a5feaec13a60e2bbd991a6a\",\"name\":\"Cristian Falabella NOTICIASMERCEDINAS.COM\",\"image\":{\"@type\":\"ImageObject\",\"inLanguage\":\"es\",\"@id\":\"https:\\\/\\\/secure.gravatar.com\\\/avatar\\\/0dbbfc45970cc46bcd0e57766228574ff3511d6eed045b182f536f0f478c1f06?s=96&d=mm&r=g\",\"url\":\"https:\\\/\\\/secure.gravatar.com\\\/avatar\\\/0dbbfc45970cc46bcd0e57766228574ff3511d6eed045b182f536f0f478c1f06?s=96&d=mm&r=g\",\"contentUrl\":\"https:\\\/\\\/secure.gravatar.com\\\/avatar\\\/0dbbfc45970cc46bcd0e57766228574ff3511d6eed045b182f536f0f478c1f06?s=96&d=mm&r=g\",\"caption\":\"Cristian Falabella NOTICIASMERCEDINAS.COM\"},\"description\":\"Periodista, editor de Noticias Mercedinas. Pas\u00f3 por varias redacciones y emprendimientos de prensa, en distintos formatos y \u00e9pocas. Se especializ\u00f3 --y sigue haci\u00e9ndolo-- en comunicaci\u00f3n en la web y en junio de 2006 fund\u00f3 este diario digital.\",\"sameAs\":[\"https:\\\/\\\/noticiasmercedinas.com\",\"https:\\\/\\\/www.facebook.com\\\/cristian.falabella\",\"https:\\\/\\\/www.instagram.com\\\/noticiasmercedinas\\\/\",\"https:\\\/\\\/x.com\\\/https:\\\/\\\/twitter.com\\\/NOTMERCEDINAS\"],\"url\":\"https:\\\/\\\/noticiasmercedinas.com\\\/site\\\/author\\\/as000384\\\/\"}]}<\/script>\n<!-- \/ Yoast SEO plugin. -->","yoast_head_json":{"title":"Mar\u00eda Eugenia Talerico en Mercedes: dura cr\u00edtica a la \"casta corrupta\" y al desinter\u00e9s electoral","description":"\u25a0\u00a0La candidata de Potencia estuvo junto a Carlos Mosso e integrantes de la lista local y denunci\u00f3 que el sistema pol\u00edtico actual \"nos hunde a todos\" y lament\u00f3 la confusi\u00f3n y el desgano de los votantes de cara a los comicios de septiembre y octubre. \"Fingen demencia\", dijo sobre la clase dirigente.","robots":{"index":"index","follow":"follow","max-snippet":"max-snippet:-1","max-image-preview":"max-image-preview:large","max-video-preview":"max-video-preview:-1"},"canonical":"https:\/\/noticiasmercedinas.com\/site\/2025\/08\/25\/maria-eugenia-talerico-en-mercedes-dura-critica-a-la-casta-corrupta-y-al-desinteres-electoral\/","og_locale":"es_ES","og_type":"article","og_title":"Mar\u00eda Eugenia Talerico en Mercedes: dura cr\u00edtica a la \"casta corrupta\" y al desinter\u00e9s electoral","og_description":"\u25a0\u00a0La candidata de Potencia estuvo junto a Carlos Mosso e integrantes de la lista local y denunci\u00f3 que el sistema pol\u00edtico actual \"nos hunde a todos\" y lament\u00f3 la confusi\u00f3n y el desgano de los votantes de cara a los comicios de septiembre y octubre. \"Fingen demencia\", dijo sobre la clase dirigente.","og_url":"https:\/\/noticiasmercedinas.com\/site\/2025\/08\/25\/maria-eugenia-talerico-en-mercedes-dura-critica-a-la-casta-corrupta-y-al-desinteres-electoral\/","og_site_name":"NOTICIASMERCEDINAS.COM","article_publisher":"https:\/\/www.facebook.com\/noticiasmercedinas\/","article_author":"https:\/\/www.facebook.com\/cristian.falabella","article_published_time":"2025-08-25T15:39:14+00:00","article_modified_time":"2025-08-25T15:40:09+00:00","og_image":[{"width":1599,"height":867,"url":"https:\/\/noticiasmercedinas.com\/site\/wp-content\/uploads\/2025\/08\/TALLER-1.jpg","type":"image\/jpeg"}],"author":"Cristian Falabella NOTICIASMERCEDINAS.COM","twitter_card":"summary_large_image","twitter_creator":"@https:\/\/twitter.com\/NOTMERCEDINAS","twitter_site":"@notmercedinas","twitter_misc":{"Escrito por":"Cristian Falabella NOTICIASMERCEDINAS.COM","Tiempo de lectura":"4 minutos"},"schema":{"@context":"https:\/\/schema.org","@graph":[{"@type":"Article","@id":"https:\/\/noticiasmercedinas.com\/site\/2025\/08\/25\/maria-eugenia-talerico-en-mercedes-dura-critica-a-la-casta-corrupta-y-al-desinteres-electoral\/#article","isPartOf":{"@id":"https:\/\/noticiasmercedinas.com\/site\/2025\/08\/25\/maria-eugenia-talerico-en-mercedes-dura-critica-a-la-casta-corrupta-y-al-desinteres-electoral\/"},"author":{"name":"Cristian Falabella NOTICIASMERCEDINAS.COM","@id":"https:\/\/noticiasmercedinas.com\/site\/#\/schema\/person\/d481a9696a5feaec13a60e2bbd991a6a"},"headline":"Mar\u00eda Eugenia Talerico en Mercedes: dura cr\u00edtica a la \u00abcasta corrupta\u00bb y al desinter\u00e9s electoral","datePublished":"2025-08-25T15:39:14+00:00","dateModified":"2025-08-25T15:40:09+00:00","mainEntityOfPage":{"@id":"https:\/\/noticiasmercedinas.com\/site\/2025\/08\/25\/maria-eugenia-talerico-en-mercedes-dura-critica-a-la-casta-corrupta-y-al-desinteres-electoral\/"},"wordCount":746,"publisher":{"@id":"https:\/\/noticiasmercedinas.com\/site\/#organization"},"image":{"@id":"https:\/\/noticiasmercedinas.com\/site\/2025\/08\/25\/maria-eugenia-talerico-en-mercedes-dura-critica-a-la-casta-corrupta-y-al-desinteres-electoral\/#primaryimage"},"thumbnailUrl":"https:\/\/noticiasmercedinas.com\/site\/wp-content\/uploads\/2025\/08\/TALLER-1.jpg","keywords":["carlos mosso","elecciones 2025","maria eugenia talerico","potencia"],"articleSection":["Politica","Ultimo momento"],"inLanguage":"es"},{"@type":"WebPage","@id":"https:\/\/noticiasmercedinas.com\/site\/2025\/08\/25\/maria-eugenia-talerico-en-mercedes-dura-critica-a-la-casta-corrupta-y-al-desinteres-electoral\/","url":"https:\/\/noticiasmercedinas.com\/site\/2025\/08\/25\/maria-eugenia-talerico-en-mercedes-dura-critica-a-la-casta-corrupta-y-al-desinteres-electoral\/","name":"Mar\u00eda Eugenia Talerico en Mercedes: dura cr\u00edtica a la \"casta corrupta\" y al desinter\u00e9s electoral","isPartOf":{"@id":"https:\/\/noticiasmercedinas.com\/site\/#website"},"primaryImageOfPage":{"@id":"https:\/\/noticiasmercedinas.com\/site\/2025\/08\/25\/maria-eugenia-talerico-en-mercedes-dura-critica-a-la-casta-corrupta-y-al-desinteres-electoral\/#primaryimage"},"image":{"@id":"https:\/\/noticiasmercedinas.com\/site\/2025\/08\/25\/maria-eugenia-talerico-en-mercedes-dura-critica-a-la-casta-corrupta-y-al-desinteres-electoral\/#primaryimage"},"thumbnailUrl":"https:\/\/noticiasmercedinas.com\/site\/wp-content\/uploads\/2025\/08\/TALLER-1.jpg","datePublished":"2025-08-25T15:39:14+00:00","dateModified":"2025-08-25T15:40:09+00:00","description":"\u25a0\u00a0La candidata de Potencia estuvo junto a Carlos Mosso e integrantes de la lista local y denunci\u00f3 que el sistema pol\u00edtico actual \"nos hunde a todos\" y lament\u00f3 la confusi\u00f3n y el desgano de los votantes de cara a los comicios de septiembre y octubre. \"Fingen demencia\", dijo sobre la clase dirigente.","breadcrumb":{"@id":"https:\/\/noticiasmercedinas.com\/site\/2025\/08\/25\/maria-eugenia-talerico-en-mercedes-dura-critica-a-la-casta-corrupta-y-al-desinteres-electoral\/#breadcrumb"},"inLanguage":"es","potentialAction":[{"@type":"ReadAction","target":["https:\/\/noticiasmercedinas.com\/site\/2025\/08\/25\/maria-eugenia-talerico-en-mercedes-dura-critica-a-la-casta-corrupta-y-al-desinteres-electoral\/"]}]},{"@type":"ImageObject","inLanguage":"es","@id":"https:\/\/noticiasmercedinas.com\/site\/2025\/08\/25\/maria-eugenia-talerico-en-mercedes-dura-critica-a-la-casta-corrupta-y-al-desinteres-electoral\/#primaryimage","url":"https:\/\/noticiasmercedinas.com\/site\/wp-content\/uploads\/2025\/08\/TALLER-1.jpg","contentUrl":"https:\/\/noticiasmercedinas.com\/site\/wp-content\/uploads\/2025\/08\/TALLER-1.jpg","width":1599,"height":867},{"@type":"BreadcrumbList","@id":"https:\/\/noticiasmercedinas.com\/site\/2025\/08\/25\/maria-eugenia-talerico-en-mercedes-dura-critica-a-la-casta-corrupta-y-al-desinteres-electoral\/#breadcrumb","itemListElement":[{"@type":"ListItem","position":1,"name":"Portada","item":"https:\/\/noticiasmercedinas.com\/site\/"},{"@type":"ListItem","position":2,"name":"Mar\u00eda Eugenia Talerico en Mercedes: dura cr\u00edtica a la \u00abcasta corrupta\u00bb y al desinter\u00e9s electoral"}]},{"@type":"WebSite","@id":"https:\/\/noticiasmercedinas.com\/site\/#website","url":"https:\/\/noticiasmercedinas.com\/site\/","name":"NOTICIASMERCEDINAS.COM","description":"Mercedes, Buenos Aires, Argentina","publisher":{"@id":"https:\/\/noticiasmercedinas.com\/site\/#organization"},"potentialAction":[{"@type":"SearchAction","target":{"@type":"EntryPoint","urlTemplate":"https:\/\/noticiasmercedinas.com\/site\/?s={search_term_string}"},"query-input":{"@type":"PropertyValueSpecification","valueRequired":true,"valueName":"search_term_string"}}],"inLanguage":"es"},{"@type":"Organization","@id":"https:\/\/noticiasmercedinas.com\/site\/#organization","name":"NOTICIASMERCEDINAS.COM","url":"https:\/\/noticiasmercedinas.com\/site\/","logo":{"@type":"ImageObject","inLanguage":"es","@id":"https:\/\/noticiasmercedinas.com\/site\/#\/schema\/logo\/image\/","url":"https:\/\/noticiasmercedinas.com\/site\/wp-content\/uploads\/2020\/06\/LOGO-512.jpg","contentUrl":"https:\/\/noticiasmercedinas.com\/site\/wp-content\/uploads\/2020\/06\/LOGO-512.jpg","width":512,"height":512,"caption":"NOTICIASMERCEDINAS.COM"},"image":{"@id":"https:\/\/noticiasmercedinas.com\/site\/#\/schema\/logo\/image\/"},"sameAs":["https:\/\/www.facebook.com\/noticiasmercedinas\/","https:\/\/x.com\/notmercedinas","https:\/\/www.instagram.com\/noticiasmercedinas\/"]},{"@type":"Person","@id":"https:\/\/noticiasmercedinas.com\/site\/#\/schema\/person\/d481a9696a5feaec13a60e2bbd991a6a","name":"Cristian Falabella NOTICIASMERCEDINAS.COM","image":{"@type":"ImageObject","inLanguage":"es","@id":"https:\/\/secure.gravatar.com\/avatar\/0dbbfc45970cc46bcd0e57766228574ff3511d6eed045b182f536f0f478c1f06?s=96&d=mm&r=g","url":"https:\/\/secure.gravatar.com\/avatar\/0dbbfc45970cc46bcd0e57766228574ff3511d6eed045b182f536f0f478c1f06?s=96&d=mm&r=g","contentUrl":"https:\/\/secure.gravatar.com\/avatar\/0dbbfc45970cc46bcd0e57766228574ff3511d6eed045b182f536f0f478c1f06?s=96&d=mm&r=g","caption":"Cristian Falabella NOTICIASMERCEDINAS.COM"},"description":"Periodista, editor de Noticias Mercedinas. Pas\u00f3 por varias redacciones y emprendimientos de prensa, en distintos formatos y \u00e9pocas. Se especializ\u00f3 --y sigue haci\u00e9ndolo-- en comunicaci\u00f3n en la web y en junio de 2006 fund\u00f3 este diario digital.","sameAs":["https:\/\/noticiasmercedinas.com","https:\/\/www.facebook.com\/cristian.falabella","https:\/\/www.instagram.com\/noticiasmercedinas\/","https:\/\/x.com\/https:\/\/twitter.com\/NOTMERCEDINAS"],"url":"https:\/\/noticiasmercedinas.com\/site\/author\/as000384\/"}]}},"amp_enabled":true,"_links":{"self":[{"href":"https:\/\/noticiasmercedinas.com\/site\/wp-json\/wp\/v2\/posts\/167783","targetHints":{"allow":["GET"]}}],"collection":[{"href":"https:\/\/noticiasmercedinas.com\/site\/wp-json\/wp\/v2\/posts"}],"about":[{"href":"https:\/\/noticiasmercedinas.com\/site\/wp-json\/wp\/v2\/types\/post"}],"author":[{"embeddable":true,"href":"https:\/\/noticiasmercedinas.com\/site\/wp-json\/wp\/v2\/users\/2"}],"replies":[{"embeddable":true,"href":"https:\/\/noticiasmercedinas.com\/site\/wp-json\/wp\/v2\/comments?post=167783"}],"version-history":[{"count":1,"href":"https:\/\/noticiasmercedinas.com\/site\/wp-json\/wp\/v2\/posts\/167783\/revisions"}],"predecessor-version":[{"id":167788,"href":"https:\/\/noticiasmercedinas.com\/site\/wp-json\/wp\/v2\/posts\/167783\/revisions\/167788"}],"wp:featuredmedia":[{"embeddable":true,"href":"https:\/\/noticiasmercedinas.com\/site\/wp-json\/wp\/v2\/media\/167785"}],"wp:attachment":[{"href":"https:\/\/noticiasmercedinas.com\/site\/wp-json\/wp\/v2\/media?parent=167783"}],"wp:term":[{"taxonomy":"category","embeddable":true,"href":"https:\/\/noticiasmercedinas.com\/site\/wp-json\/wp\/v2\/categories?post=167783"},{"taxonomy":"post_tag","embeddable":true,"href":"https:\/\/noticiasmercedinas.com\/site\/wp-json\/wp\/v2\/tags?post=167783"}],"curies":[{"name":"wp","href":"https:\/\/api.w.org\/{rel}","templated":true}]}}