{"id":167813,"date":"2025-08-25T19:36:02","date_gmt":"2025-08-25T22:36:02","guid":{"rendered":"https:\/\/noticiasmercedinas.com\/site\/?p=167813"},"modified":"2025-08-25T19:41:40","modified_gmt":"2025-08-25T22:41:40","slug":"mision-cumplida-para-all-boys-solidario-y-fleteros-independientes-con-la-caravana-del-dia-del-nino","status":"publish","type":"post","link":"https:\/\/noticiasmercedinas.com\/site\/2025\/08\/25\/mision-cumplida-para-all-boys-solidario-y-fleteros-independientes-con-la-caravana-del-dia-del-nino\/","title":{"rendered":"Misi\u00f3n cumplida para All Boys Solidario y Fleteros Independientes con la \u00abCaravana del D\u00eda del Ni\u00f1o\u00bb"},"content":{"rendered":"<p><img loading=\"lazy\" decoding=\"async\" class=\"alignnone size-full wp-image-167814\" src=\"https:\/\/noticiasmercedinas.com\/site\/wp-content\/uploads\/2025\/08\/NINOS0.jpg\" alt=\"\" width=\"640\" height=\"461\" srcset=\"https:\/\/noticiasmercedinas.com\/site\/wp-content\/uploads\/2025\/08\/NINOS0.jpg 640w, https:\/\/noticiasmercedinas.com\/site\/wp-content\/uploads\/2025\/08\/NINOS0-300x216.jpg 300w\" sizes=\"auto, (max-width: 640px) 100vw, 640px\" \/><\/p>\n<p>En un gran despliegue de solidaridad que uni\u00f3 a distintos puntos de la Argentina, las agrupaciones All Boys Solidario y Grupo Fleteros Independientes lograron completar una \u00abMisi\u00f3n Cumplida\u00bb con la \u00abCaravana del D\u00eda del Ni\u00f1o\u00bb que llev\u00f3 un cargamento de donaciones a comunidades en Misiones, Santiago del Estero y Entre R\u00edos. La iniciativa, que se gest\u00f3 durante semanas, culmin\u00f3 con una emotiva entrega en Puerto Leoni y Puerto Libertad, Misiones.<\/p>\n<p>Desde la carga del cami\u00f3n hasta el momento de la entrega, los organizadores destacaron el esp\u00edritu de \u00abuni\u00f3n, esfuerzo y amor por el pr\u00f3jimo\u00bb. En un comunicado, expresaron su agradecimiento a \u00abcada persona y organizaci\u00f3n que lo hizo realidad\u00bb, subrayando el concepto de \u00abtrabajo en equipo\u00bb.<\/p>\n<p><img loading=\"lazy\" decoding=\"async\" class=\"alignnone size-full wp-image-167816\" src=\"https:\/\/noticiasmercedinas.com\/site\/wp-content\/uploads\/2025\/08\/NINOS.jpg\" alt=\"\" width=\"640\" height=\"792\" srcset=\"https:\/\/noticiasmercedinas.com\/site\/wp-content\/uploads\/2025\/08\/NINOS.jpg 640w, https:\/\/noticiasmercedinas.com\/site\/wp-content\/uploads\/2025\/08\/NINOS-242x300.jpg 242w\" sizes=\"auto, (max-width: 640px) 100vw, 640px\" \/><\/p>\n<p>Los resultados de esta masiva campa\u00f1a de solidaridad hablan por s\u00ed solos:<\/p>\n<ul>\n<li>M\u00e1s de 4.000 juguetes fueron entregados a ni\u00f1os en distintas localidades.<\/li>\n<li>40 bicicletas se donaron a escuelas rurales.<\/li>\n<li>Se distribuyeron 145 pelotas de f\u00fatbol y 2 redes de v\u00f3ley profesionales.<\/li>\n<li>Se sirvieron m\u00e1s de 1.000 litros de chocolatada y se entregaron 1.500 pan dulces.<\/li>\n<li>Se armaron 11 bibliotecas con 5 pallets de libros nuevos, de las cuales 10 fueron destinadas a comunidades abor\u00edgenes y una al Centro Cultural de Puerto Leoni.<\/li>\n<\/ul>\n<p>Adem\u00e1s de las donaciones, el evento incluy\u00f3 un show de payasos que reuni\u00f3 a m\u00e1s de 2.000 ni\u00f1os y una feria de artesanos de comunidades guaran\u00edes, celebrando la cultura local.<\/p>\n<p>La movilizaci\u00f3n solidaria fue posible gracias a la colaboraci\u00f3n de numerosas organizaciones como Voy en Bici Argentina, Solidarios Sin Fronteras y el Club G\u00fcemes de Santiago del Estero, entre otros.<\/p>\n<p>Los organizadores agradecieron de manera especial el apoyo de las fuerzas de seguridad, los medios de comunicaci\u00f3n y los clubes que donaron camisetas para una subasta solidaria.<\/p>\n<p><img loading=\"lazy\" decoding=\"async\" class=\"alignnone size-full wp-image-167815\" src=\"https:\/\/noticiasmercedinas.com\/site\/wp-content\/uploads\/2025\/08\/NINOS2.jpg\" alt=\"\" width=\"640\" height=\"743\" srcset=\"https:\/\/noticiasmercedinas.com\/site\/wp-content\/uploads\/2025\/08\/NINOS2.jpg 640w, https:\/\/noticiasmercedinas.com\/site\/wp-content\/uploads\/2025\/08\/NINOS2-258x300.jpg 258w\" sizes=\"auto, (max-width: 640px) 100vw, 640px\" \/><\/p>\n<p><img loading=\"lazy\" decoding=\"async\" class=\"alignnone size-full wp-image-167818\" src=\"https:\/\/noticiasmercedinas.com\/site\/wp-content\/uploads\/2025\/08\/FLETE.jpg\" alt=\"\" width=\"640\" height=\"721\" srcset=\"https:\/\/noticiasmercedinas.com\/site\/wp-content\/uploads\/2025\/08\/FLETE.jpg 640w, https:\/\/noticiasmercedinas.com\/site\/wp-content\/uploads\/2025\/08\/FLETE-266x300.jpg 266w\" sizes=\"auto, (max-width: 640px) 100vw, 640px\" \/><\/p>\n","protected":false},"excerpt":{"rendered":"<p>\u25a0 La iniciativa, que uni\u00f3 a cientos de personas de distintos puntos del pa\u00eds, llev\u00f3 un inmenso cargamento de juguetes, bicicletas y libros a comunidades vulnerables de Misiones.<\/p>\n","protected":false},"author":16,"featured_media":167814,"comment_status":"closed","ping_status":"closed","sticky":false,"template":"","format":"standard","meta":{"footnotes":""},"categories":[3],"tags":[3017,865,2934,20777,81],"class_list":["post-167813","post","type-post","status-publish","format-standard","has-post-thumbnail","hentry","category-sociedad","tag-all-boys-solidario","tag-bicicletas","tag-donaciones","tag-fleteros-independientes","tag-solidaridad"],"yoast_head":"<!-- This site is optimized with the Yoast SEO plugin v27.5 - https:\/\/yoast.com\/product\/yoast-seo-wordpress\/ -->\n<title>Misi\u00f3n cumplida para All Boys Solidario y Fleteros Independientes con la &quot;Caravana del D\u00eda del Ni\u00f1o&quot;<\/title>\n<meta name=\"description\" content=\"La iniciativa, que uni\u00f3 a cientos de personas de distintos puntos del pa\u00eds, llev\u00f3 un inmenso cargamento de juguetes, bicicletas y libros a comunidades vulnerables de Misiones.\" \/>\n<meta name=\"robots\" content=\"index, follow, max-snippet:-1, max-image-preview:large, max-video-preview:-1\" \/>\n<link rel=\"canonical\" href=\"https:\/\/noticiasmercedinas.com\/site\/2025\/08\/25\/mision-cumplida-para-all-boys-solidario-y-fleteros-independientes-con-la-caravana-del-dia-del-nino\/\" \/>\n<meta property=\"og:locale\" content=\"es_ES\" \/>\n<meta property=\"og:type\" content=\"article\" \/>\n<meta property=\"og:title\" content=\"Misi\u00f3n cumplida para All Boys Solidario y Fleteros Independientes con la &quot;Caravana del D\u00eda del Ni\u00f1o&quot;\" \/>\n<meta property=\"og:description\" content=\"La iniciativa, que uni\u00f3 a cientos de personas de distintos puntos del pa\u00eds, llev\u00f3 un inmenso cargamento de juguetes, bicicletas y libros a comunidades vulnerables de Misiones.\" \/>\n<meta property=\"og:url\" content=\"https:\/\/noticiasmercedinas.com\/site\/2025\/08\/25\/mision-cumplida-para-all-boys-solidario-y-fleteros-independientes-con-la-caravana-del-dia-del-nino\/\" \/>\n<meta property=\"og:site_name\" content=\"NOTICIASMERCEDINAS.COM\" \/>\n<meta property=\"article:publisher\" content=\"https:\/\/www.facebook.com\/noticiasmercedinas\/\" \/>\n<meta property=\"article:published_time\" content=\"2025-08-25T22:36:02+00:00\" \/>\n<meta property=\"article:modified_time\" content=\"2025-08-25T22:41:40+00:00\" \/>\n<meta property=\"og:image\" content=\"https:\/\/noticiasmercedinas.com\/site\/wp-content\/uploads\/2025\/08\/NINOS0.jpg\" \/>\n\t<meta property=\"og:image:width\" content=\"640\" \/>\n\t<meta property=\"og:image:height\" content=\"461\" \/>\n\t<meta property=\"og:image:type\" content=\"image\/jpeg\" \/>\n<meta name=\"author\" content=\"NOTICIASMERCEDINAS.COM\" \/>\n<meta name=\"twitter:card\" content=\"summary_large_image\" \/>\n<meta name=\"twitter:creator\" content=\"@notmercedinas\" \/>\n<meta name=\"twitter:site\" content=\"@notmercedinas\" \/>\n<meta name=\"twitter:label1\" content=\"Escrito por\" \/>\n\t<meta name=\"twitter:data1\" content=\"NOTICIASMERCEDINAS.COM\" \/>\n\t<meta name=\"twitter:label2\" content=\"Tiempo de lectura\" \/>\n\t<meta name=\"twitter:data2\" content=\"3 minutos\" \/>\n<script type=\"application\/ld+json\" class=\"yoast-schema-graph\">{\"@context\":\"https:\\\/\\\/schema.org\",\"@graph\":[{\"@type\":\"Article\",\"@id\":\"https:\\\/\\\/noticiasmercedinas.com\\\/site\\\/2025\\\/08\\\/25\\\/mision-cumplida-para-all-boys-solidario-y-fleteros-independientes-con-la-caravana-del-dia-del-nino\\\/#article\",\"isPartOf\":{\"@id\":\"https:\\\/\\\/noticiasmercedinas.com\\\/site\\\/2025\\\/08\\\/25\\\/mision-cumplida-para-all-boys-solidario-y-fleteros-independientes-con-la-caravana-del-dia-del-nino\\\/\"},\"author\":{\"name\":\"NOTICIASMERCEDINAS.COM\",\"@id\":\"https:\\\/\\\/noticiasmercedinas.com\\\/site\\\/#\\\/schema\\\/person\\\/84b59c099c28ff2e8b77d4ceec5d8063\"},\"headline\":\"Misi\u00f3n cumplida para All Boys Solidario y Fleteros Independientes con la \u00abCaravana del D\u00eda del Ni\u00f1o\u00bb\",\"datePublished\":\"2025-08-25T22:36:02+00:00\",\"dateModified\":\"2025-08-25T22:41:40+00:00\",\"mainEntityOfPage\":{\"@id\":\"https:\\\/\\\/noticiasmercedinas.com\\\/site\\\/2025\\\/08\\\/25\\\/mision-cumplida-para-all-boys-solidario-y-fleteros-independientes-con-la-caravana-del-dia-del-nino\\\/\"},\"wordCount\":319,\"publisher\":{\"@id\":\"https:\\\/\\\/noticiasmercedinas.com\\\/site\\\/#organization\"},\"image\":{\"@id\":\"https:\\\/\\\/noticiasmercedinas.com\\\/site\\\/2025\\\/08\\\/25\\\/mision-cumplida-para-all-boys-solidario-y-fleteros-independientes-con-la-caravana-del-dia-del-nino\\\/#primaryimage\"},\"thumbnailUrl\":\"https:\\\/\\\/noticiasmercedinas.com\\\/site\\\/wp-content\\\/uploads\\\/2025\\\/08\\\/NINOS0.jpg\",\"keywords\":[\"all boys solidario\",\"Bicicletas\",\"donaciones\",\"fleteros independientes\",\"solidaridad\"],\"articleSection\":[\"Sociedad\"],\"inLanguage\":\"es\"},{\"@type\":\"WebPage\",\"@id\":\"https:\\\/\\\/noticiasmercedinas.com\\\/site\\\/2025\\\/08\\\/25\\\/mision-cumplida-para-all-boys-solidario-y-fleteros-independientes-con-la-caravana-del-dia-del-nino\\\/\",\"url\":\"https:\\\/\\\/noticiasmercedinas.com\\\/site\\\/2025\\\/08\\\/25\\\/mision-cumplida-para-all-boys-solidario-y-fleteros-independientes-con-la-caravana-del-dia-del-nino\\\/\",\"name\":\"Misi\u00f3n cumplida para All Boys Solidario y Fleteros Independientes con la \\\"Caravana del D\u00eda del Ni\u00f1o\\\"\",\"isPartOf\":{\"@id\":\"https:\\\/\\\/noticiasmercedinas.com\\\/site\\\/#website\"},\"primaryImageOfPage\":{\"@id\":\"https:\\\/\\\/noticiasmercedinas.com\\\/site\\\/2025\\\/08\\\/25\\\/mision-cumplida-para-all-boys-solidario-y-fleteros-independientes-con-la-caravana-del-dia-del-nino\\\/#primaryimage\"},\"image\":{\"@id\":\"https:\\\/\\\/noticiasmercedinas.com\\\/site\\\/2025\\\/08\\\/25\\\/mision-cumplida-para-all-boys-solidario-y-fleteros-independientes-con-la-caravana-del-dia-del-nino\\\/#primaryimage\"},\"thumbnailUrl\":\"https:\\\/\\\/noticiasmercedinas.com\\\/site\\\/wp-content\\\/uploads\\\/2025\\\/08\\\/NINOS0.jpg\",\"datePublished\":\"2025-08-25T22:36:02+00:00\",\"dateModified\":\"2025-08-25T22:41:40+00:00\",\"description\":\"La iniciativa, que uni\u00f3 a cientos de personas de distintos puntos del pa\u00eds, llev\u00f3 un inmenso cargamento de juguetes, bicicletas y libros a comunidades vulnerables de Misiones.\",\"breadcrumb\":{\"@id\":\"https:\\\/\\\/noticiasmercedinas.com\\\/site\\\/2025\\\/08\\\/25\\\/mision-cumplida-para-all-boys-solidario-y-fleteros-independientes-con-la-caravana-del-dia-del-nino\\\/#breadcrumb\"},\"inLanguage\":\"es\",\"potentialAction\":[{\"@type\":\"ReadAction\",\"target\":[\"https:\\\/\\\/noticiasmercedinas.com\\\/site\\\/2025\\\/08\\\/25\\\/mision-cumplida-para-all-boys-solidario-y-fleteros-independientes-con-la-caravana-del-dia-del-nino\\\/\"]}]},{\"@type\":\"ImageObject\",\"inLanguage\":\"es\",\"@id\":\"https:\\\/\\\/noticiasmercedinas.com\\\/site\\\/2025\\\/08\\\/25\\\/mision-cumplida-para-all-boys-solidario-y-fleteros-independientes-con-la-caravana-del-dia-del-nino\\\/#primaryimage\",\"url\":\"https:\\\/\\\/noticiasmercedinas.com\\\/site\\\/wp-content\\\/uploads\\\/2025\\\/08\\\/NINOS0.jpg\",\"contentUrl\":\"https:\\\/\\\/noticiasmercedinas.com\\\/site\\\/wp-content\\\/uploads\\\/2025\\\/08\\\/NINOS0.jpg\",\"width\":640,\"height\":461},{\"@type\":\"BreadcrumbList\",\"@id\":\"https:\\\/\\\/noticiasmercedinas.com\\\/site\\\/2025\\\/08\\\/25\\\/mision-cumplida-para-all-boys-solidario-y-fleteros-independientes-con-la-caravana-del-dia-del-nino\\\/#breadcrumb\",\"itemListElement\":[{\"@type\":\"ListItem\",\"position\":1,\"name\":\"Portada\",\"item\":\"https:\\\/\\\/noticiasmercedinas.com\\\/site\\\/\"},{\"@type\":\"ListItem\",\"position\":2,\"name\":\"Misi\u00f3n cumplida para All Boys Solidario y Fleteros Independientes con la \u00abCaravana del D\u00eda del Ni\u00f1o\u00bb\"}]},{\"@type\":\"WebSite\",\"@id\":\"https:\\\/\\\/noticiasmercedinas.com\\\/site\\\/#website\",\"url\":\"https:\\\/\\\/noticiasmercedinas.com\\\/site\\\/\",\"name\":\"NOTICIASMERCEDINAS.COM\",\"description\":\"Mercedes, Buenos Aires, Argentina\",\"publisher\":{\"@id\":\"https:\\\/\\\/noticiasmercedinas.com\\\/site\\\/#organization\"},\"potentialAction\":[{\"@type\":\"SearchAction\",\"target\":{\"@type\":\"EntryPoint\",\"urlTemplate\":\"https:\\\/\\\/noticiasmercedinas.com\\\/site\\\/?s={search_term_string}\"},\"query-input\":{\"@type\":\"PropertyValueSpecification\",\"valueRequired\":true,\"valueName\":\"search_term_string\"}}],\"inLanguage\":\"es\"},{\"@type\":\"Organization\",\"@id\":\"https:\\\/\\\/noticiasmercedinas.com\\\/site\\\/#organization\",\"name\":\"NOTICIASMERCEDINAS.COM\",\"url\":\"https:\\\/\\\/noticiasmercedinas.com\\\/site\\\/\",\"logo\":{\"@type\":\"ImageObject\",\"inLanguage\":\"es\",\"@id\":\"https:\\\/\\\/noticiasmercedinas.com\\\/site\\\/#\\\/schema\\\/logo\\\/image\\\/\",\"url\":\"https:\\\/\\\/noticiasmercedinas.com\\\/site\\\/wp-content\\\/uploads\\\/2020\\\/06\\\/LOGO-512.jpg\",\"contentUrl\":\"https:\\\/\\\/noticiasmercedinas.com\\\/site\\\/wp-content\\\/uploads\\\/2020\\\/06\\\/LOGO-512.jpg\",\"width\":512,\"height\":512,\"caption\":\"NOTICIASMERCEDINAS.COM\"},\"image\":{\"@id\":\"https:\\\/\\\/noticiasmercedinas.com\\\/site\\\/#\\\/schema\\\/logo\\\/image\\\/\"},\"sameAs\":[\"https:\\\/\\\/www.facebook.com\\\/noticiasmercedinas\\\/\",\"https:\\\/\\\/x.com\\\/notmercedinas\",\"https:\\\/\\\/www.instagram.com\\\/noticiasmercedinas\\\/\"]},{\"@type\":\"Person\",\"@id\":\"https:\\\/\\\/noticiasmercedinas.com\\\/site\\\/#\\\/schema\\\/person\\\/84b59c099c28ff2e8b77d4ceec5d8063\",\"name\":\"NOTICIASMERCEDINAS.COM\",\"image\":{\"@type\":\"ImageObject\",\"inLanguage\":\"es\",\"@id\":\"https:\\\/\\\/secure.gravatar.com\\\/avatar\\\/4dfbf16b4d17945bfb6341b2d19043457132fcf478a5ee04f42e959fd8f5df0a?s=96&d=mm&r=g\",\"url\":\"https:\\\/\\\/secure.gravatar.com\\\/avatar\\\/4dfbf16b4d17945bfb6341b2d19043457132fcf478a5ee04f42e959fd8f5df0a?s=96&d=mm&r=g\",\"contentUrl\":\"https:\\\/\\\/secure.gravatar.com\\\/avatar\\\/4dfbf16b4d17945bfb6341b2d19043457132fcf478a5ee04f42e959fd8f5df0a?s=96&d=mm&r=g\",\"caption\":\"NOTICIASMERCEDINAS.COM\"},\"url\":\"https:\\\/\\\/noticiasmercedinas.com\\\/site\\\/author\\\/anonimo\\\/\"}]}<\/script>\n<!-- \/ Yoast SEO plugin. -->","yoast_head_json":{"title":"Misi\u00f3n cumplida para All Boys Solidario y Fleteros Independientes con la \"Caravana del D\u00eda del Ni\u00f1o\"","description":"La iniciativa, que uni\u00f3 a cientos de personas de distintos puntos del pa\u00eds, llev\u00f3 un inmenso cargamento de juguetes, bicicletas y libros a comunidades vulnerables de Misiones.","robots":{"index":"index","follow":"follow","max-snippet":"max-snippet:-1","max-image-preview":"max-image-preview:large","max-video-preview":"max-video-preview:-1"},"canonical":"https:\/\/noticiasmercedinas.com\/site\/2025\/08\/25\/mision-cumplida-para-all-boys-solidario-y-fleteros-independientes-con-la-caravana-del-dia-del-nino\/","og_locale":"es_ES","og_type":"article","og_title":"Misi\u00f3n cumplida para All Boys Solidario y Fleteros Independientes con la \"Caravana del D\u00eda del Ni\u00f1o\"","og_description":"La iniciativa, que uni\u00f3 a cientos de personas de distintos puntos del pa\u00eds, llev\u00f3 un inmenso cargamento de juguetes, bicicletas y libros a comunidades vulnerables de Misiones.","og_url":"https:\/\/noticiasmercedinas.com\/site\/2025\/08\/25\/mision-cumplida-para-all-boys-solidario-y-fleteros-independientes-con-la-caravana-del-dia-del-nino\/","og_site_name":"NOTICIASMERCEDINAS.COM","article_publisher":"https:\/\/www.facebook.com\/noticiasmercedinas\/","article_published_time":"2025-08-25T22:36:02+00:00","article_modified_time":"2025-08-25T22:41:40+00:00","og_image":[{"width":640,"height":461,"url":"https:\/\/noticiasmercedinas.com\/site\/wp-content\/uploads\/2025\/08\/NINOS0.jpg","type":"image\/jpeg"}],"author":"NOTICIASMERCEDINAS.COM","twitter_card":"summary_large_image","twitter_creator":"@notmercedinas","twitter_site":"@notmercedinas","twitter_misc":{"Escrito por":"NOTICIASMERCEDINAS.COM","Tiempo de lectura":"3 minutos"},"schema":{"@context":"https:\/\/schema.org","@graph":[{"@type":"Article","@id":"https:\/\/noticiasmercedinas.com\/site\/2025\/08\/25\/mision-cumplida-para-all-boys-solidario-y-fleteros-independientes-con-la-caravana-del-dia-del-nino\/#article","isPartOf":{"@id":"https:\/\/noticiasmercedinas.com\/site\/2025\/08\/25\/mision-cumplida-para-all-boys-solidario-y-fleteros-independientes-con-la-caravana-del-dia-del-nino\/"},"author":{"name":"NOTICIASMERCEDINAS.COM","@id":"https:\/\/noticiasmercedinas.com\/site\/#\/schema\/person\/84b59c099c28ff2e8b77d4ceec5d8063"},"headline":"Misi\u00f3n cumplida para All Boys Solidario y Fleteros Independientes con la \u00abCaravana del D\u00eda del Ni\u00f1o\u00bb","datePublished":"2025-08-25T22:36:02+00:00","dateModified":"2025-08-25T22:41:40+00:00","mainEntityOfPage":{"@id":"https:\/\/noticiasmercedinas.com\/site\/2025\/08\/25\/mision-cumplida-para-all-boys-solidario-y-fleteros-independientes-con-la-caravana-del-dia-del-nino\/"},"wordCount":319,"publisher":{"@id":"https:\/\/noticiasmercedinas.com\/site\/#organization"},"image":{"@id":"https:\/\/noticiasmercedinas.com\/site\/2025\/08\/25\/mision-cumplida-para-all-boys-solidario-y-fleteros-independientes-con-la-caravana-del-dia-del-nino\/#primaryimage"},"thumbnailUrl":"https:\/\/noticiasmercedinas.com\/site\/wp-content\/uploads\/2025\/08\/NINOS0.jpg","keywords":["all boys solidario","Bicicletas","donaciones","fleteros independientes","solidaridad"],"articleSection":["Sociedad"],"inLanguage":"es"},{"@type":"WebPage","@id":"https:\/\/noticiasmercedinas.com\/site\/2025\/08\/25\/mision-cumplida-para-all-boys-solidario-y-fleteros-independientes-con-la-caravana-del-dia-del-nino\/","url":"https:\/\/noticiasmercedinas.com\/site\/2025\/08\/25\/mision-cumplida-para-all-boys-solidario-y-fleteros-independientes-con-la-caravana-del-dia-del-nino\/","name":"Misi\u00f3n cumplida para All Boys Solidario y Fleteros Independientes con la \"Caravana del D\u00eda del Ni\u00f1o\"","isPartOf":{"@id":"https:\/\/noticiasmercedinas.com\/site\/#website"},"primaryImageOfPage":{"@id":"https:\/\/noticiasmercedinas.com\/site\/2025\/08\/25\/mision-cumplida-para-all-boys-solidario-y-fleteros-independientes-con-la-caravana-del-dia-del-nino\/#primaryimage"},"image":{"@id":"https:\/\/noticiasmercedinas.com\/site\/2025\/08\/25\/mision-cumplida-para-all-boys-solidario-y-fleteros-independientes-con-la-caravana-del-dia-del-nino\/#primaryimage"},"thumbnailUrl":"https:\/\/noticiasmercedinas.com\/site\/wp-content\/uploads\/2025\/08\/NINOS0.jpg","datePublished":"2025-08-25T22:36:02+00:00","dateModified":"2025-08-25T22:41:40+00:00","description":"La iniciativa, que uni\u00f3 a cientos de personas de distintos puntos del pa\u00eds, llev\u00f3 un inmenso cargamento de juguetes, bicicletas y libros a comunidades vulnerables de Misiones.","breadcrumb":{"@id":"https:\/\/noticiasmercedinas.com\/site\/2025\/08\/25\/mision-cumplida-para-all-boys-solidario-y-fleteros-independientes-con-la-caravana-del-dia-del-nino\/#breadcrumb"},"inLanguage":"es","potentialAction":[{"@type":"ReadAction","target":["https:\/\/noticiasmercedinas.com\/site\/2025\/08\/25\/mision-cumplida-para-all-boys-solidario-y-fleteros-independientes-con-la-caravana-del-dia-del-nino\/"]}]},{"@type":"ImageObject","inLanguage":"es","@id":"https:\/\/noticiasmercedinas.com\/site\/2025\/08\/25\/mision-cumplida-para-all-boys-solidario-y-fleteros-independientes-con-la-caravana-del-dia-del-nino\/#primaryimage","url":"https:\/\/noticiasmercedinas.com\/site\/wp-content\/uploads\/2025\/08\/NINOS0.jpg","contentUrl":"https:\/\/noticiasmercedinas.com\/site\/wp-content\/uploads\/2025\/08\/NINOS0.jpg","width":640,"height":461},{"@type":"BreadcrumbList","@id":"https:\/\/noticiasmercedinas.com\/site\/2025\/08\/25\/mision-cumplida-para-all-boys-solidario-y-fleteros-independientes-con-la-caravana-del-dia-del-nino\/#breadcrumb","itemListElement":[{"@type":"ListItem","position":1,"name":"Portada","item":"https:\/\/noticiasmercedinas.com\/site\/"},{"@type":"ListItem","position":2,"name":"Misi\u00f3n cumplida para All Boys Solidario y Fleteros Independientes con la \u00abCaravana del D\u00eda del Ni\u00f1o\u00bb"}]},{"@type":"WebSite","@id":"https:\/\/noticiasmercedinas.com\/site\/#website","url":"https:\/\/noticiasmercedinas.com\/site\/","name":"NOTICIASMERCEDINAS.COM","description":"Mercedes, Buenos Aires, Argentina","publisher":{"@id":"https:\/\/noticiasmercedinas.com\/site\/#organization"},"potentialAction":[{"@type":"SearchAction","target":{"@type":"EntryPoint","urlTemplate":"https:\/\/noticiasmercedinas.com\/site\/?s={search_term_string}"},"query-input":{"@type":"PropertyValueSpecification","valueRequired":true,"valueName":"search_term_string"}}],"inLanguage":"es"},{"@type":"Organization","@id":"https:\/\/noticiasmercedinas.com\/site\/#organization","name":"NOTICIASMERCEDINAS.COM","url":"https:\/\/noticiasmercedinas.com\/site\/","logo":{"@type":"ImageObject","inLanguage":"es","@id":"https:\/\/noticiasmercedinas.com\/site\/#\/schema\/logo\/image\/","url":"https:\/\/noticiasmercedinas.com\/site\/wp-content\/uploads\/2020\/06\/LOGO-512.jpg","contentUrl":"https:\/\/noticiasmercedinas.com\/site\/wp-content\/uploads\/2020\/06\/LOGO-512.jpg","width":512,"height":512,"caption":"NOTICIASMERCEDINAS.COM"},"image":{"@id":"https:\/\/noticiasmercedinas.com\/site\/#\/schema\/logo\/image\/"},"sameAs":["https:\/\/www.facebook.com\/noticiasmercedinas\/","https:\/\/x.com\/notmercedinas","https:\/\/www.instagram.com\/noticiasmercedinas\/"]},{"@type":"Person","@id":"https:\/\/noticiasmercedinas.com\/site\/#\/schema\/person\/84b59c099c28ff2e8b77d4ceec5d8063","name":"NOTICIASMERCEDINAS.COM","image":{"@type":"ImageObject","inLanguage":"es","@id":"https:\/\/secure.gravatar.com\/avatar\/4dfbf16b4d17945bfb6341b2d19043457132fcf478a5ee04f42e959fd8f5df0a?s=96&d=mm&r=g","url":"https:\/\/secure.gravatar.com\/avatar\/4dfbf16b4d17945bfb6341b2d19043457132fcf478a5ee04f42e959fd8f5df0a?s=96&d=mm&r=g","contentUrl":"https:\/\/secure.gravatar.com\/avatar\/4dfbf16b4d17945bfb6341b2d19043457132fcf478a5ee04f42e959fd8f5df0a?s=96&d=mm&r=g","caption":"NOTICIASMERCEDINAS.COM"},"url":"https:\/\/noticiasmercedinas.com\/site\/author\/anonimo\/"}]}},"amp_enabled":true,"_links":{"self":[{"href":"https:\/\/noticiasmercedinas.com\/site\/wp-json\/wp\/v2\/posts\/167813","targetHints":{"allow":["GET"]}}],"collection":[{"href":"https:\/\/noticiasmercedinas.com\/site\/wp-json\/wp\/v2\/posts"}],"about":[{"href":"https:\/\/noticiasmercedinas.com\/site\/wp-json\/wp\/v2\/types\/post"}],"author":[{"embeddable":true,"href":"https:\/\/noticiasmercedinas.com\/site\/wp-json\/wp\/v2\/users\/16"}],"replies":[{"embeddable":true,"href":"https:\/\/noticiasmercedinas.com\/site\/wp-json\/wp\/v2\/comments?post=167813"}],"version-history":[{"count":2,"href":"https:\/\/noticiasmercedinas.com\/site\/wp-json\/wp\/v2\/posts\/167813\/revisions"}],"predecessor-version":[{"id":167819,"href":"https:\/\/noticiasmercedinas.com\/site\/wp-json\/wp\/v2\/posts\/167813\/revisions\/167819"}],"wp:featuredmedia":[{"embeddable":true,"href":"https:\/\/noticiasmercedinas.com\/site\/wp-json\/wp\/v2\/media\/167814"}],"wp:attachment":[{"href":"https:\/\/noticiasmercedinas.com\/site\/wp-json\/wp\/v2\/media?parent=167813"}],"wp:term":[{"taxonomy":"category","embeddable":true,"href":"https:\/\/noticiasmercedinas.com\/site\/wp-json\/wp\/v2\/categories?post=167813"},{"taxonomy":"post_tag","embeddable":true,"href":"https:\/\/noticiasmercedinas.com\/site\/wp-json\/wp\/v2\/tags?post=167813"}],"curies":[{"name":"wp","href":"https:\/\/api.w.org\/{rel}","templated":true}]}}