{"id":167831,"date":"2025-08-26T07:27:15","date_gmt":"2025-08-26T10:27:15","guid":{"rendered":"https:\/\/noticiasmercedinas.com\/site\/?p=167831"},"modified":"2025-08-26T07:27:15","modified_gmt":"2025-08-26T10:27:15","slug":"el-documental-lujan-cronicas-de-un-rio-que-nunca-duerme-ya-se-puede-ver-en-youtube","status":"publish","type":"post","link":"https:\/\/noticiasmercedinas.com\/site\/2025\/08\/26\/el-documental-lujan-cronicas-de-un-rio-que-nunca-duerme-ya-se-puede-ver-en-youtube\/","title":{"rendered":"El documental \u00abLuj\u00e1n, cr\u00f3nicas de un r\u00edo que nunca duerme\u00bb ya se puede ver en YouTube"},"content":{"rendered":"<p><img loading=\"lazy\" decoding=\"async\" class=\"alignnone size-full wp-image-167833\" src=\"https:\/\/noticiasmercedinas.com\/site\/wp-content\/uploads\/2025\/08\/Lujan-cronicas-de-un-rio-que-nunca-duerme-3.jpeg\" alt=\"\" width=\"1600\" height=\"1066\" srcset=\"https:\/\/noticiasmercedinas.com\/site\/wp-content\/uploads\/2025\/08\/Lujan-cronicas-de-un-rio-que-nunca-duerme-3.jpeg 1600w, https:\/\/noticiasmercedinas.com\/site\/wp-content\/uploads\/2025\/08\/Lujan-cronicas-de-un-rio-que-nunca-duerme-3-300x200.jpeg 300w, https:\/\/noticiasmercedinas.com\/site\/wp-content\/uploads\/2025\/08\/Lujan-cronicas-de-un-rio-que-nunca-duerme-3-1024x682.jpeg 1024w, https:\/\/noticiasmercedinas.com\/site\/wp-content\/uploads\/2025\/08\/Lujan-cronicas-de-un-rio-que-nunca-duerme-3-768x512.jpeg 768w, https:\/\/noticiasmercedinas.com\/site\/wp-content\/uploads\/2025\/08\/Lujan-cronicas-de-un-rio-que-nunca-duerme-3-1536x1023.jpeg 1536w, https:\/\/noticiasmercedinas.com\/site\/wp-content\/uploads\/2025\/08\/Lujan-cronicas-de-un-rio-que-nunca-duerme-3-640x426.jpeg 640w, https:\/\/noticiasmercedinas.com\/site\/wp-content\/uploads\/2025\/08\/Lujan-cronicas-de-un-rio-que-nunca-duerme-3-1280x853.jpeg 1280w, https:\/\/noticiasmercedinas.com\/site\/wp-content\/uploads\/2025\/08\/Lujan-cronicas-de-un-rio-que-nunca-duerme-3-681x454.jpeg 681w, https:\/\/noticiasmercedinas.com\/site\/wp-content\/uploads\/2025\/08\/Lujan-cronicas-de-un-rio-que-nunca-duerme-3-1362x907.jpeg 1362w\" sizes=\"auto, (max-width: 1600px) 100vw, 1600px\" \/><\/p>\n<p>El documental \u00abLuj\u00e1n, cr\u00f3nicas de un r\u00edo que nunca duerme\u00bb, que profundiza en la historia de las inundaciones en la ciudad y en la megaobra de mitigaci\u00f3n en curso, ya se encuentra disponible para su visualizaci\u00f3n en YouTube. El film, dirigido por Juan Redondo y Diego Tomasevic, fue subido al canal de YouTube de Luj\u00e1n y ya ha superado las 15.000 visualizaciones.<\/p>\n<p>La pieza audiovisual recorre una cronolog\u00eda hist\u00f3rica de las inundaciones, d\u00e1ndole voz a quienes las vivieron en carne propia y mostrando en detalle la obra que se est\u00e1 ejecutando para solucionarlas. La producci\u00f3n general estuvo a cargo de la periodista Gisela Busaniche, con guion del galardonado Federico Arzeno.<\/p>\n<p>El estreno en el cine Cin\u00e9polis de Luj\u00e1n fue un \u00e9xito, con una sala colmada de vecinos, periodistas y referentes locales. Entre los asistentes se destacaron figuras como el intendente de Luj\u00e1n, Leonardo Boto; el vicepresidente del Banco de Desarrollo de Am\u00e9rica Latina y el Caribe (CAF), Christian Asinelli; y el ministro de Infraestructura de la Provincia, Gabriel Katopodis.<\/p>\n<p><iframe loading=\"lazy\" title=\"Luj\u00e1n: cr\u00f3nicas de un r\u00edo que nunca duerme | Pel\u00edcula Documental\" width=\"640\" height=\"360\" src=\"https:\/\/www.youtube.com\/embed\/KZYw37HDMU0?feature=oembed\" frameborder=\"0\" allow=\"accelerometer; autoplay; clipboard-write; encrypted-media; gyroscope; picture-in-picture; web-share\" referrerpolicy=\"strict-origin-when-cross-origin\" allowfullscreen><\/iframe><\/p>\n<p><strong>Una \u00abobra del siglo\u00bb que busca cambiar la vida de la gente<\/strong><br \/>\nDurante la avant-premiere, el intendente Boto calific\u00f3 la obra como \u00abla obra del siglo para Luj\u00e1n\u00bb, destacando que marcar\u00e1 un antes y un despu\u00e9s en la historia de la ciudad. \u00abLuj\u00e1n desde que se fund\u00f3 se inunda. Y si no fuera por la decisi\u00f3n pol\u00edtica, como la que tuvimos en los \u00faltimos a\u00f1os, especialmente el respaldo que tuvimos de la provincia y del Banco de Desarrollo, esto ser\u00eda imposible\u00bb, expres\u00f3 el jefe comunal, quien anticip\u00f3 que, de seguir el ritmo de las obras, para fines de febrero se podr\u00eda estar inaugurando el muro inferior, el muro superior y las obras complementarias.<\/p>\n<p>Por su parte, Christian Asinelli, del CAF, resalt\u00f3 el \u00abc\u00edrculo virtuoso de participaci\u00f3n ciudadana\u00bb y el hecho de que la obra es una \u00abverdadera pol\u00edtica de Estado\u00bb que busca \u00abcambiarle la vida a la gente\u00bb. Tambi\u00e9n estuvieron presentes protagonistas del relato, como Sergio Frascaroli, presidente de la Asociaci\u00f3n Inundados de Luj\u00e1n, quien es un referente en la comunidad por su lucha contra la problem\u00e1tica.<\/p>\n<p>El documental se posiciona como una herramienta clave para comprender el impacto humano y urbano de las crecidas del r\u00edo Luj\u00e1n y el entramado institucional que permiti\u00f3 el avance de estas obras postergadas por mucho tiempo. El film entrelaza el dolor, la lucha y la resiliencia con un enfoque en el trabajo colectivo y la esperanza de un futuro menos vulnerable para la comunidad.<\/p>\n<p><img loading=\"lazy\" decoding=\"async\" class=\"alignnone size-full wp-image-167832\" src=\"https:\/\/noticiasmercedinas.com\/site\/wp-content\/uploads\/2025\/08\/Lujan-cronicas-de-un-rio-que-nunca-duerme-2.jpeg\" alt=\"\" width=\"1600\" height=\"1066\" srcset=\"https:\/\/noticiasmercedinas.com\/site\/wp-content\/uploads\/2025\/08\/Lujan-cronicas-de-un-rio-que-nunca-duerme-2.jpeg 1600w, https:\/\/noticiasmercedinas.com\/site\/wp-content\/uploads\/2025\/08\/Lujan-cronicas-de-un-rio-que-nunca-duerme-2-300x200.jpeg 300w, https:\/\/noticiasmercedinas.com\/site\/wp-content\/uploads\/2025\/08\/Lujan-cronicas-de-un-rio-que-nunca-duerme-2-1024x682.jpeg 1024w, https:\/\/noticiasmercedinas.com\/site\/wp-content\/uploads\/2025\/08\/Lujan-cronicas-de-un-rio-que-nunca-duerme-2-768x512.jpeg 768w, https:\/\/noticiasmercedinas.com\/site\/wp-content\/uploads\/2025\/08\/Lujan-cronicas-de-un-rio-que-nunca-duerme-2-1536x1023.jpeg 1536w, https:\/\/noticiasmercedinas.com\/site\/wp-content\/uploads\/2025\/08\/Lujan-cronicas-de-un-rio-que-nunca-duerme-2-640x426.jpeg 640w, https:\/\/noticiasmercedinas.com\/site\/wp-content\/uploads\/2025\/08\/Lujan-cronicas-de-un-rio-que-nunca-duerme-2-1280x853.jpeg 1280w, https:\/\/noticiasmercedinas.com\/site\/wp-content\/uploads\/2025\/08\/Lujan-cronicas-de-un-rio-que-nunca-duerme-2-681x454.jpeg 681w, https:\/\/noticiasmercedinas.com\/site\/wp-content\/uploads\/2025\/08\/Lujan-cronicas-de-un-rio-que-nunca-duerme-2-1362x907.jpeg 1362w\" sizes=\"auto, (max-width: 1600px) 100vw, 1600px\" \/><\/p>\n","protected":false},"excerpt":{"rendered":"<p>\u25a0 Tras un exitoso estreno en cines, la pieza audiovisual que aborda la problem\u00e1tica de las inundaciones en Luj\u00e1n y las obras para mitigarlas, ya est\u00e1 disponible en la plataforma con miles de visualizaciones.<\/p>\n","protected":false},"author":16,"featured_media":167833,"comment_status":"closed","ping_status":"closed","sticky":false,"template":"","format":"standard","meta":{"footnotes":""},"categories":[139],"tags":[2459,40,2884],"class_list":["post-167831","post","type-post","status-publish","format-standard","has-post-thumbnail","hentry","category-regionales","tag-documental","tag-lujan","tag-rio"],"yoast_head":"<!-- This site is optimized with the Yoast SEO plugin v27.4 - https:\/\/yoast.com\/product\/yoast-seo-wordpress\/ -->\n<title>El documental &quot;Luj\u00e1n, cr\u00f3nicas de un r\u00edo que nunca duerme&quot; ya se puede ver en YouTube<\/title>\n<meta name=\"description\" content=\"Tras un exitoso estreno en cines, la pieza audiovisual que aborda la problem\u00e1tica de las inundaciones en Luj\u00e1n y las obras para mitigarlas, ya est\u00e1 disponible en la plataforma con miles de visualizaciones.\" \/>\n<meta name=\"robots\" content=\"index, follow, max-snippet:-1, max-image-preview:large, max-video-preview:-1\" \/>\n<link rel=\"canonical\" href=\"https:\/\/noticiasmercedinas.com\/site\/2025\/08\/26\/el-documental-lujan-cronicas-de-un-rio-que-nunca-duerme-ya-se-puede-ver-en-youtube\/\" \/>\n<meta property=\"og:locale\" content=\"es_ES\" \/>\n<meta property=\"og:type\" content=\"article\" \/>\n<meta property=\"og:title\" content=\"El documental &quot;Luj\u00e1n, cr\u00f3nicas de un r\u00edo que nunca duerme&quot; ya se puede ver en YouTube\" \/>\n<meta property=\"og:description\" content=\"Tras un exitoso estreno en cines, la pieza audiovisual que aborda la problem\u00e1tica de las inundaciones en Luj\u00e1n y las obras para mitigarlas, ya est\u00e1 disponible en la plataforma con miles de visualizaciones.\" \/>\n<meta property=\"og:url\" content=\"https:\/\/noticiasmercedinas.com\/site\/2025\/08\/26\/el-documental-lujan-cronicas-de-un-rio-que-nunca-duerme-ya-se-puede-ver-en-youtube\/\" \/>\n<meta property=\"og:site_name\" content=\"NOTICIASMERCEDINAS.COM\" \/>\n<meta property=\"article:publisher\" content=\"https:\/\/www.facebook.com\/noticiasmercedinas\/\" \/>\n<meta property=\"article:published_time\" content=\"2025-08-26T10:27:15+00:00\" \/>\n<meta property=\"og:image\" content=\"https:\/\/noticiasmercedinas.com\/site\/wp-content\/uploads\/2025\/08\/Lujan-cronicas-de-un-rio-que-nunca-duerme-3.jpeg\" \/>\n\t<meta property=\"og:image:width\" content=\"1600\" \/>\n\t<meta property=\"og:image:height\" content=\"1066\" \/>\n\t<meta property=\"og:image:type\" content=\"image\/jpeg\" \/>\n<meta name=\"author\" content=\"NOTICIASMERCEDINAS.COM\" \/>\n<meta name=\"twitter:card\" content=\"summary_large_image\" \/>\n<meta name=\"twitter:creator\" content=\"@notmercedinas\" \/>\n<meta name=\"twitter:site\" content=\"@notmercedinas\" \/>\n<meta name=\"twitter:label1\" content=\"Escrito por\" \/>\n\t<meta name=\"twitter:data1\" content=\"NOTICIASMERCEDINAS.COM\" \/>\n\t<meta name=\"twitter:label2\" content=\"Tiempo de lectura\" \/>\n\t<meta name=\"twitter:data2\" content=\"3 minutos\" \/>\n<script type=\"application\/ld+json\" class=\"yoast-schema-graph\">{\"@context\":\"https:\\\/\\\/schema.org\",\"@graph\":[{\"@type\":\"Article\",\"@id\":\"https:\\\/\\\/noticiasmercedinas.com\\\/site\\\/2025\\\/08\\\/26\\\/el-documental-lujan-cronicas-de-un-rio-que-nunca-duerme-ya-se-puede-ver-en-youtube\\\/#article\",\"isPartOf\":{\"@id\":\"https:\\\/\\\/noticiasmercedinas.com\\\/site\\\/2025\\\/08\\\/26\\\/el-documental-lujan-cronicas-de-un-rio-que-nunca-duerme-ya-se-puede-ver-en-youtube\\\/\"},\"author\":{\"name\":\"NOTICIASMERCEDINAS.COM\",\"@id\":\"https:\\\/\\\/noticiasmercedinas.com\\\/site\\\/#\\\/schema\\\/person\\\/84b59c099c28ff2e8b77d4ceec5d8063\"},\"headline\":\"El documental \u00abLuj\u00e1n, cr\u00f3nicas de un r\u00edo que nunca duerme\u00bb ya se puede ver en YouTube\",\"datePublished\":\"2025-08-26T10:27:15+00:00\",\"mainEntityOfPage\":{\"@id\":\"https:\\\/\\\/noticiasmercedinas.com\\\/site\\\/2025\\\/08\\\/26\\\/el-documental-lujan-cronicas-de-un-rio-que-nunca-duerme-ya-se-puede-ver-en-youtube\\\/\"},\"wordCount\":467,\"publisher\":{\"@id\":\"https:\\\/\\\/noticiasmercedinas.com\\\/site\\\/#organization\"},\"image\":{\"@id\":\"https:\\\/\\\/noticiasmercedinas.com\\\/site\\\/2025\\\/08\\\/26\\\/el-documental-lujan-cronicas-de-un-rio-que-nunca-duerme-ya-se-puede-ver-en-youtube\\\/#primaryimage\"},\"thumbnailUrl\":\"https:\\\/\\\/noticiasmercedinas.com\\\/site\\\/wp-content\\\/uploads\\\/2025\\\/08\\\/Lujan-cronicas-de-un-rio-que-nunca-duerme-3.jpeg\",\"keywords\":[\"documental\",\"lujan\",\"r\u00edo\"],\"articleSection\":[\"Regionales\"],\"inLanguage\":\"es\"},{\"@type\":\"WebPage\",\"@id\":\"https:\\\/\\\/noticiasmercedinas.com\\\/site\\\/2025\\\/08\\\/26\\\/el-documental-lujan-cronicas-de-un-rio-que-nunca-duerme-ya-se-puede-ver-en-youtube\\\/\",\"url\":\"https:\\\/\\\/noticiasmercedinas.com\\\/site\\\/2025\\\/08\\\/26\\\/el-documental-lujan-cronicas-de-un-rio-que-nunca-duerme-ya-se-puede-ver-en-youtube\\\/\",\"name\":\"El documental \\\"Luj\u00e1n, cr\u00f3nicas de un r\u00edo que nunca duerme\\\" ya se puede ver en YouTube\",\"isPartOf\":{\"@id\":\"https:\\\/\\\/noticiasmercedinas.com\\\/site\\\/#website\"},\"primaryImageOfPage\":{\"@id\":\"https:\\\/\\\/noticiasmercedinas.com\\\/site\\\/2025\\\/08\\\/26\\\/el-documental-lujan-cronicas-de-un-rio-que-nunca-duerme-ya-se-puede-ver-en-youtube\\\/#primaryimage\"},\"image\":{\"@id\":\"https:\\\/\\\/noticiasmercedinas.com\\\/site\\\/2025\\\/08\\\/26\\\/el-documental-lujan-cronicas-de-un-rio-que-nunca-duerme-ya-se-puede-ver-en-youtube\\\/#primaryimage\"},\"thumbnailUrl\":\"https:\\\/\\\/noticiasmercedinas.com\\\/site\\\/wp-content\\\/uploads\\\/2025\\\/08\\\/Lujan-cronicas-de-un-rio-que-nunca-duerme-3.jpeg\",\"datePublished\":\"2025-08-26T10:27:15+00:00\",\"description\":\"Tras un exitoso estreno en cines, la pieza audiovisual que aborda la problem\u00e1tica de las inundaciones en Luj\u00e1n y las obras para mitigarlas, ya est\u00e1 disponible en la plataforma con miles de visualizaciones.\",\"breadcrumb\":{\"@id\":\"https:\\\/\\\/noticiasmercedinas.com\\\/site\\\/2025\\\/08\\\/26\\\/el-documental-lujan-cronicas-de-un-rio-que-nunca-duerme-ya-se-puede-ver-en-youtube\\\/#breadcrumb\"},\"inLanguage\":\"es\",\"potentialAction\":[{\"@type\":\"ReadAction\",\"target\":[\"https:\\\/\\\/noticiasmercedinas.com\\\/site\\\/2025\\\/08\\\/26\\\/el-documental-lujan-cronicas-de-un-rio-que-nunca-duerme-ya-se-puede-ver-en-youtube\\\/\"]}]},{\"@type\":\"ImageObject\",\"inLanguage\":\"es\",\"@id\":\"https:\\\/\\\/noticiasmercedinas.com\\\/site\\\/2025\\\/08\\\/26\\\/el-documental-lujan-cronicas-de-un-rio-que-nunca-duerme-ya-se-puede-ver-en-youtube\\\/#primaryimage\",\"url\":\"https:\\\/\\\/noticiasmercedinas.com\\\/site\\\/wp-content\\\/uploads\\\/2025\\\/08\\\/Lujan-cronicas-de-un-rio-que-nunca-duerme-3.jpeg\",\"contentUrl\":\"https:\\\/\\\/noticiasmercedinas.com\\\/site\\\/wp-content\\\/uploads\\\/2025\\\/08\\\/Lujan-cronicas-de-un-rio-que-nunca-duerme-3.jpeg\",\"width\":1600,\"height\":1066},{\"@type\":\"BreadcrumbList\",\"@id\":\"https:\\\/\\\/noticiasmercedinas.com\\\/site\\\/2025\\\/08\\\/26\\\/el-documental-lujan-cronicas-de-un-rio-que-nunca-duerme-ya-se-puede-ver-en-youtube\\\/#breadcrumb\",\"itemListElement\":[{\"@type\":\"ListItem\",\"position\":1,\"name\":\"Portada\",\"item\":\"https:\\\/\\\/noticiasmercedinas.com\\\/site\\\/\"},{\"@type\":\"ListItem\",\"position\":2,\"name\":\"El documental \u00abLuj\u00e1n, cr\u00f3nicas de un r\u00edo que nunca duerme\u00bb ya se puede ver en YouTube\"}]},{\"@type\":\"WebSite\",\"@id\":\"https:\\\/\\\/noticiasmercedinas.com\\\/site\\\/#website\",\"url\":\"https:\\\/\\\/noticiasmercedinas.com\\\/site\\\/\",\"name\":\"NOTICIASMERCEDINAS.COM\",\"description\":\"Mercedes, Buenos Aires, Argentina\",\"publisher\":{\"@id\":\"https:\\\/\\\/noticiasmercedinas.com\\\/site\\\/#organization\"},\"potentialAction\":[{\"@type\":\"SearchAction\",\"target\":{\"@type\":\"EntryPoint\",\"urlTemplate\":\"https:\\\/\\\/noticiasmercedinas.com\\\/site\\\/?s={search_term_string}\"},\"query-input\":{\"@type\":\"PropertyValueSpecification\",\"valueRequired\":true,\"valueName\":\"search_term_string\"}}],\"inLanguage\":\"es\"},{\"@type\":\"Organization\",\"@id\":\"https:\\\/\\\/noticiasmercedinas.com\\\/site\\\/#organization\",\"name\":\"NOTICIASMERCEDINAS.COM\",\"url\":\"https:\\\/\\\/noticiasmercedinas.com\\\/site\\\/\",\"logo\":{\"@type\":\"ImageObject\",\"inLanguage\":\"es\",\"@id\":\"https:\\\/\\\/noticiasmercedinas.com\\\/site\\\/#\\\/schema\\\/logo\\\/image\\\/\",\"url\":\"https:\\\/\\\/noticiasmercedinas.com\\\/site\\\/wp-content\\\/uploads\\\/2020\\\/06\\\/LOGO-512.jpg\",\"contentUrl\":\"https:\\\/\\\/noticiasmercedinas.com\\\/site\\\/wp-content\\\/uploads\\\/2020\\\/06\\\/LOGO-512.jpg\",\"width\":512,\"height\":512,\"caption\":\"NOTICIASMERCEDINAS.COM\"},\"image\":{\"@id\":\"https:\\\/\\\/noticiasmercedinas.com\\\/site\\\/#\\\/schema\\\/logo\\\/image\\\/\"},\"sameAs\":[\"https:\\\/\\\/www.facebook.com\\\/noticiasmercedinas\\\/\",\"https:\\\/\\\/x.com\\\/notmercedinas\",\"https:\\\/\\\/www.instagram.com\\\/noticiasmercedinas\\\/\"]},{\"@type\":\"Person\",\"@id\":\"https:\\\/\\\/noticiasmercedinas.com\\\/site\\\/#\\\/schema\\\/person\\\/84b59c099c28ff2e8b77d4ceec5d8063\",\"name\":\"NOTICIASMERCEDINAS.COM\",\"image\":{\"@type\":\"ImageObject\",\"inLanguage\":\"es\",\"@id\":\"https:\\\/\\\/secure.gravatar.com\\\/avatar\\\/4dfbf16b4d17945bfb6341b2d19043457132fcf478a5ee04f42e959fd8f5df0a?s=96&d=mm&r=g\",\"url\":\"https:\\\/\\\/secure.gravatar.com\\\/avatar\\\/4dfbf16b4d17945bfb6341b2d19043457132fcf478a5ee04f42e959fd8f5df0a?s=96&d=mm&r=g\",\"contentUrl\":\"https:\\\/\\\/secure.gravatar.com\\\/avatar\\\/4dfbf16b4d17945bfb6341b2d19043457132fcf478a5ee04f42e959fd8f5df0a?s=96&d=mm&r=g\",\"caption\":\"NOTICIASMERCEDINAS.COM\"},\"url\":\"https:\\\/\\\/noticiasmercedinas.com\\\/site\\\/author\\\/anonimo\\\/\"}]}<\/script>\n<!-- \/ Yoast SEO plugin. -->","yoast_head_json":{"title":"El documental \"Luj\u00e1n, cr\u00f3nicas de un r\u00edo que nunca duerme\" ya se puede ver en YouTube","description":"Tras un exitoso estreno en cines, la pieza audiovisual que aborda la problem\u00e1tica de las inundaciones en Luj\u00e1n y las obras para mitigarlas, ya est\u00e1 disponible en la plataforma con miles de visualizaciones.","robots":{"index":"index","follow":"follow","max-snippet":"max-snippet:-1","max-image-preview":"max-image-preview:large","max-video-preview":"max-video-preview:-1"},"canonical":"https:\/\/noticiasmercedinas.com\/site\/2025\/08\/26\/el-documental-lujan-cronicas-de-un-rio-que-nunca-duerme-ya-se-puede-ver-en-youtube\/","og_locale":"es_ES","og_type":"article","og_title":"El documental \"Luj\u00e1n, cr\u00f3nicas de un r\u00edo que nunca duerme\" ya se puede ver en YouTube","og_description":"Tras un exitoso estreno en cines, la pieza audiovisual que aborda la problem\u00e1tica de las inundaciones en Luj\u00e1n y las obras para mitigarlas, ya est\u00e1 disponible en la plataforma con miles de visualizaciones.","og_url":"https:\/\/noticiasmercedinas.com\/site\/2025\/08\/26\/el-documental-lujan-cronicas-de-un-rio-que-nunca-duerme-ya-se-puede-ver-en-youtube\/","og_site_name":"NOTICIASMERCEDINAS.COM","article_publisher":"https:\/\/www.facebook.com\/noticiasmercedinas\/","article_published_time":"2025-08-26T10:27:15+00:00","og_image":[{"width":1600,"height":1066,"url":"https:\/\/noticiasmercedinas.com\/site\/wp-content\/uploads\/2025\/08\/Lujan-cronicas-de-un-rio-que-nunca-duerme-3.jpeg","type":"image\/jpeg"}],"author":"NOTICIASMERCEDINAS.COM","twitter_card":"summary_large_image","twitter_creator":"@notmercedinas","twitter_site":"@notmercedinas","twitter_misc":{"Escrito por":"NOTICIASMERCEDINAS.COM","Tiempo de lectura":"3 minutos"},"schema":{"@context":"https:\/\/schema.org","@graph":[{"@type":"Article","@id":"https:\/\/noticiasmercedinas.com\/site\/2025\/08\/26\/el-documental-lujan-cronicas-de-un-rio-que-nunca-duerme-ya-se-puede-ver-en-youtube\/#article","isPartOf":{"@id":"https:\/\/noticiasmercedinas.com\/site\/2025\/08\/26\/el-documental-lujan-cronicas-de-un-rio-que-nunca-duerme-ya-se-puede-ver-en-youtube\/"},"author":{"name":"NOTICIASMERCEDINAS.COM","@id":"https:\/\/noticiasmercedinas.com\/site\/#\/schema\/person\/84b59c099c28ff2e8b77d4ceec5d8063"},"headline":"El documental \u00abLuj\u00e1n, cr\u00f3nicas de un r\u00edo que nunca duerme\u00bb ya se puede ver en YouTube","datePublished":"2025-08-26T10:27:15+00:00","mainEntityOfPage":{"@id":"https:\/\/noticiasmercedinas.com\/site\/2025\/08\/26\/el-documental-lujan-cronicas-de-un-rio-que-nunca-duerme-ya-se-puede-ver-en-youtube\/"},"wordCount":467,"publisher":{"@id":"https:\/\/noticiasmercedinas.com\/site\/#organization"},"image":{"@id":"https:\/\/noticiasmercedinas.com\/site\/2025\/08\/26\/el-documental-lujan-cronicas-de-un-rio-que-nunca-duerme-ya-se-puede-ver-en-youtube\/#primaryimage"},"thumbnailUrl":"https:\/\/noticiasmercedinas.com\/site\/wp-content\/uploads\/2025\/08\/Lujan-cronicas-de-un-rio-que-nunca-duerme-3.jpeg","keywords":["documental","lujan","r\u00edo"],"articleSection":["Regionales"],"inLanguage":"es"},{"@type":"WebPage","@id":"https:\/\/noticiasmercedinas.com\/site\/2025\/08\/26\/el-documental-lujan-cronicas-de-un-rio-que-nunca-duerme-ya-se-puede-ver-en-youtube\/","url":"https:\/\/noticiasmercedinas.com\/site\/2025\/08\/26\/el-documental-lujan-cronicas-de-un-rio-que-nunca-duerme-ya-se-puede-ver-en-youtube\/","name":"El documental \"Luj\u00e1n, cr\u00f3nicas de un r\u00edo que nunca duerme\" ya se puede ver en YouTube","isPartOf":{"@id":"https:\/\/noticiasmercedinas.com\/site\/#website"},"primaryImageOfPage":{"@id":"https:\/\/noticiasmercedinas.com\/site\/2025\/08\/26\/el-documental-lujan-cronicas-de-un-rio-que-nunca-duerme-ya-se-puede-ver-en-youtube\/#primaryimage"},"image":{"@id":"https:\/\/noticiasmercedinas.com\/site\/2025\/08\/26\/el-documental-lujan-cronicas-de-un-rio-que-nunca-duerme-ya-se-puede-ver-en-youtube\/#primaryimage"},"thumbnailUrl":"https:\/\/noticiasmercedinas.com\/site\/wp-content\/uploads\/2025\/08\/Lujan-cronicas-de-un-rio-que-nunca-duerme-3.jpeg","datePublished":"2025-08-26T10:27:15+00:00","description":"Tras un exitoso estreno en cines, la pieza audiovisual que aborda la problem\u00e1tica de las inundaciones en Luj\u00e1n y las obras para mitigarlas, ya est\u00e1 disponible en la plataforma con miles de visualizaciones.","breadcrumb":{"@id":"https:\/\/noticiasmercedinas.com\/site\/2025\/08\/26\/el-documental-lujan-cronicas-de-un-rio-que-nunca-duerme-ya-se-puede-ver-en-youtube\/#breadcrumb"},"inLanguage":"es","potentialAction":[{"@type":"ReadAction","target":["https:\/\/noticiasmercedinas.com\/site\/2025\/08\/26\/el-documental-lujan-cronicas-de-un-rio-que-nunca-duerme-ya-se-puede-ver-en-youtube\/"]}]},{"@type":"ImageObject","inLanguage":"es","@id":"https:\/\/noticiasmercedinas.com\/site\/2025\/08\/26\/el-documental-lujan-cronicas-de-un-rio-que-nunca-duerme-ya-se-puede-ver-en-youtube\/#primaryimage","url":"https:\/\/noticiasmercedinas.com\/site\/wp-content\/uploads\/2025\/08\/Lujan-cronicas-de-un-rio-que-nunca-duerme-3.jpeg","contentUrl":"https:\/\/noticiasmercedinas.com\/site\/wp-content\/uploads\/2025\/08\/Lujan-cronicas-de-un-rio-que-nunca-duerme-3.jpeg","width":1600,"height":1066},{"@type":"BreadcrumbList","@id":"https:\/\/noticiasmercedinas.com\/site\/2025\/08\/26\/el-documental-lujan-cronicas-de-un-rio-que-nunca-duerme-ya-se-puede-ver-en-youtube\/#breadcrumb","itemListElement":[{"@type":"ListItem","position":1,"name":"Portada","item":"https:\/\/noticiasmercedinas.com\/site\/"},{"@type":"ListItem","position":2,"name":"El documental \u00abLuj\u00e1n, cr\u00f3nicas de un r\u00edo que nunca duerme\u00bb ya se puede ver en YouTube"}]},{"@type":"WebSite","@id":"https:\/\/noticiasmercedinas.com\/site\/#website","url":"https:\/\/noticiasmercedinas.com\/site\/","name":"NOTICIASMERCEDINAS.COM","description":"Mercedes, Buenos Aires, Argentina","publisher":{"@id":"https:\/\/noticiasmercedinas.com\/site\/#organization"},"potentialAction":[{"@type":"SearchAction","target":{"@type":"EntryPoint","urlTemplate":"https:\/\/noticiasmercedinas.com\/site\/?s={search_term_string}"},"query-input":{"@type":"PropertyValueSpecification","valueRequired":true,"valueName":"search_term_string"}}],"inLanguage":"es"},{"@type":"Organization","@id":"https:\/\/noticiasmercedinas.com\/site\/#organization","name":"NOTICIASMERCEDINAS.COM","url":"https:\/\/noticiasmercedinas.com\/site\/","logo":{"@type":"ImageObject","inLanguage":"es","@id":"https:\/\/noticiasmercedinas.com\/site\/#\/schema\/logo\/image\/","url":"https:\/\/noticiasmercedinas.com\/site\/wp-content\/uploads\/2020\/06\/LOGO-512.jpg","contentUrl":"https:\/\/noticiasmercedinas.com\/site\/wp-content\/uploads\/2020\/06\/LOGO-512.jpg","width":512,"height":512,"caption":"NOTICIASMERCEDINAS.COM"},"image":{"@id":"https:\/\/noticiasmercedinas.com\/site\/#\/schema\/logo\/image\/"},"sameAs":["https:\/\/www.facebook.com\/noticiasmercedinas\/","https:\/\/x.com\/notmercedinas","https:\/\/www.instagram.com\/noticiasmercedinas\/"]},{"@type":"Person","@id":"https:\/\/noticiasmercedinas.com\/site\/#\/schema\/person\/84b59c099c28ff2e8b77d4ceec5d8063","name":"NOTICIASMERCEDINAS.COM","image":{"@type":"ImageObject","inLanguage":"es","@id":"https:\/\/secure.gravatar.com\/avatar\/4dfbf16b4d17945bfb6341b2d19043457132fcf478a5ee04f42e959fd8f5df0a?s=96&d=mm&r=g","url":"https:\/\/secure.gravatar.com\/avatar\/4dfbf16b4d17945bfb6341b2d19043457132fcf478a5ee04f42e959fd8f5df0a?s=96&d=mm&r=g","contentUrl":"https:\/\/secure.gravatar.com\/avatar\/4dfbf16b4d17945bfb6341b2d19043457132fcf478a5ee04f42e959fd8f5df0a?s=96&d=mm&r=g","caption":"NOTICIASMERCEDINAS.COM"},"url":"https:\/\/noticiasmercedinas.com\/site\/author\/anonimo\/"}]}},"amp_enabled":true,"_links":{"self":[{"href":"https:\/\/noticiasmercedinas.com\/site\/wp-json\/wp\/v2\/posts\/167831","targetHints":{"allow":["GET"]}}],"collection":[{"href":"https:\/\/noticiasmercedinas.com\/site\/wp-json\/wp\/v2\/posts"}],"about":[{"href":"https:\/\/noticiasmercedinas.com\/site\/wp-json\/wp\/v2\/types\/post"}],"author":[{"embeddable":true,"href":"https:\/\/noticiasmercedinas.com\/site\/wp-json\/wp\/v2\/users\/16"}],"replies":[{"embeddable":true,"href":"https:\/\/noticiasmercedinas.com\/site\/wp-json\/wp\/v2\/comments?post=167831"}],"version-history":[{"count":1,"href":"https:\/\/noticiasmercedinas.com\/site\/wp-json\/wp\/v2\/posts\/167831\/revisions"}],"predecessor-version":[{"id":167834,"href":"https:\/\/noticiasmercedinas.com\/site\/wp-json\/wp\/v2\/posts\/167831\/revisions\/167834"}],"wp:featuredmedia":[{"embeddable":true,"href":"https:\/\/noticiasmercedinas.com\/site\/wp-json\/wp\/v2\/media\/167833"}],"wp:attachment":[{"href":"https:\/\/noticiasmercedinas.com\/site\/wp-json\/wp\/v2\/media?parent=167831"}],"wp:term":[{"taxonomy":"category","embeddable":true,"href":"https:\/\/noticiasmercedinas.com\/site\/wp-json\/wp\/v2\/categories?post=167831"},{"taxonomy":"post_tag","embeddable":true,"href":"https:\/\/noticiasmercedinas.com\/site\/wp-json\/wp\/v2\/tags?post=167831"}],"curies":[{"name":"wp","href":"https:\/\/api.w.org\/{rel}","templated":true}]}}