{"id":168081,"date":"2025-08-28T17:13:17","date_gmt":"2025-08-28T20:13:17","guid":{"rendered":"https:\/\/noticiasmercedinas.com\/site\/?p=168081"},"modified":"2025-08-28T17:13:38","modified_gmt":"2025-08-28T20:13:38","slug":"sabrina-selva-celebra-destrabe-de-comision-investigadora-caso-libra-no-es-una-discusion-entre-peronismo-y-antiperonismo","status":"publish","type":"post","link":"https:\/\/noticiasmercedinas.com\/site\/2025\/08\/28\/sabrina-selva-celebra-destrabe-de-comision-investigadora-caso-libra-no-es-una-discusion-entre-peronismo-y-antiperonismo\/","title":{"rendered":"Sabrina Selva celebra &#8216;destrabe&#8217; de comisi\u00f3n investigadora caso Libra: \u00abNo es una discusi\u00f3n entre peronismo y antiperonismo\u00bb"},"content":{"rendered":"<p><img loading=\"lazy\" decoding=\"async\" class=\"alignnone size-full wp-image-168082\" src=\"https:\/\/noticiasmercedinas.com\/site\/wp-content\/uploads\/2025\/08\/SABRINAS.jpg\" alt=\"\" width=\"741\" height=\"424\" srcset=\"https:\/\/noticiasmercedinas.com\/site\/wp-content\/uploads\/2025\/08\/SABRINAS.jpg 741w, https:\/\/noticiasmercedinas.com\/site\/wp-content\/uploads\/2025\/08\/SABRINAS-300x172.jpg 300w, https:\/\/noticiasmercedinas.com\/site\/wp-content\/uploads\/2025\/08\/SABRINAS-640x366.jpg 640w, https:\/\/noticiasmercedinas.com\/site\/wp-content\/uploads\/2025\/08\/SABRINAS-681x390.jpg 681w\" sizes=\"auto, (max-width: 741px) 100vw, 741px\" \/><\/p>\n<p>La diputada <b>Sabrina Selva<\/b>, de Uni\u00f3n por la Patria, celebr\u00f3 la puesta en marcha de la Comisi\u00f3n Investigadora sobre el caso Libra, que buscar\u00e1 indagar sobre la responsabilidad del Presidente <b>Javier Milei<\/b> y otros funcionarios involucrados. La legisladora destac\u00f3 que la comisi\u00f3n finalmente pudo destrabarse para iniciar su trabajo.<\/p>\n<p>Selva resalt\u00f3 que la creaci\u00f3n del \u00e1mbito de investigaci\u00f3n fue impulsada desde el inicio por los bloques de <b>Uni\u00f3n por la Patria<\/b>, <b>Encuentro Federal<\/b>, <b>Democracia para Siempre<\/b>, la <b>Coalici\u00f3n C\u00edvica<\/b> y el <b>Frente de Izquierda<\/b>. En este sentido, la diputada fue enf\u00e1tica en diferenciar los objetivos del grupo: \u201cNunca fue una discusi\u00f3n entre peronismo y antiperonismo. Siempre fue una discusi\u00f3n entre los que queremos investigar y los que NO\u201d.<\/p>\n<p>La comisi\u00f3n ya cuenta con <b>Maxi Ferraro<\/b> como presidente y <b>Juan Marino<\/b> como secretario.<\/p>\n<p>La legisladora concluy\u00f3 que, ante un gobierno que \u00abla \u00fanica salida que encuentra a las sospechas de corrupci\u00f3n es no dar respuestas, obstruir y negar la realidad\u00bb, la oposici\u00f3n \u00abva a seguir insistiendo con el mismo compromiso y la misma responsabilidad para llegar a la verdad\u00bb.<\/p>\n","protected":false},"excerpt":{"rendered":"<p>\u25a0\u00a0La diputada de Uni\u00f3n por la Patria destac\u00f3 el inicio de la investigaci\u00f3n sobre la responsabilidad pol\u00edtica del Presidente Javier Milei y funcionarios en el caso.<\/p>\n","protected":false},"author":16,"featured_media":168082,"comment_status":"closed","ping_status":"closed","sticky":false,"template":"","format":"standard","meta":{"footnotes":""},"categories":[16],"tags":[20796,174,14331,4259],"class_list":["post-168081","post","type-post","status-publish","format-standard","has-post-thumbnail","hentry","category-politica","tag-caso-libra","tag-diputados","tag-javier-milei","tag-sabrina-selva"],"yoast_head":"<!-- This site is optimized with the Yoast SEO plugin v27.4 - https:\/\/yoast.com\/product\/yoast-seo-wordpress\/ -->\n<title>Sabrina Selva celebra &#039;destrabe&#039; de comisi\u00f3n investigadora caso Libra: &quot;No es una discusi\u00f3n entre peronismo y antiperonismo&quot;<\/title>\n<meta name=\"description\" content=\"\u25a0\u00a0La diputada de Uni\u00f3n por la Patria destac\u00f3 el inicio de la investigaci\u00f3n sobre la responsabilidad pol\u00edtica del Presidente Javier Milei y funcionarios en el caso.\" \/>\n<meta name=\"robots\" content=\"index, follow, max-snippet:-1, max-image-preview:large, max-video-preview:-1\" \/>\n<link rel=\"canonical\" href=\"https:\/\/noticiasmercedinas.com\/site\/2025\/08\/28\/sabrina-selva-celebra-destrabe-de-comision-investigadora-caso-libra-no-es-una-discusion-entre-peronismo-y-antiperonismo\/\" \/>\n<meta property=\"og:locale\" content=\"es_ES\" \/>\n<meta property=\"og:type\" content=\"article\" \/>\n<meta property=\"og:title\" content=\"Sabrina Selva celebra &#039;destrabe&#039; de comisi\u00f3n investigadora caso Libra: &quot;No es una discusi\u00f3n entre peronismo y antiperonismo&quot;\" \/>\n<meta property=\"og:description\" content=\"\u25a0\u00a0La diputada de Uni\u00f3n por la Patria destac\u00f3 el inicio de la investigaci\u00f3n sobre la responsabilidad pol\u00edtica del Presidente Javier Milei y funcionarios en el caso.\" \/>\n<meta property=\"og:url\" content=\"https:\/\/noticiasmercedinas.com\/site\/2025\/08\/28\/sabrina-selva-celebra-destrabe-de-comision-investigadora-caso-libra-no-es-una-discusion-entre-peronismo-y-antiperonismo\/\" \/>\n<meta property=\"og:site_name\" content=\"NOTICIASMERCEDINAS.COM\" \/>\n<meta property=\"article:publisher\" content=\"https:\/\/www.facebook.com\/noticiasmercedinas\/\" \/>\n<meta property=\"article:published_time\" content=\"2025-08-28T20:13:17+00:00\" \/>\n<meta property=\"article:modified_time\" content=\"2025-08-28T20:13:38+00:00\" \/>\n<meta property=\"og:image\" content=\"https:\/\/noticiasmercedinas.com\/site\/wp-content\/uploads\/2025\/08\/SABRINAS.jpg\" \/>\n\t<meta property=\"og:image:width\" content=\"741\" \/>\n\t<meta property=\"og:image:height\" content=\"424\" \/>\n\t<meta property=\"og:image:type\" content=\"image\/jpeg\" \/>\n<meta name=\"author\" content=\"NOTICIASMERCEDINAS.COM\" \/>\n<meta name=\"twitter:card\" content=\"summary_large_image\" \/>\n<meta name=\"twitter:creator\" content=\"@notmercedinas\" \/>\n<meta name=\"twitter:site\" content=\"@notmercedinas\" \/>\n<meta name=\"twitter:label1\" content=\"Escrito por\" \/>\n\t<meta name=\"twitter:data1\" content=\"NOTICIASMERCEDINAS.COM\" \/>\n\t<meta name=\"twitter:label2\" content=\"Tiempo de lectura\" \/>\n\t<meta name=\"twitter:data2\" content=\"2 minutos\" \/>\n<script type=\"application\/ld+json\" class=\"yoast-schema-graph\">{\"@context\":\"https:\\\/\\\/schema.org\",\"@graph\":[{\"@type\":\"Article\",\"@id\":\"https:\\\/\\\/noticiasmercedinas.com\\\/site\\\/2025\\\/08\\\/28\\\/sabrina-selva-celebra-destrabe-de-comision-investigadora-caso-libra-no-es-una-discusion-entre-peronismo-y-antiperonismo\\\/#article\",\"isPartOf\":{\"@id\":\"https:\\\/\\\/noticiasmercedinas.com\\\/site\\\/2025\\\/08\\\/28\\\/sabrina-selva-celebra-destrabe-de-comision-investigadora-caso-libra-no-es-una-discusion-entre-peronismo-y-antiperonismo\\\/\"},\"author\":{\"name\":\"NOTICIASMERCEDINAS.COM\",\"@id\":\"https:\\\/\\\/noticiasmercedinas.com\\\/site\\\/#\\\/schema\\\/person\\\/84b59c099c28ff2e8b77d4ceec5d8063\"},\"headline\":\"Sabrina Selva celebra &#8216;destrabe&#8217; de comisi\u00f3n investigadora caso Libra: \u00abNo es una discusi\u00f3n entre peronismo y antiperonismo\u00bb\",\"datePublished\":\"2025-08-28T20:13:17+00:00\",\"dateModified\":\"2025-08-28T20:13:38+00:00\",\"mainEntityOfPage\":{\"@id\":\"https:\\\/\\\/noticiasmercedinas.com\\\/site\\\/2025\\\/08\\\/28\\\/sabrina-selva-celebra-destrabe-de-comision-investigadora-caso-libra-no-es-una-discusion-entre-peronismo-y-antiperonismo\\\/\"},\"wordCount\":211,\"publisher\":{\"@id\":\"https:\\\/\\\/noticiasmercedinas.com\\\/site\\\/#organization\"},\"image\":{\"@id\":\"https:\\\/\\\/noticiasmercedinas.com\\\/site\\\/2025\\\/08\\\/28\\\/sabrina-selva-celebra-destrabe-de-comision-investigadora-caso-libra-no-es-una-discusion-entre-peronismo-y-antiperonismo\\\/#primaryimage\"},\"thumbnailUrl\":\"https:\\\/\\\/noticiasmercedinas.com\\\/site\\\/wp-content\\\/uploads\\\/2025\\\/08\\\/SABRINAS.jpg\",\"keywords\":[\"caso libra\",\"diputados\",\"Javier Milei\",\"sabrina selva\"],\"articleSection\":[\"Politica\"],\"inLanguage\":\"es\"},{\"@type\":\"WebPage\",\"@id\":\"https:\\\/\\\/noticiasmercedinas.com\\\/site\\\/2025\\\/08\\\/28\\\/sabrina-selva-celebra-destrabe-de-comision-investigadora-caso-libra-no-es-una-discusion-entre-peronismo-y-antiperonismo\\\/\",\"url\":\"https:\\\/\\\/noticiasmercedinas.com\\\/site\\\/2025\\\/08\\\/28\\\/sabrina-selva-celebra-destrabe-de-comision-investigadora-caso-libra-no-es-una-discusion-entre-peronismo-y-antiperonismo\\\/\",\"name\":\"Sabrina Selva celebra 'destrabe' de comisi\u00f3n investigadora caso Libra: \\\"No es una discusi\u00f3n entre peronismo y antiperonismo\\\"\",\"isPartOf\":{\"@id\":\"https:\\\/\\\/noticiasmercedinas.com\\\/site\\\/#website\"},\"primaryImageOfPage\":{\"@id\":\"https:\\\/\\\/noticiasmercedinas.com\\\/site\\\/2025\\\/08\\\/28\\\/sabrina-selva-celebra-destrabe-de-comision-investigadora-caso-libra-no-es-una-discusion-entre-peronismo-y-antiperonismo\\\/#primaryimage\"},\"image\":{\"@id\":\"https:\\\/\\\/noticiasmercedinas.com\\\/site\\\/2025\\\/08\\\/28\\\/sabrina-selva-celebra-destrabe-de-comision-investigadora-caso-libra-no-es-una-discusion-entre-peronismo-y-antiperonismo\\\/#primaryimage\"},\"thumbnailUrl\":\"https:\\\/\\\/noticiasmercedinas.com\\\/site\\\/wp-content\\\/uploads\\\/2025\\\/08\\\/SABRINAS.jpg\",\"datePublished\":\"2025-08-28T20:13:17+00:00\",\"dateModified\":\"2025-08-28T20:13:38+00:00\",\"description\":\"\u25a0\u00a0La diputada de Uni\u00f3n por la Patria destac\u00f3 el inicio de la investigaci\u00f3n sobre la responsabilidad pol\u00edtica del Presidente Javier Milei y funcionarios en el caso.\",\"breadcrumb\":{\"@id\":\"https:\\\/\\\/noticiasmercedinas.com\\\/site\\\/2025\\\/08\\\/28\\\/sabrina-selva-celebra-destrabe-de-comision-investigadora-caso-libra-no-es-una-discusion-entre-peronismo-y-antiperonismo\\\/#breadcrumb\"},\"inLanguage\":\"es\",\"potentialAction\":[{\"@type\":\"ReadAction\",\"target\":[\"https:\\\/\\\/noticiasmercedinas.com\\\/site\\\/2025\\\/08\\\/28\\\/sabrina-selva-celebra-destrabe-de-comision-investigadora-caso-libra-no-es-una-discusion-entre-peronismo-y-antiperonismo\\\/\"]}]},{\"@type\":\"ImageObject\",\"inLanguage\":\"es\",\"@id\":\"https:\\\/\\\/noticiasmercedinas.com\\\/site\\\/2025\\\/08\\\/28\\\/sabrina-selva-celebra-destrabe-de-comision-investigadora-caso-libra-no-es-una-discusion-entre-peronismo-y-antiperonismo\\\/#primaryimage\",\"url\":\"https:\\\/\\\/noticiasmercedinas.com\\\/site\\\/wp-content\\\/uploads\\\/2025\\\/08\\\/SABRINAS.jpg\",\"contentUrl\":\"https:\\\/\\\/noticiasmercedinas.com\\\/site\\\/wp-content\\\/uploads\\\/2025\\\/08\\\/SABRINAS.jpg\",\"width\":741,\"height\":424},{\"@type\":\"BreadcrumbList\",\"@id\":\"https:\\\/\\\/noticiasmercedinas.com\\\/site\\\/2025\\\/08\\\/28\\\/sabrina-selva-celebra-destrabe-de-comision-investigadora-caso-libra-no-es-una-discusion-entre-peronismo-y-antiperonismo\\\/#breadcrumb\",\"itemListElement\":[{\"@type\":\"ListItem\",\"position\":1,\"name\":\"Portada\",\"item\":\"https:\\\/\\\/noticiasmercedinas.com\\\/site\\\/\"},{\"@type\":\"ListItem\",\"position\":2,\"name\":\"Sabrina Selva celebra &#8216;destrabe&#8217; de comisi\u00f3n investigadora caso Libra: \u00abNo es una discusi\u00f3n entre peronismo y antiperonismo\u00bb\"}]},{\"@type\":\"WebSite\",\"@id\":\"https:\\\/\\\/noticiasmercedinas.com\\\/site\\\/#website\",\"url\":\"https:\\\/\\\/noticiasmercedinas.com\\\/site\\\/\",\"name\":\"NOTICIASMERCEDINAS.COM\",\"description\":\"Mercedes, Buenos Aires, Argentina\",\"publisher\":{\"@id\":\"https:\\\/\\\/noticiasmercedinas.com\\\/site\\\/#organization\"},\"potentialAction\":[{\"@type\":\"SearchAction\",\"target\":{\"@type\":\"EntryPoint\",\"urlTemplate\":\"https:\\\/\\\/noticiasmercedinas.com\\\/site\\\/?s={search_term_string}\"},\"query-input\":{\"@type\":\"PropertyValueSpecification\",\"valueRequired\":true,\"valueName\":\"search_term_string\"}}],\"inLanguage\":\"es\"},{\"@type\":\"Organization\",\"@id\":\"https:\\\/\\\/noticiasmercedinas.com\\\/site\\\/#organization\",\"name\":\"NOTICIASMERCEDINAS.COM\",\"url\":\"https:\\\/\\\/noticiasmercedinas.com\\\/site\\\/\",\"logo\":{\"@type\":\"ImageObject\",\"inLanguage\":\"es\",\"@id\":\"https:\\\/\\\/noticiasmercedinas.com\\\/site\\\/#\\\/schema\\\/logo\\\/image\\\/\",\"url\":\"https:\\\/\\\/noticiasmercedinas.com\\\/site\\\/wp-content\\\/uploads\\\/2020\\\/06\\\/LOGO-512.jpg\",\"contentUrl\":\"https:\\\/\\\/noticiasmercedinas.com\\\/site\\\/wp-content\\\/uploads\\\/2020\\\/06\\\/LOGO-512.jpg\",\"width\":512,\"height\":512,\"caption\":\"NOTICIASMERCEDINAS.COM\"},\"image\":{\"@id\":\"https:\\\/\\\/noticiasmercedinas.com\\\/site\\\/#\\\/schema\\\/logo\\\/image\\\/\"},\"sameAs\":[\"https:\\\/\\\/www.facebook.com\\\/noticiasmercedinas\\\/\",\"https:\\\/\\\/x.com\\\/notmercedinas\",\"https:\\\/\\\/www.instagram.com\\\/noticiasmercedinas\\\/\"]},{\"@type\":\"Person\",\"@id\":\"https:\\\/\\\/noticiasmercedinas.com\\\/site\\\/#\\\/schema\\\/person\\\/84b59c099c28ff2e8b77d4ceec5d8063\",\"name\":\"NOTICIASMERCEDINAS.COM\",\"image\":{\"@type\":\"ImageObject\",\"inLanguage\":\"es\",\"@id\":\"https:\\\/\\\/secure.gravatar.com\\\/avatar\\\/4dfbf16b4d17945bfb6341b2d19043457132fcf478a5ee04f42e959fd8f5df0a?s=96&d=mm&r=g\",\"url\":\"https:\\\/\\\/secure.gravatar.com\\\/avatar\\\/4dfbf16b4d17945bfb6341b2d19043457132fcf478a5ee04f42e959fd8f5df0a?s=96&d=mm&r=g\",\"contentUrl\":\"https:\\\/\\\/secure.gravatar.com\\\/avatar\\\/4dfbf16b4d17945bfb6341b2d19043457132fcf478a5ee04f42e959fd8f5df0a?s=96&d=mm&r=g\",\"caption\":\"NOTICIASMERCEDINAS.COM\"},\"url\":\"https:\\\/\\\/noticiasmercedinas.com\\\/site\\\/author\\\/anonimo\\\/\"}]}<\/script>\n<!-- \/ Yoast SEO plugin. -->","yoast_head_json":{"title":"Sabrina Selva celebra 'destrabe' de comisi\u00f3n investigadora caso Libra: \"No es una discusi\u00f3n entre peronismo y antiperonismo\"","description":"\u25a0\u00a0La diputada de Uni\u00f3n por la Patria destac\u00f3 el inicio de la investigaci\u00f3n sobre la responsabilidad pol\u00edtica del Presidente Javier Milei y funcionarios en el caso.","robots":{"index":"index","follow":"follow","max-snippet":"max-snippet:-1","max-image-preview":"max-image-preview:large","max-video-preview":"max-video-preview:-1"},"canonical":"https:\/\/noticiasmercedinas.com\/site\/2025\/08\/28\/sabrina-selva-celebra-destrabe-de-comision-investigadora-caso-libra-no-es-una-discusion-entre-peronismo-y-antiperonismo\/","og_locale":"es_ES","og_type":"article","og_title":"Sabrina Selva celebra 'destrabe' de comisi\u00f3n investigadora caso Libra: \"No es una discusi\u00f3n entre peronismo y antiperonismo\"","og_description":"\u25a0\u00a0La diputada de Uni\u00f3n por la Patria destac\u00f3 el inicio de la investigaci\u00f3n sobre la responsabilidad pol\u00edtica del Presidente Javier Milei y funcionarios en el caso.","og_url":"https:\/\/noticiasmercedinas.com\/site\/2025\/08\/28\/sabrina-selva-celebra-destrabe-de-comision-investigadora-caso-libra-no-es-una-discusion-entre-peronismo-y-antiperonismo\/","og_site_name":"NOTICIASMERCEDINAS.COM","article_publisher":"https:\/\/www.facebook.com\/noticiasmercedinas\/","article_published_time":"2025-08-28T20:13:17+00:00","article_modified_time":"2025-08-28T20:13:38+00:00","og_image":[{"width":741,"height":424,"url":"https:\/\/noticiasmercedinas.com\/site\/wp-content\/uploads\/2025\/08\/SABRINAS.jpg","type":"image\/jpeg"}],"author":"NOTICIASMERCEDINAS.COM","twitter_card":"summary_large_image","twitter_creator":"@notmercedinas","twitter_site":"@notmercedinas","twitter_misc":{"Escrito por":"NOTICIASMERCEDINAS.COM","Tiempo de lectura":"2 minutos"},"schema":{"@context":"https:\/\/schema.org","@graph":[{"@type":"Article","@id":"https:\/\/noticiasmercedinas.com\/site\/2025\/08\/28\/sabrina-selva-celebra-destrabe-de-comision-investigadora-caso-libra-no-es-una-discusion-entre-peronismo-y-antiperonismo\/#article","isPartOf":{"@id":"https:\/\/noticiasmercedinas.com\/site\/2025\/08\/28\/sabrina-selva-celebra-destrabe-de-comision-investigadora-caso-libra-no-es-una-discusion-entre-peronismo-y-antiperonismo\/"},"author":{"name":"NOTICIASMERCEDINAS.COM","@id":"https:\/\/noticiasmercedinas.com\/site\/#\/schema\/person\/84b59c099c28ff2e8b77d4ceec5d8063"},"headline":"Sabrina Selva celebra &#8216;destrabe&#8217; de comisi\u00f3n investigadora caso Libra: \u00abNo es una discusi\u00f3n entre peronismo y antiperonismo\u00bb","datePublished":"2025-08-28T20:13:17+00:00","dateModified":"2025-08-28T20:13:38+00:00","mainEntityOfPage":{"@id":"https:\/\/noticiasmercedinas.com\/site\/2025\/08\/28\/sabrina-selva-celebra-destrabe-de-comision-investigadora-caso-libra-no-es-una-discusion-entre-peronismo-y-antiperonismo\/"},"wordCount":211,"publisher":{"@id":"https:\/\/noticiasmercedinas.com\/site\/#organization"},"image":{"@id":"https:\/\/noticiasmercedinas.com\/site\/2025\/08\/28\/sabrina-selva-celebra-destrabe-de-comision-investigadora-caso-libra-no-es-una-discusion-entre-peronismo-y-antiperonismo\/#primaryimage"},"thumbnailUrl":"https:\/\/noticiasmercedinas.com\/site\/wp-content\/uploads\/2025\/08\/SABRINAS.jpg","keywords":["caso libra","diputados","Javier Milei","sabrina selva"],"articleSection":["Politica"],"inLanguage":"es"},{"@type":"WebPage","@id":"https:\/\/noticiasmercedinas.com\/site\/2025\/08\/28\/sabrina-selva-celebra-destrabe-de-comision-investigadora-caso-libra-no-es-una-discusion-entre-peronismo-y-antiperonismo\/","url":"https:\/\/noticiasmercedinas.com\/site\/2025\/08\/28\/sabrina-selva-celebra-destrabe-de-comision-investigadora-caso-libra-no-es-una-discusion-entre-peronismo-y-antiperonismo\/","name":"Sabrina Selva celebra 'destrabe' de comisi\u00f3n investigadora caso Libra: \"No es una discusi\u00f3n entre peronismo y antiperonismo\"","isPartOf":{"@id":"https:\/\/noticiasmercedinas.com\/site\/#website"},"primaryImageOfPage":{"@id":"https:\/\/noticiasmercedinas.com\/site\/2025\/08\/28\/sabrina-selva-celebra-destrabe-de-comision-investigadora-caso-libra-no-es-una-discusion-entre-peronismo-y-antiperonismo\/#primaryimage"},"image":{"@id":"https:\/\/noticiasmercedinas.com\/site\/2025\/08\/28\/sabrina-selva-celebra-destrabe-de-comision-investigadora-caso-libra-no-es-una-discusion-entre-peronismo-y-antiperonismo\/#primaryimage"},"thumbnailUrl":"https:\/\/noticiasmercedinas.com\/site\/wp-content\/uploads\/2025\/08\/SABRINAS.jpg","datePublished":"2025-08-28T20:13:17+00:00","dateModified":"2025-08-28T20:13:38+00:00","description":"\u25a0\u00a0La diputada de Uni\u00f3n por la Patria destac\u00f3 el inicio de la investigaci\u00f3n sobre la responsabilidad pol\u00edtica del Presidente Javier Milei y funcionarios en el caso.","breadcrumb":{"@id":"https:\/\/noticiasmercedinas.com\/site\/2025\/08\/28\/sabrina-selva-celebra-destrabe-de-comision-investigadora-caso-libra-no-es-una-discusion-entre-peronismo-y-antiperonismo\/#breadcrumb"},"inLanguage":"es","potentialAction":[{"@type":"ReadAction","target":["https:\/\/noticiasmercedinas.com\/site\/2025\/08\/28\/sabrina-selva-celebra-destrabe-de-comision-investigadora-caso-libra-no-es-una-discusion-entre-peronismo-y-antiperonismo\/"]}]},{"@type":"ImageObject","inLanguage":"es","@id":"https:\/\/noticiasmercedinas.com\/site\/2025\/08\/28\/sabrina-selva-celebra-destrabe-de-comision-investigadora-caso-libra-no-es-una-discusion-entre-peronismo-y-antiperonismo\/#primaryimage","url":"https:\/\/noticiasmercedinas.com\/site\/wp-content\/uploads\/2025\/08\/SABRINAS.jpg","contentUrl":"https:\/\/noticiasmercedinas.com\/site\/wp-content\/uploads\/2025\/08\/SABRINAS.jpg","width":741,"height":424},{"@type":"BreadcrumbList","@id":"https:\/\/noticiasmercedinas.com\/site\/2025\/08\/28\/sabrina-selva-celebra-destrabe-de-comision-investigadora-caso-libra-no-es-una-discusion-entre-peronismo-y-antiperonismo\/#breadcrumb","itemListElement":[{"@type":"ListItem","position":1,"name":"Portada","item":"https:\/\/noticiasmercedinas.com\/site\/"},{"@type":"ListItem","position":2,"name":"Sabrina Selva celebra &#8216;destrabe&#8217; de comisi\u00f3n investigadora caso Libra: \u00abNo es una discusi\u00f3n entre peronismo y antiperonismo\u00bb"}]},{"@type":"WebSite","@id":"https:\/\/noticiasmercedinas.com\/site\/#website","url":"https:\/\/noticiasmercedinas.com\/site\/","name":"NOTICIASMERCEDINAS.COM","description":"Mercedes, Buenos Aires, Argentina","publisher":{"@id":"https:\/\/noticiasmercedinas.com\/site\/#organization"},"potentialAction":[{"@type":"SearchAction","target":{"@type":"EntryPoint","urlTemplate":"https:\/\/noticiasmercedinas.com\/site\/?s={search_term_string}"},"query-input":{"@type":"PropertyValueSpecification","valueRequired":true,"valueName":"search_term_string"}}],"inLanguage":"es"},{"@type":"Organization","@id":"https:\/\/noticiasmercedinas.com\/site\/#organization","name":"NOTICIASMERCEDINAS.COM","url":"https:\/\/noticiasmercedinas.com\/site\/","logo":{"@type":"ImageObject","inLanguage":"es","@id":"https:\/\/noticiasmercedinas.com\/site\/#\/schema\/logo\/image\/","url":"https:\/\/noticiasmercedinas.com\/site\/wp-content\/uploads\/2020\/06\/LOGO-512.jpg","contentUrl":"https:\/\/noticiasmercedinas.com\/site\/wp-content\/uploads\/2020\/06\/LOGO-512.jpg","width":512,"height":512,"caption":"NOTICIASMERCEDINAS.COM"},"image":{"@id":"https:\/\/noticiasmercedinas.com\/site\/#\/schema\/logo\/image\/"},"sameAs":["https:\/\/www.facebook.com\/noticiasmercedinas\/","https:\/\/x.com\/notmercedinas","https:\/\/www.instagram.com\/noticiasmercedinas\/"]},{"@type":"Person","@id":"https:\/\/noticiasmercedinas.com\/site\/#\/schema\/person\/84b59c099c28ff2e8b77d4ceec5d8063","name":"NOTICIASMERCEDINAS.COM","image":{"@type":"ImageObject","inLanguage":"es","@id":"https:\/\/secure.gravatar.com\/avatar\/4dfbf16b4d17945bfb6341b2d19043457132fcf478a5ee04f42e959fd8f5df0a?s=96&d=mm&r=g","url":"https:\/\/secure.gravatar.com\/avatar\/4dfbf16b4d17945bfb6341b2d19043457132fcf478a5ee04f42e959fd8f5df0a?s=96&d=mm&r=g","contentUrl":"https:\/\/secure.gravatar.com\/avatar\/4dfbf16b4d17945bfb6341b2d19043457132fcf478a5ee04f42e959fd8f5df0a?s=96&d=mm&r=g","caption":"NOTICIASMERCEDINAS.COM"},"url":"https:\/\/noticiasmercedinas.com\/site\/author\/anonimo\/"}]}},"amp_enabled":true,"_links":{"self":[{"href":"https:\/\/noticiasmercedinas.com\/site\/wp-json\/wp\/v2\/posts\/168081","targetHints":{"allow":["GET"]}}],"collection":[{"href":"https:\/\/noticiasmercedinas.com\/site\/wp-json\/wp\/v2\/posts"}],"about":[{"href":"https:\/\/noticiasmercedinas.com\/site\/wp-json\/wp\/v2\/types\/post"}],"author":[{"embeddable":true,"href":"https:\/\/noticiasmercedinas.com\/site\/wp-json\/wp\/v2\/users\/16"}],"replies":[{"embeddable":true,"href":"https:\/\/noticiasmercedinas.com\/site\/wp-json\/wp\/v2\/comments?post=168081"}],"version-history":[{"count":1,"href":"https:\/\/noticiasmercedinas.com\/site\/wp-json\/wp\/v2\/posts\/168081\/revisions"}],"predecessor-version":[{"id":168083,"href":"https:\/\/noticiasmercedinas.com\/site\/wp-json\/wp\/v2\/posts\/168081\/revisions\/168083"}],"wp:featuredmedia":[{"embeddable":true,"href":"https:\/\/noticiasmercedinas.com\/site\/wp-json\/wp\/v2\/media\/168082"}],"wp:attachment":[{"href":"https:\/\/noticiasmercedinas.com\/site\/wp-json\/wp\/v2\/media?parent=168081"}],"wp:term":[{"taxonomy":"category","embeddable":true,"href":"https:\/\/noticiasmercedinas.com\/site\/wp-json\/wp\/v2\/categories?post=168081"},{"taxonomy":"post_tag","embeddable":true,"href":"https:\/\/noticiasmercedinas.com\/site\/wp-json\/wp\/v2\/tags?post=168081"}],"curies":[{"name":"wp","href":"https:\/\/api.w.org\/{rel}","templated":true}]}}