{"id":168386,"date":"2025-09-01T15:36:17","date_gmt":"2025-09-01T18:36:17","guid":{"rendered":"https:\/\/noticiasmercedinas.com\/site\/?p=168386"},"modified":"2025-09-01T15:36:17","modified_gmt":"2025-09-01T18:36:17","slug":"husqvarna-argentina-inauguro-su-nuevo-concesionario-oficial-en-tucuman","status":"publish","type":"post","link":"https:\/\/noticiasmercedinas.com\/site\/2025\/09\/01\/husqvarna-argentina-inauguro-su-nuevo-concesionario-oficial-en-tucuman\/","title":{"rendered":"Husqvarna Argentina inaugur\u00f3 su nuevo concesionario oficial en Tucum\u00e1n"},"content":{"rendered":"<p><img loading=\"lazy\" decoding=\"async\" class=\"alignnone size-full wp-image-168389\" src=\"https:\/\/noticiasmercedinas.com\/site\/wp-content\/uploads\/2025\/09\/Nuevo-concesionario-Husqvarna-en-Tucuman.jpg\" alt=\"\" width=\"2000\" height=\"1111\" srcset=\"https:\/\/noticiasmercedinas.com\/site\/wp-content\/uploads\/2025\/09\/Nuevo-concesionario-Husqvarna-en-Tucuman.jpg 2000w, https:\/\/noticiasmercedinas.com\/site\/wp-content\/uploads\/2025\/09\/Nuevo-concesionario-Husqvarna-en-Tucuman-300x167.jpg 300w, https:\/\/noticiasmercedinas.com\/site\/wp-content\/uploads\/2025\/09\/Nuevo-concesionario-Husqvarna-en-Tucuman-1024x569.jpg 1024w, https:\/\/noticiasmercedinas.com\/site\/wp-content\/uploads\/2025\/09\/Nuevo-concesionario-Husqvarna-en-Tucuman-768x427.jpg 768w, https:\/\/noticiasmercedinas.com\/site\/wp-content\/uploads\/2025\/09\/Nuevo-concesionario-Husqvarna-en-Tucuman-1536x853.jpg 1536w, https:\/\/noticiasmercedinas.com\/site\/wp-content\/uploads\/2025\/09\/Nuevo-concesionario-Husqvarna-en-Tucuman-640x356.jpg 640w, https:\/\/noticiasmercedinas.com\/site\/wp-content\/uploads\/2025\/09\/Nuevo-concesionario-Husqvarna-en-Tucuman-1280x711.jpg 1280w, https:\/\/noticiasmercedinas.com\/site\/wp-content\/uploads\/2025\/09\/Nuevo-concesionario-Husqvarna-en-Tucuman-681x378.jpg 681w, https:\/\/noticiasmercedinas.com\/site\/wp-content\/uploads\/2025\/09\/Nuevo-concesionario-Husqvarna-en-Tucuman-1362x757.jpg 1362w\" sizes=\"auto, (max-width: 2000px) 100vw, 2000px\" \/><\/p>\n<p>Con una fuerte apuesta a la expansi\u00f3n de su red en el norte del pa\u00eds, Husqvarna, marca representada en Argentina por Grupo Simpa S.A., inaugur\u00f3 un nuevo concesionario oficial en Tucum\u00e1n, consolidando su presencia en una de las provincias con mayor tradici\u00f3n y pasi\u00f3n por el motociclismo.<\/p>\n<p>Con m\u00e1s de 200 mts2, el concesionario ubicado en Combate de San Lorenzo 1312 de San Miguel de Tucum\u00e1n, esquina San Luis, se presenta como un punto de encuentro para la comunidad motera tucumana, con un showroom de \u00faltima generaci\u00f3n, servicio postventa con atenci\u00f3n personalizada, \u00e1rea de venta de accesorios y un taller equipado para responder a las necesidades de los usuarios m\u00e1s exigentes.<\/p>\n<p><img loading=\"lazy\" decoding=\"async\" class=\"alignnone size-full wp-image-168387\" src=\"https:\/\/noticiasmercedinas.com\/site\/wp-content\/uploads\/2025\/09\/Nuevo-concesionario-Husqvarna-en-Tucuman-2-scaled.jpg\" alt=\"\" width=\"2560\" height=\"1707\" srcset=\"https:\/\/noticiasmercedinas.com\/site\/wp-content\/uploads\/2025\/09\/Nuevo-concesionario-Husqvarna-en-Tucuman-2-scaled.jpg 2560w, https:\/\/noticiasmercedinas.com\/site\/wp-content\/uploads\/2025\/09\/Nuevo-concesionario-Husqvarna-en-Tucuman-2-300x200.jpg 300w, https:\/\/noticiasmercedinas.com\/site\/wp-content\/uploads\/2025\/09\/Nuevo-concesionario-Husqvarna-en-Tucuman-2-1024x683.jpg 1024w, https:\/\/noticiasmercedinas.com\/site\/wp-content\/uploads\/2025\/09\/Nuevo-concesionario-Husqvarna-en-Tucuman-2-768x512.jpg 768w, https:\/\/noticiasmercedinas.com\/site\/wp-content\/uploads\/2025\/09\/Nuevo-concesionario-Husqvarna-en-Tucuman-2-1536x1024.jpg 1536w, https:\/\/noticiasmercedinas.com\/site\/wp-content\/uploads\/2025\/09\/Nuevo-concesionario-Husqvarna-en-Tucuman-2-2048x1365.jpg 2048w, https:\/\/noticiasmercedinas.com\/site\/wp-content\/uploads\/2025\/09\/Nuevo-concesionario-Husqvarna-en-Tucuman-2-640x427.jpg 640w, https:\/\/noticiasmercedinas.com\/site\/wp-content\/uploads\/2025\/09\/Nuevo-concesionario-Husqvarna-en-Tucuman-2-1280x853.jpg 1280w, https:\/\/noticiasmercedinas.com\/site\/wp-content\/uploads\/2025\/09\/Nuevo-concesionario-Husqvarna-en-Tucuman-2-681x454.jpg 681w, https:\/\/noticiasmercedinas.com\/site\/wp-content\/uploads\/2025\/09\/Nuevo-concesionario-Husqvarna-en-Tucuman-2-1362x908.jpg 1362w\" sizes=\"auto, (max-width: 2560px) 100vw, 2560px\" \/><\/p>\n<p>El evento de apertura cont\u00f3 con la presencia de Mart\u00edn Schwartz, director de la Divisi\u00f3n Rodados de Grupo Simpa S.A.; Leandro Panaggio y Joaqu\u00edn P\u00e9rez Cobo, representantes comerciales de Husqvarna Mobility en Argentina; y los socios locales de Husqvarna Tucum\u00e1n, quienes realizaron el corte de cinta y recorrieron las instalaciones.<\/p>\n<p>Entre los modelos destacados se exhibieron la Svartpilen 801, 401 y 250, Vitpilen 401, Norden 901, adem\u00e1s de la gama de motocross y enduro extremo como la TE 300, y las Husqvarna E-Bicycles, entre otros.<\/p>\n<p>Martin Schwartz coment\u00f3: \u201cDesde Grupo Simpa trabajamos diariamente para garantizar que todas las marcas que representamos en Argentina \u2014entre ellas Husqvarna Mobility \u2014 mantengan los m\u00e1s altos est\u00e1ndares de calidad, servicio y atenci\u00f3n al cliente. Actualmente contamos con m\u00e1s de 160 concesionarios en todo el pa\u00eds y, tenemos presencia en distintos puntos de la regi\u00f3n como M\u00e9xico y Per\u00fa, con la misi\u00f3n de garantizar que cada usuario reciba atenci\u00f3n de excelencia, tanto en el momento de la compra como en la posventa\u201d y agreg\u00f3 \u201cabrir un nuevo punto de atenci\u00f3n para la marca es parte del compromiso que tenemos con quienes nos eligen\u201d.<\/p>\n<p>Por su parte, Pablo Reyven, representante del concesionario Husqvarna Tucum\u00e1n, se\u00f1alo: \u201cCon la apertura de este nuevo concesionario, ubicado en una esquina hist\u00f3rica y emblem\u00e1tica de Tucum\u00e1n queremos que nuestros clientes vivencien una experiencia \u00fanica, generando el acercamiento de una marca global como Husqvarna, con toda su innovaci\u00f3n y calidad, a la comunidad de nuestra provincia y de todo el NOA\u201d.<\/p>\n<p>El nuevo local abrir\u00e1 sus puertas de lunes a viernes de 9 a 18 hs. y s\u00e1bados de 9 a 13 hs., ofreciendo adem\u00e1s planes de financiaci\u00f3n exclusivos con BBVA, facilitando el acceso a los distintos modelos Husqvarna Mobility, cuyos precios var\u00edan entre los $10.00.000 y $35.000.000.<\/p>\n<p>Para m\u00e1s informaci\u00f3n, se puede consultar sus redes sociales: Instagram: <a href=\"https:\/\/www.instagram.com\/husqvarnatucuman\">@husqvarnatucuman<\/a><\/p>\n<p><strong>Acerca de Husqvarna Mobility<br \/>\n<\/strong>De origen sueco, que actualmente pertenece al grupo austr\u00edaco KTM, es uno de los fabricantes de motos m\u00e1s antiguos del mundo con una producci\u00f3n ininterrumpida. La primera motocicleta que sali\u00f3 de sus cadenas de producci\u00f3n se remonta hacia el a\u00f1o 1903. Como todos los modelos de aquella \u00e9poca, se trataba m\u00e1s bien de una bicicleta con motor que sirvi\u00f3 de puntapi\u00e9 para profundizar en el desarrollo de unidades m\u00e1s complejas. Desde entonces, Husqvarna cuenta con un amplio cat\u00e1logo de motos de alta tecnolog\u00eda y logr\u00f3 transformarse en una referencia en segmentos como el enduro, motocross, supermoto y dual-sport con una importante participaci\u00f3n tambi\u00e9n en los segmentos Street y Travel.<\/p>\n<p><strong>Acerca de Grupo Simpa S.A.<\/strong><br \/>\nGrupo Simpa es una empresa de capitales nacionales con m\u00e1s de 60 a\u00f1os de trayectoria en el desarrollo de actividades productivas y comerciales para sus tres divisiones principales: Rodados, Pl\u00e1sticos y Herramientas. Actualmente, cuenta con alrededor de 300 colaboradores distribuidos en los pa\u00edses en los que opera: Argentina, Brasil, Per\u00fa y M\u00e9xico. Grupo Simpa se destaca como l\u00edder en cada una de sus unidades de negocio, ubic\u00e1ndose como una de las empresas de mayor relevancia y reconocimiento a nivel nacional y regional para sus segmentos. La compa\u00f1\u00eda apuesta a la innovaci\u00f3n, el crecimiento sostenido y la creaci\u00f3n de valor en cada unidad de negocio.<\/p>\n<p><img loading=\"lazy\" decoding=\"async\" class=\"alignnone size-full wp-image-168388\" src=\"https:\/\/noticiasmercedinas.com\/site\/wp-content\/uploads\/2025\/09\/El-piloto-Kevin-Benavides-en-la-inauguracion-nuevo-concesionario-Husqvarna-Tucuman-scaled.jpg\" alt=\"\" width=\"2560\" height=\"1707\" srcset=\"https:\/\/noticiasmercedinas.com\/site\/wp-content\/uploads\/2025\/09\/El-piloto-Kevin-Benavides-en-la-inauguracion-nuevo-concesionario-Husqvarna-Tucuman-scaled.jpg 2560w, https:\/\/noticiasmercedinas.com\/site\/wp-content\/uploads\/2025\/09\/El-piloto-Kevin-Benavides-en-la-inauguracion-nuevo-concesionario-Husqvarna-Tucuman-300x200.jpg 300w, https:\/\/noticiasmercedinas.com\/site\/wp-content\/uploads\/2025\/09\/El-piloto-Kevin-Benavides-en-la-inauguracion-nuevo-concesionario-Husqvarna-Tucuman-1024x683.jpg 1024w, https:\/\/noticiasmercedinas.com\/site\/wp-content\/uploads\/2025\/09\/El-piloto-Kevin-Benavides-en-la-inauguracion-nuevo-concesionario-Husqvarna-Tucuman-768x512.jpg 768w, https:\/\/noticiasmercedinas.com\/site\/wp-content\/uploads\/2025\/09\/El-piloto-Kevin-Benavides-en-la-inauguracion-nuevo-concesionario-Husqvarna-Tucuman-1536x1024.jpg 1536w, https:\/\/noticiasmercedinas.com\/site\/wp-content\/uploads\/2025\/09\/El-piloto-Kevin-Benavides-en-la-inauguracion-nuevo-concesionario-Husqvarna-Tucuman-2048x1365.jpg 2048w, https:\/\/noticiasmercedinas.com\/site\/wp-content\/uploads\/2025\/09\/El-piloto-Kevin-Benavides-en-la-inauguracion-nuevo-concesionario-Husqvarna-Tucuman-640x427.jpg 640w, https:\/\/noticiasmercedinas.com\/site\/wp-content\/uploads\/2025\/09\/El-piloto-Kevin-Benavides-en-la-inauguracion-nuevo-concesionario-Husqvarna-Tucuman-1280x853.jpg 1280w, https:\/\/noticiasmercedinas.com\/site\/wp-content\/uploads\/2025\/09\/El-piloto-Kevin-Benavides-en-la-inauguracion-nuevo-concesionario-Husqvarna-Tucuman-681x454.jpg 681w, https:\/\/noticiasmercedinas.com\/site\/wp-content\/uploads\/2025\/09\/El-piloto-Kevin-Benavides-en-la-inauguracion-nuevo-concesionario-Husqvarna-Tucuman-1362x908.jpg 1362w\" sizes=\"auto, (max-width: 2560px) 100vw, 2560px\" \/><\/p>\n","protected":false},"excerpt":{"rendered":"<p>Con una fuerte apuesta a la expansi\u00f3n de su red en el norte del pa\u00eds, Husqvarna, marca representada en Argentina por Grupo Simpa S.A., inaugur\u00f3 un nuevo concesionario oficial en Tucum\u00e1n, consolidando su presencia en una de las provincias con mayor tradici\u00f3n y pasi\u00f3n por el motociclismo. Con m\u00e1s de 200 mts2, el concesionario ubicado [&hellip;]<\/p>\n","protected":false},"author":16,"featured_media":168389,"comment_status":"closed","ping_status":"closed","sticky":false,"template":"","format":"standard","meta":{"footnotes":""},"categories":[74],"tags":[13246,17741],"class_list":["post-168386","post","type-post","status-publish","format-standard","has-post-thumbnail","hentry","category-emprendimientos","tag-grupo-simpa","tag-husqvarna"],"yoast_head":"<!-- This site is optimized with the Yoast SEO plugin v27.5 - https:\/\/yoast.com\/product\/yoast-seo-wordpress\/ -->\n<title>Husqvarna Argentina inaugur\u00f3 su nuevo concesionario oficial en Tucum\u00e1n<\/title>\n<meta name=\"robots\" content=\"index, follow, max-snippet:-1, max-image-preview:large, max-video-preview:-1\" \/>\n<link rel=\"canonical\" href=\"https:\/\/noticiasmercedinas.com\/site\/2025\/09\/01\/husqvarna-argentina-inauguro-su-nuevo-concesionario-oficial-en-tucuman\/\" \/>\n<meta property=\"og:locale\" content=\"es_ES\" \/>\n<meta property=\"og:type\" content=\"article\" \/>\n<meta property=\"og:title\" content=\"Husqvarna Argentina inaugur\u00f3 su nuevo concesionario oficial en Tucum\u00e1n\" \/>\n<meta property=\"og:description\" content=\"Con una fuerte apuesta a la expansi\u00f3n de su red en el norte del pa\u00eds, Husqvarna, marca representada en Argentina por Grupo Simpa S.A., inaugur\u00f3 un nuevo concesionario oficial en Tucum\u00e1n, consolidando su presencia en una de las provincias con mayor tradici\u00f3n y pasi\u00f3n por el motociclismo. Con m\u00e1s de 200 mts2, el concesionario ubicado [&hellip;]\" \/>\n<meta property=\"og:url\" content=\"https:\/\/noticiasmercedinas.com\/site\/2025\/09\/01\/husqvarna-argentina-inauguro-su-nuevo-concesionario-oficial-en-tucuman\/\" \/>\n<meta property=\"og:site_name\" content=\"NOTICIASMERCEDINAS.COM\" \/>\n<meta property=\"article:publisher\" content=\"https:\/\/www.facebook.com\/noticiasmercedinas\/\" \/>\n<meta property=\"article:published_time\" content=\"2025-09-01T18:36:17+00:00\" \/>\n<meta property=\"og:image\" content=\"https:\/\/noticiasmercedinas.com\/site\/wp-content\/uploads\/2025\/09\/Nuevo-concesionario-Husqvarna-en-Tucuman.jpg\" \/>\n\t<meta property=\"og:image:width\" content=\"2000\" \/>\n\t<meta property=\"og:image:height\" content=\"1111\" \/>\n\t<meta property=\"og:image:type\" content=\"image\/jpeg\" \/>\n<meta name=\"author\" content=\"NOTICIASMERCEDINAS.COM\" \/>\n<meta name=\"twitter:card\" content=\"summary_large_image\" \/>\n<meta name=\"twitter:creator\" content=\"@notmercedinas\" \/>\n<meta name=\"twitter:site\" content=\"@notmercedinas\" \/>\n<meta name=\"twitter:label1\" content=\"Escrito por\" \/>\n\t<meta name=\"twitter:data1\" content=\"NOTICIASMERCEDINAS.COM\" \/>\n\t<meta name=\"twitter:label2\" content=\"Tiempo de lectura\" \/>\n\t<meta name=\"twitter:data2\" content=\"4 minutos\" \/>\n<script type=\"application\/ld+json\" class=\"yoast-schema-graph\">{\"@context\":\"https:\\\/\\\/schema.org\",\"@graph\":[{\"@type\":\"Article\",\"@id\":\"https:\\\/\\\/noticiasmercedinas.com\\\/site\\\/2025\\\/09\\\/01\\\/husqvarna-argentina-inauguro-su-nuevo-concesionario-oficial-en-tucuman\\\/#article\",\"isPartOf\":{\"@id\":\"https:\\\/\\\/noticiasmercedinas.com\\\/site\\\/2025\\\/09\\\/01\\\/husqvarna-argentina-inauguro-su-nuevo-concesionario-oficial-en-tucuman\\\/\"},\"author\":{\"name\":\"NOTICIASMERCEDINAS.COM\",\"@id\":\"https:\\\/\\\/noticiasmercedinas.com\\\/site\\\/#\\\/schema\\\/person\\\/84b59c099c28ff2e8b77d4ceec5d8063\"},\"headline\":\"Husqvarna Argentina inaugur\u00f3 su nuevo concesionario oficial en Tucum\u00e1n\",\"datePublished\":\"2025-09-01T18:36:17+00:00\",\"mainEntityOfPage\":{\"@id\":\"https:\\\/\\\/noticiasmercedinas.com\\\/site\\\/2025\\\/09\\\/01\\\/husqvarna-argentina-inauguro-su-nuevo-concesionario-oficial-en-tucuman\\\/\"},\"wordCount\":693,\"publisher\":{\"@id\":\"https:\\\/\\\/noticiasmercedinas.com\\\/site\\\/#organization\"},\"image\":{\"@id\":\"https:\\\/\\\/noticiasmercedinas.com\\\/site\\\/2025\\\/09\\\/01\\\/husqvarna-argentina-inauguro-su-nuevo-concesionario-oficial-en-tucuman\\\/#primaryimage\"},\"thumbnailUrl\":\"https:\\\/\\\/noticiasmercedinas.com\\\/site\\\/wp-content\\\/uploads\\\/2025\\\/09\\\/Nuevo-concesionario-Husqvarna-en-Tucuman.jpg\",\"keywords\":[\"Grupo SIMPA\",\"Husqvarna\"],\"articleSection\":[\"Emprendimientos\"],\"inLanguage\":\"es\"},{\"@type\":\"WebPage\",\"@id\":\"https:\\\/\\\/noticiasmercedinas.com\\\/site\\\/2025\\\/09\\\/01\\\/husqvarna-argentina-inauguro-su-nuevo-concesionario-oficial-en-tucuman\\\/\",\"url\":\"https:\\\/\\\/noticiasmercedinas.com\\\/site\\\/2025\\\/09\\\/01\\\/husqvarna-argentina-inauguro-su-nuevo-concesionario-oficial-en-tucuman\\\/\",\"name\":\"Husqvarna Argentina inaugur\u00f3 su nuevo concesionario oficial en Tucum\u00e1n\",\"isPartOf\":{\"@id\":\"https:\\\/\\\/noticiasmercedinas.com\\\/site\\\/#website\"},\"primaryImageOfPage\":{\"@id\":\"https:\\\/\\\/noticiasmercedinas.com\\\/site\\\/2025\\\/09\\\/01\\\/husqvarna-argentina-inauguro-su-nuevo-concesionario-oficial-en-tucuman\\\/#primaryimage\"},\"image\":{\"@id\":\"https:\\\/\\\/noticiasmercedinas.com\\\/site\\\/2025\\\/09\\\/01\\\/husqvarna-argentina-inauguro-su-nuevo-concesionario-oficial-en-tucuman\\\/#primaryimage\"},\"thumbnailUrl\":\"https:\\\/\\\/noticiasmercedinas.com\\\/site\\\/wp-content\\\/uploads\\\/2025\\\/09\\\/Nuevo-concesionario-Husqvarna-en-Tucuman.jpg\",\"datePublished\":\"2025-09-01T18:36:17+00:00\",\"breadcrumb\":{\"@id\":\"https:\\\/\\\/noticiasmercedinas.com\\\/site\\\/2025\\\/09\\\/01\\\/husqvarna-argentina-inauguro-su-nuevo-concesionario-oficial-en-tucuman\\\/#breadcrumb\"},\"inLanguage\":\"es\",\"potentialAction\":[{\"@type\":\"ReadAction\",\"target\":[\"https:\\\/\\\/noticiasmercedinas.com\\\/site\\\/2025\\\/09\\\/01\\\/husqvarna-argentina-inauguro-su-nuevo-concesionario-oficial-en-tucuman\\\/\"]}]},{\"@type\":\"ImageObject\",\"inLanguage\":\"es\",\"@id\":\"https:\\\/\\\/noticiasmercedinas.com\\\/site\\\/2025\\\/09\\\/01\\\/husqvarna-argentina-inauguro-su-nuevo-concesionario-oficial-en-tucuman\\\/#primaryimage\",\"url\":\"https:\\\/\\\/noticiasmercedinas.com\\\/site\\\/wp-content\\\/uploads\\\/2025\\\/09\\\/Nuevo-concesionario-Husqvarna-en-Tucuman.jpg\",\"contentUrl\":\"https:\\\/\\\/noticiasmercedinas.com\\\/site\\\/wp-content\\\/uploads\\\/2025\\\/09\\\/Nuevo-concesionario-Husqvarna-en-Tucuman.jpg\",\"width\":2000,\"height\":1111},{\"@type\":\"BreadcrumbList\",\"@id\":\"https:\\\/\\\/noticiasmercedinas.com\\\/site\\\/2025\\\/09\\\/01\\\/husqvarna-argentina-inauguro-su-nuevo-concesionario-oficial-en-tucuman\\\/#breadcrumb\",\"itemListElement\":[{\"@type\":\"ListItem\",\"position\":1,\"name\":\"Portada\",\"item\":\"https:\\\/\\\/noticiasmercedinas.com\\\/site\\\/\"},{\"@type\":\"ListItem\",\"position\":2,\"name\":\"Husqvarna Argentina inaugur\u00f3 su nuevo concesionario oficial en Tucum\u00e1n\"}]},{\"@type\":\"WebSite\",\"@id\":\"https:\\\/\\\/noticiasmercedinas.com\\\/site\\\/#website\",\"url\":\"https:\\\/\\\/noticiasmercedinas.com\\\/site\\\/\",\"name\":\"NOTICIASMERCEDINAS.COM\",\"description\":\"Mercedes, Buenos Aires, Argentina\",\"publisher\":{\"@id\":\"https:\\\/\\\/noticiasmercedinas.com\\\/site\\\/#organization\"},\"potentialAction\":[{\"@type\":\"SearchAction\",\"target\":{\"@type\":\"EntryPoint\",\"urlTemplate\":\"https:\\\/\\\/noticiasmercedinas.com\\\/site\\\/?s={search_term_string}\"},\"query-input\":{\"@type\":\"PropertyValueSpecification\",\"valueRequired\":true,\"valueName\":\"search_term_string\"}}],\"inLanguage\":\"es\"},{\"@type\":\"Organization\",\"@id\":\"https:\\\/\\\/noticiasmercedinas.com\\\/site\\\/#organization\",\"name\":\"NOTICIASMERCEDINAS.COM\",\"url\":\"https:\\\/\\\/noticiasmercedinas.com\\\/site\\\/\",\"logo\":{\"@type\":\"ImageObject\",\"inLanguage\":\"es\",\"@id\":\"https:\\\/\\\/noticiasmercedinas.com\\\/site\\\/#\\\/schema\\\/logo\\\/image\\\/\",\"url\":\"https:\\\/\\\/noticiasmercedinas.com\\\/site\\\/wp-content\\\/uploads\\\/2020\\\/06\\\/LOGO-512.jpg\",\"contentUrl\":\"https:\\\/\\\/noticiasmercedinas.com\\\/site\\\/wp-content\\\/uploads\\\/2020\\\/06\\\/LOGO-512.jpg\",\"width\":512,\"height\":512,\"caption\":\"NOTICIASMERCEDINAS.COM\"},\"image\":{\"@id\":\"https:\\\/\\\/noticiasmercedinas.com\\\/site\\\/#\\\/schema\\\/logo\\\/image\\\/\"},\"sameAs\":[\"https:\\\/\\\/www.facebook.com\\\/noticiasmercedinas\\\/\",\"https:\\\/\\\/x.com\\\/notmercedinas\",\"https:\\\/\\\/www.instagram.com\\\/noticiasmercedinas\\\/\"]},{\"@type\":\"Person\",\"@id\":\"https:\\\/\\\/noticiasmercedinas.com\\\/site\\\/#\\\/schema\\\/person\\\/84b59c099c28ff2e8b77d4ceec5d8063\",\"name\":\"NOTICIASMERCEDINAS.COM\",\"image\":{\"@type\":\"ImageObject\",\"inLanguage\":\"es\",\"@id\":\"https:\\\/\\\/secure.gravatar.com\\\/avatar\\\/4dfbf16b4d17945bfb6341b2d19043457132fcf478a5ee04f42e959fd8f5df0a?s=96&d=mm&r=g\",\"url\":\"https:\\\/\\\/secure.gravatar.com\\\/avatar\\\/4dfbf16b4d17945bfb6341b2d19043457132fcf478a5ee04f42e959fd8f5df0a?s=96&d=mm&r=g\",\"contentUrl\":\"https:\\\/\\\/secure.gravatar.com\\\/avatar\\\/4dfbf16b4d17945bfb6341b2d19043457132fcf478a5ee04f42e959fd8f5df0a?s=96&d=mm&r=g\",\"caption\":\"NOTICIASMERCEDINAS.COM\"},\"url\":\"https:\\\/\\\/noticiasmercedinas.com\\\/site\\\/author\\\/anonimo\\\/\"}]}<\/script>\n<!-- \/ Yoast SEO plugin. -->","yoast_head_json":{"title":"Husqvarna Argentina inaugur\u00f3 su nuevo concesionario oficial en Tucum\u00e1n","robots":{"index":"index","follow":"follow","max-snippet":"max-snippet:-1","max-image-preview":"max-image-preview:large","max-video-preview":"max-video-preview:-1"},"canonical":"https:\/\/noticiasmercedinas.com\/site\/2025\/09\/01\/husqvarna-argentina-inauguro-su-nuevo-concesionario-oficial-en-tucuman\/","og_locale":"es_ES","og_type":"article","og_title":"Husqvarna Argentina inaugur\u00f3 su nuevo concesionario oficial en Tucum\u00e1n","og_description":"Con una fuerte apuesta a la expansi\u00f3n de su red en el norte del pa\u00eds, Husqvarna, marca representada en Argentina por Grupo Simpa S.A., inaugur\u00f3 un nuevo concesionario oficial en Tucum\u00e1n, consolidando su presencia en una de las provincias con mayor tradici\u00f3n y pasi\u00f3n por el motociclismo. Con m\u00e1s de 200 mts2, el concesionario ubicado [&hellip;]","og_url":"https:\/\/noticiasmercedinas.com\/site\/2025\/09\/01\/husqvarna-argentina-inauguro-su-nuevo-concesionario-oficial-en-tucuman\/","og_site_name":"NOTICIASMERCEDINAS.COM","article_publisher":"https:\/\/www.facebook.com\/noticiasmercedinas\/","article_published_time":"2025-09-01T18:36:17+00:00","og_image":[{"width":2000,"height":1111,"url":"https:\/\/noticiasmercedinas.com\/site\/wp-content\/uploads\/2025\/09\/Nuevo-concesionario-Husqvarna-en-Tucuman.jpg","type":"image\/jpeg"}],"author":"NOTICIASMERCEDINAS.COM","twitter_card":"summary_large_image","twitter_creator":"@notmercedinas","twitter_site":"@notmercedinas","twitter_misc":{"Escrito por":"NOTICIASMERCEDINAS.COM","Tiempo de lectura":"4 minutos"},"schema":{"@context":"https:\/\/schema.org","@graph":[{"@type":"Article","@id":"https:\/\/noticiasmercedinas.com\/site\/2025\/09\/01\/husqvarna-argentina-inauguro-su-nuevo-concesionario-oficial-en-tucuman\/#article","isPartOf":{"@id":"https:\/\/noticiasmercedinas.com\/site\/2025\/09\/01\/husqvarna-argentina-inauguro-su-nuevo-concesionario-oficial-en-tucuman\/"},"author":{"name":"NOTICIASMERCEDINAS.COM","@id":"https:\/\/noticiasmercedinas.com\/site\/#\/schema\/person\/84b59c099c28ff2e8b77d4ceec5d8063"},"headline":"Husqvarna Argentina inaugur\u00f3 su nuevo concesionario oficial en Tucum\u00e1n","datePublished":"2025-09-01T18:36:17+00:00","mainEntityOfPage":{"@id":"https:\/\/noticiasmercedinas.com\/site\/2025\/09\/01\/husqvarna-argentina-inauguro-su-nuevo-concesionario-oficial-en-tucuman\/"},"wordCount":693,"publisher":{"@id":"https:\/\/noticiasmercedinas.com\/site\/#organization"},"image":{"@id":"https:\/\/noticiasmercedinas.com\/site\/2025\/09\/01\/husqvarna-argentina-inauguro-su-nuevo-concesionario-oficial-en-tucuman\/#primaryimage"},"thumbnailUrl":"https:\/\/noticiasmercedinas.com\/site\/wp-content\/uploads\/2025\/09\/Nuevo-concesionario-Husqvarna-en-Tucuman.jpg","keywords":["Grupo SIMPA","Husqvarna"],"articleSection":["Emprendimientos"],"inLanguage":"es"},{"@type":"WebPage","@id":"https:\/\/noticiasmercedinas.com\/site\/2025\/09\/01\/husqvarna-argentina-inauguro-su-nuevo-concesionario-oficial-en-tucuman\/","url":"https:\/\/noticiasmercedinas.com\/site\/2025\/09\/01\/husqvarna-argentina-inauguro-su-nuevo-concesionario-oficial-en-tucuman\/","name":"Husqvarna Argentina inaugur\u00f3 su nuevo concesionario oficial en Tucum\u00e1n","isPartOf":{"@id":"https:\/\/noticiasmercedinas.com\/site\/#website"},"primaryImageOfPage":{"@id":"https:\/\/noticiasmercedinas.com\/site\/2025\/09\/01\/husqvarna-argentina-inauguro-su-nuevo-concesionario-oficial-en-tucuman\/#primaryimage"},"image":{"@id":"https:\/\/noticiasmercedinas.com\/site\/2025\/09\/01\/husqvarna-argentina-inauguro-su-nuevo-concesionario-oficial-en-tucuman\/#primaryimage"},"thumbnailUrl":"https:\/\/noticiasmercedinas.com\/site\/wp-content\/uploads\/2025\/09\/Nuevo-concesionario-Husqvarna-en-Tucuman.jpg","datePublished":"2025-09-01T18:36:17+00:00","breadcrumb":{"@id":"https:\/\/noticiasmercedinas.com\/site\/2025\/09\/01\/husqvarna-argentina-inauguro-su-nuevo-concesionario-oficial-en-tucuman\/#breadcrumb"},"inLanguage":"es","potentialAction":[{"@type":"ReadAction","target":["https:\/\/noticiasmercedinas.com\/site\/2025\/09\/01\/husqvarna-argentina-inauguro-su-nuevo-concesionario-oficial-en-tucuman\/"]}]},{"@type":"ImageObject","inLanguage":"es","@id":"https:\/\/noticiasmercedinas.com\/site\/2025\/09\/01\/husqvarna-argentina-inauguro-su-nuevo-concesionario-oficial-en-tucuman\/#primaryimage","url":"https:\/\/noticiasmercedinas.com\/site\/wp-content\/uploads\/2025\/09\/Nuevo-concesionario-Husqvarna-en-Tucuman.jpg","contentUrl":"https:\/\/noticiasmercedinas.com\/site\/wp-content\/uploads\/2025\/09\/Nuevo-concesionario-Husqvarna-en-Tucuman.jpg","width":2000,"height":1111},{"@type":"BreadcrumbList","@id":"https:\/\/noticiasmercedinas.com\/site\/2025\/09\/01\/husqvarna-argentina-inauguro-su-nuevo-concesionario-oficial-en-tucuman\/#breadcrumb","itemListElement":[{"@type":"ListItem","position":1,"name":"Portada","item":"https:\/\/noticiasmercedinas.com\/site\/"},{"@type":"ListItem","position":2,"name":"Husqvarna Argentina inaugur\u00f3 su nuevo concesionario oficial en Tucum\u00e1n"}]},{"@type":"WebSite","@id":"https:\/\/noticiasmercedinas.com\/site\/#website","url":"https:\/\/noticiasmercedinas.com\/site\/","name":"NOTICIASMERCEDINAS.COM","description":"Mercedes, Buenos Aires, Argentina","publisher":{"@id":"https:\/\/noticiasmercedinas.com\/site\/#organization"},"potentialAction":[{"@type":"SearchAction","target":{"@type":"EntryPoint","urlTemplate":"https:\/\/noticiasmercedinas.com\/site\/?s={search_term_string}"},"query-input":{"@type":"PropertyValueSpecification","valueRequired":true,"valueName":"search_term_string"}}],"inLanguage":"es"},{"@type":"Organization","@id":"https:\/\/noticiasmercedinas.com\/site\/#organization","name":"NOTICIASMERCEDINAS.COM","url":"https:\/\/noticiasmercedinas.com\/site\/","logo":{"@type":"ImageObject","inLanguage":"es","@id":"https:\/\/noticiasmercedinas.com\/site\/#\/schema\/logo\/image\/","url":"https:\/\/noticiasmercedinas.com\/site\/wp-content\/uploads\/2020\/06\/LOGO-512.jpg","contentUrl":"https:\/\/noticiasmercedinas.com\/site\/wp-content\/uploads\/2020\/06\/LOGO-512.jpg","width":512,"height":512,"caption":"NOTICIASMERCEDINAS.COM"},"image":{"@id":"https:\/\/noticiasmercedinas.com\/site\/#\/schema\/logo\/image\/"},"sameAs":["https:\/\/www.facebook.com\/noticiasmercedinas\/","https:\/\/x.com\/notmercedinas","https:\/\/www.instagram.com\/noticiasmercedinas\/"]},{"@type":"Person","@id":"https:\/\/noticiasmercedinas.com\/site\/#\/schema\/person\/84b59c099c28ff2e8b77d4ceec5d8063","name":"NOTICIASMERCEDINAS.COM","image":{"@type":"ImageObject","inLanguage":"es","@id":"https:\/\/secure.gravatar.com\/avatar\/4dfbf16b4d17945bfb6341b2d19043457132fcf478a5ee04f42e959fd8f5df0a?s=96&d=mm&r=g","url":"https:\/\/secure.gravatar.com\/avatar\/4dfbf16b4d17945bfb6341b2d19043457132fcf478a5ee04f42e959fd8f5df0a?s=96&d=mm&r=g","contentUrl":"https:\/\/secure.gravatar.com\/avatar\/4dfbf16b4d17945bfb6341b2d19043457132fcf478a5ee04f42e959fd8f5df0a?s=96&d=mm&r=g","caption":"NOTICIASMERCEDINAS.COM"},"url":"https:\/\/noticiasmercedinas.com\/site\/author\/anonimo\/"}]}},"amp_enabled":true,"_links":{"self":[{"href":"https:\/\/noticiasmercedinas.com\/site\/wp-json\/wp\/v2\/posts\/168386","targetHints":{"allow":["GET"]}}],"collection":[{"href":"https:\/\/noticiasmercedinas.com\/site\/wp-json\/wp\/v2\/posts"}],"about":[{"href":"https:\/\/noticiasmercedinas.com\/site\/wp-json\/wp\/v2\/types\/post"}],"author":[{"embeddable":true,"href":"https:\/\/noticiasmercedinas.com\/site\/wp-json\/wp\/v2\/users\/16"}],"replies":[{"embeddable":true,"href":"https:\/\/noticiasmercedinas.com\/site\/wp-json\/wp\/v2\/comments?post=168386"}],"version-history":[{"count":1,"href":"https:\/\/noticiasmercedinas.com\/site\/wp-json\/wp\/v2\/posts\/168386\/revisions"}],"predecessor-version":[{"id":168390,"href":"https:\/\/noticiasmercedinas.com\/site\/wp-json\/wp\/v2\/posts\/168386\/revisions\/168390"}],"wp:featuredmedia":[{"embeddable":true,"href":"https:\/\/noticiasmercedinas.com\/site\/wp-json\/wp\/v2\/media\/168389"}],"wp:attachment":[{"href":"https:\/\/noticiasmercedinas.com\/site\/wp-json\/wp\/v2\/media?parent=168386"}],"wp:term":[{"taxonomy":"category","embeddable":true,"href":"https:\/\/noticiasmercedinas.com\/site\/wp-json\/wp\/v2\/categories?post=168386"},{"taxonomy":"post_tag","embeddable":true,"href":"https:\/\/noticiasmercedinas.com\/site\/wp-json\/wp\/v2\/tags?post=168386"}],"curies":[{"name":"wp","href":"https:\/\/api.w.org\/{rel}","templated":true}]}}