{"id":168416,"date":"2025-09-02T07:59:13","date_gmt":"2025-09-02T10:59:13","guid":{"rendered":"https:\/\/noticiasmercedinas.com\/site\/?p=168416"},"modified":"2025-09-02T07:59:13","modified_gmt":"2025-09-02T10:59:13","slug":"jornada-de-sanacion-en-mercedes-constelaciones-cuanticas-en-casa-domo","status":"publish","type":"post","link":"https:\/\/noticiasmercedinas.com\/site\/2025\/09\/02\/jornada-de-sanacion-en-mercedes-constelaciones-cuanticas-en-casa-domo\/","title":{"rendered":"Jornada de sanaci\u00f3n en Mercedes: \u00abConstelaciones Cu\u00e1nticas\u00bb en Casa Domo"},"content":{"rendered":"<p><img loading=\"lazy\" decoding=\"async\" class=\"alignnone size-full wp-image-150189\" src=\"https:\/\/noticiasmercedinas.com\/site\/wp-content\/uploads\/2024\/12\/DOMO1.jpg\" alt=\"\" width=\"640\" height=\"497\" srcset=\"https:\/\/noticiasmercedinas.com\/site\/wp-content\/uploads\/2024\/12\/DOMO1.jpg 640w, https:\/\/noticiasmercedinas.com\/site\/wp-content\/uploads\/2024\/12\/DOMO1-300x233.jpg 300w\" sizes=\"auto, (max-width: 640px) 100vw, 640px\" \/><\/p>\n<p>El espacio Casa Domo de Mercedes se prepara para recibir un taller de \u00abConstelaciones Familiares y Cu\u00e1nticas\u00bb el pr\u00f3ximo domingo 14 de septiembre.<\/p>\n<p>El evento, que ser\u00e1 facilitado por la Lic. Lorena Majluf, tiene como objetivo principal \u00absanar y liberar cargas que no nos corresponden\u00bb y que se manifiestan a trav\u00e9s de v\u00ednculos, emociones, dificultades econ\u00f3micas, bloqueos o s\u00edntomas f\u00edsicos.<\/p>\n<blockquote><p>El pr\u00f3ximo domingo 14 de septiembre se llevar\u00e1 a cabo un taller de Constelaciones Familiares y Cu\u00e1nticas, con la facilitaci\u00f3n de la Lic. Lorena Majluf y un almuerzo saludable a cargo de Andrea Enrique.<\/p><\/blockquote>\n<p>Seg\u00fan los organizadores, las constelaciones son una herramienta terap\u00e9utica que permite \u00abver con claridad aquello que est\u00e1 oculto en nuestro inconsciente\u00bb. La jornada, que busca ser una experiencia de sanaci\u00f3n, se desarrollar\u00e1 de 10 a 13 horas y, al finalizar, los participantes tendr\u00e1n la opci\u00f3n de completar la experiencia con un \u00abalmuerzo saludable\u00bb preparado por la cocinera Andrea Enrique.<\/p>\n<p>El valor del taller es de $25.000 y el del almuerzo de $22.000, con un men\u00fa para consultar. Para m\u00e1s informaci\u00f3n o inscripciones, los interesados deben comunicarse al +54 9 2324 646718.<\/p>\n<p><strong>\u00bfQu\u00e9 son las Constelaciones Cu\u00e1nticas?<\/strong><br \/>\nLas constelaciones son una herramienta terap\u00e9utica profunda que nos permite ver con claridad aquello que est\u00e1 oculto en nuestro inconsciente y que muchas veces se repite en nuestra vida: v\u00ednculos, emociones, dificultades econ\u00f3micas, bloqueos, s\u00edntomas f\u00edsicos o situaciones que parecen no resolverse.<\/p>\n<p><strong>\u00bfPara qu\u00e9 sirven?<\/strong><br \/>\nNos ayudan a ordenar, sanar y liberar cargas que no nos corresponden, encontrando un nuevo lugar interno desde donde relacionarnos con m\u00e1s paz, fuerza y libertad.<\/p>\n<p>En una constelaci\u00f3n, lo que estaba oculto se hace visible, y lo que parec\u00eda imposible de cambiar encuentra un nuevo camino.<\/p>\n","protected":false},"excerpt":{"rendered":"<p>El espacio Casa Domo de Mercedes se prepara para recibir un taller de \u00abConstelaciones Familiares y Cu\u00e1nticas\u00bb el pr\u00f3ximo domingo 14 de septiembre. El evento, que ser\u00e1 facilitado por la Lic. Lorena Majluf, tiene como objetivo principal \u00absanar y liberar cargas que no nos corresponden\u00bb y que se manifiestan a trav\u00e9s de v\u00ednculos, emociones, dificultades [&hellip;]<\/p>\n","protected":false},"author":16,"featured_media":150189,"comment_status":"closed","ping_status":"closed","sticky":false,"template":"","format":"standard","meta":{"footnotes":""},"categories":[8992],"tags":[11216,20821,18561],"class_list":["post-168416","post","type-post","status-publish","format-standard","has-post-thumbnail","hentry","category-bienestar","tag-casa-domo","tag-constelaciones-cuanticas","tag-constelaciones-familiares"],"yoast_head":"<!-- This site is optimized with the Yoast SEO plugin v27.5 - https:\/\/yoast.com\/product\/yoast-seo-wordpress\/ -->\n<title>Jornada de sanaci\u00f3n en Mercedes: &quot;Constelaciones Cu\u00e1nticas&quot; en Casa Domo<\/title>\n<meta name=\"robots\" content=\"index, follow, max-snippet:-1, max-image-preview:large, max-video-preview:-1\" \/>\n<link rel=\"canonical\" href=\"https:\/\/noticiasmercedinas.com\/site\/2025\/09\/02\/jornada-de-sanacion-en-mercedes-constelaciones-cuanticas-en-casa-domo\/\" \/>\n<meta property=\"og:locale\" content=\"es_ES\" \/>\n<meta property=\"og:type\" content=\"article\" \/>\n<meta property=\"og:title\" content=\"Jornada de sanaci\u00f3n en Mercedes: &quot;Constelaciones Cu\u00e1nticas&quot; en Casa Domo\" \/>\n<meta property=\"og:description\" content=\"El espacio Casa Domo de Mercedes se prepara para recibir un taller de \u00abConstelaciones Familiares y Cu\u00e1nticas\u00bb el pr\u00f3ximo domingo 14 de septiembre. El evento, que ser\u00e1 facilitado por la Lic. Lorena Majluf, tiene como objetivo principal \u00absanar y liberar cargas que no nos corresponden\u00bb y que se manifiestan a trav\u00e9s de v\u00ednculos, emociones, dificultades [&hellip;]\" \/>\n<meta property=\"og:url\" content=\"https:\/\/noticiasmercedinas.com\/site\/2025\/09\/02\/jornada-de-sanacion-en-mercedes-constelaciones-cuanticas-en-casa-domo\/\" \/>\n<meta property=\"og:site_name\" content=\"NOTICIASMERCEDINAS.COM\" \/>\n<meta property=\"article:publisher\" content=\"https:\/\/www.facebook.com\/noticiasmercedinas\/\" \/>\n<meta property=\"article:published_time\" content=\"2025-09-02T10:59:13+00:00\" \/>\n<meta property=\"og:image\" content=\"https:\/\/noticiasmercedinas.com\/site\/wp-content\/uploads\/2024\/12\/DOMO1.jpg\" \/>\n\t<meta property=\"og:image:width\" content=\"640\" \/>\n\t<meta property=\"og:image:height\" content=\"497\" \/>\n\t<meta property=\"og:image:type\" content=\"image\/jpeg\" \/>\n<meta name=\"author\" content=\"NOTICIASMERCEDINAS.COM\" \/>\n<meta name=\"twitter:card\" content=\"summary_large_image\" \/>\n<meta name=\"twitter:creator\" content=\"@notmercedinas\" \/>\n<meta name=\"twitter:site\" content=\"@notmercedinas\" \/>\n<meta name=\"twitter:label1\" content=\"Escrito por\" \/>\n\t<meta name=\"twitter:data1\" content=\"NOTICIASMERCEDINAS.COM\" \/>\n\t<meta name=\"twitter:label2\" content=\"Tiempo de lectura\" \/>\n\t<meta name=\"twitter:data2\" content=\"2 minutos\" \/>\n<script type=\"application\/ld+json\" class=\"yoast-schema-graph\">{\"@context\":\"https:\\\/\\\/schema.org\",\"@graph\":[{\"@type\":\"Article\",\"@id\":\"https:\\\/\\\/noticiasmercedinas.com\\\/site\\\/2025\\\/09\\\/02\\\/jornada-de-sanacion-en-mercedes-constelaciones-cuanticas-en-casa-domo\\\/#article\",\"isPartOf\":{\"@id\":\"https:\\\/\\\/noticiasmercedinas.com\\\/site\\\/2025\\\/09\\\/02\\\/jornada-de-sanacion-en-mercedes-constelaciones-cuanticas-en-casa-domo\\\/\"},\"author\":{\"name\":\"NOTICIASMERCEDINAS.COM\",\"@id\":\"https:\\\/\\\/noticiasmercedinas.com\\\/site\\\/#\\\/schema\\\/person\\\/84b59c099c28ff2e8b77d4ceec5d8063\"},\"headline\":\"Jornada de sanaci\u00f3n en Mercedes: \u00abConstelaciones Cu\u00e1nticas\u00bb en Casa Domo\",\"datePublished\":\"2025-09-02T10:59:13+00:00\",\"mainEntityOfPage\":{\"@id\":\"https:\\\/\\\/noticiasmercedinas.com\\\/site\\\/2025\\\/09\\\/02\\\/jornada-de-sanacion-en-mercedes-constelaciones-cuanticas-en-casa-domo\\\/\"},\"wordCount\":310,\"publisher\":{\"@id\":\"https:\\\/\\\/noticiasmercedinas.com\\\/site\\\/#organization\"},\"image\":{\"@id\":\"https:\\\/\\\/noticiasmercedinas.com\\\/site\\\/2025\\\/09\\\/02\\\/jornada-de-sanacion-en-mercedes-constelaciones-cuanticas-en-casa-domo\\\/#primaryimage\"},\"thumbnailUrl\":\"https:\\\/\\\/noticiasmercedinas.com\\\/site\\\/wp-content\\\/uploads\\\/2024\\\/12\\\/DOMO1.jpg\",\"keywords\":[\"casa domo\",\"constelaciones cuanticas\",\"Constelaciones Familiares\"],\"articleSection\":[\"Bienestar\"],\"inLanguage\":\"es\"},{\"@type\":\"WebPage\",\"@id\":\"https:\\\/\\\/noticiasmercedinas.com\\\/site\\\/2025\\\/09\\\/02\\\/jornada-de-sanacion-en-mercedes-constelaciones-cuanticas-en-casa-domo\\\/\",\"url\":\"https:\\\/\\\/noticiasmercedinas.com\\\/site\\\/2025\\\/09\\\/02\\\/jornada-de-sanacion-en-mercedes-constelaciones-cuanticas-en-casa-domo\\\/\",\"name\":\"Jornada de sanaci\u00f3n en Mercedes: \\\"Constelaciones Cu\u00e1nticas\\\" en Casa Domo\",\"isPartOf\":{\"@id\":\"https:\\\/\\\/noticiasmercedinas.com\\\/site\\\/#website\"},\"primaryImageOfPage\":{\"@id\":\"https:\\\/\\\/noticiasmercedinas.com\\\/site\\\/2025\\\/09\\\/02\\\/jornada-de-sanacion-en-mercedes-constelaciones-cuanticas-en-casa-domo\\\/#primaryimage\"},\"image\":{\"@id\":\"https:\\\/\\\/noticiasmercedinas.com\\\/site\\\/2025\\\/09\\\/02\\\/jornada-de-sanacion-en-mercedes-constelaciones-cuanticas-en-casa-domo\\\/#primaryimage\"},\"thumbnailUrl\":\"https:\\\/\\\/noticiasmercedinas.com\\\/site\\\/wp-content\\\/uploads\\\/2024\\\/12\\\/DOMO1.jpg\",\"datePublished\":\"2025-09-02T10:59:13+00:00\",\"breadcrumb\":{\"@id\":\"https:\\\/\\\/noticiasmercedinas.com\\\/site\\\/2025\\\/09\\\/02\\\/jornada-de-sanacion-en-mercedes-constelaciones-cuanticas-en-casa-domo\\\/#breadcrumb\"},\"inLanguage\":\"es\",\"potentialAction\":[{\"@type\":\"ReadAction\",\"target\":[\"https:\\\/\\\/noticiasmercedinas.com\\\/site\\\/2025\\\/09\\\/02\\\/jornada-de-sanacion-en-mercedes-constelaciones-cuanticas-en-casa-domo\\\/\"]}]},{\"@type\":\"ImageObject\",\"inLanguage\":\"es\",\"@id\":\"https:\\\/\\\/noticiasmercedinas.com\\\/site\\\/2025\\\/09\\\/02\\\/jornada-de-sanacion-en-mercedes-constelaciones-cuanticas-en-casa-domo\\\/#primaryimage\",\"url\":\"https:\\\/\\\/noticiasmercedinas.com\\\/site\\\/wp-content\\\/uploads\\\/2024\\\/12\\\/DOMO1.jpg\",\"contentUrl\":\"https:\\\/\\\/noticiasmercedinas.com\\\/site\\\/wp-content\\\/uploads\\\/2024\\\/12\\\/DOMO1.jpg\",\"width\":640,\"height\":497},{\"@type\":\"BreadcrumbList\",\"@id\":\"https:\\\/\\\/noticiasmercedinas.com\\\/site\\\/2025\\\/09\\\/02\\\/jornada-de-sanacion-en-mercedes-constelaciones-cuanticas-en-casa-domo\\\/#breadcrumb\",\"itemListElement\":[{\"@type\":\"ListItem\",\"position\":1,\"name\":\"Portada\",\"item\":\"https:\\\/\\\/noticiasmercedinas.com\\\/site\\\/\"},{\"@type\":\"ListItem\",\"position\":2,\"name\":\"Jornada de sanaci\u00f3n en Mercedes: \u00abConstelaciones Cu\u00e1nticas\u00bb en Casa Domo\"}]},{\"@type\":\"WebSite\",\"@id\":\"https:\\\/\\\/noticiasmercedinas.com\\\/site\\\/#website\",\"url\":\"https:\\\/\\\/noticiasmercedinas.com\\\/site\\\/\",\"name\":\"NOTICIASMERCEDINAS.COM\",\"description\":\"Mercedes, Buenos Aires, Argentina\",\"publisher\":{\"@id\":\"https:\\\/\\\/noticiasmercedinas.com\\\/site\\\/#organization\"},\"potentialAction\":[{\"@type\":\"SearchAction\",\"target\":{\"@type\":\"EntryPoint\",\"urlTemplate\":\"https:\\\/\\\/noticiasmercedinas.com\\\/site\\\/?s={search_term_string}\"},\"query-input\":{\"@type\":\"PropertyValueSpecification\",\"valueRequired\":true,\"valueName\":\"search_term_string\"}}],\"inLanguage\":\"es\"},{\"@type\":\"Organization\",\"@id\":\"https:\\\/\\\/noticiasmercedinas.com\\\/site\\\/#organization\",\"name\":\"NOTICIASMERCEDINAS.COM\",\"url\":\"https:\\\/\\\/noticiasmercedinas.com\\\/site\\\/\",\"logo\":{\"@type\":\"ImageObject\",\"inLanguage\":\"es\",\"@id\":\"https:\\\/\\\/noticiasmercedinas.com\\\/site\\\/#\\\/schema\\\/logo\\\/image\\\/\",\"url\":\"https:\\\/\\\/noticiasmercedinas.com\\\/site\\\/wp-content\\\/uploads\\\/2020\\\/06\\\/LOGO-512.jpg\",\"contentUrl\":\"https:\\\/\\\/noticiasmercedinas.com\\\/site\\\/wp-content\\\/uploads\\\/2020\\\/06\\\/LOGO-512.jpg\",\"width\":512,\"height\":512,\"caption\":\"NOTICIASMERCEDINAS.COM\"},\"image\":{\"@id\":\"https:\\\/\\\/noticiasmercedinas.com\\\/site\\\/#\\\/schema\\\/logo\\\/image\\\/\"},\"sameAs\":[\"https:\\\/\\\/www.facebook.com\\\/noticiasmercedinas\\\/\",\"https:\\\/\\\/x.com\\\/notmercedinas\",\"https:\\\/\\\/www.instagram.com\\\/noticiasmercedinas\\\/\"]},{\"@type\":\"Person\",\"@id\":\"https:\\\/\\\/noticiasmercedinas.com\\\/site\\\/#\\\/schema\\\/person\\\/84b59c099c28ff2e8b77d4ceec5d8063\",\"name\":\"NOTICIASMERCEDINAS.COM\",\"image\":{\"@type\":\"ImageObject\",\"inLanguage\":\"es\",\"@id\":\"https:\\\/\\\/secure.gravatar.com\\\/avatar\\\/4dfbf16b4d17945bfb6341b2d19043457132fcf478a5ee04f42e959fd8f5df0a?s=96&d=mm&r=g\",\"url\":\"https:\\\/\\\/secure.gravatar.com\\\/avatar\\\/4dfbf16b4d17945bfb6341b2d19043457132fcf478a5ee04f42e959fd8f5df0a?s=96&d=mm&r=g\",\"contentUrl\":\"https:\\\/\\\/secure.gravatar.com\\\/avatar\\\/4dfbf16b4d17945bfb6341b2d19043457132fcf478a5ee04f42e959fd8f5df0a?s=96&d=mm&r=g\",\"caption\":\"NOTICIASMERCEDINAS.COM\"},\"url\":\"https:\\\/\\\/noticiasmercedinas.com\\\/site\\\/author\\\/anonimo\\\/\"}]}<\/script>\n<!-- \/ Yoast SEO plugin. -->","yoast_head_json":{"title":"Jornada de sanaci\u00f3n en Mercedes: \"Constelaciones Cu\u00e1nticas\" en Casa Domo","robots":{"index":"index","follow":"follow","max-snippet":"max-snippet:-1","max-image-preview":"max-image-preview:large","max-video-preview":"max-video-preview:-1"},"canonical":"https:\/\/noticiasmercedinas.com\/site\/2025\/09\/02\/jornada-de-sanacion-en-mercedes-constelaciones-cuanticas-en-casa-domo\/","og_locale":"es_ES","og_type":"article","og_title":"Jornada de sanaci\u00f3n en Mercedes: \"Constelaciones Cu\u00e1nticas\" en Casa Domo","og_description":"El espacio Casa Domo de Mercedes se prepara para recibir un taller de \u00abConstelaciones Familiares y Cu\u00e1nticas\u00bb el pr\u00f3ximo domingo 14 de septiembre. El evento, que ser\u00e1 facilitado por la Lic. Lorena Majluf, tiene como objetivo principal \u00absanar y liberar cargas que no nos corresponden\u00bb y que se manifiestan a trav\u00e9s de v\u00ednculos, emociones, dificultades [&hellip;]","og_url":"https:\/\/noticiasmercedinas.com\/site\/2025\/09\/02\/jornada-de-sanacion-en-mercedes-constelaciones-cuanticas-en-casa-domo\/","og_site_name":"NOTICIASMERCEDINAS.COM","article_publisher":"https:\/\/www.facebook.com\/noticiasmercedinas\/","article_published_time":"2025-09-02T10:59:13+00:00","og_image":[{"width":640,"height":497,"url":"https:\/\/noticiasmercedinas.com\/site\/wp-content\/uploads\/2024\/12\/DOMO1.jpg","type":"image\/jpeg"}],"author":"NOTICIASMERCEDINAS.COM","twitter_card":"summary_large_image","twitter_creator":"@notmercedinas","twitter_site":"@notmercedinas","twitter_misc":{"Escrito por":"NOTICIASMERCEDINAS.COM","Tiempo de lectura":"2 minutos"},"schema":{"@context":"https:\/\/schema.org","@graph":[{"@type":"Article","@id":"https:\/\/noticiasmercedinas.com\/site\/2025\/09\/02\/jornada-de-sanacion-en-mercedes-constelaciones-cuanticas-en-casa-domo\/#article","isPartOf":{"@id":"https:\/\/noticiasmercedinas.com\/site\/2025\/09\/02\/jornada-de-sanacion-en-mercedes-constelaciones-cuanticas-en-casa-domo\/"},"author":{"name":"NOTICIASMERCEDINAS.COM","@id":"https:\/\/noticiasmercedinas.com\/site\/#\/schema\/person\/84b59c099c28ff2e8b77d4ceec5d8063"},"headline":"Jornada de sanaci\u00f3n en Mercedes: \u00abConstelaciones Cu\u00e1nticas\u00bb en Casa Domo","datePublished":"2025-09-02T10:59:13+00:00","mainEntityOfPage":{"@id":"https:\/\/noticiasmercedinas.com\/site\/2025\/09\/02\/jornada-de-sanacion-en-mercedes-constelaciones-cuanticas-en-casa-domo\/"},"wordCount":310,"publisher":{"@id":"https:\/\/noticiasmercedinas.com\/site\/#organization"},"image":{"@id":"https:\/\/noticiasmercedinas.com\/site\/2025\/09\/02\/jornada-de-sanacion-en-mercedes-constelaciones-cuanticas-en-casa-domo\/#primaryimage"},"thumbnailUrl":"https:\/\/noticiasmercedinas.com\/site\/wp-content\/uploads\/2024\/12\/DOMO1.jpg","keywords":["casa domo","constelaciones cuanticas","Constelaciones Familiares"],"articleSection":["Bienestar"],"inLanguage":"es"},{"@type":"WebPage","@id":"https:\/\/noticiasmercedinas.com\/site\/2025\/09\/02\/jornada-de-sanacion-en-mercedes-constelaciones-cuanticas-en-casa-domo\/","url":"https:\/\/noticiasmercedinas.com\/site\/2025\/09\/02\/jornada-de-sanacion-en-mercedes-constelaciones-cuanticas-en-casa-domo\/","name":"Jornada de sanaci\u00f3n en Mercedes: \"Constelaciones Cu\u00e1nticas\" en Casa Domo","isPartOf":{"@id":"https:\/\/noticiasmercedinas.com\/site\/#website"},"primaryImageOfPage":{"@id":"https:\/\/noticiasmercedinas.com\/site\/2025\/09\/02\/jornada-de-sanacion-en-mercedes-constelaciones-cuanticas-en-casa-domo\/#primaryimage"},"image":{"@id":"https:\/\/noticiasmercedinas.com\/site\/2025\/09\/02\/jornada-de-sanacion-en-mercedes-constelaciones-cuanticas-en-casa-domo\/#primaryimage"},"thumbnailUrl":"https:\/\/noticiasmercedinas.com\/site\/wp-content\/uploads\/2024\/12\/DOMO1.jpg","datePublished":"2025-09-02T10:59:13+00:00","breadcrumb":{"@id":"https:\/\/noticiasmercedinas.com\/site\/2025\/09\/02\/jornada-de-sanacion-en-mercedes-constelaciones-cuanticas-en-casa-domo\/#breadcrumb"},"inLanguage":"es","potentialAction":[{"@type":"ReadAction","target":["https:\/\/noticiasmercedinas.com\/site\/2025\/09\/02\/jornada-de-sanacion-en-mercedes-constelaciones-cuanticas-en-casa-domo\/"]}]},{"@type":"ImageObject","inLanguage":"es","@id":"https:\/\/noticiasmercedinas.com\/site\/2025\/09\/02\/jornada-de-sanacion-en-mercedes-constelaciones-cuanticas-en-casa-domo\/#primaryimage","url":"https:\/\/noticiasmercedinas.com\/site\/wp-content\/uploads\/2024\/12\/DOMO1.jpg","contentUrl":"https:\/\/noticiasmercedinas.com\/site\/wp-content\/uploads\/2024\/12\/DOMO1.jpg","width":640,"height":497},{"@type":"BreadcrumbList","@id":"https:\/\/noticiasmercedinas.com\/site\/2025\/09\/02\/jornada-de-sanacion-en-mercedes-constelaciones-cuanticas-en-casa-domo\/#breadcrumb","itemListElement":[{"@type":"ListItem","position":1,"name":"Portada","item":"https:\/\/noticiasmercedinas.com\/site\/"},{"@type":"ListItem","position":2,"name":"Jornada de sanaci\u00f3n en Mercedes: \u00abConstelaciones Cu\u00e1nticas\u00bb en Casa Domo"}]},{"@type":"WebSite","@id":"https:\/\/noticiasmercedinas.com\/site\/#website","url":"https:\/\/noticiasmercedinas.com\/site\/","name":"NOTICIASMERCEDINAS.COM","description":"Mercedes, Buenos Aires, Argentina","publisher":{"@id":"https:\/\/noticiasmercedinas.com\/site\/#organization"},"potentialAction":[{"@type":"SearchAction","target":{"@type":"EntryPoint","urlTemplate":"https:\/\/noticiasmercedinas.com\/site\/?s={search_term_string}"},"query-input":{"@type":"PropertyValueSpecification","valueRequired":true,"valueName":"search_term_string"}}],"inLanguage":"es"},{"@type":"Organization","@id":"https:\/\/noticiasmercedinas.com\/site\/#organization","name":"NOTICIASMERCEDINAS.COM","url":"https:\/\/noticiasmercedinas.com\/site\/","logo":{"@type":"ImageObject","inLanguage":"es","@id":"https:\/\/noticiasmercedinas.com\/site\/#\/schema\/logo\/image\/","url":"https:\/\/noticiasmercedinas.com\/site\/wp-content\/uploads\/2020\/06\/LOGO-512.jpg","contentUrl":"https:\/\/noticiasmercedinas.com\/site\/wp-content\/uploads\/2020\/06\/LOGO-512.jpg","width":512,"height":512,"caption":"NOTICIASMERCEDINAS.COM"},"image":{"@id":"https:\/\/noticiasmercedinas.com\/site\/#\/schema\/logo\/image\/"},"sameAs":["https:\/\/www.facebook.com\/noticiasmercedinas\/","https:\/\/x.com\/notmercedinas","https:\/\/www.instagram.com\/noticiasmercedinas\/"]},{"@type":"Person","@id":"https:\/\/noticiasmercedinas.com\/site\/#\/schema\/person\/84b59c099c28ff2e8b77d4ceec5d8063","name":"NOTICIASMERCEDINAS.COM","image":{"@type":"ImageObject","inLanguage":"es","@id":"https:\/\/secure.gravatar.com\/avatar\/4dfbf16b4d17945bfb6341b2d19043457132fcf478a5ee04f42e959fd8f5df0a?s=96&d=mm&r=g","url":"https:\/\/secure.gravatar.com\/avatar\/4dfbf16b4d17945bfb6341b2d19043457132fcf478a5ee04f42e959fd8f5df0a?s=96&d=mm&r=g","contentUrl":"https:\/\/secure.gravatar.com\/avatar\/4dfbf16b4d17945bfb6341b2d19043457132fcf478a5ee04f42e959fd8f5df0a?s=96&d=mm&r=g","caption":"NOTICIASMERCEDINAS.COM"},"url":"https:\/\/noticiasmercedinas.com\/site\/author\/anonimo\/"}]}},"amp_enabled":true,"_links":{"self":[{"href":"https:\/\/noticiasmercedinas.com\/site\/wp-json\/wp\/v2\/posts\/168416","targetHints":{"allow":["GET"]}}],"collection":[{"href":"https:\/\/noticiasmercedinas.com\/site\/wp-json\/wp\/v2\/posts"}],"about":[{"href":"https:\/\/noticiasmercedinas.com\/site\/wp-json\/wp\/v2\/types\/post"}],"author":[{"embeddable":true,"href":"https:\/\/noticiasmercedinas.com\/site\/wp-json\/wp\/v2\/users\/16"}],"replies":[{"embeddable":true,"href":"https:\/\/noticiasmercedinas.com\/site\/wp-json\/wp\/v2\/comments?post=168416"}],"version-history":[{"count":1,"href":"https:\/\/noticiasmercedinas.com\/site\/wp-json\/wp\/v2\/posts\/168416\/revisions"}],"predecessor-version":[{"id":168417,"href":"https:\/\/noticiasmercedinas.com\/site\/wp-json\/wp\/v2\/posts\/168416\/revisions\/168417"}],"wp:featuredmedia":[{"embeddable":true,"href":"https:\/\/noticiasmercedinas.com\/site\/wp-json\/wp\/v2\/media\/150189"}],"wp:attachment":[{"href":"https:\/\/noticiasmercedinas.com\/site\/wp-json\/wp\/v2\/media?parent=168416"}],"wp:term":[{"taxonomy":"category","embeddable":true,"href":"https:\/\/noticiasmercedinas.com\/site\/wp-json\/wp\/v2\/categories?post=168416"},{"taxonomy":"post_tag","embeddable":true,"href":"https:\/\/noticiasmercedinas.com\/site\/wp-json\/wp\/v2\/tags?post=168416"}],"curies":[{"name":"wp","href":"https:\/\/api.w.org\/{rel}","templated":true}]}}