{"id":16855,"date":"2019-04-17T16:54:06","date_gmt":"2019-04-17T19:54:06","guid":{"rendered":"https:\/\/noticiasmercedinas.com\/site\/?p=16855"},"modified":"2019-04-17T17:03:37","modified_gmt":"2019-04-17T20:03:37","slug":"preocupacion-de-mesa-sindical-por-trabajadores-del-hospital","status":"publish","type":"post","link":"https:\/\/noticiasmercedinas.com\/site\/2019\/04\/17\/preocupacion-de-mesa-sindical-por-trabajadores-del-hospital\/","title":{"rendered":"Preocupaci\u00f3n de Mesa Sindical por trabajadores del Hospital"},"content":{"rendered":"<p><img loading=\"lazy\" decoding=\"async\" class=\"alignnone wp-image-16854\" src=\"https:\/\/noticiasmercedinas.com\/site\/wp-content\/uploads\/2019\/04\/Hospital-Blas-Dubarry.jpg\" alt=\"\" width=\"640\" height=\"398\" srcset=\"https:\/\/noticiasmercedinas.com\/site\/wp-content\/uploads\/2019\/04\/Hospital-Blas-Dubarry.jpg 512w, https:\/\/noticiasmercedinas.com\/site\/wp-content\/uploads\/2019\/04\/Hospital-Blas-Dubarry-300x186.jpg 300w, https:\/\/noticiasmercedinas.com\/site\/wp-content\/uploads\/2019\/04\/Hospital-Blas-Dubarry-511x318.jpg 511w\" sizes=\"auto, (max-width: 640px) 100vw, 640px\" \/><\/p>\n<p>Desde la Mesa Sindical expresaron a los medios su inquietud por la situaci\u00f3n de los trabajadores del Hospital manifiestan su \u201cpreocupaci\u00f3n por la baja recaudaci\u00f3n del S.A.M.O\u201d.<\/p>\n<p>\u201cNuestro fin es poder mejorar la actual situaci\u00f3n que llena de incertidumbre y angustia a toda la familia hospitalaria\u201d, indicaron los empleados del Dubarry tras las reuniones realizadas.<\/p>\n<p>Un importante n\u00facleo de trabajadores del Hospital Blas Dubarry se reunieron los d\u00edas 5 y 15 de abril a los fines de discutir las problem\u00e1ticas de los distintos sectores del nosocomio.<\/p>\n<p>Seg\u00fan indicaron, en los encuentros se trataron temas puntuales como la Ley 8801 Decreto 115\/79 Art\u00edculo 5\u00ba, el cual establece que el Concejo Provincial del S.A.M.O tendr\u00e1 su asiento en el Ministerio de Salud, y el Art\u00edculo 6\u00ba que indica que \u201cel Consejo Provincial administrar\u00e1 el Fondo Provincial de Salud con las modalidades que se consignan respecto de los rubros que a continuaci\u00f3n se indican\u201d y detalla distintos porcentajes en cuanto a la distribuci\u00f3n del producido percibido respecto de Obras Sociales y dem\u00e1s entidades de cobertura, como tambi\u00e9n el percibido por producido percibido directamente de los usuarios.<\/p>\n<p>Tras las reuniones, los trabajadores indicaron que \u201ctan solo se percibi\u00f3 por empleado la suma de $ 445 pesos del mes marzo y en el mes de abril de $ 587\u201d. Asimismo, resaltaron que \u201cest\u00e1n cobrando el 10 por ciento de lo que se encuentran recibiendo los empleados en otros hospitales de la zona, en cuanto lo que cotejamos en varias instituciones\u201d.<\/p>\n<p>Por tal motivo los empleados que se auto convocaron sostienen que les \u201csurgen diferentes preguntas a las cuales exigen respuestas por parte de las autoridades encargadas del \u00e1rea, como por ejemplo: \u00bfcu\u00e1les son los motivos de la irregularidad y la baja recaudaci\u00f3n?\u201d, indicando que \u201cnuestro fin es poder mejorar la actual situaci\u00f3n que nos llena de incertidumbre y angustia a toda la familia hospitalaria\u201d.<\/p>\n<p>\u201cNos reunimos y continuaremos haci\u00e9ndolo, con el objetivo de lograr que se resuelvan los conflictos que los trabajadores del hospital tenemos, escuchando las problem\u00e1ticas de cada uno y a partir de ah\u00ed llevar diferentes acciones adelante para que los inconvenientes puedan ser resueltos\u201d, finalizaron los empleados hospitalarios.<\/p>\n","protected":false},"excerpt":{"rendered":"<p>Desde la Mesa Sindical expresaron a los medios su inquietud por la situaci\u00f3n de los trabajadores del Hospital manifiestan su \u201cpreocupaci\u00f3n por la baja recaudaci\u00f3n del S.A.M.O\u201d. \u201cNuestro fin es poder mejorar la actual situaci\u00f3n que llena de incertidumbre y angustia a toda la familia hospitalaria\u201d, indicaron los empleados del Dubarry tras las reuniones realizadas. [&hellip;]<\/p>\n","protected":false},"author":2,"featured_media":16854,"comment_status":"open","ping_status":"open","sticky":false,"template":"","format":"standard","meta":{"footnotes":""},"categories":[3],"tags":[224,255,754,4426,127],"class_list":["post-16855","post","type-post","status-publish","format-standard","has-post-thumbnail","hentry","category-sociedad","tag-hospital","tag-hospital-dubarry","tag-mesa-sindical","tag-samo","tag-trabajadores"],"yoast_head":"<!-- This site is optimized with the Yoast SEO plugin v27.5 - https:\/\/yoast.com\/product\/yoast-seo-wordpress\/ -->\n<title>Preocupaci\u00f3n de Mesa Sindical por trabajadores del Hospital<\/title>\n<meta name=\"robots\" content=\"index, follow, max-snippet:-1, max-image-preview:large, max-video-preview:-1\" \/>\n<link rel=\"canonical\" href=\"https:\/\/noticiasmercedinas.com\/site\/2019\/04\/17\/preocupacion-de-mesa-sindical-por-trabajadores-del-hospital\/\" \/>\n<meta property=\"og:locale\" content=\"es_ES\" \/>\n<meta property=\"og:type\" content=\"article\" \/>\n<meta property=\"og:title\" content=\"Preocupaci\u00f3n de Mesa Sindical por trabajadores del Hospital\" \/>\n<meta property=\"og:description\" content=\"Desde la Mesa Sindical expresaron a los medios su inquietud por la situaci\u00f3n de los trabajadores del Hospital manifiestan su \u201cpreocupaci\u00f3n por la baja recaudaci\u00f3n del S.A.M.O\u201d. \u201cNuestro fin es poder mejorar la actual situaci\u00f3n que llena de incertidumbre y angustia a toda la familia hospitalaria\u201d, indicaron los empleados del Dubarry tras las reuniones realizadas. [&hellip;]\" \/>\n<meta property=\"og:url\" content=\"https:\/\/noticiasmercedinas.com\/site\/2019\/04\/17\/preocupacion-de-mesa-sindical-por-trabajadores-del-hospital\/\" \/>\n<meta property=\"og:site_name\" content=\"NOTICIASMERCEDINAS.COM\" \/>\n<meta property=\"article:publisher\" content=\"https:\/\/www.facebook.com\/noticiasmercedinas\/\" \/>\n<meta property=\"article:author\" content=\"https:\/\/www.facebook.com\/cristian.falabella\" \/>\n<meta property=\"article:published_time\" content=\"2019-04-17T19:54:06+00:00\" \/>\n<meta property=\"article:modified_time\" content=\"2019-04-17T20:03:37+00:00\" \/>\n<meta property=\"og:image\" content=\"https:\/\/noticiasmercedinas.com\/site\/wp-content\/uploads\/2019\/04\/Hospital-Blas-Dubarry.jpg\" \/>\n\t<meta property=\"og:image:width\" content=\"512\" \/>\n\t<meta property=\"og:image:height\" content=\"318\" \/>\n\t<meta property=\"og:image:type\" content=\"image\/jpeg\" \/>\n<meta name=\"author\" content=\"Cristian Falabella NOTICIASMERCEDINAS.COM\" \/>\n<meta name=\"twitter:card\" content=\"summary_large_image\" \/>\n<meta name=\"twitter:creator\" content=\"@https:\/\/twitter.com\/NOTMERCEDINAS\" \/>\n<meta name=\"twitter:site\" content=\"@notmercedinas\" \/>\n<meta name=\"twitter:label1\" content=\"Escrito por\" \/>\n\t<meta name=\"twitter:data1\" content=\"Cristian Falabella NOTICIASMERCEDINAS.COM\" \/>\n\t<meta name=\"twitter:label2\" content=\"Tiempo de lectura\" \/>\n\t<meta name=\"twitter:data2\" content=\"2 minutos\" \/>\n<script type=\"application\/ld+json\" class=\"yoast-schema-graph\">{\"@context\":\"https:\\\/\\\/schema.org\",\"@graph\":[{\"@type\":\"Article\",\"@id\":\"https:\\\/\\\/noticiasmercedinas.com\\\/site\\\/2019\\\/04\\\/17\\\/preocupacion-de-mesa-sindical-por-trabajadores-del-hospital\\\/#article\",\"isPartOf\":{\"@id\":\"https:\\\/\\\/noticiasmercedinas.com\\\/site\\\/2019\\\/04\\\/17\\\/preocupacion-de-mesa-sindical-por-trabajadores-del-hospital\\\/\"},\"author\":{\"name\":\"Cristian Falabella NOTICIASMERCEDINAS.COM\",\"@id\":\"https:\\\/\\\/noticiasmercedinas.com\\\/site\\\/#\\\/schema\\\/person\\\/d481a9696a5feaec13a60e2bbd991a6a\"},\"headline\":\"Preocupaci\u00f3n de Mesa Sindical por trabajadores del Hospital\",\"datePublished\":\"2019-04-17T19:54:06+00:00\",\"dateModified\":\"2019-04-17T20:03:37+00:00\",\"mainEntityOfPage\":{\"@id\":\"https:\\\/\\\/noticiasmercedinas.com\\\/site\\\/2019\\\/04\\\/17\\\/preocupacion-de-mesa-sindical-por-trabajadores-del-hospital\\\/\"},\"wordCount\":380,\"commentCount\":0,\"publisher\":{\"@id\":\"https:\\\/\\\/noticiasmercedinas.com\\\/site\\\/#organization\"},\"image\":{\"@id\":\"https:\\\/\\\/noticiasmercedinas.com\\\/site\\\/2019\\\/04\\\/17\\\/preocupacion-de-mesa-sindical-por-trabajadores-del-hospital\\\/#primaryimage\"},\"thumbnailUrl\":\"https:\\\/\\\/noticiasmercedinas.com\\\/site\\\/wp-content\\\/uploads\\\/2019\\\/04\\\/Hospital-Blas-Dubarry.jpg\",\"keywords\":[\"hospital\",\"hospital dubarry\",\"mesa sindical\",\"samo\",\"trabajadores\"],\"articleSection\":[\"Sociedad\"],\"inLanguage\":\"es\",\"potentialAction\":[{\"@type\":\"CommentAction\",\"name\":\"Comment\",\"target\":[\"https:\\\/\\\/noticiasmercedinas.com\\\/site\\\/2019\\\/04\\\/17\\\/preocupacion-de-mesa-sindical-por-trabajadores-del-hospital\\\/#respond\"]}]},{\"@type\":\"WebPage\",\"@id\":\"https:\\\/\\\/noticiasmercedinas.com\\\/site\\\/2019\\\/04\\\/17\\\/preocupacion-de-mesa-sindical-por-trabajadores-del-hospital\\\/\",\"url\":\"https:\\\/\\\/noticiasmercedinas.com\\\/site\\\/2019\\\/04\\\/17\\\/preocupacion-de-mesa-sindical-por-trabajadores-del-hospital\\\/\",\"name\":\"Preocupaci\u00f3n de Mesa Sindical por trabajadores del Hospital\",\"isPartOf\":{\"@id\":\"https:\\\/\\\/noticiasmercedinas.com\\\/site\\\/#website\"},\"primaryImageOfPage\":{\"@id\":\"https:\\\/\\\/noticiasmercedinas.com\\\/site\\\/2019\\\/04\\\/17\\\/preocupacion-de-mesa-sindical-por-trabajadores-del-hospital\\\/#primaryimage\"},\"image\":{\"@id\":\"https:\\\/\\\/noticiasmercedinas.com\\\/site\\\/2019\\\/04\\\/17\\\/preocupacion-de-mesa-sindical-por-trabajadores-del-hospital\\\/#primaryimage\"},\"thumbnailUrl\":\"https:\\\/\\\/noticiasmercedinas.com\\\/site\\\/wp-content\\\/uploads\\\/2019\\\/04\\\/Hospital-Blas-Dubarry.jpg\",\"datePublished\":\"2019-04-17T19:54:06+00:00\",\"dateModified\":\"2019-04-17T20:03:37+00:00\",\"breadcrumb\":{\"@id\":\"https:\\\/\\\/noticiasmercedinas.com\\\/site\\\/2019\\\/04\\\/17\\\/preocupacion-de-mesa-sindical-por-trabajadores-del-hospital\\\/#breadcrumb\"},\"inLanguage\":\"es\",\"potentialAction\":[{\"@type\":\"ReadAction\",\"target\":[\"https:\\\/\\\/noticiasmercedinas.com\\\/site\\\/2019\\\/04\\\/17\\\/preocupacion-de-mesa-sindical-por-trabajadores-del-hospital\\\/\"]}]},{\"@type\":\"ImageObject\",\"inLanguage\":\"es\",\"@id\":\"https:\\\/\\\/noticiasmercedinas.com\\\/site\\\/2019\\\/04\\\/17\\\/preocupacion-de-mesa-sindical-por-trabajadores-del-hospital\\\/#primaryimage\",\"url\":\"https:\\\/\\\/noticiasmercedinas.com\\\/site\\\/wp-content\\\/uploads\\\/2019\\\/04\\\/Hospital-Blas-Dubarry.jpg\",\"contentUrl\":\"https:\\\/\\\/noticiasmercedinas.com\\\/site\\\/wp-content\\\/uploads\\\/2019\\\/04\\\/Hospital-Blas-Dubarry.jpg\",\"width\":512,\"height\":318},{\"@type\":\"BreadcrumbList\",\"@id\":\"https:\\\/\\\/noticiasmercedinas.com\\\/site\\\/2019\\\/04\\\/17\\\/preocupacion-de-mesa-sindical-por-trabajadores-del-hospital\\\/#breadcrumb\",\"itemListElement\":[{\"@type\":\"ListItem\",\"position\":1,\"name\":\"Portada\",\"item\":\"https:\\\/\\\/noticiasmercedinas.com\\\/site\\\/\"},{\"@type\":\"ListItem\",\"position\":2,\"name\":\"Preocupaci\u00f3n de Mesa Sindical por trabajadores del Hospital\"}]},{\"@type\":\"WebSite\",\"@id\":\"https:\\\/\\\/noticiasmercedinas.com\\\/site\\\/#website\",\"url\":\"https:\\\/\\\/noticiasmercedinas.com\\\/site\\\/\",\"name\":\"NOTICIASMERCEDINAS.COM\",\"description\":\"Mercedes, Buenos Aires, Argentina\",\"publisher\":{\"@id\":\"https:\\\/\\\/noticiasmercedinas.com\\\/site\\\/#organization\"},\"potentialAction\":[{\"@type\":\"SearchAction\",\"target\":{\"@type\":\"EntryPoint\",\"urlTemplate\":\"https:\\\/\\\/noticiasmercedinas.com\\\/site\\\/?s={search_term_string}\"},\"query-input\":{\"@type\":\"PropertyValueSpecification\",\"valueRequired\":true,\"valueName\":\"search_term_string\"}}],\"inLanguage\":\"es\"},{\"@type\":\"Organization\",\"@id\":\"https:\\\/\\\/noticiasmercedinas.com\\\/site\\\/#organization\",\"name\":\"NOTICIASMERCEDINAS.COM\",\"url\":\"https:\\\/\\\/noticiasmercedinas.com\\\/site\\\/\",\"logo\":{\"@type\":\"ImageObject\",\"inLanguage\":\"es\",\"@id\":\"https:\\\/\\\/noticiasmercedinas.com\\\/site\\\/#\\\/schema\\\/logo\\\/image\\\/\",\"url\":\"https:\\\/\\\/noticiasmercedinas.com\\\/site\\\/wp-content\\\/uploads\\\/2020\\\/06\\\/LOGO-512.jpg\",\"contentUrl\":\"https:\\\/\\\/noticiasmercedinas.com\\\/site\\\/wp-content\\\/uploads\\\/2020\\\/06\\\/LOGO-512.jpg\",\"width\":512,\"height\":512,\"caption\":\"NOTICIASMERCEDINAS.COM\"},\"image\":{\"@id\":\"https:\\\/\\\/noticiasmercedinas.com\\\/site\\\/#\\\/schema\\\/logo\\\/image\\\/\"},\"sameAs\":[\"https:\\\/\\\/www.facebook.com\\\/noticiasmercedinas\\\/\",\"https:\\\/\\\/x.com\\\/notmercedinas\",\"https:\\\/\\\/www.instagram.com\\\/noticiasmercedinas\\\/\"]},{\"@type\":\"Person\",\"@id\":\"https:\\\/\\\/noticiasmercedinas.com\\\/site\\\/#\\\/schema\\\/person\\\/d481a9696a5feaec13a60e2bbd991a6a\",\"name\":\"Cristian Falabella NOTICIASMERCEDINAS.COM\",\"image\":{\"@type\":\"ImageObject\",\"inLanguage\":\"es\",\"@id\":\"https:\\\/\\\/secure.gravatar.com\\\/avatar\\\/0dbbfc45970cc46bcd0e57766228574ff3511d6eed045b182f536f0f478c1f06?s=96&d=mm&r=g\",\"url\":\"https:\\\/\\\/secure.gravatar.com\\\/avatar\\\/0dbbfc45970cc46bcd0e57766228574ff3511d6eed045b182f536f0f478c1f06?s=96&d=mm&r=g\",\"contentUrl\":\"https:\\\/\\\/secure.gravatar.com\\\/avatar\\\/0dbbfc45970cc46bcd0e57766228574ff3511d6eed045b182f536f0f478c1f06?s=96&d=mm&r=g\",\"caption\":\"Cristian Falabella NOTICIASMERCEDINAS.COM\"},\"description\":\"Periodista, editor de Noticias Mercedinas. Pas\u00f3 por varias redacciones y emprendimientos de prensa, en distintos formatos y \u00e9pocas. Se especializ\u00f3 --y sigue haci\u00e9ndolo-- en comunicaci\u00f3n en la web y en junio de 2006 fund\u00f3 este diario digital.\",\"sameAs\":[\"https:\\\/\\\/noticiasmercedinas.com\",\"https:\\\/\\\/www.facebook.com\\\/cristian.falabella\",\"https:\\\/\\\/www.instagram.com\\\/noticiasmercedinas\\\/\",\"https:\\\/\\\/x.com\\\/https:\\\/\\\/twitter.com\\\/NOTMERCEDINAS\"],\"url\":\"https:\\\/\\\/noticiasmercedinas.com\\\/site\\\/author\\\/as000384\\\/\"}]}<\/script>\n<!-- \/ Yoast SEO plugin. -->","yoast_head_json":{"title":"Preocupaci\u00f3n de Mesa Sindical por trabajadores del Hospital","robots":{"index":"index","follow":"follow","max-snippet":"max-snippet:-1","max-image-preview":"max-image-preview:large","max-video-preview":"max-video-preview:-1"},"canonical":"https:\/\/noticiasmercedinas.com\/site\/2019\/04\/17\/preocupacion-de-mesa-sindical-por-trabajadores-del-hospital\/","og_locale":"es_ES","og_type":"article","og_title":"Preocupaci\u00f3n de Mesa Sindical por trabajadores del Hospital","og_description":"Desde la Mesa Sindical expresaron a los medios su inquietud por la situaci\u00f3n de los trabajadores del Hospital manifiestan su \u201cpreocupaci\u00f3n por la baja recaudaci\u00f3n del S.A.M.O\u201d. \u201cNuestro fin es poder mejorar la actual situaci\u00f3n que llena de incertidumbre y angustia a toda la familia hospitalaria\u201d, indicaron los empleados del Dubarry tras las reuniones realizadas. [&hellip;]","og_url":"https:\/\/noticiasmercedinas.com\/site\/2019\/04\/17\/preocupacion-de-mesa-sindical-por-trabajadores-del-hospital\/","og_site_name":"NOTICIASMERCEDINAS.COM","article_publisher":"https:\/\/www.facebook.com\/noticiasmercedinas\/","article_author":"https:\/\/www.facebook.com\/cristian.falabella","article_published_time":"2019-04-17T19:54:06+00:00","article_modified_time":"2019-04-17T20:03:37+00:00","og_image":[{"width":512,"height":318,"url":"https:\/\/noticiasmercedinas.com\/site\/wp-content\/uploads\/2019\/04\/Hospital-Blas-Dubarry.jpg","type":"image\/jpeg"}],"author":"Cristian Falabella NOTICIASMERCEDINAS.COM","twitter_card":"summary_large_image","twitter_creator":"@https:\/\/twitter.com\/NOTMERCEDINAS","twitter_site":"@notmercedinas","twitter_misc":{"Escrito por":"Cristian Falabella NOTICIASMERCEDINAS.COM","Tiempo de lectura":"2 minutos"},"schema":{"@context":"https:\/\/schema.org","@graph":[{"@type":"Article","@id":"https:\/\/noticiasmercedinas.com\/site\/2019\/04\/17\/preocupacion-de-mesa-sindical-por-trabajadores-del-hospital\/#article","isPartOf":{"@id":"https:\/\/noticiasmercedinas.com\/site\/2019\/04\/17\/preocupacion-de-mesa-sindical-por-trabajadores-del-hospital\/"},"author":{"name":"Cristian Falabella NOTICIASMERCEDINAS.COM","@id":"https:\/\/noticiasmercedinas.com\/site\/#\/schema\/person\/d481a9696a5feaec13a60e2bbd991a6a"},"headline":"Preocupaci\u00f3n de Mesa Sindical por trabajadores del Hospital","datePublished":"2019-04-17T19:54:06+00:00","dateModified":"2019-04-17T20:03:37+00:00","mainEntityOfPage":{"@id":"https:\/\/noticiasmercedinas.com\/site\/2019\/04\/17\/preocupacion-de-mesa-sindical-por-trabajadores-del-hospital\/"},"wordCount":380,"commentCount":0,"publisher":{"@id":"https:\/\/noticiasmercedinas.com\/site\/#organization"},"image":{"@id":"https:\/\/noticiasmercedinas.com\/site\/2019\/04\/17\/preocupacion-de-mesa-sindical-por-trabajadores-del-hospital\/#primaryimage"},"thumbnailUrl":"https:\/\/noticiasmercedinas.com\/site\/wp-content\/uploads\/2019\/04\/Hospital-Blas-Dubarry.jpg","keywords":["hospital","hospital dubarry","mesa sindical","samo","trabajadores"],"articleSection":["Sociedad"],"inLanguage":"es","potentialAction":[{"@type":"CommentAction","name":"Comment","target":["https:\/\/noticiasmercedinas.com\/site\/2019\/04\/17\/preocupacion-de-mesa-sindical-por-trabajadores-del-hospital\/#respond"]}]},{"@type":"WebPage","@id":"https:\/\/noticiasmercedinas.com\/site\/2019\/04\/17\/preocupacion-de-mesa-sindical-por-trabajadores-del-hospital\/","url":"https:\/\/noticiasmercedinas.com\/site\/2019\/04\/17\/preocupacion-de-mesa-sindical-por-trabajadores-del-hospital\/","name":"Preocupaci\u00f3n de Mesa Sindical por trabajadores del Hospital","isPartOf":{"@id":"https:\/\/noticiasmercedinas.com\/site\/#website"},"primaryImageOfPage":{"@id":"https:\/\/noticiasmercedinas.com\/site\/2019\/04\/17\/preocupacion-de-mesa-sindical-por-trabajadores-del-hospital\/#primaryimage"},"image":{"@id":"https:\/\/noticiasmercedinas.com\/site\/2019\/04\/17\/preocupacion-de-mesa-sindical-por-trabajadores-del-hospital\/#primaryimage"},"thumbnailUrl":"https:\/\/noticiasmercedinas.com\/site\/wp-content\/uploads\/2019\/04\/Hospital-Blas-Dubarry.jpg","datePublished":"2019-04-17T19:54:06+00:00","dateModified":"2019-04-17T20:03:37+00:00","breadcrumb":{"@id":"https:\/\/noticiasmercedinas.com\/site\/2019\/04\/17\/preocupacion-de-mesa-sindical-por-trabajadores-del-hospital\/#breadcrumb"},"inLanguage":"es","potentialAction":[{"@type":"ReadAction","target":["https:\/\/noticiasmercedinas.com\/site\/2019\/04\/17\/preocupacion-de-mesa-sindical-por-trabajadores-del-hospital\/"]}]},{"@type":"ImageObject","inLanguage":"es","@id":"https:\/\/noticiasmercedinas.com\/site\/2019\/04\/17\/preocupacion-de-mesa-sindical-por-trabajadores-del-hospital\/#primaryimage","url":"https:\/\/noticiasmercedinas.com\/site\/wp-content\/uploads\/2019\/04\/Hospital-Blas-Dubarry.jpg","contentUrl":"https:\/\/noticiasmercedinas.com\/site\/wp-content\/uploads\/2019\/04\/Hospital-Blas-Dubarry.jpg","width":512,"height":318},{"@type":"BreadcrumbList","@id":"https:\/\/noticiasmercedinas.com\/site\/2019\/04\/17\/preocupacion-de-mesa-sindical-por-trabajadores-del-hospital\/#breadcrumb","itemListElement":[{"@type":"ListItem","position":1,"name":"Portada","item":"https:\/\/noticiasmercedinas.com\/site\/"},{"@type":"ListItem","position":2,"name":"Preocupaci\u00f3n de Mesa Sindical por trabajadores del Hospital"}]},{"@type":"WebSite","@id":"https:\/\/noticiasmercedinas.com\/site\/#website","url":"https:\/\/noticiasmercedinas.com\/site\/","name":"NOTICIASMERCEDINAS.COM","description":"Mercedes, Buenos Aires, Argentina","publisher":{"@id":"https:\/\/noticiasmercedinas.com\/site\/#organization"},"potentialAction":[{"@type":"SearchAction","target":{"@type":"EntryPoint","urlTemplate":"https:\/\/noticiasmercedinas.com\/site\/?s={search_term_string}"},"query-input":{"@type":"PropertyValueSpecification","valueRequired":true,"valueName":"search_term_string"}}],"inLanguage":"es"},{"@type":"Organization","@id":"https:\/\/noticiasmercedinas.com\/site\/#organization","name":"NOTICIASMERCEDINAS.COM","url":"https:\/\/noticiasmercedinas.com\/site\/","logo":{"@type":"ImageObject","inLanguage":"es","@id":"https:\/\/noticiasmercedinas.com\/site\/#\/schema\/logo\/image\/","url":"https:\/\/noticiasmercedinas.com\/site\/wp-content\/uploads\/2020\/06\/LOGO-512.jpg","contentUrl":"https:\/\/noticiasmercedinas.com\/site\/wp-content\/uploads\/2020\/06\/LOGO-512.jpg","width":512,"height":512,"caption":"NOTICIASMERCEDINAS.COM"},"image":{"@id":"https:\/\/noticiasmercedinas.com\/site\/#\/schema\/logo\/image\/"},"sameAs":["https:\/\/www.facebook.com\/noticiasmercedinas\/","https:\/\/x.com\/notmercedinas","https:\/\/www.instagram.com\/noticiasmercedinas\/"]},{"@type":"Person","@id":"https:\/\/noticiasmercedinas.com\/site\/#\/schema\/person\/d481a9696a5feaec13a60e2bbd991a6a","name":"Cristian Falabella NOTICIASMERCEDINAS.COM","image":{"@type":"ImageObject","inLanguage":"es","@id":"https:\/\/secure.gravatar.com\/avatar\/0dbbfc45970cc46bcd0e57766228574ff3511d6eed045b182f536f0f478c1f06?s=96&d=mm&r=g","url":"https:\/\/secure.gravatar.com\/avatar\/0dbbfc45970cc46bcd0e57766228574ff3511d6eed045b182f536f0f478c1f06?s=96&d=mm&r=g","contentUrl":"https:\/\/secure.gravatar.com\/avatar\/0dbbfc45970cc46bcd0e57766228574ff3511d6eed045b182f536f0f478c1f06?s=96&d=mm&r=g","caption":"Cristian Falabella NOTICIASMERCEDINAS.COM"},"description":"Periodista, editor de Noticias Mercedinas. Pas\u00f3 por varias redacciones y emprendimientos de prensa, en distintos formatos y \u00e9pocas. Se especializ\u00f3 --y sigue haci\u00e9ndolo-- en comunicaci\u00f3n en la web y en junio de 2006 fund\u00f3 este diario digital.","sameAs":["https:\/\/noticiasmercedinas.com","https:\/\/www.facebook.com\/cristian.falabella","https:\/\/www.instagram.com\/noticiasmercedinas\/","https:\/\/x.com\/https:\/\/twitter.com\/NOTMERCEDINAS"],"url":"https:\/\/noticiasmercedinas.com\/site\/author\/as000384\/"}]}},"amp_enabled":true,"_links":{"self":[{"href":"https:\/\/noticiasmercedinas.com\/site\/wp-json\/wp\/v2\/posts\/16855","targetHints":{"allow":["GET"]}}],"collection":[{"href":"https:\/\/noticiasmercedinas.com\/site\/wp-json\/wp\/v2\/posts"}],"about":[{"href":"https:\/\/noticiasmercedinas.com\/site\/wp-json\/wp\/v2\/types\/post"}],"author":[{"embeddable":true,"href":"https:\/\/noticiasmercedinas.com\/site\/wp-json\/wp\/v2\/users\/2"}],"replies":[{"embeddable":true,"href":"https:\/\/noticiasmercedinas.com\/site\/wp-json\/wp\/v2\/comments?post=16855"}],"version-history":[{"count":2,"href":"https:\/\/noticiasmercedinas.com\/site\/wp-json\/wp\/v2\/posts\/16855\/revisions"}],"predecessor-version":[{"id":16857,"href":"https:\/\/noticiasmercedinas.com\/site\/wp-json\/wp\/v2\/posts\/16855\/revisions\/16857"}],"wp:featuredmedia":[{"embeddable":true,"href":"https:\/\/noticiasmercedinas.com\/site\/wp-json\/wp\/v2\/media\/16854"}],"wp:attachment":[{"href":"https:\/\/noticiasmercedinas.com\/site\/wp-json\/wp\/v2\/media?parent=16855"}],"wp:term":[{"taxonomy":"category","embeddable":true,"href":"https:\/\/noticiasmercedinas.com\/site\/wp-json\/wp\/v2\/categories?post=16855"},{"taxonomy":"post_tag","embeddable":true,"href":"https:\/\/noticiasmercedinas.com\/site\/wp-json\/wp\/v2\/tags?post=16855"}],"curies":[{"name":"wp","href":"https:\/\/api.w.org\/{rel}","templated":true}]}}